{"id":82194,"date":"2025-09-08T15:25:18","date_gmt":"2025-09-08T15:25:18","guid":{"rendered":"https:\/\/www.cofb.org\/?p=82194"},"modified":"2025-12-04T16:38:12","modified_gmt":"2025-12-04T16:38:12","slug":"publicada-la-memoria-del-cofb-que-ha-estat-el-mes-rellevant-de-lany-2024","status":"publish","type":"post","link":"https:\/\/www.cofb.org\/ca\/2025\/09\/08\/publicada-la-memoria-del-cofb-que-ha-estat-el-mes-rellevant-de-lany-2024\/","title":{"rendered":"Publicada la mem\u00f2ria del COFB: qu\u00e8 ha estat el m\u00e9s rellevant de l\u2019any 2024?"},"content":{"rendered":"\n<p>L\u2019any 2024 el Col\u00b7legi de Farmac\u00e8utics de Barcelona (COFB) ha dut a terme una gran <strong>quantitat d\u2019iniciatives en diferents \u00e0mbits<\/strong>, demostrant el seu lligam amb la societat i enfortint el seu <strong>comprom\u00eds amb la salut de les persones<\/strong>. Alhora, s\u2019ha viscut el relleu a la direcci\u00f3 del Col\u00b7legi, amb la <strong>presa de possessi\u00f3 d\u2019una nova Junta<\/strong> que s\u2019ha apropat al territori per explicar el dia a dia de <strong>la professi\u00f3 als col\u00b7legiats<\/strong>, permetent intercanviar punts de vista i experi\u00e8ncies.<\/p>\n\n\n\n<p><strong>Qu\u00e8 ha estat el m\u00e9s rellevant de l\u2019any 2024<\/strong>? Us convidem a fer un rep\u00e0s de l\u2019any a trav\u00e9s de la<a href=\"https:\/\/www.cofb.org\/fitxers\/memoria-COFB-2024\/\" target=\"_blank\" rel=\"noreferrer noopener\"> <strong>Mem\u00f2ria del COFB<\/strong><\/a> i del <strong><a href=\"https:\/\/cdn.knightlab.com\/libs\/timeline3\/latest\/embed\/index.html?source=v2%3A2PACX-1vTc0FljOx2ia3vV9tqoxGm8Y2ZqNw4KBvGufLZEEUjQ-RRvk9qOb8-7hTsTt6VrxwXTMWh3c1rEF8aI&amp;font=Default&amp;lang=ca&amp;initial_zoom=3&amp;width=100%25&amp;height=650\" target=\"_blank\" rel=\"noreferrer noopener\"><em>timeline<\/em> <\/a>interactiu<\/strong>.<\/p>\n\n\n\n<figure class=\"wp-block-image aligncenter size-full is-resized\"><a href=\"https:\/\/www.cofb.org\/fitxers\/memoria-COFB-2024\/\" target=\"_blank\" rel=\" noreferrer noopener\"><img fetchpriority=\"high\" decoding=\"async\" width=\"635\" height=\"777\" src=\"https:\/\/www.cofb.org\/wp-content\/uploads\/2025\/09\/image.png\" alt=\"Mem\u00f2ria 2024 del COFB\" class=\"wp-image-82195\" style=\"width:635px;height:auto\" srcset=\"https:\/\/www.cofb.org\/wp-content\/uploads\/2025\/09\/image.png 635w, https:\/\/www.cofb.org\/wp-content\/uploads\/2025\/09\/image-245x300.png 245w, https:\/\/www.cofb.org\/wp-content\/uploads\/2025\/09\/image-10x12.png 10w\" sizes=\"(max-width: 635px) 100vw, 635px\" \/><\/a><figcaption class=\"wp-element-caption\">Cliqueu a la imatge per accedir a la Mem\u00f2ria del COFB 2024.<\/figcaption><\/figure>\n\n\n\n<h2 class=\"wp-block-heading\">Els projectes de l\u2019any 2024<\/h2>\n\n\n\n<p>Pel que fa a l\u2019activitat professional, una de les fites principals de l\u2019any ha estat la posada en marxa<strong> de dos projectes<\/strong> de gran envergadura. Un d\u2019ells \u00e9s \u201c<strong>La meva regla, les meves regles<\/strong>\u201d, que t\u00e9 com a objectiu la <strong>dispensaci\u00f3 universal i gratu\u00efta<\/strong> de productes menstruals reutilitzables a les farm\u00e0cies de Catalunya. L\u2019altra iniciativa \u00e9s \u201c<strong>Jo t\u2019ajudo a respirar, tu m\u2019ajudes a reciclar<\/strong>\u201d, que ha perm\u00e8s fomentar l\u2019\u00fas correcte i racional dels inhaladors i s\u2019ha conscienciat a la poblaci\u00f3 sobre la import\u00e0ncia de reciclar-los.<\/p>\n\n\n\n<p>Un altre fet rellevant d\u2019aquest 2024 ha estat que les <strong>farm\u00e0cies catalanes<\/strong> han participat per primera vegada en la <strong>campanya de vacunaci\u00f3 contra la grip<\/strong> i la <strong>Covid-19<\/strong>. Aix\u00ed mateix, a trav\u00e9s de la campanya &nbsp;\u201c<strong>M\u00e0nigues amunt<\/strong>\u201d, s\u2019ha fomentat el <strong>registre assistencial de la pressi\u00f3 arterial<\/strong> a la farm\u00e0cia comunit\u00e0ria a trav\u00e9s de <strong>Farmaserveis<\/strong>.<\/p>\n\n\n\n<h2 class=\"wp-block-heading\">M\u00e9s de 31.000 inscripcions a les activitats formatives<\/h2>\n\n\n\n<p>En relaci\u00f3 amb la formaci\u00f3 continuada, s\u2019han executat <strong>230 activitats formatives<\/strong> amb m\u00e9s de <strong>31.000 inscripcions<\/strong>. Per altra banda, <strong>gaireb\u00e9 el 50% de les activitats han estat gratu\u00eftes<\/strong> i s\u2019han beneficiat m\u00e9s de <strong>17.000 alumnes<\/strong>. Una altra de les novetats \u00e9s que s\u2019han fet <strong>formacions a diferents localitats <\/strong>de la prov\u00edncia per fer-les <strong>m\u00e9s accessibles<\/strong>.<\/p>\n\n\n\n<h2 class=\"wp-block-heading\">Activitat institucional m\u00e9s destacada<\/h2>\n\n\n\n<p>En l\u2019\u00e0mbit institucional, destaca la <strong>distinci\u00f3 com a instituci\u00f3 centen\u00e0ria<\/strong> que ha rebut el COFB per part de <strong>l\u2019Ajuntament de Barcelona.<\/strong><\/p>\n\n\n\n<p>Tamb\u00e9 s<strong>\u2019ha treballat conjuntament amb diferents entitats i s\u2019ha impulsat la col\u00b7laboraci\u00f3 entre \u00e0mbits d&#8217;exercici per enfortir la professi\u00f3. <\/strong>Algunes de les entitats han estat el Departament de Salut, el Departament d&#8217;Igualtat i Feminisme, el Consell Assessor de Salut P\u00fablica, el Cercle de Salut i la Cambra de Comer\u00e7.<\/p>\n\n\n\n<p>La Mem\u00f2ria de 2024 tamb\u00e9 recull la celebraci\u00f3 <strong>d\u2019Infarma Madrid 2024<\/strong>, la <strong>resoluci\u00f3 de 2024-2025 de Beques i Premis del COFB<\/strong>, aix\u00ed com <strong>l\u2019acci\u00f3 social<\/strong> de la poblaci\u00f3, impulsant accions com la <strong>donaci\u00f3 de sang<\/strong> en el marc del Dia Mundial del Farmac\u00e8utic.<\/p>\n\n\n\n<div class=\"destacat-blog\">\n\n\n\n<h2 class=\"wp-block-heading\">El <em>timeline <\/em>interactiu de la mem\u00f2ria del COFB<\/h2>\n\n\n<p><iframe src=\"https:\/\/cdn.knightlab.com\/libs\/timeline3\/latest\/embed\/index.html?source=v2%3A2PACX-1vTc0FljOx2ia3vV9tqoxGm8Y2ZqNw4KBvGufLZEEUjQ-RRvk9qOb8-7hTsTt6VrxwXTMWh3c1rEF8aI&#038;font=Default&#038;lang=ca&#038;initial_zoom=3&#038;width=100%25&#038;height=650\" width=\"100%\" height=\"650\" frameborder=\"0\" scrolling=\"no\" allowfullscreen=\"allowfullscreen\"><\/iframe><\/p>\n\n\n<p><\/p>\n\n\n\n<p><\/p>\n\n\n\n<\/div>\n","protected":false},"excerpt":{"rendered":"<p>L\u2019any 2024 el Col\u00b7legi de Farmac\u00e8utics de Barcelona (COFB) ha dut a terme una gran quantitat d\u2019iniciatives en diferents \u00e0mbits, demostrant el seu lligam amb la societat i enfortint el seu comprom\u00eds amb la salut de les persones. Alhora, s\u2019ha viscut el relleu a la direcci\u00f3 del Col\u00b7legi, amb la [&hellip;]<\/p>\n","protected":false},"author":10,"featured_media":82211,"comment_status":"closed","ping_status":"closed","sticky":false,"template":"","format":"standard","meta":{"_uag_custom_page_level_css":"","site-sidebar-layout":"default","site-content-layout":"","ast-site-content-layout":"default","site-content-style":"default","site-sidebar-style":"default","ast-global-header-display":"","ast-banner-title-visibility":"","ast-main-header-display":"","ast-hfb-above-header-display":"","ast-hfb-below-header-display":"","ast-hfb-mobile-header-display":"","site-post-title":"","ast-breadcrumbs-content":"","ast-featured-img":"disabled","footer-sml-layout":"","theme-transparent-header-meta":"","adv-header-id-meta":"","stick-header-meta":"","header-above-stick-meta":"","header-main-stick-meta":"","header-below-stick-meta":"","astra-migrate-meta-layouts":"set","ast-page-background-enabled":"default","ast-page-background-meta":{"desktop":{"background-color":"var(--ast-global-color-4)","background-image":"","background-repeat":"repeat","background-position":"center center","background-size":"auto","background-attachment":"scroll","background-type":"","background-media":"","overlay-type":"","overlay-color":"","overlay-opacity":"","overlay-gradient":""},"tablet":{"background-color":"","background-image":"","background-repeat":"repeat","background-position":"center center","background-size":"auto","background-attachment":"scroll","background-type":"","background-media":"","overlay-type":"","overlay-color":"","overlay-opacity":"","overlay-gradient":""},"mobile":{"background-color":"","background-image":"","background-repeat":"repeat","background-position":"center center","background-size":"auto","background-attachment":"scroll","background-type":"","background-media":"","overlay-type":"","overlay-color":"","overlay-opacity":"","overlay-gradient":""}},"ast-content-background-meta":{"desktop":{"background-color":"var(--ast-global-color-5)","background-image":"","background-repeat":"repeat","background-position":"center center","background-size":"auto","background-attachment":"scroll","background-type":"","background-media":"","overlay-type":"","overlay-color":"","overlay-opacity":"","overlay-gradient":""},"tablet":{"background-color":"var(--ast-global-color-5)","background-image":"","background-repeat":"repeat","background-position":"center center","background-size":"auto","background-attachment":"scroll","background-type":"","background-media":"","overlay-type":"","overlay-color":"","overlay-opacity":"","overlay-gradient":""},"mobile":{"background-color":"var(--ast-global-color-5)","background-image":"","background-repeat":"repeat","background-position":"center center","background-size":"auto","background-attachment":"scroll","background-type":"","background-media":"","overlay-type":"","overlay-color":"","overlay-opacity":"","overlay-gradient":""}},"footnotes":""},"categories":[23,57],"tags":[64,5099,355,18,19,970,4668,70,300,4897,4934,418,4203,778,436,5097],"class_list":["post-82194","post","type-post","status-publish","format-standard","has-post-thumbnail","hentry","category-destacats","category-mon-collegial","tag-atencio-farmaceutica","tag-beques-cofb","tag-beques-i-premis","tag-cofb","tag-collegi-de-farmaceutics-de-barcelona","tag-diada-del-farmaceutic","tag-farmacia-comunitaria-2","tag-formacio","tag-formacio-continuada","tag-infarma-2024","tag-iniciatives","tag-junta-de-govern-del-cofb","tag-president-cofb","tag-projectes","tag-serveis","tag-timeline-interactiu"],"yoast_head":"<!-- This site is optimized with the Yoast SEO plugin v22.4 - https:\/\/yoast.com\/wordpress\/plugins\/seo\/ -->\n<title>Publicada la mem\u00f2ria del COFB: qu\u00e8 ha estat el m\u00e9s rellevant de l\u2019any 2024? - Col\u00b7legi de Farmac\u00e8utics de Barcelona<\/title>\n<meta name=\"description\" content=\"L\u2019any 2024 ha estat un any en qu\u00e8 el COFB seguit demostrant el seu lligam amb la societat i enfortint el seu comprom\u00eds amb la salut.\" \/>\n<meta name=\"robots\" content=\"index, follow, max-snippet:-1, max-image-preview:large, max-video-preview:-1\" \/>\n<link rel=\"canonical\" href=\"https:\/\/www.cofb.org\/ca\/2025\/09\/08\/publicada-la-memoria-del-cofb-que-ha-estat-el-mes-rellevant-de-lany-2024\/\" \/>\n<meta property=\"og:locale\" content=\"ca_ES\" \/>\n<meta property=\"og:type\" content=\"article\" \/>\n<meta property=\"og:title\" content=\"Publicada la mem\u00f2ria del COFB: qu\u00e8 ha estat el m\u00e9s rellevant de l\u2019any 2024? - Col\u00b7legi de Farmac\u00e8utics de Barcelona\" \/>\n<meta property=\"og:description\" content=\"L\u2019any 2024 ha estat un any en qu\u00e8 el COFB seguit demostrant el seu lligam amb la societat i enfortint el seu comprom\u00eds amb la salut.\" \/>\n<meta property=\"og:url\" content=\"https:\/\/www.cofb.org\/ca\/2025\/09\/08\/publicada-la-memoria-del-cofb-que-ha-estat-el-mes-rellevant-de-lany-2024\/\" \/>\n<meta property=\"og:site_name\" content=\"Col\u00b7legi de Farmac\u00e8utics de Barcelona\" \/>\n<meta property=\"article:publisher\" content=\"https:\/\/www.facebook.com\/farmaceuticsbcn\/\" \/>\n<meta property=\"article:published_time\" content=\"2025-09-08T15:25:18+00:00\" \/>\n<meta property=\"article:modified_time\" content=\"2025-12-04T16:38:12+00:00\" \/>\n<meta property=\"og:image\" content=\"https:\/\/www.cofb.org\/wp-content\/uploads\/2025\/09\/Foto-portada-memoria-2024.jpg\" \/>\n\t<meta property=\"og:image:width\" content=\"1170\" \/>\n\t<meta property=\"og:image:height\" content=\"580\" \/>\n\t<meta property=\"og:image:type\" content=\"image\/jpeg\" \/>\n<meta name=\"author\" content=\"Xavier Magraner\" \/>\n<meta name=\"twitter:card\" content=\"summary_large_image\" \/>\n<meta name=\"twitter:creator\" content=\"@farmaceuticsbcn\" \/>\n<meta name=\"twitter:site\" content=\"@farmaceuticsbcn\" \/>\n<meta name=\"twitter:label1\" content=\"Escrit per\" \/>\n\t<meta name=\"twitter:data1\" content=\"Xavier Magraner\" \/>\n\t<meta name=\"twitter:label2\" content=\"Temps estimat de lectura\" \/>\n\t<meta name=\"twitter:data2\" content=\"3 minuts\" \/>\n<script type=\"application\/ld+json\" class=\"yoast-schema-graph\">{\"@context\":\"https:\/\/schema.org\",\"@graph\":[{\"@type\":\"Article\",\"@id\":\"https:\/\/www.cofb.org\/2025\/09\/08\/publicada-la-memoria-del-cofb-que-ha-estat-el-mes-rellevant-de-lany-2024\/#article\",\"isPartOf\":{\"@id\":\"https:\/\/www.cofb.org\/2025\/09\/08\/publicada-la-memoria-del-cofb-que-ha-estat-el-mes-rellevant-de-lany-2024\/\"},\"author\":{\"name\":\"Xavier Magraner\",\"@id\":\"https:\/\/www.cofb.org\/#\/schema\/person\/e46d741cfb92c985a083d163d8270ae4\"},\"headline\":\"Publicada la mem\u00f2ria del COFB: qu\u00e8 ha estat el m\u00e9s rellevant de l\u2019any 2024?\",\"datePublished\":\"2025-09-08T15:25:18+00:00\",\"dateModified\":\"2025-12-04T16:38:12+00:00\",\"mainEntityOfPage\":{\"@id\":\"https:\/\/www.cofb.org\/2025\/09\/08\/publicada-la-memoria-del-cofb-que-ha-estat-el-mes-rellevant-de-lany-2024\/\"},\"wordCount\":519,\"publisher\":{\"@id\":\"https:\/\/www.cofb.org\/#organization\"},\"image\":{\"@id\":\"https:\/\/www.cofb.org\/2025\/09\/08\/publicada-la-memoria-del-cofb-que-ha-estat-el-mes-rellevant-de-lany-2024\/#primaryimage\"},\"thumbnailUrl\":\"https:\/\/www.cofb.org\/wp-content\/uploads\/2025\/09\/Foto-portada-memoria-2024.jpg\",\"keywords\":[\"Atenci\u00f3 farmac\u00e8utica\",\"Beques COFB\",\"beques i premis\",\"COFB\",\"Col\u00b7legi de Farmac\u00e8utics de Barcelona\",\"Diada del Farmac\u00e8utic\",\"farm\u00e0cia comunitaria\",\"Formaci\u00f3\",\"formaci\u00f3 continuada\",\"Infarma 2024\",\"iniciatives\",\"Junta de Govern del COFB\",\"president COFB\",\"projectes\",\"serveis\",\"Timeline interactiu\"],\"articleSection\":[\"Destacats\",\"M\u00f3n col\u00b7legial\"],\"inLanguage\":\"ca\"},{\"@type\":\"WebPage\",\"@id\":\"https:\/\/www.cofb.org\/2025\/09\/08\/publicada-la-memoria-del-cofb-que-ha-estat-el-mes-rellevant-de-lany-2024\/\",\"url\":\"https:\/\/www.cofb.org\/2025\/09\/08\/publicada-la-memoria-del-cofb-que-ha-estat-el-mes-rellevant-de-lany-2024\/\",\"name\":\"Publicada la mem\u00f2ria del COFB: qu\u00e8 ha estat el m\u00e9s rellevant de l\u2019any 2024? - Col\u00b7legi de Farmac\u00e8utics de Barcelona\",\"isPartOf\":{\"@id\":\"https:\/\/www.cofb.org\/#website\"},\"primaryImageOfPage\":{\"@id\":\"https:\/\/www.cofb.org\/2025\/09\/08\/publicada-la-memoria-del-cofb-que-ha-estat-el-mes-rellevant-de-lany-2024\/#primaryimage\"},\"image\":{\"@id\":\"https:\/\/www.cofb.org\/2025\/09\/08\/publicada-la-memoria-del-cofb-que-ha-estat-el-mes-rellevant-de-lany-2024\/#primaryimage\"},\"thumbnailUrl\":\"https:\/\/www.cofb.org\/wp-content\/uploads\/2025\/09\/Foto-portada-memoria-2024.jpg\",\"datePublished\":\"2025-09-08T15:25:18+00:00\",\"dateModified\":\"2025-12-04T16:38:12+00:00\",\"description\":\"L\u2019any 2024 ha estat un any en qu\u00e8 el COFB seguit demostrant el seu lligam amb la societat i enfortint el seu comprom\u00eds amb la salut.\",\"breadcrumb\":{\"@id\":\"https:\/\/www.cofb.org\/2025\/09\/08\/publicada-la-memoria-del-cofb-que-ha-estat-el-mes-rellevant-de-lany-2024\/#breadcrumb\"},\"inLanguage\":\"ca\",\"potentialAction\":[{\"@type\":\"ReadAction\",\"target\":[\"https:\/\/www.cofb.org\/2025\/09\/08\/publicada-la-memoria-del-cofb-que-ha-estat-el-mes-rellevant-de-lany-2024\/\"]}]},{\"@type\":\"ImageObject\",\"inLanguage\":\"ca\",\"@id\":\"https:\/\/www.cofb.org\/2025\/09\/08\/publicada-la-memoria-del-cofb-que-ha-estat-el-mes-rellevant-de-lany-2024\/#primaryimage\",\"url\":\"https:\/\/www.cofb.org\/wp-content\/uploads\/2025\/09\/Foto-portada-memoria-2024.jpg\",\"contentUrl\":\"https:\/\/www.cofb.org\/wp-content\/uploads\/2025\/09\/Foto-portada-memoria-2024.jpg\",\"width\":1170,\"height\":580},{\"@type\":\"BreadcrumbList\",\"@id\":\"https:\/\/www.cofb.org\/2025\/09\/08\/publicada-la-memoria-del-cofb-que-ha-estat-el-mes-rellevant-de-lany-2024\/#breadcrumb\",\"itemListElement\":[{\"@type\":\"ListItem\",\"position\":1,\"name\":\"Inici\",\"item\":\"https:\/\/novaorg.cofb.net\/\"},{\"@type\":\"ListItem\",\"position\":2,\"name\":\"Publicada la mem\u00f2ria del COFB: qu\u00e8 ha estat el m\u00e9s rellevant de l\u2019any 2024?\"}]},{\"@type\":\"WebSite\",\"@id\":\"https:\/\/www.cofb.org\/#website\",\"url\":\"https:\/\/www.cofb.org\/\",\"name\":\"Col\u00b7legi de Farmac\u00e8utics de Barcelona\",\"description\":\"\",\"publisher\":{\"@id\":\"https:\/\/www.cofb.org\/#organization\"},\"potentialAction\":[{\"@type\":\"SearchAction\",\"target\":{\"@type\":\"EntryPoint\",\"urlTemplate\":\"https:\/\/www.cofb.org\/?s={search_term_string}\"},\"query-input\":\"required name=search_term_string\"}],\"inLanguage\":\"ca\"},{\"@type\":\"Organization\",\"@id\":\"https:\/\/www.cofb.org\/#organization\",\"name\":\"Col\u00b7legi de Farmac\u00e8utics de Barcelona\",\"url\":\"https:\/\/www.cofb.org\/\",\"logo\":{\"@type\":\"ImageObject\",\"inLanguage\":\"ca\",\"@id\":\"https:\/\/www.cofb.org\/#\/schema\/logo\/image\/\",\"url\":\"https:\/\/www.cofb.org\/wp-content\/uploads\/2023\/11\/cropped-Logotip-COFB.png\",\"contentUrl\":\"https:\/\/www.cofb.org\/wp-content\/uploads\/2023\/11\/cropped-Logotip-COFB.png\",\"width\":500,\"height\":105,\"caption\":\"Col\u00b7legi de Farmac\u00e8utics de Barcelona\"},\"image\":{\"@id\":\"https:\/\/www.cofb.org\/#\/schema\/logo\/image\/\"},\"sameAs\":[\"https:\/\/www.facebook.com\/farmaceuticsbcn\/\",\"https:\/\/twitter.com\/farmaceuticsbcn\",\"https:\/\/www.instagram.com\/farmaceuticsbcn\/\",\"https:\/\/www.linkedin.com\/company\/farmaceuticsbcn\/\"]},{\"@type\":\"Person\",\"@id\":\"https:\/\/www.cofb.org\/#\/schema\/person\/e46d741cfb92c985a083d163d8270ae4\",\"name\":\"Xavier Magraner\",\"image\":{\"@type\":\"ImageObject\",\"inLanguage\":\"ca\",\"@id\":\"https:\/\/www.cofb.org\/#\/schema\/person\/image\/\",\"url\":\"https:\/\/secure.gravatar.com\/avatar\/aa0d1d4df59f71f88eebd5796c5388ff41c58d83c5301eb6e1d65646a289c37d?s=96&d=mm&r=g\",\"contentUrl\":\"https:\/\/secure.gravatar.com\/avatar\/aa0d1d4df59f71f88eebd5796c5388ff41c58d83c5301eb6e1d65646a289c37d?s=96&d=mm&r=g\",\"caption\":\"Xavier Magraner\"},\"url\":\"https:\/\/www.cofb.org\/ca\/author\/xmagraner\/\"}]}<\/script>\n<!-- \/ Yoast SEO plugin. -->","yoast_head_json":{"title":"Publicada la mem\u00f2ria del COFB: qu\u00e8 ha estat el m\u00e9s rellevant de l\u2019any 2024? - Col\u00b7legi de Farmac\u00e8utics de Barcelona","description":"L\u2019any 2024 ha estat un any en qu\u00e8 el COFB seguit demostrant el seu lligam amb la societat i enfortint el seu comprom\u00eds amb la salut.","robots":{"index":"index","follow":"follow","max-snippet":"max-snippet:-1","max-image-preview":"max-image-preview:large","max-video-preview":"max-video-preview:-1"},"canonical":"https:\/\/www.cofb.org\/ca\/2025\/09\/08\/publicada-la-memoria-del-cofb-que-ha-estat-el-mes-rellevant-de-lany-2024\/","og_locale":"ca_ES","og_type":"article","og_title":"Publicada la mem\u00f2ria del COFB: qu\u00e8 ha estat el m\u00e9s rellevant de l\u2019any 2024? - Col\u00b7legi de Farmac\u00e8utics de Barcelona","og_description":"L\u2019any 2024 ha estat un any en qu\u00e8 el COFB seguit demostrant el seu lligam amb la societat i enfortint el seu comprom\u00eds amb la salut.","og_url":"https:\/\/www.cofb.org\/ca\/2025\/09\/08\/publicada-la-memoria-del-cofb-que-ha-estat-el-mes-rellevant-de-lany-2024\/","og_site_name":"Col\u00b7legi de Farmac\u00e8utics de Barcelona","article_publisher":"https:\/\/www.facebook.com\/farmaceuticsbcn\/","article_published_time":"2025-09-08T15:25:18+00:00","article_modified_time":"2025-12-04T16:38:12+00:00","og_image":[{"width":1170,"height":580,"url":"https:\/\/www.cofb.org\/wp-content\/uploads\/2025\/09\/Foto-portada-memoria-2024.jpg","type":"image\/jpeg"}],"author":"Xavier Magraner","twitter_card":"summary_large_image","twitter_creator":"@farmaceuticsbcn","twitter_site":"@farmaceuticsbcn","twitter_misc":{"Escrit per":"Xavier Magraner","Temps estimat de lectura":"3 minuts"},"schema":{"@context":"https:\/\/schema.org","@graph":[{"@type":"Article","@id":"https:\/\/www.cofb.org\/2025\/09\/08\/publicada-la-memoria-del-cofb-que-ha-estat-el-mes-rellevant-de-lany-2024\/#article","isPartOf":{"@id":"https:\/\/www.cofb.org\/2025\/09\/08\/publicada-la-memoria-del-cofb-que-ha-estat-el-mes-rellevant-de-lany-2024\/"},"author":{"name":"Xavier Magraner","@id":"https:\/\/www.cofb.org\/#\/schema\/person\/e46d741cfb92c985a083d163d8270ae4"},"headline":"Publicada la mem\u00f2ria del COFB: qu\u00e8 ha estat el m\u00e9s rellevant de l\u2019any 2024?","datePublished":"2025-09-08T15:25:18+00:00","dateModified":"2025-12-04T16:38:12+00:00","mainEntityOfPage":{"@id":"https:\/\/www.cofb.org\/2025\/09\/08\/publicada-la-memoria-del-cofb-que-ha-estat-el-mes-rellevant-de-lany-2024\/"},"wordCount":519,"publisher":{"@id":"https:\/\/www.cofb.org\/#organization"},"image":{"@id":"https:\/\/www.cofb.org\/2025\/09\/08\/publicada-la-memoria-del-cofb-que-ha-estat-el-mes-rellevant-de-lany-2024\/#primaryimage"},"thumbnailUrl":"https:\/\/www.cofb.org\/wp-content\/uploads\/2025\/09\/Foto-portada-memoria-2024.jpg","keywords":["Atenci\u00f3 farmac\u00e8utica","Beques COFB","beques i premis","COFB","Col\u00b7legi de Farmac\u00e8utics de Barcelona","Diada del Farmac\u00e8utic","farm\u00e0cia comunitaria","Formaci\u00f3","formaci\u00f3 continuada","Infarma 2024","iniciatives","Junta de Govern del COFB","president COFB","projectes","serveis","Timeline interactiu"],"articleSection":["Destacats","M\u00f3n col\u00b7legial"],"inLanguage":"ca"},{"@type":"WebPage","@id":"https:\/\/www.cofb.org\/2025\/09\/08\/publicada-la-memoria-del-cofb-que-ha-estat-el-mes-rellevant-de-lany-2024\/","url":"https:\/\/www.cofb.org\/2025\/09\/08\/publicada-la-memoria-del-cofb-que-ha-estat-el-mes-rellevant-de-lany-2024\/","name":"Publicada la mem\u00f2ria del COFB: qu\u00e8 ha estat el m\u00e9s rellevant de l\u2019any 2024? - Col\u00b7legi de Farmac\u00e8utics de Barcelona","isPartOf":{"@id":"https:\/\/www.cofb.org\/#website"},"primaryImageOfPage":{"@id":"https:\/\/www.cofb.org\/2025\/09\/08\/publicada-la-memoria-del-cofb-que-ha-estat-el-mes-rellevant-de-lany-2024\/#primaryimage"},"image":{"@id":"https:\/\/www.cofb.org\/2025\/09\/08\/publicada-la-memoria-del-cofb-que-ha-estat-el-mes-rellevant-de-lany-2024\/#primaryimage"},"thumbnailUrl":"https:\/\/www.cofb.org\/wp-content\/uploads\/2025\/09\/Foto-portada-memoria-2024.jpg","datePublished":"2025-09-08T15:25:18+00:00","dateModified":"2025-12-04T16:38:12+00:00","description":"L\u2019any 2024 ha estat un any en qu\u00e8 el COFB seguit demostrant el seu lligam amb la societat i enfortint el seu comprom\u00eds amb la salut.","breadcrumb":{"@id":"https:\/\/www.cofb.org\/2025\/09\/08\/publicada-la-memoria-del-cofb-que-ha-estat-el-mes-rellevant-de-lany-2024\/#breadcrumb"},"inLanguage":"ca","potentialAction":[{"@type":"ReadAction","target":["https:\/\/www.cofb.org\/2025\/09\/08\/publicada-la-memoria-del-cofb-que-ha-estat-el-mes-rellevant-de-lany-2024\/"]}]},{"@type":"ImageObject","inLanguage":"ca","@id":"https:\/\/www.cofb.org\/2025\/09\/08\/publicada-la-memoria-del-cofb-que-ha-estat-el-mes-rellevant-de-lany-2024\/#primaryimage","url":"https:\/\/www.cofb.org\/wp-content\/uploads\/2025\/09\/Foto-portada-memoria-2024.jpg","contentUrl":"https:\/\/www.cofb.org\/wp-content\/uploads\/2025\/09\/Foto-portada-memoria-2024.jpg","width":1170,"height":580},{"@type":"BreadcrumbList","@id":"https:\/\/www.cofb.org\/2025\/09\/08\/publicada-la-memoria-del-cofb-que-ha-estat-el-mes-rellevant-de-lany-2024\/#breadcrumb","itemListElement":[{"@type":"ListItem","position":1,"name":"Inici","item":"https:\/\/novaorg.cofb.net\/"},{"@type":"ListItem","position":2,"name":"Publicada la mem\u00f2ria del COFB: qu\u00e8 ha estat el m\u00e9s rellevant de l\u2019any 2024?"}]},{"@type":"WebSite","@id":"https:\/\/www.cofb.org\/#website","url":"https:\/\/www.cofb.org\/","name":"Col\u00b7legi de Farmac\u00e8utics de Barcelona","description":"","publisher":{"@id":"https:\/\/www.cofb.org\/#organization"},"potentialAction":[{"@type":"SearchAction","target":{"@type":"EntryPoint","urlTemplate":"https:\/\/www.cofb.org\/?s={search_term_string}"},"query-input":"required name=search_term_string"}],"inLanguage":"ca"},{"@type":"Organization","@id":"https:\/\/www.cofb.org\/#organization","name":"Col\u00b7legi de Farmac\u00e8utics de Barcelona","url":"https:\/\/www.cofb.org\/","logo":{"@type":"ImageObject","inLanguage":"ca","@id":"https:\/\/www.cofb.org\/#\/schema\/logo\/image\/","url":"https:\/\/www.cofb.org\/wp-content\/uploads\/2023\/11\/cropped-Logotip-COFB.png","contentUrl":"https:\/\/www.cofb.org\/wp-content\/uploads\/2023\/11\/cropped-Logotip-COFB.png","width":500,"height":105,"caption":"Col\u00b7legi de Farmac\u00e8utics de Barcelona"},"image":{"@id":"https:\/\/www.cofb.org\/#\/schema\/logo\/image\/"},"sameAs":["https:\/\/www.facebook.com\/farmaceuticsbcn\/","https:\/\/twitter.com\/farmaceuticsbcn","https:\/\/www.instagram.com\/farmaceuticsbcn\/","https:\/\/www.linkedin.com\/company\/farmaceuticsbcn\/"]},{"@type":"Person","@id":"https:\/\/www.cofb.org\/#\/schema\/person\/e46d741cfb92c985a083d163d8270ae4","name":"Xavier Magraner","image":{"@type":"ImageObject","inLanguage":"ca","@id":"https:\/\/www.cofb.org\/#\/schema\/person\/image\/","url":"https:\/\/secure.gravatar.com\/avatar\/aa0d1d4df59f71f88eebd5796c5388ff41c58d83c5301eb6e1d65646a289c37d?s=96&d=mm&r=g","contentUrl":"https:\/\/secure.gravatar.com\/avatar\/aa0d1d4df59f71f88eebd5796c5388ff41c58d83c5301eb6e1d65646a289c37d?s=96&d=mm&r=g","caption":"Xavier Magraner"},"url":"https:\/\/www.cofb.org\/ca\/author\/xmagraner\/"}]}},"uagb_featured_image_src":{"full":["https:\/\/www.cofb.org\/wp-content\/uploads\/2025\/09\/Foto-portada-memoria-2024.jpg",1170,580,false],"thumbnail":["https:\/\/www.cofb.org\/wp-content\/uploads\/2025\/09\/Foto-portada-memoria-2024-150x150.jpg",150,150,true],"medium":["https:\/\/www.cofb.org\/wp-content\/uploads\/2025\/09\/Foto-portada-memoria-2024-300x149.jpg",300,149,true],"medium_large":["https:\/\/www.cofb.org\/wp-content\/uploads\/2025\/09\/Foto-portada-memoria-2024-768x381.jpg",768,381,true],"large":["https:\/\/www.cofb.org\/wp-content\/uploads\/2025\/09\/Foto-portada-memoria-2024-1024x508.jpg",1024,508,true],"1536x1536":["https:\/\/www.cofb.org\/wp-content\/uploads\/2025\/09\/Foto-portada-memoria-2024.jpg",1170,580,false],"2048x2048":["https:\/\/www.cofb.org\/wp-content\/uploads\/2025\/09\/Foto-portada-memoria-2024.jpg",1170,580,false],"trp-custom-language-flag":["https:\/\/www.cofb.org\/wp-content\/uploads\/2025\/09\/Foto-portada-memoria-2024-18x9.jpg",18,9,true]},"uagb_author_info":{"display_name":"Xavier Magraner","author_link":"https:\/\/www.cofb.org\/ca\/author\/xmagraner\/"},"uagb_comment_info":0,"uagb_excerpt":"L\u2019any 2024 el Col\u00b7legi de Farmac\u00e8utics de Barcelona (COFB) ha dut a terme una gran quantitat d\u2019iniciatives en diferents \u00e0mbits, demostrant el seu lligam amb la societat i enfortint el seu comprom\u00eds amb la salut de les persones. Alhora, s\u2019ha viscut el relleu a la direcci\u00f3 del Col\u00b7legi, amb la [&hellip;]","_links":{"self":[{"href":"https:\/\/www.cofb.org\/ca\/wp-json\/wp\/v2\/posts\/82194","targetHints":{"allow":["GET"]}}],"collection":[{"href":"https:\/\/www.cofb.org\/ca\/wp-json\/wp\/v2\/posts"}],"about":[{"href":"https:\/\/www.cofb.org\/ca\/wp-json\/wp\/v2\/types\/post"}],"author":[{"embeddable":true,"href":"https:\/\/www.cofb.org\/ca\/wp-json\/wp\/v2\/users\/10"}],"replies":[{"embeddable":true,"href":"https:\/\/www.cofb.org\/ca\/wp-json\/wp\/v2\/comments?post=82194"}],"version-history":[{"count":11,"href":"https:\/\/www.cofb.org\/ca\/wp-json\/wp\/v2\/posts\/82194\/revisions"}],"predecessor-version":[{"id":83211,"href":"https:\/\/www.cofb.org\/ca\/wp-json\/wp\/v2\/posts\/82194\/revisions\/83211"}],"wp:featuredmedia":[{"embeddable":true,"href":"https:\/\/www.cofb.org\/ca\/wp-json\/wp\/v2\/media\/82211"}],"wp:attachment":[{"href":"https:\/\/www.cofb.org\/ca\/wp-json\/wp\/v2\/media?parent=82194"}],"wp:term":[{"taxonomy":"category","embeddable":true,"href":"https:\/\/www.cofb.org\/ca\/wp-json\/wp\/v2\/categories?post=82194"},{"taxonomy":"post_tag","embeddable":true,"href":"https:\/\/www.cofb.org\/ca\/wp-json\/wp\/v2\/tags?post=82194"}],"curies":[{"name":"wp","href":"https:\/\/api.w.org\/{rel}","templated":true}]}}