{"id":82102,"date":"2025-07-31T10:22:56","date_gmt":"2025-07-31T10:22:56","guid":{"rendered":"https:\/\/www.cofb.org\/?p=82102"},"modified":"2025-07-31T10:44:42","modified_gmt":"2025-07-31T10:44:42","slug":"la-professio-farmaceutica-a-la-provincia-de-barcelona-lany-2024","status":"publish","type":"post","link":"https:\/\/www.cofb.org\/ca\/2025\/07\/31\/la-professio-farmaceutica-a-la-provincia-de-barcelona-lany-2024\/","title":{"rendered":"La professi\u00f3 farmac\u00e8utica a la prov\u00edncia de Barcelona l\u2019any\u00a02024"},"content":{"rendered":"\n<p>El <strong>Consejo General de Colegios Oficiales de Farmac\u00e9uticos (CGCOF)<\/strong> ha publicat l\u2019informe \u201c<strong>Estad\u00edsticas de Colegiados y Farmacias Comunitarias<\/strong>\u201d, corresponent a l\u2019any 2024. De periodicitat anual, el document analitza amb profunditat la professi\u00f3 farmac\u00e8utica, ja que recull de forma anual les<strong> xifres m\u00e9s importants <\/strong>relacionades amb els <strong>farmac\u00e8utics <\/strong>i a les <strong>farm\u00e0cies <\/strong>en l\u2019\u00e0mbit estatal, auton\u00f2mic i provincial.<\/p>\n\n\n\n<p>A continuaci\u00f3, destaquem les xifres m\u00e9s rellevants del document relacionades a la prov\u00edncia de <strong>Barcelona <\/strong>i al global de <strong>Catalunya<\/strong>.<\/p>\n\n\n\n<h2 class=\"wp-block-heading\"><strong>M\u00e9s de 9.340 col\u00b7legiats a la prov\u00edncia de Barcelona<\/strong><\/h2>\n\n\n\n<p>L\u2019any 2024 va acabar amb un total de <strong>81.081<\/strong>&nbsp;<strong>farmac\u00e8utics col\u00b7legiats<\/strong>&nbsp;a Espanya, 786 m\u00e9s que el 2023.&nbsp;A nivell auton\u00f2mic, <strong>Catalunya<\/strong> se situa com la tercera comunitat aut\u00f2noma amb m\u00e9s nombre de col\u00b7legiats amb un total d\u2019<strong>11.806<\/strong>, representant un 14,6% sobre el total. En l&#8217;\u00e0mbit provincial,&nbsp;<strong>Barcelona<\/strong>&nbsp;acaba l\u2019any amb un total de&nbsp;<strong>9.344<\/strong>&nbsp;col\u00b7legiats, 19 m\u00e9s que el 2023 i situant-se, amb un 11,5% sobre el total, com a&nbsp;<strong>segona prov\u00edncia amb m\u00e9s col\u00b7legiats<\/strong>, nom\u00e9s per darrere de Madrid (14.024).<\/p>\n\n\n\n<figure class=\"wp-block-image aligncenter size-large is-resized\"><a href=\"https:\/\/www.cofb.org\/wp-content\/uploads\/2025\/07\/2024-Estadisticas-Colegiados-Farmacias.pdf\" target=\"_blank\" rel=\" noreferrer noopener\"><img fetchpriority=\"high\" decoding=\"async\" width=\"1024\" height=\"1024\" src=\"https:\/\/www.cofb.org\/wp-content\/uploads\/2025\/07\/Dades-farmacia-2024-1080-x-1080-1024x1024.png\" alt=\"La professi\u00f3 farmac\u00e8utica a la prov\u00edncia de Barceloan 2024\" class=\"wp-image-82136\" style=\"width:635px\" srcset=\"https:\/\/www.cofb.org\/wp-content\/uploads\/2025\/07\/Dades-farmacia-2024-1080-x-1080-1024x1024.png 1024w, https:\/\/www.cofb.org\/wp-content\/uploads\/2025\/07\/Dades-farmacia-2024-1080-x-1080-300x300.png 300w, https:\/\/www.cofb.org\/wp-content\/uploads\/2025\/07\/Dades-farmacia-2024-1080-x-1080-150x150.png 150w, https:\/\/www.cofb.org\/wp-content\/uploads\/2025\/07\/Dades-farmacia-2024-1080-x-1080-768x768.png 768w, https:\/\/www.cofb.org\/wp-content\/uploads\/2025\/07\/Dades-farmacia-2024-1080-x-1080-12x12.png 12w, https:\/\/www.cofb.org\/wp-content\/uploads\/2025\/07\/Dades-farmacia-2024-1080-x-1080.png 1080w\" sizes=\"(max-width: 1024px) 100vw, 1024px\" \/><\/a><\/figure>\n\n\n\n<p>La <strong>tercera professi\u00f3 sanit\u00e0ria<\/strong> amb <strong>major nombre de col\u00b7legiats<\/strong> continua sent <strong>Farm\u00e0cia<\/strong>, per darrere <strong>d\u2019infermers <\/strong>i <strong>metges<\/strong>, representant un<strong> 8% dels 81.081 professionals sanitaris de l\u2019estat<\/strong>. El nombre de professionals col\u00b7legiats a Espanya ha augmentat un <strong>1% m\u00e9s respecte al 2023<\/strong>. 54.972 col\u00b7legiats\/des exerceixen a la farm\u00e0cia comunit\u00e0ria, que suposen un 68% del total.<\/p>\n\n\n\n<h2 class=\"wp-block-heading\"><strong>Les farmac\u00e8utiques ja suposen el 74% del total de col\u00b7legiats\/des<\/strong><\/h2>\n\n\n\n<p>El col\u00b7lectiu farmac\u00e8utic es posiciona entre les professions sanit\u00e0ries amb <strong>major pres\u00e8ncia de dones col\u00b7legiades<\/strong>, 58.322 en total. En el cas de <strong>Catalunya<\/strong>, suposen un<strong> 74% del total de farmac\u00e8utics col\u00b7legiats<\/strong>, una xifra que supera la mitjana espanyola, que \u00e9s d\u2019un<strong> 71,9%<\/strong>. Pel que fa a la prov\u00edncia de <strong>Barcelona<\/strong>, dels<strong> 9.344 col\u00b7legiats<\/strong>, el<strong> 73,98% s\u00f3n farmac\u00e8utiques<\/strong>, en l\u00ednia amb les xifres de tot Catalunya. En quant a <strong>franges d&#8217;edat<\/strong>, a Catalunya predomina la situada entre els 45 i 54 anys, amb un 25,6% del total, <strong>superant la mitjana espanyola<\/strong> (24%). Per que fa al<strong> promig d&#8217;edat<\/strong>, l&#8217;edat mitjana es situa al 51,2 anys, respecte al 50 de la resta de l&#8217;estat. <\/p>\n\n\n\n<p>El <strong>nombre total de farm\u00e0cies comunit\u00e0ries<\/strong> a Espanya al final de 2024 va ser de <strong>22.231<\/strong>. Una vegada m\u00e9s, <strong>Andalusia <\/strong>(3.870), <strong>Catalunya <\/strong>(3.290), la <strong>Comunitat de Madrid <\/strong>(2.934) i la<strong> Comunitat Valenciana <\/strong>(2.345) lideren el r\u00e0nquing de<strong> nombre d&#8217;oficines de farm\u00e0cia<\/strong> per autonomia, arribant a sumar el 56% del total. La prov\u00edncia de Barcelona compta un total de<strong> 2.379 farm\u00e0cies,<\/strong> que suposen el 72,3% de les obertes a Catalunya. D&#8217;aquesta xifra, 1.017 es troben a la ciutat de Barcelona, mentre que les 1.362 restants s\u00f3n de la resta de la prov\u00edncia. En relaci\u00f3 amb la <strong>mitjana de farmac\u00e8utics per farm\u00e0cia&nbsp;<\/strong>a l\u2019estat \u00e9s de 2,5 i a Catalunya de 2,2. Pel que fa al<strong> percentatge d\u2019habitants per farm\u00e0cia<\/strong>, la r\u00e0tio&nbsp;<strong>a Barcelona \u00e9s de 2.471 habitants per farm\u00e0cia<\/strong>, superior a <strong>Catalunya <\/strong>on trobem una mitjana de <strong>2.435 habitants per farm\u00e0cia<\/strong>.<\/p>\n\n\n\n<p>Fonts i m\u00e9s informaci\u00f3: <a href=\"https:\/\/www.cofb.org\/wp-content\/uploads\/2025\/07\/2024-Estadisticas-Colegiados-Farmacias.pdf\" target=\"_blank\" rel=\"noreferrer noopener\">Estad\u00edsticas de Colegiados y Farmacias Comunitarias 2024 (via Farmac\u00e9uticos)<\/a><\/p>\n\n\n\n<p><strong>Altres publicacions d&#8217;inter\u00e8s: <\/strong><\/p>\n\n\n\n<p><a href=\"https:\/\/blog.cofb.cat\/blog\/2022\/08\/04\/la-professio-farmaceutica-a-la-provincia-de-barcelona-lany-2021\/\" target=\"_blank\" rel=\"noreferrer noopener\">La professi\u00f3 farmac\u00e8utica a la prov\u00edncia de Barcelona l\u2019any 2021<\/a><\/p>\n\n\n\n<p><a href=\"https:\/\/www.cofb.org\/ca\/2024\/08\/02\/la-professio-farmaceutica-a-la-provincia-de-barcelona-lany-2023\/\" target=\"_blank\" rel=\"noreferrer noopener\">La professi\u00f3 farmac\u00e8utica a la prov\u00edncia de Barcelona l\u2019any 2023<\/a><\/p>\n\n\n\n<p><a href=\"https:\/\/blog.cofb.cat\/blog\/2023\/08\/04\/dades-de-la-professio-farmaceutica-el-2022\/\" target=\"_blank\" rel=\"noreferrer noopener\">La professi\u00f3 farmac\u00e8utica a la prov\u00edncia de Barcelona l\u2019any 2022<\/a><\/p>\n","protected":false},"excerpt":{"rendered":"<p>El Consejo General de Colegios Oficiales de Farmac\u00e9uticos (CGCOF) ha publicat l\u2019informe \u201cEstad\u00edsticas de Colegiados y Farmacias Comunitarias\u201d, corresponent a l\u2019any 2024. De periodicitat anual, el document analitza amb profunditat la professi\u00f3 farmac\u00e8utica, ja que recull de forma anual les xifres m\u00e9s importants relacionades amb els farmac\u00e8utics i a les [&hellip;]<\/p>\n","protected":false},"author":10,"featured_media":82142,"comment_status":"closed","ping_status":"closed","sticky":false,"template":"","format":"standard","meta":{"_uag_custom_page_level_css":"","site-sidebar-layout":"default","site-content-layout":"","ast-site-content-layout":"default","site-content-style":"default","site-sidebar-style":"default","ast-global-header-display":"","ast-banner-title-visibility":"","ast-main-header-display":"","ast-hfb-above-header-display":"","ast-hfb-below-header-display":"","ast-hfb-mobile-header-display":"","site-post-title":"","ast-breadcrumbs-content":"","ast-featured-img":"disabled","footer-sml-layout":"","theme-transparent-header-meta":"","adv-header-id-meta":"","stick-header-meta":"","header-above-stick-meta":"","header-main-stick-meta":"","header-below-stick-meta":"","astra-migrate-meta-layouts":"set","ast-page-background-enabled":"default","ast-page-background-meta":{"desktop":{"background-color":"var(--ast-global-color-4)","background-image":"","background-repeat":"repeat","background-position":"center center","background-size":"auto","background-attachment":"scroll","background-type":"","background-media":"","overlay-type":"","overlay-color":"","overlay-opacity":"","overlay-gradient":""},"tablet":{"background-color":"","background-image":"","background-repeat":"repeat","background-position":"center center","background-size":"auto","background-attachment":"scroll","background-type":"","background-media":"","overlay-type":"","overlay-color":"","overlay-opacity":"","overlay-gradient":""},"mobile":{"background-color":"","background-image":"","background-repeat":"repeat","background-position":"center center","background-size":"auto","background-attachment":"scroll","background-type":"","background-media":"","overlay-type":"","overlay-color":"","overlay-opacity":"","overlay-gradient":""}},"ast-content-background-meta":{"desktop":{"background-color":"var(--ast-global-color-5)","background-image":"","background-repeat":"repeat","background-position":"center center","background-size":"auto","background-attachment":"scroll","background-type":"","background-media":"","overlay-type":"","overlay-color":"","overlay-opacity":"","overlay-gradient":""},"tablet":{"background-color":"var(--ast-global-color-5)","background-image":"","background-repeat":"repeat","background-position":"center center","background-size":"auto","background-attachment":"scroll","background-type":"","background-media":"","overlay-type":"","overlay-color":"","overlay-opacity":"","overlay-gradient":""},"mobile":{"background-color":"var(--ast-global-color-5)","background-image":"","background-repeat":"repeat","background-position":"center center","background-size":"auto","background-attachment":"scroll","background-type":"","background-media":"","overlay-type":"","overlay-color":"","overlay-opacity":"","overlay-gradient":""}},"footnotes":""},"categories":[23,32],"tags":[64,18,19,692,901,3224,52,68,4668,76,906],"class_list":["post-82102","post","type-post","status-publish","format-standard","has-post-thumbnail","hentry","category-destacats","category-noticies-farmacia","tag-atencio-farmaceutica","tag-cofb","tag-collegi-de-farmaceutics-de-barcelona","tag-collegiats","tag-estadistiques-collegiats","tag-estadistiques-collegiats-i-oficines-de-farmacia","tag-farmaceutic","tag-farmacia","tag-farmacia-comunitaria-2","tag-oficina-de-farmacia","tag-professio-farmaceutica"],"yoast_head":"<!-- This site is optimized with the Yoast SEO plugin v22.4 - https:\/\/yoast.com\/wordpress\/plugins\/seo\/ -->\n<title>La professi\u00f3 farmac\u00e8utica a la prov\u00edncia de Barcelona l\u2019any\u00a02024 - Col\u00b7legi de Farmac\u00e8utics de Barcelona<\/title>\n<meta name=\"description\" content=\"El\u00a0CGCOF ha publicat, un any m\u00e9s, l\u2019informe\u00a0&quot;Estad\u00edsticas de Colegiados Farmac\u00e9uticos y Farmacias Comunitarias&quot;, corresponent al\u00a02024.\" \/>\n<meta name=\"robots\" content=\"index, follow, max-snippet:-1, max-image-preview:large, max-video-preview:-1\" \/>\n<link rel=\"canonical\" href=\"https:\/\/www.cofb.org\/ca\/2025\/07\/31\/la-professio-farmaceutica-a-la-provincia-de-barcelona-lany-2024\/\" \/>\n<meta property=\"og:locale\" content=\"ca_ES\" \/>\n<meta property=\"og:type\" content=\"article\" \/>\n<meta property=\"og:title\" content=\"La professi\u00f3 farmac\u00e8utica a la prov\u00edncia de Barcelona l\u2019any\u00a02024 - Col\u00b7legi de Farmac\u00e8utics de Barcelona\" \/>\n<meta property=\"og:description\" content=\"El\u00a0CGCOF ha publicat, un any m\u00e9s, l\u2019informe\u00a0&quot;Estad\u00edsticas de Colegiados Farmac\u00e9uticos y Farmacias Comunitarias&quot;, corresponent al\u00a02024.\" \/>\n<meta property=\"og:url\" content=\"https:\/\/www.cofb.org\/ca\/2025\/07\/31\/la-professio-farmaceutica-a-la-provincia-de-barcelona-lany-2024\/\" \/>\n<meta property=\"og:site_name\" content=\"Col\u00b7legi de Farmac\u00e8utics de Barcelona\" \/>\n<meta property=\"article:publisher\" content=\"https:\/\/www.facebook.com\/farmaceuticsbcn\/\" \/>\n<meta property=\"article:published_time\" content=\"2025-07-31T10:22:56+00:00\" \/>\n<meta property=\"article:modified_time\" content=\"2025-07-31T10:44:42+00:00\" \/>\n<meta property=\"og:image\" content=\"https:\/\/www.cofb.org\/wp-content\/uploads\/2025\/07\/COFB.240925-03_IG_edited_horizontal.jpg\" \/>\n\t<meta property=\"og:image:width\" content=\"2002\" \/>\n\t<meta property=\"og:image:height\" content=\"1125\" \/>\n\t<meta property=\"og:image:type\" content=\"image\/jpeg\" \/>\n<meta name=\"author\" content=\"Xavier Magraner\" \/>\n<meta name=\"twitter:card\" content=\"summary_large_image\" \/>\n<meta name=\"twitter:creator\" content=\"@farmaceuticsbcn\" \/>\n<meta name=\"twitter:site\" content=\"@farmaceuticsbcn\" \/>\n<meta name=\"twitter:label1\" content=\"Escrit per\" \/>\n\t<meta name=\"twitter:data1\" content=\"Xavier Magraner\" \/>\n\t<meta name=\"twitter:label2\" content=\"Temps estimat de lectura\" \/>\n\t<meta name=\"twitter:data2\" content=\"4 minuts\" \/>\n<script type=\"application\/ld+json\" class=\"yoast-schema-graph\">{\"@context\":\"https:\/\/schema.org\",\"@graph\":[{\"@type\":\"Article\",\"@id\":\"https:\/\/www.cofb.org\/2025\/07\/31\/la-professio-farmaceutica-a-la-provincia-de-barcelona-lany-2024\/#article\",\"isPartOf\":{\"@id\":\"https:\/\/www.cofb.org\/2025\/07\/31\/la-professio-farmaceutica-a-la-provincia-de-barcelona-lany-2024\/\"},\"author\":{\"name\":\"Xavier Magraner\",\"@id\":\"https:\/\/www.cofb.org\/#\/schema\/person\/e46d741cfb92c985a083d163d8270ae4\"},\"headline\":\"La professi\u00f3 farmac\u00e8utica a la prov\u00edncia de Barcelona l\u2019any\u00a02024\",\"datePublished\":\"2025-07-31T10:22:56+00:00\",\"dateModified\":\"2025-07-31T10:44:42+00:00\",\"mainEntityOfPage\":{\"@id\":\"https:\/\/www.cofb.org\/2025\/07\/31\/la-professio-farmaceutica-a-la-provincia-de-barcelona-lany-2024\/\"},\"wordCount\":598,\"publisher\":{\"@id\":\"https:\/\/www.cofb.org\/#organization\"},\"image\":{\"@id\":\"https:\/\/www.cofb.org\/2025\/07\/31\/la-professio-farmaceutica-a-la-provincia-de-barcelona-lany-2024\/#primaryimage\"},\"thumbnailUrl\":\"https:\/\/www.cofb.org\/wp-content\/uploads\/2025\/07\/COFB.240925-03_IG_edited_horizontal.jpg\",\"keywords\":[\"Atenci\u00f3 farmac\u00e8utica\",\"COFB\",\"Col\u00b7legi de Farmac\u00e8utics de Barcelona\",\"col\u00b7legiats\",\"estad\u00edstiques col\u00b7legiats\",\"estad\u00edstiques col\u00b7legiats i oficines de farm\u00e0cia\",\"farmac\u00e8utic\",\"Farm\u00e0cia\",\"farm\u00e0cia comunitaria\",\"Oficina de farm\u00e0cia\",\"professi\u00f3 farmac\u00e8utica\"],\"articleSection\":[\"Destacats\",\"Not\u00edcies farm\u00e0cia\"],\"inLanguage\":\"ca\"},{\"@type\":\"WebPage\",\"@id\":\"https:\/\/www.cofb.org\/2025\/07\/31\/la-professio-farmaceutica-a-la-provincia-de-barcelona-lany-2024\/\",\"url\":\"https:\/\/www.cofb.org\/2025\/07\/31\/la-professio-farmaceutica-a-la-provincia-de-barcelona-lany-2024\/\",\"name\":\"La professi\u00f3 farmac\u00e8utica a la prov\u00edncia de Barcelona l\u2019any\u00a02024 - Col\u00b7legi de Farmac\u00e8utics de Barcelona\",\"isPartOf\":{\"@id\":\"https:\/\/www.cofb.org\/#website\"},\"primaryImageOfPage\":{\"@id\":\"https:\/\/www.cofb.org\/2025\/07\/31\/la-professio-farmaceutica-a-la-provincia-de-barcelona-lany-2024\/#primaryimage\"},\"image\":{\"@id\":\"https:\/\/www.cofb.org\/2025\/07\/31\/la-professio-farmaceutica-a-la-provincia-de-barcelona-lany-2024\/#primaryimage\"},\"thumbnailUrl\":\"https:\/\/www.cofb.org\/wp-content\/uploads\/2025\/07\/COFB.240925-03_IG_edited_horizontal.jpg\",\"datePublished\":\"2025-07-31T10:22:56+00:00\",\"dateModified\":\"2025-07-31T10:44:42+00:00\",\"description\":\"El\u00a0CGCOF ha publicat, un any m\u00e9s, l\u2019informe\u00a0\\\"Estad\u00edsticas de Colegiados Farmac\u00e9uticos y Farmacias Comunitarias\\\", corresponent al\u00a02024.\",\"breadcrumb\":{\"@id\":\"https:\/\/www.cofb.org\/2025\/07\/31\/la-professio-farmaceutica-a-la-provincia-de-barcelona-lany-2024\/#breadcrumb\"},\"inLanguage\":\"ca\",\"potentialAction\":[{\"@type\":\"ReadAction\",\"target\":[\"https:\/\/www.cofb.org\/2025\/07\/31\/la-professio-farmaceutica-a-la-provincia-de-barcelona-lany-2024\/\"]}]},{\"@type\":\"ImageObject\",\"inLanguage\":\"ca\",\"@id\":\"https:\/\/www.cofb.org\/2025\/07\/31\/la-professio-farmaceutica-a-la-provincia-de-barcelona-lany-2024\/#primaryimage\",\"url\":\"https:\/\/www.cofb.org\/wp-content\/uploads\/2025\/07\/COFB.240925-03_IG_edited_horizontal.jpg\",\"contentUrl\":\"https:\/\/www.cofb.org\/wp-content\/uploads\/2025\/07\/COFB.240925-03_IG_edited_horizontal.jpg\",\"width\":2002,\"height\":1125},{\"@type\":\"BreadcrumbList\",\"@id\":\"https:\/\/www.cofb.org\/2025\/07\/31\/la-professio-farmaceutica-a-la-provincia-de-barcelona-lany-2024\/#breadcrumb\",\"itemListElement\":[{\"@type\":\"ListItem\",\"position\":1,\"name\":\"Inici\",\"item\":\"https:\/\/novaorg.cofb.net\/\"},{\"@type\":\"ListItem\",\"position\":2,\"name\":\"La professi\u00f3 farmac\u00e8utica a la prov\u00edncia de Barcelona l\u2019any\u00a02024\"}]},{\"@type\":\"WebSite\",\"@id\":\"https:\/\/www.cofb.org\/#website\",\"url\":\"https:\/\/www.cofb.org\/\",\"name\":\"Col\u00b7legi de Farmac\u00e8utics de Barcelona\",\"description\":\"\",\"publisher\":{\"@id\":\"https:\/\/www.cofb.org\/#organization\"},\"potentialAction\":[{\"@type\":\"SearchAction\",\"target\":{\"@type\":\"EntryPoint\",\"urlTemplate\":\"https:\/\/www.cofb.org\/?s={search_term_string}\"},\"query-input\":\"required name=search_term_string\"}],\"inLanguage\":\"ca\"},{\"@type\":\"Organization\",\"@id\":\"https:\/\/www.cofb.org\/#organization\",\"name\":\"Col\u00b7legi de Farmac\u00e8utics de Barcelona\",\"url\":\"https:\/\/www.cofb.org\/\",\"logo\":{\"@type\":\"ImageObject\",\"inLanguage\":\"ca\",\"@id\":\"https:\/\/www.cofb.org\/#\/schema\/logo\/image\/\",\"url\":\"https:\/\/www.cofb.org\/wp-content\/uploads\/2023\/11\/cropped-Logotip-COFB.png\",\"contentUrl\":\"https:\/\/www.cofb.org\/wp-content\/uploads\/2023\/11\/cropped-Logotip-COFB.png\",\"width\":500,\"height\":105,\"caption\":\"Col\u00b7legi de Farmac\u00e8utics de Barcelona\"},\"image\":{\"@id\":\"https:\/\/www.cofb.org\/#\/schema\/logo\/image\/\"},\"sameAs\":[\"https:\/\/www.facebook.com\/farmaceuticsbcn\/\",\"https:\/\/twitter.com\/farmaceuticsbcn\",\"https:\/\/www.instagram.com\/farmaceuticsbcn\/\",\"https:\/\/www.linkedin.com\/company\/farmaceuticsbcn\/\"]},{\"@type\":\"Person\",\"@id\":\"https:\/\/www.cofb.org\/#\/schema\/person\/e46d741cfb92c985a083d163d8270ae4\",\"name\":\"Xavier Magraner\",\"image\":{\"@type\":\"ImageObject\",\"inLanguage\":\"ca\",\"@id\":\"https:\/\/www.cofb.org\/#\/schema\/person\/image\/\",\"url\":\"https:\/\/secure.gravatar.com\/avatar\/aa0d1d4df59f71f88eebd5796c5388ff41c58d83c5301eb6e1d65646a289c37d?s=96&d=mm&r=g\",\"contentUrl\":\"https:\/\/secure.gravatar.com\/avatar\/aa0d1d4df59f71f88eebd5796c5388ff41c58d83c5301eb6e1d65646a289c37d?s=96&d=mm&r=g\",\"caption\":\"Xavier Magraner\"},\"url\":\"https:\/\/www.cofb.org\/ca\/author\/xmagraner\/\"}]}<\/script>\n<!-- \/ Yoast SEO plugin. -->","yoast_head_json":{"title":"La professi\u00f3 farmac\u00e8utica a la prov\u00edncia de Barcelona l\u2019any\u00a02024 - Col\u00b7legi de Farmac\u00e8utics de Barcelona","description":"El\u00a0CGCOF ha publicat, un any m\u00e9s, l\u2019informe\u00a0\"Estad\u00edsticas de Colegiados Farmac\u00e9uticos y Farmacias Comunitarias\", corresponent al\u00a02024.","robots":{"index":"index","follow":"follow","max-snippet":"max-snippet:-1","max-image-preview":"max-image-preview:large","max-video-preview":"max-video-preview:-1"},"canonical":"https:\/\/www.cofb.org\/ca\/2025\/07\/31\/la-professio-farmaceutica-a-la-provincia-de-barcelona-lany-2024\/","og_locale":"ca_ES","og_type":"article","og_title":"La professi\u00f3 farmac\u00e8utica a la prov\u00edncia de Barcelona l\u2019any\u00a02024 - Col\u00b7legi de Farmac\u00e8utics de Barcelona","og_description":"El\u00a0CGCOF ha publicat, un any m\u00e9s, l\u2019informe\u00a0\"Estad\u00edsticas de Colegiados Farmac\u00e9uticos y Farmacias Comunitarias\", corresponent al\u00a02024.","og_url":"https:\/\/www.cofb.org\/ca\/2025\/07\/31\/la-professio-farmaceutica-a-la-provincia-de-barcelona-lany-2024\/","og_site_name":"Col\u00b7legi de Farmac\u00e8utics de Barcelona","article_publisher":"https:\/\/www.facebook.com\/farmaceuticsbcn\/","article_published_time":"2025-07-31T10:22:56+00:00","article_modified_time":"2025-07-31T10:44:42+00:00","og_image":[{"width":2002,"height":1125,"url":"https:\/\/www.cofb.org\/wp-content\/uploads\/2025\/07\/COFB.240925-03_IG_edited_horizontal.jpg","type":"image\/jpeg"}],"author":"Xavier Magraner","twitter_card":"summary_large_image","twitter_creator":"@farmaceuticsbcn","twitter_site":"@farmaceuticsbcn","twitter_misc":{"Escrit per":"Xavier Magraner","Temps estimat de lectura":"4 minuts"},"schema":{"@context":"https:\/\/schema.org","@graph":[{"@type":"Article","@id":"https:\/\/www.cofb.org\/2025\/07\/31\/la-professio-farmaceutica-a-la-provincia-de-barcelona-lany-2024\/#article","isPartOf":{"@id":"https:\/\/www.cofb.org\/2025\/07\/31\/la-professio-farmaceutica-a-la-provincia-de-barcelona-lany-2024\/"},"author":{"name":"Xavier Magraner","@id":"https:\/\/www.cofb.org\/#\/schema\/person\/e46d741cfb92c985a083d163d8270ae4"},"headline":"La professi\u00f3 farmac\u00e8utica a la prov\u00edncia de Barcelona l\u2019any\u00a02024","datePublished":"2025-07-31T10:22:56+00:00","dateModified":"2025-07-31T10:44:42+00:00","mainEntityOfPage":{"@id":"https:\/\/www.cofb.org\/2025\/07\/31\/la-professio-farmaceutica-a-la-provincia-de-barcelona-lany-2024\/"},"wordCount":598,"publisher":{"@id":"https:\/\/www.cofb.org\/#organization"},"image":{"@id":"https:\/\/www.cofb.org\/2025\/07\/31\/la-professio-farmaceutica-a-la-provincia-de-barcelona-lany-2024\/#primaryimage"},"thumbnailUrl":"https:\/\/www.cofb.org\/wp-content\/uploads\/2025\/07\/COFB.240925-03_IG_edited_horizontal.jpg","keywords":["Atenci\u00f3 farmac\u00e8utica","COFB","Col\u00b7legi de Farmac\u00e8utics de Barcelona","col\u00b7legiats","estad\u00edstiques col\u00b7legiats","estad\u00edstiques col\u00b7legiats i oficines de farm\u00e0cia","farmac\u00e8utic","Farm\u00e0cia","farm\u00e0cia comunitaria","Oficina de farm\u00e0cia","professi\u00f3 farmac\u00e8utica"],"articleSection":["Destacats","Not\u00edcies farm\u00e0cia"],"inLanguage":"ca"},{"@type":"WebPage","@id":"https:\/\/www.cofb.org\/2025\/07\/31\/la-professio-farmaceutica-a-la-provincia-de-barcelona-lany-2024\/","url":"https:\/\/www.cofb.org\/2025\/07\/31\/la-professio-farmaceutica-a-la-provincia-de-barcelona-lany-2024\/","name":"La professi\u00f3 farmac\u00e8utica a la prov\u00edncia de Barcelona l\u2019any\u00a02024 - Col\u00b7legi de Farmac\u00e8utics de Barcelona","isPartOf":{"@id":"https:\/\/www.cofb.org\/#website"},"primaryImageOfPage":{"@id":"https:\/\/www.cofb.org\/2025\/07\/31\/la-professio-farmaceutica-a-la-provincia-de-barcelona-lany-2024\/#primaryimage"},"image":{"@id":"https:\/\/www.cofb.org\/2025\/07\/31\/la-professio-farmaceutica-a-la-provincia-de-barcelona-lany-2024\/#primaryimage"},"thumbnailUrl":"https:\/\/www.cofb.org\/wp-content\/uploads\/2025\/07\/COFB.240925-03_IG_edited_horizontal.jpg","datePublished":"2025-07-31T10:22:56+00:00","dateModified":"2025-07-31T10:44:42+00:00","description":"El\u00a0CGCOF ha publicat, un any m\u00e9s, l\u2019informe\u00a0\"Estad\u00edsticas de Colegiados Farmac\u00e9uticos y Farmacias Comunitarias\", corresponent al\u00a02024.","breadcrumb":{"@id":"https:\/\/www.cofb.org\/2025\/07\/31\/la-professio-farmaceutica-a-la-provincia-de-barcelona-lany-2024\/#breadcrumb"},"inLanguage":"ca","potentialAction":[{"@type":"ReadAction","target":["https:\/\/www.cofb.org\/2025\/07\/31\/la-professio-farmaceutica-a-la-provincia-de-barcelona-lany-2024\/"]}]},{"@type":"ImageObject","inLanguage":"ca","@id":"https:\/\/www.cofb.org\/2025\/07\/31\/la-professio-farmaceutica-a-la-provincia-de-barcelona-lany-2024\/#primaryimage","url":"https:\/\/www.cofb.org\/wp-content\/uploads\/2025\/07\/COFB.240925-03_IG_edited_horizontal.jpg","contentUrl":"https:\/\/www.cofb.org\/wp-content\/uploads\/2025\/07\/COFB.240925-03_IG_edited_horizontal.jpg","width":2002,"height":1125},{"@type":"BreadcrumbList","@id":"https:\/\/www.cofb.org\/2025\/07\/31\/la-professio-farmaceutica-a-la-provincia-de-barcelona-lany-2024\/#breadcrumb","itemListElement":[{"@type":"ListItem","position":1,"name":"Inici","item":"https:\/\/novaorg.cofb.net\/"},{"@type":"ListItem","position":2,"name":"La professi\u00f3 farmac\u00e8utica a la prov\u00edncia de Barcelona l\u2019any\u00a02024"}]},{"@type":"WebSite","@id":"https:\/\/www.cofb.org\/#website","url":"https:\/\/www.cofb.org\/","name":"Col\u00b7legi de Farmac\u00e8utics de Barcelona","description":"","publisher":{"@id":"https:\/\/www.cofb.org\/#organization"},"potentialAction":[{"@type":"SearchAction","target":{"@type":"EntryPoint","urlTemplate":"https:\/\/www.cofb.org\/?s={search_term_string}"},"query-input":"required name=search_term_string"}],"inLanguage":"ca"},{"@type":"Organization","@id":"https:\/\/www.cofb.org\/#organization","name":"Col\u00b7legi de Farmac\u00e8utics de Barcelona","url":"https:\/\/www.cofb.org\/","logo":{"@type":"ImageObject","inLanguage":"ca","@id":"https:\/\/www.cofb.org\/#\/schema\/logo\/image\/","url":"https:\/\/www.cofb.org\/wp-content\/uploads\/2023\/11\/cropped-Logotip-COFB.png","contentUrl":"https:\/\/www.cofb.org\/wp-content\/uploads\/2023\/11\/cropped-Logotip-COFB.png","width":500,"height":105,"caption":"Col\u00b7legi de Farmac\u00e8utics de Barcelona"},"image":{"@id":"https:\/\/www.cofb.org\/#\/schema\/logo\/image\/"},"sameAs":["https:\/\/www.facebook.com\/farmaceuticsbcn\/","https:\/\/twitter.com\/farmaceuticsbcn","https:\/\/www.instagram.com\/farmaceuticsbcn\/","https:\/\/www.linkedin.com\/company\/farmaceuticsbcn\/"]},{"@type":"Person","@id":"https:\/\/www.cofb.org\/#\/schema\/person\/e46d741cfb92c985a083d163d8270ae4","name":"Xavier Magraner","image":{"@type":"ImageObject","inLanguage":"ca","@id":"https:\/\/www.cofb.org\/#\/schema\/person\/image\/","url":"https:\/\/secure.gravatar.com\/avatar\/aa0d1d4df59f71f88eebd5796c5388ff41c58d83c5301eb6e1d65646a289c37d?s=96&d=mm&r=g","contentUrl":"https:\/\/secure.gravatar.com\/avatar\/aa0d1d4df59f71f88eebd5796c5388ff41c58d83c5301eb6e1d65646a289c37d?s=96&d=mm&r=g","caption":"Xavier Magraner"},"url":"https:\/\/www.cofb.org\/ca\/author\/xmagraner\/"}]}},"uagb_featured_image_src":{"full":["https:\/\/www.cofb.org\/wp-content\/uploads\/2025\/07\/COFB.240925-03_IG_edited_horizontal.jpg",2002,1125,false],"thumbnail":["https:\/\/www.cofb.org\/wp-content\/uploads\/2025\/07\/COFB.240925-03_IG_edited_horizontal-150x150.jpg",150,150,true],"medium":["https:\/\/www.cofb.org\/wp-content\/uploads\/2025\/07\/COFB.240925-03_IG_edited_horizontal-300x169.jpg",300,169,true],"medium_large":["https:\/\/www.cofb.org\/wp-content\/uploads\/2025\/07\/COFB.240925-03_IG_edited_horizontal-768x432.jpg",768,432,true],"large":["https:\/\/www.cofb.org\/wp-content\/uploads\/2025\/07\/COFB.240925-03_IG_edited_horizontal-1024x575.jpg",1024,575,true],"1536x1536":["https:\/\/www.cofb.org\/wp-content\/uploads\/2025\/07\/COFB.240925-03_IG_edited_horizontal-1536x863.jpg",1536,863,true],"2048x2048":["https:\/\/www.cofb.org\/wp-content\/uploads\/2025\/07\/COFB.240925-03_IG_edited_horizontal.jpg",2002,1125,false],"trp-custom-language-flag":["https:\/\/www.cofb.org\/wp-content\/uploads\/2025\/07\/COFB.240925-03_IG_edited_horizontal-18x10.jpg",18,10,true]},"uagb_author_info":{"display_name":"Xavier Magraner","author_link":"https:\/\/www.cofb.org\/ca\/author\/xmagraner\/"},"uagb_comment_info":0,"uagb_excerpt":"El Consejo General de Colegios Oficiales de Farmac\u00e9uticos (CGCOF) ha publicat l\u2019informe \u201cEstad\u00edsticas de Colegiados y Farmacias Comunitarias\u201d, corresponent a l\u2019any 2024. De periodicitat anual, el document analitza amb profunditat la professi\u00f3 farmac\u00e8utica, ja que recull de forma anual les xifres m\u00e9s importants relacionades amb els farmac\u00e8utics i a les [&hellip;]","_links":{"self":[{"href":"https:\/\/www.cofb.org\/ca\/wp-json\/wp\/v2\/posts\/82102","targetHints":{"allow":["GET"]}}],"collection":[{"href":"https:\/\/www.cofb.org\/ca\/wp-json\/wp\/v2\/posts"}],"about":[{"href":"https:\/\/www.cofb.org\/ca\/wp-json\/wp\/v2\/types\/post"}],"author":[{"embeddable":true,"href":"https:\/\/www.cofb.org\/ca\/wp-json\/wp\/v2\/users\/10"}],"replies":[{"embeddable":true,"href":"https:\/\/www.cofb.org\/ca\/wp-json\/wp\/v2\/comments?post=82102"}],"version-history":[{"count":19,"href":"https:\/\/www.cofb.org\/ca\/wp-json\/wp\/v2\/posts\/82102\/revisions"}],"predecessor-version":[{"id":82140,"href":"https:\/\/www.cofb.org\/ca\/wp-json\/wp\/v2\/posts\/82102\/revisions\/82140"}],"wp:featuredmedia":[{"embeddable":true,"href":"https:\/\/www.cofb.org\/ca\/wp-json\/wp\/v2\/media\/82142"}],"wp:attachment":[{"href":"https:\/\/www.cofb.org\/ca\/wp-json\/wp\/v2\/media?parent=82102"}],"wp:term":[{"taxonomy":"category","embeddable":true,"href":"https:\/\/www.cofb.org\/ca\/wp-json\/wp\/v2\/categories?post=82102"},{"taxonomy":"post_tag","embeddable":true,"href":"https:\/\/www.cofb.org\/ca\/wp-json\/wp\/v2\/tags?post=82102"}],"curies":[{"name":"wp","href":"https:\/\/api.w.org\/{rel}","templated":true}]}}