{"id":81898,"date":"2025-07-15T11:18:33","date_gmt":"2025-07-15T11:18:33","guid":{"rendered":"https:\/\/www.cofb.org\/?p=81898"},"modified":"2025-07-17T11:19:50","modified_gmt":"2025-07-17T11:19:50","slug":"lestres-i-lansietat-dels-animals-de-companyia-solucions-des-de-la-farmacia","status":"publish","type":"post","link":"https:\/\/www.cofb.org\/ca\/2025\/07\/15\/lestres-i-lansietat-dels-animals-de-companyia-solucions-des-de-la-farmacia\/","title":{"rendered":"L&#8217;estr\u00e8s i l&#8217;ansietat dels animals de companyia: solucions des de la farm\u00e0cia"},"content":{"rendered":"\n<p>El passat 11 de juny, al<strong> Col\u00b7legi de Farmac\u00e8utics de Barcelona (COFB)<\/strong> es va celebrar la confer\u00e8ncia \u201c<strong>Estr\u00e8s i ansietat en animals de companyia<\/strong>\u201d, amb el patrocini de <a href=\"https:\/\/www.heel.es\/\" target=\"_blank\" rel=\"noreferrer noopener\">Heel<\/a>. La sessi\u00f3 va comptar amb la participaci\u00f3 d&#8217;<strong>Alberto P\u00e9rez<\/strong>, gerent de Veterin\u00e0ria de Laboratoris Heel, i de <strong>Joan Pujadas<\/strong>, titular de la farm\u00e0cia Arimany, a Granollers. <strong>Josep Allu\u00e9<\/strong>, vocal de Plantes Medicinals i Homeopatia del COFB, va moderar la formaci\u00f3.<\/p>\n\n\n\n<p>Els <strong>objectius <\/strong>de la confer\u00e8ncia, adre\u00e7ada a farmac\u00e8utics i farmac\u00e8utiques comunit\u00e0ries, van ser entendre <strong>l\u2019impacte de l\u2019ansietat i l\u2019estr\u00e8s en els animals<\/strong> de <strong>companyia<\/strong>, recon\u00e8ixer els<strong> factors desencadenants de l\u2019estr\u00e8s <\/strong>i <strong>l\u2019ansietat <\/strong>en les mascotes, donar a con\u00e8ixer les <strong>diferents solucions<\/strong> per a<strong> quadres d\u2019estr\u00e8s i ansietat en gossos i gats<\/strong> i aportar els coneixements per treballar correctament la categoria de productes veterinaris a l\u2019oficina de farm\u00e0cia.<\/p>\n\n\n\n<figure class=\"wp-block-image size-large\"><a href=\"https:\/\/www.cofb.org\/wp-content\/uploads\/2025\/07\/COFB_ESTRES_ANIMALS_17072025_01-scaled.jpg\" target=\"_blank\" rel=\" noreferrer noopener\"><img fetchpriority=\"high\" decoding=\"async\" width=\"1024\" height=\"576\" src=\"https:\/\/www.cofb.org\/wp-content\/uploads\/2025\/07\/COFB_ESTRES_ANIMALS_17072025_01-1024x576.jpg\" alt=\"\" class=\"wp-image-81984\" srcset=\"https:\/\/www.cofb.org\/wp-content\/uploads\/2025\/07\/COFB_ESTRES_ANIMALS_17072025_01-1024x576.jpg 1024w, https:\/\/www.cofb.org\/wp-content\/uploads\/2025\/07\/COFB_ESTRES_ANIMALS_17072025_01-300x169.jpg 300w, https:\/\/www.cofb.org\/wp-content\/uploads\/2025\/07\/COFB_ESTRES_ANIMALS_17072025_01-768x432.jpg 768w, https:\/\/www.cofb.org\/wp-content\/uploads\/2025\/07\/COFB_ESTRES_ANIMALS_17072025_01-1536x864.jpg 1536w, https:\/\/www.cofb.org\/wp-content\/uploads\/2025\/07\/COFB_ESTRES_ANIMALS_17072025_01-2048x1152.jpg 2048w, https:\/\/www.cofb.org\/wp-content\/uploads\/2025\/07\/COFB_ESTRES_ANIMALS_17072025_01-18x10.jpg 18w\" sizes=\"(max-width: 1024px) 100vw, 1024px\" \/><\/a><figcaption class=\"wp-element-caption\">Josep Allu\u00e9 va moderar la confer\u00e8ncia a la seu del COFB.<\/figcaption><\/figure>\n\n\n\n<p>En la presentaci\u00f3 de la formaci\u00f3, <strong>Josep Allu\u00e9<\/strong> va explicar \u201ccom les <strong>farm\u00e0cies <\/strong>poden <strong>afrontar les necessitats de les mascotes<\/strong>, uns nous pacients que han de rebre els mateixos criteris farmac\u00e8utics que les persones, amb l\u2019objectiu de buscar el producte m\u00e9s adient\u201d. Va afegir que \u201cel <strong>mercat <\/strong>marca clar que cada vegada <strong>hi ha m\u00e9s llargs amb gossos i gats<\/strong>, i per aix\u00f2 \u00e9s especialment important que el farmac\u00e8utic conegui <strong>com poder ajudar als clients que tinguin mascotes<\/strong>. La categoria veterin\u00e0ria gaireb\u00e9 no s\u2019ha explotat a la farm\u00e0cia i t\u00e9 molt de potencial\u201d.<\/p>\n\n\n\n<h2 class=\"wp-block-heading\">Causes d&#8217;estr\u00e8s en les mascotes<\/h2>\n\n\n\n<p>En la primera de les presentacions,<strong> Alberto P\u00e9rez<\/strong> la va arrencar amb les causes i situacions que poden generar estr\u00e8s en les mascotes, les quals s\u00f3n molt <strong>diferents <\/strong>de les que <strong>pateixen les persones<\/strong>. En va destacar tres:<strong> soroll<\/strong>, <strong>separaci\u00f3 <\/strong>i <strong>canvi d&#8217;h\u00e0bits<\/strong>. En primer lloc, &#8220;qualsevol <strong>soroll fort<\/strong>, com poden ser els petards o les tempestes, poden <strong>generar <\/strong>un <strong>estr\u00e8s <\/strong>enorme tant a <strong>gossos <\/strong>com <strong>gats<\/strong>. Aquests sorolls els hi generen por i els hi desperta una <strong>resposta immediata de protecci\u00f3<\/strong>\u201d, recordant que &#8220;l<strong>\u2019agudesa auditiva<\/strong> d\u2019aquests animals \u00e9s molt diferent de la humana a causa de la seva constituci\u00f3&#8221;.<\/p>\n\n\n\n<figure class=\"wp-block-image size-large\"><a href=\"https:\/\/www.cofb.org\/wp-content\/uploads\/2025\/07\/COFB_ESTRES_ANIMALS_17072025_02-scaled.jpg\" target=\"_blank\" rel=\" noreferrer noopener\"><img decoding=\"async\" width=\"1024\" height=\"576\" src=\"https:\/\/www.cofb.org\/wp-content\/uploads\/2025\/07\/COFB_ESTRES_ANIMALS_17072025_02-1024x576.jpg\" alt=\"\" class=\"wp-image-81986\" srcset=\"https:\/\/www.cofb.org\/wp-content\/uploads\/2025\/07\/COFB_ESTRES_ANIMALS_17072025_02-1024x576.jpg 1024w, https:\/\/www.cofb.org\/wp-content\/uploads\/2025\/07\/COFB_ESTRES_ANIMALS_17072025_02-300x169.jpg 300w, https:\/\/www.cofb.org\/wp-content\/uploads\/2025\/07\/COFB_ESTRES_ANIMALS_17072025_02-768x432.jpg 768w, https:\/\/www.cofb.org\/wp-content\/uploads\/2025\/07\/COFB_ESTRES_ANIMALS_17072025_02-1536x864.jpg 1536w, https:\/\/www.cofb.org\/wp-content\/uploads\/2025\/07\/COFB_ESTRES_ANIMALS_17072025_02-2048x1152.jpg 2048w, https:\/\/www.cofb.org\/wp-content\/uploads\/2025\/07\/COFB_ESTRES_ANIMALS_17072025_02-18x10.jpg 18w\" sizes=\"(max-width: 1024px) 100vw, 1024px\" \/><\/a><figcaption class=\"wp-element-caption\">Alberto P\u00e9rez, en un moment de la seva presentaci\u00f3.<\/figcaption><\/figure>\n\n\n\n<p>En segon lloc, <strong>l\u2019ansietat per separaci\u00f3<\/strong> \u00e9s un altre cas <strong>molt complex de resoldre<\/strong>, ja que si &#8220;la persona marxa un mes de viatge o se\u2019n van a treballar fora, l&#8217;animal el troba a faltar\u201d. Per acabar, P\u00e9rez va parlar del<strong> canvi d\u2019h\u00e0bits<\/strong>: \u201cEls<strong> gats s\u00f3n molt met\u00f2dics<\/strong> i qualsevol <strong>modificaci\u00f3 en la rutina <\/strong>pot afectar-los. Arriben a patir alteracions molt freq\u00fcents\u201d.<\/p>\n\n\n\n<p>Per finalitzar la seva presentaci\u00f3, es va referir als<strong> trastorns <strong>obsessivocompulsius<\/strong><\/strong> dels animals: \u201cQuan un gos es menja peces de roba o es persegueix la cua \u00e9s sin\u00f2nim que <strong>necessita cremar l\u2019energia que t\u00e9<\/strong>. Es pot recomanar l&#8217;exercici f\u00edsic per evitar que els animals pateixin aquests trastorns&#8221;.<\/p>\n\n\n\n<h2 class=\"wp-block-heading\">El m\u00f3n de la veterin\u00e0ria dins la farm\u00e0cia <\/h2>\n\n\n\n<p>&#8220;El m\u00f3n de la <strong>veterin\u00e0ria <\/strong>dins l&#8217;oficina de <strong>farm\u00e0cia <\/strong>\u00e9s una nova <strong>oportunitat <\/strong>que no es pot desaprofitar&#8221;, va afirmar Joan Pujadas durant la segona part de la confer\u00e8ncia. En aquest context, va indicar que &#8220;els <strong>gossos <\/strong>i els <strong>gats<\/strong>, amb els seus gustos<strong>, <\/strong>manies i necessitats, s\u2019han <strong>integrat <\/strong>dins les <strong>fam\u00edlies<\/strong>. <strong>Una de cada dues <\/strong>persones que entren a la farm\u00e0cia tenen <strong>mascota <\/strong>a <strong>casa<\/strong>\u201d.<\/p>\n\n\n\n<p>A m\u00e9s, es va fer pal\u00e8s<strong> el canvi d\u2019alimentaci\u00f3 <\/strong>que han patit els animals en els \u00faltims&nbsp;anys: \u201cAbans es donaven<strong> les sobres<\/strong>, per\u00f2 ara s&#8217;ha avan\u00e7at dins l&#8217;alimentaci\u00f3 animal&#8221;. Enfront aquest escenari i davant les not\u00edcies falses que hi ha a internet, &#8220;molts clients demanen consell a les farm\u00e0cies&#8221;. La feina dels farmac\u00e8utics\/ques \u00e9s oferir<strong> aquesta informaci\u00f3<\/strong> <strong>vera\u00e7 <\/strong>i guiar als seus pacients perqu\u00e8 tinguin <strong>criteri <\/strong>en aquest escenari&#8221;.<\/p>\n\n\n\n<figure class=\"wp-block-image size-large\"><a href=\"https:\/\/www.cofb.org\/wp-content\/uploads\/2025\/07\/COFB_ESTRES_ANIMALS_17072025_00-scaled.jpg\" target=\"_blank\" rel=\" noreferrer noopener\"><img decoding=\"async\" width=\"1024\" height=\"576\" src=\"https:\/\/www.cofb.org\/wp-content\/uploads\/2025\/07\/COFB_ESTRES_ANIMALS_17072025_00-1024x576.jpg\" alt=\"\" class=\"wp-image-81983\" srcset=\"https:\/\/www.cofb.org\/wp-content\/uploads\/2025\/07\/COFB_ESTRES_ANIMALS_17072025_00-1024x576.jpg 1024w, https:\/\/www.cofb.org\/wp-content\/uploads\/2025\/07\/COFB_ESTRES_ANIMALS_17072025_00-300x169.jpg 300w, https:\/\/www.cofb.org\/wp-content\/uploads\/2025\/07\/COFB_ESTRES_ANIMALS_17072025_00-768x432.jpg 768w, https:\/\/www.cofb.org\/wp-content\/uploads\/2025\/07\/COFB_ESTRES_ANIMALS_17072025_00-1536x864.jpg 1536w, https:\/\/www.cofb.org\/wp-content\/uploads\/2025\/07\/COFB_ESTRES_ANIMALS_17072025_00-2048x1152.jpg 2048w, https:\/\/www.cofb.org\/wp-content\/uploads\/2025\/07\/COFB_ESTRES_ANIMALS_17072025_00-18x10.jpg 18w\" sizes=\"(max-width: 1024px) 100vw, 1024px\" \/><\/a><figcaption class=\"wp-element-caption\">Joan Pujadas va explicar el canvi d&#8217;alimentaci\u00f3 que ha afectat als animals en els \u00faltims anys.<\/figcaption><\/figure>\n\n\n\n<p>Finalment, Pujades va entrar m\u00e9s en detall en els <strong>diferents tipus de pinso<\/strong> que mengen els animals avui dia: \u201cEl m\u00e9s com\u00fa \u00e9s el<strong> pinso complet,<\/strong> que permet mantenir els <strong>nivells nutricionals adequats<\/strong> pels animals. Tamb\u00e9 existeix el<strong> pinso compost<\/strong> i d\u2019altres que tenen<strong> objectius espec\u00edfics<\/strong>, com \u00e9s el <strong>d\u2019aprimar-se o engreixar-se<\/strong>\u201d.<\/p>\n\n\n\n<p class=\"has-text-align-right\"><strong>Amb el patrocini de:<\/strong><\/p>\n\n\n\n<figure class=\"wp-block-image alignright size-large is-resized\"><a href=\"https:\/\/www.heel.es\/\" target=\"_blank\" rel=\" noreferrer noopener\"><img loading=\"lazy\" decoding=\"async\" width=\"1024\" height=\"301\" src=\"https:\/\/www.cofb.org\/wp-content\/uploads\/2025\/07\/HEEL_2025_transparent-1024x301.png\" alt=\"\" class=\"wp-image-81918\" style=\"width:204px;height:auto\" srcset=\"https:\/\/www.cofb.org\/wp-content\/uploads\/2025\/07\/HEEL_2025_transparent-1024x301.png 1024w, https:\/\/www.cofb.org\/wp-content\/uploads\/2025\/07\/HEEL_2025_transparent-300x88.png 300w, https:\/\/www.cofb.org\/wp-content\/uploads\/2025\/07\/HEEL_2025_transparent-768x226.png 768w, https:\/\/www.cofb.org\/wp-content\/uploads\/2025\/07\/HEEL_2025_transparent-1536x451.png 1536w, https:\/\/www.cofb.org\/wp-content\/uploads\/2025\/07\/HEEL_2025_transparent-2048x601.png 2048w, https:\/\/www.cofb.org\/wp-content\/uploads\/2025\/07\/HEEL_2025_transparent-18x5.png 18w\" sizes=\"(max-width: 1024px) 100vw, 1024px\" \/><\/a><\/figure>\n\n\n\n<p><\/p>\n","protected":false},"excerpt":{"rendered":"<p>El passat 11 de juny, al Col\u00b7legi de Farmac\u00e8utics de Barcelona (COFB) es va celebrar la confer\u00e8ncia \u201cEstr\u00e8s i ansietat en animals de companyia\u201d, amb el patrocini de Heel. La sessi\u00f3 va comptar amb la participaci\u00f3 d&#8217;Alberto P\u00e9rez, gerent de Veterin\u00e0ria de Laboratoris Heel, i de Joan Pujadas, titular de [&hellip;]<\/p>\n","protected":false},"author":10,"featured_media":81985,"comment_status":"closed","ping_status":"closed","sticky":false,"template":"","format":"standard","meta":{"_uag_custom_page_level_css":"","site-sidebar-layout":"default","site-content-layout":"","ast-site-content-layout":"default","site-content-style":"default","site-sidebar-style":"default","ast-global-header-display":"","ast-banner-title-visibility":"","ast-main-header-display":"","ast-hfb-above-header-display":"","ast-hfb-below-header-display":"","ast-hfb-mobile-header-display":"","site-post-title":"","ast-breadcrumbs-content":"","ast-featured-img":"disabled","footer-sml-layout":"","theme-transparent-header-meta":"","adv-header-id-meta":"","stick-header-meta":"","header-above-stick-meta":"","header-main-stick-meta":"","header-below-stick-meta":"","astra-migrate-meta-layouts":"set","ast-page-background-enabled":"default","ast-page-background-meta":{"desktop":{"background-color":"var(--ast-global-color-4)","background-image":"","background-repeat":"repeat","background-position":"center center","background-size":"auto","background-attachment":"scroll","background-type":"","background-media":"","overlay-type":"","overlay-color":"","overlay-opacity":"","overlay-gradient":""},"tablet":{"background-color":"","background-image":"","background-repeat":"repeat","background-position":"center center","background-size":"auto","background-attachment":"scroll","background-type":"","background-media":"","overlay-type":"","overlay-color":"","overlay-opacity":"","overlay-gradient":""},"mobile":{"background-color":"","background-image":"","background-repeat":"repeat","background-position":"center center","background-size":"auto","background-attachment":"scroll","background-type":"","background-media":"","overlay-type":"","overlay-color":"","overlay-opacity":"","overlay-gradient":""}},"ast-content-background-meta":{"desktop":{"background-color":"var(--ast-global-color-5)","background-image":"","background-repeat":"repeat","background-position":"center center","background-size":"auto","background-attachment":"scroll","background-type":"","background-media":"","overlay-type":"","overlay-color":"","overlay-opacity":"","overlay-gradient":""},"tablet":{"background-color":"var(--ast-global-color-5)","background-image":"","background-repeat":"repeat","background-position":"center center","background-size":"auto","background-attachment":"scroll","background-type":"","background-media":"","overlay-type":"","overlay-color":"","overlay-opacity":"","overlay-gradient":""},"mobile":{"background-color":"var(--ast-global-color-5)","background-image":"","background-repeat":"repeat","background-position":"center center","background-size":"auto","background-attachment":"scroll","background-type":"","background-media":"","overlay-type":"","overlay-color":"","overlay-opacity":"","overlay-gradient":""}},"footnotes":""},"categories":[23,57],"tags":[5315,468,689,18,19,53,70,5064,5068],"class_list":["post-81898","post","type-post","status-publish","format-standard","has-post-thumbnail","hentry","category-destacats","category-mon-collegial","tag-animals","tag-ansietat","tag-barcelona","tag-cofb","tag-collegi-de-farmaceutics-de-barcelona","tag-farmaceutics","tag-formacio","tag-medicaments-veterinaris","tag-veterinaria"],"yoast_head":"<!-- This site is optimized with the Yoast SEO plugin v22.4 - https:\/\/yoast.com\/wordpress\/plugins\/seo\/ -->\n<title>L&#039;estr\u00e8s i l&#039;ansietat dels animals de companyia: solucions des de la farm\u00e0cia - Col\u00b7legi de Farmac\u00e8utics de Barcelona<\/title>\n<meta name=\"description\" content=\"El passat 11 de juny, el COFB va realitzar la confer\u00e8ncia lligad a \u201cEstr\u00e8s i ansietat en animals de companyia\u201d\" \/>\n<meta name=\"robots\" content=\"index, follow, max-snippet:-1, max-image-preview:large, max-video-preview:-1\" \/>\n<link rel=\"canonical\" href=\"https:\/\/www.cofb.org\/ca\/2025\/07\/15\/lestres-i-lansietat-dels-animals-de-companyia-solucions-des-de-la-farmacia\/\" \/>\n<meta property=\"og:locale\" content=\"ca_ES\" \/>\n<meta property=\"og:type\" content=\"article\" \/>\n<meta property=\"og:title\" content=\"L&#039;estr\u00e8s i l&#039;ansietat dels animals de companyia: solucions des de la farm\u00e0cia - Col\u00b7legi de Farmac\u00e8utics de Barcelona\" \/>\n<meta property=\"og:description\" content=\"El passat 11 de juny, el COFB va realitzar la confer\u00e8ncia lligad a \u201cEstr\u00e8s i ansietat en animals de companyia\u201d\" \/>\n<meta property=\"og:url\" content=\"https:\/\/www.cofb.org\/ca\/2025\/07\/15\/lestres-i-lansietat-dels-animals-de-companyia-solucions-des-de-la-farmacia\/\" \/>\n<meta property=\"og:site_name\" content=\"Col\u00b7legi de Farmac\u00e8utics de Barcelona\" \/>\n<meta property=\"article:publisher\" content=\"https:\/\/www.facebook.com\/farmaceuticsbcn\/\" \/>\n<meta property=\"article:published_time\" content=\"2025-07-15T11:18:33+00:00\" \/>\n<meta property=\"article:modified_time\" content=\"2025-07-17T11:19:50+00:00\" \/>\n<meta property=\"og:image\" content=\"https:\/\/www.cofb.org\/wp-content\/uploads\/2025\/07\/COFB_ESTRES_ANIMALS_17072025_00-1-scaled.jpg\" \/>\n\t<meta property=\"og:image:width\" content=\"2560\" \/>\n\t<meta property=\"og:image:height\" content=\"1440\" \/>\n\t<meta property=\"og:image:type\" content=\"image\/jpeg\" \/>\n<meta name=\"author\" content=\"Xavier Magraner\" \/>\n<meta name=\"twitter:card\" content=\"summary_large_image\" \/>\n<meta name=\"twitter:creator\" content=\"@farmaceuticsbcn\" \/>\n<meta name=\"twitter:site\" content=\"@farmaceuticsbcn\" \/>\n<meta name=\"twitter:label1\" content=\"Escrit per\" \/>\n\t<meta name=\"twitter:data1\" content=\"Xavier Magraner\" \/>\n\t<meta name=\"twitter:label2\" content=\"Temps estimat de lectura\" \/>\n\t<meta name=\"twitter:data2\" content=\"5 minuts\" \/>\n<script type=\"application\/ld+json\" class=\"yoast-schema-graph\">{\"@context\":\"https:\/\/schema.org\",\"@graph\":[{\"@type\":\"Article\",\"@id\":\"https:\/\/www.cofb.org\/2025\/07\/15\/lestres-i-lansietat-dels-animals-de-companyia-solucions-des-de-la-farmacia\/#article\",\"isPartOf\":{\"@id\":\"https:\/\/www.cofb.org\/2025\/07\/15\/lestres-i-lansietat-dels-animals-de-companyia-solucions-des-de-la-farmacia\/\"},\"author\":{\"name\":\"Xavier Magraner\",\"@id\":\"https:\/\/www.cofb.org\/#\/schema\/person\/e46d741cfb92c985a083d163d8270ae4\"},\"headline\":\"L&#8217;estr\u00e8s i l&#8217;ansietat dels animals de companyia: solucions des de la farm\u00e0cia\",\"datePublished\":\"2025-07-15T11:18:33+00:00\",\"dateModified\":\"2025-07-17T11:19:50+00:00\",\"mainEntityOfPage\":{\"@id\":\"https:\/\/www.cofb.org\/2025\/07\/15\/lestres-i-lansietat-dels-animals-de-companyia-solucions-des-de-la-farmacia\/\"},\"wordCount\":782,\"publisher\":{\"@id\":\"https:\/\/www.cofb.org\/#organization\"},\"image\":{\"@id\":\"https:\/\/www.cofb.org\/2025\/07\/15\/lestres-i-lansietat-dels-animals-de-companyia-solucions-des-de-la-farmacia\/#primaryimage\"},\"thumbnailUrl\":\"https:\/\/www.cofb.org\/wp-content\/uploads\/2025\/07\/COFB_ESTRES_ANIMALS_17072025_00-1-scaled.jpg\",\"keywords\":[\"animals\",\"ansietat\",\"Barcelona\",\"COFB\",\"Col\u00b7legi de Farmac\u00e8utics de Barcelona\",\"farmac\u00e8utics\",\"Formaci\u00f3\",\"medicaments veterinaris\",\"veterin\u00e0ria\"],\"articleSection\":[\"Destacats\",\"M\u00f3n col\u00b7legial\"],\"inLanguage\":\"ca\"},{\"@type\":\"WebPage\",\"@id\":\"https:\/\/www.cofb.org\/2025\/07\/15\/lestres-i-lansietat-dels-animals-de-companyia-solucions-des-de-la-farmacia\/\",\"url\":\"https:\/\/www.cofb.org\/2025\/07\/15\/lestres-i-lansietat-dels-animals-de-companyia-solucions-des-de-la-farmacia\/\",\"name\":\"L'estr\u00e8s i l'ansietat dels animals de companyia: solucions des de la farm\u00e0cia - Col\u00b7legi de Farmac\u00e8utics de Barcelona\",\"isPartOf\":{\"@id\":\"https:\/\/www.cofb.org\/#website\"},\"primaryImageOfPage\":{\"@id\":\"https:\/\/www.cofb.org\/2025\/07\/15\/lestres-i-lansietat-dels-animals-de-companyia-solucions-des-de-la-farmacia\/#primaryimage\"},\"image\":{\"@id\":\"https:\/\/www.cofb.org\/2025\/07\/15\/lestres-i-lansietat-dels-animals-de-companyia-solucions-des-de-la-farmacia\/#primaryimage\"},\"thumbnailUrl\":\"https:\/\/www.cofb.org\/wp-content\/uploads\/2025\/07\/COFB_ESTRES_ANIMALS_17072025_00-1-scaled.jpg\",\"datePublished\":\"2025-07-15T11:18:33+00:00\",\"dateModified\":\"2025-07-17T11:19:50+00:00\",\"description\":\"El passat 11 de juny, el COFB va realitzar la confer\u00e8ncia lligad a \u201cEstr\u00e8s i ansietat en animals de companyia\u201d\",\"breadcrumb\":{\"@id\":\"https:\/\/www.cofb.org\/2025\/07\/15\/lestres-i-lansietat-dels-animals-de-companyia-solucions-des-de-la-farmacia\/#breadcrumb\"},\"inLanguage\":\"ca\",\"potentialAction\":[{\"@type\":\"ReadAction\",\"target\":[\"https:\/\/www.cofb.org\/2025\/07\/15\/lestres-i-lansietat-dels-animals-de-companyia-solucions-des-de-la-farmacia\/\"]}]},{\"@type\":\"ImageObject\",\"inLanguage\":\"ca\",\"@id\":\"https:\/\/www.cofb.org\/2025\/07\/15\/lestres-i-lansietat-dels-animals-de-companyia-solucions-des-de-la-farmacia\/#primaryimage\",\"url\":\"https:\/\/www.cofb.org\/wp-content\/uploads\/2025\/07\/COFB_ESTRES_ANIMALS_17072025_00-1-scaled.jpg\",\"contentUrl\":\"https:\/\/www.cofb.org\/wp-content\/uploads\/2025\/07\/COFB_ESTRES_ANIMALS_17072025_00-1-scaled.jpg\",\"width\":2560,\"height\":1440},{\"@type\":\"BreadcrumbList\",\"@id\":\"https:\/\/www.cofb.org\/2025\/07\/15\/lestres-i-lansietat-dels-animals-de-companyia-solucions-des-de-la-farmacia\/#breadcrumb\",\"itemListElement\":[{\"@type\":\"ListItem\",\"position\":1,\"name\":\"Inici\",\"item\":\"https:\/\/novaorg.cofb.net\/\"},{\"@type\":\"ListItem\",\"position\":2,\"name\":\"L&#8217;estr\u00e8s i l&#8217;ansietat dels animals de companyia: solucions des de la farm\u00e0cia\"}]},{\"@type\":\"WebSite\",\"@id\":\"https:\/\/www.cofb.org\/#website\",\"url\":\"https:\/\/www.cofb.org\/\",\"name\":\"Col\u00b7legi de Farmac\u00e8utics de Barcelona\",\"description\":\"\",\"publisher\":{\"@id\":\"https:\/\/www.cofb.org\/#organization\"},\"potentialAction\":[{\"@type\":\"SearchAction\",\"target\":{\"@type\":\"EntryPoint\",\"urlTemplate\":\"https:\/\/www.cofb.org\/?s={search_term_string}\"},\"query-input\":\"required name=search_term_string\"}],\"inLanguage\":\"ca\"},{\"@type\":\"Organization\",\"@id\":\"https:\/\/www.cofb.org\/#organization\",\"name\":\"Col\u00b7legi de Farmac\u00e8utics de Barcelona\",\"url\":\"https:\/\/www.cofb.org\/\",\"logo\":{\"@type\":\"ImageObject\",\"inLanguage\":\"ca\",\"@id\":\"https:\/\/www.cofb.org\/#\/schema\/logo\/image\/\",\"url\":\"https:\/\/www.cofb.org\/wp-content\/uploads\/2023\/11\/cropped-Logotip-COFB.png\",\"contentUrl\":\"https:\/\/www.cofb.org\/wp-content\/uploads\/2023\/11\/cropped-Logotip-COFB.png\",\"width\":500,\"height\":105,\"caption\":\"Col\u00b7legi de Farmac\u00e8utics de Barcelona\"},\"image\":{\"@id\":\"https:\/\/www.cofb.org\/#\/schema\/logo\/image\/\"},\"sameAs\":[\"https:\/\/www.facebook.com\/farmaceuticsbcn\/\",\"https:\/\/twitter.com\/farmaceuticsbcn\",\"https:\/\/www.instagram.com\/farmaceuticsbcn\/\",\"https:\/\/www.linkedin.com\/company\/farmaceuticsbcn\/\"]},{\"@type\":\"Person\",\"@id\":\"https:\/\/www.cofb.org\/#\/schema\/person\/e46d741cfb92c985a083d163d8270ae4\",\"name\":\"Xavier Magraner\",\"image\":{\"@type\":\"ImageObject\",\"inLanguage\":\"ca\",\"@id\":\"https:\/\/www.cofb.org\/#\/schema\/person\/image\/\",\"url\":\"https:\/\/secure.gravatar.com\/avatar\/aa0d1d4df59f71f88eebd5796c5388ff41c58d83c5301eb6e1d65646a289c37d?s=96&d=mm&r=g\",\"contentUrl\":\"https:\/\/secure.gravatar.com\/avatar\/aa0d1d4df59f71f88eebd5796c5388ff41c58d83c5301eb6e1d65646a289c37d?s=96&d=mm&r=g\",\"caption\":\"Xavier Magraner\"},\"url\":\"https:\/\/www.cofb.org\/ca\/author\/xmagraner\/\"}]}<\/script>\n<!-- \/ Yoast SEO plugin. -->","yoast_head_json":{"title":"L'estr\u00e8s i l'ansietat dels animals de companyia: solucions des de la farm\u00e0cia - Col\u00b7legi de Farmac\u00e8utics de Barcelona","description":"El passat 11 de juny, el COFB va realitzar la confer\u00e8ncia lligad a \u201cEstr\u00e8s i ansietat en animals de companyia\u201d","robots":{"index":"index","follow":"follow","max-snippet":"max-snippet:-1","max-image-preview":"max-image-preview:large","max-video-preview":"max-video-preview:-1"},"canonical":"https:\/\/www.cofb.org\/ca\/2025\/07\/15\/lestres-i-lansietat-dels-animals-de-companyia-solucions-des-de-la-farmacia\/","og_locale":"ca_ES","og_type":"article","og_title":"L'estr\u00e8s i l'ansietat dels animals de companyia: solucions des de la farm\u00e0cia - Col\u00b7legi de Farmac\u00e8utics de Barcelona","og_description":"El passat 11 de juny, el COFB va realitzar la confer\u00e8ncia lligad a \u201cEstr\u00e8s i ansietat en animals de companyia\u201d","og_url":"https:\/\/www.cofb.org\/ca\/2025\/07\/15\/lestres-i-lansietat-dels-animals-de-companyia-solucions-des-de-la-farmacia\/","og_site_name":"Col\u00b7legi de Farmac\u00e8utics de Barcelona","article_publisher":"https:\/\/www.facebook.com\/farmaceuticsbcn\/","article_published_time":"2025-07-15T11:18:33+00:00","article_modified_time":"2025-07-17T11:19:50+00:00","og_image":[{"width":2560,"height":1440,"url":"https:\/\/www.cofb.org\/wp-content\/uploads\/2025\/07\/COFB_ESTRES_ANIMALS_17072025_00-1-scaled.jpg","type":"image\/jpeg"}],"author":"Xavier Magraner","twitter_card":"summary_large_image","twitter_creator":"@farmaceuticsbcn","twitter_site":"@farmaceuticsbcn","twitter_misc":{"Escrit per":"Xavier Magraner","Temps estimat de lectura":"5 minuts"},"schema":{"@context":"https:\/\/schema.org","@graph":[{"@type":"Article","@id":"https:\/\/www.cofb.org\/2025\/07\/15\/lestres-i-lansietat-dels-animals-de-companyia-solucions-des-de-la-farmacia\/#article","isPartOf":{"@id":"https:\/\/www.cofb.org\/2025\/07\/15\/lestres-i-lansietat-dels-animals-de-companyia-solucions-des-de-la-farmacia\/"},"author":{"name":"Xavier Magraner","@id":"https:\/\/www.cofb.org\/#\/schema\/person\/e46d741cfb92c985a083d163d8270ae4"},"headline":"L&#8217;estr\u00e8s i l&#8217;ansietat dels animals de companyia: solucions des de la farm\u00e0cia","datePublished":"2025-07-15T11:18:33+00:00","dateModified":"2025-07-17T11:19:50+00:00","mainEntityOfPage":{"@id":"https:\/\/www.cofb.org\/2025\/07\/15\/lestres-i-lansietat-dels-animals-de-companyia-solucions-des-de-la-farmacia\/"},"wordCount":782,"publisher":{"@id":"https:\/\/www.cofb.org\/#organization"},"image":{"@id":"https:\/\/www.cofb.org\/2025\/07\/15\/lestres-i-lansietat-dels-animals-de-companyia-solucions-des-de-la-farmacia\/#primaryimage"},"thumbnailUrl":"https:\/\/www.cofb.org\/wp-content\/uploads\/2025\/07\/COFB_ESTRES_ANIMALS_17072025_00-1-scaled.jpg","keywords":["animals","ansietat","Barcelona","COFB","Col\u00b7legi de Farmac\u00e8utics de Barcelona","farmac\u00e8utics","Formaci\u00f3","medicaments veterinaris","veterin\u00e0ria"],"articleSection":["Destacats","M\u00f3n col\u00b7legial"],"inLanguage":"ca"},{"@type":"WebPage","@id":"https:\/\/www.cofb.org\/2025\/07\/15\/lestres-i-lansietat-dels-animals-de-companyia-solucions-des-de-la-farmacia\/","url":"https:\/\/www.cofb.org\/2025\/07\/15\/lestres-i-lansietat-dels-animals-de-companyia-solucions-des-de-la-farmacia\/","name":"L'estr\u00e8s i l'ansietat dels animals de companyia: solucions des de la farm\u00e0cia - Col\u00b7legi de Farmac\u00e8utics de Barcelona","isPartOf":{"@id":"https:\/\/www.cofb.org\/#website"},"primaryImageOfPage":{"@id":"https:\/\/www.cofb.org\/2025\/07\/15\/lestres-i-lansietat-dels-animals-de-companyia-solucions-des-de-la-farmacia\/#primaryimage"},"image":{"@id":"https:\/\/www.cofb.org\/2025\/07\/15\/lestres-i-lansietat-dels-animals-de-companyia-solucions-des-de-la-farmacia\/#primaryimage"},"thumbnailUrl":"https:\/\/www.cofb.org\/wp-content\/uploads\/2025\/07\/COFB_ESTRES_ANIMALS_17072025_00-1-scaled.jpg","datePublished":"2025-07-15T11:18:33+00:00","dateModified":"2025-07-17T11:19:50+00:00","description":"El passat 11 de juny, el COFB va realitzar la confer\u00e8ncia lligad a \u201cEstr\u00e8s i ansietat en animals de companyia\u201d","breadcrumb":{"@id":"https:\/\/www.cofb.org\/2025\/07\/15\/lestres-i-lansietat-dels-animals-de-companyia-solucions-des-de-la-farmacia\/#breadcrumb"},"inLanguage":"ca","potentialAction":[{"@type":"ReadAction","target":["https:\/\/www.cofb.org\/2025\/07\/15\/lestres-i-lansietat-dels-animals-de-companyia-solucions-des-de-la-farmacia\/"]}]},{"@type":"ImageObject","inLanguage":"ca","@id":"https:\/\/www.cofb.org\/2025\/07\/15\/lestres-i-lansietat-dels-animals-de-companyia-solucions-des-de-la-farmacia\/#primaryimage","url":"https:\/\/www.cofb.org\/wp-content\/uploads\/2025\/07\/COFB_ESTRES_ANIMALS_17072025_00-1-scaled.jpg","contentUrl":"https:\/\/www.cofb.org\/wp-content\/uploads\/2025\/07\/COFB_ESTRES_ANIMALS_17072025_00-1-scaled.jpg","width":2560,"height":1440},{"@type":"BreadcrumbList","@id":"https:\/\/www.cofb.org\/2025\/07\/15\/lestres-i-lansietat-dels-animals-de-companyia-solucions-des-de-la-farmacia\/#breadcrumb","itemListElement":[{"@type":"ListItem","position":1,"name":"Inici","item":"https:\/\/novaorg.cofb.net\/"},{"@type":"ListItem","position":2,"name":"L&#8217;estr\u00e8s i l&#8217;ansietat dels animals de companyia: solucions des de la farm\u00e0cia"}]},{"@type":"WebSite","@id":"https:\/\/www.cofb.org\/#website","url":"https:\/\/www.cofb.org\/","name":"Col\u00b7legi de Farmac\u00e8utics de Barcelona","description":"","publisher":{"@id":"https:\/\/www.cofb.org\/#organization"},"potentialAction":[{"@type":"SearchAction","target":{"@type":"EntryPoint","urlTemplate":"https:\/\/www.cofb.org\/?s={search_term_string}"},"query-input":"required name=search_term_string"}],"inLanguage":"ca"},{"@type":"Organization","@id":"https:\/\/www.cofb.org\/#organization","name":"Col\u00b7legi de Farmac\u00e8utics de Barcelona","url":"https:\/\/www.cofb.org\/","logo":{"@type":"ImageObject","inLanguage":"ca","@id":"https:\/\/www.cofb.org\/#\/schema\/logo\/image\/","url":"https:\/\/www.cofb.org\/wp-content\/uploads\/2023\/11\/cropped-Logotip-COFB.png","contentUrl":"https:\/\/www.cofb.org\/wp-content\/uploads\/2023\/11\/cropped-Logotip-COFB.png","width":500,"height":105,"caption":"Col\u00b7legi de Farmac\u00e8utics de Barcelona"},"image":{"@id":"https:\/\/www.cofb.org\/#\/schema\/logo\/image\/"},"sameAs":["https:\/\/www.facebook.com\/farmaceuticsbcn\/","https:\/\/twitter.com\/farmaceuticsbcn","https:\/\/www.instagram.com\/farmaceuticsbcn\/","https:\/\/www.linkedin.com\/company\/farmaceuticsbcn\/"]},{"@type":"Person","@id":"https:\/\/www.cofb.org\/#\/schema\/person\/e46d741cfb92c985a083d163d8270ae4","name":"Xavier Magraner","image":{"@type":"ImageObject","inLanguage":"ca","@id":"https:\/\/www.cofb.org\/#\/schema\/person\/image\/","url":"https:\/\/secure.gravatar.com\/avatar\/aa0d1d4df59f71f88eebd5796c5388ff41c58d83c5301eb6e1d65646a289c37d?s=96&d=mm&r=g","contentUrl":"https:\/\/secure.gravatar.com\/avatar\/aa0d1d4df59f71f88eebd5796c5388ff41c58d83c5301eb6e1d65646a289c37d?s=96&d=mm&r=g","caption":"Xavier Magraner"},"url":"https:\/\/www.cofb.org\/ca\/author\/xmagraner\/"}]}},"uagb_featured_image_src":{"full":["https:\/\/www.cofb.org\/wp-content\/uploads\/2025\/07\/COFB_ESTRES_ANIMALS_17072025_00-1-scaled.jpg",2560,1440,false],"thumbnail":["https:\/\/www.cofb.org\/wp-content\/uploads\/2025\/07\/COFB_ESTRES_ANIMALS_17072025_00-1-150x150.jpg",150,150,true],"medium":["https:\/\/www.cofb.org\/wp-content\/uploads\/2025\/07\/COFB_ESTRES_ANIMALS_17072025_00-1-300x169.jpg",300,169,true],"medium_large":["https:\/\/www.cofb.org\/wp-content\/uploads\/2025\/07\/COFB_ESTRES_ANIMALS_17072025_00-1-768x432.jpg",768,432,true],"large":["https:\/\/www.cofb.org\/wp-content\/uploads\/2025\/07\/COFB_ESTRES_ANIMALS_17072025_00-1-1024x576.jpg",1024,576,true],"1536x1536":["https:\/\/www.cofb.org\/wp-content\/uploads\/2025\/07\/COFB_ESTRES_ANIMALS_17072025_00-1-1536x864.jpg",1536,864,true],"2048x2048":["https:\/\/www.cofb.org\/wp-content\/uploads\/2025\/07\/COFB_ESTRES_ANIMALS_17072025_00-1-2048x1152.jpg",2048,1152,true],"trp-custom-language-flag":["https:\/\/www.cofb.org\/wp-content\/uploads\/2025\/07\/COFB_ESTRES_ANIMALS_17072025_00-1-18x10.jpg",18,10,true]},"uagb_author_info":{"display_name":"Xavier Magraner","author_link":"https:\/\/www.cofb.org\/ca\/author\/xmagraner\/"},"uagb_comment_info":0,"uagb_excerpt":"El passat 11 de juny, al Col\u00b7legi de Farmac\u00e8utics de Barcelona (COFB) es va celebrar la confer\u00e8ncia \u201cEstr\u00e8s i ansietat en animals de companyia\u201d, amb el patrocini de Heel. La sessi\u00f3 va comptar amb la participaci\u00f3 d&#8217;Alberto P\u00e9rez, gerent de Veterin\u00e0ria de Laboratoris Heel, i de Joan Pujadas, titular de [&hellip;]","_links":{"self":[{"href":"https:\/\/www.cofb.org\/ca\/wp-json\/wp\/v2\/posts\/81898","targetHints":{"allow":["GET"]}}],"collection":[{"href":"https:\/\/www.cofb.org\/ca\/wp-json\/wp\/v2\/posts"}],"about":[{"href":"https:\/\/www.cofb.org\/ca\/wp-json\/wp\/v2\/types\/post"}],"author":[{"embeddable":true,"href":"https:\/\/www.cofb.org\/ca\/wp-json\/wp\/v2\/users\/10"}],"replies":[{"embeddable":true,"href":"https:\/\/www.cofb.org\/ca\/wp-json\/wp\/v2\/comments?post=81898"}],"version-history":[{"count":33,"href":"https:\/\/www.cofb.org\/ca\/wp-json\/wp\/v2\/posts\/81898\/revisions"}],"predecessor-version":[{"id":82005,"href":"https:\/\/www.cofb.org\/ca\/wp-json\/wp\/v2\/posts\/81898\/revisions\/82005"}],"wp:featuredmedia":[{"embeddable":true,"href":"https:\/\/www.cofb.org\/ca\/wp-json\/wp\/v2\/media\/81985"}],"wp:attachment":[{"href":"https:\/\/www.cofb.org\/ca\/wp-json\/wp\/v2\/media?parent=81898"}],"wp:term":[{"taxonomy":"category","embeddable":true,"href":"https:\/\/www.cofb.org\/ca\/wp-json\/wp\/v2\/categories?post=81898"},{"taxonomy":"post_tag","embeddable":true,"href":"https:\/\/www.cofb.org\/ca\/wp-json\/wp\/v2\/tags?post=81898"}],"curies":[{"name":"wp","href":"https:\/\/api.w.org\/{rel}","templated":true}]}}