{"id":81869,"date":"2025-07-10T15:26:24","date_gmt":"2025-07-10T15:26:24","guid":{"rendered":"https:\/\/www.cofb.org\/?p=81869"},"modified":"2025-07-17T09:26:18","modified_gmt":"2025-07-17T09:26:18","slug":"actualitzacio-al-cofb-sobre-labordatge-de-les-infeccions-del-tracte-urinari-a-loficina-de-farmacia","status":"publish","type":"post","link":"https:\/\/www.cofb.org\/ca\/2025\/07\/10\/actualitzacio-al-cofb-sobre-labordatge-de-les-infeccions-del-tracte-urinari-a-loficina-de-farmacia\/","title":{"rendered":"Actualitzaci\u00f3 al COFB sobre l\u2019abordatge de les infeccions del tracte urinari a l&#8217;oficina de farm\u00e0cia"},"content":{"rendered":"\n<p>El <strong>Col\u00b7legi de Farmac\u00e8utics de Barcelona (COFB) <\/strong>va celebrar el 29 de maig la confer\u00e8ncia \u201c<strong>Actualitzaci\u00f3 en l\u2019abordatge de les infeccions del tracte urinari a l\u2019oficina de farm\u00e0cia<\/strong>\u201d, amb el patrocini de <a href=\"https:\/\/www.bionorica.es\/\" target=\"_blank\" rel=\"noreferrer noopener\">Bionorica<\/a>. La sessi\u00f3 va ser impartida per <strong>Rodrigo Orozco<\/strong>, cap del servei d\u2019Obstetr\u00edcia i ginecologia a <strong>l\u2019Hospital Quir\u00f3n Salud M\u00e0laga<\/strong>. El vocal de Plantes Medicinals i Homeopat\u00eda del COFB, <strong>Josep Allu\u00e9<\/strong>, va presentar la formaci\u00f3, adre\u00e7ada a farmac\u00e8utics i farmac\u00e8utiques col\u00b7legiats\/des.<\/p>\n\n\n\n<p>Els objectius de la confer\u00e8ncia van ser <strong>comprendre l\u2019epidemiologia de les infeccions de tracte urinari (ITU)<\/strong>,<strong> identificar el perfil del pacient<\/strong> amb ITU no complicada, <strong>diferenciar entre tractaments de prescripci\u00f3<\/strong>, <strong>medicaments de venda lliure <\/strong>i complements alimentaris, <strong>con\u00e8ixer alternatives fito terap\u00e8utiques<\/strong> amb evid\u00e8ncia cient\u00edfica, revisar les estrat\u00e8gies de prevenci\u00f3 i les<strong> mesures higi\u00e8nic-diet\u00e8tiques <\/strong>a recomanar i fomentar la<strong> col\u00b7laboraci\u00f3 interdisciplin\u00e0ria<\/strong> per millorar l&#8217;atenci\u00f3 al pacient.<\/p>\n\n\n\n<figure class=\"wp-block-image size-large\"><a href=\"https:\/\/www.cofb.org\/wp-content\/uploads\/2025\/07\/COFB_TRACTE_URINARI_14072025_01-scaled.jpg\" target=\"_blank\" rel=\" noreferrer noopener\"><img fetchpriority=\"high\" decoding=\"async\" width=\"1024\" height=\"576\" src=\"https:\/\/www.cofb.org\/wp-content\/uploads\/2025\/07\/COFB_TRACTE_URINARI_14072025_01-1024x576.jpg\" alt=\"Josep Allu\u00e9 va moderar la confer\u00e8ncia a la seu del COFB.\" class=\"wp-image-81930\" srcset=\"https:\/\/www.cofb.org\/wp-content\/uploads\/2025\/07\/COFB_TRACTE_URINARI_14072025_01-1024x576.jpg 1024w, https:\/\/www.cofb.org\/wp-content\/uploads\/2025\/07\/COFB_TRACTE_URINARI_14072025_01-300x169.jpg 300w, https:\/\/www.cofb.org\/wp-content\/uploads\/2025\/07\/COFB_TRACTE_URINARI_14072025_01-768x432.jpg 768w, https:\/\/www.cofb.org\/wp-content\/uploads\/2025\/07\/COFB_TRACTE_URINARI_14072025_01-1536x864.jpg 1536w, https:\/\/www.cofb.org\/wp-content\/uploads\/2025\/07\/COFB_TRACTE_URINARI_14072025_01-2048x1152.jpg 2048w, https:\/\/www.cofb.org\/wp-content\/uploads\/2025\/07\/COFB_TRACTE_URINARI_14072025_01-18x10.jpg 18w\" sizes=\"(max-width: 1024px) 100vw, 1024px\" \/><\/a><figcaption class=\"wp-element-caption\">Josep Allu\u00e9 va moderar la confer\u00e8ncia a la seu del COFB.<\/figcaption><\/figure>\n\n\n\n<p>En la seva presentaci\u00f3 de l&#8217;activitat, Josep Allu\u00e9 va parlar sobre <strong>l\u2019origen <\/strong>dels <strong>medicaments a base de plantes<\/strong>, recordant que \u201cexisteixen unes<strong> normes europees<\/strong> i de <strong>l\u2019Organitzaci\u00f3 Mundial de la Salut<\/strong> (OMS) que comencen a aplicar-se des que es conrea cada planta. En aquest punt \u00e9s on comen\u00e7a el control de qualitat\u201d.<\/p>\n\n\n\n<p>En aquest sentit, va recordar la import\u00e0ncia \u201c<strong>d\u2019escollir sempre les plantes correctes<\/strong> i la part que interessa a l\u2019hora de <strong>realitzar una droga vegetal<\/strong>, tot i que el m\u00e9s habitual \u00e9s <strong>fer servir extractes<\/strong>. Una planta \u00e9s un material viu i <strong>el control de qualitat sempre \u00e9s m\u00e9s complicat<\/strong>. Aix\u00f2 provoca que els analistes de plantes tinguin m\u00e9s feina que els que analitzen mono components\u201d. Si se segueix tot el cam\u00ed de forma correcta, Allu\u00e9 va concloure que, al final, \u201cs\u2019aconsegueix un medicament que donar\u00e0 l\u2019efecte desitjat\u201d.<\/p>\n\n\n\n<h2 class=\"wp-block-heading\">Evid\u00e8ncia cient\u00edfica en les plantes medicinals<\/h2>\n\n\n\n<p>Durant la seva pon\u00e8ncia, <strong>Rodrigo Orozco <\/strong>va afirmar que els <strong>farmac\u00e8utics <\/strong>\u201cs\u00f3n els <strong>primers professionals<\/strong> sanitaris que reben al <strong>pacient que va buscant ajuda<\/strong> per motius de salut. Abans d&#8217;anar a urg\u00e8ncies o a un centre de salut van a la farm\u00e0cia, confiant sempre en els farmac\u00e8utics\u201d.<\/p>\n\n\n\n<figure class=\"wp-block-image size-large\"><a href=\"https:\/\/www.cofb.org\/wp-content\/uploads\/2025\/07\/COFB_TRACTE_URINARI_14072025_02-scaled.jpg\" target=\"_blank\" rel=\" noreferrer noopener\"><img decoding=\"async\" width=\"1024\" height=\"576\" src=\"https:\/\/www.cofb.org\/wp-content\/uploads\/2025\/07\/COFB_TRACTE_URINARI_14072025_02-1024x576.jpg\" alt=\"Rodrigo Orozco, en un moment de la seva presentaci\u00f3.\" class=\"wp-image-81931\" srcset=\"https:\/\/www.cofb.org\/wp-content\/uploads\/2025\/07\/COFB_TRACTE_URINARI_14072025_02-1024x576.jpg 1024w, https:\/\/www.cofb.org\/wp-content\/uploads\/2025\/07\/COFB_TRACTE_URINARI_14072025_02-300x169.jpg 300w, https:\/\/www.cofb.org\/wp-content\/uploads\/2025\/07\/COFB_TRACTE_URINARI_14072025_02-768x432.jpg 768w, https:\/\/www.cofb.org\/wp-content\/uploads\/2025\/07\/COFB_TRACTE_URINARI_14072025_02-1536x864.jpg 1536w, https:\/\/www.cofb.org\/wp-content\/uploads\/2025\/07\/COFB_TRACTE_URINARI_14072025_02-2048x1152.jpg 2048w, https:\/\/www.cofb.org\/wp-content\/uploads\/2025\/07\/COFB_TRACTE_URINARI_14072025_02-18x10.jpg 18w\" sizes=\"(max-width: 1024px) 100vw, 1024px\" \/><\/a><figcaption class=\"wp-element-caption\">Rodrigo Orozco, en un moment de la seva presentaci\u00f3.<\/figcaption><\/figure>\n\n\n\n<p>En aquest sentit, va defensar que els <strong>medicaments basats en plantes<\/strong> s\u00f3n una <strong>soluci\u00f3 <\/strong>que \u201ces pot<strong> recomanar i aconsellar amb un fort suport<\/strong>, que \u00e9s<strong> l\u2019evid\u00e8ncia cient\u00edfica<\/strong>, demostrant que <strong>el que s\u2019est\u00e0 recomanant funciona<\/strong>, \u00e9s efica\u00e7, segur i t\u00e9 molt bona tolerabilitat\u201d. A m\u00e9s, va assegurar que avui dia <strong>es presenten productes sanitaris<\/strong> \u201cbasats en <strong>qualitat de vida o percepcions<\/strong>, per la qual cosa fins a quin punt existeix la confian\u00e7a per recomanar aquests productes?\u201d.<\/p>\n\n\n\n<h2 class=\"wp-block-heading\">Novetats en el maneig de les infeccions del tracte urinari<\/h2>\n\n\n\n<p>Orozco va destacar els enormes canvis lligats al tracte urinari: \u201cFins fa poc el <strong>maneig d\u2019aquesta infecci\u00f3 <\/strong>per part dels metges<strong> era r\u00e0pid <\/strong>i normalment el mateix. Ara, amb els nous coneixements, ha canviat el paradigma\u201d. A m\u00e9s, va afirmar que la infecci\u00f3 d\u2019orina \u201c\u00e9s una <strong>patologia en la vida de la dona molt freq\u00fcent<\/strong>, ja que un 60% l\u2019arriba a patir en algun moment de la seva vida\u201d.<\/p>\n\n\n\n<figure class=\"wp-block-image size-large\"><a href=\"https:\/\/www.cofb.org\/wp-content\/uploads\/2025\/07\/COFB_TRACTE_URINARI_14072025_00-1-scaled.jpg\" target=\"_blank\" rel=\" noreferrer noopener\"><img decoding=\"async\" width=\"1024\" height=\"576\" src=\"https:\/\/www.cofb.org\/wp-content\/uploads\/2025\/07\/COFB_TRACTE_URINARI_14072025_00-1-1024x576.jpg\" alt=\"\" class=\"wp-image-81948\" srcset=\"https:\/\/www.cofb.org\/wp-content\/uploads\/2025\/07\/COFB_TRACTE_URINARI_14072025_00-1-1024x576.jpg 1024w, https:\/\/www.cofb.org\/wp-content\/uploads\/2025\/07\/COFB_TRACTE_URINARI_14072025_00-1-300x169.jpg 300w, https:\/\/www.cofb.org\/wp-content\/uploads\/2025\/07\/COFB_TRACTE_URINARI_14072025_00-1-768x432.jpg 768w, https:\/\/www.cofb.org\/wp-content\/uploads\/2025\/07\/COFB_TRACTE_URINARI_14072025_00-1-1536x864.jpg 1536w, https:\/\/www.cofb.org\/wp-content\/uploads\/2025\/07\/COFB_TRACTE_URINARI_14072025_00-1-2048x1152.jpg 2048w, https:\/\/www.cofb.org\/wp-content\/uploads\/2025\/07\/COFB_TRACTE_URINARI_14072025_00-1-18x10.jpg 18w\" sizes=\"(max-width: 1024px) 100vw, 1024px\" \/><\/a><\/figure>\n\n\n\n<p>Dins del camp de les <strong>plantes medicinals<\/strong>, va explicar que diferents<strong> tipus d\u2019herbes, arrels i fulles<\/strong> \u201carriben a ser una <strong>alternativa real i d\u2019alta tolerabilitat pel tractament <\/strong>de ITU no complicades, fins i tot convertint-se en un <strong>tractament de primera l\u00ednia<\/strong> en alguns casos on no hi ha temps a usar un urocultiu\u201d. L&#8217;\u00fas de la <strong>fitoter\u00e0pia <\/strong>per <strong>fer front a aquest tipus d&#8217;infeccions <\/strong>&#8220;\u00e9s recolzada per diferents <strong>guies<\/strong>, que arriben a defensar la<strong> reducci\u00f3 de la ter\u00e0pia antibi\u00f2tica de primera l\u00ednia<\/strong> en infeccions agudes de la bufeta sense compilacions\u201d, va afirmar.<\/p>\n\n\n\n<p class=\"has-text-align-right\"><strong>Amb el patrocini de:<\/strong><\/p>\n\n\n\n<figure class=\"wp-block-image alignright size-large is-resized\"><a href=\"https:\/\/www.bionorica.es\/\" target=\"_blank\" rel=\" noreferrer noopener\"><img loading=\"lazy\" decoding=\"async\" width=\"1024\" height=\"271\" src=\"https:\/\/www.cofb.org\/wp-content\/uploads\/2025\/07\/BIONORICA_2025_transparent-1024x271.png\" alt=\"\" class=\"wp-image-81874\" style=\"width:268px;height:auto\" srcset=\"https:\/\/www.cofb.org\/wp-content\/uploads\/2025\/07\/BIONORICA_2025_transparent-1024x271.png 1024w, https:\/\/www.cofb.org\/wp-content\/uploads\/2025\/07\/BIONORICA_2025_transparent-300x79.png 300w, https:\/\/www.cofb.org\/wp-content\/uploads\/2025\/07\/BIONORICA_2025_transparent-768x204.png 768w, https:\/\/www.cofb.org\/wp-content\/uploads\/2025\/07\/BIONORICA_2025_transparent-1536x407.png 1536w, https:\/\/www.cofb.org\/wp-content\/uploads\/2025\/07\/BIONORICA_2025_transparent-2048x543.png 2048w, https:\/\/www.cofb.org\/wp-content\/uploads\/2025\/07\/BIONORICA_2025_transparent-18x5.png 18w\" sizes=\"(max-width: 1024px) 100vw, 1024px\" \/><\/a><\/figure>\n\n\n\n<p><\/p>\n","protected":false},"excerpt":{"rendered":"<p>El Col\u00b7legi de Farmac\u00e8utics de Barcelona (COFB) va celebrar el 29 de maig la confer\u00e8ncia \u201cActualitzaci\u00f3 en l\u2019abordatge de les infeccions del tracte urinari a l\u2019oficina de farm\u00e0cia\u201d, amb el patrocini de Bionorica. La sessi\u00f3 va ser impartida per Rodrigo Orozco, cap del servei d\u2019Obstetr\u00edcia i ginecologia a l\u2019Hospital Quir\u00f3n [&hellip;]<\/p>\n","protected":false},"author":10,"featured_media":81931,"comment_status":"closed","ping_status":"closed","sticky":false,"template":"","format":"standard","meta":{"_uag_custom_page_level_css":"","site-sidebar-layout":"default","site-content-layout":"","ast-site-content-layout":"default","site-content-style":"default","site-sidebar-style":"default","ast-global-header-display":"","ast-banner-title-visibility":"","ast-main-header-display":"","ast-hfb-above-header-display":"","ast-hfb-below-header-display":"","ast-hfb-mobile-header-display":"","site-post-title":"","ast-breadcrumbs-content":"","ast-featured-img":"disabled","footer-sml-layout":"","theme-transparent-header-meta":"","adv-header-id-meta":"","stick-header-meta":"","header-above-stick-meta":"","header-main-stick-meta":"","header-below-stick-meta":"","astra-migrate-meta-layouts":"set","ast-page-background-enabled":"default","ast-page-background-meta":{"desktop":{"background-color":"var(--ast-global-color-4)","background-image":"","background-repeat":"repeat","background-position":"center center","background-size":"auto","background-attachment":"scroll","background-type":"","background-media":"","overlay-type":"","overlay-color":"","overlay-opacity":"","overlay-gradient":""},"tablet":{"background-color":"","background-image":"","background-repeat":"repeat","background-position":"center center","background-size":"auto","background-attachment":"scroll","background-type":"","background-media":"","overlay-type":"","overlay-color":"","overlay-opacity":"","overlay-gradient":""},"mobile":{"background-color":"","background-image":"","background-repeat":"repeat","background-position":"center center","background-size":"auto","background-attachment":"scroll","background-type":"","background-media":"","overlay-type":"","overlay-color":"","overlay-opacity":"","overlay-gradient":""}},"ast-content-background-meta":{"desktop":{"background-color":"var(--ast-global-color-5)","background-image":"","background-repeat":"repeat","background-position":"center center","background-size":"auto","background-attachment":"scroll","background-type":"","background-media":"","overlay-type":"","overlay-color":"","overlay-opacity":"","overlay-gradient":""},"tablet":{"background-color":"var(--ast-global-color-5)","background-image":"","background-repeat":"repeat","background-position":"center center","background-size":"auto","background-attachment":"scroll","background-type":"","background-media":"","overlay-type":"","overlay-color":"","overlay-opacity":"","overlay-gradient":""},"mobile":{"background-color":"var(--ast-global-color-5)","background-image":"","background-repeat":"repeat","background-position":"center center","background-size":"auto","background-attachment":"scroll","background-type":"","background-media":"","overlay-type":"","overlay-color":"","overlay-opacity":"","overlay-gradient":""}},"footnotes":""},"categories":[23,57],"tags":[18,19,5034,53,349,4967,5165,290,94],"class_list":["post-81869","post","type-post","status-publish","format-standard","has-post-thumbnail","hentry","category-destacats","category-mon-collegial","tag-cofb","tag-collegi-de-farmaceutics-de-barcelona","tag-evidencia-cientifica","tag-farmaceutics","tag-fitoterapia","tag-guies-terapeutiques","tag-infeccio-tracte-urinari","tag-pacient","tag-plantes-medicinals"],"yoast_head":"<!-- This site is optimized with the Yoast SEO plugin v22.4 - https:\/\/yoast.com\/wordpress\/plugins\/seo\/ -->\n<title>Actualitzaci\u00f3 al COFB sobre l\u2019abordatge de les infeccions del tracte urinari a l&#039;oficina de farm\u00e0cia - Col\u00b7legi de Farmac\u00e8utics de Barcelona<\/title>\n<meta name=\"description\" content=\"El COFB va organitzar la confer\u00e8ncia \u201cNou abordatge de les infeccions del tracte urinari des de la Farm\u00e0cia\u201d amb el patrocini de Bionorica.\" \/>\n<meta name=\"robots\" content=\"index, follow, max-snippet:-1, max-image-preview:large, max-video-preview:-1\" \/>\n<link rel=\"canonical\" href=\"https:\/\/www.cofb.org\/ca\/2025\/07\/10\/actualitzacio-al-cofb-sobre-labordatge-de-les-infeccions-del-tracte-urinari-a-loficina-de-farmacia\/\" \/>\n<meta property=\"og:locale\" content=\"ca_ES\" \/>\n<meta property=\"og:type\" content=\"article\" \/>\n<meta property=\"og:title\" content=\"Actualitzaci\u00f3 al COFB sobre l\u2019abordatge de les infeccions del tracte urinari a l&#039;oficina de farm\u00e0cia - Col\u00b7legi de Farmac\u00e8utics de Barcelona\" \/>\n<meta property=\"og:description\" content=\"El COFB va organitzar la confer\u00e8ncia \u201cNou abordatge de les infeccions del tracte urinari des de la Farm\u00e0cia\u201d amb el patrocini de Bionorica.\" \/>\n<meta property=\"og:url\" content=\"https:\/\/www.cofb.org\/ca\/2025\/07\/10\/actualitzacio-al-cofb-sobre-labordatge-de-les-infeccions-del-tracte-urinari-a-loficina-de-farmacia\/\" \/>\n<meta property=\"og:site_name\" content=\"Col\u00b7legi de Farmac\u00e8utics de Barcelona\" \/>\n<meta property=\"article:publisher\" content=\"https:\/\/www.facebook.com\/farmaceuticsbcn\/\" \/>\n<meta property=\"article:published_time\" content=\"2025-07-10T15:26:24+00:00\" \/>\n<meta property=\"article:modified_time\" content=\"2025-07-17T09:26:18+00:00\" \/>\n<meta property=\"og:image\" content=\"https:\/\/www.cofb.org\/wp-content\/uploads\/2025\/07\/COFB_TRACTE_URINARI_14072025_02-scaled.jpg\" \/>\n\t<meta property=\"og:image:width\" content=\"2560\" \/>\n\t<meta property=\"og:image:height\" content=\"1440\" \/>\n\t<meta property=\"og:image:type\" content=\"image\/jpeg\" \/>\n<meta name=\"author\" content=\"Xavier Magraner\" \/>\n<meta name=\"twitter:card\" content=\"summary_large_image\" \/>\n<meta name=\"twitter:creator\" content=\"@farmaceuticsbcn\" \/>\n<meta name=\"twitter:site\" content=\"@farmaceuticsbcn\" \/>\n<meta name=\"twitter:label1\" content=\"Escrit per\" \/>\n\t<meta name=\"twitter:data1\" content=\"Xavier Magraner\" \/>\n\t<meta name=\"twitter:label2\" content=\"Temps estimat de lectura\" \/>\n\t<meta name=\"twitter:data2\" content=\"5 minuts\" \/>\n<script type=\"application\/ld+json\" class=\"yoast-schema-graph\">{\"@context\":\"https:\/\/schema.org\",\"@graph\":[{\"@type\":\"Article\",\"@id\":\"https:\/\/www.cofb.org\/2025\/07\/10\/actualitzacio-al-cofb-sobre-labordatge-de-les-infeccions-del-tracte-urinari-a-loficina-de-farmacia\/#article\",\"isPartOf\":{\"@id\":\"https:\/\/www.cofb.org\/2025\/07\/10\/actualitzacio-al-cofb-sobre-labordatge-de-les-infeccions-del-tracte-urinari-a-loficina-de-farmacia\/\"},\"author\":{\"name\":\"Xavier Magraner\",\"@id\":\"https:\/\/www.cofb.org\/#\/schema\/person\/e46d741cfb92c985a083d163d8270ae4\"},\"headline\":\"Actualitzaci\u00f3 al COFB sobre l\u2019abordatge de les infeccions del tracte urinari a l&#8217;oficina de farm\u00e0cia\",\"datePublished\":\"2025-07-10T15:26:24+00:00\",\"dateModified\":\"2025-07-17T09:26:18+00:00\",\"mainEntityOfPage\":{\"@id\":\"https:\/\/www.cofb.org\/2025\/07\/10\/actualitzacio-al-cofb-sobre-labordatge-de-les-infeccions-del-tracte-urinari-a-loficina-de-farmacia\/\"},\"wordCount\":690,\"publisher\":{\"@id\":\"https:\/\/www.cofb.org\/#organization\"},\"image\":{\"@id\":\"https:\/\/www.cofb.org\/2025\/07\/10\/actualitzacio-al-cofb-sobre-labordatge-de-les-infeccions-del-tracte-urinari-a-loficina-de-farmacia\/#primaryimage\"},\"thumbnailUrl\":\"https:\/\/www.cofb.org\/wp-content\/uploads\/2025\/07\/COFB_TRACTE_URINARI_14072025_02-scaled.jpg\",\"keywords\":[\"COFB\",\"Col\u00b7legi de Farmac\u00e8utics de Barcelona\",\"evid\u00e8ncia cient\u00edfica\",\"farmac\u00e8utics\",\"Fitoter\u00e0pia\",\"guies terap\u00e8utiques\",\"infecci\u00f3 tracte urinari\",\"pacient\",\"Plantes Medicinals\"],\"articleSection\":[\"Destacats\",\"M\u00f3n col\u00b7legial\"],\"inLanguage\":\"ca\"},{\"@type\":\"WebPage\",\"@id\":\"https:\/\/www.cofb.org\/2025\/07\/10\/actualitzacio-al-cofb-sobre-labordatge-de-les-infeccions-del-tracte-urinari-a-loficina-de-farmacia\/\",\"url\":\"https:\/\/www.cofb.org\/2025\/07\/10\/actualitzacio-al-cofb-sobre-labordatge-de-les-infeccions-del-tracte-urinari-a-loficina-de-farmacia\/\",\"name\":\"Actualitzaci\u00f3 al COFB sobre l\u2019abordatge de les infeccions del tracte urinari a l'oficina de farm\u00e0cia - Col\u00b7legi de Farmac\u00e8utics de Barcelona\",\"isPartOf\":{\"@id\":\"https:\/\/www.cofb.org\/#website\"},\"primaryImageOfPage\":{\"@id\":\"https:\/\/www.cofb.org\/2025\/07\/10\/actualitzacio-al-cofb-sobre-labordatge-de-les-infeccions-del-tracte-urinari-a-loficina-de-farmacia\/#primaryimage\"},\"image\":{\"@id\":\"https:\/\/www.cofb.org\/2025\/07\/10\/actualitzacio-al-cofb-sobre-labordatge-de-les-infeccions-del-tracte-urinari-a-loficina-de-farmacia\/#primaryimage\"},\"thumbnailUrl\":\"https:\/\/www.cofb.org\/wp-content\/uploads\/2025\/07\/COFB_TRACTE_URINARI_14072025_02-scaled.jpg\",\"datePublished\":\"2025-07-10T15:26:24+00:00\",\"dateModified\":\"2025-07-17T09:26:18+00:00\",\"description\":\"El COFB va organitzar la confer\u00e8ncia \u201cNou abordatge de les infeccions del tracte urinari des de la Farm\u00e0cia\u201d amb el patrocini de Bionorica.\",\"breadcrumb\":{\"@id\":\"https:\/\/www.cofb.org\/2025\/07\/10\/actualitzacio-al-cofb-sobre-labordatge-de-les-infeccions-del-tracte-urinari-a-loficina-de-farmacia\/#breadcrumb\"},\"inLanguage\":\"ca\",\"potentialAction\":[{\"@type\":\"ReadAction\",\"target\":[\"https:\/\/www.cofb.org\/2025\/07\/10\/actualitzacio-al-cofb-sobre-labordatge-de-les-infeccions-del-tracte-urinari-a-loficina-de-farmacia\/\"]}]},{\"@type\":\"ImageObject\",\"inLanguage\":\"ca\",\"@id\":\"https:\/\/www.cofb.org\/2025\/07\/10\/actualitzacio-al-cofb-sobre-labordatge-de-les-infeccions-del-tracte-urinari-a-loficina-de-farmacia\/#primaryimage\",\"url\":\"https:\/\/www.cofb.org\/wp-content\/uploads\/2025\/07\/COFB_TRACTE_URINARI_14072025_02-scaled.jpg\",\"contentUrl\":\"https:\/\/www.cofb.org\/wp-content\/uploads\/2025\/07\/COFB_TRACTE_URINARI_14072025_02-scaled.jpg\",\"width\":2560,\"height\":1440},{\"@type\":\"BreadcrumbList\",\"@id\":\"https:\/\/www.cofb.org\/2025\/07\/10\/actualitzacio-al-cofb-sobre-labordatge-de-les-infeccions-del-tracte-urinari-a-loficina-de-farmacia\/#breadcrumb\",\"itemListElement\":[{\"@type\":\"ListItem\",\"position\":1,\"name\":\"Inici\",\"item\":\"https:\/\/novaorg.cofb.net\/\"},{\"@type\":\"ListItem\",\"position\":2,\"name\":\"Actualitzaci\u00f3 al COFB sobre l\u2019abordatge de les infeccions del tracte urinari a l&#8217;oficina de farm\u00e0cia\"}]},{\"@type\":\"WebSite\",\"@id\":\"https:\/\/www.cofb.org\/#website\",\"url\":\"https:\/\/www.cofb.org\/\",\"name\":\"Col\u00b7legi de Farmac\u00e8utics de Barcelona\",\"description\":\"\",\"publisher\":{\"@id\":\"https:\/\/www.cofb.org\/#organization\"},\"potentialAction\":[{\"@type\":\"SearchAction\",\"target\":{\"@type\":\"EntryPoint\",\"urlTemplate\":\"https:\/\/www.cofb.org\/?s={search_term_string}\"},\"query-input\":\"required name=search_term_string\"}],\"inLanguage\":\"ca\"},{\"@type\":\"Organization\",\"@id\":\"https:\/\/www.cofb.org\/#organization\",\"name\":\"Col\u00b7legi de Farmac\u00e8utics de Barcelona\",\"url\":\"https:\/\/www.cofb.org\/\",\"logo\":{\"@type\":\"ImageObject\",\"inLanguage\":\"ca\",\"@id\":\"https:\/\/www.cofb.org\/#\/schema\/logo\/image\/\",\"url\":\"https:\/\/www.cofb.org\/wp-content\/uploads\/2023\/11\/cropped-Logotip-COFB.png\",\"contentUrl\":\"https:\/\/www.cofb.org\/wp-content\/uploads\/2023\/11\/cropped-Logotip-COFB.png\",\"width\":500,\"height\":105,\"caption\":\"Col\u00b7legi de Farmac\u00e8utics de Barcelona\"},\"image\":{\"@id\":\"https:\/\/www.cofb.org\/#\/schema\/logo\/image\/\"},\"sameAs\":[\"https:\/\/www.facebook.com\/farmaceuticsbcn\/\",\"https:\/\/twitter.com\/farmaceuticsbcn\",\"https:\/\/www.instagram.com\/farmaceuticsbcn\/\",\"https:\/\/www.linkedin.com\/company\/farmaceuticsbcn\/\"]},{\"@type\":\"Person\",\"@id\":\"https:\/\/www.cofb.org\/#\/schema\/person\/e46d741cfb92c985a083d163d8270ae4\",\"name\":\"Xavier Magraner\",\"image\":{\"@type\":\"ImageObject\",\"inLanguage\":\"ca\",\"@id\":\"https:\/\/www.cofb.org\/#\/schema\/person\/image\/\",\"url\":\"https:\/\/secure.gravatar.com\/avatar\/aa0d1d4df59f71f88eebd5796c5388ff41c58d83c5301eb6e1d65646a289c37d?s=96&d=mm&r=g\",\"contentUrl\":\"https:\/\/secure.gravatar.com\/avatar\/aa0d1d4df59f71f88eebd5796c5388ff41c58d83c5301eb6e1d65646a289c37d?s=96&d=mm&r=g\",\"caption\":\"Xavier Magraner\"},\"url\":\"https:\/\/www.cofb.org\/ca\/author\/xmagraner\/\"}]}<\/script>\n<!-- \/ Yoast SEO plugin. -->","yoast_head_json":{"title":"Actualitzaci\u00f3 al COFB sobre l\u2019abordatge de les infeccions del tracte urinari a l'oficina de farm\u00e0cia - Col\u00b7legi de Farmac\u00e8utics de Barcelona","description":"El COFB va organitzar la confer\u00e8ncia \u201cNou abordatge de les infeccions del tracte urinari des de la Farm\u00e0cia\u201d amb el patrocini de Bionorica.","robots":{"index":"index","follow":"follow","max-snippet":"max-snippet:-1","max-image-preview":"max-image-preview:large","max-video-preview":"max-video-preview:-1"},"canonical":"https:\/\/www.cofb.org\/ca\/2025\/07\/10\/actualitzacio-al-cofb-sobre-labordatge-de-les-infeccions-del-tracte-urinari-a-loficina-de-farmacia\/","og_locale":"ca_ES","og_type":"article","og_title":"Actualitzaci\u00f3 al COFB sobre l\u2019abordatge de les infeccions del tracte urinari a l'oficina de farm\u00e0cia - Col\u00b7legi de Farmac\u00e8utics de Barcelona","og_description":"El COFB va organitzar la confer\u00e8ncia \u201cNou abordatge de les infeccions del tracte urinari des de la Farm\u00e0cia\u201d amb el patrocini de Bionorica.","og_url":"https:\/\/www.cofb.org\/ca\/2025\/07\/10\/actualitzacio-al-cofb-sobre-labordatge-de-les-infeccions-del-tracte-urinari-a-loficina-de-farmacia\/","og_site_name":"Col\u00b7legi de Farmac\u00e8utics de Barcelona","article_publisher":"https:\/\/www.facebook.com\/farmaceuticsbcn\/","article_published_time":"2025-07-10T15:26:24+00:00","article_modified_time":"2025-07-17T09:26:18+00:00","og_image":[{"width":2560,"height":1440,"url":"https:\/\/www.cofb.org\/wp-content\/uploads\/2025\/07\/COFB_TRACTE_URINARI_14072025_02-scaled.jpg","type":"image\/jpeg"}],"author":"Xavier Magraner","twitter_card":"summary_large_image","twitter_creator":"@farmaceuticsbcn","twitter_site":"@farmaceuticsbcn","twitter_misc":{"Escrit per":"Xavier Magraner","Temps estimat de lectura":"5 minuts"},"schema":{"@context":"https:\/\/schema.org","@graph":[{"@type":"Article","@id":"https:\/\/www.cofb.org\/2025\/07\/10\/actualitzacio-al-cofb-sobre-labordatge-de-les-infeccions-del-tracte-urinari-a-loficina-de-farmacia\/#article","isPartOf":{"@id":"https:\/\/www.cofb.org\/2025\/07\/10\/actualitzacio-al-cofb-sobre-labordatge-de-les-infeccions-del-tracte-urinari-a-loficina-de-farmacia\/"},"author":{"name":"Xavier Magraner","@id":"https:\/\/www.cofb.org\/#\/schema\/person\/e46d741cfb92c985a083d163d8270ae4"},"headline":"Actualitzaci\u00f3 al COFB sobre l\u2019abordatge de les infeccions del tracte urinari a l&#8217;oficina de farm\u00e0cia","datePublished":"2025-07-10T15:26:24+00:00","dateModified":"2025-07-17T09:26:18+00:00","mainEntityOfPage":{"@id":"https:\/\/www.cofb.org\/2025\/07\/10\/actualitzacio-al-cofb-sobre-labordatge-de-les-infeccions-del-tracte-urinari-a-loficina-de-farmacia\/"},"wordCount":690,"publisher":{"@id":"https:\/\/www.cofb.org\/#organization"},"image":{"@id":"https:\/\/www.cofb.org\/2025\/07\/10\/actualitzacio-al-cofb-sobre-labordatge-de-les-infeccions-del-tracte-urinari-a-loficina-de-farmacia\/#primaryimage"},"thumbnailUrl":"https:\/\/www.cofb.org\/wp-content\/uploads\/2025\/07\/COFB_TRACTE_URINARI_14072025_02-scaled.jpg","keywords":["COFB","Col\u00b7legi de Farmac\u00e8utics de Barcelona","evid\u00e8ncia cient\u00edfica","farmac\u00e8utics","Fitoter\u00e0pia","guies terap\u00e8utiques","infecci\u00f3 tracte urinari","pacient","Plantes Medicinals"],"articleSection":["Destacats","M\u00f3n col\u00b7legial"],"inLanguage":"ca"},{"@type":"WebPage","@id":"https:\/\/www.cofb.org\/2025\/07\/10\/actualitzacio-al-cofb-sobre-labordatge-de-les-infeccions-del-tracte-urinari-a-loficina-de-farmacia\/","url":"https:\/\/www.cofb.org\/2025\/07\/10\/actualitzacio-al-cofb-sobre-labordatge-de-les-infeccions-del-tracte-urinari-a-loficina-de-farmacia\/","name":"Actualitzaci\u00f3 al COFB sobre l\u2019abordatge de les infeccions del tracte urinari a l'oficina de farm\u00e0cia - Col\u00b7legi de Farmac\u00e8utics de Barcelona","isPartOf":{"@id":"https:\/\/www.cofb.org\/#website"},"primaryImageOfPage":{"@id":"https:\/\/www.cofb.org\/2025\/07\/10\/actualitzacio-al-cofb-sobre-labordatge-de-les-infeccions-del-tracte-urinari-a-loficina-de-farmacia\/#primaryimage"},"image":{"@id":"https:\/\/www.cofb.org\/2025\/07\/10\/actualitzacio-al-cofb-sobre-labordatge-de-les-infeccions-del-tracte-urinari-a-loficina-de-farmacia\/#primaryimage"},"thumbnailUrl":"https:\/\/www.cofb.org\/wp-content\/uploads\/2025\/07\/COFB_TRACTE_URINARI_14072025_02-scaled.jpg","datePublished":"2025-07-10T15:26:24+00:00","dateModified":"2025-07-17T09:26:18+00:00","description":"El COFB va organitzar la confer\u00e8ncia \u201cNou abordatge de les infeccions del tracte urinari des de la Farm\u00e0cia\u201d amb el patrocini de Bionorica.","breadcrumb":{"@id":"https:\/\/www.cofb.org\/2025\/07\/10\/actualitzacio-al-cofb-sobre-labordatge-de-les-infeccions-del-tracte-urinari-a-loficina-de-farmacia\/#breadcrumb"},"inLanguage":"ca","potentialAction":[{"@type":"ReadAction","target":["https:\/\/www.cofb.org\/2025\/07\/10\/actualitzacio-al-cofb-sobre-labordatge-de-les-infeccions-del-tracte-urinari-a-loficina-de-farmacia\/"]}]},{"@type":"ImageObject","inLanguage":"ca","@id":"https:\/\/www.cofb.org\/2025\/07\/10\/actualitzacio-al-cofb-sobre-labordatge-de-les-infeccions-del-tracte-urinari-a-loficina-de-farmacia\/#primaryimage","url":"https:\/\/www.cofb.org\/wp-content\/uploads\/2025\/07\/COFB_TRACTE_URINARI_14072025_02-scaled.jpg","contentUrl":"https:\/\/www.cofb.org\/wp-content\/uploads\/2025\/07\/COFB_TRACTE_URINARI_14072025_02-scaled.jpg","width":2560,"height":1440},{"@type":"BreadcrumbList","@id":"https:\/\/www.cofb.org\/2025\/07\/10\/actualitzacio-al-cofb-sobre-labordatge-de-les-infeccions-del-tracte-urinari-a-loficina-de-farmacia\/#breadcrumb","itemListElement":[{"@type":"ListItem","position":1,"name":"Inici","item":"https:\/\/novaorg.cofb.net\/"},{"@type":"ListItem","position":2,"name":"Actualitzaci\u00f3 al COFB sobre l\u2019abordatge de les infeccions del tracte urinari a l&#8217;oficina de farm\u00e0cia"}]},{"@type":"WebSite","@id":"https:\/\/www.cofb.org\/#website","url":"https:\/\/www.cofb.org\/","name":"Col\u00b7legi de Farmac\u00e8utics de Barcelona","description":"","publisher":{"@id":"https:\/\/www.cofb.org\/#organization"},"potentialAction":[{"@type":"SearchAction","target":{"@type":"EntryPoint","urlTemplate":"https:\/\/www.cofb.org\/?s={search_term_string}"},"query-input":"required name=search_term_string"}],"inLanguage":"ca"},{"@type":"Organization","@id":"https:\/\/www.cofb.org\/#organization","name":"Col\u00b7legi de Farmac\u00e8utics de Barcelona","url":"https:\/\/www.cofb.org\/","logo":{"@type":"ImageObject","inLanguage":"ca","@id":"https:\/\/www.cofb.org\/#\/schema\/logo\/image\/","url":"https:\/\/www.cofb.org\/wp-content\/uploads\/2023\/11\/cropped-Logotip-COFB.png","contentUrl":"https:\/\/www.cofb.org\/wp-content\/uploads\/2023\/11\/cropped-Logotip-COFB.png","width":500,"height":105,"caption":"Col\u00b7legi de Farmac\u00e8utics de Barcelona"},"image":{"@id":"https:\/\/www.cofb.org\/#\/schema\/logo\/image\/"},"sameAs":["https:\/\/www.facebook.com\/farmaceuticsbcn\/","https:\/\/twitter.com\/farmaceuticsbcn","https:\/\/www.instagram.com\/farmaceuticsbcn\/","https:\/\/www.linkedin.com\/company\/farmaceuticsbcn\/"]},{"@type":"Person","@id":"https:\/\/www.cofb.org\/#\/schema\/person\/e46d741cfb92c985a083d163d8270ae4","name":"Xavier Magraner","image":{"@type":"ImageObject","inLanguage":"ca","@id":"https:\/\/www.cofb.org\/#\/schema\/person\/image\/","url":"https:\/\/secure.gravatar.com\/avatar\/aa0d1d4df59f71f88eebd5796c5388ff41c58d83c5301eb6e1d65646a289c37d?s=96&d=mm&r=g","contentUrl":"https:\/\/secure.gravatar.com\/avatar\/aa0d1d4df59f71f88eebd5796c5388ff41c58d83c5301eb6e1d65646a289c37d?s=96&d=mm&r=g","caption":"Xavier Magraner"},"url":"https:\/\/www.cofb.org\/ca\/author\/xmagraner\/"}]}},"uagb_featured_image_src":{"full":["https:\/\/www.cofb.org\/wp-content\/uploads\/2025\/07\/COFB_TRACTE_URINARI_14072025_02-scaled.jpg",2560,1440,false],"thumbnail":["https:\/\/www.cofb.org\/wp-content\/uploads\/2025\/07\/COFB_TRACTE_URINARI_14072025_02-150x150.jpg",150,150,true],"medium":["https:\/\/www.cofb.org\/wp-content\/uploads\/2025\/07\/COFB_TRACTE_URINARI_14072025_02-300x169.jpg",300,169,true],"medium_large":["https:\/\/www.cofb.org\/wp-content\/uploads\/2025\/07\/COFB_TRACTE_URINARI_14072025_02-768x432.jpg",768,432,true],"large":["https:\/\/www.cofb.org\/wp-content\/uploads\/2025\/07\/COFB_TRACTE_URINARI_14072025_02-1024x576.jpg",1024,576,true],"1536x1536":["https:\/\/www.cofb.org\/wp-content\/uploads\/2025\/07\/COFB_TRACTE_URINARI_14072025_02-1536x864.jpg",1536,864,true],"2048x2048":["https:\/\/www.cofb.org\/wp-content\/uploads\/2025\/07\/COFB_TRACTE_URINARI_14072025_02-2048x1152.jpg",2048,1152,true],"trp-custom-language-flag":["https:\/\/www.cofb.org\/wp-content\/uploads\/2025\/07\/COFB_TRACTE_URINARI_14072025_02-18x10.jpg",18,10,true]},"uagb_author_info":{"display_name":"Xavier Magraner","author_link":"https:\/\/www.cofb.org\/ca\/author\/xmagraner\/"},"uagb_comment_info":0,"uagb_excerpt":"El Col\u00b7legi de Farmac\u00e8utics de Barcelona (COFB) va celebrar el 29 de maig la confer\u00e8ncia \u201cActualitzaci\u00f3 en l\u2019abordatge de les infeccions del tracte urinari a l\u2019oficina de farm\u00e0cia\u201d, amb el patrocini de Bionorica. La sessi\u00f3 va ser impartida per Rodrigo Orozco, cap del servei d\u2019Obstetr\u00edcia i ginecologia a l\u2019Hospital Quir\u00f3n [&hellip;]","_links":{"self":[{"href":"https:\/\/www.cofb.org\/ca\/wp-json\/wp\/v2\/posts\/81869","targetHints":{"allow":["GET"]}}],"collection":[{"href":"https:\/\/www.cofb.org\/ca\/wp-json\/wp\/v2\/posts"}],"about":[{"href":"https:\/\/www.cofb.org\/ca\/wp-json\/wp\/v2\/types\/post"}],"author":[{"embeddable":true,"href":"https:\/\/www.cofb.org\/ca\/wp-json\/wp\/v2\/users\/10"}],"replies":[{"embeddable":true,"href":"https:\/\/www.cofb.org\/ca\/wp-json\/wp\/v2\/comments?post=81869"}],"version-history":[{"count":27,"href":"https:\/\/www.cofb.org\/ca\/wp-json\/wp\/v2\/posts\/81869\/revisions"}],"predecessor-version":[{"id":81978,"href":"https:\/\/www.cofb.org\/ca\/wp-json\/wp\/v2\/posts\/81869\/revisions\/81978"}],"wp:featuredmedia":[{"embeddable":true,"href":"https:\/\/www.cofb.org\/ca\/wp-json\/wp\/v2\/media\/81931"}],"wp:attachment":[{"href":"https:\/\/www.cofb.org\/ca\/wp-json\/wp\/v2\/media?parent=81869"}],"wp:term":[{"taxonomy":"category","embeddable":true,"href":"https:\/\/www.cofb.org\/ca\/wp-json\/wp\/v2\/categories?post=81869"},{"taxonomy":"post_tag","embeddable":true,"href":"https:\/\/www.cofb.org\/ca\/wp-json\/wp\/v2\/tags?post=81869"}],"curies":[{"name":"wp","href":"https:\/\/api.w.org\/{rel}","templated":true}]}}