{"id":81820,"date":"2025-07-04T12:21:59","date_gmt":"2025-07-04T12:21:59","guid":{"rendered":"https:\/\/www.cofb.org\/?p=81820"},"modified":"2025-07-14T14:43:24","modified_gmt":"2025-07-14T14:43:24","slug":"actualitzacio-en-dermatitis-atopica-abordatge-des-de-les-farmacies-datencio-primaria-i-hospitals","status":"publish","type":"post","link":"https:\/\/www.cofb.org\/ca\/2025\/07\/04\/actualitzacio-en-dermatitis-atopica-abordatge-des-de-les-farmacies-datencio-primaria-i-hospitals\/","title":{"rendered":"&#8220;Actualitzaci\u00f3 en dermatitis at\u00f2pica&#8221;. Abordatge des de les farm\u00e0cies d&#8217;Atenci\u00f3 Prim\u00e0ria i Hospitals"},"content":{"rendered":"\n<p>El passat 27 de maig, el <strong>Col\u00b7legi de Farmac\u00e8utics de Barcelona (COFB)\u00a0<\/strong>va organitzar la formaci\u00f3 \u201c<strong>Actualitzaci\u00f3 en dermatitis at\u00f2pica<\/strong>\u201d, amb la col\u00b7laboraci\u00f3 de la <a href=\"https:\/\/www.scfarmclin.org\/\" target=\"_blank\" rel=\"noreferrer noopener\">Sociedad Catalana de Farm\u00e0cia Cl\u00ednica<\/a> i el patrocini d&#8217;<a href=\"https:\/\/www.almirall.es\/\" target=\"_blank\" rel=\"noreferrer noopener\">Almirall<\/a>. La sessi\u00f3 va comptar amb <strong>Jos\u00e9 Manuel Carrascosa<\/strong>, cap del Servei de Dermatologia de l\u2019Hospital Universitari Germans Trias i Pujol de Badalona, <strong>N\u00faria Rudi<\/strong>, cap de Servei de Farm\u00e0cia, adjunta a la Direcci\u00f3 M\u00e8dica a l&#8217;Hospital General de Granollers, <strong>Sandra Ros, <\/strong>psic\u00f2loga adjunta del Servei de Dermatologia de l\u2019Hospital de la Santa Creu i Sant Pau de Barcelona i <strong>Marta Alcalde<\/strong>, farmac\u00e8utica, vocal de Dermof\u00e0rmacia i Productes Sanitaris del COFB.<\/p>\n\n\n\n<figure class=\"wp-block-image size-large\"><img fetchpriority=\"high\" decoding=\"async\" width=\"1024\" height=\"576\" src=\"https:\/\/www.cofb.org\/wp-content\/uploads\/2025\/07\/COFB_DERMATITIS_09072025_01-1024x576.jpg\" alt=\"Cristina Morales ha moderat la formaci\u00f3.\" class=\"wp-image-81881\" srcset=\"https:\/\/www.cofb.org\/wp-content\/uploads\/2025\/07\/COFB_DERMATITIS_09072025_01-1024x576.jpg 1024w, https:\/\/www.cofb.org\/wp-content\/uploads\/2025\/07\/COFB_DERMATITIS_09072025_01-300x169.jpg 300w, https:\/\/www.cofb.org\/wp-content\/uploads\/2025\/07\/COFB_DERMATITIS_09072025_01-768x432.jpg 768w, https:\/\/www.cofb.org\/wp-content\/uploads\/2025\/07\/COFB_DERMATITIS_09072025_01-1536x864.jpg 1536w, https:\/\/www.cofb.org\/wp-content\/uploads\/2025\/07\/COFB_DERMATITIS_09072025_01-2048x1152.jpg 2048w, https:\/\/www.cofb.org\/wp-content\/uploads\/2025\/07\/COFB_DERMATITIS_09072025_01-18x10.jpg 18w\" sizes=\"(max-width: 1024px) 100vw, 1024px\" \/><figcaption class=\"wp-element-caption\">Cristina Morales ha moderat la formaci\u00f3.<\/figcaption><\/figure>\n\n\n\n<p>Adre\u00e7ada a farmac\u00e8utics i farmac\u00e8utiques d\u2019hospital i d\u2019atenci\u00f3 prim\u00e0ria, la vocal d\u2019Atenci\u00f3 Prim\u00e0ria del COFB, <strong>Cristina Morales<\/strong>, va recordar que \u201c\u00e9s necessari <strong>actualitzar-se<\/strong> de tot l\u2019<strong>arsenal terap\u00e8utic <\/strong>que implica<strong> aquesta patologia<\/strong>. En poc temps han sorgit molts <strong>tractaments farmacol\u00f2gics i no farmacol\u00f2gics<\/strong> que consisteixen en el <strong>control de la dermatitis<\/strong>. Els farmac\u00e8utics no nom\u00e9s tenen la funci\u00f3 d\u2019acompanyar al pacient, sin\u00f3 que tamb\u00e9 ha d\u2019actualitzar-los\u201d.<\/p>\n\n\n\n<p>Els <strong>objectius <\/strong>de la formaci\u00f3 van ser revisar la <strong>fisiopatologia <\/strong>i les <strong>dianes terap\u00e8utiques <\/strong>de la dermatitis at\u00f2pica, actualitzar la<strong> gesti\u00f3 i el tractament <\/strong>de la malaltia, con\u00e8ixer aspectes d&#8217;atenci\u00f3 farmac\u00e8utica relacionats amb la dispensaci\u00f3 i el <strong>seguiment i exposar l&#8217;abordatge psicol\u00f2gic<\/strong> <strong>dels pacients<\/strong> amb dermatitis at\u00f2pica i les seves fam\u00edlies.<\/p>\n\n\n\n<h2 class=\"wp-block-heading\">Evoluci\u00f3 de la dermatitis i els efectes de la picor<\/h2>\n\n\n\n<p>Jos\u00e9 Manuel Carrascosa va analitzar <strong>l\u2019evoluci\u00f3 que ha patit aquesta malaltia<\/strong> al llarg dels anys: \u201cEs tracta de la<strong> dermatitis m\u00e9s prevalent<\/strong>. Fins al<strong> 20% dels nens l\u2019arriben a patir<\/strong> i una <strong>gran quantitat d&#8217;adults <\/strong>conserven <strong>formes de dermatitis at\u00f2pica<\/strong>. Es tracta d\u2019una <strong>malaltia cr\u00f2nica, persistent i recurrent<\/strong>\u201d.<\/p>\n\n\n\n<figure class=\"wp-block-image size-large\"><img decoding=\"async\" width=\"1024\" height=\"576\" src=\"https:\/\/www.cofb.org\/wp-content\/uploads\/2025\/07\/COFB_DERMATITIS_09072025_02-1024x576.jpg\" alt=\"Jose Manuel Carrascosa, impartint la seva pon\u00e8ncia lligada a l'evoluci\u00f3 de la dermatitis at\u00f2pica.\" class=\"wp-image-81882\" srcset=\"https:\/\/www.cofb.org\/wp-content\/uploads\/2025\/07\/COFB_DERMATITIS_09072025_02-1024x576.jpg 1024w, https:\/\/www.cofb.org\/wp-content\/uploads\/2025\/07\/COFB_DERMATITIS_09072025_02-300x169.jpg 300w, https:\/\/www.cofb.org\/wp-content\/uploads\/2025\/07\/COFB_DERMATITIS_09072025_02-768x432.jpg 768w, https:\/\/www.cofb.org\/wp-content\/uploads\/2025\/07\/COFB_DERMATITIS_09072025_02-1536x864.jpg 1536w, https:\/\/www.cofb.org\/wp-content\/uploads\/2025\/07\/COFB_DERMATITIS_09072025_02-2048x1152.jpg 2048w, https:\/\/www.cofb.org\/wp-content\/uploads\/2025\/07\/COFB_DERMATITIS_09072025_02-18x10.jpg 18w\" sizes=\"(max-width: 1024px) 100vw, 1024px\" \/><figcaption class=\"wp-element-caption\">Jose Manuel Carrascosa, impartint la seva pon\u00e8ncia lligada a l&#8217;evoluci\u00f3 de la dermatitis at\u00f2pica.<\/figcaption><\/figure>\n\n\n\n<p>La <strong>caracter\u00edstica simptomatol\u00f2gica<\/strong> m\u00e9s important en la malaltia \u00e9s la <strong>picor<\/strong>: \u201cAquest escenari afecta molt<strong> la qualitat de vida del pacient<\/strong>, produint que no pugui dormir, a m\u00e9s a m\u00e9s de generar un <strong>impacte als estudis, relacions personals i laborals<\/strong>\u201d. En aquest sentit, l\u2019especialista va remarcar que, des del punt de vista fisiopatol\u00f2gic, \u00e9s una malaltia complexa perqu\u00e8&nbsp;\u201cinclou pacients molt diferents que pateixen <strong>\u00e8czemes <\/strong>i que no s\u2018associen a un contacte al\u00b7l\u00e8rgic\u201d.<\/p>\n\n\n\n<h2 class=\"wp-block-heading\">La gesti\u00f3 del pacient al servei de Farm\u00e0cia Hospital\u00e0ria<\/h2>\n\n\n\n<p>Pel que fa a la <strong>visi\u00f3 de la Farm\u00e0cia Hospital\u00e0ria<\/strong> del pacient, N\u00faria Rudi va explicar que la seva funci\u00f3 \u00e9s \u201cbuscar eines i compartir amb els dermat\u00f2legs <strong>objectius terap\u00e8utics<\/strong> dels tractaments que <strong>han anat evolucionant<\/strong>. Els pacients que arriben a les consultes per rebre<strong> tractaments innovadors<\/strong> presentaven un perfil moderat-greu i <strong>molts anys de conviv\u00e8ncia amb la malaltia<\/strong>\u201d. Aquesta realitat acaba generant \u201c<strong>incerteses <\/strong>i <strong>escepticisme <\/strong>entre <strong>els pacients i els seus familiars<\/strong>, que pateixen un gran impacte en la qualitat de vida\u201d.<\/p>\n\n\n\n<figure class=\"wp-block-image size-large\"><img decoding=\"async\" width=\"1024\" height=\"576\" src=\"https:\/\/www.cofb.org\/wp-content\/uploads\/2025\/07\/COFB_DERMATITIS_09072025_03-1024x576.jpg\" alt=\"Nuria Rudi, durant el transcurs de la seva pon\u00e8ncia.\" class=\"wp-image-81883\" srcset=\"https:\/\/www.cofb.org\/wp-content\/uploads\/2025\/07\/COFB_DERMATITIS_09072025_03-1024x576.jpg 1024w, https:\/\/www.cofb.org\/wp-content\/uploads\/2025\/07\/COFB_DERMATITIS_09072025_03-300x169.jpg 300w, https:\/\/www.cofb.org\/wp-content\/uploads\/2025\/07\/COFB_DERMATITIS_09072025_03-768x432.jpg 768w, https:\/\/www.cofb.org\/wp-content\/uploads\/2025\/07\/COFB_DERMATITIS_09072025_03-1536x864.jpg 1536w, https:\/\/www.cofb.org\/wp-content\/uploads\/2025\/07\/COFB_DERMATITIS_09072025_03-2048x1152.jpg 2048w, https:\/\/www.cofb.org\/wp-content\/uploads\/2025\/07\/COFB_DERMATITIS_09072025_03-18x10.jpg 18w\" sizes=\"(max-width: 1024px) 100vw, 1024px\" \/><figcaption class=\"wp-element-caption\">Nuria Rudi, durant el transcurs de la seva pon\u00e8ncia.<\/figcaption><\/figure>\n\n\n\n<p>La <strong>gesti\u00f3 del pacient amb dermatitis at\u00f2pica <\/strong>als serveis de Farm\u00e0cia Hospital\u00e0ria consta de <strong>tres pilars<\/strong>: \u201cPrimer se<strong> selecciona el tractament<\/strong>, despr\u00e9s<strong> s\u2019inicia l\u2019atenci\u00f3 farmac\u00e8utica<\/strong> i, finalment, es comen\u00e7a la <strong>coordinaci\u00f3 amb la resta de l\u2019equip assistencial<\/strong>, realitzant la <strong>validaci\u00f3 dels tractaments<\/strong> amb aquest servei, buscant l&#8217;acompliment dels <strong>criteris de finan\u00e7ament del tractament<\/strong>\u201d, va detallar, Rudi.<\/p>\n\n\n\n<h2 class=\"wp-block-heading\">Tractament multidisciplinari i programa educacional<\/h2>\n\n\n\n<p><strong>L\u2019aspecte psicol\u00f2gic<\/strong> d\u2019aquests pacients va ser analitzat per Sandra Ros, descrivint que \u201c<strong>les malalties dermatol\u00f2giques<\/strong> poden arribar a ser molt <strong>banalitzades<\/strong>. La <strong>dermatitis at\u00f2pica \u00e9s complexa<\/strong>, per la qual cosa necessita un <strong>tractament multidisciplinari integral<\/strong> dut a terme per atenci\u00f3 prim\u00e0ria, pediatria, infermeria, psicologia i farm\u00e0cia comunit\u00e0ria i hospital\u00e0ria\u201d.<\/p>\n\n\n\n<p>La dermatitis moderada i greu afecta enormement el dia a dia del pacient: \u201cS\u2019arriba a patir un <strong>xoc psicol\u00f2gic i psicosocial gran<\/strong>, que tamb\u00e9 pot arribar a <strong>afectar el descans de la fam\u00edlia<\/strong>. Per altra banda, arriben a apar\u00e8ixer diferents variables en joc que afecten la personalitat del pacient marcant fins i tot <strong>l\u2019evoluci\u00f3 de la malaltia<\/strong>\u201d.<\/p>\n\n\n\n<div class=\"wp-block-columns is-layout-flex wp-container-core-columns-is-layout-28f84493 wp-block-columns-is-layout-flex\">\n<div class=\"wp-block-column is-layout-flow wp-block-column-is-layout-flow\">\n<figure class=\"wp-block-image size-large\"><img loading=\"lazy\" decoding=\"async\" width=\"1024\" height=\"576\" src=\"https:\/\/www.cofb.org\/wp-content\/uploads\/2025\/07\/COFB_DERMATITIS_10072025_04-1024x576.jpg\" alt=\"Sandra Ros va abordar l'aspecte psicol\u00f2gic dels pacients amb dermatitis at\u00f2pica.\" class=\"wp-image-81892\" srcset=\"https:\/\/www.cofb.org\/wp-content\/uploads\/2025\/07\/COFB_DERMATITIS_10072025_04-1024x576.jpg 1024w, https:\/\/www.cofb.org\/wp-content\/uploads\/2025\/07\/COFB_DERMATITIS_10072025_04-300x169.jpg 300w, https:\/\/www.cofb.org\/wp-content\/uploads\/2025\/07\/COFB_DERMATITIS_10072025_04-768x432.jpg 768w, https:\/\/www.cofb.org\/wp-content\/uploads\/2025\/07\/COFB_DERMATITIS_10072025_04-1536x864.jpg 1536w, https:\/\/www.cofb.org\/wp-content\/uploads\/2025\/07\/COFB_DERMATITIS_10072025_04-2048x1152.jpg 2048w, https:\/\/www.cofb.org\/wp-content\/uploads\/2025\/07\/COFB_DERMATITIS_10072025_04-18x10.jpg 18w\" sizes=\"(max-width: 1024px) 100vw, 1024px\" \/><figcaption class=\"wp-element-caption\">Sandra Ros va abordar l&#8217;aspecte psicol\u00f2gic dels pacients amb dermatitis at\u00f2pica.<\/figcaption><\/figure>\n<\/div>\n\n\n\n<div class=\"wp-block-column is-layout-flow wp-block-column-is-layout-flow\">\n<figure class=\"wp-block-image size-large\"><img loading=\"lazy\" decoding=\"async\" width=\"1024\" height=\"576\" src=\"https:\/\/www.cofb.org\/wp-content\/uploads\/2025\/07\/1751630846828-ALCALDE-1024x576.jpg\" alt=\"Marta Alcalde durant al seva exposici\u00f3 sobre la bona higiene de la pell.\" class=\"wp-image-81893\" srcset=\"https:\/\/www.cofb.org\/wp-content\/uploads\/2025\/07\/1751630846828-ALCALDE-1024x576.jpg 1024w, https:\/\/www.cofb.org\/wp-content\/uploads\/2025\/07\/1751630846828-ALCALDE-300x169.jpg 300w, https:\/\/www.cofb.org\/wp-content\/uploads\/2025\/07\/1751630846828-ALCALDE-768x432.jpg 768w, https:\/\/www.cofb.org\/wp-content\/uploads\/2025\/07\/1751630846828-ALCALDE-1536x864.jpg 1536w, https:\/\/www.cofb.org\/wp-content\/uploads\/2025\/07\/1751630846828-ALCALDE-2048x1152.jpg 2048w, https:\/\/www.cofb.org\/wp-content\/uploads\/2025\/07\/1751630846828-ALCALDE-18x10.jpg 18w\" sizes=\"(max-width: 1024px) 100vw, 1024px\" \/><figcaption class=\"wp-element-caption\">Marta Alcalde durant al seva exposici\u00f3 sobre la bona higiene de la pell.<\/figcaption><\/figure>\n<\/div>\n<\/div>\n\n\n\n<p>En la darrera part, Marta Alcalde, vocal de Dermof\u00e0rmacia i Productes Sanitaris del Col\u00b7legi, va posar \u00e8mfasi a <strong>acompanyar els tractaments<\/strong> amb \u201cuna<strong> bona higiene de la pell<\/strong>, evitant subst\u00e0ncies que puguin <strong>desencadenar m\u00e9s brots<\/strong>. A m\u00e9s a m\u00e9s, s\u2019ha de fer \u00fas de programes educacionals pel pacient perqu\u00e8 conegui quines coses poden afectar a la seva pell, independentment del <strong>grau de gravetat de la malaltia<\/strong>\u201d recomanant l&#8217;\u00fas de <strong>medicaments<\/strong> <strong>lliures d\u2019efectes secundaris a llarg termini<\/strong>, &#8220;evitant que la barrera cut\u00e0nia alterada pateixi m\u00e9s processos inflamatoris&#8221;.<\/p>\n\n\n\n<p class=\"has-text-align-right\"><\/p>\n\n\n\n<div class=\"wp-block-columns is-layout-flex wp-container-core-columns-is-layout-28f84493 wp-block-columns-is-layout-flex\">\n<div class=\"wp-block-column is-layout-flow wp-block-column-is-layout-flow\" style=\"flex-basis:66.66%\"><\/div>\n\n\n\n<div class=\"wp-block-column is-layout-flow wp-block-column-is-layout-flow\" style=\"flex-basis:33.33%\"><\/div>\n\n\n\n<div class=\"wp-block-column is-layout-flow wp-block-column-is-layout-flow\" style=\"flex-basis:33.33%\"><\/div>\n\n\n\n<div class=\"wp-block-column is-layout-flow wp-block-column-is-layout-flow\" style=\"flex-basis:33.33%\">\n<p class=\"has-text-align-right\"><strong><strong>Amb la col\u00b7laboraci\u00f3 de:<\/strong><\/strong><\/p>\n\n\n\n<figure class=\"wp-block-image alignright size-full is-resized\"><a href=\"https:\/\/www.scfarmclin.org\/\" target=\"_blank\" rel=\" noreferrer noopener\"><img loading=\"lazy\" decoding=\"async\" width=\"512\" height=\"332\" src=\"https:\/\/www.cofb.org\/wp-content\/uploads\/2025\/07\/Societat-Catalana-de-Farmacia-Clinica-SCFC_logo_transparent.png\" alt=\"\" class=\"wp-image-81831\" style=\"width:165px;height:auto\" srcset=\"https:\/\/www.cofb.org\/wp-content\/uploads\/2025\/07\/Societat-Catalana-de-Farmacia-Clinica-SCFC_logo_transparent.png 512w, https:\/\/www.cofb.org\/wp-content\/uploads\/2025\/07\/Societat-Catalana-de-Farmacia-Clinica-SCFC_logo_transparent-300x195.png 300w, https:\/\/www.cofb.org\/wp-content\/uploads\/2025\/07\/Societat-Catalana-de-Farmacia-Clinica-SCFC_logo_transparent-18x12.png 18w\" sizes=\"(max-width: 512px) 100vw, 512px\" \/><\/a><\/figure>\n<\/div>\n<\/div>\n\n\n\n<p class=\"has-text-align-right\"><\/p>\n\n\n\n<p class=\"has-text-align-right\"><\/p>\n\n\n\n<div class=\"wp-block-columns is-layout-flex wp-container-core-columns-is-layout-28f84493 wp-block-columns-is-layout-flex\">\n<div class=\"wp-block-column is-layout-flow wp-block-column-is-layout-flow\" style=\"flex-basis:66.66%\"><\/div>\n\n\n\n<div class=\"wp-block-column is-layout-flow wp-block-column-is-layout-flow\" style=\"flex-basis:33.33%\"><\/div>\n\n\n\n<div class=\"wp-block-column is-layout-flow wp-block-column-is-layout-flow\" style=\"flex-basis:33.33%\"><\/div>\n\n\n\n<div class=\"wp-block-column is-layout-flow wp-block-column-is-layout-flow\" style=\"flex-basis:33.33%\">\n<p class=\"has-text-align-right\"><strong>Amb el patrocini de:<\/strong><\/p>\n\n\n\n<figure class=\"wp-block-image alignright size-large is-resized\"><a href=\"https:\/\/www.almirall.es\/\" target=\"_blank\" rel=\" noreferrer noopener\"><img loading=\"lazy\" decoding=\"async\" width=\"1024\" height=\"341\" src=\"https:\/\/www.cofb.org\/wp-content\/uploads\/2025\/07\/ALMIRALL_2023_fons-transparent-1024x341.png\" alt=\"\" class=\"wp-image-81832\" style=\"width:221px;height:auto\" srcset=\"https:\/\/www.cofb.org\/wp-content\/uploads\/2025\/07\/ALMIRALL_2023_fons-transparent-1024x341.png 1024w, https:\/\/www.cofb.org\/wp-content\/uploads\/2025\/07\/ALMIRALL_2023_fons-transparent-300x100.png 300w, https:\/\/www.cofb.org\/wp-content\/uploads\/2025\/07\/ALMIRALL_2023_fons-transparent-768x256.png 768w, https:\/\/www.cofb.org\/wp-content\/uploads\/2025\/07\/ALMIRALL_2023_fons-transparent-1536x512.png 1536w, https:\/\/www.cofb.org\/wp-content\/uploads\/2025\/07\/ALMIRALL_2023_fons-transparent-18x6.png 18w, https:\/\/www.cofb.org\/wp-content\/uploads\/2025\/07\/ALMIRALL_2023_fons-transparent.png 1650w\" sizes=\"(max-width: 1024px) 100vw, 1024px\" \/><\/a><\/figure>\n<\/div>\n<\/div>\n\n\n\n<p><\/p>\n","protected":false},"excerpt":{"rendered":"<p>El passat 27 de maig, el Col\u00b7legi de Farmac\u00e8utics de Barcelona (COFB)\u00a0va organitzar la formaci\u00f3 \u201cActualitzaci\u00f3 en dermatitis at\u00f2pica\u201d, amb la col\u00b7laboraci\u00f3 de la Sociedad Catalana de Farm\u00e0cia Cl\u00ednica i el patrocini d&#8217;Almirall. La sessi\u00f3 va comptar amb Jos\u00e9 Manuel Carrascosa, cap del Servei de Dermatologia de l\u2019Hospital Universitari Germans [&hellip;]<\/p>\n","protected":false},"author":10,"featured_media":81895,"comment_status":"closed","ping_status":"closed","sticky":false,"template":"","format":"standard","meta":{"_uag_custom_page_level_css":"","site-sidebar-layout":"default","site-content-layout":"","ast-site-content-layout":"default","site-content-style":"default","site-sidebar-style":"default","ast-global-header-display":"","ast-banner-title-visibility":"","ast-main-header-display":"","ast-hfb-above-header-display":"","ast-hfb-below-header-display":"","ast-hfb-mobile-header-display":"","site-post-title":"","ast-breadcrumbs-content":"","ast-featured-img":"disabled","footer-sml-layout":"","theme-transparent-header-meta":"","adv-header-id-meta":"","stick-header-meta":"","header-above-stick-meta":"","header-main-stick-meta":"","header-below-stick-meta":"","astra-migrate-meta-layouts":"set","ast-page-background-enabled":"default","ast-page-background-meta":{"desktop":{"background-color":"var(--ast-global-color-4)","background-image":"","background-repeat":"repeat","background-position":"center center","background-size":"auto","background-attachment":"scroll","background-type":"","background-media":"","overlay-type":"","overlay-color":"","overlay-opacity":"","overlay-gradient":""},"tablet":{"background-color":"","background-image":"","background-repeat":"repeat","background-position":"center center","background-size":"auto","background-attachment":"scroll","background-type":"","background-media":"","overlay-type":"","overlay-color":"","overlay-opacity":"","overlay-gradient":""},"mobile":{"background-color":"","background-image":"","background-repeat":"repeat","background-position":"center center","background-size":"auto","background-attachment":"scroll","background-type":"","background-media":"","overlay-type":"","overlay-color":"","overlay-opacity":"","overlay-gradient":""}},"ast-content-background-meta":{"desktop":{"background-color":"var(--ast-global-color-5)","background-image":"","background-repeat":"repeat","background-position":"center center","background-size":"auto","background-attachment":"scroll","background-type":"","background-media":"","overlay-type":"","overlay-color":"","overlay-opacity":"","overlay-gradient":""},"tablet":{"background-color":"var(--ast-global-color-5)","background-image":"","background-repeat":"repeat","background-position":"center center","background-size":"auto","background-attachment":"scroll","background-type":"","background-media":"","overlay-type":"","overlay-color":"","overlay-opacity":"","overlay-gradient":""},"mobile":{"background-color":"var(--ast-global-color-5)","background-image":"","background-repeat":"repeat","background-position":"center center","background-size":"auto","background-attachment":"scroll","background-type":"","background-media":"","overlay-type":"","overlay-color":"","overlay-opacity":"","overlay-gradient":""}},"footnotes":""},"categories":[23,57],"tags":[938,18,19,213,4652,69,70,575,59,3303,524,63],"class_list":["post-81820","post","type-post","status-publish","format-standard","has-post-thumbnail","hentry","category-destacats","category-mon-collegial","tag-atencio-primaria","tag-cofb","tag-collegi-de-farmaceutics-de-barcelona","tag-dermatitis-atopica","tag-dermatoleg","tag-farmacia-comunitaria","tag-formacio","tag-innovacio","tag-pacients","tag-picor","tag-qualitat-de-vida","tag-tractament"],"yoast_head":"<!-- This site is optimized with the Yoast SEO plugin v22.4 - https:\/\/yoast.com\/wordpress\/plugins\/seo\/ -->\n<title>&quot;Actualitzaci\u00f3 en dermatitis at\u00f2pica&quot;. Abordatge des de les farm\u00e0cies d&#039;Atenci\u00f3 Prim\u00e0ria i Hospitals - Col\u00b7legi de Farmac\u00e8utics de Barcelona<\/title>\n<meta name=\"description\" content=\"El passat 27 de maig, el COFB va organitzar la formaci\u00f3 \u201cActualitzaci\u00f3 en dermatitis at\u00f2pica\u201d amb el patrocini de Almirall.\" \/>\n<meta name=\"robots\" content=\"index, follow, max-snippet:-1, max-image-preview:large, max-video-preview:-1\" \/>\n<link rel=\"canonical\" href=\"https:\/\/www.cofb.org\/ca\/2025\/07\/04\/actualitzacio-en-dermatitis-atopica-abordatge-des-de-les-farmacies-datencio-primaria-i-hospitals\/\" \/>\n<meta property=\"og:locale\" content=\"ca_ES\" \/>\n<meta property=\"og:type\" content=\"article\" \/>\n<meta property=\"og:title\" content=\"&quot;Actualitzaci\u00f3 en dermatitis at\u00f2pica&quot;. Abordatge des de les farm\u00e0cies d&#039;Atenci\u00f3 Prim\u00e0ria i Hospitals - Col\u00b7legi de Farmac\u00e8utics de Barcelona\" \/>\n<meta property=\"og:description\" content=\"El passat 27 de maig, el COFB va organitzar la formaci\u00f3 \u201cActualitzaci\u00f3 en dermatitis at\u00f2pica\u201d amb el patrocini de Almirall.\" \/>\n<meta property=\"og:url\" content=\"https:\/\/www.cofb.org\/ca\/2025\/07\/04\/actualitzacio-en-dermatitis-atopica-abordatge-des-de-les-farmacies-datencio-primaria-i-hospitals\/\" \/>\n<meta property=\"og:site_name\" content=\"Col\u00b7legi de Farmac\u00e8utics de Barcelona\" \/>\n<meta property=\"article:publisher\" content=\"https:\/\/www.facebook.com\/farmaceuticsbcn\/\" \/>\n<meta property=\"article:published_time\" content=\"2025-07-04T12:21:59+00:00\" \/>\n<meta property=\"article:modified_time\" content=\"2025-07-14T14:43:24+00:00\" \/>\n<meta property=\"og:image\" content=\"https:\/\/www.cofb.org\/wp-content\/uploads\/2025\/07\/COFB_DERMATITIS_10072025_2025_00-scaled.jpg\" \/>\n\t<meta property=\"og:image:width\" content=\"2560\" \/>\n\t<meta property=\"og:image:height\" content=\"1440\" \/>\n\t<meta property=\"og:image:type\" content=\"image\/jpeg\" \/>\n<meta name=\"author\" content=\"Xavier Magraner\" \/>\n<meta name=\"twitter:card\" content=\"summary_large_image\" \/>\n<meta name=\"twitter:creator\" content=\"@farmaceuticsbcn\" \/>\n<meta name=\"twitter:site\" content=\"@farmaceuticsbcn\" \/>\n<meta name=\"twitter:label1\" content=\"Escrit per\" \/>\n\t<meta name=\"twitter:data1\" content=\"Xavier Magraner\" \/>\n\t<meta name=\"twitter:label2\" content=\"Temps estimat de lectura\" \/>\n\t<meta name=\"twitter:data2\" content=\"6 minuts\" \/>\n<script type=\"application\/ld+json\" class=\"yoast-schema-graph\">{\"@context\":\"https:\/\/schema.org\",\"@graph\":[{\"@type\":\"Article\",\"@id\":\"https:\/\/www.cofb.org\/2025\/07\/04\/actualitzacio-en-dermatitis-atopica-abordatge-des-de-les-farmacies-datencio-primaria-i-hospitals\/#article\",\"isPartOf\":{\"@id\":\"https:\/\/www.cofb.org\/2025\/07\/04\/actualitzacio-en-dermatitis-atopica-abordatge-des-de-les-farmacies-datencio-primaria-i-hospitals\/\"},\"author\":{\"name\":\"Xavier Magraner\",\"@id\":\"https:\/\/www.cofb.org\/#\/schema\/person\/e46d741cfb92c985a083d163d8270ae4\"},\"headline\":\"&#8220;Actualitzaci\u00f3 en dermatitis at\u00f2pica&#8221;. Abordatge des de les farm\u00e0cies d&#8217;Atenci\u00f3 Prim\u00e0ria i Hospitals\",\"datePublished\":\"2025-07-04T12:21:59+00:00\",\"dateModified\":\"2025-07-14T14:43:24+00:00\",\"mainEntityOfPage\":{\"@id\":\"https:\/\/www.cofb.org\/2025\/07\/04\/actualitzacio-en-dermatitis-atopica-abordatge-des-de-les-farmacies-datencio-primaria-i-hospitals\/\"},\"wordCount\":883,\"publisher\":{\"@id\":\"https:\/\/www.cofb.org\/#organization\"},\"image\":{\"@id\":\"https:\/\/www.cofb.org\/2025\/07\/04\/actualitzacio-en-dermatitis-atopica-abordatge-des-de-les-farmacies-datencio-primaria-i-hospitals\/#primaryimage\"},\"thumbnailUrl\":\"https:\/\/www.cofb.org\/wp-content\/uploads\/2025\/07\/COFB_DERMATITIS_10072025_2025_00-scaled.jpg\",\"keywords\":[\"Atenci\u00f3 prim\u00e0ria\",\"COFB\",\"Col\u00b7legi de Farmac\u00e8utics de Barcelona\",\"dermatitis at\u00f2pica\",\"dermat\u00f2leg\",\"farm\u00e0cia comunit\u00e0ria\",\"Formaci\u00f3\",\"innovaci\u00f3\",\"pacients\",\"picor\",\"qualitat de vida\",\"tractament\"],\"articleSection\":[\"Destacats\",\"M\u00f3n col\u00b7legial\"],\"inLanguage\":\"ca\"},{\"@type\":\"WebPage\",\"@id\":\"https:\/\/www.cofb.org\/2025\/07\/04\/actualitzacio-en-dermatitis-atopica-abordatge-des-de-les-farmacies-datencio-primaria-i-hospitals\/\",\"url\":\"https:\/\/www.cofb.org\/2025\/07\/04\/actualitzacio-en-dermatitis-atopica-abordatge-des-de-les-farmacies-datencio-primaria-i-hospitals\/\",\"name\":\"\\\"Actualitzaci\u00f3 en dermatitis at\u00f2pica\\\". Abordatge des de les farm\u00e0cies d'Atenci\u00f3 Prim\u00e0ria i Hospitals - Col\u00b7legi de Farmac\u00e8utics de Barcelona\",\"isPartOf\":{\"@id\":\"https:\/\/www.cofb.org\/#website\"},\"primaryImageOfPage\":{\"@id\":\"https:\/\/www.cofb.org\/2025\/07\/04\/actualitzacio-en-dermatitis-atopica-abordatge-des-de-les-farmacies-datencio-primaria-i-hospitals\/#primaryimage\"},\"image\":{\"@id\":\"https:\/\/www.cofb.org\/2025\/07\/04\/actualitzacio-en-dermatitis-atopica-abordatge-des-de-les-farmacies-datencio-primaria-i-hospitals\/#primaryimage\"},\"thumbnailUrl\":\"https:\/\/www.cofb.org\/wp-content\/uploads\/2025\/07\/COFB_DERMATITIS_10072025_2025_00-scaled.jpg\",\"datePublished\":\"2025-07-04T12:21:59+00:00\",\"dateModified\":\"2025-07-14T14:43:24+00:00\",\"description\":\"El passat 27 de maig, el COFB va organitzar la formaci\u00f3 \u201cActualitzaci\u00f3 en dermatitis at\u00f2pica\u201d amb el patrocini de Almirall.\",\"breadcrumb\":{\"@id\":\"https:\/\/www.cofb.org\/2025\/07\/04\/actualitzacio-en-dermatitis-atopica-abordatge-des-de-les-farmacies-datencio-primaria-i-hospitals\/#breadcrumb\"},\"inLanguage\":\"ca\",\"potentialAction\":[{\"@type\":\"ReadAction\",\"target\":[\"https:\/\/www.cofb.org\/2025\/07\/04\/actualitzacio-en-dermatitis-atopica-abordatge-des-de-les-farmacies-datencio-primaria-i-hospitals\/\"]}]},{\"@type\":\"ImageObject\",\"inLanguage\":\"ca\",\"@id\":\"https:\/\/www.cofb.org\/2025\/07\/04\/actualitzacio-en-dermatitis-atopica-abordatge-des-de-les-farmacies-datencio-primaria-i-hospitals\/#primaryimage\",\"url\":\"https:\/\/www.cofb.org\/wp-content\/uploads\/2025\/07\/COFB_DERMATITIS_10072025_2025_00-scaled.jpg\",\"contentUrl\":\"https:\/\/www.cofb.org\/wp-content\/uploads\/2025\/07\/COFB_DERMATITIS_10072025_2025_00-scaled.jpg\",\"width\":2560,\"height\":1440},{\"@type\":\"BreadcrumbList\",\"@id\":\"https:\/\/www.cofb.org\/2025\/07\/04\/actualitzacio-en-dermatitis-atopica-abordatge-des-de-les-farmacies-datencio-primaria-i-hospitals\/#breadcrumb\",\"itemListElement\":[{\"@type\":\"ListItem\",\"position\":1,\"name\":\"Inici\",\"item\":\"https:\/\/novaorg.cofb.net\/\"},{\"@type\":\"ListItem\",\"position\":2,\"name\":\"&#8220;Actualitzaci\u00f3 en dermatitis at\u00f2pica&#8221;. Abordatge des de les farm\u00e0cies d&#8217;Atenci\u00f3 Prim\u00e0ria i Hospitals\"}]},{\"@type\":\"WebSite\",\"@id\":\"https:\/\/www.cofb.org\/#website\",\"url\":\"https:\/\/www.cofb.org\/\",\"name\":\"Col\u00b7legi de Farmac\u00e8utics de Barcelona\",\"description\":\"\",\"publisher\":{\"@id\":\"https:\/\/www.cofb.org\/#organization\"},\"potentialAction\":[{\"@type\":\"SearchAction\",\"target\":{\"@type\":\"EntryPoint\",\"urlTemplate\":\"https:\/\/www.cofb.org\/?s={search_term_string}\"},\"query-input\":\"required name=search_term_string\"}],\"inLanguage\":\"ca\"},{\"@type\":\"Organization\",\"@id\":\"https:\/\/www.cofb.org\/#organization\",\"name\":\"Col\u00b7legi de Farmac\u00e8utics de Barcelona\",\"url\":\"https:\/\/www.cofb.org\/\",\"logo\":{\"@type\":\"ImageObject\",\"inLanguage\":\"ca\",\"@id\":\"https:\/\/www.cofb.org\/#\/schema\/logo\/image\/\",\"url\":\"https:\/\/www.cofb.org\/wp-content\/uploads\/2023\/11\/cropped-Logotip-COFB.png\",\"contentUrl\":\"https:\/\/www.cofb.org\/wp-content\/uploads\/2023\/11\/cropped-Logotip-COFB.png\",\"width\":500,\"height\":105,\"caption\":\"Col\u00b7legi de Farmac\u00e8utics de Barcelona\"},\"image\":{\"@id\":\"https:\/\/www.cofb.org\/#\/schema\/logo\/image\/\"},\"sameAs\":[\"https:\/\/www.facebook.com\/farmaceuticsbcn\/\",\"https:\/\/twitter.com\/farmaceuticsbcn\",\"https:\/\/www.instagram.com\/farmaceuticsbcn\/\",\"https:\/\/www.linkedin.com\/company\/farmaceuticsbcn\/\"]},{\"@type\":\"Person\",\"@id\":\"https:\/\/www.cofb.org\/#\/schema\/person\/e46d741cfb92c985a083d163d8270ae4\",\"name\":\"Xavier Magraner\",\"image\":{\"@type\":\"ImageObject\",\"inLanguage\":\"ca\",\"@id\":\"https:\/\/www.cofb.org\/#\/schema\/person\/image\/\",\"url\":\"https:\/\/secure.gravatar.com\/avatar\/aa0d1d4df59f71f88eebd5796c5388ff41c58d83c5301eb6e1d65646a289c37d?s=96&d=mm&r=g\",\"contentUrl\":\"https:\/\/secure.gravatar.com\/avatar\/aa0d1d4df59f71f88eebd5796c5388ff41c58d83c5301eb6e1d65646a289c37d?s=96&d=mm&r=g\",\"caption\":\"Xavier Magraner\"},\"url\":\"https:\/\/www.cofb.org\/ca\/author\/xmagraner\/\"}]}<\/script>\n<!-- \/ Yoast SEO plugin. -->","yoast_head_json":{"title":"\"Actualitzaci\u00f3 en dermatitis at\u00f2pica\". Abordatge des de les farm\u00e0cies d'Atenci\u00f3 Prim\u00e0ria i Hospitals - Col\u00b7legi de Farmac\u00e8utics de Barcelona","description":"El passat 27 de maig, el COFB va organitzar la formaci\u00f3 \u201cActualitzaci\u00f3 en dermatitis at\u00f2pica\u201d amb el patrocini de Almirall.","robots":{"index":"index","follow":"follow","max-snippet":"max-snippet:-1","max-image-preview":"max-image-preview:large","max-video-preview":"max-video-preview:-1"},"canonical":"https:\/\/www.cofb.org\/ca\/2025\/07\/04\/actualitzacio-en-dermatitis-atopica-abordatge-des-de-les-farmacies-datencio-primaria-i-hospitals\/","og_locale":"ca_ES","og_type":"article","og_title":"\"Actualitzaci\u00f3 en dermatitis at\u00f2pica\". Abordatge des de les farm\u00e0cies d'Atenci\u00f3 Prim\u00e0ria i Hospitals - Col\u00b7legi de Farmac\u00e8utics de Barcelona","og_description":"El passat 27 de maig, el COFB va organitzar la formaci\u00f3 \u201cActualitzaci\u00f3 en dermatitis at\u00f2pica\u201d amb el patrocini de Almirall.","og_url":"https:\/\/www.cofb.org\/ca\/2025\/07\/04\/actualitzacio-en-dermatitis-atopica-abordatge-des-de-les-farmacies-datencio-primaria-i-hospitals\/","og_site_name":"Col\u00b7legi de Farmac\u00e8utics de Barcelona","article_publisher":"https:\/\/www.facebook.com\/farmaceuticsbcn\/","article_published_time":"2025-07-04T12:21:59+00:00","article_modified_time":"2025-07-14T14:43:24+00:00","og_image":[{"width":2560,"height":1440,"url":"https:\/\/www.cofb.org\/wp-content\/uploads\/2025\/07\/COFB_DERMATITIS_10072025_2025_00-scaled.jpg","type":"image\/jpeg"}],"author":"Xavier Magraner","twitter_card":"summary_large_image","twitter_creator":"@farmaceuticsbcn","twitter_site":"@farmaceuticsbcn","twitter_misc":{"Escrit per":"Xavier Magraner","Temps estimat de lectura":"6 minuts"},"schema":{"@context":"https:\/\/schema.org","@graph":[{"@type":"Article","@id":"https:\/\/www.cofb.org\/2025\/07\/04\/actualitzacio-en-dermatitis-atopica-abordatge-des-de-les-farmacies-datencio-primaria-i-hospitals\/#article","isPartOf":{"@id":"https:\/\/www.cofb.org\/2025\/07\/04\/actualitzacio-en-dermatitis-atopica-abordatge-des-de-les-farmacies-datencio-primaria-i-hospitals\/"},"author":{"name":"Xavier Magraner","@id":"https:\/\/www.cofb.org\/#\/schema\/person\/e46d741cfb92c985a083d163d8270ae4"},"headline":"&#8220;Actualitzaci\u00f3 en dermatitis at\u00f2pica&#8221;. Abordatge des de les farm\u00e0cies d&#8217;Atenci\u00f3 Prim\u00e0ria i Hospitals","datePublished":"2025-07-04T12:21:59+00:00","dateModified":"2025-07-14T14:43:24+00:00","mainEntityOfPage":{"@id":"https:\/\/www.cofb.org\/2025\/07\/04\/actualitzacio-en-dermatitis-atopica-abordatge-des-de-les-farmacies-datencio-primaria-i-hospitals\/"},"wordCount":883,"publisher":{"@id":"https:\/\/www.cofb.org\/#organization"},"image":{"@id":"https:\/\/www.cofb.org\/2025\/07\/04\/actualitzacio-en-dermatitis-atopica-abordatge-des-de-les-farmacies-datencio-primaria-i-hospitals\/#primaryimage"},"thumbnailUrl":"https:\/\/www.cofb.org\/wp-content\/uploads\/2025\/07\/COFB_DERMATITIS_10072025_2025_00-scaled.jpg","keywords":["Atenci\u00f3 prim\u00e0ria","COFB","Col\u00b7legi de Farmac\u00e8utics de Barcelona","dermatitis at\u00f2pica","dermat\u00f2leg","farm\u00e0cia comunit\u00e0ria","Formaci\u00f3","innovaci\u00f3","pacients","picor","qualitat de vida","tractament"],"articleSection":["Destacats","M\u00f3n col\u00b7legial"],"inLanguage":"ca"},{"@type":"WebPage","@id":"https:\/\/www.cofb.org\/2025\/07\/04\/actualitzacio-en-dermatitis-atopica-abordatge-des-de-les-farmacies-datencio-primaria-i-hospitals\/","url":"https:\/\/www.cofb.org\/2025\/07\/04\/actualitzacio-en-dermatitis-atopica-abordatge-des-de-les-farmacies-datencio-primaria-i-hospitals\/","name":"\"Actualitzaci\u00f3 en dermatitis at\u00f2pica\". Abordatge des de les farm\u00e0cies d'Atenci\u00f3 Prim\u00e0ria i Hospitals - Col\u00b7legi de Farmac\u00e8utics de Barcelona","isPartOf":{"@id":"https:\/\/www.cofb.org\/#website"},"primaryImageOfPage":{"@id":"https:\/\/www.cofb.org\/2025\/07\/04\/actualitzacio-en-dermatitis-atopica-abordatge-des-de-les-farmacies-datencio-primaria-i-hospitals\/#primaryimage"},"image":{"@id":"https:\/\/www.cofb.org\/2025\/07\/04\/actualitzacio-en-dermatitis-atopica-abordatge-des-de-les-farmacies-datencio-primaria-i-hospitals\/#primaryimage"},"thumbnailUrl":"https:\/\/www.cofb.org\/wp-content\/uploads\/2025\/07\/COFB_DERMATITIS_10072025_2025_00-scaled.jpg","datePublished":"2025-07-04T12:21:59+00:00","dateModified":"2025-07-14T14:43:24+00:00","description":"El passat 27 de maig, el COFB va organitzar la formaci\u00f3 \u201cActualitzaci\u00f3 en dermatitis at\u00f2pica\u201d amb el patrocini de Almirall.","breadcrumb":{"@id":"https:\/\/www.cofb.org\/2025\/07\/04\/actualitzacio-en-dermatitis-atopica-abordatge-des-de-les-farmacies-datencio-primaria-i-hospitals\/#breadcrumb"},"inLanguage":"ca","potentialAction":[{"@type":"ReadAction","target":["https:\/\/www.cofb.org\/2025\/07\/04\/actualitzacio-en-dermatitis-atopica-abordatge-des-de-les-farmacies-datencio-primaria-i-hospitals\/"]}]},{"@type":"ImageObject","inLanguage":"ca","@id":"https:\/\/www.cofb.org\/2025\/07\/04\/actualitzacio-en-dermatitis-atopica-abordatge-des-de-les-farmacies-datencio-primaria-i-hospitals\/#primaryimage","url":"https:\/\/www.cofb.org\/wp-content\/uploads\/2025\/07\/COFB_DERMATITIS_10072025_2025_00-scaled.jpg","contentUrl":"https:\/\/www.cofb.org\/wp-content\/uploads\/2025\/07\/COFB_DERMATITIS_10072025_2025_00-scaled.jpg","width":2560,"height":1440},{"@type":"BreadcrumbList","@id":"https:\/\/www.cofb.org\/2025\/07\/04\/actualitzacio-en-dermatitis-atopica-abordatge-des-de-les-farmacies-datencio-primaria-i-hospitals\/#breadcrumb","itemListElement":[{"@type":"ListItem","position":1,"name":"Inici","item":"https:\/\/novaorg.cofb.net\/"},{"@type":"ListItem","position":2,"name":"&#8220;Actualitzaci\u00f3 en dermatitis at\u00f2pica&#8221;. Abordatge des de les farm\u00e0cies d&#8217;Atenci\u00f3 Prim\u00e0ria i Hospitals"}]},{"@type":"WebSite","@id":"https:\/\/www.cofb.org\/#website","url":"https:\/\/www.cofb.org\/","name":"Col\u00b7legi de Farmac\u00e8utics de Barcelona","description":"","publisher":{"@id":"https:\/\/www.cofb.org\/#organization"},"potentialAction":[{"@type":"SearchAction","target":{"@type":"EntryPoint","urlTemplate":"https:\/\/www.cofb.org\/?s={search_term_string}"},"query-input":"required name=search_term_string"}],"inLanguage":"ca"},{"@type":"Organization","@id":"https:\/\/www.cofb.org\/#organization","name":"Col\u00b7legi de Farmac\u00e8utics de Barcelona","url":"https:\/\/www.cofb.org\/","logo":{"@type":"ImageObject","inLanguage":"ca","@id":"https:\/\/www.cofb.org\/#\/schema\/logo\/image\/","url":"https:\/\/www.cofb.org\/wp-content\/uploads\/2023\/11\/cropped-Logotip-COFB.png","contentUrl":"https:\/\/www.cofb.org\/wp-content\/uploads\/2023\/11\/cropped-Logotip-COFB.png","width":500,"height":105,"caption":"Col\u00b7legi de Farmac\u00e8utics de Barcelona"},"image":{"@id":"https:\/\/www.cofb.org\/#\/schema\/logo\/image\/"},"sameAs":["https:\/\/www.facebook.com\/farmaceuticsbcn\/","https:\/\/twitter.com\/farmaceuticsbcn","https:\/\/www.instagram.com\/farmaceuticsbcn\/","https:\/\/www.linkedin.com\/company\/farmaceuticsbcn\/"]},{"@type":"Person","@id":"https:\/\/www.cofb.org\/#\/schema\/person\/e46d741cfb92c985a083d163d8270ae4","name":"Xavier Magraner","image":{"@type":"ImageObject","inLanguage":"ca","@id":"https:\/\/www.cofb.org\/#\/schema\/person\/image\/","url":"https:\/\/secure.gravatar.com\/avatar\/aa0d1d4df59f71f88eebd5796c5388ff41c58d83c5301eb6e1d65646a289c37d?s=96&d=mm&r=g","contentUrl":"https:\/\/secure.gravatar.com\/avatar\/aa0d1d4df59f71f88eebd5796c5388ff41c58d83c5301eb6e1d65646a289c37d?s=96&d=mm&r=g","caption":"Xavier Magraner"},"url":"https:\/\/www.cofb.org\/ca\/author\/xmagraner\/"}]}},"uagb_featured_image_src":{"full":["https:\/\/www.cofb.org\/wp-content\/uploads\/2025\/07\/COFB_DERMATITIS_10072025_2025_00-scaled.jpg",2560,1440,false],"thumbnail":["https:\/\/www.cofb.org\/wp-content\/uploads\/2025\/07\/COFB_DERMATITIS_10072025_2025_00-150x150.jpg",150,150,true],"medium":["https:\/\/www.cofb.org\/wp-content\/uploads\/2025\/07\/COFB_DERMATITIS_10072025_2025_00-300x169.jpg",300,169,true],"medium_large":["https:\/\/www.cofb.org\/wp-content\/uploads\/2025\/07\/COFB_DERMATITIS_10072025_2025_00-768x432.jpg",768,432,true],"large":["https:\/\/www.cofb.org\/wp-content\/uploads\/2025\/07\/COFB_DERMATITIS_10072025_2025_00-1024x576.jpg",1024,576,true],"1536x1536":["https:\/\/www.cofb.org\/wp-content\/uploads\/2025\/07\/COFB_DERMATITIS_10072025_2025_00-1536x864.jpg",1536,864,true],"2048x2048":["https:\/\/www.cofb.org\/wp-content\/uploads\/2025\/07\/COFB_DERMATITIS_10072025_2025_00-2048x1152.jpg",2048,1152,true],"trp-custom-language-flag":["https:\/\/www.cofb.org\/wp-content\/uploads\/2025\/07\/COFB_DERMATITIS_10072025_2025_00-18x10.jpg",18,10,true]},"uagb_author_info":{"display_name":"Xavier Magraner","author_link":"https:\/\/www.cofb.org\/ca\/author\/xmagraner\/"},"uagb_comment_info":0,"uagb_excerpt":"El passat 27 de maig, el Col\u00b7legi de Farmac\u00e8utics de Barcelona (COFB)\u00a0va organitzar la formaci\u00f3 \u201cActualitzaci\u00f3 en dermatitis at\u00f2pica\u201d, amb la col\u00b7laboraci\u00f3 de la Sociedad Catalana de Farm\u00e0cia Cl\u00ednica i el patrocini d&#8217;Almirall. La sessi\u00f3 va comptar amb Jos\u00e9 Manuel Carrascosa, cap del Servei de Dermatologia de l\u2019Hospital Universitari Germans [&hellip;]","_links":{"self":[{"href":"https:\/\/www.cofb.org\/ca\/wp-json\/wp\/v2\/posts\/81820","targetHints":{"allow":["GET"]}}],"collection":[{"href":"https:\/\/www.cofb.org\/ca\/wp-json\/wp\/v2\/posts"}],"about":[{"href":"https:\/\/www.cofb.org\/ca\/wp-json\/wp\/v2\/types\/post"}],"author":[{"embeddable":true,"href":"https:\/\/www.cofb.org\/ca\/wp-json\/wp\/v2\/users\/10"}],"replies":[{"embeddable":true,"href":"https:\/\/www.cofb.org\/ca\/wp-json\/wp\/v2\/comments?post=81820"}],"version-history":[{"count":27,"href":"https:\/\/www.cofb.org\/ca\/wp-json\/wp\/v2\/posts\/81820\/revisions"}],"predecessor-version":[{"id":81924,"href":"https:\/\/www.cofb.org\/ca\/wp-json\/wp\/v2\/posts\/81820\/revisions\/81924"}],"wp:featuredmedia":[{"embeddable":true,"href":"https:\/\/www.cofb.org\/ca\/wp-json\/wp\/v2\/media\/81895"}],"wp:attachment":[{"href":"https:\/\/www.cofb.org\/ca\/wp-json\/wp\/v2\/media?parent=81820"}],"wp:term":[{"taxonomy":"category","embeddable":true,"href":"https:\/\/www.cofb.org\/ca\/wp-json\/wp\/v2\/categories?post=81820"},{"taxonomy":"post_tag","embeddable":true,"href":"https:\/\/www.cofb.org\/ca\/wp-json\/wp\/v2\/tags?post=81820"}],"curies":[{"name":"wp","href":"https:\/\/api.w.org\/{rel}","templated":true}]}}