{"id":81807,"date":"2025-07-01T12:13:52","date_gmt":"2025-07-01T12:13:52","guid":{"rendered":"https:\/\/www.cofb.org\/?p=81807"},"modified":"2025-07-18T10:39:09","modified_gmt":"2025-07-18T10:39:09","slug":"biologia-de-lestres-com-hi-podem-actuar-nova-formacio-dins-del-cicle-trending-topics-en-nutricio","status":"publish","type":"post","link":"https:\/\/www.cofb.org\/ca\/2025\/07\/01\/biologia-de-lestres-com-hi-podem-actuar-nova-formacio-dins-del-cicle-trending-topics-en-nutricio\/","title":{"rendered":"&#8220;Biologia de l\u2019estr\u00e8s, com hi podem actuar?&#8221; Nova formaci\u00f3 dins del cicle &#8220;Trending Topics en Nutrici\u00f3&#8221;"},"content":{"rendered":"\n<p>El <strong>Col\u00b7legi de Farmac\u00e8utics de Barcelona (COFB) <\/strong>va organitzar al mes de maig la formaci\u00f3 &#8220;<strong>Biologia de l\u2019estr\u00e8s, com hi podem actuar<\/strong>?&#8221;, en el marc del cicle de confer\u00e8ncies\u00a0<strong>Trending Topics <\/strong>en Nutrici\u00f3 2024-2025, amb el patrocini de <a href=\"https:\/\/www.nutergia.es\/\" target=\"_blank\" rel=\"noreferrer noopener\">Nutergia<\/a>. La sessi\u00f3 va ser impartida per <strong>Salvador Tal\u00f3n<\/strong>, farmac\u00e8utic i cap de nutrici\u00f3 de Zem Wellness Clinic Altea. El vocal d\u2019Alimentaci\u00f3 i Nutrici\u00f3 del COFB; <strong>\u00d3scar Llans\u00f3,<\/strong> va presentar la formaci\u00f3 adre\u00e7ada a <strong>farmac\u00e8utics i farmac\u00e8utiques<\/strong> col\u00b7legiats\/des.<\/p>\n\n\n\n<figure class=\"wp-block-image size-large\"><img fetchpriority=\"high\" decoding=\"async\" width=\"1024\" height=\"580\" src=\"https:\/\/www.cofb.org\/wp-content\/uploads\/2025\/07\/COFB_TRENDING_TOPICS_ESTRES_08072025_02-1024x580.jpg\" alt=\"\u00d3scar Llans\u00f3, en un moment de la presentaci\u00f3.\" class=\"wp-image-81838\" srcset=\"https:\/\/www.cofb.org\/wp-content\/uploads\/2025\/07\/COFB_TRENDING_TOPICS_ESTRES_08072025_02-1024x580.jpg 1024w, https:\/\/www.cofb.org\/wp-content\/uploads\/2025\/07\/COFB_TRENDING_TOPICS_ESTRES_08072025_02-300x170.jpg 300w, https:\/\/www.cofb.org\/wp-content\/uploads\/2025\/07\/COFB_TRENDING_TOPICS_ESTRES_08072025_02-768x435.jpg 768w, https:\/\/www.cofb.org\/wp-content\/uploads\/2025\/07\/COFB_TRENDING_TOPICS_ESTRES_08072025_02-1536x870.jpg 1536w, https:\/\/www.cofb.org\/wp-content\/uploads\/2025\/07\/COFB_TRENDING_TOPICS_ESTRES_08072025_02-2048x1159.jpg 2048w, https:\/\/www.cofb.org\/wp-content\/uploads\/2025\/07\/COFB_TRENDING_TOPICS_ESTRES_08072025_02-18x10.jpg 18w\" sizes=\"(max-width: 1024px) 100vw, 1024px\" \/><figcaption class=\"wp-element-caption\">\u00d3scar Llans\u00f3, en un moment de la presentaci\u00f3.<\/figcaption><\/figure>\n\n\n\n<p>Els principals objectius de la formaci\u00f3 van ser con\u00e8ixer les <strong>capacitats <\/strong>de les <strong>plantes medicinals<\/strong> a l\u2019hora de <strong>combatre l\u2019estr\u00e8s i l\u2019insomni<\/strong>, analitzar la<strong> fisiologia de l\u2019estr\u00e8s<\/strong> i com millorar la <strong>bioqu\u00edmica cerebral<\/strong>. A m\u00e9s, tamb\u00e9 es van descriure els <strong>micronutrients <\/strong>i <strong>cofactors <\/strong>que participen en les <strong>reaccions enzim\u00e0tiques<\/strong> relacionades amb l&#8217;estr\u00e8s i es van abordar aspectes sobre la<strong> qualitat i seguretat<\/strong> dels complements alimentosos.<\/p>\n\n\n\n<h2 class=\"wp-block-heading\">Biologia de l&#8217;estr\u00e8s, un abans i un despr\u00e9s<\/h2>\n\n\n\n<p>Salvador Tal\u00f3n va iniciar la formaci\u00f3 afirmant que, pel que fa a la <strong>biologia de l\u2019estr\u00e8s<\/strong>, hi va haver un abans i un despr\u00e9s amb la<strong> pand\u00e8mia de coronavirus<\/strong>: \u201cEls casos de <strong>depressi\u00f3 i ansietat<\/strong> van augmentar un<strong> 25% en l\u2019\u00e0mbit mundial<\/strong> i les farm\u00e0cies van ser protagonistes en receptar medicaments per aquesta situaci\u00f3\u201d. En aquest sentit, el farmac\u00e8utic va assenyalar que la <strong>petjada d\u2019estr\u00e8s<\/strong> creada \u201c<strong>acaba mantenint-se<\/strong>, provocant que els professionals hagin de buscar <strong>alternatives <\/strong>per a <strong>no perjudicar els pacients<\/strong>, ja que la majoria compta amb una<strong> elevada c\u00e0rrega de prescripci\u00f3<\/strong>\u201d.<\/p>\n\n\n\n<figure class=\"wp-block-image size-large\"><img decoding=\"async\" width=\"1024\" height=\"569\" src=\"https:\/\/www.cofb.org\/wp-content\/uploads\/2025\/07\/COFB_TRENDING_TOPICS_ESTRES_08072025_01-2-1024x569.jpg\" alt=\"Salvador Tal\u00f3n, durant el transcurs de la formaci\u00f3.\" class=\"wp-image-81840\" srcset=\"https:\/\/www.cofb.org\/wp-content\/uploads\/2025\/07\/COFB_TRENDING_TOPICS_ESTRES_08072025_01-2-1024x569.jpg 1024w, https:\/\/www.cofb.org\/wp-content\/uploads\/2025\/07\/COFB_TRENDING_TOPICS_ESTRES_08072025_01-2-300x167.jpg 300w, https:\/\/www.cofb.org\/wp-content\/uploads\/2025\/07\/COFB_TRENDING_TOPICS_ESTRES_08072025_01-2-768x427.jpg 768w, https:\/\/www.cofb.org\/wp-content\/uploads\/2025\/07\/COFB_TRENDING_TOPICS_ESTRES_08072025_01-2-1536x854.jpg 1536w, https:\/\/www.cofb.org\/wp-content\/uploads\/2025\/07\/COFB_TRENDING_TOPICS_ESTRES_08072025_01-2-2048x1139.jpg 2048w, https:\/\/www.cofb.org\/wp-content\/uploads\/2025\/07\/COFB_TRENDING_TOPICS_ESTRES_08072025_01-2-18x10.jpg 18w\" sizes=\"(max-width: 1024px) 100vw, 1024px\" \/><figcaption class=\"wp-element-caption\">Salvador Tal\u00f3n, durant el transcurs de la formaci\u00f3.<\/figcaption><\/figure>\n\n\n\n<p>Seguidament, va analitzar les difer\u00e8ncies entre <strong>estr\u00e8s agut i cr\u00f2nic<\/strong>, descrivint el primer com \u201cla <strong>resposta a una situaci\u00f3 precisa <\/strong>al moment present, de la qual dep\u00e8n la <strong>nostra superviv\u00e8ncia<\/strong>\u201d. En el cas de l\u2019estr\u00e8s cr\u00f2nic, es tracta de \u201cla<strong> resposta del nostre cos<\/strong> a una<strong> situaci\u00f3 d\u2019estr\u00e8s<\/strong> que s\u2019instal\u00b7la i que dura. Aquest escenari provoca <strong>l\u2019activaci\u00f3<\/strong> de <strong>gl\u00e0ndules cortical suprarenals<\/strong>, que acaba generant una alliberaci\u00f3 de cortisol\u201d.<\/p>\n\n\n\n<h2 class=\"wp-block-heading\">El paper de les plantes medicinals<\/h2>\n\n\n\n<p>A continuaci\u00f3, el farmac\u00e8utic va repassar el <strong>paper de les plantes medicinals <\/strong>en els diferents aspectes<strong> <\/strong>de la<strong> biologia de l\u2019estr\u00e8s<\/strong>, comen\u00e7ant pel fruit de la<strong> schisandra<\/strong>, una droga adapt\u00f2gena que \u201cs\u2019ha comprovat que disminueix l\u2019estr\u00e8s possiblement a trav\u00e9s d\u2019un mecanisme no espec\u00edfic caracter\u00edstic de les subst\u00e0ncies amb <strong>activitat adapt\u00f2gena<\/strong>\u201d.<\/p>\n\n\n\n<figure class=\"wp-block-image size-large\"><img decoding=\"async\" width=\"1024\" height=\"576\" src=\"https:\/\/www.cofb.org\/wp-content\/uploads\/2025\/07\/COFB_TRENDING_TOPICS_ESTRES_08072025_00-1024x576.png\" alt=\"El COFB va seguir apostant per l'edici\u00f3 Trending Topics en nutrici\u00f3.\" class=\"wp-image-81841\" srcset=\"https:\/\/www.cofb.org\/wp-content\/uploads\/2025\/07\/COFB_TRENDING_TOPICS_ESTRES_08072025_00-1024x576.png 1024w, https:\/\/www.cofb.org\/wp-content\/uploads\/2025\/07\/COFB_TRENDING_TOPICS_ESTRES_08072025_00-300x169.png 300w, https:\/\/www.cofb.org\/wp-content\/uploads\/2025\/07\/COFB_TRENDING_TOPICS_ESTRES_08072025_00-768x432.png 768w, https:\/\/www.cofb.org\/wp-content\/uploads\/2025\/07\/COFB_TRENDING_TOPICS_ESTRES_08072025_00-1536x864.png 1536w, https:\/\/www.cofb.org\/wp-content\/uploads\/2025\/07\/COFB_TRENDING_TOPICS_ESTRES_08072025_00-18x10.png 18w, https:\/\/www.cofb.org\/wp-content\/uploads\/2025\/07\/COFB_TRENDING_TOPICS_ESTRES_08072025_00.png 1600w\" sizes=\"(max-width: 1024px) 100vw, 1024px\" \/><\/figure>\n\n\n\n<p>Una altra planta analitzada va ser <strong>l\u2019ashwagandha<\/strong>, de la qual nombroses investigacions \u201chan demostrat <strong>importants propietats<\/strong> <strong>antioxidants<\/strong>, <strong>antiinflamat\u00f2ries<\/strong>, <strong>immunomoduladors <\/strong>i <strong>ansiol\u00edtiques<\/strong>\u201d. Per acabar aquest apartat es va parlar de la<strong> rhodiola rosea<\/strong>, un adapt\u00f2gen que, despr\u00e9s de diferents assaigs cl\u00ednics, \u201cha demostrat la seva utilitat amb <strong>depressi\u00f3<\/strong>, la <strong>fatiga <\/strong>i <strong>l\u2019ansietat<\/strong>\u201d.<\/p>\n\n\n\n<h2 class=\"wp-block-heading\">Diferents perfils neurodist\u00f2nics existents<\/h2>\n\n\n\n<p>En la darrera part, Tal\u00f3n va exposar els<strong> diferents perfils neurodist\u00f2nics existents<\/strong>, diferenciant-los amb el <strong>saturat<\/strong>, el <strong>melanc\u00f2lic <\/strong>i <strong>l\u2019ansi\u00f3s<\/strong>: \u201cEl primer de tots ells necessita pujar la <strong>dopamina <\/strong>per generar motivaci\u00f3 i plaer\u201d. Pel que fa al perfil melanc\u00f2lic, ha defensat la necessitat de \u201cpujar la <strong>serotonina<\/strong>, cosa que permet veure el got mig ple per les emocions negatives\u201d. Finalment, pel que fa a les persones que pateixen ansietat, el farmac\u00e8utic va defensar l\u2019\u00fas de GABA (gammaaminobut\u00edric) per \u201cdescansar i aconseguir una relaxaci\u00f3 mental i f\u00edsica\u201d.<\/p>\n\n\n\n<p class=\"has-text-align-right\"><strong>Amb el patrocini de: <\/strong><\/p>\n\n\n\n<figure class=\"wp-block-image alignright size-full is-resized\"><a href=\"https:\/\/www.nutergia.es\/\" target=\"_blank\" rel=\"noreferrer noopener\"><img loading=\"lazy\" decoding=\"async\" width=\"180\" height=\"120\" src=\"https:\/\/www.cofb.org\/wp-content\/uploads\/2025\/07\/Logo-Nutergia.jpg\" alt=\"\" class=\"wp-image-81811\" style=\"width:243px;height:auto\" srcset=\"https:\/\/www.cofb.org\/wp-content\/uploads\/2025\/07\/Logo-Nutergia.jpg 180w, https:\/\/www.cofb.org\/wp-content\/uploads\/2025\/07\/Logo-Nutergia-18x12.jpg 18w\" sizes=\"(max-width: 180px) 100vw, 180px\" \/><\/a><\/figure>\n","protected":false},"excerpt":{"rendered":"<p>El Col\u00b7legi de Farmac\u00e8utics de Barcelona (COFB) va organitzar al mes de maig la formaci\u00f3 &#8220;Biologia de l\u2019estr\u00e8s, com hi podem actuar?&#8221;, en el marc del cicle de confer\u00e8ncies\u00a0Trending Topics en Nutrici\u00f3 2024-2025, amb el patrocini de Nutergia. La sessi\u00f3 va ser impartida per Salvador Tal\u00f3n, farmac\u00e8utic i cap de [&hellip;]<\/p>\n","protected":false},"author":10,"featured_media":81841,"comment_status":"closed","ping_status":"closed","sticky":false,"template":"","format":"standard","meta":{"_uag_custom_page_level_css":"","site-sidebar-layout":"default","site-content-layout":"","ast-site-content-layout":"default","site-content-style":"default","site-sidebar-style":"default","ast-global-header-display":"","ast-banner-title-visibility":"","ast-main-header-display":"","ast-hfb-above-header-display":"","ast-hfb-below-header-display":"","ast-hfb-mobile-header-display":"","site-post-title":"","ast-breadcrumbs-content":"","ast-featured-img":"disabled","footer-sml-layout":"","theme-transparent-header-meta":"","adv-header-id-meta":"","stick-header-meta":"","header-above-stick-meta":"","header-main-stick-meta":"","header-below-stick-meta":"","astra-migrate-meta-layouts":"set","ast-page-background-enabled":"default","ast-page-background-meta":{"desktop":{"background-color":"var(--ast-global-color-4)","background-image":"","background-repeat":"repeat","background-position":"center center","background-size":"auto","background-attachment":"scroll","background-type":"","background-media":"","overlay-type":"","overlay-color":"","overlay-opacity":"","overlay-gradient":""},"tablet":{"background-color":"","background-image":"","background-repeat":"repeat","background-position":"center center","background-size":"auto","background-attachment":"scroll","background-type":"","background-media":"","overlay-type":"","overlay-color":"","overlay-opacity":"","overlay-gradient":""},"mobile":{"background-color":"","background-image":"","background-repeat":"repeat","background-position":"center center","background-size":"auto","background-attachment":"scroll","background-type":"","background-media":"","overlay-type":"","overlay-color":"","overlay-opacity":"","overlay-gradient":""}},"ast-content-background-meta":{"desktop":{"background-color":"var(--ast-global-color-5)","background-image":"","background-repeat":"repeat","background-position":"center center","background-size":"auto","background-attachment":"scroll","background-type":"","background-media":"","overlay-type":"","overlay-color":"","overlay-opacity":"","overlay-gradient":""},"tablet":{"background-color":"var(--ast-global-color-5)","background-image":"","background-repeat":"repeat","background-position":"center center","background-size":"auto","background-attachment":"scroll","background-type":"","background-media":"","overlay-type":"","overlay-color":"","overlay-opacity":"","overlay-gradient":""},"mobile":{"background-color":"var(--ast-global-color-5)","background-image":"","background-repeat":"repeat","background-position":"center center","background-size":"auto","background-attachment":"scroll","background-type":"","background-media":"","overlay-type":"","overlay-color":"","overlay-opacity":"","overlay-gradient":""}},"footnotes":""},"categories":[23,57],"tags":[16,18,19,671,70,2251,94,3364],"class_list":["post-81807","post","type-post","status-publish","format-standard","has-post-thumbnail","hentry","category-destacats","category-mon-collegial","tag-alimentacio-i-nutricio","tag-cofb","tag-collegi-de-farmaceutics-de-barcelona","tag-estres","tag-formacio","tag-insomni","tag-plantes-medicinals","tag-vocal-dalimentacio-i-nutricio-del-cofb"],"yoast_head":"<!-- This site is optimized with the Yoast SEO plugin v22.4 - https:\/\/yoast.com\/wordpress\/plugins\/seo\/ -->\n<title>&quot;Biologia de l\u2019estr\u00e8s, com hi podem actuar?&quot; Nova formaci\u00f3 dins del cicle &quot;Trending Topics en Nutrici\u00f3&quot; - Col\u00b7legi de Farmac\u00e8utics de Barcelona<\/title>\n<meta name=\"description\" content=\"El passat maig, el COFB va organitzar la formaci\u00f3 \u201cla Biologia de l\u2019estr\u00e8s, com hi podem actuar?\u201d amb el patrocini de Nutergia.\" \/>\n<meta name=\"robots\" content=\"index, follow, max-snippet:-1, max-image-preview:large, max-video-preview:-1\" \/>\n<link rel=\"canonical\" href=\"https:\/\/www.cofb.org\/ca\/2025\/07\/01\/biologia-de-lestres-com-hi-podem-actuar-nova-formacio-dins-del-cicle-trending-topics-en-nutricio\/\" \/>\n<meta property=\"og:locale\" content=\"ca_ES\" \/>\n<meta property=\"og:type\" content=\"article\" \/>\n<meta property=\"og:title\" content=\"&quot;Biologia de l\u2019estr\u00e8s, com hi podem actuar?&quot; Nova formaci\u00f3 dins del cicle &quot;Trending Topics en Nutrici\u00f3&quot; - Col\u00b7legi de Farmac\u00e8utics de Barcelona\" \/>\n<meta property=\"og:description\" content=\"El passat maig, el COFB va organitzar la formaci\u00f3 \u201cla Biologia de l\u2019estr\u00e8s, com hi podem actuar?\u201d amb el patrocini de Nutergia.\" \/>\n<meta property=\"og:url\" content=\"https:\/\/www.cofb.org\/ca\/2025\/07\/01\/biologia-de-lestres-com-hi-podem-actuar-nova-formacio-dins-del-cicle-trending-topics-en-nutricio\/\" \/>\n<meta property=\"og:site_name\" content=\"Col\u00b7legi de Farmac\u00e8utics de Barcelona\" \/>\n<meta property=\"article:publisher\" content=\"https:\/\/www.facebook.com\/farmaceuticsbcn\/\" \/>\n<meta property=\"article:published_time\" content=\"2025-07-01T12:13:52+00:00\" \/>\n<meta property=\"article:modified_time\" content=\"2025-07-18T10:39:09+00:00\" \/>\n<meta property=\"og:image\" content=\"https:\/\/www.cofb.org\/wp-content\/uploads\/2025\/07\/COFB_TRENDING_TOPICS_ESTRES_08072025_00-1024x576.png\" \/>\n\t<meta property=\"og:image:width\" content=\"1024\" \/>\n\t<meta property=\"og:image:height\" content=\"576\" \/>\n\t<meta property=\"og:image:type\" content=\"image\/png\" \/>\n<meta name=\"author\" content=\"Xavier Magraner\" \/>\n<meta name=\"twitter:card\" content=\"summary_large_image\" \/>\n<meta name=\"twitter:creator\" content=\"@farmaceuticsbcn\" \/>\n<meta name=\"twitter:site\" content=\"@farmaceuticsbcn\" \/>\n<meta name=\"twitter:label1\" content=\"Escrit per\" \/>\n\t<meta name=\"twitter:data1\" content=\"Xavier Magraner\" \/>\n\t<meta name=\"twitter:label2\" content=\"Temps estimat de lectura\" \/>\n\t<meta name=\"twitter:data2\" content=\"4 minuts\" \/>\n<script type=\"application\/ld+json\" class=\"yoast-schema-graph\">{\"@context\":\"https:\/\/schema.org\",\"@graph\":[{\"@type\":\"Article\",\"@id\":\"https:\/\/www.cofb.org\/2025\/07\/01\/biologia-de-lestres-com-hi-podem-actuar-nova-formacio-dins-del-cicle-trending-topics-en-nutricio\/#article\",\"isPartOf\":{\"@id\":\"https:\/\/www.cofb.org\/2025\/07\/01\/biologia-de-lestres-com-hi-podem-actuar-nova-formacio-dins-del-cicle-trending-topics-en-nutricio\/\"},\"author\":{\"name\":\"Xavier Magraner\",\"@id\":\"https:\/\/www.cofb.org\/#\/schema\/person\/e46d741cfb92c985a083d163d8270ae4\"},\"headline\":\"&#8220;Biologia de l\u2019estr\u00e8s, com hi podem actuar?&#8221; Nova formaci\u00f3 dins del cicle &#8220;Trending Topics en Nutrici\u00f3&#8221;\",\"datePublished\":\"2025-07-01T12:13:52+00:00\",\"dateModified\":\"2025-07-18T10:39:09+00:00\",\"mainEntityOfPage\":{\"@id\":\"https:\/\/www.cofb.org\/2025\/07\/01\/biologia-de-lestres-com-hi-podem-actuar-nova-formacio-dins-del-cicle-trending-topics-en-nutricio\/\"},\"wordCount\":631,\"publisher\":{\"@id\":\"https:\/\/www.cofb.org\/#organization\"},\"image\":{\"@id\":\"https:\/\/www.cofb.org\/2025\/07\/01\/biologia-de-lestres-com-hi-podem-actuar-nova-formacio-dins-del-cicle-trending-topics-en-nutricio\/#primaryimage\"},\"thumbnailUrl\":\"https:\/\/www.cofb.org\/wp-content\/uploads\/2025\/07\/COFB_TRENDING_TOPICS_ESTRES_08072025_00.png\",\"keywords\":[\"Alimentaci\u00f3 i nutrici\u00f3\",\"COFB\",\"Col\u00b7legi de Farmac\u00e8utics de Barcelona\",\"estr\u00e8s\",\"Formaci\u00f3\",\"insomni\",\"Plantes Medicinals\",\"Vocal d'Alimentaci\u00f3 i Nutrici\u00f3 del COFB\"],\"articleSection\":[\"Destacats\",\"M\u00f3n col\u00b7legial\"],\"inLanguage\":\"ca\"},{\"@type\":\"WebPage\",\"@id\":\"https:\/\/www.cofb.org\/2025\/07\/01\/biologia-de-lestres-com-hi-podem-actuar-nova-formacio-dins-del-cicle-trending-topics-en-nutricio\/\",\"url\":\"https:\/\/www.cofb.org\/2025\/07\/01\/biologia-de-lestres-com-hi-podem-actuar-nova-formacio-dins-del-cicle-trending-topics-en-nutricio\/\",\"name\":\"\\\"Biologia de l\u2019estr\u00e8s, com hi podem actuar?\\\" Nova formaci\u00f3 dins del cicle \\\"Trending Topics en Nutrici\u00f3\\\" - Col\u00b7legi de Farmac\u00e8utics de Barcelona\",\"isPartOf\":{\"@id\":\"https:\/\/www.cofb.org\/#website\"},\"primaryImageOfPage\":{\"@id\":\"https:\/\/www.cofb.org\/2025\/07\/01\/biologia-de-lestres-com-hi-podem-actuar-nova-formacio-dins-del-cicle-trending-topics-en-nutricio\/#primaryimage\"},\"image\":{\"@id\":\"https:\/\/www.cofb.org\/2025\/07\/01\/biologia-de-lestres-com-hi-podem-actuar-nova-formacio-dins-del-cicle-trending-topics-en-nutricio\/#primaryimage\"},\"thumbnailUrl\":\"https:\/\/www.cofb.org\/wp-content\/uploads\/2025\/07\/COFB_TRENDING_TOPICS_ESTRES_08072025_00.png\",\"datePublished\":\"2025-07-01T12:13:52+00:00\",\"dateModified\":\"2025-07-18T10:39:09+00:00\",\"description\":\"El passat maig, el COFB va organitzar la formaci\u00f3 \u201cla Biologia de l\u2019estr\u00e8s, com hi podem actuar?\u201d amb el patrocini de Nutergia.\",\"breadcrumb\":{\"@id\":\"https:\/\/www.cofb.org\/2025\/07\/01\/biologia-de-lestres-com-hi-podem-actuar-nova-formacio-dins-del-cicle-trending-topics-en-nutricio\/#breadcrumb\"},\"inLanguage\":\"ca\",\"potentialAction\":[{\"@type\":\"ReadAction\",\"target\":[\"https:\/\/www.cofb.org\/2025\/07\/01\/biologia-de-lestres-com-hi-podem-actuar-nova-formacio-dins-del-cicle-trending-topics-en-nutricio\/\"]}]},{\"@type\":\"ImageObject\",\"inLanguage\":\"ca\",\"@id\":\"https:\/\/www.cofb.org\/2025\/07\/01\/biologia-de-lestres-com-hi-podem-actuar-nova-formacio-dins-del-cicle-trending-topics-en-nutricio\/#primaryimage\",\"url\":\"https:\/\/www.cofb.org\/wp-content\/uploads\/2025\/07\/COFB_TRENDING_TOPICS_ESTRES_08072025_00.png\",\"contentUrl\":\"https:\/\/www.cofb.org\/wp-content\/uploads\/2025\/07\/COFB_TRENDING_TOPICS_ESTRES_08072025_00.png\",\"width\":1600,\"height\":900},{\"@type\":\"BreadcrumbList\",\"@id\":\"https:\/\/www.cofb.org\/2025\/07\/01\/biologia-de-lestres-com-hi-podem-actuar-nova-formacio-dins-del-cicle-trending-topics-en-nutricio\/#breadcrumb\",\"itemListElement\":[{\"@type\":\"ListItem\",\"position\":1,\"name\":\"Inici\",\"item\":\"https:\/\/novaorg.cofb.net\/\"},{\"@type\":\"ListItem\",\"position\":2,\"name\":\"&#8220;Biologia de l\u2019estr\u00e8s, com hi podem actuar?&#8221; Nova formaci\u00f3 dins del cicle &#8220;Trending Topics en Nutrici\u00f3&#8221;\"}]},{\"@type\":\"WebSite\",\"@id\":\"https:\/\/www.cofb.org\/#website\",\"url\":\"https:\/\/www.cofb.org\/\",\"name\":\"Col\u00b7legi de Farmac\u00e8utics de Barcelona\",\"description\":\"\",\"publisher\":{\"@id\":\"https:\/\/www.cofb.org\/#organization\"},\"potentialAction\":[{\"@type\":\"SearchAction\",\"target\":{\"@type\":\"EntryPoint\",\"urlTemplate\":\"https:\/\/www.cofb.org\/?s={search_term_string}\"},\"query-input\":\"required name=search_term_string\"}],\"inLanguage\":\"ca\"},{\"@type\":\"Organization\",\"@id\":\"https:\/\/www.cofb.org\/#organization\",\"name\":\"Col\u00b7legi de Farmac\u00e8utics de Barcelona\",\"url\":\"https:\/\/www.cofb.org\/\",\"logo\":{\"@type\":\"ImageObject\",\"inLanguage\":\"ca\",\"@id\":\"https:\/\/www.cofb.org\/#\/schema\/logo\/image\/\",\"url\":\"https:\/\/www.cofb.org\/wp-content\/uploads\/2023\/11\/cropped-Logotip-COFB.png\",\"contentUrl\":\"https:\/\/www.cofb.org\/wp-content\/uploads\/2023\/11\/cropped-Logotip-COFB.png\",\"width\":500,\"height\":105,\"caption\":\"Col\u00b7legi de Farmac\u00e8utics de Barcelona\"},\"image\":{\"@id\":\"https:\/\/www.cofb.org\/#\/schema\/logo\/image\/\"},\"sameAs\":[\"https:\/\/www.facebook.com\/farmaceuticsbcn\/\",\"https:\/\/twitter.com\/farmaceuticsbcn\",\"https:\/\/www.instagram.com\/farmaceuticsbcn\/\",\"https:\/\/www.linkedin.com\/company\/farmaceuticsbcn\/\"]},{\"@type\":\"Person\",\"@id\":\"https:\/\/www.cofb.org\/#\/schema\/person\/e46d741cfb92c985a083d163d8270ae4\",\"name\":\"Xavier Magraner\",\"image\":{\"@type\":\"ImageObject\",\"inLanguage\":\"ca\",\"@id\":\"https:\/\/www.cofb.org\/#\/schema\/person\/image\/\",\"url\":\"https:\/\/secure.gravatar.com\/avatar\/aa0d1d4df59f71f88eebd5796c5388ff41c58d83c5301eb6e1d65646a289c37d?s=96&d=mm&r=g\",\"contentUrl\":\"https:\/\/secure.gravatar.com\/avatar\/aa0d1d4df59f71f88eebd5796c5388ff41c58d83c5301eb6e1d65646a289c37d?s=96&d=mm&r=g\",\"caption\":\"Xavier Magraner\"},\"url\":\"https:\/\/www.cofb.org\/ca\/author\/xmagraner\/\"}]}<\/script>\n<!-- \/ Yoast SEO plugin. -->","yoast_head_json":{"title":"\"Biologia de l\u2019estr\u00e8s, com hi podem actuar?\" Nova formaci\u00f3 dins del cicle \"Trending Topics en Nutrici\u00f3\" - Col\u00b7legi de Farmac\u00e8utics de Barcelona","description":"El passat maig, el COFB va organitzar la formaci\u00f3 \u201cla Biologia de l\u2019estr\u00e8s, com hi podem actuar?\u201d amb el patrocini de Nutergia.","robots":{"index":"index","follow":"follow","max-snippet":"max-snippet:-1","max-image-preview":"max-image-preview:large","max-video-preview":"max-video-preview:-1"},"canonical":"https:\/\/www.cofb.org\/ca\/2025\/07\/01\/biologia-de-lestres-com-hi-podem-actuar-nova-formacio-dins-del-cicle-trending-topics-en-nutricio\/","og_locale":"ca_ES","og_type":"article","og_title":"\"Biologia de l\u2019estr\u00e8s, com hi podem actuar?\" Nova formaci\u00f3 dins del cicle \"Trending Topics en Nutrici\u00f3\" - Col\u00b7legi de Farmac\u00e8utics de Barcelona","og_description":"El passat maig, el COFB va organitzar la formaci\u00f3 \u201cla Biologia de l\u2019estr\u00e8s, com hi podem actuar?\u201d amb el patrocini de Nutergia.","og_url":"https:\/\/www.cofb.org\/ca\/2025\/07\/01\/biologia-de-lestres-com-hi-podem-actuar-nova-formacio-dins-del-cicle-trending-topics-en-nutricio\/","og_site_name":"Col\u00b7legi de Farmac\u00e8utics de Barcelona","article_publisher":"https:\/\/www.facebook.com\/farmaceuticsbcn\/","article_published_time":"2025-07-01T12:13:52+00:00","article_modified_time":"2025-07-18T10:39:09+00:00","og_image":[{"width":1024,"height":576,"url":"https:\/\/www.cofb.org\/wp-content\/uploads\/2025\/07\/COFB_TRENDING_TOPICS_ESTRES_08072025_00-1024x576.png","type":"image\/png"}],"author":"Xavier Magraner","twitter_card":"summary_large_image","twitter_creator":"@farmaceuticsbcn","twitter_site":"@farmaceuticsbcn","twitter_misc":{"Escrit per":"Xavier Magraner","Temps estimat de lectura":"4 minuts"},"schema":{"@context":"https:\/\/schema.org","@graph":[{"@type":"Article","@id":"https:\/\/www.cofb.org\/2025\/07\/01\/biologia-de-lestres-com-hi-podem-actuar-nova-formacio-dins-del-cicle-trending-topics-en-nutricio\/#article","isPartOf":{"@id":"https:\/\/www.cofb.org\/2025\/07\/01\/biologia-de-lestres-com-hi-podem-actuar-nova-formacio-dins-del-cicle-trending-topics-en-nutricio\/"},"author":{"name":"Xavier Magraner","@id":"https:\/\/www.cofb.org\/#\/schema\/person\/e46d741cfb92c985a083d163d8270ae4"},"headline":"&#8220;Biologia de l\u2019estr\u00e8s, com hi podem actuar?&#8221; Nova formaci\u00f3 dins del cicle &#8220;Trending Topics en Nutrici\u00f3&#8221;","datePublished":"2025-07-01T12:13:52+00:00","dateModified":"2025-07-18T10:39:09+00:00","mainEntityOfPage":{"@id":"https:\/\/www.cofb.org\/2025\/07\/01\/biologia-de-lestres-com-hi-podem-actuar-nova-formacio-dins-del-cicle-trending-topics-en-nutricio\/"},"wordCount":631,"publisher":{"@id":"https:\/\/www.cofb.org\/#organization"},"image":{"@id":"https:\/\/www.cofb.org\/2025\/07\/01\/biologia-de-lestres-com-hi-podem-actuar-nova-formacio-dins-del-cicle-trending-topics-en-nutricio\/#primaryimage"},"thumbnailUrl":"https:\/\/www.cofb.org\/wp-content\/uploads\/2025\/07\/COFB_TRENDING_TOPICS_ESTRES_08072025_00.png","keywords":["Alimentaci\u00f3 i nutrici\u00f3","COFB","Col\u00b7legi de Farmac\u00e8utics de Barcelona","estr\u00e8s","Formaci\u00f3","insomni","Plantes Medicinals","Vocal d'Alimentaci\u00f3 i Nutrici\u00f3 del COFB"],"articleSection":["Destacats","M\u00f3n col\u00b7legial"],"inLanguage":"ca"},{"@type":"WebPage","@id":"https:\/\/www.cofb.org\/2025\/07\/01\/biologia-de-lestres-com-hi-podem-actuar-nova-formacio-dins-del-cicle-trending-topics-en-nutricio\/","url":"https:\/\/www.cofb.org\/2025\/07\/01\/biologia-de-lestres-com-hi-podem-actuar-nova-formacio-dins-del-cicle-trending-topics-en-nutricio\/","name":"\"Biologia de l\u2019estr\u00e8s, com hi podem actuar?\" Nova formaci\u00f3 dins del cicle \"Trending Topics en Nutrici\u00f3\" - Col\u00b7legi de Farmac\u00e8utics de Barcelona","isPartOf":{"@id":"https:\/\/www.cofb.org\/#website"},"primaryImageOfPage":{"@id":"https:\/\/www.cofb.org\/2025\/07\/01\/biologia-de-lestres-com-hi-podem-actuar-nova-formacio-dins-del-cicle-trending-topics-en-nutricio\/#primaryimage"},"image":{"@id":"https:\/\/www.cofb.org\/2025\/07\/01\/biologia-de-lestres-com-hi-podem-actuar-nova-formacio-dins-del-cicle-trending-topics-en-nutricio\/#primaryimage"},"thumbnailUrl":"https:\/\/www.cofb.org\/wp-content\/uploads\/2025\/07\/COFB_TRENDING_TOPICS_ESTRES_08072025_00.png","datePublished":"2025-07-01T12:13:52+00:00","dateModified":"2025-07-18T10:39:09+00:00","description":"El passat maig, el COFB va organitzar la formaci\u00f3 \u201cla Biologia de l\u2019estr\u00e8s, com hi podem actuar?\u201d amb el patrocini de Nutergia.","breadcrumb":{"@id":"https:\/\/www.cofb.org\/2025\/07\/01\/biologia-de-lestres-com-hi-podem-actuar-nova-formacio-dins-del-cicle-trending-topics-en-nutricio\/#breadcrumb"},"inLanguage":"ca","potentialAction":[{"@type":"ReadAction","target":["https:\/\/www.cofb.org\/2025\/07\/01\/biologia-de-lestres-com-hi-podem-actuar-nova-formacio-dins-del-cicle-trending-topics-en-nutricio\/"]}]},{"@type":"ImageObject","inLanguage":"ca","@id":"https:\/\/www.cofb.org\/2025\/07\/01\/biologia-de-lestres-com-hi-podem-actuar-nova-formacio-dins-del-cicle-trending-topics-en-nutricio\/#primaryimage","url":"https:\/\/www.cofb.org\/wp-content\/uploads\/2025\/07\/COFB_TRENDING_TOPICS_ESTRES_08072025_00.png","contentUrl":"https:\/\/www.cofb.org\/wp-content\/uploads\/2025\/07\/COFB_TRENDING_TOPICS_ESTRES_08072025_00.png","width":1600,"height":900},{"@type":"BreadcrumbList","@id":"https:\/\/www.cofb.org\/2025\/07\/01\/biologia-de-lestres-com-hi-podem-actuar-nova-formacio-dins-del-cicle-trending-topics-en-nutricio\/#breadcrumb","itemListElement":[{"@type":"ListItem","position":1,"name":"Inici","item":"https:\/\/novaorg.cofb.net\/"},{"@type":"ListItem","position":2,"name":"&#8220;Biologia de l\u2019estr\u00e8s, com hi podem actuar?&#8221; Nova formaci\u00f3 dins del cicle &#8220;Trending Topics en Nutrici\u00f3&#8221;"}]},{"@type":"WebSite","@id":"https:\/\/www.cofb.org\/#website","url":"https:\/\/www.cofb.org\/","name":"Col\u00b7legi de Farmac\u00e8utics de Barcelona","description":"","publisher":{"@id":"https:\/\/www.cofb.org\/#organization"},"potentialAction":[{"@type":"SearchAction","target":{"@type":"EntryPoint","urlTemplate":"https:\/\/www.cofb.org\/?s={search_term_string}"},"query-input":"required name=search_term_string"}],"inLanguage":"ca"},{"@type":"Organization","@id":"https:\/\/www.cofb.org\/#organization","name":"Col\u00b7legi de Farmac\u00e8utics de Barcelona","url":"https:\/\/www.cofb.org\/","logo":{"@type":"ImageObject","inLanguage":"ca","@id":"https:\/\/www.cofb.org\/#\/schema\/logo\/image\/","url":"https:\/\/www.cofb.org\/wp-content\/uploads\/2023\/11\/cropped-Logotip-COFB.png","contentUrl":"https:\/\/www.cofb.org\/wp-content\/uploads\/2023\/11\/cropped-Logotip-COFB.png","width":500,"height":105,"caption":"Col\u00b7legi de Farmac\u00e8utics de Barcelona"},"image":{"@id":"https:\/\/www.cofb.org\/#\/schema\/logo\/image\/"},"sameAs":["https:\/\/www.facebook.com\/farmaceuticsbcn\/","https:\/\/twitter.com\/farmaceuticsbcn","https:\/\/www.instagram.com\/farmaceuticsbcn\/","https:\/\/www.linkedin.com\/company\/farmaceuticsbcn\/"]},{"@type":"Person","@id":"https:\/\/www.cofb.org\/#\/schema\/person\/e46d741cfb92c985a083d163d8270ae4","name":"Xavier Magraner","image":{"@type":"ImageObject","inLanguage":"ca","@id":"https:\/\/www.cofb.org\/#\/schema\/person\/image\/","url":"https:\/\/secure.gravatar.com\/avatar\/aa0d1d4df59f71f88eebd5796c5388ff41c58d83c5301eb6e1d65646a289c37d?s=96&d=mm&r=g","contentUrl":"https:\/\/secure.gravatar.com\/avatar\/aa0d1d4df59f71f88eebd5796c5388ff41c58d83c5301eb6e1d65646a289c37d?s=96&d=mm&r=g","caption":"Xavier Magraner"},"url":"https:\/\/www.cofb.org\/ca\/author\/xmagraner\/"}]}},"uagb_featured_image_src":{"full":["https:\/\/www.cofb.org\/wp-content\/uploads\/2025\/07\/COFB_TRENDING_TOPICS_ESTRES_08072025_00.png",1600,900,false],"thumbnail":["https:\/\/www.cofb.org\/wp-content\/uploads\/2025\/07\/COFB_TRENDING_TOPICS_ESTRES_08072025_00-150x150.png",150,150,true],"medium":["https:\/\/www.cofb.org\/wp-content\/uploads\/2025\/07\/COFB_TRENDING_TOPICS_ESTRES_08072025_00-300x169.png",300,169,true],"medium_large":["https:\/\/www.cofb.org\/wp-content\/uploads\/2025\/07\/COFB_TRENDING_TOPICS_ESTRES_08072025_00-768x432.png",768,432,true],"large":["https:\/\/www.cofb.org\/wp-content\/uploads\/2025\/07\/COFB_TRENDING_TOPICS_ESTRES_08072025_00-1024x576.png",1024,576,true],"1536x1536":["https:\/\/www.cofb.org\/wp-content\/uploads\/2025\/07\/COFB_TRENDING_TOPICS_ESTRES_08072025_00-1536x864.png",1536,864,true],"2048x2048":["https:\/\/www.cofb.org\/wp-content\/uploads\/2025\/07\/COFB_TRENDING_TOPICS_ESTRES_08072025_00.png",1600,900,false],"trp-custom-language-flag":["https:\/\/www.cofb.org\/wp-content\/uploads\/2025\/07\/COFB_TRENDING_TOPICS_ESTRES_08072025_00-18x10.png",18,10,true]},"uagb_author_info":{"display_name":"Xavier Magraner","author_link":"https:\/\/www.cofb.org\/ca\/author\/xmagraner\/"},"uagb_comment_info":0,"uagb_excerpt":"El Col\u00b7legi de Farmac\u00e8utics de Barcelona (COFB) va organitzar al mes de maig la formaci\u00f3 &#8220;Biologia de l\u2019estr\u00e8s, com hi podem actuar?&#8221;, en el marc del cicle de confer\u00e8ncies\u00a0Trending Topics en Nutrici\u00f3 2024-2025, amb el patrocini de Nutergia. La sessi\u00f3 va ser impartida per Salvador Tal\u00f3n, farmac\u00e8utic i cap de [&hellip;]","_links":{"self":[{"href":"https:\/\/www.cofb.org\/ca\/wp-json\/wp\/v2\/posts\/81807","targetHints":{"allow":["GET"]}}],"collection":[{"href":"https:\/\/www.cofb.org\/ca\/wp-json\/wp\/v2\/posts"}],"about":[{"href":"https:\/\/www.cofb.org\/ca\/wp-json\/wp\/v2\/types\/post"}],"author":[{"embeddable":true,"href":"https:\/\/www.cofb.org\/ca\/wp-json\/wp\/v2\/users\/10"}],"replies":[{"embeddable":true,"href":"https:\/\/www.cofb.org\/ca\/wp-json\/wp\/v2\/comments?post=81807"}],"version-history":[{"count":21,"href":"https:\/\/www.cofb.org\/ca\/wp-json\/wp\/v2\/posts\/81807\/revisions"}],"predecessor-version":[{"id":82580,"href":"https:\/\/www.cofb.org\/ca\/wp-json\/wp\/v2\/posts\/81807\/revisions\/82580"}],"wp:featuredmedia":[{"embeddable":true,"href":"https:\/\/www.cofb.org\/ca\/wp-json\/wp\/v2\/media\/81841"}],"wp:attachment":[{"href":"https:\/\/www.cofb.org\/ca\/wp-json\/wp\/v2\/media?parent=81807"}],"wp:term":[{"taxonomy":"category","embeddable":true,"href":"https:\/\/www.cofb.org\/ca\/wp-json\/wp\/v2\/categories?post=81807"},{"taxonomy":"post_tag","embeddable":true,"href":"https:\/\/www.cofb.org\/ca\/wp-json\/wp\/v2\/tags?post=81807"}],"curies":[{"name":"wp","href":"https:\/\/api.w.org\/{rel}","templated":true}]}}