{"id":81439,"date":"2025-06-27T11:12:15","date_gmt":"2025-06-27T11:12:15","guid":{"rendered":"https:\/\/www.cofb.org\/?p=81439"},"modified":"2025-07-14T16:03:19","modified_gmt":"2025-07-14T16:03:19","slug":"actualitzacio-sobre-nomines-jubilacio-activa-i-compravenda-de-farmacies-dins-del-cicle-de-conferencies-forum-cofbserveis","status":"publish","type":"post","link":"https:\/\/www.cofb.org\/ca\/2025\/06\/27\/actualitzacio-sobre-nomines-jubilacio-activa-i-compravenda-de-farmacies-dins-del-cicle-de-conferencies-forum-cofbserveis\/","title":{"rendered":"Actualitzaci\u00f3 sobre n\u00f2mines, jubilaci\u00f3 activa i compravenda de farm\u00e0cies, dins del cicle de confer\u00e8ncies F\u00f2rum COFBServeis"},"content":{"rendered":"\n<p>El <strong>Col\u00b7legi de Farmac\u00e8utics de Barcelona (COFB) <\/strong>va organitzar al llarg dels mesos d\u2019abril, maig i juny tres formacions relacionades amb \u201c<strong>Les n\u00f2mines i els honoraris: tot el que has de saber<\/strong>\u201d, \u201c<strong>Jubilaci\u00f3 activa<\/strong>\u201d i \u201c<strong>Els punts clau a valorar a l\u2019hora de comprar o vendre una farm\u00e0cia<\/strong>\u201d, amb el patrocini de <a href=\"https:\/\/www.cofbserveis.net\/\" target=\"_blank\" rel=\"noreferrer noopener\">COFBServeis<\/a>. Entre els aspectes m\u00e9s rellevants tractats durant les tres jornades del F\u00f2rum COFBServeis, es va posar \u00e8mfasi en els drets i obligacions de la<strong> relaci\u00f3 laboral en els diferents sectors<\/strong> de treball farmac\u00e8utic lligats a la <strong>n\u00f2mina<\/strong>, com encarar els diferents escenaris de <strong>jubilaci\u00f3 <\/strong>per part dels farmac\u00e8utics i farmac\u00e8utiques i les diferents regulacions laborals que tenen les diferents sortides que un farmac\u00e8utic pot optar. En aquest sentit, es van abordar en profunditat els escenaris de la n\u00f2mina, jubilaci\u00f3 i compravenda de farm\u00e0cies.<\/p>\n\n\n\n<figure class=\"wp-block-image size-large\"><img fetchpriority=\"high\" decoding=\"async\" width=\"1024\" height=\"618\" src=\"https:\/\/www.cofb.org\/wp-content\/uploads\/2025\/06\/cofb.250617-042_edited-1024x618.jpg\" alt=\"Francesc Parera en la darrera sessi\u00f3 dedicada a la compravenda de farm\u00e0cies.\" class=\"wp-image-81595\" srcset=\"https:\/\/www.cofb.org\/wp-content\/uploads\/2025\/06\/cofb.250617-042_edited-1024x618.jpg 1024w, https:\/\/www.cofb.org\/wp-content\/uploads\/2025\/06\/cofb.250617-042_edited-300x181.jpg 300w, https:\/\/www.cofb.org\/wp-content\/uploads\/2025\/06\/cofb.250617-042_edited-768x464.jpg 768w, https:\/\/www.cofb.org\/wp-content\/uploads\/2025\/06\/cofb.250617-042_edited-1536x927.jpg 1536w, https:\/\/www.cofb.org\/wp-content\/uploads\/2025\/06\/cofb.250617-042_edited-2048x1236.jpg 2048w, https:\/\/www.cofb.org\/wp-content\/uploads\/2025\/06\/cofb.250617-042_edited-18x12.jpg 18w\" sizes=\"(max-width: 1024px) 100vw, 1024px\" \/><figcaption class=\"wp-element-caption\">Francesc Parera en la darrera sessi\u00f3 dedicada a la compravenda de farm\u00e0cies.<\/figcaption><\/figure>\n\n\n\n<p>Les tres sessions van ser moderades entre <strong>Elena Palau<\/strong>, vicetresorera del COFB i consellera delegada de COFBServeis, i <strong>Agust\u00ed Ortega<\/strong>, gerent de COFBServeis, que a l&#8217;inici de les formacions van recordar els<strong> nous serveis <\/strong>que s\u2019ofereixen des de l&#8217;empresa de serveis a les oficines de farm\u00e0cia i als col\u00b7legiats del COFB. La consellera delegada i el gerent de COFBServeis van destacar el servei de <strong>subministrament el\u00e8ctric <\/strong>(450 farm\u00e0cies, llars i locals han fet el canvi un cop fet estudi comparatiu), els <strong>serveis jur\u00eddics<\/strong> (her\u00e8ncies, transmissi\u00f3 d&#8217;oficines de farm\u00e0cia, compravenda, lloguers, \u00e0rea laboral, etc.) i el <strong>servei de control de plagues<\/strong>. Tamb\u00e9 van recordar la import\u00e0ncia de dur a terme aquestes formacions, ja que permeten que els professionals estiguin actualitzats dels diferents serveis que s&#8217;ofereixen. <\/p>\n\n\n\n<h2 class=\"wp-block-heading\"><strong>Qu\u00e8 hem de saber sobre honoraris i n\u00f2mines?<\/strong><\/h2>\n\n\n\n<p>La confer\u00e8ncia \u201c<strong>Les n\u00f2mines i els honoraris: tot el que has de saber<\/strong>\u201d, realitzada durant el mes d&#8217;abril, va ser realitzada per <strong>Francesc Perera<\/strong>, consultor, expert en tots els processos laborals i amb \u00e0mplia experi\u00e8ncia en el sector farmac\u00e8utic. L&#8217;expert va analitzar dins el sector farmac\u00e8utic els drets, obligacions i fonts de la relaci\u00f3 laboral en els diferents \u00e0mbits de treball.<\/p>\n\n\n\n<figure class=\"wp-block-image size-large is-resized\"><a href=\"https:\/\/www.cofb.org\/wp-content\/uploads\/2025\/06\/COFB-FRANCESC-PARERA-scaled.jpg\" target=\"_blank\" rel=\"noreferrer noopener\"><img decoding=\"async\" width=\"1024\" height=\"576\" src=\"https:\/\/www.cofb.org\/wp-content\/uploads\/2025\/06\/COFB-FRANCESC-PARERA-1024x576.jpg\" alt=\"Francesc Parera analitza les novetats relacionades amb les n\u00f2mines dels farmac\u00e8utics.\" class=\"wp-image-81446\" style=\"width:1036px;height:auto\" srcset=\"https:\/\/www.cofb.org\/wp-content\/uploads\/2025\/06\/COFB-FRANCESC-PARERA-1024x576.jpg 1024w, https:\/\/www.cofb.org\/wp-content\/uploads\/2025\/06\/COFB-FRANCESC-PARERA-300x169.jpg 300w, https:\/\/www.cofb.org\/wp-content\/uploads\/2025\/06\/COFB-FRANCESC-PARERA-768x432.jpg 768w, https:\/\/www.cofb.org\/wp-content\/uploads\/2025\/06\/COFB-FRANCESC-PARERA-1536x864.jpg 1536w, https:\/\/www.cofb.org\/wp-content\/uploads\/2025\/06\/COFB-FRANCESC-PARERA-2048x1152.jpg 2048w, https:\/\/www.cofb.org\/wp-content\/uploads\/2025\/06\/COFB-FRANCESC-PARERA-18x10.jpg 18w\" sizes=\"(max-width: 1024px) 100vw, 1024px\" \/><\/a><figcaption class=\"wp-element-caption\">Francesc Perera va analitzar les novetats lligades a les n\u00f2mines.<\/figcaption><\/figure>\n\n\n\n<p>En aquest sentit, Perera va remarcar que \u201cels <strong>poders p\u00fablics <\/strong>promouen que tothom tingui feina&#8221; i es van compartir uns articles sobre els drets dels treballadors, amb l\u2019objectiu de garantir que es protegeixi la dignitat del treballador i assegurar un entorn laboral segur i respectu\u00f3s.<\/p>\n\n\n\n<p>El consultor tamb\u00e9 va destacar <strong>l\u2019escenari legislatiu europeu<\/strong>, recordant que \u201cseran d\u2019obligat compliment aquells tractats internacionals que l\u2019estat incorpori dins de cada pa\u00eds\u201d. Finalment, pel que fa als contractes de treball, tamb\u00e9 es van analitzar les diferents tipologies formades pels temporals, indefinits, a temps parcial o complet.<\/p>\n\n\n\n<h2 class=\"wp-block-heading\"><strong>El farmac\u00e8utic i la seva jubilaci\u00f3<\/strong><\/h2>\n\n\n\n<p>La sessi\u00f3, celebrada el passat mes de maig, amb el t\u00edtol de<a href=\"https:\/\/www.cofb.org\/es\/2025\/01\/02\/forums-cofbserveis-tot-el-que-cal-saber-sobre-els-plans-de-pensio-i-la-transmissio-duna-farmacia\/\" target=\"_blank\" rel=\"noreferrer noopener\"> <\/a>&#8220;<a href=\"https:\/\/www.cofb.org\/es\/2025\/01\/02\/forums-cofbserveis-tot-el-que-cal-saber-sobre-els-plans-de-pensio-i-la-transmissio-duna-farmacia\/\" target=\"_blank\" rel=\"noreferrer noopener\"><strong>Jubilaci\u00f3 activa<\/strong><\/a>&#8220;, va ser realitzada per Francesc Perera, consultor, expert en processos laborals, amb \u00e0mplia experi\u00e8ncia en el sector farmac\u00e8utic. L\u2019expert va especificar, primer de tot, que Espanya funciona amb un sistema de jubilaci\u00f3 del tipus de repartiment: \u201cLes persones que cotitzen no paguen per la seva jubilaci\u00f3, sin\u00f3 que paguen per aquelles persones que ja estan jubilades. Per altra banda, la <strong>jubilaci\u00f3 no \u00e9s un dret absolut<\/strong>, ja que all\u00f2 que es t\u00e9 ara dem\u00e0 la llei ho pot canviar\u201d.<\/p>\n\n\n\n<figure class=\"wp-block-image size-large\"><a href=\"https:\/\/www.cofb.org\/wp-content\/uploads\/2025\/06\/COFB_AJUDES_TECNIQUES_26062025_01-1-1024x576.jpg\" target=\"_blank\" rel=\" noreferrer noopener\"><img decoding=\"async\" width=\"1024\" height=\"576\" src=\"https:\/\/www.cofb.org\/wp-content\/uploads\/2025\/06\/COFB_AJUDES_TECNIQUES_26062025_01-1-1024x576.jpg\" alt=\"\" class=\"wp-image-81555\" srcset=\"https:\/\/www.cofb.org\/wp-content\/uploads\/2025\/06\/COFB_AJUDES_TECNIQUES_26062025_01-1-1024x576.jpg 1024w, https:\/\/www.cofb.org\/wp-content\/uploads\/2025\/06\/COFB_AJUDES_TECNIQUES_26062025_01-1-300x169.jpg 300w, https:\/\/www.cofb.org\/wp-content\/uploads\/2025\/06\/COFB_AJUDES_TECNIQUES_26062025_01-1-768x432.jpg 768w, https:\/\/www.cofb.org\/wp-content\/uploads\/2025\/06\/COFB_AJUDES_TECNIQUES_26062025_01-1-1536x864.jpg 1536w, https:\/\/www.cofb.org\/wp-content\/uploads\/2025\/06\/COFB_AJUDES_TECNIQUES_26062025_01-1-2048x1152.jpg 2048w, https:\/\/www.cofb.org\/wp-content\/uploads\/2025\/06\/COFB_AJUDES_TECNIQUES_26062025_01-1-18x10.jpg 18w\" sizes=\"(max-width: 1024px) 100vw, 1024px\" \/><\/a><figcaption class=\"wp-element-caption\">Elena Palau, vicetresorera del COFB i moderadora de la formaci\u00f3, va introduir la sessi\u00f3.<\/figcaption><\/figure>\n\n\n\n<p>A continuaci\u00f3 es va parlar de la jubilaci\u00f3 activa, l\u2019expert va recordar que aquelles persones que vulguin continuar treballant una vegada han assolit l\u2019edat de jubilaci\u00f3, \u201cho poden fer i a m\u00e9s a m\u00e9s, rebran una part de la seva jubilaci\u00f3\u201d. En aquest sentit, i pel que fa a l\u2019edat de jubilaci\u00f3, aquelles persones que tinguin<strong> 38 anys cotitzats i sis mesos<\/strong>, \u201ctindran el dret de jubilar-se als 65 anys. Si no s\u2019arriba a aquesta xifra, l\u2019edat m\u00ednima de jubilaci\u00f3 ser\u00e0 als 66 anys i 6 mesos\u201d.La formaci\u00f3 va finalitzar donant resposta a un recull de <strong>preguntes freq\u00fcents<\/strong>, cosa que permet resoldre aquells dubtes que poguessin sorgir al llarg de la jornada.<\/p>\n\n\n\n<h2 class=\"wp-block-heading\"><strong>Aspectes claus en la compravenda de farm\u00e0cies <\/strong><\/h2>\n\n\n\n<p>L\u2019\u00faltima sessi\u00f3, que va tenir lloc el mes de juny sota el t\u00edtol &#8220;<strong>Punts clau a valorar a l&#8217;hora de comprar o vendre una farm\u00e0cia<\/strong>&#8220;, va ser impartida per <strong>Alejandro Ebrat<\/strong>, advocat dedicat a l\u2019assessorament jur\u00eddic i tributari, assessor fiscal de COFBServeis i expert en la transmissi\u00f3 de farm\u00e0cies, va enumerar els punts clau de compravenda d\u2019una farm\u00e0cia, destacant com actuar davant escenaris \u201camb intermediaris venedors i compradors, la possible firma de contractes d\u2019exclusivitat, el contracte d\u2019arres i el contracte de compravenda de l\u2019autoritzaci\u00f3 administrativa de l\u2019oficina de farm\u00e0cia\u201d.<\/p>\n\n\n\n<p><strong>Pedro Salom<\/strong>, advocat especialitzat en temes d&#8217;arrendaments, professor a la Universitat Aut\u00f2noma de Barcelona, i associat al despatx ML ASSOCIATS, va exposar com s\u2019ha de dur a terme de forma correcta la compra i el lloguer de la titularitat de la farm\u00e0cia.<\/p>\n\n\n\n<p>El darrer aspecte que va descriure el professional va ser el nou contracte d\u2019arrendament, condicions a tenir en compte, termini, activitat i venciment anticipat.<\/p>\n\n\n\n<div class=\"wp-block-columns is-layout-flex wp-container-core-columns-is-layout-28f84493 wp-block-columns-is-layout-flex\">\n<div class=\"wp-block-column is-layout-flow wp-block-column-is-layout-flow\">\n<figure class=\"wp-block-image size-large\"><a href=\"https:\/\/www.cofb.org\/wp-content\/uploads\/2025\/06\/COFB_COMPRAVENDA_27062025_01-1.jpg\" target=\"_blank\" rel=\" noreferrer noopener\"><img loading=\"lazy\" decoding=\"async\" width=\"1024\" height=\"582\" src=\"https:\/\/www.cofb.org\/wp-content\/uploads\/2025\/06\/COFB_COMPRAVENDA_27062025_01-1-1024x582.jpg\" alt=\"\" class=\"wp-image-81598\" srcset=\"https:\/\/www.cofb.org\/wp-content\/uploads\/2025\/06\/COFB_COMPRAVENDA_27062025_01-1-1024x582.jpg 1024w, https:\/\/www.cofb.org\/wp-content\/uploads\/2025\/06\/COFB_COMPRAVENDA_27062025_01-1-300x171.jpg 300w, https:\/\/www.cofb.org\/wp-content\/uploads\/2025\/06\/COFB_COMPRAVENDA_27062025_01-1-768x437.jpg 768w, https:\/\/www.cofb.org\/wp-content\/uploads\/2025\/06\/COFB_COMPRAVENDA_27062025_01-1-1536x874.jpg 1536w, https:\/\/www.cofb.org\/wp-content\/uploads\/2025\/06\/COFB_COMPRAVENDA_27062025_01-1-2048x1165.jpg 2048w, https:\/\/www.cofb.org\/wp-content\/uploads\/2025\/06\/COFB_COMPRAVENDA_27062025_01-1-18x10.jpg 18w\" sizes=\"(max-width: 1024px) 100vw, 1024px\" \/><\/a><figcaption class=\"wp-element-caption\">Pedro Salom va explicar com s&#8217;ha de dur a terme la compra i lloguer de la titularitat de la farm\u00e0cia.<\/figcaption><\/figure>\n<\/div>\n\n\n\n<div class=\"wp-block-column is-layout-flow wp-block-column-is-layout-flow\">\n<figure class=\"wp-block-image size-large\"><a href=\"https:\/\/www.cofb.org\/wp-content\/uploads\/2025\/06\/COFB_COMPRAVENDA_27062025_02-1.jpg\" target=\"_blank\" rel=\" noreferrer noopener\"><img loading=\"lazy\" decoding=\"async\" width=\"1024\" height=\"582\" src=\"https:\/\/www.cofb.org\/wp-content\/uploads\/2025\/06\/COFB_COMPRAVENDA_27062025_02-1-1024x582.jpg\" alt=\"\" class=\"wp-image-81599\" srcset=\"https:\/\/www.cofb.org\/wp-content\/uploads\/2025\/06\/COFB_COMPRAVENDA_27062025_02-1-1024x582.jpg 1024w, https:\/\/www.cofb.org\/wp-content\/uploads\/2025\/06\/COFB_COMPRAVENDA_27062025_02-1-300x171.jpg 300w, https:\/\/www.cofb.org\/wp-content\/uploads\/2025\/06\/COFB_COMPRAVENDA_27062025_02-1-768x437.jpg 768w, https:\/\/www.cofb.org\/wp-content\/uploads\/2025\/06\/COFB_COMPRAVENDA_27062025_02-1-1536x874.jpg 1536w, https:\/\/www.cofb.org\/wp-content\/uploads\/2025\/06\/COFB_COMPRAVENDA_27062025_02-1-2048x1165.jpg 2048w, https:\/\/www.cofb.org\/wp-content\/uploads\/2025\/06\/COFB_COMPRAVENDA_27062025_02-1-18x10.jpg 18w\" sizes=\"(max-width: 1024px) 100vw, 1024px\" \/><\/a><figcaption class=\"wp-element-caption\">Alejandro Ebrat va enumerar els punts clau de compravenda d&#8217;una farm\u00e0cia.<\/figcaption><\/figure>\n<\/div>\n<\/div>\n\n\n\n<p>L\u2019\u00faltim ponent de la jornada va ser <strong>Francesc Perera<\/strong>, consultor i expert en tots els processos laborals, amb \u00e0mplia experi\u00e8ncia en el sector farmac\u00e8utic. Perera es va centrar en el camp de l\u2019\u00e0rea laboral, i va analitzar les consideracions pr\u00e8vies i novetats laborals lligades a \u201cqualsevol mena de jubilaci\u00f3, tant si \u00e9s activa, parcial, anticipada i demorada\u201d.<\/p>\n\n\n\n<p>Per acabar, el consultor va aprofundir en les diferents formes per<strong> mantenir als treballadors<\/strong>, recordant \u201cel calendari de vacances, el reglament intern del treball i la responsabilitat solid\u00e0ria de tres anys del venedor i comprador de les obligacions laborals nascudes amb anterioritat a la transmissi\u00f3&#8221;.<\/p>\n\n\n\n<p class=\"has-text-align-right\"><strong>Amb el patrocini de:<\/strong><\/p>\n\n\n\n<figure class=\"wp-block-image alignright size-full is-resized\"><a href=\"https:\/\/www.cofbserveis.net\/es\/\" target=\"_blank\" rel=\"noreferrer noopener\"><img loading=\"lazy\" decoding=\"async\" width=\"411\" height=\"77\" src=\"https:\/\/www.cofb.org\/wp-content\/uploads\/2025\/01\/COFBServeis.png\" alt=\"\" class=\"wp-image-80302\" style=\"width:251px;height:auto\" srcset=\"https:\/\/www.cofb.org\/wp-content\/uploads\/2025\/01\/COFBServeis.png 411w, https:\/\/www.cofb.org\/wp-content\/uploads\/2025\/01\/COFBServeis-300x56.png 300w, https:\/\/www.cofb.org\/wp-content\/uploads\/2025\/01\/COFBServeis-18x3.png 18w\" sizes=\"(max-width: 411px) 100vw, 411px\" \/><\/a><\/figure>\n\n\n\n<p><\/p>\n","protected":false},"excerpt":{"rendered":"<p>El Col\u00b7legi de Farmac\u00e8utics de Barcelona (COFB) va organitzar al llarg dels mesos d\u2019abril, maig i juny tres formacions relacionades amb \u201cLes n\u00f2mines i els honoraris: tot el que has de saber\u201d, \u201cJubilaci\u00f3 activa\u201d i \u201cEls punts clau a valorar a l\u2019hora de comprar o vendre una farm\u00e0cia\u201d, amb el [&hellip;]<\/p>\n","protected":false},"author":10,"featured_media":81595,"comment_status":"closed","ping_status":"closed","sticky":false,"template":"","format":"standard","meta":{"_uag_custom_page_level_css":"","site-sidebar-layout":"default","site-content-layout":"","ast-site-content-layout":"default","site-content-style":"default","site-sidebar-style":"default","ast-global-header-display":"","ast-banner-title-visibility":"","ast-main-header-display":"","ast-hfb-above-header-display":"","ast-hfb-below-header-display":"","ast-hfb-mobile-header-display":"","site-post-title":"","ast-breadcrumbs-content":"","ast-featured-img":"disabled","footer-sml-layout":"","theme-transparent-header-meta":"","adv-header-id-meta":"","stick-header-meta":"","header-above-stick-meta":"","header-main-stick-meta":"","header-below-stick-meta":"","astra-migrate-meta-layouts":"set","ast-page-background-enabled":"default","ast-page-background-meta":{"desktop":{"background-color":"var(--ast-global-color-4)","background-image":"","background-repeat":"repeat","background-position":"center center","background-size":"auto","background-attachment":"scroll","background-type":"","background-media":"","overlay-type":"","overlay-color":"","overlay-opacity":"","overlay-gradient":""},"tablet":{"background-color":"","background-image":"","background-repeat":"repeat","background-position":"center center","background-size":"auto","background-attachment":"scroll","background-type":"","background-media":"","overlay-type":"","overlay-color":"","overlay-opacity":"","overlay-gradient":""},"mobile":{"background-color":"","background-image":"","background-repeat":"repeat","background-position":"center center","background-size":"auto","background-attachment":"scroll","background-type":"","background-media":"","overlay-type":"","overlay-color":"","overlay-opacity":"","overlay-gradient":""}},"ast-content-background-meta":{"desktop":{"background-color":"var(--ast-global-color-5)","background-image":"","background-repeat":"repeat","background-position":"center center","background-size":"auto","background-attachment":"scroll","background-type":"","background-media":"","overlay-type":"","overlay-color":"","overlay-opacity":"","overlay-gradient":""},"tablet":{"background-color":"var(--ast-global-color-5)","background-image":"","background-repeat":"repeat","background-position":"center center","background-size":"auto","background-attachment":"scroll","background-type":"","background-media":"","overlay-type":"","overlay-color":"","overlay-opacity":"","overlay-gradient":""},"mobile":{"background-color":"var(--ast-global-color-5)","background-image":"","background-repeat":"repeat","background-position":"center center","background-size":"auto","background-attachment":"scroll","background-type":"","background-media":"","overlay-type":"","overlay-color":"","overlay-opacity":"","overlay-gradient":""}},"footnotes":""},"categories":[23,57],"tags":[18,434,435,25,5213,5384],"class_list":["post-81439","post","type-post","status-publish","format-standard","has-post-thumbnail","hentry","category-destacats","category-mon-collegial","tag-cofb","tag-cofbserveis","tag-compravenda","tag-farmacies","tag-jubilacio","tag-nomina"],"yoast_head":"<!-- This site is optimized with the Yoast SEO plugin v22.4 - https:\/\/yoast.com\/wordpress\/plugins\/seo\/ -->\n<title>N\u00f2mina, jubilaci\u00f3 i compravenda de farm\u00e0cies: Noves sessions al COFB<\/title>\n<meta name=\"description\" content=\"N\u00f2mina jubilaci\u00f3 i compravenda de farm\u00e0cies, protagonistes de les sessions del COFB i amb el patrocini de COFB Serveis\" \/>\n<meta name=\"robots\" content=\"index, follow, max-snippet:-1, max-image-preview:large, max-video-preview:-1\" \/>\n<link rel=\"canonical\" href=\"https:\/\/www.cofb.org\/ca\/2025\/06\/27\/actualitzacio-sobre-nomines-jubilacio-activa-i-compravenda-de-farmacies-dins-del-cicle-de-conferencies-forum-cofbserveis\/\" \/>\n<meta property=\"og:locale\" content=\"ca_ES\" \/>\n<meta property=\"og:type\" content=\"article\" \/>\n<meta property=\"og:title\" content=\"N\u00f2mina, jubilaci\u00f3 i compravenda de farm\u00e0cies: Noves sessions al COFB\" \/>\n<meta property=\"og:description\" content=\"N\u00f2mina jubilaci\u00f3 i compravenda de farm\u00e0cies, protagonistes de les sessions del COFB i amb el patrocini de COFB Serveis\" \/>\n<meta property=\"og:url\" content=\"https:\/\/www.cofb.org\/ca\/2025\/06\/27\/actualitzacio-sobre-nomines-jubilacio-activa-i-compravenda-de-farmacies-dins-del-cicle-de-conferencies-forum-cofbserveis\/\" \/>\n<meta property=\"og:site_name\" content=\"Col\u00b7legi de Farmac\u00e8utics de Barcelona\" \/>\n<meta property=\"article:publisher\" content=\"https:\/\/www.facebook.com\/farmaceuticsbcn\/\" \/>\n<meta property=\"article:published_time\" content=\"2025-06-27T11:12:15+00:00\" \/>\n<meta property=\"article:modified_time\" content=\"2025-07-14T16:03:19+00:00\" \/>\n<meta property=\"og:image\" content=\"https:\/\/www.cofb.org\/wp-content\/uploads\/2025\/06\/cofb.250617-042_edited.jpg\" \/>\n\t<meta property=\"og:image:width\" content=\"2359\" \/>\n\t<meta property=\"og:image:height\" content=\"1424\" \/>\n\t<meta property=\"og:image:type\" content=\"image\/jpeg\" \/>\n<meta name=\"author\" content=\"Xavier Magraner\" \/>\n<meta name=\"twitter:card\" content=\"summary_large_image\" \/>\n<meta name=\"twitter:creator\" content=\"@farmaceuticsbcn\" \/>\n<meta name=\"twitter:site\" content=\"@farmaceuticsbcn\" \/>\n<meta name=\"twitter:label1\" content=\"Escrit per\" \/>\n\t<meta name=\"twitter:data1\" content=\"Xavier Magraner\" \/>\n\t<meta name=\"twitter:label2\" content=\"Temps estimat de lectura\" \/>\n\t<meta name=\"twitter:data2\" content=\"7 minuts\" \/>\n<script type=\"application\/ld+json\" class=\"yoast-schema-graph\">{\"@context\":\"https:\/\/schema.org\",\"@graph\":[{\"@type\":\"Article\",\"@id\":\"https:\/\/www.cofb.org\/2025\/06\/27\/actualitzacio-sobre-nomines-jubilacio-activa-i-compravenda-de-farmacies-dins-del-cicle-de-conferencies-forum-cofbserveis\/#article\",\"isPartOf\":{\"@id\":\"https:\/\/www.cofb.org\/2025\/06\/27\/actualitzacio-sobre-nomines-jubilacio-activa-i-compravenda-de-farmacies-dins-del-cicle-de-conferencies-forum-cofbserveis\/\"},\"author\":{\"name\":\"Xavier Magraner\",\"@id\":\"https:\/\/www.cofb.org\/#\/schema\/person\/e46d741cfb92c985a083d163d8270ae4\"},\"headline\":\"Actualitzaci\u00f3 sobre n\u00f2mines, jubilaci\u00f3 activa i compravenda de farm\u00e0cies, dins del cicle de confer\u00e8ncies F\u00f2rum COFBServeis\",\"datePublished\":\"2025-06-27T11:12:15+00:00\",\"dateModified\":\"2025-07-14T16:03:19+00:00\",\"mainEntityOfPage\":{\"@id\":\"https:\/\/www.cofb.org\/2025\/06\/27\/actualitzacio-sobre-nomines-jubilacio-activa-i-compravenda-de-farmacies-dins-del-cicle-de-conferencies-forum-cofbserveis\/\"},\"wordCount\":1072,\"publisher\":{\"@id\":\"https:\/\/www.cofb.org\/#organization\"},\"image\":{\"@id\":\"https:\/\/www.cofb.org\/2025\/06\/27\/actualitzacio-sobre-nomines-jubilacio-activa-i-compravenda-de-farmacies-dins-del-cicle-de-conferencies-forum-cofbserveis\/#primaryimage\"},\"thumbnailUrl\":\"https:\/\/www.cofb.org\/wp-content\/uploads\/2025\/06\/cofb.250617-042_edited.jpg\",\"keywords\":[\"COFB\",\"COFBServeis\",\"compravenda\",\"farm\u00e0cies\",\"jubilaci\u00f3\",\"n\u00f2mina\"],\"articleSection\":[\"Destacats\",\"M\u00f3n col\u00b7legial\"],\"inLanguage\":\"ca\"},{\"@type\":\"WebPage\",\"@id\":\"https:\/\/www.cofb.org\/2025\/06\/27\/actualitzacio-sobre-nomines-jubilacio-activa-i-compravenda-de-farmacies-dins-del-cicle-de-conferencies-forum-cofbserveis\/\",\"url\":\"https:\/\/www.cofb.org\/2025\/06\/27\/actualitzacio-sobre-nomines-jubilacio-activa-i-compravenda-de-farmacies-dins-del-cicle-de-conferencies-forum-cofbserveis\/\",\"name\":\"N\u00f2mina, jubilaci\u00f3 i compravenda de farm\u00e0cies: Noves sessions al COFB\",\"isPartOf\":{\"@id\":\"https:\/\/www.cofb.org\/#website\"},\"primaryImageOfPage\":{\"@id\":\"https:\/\/www.cofb.org\/2025\/06\/27\/actualitzacio-sobre-nomines-jubilacio-activa-i-compravenda-de-farmacies-dins-del-cicle-de-conferencies-forum-cofbserveis\/#primaryimage\"},\"image\":{\"@id\":\"https:\/\/www.cofb.org\/2025\/06\/27\/actualitzacio-sobre-nomines-jubilacio-activa-i-compravenda-de-farmacies-dins-del-cicle-de-conferencies-forum-cofbserveis\/#primaryimage\"},\"thumbnailUrl\":\"https:\/\/www.cofb.org\/wp-content\/uploads\/2025\/06\/cofb.250617-042_edited.jpg\",\"datePublished\":\"2025-06-27T11:12:15+00:00\",\"dateModified\":\"2025-07-14T16:03:19+00:00\",\"description\":\"N\u00f2mina jubilaci\u00f3 i compravenda de farm\u00e0cies, protagonistes de les sessions del COFB i amb el patrocini de COFB Serveis\",\"breadcrumb\":{\"@id\":\"https:\/\/www.cofb.org\/2025\/06\/27\/actualitzacio-sobre-nomines-jubilacio-activa-i-compravenda-de-farmacies-dins-del-cicle-de-conferencies-forum-cofbserveis\/#breadcrumb\"},\"inLanguage\":\"ca\",\"potentialAction\":[{\"@type\":\"ReadAction\",\"target\":[\"https:\/\/www.cofb.org\/2025\/06\/27\/actualitzacio-sobre-nomines-jubilacio-activa-i-compravenda-de-farmacies-dins-del-cicle-de-conferencies-forum-cofbserveis\/\"]}]},{\"@type\":\"ImageObject\",\"inLanguage\":\"ca\",\"@id\":\"https:\/\/www.cofb.org\/2025\/06\/27\/actualitzacio-sobre-nomines-jubilacio-activa-i-compravenda-de-farmacies-dins-del-cicle-de-conferencies-forum-cofbserveis\/#primaryimage\",\"url\":\"https:\/\/www.cofb.org\/wp-content\/uploads\/2025\/06\/cofb.250617-042_edited.jpg\",\"contentUrl\":\"https:\/\/www.cofb.org\/wp-content\/uploads\/2025\/06\/cofb.250617-042_edited.jpg\",\"width\":2359,\"height\":1424},{\"@type\":\"BreadcrumbList\",\"@id\":\"https:\/\/www.cofb.org\/2025\/06\/27\/actualitzacio-sobre-nomines-jubilacio-activa-i-compravenda-de-farmacies-dins-del-cicle-de-conferencies-forum-cofbserveis\/#breadcrumb\",\"itemListElement\":[{\"@type\":\"ListItem\",\"position\":1,\"name\":\"Inici\",\"item\":\"https:\/\/novaorg.cofb.net\/\"},{\"@type\":\"ListItem\",\"position\":2,\"name\":\"Actualitzaci\u00f3 sobre n\u00f2mines, jubilaci\u00f3 activa i compravenda de farm\u00e0cies, dins del cicle de confer\u00e8ncies F\u00f2rum COFBServeis\"}]},{\"@type\":\"WebSite\",\"@id\":\"https:\/\/www.cofb.org\/#website\",\"url\":\"https:\/\/www.cofb.org\/\",\"name\":\"Col\u00b7legi de Farmac\u00e8utics de Barcelona\",\"description\":\"\",\"publisher\":{\"@id\":\"https:\/\/www.cofb.org\/#organization\"},\"potentialAction\":[{\"@type\":\"SearchAction\",\"target\":{\"@type\":\"EntryPoint\",\"urlTemplate\":\"https:\/\/www.cofb.org\/?s={search_term_string}\"},\"query-input\":\"required name=search_term_string\"}],\"inLanguage\":\"ca\"},{\"@type\":\"Organization\",\"@id\":\"https:\/\/www.cofb.org\/#organization\",\"name\":\"Col\u00b7legi de Farmac\u00e8utics de Barcelona\",\"url\":\"https:\/\/www.cofb.org\/\",\"logo\":{\"@type\":\"ImageObject\",\"inLanguage\":\"ca\",\"@id\":\"https:\/\/www.cofb.org\/#\/schema\/logo\/image\/\",\"url\":\"https:\/\/www.cofb.org\/wp-content\/uploads\/2023\/11\/cropped-Logotip-COFB.png\",\"contentUrl\":\"https:\/\/www.cofb.org\/wp-content\/uploads\/2023\/11\/cropped-Logotip-COFB.png\",\"width\":500,\"height\":105,\"caption\":\"Col\u00b7legi de Farmac\u00e8utics de Barcelona\"},\"image\":{\"@id\":\"https:\/\/www.cofb.org\/#\/schema\/logo\/image\/\"},\"sameAs\":[\"https:\/\/www.facebook.com\/farmaceuticsbcn\/\",\"https:\/\/twitter.com\/farmaceuticsbcn\",\"https:\/\/www.instagram.com\/farmaceuticsbcn\/\",\"https:\/\/www.linkedin.com\/company\/farmaceuticsbcn\/\"]},{\"@type\":\"Person\",\"@id\":\"https:\/\/www.cofb.org\/#\/schema\/person\/e46d741cfb92c985a083d163d8270ae4\",\"name\":\"Xavier Magraner\",\"image\":{\"@type\":\"ImageObject\",\"inLanguage\":\"ca\",\"@id\":\"https:\/\/www.cofb.org\/#\/schema\/person\/image\/\",\"url\":\"https:\/\/secure.gravatar.com\/avatar\/aa0d1d4df59f71f88eebd5796c5388ff41c58d83c5301eb6e1d65646a289c37d?s=96&d=mm&r=g\",\"contentUrl\":\"https:\/\/secure.gravatar.com\/avatar\/aa0d1d4df59f71f88eebd5796c5388ff41c58d83c5301eb6e1d65646a289c37d?s=96&d=mm&r=g\",\"caption\":\"Xavier Magraner\"},\"url\":\"https:\/\/www.cofb.org\/ca\/author\/xmagraner\/\"}]}<\/script>\n<!-- \/ Yoast SEO plugin. -->","yoast_head_json":{"title":"N\u00f2mina, jubilaci\u00f3 i compravenda de farm\u00e0cies: Noves sessions al COFB","description":"N\u00f2mina jubilaci\u00f3 i compravenda de farm\u00e0cies, protagonistes de les sessions del COFB i amb el patrocini de COFB Serveis","robots":{"index":"index","follow":"follow","max-snippet":"max-snippet:-1","max-image-preview":"max-image-preview:large","max-video-preview":"max-video-preview:-1"},"canonical":"https:\/\/www.cofb.org\/ca\/2025\/06\/27\/actualitzacio-sobre-nomines-jubilacio-activa-i-compravenda-de-farmacies-dins-del-cicle-de-conferencies-forum-cofbserveis\/","og_locale":"ca_ES","og_type":"article","og_title":"N\u00f2mina, jubilaci\u00f3 i compravenda de farm\u00e0cies: Noves sessions al COFB","og_description":"N\u00f2mina jubilaci\u00f3 i compravenda de farm\u00e0cies, protagonistes de les sessions del COFB i amb el patrocini de COFB Serveis","og_url":"https:\/\/www.cofb.org\/ca\/2025\/06\/27\/actualitzacio-sobre-nomines-jubilacio-activa-i-compravenda-de-farmacies-dins-del-cicle-de-conferencies-forum-cofbserveis\/","og_site_name":"Col\u00b7legi de Farmac\u00e8utics de Barcelona","article_publisher":"https:\/\/www.facebook.com\/farmaceuticsbcn\/","article_published_time":"2025-06-27T11:12:15+00:00","article_modified_time":"2025-07-14T16:03:19+00:00","og_image":[{"width":2359,"height":1424,"url":"https:\/\/www.cofb.org\/wp-content\/uploads\/2025\/06\/cofb.250617-042_edited.jpg","type":"image\/jpeg"}],"author":"Xavier Magraner","twitter_card":"summary_large_image","twitter_creator":"@farmaceuticsbcn","twitter_site":"@farmaceuticsbcn","twitter_misc":{"Escrit per":"Xavier Magraner","Temps estimat de lectura":"7 minuts"},"schema":{"@context":"https:\/\/schema.org","@graph":[{"@type":"Article","@id":"https:\/\/www.cofb.org\/2025\/06\/27\/actualitzacio-sobre-nomines-jubilacio-activa-i-compravenda-de-farmacies-dins-del-cicle-de-conferencies-forum-cofbserveis\/#article","isPartOf":{"@id":"https:\/\/www.cofb.org\/2025\/06\/27\/actualitzacio-sobre-nomines-jubilacio-activa-i-compravenda-de-farmacies-dins-del-cicle-de-conferencies-forum-cofbserveis\/"},"author":{"name":"Xavier Magraner","@id":"https:\/\/www.cofb.org\/#\/schema\/person\/e46d741cfb92c985a083d163d8270ae4"},"headline":"Actualitzaci\u00f3 sobre n\u00f2mines, jubilaci\u00f3 activa i compravenda de farm\u00e0cies, dins del cicle de confer\u00e8ncies F\u00f2rum COFBServeis","datePublished":"2025-06-27T11:12:15+00:00","dateModified":"2025-07-14T16:03:19+00:00","mainEntityOfPage":{"@id":"https:\/\/www.cofb.org\/2025\/06\/27\/actualitzacio-sobre-nomines-jubilacio-activa-i-compravenda-de-farmacies-dins-del-cicle-de-conferencies-forum-cofbserveis\/"},"wordCount":1072,"publisher":{"@id":"https:\/\/www.cofb.org\/#organization"},"image":{"@id":"https:\/\/www.cofb.org\/2025\/06\/27\/actualitzacio-sobre-nomines-jubilacio-activa-i-compravenda-de-farmacies-dins-del-cicle-de-conferencies-forum-cofbserveis\/#primaryimage"},"thumbnailUrl":"https:\/\/www.cofb.org\/wp-content\/uploads\/2025\/06\/cofb.250617-042_edited.jpg","keywords":["COFB","COFBServeis","compravenda","farm\u00e0cies","jubilaci\u00f3","n\u00f2mina"],"articleSection":["Destacats","M\u00f3n col\u00b7legial"],"inLanguage":"ca"},{"@type":"WebPage","@id":"https:\/\/www.cofb.org\/2025\/06\/27\/actualitzacio-sobre-nomines-jubilacio-activa-i-compravenda-de-farmacies-dins-del-cicle-de-conferencies-forum-cofbserveis\/","url":"https:\/\/www.cofb.org\/2025\/06\/27\/actualitzacio-sobre-nomines-jubilacio-activa-i-compravenda-de-farmacies-dins-del-cicle-de-conferencies-forum-cofbserveis\/","name":"N\u00f2mina, jubilaci\u00f3 i compravenda de farm\u00e0cies: Noves sessions al COFB","isPartOf":{"@id":"https:\/\/www.cofb.org\/#website"},"primaryImageOfPage":{"@id":"https:\/\/www.cofb.org\/2025\/06\/27\/actualitzacio-sobre-nomines-jubilacio-activa-i-compravenda-de-farmacies-dins-del-cicle-de-conferencies-forum-cofbserveis\/#primaryimage"},"image":{"@id":"https:\/\/www.cofb.org\/2025\/06\/27\/actualitzacio-sobre-nomines-jubilacio-activa-i-compravenda-de-farmacies-dins-del-cicle-de-conferencies-forum-cofbserveis\/#primaryimage"},"thumbnailUrl":"https:\/\/www.cofb.org\/wp-content\/uploads\/2025\/06\/cofb.250617-042_edited.jpg","datePublished":"2025-06-27T11:12:15+00:00","dateModified":"2025-07-14T16:03:19+00:00","description":"N\u00f2mina jubilaci\u00f3 i compravenda de farm\u00e0cies, protagonistes de les sessions del COFB i amb el patrocini de COFB Serveis","breadcrumb":{"@id":"https:\/\/www.cofb.org\/2025\/06\/27\/actualitzacio-sobre-nomines-jubilacio-activa-i-compravenda-de-farmacies-dins-del-cicle-de-conferencies-forum-cofbserveis\/#breadcrumb"},"inLanguage":"ca","potentialAction":[{"@type":"ReadAction","target":["https:\/\/www.cofb.org\/2025\/06\/27\/actualitzacio-sobre-nomines-jubilacio-activa-i-compravenda-de-farmacies-dins-del-cicle-de-conferencies-forum-cofbserveis\/"]}]},{"@type":"ImageObject","inLanguage":"ca","@id":"https:\/\/www.cofb.org\/2025\/06\/27\/actualitzacio-sobre-nomines-jubilacio-activa-i-compravenda-de-farmacies-dins-del-cicle-de-conferencies-forum-cofbserveis\/#primaryimage","url":"https:\/\/www.cofb.org\/wp-content\/uploads\/2025\/06\/cofb.250617-042_edited.jpg","contentUrl":"https:\/\/www.cofb.org\/wp-content\/uploads\/2025\/06\/cofb.250617-042_edited.jpg","width":2359,"height":1424},{"@type":"BreadcrumbList","@id":"https:\/\/www.cofb.org\/2025\/06\/27\/actualitzacio-sobre-nomines-jubilacio-activa-i-compravenda-de-farmacies-dins-del-cicle-de-conferencies-forum-cofbserveis\/#breadcrumb","itemListElement":[{"@type":"ListItem","position":1,"name":"Inici","item":"https:\/\/novaorg.cofb.net\/"},{"@type":"ListItem","position":2,"name":"Actualitzaci\u00f3 sobre n\u00f2mines, jubilaci\u00f3 activa i compravenda de farm\u00e0cies, dins del cicle de confer\u00e8ncies F\u00f2rum COFBServeis"}]},{"@type":"WebSite","@id":"https:\/\/www.cofb.org\/#website","url":"https:\/\/www.cofb.org\/","name":"Col\u00b7legi de Farmac\u00e8utics de Barcelona","description":"","publisher":{"@id":"https:\/\/www.cofb.org\/#organization"},"potentialAction":[{"@type":"SearchAction","target":{"@type":"EntryPoint","urlTemplate":"https:\/\/www.cofb.org\/?s={search_term_string}"},"query-input":"required name=search_term_string"}],"inLanguage":"ca"},{"@type":"Organization","@id":"https:\/\/www.cofb.org\/#organization","name":"Col\u00b7legi de Farmac\u00e8utics de Barcelona","url":"https:\/\/www.cofb.org\/","logo":{"@type":"ImageObject","inLanguage":"ca","@id":"https:\/\/www.cofb.org\/#\/schema\/logo\/image\/","url":"https:\/\/www.cofb.org\/wp-content\/uploads\/2023\/11\/cropped-Logotip-COFB.png","contentUrl":"https:\/\/www.cofb.org\/wp-content\/uploads\/2023\/11\/cropped-Logotip-COFB.png","width":500,"height":105,"caption":"Col\u00b7legi de Farmac\u00e8utics de Barcelona"},"image":{"@id":"https:\/\/www.cofb.org\/#\/schema\/logo\/image\/"},"sameAs":["https:\/\/www.facebook.com\/farmaceuticsbcn\/","https:\/\/twitter.com\/farmaceuticsbcn","https:\/\/www.instagram.com\/farmaceuticsbcn\/","https:\/\/www.linkedin.com\/company\/farmaceuticsbcn\/"]},{"@type":"Person","@id":"https:\/\/www.cofb.org\/#\/schema\/person\/e46d741cfb92c985a083d163d8270ae4","name":"Xavier Magraner","image":{"@type":"ImageObject","inLanguage":"ca","@id":"https:\/\/www.cofb.org\/#\/schema\/person\/image\/","url":"https:\/\/secure.gravatar.com\/avatar\/aa0d1d4df59f71f88eebd5796c5388ff41c58d83c5301eb6e1d65646a289c37d?s=96&d=mm&r=g","contentUrl":"https:\/\/secure.gravatar.com\/avatar\/aa0d1d4df59f71f88eebd5796c5388ff41c58d83c5301eb6e1d65646a289c37d?s=96&d=mm&r=g","caption":"Xavier Magraner"},"url":"https:\/\/www.cofb.org\/ca\/author\/xmagraner\/"}]}},"uagb_featured_image_src":{"full":["https:\/\/www.cofb.org\/wp-content\/uploads\/2025\/06\/cofb.250617-042_edited.jpg",2359,1424,false],"thumbnail":["https:\/\/www.cofb.org\/wp-content\/uploads\/2025\/06\/cofb.250617-042_edited-150x150.jpg",150,150,true],"medium":["https:\/\/www.cofb.org\/wp-content\/uploads\/2025\/06\/cofb.250617-042_edited-300x181.jpg",300,181,true],"medium_large":["https:\/\/www.cofb.org\/wp-content\/uploads\/2025\/06\/cofb.250617-042_edited-768x464.jpg",768,464,true],"large":["https:\/\/www.cofb.org\/wp-content\/uploads\/2025\/06\/cofb.250617-042_edited-1024x618.jpg",1024,618,true],"1536x1536":["https:\/\/www.cofb.org\/wp-content\/uploads\/2025\/06\/cofb.250617-042_edited-1536x927.jpg",1536,927,true],"2048x2048":["https:\/\/www.cofb.org\/wp-content\/uploads\/2025\/06\/cofb.250617-042_edited-2048x1236.jpg",2048,1236,true],"trp-custom-language-flag":["https:\/\/www.cofb.org\/wp-content\/uploads\/2025\/06\/cofb.250617-042_edited-18x12.jpg",18,12,true]},"uagb_author_info":{"display_name":"Xavier Magraner","author_link":"https:\/\/www.cofb.org\/ca\/author\/xmagraner\/"},"uagb_comment_info":0,"uagb_excerpt":"El Col\u00b7legi de Farmac\u00e8utics de Barcelona (COFB) va organitzar al llarg dels mesos d\u2019abril, maig i juny tres formacions relacionades amb \u201cLes n\u00f2mines i els honoraris: tot el que has de saber\u201d, \u201cJubilaci\u00f3 activa\u201d i \u201cEls punts clau a valorar a l\u2019hora de comprar o vendre una farm\u00e0cia\u201d, amb el [&hellip;]","_links":{"self":[{"href":"https:\/\/www.cofb.org\/ca\/wp-json\/wp\/v2\/posts\/81439","targetHints":{"allow":["GET"]}}],"collection":[{"href":"https:\/\/www.cofb.org\/ca\/wp-json\/wp\/v2\/posts"}],"about":[{"href":"https:\/\/www.cofb.org\/ca\/wp-json\/wp\/v2\/types\/post"}],"author":[{"embeddable":true,"href":"https:\/\/www.cofb.org\/ca\/wp-json\/wp\/v2\/users\/10"}],"replies":[{"embeddable":true,"href":"https:\/\/www.cofb.org\/ca\/wp-json\/wp\/v2\/comments?post=81439"}],"version-history":[{"count":61,"href":"https:\/\/www.cofb.org\/ca\/wp-json\/wp\/v2\/posts\/81439\/revisions"}],"predecessor-version":[{"id":81967,"href":"https:\/\/www.cofb.org\/ca\/wp-json\/wp\/v2\/posts\/81439\/revisions\/81967"}],"wp:featuredmedia":[{"embeddable":true,"href":"https:\/\/www.cofb.org\/ca\/wp-json\/wp\/v2\/media\/81595"}],"wp:attachment":[{"href":"https:\/\/www.cofb.org\/ca\/wp-json\/wp\/v2\/media?parent=81439"}],"wp:term":[{"taxonomy":"category","embeddable":true,"href":"https:\/\/www.cofb.org\/ca\/wp-json\/wp\/v2\/categories?post=81439"},{"taxonomy":"post_tag","embeddable":true,"href":"https:\/\/www.cofb.org\/ca\/wp-json\/wp\/v2\/tags?post=81439"}],"curies":[{"name":"wp","href":"https:\/\/api.w.org\/{rel}","templated":true}]}}