{"id":81352,"date":"2025-05-22T15:05:00","date_gmt":"2025-05-22T15:05:00","guid":{"rendered":"https:\/\/www.cofb.org\/?p=81352"},"modified":"2025-07-15T06:35:50","modified_gmt":"2025-07-15T06:35:50","slug":"com-fer-una-correcta-perforacio-del-lobul-de-lorella-des-de-la-farmacia-nova-edicio-daquesta-formacio-al-cofb","status":"publish","type":"post","link":"https:\/\/www.cofb.org\/ca\/2025\/05\/22\/com-fer-una-correcta-perforacio-del-lobul-de-lorella-des-de-la-farmacia-nova-edicio-daquesta-formacio-al-cofb\/","title":{"rendered":"Com fer una correcta perforaci\u00f3 del l\u00f2bul de l&#8217;orella des de la farm\u00e0cia? Nova edici\u00f3 d&#8217;aquesta formaci\u00f3 al COFB"},"content":{"rendered":"\n<p>El passat 10 d\u2019abril, el <strong>Col\u00b7legi de Farmac\u00e8utics de Barcelona (COFB) <\/strong>va organitzar una nova edici\u00f3 de la formaci\u00f3 <strong>\u201cLa perforaci\u00f3 del l\u00f2bul de l\u2019orella\u201d<\/strong> amb el patrocini de <a href=\"https:\/\/www.prim.es\/\" target=\"_blank\" rel=\"noreferrer noopener\">PRIM<\/a>. La sessi\u00f3 va ser impartida per <strong>Gema Garrig\u00f3s<\/strong>, farmac\u00e8utica i bioqu\u00edmica i responsable de negoci de PRIM. La vocal de Dermofarm\u00e0cia i Productes Sanitaris del COFB, <strong>Marta Alcade<\/strong>, va coordinar la formaci\u00f3 <strong>adre\u00e7ada a farmac\u00e8utics i farmac\u00e8utiques de farm\u00e0cia comunit\u00e0ria i t\u00e8cnics i t\u00e8cniques i auxiliars en farm\u00e0cia i parafarm\u00e0cia.<\/strong><\/p>\n\n\n\n<figure class=\"wp-block-image size-large\"><a href=\"https:\/\/www.cofb.org\/wp-content\/uploads\/2025\/06\/COFB_PERFORACIO-LOBUL_06062025_4-scaled.jpg\" target=\"_blank\" rel=\"noreferrer noopener\"><img fetchpriority=\"high\" decoding=\"async\" width=\"1024\" height=\"576\" src=\"https:\/\/www.cofb.org\/wp-content\/uploads\/2025\/06\/COFB_PERFORACIO-LOBUL_06062025_4-1024x576.jpg\" alt=\"Gema Garrig\u00f3s (esquerra) i Marta Alcalde (dreta) en un moment de la presentaci\u00f3. \" class=\"wp-image-81363\" srcset=\"https:\/\/www.cofb.org\/wp-content\/uploads\/2025\/06\/COFB_PERFORACIO-LOBUL_06062025_4-1024x576.jpg 1024w, https:\/\/www.cofb.org\/wp-content\/uploads\/2025\/06\/COFB_PERFORACIO-LOBUL_06062025_4-300x169.jpg 300w, https:\/\/www.cofb.org\/wp-content\/uploads\/2025\/06\/COFB_PERFORACIO-LOBUL_06062025_4-768x432.jpg 768w, https:\/\/www.cofb.org\/wp-content\/uploads\/2025\/06\/COFB_PERFORACIO-LOBUL_06062025_4-1536x864.jpg 1536w, https:\/\/www.cofb.org\/wp-content\/uploads\/2025\/06\/COFB_PERFORACIO-LOBUL_06062025_4-2048x1152.jpg 2048w, https:\/\/www.cofb.org\/wp-content\/uploads\/2025\/06\/COFB_PERFORACIO-LOBUL_06062025_4-18x10.jpg 18w\" sizes=\"(max-width: 1024px) 100vw, 1024px\" \/><\/a><figcaption class=\"wp-element-caption\">Gema Garrig\u00f3s (esquerra) i Marta Alcalde (dreta) en un moment de la presentaci\u00f3. <\/figcaption><\/figure>\n\n\n\n<p>Els <strong>objectius <\/strong>de la formaci\u00f3 van ser <strong>saber com fer una perforaci\u00f3 del l\u00f2bul de l\u2019orella<\/strong> i com <strong>aplicar les mesures higi\u00e8niques i sanit\u00e0ries<\/strong> posteriors per prevenir riscos tant del pacient com del personal que la fa, entendre les <strong>cures posteriors a fer per prevenir reacciones adverses<\/strong> i <strong>identificar els possibles riscos associats<\/strong> que t\u00e9 el pacient.<\/p>\n\n\n\n<p><strong>Gema Garrig\u00f3s<\/strong>, farmac\u00e8utica i bioqu\u00edmica i responsable de negoci de PRIM, va iniciar la sessi\u00f3 explicant que <strong>\u201cla perforaci\u00f3 del l\u00f2bul de l\u2019orella \u00e9s una pr\u00e0ctica cada cop m\u00e9s habitual i socialment acceptada\u201d<\/strong>, tot puntualitzant que queda circumscrita a la farm\u00e0cia \u00fanicament la perforaci\u00f3 del l\u00f2bul de l\u2019orella, mai al cart\u00edlag.<\/p>\n\n\n\n<figure class=\"wp-block-image size-large\"><a href=\"https:\/\/www.cofb.org\/wp-content\/uploads\/2025\/06\/COFB_PERFORACIO-LOBUL_06062025_3-scaled.jpg\" target=\"_blank\" rel=\"noreferrer noopener\"><img decoding=\"async\" width=\"1024\" height=\"576\" src=\"https:\/\/www.cofb.org\/wp-content\/uploads\/2025\/06\/COFB_PERFORACIO-LOBUL_06062025_3-1024x576.jpg\" alt=\"Gema Garrig\u00f3s en un moment de la seva exposici\u00f3. \" class=\"wp-image-81362\" srcset=\"https:\/\/www.cofb.org\/wp-content\/uploads\/2025\/06\/COFB_PERFORACIO-LOBUL_06062025_3-1024x576.jpg 1024w, https:\/\/www.cofb.org\/wp-content\/uploads\/2025\/06\/COFB_PERFORACIO-LOBUL_06062025_3-300x169.jpg 300w, https:\/\/www.cofb.org\/wp-content\/uploads\/2025\/06\/COFB_PERFORACIO-LOBUL_06062025_3-768x432.jpg 768w, https:\/\/www.cofb.org\/wp-content\/uploads\/2025\/06\/COFB_PERFORACIO-LOBUL_06062025_3-1536x864.jpg 1536w, https:\/\/www.cofb.org\/wp-content\/uploads\/2025\/06\/COFB_PERFORACIO-LOBUL_06062025_3-2048x1152.jpg 2048w, https:\/\/www.cofb.org\/wp-content\/uploads\/2025\/06\/COFB_PERFORACIO-LOBUL_06062025_3-18x10.jpg 18w\" sizes=\"(max-width: 1024px) 100vw, 1024px\" \/><\/a><figcaption class=\"wp-element-caption\">Gema Garrig\u00f3s en un moment de la seva exposici\u00f3. <\/figcaption><\/figure>\n\n\n\n<p>Sobre la demanada d\u2019aquest servei, el <em>target<\/em>, va indicar que \u00e9s una pr\u00e0ctica especialment demanada per fam\u00edlies amb nadons o infants petits, adolescents i joves i persones adules de totes les edats.<\/p>\n\n\n\n<div class=\"destacat-blog\">\n\n\n\n<p><\/p>\n\n\n\n<p><\/p>\n\n\n\n<h2 class=\"wp-block-heading\"><strong>Aspectes legals a la farm\u00e0cia comunit\u00e0ria<\/strong><\/h2>\n\n\n\n<p>Segons el Decret 90\/2008, la perforaci\u00f3 del l\u00f2bul de l\u2019orella amb t\u00e8cnica autom\u00e0tica no es considera un p\u00edrcing i, per tant, pot ser realitzada a la farm\u00e0cia sense necessitat d\u2019autoritzaci\u00f3 sanit\u00e0ria espec\u00edfica. Tot i que no es requereix una titulaci\u00f3 concreta, \u00e9s recomanable que el personal farmac\u00e8utic o t\u00e8cnic conegui b\u00e9 la t\u00e8cnica i hagi rebut formaci\u00f3 pr\u00e0ctica.<\/p>\n\n\n\n<p><\/p>\n\n\n\n<\/div>\n\n\n\n<h2 class=\"wp-block-heading\"><strong>Materials i procediments per a la perforaci\u00f3 del l\u00f2bul de l\u2019orella<\/strong><\/h2>\n\n\n\n<p>A continuaci\u00f3, la farmac\u00e8utica va repassar <strong>l\u2019anatomia i la fisiologia de l\u2019orella <\/strong>i les diferents <strong>tipologies de p\u00edrcings m\u00e9s comunes a l\u2019orella <\/strong>(l\u00f2bul, tragus, antitragus, c\u00f2clea,<em> snug, daith, rook, <\/em>industrial,<em> <\/em>h\u00e8lix).<\/p>\n\n\n\n<p>En relaci\u00f3 amb els <strong>materials necessaris per a la perforaci\u00f3 del l\u00f2bul de l\u2019orella<\/strong>, va especificar que cal utilitzar un instrument perforador d\u2019\u00fas manual, cassets est\u00e8rils d\u2019un sol \u00fas amb tancament herm\u00e8tic, marcadors d\u2019\u00fas t\u00f2pic i arracades de perforaci\u00f3. Pel que fa als passos a seguir, va indicar que primer cal netejar, despr\u00e9s marcar i, finalment, perforar.<\/p>\n\n\n\n<figure class=\"wp-block-image size-large\"><a href=\"https:\/\/www.cofb.org\/wp-content\/uploads\/2025\/06\/COFB_PERFORACIO-LOBUL_06062025_1-scaled.jpg\" target=\"_blank\" rel=\"noreferrer noopener\"><img decoding=\"async\" width=\"1024\" height=\"576\" src=\"https:\/\/www.cofb.org\/wp-content\/uploads\/2025\/06\/COFB_PERFORACIO-LOBUL_06062025_1-1024x576.jpg\" alt=\"Gema Garrig\u00f3s en la part pr\u00e0ctica de la formaci\u00f3. \" class=\"wp-image-81360\" srcset=\"https:\/\/www.cofb.org\/wp-content\/uploads\/2025\/06\/COFB_PERFORACIO-LOBUL_06062025_1-1024x576.jpg 1024w, https:\/\/www.cofb.org\/wp-content\/uploads\/2025\/06\/COFB_PERFORACIO-LOBUL_06062025_1-300x169.jpg 300w, https:\/\/www.cofb.org\/wp-content\/uploads\/2025\/06\/COFB_PERFORACIO-LOBUL_06062025_1-768x432.jpg 768w, https:\/\/www.cofb.org\/wp-content\/uploads\/2025\/06\/COFB_PERFORACIO-LOBUL_06062025_1-1536x864.jpg 1536w, https:\/\/www.cofb.org\/wp-content\/uploads\/2025\/06\/COFB_PERFORACIO-LOBUL_06062025_1-2048x1152.jpg 2048w, https:\/\/www.cofb.org\/wp-content\/uploads\/2025\/06\/COFB_PERFORACIO-LOBUL_06062025_1-18x10.jpg 18w\" sizes=\"(max-width: 1024px) 100vw, 1024px\" \/><\/a><figcaption class=\"wp-element-caption\">Gema Garrig\u00f3s en la part pr\u00e0ctica de la formaci\u00f3. <\/figcaption><\/figure>\n\n\n\n<p>En el cas de la perforaci\u00f3 en nadons, va aconsellar evitar que el nad\u00f3 es mogui amb l\u2019ajuda d\u2019un company o b\u00e9 dels pares. Tanmateix, va explicar que cal esperar que tingui entre 3 i 4 mesos perqu\u00e8 l\u2019orella estigui ben formada abans de perforar i que cal que sigui el m\u00e9s r\u00e0pid possible.<\/p>\n\n\n\n<h2 class=\"wp-block-heading\"><strong>Cures posteriors i prevenci\u00f3 de complicacions<\/strong><\/h2>\n\n\n\n<p>En la darrera part, Garrig\u00f3s va exposar quines <strong>cures posteriors<\/strong> s\u00f3n necess\u00e0ries despr\u00e9s de la perforaci\u00f3 per garantir una <strong>bona cicatritzaci\u00f3<\/strong>: cal mantenir l\u2019arracada a l\u2019orella durant sis setmanes; netejar la zona tres cops al dia amb sab\u00f3 neutre i s\u00e8rum; girar l\u2019arracada en cada neteja, entre altres. Sobretot, va recordar, que davant qualsevol complicaci\u00f3 amb la perforaci\u00f3, cal treure\u2019s les arracades i anar a la farm\u00e0cia de confian\u00e7a, on li oferiran una soluci\u00f3 i evitaran majors complicacions. &nbsp;<\/p>\n\n\n\n<p class=\"has-text-align-right\"><strong>Amb el patrocini de:<\/strong><\/p>\n\n\n\n<figure class=\"wp-block-image alignright size-large is-resized\"><a href=\"https:\/\/www.prim.es\/\" target=\"_blank\" rel=\"noreferrer noopener\"><img loading=\"lazy\" decoding=\"async\" width=\"1024\" height=\"484\" src=\"https:\/\/www.cofb.org\/wp-content\/uploads\/2025\/06\/PRIM_logo_transparent-1024x484.png\" alt=\"\" class=\"wp-image-81358\" style=\"width:243px;height:auto\" srcset=\"https:\/\/www.cofb.org\/wp-content\/uploads\/2025\/06\/PRIM_logo_transparent-1024x484.png 1024w, https:\/\/www.cofb.org\/wp-content\/uploads\/2025\/06\/PRIM_logo_transparent-300x142.png 300w, https:\/\/www.cofb.org\/wp-content\/uploads\/2025\/06\/PRIM_logo_transparent-768x363.png 768w, https:\/\/www.cofb.org\/wp-content\/uploads\/2025\/06\/PRIM_logo_transparent-1536x725.png 1536w, https:\/\/www.cofb.org\/wp-content\/uploads\/2025\/06\/PRIM_logo_transparent-18x9.png 18w, https:\/\/www.cofb.org\/wp-content\/uploads\/2025\/06\/PRIM_logo_transparent.png 1800w\" sizes=\"(max-width: 1024px) 100vw, 1024px\" \/><\/a><\/figure>\n\n\n\n<p class=\"has-text-align-right\"><strong> <\/strong><\/p>\n\n\n\n<p><\/p>\n\n\n\n<p><\/p>\n\n\n\n<div class=\"wp-block-columns is-layout-flex wp-container-core-columns-is-layout-28f84493 wp-block-columns-is-layout-flex\"><\/div>\n","protected":false},"excerpt":{"rendered":"<p>El passat 10 d\u2019abril, el Col\u00b7legi de Farmac\u00e8utics de Barcelona (COFB) va organitzar una nova edici\u00f3 de la formaci\u00f3 \u201cLa perforaci\u00f3 del l\u00f2bul de l\u2019orella\u201d amb el patrocini de PRIM. La sessi\u00f3 va ser impartida per Gema Garrig\u00f3s, farmac\u00e8utica i bioqu\u00edmica i responsable de negoci de PRIM. La vocal de [&hellip;]<\/p>\n","protected":false},"author":3,"featured_media":81361,"comment_status":"closed","ping_status":"closed","sticky":false,"template":"","format":"standard","meta":{"_uag_custom_page_level_css":"","site-sidebar-layout":"default","site-content-layout":"","ast-site-content-layout":"default","site-content-style":"default","site-sidebar-style":"default","ast-global-header-display":"","ast-banner-title-visibility":"","ast-main-header-display":"","ast-hfb-above-header-display":"","ast-hfb-below-header-display":"","ast-hfb-mobile-header-display":"","site-post-title":"","ast-breadcrumbs-content":"","ast-featured-img":"disabled","footer-sml-layout":"","theme-transparent-header-meta":"","adv-header-id-meta":"","stick-header-meta":"","header-above-stick-meta":"","header-main-stick-meta":"","header-below-stick-meta":"","astra-migrate-meta-layouts":"set","ast-page-background-enabled":"default","ast-page-background-meta":{"desktop":{"background-color":"var(--ast-global-color-4)","background-image":"","background-repeat":"repeat","background-position":"center center","background-size":"auto","background-attachment":"scroll","background-type":"","background-media":"","overlay-type":"","overlay-color":"","overlay-opacity":"","overlay-gradient":""},"tablet":{"background-color":"","background-image":"","background-repeat":"repeat","background-position":"center center","background-size":"auto","background-attachment":"scroll","background-type":"","background-media":"","overlay-type":"","overlay-color":"","overlay-opacity":"","overlay-gradient":""},"mobile":{"background-color":"","background-image":"","background-repeat":"repeat","background-position":"center center","background-size":"auto","background-attachment":"scroll","background-type":"","background-media":"","overlay-type":"","overlay-color":"","overlay-opacity":"","overlay-gradient":""}},"ast-content-background-meta":{"desktop":{"background-color":"var(--ast-global-color-5)","background-image":"","background-repeat":"repeat","background-position":"center center","background-size":"auto","background-attachment":"scroll","background-type":"","background-media":"","overlay-type":"","overlay-color":"","overlay-opacity":"","overlay-gradient":""},"tablet":{"background-color":"var(--ast-global-color-5)","background-image":"","background-repeat":"repeat","background-position":"center center","background-size":"auto","background-attachment":"scroll","background-type":"","background-media":"","overlay-type":"","overlay-color":"","overlay-opacity":"","overlay-gradient":""},"mobile":{"background-color":"var(--ast-global-color-5)","background-image":"","background-repeat":"repeat","background-position":"center center","background-size":"auto","background-attachment":"scroll","background-type":"","background-media":"","overlay-type":"","overlay-color":"","overlay-opacity":"","overlay-gradient":""}},"footnotes":""},"categories":[23,57],"tags":[4517,18,19,53,171,68,70,678,680,76,681,5378,341,237,4519,370],"class_list":["post-81352","post","type-post","status-publish","format-standard","has-post-thumbnail","hentry","category-destacats","category-mon-collegial","tag-auxiliars","tag-cofb","tag-collegi-de-farmaceutics-de-barcelona","tag-farmaceutics","tag-farmaceutiques","tag-farmacia","tag-formacio","tag-formacio-cofb-2","tag-lobul-orella","tag-oficina-de-farmacia","tag-orella","tag-peforacio","tag-perforacio-lobul-orella","tag-productes-sanitaris","tag-tecnics","tag-vocal-de-dermofarmacia-i-productes-sanitaris"],"yoast_head":"<!-- This site is optimized with the Yoast SEO plugin v22.4 - https:\/\/yoast.com\/wordpress\/plugins\/seo\/ -->\n<title>Com fer una correcta perforaci\u00f3 del l\u00f2bul de l&#039;orella des de la farm\u00e0cia? Nova edici\u00f3 d&#039;aquesta formaci\u00f3 al COFB - Col\u00b7legi de Farmac\u00e8utics de Barcelona<\/title>\n<meta name=\"description\" content=\"El passat 10 d\u2019abril, el COFB va organitzar la formaci\u00f3 \u201cLa perforaci\u00f3 del l\u00f2bul de l\u2019orella\u201d amb el patrocini de PRIM.\" \/>\n<meta name=\"robots\" content=\"index, follow, max-snippet:-1, max-image-preview:large, max-video-preview:-1\" \/>\n<link rel=\"canonical\" href=\"https:\/\/www.cofb.org\/ca\/2025\/05\/22\/com-fer-una-correcta-perforacio-del-lobul-de-lorella-des-de-la-farmacia-nova-edicio-daquesta-formacio-al-cofb\/\" \/>\n<meta property=\"og:locale\" content=\"ca_ES\" \/>\n<meta property=\"og:type\" content=\"article\" \/>\n<meta property=\"og:title\" content=\"Com fer una correcta perforaci\u00f3 del l\u00f2bul de l&#039;orella des de la farm\u00e0cia? Nova edici\u00f3 d&#039;aquesta formaci\u00f3 al COFB - Col\u00b7legi de Farmac\u00e8utics de Barcelona\" \/>\n<meta property=\"og:description\" content=\"El passat 10 d\u2019abril, el COFB va organitzar la formaci\u00f3 \u201cLa perforaci\u00f3 del l\u00f2bul de l\u2019orella\u201d amb el patrocini de PRIM.\" \/>\n<meta property=\"og:url\" content=\"https:\/\/www.cofb.org\/ca\/2025\/05\/22\/com-fer-una-correcta-perforacio-del-lobul-de-lorella-des-de-la-farmacia-nova-edicio-daquesta-formacio-al-cofb\/\" \/>\n<meta property=\"og:site_name\" content=\"Col\u00b7legi de Farmac\u00e8utics de Barcelona\" \/>\n<meta property=\"article:publisher\" content=\"https:\/\/www.facebook.com\/farmaceuticsbcn\/\" \/>\n<meta property=\"article:published_time\" content=\"2025-05-22T15:05:00+00:00\" \/>\n<meta property=\"article:modified_time\" content=\"2025-07-15T06:35:50+00:00\" \/>\n<meta property=\"og:image\" content=\"https:\/\/www.cofb.org\/wp-content\/uploads\/2025\/06\/COFB_PERFORACIO-LOBUL_06062025_2-scaled.jpg\" \/>\n\t<meta property=\"og:image:width\" content=\"2560\" \/>\n\t<meta property=\"og:image:height\" content=\"1440\" \/>\n\t<meta property=\"og:image:type\" content=\"image\/jpeg\" \/>\n<meta name=\"author\" content=\"Berta Mart\u00ednez\" \/>\n<meta name=\"twitter:card\" content=\"summary_large_image\" \/>\n<meta name=\"twitter:creator\" content=\"@farmaceuticsbcn\" \/>\n<meta name=\"twitter:site\" content=\"@farmaceuticsbcn\" \/>\n<meta name=\"twitter:label1\" content=\"Escrit per\" \/>\n\t<meta name=\"twitter:data1\" content=\"Berta Mart\u00ednez\" \/>\n\t<meta name=\"twitter:label2\" content=\"Temps estimat de lectura\" \/>\n\t<meta name=\"twitter:data2\" content=\"1 minut\" \/>\n<script type=\"application\/ld+json\" class=\"yoast-schema-graph\">{\"@context\":\"https:\/\/schema.org\",\"@graph\":[{\"@type\":\"Article\",\"@id\":\"https:\/\/www.cofb.org\/2025\/05\/22\/com-fer-una-correcta-perforacio-del-lobul-de-lorella-des-de-la-farmacia-nova-edicio-daquesta-formacio-al-cofb\/#article\",\"isPartOf\":{\"@id\":\"https:\/\/www.cofb.org\/2025\/05\/22\/com-fer-una-correcta-perforacio-del-lobul-de-lorella-des-de-la-farmacia-nova-edicio-daquesta-formacio-al-cofb\/\"},\"author\":{\"name\":\"Berta Mart\u00ednez\",\"@id\":\"https:\/\/www.cofb.org\/#\/schema\/person\/f32de3b41b812c85ff923cb4cc849063\"},\"headline\":\"Com fer una correcta perforaci\u00f3 del l\u00f2bul de l&#8217;orella des de la farm\u00e0cia? Nova edici\u00f3 d&#8217;aquesta formaci\u00f3 al COFB\",\"datePublished\":\"2025-05-22T15:05:00+00:00\",\"dateModified\":\"2025-07-15T06:35:50+00:00\",\"mainEntityOfPage\":{\"@id\":\"https:\/\/www.cofb.org\/2025\/05\/22\/com-fer-una-correcta-perforacio-del-lobul-de-lorella-des-de-la-farmacia-nova-edicio-daquesta-formacio-al-cofb\/\"},\"wordCount\":667,\"publisher\":{\"@id\":\"https:\/\/www.cofb.org\/#organization\"},\"image\":{\"@id\":\"https:\/\/www.cofb.org\/2025\/05\/22\/com-fer-una-correcta-perforacio-del-lobul-de-lorella-des-de-la-farmacia-nova-edicio-daquesta-formacio-al-cofb\/#primaryimage\"},\"thumbnailUrl\":\"https:\/\/www.cofb.org\/wp-content\/uploads\/2025\/06\/COFB_PERFORACIO-LOBUL_06062025_2-scaled.jpg\",\"keywords\":[\"auxiliars\",\"COFB\",\"Col\u00b7legi de Farmac\u00e8utics de Barcelona\",\"farmac\u00e8utics\",\"farmac\u00e8utiques\",\"Farm\u00e0cia\",\"Formaci\u00f3\",\"formaci\u00f3 cofb\",\"l\u00f2bul orella\",\"Oficina de farm\u00e0cia\",\"orella\",\"peforaci\u00f3\",\"Perforaci\u00f3 l\u00f2bul orella\",\"productes sanitaris\",\"t\u00e8cnics\",\"Vocal de Dermofarm\u00e0cia i Productes Sanitaris\"],\"articleSection\":[\"Destacats\",\"M\u00f3n col\u00b7legial\"],\"inLanguage\":\"ca\"},{\"@type\":\"WebPage\",\"@id\":\"https:\/\/www.cofb.org\/2025\/05\/22\/com-fer-una-correcta-perforacio-del-lobul-de-lorella-des-de-la-farmacia-nova-edicio-daquesta-formacio-al-cofb\/\",\"url\":\"https:\/\/www.cofb.org\/2025\/05\/22\/com-fer-una-correcta-perforacio-del-lobul-de-lorella-des-de-la-farmacia-nova-edicio-daquesta-formacio-al-cofb\/\",\"name\":\"Com fer una correcta perforaci\u00f3 del l\u00f2bul de l'orella des de la farm\u00e0cia? Nova edici\u00f3 d'aquesta formaci\u00f3 al COFB - Col\u00b7legi de Farmac\u00e8utics de Barcelona\",\"isPartOf\":{\"@id\":\"https:\/\/www.cofb.org\/#website\"},\"primaryImageOfPage\":{\"@id\":\"https:\/\/www.cofb.org\/2025\/05\/22\/com-fer-una-correcta-perforacio-del-lobul-de-lorella-des-de-la-farmacia-nova-edicio-daquesta-formacio-al-cofb\/#primaryimage\"},\"image\":{\"@id\":\"https:\/\/www.cofb.org\/2025\/05\/22\/com-fer-una-correcta-perforacio-del-lobul-de-lorella-des-de-la-farmacia-nova-edicio-daquesta-formacio-al-cofb\/#primaryimage\"},\"thumbnailUrl\":\"https:\/\/www.cofb.org\/wp-content\/uploads\/2025\/06\/COFB_PERFORACIO-LOBUL_06062025_2-scaled.jpg\",\"datePublished\":\"2025-05-22T15:05:00+00:00\",\"dateModified\":\"2025-07-15T06:35:50+00:00\",\"description\":\"El passat 10 d\u2019abril, el COFB va organitzar la formaci\u00f3 \u201cLa perforaci\u00f3 del l\u00f2bul de l\u2019orella\u201d amb el patrocini de PRIM.\",\"breadcrumb\":{\"@id\":\"https:\/\/www.cofb.org\/2025\/05\/22\/com-fer-una-correcta-perforacio-del-lobul-de-lorella-des-de-la-farmacia-nova-edicio-daquesta-formacio-al-cofb\/#breadcrumb\"},\"inLanguage\":\"ca\",\"potentialAction\":[{\"@type\":\"ReadAction\",\"target\":[\"https:\/\/www.cofb.org\/2025\/05\/22\/com-fer-una-correcta-perforacio-del-lobul-de-lorella-des-de-la-farmacia-nova-edicio-daquesta-formacio-al-cofb\/\"]}]},{\"@type\":\"ImageObject\",\"inLanguage\":\"ca\",\"@id\":\"https:\/\/www.cofb.org\/2025\/05\/22\/com-fer-una-correcta-perforacio-del-lobul-de-lorella-des-de-la-farmacia-nova-edicio-daquesta-formacio-al-cofb\/#primaryimage\",\"url\":\"https:\/\/www.cofb.org\/wp-content\/uploads\/2025\/06\/COFB_PERFORACIO-LOBUL_06062025_2-scaled.jpg\",\"contentUrl\":\"https:\/\/www.cofb.org\/wp-content\/uploads\/2025\/06\/COFB_PERFORACIO-LOBUL_06062025_2-scaled.jpg\",\"width\":2560,\"height\":1440},{\"@type\":\"BreadcrumbList\",\"@id\":\"https:\/\/www.cofb.org\/2025\/05\/22\/com-fer-una-correcta-perforacio-del-lobul-de-lorella-des-de-la-farmacia-nova-edicio-daquesta-formacio-al-cofb\/#breadcrumb\",\"itemListElement\":[{\"@type\":\"ListItem\",\"position\":1,\"name\":\"Inici\",\"item\":\"https:\/\/novaorg.cofb.net\/\"},{\"@type\":\"ListItem\",\"position\":2,\"name\":\"Com fer una correcta perforaci\u00f3 del l\u00f2bul de l&#8217;orella des de la farm\u00e0cia? Nova edici\u00f3 d&#8217;aquesta formaci\u00f3 al COFB\"}]},{\"@type\":\"WebSite\",\"@id\":\"https:\/\/www.cofb.org\/#website\",\"url\":\"https:\/\/www.cofb.org\/\",\"name\":\"Col\u00b7legi de Farmac\u00e8utics de Barcelona\",\"description\":\"\",\"publisher\":{\"@id\":\"https:\/\/www.cofb.org\/#organization\"},\"potentialAction\":[{\"@type\":\"SearchAction\",\"target\":{\"@type\":\"EntryPoint\",\"urlTemplate\":\"https:\/\/www.cofb.org\/?s={search_term_string}\"},\"query-input\":\"required name=search_term_string\"}],\"inLanguage\":\"ca\"},{\"@type\":\"Organization\",\"@id\":\"https:\/\/www.cofb.org\/#organization\",\"name\":\"Col\u00b7legi de Farmac\u00e8utics de Barcelona\",\"url\":\"https:\/\/www.cofb.org\/\",\"logo\":{\"@type\":\"ImageObject\",\"inLanguage\":\"ca\",\"@id\":\"https:\/\/www.cofb.org\/#\/schema\/logo\/image\/\",\"url\":\"https:\/\/www.cofb.org\/wp-content\/uploads\/2023\/11\/cropped-Logotip-COFB.png\",\"contentUrl\":\"https:\/\/www.cofb.org\/wp-content\/uploads\/2023\/11\/cropped-Logotip-COFB.png\",\"width\":500,\"height\":105,\"caption\":\"Col\u00b7legi de Farmac\u00e8utics de Barcelona\"},\"image\":{\"@id\":\"https:\/\/www.cofb.org\/#\/schema\/logo\/image\/\"},\"sameAs\":[\"https:\/\/www.facebook.com\/farmaceuticsbcn\/\",\"https:\/\/twitter.com\/farmaceuticsbcn\",\"https:\/\/www.instagram.com\/farmaceuticsbcn\/\",\"https:\/\/www.linkedin.com\/company\/farmaceuticsbcn\/\"]},{\"@type\":\"Person\",\"@id\":\"https:\/\/www.cofb.org\/#\/schema\/person\/f32de3b41b812c85ff923cb4cc849063\",\"name\":\"Berta Mart\u00ednez\",\"image\":{\"@type\":\"ImageObject\",\"inLanguage\":\"ca\",\"@id\":\"https:\/\/www.cofb.org\/#\/schema\/person\/image\/\",\"url\":\"https:\/\/secure.gravatar.com\/avatar\/d4c584dab5da1ee9e3c3df161c0aabec7075cc8211cd46ffc79bfe177aa78b01?s=96&d=mm&r=g\",\"contentUrl\":\"https:\/\/secure.gravatar.com\/avatar\/d4c584dab5da1ee9e3c3df161c0aabec7075cc8211cd46ffc79bfe177aa78b01?s=96&d=mm&r=g\",\"caption\":\"Berta Mart\u00ednez\"},\"url\":\"https:\/\/www.cofb.org\/ca\/author\/bmartinez\/\"}]}<\/script>\n<!-- \/ Yoast SEO plugin. -->","yoast_head_json":{"title":"Com fer una correcta perforaci\u00f3 del l\u00f2bul de l'orella des de la farm\u00e0cia? Nova edici\u00f3 d'aquesta formaci\u00f3 al COFB - Col\u00b7legi de Farmac\u00e8utics de Barcelona","description":"El passat 10 d\u2019abril, el COFB va organitzar la formaci\u00f3 \u201cLa perforaci\u00f3 del l\u00f2bul de l\u2019orella\u201d amb el patrocini de PRIM.","robots":{"index":"index","follow":"follow","max-snippet":"max-snippet:-1","max-image-preview":"max-image-preview:large","max-video-preview":"max-video-preview:-1"},"canonical":"https:\/\/www.cofb.org\/ca\/2025\/05\/22\/com-fer-una-correcta-perforacio-del-lobul-de-lorella-des-de-la-farmacia-nova-edicio-daquesta-formacio-al-cofb\/","og_locale":"ca_ES","og_type":"article","og_title":"Com fer una correcta perforaci\u00f3 del l\u00f2bul de l'orella des de la farm\u00e0cia? Nova edici\u00f3 d'aquesta formaci\u00f3 al COFB - Col\u00b7legi de Farmac\u00e8utics de Barcelona","og_description":"El passat 10 d\u2019abril, el COFB va organitzar la formaci\u00f3 \u201cLa perforaci\u00f3 del l\u00f2bul de l\u2019orella\u201d amb el patrocini de PRIM.","og_url":"https:\/\/www.cofb.org\/ca\/2025\/05\/22\/com-fer-una-correcta-perforacio-del-lobul-de-lorella-des-de-la-farmacia-nova-edicio-daquesta-formacio-al-cofb\/","og_site_name":"Col\u00b7legi de Farmac\u00e8utics de Barcelona","article_publisher":"https:\/\/www.facebook.com\/farmaceuticsbcn\/","article_published_time":"2025-05-22T15:05:00+00:00","article_modified_time":"2025-07-15T06:35:50+00:00","og_image":[{"width":2560,"height":1440,"url":"https:\/\/www.cofb.org\/wp-content\/uploads\/2025\/06\/COFB_PERFORACIO-LOBUL_06062025_2-scaled.jpg","type":"image\/jpeg"}],"author":"Berta Mart\u00ednez","twitter_card":"summary_large_image","twitter_creator":"@farmaceuticsbcn","twitter_site":"@farmaceuticsbcn","twitter_misc":{"Escrit per":"Berta Mart\u00ednez","Temps estimat de lectura":"1 minut"},"schema":{"@context":"https:\/\/schema.org","@graph":[{"@type":"Article","@id":"https:\/\/www.cofb.org\/2025\/05\/22\/com-fer-una-correcta-perforacio-del-lobul-de-lorella-des-de-la-farmacia-nova-edicio-daquesta-formacio-al-cofb\/#article","isPartOf":{"@id":"https:\/\/www.cofb.org\/2025\/05\/22\/com-fer-una-correcta-perforacio-del-lobul-de-lorella-des-de-la-farmacia-nova-edicio-daquesta-formacio-al-cofb\/"},"author":{"name":"Berta Mart\u00ednez","@id":"https:\/\/www.cofb.org\/#\/schema\/person\/f32de3b41b812c85ff923cb4cc849063"},"headline":"Com fer una correcta perforaci\u00f3 del l\u00f2bul de l&#8217;orella des de la farm\u00e0cia? Nova edici\u00f3 d&#8217;aquesta formaci\u00f3 al COFB","datePublished":"2025-05-22T15:05:00+00:00","dateModified":"2025-07-15T06:35:50+00:00","mainEntityOfPage":{"@id":"https:\/\/www.cofb.org\/2025\/05\/22\/com-fer-una-correcta-perforacio-del-lobul-de-lorella-des-de-la-farmacia-nova-edicio-daquesta-formacio-al-cofb\/"},"wordCount":667,"publisher":{"@id":"https:\/\/www.cofb.org\/#organization"},"image":{"@id":"https:\/\/www.cofb.org\/2025\/05\/22\/com-fer-una-correcta-perforacio-del-lobul-de-lorella-des-de-la-farmacia-nova-edicio-daquesta-formacio-al-cofb\/#primaryimage"},"thumbnailUrl":"https:\/\/www.cofb.org\/wp-content\/uploads\/2025\/06\/COFB_PERFORACIO-LOBUL_06062025_2-scaled.jpg","keywords":["auxiliars","COFB","Col\u00b7legi de Farmac\u00e8utics de Barcelona","farmac\u00e8utics","farmac\u00e8utiques","Farm\u00e0cia","Formaci\u00f3","formaci\u00f3 cofb","l\u00f2bul orella","Oficina de farm\u00e0cia","orella","peforaci\u00f3","Perforaci\u00f3 l\u00f2bul orella","productes sanitaris","t\u00e8cnics","Vocal de Dermofarm\u00e0cia i Productes Sanitaris"],"articleSection":["Destacats","M\u00f3n col\u00b7legial"],"inLanguage":"ca"},{"@type":"WebPage","@id":"https:\/\/www.cofb.org\/2025\/05\/22\/com-fer-una-correcta-perforacio-del-lobul-de-lorella-des-de-la-farmacia-nova-edicio-daquesta-formacio-al-cofb\/","url":"https:\/\/www.cofb.org\/2025\/05\/22\/com-fer-una-correcta-perforacio-del-lobul-de-lorella-des-de-la-farmacia-nova-edicio-daquesta-formacio-al-cofb\/","name":"Com fer una correcta perforaci\u00f3 del l\u00f2bul de l'orella des de la farm\u00e0cia? Nova edici\u00f3 d'aquesta formaci\u00f3 al COFB - Col\u00b7legi de Farmac\u00e8utics de Barcelona","isPartOf":{"@id":"https:\/\/www.cofb.org\/#website"},"primaryImageOfPage":{"@id":"https:\/\/www.cofb.org\/2025\/05\/22\/com-fer-una-correcta-perforacio-del-lobul-de-lorella-des-de-la-farmacia-nova-edicio-daquesta-formacio-al-cofb\/#primaryimage"},"image":{"@id":"https:\/\/www.cofb.org\/2025\/05\/22\/com-fer-una-correcta-perforacio-del-lobul-de-lorella-des-de-la-farmacia-nova-edicio-daquesta-formacio-al-cofb\/#primaryimage"},"thumbnailUrl":"https:\/\/www.cofb.org\/wp-content\/uploads\/2025\/06\/COFB_PERFORACIO-LOBUL_06062025_2-scaled.jpg","datePublished":"2025-05-22T15:05:00+00:00","dateModified":"2025-07-15T06:35:50+00:00","description":"El passat 10 d\u2019abril, el COFB va organitzar la formaci\u00f3 \u201cLa perforaci\u00f3 del l\u00f2bul de l\u2019orella\u201d amb el patrocini de PRIM.","breadcrumb":{"@id":"https:\/\/www.cofb.org\/2025\/05\/22\/com-fer-una-correcta-perforacio-del-lobul-de-lorella-des-de-la-farmacia-nova-edicio-daquesta-formacio-al-cofb\/#breadcrumb"},"inLanguage":"ca","potentialAction":[{"@type":"ReadAction","target":["https:\/\/www.cofb.org\/2025\/05\/22\/com-fer-una-correcta-perforacio-del-lobul-de-lorella-des-de-la-farmacia-nova-edicio-daquesta-formacio-al-cofb\/"]}]},{"@type":"ImageObject","inLanguage":"ca","@id":"https:\/\/www.cofb.org\/2025\/05\/22\/com-fer-una-correcta-perforacio-del-lobul-de-lorella-des-de-la-farmacia-nova-edicio-daquesta-formacio-al-cofb\/#primaryimage","url":"https:\/\/www.cofb.org\/wp-content\/uploads\/2025\/06\/COFB_PERFORACIO-LOBUL_06062025_2-scaled.jpg","contentUrl":"https:\/\/www.cofb.org\/wp-content\/uploads\/2025\/06\/COFB_PERFORACIO-LOBUL_06062025_2-scaled.jpg","width":2560,"height":1440},{"@type":"BreadcrumbList","@id":"https:\/\/www.cofb.org\/2025\/05\/22\/com-fer-una-correcta-perforacio-del-lobul-de-lorella-des-de-la-farmacia-nova-edicio-daquesta-formacio-al-cofb\/#breadcrumb","itemListElement":[{"@type":"ListItem","position":1,"name":"Inici","item":"https:\/\/novaorg.cofb.net\/"},{"@type":"ListItem","position":2,"name":"Com fer una correcta perforaci\u00f3 del l\u00f2bul de l&#8217;orella des de la farm\u00e0cia? Nova edici\u00f3 d&#8217;aquesta formaci\u00f3 al COFB"}]},{"@type":"WebSite","@id":"https:\/\/www.cofb.org\/#website","url":"https:\/\/www.cofb.org\/","name":"Col\u00b7legi de Farmac\u00e8utics de Barcelona","description":"","publisher":{"@id":"https:\/\/www.cofb.org\/#organization"},"potentialAction":[{"@type":"SearchAction","target":{"@type":"EntryPoint","urlTemplate":"https:\/\/www.cofb.org\/?s={search_term_string}"},"query-input":"required name=search_term_string"}],"inLanguage":"ca"},{"@type":"Organization","@id":"https:\/\/www.cofb.org\/#organization","name":"Col\u00b7legi de Farmac\u00e8utics de Barcelona","url":"https:\/\/www.cofb.org\/","logo":{"@type":"ImageObject","inLanguage":"ca","@id":"https:\/\/www.cofb.org\/#\/schema\/logo\/image\/","url":"https:\/\/www.cofb.org\/wp-content\/uploads\/2023\/11\/cropped-Logotip-COFB.png","contentUrl":"https:\/\/www.cofb.org\/wp-content\/uploads\/2023\/11\/cropped-Logotip-COFB.png","width":500,"height":105,"caption":"Col\u00b7legi de Farmac\u00e8utics de Barcelona"},"image":{"@id":"https:\/\/www.cofb.org\/#\/schema\/logo\/image\/"},"sameAs":["https:\/\/www.facebook.com\/farmaceuticsbcn\/","https:\/\/twitter.com\/farmaceuticsbcn","https:\/\/www.instagram.com\/farmaceuticsbcn\/","https:\/\/www.linkedin.com\/company\/farmaceuticsbcn\/"]},{"@type":"Person","@id":"https:\/\/www.cofb.org\/#\/schema\/person\/f32de3b41b812c85ff923cb4cc849063","name":"Berta Mart\u00ednez","image":{"@type":"ImageObject","inLanguage":"ca","@id":"https:\/\/www.cofb.org\/#\/schema\/person\/image\/","url":"https:\/\/secure.gravatar.com\/avatar\/d4c584dab5da1ee9e3c3df161c0aabec7075cc8211cd46ffc79bfe177aa78b01?s=96&d=mm&r=g","contentUrl":"https:\/\/secure.gravatar.com\/avatar\/d4c584dab5da1ee9e3c3df161c0aabec7075cc8211cd46ffc79bfe177aa78b01?s=96&d=mm&r=g","caption":"Berta Mart\u00ednez"},"url":"https:\/\/www.cofb.org\/ca\/author\/bmartinez\/"}]}},"uagb_featured_image_src":{"full":["https:\/\/www.cofb.org\/wp-content\/uploads\/2025\/06\/COFB_PERFORACIO-LOBUL_06062025_2-scaled.jpg",2560,1440,false],"thumbnail":["https:\/\/www.cofb.org\/wp-content\/uploads\/2025\/06\/COFB_PERFORACIO-LOBUL_06062025_2-150x150.jpg",150,150,true],"medium":["https:\/\/www.cofb.org\/wp-content\/uploads\/2025\/06\/COFB_PERFORACIO-LOBUL_06062025_2-300x169.jpg",300,169,true],"medium_large":["https:\/\/www.cofb.org\/wp-content\/uploads\/2025\/06\/COFB_PERFORACIO-LOBUL_06062025_2-768x432.jpg",768,432,true],"large":["https:\/\/www.cofb.org\/wp-content\/uploads\/2025\/06\/COFB_PERFORACIO-LOBUL_06062025_2-1024x576.jpg",1024,576,true],"1536x1536":["https:\/\/www.cofb.org\/wp-content\/uploads\/2025\/06\/COFB_PERFORACIO-LOBUL_06062025_2-1536x864.jpg",1536,864,true],"2048x2048":["https:\/\/www.cofb.org\/wp-content\/uploads\/2025\/06\/COFB_PERFORACIO-LOBUL_06062025_2-2048x1152.jpg",2048,1152,true],"trp-custom-language-flag":["https:\/\/www.cofb.org\/wp-content\/uploads\/2025\/06\/COFB_PERFORACIO-LOBUL_06062025_2-18x10.jpg",18,10,true]},"uagb_author_info":{"display_name":"Berta Mart\u00ednez","author_link":"https:\/\/www.cofb.org\/ca\/author\/bmartinez\/"},"uagb_comment_info":0,"uagb_excerpt":"El passat 10 d\u2019abril, el Col\u00b7legi de Farmac\u00e8utics de Barcelona (COFB) va organitzar una nova edici\u00f3 de la formaci\u00f3 \u201cLa perforaci\u00f3 del l\u00f2bul de l\u2019orella\u201d amb el patrocini de PRIM. La sessi\u00f3 va ser impartida per Gema Garrig\u00f3s, farmac\u00e8utica i bioqu\u00edmica i responsable de negoci de PRIM. La vocal de [&hellip;]","_links":{"self":[{"href":"https:\/\/www.cofb.org\/ca\/wp-json\/wp\/v2\/posts\/81352","targetHints":{"allow":["GET"]}}],"collection":[{"href":"https:\/\/www.cofb.org\/ca\/wp-json\/wp\/v2\/posts"}],"about":[{"href":"https:\/\/www.cofb.org\/ca\/wp-json\/wp\/v2\/types\/post"}],"author":[{"embeddable":true,"href":"https:\/\/www.cofb.org\/ca\/wp-json\/wp\/v2\/users\/3"}],"replies":[{"embeddable":true,"href":"https:\/\/www.cofb.org\/ca\/wp-json\/wp\/v2\/comments?post=81352"}],"version-history":[{"count":12,"href":"https:\/\/www.cofb.org\/ca\/wp-json\/wp\/v2\/posts\/81352\/revisions"}],"predecessor-version":[{"id":81375,"href":"https:\/\/www.cofb.org\/ca\/wp-json\/wp\/v2\/posts\/81352\/revisions\/81375"}],"wp:featuredmedia":[{"embeddable":true,"href":"https:\/\/www.cofb.org\/ca\/wp-json\/wp\/v2\/media\/81361"}],"wp:attachment":[{"href":"https:\/\/www.cofb.org\/ca\/wp-json\/wp\/v2\/media?parent=81352"}],"wp:term":[{"taxonomy":"category","embeddable":true,"href":"https:\/\/www.cofb.org\/ca\/wp-json\/wp\/v2\/categories?post=81352"},{"taxonomy":"post_tag","embeddable":true,"href":"https:\/\/www.cofb.org\/ca\/wp-json\/wp\/v2\/tags?post=81352"}],"curies":[{"name":"wp","href":"https:\/\/api.w.org\/{rel}","templated":true}]}}