{"id":81342,"date":"2025-05-19T11:05:56","date_gmt":"2025-05-19T11:05:56","guid":{"rendered":"https:\/\/www.cofb.org\/?p=81342"},"modified":"2025-07-15T06:36:08","modified_gmt":"2025-07-15T06:36:08","slug":"farmaceutiques-i-farmaceutics-sactualitzen-en-bones-practiques-en-la-recomanacio-dolis-essencials","status":"publish","type":"post","link":"https:\/\/www.cofb.org\/ca\/2025\/05\/19\/farmaceutiques-i-farmaceutics-sactualitzen-en-bones-practiques-en-la-recomanacio-dolis-essencials\/","title":{"rendered":"Farmac\u00e8utiques i farmac\u00e8utics s\u2019actualitzen en bones pr\u00e0ctiques en la recomanaci\u00f3 d\u2019olis essencials"},"content":{"rendered":"\n<p>El passat 3 d\u2019abril, el <strong>Col\u00b7legi de Farmac\u00e8utics de Barcelona (COFB) <\/strong>va organitzar la formaci\u00f3 <strong>\u201cTaller de bones pr\u00e0ctiques en la recomanaci\u00f3 d\u2019olis essencials\u201d<\/strong>, amb el patrocini de <a href=\"https:\/\/www.terpenic.com\/\" target=\"_blank\" rel=\"noreferrer noopener\">Terpenic<\/a>. La confer\u00e8ncia va anar a c\u00e0rrec de <strong>Paula Hern\u00e1ndez<\/strong>, farmac\u00e8utica especialitzada en olis essencials<a> <\/a>i responsable de formaci\u00f3 t\u00e8cnica de Terpenic, i va ser coordinada pel vocal de Plantes Medicinals del COFB, <strong>Josep Allu\u00e9.<\/strong><\/p>\n\n\n\n<figure class=\"wp-block-image size-large\"><a href=\"https:\/\/www.cofb.org\/wp-content\/uploads\/2025\/06\/COFB_OLIS-ESSENCIALS_05062025_2_edited-scaled.jpg\" target=\"_blank\" rel=\"noreferrer noopener\"><img fetchpriority=\"high\" decoding=\"async\" width=\"1024\" height=\"771\" src=\"https:\/\/www.cofb.org\/wp-content\/uploads\/2025\/06\/COFB_OLIS-ESSENCIALS_05062025_2_edited-1024x771.jpg\" alt=\"\" class=\"wp-image-81372\" srcset=\"https:\/\/www.cofb.org\/wp-content\/uploads\/2025\/06\/COFB_OLIS-ESSENCIALS_05062025_2_edited-1024x771.jpg 1024w, https:\/\/www.cofb.org\/wp-content\/uploads\/2025\/06\/COFB_OLIS-ESSENCIALS_05062025_2_edited-300x226.jpg 300w, https:\/\/www.cofb.org\/wp-content\/uploads\/2025\/06\/COFB_OLIS-ESSENCIALS_05062025_2_edited-768x578.jpg 768w, https:\/\/www.cofb.org\/wp-content\/uploads\/2025\/06\/COFB_OLIS-ESSENCIALS_05062025_2_edited-1536x1157.jpg 1536w, https:\/\/www.cofb.org\/wp-content\/uploads\/2025\/06\/COFB_OLIS-ESSENCIALS_05062025_2_edited-2048x1542.jpg 2048w, https:\/\/www.cofb.org\/wp-content\/uploads\/2025\/06\/COFB_OLIS-ESSENCIALS_05062025_2_edited-16x12.jpg 16w\" sizes=\"(max-width: 1024px) 100vw, 1024px\" \/><\/a><\/figure>\n\n\n\n<p>Els <strong>objectius <\/strong>de la sessi\u00f3 van ser aprendre <strong>definicions i aspectes pr\u00e0ctics de l\u2019\u00fas dels olis essencials<\/strong>, saber <strong>recomanar<\/strong> de manera f\u00e0cil <strong>cinc olis essencials<\/strong> i <strong>tres bases vegetals<\/strong>, con\u00e8ixer com <strong>aconsellar percentatges i metodologies segures<\/strong> per a l&#8217;elaboraci\u00f3 de sinergies i <strong>practicar l\u2019elaboraci\u00f3 de preparats senzills<\/strong> per donar la informaci\u00f3 als usuaris\/es per fer-ne un bon \u00fas.<\/p>\n\n\n\n<p><strong>Paula Hern\u00e1ndez<\/strong>, farmac\u00e8utica especialitzada en olis essencials, va iniciar la sessi\u00f3 definint <strong>l\u2019aromater\u00e0pia cient\u00edfica com una \u201cuna branca de la fitoter\u00e0pia que \u00e9s terap\u00e8utica i utilitza les plantes medicinals per prevenir o tractar malalties\u201d<\/strong>. Tanmateix, va diferenciar el concepte <strong>d\u2019ess\u00e8ncia<\/strong>, que \u00e9s <strong>\u201cla secreci\u00f3 natural de les plantes o arbres arom\u00e0tics, obtinguda dels diferents \u00f2rgans secretors\u201d<\/strong>; del <strong>d\u2019oli essencial<\/strong>, que \u00e9s <strong>\u201cuna subst\u00e0ncia arom\u00e0tica pura i natural resultat generalment d\u2019una destil\u00b7laci\u00f3 per corrent de vapor de la part de la planta arom\u00e0tica amb gl\u00e0ndules secretores d\u2019ess\u00e8ncia\u201d<\/strong>.<\/p>\n\n\n\n<p>A continuaci\u00f3, la farmac\u00e8utica tamb\u00e9 va explicar quin \u00e9s el <strong>proc\u00e9s d\u2019obtenci\u00f3 dels olis essencials<\/strong> i les <strong>difer\u00e8ncies entre un oli essencial d\u2019un oli vegetal<\/strong> i els diferents <strong>m\u00e8todes d\u2019extracci\u00f3<\/strong>. Pel que fa als <strong>olis essencials<\/strong>, \u201cel seu origen prov\u00e9 de plantes o arbres arom\u00e0tics, s\u2019obtenen per destil\u00b7laci\u00f3 per corrent de vapor, estan formats de components vol\u00e0tils (terpens, cetones, \u00e8sters, no l\u00edpids, prote\u00efnes i vitamines) i s\u00f3n hidr\u00f2fobs, lip\u00f2fils, no lip\u00eddics i no grassos\u201d. En canvi, els <strong>olis vegetals<\/strong> s\u00f3n \u201cplantes oleaginoses, que s\u2019obtenen per pressi\u00f3 d\u2019aquestes, i estan compostes de reserva de nutrients l\u00edpids, prote\u00efnes, vitamines i principalment s\u00f3n lip\u00eddiques i greixoses.<\/p>\n\n\n\n<h2 class=\"wp-block-heading\"><strong>Olis essencials i bases vegetals<\/strong><\/h2>\n\n\n\n<p>Durant la sessi\u00f3, Hern\u00e1ndez va analitzar les especificacions de <strong>cinc olis essencial<\/strong>s: el de <strong>ravintsara<\/strong>, que s\u2019utilitza per <strong>\u201cfacilitar la respiraci\u00f3 i incrementar les defenses\u201d<\/strong>; <strong>l\u2019ess\u00e8ncia de llimona<\/strong>, usada per a les <strong>afeccions respirat\u00f2ries, v\u00f2mits, n\u00e0usees i cinetosis<\/strong>; <strong>l\u2019oli essencial de menta de camp<\/strong>, indicat per <strong>calmar el dolor causat per cefalees i neur\u00e0lgies, alleugerir els dolors superficials de la pell<\/strong> (picor, urtic\u00e0ria, dermatitis) i tamb\u00e9 com a <strong>digestiu per a les n\u00e0usees<\/strong>; i, finalment, l\u2019<strong>oli essencial de camamilla romana<\/strong>, recomanat per a <strong>trastorns digestius<\/strong> (c\u00f2lics, acidesa d\u2019est\u00f3mac, gasos), <strong>reaccions cut\u00e0nies<\/strong>, <strong>\u00e8czema<\/strong>, <strong>picor<\/strong>, <strong>pell sensible o inflamada i per a atacs de p\u00e0nic o estr\u00e8s<\/strong>.<\/p>\n\n\n\n<figure class=\"wp-block-image size-large\"><a href=\"https:\/\/www.cofb.org\/wp-content\/uploads\/2025\/06\/COFB_OLIS-ESSENCIALS_05062025_1_edited-scaled.jpg\" target=\"_blank\" rel=\"noreferrer noopener\"><img decoding=\"async\" width=\"1024\" height=\"771\" src=\"https:\/\/www.cofb.org\/wp-content\/uploads\/2025\/06\/COFB_OLIS-ESSENCIALS_05062025_1_edited-1024x771.jpg\" alt=\"Paula Hern\u00e1ndez en un moment de la seva presentaci\u00f3. \" class=\"wp-image-81371\" srcset=\"https:\/\/www.cofb.org\/wp-content\/uploads\/2025\/06\/COFB_OLIS-ESSENCIALS_05062025_1_edited-1024x771.jpg 1024w, https:\/\/www.cofb.org\/wp-content\/uploads\/2025\/06\/COFB_OLIS-ESSENCIALS_05062025_1_edited-300x226.jpg 300w, https:\/\/www.cofb.org\/wp-content\/uploads\/2025\/06\/COFB_OLIS-ESSENCIALS_05062025_1_edited-768x578.jpg 768w, https:\/\/www.cofb.org\/wp-content\/uploads\/2025\/06\/COFB_OLIS-ESSENCIALS_05062025_1_edited-1536x1157.jpg 1536w, https:\/\/www.cofb.org\/wp-content\/uploads\/2025\/06\/COFB_OLIS-ESSENCIALS_05062025_1_edited-2048x1542.jpg 2048w, https:\/\/www.cofb.org\/wp-content\/uploads\/2025\/06\/COFB_OLIS-ESSENCIALS_05062025_1_edited-16x12.jpg 16w\" sizes=\"(max-width: 1024px) 100vw, 1024px\" \/><\/a><figcaption class=\"wp-element-caption\">Paula Hern\u00e1ndez en un moment de la seva presentaci\u00f3. <\/figcaption><\/figure>\n\n\n\n<p>Per altra banda, va compartir les especificacions de <strong>tres bases vegetals<\/strong>. En primer lloc, d\u2019<strong>oli vegetal d\u2019albercoc<\/strong>, que t\u00e9 propietats tonificants, nutritives, revitalitzant. En segon lloc, l\u2019<strong>oleat d\u2019\u00e0rnica <\/strong>amb propietats antiinflamat\u00f2ries, d\u2019activaci\u00f3 de la circulaci\u00f3 sangu\u00ednia i antioxidant. I, en tercer lloc, l\u2019<strong>oleat de cal\u00e8ndula <\/strong>que \u00e9s antiinflamatori, antibacteri\u00e0, regenerador, cicatritzant i calmant.<\/p>\n\n\n\n<p>En la darrera part de la sessi\u00f3, la farmac\u00e8utica va abordar diferents <strong>aspectes pr\u00e0ctics <\/strong>sobre la <strong>formulaci\u00f3 amb olis essencials i vegetals<\/strong> i va concloure amb una part pr\u00e0ctica en la qual es van elaborar <strong>preparats recomanats per a diversos trastorns a petici\u00f3 del consell habitual a la farm\u00e0cia<\/strong>.<\/p>\n\n\n\n<p class=\"has-text-align-right\"><strong>Amb el patrocini de:<\/strong><\/p>\n\n\n\n<figure class=\"wp-block-image alignright size-large is-resized\"><a href=\"https:\/\/www.terpenic.com\/\" target=\"_blank\" rel=\"noreferrer noopener\"><img decoding=\"async\" width=\"1024\" height=\"131\" src=\"https:\/\/www.cofb.org\/wp-content\/uploads\/2025\/06\/TERPENIC_2025_transparent-1024x131.png\" alt=\"\" class=\"wp-image-81346\" style=\"width:297px;height:auto\" srcset=\"https:\/\/www.cofb.org\/wp-content\/uploads\/2025\/06\/TERPENIC_2025_transparent-1024x131.png 1024w, https:\/\/www.cofb.org\/wp-content\/uploads\/2025\/06\/TERPENIC_2025_transparent-300x38.png 300w, https:\/\/www.cofb.org\/wp-content\/uploads\/2025\/06\/TERPENIC_2025_transparent-768x98.png 768w, https:\/\/www.cofb.org\/wp-content\/uploads\/2025\/06\/TERPENIC_2025_transparent-1536x196.png 1536w, https:\/\/www.cofb.org\/wp-content\/uploads\/2025\/06\/TERPENIC_2025_transparent-2048x261.png 2048w, https:\/\/www.cofb.org\/wp-content\/uploads\/2025\/06\/TERPENIC_2025_transparent-18x2.png 18w\" sizes=\"(max-width: 1024px) 100vw, 1024px\" \/><\/a><\/figure>\n","protected":false},"excerpt":{"rendered":"<p>El passat 3 d\u2019abril, el Col\u00b7legi de Farmac\u00e8utics de Barcelona (COFB) va organitzar la formaci\u00f3 \u201cTaller de bones pr\u00e0ctiques en la recomanaci\u00f3 d\u2019olis essencials\u201d, amb el patrocini de Terpenic. La confer\u00e8ncia va anar a c\u00e0rrec de Paula Hern\u00e1ndez, farmac\u00e8utica especialitzada en olis essencials i responsable de formaci\u00f3 t\u00e8cnica de Terpenic, [&hellip;]<\/p>\n","protected":false},"author":3,"featured_media":81371,"comment_status":"closed","ping_status":"closed","sticky":false,"template":"","format":"standard","meta":{"_uag_custom_page_level_css":"","site-sidebar-layout":"default","site-content-layout":"","ast-site-content-layout":"default","site-content-style":"default","site-sidebar-style":"default","ast-global-header-display":"","ast-banner-title-visibility":"","ast-main-header-display":"","ast-hfb-above-header-display":"","ast-hfb-below-header-display":"","ast-hfb-mobile-header-display":"","site-post-title":"","ast-breadcrumbs-content":"","ast-featured-img":"disabled","footer-sml-layout":"","theme-transparent-header-meta":"","adv-header-id-meta":"","stick-header-meta":"","header-above-stick-meta":"","header-main-stick-meta":"","header-below-stick-meta":"","astra-migrate-meta-layouts":"set","ast-page-background-enabled":"default","ast-page-background-meta":{"desktop":{"background-color":"var(--ast-global-color-4)","background-image":"","background-repeat":"repeat","background-position":"center center","background-size":"auto","background-attachment":"scroll","background-type":"","background-media":"","overlay-type":"","overlay-color":"","overlay-opacity":"","overlay-gradient":""},"tablet":{"background-color":"","background-image":"","background-repeat":"repeat","background-position":"center center","background-size":"auto","background-attachment":"scroll","background-type":"","background-media":"","overlay-type":"","overlay-color":"","overlay-opacity":"","overlay-gradient":""},"mobile":{"background-color":"","background-image":"","background-repeat":"repeat","background-position":"center center","background-size":"auto","background-attachment":"scroll","background-type":"","background-media":"","overlay-type":"","overlay-color":"","overlay-opacity":"","overlay-gradient":""}},"ast-content-background-meta":{"desktop":{"background-color":"var(--ast-global-color-5)","background-image":"","background-repeat":"repeat","background-position":"center center","background-size":"auto","background-attachment":"scroll","background-type":"","background-media":"","overlay-type":"","overlay-color":"","overlay-opacity":"","overlay-gradient":""},"tablet":{"background-color":"var(--ast-global-color-5)","background-image":"","background-repeat":"repeat","background-position":"center center","background-size":"auto","background-attachment":"scroll","background-type":"","background-media":"","overlay-type":"","overlay-color":"","overlay-opacity":"","overlay-gradient":""},"mobile":{"background-color":"var(--ast-global-color-5)","background-image":"","background-repeat":"repeat","background-position":"center center","background-size":"auto","background-attachment":"scroll","background-type":"","background-media":"","overlay-type":"","overlay-color":"","overlay-opacity":"","overlay-gradient":""}},"footnotes":""},"categories":[23,57],"tags":[64,5371,5367,5368,5375,18,19,170,53,171,68,69,70,154,5377,5374,5376,76,5372,5370,177,5373,5369],"class_list":["post-81342","post","type-post","status-publish","format-standard","has-post-thumbnail","hentry","category-destacats","category-mon-collegial","tag-atencio-farmaceutica","tag-bases-vegetals","tag-bones-practiques","tag-bones-practiques-en-olis-essencials","tag-camamilla","tag-cofb","tag-collegi-de-farmaceutics-de-barcelona","tag-essencia","tag-farmaceutics","tag-farmaceutiques","tag-farmacia","tag-farmacia-comunitaria","tag-formacio","tag-formulacio","tag-formulacio-amb-olis-essencials-i-vegetals","tag-llimona","tag-menta","tag-oficina-de-farmacia","tag-oli-vegetal","tag-olis","tag-olis-essencials","tag-ravintsara","tag-recomanacio"],"yoast_head":"<!-- This site is optimized with the Yoast SEO plugin v22.4 - https:\/\/yoast.com\/wordpress\/plugins\/seo\/ -->\n<title>Farmac\u00e8utiques i farmac\u00e8utics s\u2019actualitzen en bones pr\u00e0ctiques en la recomanaci\u00f3 d\u2019olis essencials - Col\u00b7legi de Farmac\u00e8utics de Barcelona<\/title>\n<meta name=\"description\" content=\"El passat 3 d\u2019abril, el COFB va organitzar la formaci\u00f3 \u201cTaller de bones pr\u00e0ctiques en la recomanaci\u00f3 d\u2019olis essencials\u201d\" \/>\n<meta name=\"robots\" content=\"index, follow, max-snippet:-1, max-image-preview:large, max-video-preview:-1\" \/>\n<link rel=\"canonical\" href=\"https:\/\/www.cofb.org\/ca\/2025\/05\/19\/farmaceutiques-i-farmaceutics-sactualitzen-en-bones-practiques-en-la-recomanacio-dolis-essencials\/\" \/>\n<meta property=\"og:locale\" content=\"ca_ES\" \/>\n<meta property=\"og:type\" content=\"article\" \/>\n<meta property=\"og:title\" content=\"Farmac\u00e8utiques i farmac\u00e8utics s\u2019actualitzen en bones pr\u00e0ctiques en la recomanaci\u00f3 d\u2019olis essencials - Col\u00b7legi de Farmac\u00e8utics de Barcelona\" \/>\n<meta property=\"og:description\" content=\"El passat 3 d\u2019abril, el COFB va organitzar la formaci\u00f3 \u201cTaller de bones pr\u00e0ctiques en la recomanaci\u00f3 d\u2019olis essencials\u201d\" \/>\n<meta property=\"og:url\" content=\"https:\/\/www.cofb.org\/ca\/2025\/05\/19\/farmaceutiques-i-farmaceutics-sactualitzen-en-bones-practiques-en-la-recomanacio-dolis-essencials\/\" \/>\n<meta property=\"og:site_name\" content=\"Col\u00b7legi de Farmac\u00e8utics de Barcelona\" \/>\n<meta property=\"article:publisher\" content=\"https:\/\/www.facebook.com\/farmaceuticsbcn\/\" \/>\n<meta property=\"article:published_time\" content=\"2025-05-19T11:05:56+00:00\" \/>\n<meta property=\"article:modified_time\" content=\"2025-07-15T06:36:08+00:00\" \/>\n<meta property=\"og:image\" content=\"https:\/\/www.cofb.org\/wp-content\/uploads\/2025\/06\/COFB_OLIS-ESSENCIALS_05062025_1_edited-scaled.jpg\" \/>\n\t<meta property=\"og:image:width\" content=\"2560\" \/>\n\t<meta property=\"og:image:height\" content=\"1928\" \/>\n\t<meta property=\"og:image:type\" content=\"image\/jpeg\" \/>\n<meta name=\"author\" content=\"Berta Mart\u00ednez\" \/>\n<meta name=\"twitter:card\" content=\"summary_large_image\" \/>\n<meta name=\"twitter:creator\" content=\"@farmaceuticsbcn\" \/>\n<meta name=\"twitter:site\" content=\"@farmaceuticsbcn\" \/>\n<meta name=\"twitter:label1\" content=\"Escrit per\" \/>\n\t<meta name=\"twitter:data1\" content=\"Berta Mart\u00ednez\" \/>\n\t<meta name=\"twitter:label2\" content=\"Temps estimat de lectura\" \/>\n\t<meta name=\"twitter:data2\" content=\"4 minuts\" \/>\n<script type=\"application\/ld+json\" class=\"yoast-schema-graph\">{\"@context\":\"https:\/\/schema.org\",\"@graph\":[{\"@type\":\"Article\",\"@id\":\"https:\/\/www.cofb.org\/2025\/05\/19\/farmaceutiques-i-farmaceutics-sactualitzen-en-bones-practiques-en-la-recomanacio-dolis-essencials\/#article\",\"isPartOf\":{\"@id\":\"https:\/\/www.cofb.org\/2025\/05\/19\/farmaceutiques-i-farmaceutics-sactualitzen-en-bones-practiques-en-la-recomanacio-dolis-essencials\/\"},\"author\":{\"name\":\"Berta Mart\u00ednez\",\"@id\":\"https:\/\/www.cofb.org\/#\/schema\/person\/f32de3b41b812c85ff923cb4cc849063\"},\"headline\":\"Farmac\u00e8utiques i farmac\u00e8utics s\u2019actualitzen en bones pr\u00e0ctiques en la recomanaci\u00f3 d\u2019olis essencials\",\"datePublished\":\"2025-05-19T11:05:56+00:00\",\"dateModified\":\"2025-07-15T06:36:08+00:00\",\"mainEntityOfPage\":{\"@id\":\"https:\/\/www.cofb.org\/2025\/05\/19\/farmaceutiques-i-farmaceutics-sactualitzen-en-bones-practiques-en-la-recomanacio-dolis-essencials\/\"},\"wordCount\":643,\"publisher\":{\"@id\":\"https:\/\/www.cofb.org\/#organization\"},\"image\":{\"@id\":\"https:\/\/www.cofb.org\/2025\/05\/19\/farmaceutiques-i-farmaceutics-sactualitzen-en-bones-practiques-en-la-recomanacio-dolis-essencials\/#primaryimage\"},\"thumbnailUrl\":\"https:\/\/www.cofb.org\/wp-content\/uploads\/2025\/06\/COFB_OLIS-ESSENCIALS_05062025_1_edited-scaled.jpg\",\"keywords\":[\"Atenci\u00f3 farmac\u00e8utica\",\"bases vegetals\",\"bones pr\u00e0ctiques\",\"bones pr\u00e0ctiques en olis essencials\",\"camamilla\",\"COFB\",\"Col\u00b7legi de Farmac\u00e8utics de Barcelona\",\"ess\u00e8ncia\",\"farmac\u00e8utics\",\"farmac\u00e8utiques\",\"Farm\u00e0cia\",\"farm\u00e0cia comunit\u00e0ria\",\"Formaci\u00f3\",\"formulaci\u00f3\",\"formulaci\u00f3 amb olis essencials i vegetals\",\"llimona\",\"menta\",\"Oficina de farm\u00e0cia\",\"oli vegetal\",\"olis\",\"olis essencials\",\"ravintsara\",\"recomanaci\u00f3\"],\"articleSection\":[\"Destacats\",\"M\u00f3n col\u00b7legial\"],\"inLanguage\":\"ca\"},{\"@type\":\"WebPage\",\"@id\":\"https:\/\/www.cofb.org\/2025\/05\/19\/farmaceutiques-i-farmaceutics-sactualitzen-en-bones-practiques-en-la-recomanacio-dolis-essencials\/\",\"url\":\"https:\/\/www.cofb.org\/2025\/05\/19\/farmaceutiques-i-farmaceutics-sactualitzen-en-bones-practiques-en-la-recomanacio-dolis-essencials\/\",\"name\":\"Farmac\u00e8utiques i farmac\u00e8utics s\u2019actualitzen en bones pr\u00e0ctiques en la recomanaci\u00f3 d\u2019olis essencials - Col\u00b7legi de Farmac\u00e8utics de Barcelona\",\"isPartOf\":{\"@id\":\"https:\/\/www.cofb.org\/#website\"},\"primaryImageOfPage\":{\"@id\":\"https:\/\/www.cofb.org\/2025\/05\/19\/farmaceutiques-i-farmaceutics-sactualitzen-en-bones-practiques-en-la-recomanacio-dolis-essencials\/#primaryimage\"},\"image\":{\"@id\":\"https:\/\/www.cofb.org\/2025\/05\/19\/farmaceutiques-i-farmaceutics-sactualitzen-en-bones-practiques-en-la-recomanacio-dolis-essencials\/#primaryimage\"},\"thumbnailUrl\":\"https:\/\/www.cofb.org\/wp-content\/uploads\/2025\/06\/COFB_OLIS-ESSENCIALS_05062025_1_edited-scaled.jpg\",\"datePublished\":\"2025-05-19T11:05:56+00:00\",\"dateModified\":\"2025-07-15T06:36:08+00:00\",\"description\":\"El passat 3 d\u2019abril, el COFB va organitzar la formaci\u00f3 \u201cTaller de bones pr\u00e0ctiques en la recomanaci\u00f3 d\u2019olis essencials\u201d\",\"breadcrumb\":{\"@id\":\"https:\/\/www.cofb.org\/2025\/05\/19\/farmaceutiques-i-farmaceutics-sactualitzen-en-bones-practiques-en-la-recomanacio-dolis-essencials\/#breadcrumb\"},\"inLanguage\":\"ca\",\"potentialAction\":[{\"@type\":\"ReadAction\",\"target\":[\"https:\/\/www.cofb.org\/2025\/05\/19\/farmaceutiques-i-farmaceutics-sactualitzen-en-bones-practiques-en-la-recomanacio-dolis-essencials\/\"]}]},{\"@type\":\"ImageObject\",\"inLanguage\":\"ca\",\"@id\":\"https:\/\/www.cofb.org\/2025\/05\/19\/farmaceutiques-i-farmaceutics-sactualitzen-en-bones-practiques-en-la-recomanacio-dolis-essencials\/#primaryimage\",\"url\":\"https:\/\/www.cofb.org\/wp-content\/uploads\/2025\/06\/COFB_OLIS-ESSENCIALS_05062025_1_edited-scaled.jpg\",\"contentUrl\":\"https:\/\/www.cofb.org\/wp-content\/uploads\/2025\/06\/COFB_OLIS-ESSENCIALS_05062025_1_edited-scaled.jpg\",\"width\":2560,\"height\":1928,\"caption\":\"Paula Hern\u00e1ndez en un moment de la seva presentaci\u00f3.\"},{\"@type\":\"BreadcrumbList\",\"@id\":\"https:\/\/www.cofb.org\/2025\/05\/19\/farmaceutiques-i-farmaceutics-sactualitzen-en-bones-practiques-en-la-recomanacio-dolis-essencials\/#breadcrumb\",\"itemListElement\":[{\"@type\":\"ListItem\",\"position\":1,\"name\":\"Inici\",\"item\":\"https:\/\/novaorg.cofb.net\/\"},{\"@type\":\"ListItem\",\"position\":2,\"name\":\"Farmac\u00e8utiques i farmac\u00e8utics s\u2019actualitzen en bones pr\u00e0ctiques en la recomanaci\u00f3 d\u2019olis essencials\"}]},{\"@type\":\"WebSite\",\"@id\":\"https:\/\/www.cofb.org\/#website\",\"url\":\"https:\/\/www.cofb.org\/\",\"name\":\"Col\u00b7legi de Farmac\u00e8utics de Barcelona\",\"description\":\"\",\"publisher\":{\"@id\":\"https:\/\/www.cofb.org\/#organization\"},\"potentialAction\":[{\"@type\":\"SearchAction\",\"target\":{\"@type\":\"EntryPoint\",\"urlTemplate\":\"https:\/\/www.cofb.org\/?s={search_term_string}\"},\"query-input\":\"required name=search_term_string\"}],\"inLanguage\":\"ca\"},{\"@type\":\"Organization\",\"@id\":\"https:\/\/www.cofb.org\/#organization\",\"name\":\"Col\u00b7legi de Farmac\u00e8utics de Barcelona\",\"url\":\"https:\/\/www.cofb.org\/\",\"logo\":{\"@type\":\"ImageObject\",\"inLanguage\":\"ca\",\"@id\":\"https:\/\/www.cofb.org\/#\/schema\/logo\/image\/\",\"url\":\"https:\/\/www.cofb.org\/wp-content\/uploads\/2023\/11\/cropped-Logotip-COFB.png\",\"contentUrl\":\"https:\/\/www.cofb.org\/wp-content\/uploads\/2023\/11\/cropped-Logotip-COFB.png\",\"width\":500,\"height\":105,\"caption\":\"Col\u00b7legi de Farmac\u00e8utics de Barcelona\"},\"image\":{\"@id\":\"https:\/\/www.cofb.org\/#\/schema\/logo\/image\/\"},\"sameAs\":[\"https:\/\/www.facebook.com\/farmaceuticsbcn\/\",\"https:\/\/twitter.com\/farmaceuticsbcn\",\"https:\/\/www.instagram.com\/farmaceuticsbcn\/\",\"https:\/\/www.linkedin.com\/company\/farmaceuticsbcn\/\"]},{\"@type\":\"Person\",\"@id\":\"https:\/\/www.cofb.org\/#\/schema\/person\/f32de3b41b812c85ff923cb4cc849063\",\"name\":\"Berta Mart\u00ednez\",\"image\":{\"@type\":\"ImageObject\",\"inLanguage\":\"ca\",\"@id\":\"https:\/\/www.cofb.org\/#\/schema\/person\/image\/\",\"url\":\"https:\/\/secure.gravatar.com\/avatar\/d4c584dab5da1ee9e3c3df161c0aabec7075cc8211cd46ffc79bfe177aa78b01?s=96&d=mm&r=g\",\"contentUrl\":\"https:\/\/secure.gravatar.com\/avatar\/d4c584dab5da1ee9e3c3df161c0aabec7075cc8211cd46ffc79bfe177aa78b01?s=96&d=mm&r=g\",\"caption\":\"Berta Mart\u00ednez\"},\"url\":\"https:\/\/www.cofb.org\/ca\/author\/bmartinez\/\"}]}<\/script>\n<!-- \/ Yoast SEO plugin. -->","yoast_head_json":{"title":"Farmac\u00e8utiques i farmac\u00e8utics s\u2019actualitzen en bones pr\u00e0ctiques en la recomanaci\u00f3 d\u2019olis essencials - Col\u00b7legi de Farmac\u00e8utics de Barcelona","description":"El passat 3 d\u2019abril, el COFB va organitzar la formaci\u00f3 \u201cTaller de bones pr\u00e0ctiques en la recomanaci\u00f3 d\u2019olis essencials\u201d","robots":{"index":"index","follow":"follow","max-snippet":"max-snippet:-1","max-image-preview":"max-image-preview:large","max-video-preview":"max-video-preview:-1"},"canonical":"https:\/\/www.cofb.org\/ca\/2025\/05\/19\/farmaceutiques-i-farmaceutics-sactualitzen-en-bones-practiques-en-la-recomanacio-dolis-essencials\/","og_locale":"ca_ES","og_type":"article","og_title":"Farmac\u00e8utiques i farmac\u00e8utics s\u2019actualitzen en bones pr\u00e0ctiques en la recomanaci\u00f3 d\u2019olis essencials - Col\u00b7legi de Farmac\u00e8utics de Barcelona","og_description":"El passat 3 d\u2019abril, el COFB va organitzar la formaci\u00f3 \u201cTaller de bones pr\u00e0ctiques en la recomanaci\u00f3 d\u2019olis essencials\u201d","og_url":"https:\/\/www.cofb.org\/ca\/2025\/05\/19\/farmaceutiques-i-farmaceutics-sactualitzen-en-bones-practiques-en-la-recomanacio-dolis-essencials\/","og_site_name":"Col\u00b7legi de Farmac\u00e8utics de Barcelona","article_publisher":"https:\/\/www.facebook.com\/farmaceuticsbcn\/","article_published_time":"2025-05-19T11:05:56+00:00","article_modified_time":"2025-07-15T06:36:08+00:00","og_image":[{"width":2560,"height":1928,"url":"https:\/\/www.cofb.org\/wp-content\/uploads\/2025\/06\/COFB_OLIS-ESSENCIALS_05062025_1_edited-scaled.jpg","type":"image\/jpeg"}],"author":"Berta Mart\u00ednez","twitter_card":"summary_large_image","twitter_creator":"@farmaceuticsbcn","twitter_site":"@farmaceuticsbcn","twitter_misc":{"Escrit per":"Berta Mart\u00ednez","Temps estimat de lectura":"4 minuts"},"schema":{"@context":"https:\/\/schema.org","@graph":[{"@type":"Article","@id":"https:\/\/www.cofb.org\/2025\/05\/19\/farmaceutiques-i-farmaceutics-sactualitzen-en-bones-practiques-en-la-recomanacio-dolis-essencials\/#article","isPartOf":{"@id":"https:\/\/www.cofb.org\/2025\/05\/19\/farmaceutiques-i-farmaceutics-sactualitzen-en-bones-practiques-en-la-recomanacio-dolis-essencials\/"},"author":{"name":"Berta Mart\u00ednez","@id":"https:\/\/www.cofb.org\/#\/schema\/person\/f32de3b41b812c85ff923cb4cc849063"},"headline":"Farmac\u00e8utiques i farmac\u00e8utics s\u2019actualitzen en bones pr\u00e0ctiques en la recomanaci\u00f3 d\u2019olis essencials","datePublished":"2025-05-19T11:05:56+00:00","dateModified":"2025-07-15T06:36:08+00:00","mainEntityOfPage":{"@id":"https:\/\/www.cofb.org\/2025\/05\/19\/farmaceutiques-i-farmaceutics-sactualitzen-en-bones-practiques-en-la-recomanacio-dolis-essencials\/"},"wordCount":643,"publisher":{"@id":"https:\/\/www.cofb.org\/#organization"},"image":{"@id":"https:\/\/www.cofb.org\/2025\/05\/19\/farmaceutiques-i-farmaceutics-sactualitzen-en-bones-practiques-en-la-recomanacio-dolis-essencials\/#primaryimage"},"thumbnailUrl":"https:\/\/www.cofb.org\/wp-content\/uploads\/2025\/06\/COFB_OLIS-ESSENCIALS_05062025_1_edited-scaled.jpg","keywords":["Atenci\u00f3 farmac\u00e8utica","bases vegetals","bones pr\u00e0ctiques","bones pr\u00e0ctiques en olis essencials","camamilla","COFB","Col\u00b7legi de Farmac\u00e8utics de Barcelona","ess\u00e8ncia","farmac\u00e8utics","farmac\u00e8utiques","Farm\u00e0cia","farm\u00e0cia comunit\u00e0ria","Formaci\u00f3","formulaci\u00f3","formulaci\u00f3 amb olis essencials i vegetals","llimona","menta","Oficina de farm\u00e0cia","oli vegetal","olis","olis essencials","ravintsara","recomanaci\u00f3"],"articleSection":["Destacats","M\u00f3n col\u00b7legial"],"inLanguage":"ca"},{"@type":"WebPage","@id":"https:\/\/www.cofb.org\/2025\/05\/19\/farmaceutiques-i-farmaceutics-sactualitzen-en-bones-practiques-en-la-recomanacio-dolis-essencials\/","url":"https:\/\/www.cofb.org\/2025\/05\/19\/farmaceutiques-i-farmaceutics-sactualitzen-en-bones-practiques-en-la-recomanacio-dolis-essencials\/","name":"Farmac\u00e8utiques i farmac\u00e8utics s\u2019actualitzen en bones pr\u00e0ctiques en la recomanaci\u00f3 d\u2019olis essencials - Col\u00b7legi de Farmac\u00e8utics de Barcelona","isPartOf":{"@id":"https:\/\/www.cofb.org\/#website"},"primaryImageOfPage":{"@id":"https:\/\/www.cofb.org\/2025\/05\/19\/farmaceutiques-i-farmaceutics-sactualitzen-en-bones-practiques-en-la-recomanacio-dolis-essencials\/#primaryimage"},"image":{"@id":"https:\/\/www.cofb.org\/2025\/05\/19\/farmaceutiques-i-farmaceutics-sactualitzen-en-bones-practiques-en-la-recomanacio-dolis-essencials\/#primaryimage"},"thumbnailUrl":"https:\/\/www.cofb.org\/wp-content\/uploads\/2025\/06\/COFB_OLIS-ESSENCIALS_05062025_1_edited-scaled.jpg","datePublished":"2025-05-19T11:05:56+00:00","dateModified":"2025-07-15T06:36:08+00:00","description":"El passat 3 d\u2019abril, el COFB va organitzar la formaci\u00f3 \u201cTaller de bones pr\u00e0ctiques en la recomanaci\u00f3 d\u2019olis essencials\u201d","breadcrumb":{"@id":"https:\/\/www.cofb.org\/2025\/05\/19\/farmaceutiques-i-farmaceutics-sactualitzen-en-bones-practiques-en-la-recomanacio-dolis-essencials\/#breadcrumb"},"inLanguage":"ca","potentialAction":[{"@type":"ReadAction","target":["https:\/\/www.cofb.org\/2025\/05\/19\/farmaceutiques-i-farmaceutics-sactualitzen-en-bones-practiques-en-la-recomanacio-dolis-essencials\/"]}]},{"@type":"ImageObject","inLanguage":"ca","@id":"https:\/\/www.cofb.org\/2025\/05\/19\/farmaceutiques-i-farmaceutics-sactualitzen-en-bones-practiques-en-la-recomanacio-dolis-essencials\/#primaryimage","url":"https:\/\/www.cofb.org\/wp-content\/uploads\/2025\/06\/COFB_OLIS-ESSENCIALS_05062025_1_edited-scaled.jpg","contentUrl":"https:\/\/www.cofb.org\/wp-content\/uploads\/2025\/06\/COFB_OLIS-ESSENCIALS_05062025_1_edited-scaled.jpg","width":2560,"height":1928,"caption":"Paula Hern\u00e1ndez en un moment de la seva presentaci\u00f3."},{"@type":"BreadcrumbList","@id":"https:\/\/www.cofb.org\/2025\/05\/19\/farmaceutiques-i-farmaceutics-sactualitzen-en-bones-practiques-en-la-recomanacio-dolis-essencials\/#breadcrumb","itemListElement":[{"@type":"ListItem","position":1,"name":"Inici","item":"https:\/\/novaorg.cofb.net\/"},{"@type":"ListItem","position":2,"name":"Farmac\u00e8utiques i farmac\u00e8utics s\u2019actualitzen en bones pr\u00e0ctiques en la recomanaci\u00f3 d\u2019olis essencials"}]},{"@type":"WebSite","@id":"https:\/\/www.cofb.org\/#website","url":"https:\/\/www.cofb.org\/","name":"Col\u00b7legi de Farmac\u00e8utics de Barcelona","description":"","publisher":{"@id":"https:\/\/www.cofb.org\/#organization"},"potentialAction":[{"@type":"SearchAction","target":{"@type":"EntryPoint","urlTemplate":"https:\/\/www.cofb.org\/?s={search_term_string}"},"query-input":"required name=search_term_string"}],"inLanguage":"ca"},{"@type":"Organization","@id":"https:\/\/www.cofb.org\/#organization","name":"Col\u00b7legi de Farmac\u00e8utics de Barcelona","url":"https:\/\/www.cofb.org\/","logo":{"@type":"ImageObject","inLanguage":"ca","@id":"https:\/\/www.cofb.org\/#\/schema\/logo\/image\/","url":"https:\/\/www.cofb.org\/wp-content\/uploads\/2023\/11\/cropped-Logotip-COFB.png","contentUrl":"https:\/\/www.cofb.org\/wp-content\/uploads\/2023\/11\/cropped-Logotip-COFB.png","width":500,"height":105,"caption":"Col\u00b7legi de Farmac\u00e8utics de Barcelona"},"image":{"@id":"https:\/\/www.cofb.org\/#\/schema\/logo\/image\/"},"sameAs":["https:\/\/www.facebook.com\/farmaceuticsbcn\/","https:\/\/twitter.com\/farmaceuticsbcn","https:\/\/www.instagram.com\/farmaceuticsbcn\/","https:\/\/www.linkedin.com\/company\/farmaceuticsbcn\/"]},{"@type":"Person","@id":"https:\/\/www.cofb.org\/#\/schema\/person\/f32de3b41b812c85ff923cb4cc849063","name":"Berta Mart\u00ednez","image":{"@type":"ImageObject","inLanguage":"ca","@id":"https:\/\/www.cofb.org\/#\/schema\/person\/image\/","url":"https:\/\/secure.gravatar.com\/avatar\/d4c584dab5da1ee9e3c3df161c0aabec7075cc8211cd46ffc79bfe177aa78b01?s=96&d=mm&r=g","contentUrl":"https:\/\/secure.gravatar.com\/avatar\/d4c584dab5da1ee9e3c3df161c0aabec7075cc8211cd46ffc79bfe177aa78b01?s=96&d=mm&r=g","caption":"Berta Mart\u00ednez"},"url":"https:\/\/www.cofb.org\/ca\/author\/bmartinez\/"}]}},"uagb_featured_image_src":{"full":["https:\/\/www.cofb.org\/wp-content\/uploads\/2025\/06\/COFB_OLIS-ESSENCIALS_05062025_1_edited-scaled.jpg",2560,1928,false],"thumbnail":["https:\/\/www.cofb.org\/wp-content\/uploads\/2025\/06\/COFB_OLIS-ESSENCIALS_05062025_1_edited-150x150.jpg",150,150,true],"medium":["https:\/\/www.cofb.org\/wp-content\/uploads\/2025\/06\/COFB_OLIS-ESSENCIALS_05062025_1_edited-300x226.jpg",300,226,true],"medium_large":["https:\/\/www.cofb.org\/wp-content\/uploads\/2025\/06\/COFB_OLIS-ESSENCIALS_05062025_1_edited-768x578.jpg",768,578,true],"large":["https:\/\/www.cofb.org\/wp-content\/uploads\/2025\/06\/COFB_OLIS-ESSENCIALS_05062025_1_edited-1024x771.jpg",1024,771,true],"1536x1536":["https:\/\/www.cofb.org\/wp-content\/uploads\/2025\/06\/COFB_OLIS-ESSENCIALS_05062025_1_edited-1536x1157.jpg",1536,1157,true],"2048x2048":["https:\/\/www.cofb.org\/wp-content\/uploads\/2025\/06\/COFB_OLIS-ESSENCIALS_05062025_1_edited-2048x1542.jpg",2048,1542,true],"trp-custom-language-flag":["https:\/\/www.cofb.org\/wp-content\/uploads\/2025\/06\/COFB_OLIS-ESSENCIALS_05062025_1_edited-16x12.jpg",16,12,true]},"uagb_author_info":{"display_name":"Berta Mart\u00ednez","author_link":"https:\/\/www.cofb.org\/ca\/author\/bmartinez\/"},"uagb_comment_info":0,"uagb_excerpt":"El passat 3 d\u2019abril, el Col\u00b7legi de Farmac\u00e8utics de Barcelona (COFB) va organitzar la formaci\u00f3 \u201cTaller de bones pr\u00e0ctiques en la recomanaci\u00f3 d\u2019olis essencials\u201d, amb el patrocini de Terpenic. La confer\u00e8ncia va anar a c\u00e0rrec de Paula Hern\u00e1ndez, farmac\u00e8utica especialitzada en olis essencials i responsable de formaci\u00f3 t\u00e8cnica de Terpenic, [&hellip;]","_links":{"self":[{"href":"https:\/\/www.cofb.org\/ca\/wp-json\/wp\/v2\/posts\/81342","targetHints":{"allow":["GET"]}}],"collection":[{"href":"https:\/\/www.cofb.org\/ca\/wp-json\/wp\/v2\/posts"}],"about":[{"href":"https:\/\/www.cofb.org\/ca\/wp-json\/wp\/v2\/types\/post"}],"author":[{"embeddable":true,"href":"https:\/\/www.cofb.org\/ca\/wp-json\/wp\/v2\/users\/3"}],"replies":[{"embeddable":true,"href":"https:\/\/www.cofb.org\/ca\/wp-json\/wp\/v2\/comments?post=81342"}],"version-history":[{"count":7,"href":"https:\/\/www.cofb.org\/ca\/wp-json\/wp\/v2\/posts\/81342\/revisions"}],"predecessor-version":[{"id":81373,"href":"https:\/\/www.cofb.org\/ca\/wp-json\/wp\/v2\/posts\/81342\/revisions\/81373"}],"wp:featuredmedia":[{"embeddable":true,"href":"https:\/\/www.cofb.org\/ca\/wp-json\/wp\/v2\/media\/81371"}],"wp:attachment":[{"href":"https:\/\/www.cofb.org\/ca\/wp-json\/wp\/v2\/media?parent=81342"}],"wp:term":[{"taxonomy":"category","embeddable":true,"href":"https:\/\/www.cofb.org\/ca\/wp-json\/wp\/v2\/categories?post=81342"},{"taxonomy":"post_tag","embeddable":true,"href":"https:\/\/www.cofb.org\/ca\/wp-json\/wp\/v2\/tags?post=81342"}],"curies":[{"name":"wp","href":"https:\/\/api.w.org\/{rel}","templated":true}]}}