{"id":81311,"date":"2025-06-05T11:05:45","date_gmt":"2025-06-05T11:05:45","guid":{"rendered":"https:\/\/www.cofb.org\/?p=81311"},"modified":"2025-07-15T06:34:08","modified_gmt":"2025-07-15T06:34:08","slug":"junta-general-ordinaria-aprovada-per-unanimitat-la-liquidacio-del-pressupost-de-2024","status":"publish","type":"post","link":"https:\/\/www.cofb.org\/ca\/2025\/06\/05\/junta-general-ordinaria-aprovada-per-unanimitat-la-liquidacio-del-pressupost-de-2024\/","title":{"rendered":"Junta General Ordin\u00e0ria: Aprovada per unanimitat la liquidaci\u00f3 del pressupost de 2024"},"content":{"rendered":"\n<p>El passat dimecres 4 de juny es va celebrar la <strong>Junta General Ordin\u00e0ria (JGO)<\/strong> al <strong>Col\u00b7legi de Farmac\u00e8utics de Barcelona (COFB)<\/strong>, on es va aprovar per unanimitat la <strong>liquidaci\u00f3 del pressupost corresponent a l&#8217;any 2024 i l\u2019aplicaci\u00f3 del resultat<\/strong>. La sessi\u00f3 va anar a c\u00e0rrec del president del COFB, <strong>Jordi Casas<\/strong>; la secret\u00e0ria del Col\u00b7legi<strong>, Marta Gento<\/strong>; el tresorer, <strong>Miquel Recasens<\/strong>; i la vicepresidenta, <strong>N\u00faria Bosch<\/strong>.<\/p>\n\n\n\n<figure class=\"wp-block-image size-large\"><a href=\"https:\/\/www.cofb.org\/wp-content\/uploads\/2025\/06\/COFB_JGO_05062025_1-scaled.jpg\" target=\"_blank\" rel=\"noreferrer noopener\"><img fetchpriority=\"high\" decoding=\"async\" width=\"1024\" height=\"576\" src=\"https:\/\/www.cofb.org\/wp-content\/uploads\/2025\/06\/COFB_JGO_05062025_1-1024x576.jpg\" alt=\"D\u2019esquerra a dreta: Marta Gento, Jordi Casas i Miquel Recasens.\" class=\"wp-image-81314\" srcset=\"https:\/\/www.cofb.org\/wp-content\/uploads\/2025\/06\/COFB_JGO_05062025_1-1024x576.jpg 1024w, https:\/\/www.cofb.org\/wp-content\/uploads\/2025\/06\/COFB_JGO_05062025_1-300x169.jpg 300w, https:\/\/www.cofb.org\/wp-content\/uploads\/2025\/06\/COFB_JGO_05062025_1-768x432.jpg 768w, https:\/\/www.cofb.org\/wp-content\/uploads\/2025\/06\/COFB_JGO_05062025_1-1536x864.jpg 1536w, https:\/\/www.cofb.org\/wp-content\/uploads\/2025\/06\/COFB_JGO_05062025_1-2048x1152.jpg 2048w, https:\/\/www.cofb.org\/wp-content\/uploads\/2025\/06\/COFB_JGO_05062025_1-18x10.jpg 18w\" sizes=\"(max-width: 1024px) 100vw, 1024px\" \/><\/a><figcaption class=\"wp-element-caption\">D\u2019esquerra a dreta: Marta Gento, Jordi Casas i Miquel Recasens.<\/figcaption><\/figure>\n\n\n\n<h2 class=\"wp-block-heading\"><strong>Informe de Secretaria<\/strong><\/h2>\n\n\n\n<p>En primer lloc, va intervenir la secret\u00e0ria del COFB, <strong>Marta Gento<\/strong>, per presentar l\u2019<strong>Informe de Secretaria <\/strong>de l\u2019any <strong>2024 referent a la Mem\u00f2ria de Gesti\u00f3 de la Junta de Govern de 2024<\/strong>, que <strong>\u201c\u00e9s un reflex viu d\u2019un any intens, comprom\u00e8s i sobretot compartit. Un any, per tant, d\u2019impuls col\u00b7lectiu\u201d<\/strong>.<\/p>\n\n\n\n<p>Al llarg de l\u2019any, el Col\u00b7legi \u201cha impulsat <strong>iniciatives per fomentar l\u2019escolta activa i la participaci\u00f3 col\u00b7legial<\/strong>, s\u2019han establert <strong>noves aliances amb altres agents de salut<\/strong>, s\u2019han <strong>revisat i actualitzat nombrosos serveis col\u00b7legials<\/strong> i s\u2019ha <strong>refor\u00e7at el comprom\u00eds amb la sostenibilitat i la innovaci\u00f3<\/strong>\u201d, va explicar la secret\u00e0ria del COFB. El 2024, el Col\u00b7legi ha comptat amb un total de <strong>9.344 col\u00b7legiats\/des a la prov\u00edncia de Barcelona<\/strong>, dels quals un <strong>74% farmac\u00e8utiques<\/strong>, i amb pres\u00e8ncia de <strong>tots els \u00e0mbits de la professi\u00f3<\/strong>. \u201cEns uneix un denominador com\u00fa\u201d, va afirmar: <strong>\u201cSom professionals amb rigor, clau en la salut p\u00fablica, amb capacitat de resposta i adaptaci\u00f3, amb comprom\u00eds \u00e8tic i deontol\u00f2gic, i amb implicaci\u00f3 amb la sostenibilitat i la responsabilitat social\u201d.<\/strong><\/p>\n\n\n\n<p>En aquesta l\u00ednia, Gento va posar en valor l\u2019aposta de Col\u00b7legi per oferir una <strong>atenci\u00f3 personalitzada i un suport constant <\/strong>des de tots els departaments, amb l\u2019objectiu de garantir <strong>experi\u00e8ncia col\u00b7legial propera i eficient. <\/strong>En aquest sentit, va indicar que s\u2019ha treballat per ser m\u00e9s accessibles i resolutius. Aix\u00ed, durant l\u2019any, s\u2019han at\u00e8s m\u00e9s de <strong>214.000 consultes telef\u00f2niques<\/strong>, el <strong>30% resoltes pel Centre d\u2019Informaci\u00f3 del Medicament (CIM)<\/strong>, i des del <strong>Centre de Documentaci\u00f3<\/strong> s\u2019han gestionat <strong>700 sol\u00b7licituds d\u2019informaci\u00f3<\/strong> de tots els \u00e0mbits de la professi\u00f3. Tanmateix, va recalcar la \u201crigorosa tasca de <strong>la Comissi\u00f3 de Deontologia<\/strong>, ja que cada vegada <strong>m\u00e9s farmac\u00e8utics i farmac\u00e8utiques hi confien i hi recorren\u201d<\/strong>. Aix\u00ed doncs, s\u2019ha acompanyat als farmac\u00e8utics\/ques en gaireb\u00e9 <strong>150 processos de canvi de titularitat<\/strong>, donant <strong>resposta a la preocupaci\u00f3 creixent de receptes falses<\/strong>, que han incrementat un 70%. Per altra banda, la secretaria va subratllar que al llarg del 2024, s\u2019ha \u201capostat per la <strong>transformaci\u00f3 i la digitalitzaci\u00f3<\/strong>\u201d, creant eines \u2013 guia d\u2019autoinspecci\u00f3, portal de tr\u00e0mits, app COFB, certificat digital \u2013 que milloren l\u2019autonomia dels col\u00b7legiats.<\/p>\n\n\n\n<figure class=\"wp-block-image size-large\"><a href=\"https:\/\/www.cofb.org\/wp-content\/uploads\/2025\/06\/COFB_JGO_05062025_2-scaled.jpg\" target=\"_blank\" rel=\"noreferrer noopener\"><img decoding=\"async\" width=\"1024\" height=\"567\" src=\"https:\/\/www.cofb.org\/wp-content\/uploads\/2025\/06\/COFB_JGO_05062025_2-1024x567.jpg\" alt=\"\" class=\"wp-image-81315\" srcset=\"https:\/\/www.cofb.org\/wp-content\/uploads\/2025\/06\/COFB_JGO_05062025_2-1024x567.jpg 1024w, https:\/\/www.cofb.org\/wp-content\/uploads\/2025\/06\/COFB_JGO_05062025_2-300x166.jpg 300w, https:\/\/www.cofb.org\/wp-content\/uploads\/2025\/06\/COFB_JGO_05062025_2-768x426.jpg 768w, https:\/\/www.cofb.org\/wp-content\/uploads\/2025\/06\/COFB_JGO_05062025_2-1536x851.jpg 1536w, https:\/\/www.cofb.org\/wp-content\/uploads\/2025\/06\/COFB_JGO_05062025_2-2048x1135.jpg 2048w, https:\/\/www.cofb.org\/wp-content\/uploads\/2025\/06\/COFB_JGO_05062025_2-18x10.jpg 18w\" sizes=\"(max-width: 1024px) 100vw, 1024px\" \/><\/a><figcaption class=\"wp-element-caption\">La secretaria del COFB, Marta Gento, durant la seva presentaci\u00f3 de l\u2019Informe de Secretaria.\n<\/figcaption><\/figure>\n\n\n\n<p>Pel que fa a la <strong>formaci\u00f3<\/strong>, va assenyalar que <strong>\u201c\u00e9s<\/strong> <strong>una altra prioritat indiscutible\u201d<\/strong>, tot destacant que <strong>s\u2019ha augmentat un 30% els inscrits<\/strong> respecte a l\u2019any anterior; <strong>s\u2019han realitzat 230 activitats<\/strong> amb m\u00e9s de <strong>30.000 inscripcions<\/strong>, de les quals gaireb\u00e9 <strong>la meitat han estat gratu\u00eftes<\/strong>; i s\u2019ha apostat per <strong>nous formats<\/strong>, com el p\u00f2dcast i apropant les <strong>formacions al territori<\/strong>.<\/p>\n\n\n\n<p>En relaci\u00f3 amb els <strong>serveis per a la poblaci\u00f3<\/strong>, la secretaria del COFB va posar en relleu que des del Col\u00b7legi <strong>\u201ctreballem dia a dia per oferir nous serveis de salut des de tots els nivells assistencials, contribuint activament a la salut p\u00fablica i refor\u00e7ant la ra\u00f3 de ser de la nostra professi\u00f3\u201d<\/strong>. D\u2019aquesta manera, va ressaltar diferents projectes que durant l\u2019any 2024 han tingut un \u201cimpacte real i profund per a la millora de la qualitat de vida\u201d com la <strong>iniciativa \u201cLa meva regla, les meves regles\u201d<\/strong>, la participaci\u00f3 dels farmac\u00e8utics\/ques en la <strong>campanya de vacunaci\u00f3 de la grip i la COVID-19<\/strong> i el servei de <strong>Medicaci\u00f3 Hospital\u00e0ria de Dispensaci\u00f3 Ambulat\u00f2ria (MHDA)<\/strong>. A m\u00e9s, durant l\u2019any, \u201chem continuat potenciant els <strong>cribratges poblacionals<\/strong>, consolidant el de c\u00e0ncer de c\u00e8rvix; tamb\u00e9 <strong>hem augmentat un 14% els registres de la pressi\u00f3 arterial a Farmaserveis<\/strong>, gr\u00e0cies a la <a href=\"https:\/\/www.cofb.org\/ca\/2024\/05\/17\/manigues-amunt-per-fomentar-el-registre-assistencial-de-la-tensio-arterial-a-la-farmacia-comunitaria-a-traves-de-farmaserveis\/\" target=\"_blank\" rel=\"noreferrer noopener\">campanya M\u00e0nigues Amunt<\/a>; i hem continuat treballant en <strong>serveis per a la reducci\u00f3 de danys, la detecci\u00f3 de malalties i el bon \u00fas dels medicaments<\/strong>\u201d, va traslladar als col\u00b7legiats i col\u00b7legiades.<\/p>\n\n\n\n<p>En l\u2019\u00e0mbit <strong>institucional<\/strong>, Gento va exposar que durant l\u2019any <strong>\u201chem treballat amb tota l\u2019energia i comprom\u00eds per teixir complicitats, guanyar pres\u00e8ncia institucional i de sector i sumar forces amb altres claus del sistema sanitari\u201d<\/strong>.<\/p>\n\n\n\n<p>En<strong> comprom\u00eds social<\/strong>, va repassar diferents <strong>accions que \u201cdeixen empremta, connecten amb la nostra vocaci\u00f3 humana i que ens recorden que com a professionals farmac\u00e8utics tamb\u00e9 podem canviar alguna cosa\u201d. <\/strong>Entre aquestes iniciatives, va mencionar la <a href=\"https:\/\/www.cofb.org\/ca\/2024\/05\/02\/farmacies-de-barcelona-conscienciaran-sobre-la-importancia-del-bon-us-dels-inhaladors-i-el-seu-reciclatge-en-el-punt-sigre-per-reduir-la-petjada-de-carboni\/\" target=\"_blank\" rel=\"noreferrer noopener\">campanya \u201c<strong>Jo t\u2019ajudo a respirar, tu m\u2019ajudes a reciclar\u201d<\/strong><\/a>, la col\u00b7laboraci\u00f3 amb <strong>La Marat\u00f3 de 3Cat<\/strong> dedicada a les malalties respirat\u00f2ries, i la campanya amb el <strong>Banc de Sang i Teixits<\/strong>.<\/p>\n\n\n\n<p>Fent refer\u00e8ncia a l\u2019\u00e0mbit de la <strong>comunicaci\u00f3<\/strong>, \u201caquest any hem fet m\u00e9s visible que mai la feina del professional farmac\u00e8utic <strong>duplicant les aparicions als mitjans<\/strong>, <strong>innovant en xarxes<\/strong>, amb creativitats pr\u00f2pies i continguts col\u00b7legials i <strong>superant les 24.000 interaccions<\/strong> i amb <strong>m\u00e9s de 1.000 comunicats<\/strong> amb una <strong>obertura superior al 40%<\/strong>\u201d, va detallar. Alhora, va remarcar que s\u2019ha creat el <strong>pla de benvinguda pel nou col\u00b7legiat<\/strong>, a trav\u00e9s del qual s\u2019han acompanyat a m\u00e9s de <strong>100 nous farmac\u00e8utics<\/strong>.<\/p>\n\n\n\n<p>En la part final de la seva intervenci\u00f3, la secret\u00e0ria va comentar que l\u2019any 2024 des del Col\u00b7legi s\u2019ha donat <strong>suport als talents que marquen la difer\u00e8ncia en l&#8217;\u00e0mbit cient\u00edfic i professional<\/strong>, a trav\u00e9s de les <strong>beques i premis<\/strong>. I, finalment, que<a href=\"https:\/\/www.cofbserveis.net\/\" target=\"_blank\" rel=\"noreferrer noopener\"> <strong>COFBServeis<\/strong> <\/a>ha continuat creixent donant resposta a les necessitats reals dels farmac\u00e8utics i farmac\u00e8utiques. Aix\u00ed doncs, hi ha hagut <strong>una elevada participaci\u00f3 en els f\u00f2rums informatius<\/strong> i d\u2019acompanyament, s\u2019ha ampliat l\u2019assessorament de molts professionals farmac\u00e8utics de tots els \u00e0mbits i ja s\u00f3n <strong>2.000 farm\u00e0cies que hi confien<\/strong>. Finalment, va especificar que gr\u00e0cies a la bona gesti\u00f3 de COFBserveis, el 2024 <strong>l\u2019aportaci\u00f3 al COFB ha incrementat un 45%<\/strong>.<\/p>\n\n\n\n<figure class=\"wp-block-embed is-type-video is-provider-vimeo wp-block-embed-vimeo wp-embed-aspect-16-9 wp-has-aspect-ratio\"><div class=\"wp-block-embed__wrapper\">\n<div class=\"ast-oembed-container \" style=\"height: 100%;\"><iframe src=\"https:\/\/player.vimeo.com\/video\/1089783770?h=4872125ed9&amp;dnt=1&amp;app_id=122963\" width=\"500\" height=\"281\" frameborder=\"0\" allow=\"autoplay; fullscreen; picture-in-picture; clipboard-write; encrypted-media\"><\/iframe><\/div>\n<\/div><\/figure>\n\n\n\n<h2 class=\"wp-block-heading\"><strong>Informe de Tresoreria<\/strong><\/h2>\n\n\n\n<p>El tresorer del Col\u00b7legi, <strong>Miquel Recasens<\/strong>, va presentar l\u2019<strong>Informe de Tresoreria<\/strong> corresponent a <strong>l\u2019exercici de 2024<\/strong>. Va iniciar la seva exposici\u00f3 compartint la <strong>liquidaci\u00f3 del pressupost de l\u2019any 2024<\/strong>, que s\u2019ha tancat amb un <strong>resultat positiu<\/strong> de <strong>191,85 \u20ac<\/strong>.<\/p>\n\n\n\n<p>A continuaci\u00f3, va desglossar els ingressos i despeses en <strong>tres blocs del pressupost del COFB<\/strong>: <strong>institucional, facturaci\u00f3 i liquidaci\u00f3 de receptes i partides compensades<\/strong>.<\/p>\n\n\n\n<p>En el <strong>pressupost institucional<\/strong> va destacar <strong>que \u201cels ingressos per quotes s\u2019ajusten al pressupost\u201d<\/strong>. Tamb\u00e9 va remarcar que els <strong>ingressos d\u2019Infarma 2024 han estat m\u00e9s elevats del previst<\/strong>. Pel que fa a les partides de <strong>formaci\u00f3<\/strong>, Recasens va assenyalar que \u201cs\u2019est\u00e0 consolidant un increment d\u2019activitat molt notable, amb nous continguts i uns nivells de gratu\u00eftat molt elevats, en part gr\u00e0cies a la gesti\u00f3 de les subvencions de CONFORCAT\u201d. En relaci\u00f3 amb els ingressos dels <strong>projectes professionals<\/strong>, va concretar els corresponents a la iniciativa d\u2019Equitat Menstrual, la campanya per fomentar el reciclatge i el bon \u00fas dels inhaladors<a href=\"https:\/\/www.cofb.org\/ca\/2024\/05\/02\/farmacies-de-barcelona-conscienciaran-sobre-la-importancia-del-bon-us-dels-inhaladors-i-el-seu-reciclatge-en-el-punt-sigre-per-reduir-la-petjada-de-carboni\/\" target=\"_blank\" rel=\"noreferrer noopener\"> <\/a>i el Derma-Risc.<\/p>\n\n\n\n<figure class=\"wp-block-image size-large\"><a href=\"https:\/\/www.cofb.org\/wp-content\/uploads\/2025\/06\/COFB_JGO_05062025_3-scaled.jpg\" target=\"_blank\" rel=\"noreferrer noopener\"><img decoding=\"async\" width=\"1024\" height=\"564\" src=\"https:\/\/www.cofb.org\/wp-content\/uploads\/2025\/06\/COFB_JGO_05062025_3-1024x564.jpg\" alt=\"\" class=\"wp-image-81316\" srcset=\"https:\/\/www.cofb.org\/wp-content\/uploads\/2025\/06\/COFB_JGO_05062025_3-1024x564.jpg 1024w, https:\/\/www.cofb.org\/wp-content\/uploads\/2025\/06\/COFB_JGO_05062025_3-300x165.jpg 300w, https:\/\/www.cofb.org\/wp-content\/uploads\/2025\/06\/COFB_JGO_05062025_3-768x423.jpg 768w, https:\/\/www.cofb.org\/wp-content\/uploads\/2025\/06\/COFB_JGO_05062025_3-1536x847.jpg 1536w, https:\/\/www.cofb.org\/wp-content\/uploads\/2025\/06\/COFB_JGO_05062025_3-2048x1129.jpg 2048w, https:\/\/www.cofb.org\/wp-content\/uploads\/2025\/06\/COFB_JGO_05062025_3-18x10.jpg 18w\" sizes=\"(max-width: 1024px) 100vw, 1024px\" \/><\/a><figcaption class=\"wp-element-caption\">El tresorer del Col\u00b7legi, Miquel Recasens, en un moment de la seva intervenci\u00f3.<\/figcaption><\/figure>\n\n\n\n<p>Per altra banda, respecte a les <strong>despeses del pressupost institucional<\/strong>, va indicar que l\u2019impacte del certificat digital \u00e9s rellevant perqu\u00e8 s\u2019ofereix gratu\u00eftament, i que hi ha hagut intervencions no previstes a la seu col\u00b7legial. Alhora, va justificar l\u2019increment en les despeses administratives, a causa del manteniment de l\u2019equipament tecnol\u00f2gic; en comunicaci\u00f3, en campanyes no pressupostades; i institucionals, per una major activitat dels membres de la Junta i l\u2019equip del COFB. I, tanmateix, va repassar les despeses en personal, refor\u00e7os i substitucions, de Junta de Govern i les corresponents a formaci\u00f3 presencial i cursos d\u2019\u00c0gora, projectes professionals i cartera de serveis.<\/p>\n\n\n\n<p>En relaci\u00f3 amb el segon bloc del <strong>pressupost de facturaci\u00f3 i liquidaci\u00f3 de receptes<\/strong>, el tresorer del Col\u00b7legi va apuntar que <strong>\u201cla part m\u00e9s important de creixement d\u2019ingressos procedeix del 3% d\u2019increment de la gesti\u00f3 de facturaci\u00f3, que inclou increments de volum de receptes, del preu mitj\u00e0 de la recepta i del creixement natural del nombre de farm\u00e0cies\u201d<\/strong>. De la mateixa manera, pel que fa a l\u2019increment de la <strong>despesa<\/strong>, va assegurar que <strong>\u201crespon al 3% d\u2019increment de les receptes gestionades\u201d <\/strong>i va recordar que l\u2019any 2024 no es va incrementar el preu per recepta del servei de facturaci\u00f3 de receptes que es cobra als titulars.<\/p>\n\n\n\n<p>En el darrer bloc de <strong>partides compensades<\/strong>, el tresorer va comentar que \u201ces mant\u00e9 en la mateixa l\u00ednia que en exercicis anteriors\u201d.<\/p>\n\n\n\n<p>Finalment, Recasens va exposar que bona part de les <strong>inversions de 2024<\/strong> s\u2019han destinat a la reforma dels espais de m\u00e0rqueting i comunicaci\u00f3 i va argumentar que una part de la inversi\u00f3 prevista en cursos d\u2019\u00c0gora Sanit\u00e0ria s\u2019ha finan\u00e7at amb fons del CONFORCAT i s\u2019ha aplicat com a despesa de l\u2019exercici.<\/p>\n\n\n\n<h2 class=\"wp-block-heading\"><strong>Informe de Presid\u00e8ncia<\/strong><\/h2>\n\n\n\n<p>Seguidament, el president del Col\u00b7legi, <strong>Jordi Casas<\/strong>, va presentar l\u2019<strong>Informe de Presid\u00e8ncia<\/strong>, dividit en set grans blocs. En el primer bloc, Casas va fer un rep\u00e0s de tota l\u2019<strong>actualitat del COFB i la professi\u00f3 del primer semestre de 2025. <\/strong>Va comen\u00e7ar destacant la <a href=\"https:\/\/www.cofb.org\/ca\/2025\/06\/02\/el-cofb-i-comb-impulsen-la-campanya-un-tractament-correcte-comenca-amb-una-recepta-completa\/\" target=\"_blank\" rel=\"noreferrer noopener\"><strong>campanya \u201cUn TRACTAMENT CORRECTE comen\u00e7a amb una RECEPTA COMPLETA\u201d<\/strong><\/a>, impulsada el passat <strong>2 de juny<\/strong> juntament amb el <strong>CoMB<\/strong>, per insistir en els avantatges de la recepta electr\u00f2nica privada, com a garantia d\u2019una prescripci\u00f3 i una dispensaci\u00f3 de qualitat. En relaci\u00f3 amb la <strong>recepta electr\u00f2nica<\/strong>, el president va explicar que a mitjans de maig va haver-hi una intervenci\u00f3 del Departament de Salut per posar en marxa una <strong>nova plataforma tecnol\u00f2gica,<\/strong> que ha suposat un <strong>25% de millora en el temps de resposta del servei de recepta electr\u00f2nica.<\/strong><\/p>\n\n\n\n<p>D\u2019altra banda, va posar en relleu la continu\u00eftat de les <strong>trobades territorials \u201c+A prop\u201d<\/strong>, en les quals durant el primer semestre han reunit <strong>m\u00e9s de 160 assistents<\/strong> en set localitats: <strong>Vic, Gav\u00e0, Sant Celoni, Montcada i Reixac, Martorell, Barcelona i Piera<\/strong>. Casas va aprofitar per recordar que la pr\u00f2xima trobada tindr\u00e0 lloc el <strong>10 de juny<\/strong> a <strong>Gironella<\/strong>. Pel que fa a l\u2019<strong>activitat institucional<\/strong>, va remarcar que el sector es troba en un moment de canvis, especialment normatius, i que <strong>\u00e9s fonamental que el Col\u00b7legi mantingui una veu pr\u00f2pia<\/strong>. En aquest sentit, va detallar alguns esdeveniments en els quals s\u2019ha participat com el <strong>50\u00e8 aniversari d&#8217;ISDIN<\/strong>; l\u2019acte \u201c<strong>Viv\u00e8ncies i lli\u00e7ons apreses\u201d, amb motiu del cinqu\u00e8 aniversari de la COVID-19<\/strong>, amb el 131\u00e8 president de la Generalitat de Catalunya, Quim Torra, i la periodista M\u00f2nica Terribas; o la <strong>Jornada SEFAC 2025<\/strong>, entre altres. Alhora, el president del COFB va fer esment de la seva compareixen\u00e7a, com a president del Consell de Col\u00b7legis Farmac\u00e8utics de Catalunya (CCFC), davant la <strong>Comissi\u00f3 de Salut del Parlament de Catalunya,<\/strong> on va presentar <a href=\"https:\/\/www.cofb.org\/ca\/2025\/05\/29\/els-farmaceutics-catalans-defensen-una-nova-llei-dordenacio-i-atencio-farmaceutica-que-integri-la-farmacia-al-sistema-de-salut\/\" target=\"_blank\" rel=\"noreferrer noopener\">l\u2019<strong>informe \u201cIntervenci\u00f3 farmac\u00e8utica comunit\u00e0ria al sistema de salut i les perspectives de futur\u201d<\/strong><\/a><strong>.<\/strong><\/p>\n\n\n\n<figure class=\"wp-block-image size-large\"><a href=\"https:\/\/www.cofb.org\/wp-content\/uploads\/2025\/06\/COFB_JGO_05062025_4-1.jpg\" target=\"_blank\" rel=\"noreferrer noopener\"><img loading=\"lazy\" decoding=\"async\" width=\"1024\" height=\"576\" src=\"https:\/\/www.cofb.org\/wp-content\/uploads\/2025\/06\/COFB_JGO_05062025_4-1-1024x576.jpg\" alt=\"El president del COFB, Jordi Casas, presentant l\u2019Informe de Presid\u00e8ncia a la Junta General Ordin\u00e0ria.\" class=\"wp-image-81319\" srcset=\"https:\/\/www.cofb.org\/wp-content\/uploads\/2025\/06\/COFB_JGO_05062025_4-1-1024x576.jpg 1024w, https:\/\/www.cofb.org\/wp-content\/uploads\/2025\/06\/COFB_JGO_05062025_4-1-300x169.jpg 300w, https:\/\/www.cofb.org\/wp-content\/uploads\/2025\/06\/COFB_JGO_05062025_4-1-768x432.jpg 768w, https:\/\/www.cofb.org\/wp-content\/uploads\/2025\/06\/COFB_JGO_05062025_4-1-1536x864.jpg 1536w, https:\/\/www.cofb.org\/wp-content\/uploads\/2025\/06\/COFB_JGO_05062025_4-1-18x10.jpg 18w, https:\/\/www.cofb.org\/wp-content\/uploads\/2025\/06\/COFB_JGO_05062025_4-1.jpg 1600w\" sizes=\"(max-width: 1024px) 100vw, 1024px\" \/><\/a><figcaption class=\"wp-element-caption\">El president del COFB, Jordi Casas, presentant l\u2019Informe de Presid\u00e8ncia a la Junta General Ordin\u00e0ria.<\/figcaption><\/figure>\n\n\n\n<p>En relaci\u00f3 amb els <strong>medicaments veterinaris<\/strong>, el president va informar que el Col\u00b7legi continua treballant davant l\u2019augment de consultes i que s\u2019ha creat un grup de treball, el <strong>FarmaVet<\/strong>, un <strong>espai de veterin\u00e0ria a la BBS<\/strong> i s\u2019han organitzat diverses <strong>confer\u00e8ncies<\/strong> per resoldre dubtes. Tamb\u00e9 va recordar que aquest primer semestre de l\u2019any, s\u2019ha dif\u00f3s la <strong>3a temporada de \u201cConverses de farm\u00e0cia\u201d<\/strong>, on s\u2019ha donat veu a professionals de diferents \u00e0mbits d\u2019actuaci\u00f3 en <strong>dues converses<\/strong> entre <strong><a href=\"https:\/\/vimeo.com\/1056055252\" target=\"_blank\" rel=\"noreferrer noopener\">farm\u00e0cia hospital\u00e0ria i ind\u00fastria farmac\u00e8utica<\/a><\/strong> i <strong><a href=\"https:\/\/vimeo.com\/1063119857\" target=\"_blank\" rel=\"noreferrer noopener\">distribuci\u00f3 i an\u00e0lisi<\/a>.<\/strong><\/p>\n\n\n\n<p>Durant la seva intervenci\u00f3, el president del COFB va avan\u00e7ar que el 22 de setembre s\u2019iniciar\u00e0 una <strong>campanya al territori<\/strong>, concretament a 13 localitats de la prov\u00edncia de Barcelona, <strong>\u201cper donar a con\u00e8ixer tots els serveis que s\u2019ofereixen des de les farm\u00e0cies a trav\u00e9s de la plataforma Farmaserveis\u201d, aix\u00ed com l\u2019app \u201cLa Meva Farmacia\u201d.<\/strong><\/p>\n\n\n\n<p>Casas va concloure el bloc d\u2019actualitat assenyalant que s\u2019est\u00e0 treballant en <strong>protocols de conting\u00e8ncia<\/strong> per a la dispensaci\u00f3 de medicaments en situacions extremes, una demanda compartida per les administracions europees, espanyoles i catalanes.<\/p>\n\n\n\n<p>En el segon bloc, dedicat a l\u2019<strong>actualitat normativa<\/strong>, el president del COFB va fer refer\u00e8ncia a la publicaci\u00f3 al Diari Oficial de la Generalitat de Catalunya (DOGC) el Decret 15\/2025 de 28 de gener, pel qual es regulen les condicions i els requisits que han de complir les oficines de farm\u00e0cia de Catalunya per a la prestaci\u00f3 del servei de seguiment farmacoterap\u00e8utic amb <strong>sistemes personalitzats i dosificaci\u00f3 de medicaments (SPD)<\/strong>. Referent al Decret, va recalcar que el passat 18 de febrer es va dur a terme una sessi\u00f3 informativa per explicar l\u2019afectaci\u00f3 del Decret a les oficines de farm\u00e0cia, i que el 19 d\u2019agost finalitzar\u00e0 el termini d\u2019adaptaci\u00f3 del Decret. Aix\u00ed mateix, tamb\u00e9 va fer menci\u00f3 l\u2019actualitzaci\u00f3 de la <strong>Ley de los medicamentos y productos sanitarios i a la Llei d&#8217;Ordenaci\u00f3 i Atenci\u00f3 Farmac\u00e8utica de Catalunya<\/strong>.<\/p>\n\n\n\n<p>La vicepresidenta del COFB, <strong>N\u00faria Bosch<\/strong>, va intervenir tot seguit per abordar el tercer bloc, centrat en els <strong>projectes digitals<\/strong>. Per fer-ho, va ressaltar que el passat 27 de mar\u00e7, en el marc d\u2019Infarma Barcelona 2025, es va presentar <strong>l\u2019<a href=\"https:\/\/www.cofb.org\/ca\/2025\/03\/27\/es-presenta-a-infarma-la-meva-farmacia-la-nova-app-per-connectar-als-pacients-amb-la-farmacia\/\" target=\"_blank\" rel=\"noreferrer noopener\">app \u201cLa Meva Farm\u00e0cia\u201d<\/a><\/strong>, una aplicaci\u00f3 universal <strong>\u201cper a totes les farm\u00e0cies i accessible per a tota la poblaci\u00f3\u201d <\/strong>i que ja compta amb <strong>2.127 desc\u00e0rregues. <\/strong>D\u2019altra banda, va esmentar que s\u2019ha posat en marxa un <strong>servei de control de temperatura per a neveres de farm\u00e0cia.<\/strong><\/p>\n\n\n\n<p>En el quart bloc, dedicat als <strong>projectes assistencials<\/strong>, Bosch va centrar-se a explicar l\u2019evoluci\u00f3 del <strong>Programa Detecci\u00f3 Preco\u00e7 C\u00e0ncer de Coll Uter\u00ed<\/strong>, que el passat mes de gener es va desplegar a <strong>l\u2019Hospitalet de Llobregat<\/strong> i el programa ja compta amb un total de <strong>143 farm\u00e0cies participants<\/strong>. Sobre la <strong>iniciativa d\u2019equitat menstrual \u201cLa meva regla, les meves regles\u201d<\/strong>, va destacar que al llarg de l\u2019any 2025 s\u2019organitzaran cinc sessions formatives en drets sexuals i la pr\u00f2rroga del conveni. Tamb\u00e9 va esmentar la<a href=\"https:\/\/www.cofb.org\/ca\/2025\/05\/05\/les-farmacies-catalanes-impulsen-una-campanya-per-detectar-la-hipertensio-en-la-poblacio-principal-factor-de-risc-cardiovascular\/\" target=\"_blank\" rel=\"noreferrer noopener\"> <strong>campanya \u201cM\u00e0nigues amunt\u201d<\/strong><\/a>, que s\u2019ha dut a terme de l\u20191 de maig al 31 de maig per \u201cvisibilitzar el registre digital del seguiment de la tensi\u00f3 arterial\u201d, amb prop de <strong>3.800 mesures<\/strong> <strong>de tensi\u00f3 arterial<\/strong> a m\u00e9s de <strong>1.500 pacients de Catalunya<\/strong>. Finalment, va remarcar la participaci\u00f3 de <strong>2.291 farm\u00e0cies catalanes<\/strong>, que han fet un total d\u2019<strong>1.277.765 actuacions completes<\/strong>, en el marc de la <strong><a href=\"https:\/\/www.cofb.org\/ca\/2024\/10\/28\/les-farmacies-catalanes-inicien-la-seva-collaboracio-amb-salut-per-fomentar-la-vacunacio-de-la-grip-i-la-covid-19-entre-els-majors-de-60-anys\/\" target=\"_blank\" rel=\"noreferrer noopener\">campanya de vacunaci\u00f3 de la grip i la COVID-19<\/a><\/strong>. &nbsp;&nbsp;<\/p>\n\n\n\n<figure class=\"wp-block-image size-large\"><a href=\"https:\/\/www.cofb.org\/wp-content\/uploads\/2025\/06\/COFB_JGO_05062025_5-scaled.jpg\" target=\"_blank\" rel=\"noreferrer noopener\"><img loading=\"lazy\" decoding=\"async\" width=\"1024\" height=\"539\" src=\"https:\/\/www.cofb.org\/wp-content\/uploads\/2025\/06\/COFB_JGO_05062025_5-1024x539.jpg\" alt=\"La vicepresidenta del COFB, N\u00faria Bosch, en un moment de la seva exposici\u00f3. \" class=\"wp-image-81318\" srcset=\"https:\/\/www.cofb.org\/wp-content\/uploads\/2025\/06\/COFB_JGO_05062025_5-1024x539.jpg 1024w, https:\/\/www.cofb.org\/wp-content\/uploads\/2025\/06\/COFB_JGO_05062025_5-300x158.jpg 300w, https:\/\/www.cofb.org\/wp-content\/uploads\/2025\/06\/COFB_JGO_05062025_5-768x404.jpg 768w, https:\/\/www.cofb.org\/wp-content\/uploads\/2025\/06\/COFB_JGO_05062025_5-1536x809.jpg 1536w, https:\/\/www.cofb.org\/wp-content\/uploads\/2025\/06\/COFB_JGO_05062025_5-2048x1078.jpg 2048w, https:\/\/www.cofb.org\/wp-content\/uploads\/2025\/06\/COFB_JGO_05062025_5-18x9.jpg 18w\" sizes=\"(max-width: 1024px) 100vw, 1024px\" \/><\/a><figcaption class=\"wp-element-caption\">La vicepresidenta del COFB, N\u00faria Bosch, en un moment de la seva exposici\u00f3. <\/figcaption><\/figure>\n\n\n\n<p>En relaci\u00f3 amb la <strong>prestaci\u00f3 farmac\u00e8utica<\/strong>, corresponent al cinqu\u00e8 bloc, va assegurar que \u201ccontinuen els <strong>problemes de subministrament<\/strong>, que afecten en el dia a dia de la farm\u00e0cia\u201d i va citar algunes plataformes, com el CISMED, que permet comunicar aquestes faltes de medicaments. Sobre les <strong>substitucions excepcionals vigents<\/strong> que s\u2019acorden amb CatSalut, va indicar que s\u00f3n molt inferiors a les sol\u00b7licitades.<\/p>\n\n\n\n<p>Finalment, en el sis\u00e8 bloc, va informar de l\u2019<a href=\"https:\/\/www.cofb.org\/ca\/2025\/03\/27\/es-clausura-infarma-barcelona-2025-en-una-edicio-record-en-la-qual-shan-duplicat-el-nombre-de-congressistes\/\" target=\"_blank\" rel=\"noreferrer noopener\">\u00e8xit de participaci\u00f3 <\/a>de la <strong><a href=\"https:\/\/www.infarma.es\/\" target=\"_blank\" rel=\"noreferrer noopener\">35a edici\u00f3 d\u2019Infarma Barcelona 2025<\/a><\/strong>&nbsp;i, en el set\u00e8 bloc, dedicat de la <strong>comunicaci\u00f3<\/strong>, va fer esment a les <strong>repercussions m\u00e9s destacades als mitjans<\/strong> i la continu\u00eftat en la creaci\u00f3 de materials per a les <strong>xarxes socials<\/strong>, en relaci\u00f3 amb els <strong>Dies Mundial i els consells de salut<\/strong>.<\/p>\n\n\n\n<p><em>Cada any, el Col\u00b7legi duu a terme&nbsp;dues Juntes Generals&nbsp;relacionades amb el pressupost del COFB en les quals es presenta als col\u00b7legiats la&nbsp;liquidaci\u00f3 de l\u2019any anterior&nbsp;(Junta del mes de juny) i la&nbsp;proposta de pressupost per a l\u2019any seg\u00fcent&nbsp;(Junta del mes de desembre). L\u2019aprovaci\u00f3 dels pressupostos se sotmet a la&nbsp;votaci\u00f3 dels col\u00b7legiats&nbsp;que hi assisteixen.<\/em><\/p>\n","protected":false},"excerpt":{"rendered":"<p>El passat dimecres 4 de juny es va celebrar la Junta General Ordin\u00e0ria (JGO) al Col\u00b7legi de Farmac\u00e8utics de Barcelona (COFB), on es va aprovar per unanimitat la liquidaci\u00f3 del pressupost corresponent a l&#8217;any 2024 i l\u2019aplicaci\u00f3 del resultat. La sessi\u00f3 va anar a c\u00e0rrec del president del COFB, Jordi [&hellip;]<\/p>\n","protected":false},"author":3,"featured_media":81314,"comment_status":"closed","ping_status":"closed","sticky":false,"template":"","format":"standard","meta":{"_uag_custom_page_level_css":"","site-sidebar-layout":"default","site-content-layout":"","ast-site-content-layout":"default","site-content-style":"default","site-sidebar-style":"default","ast-global-header-display":"","ast-banner-title-visibility":"","ast-main-header-display":"","ast-hfb-above-header-display":"","ast-hfb-below-header-display":"","ast-hfb-mobile-header-display":"","site-post-title":"","ast-breadcrumbs-content":"","ast-featured-img":"disabled","footer-sml-layout":"","theme-transparent-header-meta":"","adv-header-id-meta":"","stick-header-meta":"","header-above-stick-meta":"","header-main-stick-meta":"","header-below-stick-meta":"","astra-migrate-meta-layouts":"set","ast-page-background-enabled":"default","ast-page-background-meta":{"desktop":{"background-color":"var(--ast-global-color-4)","background-image":"","background-repeat":"repeat","background-position":"center center","background-size":"auto","background-attachment":"scroll","background-type":"","background-media":"","overlay-type":"","overlay-color":"","overlay-opacity":"","overlay-gradient":""},"tablet":{"background-color":"","background-image":"","background-repeat":"repeat","background-position":"center center","background-size":"auto","background-attachment":"scroll","background-type":"","background-media":"","overlay-type":"","overlay-color":"","overlay-opacity":"","overlay-gradient":""},"mobile":{"background-color":"","background-image":"","background-repeat":"repeat","background-position":"center center","background-size":"auto","background-attachment":"scroll","background-type":"","background-media":"","overlay-type":"","overlay-color":"","overlay-opacity":"","overlay-gradient":""}},"ast-content-background-meta":{"desktop":{"background-color":"var(--ast-global-color-5)","background-image":"","background-repeat":"repeat","background-position":"center center","background-size":"auto","background-attachment":"scroll","background-type":"","background-media":"","overlay-type":"","overlay-color":"","overlay-opacity":"","overlay-gradient":""},"tablet":{"background-color":"var(--ast-global-color-5)","background-image":"","background-repeat":"repeat","background-position":"center center","background-size":"auto","background-attachment":"scroll","background-type":"","background-media":"","overlay-type":"","overlay-color":"","overlay-opacity":"","overlay-gradient":""},"mobile":{"background-color":"var(--ast-global-color-5)","background-image":"","background-repeat":"repeat","background-position":"center center","background-size":"auto","background-attachment":"scroll","background-type":"","background-media":"","overlay-type":"","overlay-color":"","overlay-opacity":"","overlay-gradient":""}},"footnotes":""},"categories":[23,57],"tags":[5365,18,19,416,420,776,5366,421],"class_list":["post-81311","post","type-post","status-publish","format-standard","has-post-thumbnail","hentry","category-destacats","category-mon-collegial","tag-aprovacio-liquidacio-del-pressupost-de-2024","tag-cofb","tag-collegi-de-farmaceutics-de-barcelona","tag-jgo","tag-junta-general-ordinaria","tag-liquidacio-pressupost","tag-liquidacio-pressupost-2024","tag-pressupostos"],"yoast_head":"<!-- This site is optimized with the Yoast SEO plugin v22.4 - https:\/\/yoast.com\/wordpress\/plugins\/seo\/ -->\n<title>Junta General Ordin\u00e0ria: Aprovada per unanimitat la liquidaci\u00f3 del pressupost de 2024 - Col\u00b7legi de Farmac\u00e8utics de Barcelona<\/title>\n<meta name=\"description\" content=\"El passat dimecres 4 de juny es va celebrar la JGO al COFB, on es va aprovar per unanimitat la liquidaci\u00f3 del pressupost de l&#039;any 2024\" \/>\n<meta name=\"robots\" content=\"index, follow, max-snippet:-1, max-image-preview:large, max-video-preview:-1\" \/>\n<link rel=\"canonical\" href=\"https:\/\/www.cofb.org\/ca\/2025\/06\/05\/junta-general-ordinaria-aprovada-per-unanimitat-la-liquidacio-del-pressupost-de-2024\/\" \/>\n<meta property=\"og:locale\" content=\"ca_ES\" \/>\n<meta property=\"og:type\" content=\"article\" \/>\n<meta property=\"og:title\" content=\"Junta General Ordin\u00e0ria: Aprovada per unanimitat la liquidaci\u00f3 del pressupost de 2024 - Col\u00b7legi de Farmac\u00e8utics de Barcelona\" \/>\n<meta property=\"og:description\" content=\"El passat dimecres 4 de juny es va celebrar la JGO al COFB, on es va aprovar per unanimitat la liquidaci\u00f3 del pressupost de l&#039;any 2024\" \/>\n<meta property=\"og:url\" content=\"https:\/\/www.cofb.org\/ca\/2025\/06\/05\/junta-general-ordinaria-aprovada-per-unanimitat-la-liquidacio-del-pressupost-de-2024\/\" \/>\n<meta property=\"og:site_name\" content=\"Col\u00b7legi de Farmac\u00e8utics de Barcelona\" \/>\n<meta property=\"article:publisher\" content=\"https:\/\/www.facebook.com\/farmaceuticsbcn\/\" \/>\n<meta property=\"article:published_time\" content=\"2025-06-05T11:05:45+00:00\" \/>\n<meta property=\"article:modified_time\" content=\"2025-07-15T06:34:08+00:00\" \/>\n<meta property=\"og:image\" content=\"https:\/\/www.cofb.org\/wp-content\/uploads\/2025\/06\/COFB_JGO_05062025_1-scaled.jpg\" \/>\n\t<meta property=\"og:image:width\" content=\"2560\" \/>\n\t<meta property=\"og:image:height\" content=\"1440\" \/>\n\t<meta property=\"og:image:type\" content=\"image\/jpeg\" \/>\n<meta name=\"author\" content=\"Berta Mart\u00ednez\" \/>\n<meta name=\"twitter:card\" content=\"summary_large_image\" \/>\n<meta name=\"twitter:creator\" content=\"@farmaceuticsbcn\" \/>\n<meta name=\"twitter:site\" content=\"@farmaceuticsbcn\" \/>\n<meta name=\"twitter:label1\" content=\"Escrit per\" \/>\n\t<meta name=\"twitter:data1\" content=\"Berta Mart\u00ednez\" \/>\n\t<meta name=\"twitter:label2\" content=\"Temps estimat de lectura\" \/>\n\t<meta name=\"twitter:data2\" content=\"15 minuts\" \/>\n<script type=\"application\/ld+json\" class=\"yoast-schema-graph\">{\"@context\":\"https:\/\/schema.org\",\"@graph\":[{\"@type\":\"Article\",\"@id\":\"https:\/\/www.cofb.org\/2025\/06\/05\/junta-general-ordinaria-aprovada-per-unanimitat-la-liquidacio-del-pressupost-de-2024\/#article\",\"isPartOf\":{\"@id\":\"https:\/\/www.cofb.org\/2025\/06\/05\/junta-general-ordinaria-aprovada-per-unanimitat-la-liquidacio-del-pressupost-de-2024\/\"},\"author\":{\"name\":\"Berta Mart\u00ednez\",\"@id\":\"https:\/\/www.cofb.org\/#\/schema\/person\/f32de3b41b812c85ff923cb4cc849063\"},\"headline\":\"Junta General Ordin\u00e0ria: Aprovada per unanimitat la liquidaci\u00f3 del pressupost de 2024\",\"datePublished\":\"2025-06-05T11:05:45+00:00\",\"dateModified\":\"2025-07-15T06:34:08+00:00\",\"mainEntityOfPage\":{\"@id\":\"https:\/\/www.cofb.org\/2025\/06\/05\/junta-general-ordinaria-aprovada-per-unanimitat-la-liquidacio-del-pressupost-de-2024\/\"},\"wordCount\":2755,\"publisher\":{\"@id\":\"https:\/\/www.cofb.org\/#organization\"},\"image\":{\"@id\":\"https:\/\/www.cofb.org\/2025\/06\/05\/junta-general-ordinaria-aprovada-per-unanimitat-la-liquidacio-del-pressupost-de-2024\/#primaryimage\"},\"thumbnailUrl\":\"https:\/\/www.cofb.org\/wp-content\/uploads\/2025\/06\/COFB_JGO_05062025_1-scaled.jpg\",\"keywords\":[\"aprovaci\u00f3 liquidaci\u00f3 del pressupost de 2024\",\"COFB\",\"Col\u00b7legi de Farmac\u00e8utics de Barcelona\",\"JGO\",\"Junta General Ordin\u00e0ria\",\"liquidaci\u00f3 pressupost\",\"liquidaci\u00f3 pressupost 2024\",\"pressupostos\"],\"articleSection\":[\"Destacats\",\"M\u00f3n col\u00b7legial\"],\"inLanguage\":\"ca\"},{\"@type\":\"WebPage\",\"@id\":\"https:\/\/www.cofb.org\/2025\/06\/05\/junta-general-ordinaria-aprovada-per-unanimitat-la-liquidacio-del-pressupost-de-2024\/\",\"url\":\"https:\/\/www.cofb.org\/2025\/06\/05\/junta-general-ordinaria-aprovada-per-unanimitat-la-liquidacio-del-pressupost-de-2024\/\",\"name\":\"Junta General Ordin\u00e0ria: Aprovada per unanimitat la liquidaci\u00f3 del pressupost de 2024 - Col\u00b7legi de Farmac\u00e8utics de Barcelona\",\"isPartOf\":{\"@id\":\"https:\/\/www.cofb.org\/#website\"},\"primaryImageOfPage\":{\"@id\":\"https:\/\/www.cofb.org\/2025\/06\/05\/junta-general-ordinaria-aprovada-per-unanimitat-la-liquidacio-del-pressupost-de-2024\/#primaryimage\"},\"image\":{\"@id\":\"https:\/\/www.cofb.org\/2025\/06\/05\/junta-general-ordinaria-aprovada-per-unanimitat-la-liquidacio-del-pressupost-de-2024\/#primaryimage\"},\"thumbnailUrl\":\"https:\/\/www.cofb.org\/wp-content\/uploads\/2025\/06\/COFB_JGO_05062025_1-scaled.jpg\",\"datePublished\":\"2025-06-05T11:05:45+00:00\",\"dateModified\":\"2025-07-15T06:34:08+00:00\",\"description\":\"El passat dimecres 4 de juny es va celebrar la JGO al COFB, on es va aprovar per unanimitat la liquidaci\u00f3 del pressupost de l'any 2024\",\"breadcrumb\":{\"@id\":\"https:\/\/www.cofb.org\/2025\/06\/05\/junta-general-ordinaria-aprovada-per-unanimitat-la-liquidacio-del-pressupost-de-2024\/#breadcrumb\"},\"inLanguage\":\"ca\",\"potentialAction\":[{\"@type\":\"ReadAction\",\"target\":[\"https:\/\/www.cofb.org\/2025\/06\/05\/junta-general-ordinaria-aprovada-per-unanimitat-la-liquidacio-del-pressupost-de-2024\/\"]}]},{\"@type\":\"ImageObject\",\"inLanguage\":\"ca\",\"@id\":\"https:\/\/www.cofb.org\/2025\/06\/05\/junta-general-ordinaria-aprovada-per-unanimitat-la-liquidacio-del-pressupost-de-2024\/#primaryimage\",\"url\":\"https:\/\/www.cofb.org\/wp-content\/uploads\/2025\/06\/COFB_JGO_05062025_1-scaled.jpg\",\"contentUrl\":\"https:\/\/www.cofb.org\/wp-content\/uploads\/2025\/06\/COFB_JGO_05062025_1-scaled.jpg\",\"width\":2560,\"height\":1440,\"caption\":\"D\u2019esquerra a dreta: Marta Gento, Jordi Casas i Miquel Recasens.\"},{\"@type\":\"BreadcrumbList\",\"@id\":\"https:\/\/www.cofb.org\/2025\/06\/05\/junta-general-ordinaria-aprovada-per-unanimitat-la-liquidacio-del-pressupost-de-2024\/#breadcrumb\",\"itemListElement\":[{\"@type\":\"ListItem\",\"position\":1,\"name\":\"Inici\",\"item\":\"https:\/\/novaorg.cofb.net\/\"},{\"@type\":\"ListItem\",\"position\":2,\"name\":\"Junta General Ordin\u00e0ria: Aprovada per unanimitat la liquidaci\u00f3 del pressupost de 2024\"}]},{\"@type\":\"WebSite\",\"@id\":\"https:\/\/www.cofb.org\/#website\",\"url\":\"https:\/\/www.cofb.org\/\",\"name\":\"Col\u00b7legi de Farmac\u00e8utics de Barcelona\",\"description\":\"\",\"publisher\":{\"@id\":\"https:\/\/www.cofb.org\/#organization\"},\"potentialAction\":[{\"@type\":\"SearchAction\",\"target\":{\"@type\":\"EntryPoint\",\"urlTemplate\":\"https:\/\/www.cofb.org\/?s={search_term_string}\"},\"query-input\":\"required name=search_term_string\"}],\"inLanguage\":\"ca\"},{\"@type\":\"Organization\",\"@id\":\"https:\/\/www.cofb.org\/#organization\",\"name\":\"Col\u00b7legi de Farmac\u00e8utics de Barcelona\",\"url\":\"https:\/\/www.cofb.org\/\",\"logo\":{\"@type\":\"ImageObject\",\"inLanguage\":\"ca\",\"@id\":\"https:\/\/www.cofb.org\/#\/schema\/logo\/image\/\",\"url\":\"https:\/\/www.cofb.org\/wp-content\/uploads\/2023\/11\/cropped-Logotip-COFB.png\",\"contentUrl\":\"https:\/\/www.cofb.org\/wp-content\/uploads\/2023\/11\/cropped-Logotip-COFB.png\",\"width\":500,\"height\":105,\"caption\":\"Col\u00b7legi de Farmac\u00e8utics de Barcelona\"},\"image\":{\"@id\":\"https:\/\/www.cofb.org\/#\/schema\/logo\/image\/\"},\"sameAs\":[\"https:\/\/www.facebook.com\/farmaceuticsbcn\/\",\"https:\/\/twitter.com\/farmaceuticsbcn\",\"https:\/\/www.instagram.com\/farmaceuticsbcn\/\",\"https:\/\/www.linkedin.com\/company\/farmaceuticsbcn\/\"]},{\"@type\":\"Person\",\"@id\":\"https:\/\/www.cofb.org\/#\/schema\/person\/f32de3b41b812c85ff923cb4cc849063\",\"name\":\"Berta Mart\u00ednez\",\"image\":{\"@type\":\"ImageObject\",\"inLanguage\":\"ca\",\"@id\":\"https:\/\/www.cofb.org\/#\/schema\/person\/image\/\",\"url\":\"https:\/\/secure.gravatar.com\/avatar\/d4c584dab5da1ee9e3c3df161c0aabec7075cc8211cd46ffc79bfe177aa78b01?s=96&d=mm&r=g\",\"contentUrl\":\"https:\/\/secure.gravatar.com\/avatar\/d4c584dab5da1ee9e3c3df161c0aabec7075cc8211cd46ffc79bfe177aa78b01?s=96&d=mm&r=g\",\"caption\":\"Berta Mart\u00ednez\"},\"url\":\"https:\/\/www.cofb.org\/ca\/author\/bmartinez\/\"}]}<\/script>\n<!-- \/ Yoast SEO plugin. -->","yoast_head_json":{"title":"Junta General Ordin\u00e0ria: Aprovada per unanimitat la liquidaci\u00f3 del pressupost de 2024 - Col\u00b7legi de Farmac\u00e8utics de Barcelona","description":"El passat dimecres 4 de juny es va celebrar la JGO al COFB, on es va aprovar per unanimitat la liquidaci\u00f3 del pressupost de l'any 2024","robots":{"index":"index","follow":"follow","max-snippet":"max-snippet:-1","max-image-preview":"max-image-preview:large","max-video-preview":"max-video-preview:-1"},"canonical":"https:\/\/www.cofb.org\/ca\/2025\/06\/05\/junta-general-ordinaria-aprovada-per-unanimitat-la-liquidacio-del-pressupost-de-2024\/","og_locale":"ca_ES","og_type":"article","og_title":"Junta General Ordin\u00e0ria: Aprovada per unanimitat la liquidaci\u00f3 del pressupost de 2024 - Col\u00b7legi de Farmac\u00e8utics de Barcelona","og_description":"El passat dimecres 4 de juny es va celebrar la JGO al COFB, on es va aprovar per unanimitat la liquidaci\u00f3 del pressupost de l'any 2024","og_url":"https:\/\/www.cofb.org\/ca\/2025\/06\/05\/junta-general-ordinaria-aprovada-per-unanimitat-la-liquidacio-del-pressupost-de-2024\/","og_site_name":"Col\u00b7legi de Farmac\u00e8utics de Barcelona","article_publisher":"https:\/\/www.facebook.com\/farmaceuticsbcn\/","article_published_time":"2025-06-05T11:05:45+00:00","article_modified_time":"2025-07-15T06:34:08+00:00","og_image":[{"width":2560,"height":1440,"url":"https:\/\/www.cofb.org\/wp-content\/uploads\/2025\/06\/COFB_JGO_05062025_1-scaled.jpg","type":"image\/jpeg"}],"author":"Berta Mart\u00ednez","twitter_card":"summary_large_image","twitter_creator":"@farmaceuticsbcn","twitter_site":"@farmaceuticsbcn","twitter_misc":{"Escrit per":"Berta Mart\u00ednez","Temps estimat de lectura":"15 minuts"},"schema":{"@context":"https:\/\/schema.org","@graph":[{"@type":"Article","@id":"https:\/\/www.cofb.org\/2025\/06\/05\/junta-general-ordinaria-aprovada-per-unanimitat-la-liquidacio-del-pressupost-de-2024\/#article","isPartOf":{"@id":"https:\/\/www.cofb.org\/2025\/06\/05\/junta-general-ordinaria-aprovada-per-unanimitat-la-liquidacio-del-pressupost-de-2024\/"},"author":{"name":"Berta Mart\u00ednez","@id":"https:\/\/www.cofb.org\/#\/schema\/person\/f32de3b41b812c85ff923cb4cc849063"},"headline":"Junta General Ordin\u00e0ria: Aprovada per unanimitat la liquidaci\u00f3 del pressupost de 2024","datePublished":"2025-06-05T11:05:45+00:00","dateModified":"2025-07-15T06:34:08+00:00","mainEntityOfPage":{"@id":"https:\/\/www.cofb.org\/2025\/06\/05\/junta-general-ordinaria-aprovada-per-unanimitat-la-liquidacio-del-pressupost-de-2024\/"},"wordCount":2755,"publisher":{"@id":"https:\/\/www.cofb.org\/#organization"},"image":{"@id":"https:\/\/www.cofb.org\/2025\/06\/05\/junta-general-ordinaria-aprovada-per-unanimitat-la-liquidacio-del-pressupost-de-2024\/#primaryimage"},"thumbnailUrl":"https:\/\/www.cofb.org\/wp-content\/uploads\/2025\/06\/COFB_JGO_05062025_1-scaled.jpg","keywords":["aprovaci\u00f3 liquidaci\u00f3 del pressupost de 2024","COFB","Col\u00b7legi de Farmac\u00e8utics de Barcelona","JGO","Junta General Ordin\u00e0ria","liquidaci\u00f3 pressupost","liquidaci\u00f3 pressupost 2024","pressupostos"],"articleSection":["Destacats","M\u00f3n col\u00b7legial"],"inLanguage":"ca"},{"@type":"WebPage","@id":"https:\/\/www.cofb.org\/2025\/06\/05\/junta-general-ordinaria-aprovada-per-unanimitat-la-liquidacio-del-pressupost-de-2024\/","url":"https:\/\/www.cofb.org\/2025\/06\/05\/junta-general-ordinaria-aprovada-per-unanimitat-la-liquidacio-del-pressupost-de-2024\/","name":"Junta General Ordin\u00e0ria: Aprovada per unanimitat la liquidaci\u00f3 del pressupost de 2024 - Col\u00b7legi de Farmac\u00e8utics de Barcelona","isPartOf":{"@id":"https:\/\/www.cofb.org\/#website"},"primaryImageOfPage":{"@id":"https:\/\/www.cofb.org\/2025\/06\/05\/junta-general-ordinaria-aprovada-per-unanimitat-la-liquidacio-del-pressupost-de-2024\/#primaryimage"},"image":{"@id":"https:\/\/www.cofb.org\/2025\/06\/05\/junta-general-ordinaria-aprovada-per-unanimitat-la-liquidacio-del-pressupost-de-2024\/#primaryimage"},"thumbnailUrl":"https:\/\/www.cofb.org\/wp-content\/uploads\/2025\/06\/COFB_JGO_05062025_1-scaled.jpg","datePublished":"2025-06-05T11:05:45+00:00","dateModified":"2025-07-15T06:34:08+00:00","description":"El passat dimecres 4 de juny es va celebrar la JGO al COFB, on es va aprovar per unanimitat la liquidaci\u00f3 del pressupost de l'any 2024","breadcrumb":{"@id":"https:\/\/www.cofb.org\/2025\/06\/05\/junta-general-ordinaria-aprovada-per-unanimitat-la-liquidacio-del-pressupost-de-2024\/#breadcrumb"},"inLanguage":"ca","potentialAction":[{"@type":"ReadAction","target":["https:\/\/www.cofb.org\/2025\/06\/05\/junta-general-ordinaria-aprovada-per-unanimitat-la-liquidacio-del-pressupost-de-2024\/"]}]},{"@type":"ImageObject","inLanguage":"ca","@id":"https:\/\/www.cofb.org\/2025\/06\/05\/junta-general-ordinaria-aprovada-per-unanimitat-la-liquidacio-del-pressupost-de-2024\/#primaryimage","url":"https:\/\/www.cofb.org\/wp-content\/uploads\/2025\/06\/COFB_JGO_05062025_1-scaled.jpg","contentUrl":"https:\/\/www.cofb.org\/wp-content\/uploads\/2025\/06\/COFB_JGO_05062025_1-scaled.jpg","width":2560,"height":1440,"caption":"D\u2019esquerra a dreta: Marta Gento, Jordi Casas i Miquel Recasens."},{"@type":"BreadcrumbList","@id":"https:\/\/www.cofb.org\/2025\/06\/05\/junta-general-ordinaria-aprovada-per-unanimitat-la-liquidacio-del-pressupost-de-2024\/#breadcrumb","itemListElement":[{"@type":"ListItem","position":1,"name":"Inici","item":"https:\/\/novaorg.cofb.net\/"},{"@type":"ListItem","position":2,"name":"Junta General Ordin\u00e0ria: Aprovada per unanimitat la liquidaci\u00f3 del pressupost de 2024"}]},{"@type":"WebSite","@id":"https:\/\/www.cofb.org\/#website","url":"https:\/\/www.cofb.org\/","name":"Col\u00b7legi de Farmac\u00e8utics de Barcelona","description":"","publisher":{"@id":"https:\/\/www.cofb.org\/#organization"},"potentialAction":[{"@type":"SearchAction","target":{"@type":"EntryPoint","urlTemplate":"https:\/\/www.cofb.org\/?s={search_term_string}"},"query-input":"required name=search_term_string"}],"inLanguage":"ca"},{"@type":"Organization","@id":"https:\/\/www.cofb.org\/#organization","name":"Col\u00b7legi de Farmac\u00e8utics de Barcelona","url":"https:\/\/www.cofb.org\/","logo":{"@type":"ImageObject","inLanguage":"ca","@id":"https:\/\/www.cofb.org\/#\/schema\/logo\/image\/","url":"https:\/\/www.cofb.org\/wp-content\/uploads\/2023\/11\/cropped-Logotip-COFB.png","contentUrl":"https:\/\/www.cofb.org\/wp-content\/uploads\/2023\/11\/cropped-Logotip-COFB.png","width":500,"height":105,"caption":"Col\u00b7legi de Farmac\u00e8utics de Barcelona"},"image":{"@id":"https:\/\/www.cofb.org\/#\/schema\/logo\/image\/"},"sameAs":["https:\/\/www.facebook.com\/farmaceuticsbcn\/","https:\/\/twitter.com\/farmaceuticsbcn","https:\/\/www.instagram.com\/farmaceuticsbcn\/","https:\/\/www.linkedin.com\/company\/farmaceuticsbcn\/"]},{"@type":"Person","@id":"https:\/\/www.cofb.org\/#\/schema\/person\/f32de3b41b812c85ff923cb4cc849063","name":"Berta Mart\u00ednez","image":{"@type":"ImageObject","inLanguage":"ca","@id":"https:\/\/www.cofb.org\/#\/schema\/person\/image\/","url":"https:\/\/secure.gravatar.com\/avatar\/d4c584dab5da1ee9e3c3df161c0aabec7075cc8211cd46ffc79bfe177aa78b01?s=96&d=mm&r=g","contentUrl":"https:\/\/secure.gravatar.com\/avatar\/d4c584dab5da1ee9e3c3df161c0aabec7075cc8211cd46ffc79bfe177aa78b01?s=96&d=mm&r=g","caption":"Berta Mart\u00ednez"},"url":"https:\/\/www.cofb.org\/ca\/author\/bmartinez\/"}]}},"uagb_featured_image_src":{"full":["https:\/\/www.cofb.org\/wp-content\/uploads\/2025\/06\/COFB_JGO_05062025_1-scaled.jpg",2560,1440,false],"thumbnail":["https:\/\/www.cofb.org\/wp-content\/uploads\/2025\/06\/COFB_JGO_05062025_1-150x150.jpg",150,150,true],"medium":["https:\/\/www.cofb.org\/wp-content\/uploads\/2025\/06\/COFB_JGO_05062025_1-300x169.jpg",300,169,true],"medium_large":["https:\/\/www.cofb.org\/wp-content\/uploads\/2025\/06\/COFB_JGO_05062025_1-768x432.jpg",768,432,true],"large":["https:\/\/www.cofb.org\/wp-content\/uploads\/2025\/06\/COFB_JGO_05062025_1-1024x576.jpg",1024,576,true],"1536x1536":["https:\/\/www.cofb.org\/wp-content\/uploads\/2025\/06\/COFB_JGO_05062025_1-1536x864.jpg",1536,864,true],"2048x2048":["https:\/\/www.cofb.org\/wp-content\/uploads\/2025\/06\/COFB_JGO_05062025_1-2048x1152.jpg",2048,1152,true],"trp-custom-language-flag":["https:\/\/www.cofb.org\/wp-content\/uploads\/2025\/06\/COFB_JGO_05062025_1-18x10.jpg",18,10,true]},"uagb_author_info":{"display_name":"Berta Mart\u00ednez","author_link":"https:\/\/www.cofb.org\/ca\/author\/bmartinez\/"},"uagb_comment_info":0,"uagb_excerpt":"El passat dimecres 4 de juny es va celebrar la Junta General Ordin\u00e0ria (JGO) al Col\u00b7legi de Farmac\u00e8utics de Barcelona (COFB), on es va aprovar per unanimitat la liquidaci\u00f3 del pressupost corresponent a l&#8217;any 2024 i l\u2019aplicaci\u00f3 del resultat. La sessi\u00f3 va anar a c\u00e0rrec del president del COFB, Jordi [&hellip;]","_links":{"self":[{"href":"https:\/\/www.cofb.org\/ca\/wp-json\/wp\/v2\/posts\/81311","targetHints":{"allow":["GET"]}}],"collection":[{"href":"https:\/\/www.cofb.org\/ca\/wp-json\/wp\/v2\/posts"}],"about":[{"href":"https:\/\/www.cofb.org\/ca\/wp-json\/wp\/v2\/types\/post"}],"author":[{"embeddable":true,"href":"https:\/\/www.cofb.org\/ca\/wp-json\/wp\/v2\/users\/3"}],"replies":[{"embeddable":true,"href":"https:\/\/www.cofb.org\/ca\/wp-json\/wp\/v2\/comments?post=81311"}],"version-history":[{"count":18,"href":"https:\/\/www.cofb.org\/ca\/wp-json\/wp\/v2\/posts\/81311\/revisions"}],"predecessor-version":[{"id":81341,"href":"https:\/\/www.cofb.org\/ca\/wp-json\/wp\/v2\/posts\/81311\/revisions\/81341"}],"wp:featuredmedia":[{"embeddable":true,"href":"https:\/\/www.cofb.org\/ca\/wp-json\/wp\/v2\/media\/81314"}],"wp:attachment":[{"href":"https:\/\/www.cofb.org\/ca\/wp-json\/wp\/v2\/media?parent=81311"}],"wp:term":[{"taxonomy":"category","embeddable":true,"href":"https:\/\/www.cofb.org\/ca\/wp-json\/wp\/v2\/categories?post=81311"},{"taxonomy":"post_tag","embeddable":true,"href":"https:\/\/www.cofb.org\/ca\/wp-json\/wp\/v2\/tags?post=81311"}],"curies":[{"name":"wp","href":"https:\/\/api.w.org\/{rel}","templated":true}]}}