{"id":81296,"date":"2025-06-02T11:12:06","date_gmt":"2025-06-02T11:12:06","guid":{"rendered":"https:\/\/www.cofb.org\/?p=81296"},"modified":"2025-07-15T06:34:41","modified_gmt":"2025-07-15T06:34:41","slug":"el-cofb-i-comb-impulsen-la-campanya-un-tractament-correcte-comenca-amb-una-recepta-completa","status":"publish","type":"post","link":"https:\/\/www.cofb.org\/ca\/2025\/06\/02\/el-cofb-i-comb-impulsen-la-campanya-un-tractament-correcte-comenca-amb-una-recepta-completa\/","title":{"rendered":"El COFB i el CoMB impulsen la campanya \u201cUn TRACTAMENT CORRECTE comen\u00e7a amb una RECEPTA COMPLETA\u201d"},"content":{"rendered":"\n<p>El <strong>Col\u00b7legi de Farmac\u00e8utics de Barcelona (COFB) <\/strong>i el <strong>Col\u00b7legi de Metges de Barcelona (CoMB)<\/strong> han posat en marxa la <strong>campanya informativa \u201cUn TRACTAMENT CORRECTE comen\u00e7a amb una RECEPTA COMPLETA\u201d <\/strong>que insisteix en els <strong>avantatges de la recepta electr\u00f2nica privada<\/strong>, com a garantia d\u2019una prescripci\u00f3 i una dispensaci\u00f3 de qualitat. La campanya s\u2019adre\u00e7a a <strong>metges, farmac\u00e8utics i ciutadans <\/strong>i inclou <strong>fulletons <\/strong>i <strong>cartells informatius disponibles a les oficines de farm\u00e0cia<\/strong>.<\/p>\n\n\n\n<figure class=\"wp-block-video\"><video autoplay controls poster=\"https:\/\/www.cofb.org\/wp-content\/uploads\/2025\/06\/COFB_RECEPTA-ELECTRONICA-PRIVADA_03062025.png\" preload=\"auto\" src=\"https:\/\/www.cofb.org\/wp-content\/uploads\/2025\/06\/Twitter-Facebook-Recepta-electronica-privada.mp4\"><\/video><\/figure>\n\n\n\n<h2 class=\"wp-block-heading\"><strong>Quins s\u00f3n els avantatges de la recepta electr\u00f2nica privada?<\/strong><\/h2>\n\n\n\n<p>L\u2019\u00fas de la<strong> recepta electr\u00f2nica privada (REP)<\/strong> suposa deixar enrere les prescripcions en paper, sovint escrites a m\u00e0, que poden generar problemes, com ara errors de lectura i d\u2019interpretaci\u00f3 o risc de falsificacions. Permet detectar duplicitats i integrar de manera autom\u00e0tica una informaci\u00f3 tan rellevant com s\u00f3n els tractaments a la hist\u00f2ria cl\u00ednica del pacient.<\/p>\n\n\n\n<p><strong>Principals avantatges:<\/strong><\/p>\n\n\n\n<ul class=\"wp-block-list\">\n<li><strong>Comoditat<\/strong>: per al pacient i per al professional. La REP est\u00e0 disponible permanentment a l\u2019abast de tots els col\u00b7legiats del COMB, i de forma gratu\u00efta.<\/li>\n\n\n\n<li><strong>Seguretat cl\u00ednica:<\/strong> evita errors de lectura, informa d\u2019alertes i detecta interaccions i duplicitats. Ofereix informaci\u00f3 precisa per al pacient i registra la medicaci\u00f3 a la seva hist\u00f2ria cl\u00ednica.<\/li>\n\n\n\n<li><strong>Seguretat jur\u00eddica<\/strong>: protegeix les dades i la confidencialitat.<\/li>\n\n\n\n<li><strong>Tra\u00e7abilitat<\/strong>: evita falsificacions, ja que es pot controlar tot el proc\u00e9s a trav\u00e9s del n\u00famero identificatiu de la recepta.<\/li>\n\n\n\n<li><strong>Adher\u00e8ncia <\/strong>al tractament.<\/li>\n\n\n\n<li><strong>Sostenibilitat<\/strong>: evita o redueix l\u2019\u00fas de paper i tinta.<\/li>\n\n\n\n<li>Canal de <strong>comunicaci\u00f3 <\/strong>amb el pacient i entre els professionals.<\/li>\n<\/ul>\n\n\n\n<h3 class=\"wp-block-heading\"><strong>Recorda que NO tenen validesa<\/strong><\/h3>\n\n\n\n<ul class=\"wp-block-list\">\n<li>Les receptes escanejades i enviades per correu\/whatsapp.<\/li>\n\n\n\n<li>Els missatges rebuts a trav\u00e9s del m\u00f2bil (whatsapp o similar) per part del metge prescriptor.<\/li>\n\n\n\n<li>Les fotoc\u00f2pies de receptes en paper.<\/li>\n<\/ul>\n\n\n\n<h3 class=\"wp-block-heading\"><strong>Beneficis d\u2019una recepta electr\u00f2nica privada<\/strong><\/h3>\n\n\n\n<ul class=\"wp-block-list\">\n<li>Una recepta ben emplenada, et protegeix.<\/li>\n\n\n\n<li>Seguretat del tractament, evitant falsificacions i mals usos.<\/li>\n\n\n\n<li>Disponible a tot arreu i en tot moment!<\/li>\n<\/ul>\n\n\n\n<h6 class=\"wp-block-heading\">RD 1718\/2010, de 17 de desembre, sobre recepta m\u00e8dica i ordres de dispensaci\u00f3<br><a href=\"https:\/\/www.boe.es\/eli\/es\/rd\/2010\/12\/17\/1718\/con\" target=\"_blank\" rel=\"noreferrer noopener\"><strong>https:\/\/www.boe.es\/eli\/es\/rd\/2010\/12\/17\/1718\/con<\/strong><\/a><\/h6>\n\n\n\n<figure class=\"wp-block-image size-full\"><img fetchpriority=\"high\" decoding=\"async\" width=\"600\" height=\"95\" src=\"https:\/\/www.cofb.org\/wp-content\/uploads\/2025\/06\/CoMB-COFB.jpg\" alt=\"\" class=\"wp-image-81305\" srcset=\"https:\/\/www.cofb.org\/wp-content\/uploads\/2025\/06\/CoMB-COFB.jpg 600w, https:\/\/www.cofb.org\/wp-content\/uploads\/2025\/06\/CoMB-COFB-300x48.jpg 300w, https:\/\/www.cofb.org\/wp-content\/uploads\/2025\/06\/CoMB-COFB-18x3.jpg 18w\" sizes=\"(max-width: 600px) 100vw, 600px\" \/><\/figure>\n","protected":false},"excerpt":{"rendered":"<p>El Col\u00b7legi de Farmac\u00e8utics de Barcelona (COFB) i el Col\u00b7legi de Metges de Barcelona (CoMB) han posat en marxa la campanya informativa \u201cUn TRACTAMENT CORRECTE comen\u00e7a amb una RECEPTA COMPLETA\u201d que insisteix en els avantatges de la recepta electr\u00f2nica privada, com a garantia d\u2019una prescripci\u00f3 i una dispensaci\u00f3 de qualitat. [&hellip;]<\/p>\n","protected":false},"author":3,"featured_media":81302,"comment_status":"closed","ping_status":"closed","sticky":false,"template":"","format":"standard","meta":{"_uag_custom_page_level_css":"","site-sidebar-layout":"default","site-content-layout":"","ast-site-content-layout":"default","site-content-style":"default","site-sidebar-style":"default","ast-global-header-display":"","ast-banner-title-visibility":"","ast-main-header-display":"","ast-hfb-above-header-display":"","ast-hfb-below-header-display":"","ast-hfb-mobile-header-display":"","site-post-title":"","ast-breadcrumbs-content":"","ast-featured-img":"disabled","footer-sml-layout":"","theme-transparent-header-meta":"","adv-header-id-meta":"","stick-header-meta":"","header-above-stick-meta":"","header-main-stick-meta":"","header-below-stick-meta":"","astra-migrate-meta-layouts":"set","ast-page-background-enabled":"default","ast-page-background-meta":{"desktop":{"background-color":"var(--ast-global-color-4)","background-image":"","background-repeat":"repeat","background-position":"center center","background-size":"auto","background-attachment":"scroll","background-type":"","background-media":"","overlay-type":"","overlay-color":"","overlay-opacity":"","overlay-gradient":""},"tablet":{"background-color":"","background-image":"","background-repeat":"repeat","background-position":"center center","background-size":"auto","background-attachment":"scroll","background-type":"","background-media":"","overlay-type":"","overlay-color":"","overlay-opacity":"","overlay-gradient":""},"mobile":{"background-color":"","background-image":"","background-repeat":"repeat","background-position":"center center","background-size":"auto","background-attachment":"scroll","background-type":"","background-media":"","overlay-type":"","overlay-color":"","overlay-opacity":"","overlay-gradient":""}},"ast-content-background-meta":{"desktop":{"background-color":"var(--ast-global-color-5)","background-image":"","background-repeat":"repeat","background-position":"center center","background-size":"auto","background-attachment":"scroll","background-type":"","background-media":"","overlay-type":"","overlay-color":"","overlay-opacity":"","overlay-gradient":""},"tablet":{"background-color":"var(--ast-global-color-5)","background-image":"","background-repeat":"repeat","background-position":"center center","background-size":"auto","background-attachment":"scroll","background-type":"","background-media":"","overlay-type":"","overlay-color":"","overlay-opacity":"","overlay-gradient":""},"mobile":{"background-color":"var(--ast-global-color-5)","background-image":"","background-repeat":"repeat","background-position":"center center","background-size":"auto","background-attachment":"scroll","background-type":"","background-media":"","overlay-type":"","overlay-color":"","overlay-opacity":"","overlay-gradient":""}},"footnotes":""},"categories":[23,57],"tags":[884,5359,18,19,4223,5358,5357,53,68,69,3491,76,4155,5362,5360,2116,835,5361,5363],"class_list":["post-81296","post","type-post","status-publish","format-standard","has-post-thumbnail","hentry","category-destacats","category-mon-collegial","tag-campanya","tag-campanya-informativa","tag-cofb","tag-collegi-de-farmaceutics-de-barcelona","tag-collegi-de-metges-de-barcelona","tag-collegi-de-metges-de-barcelona-comb","tag-comb","tag-farmaceutics","tag-farmacia","tag-farmacia-comunitaria","tag-metges","tag-oficina-de-farmacia","tag-prescripcio","tag-prescripcions","tag-recepta-completa","tag-recepta-electronica","tag-recepta-electronica-privada","tag-recepta-electronica-privada-rep","tag-rep"],"yoast_head":"<!-- This site is optimized with the Yoast SEO plugin v22.4 - https:\/\/yoast.com\/wordpress\/plugins\/seo\/ -->\n<title>El COFB i el CoMB impulsen la campanya \u201cUn TRACTAMENT CORRECTE comen\u00e7a amb una RECEPTA COMPLETA\u201d - Col\u00b7legi de Farmac\u00e8utics de Barcelona<\/title>\n<meta name=\"description\" content=\"El COFB i el CoMB han posat en marxa la campanya informativa \u201cUn TRACTAMENT CORRECTE comen\u00e7a amb una RECEPTA COMPLETA\u201d\" \/>\n<meta name=\"robots\" content=\"index, follow, max-snippet:-1, max-image-preview:large, max-video-preview:-1\" \/>\n<link rel=\"canonical\" href=\"https:\/\/www.cofb.org\/ca\/2025\/06\/02\/el-cofb-i-comb-impulsen-la-campanya-un-tractament-correcte-comenca-amb-una-recepta-completa\/\" \/>\n<meta property=\"og:locale\" content=\"ca_ES\" \/>\n<meta property=\"og:type\" content=\"article\" \/>\n<meta property=\"og:title\" content=\"El COFB i el CoMB impulsen la campanya \u201cUn TRACTAMENT CORRECTE comen\u00e7a amb una RECEPTA COMPLETA\u201d - Col\u00b7legi de Farmac\u00e8utics de Barcelona\" \/>\n<meta property=\"og:description\" content=\"El COFB i el CoMB han posat en marxa la campanya informativa \u201cUn TRACTAMENT CORRECTE comen\u00e7a amb una RECEPTA COMPLETA\u201d\" \/>\n<meta property=\"og:url\" content=\"https:\/\/www.cofb.org\/ca\/2025\/06\/02\/el-cofb-i-comb-impulsen-la-campanya-un-tractament-correcte-comenca-amb-una-recepta-completa\/\" \/>\n<meta property=\"og:site_name\" content=\"Col\u00b7legi de Farmac\u00e8utics de Barcelona\" \/>\n<meta property=\"article:publisher\" content=\"https:\/\/www.facebook.com\/farmaceuticsbcn\/\" \/>\n<meta property=\"article:published_time\" content=\"2025-06-02T11:12:06+00:00\" \/>\n<meta property=\"article:modified_time\" content=\"2025-07-15T06:34:41+00:00\" \/>\n<meta property=\"og:image\" content=\"https:\/\/www.cofb.org\/wp-content\/uploads\/2025\/06\/COFB_RECEPTA-ELECTRONICA-PRIVADA_03062025.png\" \/>\n\t<meta property=\"og:image:width\" content=\"1920\" \/>\n\t<meta property=\"og:image:height\" content=\"900\" \/>\n\t<meta property=\"og:image:type\" content=\"image\/png\" \/>\n<meta name=\"author\" content=\"Berta Mart\u00ednez\" \/>\n<meta name=\"twitter:card\" content=\"summary_large_image\" \/>\n<meta name=\"twitter:creator\" content=\"@farmaceuticsbcn\" \/>\n<meta name=\"twitter:site\" content=\"@farmaceuticsbcn\" \/>\n<meta name=\"twitter:label1\" content=\"Escrit per\" \/>\n\t<meta name=\"twitter:data1\" content=\"Berta Mart\u00ednez\" \/>\n\t<meta name=\"twitter:label2\" content=\"Temps estimat de lectura\" \/>\n\t<meta name=\"twitter:data2\" content=\"3 minuts\" \/>\n<script type=\"application\/ld+json\" class=\"yoast-schema-graph\">{\"@context\":\"https:\/\/schema.org\",\"@graph\":[{\"@type\":\"Article\",\"@id\":\"https:\/\/www.cofb.org\/2025\/06\/02\/el-cofb-i-comb-impulsen-la-campanya-un-tractament-correcte-comenca-amb-una-recepta-completa\/#article\",\"isPartOf\":{\"@id\":\"https:\/\/www.cofb.org\/2025\/06\/02\/el-cofb-i-comb-impulsen-la-campanya-un-tractament-correcte-comenca-amb-una-recepta-completa\/\"},\"author\":{\"name\":\"Berta Mart\u00ednez\",\"@id\":\"https:\/\/www.cofb.org\/#\/schema\/person\/f32de3b41b812c85ff923cb4cc849063\"},\"headline\":\"El COFB i el CoMB impulsen la campanya \u201cUn TRACTAMENT CORRECTE comen\u00e7a amb una RECEPTA COMPLETA\u201d\",\"datePublished\":\"2025-06-02T11:12:06+00:00\",\"dateModified\":\"2025-07-15T06:34:41+00:00\",\"mainEntityOfPage\":{\"@id\":\"https:\/\/www.cofb.org\/2025\/06\/02\/el-cofb-i-comb-impulsen-la-campanya-un-tractament-correcte-comenca-amb-una-recepta-completa\/\"},\"wordCount\":374,\"publisher\":{\"@id\":\"https:\/\/www.cofb.org\/#organization\"},\"image\":{\"@id\":\"https:\/\/www.cofb.org\/2025\/06\/02\/el-cofb-i-comb-impulsen-la-campanya-un-tractament-correcte-comenca-amb-una-recepta-completa\/#primaryimage\"},\"thumbnailUrl\":\"https:\/\/www.cofb.org\/wp-content\/uploads\/2025\/06\/COFB_RECEPTA-ELECTRONICA-PRIVADA_03062025.png\",\"keywords\":[\"campanya\",\"campanya informativa\",\"COFB\",\"Col\u00b7legi de Farmac\u00e8utics de Barcelona\",\"Col\u00b7legi de Metges de Barcelona\",\"Col\u00b7legi de Metges de Barcelona (CoMB)\",\"COMB\",\"farmac\u00e8utics\",\"Farm\u00e0cia\",\"farm\u00e0cia comunit\u00e0ria\",\"metges\",\"Oficina de farm\u00e0cia\",\"prescripci\u00f3\",\"prescripcions\",\"recepta completa\",\"recepta electr\u00f2nica\",\"recepta electr\u00f2nica privada\",\"recepta electr\u00f2nica privada (REP)\",\"REP\"],\"articleSection\":[\"Destacats\",\"M\u00f3n col\u00b7legial\"],\"inLanguage\":\"ca\"},{\"@type\":\"WebPage\",\"@id\":\"https:\/\/www.cofb.org\/2025\/06\/02\/el-cofb-i-comb-impulsen-la-campanya-un-tractament-correcte-comenca-amb-una-recepta-completa\/\",\"url\":\"https:\/\/www.cofb.org\/2025\/06\/02\/el-cofb-i-comb-impulsen-la-campanya-un-tractament-correcte-comenca-amb-una-recepta-completa\/\",\"name\":\"El COFB i el CoMB impulsen la campanya \u201cUn TRACTAMENT CORRECTE comen\u00e7a amb una RECEPTA COMPLETA\u201d - Col\u00b7legi de Farmac\u00e8utics de Barcelona\",\"isPartOf\":{\"@id\":\"https:\/\/www.cofb.org\/#website\"},\"primaryImageOfPage\":{\"@id\":\"https:\/\/www.cofb.org\/2025\/06\/02\/el-cofb-i-comb-impulsen-la-campanya-un-tractament-correcte-comenca-amb-una-recepta-completa\/#primaryimage\"},\"image\":{\"@id\":\"https:\/\/www.cofb.org\/2025\/06\/02\/el-cofb-i-comb-impulsen-la-campanya-un-tractament-correcte-comenca-amb-una-recepta-completa\/#primaryimage\"},\"thumbnailUrl\":\"https:\/\/www.cofb.org\/wp-content\/uploads\/2025\/06\/COFB_RECEPTA-ELECTRONICA-PRIVADA_03062025.png\",\"datePublished\":\"2025-06-02T11:12:06+00:00\",\"dateModified\":\"2025-07-15T06:34:41+00:00\",\"description\":\"El COFB i el CoMB han posat en marxa la campanya informativa \u201cUn TRACTAMENT CORRECTE comen\u00e7a amb una RECEPTA COMPLETA\u201d\",\"breadcrumb\":{\"@id\":\"https:\/\/www.cofb.org\/2025\/06\/02\/el-cofb-i-comb-impulsen-la-campanya-un-tractament-correcte-comenca-amb-una-recepta-completa\/#breadcrumb\"},\"inLanguage\":\"ca\",\"potentialAction\":[{\"@type\":\"ReadAction\",\"target\":[\"https:\/\/www.cofb.org\/2025\/06\/02\/el-cofb-i-comb-impulsen-la-campanya-un-tractament-correcte-comenca-amb-una-recepta-completa\/\"]}]},{\"@type\":\"ImageObject\",\"inLanguage\":\"ca\",\"@id\":\"https:\/\/www.cofb.org\/2025\/06\/02\/el-cofb-i-comb-impulsen-la-campanya-un-tractament-correcte-comenca-amb-una-recepta-completa\/#primaryimage\",\"url\":\"https:\/\/www.cofb.org\/wp-content\/uploads\/2025\/06\/COFB_RECEPTA-ELECTRONICA-PRIVADA_03062025.png\",\"contentUrl\":\"https:\/\/www.cofb.org\/wp-content\/uploads\/2025\/06\/COFB_RECEPTA-ELECTRONICA-PRIVADA_03062025.png\",\"width\":1920,\"height\":900},{\"@type\":\"BreadcrumbList\",\"@id\":\"https:\/\/www.cofb.org\/2025\/06\/02\/el-cofb-i-comb-impulsen-la-campanya-un-tractament-correcte-comenca-amb-una-recepta-completa\/#breadcrumb\",\"itemListElement\":[{\"@type\":\"ListItem\",\"position\":1,\"name\":\"Inici\",\"item\":\"https:\/\/novaorg.cofb.net\/\"},{\"@type\":\"ListItem\",\"position\":2,\"name\":\"El COFB i el CoMB impulsen la campanya \u201cUn TRACTAMENT CORRECTE comen\u00e7a amb una RECEPTA COMPLETA\u201d\"}]},{\"@type\":\"WebSite\",\"@id\":\"https:\/\/www.cofb.org\/#website\",\"url\":\"https:\/\/www.cofb.org\/\",\"name\":\"Col\u00b7legi de Farmac\u00e8utics de Barcelona\",\"description\":\"\",\"publisher\":{\"@id\":\"https:\/\/www.cofb.org\/#organization\"},\"potentialAction\":[{\"@type\":\"SearchAction\",\"target\":{\"@type\":\"EntryPoint\",\"urlTemplate\":\"https:\/\/www.cofb.org\/?s={search_term_string}\"},\"query-input\":\"required name=search_term_string\"}],\"inLanguage\":\"ca\"},{\"@type\":\"Organization\",\"@id\":\"https:\/\/www.cofb.org\/#organization\",\"name\":\"Col\u00b7legi de Farmac\u00e8utics de Barcelona\",\"url\":\"https:\/\/www.cofb.org\/\",\"logo\":{\"@type\":\"ImageObject\",\"inLanguage\":\"ca\",\"@id\":\"https:\/\/www.cofb.org\/#\/schema\/logo\/image\/\",\"url\":\"https:\/\/www.cofb.org\/wp-content\/uploads\/2023\/11\/cropped-Logotip-COFB.png\",\"contentUrl\":\"https:\/\/www.cofb.org\/wp-content\/uploads\/2023\/11\/cropped-Logotip-COFB.png\",\"width\":500,\"height\":105,\"caption\":\"Col\u00b7legi de Farmac\u00e8utics de Barcelona\"},\"image\":{\"@id\":\"https:\/\/www.cofb.org\/#\/schema\/logo\/image\/\"},\"sameAs\":[\"https:\/\/www.facebook.com\/farmaceuticsbcn\/\",\"https:\/\/twitter.com\/farmaceuticsbcn\",\"https:\/\/www.instagram.com\/farmaceuticsbcn\/\",\"https:\/\/www.linkedin.com\/company\/farmaceuticsbcn\/\"]},{\"@type\":\"Person\",\"@id\":\"https:\/\/www.cofb.org\/#\/schema\/person\/f32de3b41b812c85ff923cb4cc849063\",\"name\":\"Berta Mart\u00ednez\",\"image\":{\"@type\":\"ImageObject\",\"inLanguage\":\"ca\",\"@id\":\"https:\/\/www.cofb.org\/#\/schema\/person\/image\/\",\"url\":\"https:\/\/secure.gravatar.com\/avatar\/d4c584dab5da1ee9e3c3df161c0aabec7075cc8211cd46ffc79bfe177aa78b01?s=96&d=mm&r=g\",\"contentUrl\":\"https:\/\/secure.gravatar.com\/avatar\/d4c584dab5da1ee9e3c3df161c0aabec7075cc8211cd46ffc79bfe177aa78b01?s=96&d=mm&r=g\",\"caption\":\"Berta Mart\u00ednez\"},\"url\":\"https:\/\/www.cofb.org\/ca\/author\/bmartinez\/\"}]}<\/script>\n<!-- \/ Yoast SEO plugin. -->","yoast_head_json":{"title":"El COFB i el CoMB impulsen la campanya \u201cUn TRACTAMENT CORRECTE comen\u00e7a amb una RECEPTA COMPLETA\u201d - Col\u00b7legi de Farmac\u00e8utics de Barcelona","description":"El COFB i el CoMB han posat en marxa la campanya informativa \u201cUn TRACTAMENT CORRECTE comen\u00e7a amb una RECEPTA COMPLETA\u201d","robots":{"index":"index","follow":"follow","max-snippet":"max-snippet:-1","max-image-preview":"max-image-preview:large","max-video-preview":"max-video-preview:-1"},"canonical":"https:\/\/www.cofb.org\/ca\/2025\/06\/02\/el-cofb-i-comb-impulsen-la-campanya-un-tractament-correcte-comenca-amb-una-recepta-completa\/","og_locale":"ca_ES","og_type":"article","og_title":"El COFB i el CoMB impulsen la campanya \u201cUn TRACTAMENT CORRECTE comen\u00e7a amb una RECEPTA COMPLETA\u201d - Col\u00b7legi de Farmac\u00e8utics de Barcelona","og_description":"El COFB i el CoMB han posat en marxa la campanya informativa \u201cUn TRACTAMENT CORRECTE comen\u00e7a amb una RECEPTA COMPLETA\u201d","og_url":"https:\/\/www.cofb.org\/ca\/2025\/06\/02\/el-cofb-i-comb-impulsen-la-campanya-un-tractament-correcte-comenca-amb-una-recepta-completa\/","og_site_name":"Col\u00b7legi de Farmac\u00e8utics de Barcelona","article_publisher":"https:\/\/www.facebook.com\/farmaceuticsbcn\/","article_published_time":"2025-06-02T11:12:06+00:00","article_modified_time":"2025-07-15T06:34:41+00:00","og_image":[{"width":1920,"height":900,"url":"https:\/\/www.cofb.org\/wp-content\/uploads\/2025\/06\/COFB_RECEPTA-ELECTRONICA-PRIVADA_03062025.png","type":"image\/png"}],"author":"Berta Mart\u00ednez","twitter_card":"summary_large_image","twitter_creator":"@farmaceuticsbcn","twitter_site":"@farmaceuticsbcn","twitter_misc":{"Escrit per":"Berta Mart\u00ednez","Temps estimat de lectura":"3 minuts"},"schema":{"@context":"https:\/\/schema.org","@graph":[{"@type":"Article","@id":"https:\/\/www.cofb.org\/2025\/06\/02\/el-cofb-i-comb-impulsen-la-campanya-un-tractament-correcte-comenca-amb-una-recepta-completa\/#article","isPartOf":{"@id":"https:\/\/www.cofb.org\/2025\/06\/02\/el-cofb-i-comb-impulsen-la-campanya-un-tractament-correcte-comenca-amb-una-recepta-completa\/"},"author":{"name":"Berta Mart\u00ednez","@id":"https:\/\/www.cofb.org\/#\/schema\/person\/f32de3b41b812c85ff923cb4cc849063"},"headline":"El COFB i el CoMB impulsen la campanya \u201cUn TRACTAMENT CORRECTE comen\u00e7a amb una RECEPTA COMPLETA\u201d","datePublished":"2025-06-02T11:12:06+00:00","dateModified":"2025-07-15T06:34:41+00:00","mainEntityOfPage":{"@id":"https:\/\/www.cofb.org\/2025\/06\/02\/el-cofb-i-comb-impulsen-la-campanya-un-tractament-correcte-comenca-amb-una-recepta-completa\/"},"wordCount":374,"publisher":{"@id":"https:\/\/www.cofb.org\/#organization"},"image":{"@id":"https:\/\/www.cofb.org\/2025\/06\/02\/el-cofb-i-comb-impulsen-la-campanya-un-tractament-correcte-comenca-amb-una-recepta-completa\/#primaryimage"},"thumbnailUrl":"https:\/\/www.cofb.org\/wp-content\/uploads\/2025\/06\/COFB_RECEPTA-ELECTRONICA-PRIVADA_03062025.png","keywords":["campanya","campanya informativa","COFB","Col\u00b7legi de Farmac\u00e8utics de Barcelona","Col\u00b7legi de Metges de Barcelona","Col\u00b7legi de Metges de Barcelona (CoMB)","COMB","farmac\u00e8utics","Farm\u00e0cia","farm\u00e0cia comunit\u00e0ria","metges","Oficina de farm\u00e0cia","prescripci\u00f3","prescripcions","recepta completa","recepta electr\u00f2nica","recepta electr\u00f2nica privada","recepta electr\u00f2nica privada (REP)","REP"],"articleSection":["Destacats","M\u00f3n col\u00b7legial"],"inLanguage":"ca"},{"@type":"WebPage","@id":"https:\/\/www.cofb.org\/2025\/06\/02\/el-cofb-i-comb-impulsen-la-campanya-un-tractament-correcte-comenca-amb-una-recepta-completa\/","url":"https:\/\/www.cofb.org\/2025\/06\/02\/el-cofb-i-comb-impulsen-la-campanya-un-tractament-correcte-comenca-amb-una-recepta-completa\/","name":"El COFB i el CoMB impulsen la campanya \u201cUn TRACTAMENT CORRECTE comen\u00e7a amb una RECEPTA COMPLETA\u201d - Col\u00b7legi de Farmac\u00e8utics de Barcelona","isPartOf":{"@id":"https:\/\/www.cofb.org\/#website"},"primaryImageOfPage":{"@id":"https:\/\/www.cofb.org\/2025\/06\/02\/el-cofb-i-comb-impulsen-la-campanya-un-tractament-correcte-comenca-amb-una-recepta-completa\/#primaryimage"},"image":{"@id":"https:\/\/www.cofb.org\/2025\/06\/02\/el-cofb-i-comb-impulsen-la-campanya-un-tractament-correcte-comenca-amb-una-recepta-completa\/#primaryimage"},"thumbnailUrl":"https:\/\/www.cofb.org\/wp-content\/uploads\/2025\/06\/COFB_RECEPTA-ELECTRONICA-PRIVADA_03062025.png","datePublished":"2025-06-02T11:12:06+00:00","dateModified":"2025-07-15T06:34:41+00:00","description":"El COFB i el CoMB han posat en marxa la campanya informativa \u201cUn TRACTAMENT CORRECTE comen\u00e7a amb una RECEPTA COMPLETA\u201d","breadcrumb":{"@id":"https:\/\/www.cofb.org\/2025\/06\/02\/el-cofb-i-comb-impulsen-la-campanya-un-tractament-correcte-comenca-amb-una-recepta-completa\/#breadcrumb"},"inLanguage":"ca","potentialAction":[{"@type":"ReadAction","target":["https:\/\/www.cofb.org\/2025\/06\/02\/el-cofb-i-comb-impulsen-la-campanya-un-tractament-correcte-comenca-amb-una-recepta-completa\/"]}]},{"@type":"ImageObject","inLanguage":"ca","@id":"https:\/\/www.cofb.org\/2025\/06\/02\/el-cofb-i-comb-impulsen-la-campanya-un-tractament-correcte-comenca-amb-una-recepta-completa\/#primaryimage","url":"https:\/\/www.cofb.org\/wp-content\/uploads\/2025\/06\/COFB_RECEPTA-ELECTRONICA-PRIVADA_03062025.png","contentUrl":"https:\/\/www.cofb.org\/wp-content\/uploads\/2025\/06\/COFB_RECEPTA-ELECTRONICA-PRIVADA_03062025.png","width":1920,"height":900},{"@type":"BreadcrumbList","@id":"https:\/\/www.cofb.org\/2025\/06\/02\/el-cofb-i-comb-impulsen-la-campanya-un-tractament-correcte-comenca-amb-una-recepta-completa\/#breadcrumb","itemListElement":[{"@type":"ListItem","position":1,"name":"Inici","item":"https:\/\/novaorg.cofb.net\/"},{"@type":"ListItem","position":2,"name":"El COFB i el CoMB impulsen la campanya \u201cUn TRACTAMENT CORRECTE comen\u00e7a amb una RECEPTA COMPLETA\u201d"}]},{"@type":"WebSite","@id":"https:\/\/www.cofb.org\/#website","url":"https:\/\/www.cofb.org\/","name":"Col\u00b7legi de Farmac\u00e8utics de Barcelona","description":"","publisher":{"@id":"https:\/\/www.cofb.org\/#organization"},"potentialAction":[{"@type":"SearchAction","target":{"@type":"EntryPoint","urlTemplate":"https:\/\/www.cofb.org\/?s={search_term_string}"},"query-input":"required name=search_term_string"}],"inLanguage":"ca"},{"@type":"Organization","@id":"https:\/\/www.cofb.org\/#organization","name":"Col\u00b7legi de Farmac\u00e8utics de Barcelona","url":"https:\/\/www.cofb.org\/","logo":{"@type":"ImageObject","inLanguage":"ca","@id":"https:\/\/www.cofb.org\/#\/schema\/logo\/image\/","url":"https:\/\/www.cofb.org\/wp-content\/uploads\/2023\/11\/cropped-Logotip-COFB.png","contentUrl":"https:\/\/www.cofb.org\/wp-content\/uploads\/2023\/11\/cropped-Logotip-COFB.png","width":500,"height":105,"caption":"Col\u00b7legi de Farmac\u00e8utics de Barcelona"},"image":{"@id":"https:\/\/www.cofb.org\/#\/schema\/logo\/image\/"},"sameAs":["https:\/\/www.facebook.com\/farmaceuticsbcn\/","https:\/\/twitter.com\/farmaceuticsbcn","https:\/\/www.instagram.com\/farmaceuticsbcn\/","https:\/\/www.linkedin.com\/company\/farmaceuticsbcn\/"]},{"@type":"Person","@id":"https:\/\/www.cofb.org\/#\/schema\/person\/f32de3b41b812c85ff923cb4cc849063","name":"Berta Mart\u00ednez","image":{"@type":"ImageObject","inLanguage":"ca","@id":"https:\/\/www.cofb.org\/#\/schema\/person\/image\/","url":"https:\/\/secure.gravatar.com\/avatar\/d4c584dab5da1ee9e3c3df161c0aabec7075cc8211cd46ffc79bfe177aa78b01?s=96&d=mm&r=g","contentUrl":"https:\/\/secure.gravatar.com\/avatar\/d4c584dab5da1ee9e3c3df161c0aabec7075cc8211cd46ffc79bfe177aa78b01?s=96&d=mm&r=g","caption":"Berta Mart\u00ednez"},"url":"https:\/\/www.cofb.org\/ca\/author\/bmartinez\/"}]}},"uagb_featured_image_src":{"full":["https:\/\/www.cofb.org\/wp-content\/uploads\/2025\/06\/COFB_RECEPTA-ELECTRONICA-PRIVADA_03062025.png",1920,900,false],"thumbnail":["https:\/\/www.cofb.org\/wp-content\/uploads\/2025\/06\/COFB_RECEPTA-ELECTRONICA-PRIVADA_03062025-150x150.png",150,150,true],"medium":["https:\/\/www.cofb.org\/wp-content\/uploads\/2025\/06\/COFB_RECEPTA-ELECTRONICA-PRIVADA_03062025-300x141.png",300,141,true],"medium_large":["https:\/\/www.cofb.org\/wp-content\/uploads\/2025\/06\/COFB_RECEPTA-ELECTRONICA-PRIVADA_03062025-768x360.png",768,360,true],"large":["https:\/\/www.cofb.org\/wp-content\/uploads\/2025\/06\/COFB_RECEPTA-ELECTRONICA-PRIVADA_03062025-1024x480.png",1024,480,true],"1536x1536":["https:\/\/www.cofb.org\/wp-content\/uploads\/2025\/06\/COFB_RECEPTA-ELECTRONICA-PRIVADA_03062025-1536x720.png",1536,720,true],"2048x2048":["https:\/\/www.cofb.org\/wp-content\/uploads\/2025\/06\/COFB_RECEPTA-ELECTRONICA-PRIVADA_03062025.png",1920,900,false],"trp-custom-language-flag":["https:\/\/www.cofb.org\/wp-content\/uploads\/2025\/06\/COFB_RECEPTA-ELECTRONICA-PRIVADA_03062025-18x8.png",18,8,true]},"uagb_author_info":{"display_name":"Berta Mart\u00ednez","author_link":"https:\/\/www.cofb.org\/ca\/author\/bmartinez\/"},"uagb_comment_info":0,"uagb_excerpt":"El Col\u00b7legi de Farmac\u00e8utics de Barcelona (COFB) i el Col\u00b7legi de Metges de Barcelona (CoMB) han posat en marxa la campanya informativa \u201cUn TRACTAMENT CORRECTE comen\u00e7a amb una RECEPTA COMPLETA\u201d que insisteix en els avantatges de la recepta electr\u00f2nica privada, com a garantia d\u2019una prescripci\u00f3 i una dispensaci\u00f3 de qualitat. [&hellip;]","_links":{"self":[{"href":"https:\/\/www.cofb.org\/ca\/wp-json\/wp\/v2\/posts\/81296","targetHints":{"allow":["GET"]}}],"collection":[{"href":"https:\/\/www.cofb.org\/ca\/wp-json\/wp\/v2\/posts"}],"about":[{"href":"https:\/\/www.cofb.org\/ca\/wp-json\/wp\/v2\/types\/post"}],"author":[{"embeddable":true,"href":"https:\/\/www.cofb.org\/ca\/wp-json\/wp\/v2\/users\/3"}],"replies":[{"embeddable":true,"href":"https:\/\/www.cofb.org\/ca\/wp-json\/wp\/v2\/comments?post=81296"}],"version-history":[{"count":12,"href":"https:\/\/www.cofb.org\/ca\/wp-json\/wp\/v2\/posts\/81296\/revisions"}],"predecessor-version":[{"id":81369,"href":"https:\/\/www.cofb.org\/ca\/wp-json\/wp\/v2\/posts\/81296\/revisions\/81369"}],"wp:featuredmedia":[{"embeddable":true,"href":"https:\/\/www.cofb.org\/ca\/wp-json\/wp\/v2\/media\/81302"}],"wp:attachment":[{"href":"https:\/\/www.cofb.org\/ca\/wp-json\/wp\/v2\/media?parent=81296"}],"wp:term":[{"taxonomy":"category","embeddable":true,"href":"https:\/\/www.cofb.org\/ca\/wp-json\/wp\/v2\/categories?post=81296"},{"taxonomy":"post_tag","embeddable":true,"href":"https:\/\/www.cofb.org\/ca\/wp-json\/wp\/v2\/tags?post=81296"}],"curies":[{"name":"wp","href":"https:\/\/api.w.org\/{rel}","templated":true}]}}