{"id":81235,"date":"2025-04-16T09:29:00","date_gmt":"2025-04-16T09:29:00","guid":{"rendered":"https:\/\/www.cofb.org\/?p=81235"},"modified":"2025-05-14T09:29:52","modified_gmt":"2025-05-14T09:29:52","slug":"novetats-en-la-lactancia-materna-i-les-formules-infantils-nova-sessio-del-cicle-trending-topics-en-nutricio","status":"publish","type":"post","link":"https:\/\/www.cofb.org\/ca\/2025\/04\/16\/novetats-en-la-lactancia-materna-i-les-formules-infantils-nova-sessio-del-cicle-trending-topics-en-nutricio\/","title":{"rendered":"Novetats en la lact\u00e0ncia materna i les f\u00f3rmules infantils. Nova sessi\u00f3 del cicle &#8220;Trending Topics en nutrici\u00f3&#8221;"},"content":{"rendered":"\n<p>El passat 27 de febrer, el <strong>Col\u00b7legi de Farmac\u00e8utics de Barcelona (COFB)<\/strong> va organitzar el <strong><em>Trending topics<\/em> en nutrici\u00f3 \u201cLact\u00e0ncia materna i f\u00f3rmules infantils, qu\u00e8 hi ha de nou?\u201d<\/strong>, amb el patrocini de <a href=\"https:\/\/www.danone.es\/\" target=\"_blank\" rel=\"noreferrer noopener\">Danone<\/a> i <a href=\"https:\/\/www.nutricia.es\/\" target=\"_blank\" rel=\"noreferrer noopener\">Nutricia<\/a>. La confer\u00e8ncia va anar a c\u00e0rrec de <strong>Juan Miguel Rodr\u00edguez<\/strong>, catedr\u00e0tic del Departament de Nutrici\u00f3 i Ci\u00e8ncia dels Aliments de la Facultat de Veterin\u00e0ria de la Universidad Complutense de Madrid i director del grup d\u2019investigaci\u00f3 \u201cLa microbiota perinatal i la seva aplicaci\u00f3 en alimentaci\u00f3 maternoinfantil\u201d, i de <strong>Carmen Rodr\u00edguez<\/strong>, farmac\u00e8utica i <em>medical manager<\/em> a Danone Nutricia. <strong>\u00d3scar Llans\u00f3<\/strong>, vocal d\u2019Alimentaci\u00f3 i Nutrici\u00f3 del COFB, va presentar i coordinar la sessi\u00f3 adre\u00e7ada a farmac\u00e8utics\/ques comunitaris.<\/p>\n\n\n\n<figure class=\"wp-block-image size-large\"><a href=\"https:\/\/www.cofb.org\/wp-content\/uploads\/2025\/05\/COFB_LACTANCIA_09052025_1-scaled.jpg\" target=\"_blank\" rel=\"noreferrer noopener\"><img fetchpriority=\"high\" decoding=\"async\" width=\"1024\" height=\"576\" src=\"https:\/\/www.cofb.org\/wp-content\/uploads\/2025\/05\/COFB_LACTANCIA_09052025_1-1024x576.jpg\" alt=\"\" class=\"wp-image-81240\" srcset=\"https:\/\/www.cofb.org\/wp-content\/uploads\/2025\/05\/COFB_LACTANCIA_09052025_1-1024x576.jpg 1024w, https:\/\/www.cofb.org\/wp-content\/uploads\/2025\/05\/COFB_LACTANCIA_09052025_1-300x169.jpg 300w, https:\/\/www.cofb.org\/wp-content\/uploads\/2025\/05\/COFB_LACTANCIA_09052025_1-768x432.jpg 768w, https:\/\/www.cofb.org\/wp-content\/uploads\/2025\/05\/COFB_LACTANCIA_09052025_1-1536x864.jpg 1536w, https:\/\/www.cofb.org\/wp-content\/uploads\/2025\/05\/COFB_LACTANCIA_09052025_1-2048x1152.jpg 2048w, https:\/\/www.cofb.org\/wp-content\/uploads\/2025\/05\/COFB_LACTANCIA_09052025_1-18x10.jpg 18w\" sizes=\"(max-width: 1024px) 100vw, 1024px\" \/><\/a><\/figure>\n\n\n\n<p>Els <strong>objectius<\/strong> de la confer\u00e8ncia van ser actualitzar els coneixements sobre el paper de la <strong>microbiota en la llet materna<\/strong> i el seu impacte en relaci\u00f3 amb la mastitis, con\u00e8ixer els <strong>darrers aven\u00e7os en recerca i innovaci\u00f3 en l&#8217;\u00e0mbit de la lact\u00e0ncia materna i les f\u00f3rmules infantils<\/strong> i <strong>millorar les capacitats d\u2019assessorament a les mares lactants<\/strong>.<\/p>\n\n\n\n<p>En primer lloc, va intervenir <strong>Juan Miguel Rodr\u00edguez<\/strong>, catedr\u00e0tic del Departament de Nutrici\u00f3 i Ci\u00e8ncia dels Aliments de la Facultat de Veterin\u00e0ria de la Universidad Complutense de Madrid, per parlar sobre la <strong>relaci\u00f3 que hi ha entre la microbiota i la mastitis<\/strong>. <strong>\u201cEl coneixement cient\u00edfic que s\u2019ha dedicat a investigar la llet humana \u00e9s bastant m\u00e9s baix que per a altres tipologies d\u2019aliments\u201d<\/strong>, va indicar. El catedr\u00e0tic va explicar que fa m\u00e9s de vint anys es van publicar els primers treballs, en qu\u00e8 s\u2019evidenciava que <strong>la llet humana proporciona microorganismes, que conformen una microbiota pr\u00f2pia de c\u00e8l\u00b7lules amb una estructura definida i microorganismes caracter\u00edstics.<\/strong><\/p>\n\n\n\n<figure class=\"wp-block-image size-full is-resized\"><a href=\"https:\/\/www.cofb.org\/wp-content\/uploads\/2025\/05\/COFB_LACTANCIA_09052025_2.jpg\" target=\"_blank\" rel=\"noreferrer noopener\"><img decoding=\"async\" width=\"567\" height=\"322\" src=\"https:\/\/www.cofb.org\/wp-content\/uploads\/2025\/05\/COFB_LACTANCIA_09052025_2.jpg\" alt=\"Juan Miguel Rodr\u00edguez en un moment de la seva exposici\u00f3. \" class=\"wp-image-81241\" style=\"width:1018px;height:auto\" srcset=\"https:\/\/www.cofb.org\/wp-content\/uploads\/2025\/05\/COFB_LACTANCIA_09052025_2.jpg 567w, https:\/\/www.cofb.org\/wp-content\/uploads\/2025\/05\/COFB_LACTANCIA_09052025_2-300x170.jpg 300w, https:\/\/www.cofb.org\/wp-content\/uploads\/2025\/05\/COFB_LACTANCIA_09052025_2-18x10.jpg 18w\" sizes=\"(max-width: 567px) 100vw, 567px\" \/><\/a><figcaption class=\"wp-element-caption\">Juan Miguel Rodr\u00edguez en un moment de la seva exposici\u00f3. <\/figcaption><\/figure>\n\n\n\n<p>Tanmateix, Rodr\u00edguez va assegurar que <strong>\u201cla microbiota de la llet humana es caracteritza per una variabilitat interindividual realment gran, \u00e9s a dir, que pr\u00e0cticament \u00e9s com una empremta dactilar\u201d<\/strong>. En aquest sentit, va mostrar un gr\u00e0fic per evidenciar la variabilitat de la llet de la dona al llarg del temps, tot i coincidir en el mateix per\u00edode de temps. Tamb\u00e9 va comentar que s\u2019estan comen\u00e7ant a estudiar determinats <strong>factors<\/strong> -hoste, microbians, ambientals, socioecon\u00f2mics o m\u00e8dics- <strong>que poden modular la microbiota de la llet.<\/strong><\/p>\n\n\n\n<p>Pel que fa a la <strong>mastitis<\/strong>, una malaltia que limita molt la continu\u00eftat de la lact\u00e0ncia materna, el catedr\u00e0tic va detallar qu\u00e8 \u00e9s i va diferenciar els graus d\u2019afectaci\u00f3. Per a la seva <strong>prevenci\u00f3<\/strong> va profunditzar en el paper de la microbiota i en els principals tractaments per a aquesta afecci\u00f3.<\/p>\n\n\n\n<h2 class=\"wp-block-heading\"><strong>Lact\u00e0ncia materna i f\u00f3rmules infantils<\/strong><\/h2>\n\n\n\n<p>A continuaci\u00f3, <strong>Carmen Rodr\u00edguez<\/strong>, farmac\u00e8utica i <em>medical manager<\/em> a Danone Nutricia va exposar quines s\u00f3n les <strong>\u00faltimes tend\u00e8ncies en la formulaci\u00f3 de llets<\/strong>. Per fer-ho, va posar en relleu els estudis que demostren que, segons com es formulin els l\u00edpids, augmenten els beneficis de la llet de f\u00f3rmula. La farmac\u00e8utica va explicar que <strong>\u201cla lact\u00e0ncia materna \u00e9s la refer\u00e8ncia que tenim els laboratoris per intentar que les f\u00f3rmules infantils tinguin la m\u00e0xima semblan\u00e7a\u201d<\/strong>.<\/p>\n\n\n\n<figure class=\"wp-block-image size-large\"><a href=\"https:\/\/www.cofb.org\/wp-content\/uploads\/2025\/05\/COFB_LACTANCIA_09052025_3-scaled.jpg\" target=\"_blank\" rel=\"noreferrer noopener\"><img decoding=\"async\" width=\"1024\" height=\"771\" src=\"https:\/\/www.cofb.org\/wp-content\/uploads\/2025\/05\/COFB_LACTANCIA_09052025_3-1024x771.jpg\" alt=\"Carmen Rodr\u00edguez durant la seva presentaci\u00f3 sobre lact\u00e0ncia i f\u00f3rmules infantils. \" class=\"wp-image-81242\" srcset=\"https:\/\/www.cofb.org\/wp-content\/uploads\/2025\/05\/COFB_LACTANCIA_09052025_3-1024x771.jpg 1024w, https:\/\/www.cofb.org\/wp-content\/uploads\/2025\/05\/COFB_LACTANCIA_09052025_3-300x226.jpg 300w, https:\/\/www.cofb.org\/wp-content\/uploads\/2025\/05\/COFB_LACTANCIA_09052025_3-768x578.jpg 768w, https:\/\/www.cofb.org\/wp-content\/uploads\/2025\/05\/COFB_LACTANCIA_09052025_3-1536x1157.jpg 1536w, https:\/\/www.cofb.org\/wp-content\/uploads\/2025\/05\/COFB_LACTANCIA_09052025_3-2048x1542.jpg 2048w, https:\/\/www.cofb.org\/wp-content\/uploads\/2025\/05\/COFB_LACTANCIA_09052025_3-16x12.jpg 16w\" sizes=\"(max-width: 1024px) 100vw, 1024px\" \/><\/a><figcaption class=\"wp-element-caption\">Carmen Rodr\u00edguez durant la seva presentaci\u00f3 sobre lact\u00e0ncia i f\u00f3rmules infantils. <\/figcaption><\/figure>\n\n\n\n<p><strong>\u201cEls primers 1.000 dies, des de la concepci\u00f3 fins als 2 o 3 anys del nad\u00f3, s\u00f3n molt importants perqu\u00e8 qualsevol cosa que ingerim durant aquesta franja de temps repercuteix en la salut present i futura del nad\u00f3\u201d<\/strong>, va assegurar. Aix\u00ed doncs, \u201ctots els factors externs als quals est\u00e0 exposat el nad\u00f3 impacten d\u2019alguna forma\u201d. Aix\u00f2 inclou una correcta nutrici\u00f3, que <strong>\u201cinflueix en el bon funcionament de l\u2019intest\u00ed, el desenvolupament i l\u2019establiment d\u2019una microbiota saludable\u201d<\/strong>, a m\u00e9s que <strong>\u201cinflueix positivament en l\u2019entrenament del sistema immunitari\u201d<\/strong>. &nbsp;<\/p>\n\n\n\n<p>La farmac\u00e8utica va especificar que la lact\u00e0ncia materna \u00e9s el millor aliment que una mare pot oferir al seu nad\u00f3 els primers mesos de vida. Ara b\u00e9, quan aquesta opci\u00f3 no \u00e9s possible, va indicar que <strong>existeixen llets de f\u00f3rmula innovadores, desenvolupades mitjan\u00e7ant processos d\u2019investigaci\u00f3 que busquen mimetitzar el contingut, la diversitat i la funcionalitat de la llet materna.<\/strong><\/p>\n\n\n\n<p>En darrer lloc, Rodr\u00edguez va compartir com s\u2019est\u00e0 aplicant la <strong>intel\u00b7lig\u00e8ncia artificial en la recerca i la innovaci\u00f3 en el m\u00f3n de la nutrici\u00f3 infantil <\/strong>per al <strong>monitoratge de la salut digestiva dels nadons i la pr\u00e0ctica cl\u00ednica del professional sanitari<\/strong>.<\/p>\n\n\n\n<p>Per tancar la confer\u00e8ncia, <strong>Oscar Llans\u00f3<\/strong>, vocal d\u2019Alimentaci\u00f3 i Nutrici\u00f3 del COFB, va actualitzar quins, segons la seva experi\u00e8ncia, han de ser els <strong>elements claus que ha de tenir una llet de f\u00f3rmula <\/strong>per poder-la utilitzar com a <strong>dietoter\u00e0pia<\/strong> per diferents situacions de salut com baixa talla o problemes gastrointestinals com els c\u00f2lics o l\u2019estrenyiment<strong>.<\/strong><\/p>\n\n\n\n<figure class=\"wp-block-image size-large\"><a href=\"https:\/\/www.cofb.org\/wp-content\/uploads\/2025\/05\/COFB_LACTANCIA_09052025_4-scaled.jpg\" target=\"_blank\" rel=\"noreferrer noopener\"><img loading=\"lazy\" decoding=\"async\" width=\"1024\" height=\"771\" src=\"https:\/\/www.cofb.org\/wp-content\/uploads\/2025\/05\/COFB_LACTANCIA_09052025_4-1024x771.jpg\" alt=\"Oscar Llans\u00f3 en un moment de la seva intervenci\u00f3. \" class=\"wp-image-81243\" srcset=\"https:\/\/www.cofb.org\/wp-content\/uploads\/2025\/05\/COFB_LACTANCIA_09052025_4-1024x771.jpg 1024w, https:\/\/www.cofb.org\/wp-content\/uploads\/2025\/05\/COFB_LACTANCIA_09052025_4-300x226.jpg 300w, https:\/\/www.cofb.org\/wp-content\/uploads\/2025\/05\/COFB_LACTANCIA_09052025_4-768x578.jpg 768w, https:\/\/www.cofb.org\/wp-content\/uploads\/2025\/05\/COFB_LACTANCIA_09052025_4-1536x1157.jpg 1536w, https:\/\/www.cofb.org\/wp-content\/uploads\/2025\/05\/COFB_LACTANCIA_09052025_4-2048x1542.jpg 2048w, https:\/\/www.cofb.org\/wp-content\/uploads\/2025\/05\/COFB_LACTANCIA_09052025_4-16x12.jpg 16w\" sizes=\"(max-width: 1024px) 100vw, 1024px\" \/><\/a><figcaption class=\"wp-element-caption\">Oscar Llans\u00f3 en un moment de la seva intervenci\u00f3. <\/figcaption><\/figure>\n\n\n\n<p>Tanmateix, el vocal va recordar que les farm\u00e0cies catalanes ofereixen <strong>Alletafarma<\/strong>, un <strong>servei de consell professional en lact\u00e0ncia materna<\/strong> per \u201cresoldre dubtes sobre la lact\u00e0ncia mitjan\u00e7ant: <strong>la creaci\u00f3 de la xarxa de farm\u00e0cies Alletafarma, fitxes de suport a la lact\u00e0ncia materna, el registre de les actuacions realitzades i enquestes de satisfacci\u00f3 a les usu\u00e0ries<\/strong>\u201d.<\/p>\n\n\n\n<p class=\"has-text-align-right\"><strong>Amb el patrocini:<\/strong><\/p>\n\n\n\n<figure class=\"wp-block-image alignright size-large is-resized\"><a href=\"https:\/\/www.nutricia.es\/\" target=\"_blank\" rel=\"noreferrer noopener\"><img loading=\"lazy\" decoding=\"async\" width=\"1024\" height=\"208\" src=\"https:\/\/www.cofb.org\/wp-content\/uploads\/2025\/05\/DanoneNutricia_transparent-1024x208.png\" alt=\"\" class=\"wp-image-81237\" style=\"width:335px;height:auto\" srcset=\"https:\/\/www.cofb.org\/wp-content\/uploads\/2025\/05\/DanoneNutricia_transparent-1024x208.png 1024w, https:\/\/www.cofb.org\/wp-content\/uploads\/2025\/05\/DanoneNutricia_transparent-300x61.png 300w, https:\/\/www.cofb.org\/wp-content\/uploads\/2025\/05\/DanoneNutricia_transparent-768x156.png 768w, https:\/\/www.cofb.org\/wp-content\/uploads\/2025\/05\/DanoneNutricia_transparent-1536x313.png 1536w, https:\/\/www.cofb.org\/wp-content\/uploads\/2025\/05\/DanoneNutricia_transparent-2048x417.png 2048w, https:\/\/www.cofb.org\/wp-content\/uploads\/2025\/05\/DanoneNutricia_transparent-18x4.png 18w\" sizes=\"(max-width: 1024px) 100vw, 1024px\" \/><\/a><\/figure>\n\n\n\n<p><\/p>\n","protected":false},"excerpt":{"rendered":"<p>El passat 27 de febrer, el Col\u00b7legi de Farmac\u00e8utics de Barcelona (COFB) va organitzar el Trending topics en nutrici\u00f3 \u201cLact\u00e0ncia materna i f\u00f3rmules infantils, qu\u00e8 hi ha de nou?\u201d, amb el patrocini de Danone i Nutricia. La confer\u00e8ncia va anar a c\u00e0rrec de Juan Miguel Rodr\u00edguez, catedr\u00e0tic del Departament de [&hellip;]<\/p>\n","protected":false},"author":3,"featured_media":81243,"comment_status":"closed","ping_status":"closed","sticky":false,"template":"","format":"standard","meta":{"_uag_custom_page_level_css":"","site-sidebar-layout":"default","site-content-layout":"","ast-site-content-layout":"default","site-content-style":"default","site-sidebar-style":"default","ast-global-header-display":"","ast-banner-title-visibility":"","ast-main-header-display":"","ast-hfb-above-header-display":"","ast-hfb-below-header-display":"","ast-hfb-mobile-header-display":"","site-post-title":"","ast-breadcrumbs-content":"","ast-featured-img":"disabled","footer-sml-layout":"","theme-transparent-header-meta":"","adv-header-id-meta":"","stick-header-meta":"","header-above-stick-meta":"","header-main-stick-meta":"","header-below-stick-meta":"","astra-migrate-meta-layouts":"set","ast-page-background-enabled":"default","ast-page-background-meta":{"desktop":{"background-color":"var(--ast-global-color-4)","background-image":"","background-repeat":"repeat","background-position":"center center","background-size":"auto","background-attachment":"scroll","background-type":"","background-media":"","overlay-type":"","overlay-color":"","overlay-opacity":"","overlay-gradient":""},"tablet":{"background-color":"","background-image":"","background-repeat":"repeat","background-position":"center center","background-size":"auto","background-attachment":"scroll","background-type":"","background-media":"","overlay-type":"","overlay-color":"","overlay-opacity":"","overlay-gradient":""},"mobile":{"background-color":"","background-image":"","background-repeat":"repeat","background-position":"center center","background-size":"auto","background-attachment":"scroll","background-type":"","background-media":"","overlay-type":"","overlay-color":"","overlay-opacity":"","overlay-gradient":""}},"ast-content-background-meta":{"desktop":{"background-color":"var(--ast-global-color-5)","background-image":"","background-repeat":"repeat","background-position":"center center","background-size":"auto","background-attachment":"scroll","background-type":"","background-media":"","overlay-type":"","overlay-color":"","overlay-opacity":"","overlay-gradient":""},"tablet":{"background-color":"var(--ast-global-color-5)","background-image":"","background-repeat":"repeat","background-position":"center center","background-size":"auto","background-attachment":"scroll","background-type":"","background-media":"","overlay-type":"","overlay-color":"","overlay-opacity":"","overlay-gradient":""},"mobile":{"background-color":"var(--ast-global-color-5)","background-image":"","background-repeat":"repeat","background-position":"center center","background-size":"auto","background-attachment":"scroll","background-type":"","background-media":"","overlay-type":"","overlay-color":"","overlay-opacity":"","overlay-gradient":""}},"footnotes":""},"categories":[23,57],"tags":[16,4715,64,69,3771,351,3930,2969,46,76,572,937],"class_list":["post-81235","post","type-post","status-publish","format-standard","has-post-thumbnail","hentry","category-destacats","category-mon-collegial","tag-alimentacio-i-nutricio","tag-alletafarma","tag-atencio-farmaceutica","tag-farmacia-comunitaria","tag-formules-infantils","tag-lactancia","tag-lactancia-materna","tag-llet-materna","tag-nutricio","tag-oficina-de-farmacia","tag-trending-topics","tag-trending-topics-en-nutricio"],"yoast_head":"<!-- This site is optimized with the Yoast SEO plugin v22.4 - https:\/\/yoast.com\/wordpress\/plugins\/seo\/ -->\n<title>Novetats en la lact\u00e0ncia materna i les f\u00f3rmules infantils. Nova sessi\u00f3 del cicle &quot;Trending Topics en nutrici\u00f3&quot; - Col\u00b7legi de Farmac\u00e8utics de Barcelona<\/title>\n<meta name=\"description\" content=\"El passat 27 de febrer, el COFB va organitzar el Trending topics en nutrici\u00f3 \u201cLact\u00e0ncia materna i f\u00f3rmules infantils, qu\u00e8 hi ha de nou?\u201d\" \/>\n<meta name=\"robots\" content=\"index, follow, max-snippet:-1, max-image-preview:large, max-video-preview:-1\" \/>\n<link rel=\"canonical\" href=\"https:\/\/www.cofb.org\/ca\/2025\/04\/16\/novetats-en-la-lactancia-materna-i-les-formules-infantils-nova-sessio-del-cicle-trending-topics-en-nutricio\/\" \/>\n<meta property=\"og:locale\" content=\"ca_ES\" \/>\n<meta property=\"og:type\" content=\"article\" \/>\n<meta property=\"og:title\" content=\"Novetats en la lact\u00e0ncia materna i les f\u00f3rmules infantils. Nova sessi\u00f3 del cicle &quot;Trending Topics en nutrici\u00f3&quot; - Col\u00b7legi de Farmac\u00e8utics de Barcelona\" \/>\n<meta property=\"og:description\" content=\"El passat 27 de febrer, el COFB va organitzar el Trending topics en nutrici\u00f3 \u201cLact\u00e0ncia materna i f\u00f3rmules infantils, qu\u00e8 hi ha de nou?\u201d\" \/>\n<meta property=\"og:url\" content=\"https:\/\/www.cofb.org\/ca\/2025\/04\/16\/novetats-en-la-lactancia-materna-i-les-formules-infantils-nova-sessio-del-cicle-trending-topics-en-nutricio\/\" \/>\n<meta property=\"og:site_name\" content=\"Col\u00b7legi de Farmac\u00e8utics de Barcelona\" \/>\n<meta property=\"article:publisher\" content=\"https:\/\/www.facebook.com\/farmaceuticsbcn\/\" \/>\n<meta property=\"article:published_time\" content=\"2025-04-16T09:29:00+00:00\" \/>\n<meta property=\"article:modified_time\" content=\"2025-05-14T09:29:52+00:00\" \/>\n<meta property=\"og:image\" content=\"https:\/\/www.cofb.org\/wp-content\/uploads\/2025\/05\/COFB_LACTANCIA_09052025_4-scaled.jpg\" \/>\n\t<meta property=\"og:image:width\" content=\"2560\" \/>\n\t<meta property=\"og:image:height\" content=\"1928\" \/>\n\t<meta property=\"og:image:type\" content=\"image\/jpeg\" \/>\n<meta name=\"author\" content=\"Berta Mart\u00ednez\" \/>\n<meta name=\"twitter:card\" content=\"summary_large_image\" \/>\n<meta name=\"twitter:creator\" content=\"@farmaceuticsbcn\" \/>\n<meta name=\"twitter:site\" content=\"@farmaceuticsbcn\" \/>\n<meta name=\"twitter:label1\" content=\"Escrit per\" \/>\n\t<meta name=\"twitter:data1\" content=\"Berta Mart\u00ednez\" \/>\n\t<meta name=\"twitter:label2\" content=\"Temps estimat de lectura\" \/>\n\t<meta name=\"twitter:data2\" content=\"6 minuts\" \/>\n<script type=\"application\/ld+json\" class=\"yoast-schema-graph\">{\"@context\":\"https:\/\/schema.org\",\"@graph\":[{\"@type\":\"Article\",\"@id\":\"https:\/\/www.cofb.org\/2025\/04\/16\/novetats-en-la-lactancia-materna-i-les-formules-infantils-nova-sessio-del-cicle-trending-topics-en-nutricio\/#article\",\"isPartOf\":{\"@id\":\"https:\/\/www.cofb.org\/2025\/04\/16\/novetats-en-la-lactancia-materna-i-les-formules-infantils-nova-sessio-del-cicle-trending-topics-en-nutricio\/\"},\"author\":{\"name\":\"Berta Mart\u00ednez\",\"@id\":\"https:\/\/www.cofb.org\/#\/schema\/person\/f32de3b41b812c85ff923cb4cc849063\"},\"headline\":\"Novetats en la lact\u00e0ncia materna i les f\u00f3rmules infantils. Nova sessi\u00f3 del cicle &#8220;Trending Topics en nutrici\u00f3&#8221;\",\"datePublished\":\"2025-04-16T09:29:00+00:00\",\"dateModified\":\"2025-05-14T09:29:52+00:00\",\"mainEntityOfPage\":{\"@id\":\"https:\/\/www.cofb.org\/2025\/04\/16\/novetats-en-la-lactancia-materna-i-les-formules-infantils-nova-sessio-del-cicle-trending-topics-en-nutricio\/\"},\"wordCount\":927,\"publisher\":{\"@id\":\"https:\/\/www.cofb.org\/#organization\"},\"image\":{\"@id\":\"https:\/\/www.cofb.org\/2025\/04\/16\/novetats-en-la-lactancia-materna-i-les-formules-infantils-nova-sessio-del-cicle-trending-topics-en-nutricio\/#primaryimage\"},\"thumbnailUrl\":\"https:\/\/www.cofb.org\/wp-content\/uploads\/2025\/05\/COFB_LACTANCIA_09052025_4-scaled.jpg\",\"keywords\":[\"Alimentaci\u00f3 i nutrici\u00f3\",\"Alletafarma\",\"Atenci\u00f3 farmac\u00e8utica\",\"farm\u00e0cia comunit\u00e0ria\",\"f\u00f3rmules infantils\",\"lact\u00e0ncia\",\"lact\u00e0ncia materna\",\"llet materna\",\"Nutrici\u00f3\",\"Oficina de farm\u00e0cia\",\"trending topics\",\"Trending topics en nutrici\u00f3\"],\"articleSection\":[\"Destacats\",\"M\u00f3n col\u00b7legial\"],\"inLanguage\":\"ca\"},{\"@type\":\"WebPage\",\"@id\":\"https:\/\/www.cofb.org\/2025\/04\/16\/novetats-en-la-lactancia-materna-i-les-formules-infantils-nova-sessio-del-cicle-trending-topics-en-nutricio\/\",\"url\":\"https:\/\/www.cofb.org\/2025\/04\/16\/novetats-en-la-lactancia-materna-i-les-formules-infantils-nova-sessio-del-cicle-trending-topics-en-nutricio\/\",\"name\":\"Novetats en la lact\u00e0ncia materna i les f\u00f3rmules infantils. Nova sessi\u00f3 del cicle \\\"Trending Topics en nutrici\u00f3\\\" - Col\u00b7legi de Farmac\u00e8utics de Barcelona\",\"isPartOf\":{\"@id\":\"https:\/\/www.cofb.org\/#website\"},\"primaryImageOfPage\":{\"@id\":\"https:\/\/www.cofb.org\/2025\/04\/16\/novetats-en-la-lactancia-materna-i-les-formules-infantils-nova-sessio-del-cicle-trending-topics-en-nutricio\/#primaryimage\"},\"image\":{\"@id\":\"https:\/\/www.cofb.org\/2025\/04\/16\/novetats-en-la-lactancia-materna-i-les-formules-infantils-nova-sessio-del-cicle-trending-topics-en-nutricio\/#primaryimage\"},\"thumbnailUrl\":\"https:\/\/www.cofb.org\/wp-content\/uploads\/2025\/05\/COFB_LACTANCIA_09052025_4-scaled.jpg\",\"datePublished\":\"2025-04-16T09:29:00+00:00\",\"dateModified\":\"2025-05-14T09:29:52+00:00\",\"description\":\"El passat 27 de febrer, el COFB va organitzar el Trending topics en nutrici\u00f3 \u201cLact\u00e0ncia materna i f\u00f3rmules infantils, qu\u00e8 hi ha de nou?\u201d\",\"breadcrumb\":{\"@id\":\"https:\/\/www.cofb.org\/2025\/04\/16\/novetats-en-la-lactancia-materna-i-les-formules-infantils-nova-sessio-del-cicle-trending-topics-en-nutricio\/#breadcrumb\"},\"inLanguage\":\"ca\",\"potentialAction\":[{\"@type\":\"ReadAction\",\"target\":[\"https:\/\/www.cofb.org\/2025\/04\/16\/novetats-en-la-lactancia-materna-i-les-formules-infantils-nova-sessio-del-cicle-trending-topics-en-nutricio\/\"]}]},{\"@type\":\"ImageObject\",\"inLanguage\":\"ca\",\"@id\":\"https:\/\/www.cofb.org\/2025\/04\/16\/novetats-en-la-lactancia-materna-i-les-formules-infantils-nova-sessio-del-cicle-trending-topics-en-nutricio\/#primaryimage\",\"url\":\"https:\/\/www.cofb.org\/wp-content\/uploads\/2025\/05\/COFB_LACTANCIA_09052025_4-scaled.jpg\",\"contentUrl\":\"https:\/\/www.cofb.org\/wp-content\/uploads\/2025\/05\/COFB_LACTANCIA_09052025_4-scaled.jpg\",\"width\":2560,\"height\":1928,\"caption\":\"Oscar Llans\u00f3 en un moment de la seva intervenci\u00f3.\"},{\"@type\":\"BreadcrumbList\",\"@id\":\"https:\/\/www.cofb.org\/2025\/04\/16\/novetats-en-la-lactancia-materna-i-les-formules-infantils-nova-sessio-del-cicle-trending-topics-en-nutricio\/#breadcrumb\",\"itemListElement\":[{\"@type\":\"ListItem\",\"position\":1,\"name\":\"Inici\",\"item\":\"https:\/\/novaorg.cofb.net\/\"},{\"@type\":\"ListItem\",\"position\":2,\"name\":\"Novetats en la lact\u00e0ncia materna i les f\u00f3rmules infantils. Nova sessi\u00f3 del cicle &#8220;Trending Topics en nutrici\u00f3&#8221;\"}]},{\"@type\":\"WebSite\",\"@id\":\"https:\/\/www.cofb.org\/#website\",\"url\":\"https:\/\/www.cofb.org\/\",\"name\":\"Col\u00b7legi de Farmac\u00e8utics de Barcelona\",\"description\":\"\",\"publisher\":{\"@id\":\"https:\/\/www.cofb.org\/#organization\"},\"potentialAction\":[{\"@type\":\"SearchAction\",\"target\":{\"@type\":\"EntryPoint\",\"urlTemplate\":\"https:\/\/www.cofb.org\/?s={search_term_string}\"},\"query-input\":\"required name=search_term_string\"}],\"inLanguage\":\"ca\"},{\"@type\":\"Organization\",\"@id\":\"https:\/\/www.cofb.org\/#organization\",\"name\":\"Col\u00b7legi de Farmac\u00e8utics de Barcelona\",\"url\":\"https:\/\/www.cofb.org\/\",\"logo\":{\"@type\":\"ImageObject\",\"inLanguage\":\"ca\",\"@id\":\"https:\/\/www.cofb.org\/#\/schema\/logo\/image\/\",\"url\":\"https:\/\/www.cofb.org\/wp-content\/uploads\/2023\/11\/cropped-Logotip-COFB.png\",\"contentUrl\":\"https:\/\/www.cofb.org\/wp-content\/uploads\/2023\/11\/cropped-Logotip-COFB.png\",\"width\":500,\"height\":105,\"caption\":\"Col\u00b7legi de Farmac\u00e8utics de Barcelona\"},\"image\":{\"@id\":\"https:\/\/www.cofb.org\/#\/schema\/logo\/image\/\"},\"sameAs\":[\"https:\/\/www.facebook.com\/farmaceuticsbcn\/\",\"https:\/\/twitter.com\/farmaceuticsbcn\",\"https:\/\/www.instagram.com\/farmaceuticsbcn\/\",\"https:\/\/www.linkedin.com\/company\/farmaceuticsbcn\/\"]},{\"@type\":\"Person\",\"@id\":\"https:\/\/www.cofb.org\/#\/schema\/person\/f32de3b41b812c85ff923cb4cc849063\",\"name\":\"Berta Mart\u00ednez\",\"image\":{\"@type\":\"ImageObject\",\"inLanguage\":\"ca\",\"@id\":\"https:\/\/www.cofb.org\/#\/schema\/person\/image\/\",\"url\":\"https:\/\/secure.gravatar.com\/avatar\/d4c584dab5da1ee9e3c3df161c0aabec7075cc8211cd46ffc79bfe177aa78b01?s=96&d=mm&r=g\",\"contentUrl\":\"https:\/\/secure.gravatar.com\/avatar\/d4c584dab5da1ee9e3c3df161c0aabec7075cc8211cd46ffc79bfe177aa78b01?s=96&d=mm&r=g\",\"caption\":\"Berta Mart\u00ednez\"},\"url\":\"https:\/\/www.cofb.org\/ca\/author\/bmartinez\/\"}]}<\/script>\n<!-- \/ Yoast SEO plugin. -->","yoast_head_json":{"title":"Novetats en la lact\u00e0ncia materna i les f\u00f3rmules infantils. Nova sessi\u00f3 del cicle \"Trending Topics en nutrici\u00f3\" - Col\u00b7legi de Farmac\u00e8utics de Barcelona","description":"El passat 27 de febrer, el COFB va organitzar el Trending topics en nutrici\u00f3 \u201cLact\u00e0ncia materna i f\u00f3rmules infantils, qu\u00e8 hi ha de nou?\u201d","robots":{"index":"index","follow":"follow","max-snippet":"max-snippet:-1","max-image-preview":"max-image-preview:large","max-video-preview":"max-video-preview:-1"},"canonical":"https:\/\/www.cofb.org\/ca\/2025\/04\/16\/novetats-en-la-lactancia-materna-i-les-formules-infantils-nova-sessio-del-cicle-trending-topics-en-nutricio\/","og_locale":"ca_ES","og_type":"article","og_title":"Novetats en la lact\u00e0ncia materna i les f\u00f3rmules infantils. Nova sessi\u00f3 del cicle \"Trending Topics en nutrici\u00f3\" - Col\u00b7legi de Farmac\u00e8utics de Barcelona","og_description":"El passat 27 de febrer, el COFB va organitzar el Trending topics en nutrici\u00f3 \u201cLact\u00e0ncia materna i f\u00f3rmules infantils, qu\u00e8 hi ha de nou?\u201d","og_url":"https:\/\/www.cofb.org\/ca\/2025\/04\/16\/novetats-en-la-lactancia-materna-i-les-formules-infantils-nova-sessio-del-cicle-trending-topics-en-nutricio\/","og_site_name":"Col\u00b7legi de Farmac\u00e8utics de Barcelona","article_publisher":"https:\/\/www.facebook.com\/farmaceuticsbcn\/","article_published_time":"2025-04-16T09:29:00+00:00","article_modified_time":"2025-05-14T09:29:52+00:00","og_image":[{"width":2560,"height":1928,"url":"https:\/\/www.cofb.org\/wp-content\/uploads\/2025\/05\/COFB_LACTANCIA_09052025_4-scaled.jpg","type":"image\/jpeg"}],"author":"Berta Mart\u00ednez","twitter_card":"summary_large_image","twitter_creator":"@farmaceuticsbcn","twitter_site":"@farmaceuticsbcn","twitter_misc":{"Escrit per":"Berta Mart\u00ednez","Temps estimat de lectura":"6 minuts"},"schema":{"@context":"https:\/\/schema.org","@graph":[{"@type":"Article","@id":"https:\/\/www.cofb.org\/2025\/04\/16\/novetats-en-la-lactancia-materna-i-les-formules-infantils-nova-sessio-del-cicle-trending-topics-en-nutricio\/#article","isPartOf":{"@id":"https:\/\/www.cofb.org\/2025\/04\/16\/novetats-en-la-lactancia-materna-i-les-formules-infantils-nova-sessio-del-cicle-trending-topics-en-nutricio\/"},"author":{"name":"Berta Mart\u00ednez","@id":"https:\/\/www.cofb.org\/#\/schema\/person\/f32de3b41b812c85ff923cb4cc849063"},"headline":"Novetats en la lact\u00e0ncia materna i les f\u00f3rmules infantils. Nova sessi\u00f3 del cicle &#8220;Trending Topics en nutrici\u00f3&#8221;","datePublished":"2025-04-16T09:29:00+00:00","dateModified":"2025-05-14T09:29:52+00:00","mainEntityOfPage":{"@id":"https:\/\/www.cofb.org\/2025\/04\/16\/novetats-en-la-lactancia-materna-i-les-formules-infantils-nova-sessio-del-cicle-trending-topics-en-nutricio\/"},"wordCount":927,"publisher":{"@id":"https:\/\/www.cofb.org\/#organization"},"image":{"@id":"https:\/\/www.cofb.org\/2025\/04\/16\/novetats-en-la-lactancia-materna-i-les-formules-infantils-nova-sessio-del-cicle-trending-topics-en-nutricio\/#primaryimage"},"thumbnailUrl":"https:\/\/www.cofb.org\/wp-content\/uploads\/2025\/05\/COFB_LACTANCIA_09052025_4-scaled.jpg","keywords":["Alimentaci\u00f3 i nutrici\u00f3","Alletafarma","Atenci\u00f3 farmac\u00e8utica","farm\u00e0cia comunit\u00e0ria","f\u00f3rmules infantils","lact\u00e0ncia","lact\u00e0ncia materna","llet materna","Nutrici\u00f3","Oficina de farm\u00e0cia","trending topics","Trending topics en nutrici\u00f3"],"articleSection":["Destacats","M\u00f3n col\u00b7legial"],"inLanguage":"ca"},{"@type":"WebPage","@id":"https:\/\/www.cofb.org\/2025\/04\/16\/novetats-en-la-lactancia-materna-i-les-formules-infantils-nova-sessio-del-cicle-trending-topics-en-nutricio\/","url":"https:\/\/www.cofb.org\/2025\/04\/16\/novetats-en-la-lactancia-materna-i-les-formules-infantils-nova-sessio-del-cicle-trending-topics-en-nutricio\/","name":"Novetats en la lact\u00e0ncia materna i les f\u00f3rmules infantils. Nova sessi\u00f3 del cicle \"Trending Topics en nutrici\u00f3\" - Col\u00b7legi de Farmac\u00e8utics de Barcelona","isPartOf":{"@id":"https:\/\/www.cofb.org\/#website"},"primaryImageOfPage":{"@id":"https:\/\/www.cofb.org\/2025\/04\/16\/novetats-en-la-lactancia-materna-i-les-formules-infantils-nova-sessio-del-cicle-trending-topics-en-nutricio\/#primaryimage"},"image":{"@id":"https:\/\/www.cofb.org\/2025\/04\/16\/novetats-en-la-lactancia-materna-i-les-formules-infantils-nova-sessio-del-cicle-trending-topics-en-nutricio\/#primaryimage"},"thumbnailUrl":"https:\/\/www.cofb.org\/wp-content\/uploads\/2025\/05\/COFB_LACTANCIA_09052025_4-scaled.jpg","datePublished":"2025-04-16T09:29:00+00:00","dateModified":"2025-05-14T09:29:52+00:00","description":"El passat 27 de febrer, el COFB va organitzar el Trending topics en nutrici\u00f3 \u201cLact\u00e0ncia materna i f\u00f3rmules infantils, qu\u00e8 hi ha de nou?\u201d","breadcrumb":{"@id":"https:\/\/www.cofb.org\/2025\/04\/16\/novetats-en-la-lactancia-materna-i-les-formules-infantils-nova-sessio-del-cicle-trending-topics-en-nutricio\/#breadcrumb"},"inLanguage":"ca","potentialAction":[{"@type":"ReadAction","target":["https:\/\/www.cofb.org\/2025\/04\/16\/novetats-en-la-lactancia-materna-i-les-formules-infantils-nova-sessio-del-cicle-trending-topics-en-nutricio\/"]}]},{"@type":"ImageObject","inLanguage":"ca","@id":"https:\/\/www.cofb.org\/2025\/04\/16\/novetats-en-la-lactancia-materna-i-les-formules-infantils-nova-sessio-del-cicle-trending-topics-en-nutricio\/#primaryimage","url":"https:\/\/www.cofb.org\/wp-content\/uploads\/2025\/05\/COFB_LACTANCIA_09052025_4-scaled.jpg","contentUrl":"https:\/\/www.cofb.org\/wp-content\/uploads\/2025\/05\/COFB_LACTANCIA_09052025_4-scaled.jpg","width":2560,"height":1928,"caption":"Oscar Llans\u00f3 en un moment de la seva intervenci\u00f3."},{"@type":"BreadcrumbList","@id":"https:\/\/www.cofb.org\/2025\/04\/16\/novetats-en-la-lactancia-materna-i-les-formules-infantils-nova-sessio-del-cicle-trending-topics-en-nutricio\/#breadcrumb","itemListElement":[{"@type":"ListItem","position":1,"name":"Inici","item":"https:\/\/novaorg.cofb.net\/"},{"@type":"ListItem","position":2,"name":"Novetats en la lact\u00e0ncia materna i les f\u00f3rmules infantils. Nova sessi\u00f3 del cicle &#8220;Trending Topics en nutrici\u00f3&#8221;"}]},{"@type":"WebSite","@id":"https:\/\/www.cofb.org\/#website","url":"https:\/\/www.cofb.org\/","name":"Col\u00b7legi de Farmac\u00e8utics de Barcelona","description":"","publisher":{"@id":"https:\/\/www.cofb.org\/#organization"},"potentialAction":[{"@type":"SearchAction","target":{"@type":"EntryPoint","urlTemplate":"https:\/\/www.cofb.org\/?s={search_term_string}"},"query-input":"required name=search_term_string"}],"inLanguage":"ca"},{"@type":"Organization","@id":"https:\/\/www.cofb.org\/#organization","name":"Col\u00b7legi de Farmac\u00e8utics de Barcelona","url":"https:\/\/www.cofb.org\/","logo":{"@type":"ImageObject","inLanguage":"ca","@id":"https:\/\/www.cofb.org\/#\/schema\/logo\/image\/","url":"https:\/\/www.cofb.org\/wp-content\/uploads\/2023\/11\/cropped-Logotip-COFB.png","contentUrl":"https:\/\/www.cofb.org\/wp-content\/uploads\/2023\/11\/cropped-Logotip-COFB.png","width":500,"height":105,"caption":"Col\u00b7legi de Farmac\u00e8utics de Barcelona"},"image":{"@id":"https:\/\/www.cofb.org\/#\/schema\/logo\/image\/"},"sameAs":["https:\/\/www.facebook.com\/farmaceuticsbcn\/","https:\/\/twitter.com\/farmaceuticsbcn","https:\/\/www.instagram.com\/farmaceuticsbcn\/","https:\/\/www.linkedin.com\/company\/farmaceuticsbcn\/"]},{"@type":"Person","@id":"https:\/\/www.cofb.org\/#\/schema\/person\/f32de3b41b812c85ff923cb4cc849063","name":"Berta Mart\u00ednez","image":{"@type":"ImageObject","inLanguage":"ca","@id":"https:\/\/www.cofb.org\/#\/schema\/person\/image\/","url":"https:\/\/secure.gravatar.com\/avatar\/d4c584dab5da1ee9e3c3df161c0aabec7075cc8211cd46ffc79bfe177aa78b01?s=96&d=mm&r=g","contentUrl":"https:\/\/secure.gravatar.com\/avatar\/d4c584dab5da1ee9e3c3df161c0aabec7075cc8211cd46ffc79bfe177aa78b01?s=96&d=mm&r=g","caption":"Berta Mart\u00ednez"},"url":"https:\/\/www.cofb.org\/ca\/author\/bmartinez\/"}]}},"uagb_featured_image_src":{"full":["https:\/\/www.cofb.org\/wp-content\/uploads\/2025\/05\/COFB_LACTANCIA_09052025_4-scaled.jpg",2560,1928,false],"thumbnail":["https:\/\/www.cofb.org\/wp-content\/uploads\/2025\/05\/COFB_LACTANCIA_09052025_4-150x150.jpg",150,150,true],"medium":["https:\/\/www.cofb.org\/wp-content\/uploads\/2025\/05\/COFB_LACTANCIA_09052025_4-300x226.jpg",300,226,true],"medium_large":["https:\/\/www.cofb.org\/wp-content\/uploads\/2025\/05\/COFB_LACTANCIA_09052025_4-768x578.jpg",768,578,true],"large":["https:\/\/www.cofb.org\/wp-content\/uploads\/2025\/05\/COFB_LACTANCIA_09052025_4-1024x771.jpg",1024,771,true],"1536x1536":["https:\/\/www.cofb.org\/wp-content\/uploads\/2025\/05\/COFB_LACTANCIA_09052025_4-1536x1157.jpg",1536,1157,true],"2048x2048":["https:\/\/www.cofb.org\/wp-content\/uploads\/2025\/05\/COFB_LACTANCIA_09052025_4-2048x1542.jpg",2048,1542,true],"trp-custom-language-flag":["https:\/\/www.cofb.org\/wp-content\/uploads\/2025\/05\/COFB_LACTANCIA_09052025_4-16x12.jpg",16,12,true]},"uagb_author_info":{"display_name":"Berta Mart\u00ednez","author_link":"https:\/\/www.cofb.org\/ca\/author\/bmartinez\/"},"uagb_comment_info":0,"uagb_excerpt":"El passat 27 de febrer, el Col\u00b7legi de Farmac\u00e8utics de Barcelona (COFB) va organitzar el Trending topics en nutrici\u00f3 \u201cLact\u00e0ncia materna i f\u00f3rmules infantils, qu\u00e8 hi ha de nou?\u201d, amb el patrocini de Danone i Nutricia. La confer\u00e8ncia va anar a c\u00e0rrec de Juan Miguel Rodr\u00edguez, catedr\u00e0tic del Departament de [&hellip;]","_links":{"self":[{"href":"https:\/\/www.cofb.org\/ca\/wp-json\/wp\/v2\/posts\/81235","targetHints":{"allow":["GET"]}}],"collection":[{"href":"https:\/\/www.cofb.org\/ca\/wp-json\/wp\/v2\/posts"}],"about":[{"href":"https:\/\/www.cofb.org\/ca\/wp-json\/wp\/v2\/types\/post"}],"author":[{"embeddable":true,"href":"https:\/\/www.cofb.org\/ca\/wp-json\/wp\/v2\/users\/3"}],"replies":[{"embeddable":true,"href":"https:\/\/www.cofb.org\/ca\/wp-json\/wp\/v2\/comments?post=81235"}],"version-history":[{"count":11,"href":"https:\/\/www.cofb.org\/ca\/wp-json\/wp\/v2\/posts\/81235\/revisions"}],"predecessor-version":[{"id":81253,"href":"https:\/\/www.cofb.org\/ca\/wp-json\/wp\/v2\/posts\/81235\/revisions\/81253"}],"wp:featuredmedia":[{"embeddable":true,"href":"https:\/\/www.cofb.org\/ca\/wp-json\/wp\/v2\/media\/81243"}],"wp:attachment":[{"href":"https:\/\/www.cofb.org\/ca\/wp-json\/wp\/v2\/media?parent=81235"}],"wp:term":[{"taxonomy":"category","embeddable":true,"href":"https:\/\/www.cofb.org\/ca\/wp-json\/wp\/v2\/categories?post=81235"},{"taxonomy":"post_tag","embeddable":true,"href":"https:\/\/www.cofb.org\/ca\/wp-json\/wp\/v2\/tags?post=81235"}],"curies":[{"name":"wp","href":"https:\/\/api.w.org\/{rel}","templated":true}]}}