{"id":81140,"date":"2025-04-10T09:32:00","date_gmt":"2025-04-10T09:32:00","guid":{"rendered":"https:\/\/www.cofb.org\/?p=81140"},"modified":"2025-04-10T09:34:45","modified_gmt":"2025-04-10T09:34:45","slug":"infarma-solidario-recapta-34-915-euros-per-reforcar-lassistencia-sanitaria-i-farmaceutica-a-ucraina","status":"publish","type":"post","link":"https:\/\/www.cofb.org\/ca\/2025\/04\/10\/infarma-solidario-recapta-34-915-euros-per-reforcar-lassistencia-sanitaria-i-farmaceutica-a-ucraina\/","title":{"rendered":"Infarma\u00a0Solidario recapta 34.915 euros per refor\u00e7ar l&#8217;assist\u00e8ncia sanit\u00e0ria i farmac\u00e8utica a Ucra\u00efna"},"content":{"rendered":"\n<ul class=\"wp-block-list\">\n<li>Els<strong> fons recaptats es destinaran \u00edntegrament a l&#8217;ONG&nbsp;Farmamundi<\/strong>&nbsp;en suport a les persones despla\u00e7ades a les regions de&nbsp;Sumy&nbsp;i&nbsp;Poltava, on gaireb\u00e9 el <strong>50% de les farm\u00e0cies estan tancades<\/strong><\/li>\n\n\n\n<li>La <strong>recaptaci\u00f3 <\/strong>s&#8217;ha obtingut <strong>gr\u00e0cies a la venda d&#8217;entrades per a un concert ben\u00e8fic<\/strong>, celebrat el passat 26 de mar\u00e7, i <strong>mitjan\u00e7ant les donacions de col\u00b7laboradors <\/strong>que han donat suport a aquesta causa solid\u00e0ria<\/li>\n<\/ul>\n\n\n\n<figure class=\"wp-block-image size-large\"><a href=\"https:\/\/www.cofb.org\/wp-content\/uploads\/2025\/04\/COFB_INFARMA-SOLIDARIO_10042025.jpg\" target=\"_blank\" rel=\"noreferrer noopener\"><img fetchpriority=\"high\" decoding=\"async\" width=\"1024\" height=\"683\" src=\"https:\/\/www.cofb.org\/wp-content\/uploads\/2025\/04\/COFB_INFARMA-SOLIDARIO_10042025-1024x683.jpg\" alt=\"Infarma Solidario\" class=\"wp-image-81143\" srcset=\"https:\/\/www.cofb.org\/wp-content\/uploads\/2025\/04\/COFB_INFARMA-SOLIDARIO_10042025-1024x683.jpg 1024w, https:\/\/www.cofb.org\/wp-content\/uploads\/2025\/04\/COFB_INFARMA-SOLIDARIO_10042025-300x200.jpg 300w, https:\/\/www.cofb.org\/wp-content\/uploads\/2025\/04\/COFB_INFARMA-SOLIDARIO_10042025-768x512.jpg 768w, https:\/\/www.cofb.org\/wp-content\/uploads\/2025\/04\/COFB_INFARMA-SOLIDARIO_10042025-1536x1024.jpg 1536w, https:\/\/www.cofb.org\/wp-content\/uploads\/2025\/04\/COFB_INFARMA-SOLIDARIO_10042025-2048x1366.jpg 2048w, https:\/\/www.cofb.org\/wp-content\/uploads\/2025\/04\/COFB_INFARMA-SOLIDARIO_10042025-18x12.jpg 18w\" sizes=\"(max-width: 1024px) 100vw, 1024px\" \/><\/a><figcaption class=\"wp-element-caption\">D&#8217;esquerra a dreta: Agust\u00edn Torres, Jordi Casas, Miquel Recasens, Sara Valverde y Manuel Mart\u00ednez del Peral.<\/figcaption><\/figure>\n\n\n\n<p><br><em>Barcelona, 10 d&#8217;abril de 2025. \u2013&nbsp;<\/em><strong>Infarma&nbsp;Solidario<\/strong>, iniciativa conjunta del <strong>Col\u00b7legi&nbsp;de&nbsp;Farmac\u00e8utics&nbsp;de Barcelona (COFB), el Colegio Oficial de Farmac\u00e9uticos de Madrid (COFM)&nbsp;i&nbsp;CloserStill&nbsp;Media<\/strong>, ha recaptat un total de <strong>34.915 euros que es destinaran \u00edntegrament a l&#8217;ONG&nbsp;Farmamundi<\/strong>. <strong>L&#8217;objectiu <\/strong>\u00e9s <strong>refor\u00e7ar l&#8217;assist\u00e8ncia sanit\u00e0ria i farmac\u00e8utica a Ucra\u00efna<\/strong>, en suport a les persones despla\u00e7ades a les regions de&nbsp;Sumy&nbsp;i&nbsp;Poltava, on prop del 50% de les farm\u00e0cies romanen tancades.<\/p>\n\n\n\n<p>La <strong>recaptaci\u00f3 <\/strong>ha estat possible <strong>gr\u00e0cies a la solidaritat dels assistents al concert solidari<\/strong> del grup&nbsp;From&nbsp;Lost&nbsp;To&nbsp;The&nbsp;River, celebrat el passat 26 de mar\u00e7 a la Sala Luz de Gas de Barcelona, aix\u00ed com a les <strong>donacions dels col\u00b7laboradors <\/strong>que han donat suport a aquesta nova edici\u00f3 d&#8217;Infarma&nbsp;Solidario. En la <strong>categoria plata<\/strong> han participat <strong>CaixaBank,&nbsp;Cinfa&nbsp;i el Consejo General de Colegios Farmac\u00e9uticos<\/strong>; i en la <strong>categoria bronze<\/strong>,&nbsp;<strong>Alliance&nbsp;Healthcare,&nbsp;Arquia&nbsp;Banca,&nbsp;CBNK&nbsp;Salut \u2013&nbsp;Bancofar,&nbsp;Farmaconsulting&nbsp;i&nbsp;ISDIN<\/strong>.<\/p>\n\n\n\n<p><strong>Miquel&nbsp;Recasens<\/strong>, tresorer del Col\u00b7legi&nbsp;de&nbsp;Farmac\u00e8utics&nbsp;de Barcelona (COFB)&nbsp;i responsable de la Comissi\u00f3 de Comprom\u00eds Social (RSC), va agrair la solidaritat de totes les persones i col\u00b7laboradors i va recordar la import\u00e0ncia de l&#8217;organitzaci\u00f3 d&#8217;aquesta mena d&#8217;actes ben\u00e8fics per a <strong>\u201cacostar el comprom\u00eds del sector farmac\u00e8utic als reptes de la salut, conscienciar sobre la necessitat de dedicar esfor\u00e7os a aquest \u00e0mbit i, concretament, en aquesta edici\u00f3, refor\u00e7ar l&#8217;assist\u00e8ncia sanit\u00e0ria i farmac\u00e8utica a Ucra\u00efna\u201d<\/strong>.<\/p>\n\n\n\n<h2 class=\"wp-block-heading\"><strong>Els 4 grans objectius del projecte<\/strong><\/h2>\n\n\n\n<p>La iniciativa, que es concentra a les regions&nbsp;Sumy&nbsp;i&nbsp;Poltava, t\u00e9 <strong>4 grans objectius<\/strong>: <strong>posar en marxa un equip sanitari per atendre, protegir i referenciar a la poblaci\u00f3 m\u00e9s vulnerable<\/strong>; <strong>garantir serveis de salut mental i suport psicosocial adaptats a dones i poblaci\u00f3 infanti<\/strong>l, promovent la seva recuperaci\u00f3; <strong>accedir a serveis sanitaris i farmacol\u00f2gics a trav\u00e9s de cupons dirigits a dones despla\u00e7ades internes en situaci\u00f3 de major vulnerabilitat<\/strong>; i <strong>enfortir els coneixements i sensibilitzar a professionals farmac\u00e8utics\/ques actuals i futurs\/es en l&#8217;acc\u00e9s global a la salut i els determinants socials del dret a la salut<\/strong>.<\/p>\n\n\n\n<h2 class=\"wp-block-heading\"><strong>Quina \u00e9s la finalitat d&#8217;Infarma&nbsp;Solidario?<\/strong><\/h2>\n\n\n\n<p>Des de 2016,&nbsp;Infarma&nbsp;Solidario ha organitzat diferents activitats ben\u00e8fiques per conscienciar sobre la necessitat de dedicar esfor\u00e7os al comprom\u00eds social, divulgar l&#8217;acci\u00f3 social i solid\u00e0ria dels diferents agents del sector farmac\u00e8utic, i organitzar activitats amb la finalitat de recaptar fons solidaris, destinats \u00edntegrament al finan\u00e7ament de projectes d&#8217;\u00e0mbit humanitari i social.<\/p>\n","protected":false},"excerpt":{"rendered":"<p>Barcelona, 10 d&#8217;abril de 2025. \u2013&nbsp;Infarma&nbsp;Solidario, iniciativa conjunta del Col\u00b7legi&nbsp;de&nbsp;Farmac\u00e8utics&nbsp;de Barcelona (COFB), el Colegio Oficial de Farmac\u00e9uticos de Madrid (COFM)&nbsp;i&nbsp;CloserStill&nbsp;Media, ha recaptat un total de 34.915 euros que es destinaran \u00edntegrament a l&#8217;ONG&nbsp;Farmamundi. L&#8217;objectiu \u00e9s refor\u00e7ar l&#8217;assist\u00e8ncia sanit\u00e0ria i farmac\u00e8utica a Ucra\u00efna, en suport a les persones despla\u00e7ades a les [&hellip;]<\/p>\n","protected":false},"author":3,"featured_media":81143,"comment_status":"closed","ping_status":"closed","sticky":false,"template":"","format":"aside","meta":{"_uag_custom_page_level_css":"","site-sidebar-layout":"default","site-content-layout":"","ast-site-content-layout":"default","site-content-style":"default","site-sidebar-style":"default","ast-global-header-display":"","ast-banner-title-visibility":"","ast-main-header-display":"","ast-hfb-above-header-display":"","ast-hfb-below-header-display":"","ast-hfb-mobile-header-display":"","site-post-title":"","ast-breadcrumbs-content":"","ast-featured-img":"disabled","footer-sml-layout":"","theme-transparent-header-meta":"","adv-header-id-meta":"","stick-header-meta":"","header-above-stick-meta":"","header-main-stick-meta":"","header-below-stick-meta":"","astra-migrate-meta-layouts":"set","ast-page-background-enabled":"default","ast-page-background-meta":{"desktop":{"background-color":"var(--ast-global-color-4)","background-image":"","background-repeat":"repeat","background-position":"center center","background-size":"auto","background-attachment":"scroll","background-type":"","background-media":"","overlay-type":"","overlay-color":"","overlay-opacity":"","overlay-gradient":""},"tablet":{"background-color":"","background-image":"","background-repeat":"repeat","background-position":"center center","background-size":"auto","background-attachment":"scroll","background-type":"","background-media":"","overlay-type":"","overlay-color":"","overlay-opacity":"","overlay-gradient":""},"mobile":{"background-color":"","background-image":"","background-repeat":"repeat","background-position":"center center","background-size":"auto","background-attachment":"scroll","background-type":"","background-media":"","overlay-type":"","overlay-color":"","overlay-opacity":"","overlay-gradient":""}},"ast-content-background-meta":{"desktop":{"background-color":"var(--ast-global-color-5)","background-image":"","background-repeat":"repeat","background-position":"center center","background-size":"auto","background-attachment":"scroll","background-type":"","background-media":"","overlay-type":"","overlay-color":"","overlay-opacity":"","overlay-gradient":""},"tablet":{"background-color":"var(--ast-global-color-5)","background-image":"","background-repeat":"repeat","background-position":"center center","background-size":"auto","background-attachment":"scroll","background-type":"","background-media":"","overlay-type":"","overlay-color":"","overlay-opacity":"","overlay-gradient":""},"mobile":{"background-color":"var(--ast-global-color-5)","background-image":"","background-repeat":"repeat","background-position":"center center","background-size":"auto","background-attachment":"scroll","background-type":"","background-media":"","overlay-type":"","overlay-color":"","overlay-opacity":"","overlay-gradient":""}},"footnotes":""},"categories":[23,2165,1060],"tags":[5265,3100,18,19,161,234,2717,68,235,28,236,2624,5266,5332,586,5331,587],"class_list":["post-81140","post","type-post","status-publish","format-aside","has-post-thumbnail","hentry","category-destacats","category-infarma","category-notes-premsa","tag-assistencia-farmaceutica","tag-assistencia-sanitaria","tag-cofb","tag-collegi-de-farmaceutics-de-barcelona","tag-concert","tag-concert-benefic","tag-concert-solidari","tag-farmacia","tag-farmamundi","tag-infarma","tag-infarma-solidario","tag-ong","tag-ong-farmamundi","tag-poltava","tag-solidaritat","tag-sumy","tag-ucraina","post_format-post-format-aside"],"yoast_head":"<!-- This site is optimized with the Yoast SEO plugin v22.4 - https:\/\/yoast.com\/wordpress\/plugins\/seo\/ -->\n<title>Infarma\u00a0Solidario recapta 34.915 euros per refor\u00e7ar l&#039;assist\u00e8ncia sanit\u00e0ria i farmac\u00e8utica a Ucra\u00efna - Col\u00b7legi de Farmac\u00e8utics de Barcelona<\/title>\n<meta name=\"description\" content=\"Infarma\u00a0Solidario, iniciativa conjunta del COFB, el COFM\u00a0i\u00a0CloserStill\u00a0Media, ha recaptat un total de 34.915 euros\" \/>\n<meta name=\"robots\" content=\"index, follow, max-snippet:-1, max-image-preview:large, max-video-preview:-1\" \/>\n<link rel=\"canonical\" href=\"https:\/\/www.cofb.org\/ca\/2025\/04\/10\/infarma-solidario-recapta-34-915-euros-per-reforcar-lassistencia-sanitaria-i-farmaceutica-a-ucraina\/\" \/>\n<meta property=\"og:locale\" content=\"ca_ES\" \/>\n<meta property=\"og:type\" content=\"article\" \/>\n<meta property=\"og:title\" content=\"Infarma\u00a0Solidario recapta 34.915 euros per refor\u00e7ar l&#039;assist\u00e8ncia sanit\u00e0ria i farmac\u00e8utica a Ucra\u00efna - Col\u00b7legi de Farmac\u00e8utics de Barcelona\" \/>\n<meta property=\"og:description\" content=\"Infarma\u00a0Solidario, iniciativa conjunta del COFB, el COFM\u00a0i\u00a0CloserStill\u00a0Media, ha recaptat un total de 34.915 euros\" \/>\n<meta property=\"og:url\" content=\"https:\/\/www.cofb.org\/ca\/2025\/04\/10\/infarma-solidario-recapta-34-915-euros-per-reforcar-lassistencia-sanitaria-i-farmaceutica-a-ucraina\/\" \/>\n<meta property=\"og:site_name\" content=\"Col\u00b7legi de Farmac\u00e8utics de Barcelona\" \/>\n<meta property=\"article:publisher\" content=\"https:\/\/www.facebook.com\/farmaceuticsbcn\/\" \/>\n<meta property=\"article:published_time\" content=\"2025-04-10T09:32:00+00:00\" \/>\n<meta property=\"article:modified_time\" content=\"2025-04-10T09:34:45+00:00\" \/>\n<meta property=\"og:image\" content=\"https:\/\/www.cofb.org\/wp-content\/uploads\/2025\/04\/COFB_INFARMA-SOLIDARIO_10042025.jpg\" \/>\n\t<meta property=\"og:image:width\" content=\"2362\" \/>\n\t<meta property=\"og:image:height\" content=\"1575\" \/>\n\t<meta property=\"og:image:type\" content=\"image\/jpeg\" \/>\n<meta name=\"author\" content=\"Berta Mart\u00ednez\" \/>\n<meta name=\"twitter:card\" content=\"summary_large_image\" \/>\n<meta name=\"twitter:creator\" content=\"@farmaceuticsbcn\" \/>\n<meta name=\"twitter:site\" content=\"@farmaceuticsbcn\" \/>\n<meta name=\"twitter:label1\" content=\"Escrit per\" \/>\n\t<meta name=\"twitter:data1\" content=\"Berta Mart\u00ednez\" \/>\n\t<meta name=\"twitter:label2\" content=\"Temps estimat de lectura\" \/>\n\t<meta name=\"twitter:data2\" content=\"3 minuts\" \/>\n<script type=\"application\/ld+json\" class=\"yoast-schema-graph\">{\"@context\":\"https:\/\/schema.org\",\"@graph\":[{\"@type\":\"Article\",\"@id\":\"https:\/\/www.cofb.org\/2025\/04\/10\/infarma-solidario-recapta-34-915-euros-per-reforcar-lassistencia-sanitaria-i-farmaceutica-a-ucraina\/#article\",\"isPartOf\":{\"@id\":\"https:\/\/www.cofb.org\/2025\/04\/10\/infarma-solidario-recapta-34-915-euros-per-reforcar-lassistencia-sanitaria-i-farmaceutica-a-ucraina\/\"},\"author\":{\"name\":\"Berta Mart\u00ednez\",\"@id\":\"https:\/\/www.cofb.org\/#\/schema\/person\/f32de3b41b812c85ff923cb4cc849063\"},\"headline\":\"Infarma\u00a0Solidario recapta 34.915 euros per refor\u00e7ar l&#8217;assist\u00e8ncia sanit\u00e0ria i farmac\u00e8utica a Ucra\u00efna\",\"datePublished\":\"2025-04-10T09:32:00+00:00\",\"dateModified\":\"2025-04-10T09:34:45+00:00\",\"mainEntityOfPage\":{\"@id\":\"https:\/\/www.cofb.org\/2025\/04\/10\/infarma-solidario-recapta-34-915-euros-per-reforcar-lassistencia-sanitaria-i-farmaceutica-a-ucraina\/\"},\"wordCount\":591,\"publisher\":{\"@id\":\"https:\/\/www.cofb.org\/#organization\"},\"image\":{\"@id\":\"https:\/\/www.cofb.org\/2025\/04\/10\/infarma-solidario-recapta-34-915-euros-per-reforcar-lassistencia-sanitaria-i-farmaceutica-a-ucraina\/#primaryimage\"},\"thumbnailUrl\":\"https:\/\/www.cofb.org\/wp-content\/uploads\/2025\/04\/COFB_INFARMA-SOLIDARIO_10042025.jpg\",\"keywords\":[\"assist\u00e8ncia farmac\u00e8utica\",\"assist\u00e8ncia sanit\u00e0ria\",\"COFB\",\"Col\u00b7legi de Farmac\u00e8utics de Barcelona\",\"Concert\",\"concert ben\u00e8fic\",\"concert solidari\",\"Farm\u00e0cia\",\"Farmamundi\",\"Infarma\",\"Infarma Solidario\",\"ONG\",\"ONG Farmamundi\",\"Poltava\",\"solidaritat\",\"Sumy\",\"Ucra\u00efna\"],\"articleSection\":[\"Destacats\",\"Infarma\",\"Notes de premsa\"],\"inLanguage\":\"ca\"},{\"@type\":\"WebPage\",\"@id\":\"https:\/\/www.cofb.org\/2025\/04\/10\/infarma-solidario-recapta-34-915-euros-per-reforcar-lassistencia-sanitaria-i-farmaceutica-a-ucraina\/\",\"url\":\"https:\/\/www.cofb.org\/2025\/04\/10\/infarma-solidario-recapta-34-915-euros-per-reforcar-lassistencia-sanitaria-i-farmaceutica-a-ucraina\/\",\"name\":\"Infarma\u00a0Solidario recapta 34.915 euros per refor\u00e7ar l'assist\u00e8ncia sanit\u00e0ria i farmac\u00e8utica a Ucra\u00efna - Col\u00b7legi de Farmac\u00e8utics de Barcelona\",\"isPartOf\":{\"@id\":\"https:\/\/www.cofb.org\/#website\"},\"primaryImageOfPage\":{\"@id\":\"https:\/\/www.cofb.org\/2025\/04\/10\/infarma-solidario-recapta-34-915-euros-per-reforcar-lassistencia-sanitaria-i-farmaceutica-a-ucraina\/#primaryimage\"},\"image\":{\"@id\":\"https:\/\/www.cofb.org\/2025\/04\/10\/infarma-solidario-recapta-34-915-euros-per-reforcar-lassistencia-sanitaria-i-farmaceutica-a-ucraina\/#primaryimage\"},\"thumbnailUrl\":\"https:\/\/www.cofb.org\/wp-content\/uploads\/2025\/04\/COFB_INFARMA-SOLIDARIO_10042025.jpg\",\"datePublished\":\"2025-04-10T09:32:00+00:00\",\"dateModified\":\"2025-04-10T09:34:45+00:00\",\"description\":\"Infarma\u00a0Solidario, iniciativa conjunta del COFB, el COFM\u00a0i\u00a0CloserStill\u00a0Media, ha recaptat un total de 34.915 euros\",\"breadcrumb\":{\"@id\":\"https:\/\/www.cofb.org\/2025\/04\/10\/infarma-solidario-recapta-34-915-euros-per-reforcar-lassistencia-sanitaria-i-farmaceutica-a-ucraina\/#breadcrumb\"},\"inLanguage\":\"ca\",\"potentialAction\":[{\"@type\":\"ReadAction\",\"target\":[\"https:\/\/www.cofb.org\/2025\/04\/10\/infarma-solidario-recapta-34-915-euros-per-reforcar-lassistencia-sanitaria-i-farmaceutica-a-ucraina\/\"]}]},{\"@type\":\"ImageObject\",\"inLanguage\":\"ca\",\"@id\":\"https:\/\/www.cofb.org\/2025\/04\/10\/infarma-solidario-recapta-34-915-euros-per-reforcar-lassistencia-sanitaria-i-farmaceutica-a-ucraina\/#primaryimage\",\"url\":\"https:\/\/www.cofb.org\/wp-content\/uploads\/2025\/04\/COFB_INFARMA-SOLIDARIO_10042025.jpg\",\"contentUrl\":\"https:\/\/www.cofb.org\/wp-content\/uploads\/2025\/04\/COFB_INFARMA-SOLIDARIO_10042025.jpg\",\"width\":2362,\"height\":1575,\"caption\":\"D'esquerra a dreta: Agust\u00edn Torres, Jordi Casas, Miquel Recasens, Sara Valverde y Manuel Mart\u00ednez del Peral.\"},{\"@type\":\"BreadcrumbList\",\"@id\":\"https:\/\/www.cofb.org\/2025\/04\/10\/infarma-solidario-recapta-34-915-euros-per-reforcar-lassistencia-sanitaria-i-farmaceutica-a-ucraina\/#breadcrumb\",\"itemListElement\":[{\"@type\":\"ListItem\",\"position\":1,\"name\":\"Inici\",\"item\":\"https:\/\/novaorg.cofb.net\/\"},{\"@type\":\"ListItem\",\"position\":2,\"name\":\"Infarma\u00a0Solidario recapta 34.915 euros per refor\u00e7ar l&#8217;assist\u00e8ncia sanit\u00e0ria i farmac\u00e8utica a Ucra\u00efna\"}]},{\"@type\":\"WebSite\",\"@id\":\"https:\/\/www.cofb.org\/#website\",\"url\":\"https:\/\/www.cofb.org\/\",\"name\":\"Col\u00b7legi de Farmac\u00e8utics de Barcelona\",\"description\":\"\",\"publisher\":{\"@id\":\"https:\/\/www.cofb.org\/#organization\"},\"potentialAction\":[{\"@type\":\"SearchAction\",\"target\":{\"@type\":\"EntryPoint\",\"urlTemplate\":\"https:\/\/www.cofb.org\/?s={search_term_string}\"},\"query-input\":\"required name=search_term_string\"}],\"inLanguage\":\"ca\"},{\"@type\":\"Organization\",\"@id\":\"https:\/\/www.cofb.org\/#organization\",\"name\":\"Col\u00b7legi de Farmac\u00e8utics de Barcelona\",\"url\":\"https:\/\/www.cofb.org\/\",\"logo\":{\"@type\":\"ImageObject\",\"inLanguage\":\"ca\",\"@id\":\"https:\/\/www.cofb.org\/#\/schema\/logo\/image\/\",\"url\":\"https:\/\/www.cofb.org\/wp-content\/uploads\/2023\/11\/cropped-Logotip-COFB.png\",\"contentUrl\":\"https:\/\/www.cofb.org\/wp-content\/uploads\/2023\/11\/cropped-Logotip-COFB.png\",\"width\":500,\"height\":105,\"caption\":\"Col\u00b7legi de Farmac\u00e8utics de Barcelona\"},\"image\":{\"@id\":\"https:\/\/www.cofb.org\/#\/schema\/logo\/image\/\"},\"sameAs\":[\"https:\/\/www.facebook.com\/farmaceuticsbcn\/\",\"https:\/\/twitter.com\/farmaceuticsbcn\",\"https:\/\/www.instagram.com\/farmaceuticsbcn\/\",\"https:\/\/www.linkedin.com\/company\/farmaceuticsbcn\/\"]},{\"@type\":\"Person\",\"@id\":\"https:\/\/www.cofb.org\/#\/schema\/person\/f32de3b41b812c85ff923cb4cc849063\",\"name\":\"Berta Mart\u00ednez\",\"image\":{\"@type\":\"ImageObject\",\"inLanguage\":\"ca\",\"@id\":\"https:\/\/www.cofb.org\/#\/schema\/person\/image\/\",\"url\":\"https:\/\/secure.gravatar.com\/avatar\/d4c584dab5da1ee9e3c3df161c0aabec7075cc8211cd46ffc79bfe177aa78b01?s=96&d=mm&r=g\",\"contentUrl\":\"https:\/\/secure.gravatar.com\/avatar\/d4c584dab5da1ee9e3c3df161c0aabec7075cc8211cd46ffc79bfe177aa78b01?s=96&d=mm&r=g\",\"caption\":\"Berta Mart\u00ednez\"},\"url\":\"https:\/\/www.cofb.org\/ca\/author\/bmartinez\/\"}]}<\/script>\n<!-- \/ Yoast SEO plugin. -->","yoast_head_json":{"title":"Infarma\u00a0Solidario recapta 34.915 euros per refor\u00e7ar l'assist\u00e8ncia sanit\u00e0ria i farmac\u00e8utica a Ucra\u00efna - Col\u00b7legi de Farmac\u00e8utics de Barcelona","description":"Infarma\u00a0Solidario, iniciativa conjunta del COFB, el COFM\u00a0i\u00a0CloserStill\u00a0Media, ha recaptat un total de 34.915 euros","robots":{"index":"index","follow":"follow","max-snippet":"max-snippet:-1","max-image-preview":"max-image-preview:large","max-video-preview":"max-video-preview:-1"},"canonical":"https:\/\/www.cofb.org\/ca\/2025\/04\/10\/infarma-solidario-recapta-34-915-euros-per-reforcar-lassistencia-sanitaria-i-farmaceutica-a-ucraina\/","og_locale":"ca_ES","og_type":"article","og_title":"Infarma\u00a0Solidario recapta 34.915 euros per refor\u00e7ar l'assist\u00e8ncia sanit\u00e0ria i farmac\u00e8utica a Ucra\u00efna - Col\u00b7legi de Farmac\u00e8utics de Barcelona","og_description":"Infarma\u00a0Solidario, iniciativa conjunta del COFB, el COFM\u00a0i\u00a0CloserStill\u00a0Media, ha recaptat un total de 34.915 euros","og_url":"https:\/\/www.cofb.org\/ca\/2025\/04\/10\/infarma-solidario-recapta-34-915-euros-per-reforcar-lassistencia-sanitaria-i-farmaceutica-a-ucraina\/","og_site_name":"Col\u00b7legi de Farmac\u00e8utics de Barcelona","article_publisher":"https:\/\/www.facebook.com\/farmaceuticsbcn\/","article_published_time":"2025-04-10T09:32:00+00:00","article_modified_time":"2025-04-10T09:34:45+00:00","og_image":[{"width":2362,"height":1575,"url":"https:\/\/www.cofb.org\/wp-content\/uploads\/2025\/04\/COFB_INFARMA-SOLIDARIO_10042025.jpg","type":"image\/jpeg"}],"author":"Berta Mart\u00ednez","twitter_card":"summary_large_image","twitter_creator":"@farmaceuticsbcn","twitter_site":"@farmaceuticsbcn","twitter_misc":{"Escrit per":"Berta Mart\u00ednez","Temps estimat de lectura":"3 minuts"},"schema":{"@context":"https:\/\/schema.org","@graph":[{"@type":"Article","@id":"https:\/\/www.cofb.org\/2025\/04\/10\/infarma-solidario-recapta-34-915-euros-per-reforcar-lassistencia-sanitaria-i-farmaceutica-a-ucraina\/#article","isPartOf":{"@id":"https:\/\/www.cofb.org\/2025\/04\/10\/infarma-solidario-recapta-34-915-euros-per-reforcar-lassistencia-sanitaria-i-farmaceutica-a-ucraina\/"},"author":{"name":"Berta Mart\u00ednez","@id":"https:\/\/www.cofb.org\/#\/schema\/person\/f32de3b41b812c85ff923cb4cc849063"},"headline":"Infarma\u00a0Solidario recapta 34.915 euros per refor\u00e7ar l&#8217;assist\u00e8ncia sanit\u00e0ria i farmac\u00e8utica a Ucra\u00efna","datePublished":"2025-04-10T09:32:00+00:00","dateModified":"2025-04-10T09:34:45+00:00","mainEntityOfPage":{"@id":"https:\/\/www.cofb.org\/2025\/04\/10\/infarma-solidario-recapta-34-915-euros-per-reforcar-lassistencia-sanitaria-i-farmaceutica-a-ucraina\/"},"wordCount":591,"publisher":{"@id":"https:\/\/www.cofb.org\/#organization"},"image":{"@id":"https:\/\/www.cofb.org\/2025\/04\/10\/infarma-solidario-recapta-34-915-euros-per-reforcar-lassistencia-sanitaria-i-farmaceutica-a-ucraina\/#primaryimage"},"thumbnailUrl":"https:\/\/www.cofb.org\/wp-content\/uploads\/2025\/04\/COFB_INFARMA-SOLIDARIO_10042025.jpg","keywords":["assist\u00e8ncia farmac\u00e8utica","assist\u00e8ncia sanit\u00e0ria","COFB","Col\u00b7legi de Farmac\u00e8utics de Barcelona","Concert","concert ben\u00e8fic","concert solidari","Farm\u00e0cia","Farmamundi","Infarma","Infarma Solidario","ONG","ONG Farmamundi","Poltava","solidaritat","Sumy","Ucra\u00efna"],"articleSection":["Destacats","Infarma","Notes de premsa"],"inLanguage":"ca"},{"@type":"WebPage","@id":"https:\/\/www.cofb.org\/2025\/04\/10\/infarma-solidario-recapta-34-915-euros-per-reforcar-lassistencia-sanitaria-i-farmaceutica-a-ucraina\/","url":"https:\/\/www.cofb.org\/2025\/04\/10\/infarma-solidario-recapta-34-915-euros-per-reforcar-lassistencia-sanitaria-i-farmaceutica-a-ucraina\/","name":"Infarma\u00a0Solidario recapta 34.915 euros per refor\u00e7ar l'assist\u00e8ncia sanit\u00e0ria i farmac\u00e8utica a Ucra\u00efna - Col\u00b7legi de Farmac\u00e8utics de Barcelona","isPartOf":{"@id":"https:\/\/www.cofb.org\/#website"},"primaryImageOfPage":{"@id":"https:\/\/www.cofb.org\/2025\/04\/10\/infarma-solidario-recapta-34-915-euros-per-reforcar-lassistencia-sanitaria-i-farmaceutica-a-ucraina\/#primaryimage"},"image":{"@id":"https:\/\/www.cofb.org\/2025\/04\/10\/infarma-solidario-recapta-34-915-euros-per-reforcar-lassistencia-sanitaria-i-farmaceutica-a-ucraina\/#primaryimage"},"thumbnailUrl":"https:\/\/www.cofb.org\/wp-content\/uploads\/2025\/04\/COFB_INFARMA-SOLIDARIO_10042025.jpg","datePublished":"2025-04-10T09:32:00+00:00","dateModified":"2025-04-10T09:34:45+00:00","description":"Infarma\u00a0Solidario, iniciativa conjunta del COFB, el COFM\u00a0i\u00a0CloserStill\u00a0Media, ha recaptat un total de 34.915 euros","breadcrumb":{"@id":"https:\/\/www.cofb.org\/2025\/04\/10\/infarma-solidario-recapta-34-915-euros-per-reforcar-lassistencia-sanitaria-i-farmaceutica-a-ucraina\/#breadcrumb"},"inLanguage":"ca","potentialAction":[{"@type":"ReadAction","target":["https:\/\/www.cofb.org\/2025\/04\/10\/infarma-solidario-recapta-34-915-euros-per-reforcar-lassistencia-sanitaria-i-farmaceutica-a-ucraina\/"]}]},{"@type":"ImageObject","inLanguage":"ca","@id":"https:\/\/www.cofb.org\/2025\/04\/10\/infarma-solidario-recapta-34-915-euros-per-reforcar-lassistencia-sanitaria-i-farmaceutica-a-ucraina\/#primaryimage","url":"https:\/\/www.cofb.org\/wp-content\/uploads\/2025\/04\/COFB_INFARMA-SOLIDARIO_10042025.jpg","contentUrl":"https:\/\/www.cofb.org\/wp-content\/uploads\/2025\/04\/COFB_INFARMA-SOLIDARIO_10042025.jpg","width":2362,"height":1575,"caption":"D'esquerra a dreta: Agust\u00edn Torres, Jordi Casas, Miquel Recasens, Sara Valverde y Manuel Mart\u00ednez del Peral."},{"@type":"BreadcrumbList","@id":"https:\/\/www.cofb.org\/2025\/04\/10\/infarma-solidario-recapta-34-915-euros-per-reforcar-lassistencia-sanitaria-i-farmaceutica-a-ucraina\/#breadcrumb","itemListElement":[{"@type":"ListItem","position":1,"name":"Inici","item":"https:\/\/novaorg.cofb.net\/"},{"@type":"ListItem","position":2,"name":"Infarma\u00a0Solidario recapta 34.915 euros per refor\u00e7ar l&#8217;assist\u00e8ncia sanit\u00e0ria i farmac\u00e8utica a Ucra\u00efna"}]},{"@type":"WebSite","@id":"https:\/\/www.cofb.org\/#website","url":"https:\/\/www.cofb.org\/","name":"Col\u00b7legi de Farmac\u00e8utics de Barcelona","description":"","publisher":{"@id":"https:\/\/www.cofb.org\/#organization"},"potentialAction":[{"@type":"SearchAction","target":{"@type":"EntryPoint","urlTemplate":"https:\/\/www.cofb.org\/?s={search_term_string}"},"query-input":"required name=search_term_string"}],"inLanguage":"ca"},{"@type":"Organization","@id":"https:\/\/www.cofb.org\/#organization","name":"Col\u00b7legi de Farmac\u00e8utics de Barcelona","url":"https:\/\/www.cofb.org\/","logo":{"@type":"ImageObject","inLanguage":"ca","@id":"https:\/\/www.cofb.org\/#\/schema\/logo\/image\/","url":"https:\/\/www.cofb.org\/wp-content\/uploads\/2023\/11\/cropped-Logotip-COFB.png","contentUrl":"https:\/\/www.cofb.org\/wp-content\/uploads\/2023\/11\/cropped-Logotip-COFB.png","width":500,"height":105,"caption":"Col\u00b7legi de Farmac\u00e8utics de Barcelona"},"image":{"@id":"https:\/\/www.cofb.org\/#\/schema\/logo\/image\/"},"sameAs":["https:\/\/www.facebook.com\/farmaceuticsbcn\/","https:\/\/twitter.com\/farmaceuticsbcn","https:\/\/www.instagram.com\/farmaceuticsbcn\/","https:\/\/www.linkedin.com\/company\/farmaceuticsbcn\/"]},{"@type":"Person","@id":"https:\/\/www.cofb.org\/#\/schema\/person\/f32de3b41b812c85ff923cb4cc849063","name":"Berta Mart\u00ednez","image":{"@type":"ImageObject","inLanguage":"ca","@id":"https:\/\/www.cofb.org\/#\/schema\/person\/image\/","url":"https:\/\/secure.gravatar.com\/avatar\/d4c584dab5da1ee9e3c3df161c0aabec7075cc8211cd46ffc79bfe177aa78b01?s=96&d=mm&r=g","contentUrl":"https:\/\/secure.gravatar.com\/avatar\/d4c584dab5da1ee9e3c3df161c0aabec7075cc8211cd46ffc79bfe177aa78b01?s=96&d=mm&r=g","caption":"Berta Mart\u00ednez"},"url":"https:\/\/www.cofb.org\/ca\/author\/bmartinez\/"}]}},"uagb_featured_image_src":{"full":["https:\/\/www.cofb.org\/wp-content\/uploads\/2025\/04\/COFB_INFARMA-SOLIDARIO_10042025.jpg",2362,1575,false],"thumbnail":["https:\/\/www.cofb.org\/wp-content\/uploads\/2025\/04\/COFB_INFARMA-SOLIDARIO_10042025-150x150.jpg",150,150,true],"medium":["https:\/\/www.cofb.org\/wp-content\/uploads\/2025\/04\/COFB_INFARMA-SOLIDARIO_10042025-300x200.jpg",300,200,true],"medium_large":["https:\/\/www.cofb.org\/wp-content\/uploads\/2025\/04\/COFB_INFARMA-SOLIDARIO_10042025-768x512.jpg",768,512,true],"large":["https:\/\/www.cofb.org\/wp-content\/uploads\/2025\/04\/COFB_INFARMA-SOLIDARIO_10042025-1024x683.jpg",1024,683,true],"1536x1536":["https:\/\/www.cofb.org\/wp-content\/uploads\/2025\/04\/COFB_INFARMA-SOLIDARIO_10042025-1536x1024.jpg",1536,1024,true],"2048x2048":["https:\/\/www.cofb.org\/wp-content\/uploads\/2025\/04\/COFB_INFARMA-SOLIDARIO_10042025-2048x1366.jpg",2048,1366,true],"trp-custom-language-flag":["https:\/\/www.cofb.org\/wp-content\/uploads\/2025\/04\/COFB_INFARMA-SOLIDARIO_10042025-18x12.jpg",18,12,true]},"uagb_author_info":{"display_name":"Berta Mart\u00ednez","author_link":"https:\/\/www.cofb.org\/ca\/author\/bmartinez\/"},"uagb_comment_info":0,"uagb_excerpt":"Barcelona, 10 d&#8217;abril de 2025. \u2013&nbsp;Infarma&nbsp;Solidario, iniciativa conjunta del Col\u00b7legi&nbsp;de&nbsp;Farmac\u00e8utics&nbsp;de Barcelona (COFB), el Colegio Oficial de Farmac\u00e9uticos de Madrid (COFM)&nbsp;i&nbsp;CloserStill&nbsp;Media, ha recaptat un total de 34.915 euros que es destinaran \u00edntegrament a l&#8217;ONG&nbsp;Farmamundi. L&#8217;objectiu \u00e9s refor\u00e7ar l&#8217;assist\u00e8ncia sanit\u00e0ria i farmac\u00e8utica a Ucra\u00efna, en suport a les persones despla\u00e7ades a les [&hellip;]","_links":{"self":[{"href":"https:\/\/www.cofb.org\/ca\/wp-json\/wp\/v2\/posts\/81140","targetHints":{"allow":["GET"]}}],"collection":[{"href":"https:\/\/www.cofb.org\/ca\/wp-json\/wp\/v2\/posts"}],"about":[{"href":"https:\/\/www.cofb.org\/ca\/wp-json\/wp\/v2\/types\/post"}],"author":[{"embeddable":true,"href":"https:\/\/www.cofb.org\/ca\/wp-json\/wp\/v2\/users\/3"}],"replies":[{"embeddable":true,"href":"https:\/\/www.cofb.org\/ca\/wp-json\/wp\/v2\/comments?post=81140"}],"version-history":[{"count":5,"href":"https:\/\/www.cofb.org\/ca\/wp-json\/wp\/v2\/posts\/81140\/revisions"}],"predecessor-version":[{"id":81147,"href":"https:\/\/www.cofb.org\/ca\/wp-json\/wp\/v2\/posts\/81140\/revisions\/81147"}],"wp:featuredmedia":[{"embeddable":true,"href":"https:\/\/www.cofb.org\/ca\/wp-json\/wp\/v2\/media\/81143"}],"wp:attachment":[{"href":"https:\/\/www.cofb.org\/ca\/wp-json\/wp\/v2\/media?parent=81140"}],"wp:term":[{"taxonomy":"category","embeddable":true,"href":"https:\/\/www.cofb.org\/ca\/wp-json\/wp\/v2\/categories?post=81140"},{"taxonomy":"post_tag","embeddable":true,"href":"https:\/\/www.cofb.org\/ca\/wp-json\/wp\/v2\/tags?post=81140"}],"curies":[{"name":"wp","href":"https:\/\/api.w.org\/{rel}","templated":true}]}}