{"id":81047,"date":"2025-03-27T18:19:43","date_gmt":"2025-03-27T18:19:43","guid":{"rendered":"https:\/\/www.cofb.org\/?p=81047"},"modified":"2025-03-27T18:19:43","modified_gmt":"2025-03-27T18:19:43","slug":"es-presenta-a-infarma-la-meva-farmacia-la-nova-app-per-connectar-als-pacients-amb-la-farmacia","status":"publish","type":"post","link":"https:\/\/www.cofb.org\/ca\/2025\/03\/27\/es-presenta-a-infarma-la-meva-farmacia-la-nova-app-per-connectar-als-pacients-amb-la-farmacia\/","title":{"rendered":"Es presenta a Infarma\u00a0\u201cLa\u00a0Meva\u00a0Farm\u00e0cia\u201d, la nova app per connectar als pacients amb la farm\u00e0cia"},"content":{"rendered":"\n<ul class=\"wp-block-list\">\n<li>La nova eina digital permetr\u00e0 millorar la comunicaci\u00f3 entre farmac\u00e8utics i ciutadans, optimitzant l&#8217;atenci\u00f3 farmac\u00e8utica i promovent una major proximitat<\/li>\n\n\n\n<li>L&#8217;app ha estat desenvolupada pel Consell de Col\u00b7legis&nbsp;de&nbsp;Farmac\u00e8utics&nbsp;de Catalunya i consensuada amb el Sistema Catal\u00e0 de&nbsp;Salut<\/li>\n\n\n\n<li>La salut digital permet evolucionar a un model de decisions compartides i informades que busca l&#8217;apoderament dels pacients<\/li>\n<\/ul>\n\n\n\n<figure class=\"wp-block-image size-large\"><a href=\"https:\/\/www.cofb.org\/wp-content\/uploads\/2025\/03\/COFB_LA-MEVA-FARMACIA_27032025_1.jpg\" target=\"_blank\" rel=\"noreferrer noopener\"><img fetchpriority=\"high\" decoding=\"async\" width=\"1024\" height=\"683\" src=\"https:\/\/www.cofb.org\/wp-content\/uploads\/2025\/03\/COFB_LA-MEVA-FARMACIA_27032025_1-1024x683.jpg\" alt=\"\" class=\"wp-image-81050\" srcset=\"https:\/\/www.cofb.org\/wp-content\/uploads\/2025\/03\/COFB_LA-MEVA-FARMACIA_27032025_1-1024x683.jpg 1024w, https:\/\/www.cofb.org\/wp-content\/uploads\/2025\/03\/COFB_LA-MEVA-FARMACIA_27032025_1-300x200.jpg 300w, https:\/\/www.cofb.org\/wp-content\/uploads\/2025\/03\/COFB_LA-MEVA-FARMACIA_27032025_1-768x512.jpg 768w, https:\/\/www.cofb.org\/wp-content\/uploads\/2025\/03\/COFB_LA-MEVA-FARMACIA_27032025_1-1536x1024.jpg 1536w, https:\/\/www.cofb.org\/wp-content\/uploads\/2025\/03\/COFB_LA-MEVA-FARMACIA_27032025_1-2048x1366.jpg 2048w, https:\/\/www.cofb.org\/wp-content\/uploads\/2025\/03\/COFB_LA-MEVA-FARMACIA_27032025_1-18x12.jpg 18w\" sizes=\"(max-width: 1024px) 100vw, 1024px\" \/><\/a><\/figure>\n\n\n\n<p><em>Barcelona, 27 de mar\u00e7 de 2025.- <\/em>En el marc d&#8217;<a href=\"https:\/\/www.infarma.es\/\">Infarma\u00a02025<\/a>, el Congr\u00e9s Europeu d&#8217;Oficina de Farm\u00e0cia i el Sal\u00f3 de Medicaments i Parafarm\u00e0cia, s&#8217;ha presentat avui la <strong>\u201cLa\u00a0Meva\u00a0Farm\u00e0cia\u201d<\/strong>, la primera app m\u00f2bil que connecta als pacients i activa la farm\u00e0cia, <strong>desenvolupada pel Consell de Col\u00b7legis\u00a0de\u00a0Farmac\u00e8utics\u00a0de Catalunya (CCFC)\u00a0i consensuada amb el Sistema Catal\u00e0 de\u00a0Salut.<\/strong> Una eina que arriba amb la intenci\u00f3<strong> d&#8217;humanitzar la tecnologia, optimitzar la relaci\u00f3 amb el pacient i refor\u00e7ar la capil\u00b7laritat de les farm\u00e0cies.<\/strong><\/p>\n\n\n\n<p>El president del Col\u00b7legi\u00a0de\u00a0Farmac\u00e8utics\u00a0de Catalunya (COFB), del Consell de Col\u00b7legis\u00a0de\u00a0Farmac\u00e8utics\u00a0de Catalunya (CCFC)\u00a0i d&#8217;Infarma\u00a0Barcelona 2025, <strong>Jordi Casas,<\/strong> ha afirmat que aquesta nova eina digital \u00e9s un pas endavant en tot el proc\u00e9s de digitalitzaci\u00f3 que el col\u00b7lectiu farmac\u00e8utic ve impulsant des de fa anys, amb el desenvolupament dels sistemes de la recepta electr\u00f2nica, posteriorment la interoperabilitat estatal, o els processos interns de gesti\u00f3 de la farm\u00e0cia com el sistema de verificaci\u00f3.<\/p>\n\n\n\n<p>\u201cAquesta app respon a una necessitat estrat\u00e8gica de crear una eina que fos comuna i universal per a totes les farm\u00e0cies de Catalunya i ja est\u00e0 disponible per a totes les oficines de farm\u00e0cia de Catalunya i per a tots els ciutadans\u201d ha explicat Jordi Casas, que ha fet al\u00b7lusi\u00f3 a les declaracions de la consellera de\u00a0Salut\u00a0a la inauguraci\u00f3 de\u00a0Infarma\u00a02025 sobre la voluntat que<strong> \u201cLa\u00a0Meva\u00a0Farm\u00e0cia\u201d\u00a0i \u201cLa\u00a0Meva\u00a0Salut\u201d\u00a0\u201ces puguin trobar\u201d<\/strong>. En aquest sentit, Casas ha reafirmat que aquesta iniciativa sorgeix amb <strong>l&#8217;objectiu d&#8217;avan\u00e7ar cap a \u201cuna farm\u00e0cia m\u00e9s interconnectada amb el sistema de salut per crear sinergies i oferir una atenci\u00f3 m\u00e9s integral i coordinada\u201d.<\/strong><\/p>\n\n\n\n<p>Per al president del Consell de Col\u00b7legis&nbsp;de&nbsp;Farmac\u00e8utics&nbsp;de Catalunya (CCFC)&nbsp;aquesta nova eina s&#8217;ha desenvolupat amb l&#8217;objectiu de refor\u00e7ar \u201cles caracter\u00edstiques que ens defineixen com a farmac\u00e8utics comunitaris: la capil\u00b7laritat i la proximitat\u201d. D&#8217;aquesta manera, \u201ces consolida la xarxa de farm\u00e0cies i es refor\u00e7a el nostre paper com a agent clau de salut comunitari\u201d ha expressat.<\/p>\n\n\n\n<h2 class=\"wp-block-heading\"><strong>Informaci\u00f3 m\u00e9s precisa, segura i de confian\u00e7a<\/strong><\/h2>\n\n\n\n<p>L&#8217;app \u201cLa\u00a0Meva\u00a0Farm\u00e0cia\u00a0ofereix als pacients algunes de les funcionalitats que ja oferia l&#8217;actual\u00a0Farmaserveis\u00a0per als farmac\u00e8utics, la plataforma de registre assistencial de la xarxa de farm\u00e0cies a Catalunya, com el <strong>registre f\u00e0cil de dades cl\u00edniques <\/strong>o la <strong>generaci\u00f3 autom\u00e0tica d&#8217;informes<\/strong>. Concretament, c<strong>onnecta als farmac\u00e8utics amb els pacients oferint la possibilitat d&#8217;accedir a les dades registrades de tensi\u00f3 arterial, gluc\u00e8mia, perfil lip\u00eddic<\/strong>; <strong>consultar l&#8217;historial de dispensacions<\/strong>; <strong>localitzar la farm\u00e0cia m\u00e9s a prop<\/strong>; <strong>accedir a consells de salut<\/strong>; o <strong>veure la informaci\u00f3 cl\u00ednica de la farm\u00e0cia<\/strong>, permetent una <strong>comunicaci\u00f3 m\u00e9s eficient entre els professionals de la salut<\/strong>, centralitzada en una app oficial i segura.<\/p>\n\n\n\n<h2 class=\"wp-block-heading\"><strong>El valor de la proximitat<\/strong><\/h2>\n\n\n\n<p>Durant la presentaci\u00f3 tamb\u00e9 hi ha hagut una <strong>taula rodona<\/strong> amb la participaci\u00f3 dels <strong>Col\u00b7legis\u00a0de\u00a0Farmac\u00e8utics\u00a0de Girona, Lleida i Tarragona <\/strong>que han mostrat com la nova app els permetr\u00e0 millorar la comunicaci\u00f3 bilateral entre el pacient i la farm\u00e0cia. A m\u00e9s, tamb\u00e9 han anunciat les <strong>formacions <\/strong>que es realitzaran perqu\u00e8 tots els farmac\u00e8utics coneguin l&#8217;aplicaci\u00f3.<\/p>\n\n\n\n<figure class=\"wp-block-image size-large\"><a href=\"https:\/\/www.cofb.org\/wp-content\/uploads\/2025\/03\/COFB_LA-MEVA-FARMACIA_27032025_2.jpg\" target=\"_blank\" rel=\"noreferrer noopener\"><img decoding=\"async\" width=\"1024\" height=\"683\" src=\"https:\/\/www.cofb.org\/wp-content\/uploads\/2025\/03\/COFB_LA-MEVA-FARMACIA_27032025_2-1024x683.jpg\" alt=\"Taula rodona amb els presidents dels Col\u00b7legis\u00a0de\u00a0Farmac\u00e8utics\u00a0de Girona, Lleida i Tarragona.\" class=\"wp-image-81051\" srcset=\"https:\/\/www.cofb.org\/wp-content\/uploads\/2025\/03\/COFB_LA-MEVA-FARMACIA_27032025_2-1024x683.jpg 1024w, https:\/\/www.cofb.org\/wp-content\/uploads\/2025\/03\/COFB_LA-MEVA-FARMACIA_27032025_2-300x200.jpg 300w, https:\/\/www.cofb.org\/wp-content\/uploads\/2025\/03\/COFB_LA-MEVA-FARMACIA_27032025_2-768x512.jpg 768w, https:\/\/www.cofb.org\/wp-content\/uploads\/2025\/03\/COFB_LA-MEVA-FARMACIA_27032025_2-1536x1024.jpg 1536w, https:\/\/www.cofb.org\/wp-content\/uploads\/2025\/03\/COFB_LA-MEVA-FARMACIA_27032025_2-2048x1366.jpg 2048w, https:\/\/www.cofb.org\/wp-content\/uploads\/2025\/03\/COFB_LA-MEVA-FARMACIA_27032025_2-18x12.jpg 18w\" sizes=\"(max-width: 1024px) 100vw, 1024px\" \/><\/a><figcaption class=\"wp-element-caption\">Taula rodona amb els presidents dels Col\u00b7legis\u00a0de\u00a0Farmac\u00e8utics\u00a0de Girona, Lleida i Tarragona.<\/figcaption><\/figure>\n\n\n\n<p><strong>\u201cEl contacte directe amb el pacient continuar\u00e0 sent la nostra prioritat, per\u00f2 aquesta eina ens permetr\u00e0 registrar m\u00e9s informaci\u00f3 i que pugui ser compartida\u201d<\/strong> ha opinat Anna\u00a0Jubero, vocal del Consell de Col\u00b7legis\u00a0de\u00a0Farmac\u00e8utics\u00a0de Catalunya i vocal de la junta del Col\u00b7legi\u00a0de\u00a0Farmac\u00e8utics\u00a0de Girona. Per part seva, Maria Enrique-Taranc\u00f3n, secret\u00e0ria del Consell de Col\u00b7legis\u00a0de\u00a0Farmac\u00e8utics\u00a0de Catalunya i presidenta del Col\u00b7legi\u00a0Oficial de\u00a0Farmac\u00e8utics\u00a0de Lleida, ha recordat que <strong>\u201cno tots els ciutadans van als centres de salut, per\u00f2 s\u00ed a la farm\u00e0cia\u201d<\/strong>, per aix\u00f2 \u00e9s important el paper del farmac\u00e8utic i tenir un espai on quedin registrats tots els serveis professionals que es fan en l&#8217;oficina de farm\u00e0cia.<\/p>\n\n\n\n<p>Per part seva, <strong>Antoni Veciana<\/strong>, tresorer del Consell de Col\u00b7legis\u00a0de\u00a0Farmac\u00e8utics\u00a0de Catalunya i president del Col\u00b7legi Oficial de Farmac\u00e8utics de Tarragona, ha insistit en l&#8217;avantatge del model de capil\u00b7laritat de les farm\u00e0cies com el \u201cmajor b\u00e9 que tenim. Aix\u00f2 fa que el 100% dels ciutadans tinguin una farm\u00e0cia al costat del domicili\u201d.<\/p>\n\n\n\n<h2 class=\"wp-block-heading\"><strong>Un model de decisions compartides<\/strong><\/h2>\n\n\n\n<p>Per part seva, l&#8217;experta en salut digital <strong>Marta Aymerich<\/strong>, directora del\u00a0eHealth\u00a0Center\u00a0de la Universitat Oberta de Catalunya, ha ofert la pon\u00e8ncia <strong>\u201cDigitalitzaci\u00f3 en l&#8217;\u00e0mbit de la salut\u201d<\/strong> i ha mostrat algunes de les iniciatives que ja s&#8217;estan desenvolupant en l&#8217;\u00e0mbit de la salut en el que ella ha definit com a \u201ceines per a fer el que fem millor, de forma m\u00e9s eficient i m\u00e9s centrat en la persona\u201d.<\/p>\n\n\n\n<p>Per a Aymerich, <strong>la tend\u00e8ncia actual \u00e9s evolucionar cap a \u201cun model de decisions compartides i informades que busca l&#8217;apoderament dels pacients, a m\u00e9s de facilitar la coordinaci\u00f3 entre els professionals de la salut<\/strong>\u201d, que comportar\u00e0 major qualitat i una major democratitzaci\u00f3. L&#8217;experta ha destacat que el rol del farmac\u00e8utic \u00e9s fonamental per la seva proximitat a les persones i la seva capacitat d&#8217;obrir-se comunit\u00e0riament.<\/p>\n","protected":false},"excerpt":{"rendered":"<p>Barcelona, 27 de mar\u00e7 de 2025.- En el marc d&#8217;Infarma\u00a02025, el Congr\u00e9s Europeu d&#8217;Oficina de Farm\u00e0cia i el Sal\u00f3 de Medicaments i Parafarm\u00e0cia, s&#8217;ha presentat avui la \u201cLa\u00a0Meva\u00a0Farm\u00e0cia\u201d, la primera app m\u00f2bil que connecta als pacients i activa la farm\u00e0cia, desenvolupada pel Consell de Col\u00b7legis\u00a0de\u00a0Farmac\u00e8utics\u00a0de Catalunya (CCFC)\u00a0i consensuada amb el [&hellip;]<\/p>\n","protected":false},"author":3,"featured_media":81050,"comment_status":"closed","ping_status":"closed","sticky":false,"template":"","format":"aside","meta":{"_uag_custom_page_level_css":"","site-sidebar-layout":"default","site-content-layout":"","ast-site-content-layout":"default","site-content-style":"default","site-sidebar-style":"default","ast-global-header-display":"","ast-banner-title-visibility":"","ast-main-header-display":"","ast-hfb-above-header-display":"","ast-hfb-below-header-display":"","ast-hfb-mobile-header-display":"","site-post-title":"","ast-breadcrumbs-content":"","ast-featured-img":"disabled","footer-sml-layout":"","theme-transparent-header-meta":"","adv-header-id-meta":"","stick-header-meta":"","header-above-stick-meta":"","header-main-stick-meta":"","header-below-stick-meta":"","astra-migrate-meta-layouts":"set","ast-page-background-enabled":"default","ast-page-background-meta":{"desktop":{"background-color":"var(--ast-global-color-4)","background-image":"","background-repeat":"repeat","background-position":"center center","background-size":"auto","background-attachment":"scroll","background-type":"","background-media":"","overlay-type":"","overlay-color":"","overlay-opacity":"","overlay-gradient":""},"tablet":{"background-color":"","background-image":"","background-repeat":"repeat","background-position":"center center","background-size":"auto","background-attachment":"scroll","background-type":"","background-media":"","overlay-type":"","overlay-color":"","overlay-opacity":"","overlay-gradient":""},"mobile":{"background-color":"","background-image":"","background-repeat":"repeat","background-position":"center center","background-size":"auto","background-attachment":"scroll","background-type":"","background-media":"","overlay-type":"","overlay-color":"","overlay-opacity":"","overlay-gradient":""}},"ast-content-background-meta":{"desktop":{"background-color":"var(--ast-global-color-5)","background-image":"","background-repeat":"repeat","background-position":"center center","background-size":"auto","background-attachment":"scroll","background-type":"","background-media":"","overlay-type":"","overlay-color":"","overlay-opacity":"","overlay-gradient":""},"tablet":{"background-color":"var(--ast-global-color-5)","background-image":"","background-repeat":"repeat","background-position":"center center","background-size":"auto","background-attachment":"scroll","background-type":"","background-media":"","overlay-type":"","overlay-color":"","overlay-opacity":"","overlay-gradient":""},"mobile":{"background-color":"var(--ast-global-color-5)","background-image":"","background-repeat":"repeat","background-position":"center center","background-size":"auto","background-attachment":"scroll","background-type":"","background-media":"","overlay-type":"","overlay-color":"","overlay-opacity":"","overlay-gradient":""}},"footnotes":""},"categories":[23,2165,1060],"tags":[18,19,4718],"class_list":["post-81047","post","type-post","status-publish","format-aside","has-post-thumbnail","hentry","category-destacats","category-infarma","category-notes-premsa","tag-cofb","tag-collegi-de-farmaceutics-de-barcelona","tag-la-meva-farmacia","post_format-post-format-aside"],"yoast_head":"<!-- This site is optimized with the Yoast SEO plugin v22.4 - https:\/\/yoast.com\/wordpress\/plugins\/seo\/ -->\n<title>Es presenta a Infarma\u00a0\u201cLa\u00a0Meva\u00a0Farm\u00e0cia\u201d, la nova app per connectar als pacients amb la farm\u00e0cia - Col\u00b7legi de Farmac\u00e8utics de Barcelona<\/title>\n<meta name=\"robots\" content=\"index, follow, max-snippet:-1, max-image-preview:large, max-video-preview:-1\" \/>\n<link rel=\"canonical\" href=\"https:\/\/www.cofb.org\/ca\/2025\/03\/27\/es-presenta-a-infarma-la-meva-farmacia-la-nova-app-per-connectar-als-pacients-amb-la-farmacia\/\" \/>\n<meta property=\"og:locale\" content=\"ca_ES\" \/>\n<meta property=\"og:type\" content=\"article\" \/>\n<meta property=\"og:title\" content=\"Es presenta a Infarma\u00a0\u201cLa\u00a0Meva\u00a0Farm\u00e0cia\u201d, la nova app per connectar als pacients amb la farm\u00e0cia - Col\u00b7legi de Farmac\u00e8utics de Barcelona\" \/>\n<meta property=\"og:description\" content=\"Barcelona, 27 de mar\u00e7 de 2025.- En el marc d&#8217;Infarma\u00a02025, el Congr\u00e9s Europeu d&#8217;Oficina de Farm\u00e0cia i el Sal\u00f3 de Medicaments i Parafarm\u00e0cia, s&#8217;ha presentat avui la \u201cLa\u00a0Meva\u00a0Farm\u00e0cia\u201d, la primera app m\u00f2bil que connecta als pacients i activa la farm\u00e0cia, desenvolupada pel Consell de Col\u00b7legis\u00a0de\u00a0Farmac\u00e8utics\u00a0de Catalunya (CCFC)\u00a0i consensuada amb el [&hellip;]\" \/>\n<meta property=\"og:url\" content=\"https:\/\/www.cofb.org\/ca\/2025\/03\/27\/es-presenta-a-infarma-la-meva-farmacia-la-nova-app-per-connectar-als-pacients-amb-la-farmacia\/\" \/>\n<meta property=\"og:site_name\" content=\"Col\u00b7legi de Farmac\u00e8utics de Barcelona\" \/>\n<meta property=\"article:publisher\" content=\"https:\/\/www.facebook.com\/farmaceuticsbcn\/\" \/>\n<meta property=\"article:published_time\" content=\"2025-03-27T18:19:43+00:00\" \/>\n<meta property=\"og:image\" content=\"https:\/\/www.cofb.org\/wp-content\/uploads\/2025\/03\/COFB_LA-MEVA-FARMACIA_27032025_1.jpg\" \/>\n\t<meta property=\"og:image:width\" content=\"2362\" \/>\n\t<meta property=\"og:image:height\" content=\"1575\" \/>\n\t<meta property=\"og:image:type\" content=\"image\/jpeg\" \/>\n<meta name=\"author\" content=\"Berta Mart\u00ednez\" \/>\n<meta name=\"twitter:card\" content=\"summary_large_image\" \/>\n<meta name=\"twitter:creator\" content=\"@farmaceuticsbcn\" \/>\n<meta name=\"twitter:site\" content=\"@farmaceuticsbcn\" \/>\n<meta name=\"twitter:label1\" content=\"Escrit per\" \/>\n\t<meta name=\"twitter:data1\" content=\"Berta Mart\u00ednez\" \/>\n\t<meta name=\"twitter:label2\" content=\"Temps estimat de lectura\" \/>\n\t<meta name=\"twitter:data2\" content=\"6 minuts\" \/>\n<script type=\"application\/ld+json\" class=\"yoast-schema-graph\">{\"@context\":\"https:\/\/schema.org\",\"@graph\":[{\"@type\":\"Article\",\"@id\":\"https:\/\/www.cofb.org\/2025\/03\/27\/es-presenta-a-infarma-la-meva-farmacia-la-nova-app-per-connectar-als-pacients-amb-la-farmacia\/#article\",\"isPartOf\":{\"@id\":\"https:\/\/www.cofb.org\/2025\/03\/27\/es-presenta-a-infarma-la-meva-farmacia-la-nova-app-per-connectar-als-pacients-amb-la-farmacia\/\"},\"author\":{\"name\":\"Berta Mart\u00ednez\",\"@id\":\"https:\/\/www.cofb.org\/#\/schema\/person\/f32de3b41b812c85ff923cb4cc849063\"},\"headline\":\"Es presenta a Infarma\u00a0\u201cLa\u00a0Meva\u00a0Farm\u00e0cia\u201d, la nova app per connectar als pacients amb la farm\u00e0cia\",\"datePublished\":\"2025-03-27T18:19:43+00:00\",\"dateModified\":\"2025-03-27T18:19:43+00:00\",\"mainEntityOfPage\":{\"@id\":\"https:\/\/www.cofb.org\/2025\/03\/27\/es-presenta-a-infarma-la-meva-farmacia-la-nova-app-per-connectar-als-pacients-amb-la-farmacia\/\"},\"wordCount\":1030,\"publisher\":{\"@id\":\"https:\/\/www.cofb.org\/#organization\"},\"image\":{\"@id\":\"https:\/\/www.cofb.org\/2025\/03\/27\/es-presenta-a-infarma-la-meva-farmacia-la-nova-app-per-connectar-als-pacients-amb-la-farmacia\/#primaryimage\"},\"thumbnailUrl\":\"https:\/\/www.cofb.org\/wp-content\/uploads\/2025\/03\/COFB_LA-MEVA-FARMACIA_27032025_1.jpg\",\"keywords\":[\"COFB\",\"Col\u00b7legi de Farmac\u00e8utics de Barcelona\",\"La Meva Farm\u00e0cia\"],\"articleSection\":[\"Destacats\",\"Infarma\",\"Notes de premsa\"],\"inLanguage\":\"ca\"},{\"@type\":\"WebPage\",\"@id\":\"https:\/\/www.cofb.org\/2025\/03\/27\/es-presenta-a-infarma-la-meva-farmacia-la-nova-app-per-connectar-als-pacients-amb-la-farmacia\/\",\"url\":\"https:\/\/www.cofb.org\/2025\/03\/27\/es-presenta-a-infarma-la-meva-farmacia-la-nova-app-per-connectar-als-pacients-amb-la-farmacia\/\",\"name\":\"Es presenta a Infarma\u00a0\u201cLa\u00a0Meva\u00a0Farm\u00e0cia\u201d, la nova app per connectar als pacients amb la farm\u00e0cia - Col\u00b7legi de Farmac\u00e8utics de Barcelona\",\"isPartOf\":{\"@id\":\"https:\/\/www.cofb.org\/#website\"},\"primaryImageOfPage\":{\"@id\":\"https:\/\/www.cofb.org\/2025\/03\/27\/es-presenta-a-infarma-la-meva-farmacia-la-nova-app-per-connectar-als-pacients-amb-la-farmacia\/#primaryimage\"},\"image\":{\"@id\":\"https:\/\/www.cofb.org\/2025\/03\/27\/es-presenta-a-infarma-la-meva-farmacia-la-nova-app-per-connectar-als-pacients-amb-la-farmacia\/#primaryimage\"},\"thumbnailUrl\":\"https:\/\/www.cofb.org\/wp-content\/uploads\/2025\/03\/COFB_LA-MEVA-FARMACIA_27032025_1.jpg\",\"datePublished\":\"2025-03-27T18:19:43+00:00\",\"dateModified\":\"2025-03-27T18:19:43+00:00\",\"breadcrumb\":{\"@id\":\"https:\/\/www.cofb.org\/2025\/03\/27\/es-presenta-a-infarma-la-meva-farmacia-la-nova-app-per-connectar-als-pacients-amb-la-farmacia\/#breadcrumb\"},\"inLanguage\":\"ca\",\"potentialAction\":[{\"@type\":\"ReadAction\",\"target\":[\"https:\/\/www.cofb.org\/2025\/03\/27\/es-presenta-a-infarma-la-meva-farmacia-la-nova-app-per-connectar-als-pacients-amb-la-farmacia\/\"]}]},{\"@type\":\"ImageObject\",\"inLanguage\":\"ca\",\"@id\":\"https:\/\/www.cofb.org\/2025\/03\/27\/es-presenta-a-infarma-la-meva-farmacia-la-nova-app-per-connectar-als-pacients-amb-la-farmacia\/#primaryimage\",\"url\":\"https:\/\/www.cofb.org\/wp-content\/uploads\/2025\/03\/COFB_LA-MEVA-FARMACIA_27032025_1.jpg\",\"contentUrl\":\"https:\/\/www.cofb.org\/wp-content\/uploads\/2025\/03\/COFB_LA-MEVA-FARMACIA_27032025_1.jpg\",\"width\":2362,\"height\":1575},{\"@type\":\"BreadcrumbList\",\"@id\":\"https:\/\/www.cofb.org\/2025\/03\/27\/es-presenta-a-infarma-la-meva-farmacia-la-nova-app-per-connectar-als-pacients-amb-la-farmacia\/#breadcrumb\",\"itemListElement\":[{\"@type\":\"ListItem\",\"position\":1,\"name\":\"Inici\",\"item\":\"https:\/\/novaorg.cofb.net\/\"},{\"@type\":\"ListItem\",\"position\":2,\"name\":\"Es presenta a Infarma\u00a0\u201cLa\u00a0Meva\u00a0Farm\u00e0cia\u201d, la nova app per connectar als pacients amb la farm\u00e0cia\"}]},{\"@type\":\"WebSite\",\"@id\":\"https:\/\/www.cofb.org\/#website\",\"url\":\"https:\/\/www.cofb.org\/\",\"name\":\"Col\u00b7legi de Farmac\u00e8utics de Barcelona\",\"description\":\"\",\"publisher\":{\"@id\":\"https:\/\/www.cofb.org\/#organization\"},\"potentialAction\":[{\"@type\":\"SearchAction\",\"target\":{\"@type\":\"EntryPoint\",\"urlTemplate\":\"https:\/\/www.cofb.org\/?s={search_term_string}\"},\"query-input\":\"required name=search_term_string\"}],\"inLanguage\":\"ca\"},{\"@type\":\"Organization\",\"@id\":\"https:\/\/www.cofb.org\/#organization\",\"name\":\"Col\u00b7legi de Farmac\u00e8utics de Barcelona\",\"url\":\"https:\/\/www.cofb.org\/\",\"logo\":{\"@type\":\"ImageObject\",\"inLanguage\":\"ca\",\"@id\":\"https:\/\/www.cofb.org\/#\/schema\/logo\/image\/\",\"url\":\"https:\/\/www.cofb.org\/wp-content\/uploads\/2023\/11\/cropped-Logotip-COFB.png\",\"contentUrl\":\"https:\/\/www.cofb.org\/wp-content\/uploads\/2023\/11\/cropped-Logotip-COFB.png\",\"width\":500,\"height\":105,\"caption\":\"Col\u00b7legi de Farmac\u00e8utics de Barcelona\"},\"image\":{\"@id\":\"https:\/\/www.cofb.org\/#\/schema\/logo\/image\/\"},\"sameAs\":[\"https:\/\/www.facebook.com\/farmaceuticsbcn\/\",\"https:\/\/twitter.com\/farmaceuticsbcn\",\"https:\/\/www.instagram.com\/farmaceuticsbcn\/\",\"https:\/\/www.linkedin.com\/company\/farmaceuticsbcn\/\"]},{\"@type\":\"Person\",\"@id\":\"https:\/\/www.cofb.org\/#\/schema\/person\/f32de3b41b812c85ff923cb4cc849063\",\"name\":\"Berta Mart\u00ednez\",\"image\":{\"@type\":\"ImageObject\",\"inLanguage\":\"ca\",\"@id\":\"https:\/\/www.cofb.org\/#\/schema\/person\/image\/\",\"url\":\"https:\/\/secure.gravatar.com\/avatar\/d4c584dab5da1ee9e3c3df161c0aabec7075cc8211cd46ffc79bfe177aa78b01?s=96&d=mm&r=g\",\"contentUrl\":\"https:\/\/secure.gravatar.com\/avatar\/d4c584dab5da1ee9e3c3df161c0aabec7075cc8211cd46ffc79bfe177aa78b01?s=96&d=mm&r=g\",\"caption\":\"Berta Mart\u00ednez\"},\"url\":\"https:\/\/www.cofb.org\/ca\/author\/bmartinez\/\"}]}<\/script>\n<!-- \/ Yoast SEO plugin. -->","yoast_head_json":{"title":"Es presenta a Infarma\u00a0\u201cLa\u00a0Meva\u00a0Farm\u00e0cia\u201d, la nova app per connectar als pacients amb la farm\u00e0cia - Col\u00b7legi de Farmac\u00e8utics de Barcelona","robots":{"index":"index","follow":"follow","max-snippet":"max-snippet:-1","max-image-preview":"max-image-preview:large","max-video-preview":"max-video-preview:-1"},"canonical":"https:\/\/www.cofb.org\/ca\/2025\/03\/27\/es-presenta-a-infarma-la-meva-farmacia-la-nova-app-per-connectar-als-pacients-amb-la-farmacia\/","og_locale":"ca_ES","og_type":"article","og_title":"Es presenta a Infarma\u00a0\u201cLa\u00a0Meva\u00a0Farm\u00e0cia\u201d, la nova app per connectar als pacients amb la farm\u00e0cia - Col\u00b7legi de Farmac\u00e8utics de Barcelona","og_description":"Barcelona, 27 de mar\u00e7 de 2025.- En el marc d&#8217;Infarma\u00a02025, el Congr\u00e9s Europeu d&#8217;Oficina de Farm\u00e0cia i el Sal\u00f3 de Medicaments i Parafarm\u00e0cia, s&#8217;ha presentat avui la \u201cLa\u00a0Meva\u00a0Farm\u00e0cia\u201d, la primera app m\u00f2bil que connecta als pacients i activa la farm\u00e0cia, desenvolupada pel Consell de Col\u00b7legis\u00a0de\u00a0Farmac\u00e8utics\u00a0de Catalunya (CCFC)\u00a0i consensuada amb el [&hellip;]","og_url":"https:\/\/www.cofb.org\/ca\/2025\/03\/27\/es-presenta-a-infarma-la-meva-farmacia-la-nova-app-per-connectar-als-pacients-amb-la-farmacia\/","og_site_name":"Col\u00b7legi de Farmac\u00e8utics de Barcelona","article_publisher":"https:\/\/www.facebook.com\/farmaceuticsbcn\/","article_published_time":"2025-03-27T18:19:43+00:00","og_image":[{"width":2362,"height":1575,"url":"https:\/\/www.cofb.org\/wp-content\/uploads\/2025\/03\/COFB_LA-MEVA-FARMACIA_27032025_1.jpg","type":"image\/jpeg"}],"author":"Berta Mart\u00ednez","twitter_card":"summary_large_image","twitter_creator":"@farmaceuticsbcn","twitter_site":"@farmaceuticsbcn","twitter_misc":{"Escrit per":"Berta Mart\u00ednez","Temps estimat de lectura":"6 minuts"},"schema":{"@context":"https:\/\/schema.org","@graph":[{"@type":"Article","@id":"https:\/\/www.cofb.org\/2025\/03\/27\/es-presenta-a-infarma-la-meva-farmacia-la-nova-app-per-connectar-als-pacients-amb-la-farmacia\/#article","isPartOf":{"@id":"https:\/\/www.cofb.org\/2025\/03\/27\/es-presenta-a-infarma-la-meva-farmacia-la-nova-app-per-connectar-als-pacients-amb-la-farmacia\/"},"author":{"name":"Berta Mart\u00ednez","@id":"https:\/\/www.cofb.org\/#\/schema\/person\/f32de3b41b812c85ff923cb4cc849063"},"headline":"Es presenta a Infarma\u00a0\u201cLa\u00a0Meva\u00a0Farm\u00e0cia\u201d, la nova app per connectar als pacients amb la farm\u00e0cia","datePublished":"2025-03-27T18:19:43+00:00","dateModified":"2025-03-27T18:19:43+00:00","mainEntityOfPage":{"@id":"https:\/\/www.cofb.org\/2025\/03\/27\/es-presenta-a-infarma-la-meva-farmacia-la-nova-app-per-connectar-als-pacients-amb-la-farmacia\/"},"wordCount":1030,"publisher":{"@id":"https:\/\/www.cofb.org\/#organization"},"image":{"@id":"https:\/\/www.cofb.org\/2025\/03\/27\/es-presenta-a-infarma-la-meva-farmacia-la-nova-app-per-connectar-als-pacients-amb-la-farmacia\/#primaryimage"},"thumbnailUrl":"https:\/\/www.cofb.org\/wp-content\/uploads\/2025\/03\/COFB_LA-MEVA-FARMACIA_27032025_1.jpg","keywords":["COFB","Col\u00b7legi de Farmac\u00e8utics de Barcelona","La Meva Farm\u00e0cia"],"articleSection":["Destacats","Infarma","Notes de premsa"],"inLanguage":"ca"},{"@type":"WebPage","@id":"https:\/\/www.cofb.org\/2025\/03\/27\/es-presenta-a-infarma-la-meva-farmacia-la-nova-app-per-connectar-als-pacients-amb-la-farmacia\/","url":"https:\/\/www.cofb.org\/2025\/03\/27\/es-presenta-a-infarma-la-meva-farmacia-la-nova-app-per-connectar-als-pacients-amb-la-farmacia\/","name":"Es presenta a Infarma\u00a0\u201cLa\u00a0Meva\u00a0Farm\u00e0cia\u201d, la nova app per connectar als pacients amb la farm\u00e0cia - Col\u00b7legi de Farmac\u00e8utics de Barcelona","isPartOf":{"@id":"https:\/\/www.cofb.org\/#website"},"primaryImageOfPage":{"@id":"https:\/\/www.cofb.org\/2025\/03\/27\/es-presenta-a-infarma-la-meva-farmacia-la-nova-app-per-connectar-als-pacients-amb-la-farmacia\/#primaryimage"},"image":{"@id":"https:\/\/www.cofb.org\/2025\/03\/27\/es-presenta-a-infarma-la-meva-farmacia-la-nova-app-per-connectar-als-pacients-amb-la-farmacia\/#primaryimage"},"thumbnailUrl":"https:\/\/www.cofb.org\/wp-content\/uploads\/2025\/03\/COFB_LA-MEVA-FARMACIA_27032025_1.jpg","datePublished":"2025-03-27T18:19:43+00:00","dateModified":"2025-03-27T18:19:43+00:00","breadcrumb":{"@id":"https:\/\/www.cofb.org\/2025\/03\/27\/es-presenta-a-infarma-la-meva-farmacia-la-nova-app-per-connectar-als-pacients-amb-la-farmacia\/#breadcrumb"},"inLanguage":"ca","potentialAction":[{"@type":"ReadAction","target":["https:\/\/www.cofb.org\/2025\/03\/27\/es-presenta-a-infarma-la-meva-farmacia-la-nova-app-per-connectar-als-pacients-amb-la-farmacia\/"]}]},{"@type":"ImageObject","inLanguage":"ca","@id":"https:\/\/www.cofb.org\/2025\/03\/27\/es-presenta-a-infarma-la-meva-farmacia-la-nova-app-per-connectar-als-pacients-amb-la-farmacia\/#primaryimage","url":"https:\/\/www.cofb.org\/wp-content\/uploads\/2025\/03\/COFB_LA-MEVA-FARMACIA_27032025_1.jpg","contentUrl":"https:\/\/www.cofb.org\/wp-content\/uploads\/2025\/03\/COFB_LA-MEVA-FARMACIA_27032025_1.jpg","width":2362,"height":1575},{"@type":"BreadcrumbList","@id":"https:\/\/www.cofb.org\/2025\/03\/27\/es-presenta-a-infarma-la-meva-farmacia-la-nova-app-per-connectar-als-pacients-amb-la-farmacia\/#breadcrumb","itemListElement":[{"@type":"ListItem","position":1,"name":"Inici","item":"https:\/\/novaorg.cofb.net\/"},{"@type":"ListItem","position":2,"name":"Es presenta a Infarma\u00a0\u201cLa\u00a0Meva\u00a0Farm\u00e0cia\u201d, la nova app per connectar als pacients amb la farm\u00e0cia"}]},{"@type":"WebSite","@id":"https:\/\/www.cofb.org\/#website","url":"https:\/\/www.cofb.org\/","name":"Col\u00b7legi de Farmac\u00e8utics de Barcelona","description":"","publisher":{"@id":"https:\/\/www.cofb.org\/#organization"},"potentialAction":[{"@type":"SearchAction","target":{"@type":"EntryPoint","urlTemplate":"https:\/\/www.cofb.org\/?s={search_term_string}"},"query-input":"required name=search_term_string"}],"inLanguage":"ca"},{"@type":"Organization","@id":"https:\/\/www.cofb.org\/#organization","name":"Col\u00b7legi de Farmac\u00e8utics de Barcelona","url":"https:\/\/www.cofb.org\/","logo":{"@type":"ImageObject","inLanguage":"ca","@id":"https:\/\/www.cofb.org\/#\/schema\/logo\/image\/","url":"https:\/\/www.cofb.org\/wp-content\/uploads\/2023\/11\/cropped-Logotip-COFB.png","contentUrl":"https:\/\/www.cofb.org\/wp-content\/uploads\/2023\/11\/cropped-Logotip-COFB.png","width":500,"height":105,"caption":"Col\u00b7legi de Farmac\u00e8utics de Barcelona"},"image":{"@id":"https:\/\/www.cofb.org\/#\/schema\/logo\/image\/"},"sameAs":["https:\/\/www.facebook.com\/farmaceuticsbcn\/","https:\/\/twitter.com\/farmaceuticsbcn","https:\/\/www.instagram.com\/farmaceuticsbcn\/","https:\/\/www.linkedin.com\/company\/farmaceuticsbcn\/"]},{"@type":"Person","@id":"https:\/\/www.cofb.org\/#\/schema\/person\/f32de3b41b812c85ff923cb4cc849063","name":"Berta Mart\u00ednez","image":{"@type":"ImageObject","inLanguage":"ca","@id":"https:\/\/www.cofb.org\/#\/schema\/person\/image\/","url":"https:\/\/secure.gravatar.com\/avatar\/d4c584dab5da1ee9e3c3df161c0aabec7075cc8211cd46ffc79bfe177aa78b01?s=96&d=mm&r=g","contentUrl":"https:\/\/secure.gravatar.com\/avatar\/d4c584dab5da1ee9e3c3df161c0aabec7075cc8211cd46ffc79bfe177aa78b01?s=96&d=mm&r=g","caption":"Berta Mart\u00ednez"},"url":"https:\/\/www.cofb.org\/ca\/author\/bmartinez\/"}]}},"uagb_featured_image_src":{"full":["https:\/\/www.cofb.org\/wp-content\/uploads\/2025\/03\/COFB_LA-MEVA-FARMACIA_27032025_1.jpg",2362,1575,false],"thumbnail":["https:\/\/www.cofb.org\/wp-content\/uploads\/2025\/03\/COFB_LA-MEVA-FARMACIA_27032025_1-150x150.jpg",150,150,true],"medium":["https:\/\/www.cofb.org\/wp-content\/uploads\/2025\/03\/COFB_LA-MEVA-FARMACIA_27032025_1-300x200.jpg",300,200,true],"medium_large":["https:\/\/www.cofb.org\/wp-content\/uploads\/2025\/03\/COFB_LA-MEVA-FARMACIA_27032025_1-768x512.jpg",768,512,true],"large":["https:\/\/www.cofb.org\/wp-content\/uploads\/2025\/03\/COFB_LA-MEVA-FARMACIA_27032025_1-1024x683.jpg",1024,683,true],"1536x1536":["https:\/\/www.cofb.org\/wp-content\/uploads\/2025\/03\/COFB_LA-MEVA-FARMACIA_27032025_1-1536x1024.jpg",1536,1024,true],"2048x2048":["https:\/\/www.cofb.org\/wp-content\/uploads\/2025\/03\/COFB_LA-MEVA-FARMACIA_27032025_1-2048x1366.jpg",2048,1366,true],"trp-custom-language-flag":["https:\/\/www.cofb.org\/wp-content\/uploads\/2025\/03\/COFB_LA-MEVA-FARMACIA_27032025_1-18x12.jpg",18,12,true]},"uagb_author_info":{"display_name":"Berta Mart\u00ednez","author_link":"https:\/\/www.cofb.org\/ca\/author\/bmartinez\/"},"uagb_comment_info":0,"uagb_excerpt":"Barcelona, 27 de mar\u00e7 de 2025.- En el marc d&#8217;Infarma\u00a02025, el Congr\u00e9s Europeu d&#8217;Oficina de Farm\u00e0cia i el Sal\u00f3 de Medicaments i Parafarm\u00e0cia, s&#8217;ha presentat avui la \u201cLa\u00a0Meva\u00a0Farm\u00e0cia\u201d, la primera app m\u00f2bil que connecta als pacients i activa la farm\u00e0cia, desenvolupada pel Consell de Col\u00b7legis\u00a0de\u00a0Farmac\u00e8utics\u00a0de Catalunya (CCFC)\u00a0i consensuada amb el [&hellip;]","_links":{"self":[{"href":"https:\/\/www.cofb.org\/ca\/wp-json\/wp\/v2\/posts\/81047","targetHints":{"allow":["GET"]}}],"collection":[{"href":"https:\/\/www.cofb.org\/ca\/wp-json\/wp\/v2\/posts"}],"about":[{"href":"https:\/\/www.cofb.org\/ca\/wp-json\/wp\/v2\/types\/post"}],"author":[{"embeddable":true,"href":"https:\/\/www.cofb.org\/ca\/wp-json\/wp\/v2\/users\/3"}],"replies":[{"embeddable":true,"href":"https:\/\/www.cofb.org\/ca\/wp-json\/wp\/v2\/comments?post=81047"}],"version-history":[{"count":5,"href":"https:\/\/www.cofb.org\/ca\/wp-json\/wp\/v2\/posts\/81047\/revisions"}],"predecessor-version":[{"id":81055,"href":"https:\/\/www.cofb.org\/ca\/wp-json\/wp\/v2\/posts\/81047\/revisions\/81055"}],"wp:featuredmedia":[{"embeddable":true,"href":"https:\/\/www.cofb.org\/ca\/wp-json\/wp\/v2\/media\/81050"}],"wp:attachment":[{"href":"https:\/\/www.cofb.org\/ca\/wp-json\/wp\/v2\/media?parent=81047"}],"wp:term":[{"taxonomy":"category","embeddable":true,"href":"https:\/\/www.cofb.org\/ca\/wp-json\/wp\/v2\/categories?post=81047"},{"taxonomy":"post_tag","embeddable":true,"href":"https:\/\/www.cofb.org\/ca\/wp-json\/wp\/v2\/tags?post=81047"}],"curies":[{"name":"wp","href":"https:\/\/api.w.org\/{rel}","templated":true}]}}