{"id":80924,"date":"2025-03-13T10:34:29","date_gmt":"2025-03-13T10:34:29","guid":{"rendered":"https:\/\/www.cofb.org\/?p=80924"},"modified":"2025-03-13T15:25:26","modified_gmt":"2025-03-13T15:25:26","slug":"infarma-solidari-organitza-un-concert-benefic-que-recaptara-fons-per-reforcar-lassistencia-sanitaria-i-farmaceutica-a-ucraina","status":"publish","type":"post","link":"https:\/\/www.cofb.org\/ca\/2025\/03\/13\/infarma-solidari-organitza-un-concert-benefic-que-recaptara-fons-per-reforcar-lassistencia-sanitaria-i-farmaceutica-a-ucraina\/","title":{"rendered":"Infarma\u00a0Solidario organitza un concert ben\u00e8fic que recaptar\u00e0 fons per refor\u00e7ar l&#8217;assist\u00e8ncia sanit\u00e0ria i farmac\u00e8utica a Ucra\u00efna"},"content":{"rendered":"\n<ul class=\"wp-block-list\">\n<li>Els<strong> fons recaptats<\/strong> es destinaran \u00edntegrament a l&#8217;<strong>ONG&nbsp;Farmamundi&nbsp;<\/strong>per a donar suport a persones despla\u00e7ades a les regions de&nbsp;<strong>Sumy&nbsp;i&nbsp;Poltava<\/strong>, on gaireb\u00e9 el <strong>50% de les farm\u00e0cies estan tancades<\/strong><\/li>\n\n\n\n<li>El <strong>concert solidari <\/strong>se celebrar\u00e0 el dimecres,<strong> 26 de mar\u00e7<\/strong>, a les <strong>21 hores<\/strong>, a la <strong>Sala Luz de Gas<\/strong>. La<strong> venda d&#8217;entrades<\/strong> ja est\u00e0 disponible en la <strong>web <a href=\"http:\/\/www.infarmasolidario.com\/\" target=\"_blank\" rel=\"noreferrer noopener\">www.infarmasolidario.com<\/a><\/strong><\/li>\n\n\n\n<li>L&#8217;<strong>actuaci\u00f3 musical<\/strong> anir\u00e0 a c\u00e0rrec de la banda&nbsp;<strong>From&nbsp;Lost&nbsp;To&nbsp;The&nbsp;River<\/strong>&nbsp;que oferiran un&nbsp;concert&nbsp;amb un <strong>ampli repertori de versions i amb temes propis <\/strong>en estils com el jazz, el soul o el&nbsp;funk<\/li>\n<\/ul>\n\n\n\n<figure class=\"wp-block-image size-full\"><a href=\"https:\/\/www.cofb.org\/wp-content\/uploads\/2025\/03\/COFB_INFARMA-SOLIDARIO_13032025.jpg\" target=\"_blank\" rel=\"noreferrer noopener\"><img fetchpriority=\"high\" decoding=\"async\" width=\"1024\" height=\"576\" src=\"https:\/\/www.cofb.org\/wp-content\/uploads\/2025\/03\/COFB_INFARMA-SOLIDARIO_13032025.jpg\" alt=\"\" class=\"wp-image-80925\" srcset=\"https:\/\/www.cofb.org\/wp-content\/uploads\/2025\/03\/COFB_INFARMA-SOLIDARIO_13032025.jpg 1024w, https:\/\/www.cofb.org\/wp-content\/uploads\/2025\/03\/COFB_INFARMA-SOLIDARIO_13032025-300x169.jpg 300w, https:\/\/www.cofb.org\/wp-content\/uploads\/2025\/03\/COFB_INFARMA-SOLIDARIO_13032025-768x432.jpg 768w, https:\/\/www.cofb.org\/wp-content\/uploads\/2025\/03\/COFB_INFARMA-SOLIDARIO_13032025-18x10.jpg 18w\" sizes=\"(max-width: 1024px) 100vw, 1024px\" \/><\/a><\/figure>\n\n\n\n<p><br><em>Barcelona, 13 de mar\u00e7 de 2025. \u2013\u00a0<\/em><strong>Infarma\u00a0Solidario<\/strong>, iniciativa conjunta del <strong>Col\u00b7legi\u00a0de\u00a0Farmac\u00e8utics\u00a0de Barcelona (COFB), el Colegio Oficial de Farmac\u00e9uticos de Madrid (COFM)\u00a0i\u00a0CloserStill\u00a0Media<\/strong>, organitza un concert ben\u00e8fic amb l&#8217;objectiu de <strong>recaptar fons per refor\u00e7ar l&#8217;assist\u00e8ncia sanit\u00e0ria i farmac\u00e8utica a Ucra\u00efna<\/strong>. Els <strong>beneficis <\/strong>es destinaran, \u00edntegrament, a l&#8217;<strong>ONG\u00a0Farmamundi<\/strong>, per fer costat a les persones despla\u00e7ades a les regions de\u00a0<strong>Sumy\u00a0i\u00a0Poltava<\/strong>, on gaireb\u00e9 el <strong>50% de les farm\u00e0cies estan tancades<\/strong>.<\/p>\n\n\n\n<p><strong>\u201cGr\u00e0cies a la solidaritat del col\u00b7lectiu farmac\u00e8utic, un any m\u00e9s, contribuirem a la millora de la salut de la poblaci\u00f3, facilitant l&#8217;acc\u00e9s a medicaments i garantint l&#8217;assist\u00e8ncia sanit\u00e0ria i farmac\u00e8utica per als que m\u00e9s ho necessiten\u201d<\/strong>, va destacar<strong> Miquel&nbsp;Recasens<\/strong>, tresorer del Col\u00b7legi&nbsp;de&nbsp;Farmac\u00e8utics&nbsp;de Barcelona (COFB)&nbsp;i responsable de la Comissi\u00f3 de Comprom\u00eds Social (RSC).<\/p>\n\n\n\n<p>El <strong>concert solidari <\/strong>se celebrar\u00e0 el dimecres <strong>26 de mar\u00e7<\/strong>, a les <strong>21 hores<\/strong>, a la <strong>Sala Luz de Gas <\/strong>de Barcelona. Les <strong>entrades<\/strong>, amb un cost de <strong>20 euros<\/strong>, ja es poden adquirir a la web d&#8217;Infarma\u00a0Solidario (<a href=\"http:\/\/www.infarmasolidario.com\/\" target=\"_blank\" rel=\"noreferrer noopener\">www.infarmasolidario.com<\/a>). L&#8217;<strong>actuaci\u00f3 musical<\/strong> anir\u00e0 a c\u00e0rrec del grup\u00a0<strong>From\u00a0Lost\u00a0To\u00a0The\u00a0River<\/strong>, conegut pel seu comprom\u00eds amb causes solid\u00e0ries i liderada per\u00a0Mara\u00a0Dierssen, destacada investigadora en l&#8217;\u00e0mbit de la S\u00edndrome de\u00a0Down. El grup oferir\u00e0 un repertori que inclou versions i temes propis en estils com el jazz, el soul i el\u00a0funk.<\/p>\n\n\n\n<p>A m\u00e9s,\u00a0Infarma\u00a0Solidario 2025 compta amb <strong>donacions de col\u00b7laboradors que contribueixen a la causa solid\u00e0ria d&#8217;aquesta nova edici\u00f3.<\/strong> Fins al moment, col\u00b7laboren: en la categoria <strong>plata, CaixaBank i el Consejo General de Colegios Farmac\u00e9uticos<\/strong>; i en la categoria <strong>bronze,\u00a0Arquia\u00a0Banca,\u00a0Farmaconsulting\u00a0i\u00a0ISDIN<\/strong>.<\/p>\n\n\n\n<h2 class=\"wp-block-heading\"><strong>La recaptaci\u00f3 es destinar\u00e0 \u00edntegrament a l&#8217;ONG&nbsp;Farmamundi<\/strong><\/h2>\n\n\n\n<p><strong>L&#8217;import recaptat <\/strong>mitjan\u00e7ant de la <strong>venda d&#8217;entrades<\/strong> i les <strong>donacions dels col\u00b7laboradors <\/strong>es destinar\u00e0 \u00edntegrament a l&#8217;<strong>ONG&nbsp;Farmamundi<\/strong>, concretament al projecte \u201c<a href=\"https:\/\/farmaceuticosmundi.org\/infarma-solidario-asistencia-sanitaria-y-farmaceutica-en-ucrania\/\" target=\"_blank\" rel=\"noreferrer noopener\">Assist\u00e8ncia sanit\u00e0ria i farmac\u00e8utica a Ucra\u00efna<\/a>\u201d.<\/p>\n\n\n\n<p>La iniciativa, que es concentra a les regions&nbsp;Sumy&nbsp;i&nbsp;Poltava, t\u00e9 4 grans objectius: <strong>posar en marxa un equip sanitari per atendre, protegir i referenciar a la poblaci\u00f3 m\u00e9s vulnerable<\/strong>; <strong>garantir serveis de salut mental i suport psicosocial adaptats a dones i poblaci\u00f3 infantil<\/strong>, promovent la seva recuperaci\u00f3; <strong>accedir a serveis sanitaris i farmacol\u00f2gics a trav\u00e9s de cupons dirigits a dones despla\u00e7ades internes <\/strong>en situaci\u00f3 de major vulnerabilitat; i <strong>enfortir els coneixements i sensibilitzar a professionals farmac\u00e8utics\/ques actuals i futurs\/es en l&#8217;acc\u00e9s global a la salut<\/strong> i els determinants socials del dret a la salut.<\/p>\n\n\n\n<h2 class=\"wp-block-heading\"><strong>Quina \u00e9s la finalitat de\u00a0Infarma\u00a0Solidario?<\/strong><\/h2>\n\n\n\n<p>Des de 2016,\u00a0Infarma\u00a0Solidarioha organitzat diferents activitats ben\u00e8fiques\u00a0per conscienciar sobre la necessitat de dedicar esfor\u00e7os al comprom\u00eds social, divulgar l&#8217;acci\u00f3 social i solid\u00e0ria dels diferents agents del sector farmac\u00e8utic, i organitzar activitats amb la finalitat de recaptar fons solidaris, destinats \u00edntegrament al finan\u00e7ament de projectes d&#8217;\u00e0mbit humanitari i social.<\/p>\n","protected":false},"excerpt":{"rendered":"<p>Barcelona, 13 de mar\u00e7 de 2025. \u2013\u00a0Infarma\u00a0Solidario, iniciativa conjunta del Col\u00b7legi\u00a0de\u00a0Farmac\u00e8utics\u00a0de Barcelona (COFB), el Colegio Oficial de Farmac\u00e9uticos de Madrid (COFM)\u00a0i\u00a0CloserStill\u00a0Media, organitza un concert ben\u00e8fic amb l&#8217;objectiu de recaptar fons per refor\u00e7ar l&#8217;assist\u00e8ncia sanit\u00e0ria i farmac\u00e8utica a Ucra\u00efna. Els beneficis es destinaran, \u00edntegrament, a l&#8217;ONG\u00a0Farmamundi, per fer costat a les [&hellip;]<\/p>\n","protected":false},"author":3,"featured_media":80925,"comment_status":"closed","ping_status":"closed","sticky":false,"template":"","format":"aside","meta":{"_uag_custom_page_level_css":"","site-sidebar-layout":"default","site-content-layout":"","ast-site-content-layout":"default","site-content-style":"default","site-sidebar-style":"default","ast-global-header-display":"","ast-banner-title-visibility":"","ast-main-header-display":"","ast-hfb-above-header-display":"","ast-hfb-below-header-display":"","ast-hfb-mobile-header-display":"","site-post-title":"","ast-breadcrumbs-content":"","ast-featured-img":"disabled","footer-sml-layout":"","theme-transparent-header-meta":"","adv-header-id-meta":"","stick-header-meta":"","header-above-stick-meta":"","header-main-stick-meta":"","header-below-stick-meta":"","astra-migrate-meta-layouts":"set","ast-page-background-enabled":"default","ast-page-background-meta":{"desktop":{"background-color":"var(--ast-global-color-4)","background-image":"","background-repeat":"repeat","background-position":"center center","background-size":"auto","background-attachment":"scroll","background-type":"","background-media":"","overlay-type":"","overlay-color":"","overlay-opacity":"","overlay-gradient":""},"tablet":{"background-color":"","background-image":"","background-repeat":"repeat","background-position":"center center","background-size":"auto","background-attachment":"scroll","background-type":"","background-media":"","overlay-type":"","overlay-color":"","overlay-opacity":"","overlay-gradient":""},"mobile":{"background-color":"","background-image":"","background-repeat":"repeat","background-position":"center center","background-size":"auto","background-attachment":"scroll","background-type":"","background-media":"","overlay-type":"","overlay-color":"","overlay-opacity":"","overlay-gradient":""}},"ast-content-background-meta":{"desktop":{"background-color":"var(--ast-global-color-5)","background-image":"","background-repeat":"repeat","background-position":"center center","background-size":"auto","background-attachment":"scroll","background-type":"","background-media":"","overlay-type":"","overlay-color":"","overlay-opacity":"","overlay-gradient":""},"tablet":{"background-color":"var(--ast-global-color-5)","background-image":"","background-repeat":"repeat","background-position":"center center","background-size":"auto","background-attachment":"scroll","background-type":"","background-media":"","overlay-type":"","overlay-color":"","overlay-opacity":"","overlay-gradient":""},"mobile":{"background-color":"var(--ast-global-color-5)","background-image":"","background-repeat":"repeat","background-position":"center center","background-size":"auto","background-attachment":"scroll","background-type":"","background-media":"","overlay-type":"","overlay-color":"","overlay-opacity":"","overlay-gradient":""}},"footnotes":""},"categories":[23,2165,1060],"tags":[3688,5265,3100,5268,18,19,241,161,234,2717,25,235,5269,164,2624,5266,5267,587],"class_list":["post-80924","post","type-post","status-publish","format-aside","has-post-thumbnail","hentry","category-destacats","category-infarma","category-notes-premsa","tag-actuacio-musical","tag-assistencia-farmaceutica","tag-assistencia-sanitaria","tag-closer-still-media","tag-cofb","tag-collegi-de-farmaceutics-de-barcelona","tag-colegio-oficial-de-farmaceuticos-de-madrid","tag-concert","tag-concert-benefic","tag-concert-solidari","tag-farmacies","tag-farmamundi","tag-from-lost-to-the-river","tag-infarma-solidari","tag-ong","tag-ong-farmamundi","tag-sala-luz-de-gas","tag-ucraina","post_format-post-format-aside"],"yoast_head":"<!-- This site is optimized with the Yoast SEO plugin v22.4 - https:\/\/yoast.com\/wordpress\/plugins\/seo\/ -->\n<title>Infarma\u00a0Solidario organitza un concert ben\u00e8fic que recaptar\u00e0 fons per refor\u00e7ar l&#039;assist\u00e8ncia sanit\u00e0ria i farmac\u00e8utica a Ucra\u00efna - Col\u00b7legi de Farmac\u00e8utics de Barcelona<\/title>\n<meta name=\"description\" content=\"Infarma\u00a0Solidari organitza un concert ben\u00e8fic amb l&#039;objectiu de recaptar fons per refor\u00e7ar l&#039;assist\u00e8ncia sanit\u00e0ria i farmac\u00e8utica a Ucra\u00efna.\" \/>\n<meta name=\"robots\" content=\"index, follow, max-snippet:-1, max-image-preview:large, max-video-preview:-1\" \/>\n<link rel=\"canonical\" href=\"https:\/\/www.cofb.org\/ca\/2025\/03\/13\/infarma-solidari-organitza-un-concert-benefic-que-recaptara-fons-per-reforcar-lassistencia-sanitaria-i-farmaceutica-a-ucraina\/\" \/>\n<meta property=\"og:locale\" content=\"ca_ES\" \/>\n<meta property=\"og:type\" content=\"article\" \/>\n<meta property=\"og:title\" content=\"Infarma\u00a0Solidario organitza un concert ben\u00e8fic que recaptar\u00e0 fons per refor\u00e7ar l&#039;assist\u00e8ncia sanit\u00e0ria i farmac\u00e8utica a Ucra\u00efna - Col\u00b7legi de Farmac\u00e8utics de Barcelona\" \/>\n<meta property=\"og:description\" content=\"Infarma\u00a0Solidari organitza un concert ben\u00e8fic amb l&#039;objectiu de recaptar fons per refor\u00e7ar l&#039;assist\u00e8ncia sanit\u00e0ria i farmac\u00e8utica a Ucra\u00efna.\" \/>\n<meta property=\"og:url\" content=\"https:\/\/www.cofb.org\/ca\/2025\/03\/13\/infarma-solidari-organitza-un-concert-benefic-que-recaptara-fons-per-reforcar-lassistencia-sanitaria-i-farmaceutica-a-ucraina\/\" \/>\n<meta property=\"og:site_name\" content=\"Col\u00b7legi de Farmac\u00e8utics de Barcelona\" \/>\n<meta property=\"article:publisher\" content=\"https:\/\/www.facebook.com\/farmaceuticsbcn\/\" \/>\n<meta property=\"article:published_time\" content=\"2025-03-13T10:34:29+00:00\" \/>\n<meta property=\"article:modified_time\" content=\"2025-03-13T15:25:26+00:00\" \/>\n<meta property=\"og:image\" content=\"https:\/\/www.cofb.org\/wp-content\/uploads\/2025\/03\/COFB_INFARMA-SOLIDARIO_13032025.jpg\" \/>\n\t<meta property=\"og:image:width\" content=\"1024\" \/>\n\t<meta property=\"og:image:height\" content=\"576\" \/>\n\t<meta property=\"og:image:type\" content=\"image\/jpeg\" \/>\n<meta name=\"author\" content=\"Berta Mart\u00ednez\" \/>\n<meta name=\"twitter:card\" content=\"summary_large_image\" \/>\n<meta name=\"twitter:creator\" content=\"@farmaceuticsbcn\" \/>\n<meta name=\"twitter:site\" content=\"@farmaceuticsbcn\" \/>\n<meta name=\"twitter:label1\" content=\"Escrit per\" \/>\n\t<meta name=\"twitter:data1\" content=\"Berta Mart\u00ednez\" \/>\n\t<meta name=\"twitter:label2\" content=\"Temps estimat de lectura\" \/>\n\t<meta name=\"twitter:data2\" content=\"4 minuts\" \/>\n<script type=\"application\/ld+json\" class=\"yoast-schema-graph\">{\"@context\":\"https:\/\/schema.org\",\"@graph\":[{\"@type\":\"Article\",\"@id\":\"https:\/\/www.cofb.org\/2025\/03\/13\/infarma-solidari-organitza-un-concert-benefic-que-recaptara-fons-per-reforcar-lassistencia-sanitaria-i-farmaceutica-a-ucraina\/#article\",\"isPartOf\":{\"@id\":\"https:\/\/www.cofb.org\/2025\/03\/13\/infarma-solidari-organitza-un-concert-benefic-que-recaptara-fons-per-reforcar-lassistencia-sanitaria-i-farmaceutica-a-ucraina\/\"},\"author\":{\"name\":\"Berta Mart\u00ednez\",\"@id\":\"https:\/\/www.cofb.org\/#\/schema\/person\/f32de3b41b812c85ff923cb4cc849063\"},\"headline\":\"Infarma\u00a0Solidario organitza un concert ben\u00e8fic que recaptar\u00e0 fons per refor\u00e7ar l&#8217;assist\u00e8ncia sanit\u00e0ria i farmac\u00e8utica a Ucra\u00efna\",\"datePublished\":\"2025-03-13T10:34:29+00:00\",\"dateModified\":\"2025-03-13T15:25:26+00:00\",\"mainEntityOfPage\":{\"@id\":\"https:\/\/www.cofb.org\/2025\/03\/13\/infarma-solidari-organitza-un-concert-benefic-que-recaptara-fons-per-reforcar-lassistencia-sanitaria-i-farmaceutica-a-ucraina\/\"},\"wordCount\":674,\"publisher\":{\"@id\":\"https:\/\/www.cofb.org\/#organization\"},\"image\":{\"@id\":\"https:\/\/www.cofb.org\/2025\/03\/13\/infarma-solidari-organitza-un-concert-benefic-que-recaptara-fons-per-reforcar-lassistencia-sanitaria-i-farmaceutica-a-ucraina\/#primaryimage\"},\"thumbnailUrl\":\"https:\/\/www.cofb.org\/wp-content\/uploads\/2025\/03\/COFB_INFARMA-SOLIDARIO_13032025.jpg\",\"keywords\":[\"actuaci\u00f3 musical\",\"assist\u00e8ncia farmac\u00e8utica\",\"assist\u00e8ncia sanit\u00e0ria\",\"Closer Still Media\",\"COFB\",\"Col\u00b7legi de Farmac\u00e8utics de Barcelona\",\"Colegio Oficial de Farmac\u00e9uticos de Madrid\",\"Concert\",\"concert ben\u00e8fic\",\"concert solidari\",\"farm\u00e0cies\",\"Farmamundi\",\"From Lost To The River\",\"Infarma Solidari\",\"ONG\",\"ONG Farmamundi\",\"Sala Luz de Gas\",\"Ucra\u00efna\"],\"articleSection\":[\"Destacats\",\"Infarma\",\"Notes de premsa\"],\"inLanguage\":\"ca\"},{\"@type\":\"WebPage\",\"@id\":\"https:\/\/www.cofb.org\/2025\/03\/13\/infarma-solidari-organitza-un-concert-benefic-que-recaptara-fons-per-reforcar-lassistencia-sanitaria-i-farmaceutica-a-ucraina\/\",\"url\":\"https:\/\/www.cofb.org\/2025\/03\/13\/infarma-solidari-organitza-un-concert-benefic-que-recaptara-fons-per-reforcar-lassistencia-sanitaria-i-farmaceutica-a-ucraina\/\",\"name\":\"Infarma\u00a0Solidario organitza un concert ben\u00e8fic que recaptar\u00e0 fons per refor\u00e7ar l'assist\u00e8ncia sanit\u00e0ria i farmac\u00e8utica a Ucra\u00efna - Col\u00b7legi de Farmac\u00e8utics de Barcelona\",\"isPartOf\":{\"@id\":\"https:\/\/www.cofb.org\/#website\"},\"primaryImageOfPage\":{\"@id\":\"https:\/\/www.cofb.org\/2025\/03\/13\/infarma-solidari-organitza-un-concert-benefic-que-recaptara-fons-per-reforcar-lassistencia-sanitaria-i-farmaceutica-a-ucraina\/#primaryimage\"},\"image\":{\"@id\":\"https:\/\/www.cofb.org\/2025\/03\/13\/infarma-solidari-organitza-un-concert-benefic-que-recaptara-fons-per-reforcar-lassistencia-sanitaria-i-farmaceutica-a-ucraina\/#primaryimage\"},\"thumbnailUrl\":\"https:\/\/www.cofb.org\/wp-content\/uploads\/2025\/03\/COFB_INFARMA-SOLIDARIO_13032025.jpg\",\"datePublished\":\"2025-03-13T10:34:29+00:00\",\"dateModified\":\"2025-03-13T15:25:26+00:00\",\"description\":\"Infarma\u00a0Solidari organitza un concert ben\u00e8fic amb l'objectiu de recaptar fons per refor\u00e7ar l'assist\u00e8ncia sanit\u00e0ria i farmac\u00e8utica a Ucra\u00efna.\",\"breadcrumb\":{\"@id\":\"https:\/\/www.cofb.org\/2025\/03\/13\/infarma-solidari-organitza-un-concert-benefic-que-recaptara-fons-per-reforcar-lassistencia-sanitaria-i-farmaceutica-a-ucraina\/#breadcrumb\"},\"inLanguage\":\"ca\",\"potentialAction\":[{\"@type\":\"ReadAction\",\"target\":[\"https:\/\/www.cofb.org\/2025\/03\/13\/infarma-solidari-organitza-un-concert-benefic-que-recaptara-fons-per-reforcar-lassistencia-sanitaria-i-farmaceutica-a-ucraina\/\"]}]},{\"@type\":\"ImageObject\",\"inLanguage\":\"ca\",\"@id\":\"https:\/\/www.cofb.org\/2025\/03\/13\/infarma-solidari-organitza-un-concert-benefic-que-recaptara-fons-per-reforcar-lassistencia-sanitaria-i-farmaceutica-a-ucraina\/#primaryimage\",\"url\":\"https:\/\/www.cofb.org\/wp-content\/uploads\/2025\/03\/COFB_INFARMA-SOLIDARIO_13032025.jpg\",\"contentUrl\":\"https:\/\/www.cofb.org\/wp-content\/uploads\/2025\/03\/COFB_INFARMA-SOLIDARIO_13032025.jpg\",\"width\":1024,\"height\":576},{\"@type\":\"BreadcrumbList\",\"@id\":\"https:\/\/www.cofb.org\/2025\/03\/13\/infarma-solidari-organitza-un-concert-benefic-que-recaptara-fons-per-reforcar-lassistencia-sanitaria-i-farmaceutica-a-ucraina\/#breadcrumb\",\"itemListElement\":[{\"@type\":\"ListItem\",\"position\":1,\"name\":\"Inici\",\"item\":\"https:\/\/novaorg.cofb.net\/\"},{\"@type\":\"ListItem\",\"position\":2,\"name\":\"Infarma\u00a0Solidario organitza un concert ben\u00e8fic que recaptar\u00e0 fons per refor\u00e7ar l&#8217;assist\u00e8ncia sanit\u00e0ria i farmac\u00e8utica a Ucra\u00efna\"}]},{\"@type\":\"WebSite\",\"@id\":\"https:\/\/www.cofb.org\/#website\",\"url\":\"https:\/\/www.cofb.org\/\",\"name\":\"Col\u00b7legi de Farmac\u00e8utics de Barcelona\",\"description\":\"\",\"publisher\":{\"@id\":\"https:\/\/www.cofb.org\/#organization\"},\"potentialAction\":[{\"@type\":\"SearchAction\",\"target\":{\"@type\":\"EntryPoint\",\"urlTemplate\":\"https:\/\/www.cofb.org\/?s={search_term_string}\"},\"query-input\":\"required name=search_term_string\"}],\"inLanguage\":\"ca\"},{\"@type\":\"Organization\",\"@id\":\"https:\/\/www.cofb.org\/#organization\",\"name\":\"Col\u00b7legi de Farmac\u00e8utics de Barcelona\",\"url\":\"https:\/\/www.cofb.org\/\",\"logo\":{\"@type\":\"ImageObject\",\"inLanguage\":\"ca\",\"@id\":\"https:\/\/www.cofb.org\/#\/schema\/logo\/image\/\",\"url\":\"https:\/\/www.cofb.org\/wp-content\/uploads\/2023\/11\/cropped-Logotip-COFB.png\",\"contentUrl\":\"https:\/\/www.cofb.org\/wp-content\/uploads\/2023\/11\/cropped-Logotip-COFB.png\",\"width\":500,\"height\":105,\"caption\":\"Col\u00b7legi de Farmac\u00e8utics de Barcelona\"},\"image\":{\"@id\":\"https:\/\/www.cofb.org\/#\/schema\/logo\/image\/\"},\"sameAs\":[\"https:\/\/www.facebook.com\/farmaceuticsbcn\/\",\"https:\/\/twitter.com\/farmaceuticsbcn\",\"https:\/\/www.instagram.com\/farmaceuticsbcn\/\",\"https:\/\/www.linkedin.com\/company\/farmaceuticsbcn\/\"]},{\"@type\":\"Person\",\"@id\":\"https:\/\/www.cofb.org\/#\/schema\/person\/f32de3b41b812c85ff923cb4cc849063\",\"name\":\"Berta Mart\u00ednez\",\"image\":{\"@type\":\"ImageObject\",\"inLanguage\":\"ca\",\"@id\":\"https:\/\/www.cofb.org\/#\/schema\/person\/image\/\",\"url\":\"https:\/\/secure.gravatar.com\/avatar\/d4c584dab5da1ee9e3c3df161c0aabec7075cc8211cd46ffc79bfe177aa78b01?s=96&d=mm&r=g\",\"contentUrl\":\"https:\/\/secure.gravatar.com\/avatar\/d4c584dab5da1ee9e3c3df161c0aabec7075cc8211cd46ffc79bfe177aa78b01?s=96&d=mm&r=g\",\"caption\":\"Berta Mart\u00ednez\"},\"url\":\"https:\/\/www.cofb.org\/ca\/author\/bmartinez\/\"}]}<\/script>\n<!-- \/ Yoast SEO plugin. -->","yoast_head_json":{"title":"Infarma\u00a0Solidario organitza un concert ben\u00e8fic que recaptar\u00e0 fons per refor\u00e7ar l'assist\u00e8ncia sanit\u00e0ria i farmac\u00e8utica a Ucra\u00efna - Col\u00b7legi de Farmac\u00e8utics de Barcelona","description":"Infarma\u00a0Solidari organitza un concert ben\u00e8fic amb l'objectiu de recaptar fons per refor\u00e7ar l'assist\u00e8ncia sanit\u00e0ria i farmac\u00e8utica a Ucra\u00efna.","robots":{"index":"index","follow":"follow","max-snippet":"max-snippet:-1","max-image-preview":"max-image-preview:large","max-video-preview":"max-video-preview:-1"},"canonical":"https:\/\/www.cofb.org\/ca\/2025\/03\/13\/infarma-solidari-organitza-un-concert-benefic-que-recaptara-fons-per-reforcar-lassistencia-sanitaria-i-farmaceutica-a-ucraina\/","og_locale":"ca_ES","og_type":"article","og_title":"Infarma\u00a0Solidario organitza un concert ben\u00e8fic que recaptar\u00e0 fons per refor\u00e7ar l'assist\u00e8ncia sanit\u00e0ria i farmac\u00e8utica a Ucra\u00efna - Col\u00b7legi de Farmac\u00e8utics de Barcelona","og_description":"Infarma\u00a0Solidari organitza un concert ben\u00e8fic amb l'objectiu de recaptar fons per refor\u00e7ar l'assist\u00e8ncia sanit\u00e0ria i farmac\u00e8utica a Ucra\u00efna.","og_url":"https:\/\/www.cofb.org\/ca\/2025\/03\/13\/infarma-solidari-organitza-un-concert-benefic-que-recaptara-fons-per-reforcar-lassistencia-sanitaria-i-farmaceutica-a-ucraina\/","og_site_name":"Col\u00b7legi de Farmac\u00e8utics de Barcelona","article_publisher":"https:\/\/www.facebook.com\/farmaceuticsbcn\/","article_published_time":"2025-03-13T10:34:29+00:00","article_modified_time":"2025-03-13T15:25:26+00:00","og_image":[{"width":1024,"height":576,"url":"https:\/\/www.cofb.org\/wp-content\/uploads\/2025\/03\/COFB_INFARMA-SOLIDARIO_13032025.jpg","type":"image\/jpeg"}],"author":"Berta Mart\u00ednez","twitter_card":"summary_large_image","twitter_creator":"@farmaceuticsbcn","twitter_site":"@farmaceuticsbcn","twitter_misc":{"Escrit per":"Berta Mart\u00ednez","Temps estimat de lectura":"4 minuts"},"schema":{"@context":"https:\/\/schema.org","@graph":[{"@type":"Article","@id":"https:\/\/www.cofb.org\/2025\/03\/13\/infarma-solidari-organitza-un-concert-benefic-que-recaptara-fons-per-reforcar-lassistencia-sanitaria-i-farmaceutica-a-ucraina\/#article","isPartOf":{"@id":"https:\/\/www.cofb.org\/2025\/03\/13\/infarma-solidari-organitza-un-concert-benefic-que-recaptara-fons-per-reforcar-lassistencia-sanitaria-i-farmaceutica-a-ucraina\/"},"author":{"name":"Berta Mart\u00ednez","@id":"https:\/\/www.cofb.org\/#\/schema\/person\/f32de3b41b812c85ff923cb4cc849063"},"headline":"Infarma\u00a0Solidario organitza un concert ben\u00e8fic que recaptar\u00e0 fons per refor\u00e7ar l&#8217;assist\u00e8ncia sanit\u00e0ria i farmac\u00e8utica a Ucra\u00efna","datePublished":"2025-03-13T10:34:29+00:00","dateModified":"2025-03-13T15:25:26+00:00","mainEntityOfPage":{"@id":"https:\/\/www.cofb.org\/2025\/03\/13\/infarma-solidari-organitza-un-concert-benefic-que-recaptara-fons-per-reforcar-lassistencia-sanitaria-i-farmaceutica-a-ucraina\/"},"wordCount":674,"publisher":{"@id":"https:\/\/www.cofb.org\/#organization"},"image":{"@id":"https:\/\/www.cofb.org\/2025\/03\/13\/infarma-solidari-organitza-un-concert-benefic-que-recaptara-fons-per-reforcar-lassistencia-sanitaria-i-farmaceutica-a-ucraina\/#primaryimage"},"thumbnailUrl":"https:\/\/www.cofb.org\/wp-content\/uploads\/2025\/03\/COFB_INFARMA-SOLIDARIO_13032025.jpg","keywords":["actuaci\u00f3 musical","assist\u00e8ncia farmac\u00e8utica","assist\u00e8ncia sanit\u00e0ria","Closer Still Media","COFB","Col\u00b7legi de Farmac\u00e8utics de Barcelona","Colegio Oficial de Farmac\u00e9uticos de Madrid","Concert","concert ben\u00e8fic","concert solidari","farm\u00e0cies","Farmamundi","From Lost To The River","Infarma Solidari","ONG","ONG Farmamundi","Sala Luz de Gas","Ucra\u00efna"],"articleSection":["Destacats","Infarma","Notes de premsa"],"inLanguage":"ca"},{"@type":"WebPage","@id":"https:\/\/www.cofb.org\/2025\/03\/13\/infarma-solidari-organitza-un-concert-benefic-que-recaptara-fons-per-reforcar-lassistencia-sanitaria-i-farmaceutica-a-ucraina\/","url":"https:\/\/www.cofb.org\/2025\/03\/13\/infarma-solidari-organitza-un-concert-benefic-que-recaptara-fons-per-reforcar-lassistencia-sanitaria-i-farmaceutica-a-ucraina\/","name":"Infarma\u00a0Solidario organitza un concert ben\u00e8fic que recaptar\u00e0 fons per refor\u00e7ar l'assist\u00e8ncia sanit\u00e0ria i farmac\u00e8utica a Ucra\u00efna - Col\u00b7legi de Farmac\u00e8utics de Barcelona","isPartOf":{"@id":"https:\/\/www.cofb.org\/#website"},"primaryImageOfPage":{"@id":"https:\/\/www.cofb.org\/2025\/03\/13\/infarma-solidari-organitza-un-concert-benefic-que-recaptara-fons-per-reforcar-lassistencia-sanitaria-i-farmaceutica-a-ucraina\/#primaryimage"},"image":{"@id":"https:\/\/www.cofb.org\/2025\/03\/13\/infarma-solidari-organitza-un-concert-benefic-que-recaptara-fons-per-reforcar-lassistencia-sanitaria-i-farmaceutica-a-ucraina\/#primaryimage"},"thumbnailUrl":"https:\/\/www.cofb.org\/wp-content\/uploads\/2025\/03\/COFB_INFARMA-SOLIDARIO_13032025.jpg","datePublished":"2025-03-13T10:34:29+00:00","dateModified":"2025-03-13T15:25:26+00:00","description":"Infarma\u00a0Solidari organitza un concert ben\u00e8fic amb l'objectiu de recaptar fons per refor\u00e7ar l'assist\u00e8ncia sanit\u00e0ria i farmac\u00e8utica a Ucra\u00efna.","breadcrumb":{"@id":"https:\/\/www.cofb.org\/2025\/03\/13\/infarma-solidari-organitza-un-concert-benefic-que-recaptara-fons-per-reforcar-lassistencia-sanitaria-i-farmaceutica-a-ucraina\/#breadcrumb"},"inLanguage":"ca","potentialAction":[{"@type":"ReadAction","target":["https:\/\/www.cofb.org\/2025\/03\/13\/infarma-solidari-organitza-un-concert-benefic-que-recaptara-fons-per-reforcar-lassistencia-sanitaria-i-farmaceutica-a-ucraina\/"]}]},{"@type":"ImageObject","inLanguage":"ca","@id":"https:\/\/www.cofb.org\/2025\/03\/13\/infarma-solidari-organitza-un-concert-benefic-que-recaptara-fons-per-reforcar-lassistencia-sanitaria-i-farmaceutica-a-ucraina\/#primaryimage","url":"https:\/\/www.cofb.org\/wp-content\/uploads\/2025\/03\/COFB_INFARMA-SOLIDARIO_13032025.jpg","contentUrl":"https:\/\/www.cofb.org\/wp-content\/uploads\/2025\/03\/COFB_INFARMA-SOLIDARIO_13032025.jpg","width":1024,"height":576},{"@type":"BreadcrumbList","@id":"https:\/\/www.cofb.org\/2025\/03\/13\/infarma-solidari-organitza-un-concert-benefic-que-recaptara-fons-per-reforcar-lassistencia-sanitaria-i-farmaceutica-a-ucraina\/#breadcrumb","itemListElement":[{"@type":"ListItem","position":1,"name":"Inici","item":"https:\/\/novaorg.cofb.net\/"},{"@type":"ListItem","position":2,"name":"Infarma\u00a0Solidario organitza un concert ben\u00e8fic que recaptar\u00e0 fons per refor\u00e7ar l&#8217;assist\u00e8ncia sanit\u00e0ria i farmac\u00e8utica a Ucra\u00efna"}]},{"@type":"WebSite","@id":"https:\/\/www.cofb.org\/#website","url":"https:\/\/www.cofb.org\/","name":"Col\u00b7legi de Farmac\u00e8utics de Barcelona","description":"","publisher":{"@id":"https:\/\/www.cofb.org\/#organization"},"potentialAction":[{"@type":"SearchAction","target":{"@type":"EntryPoint","urlTemplate":"https:\/\/www.cofb.org\/?s={search_term_string}"},"query-input":"required name=search_term_string"}],"inLanguage":"ca"},{"@type":"Organization","@id":"https:\/\/www.cofb.org\/#organization","name":"Col\u00b7legi de Farmac\u00e8utics de Barcelona","url":"https:\/\/www.cofb.org\/","logo":{"@type":"ImageObject","inLanguage":"ca","@id":"https:\/\/www.cofb.org\/#\/schema\/logo\/image\/","url":"https:\/\/www.cofb.org\/wp-content\/uploads\/2023\/11\/cropped-Logotip-COFB.png","contentUrl":"https:\/\/www.cofb.org\/wp-content\/uploads\/2023\/11\/cropped-Logotip-COFB.png","width":500,"height":105,"caption":"Col\u00b7legi de Farmac\u00e8utics de Barcelona"},"image":{"@id":"https:\/\/www.cofb.org\/#\/schema\/logo\/image\/"},"sameAs":["https:\/\/www.facebook.com\/farmaceuticsbcn\/","https:\/\/twitter.com\/farmaceuticsbcn","https:\/\/www.instagram.com\/farmaceuticsbcn\/","https:\/\/www.linkedin.com\/company\/farmaceuticsbcn\/"]},{"@type":"Person","@id":"https:\/\/www.cofb.org\/#\/schema\/person\/f32de3b41b812c85ff923cb4cc849063","name":"Berta Mart\u00ednez","image":{"@type":"ImageObject","inLanguage":"ca","@id":"https:\/\/www.cofb.org\/#\/schema\/person\/image\/","url":"https:\/\/secure.gravatar.com\/avatar\/d4c584dab5da1ee9e3c3df161c0aabec7075cc8211cd46ffc79bfe177aa78b01?s=96&d=mm&r=g","contentUrl":"https:\/\/secure.gravatar.com\/avatar\/d4c584dab5da1ee9e3c3df161c0aabec7075cc8211cd46ffc79bfe177aa78b01?s=96&d=mm&r=g","caption":"Berta Mart\u00ednez"},"url":"https:\/\/www.cofb.org\/ca\/author\/bmartinez\/"}]}},"uagb_featured_image_src":{"full":["https:\/\/www.cofb.org\/wp-content\/uploads\/2025\/03\/COFB_INFARMA-SOLIDARIO_13032025.jpg",1024,576,false],"thumbnail":["https:\/\/www.cofb.org\/wp-content\/uploads\/2025\/03\/COFB_INFARMA-SOLIDARIO_13032025-150x150.jpg",150,150,true],"medium":["https:\/\/www.cofb.org\/wp-content\/uploads\/2025\/03\/COFB_INFARMA-SOLIDARIO_13032025-300x169.jpg",300,169,true],"medium_large":["https:\/\/www.cofb.org\/wp-content\/uploads\/2025\/03\/COFB_INFARMA-SOLIDARIO_13032025-768x432.jpg",768,432,true],"large":["https:\/\/www.cofb.org\/wp-content\/uploads\/2025\/03\/COFB_INFARMA-SOLIDARIO_13032025.jpg",1024,576,false],"1536x1536":["https:\/\/www.cofb.org\/wp-content\/uploads\/2025\/03\/COFB_INFARMA-SOLIDARIO_13032025.jpg",1024,576,false],"2048x2048":["https:\/\/www.cofb.org\/wp-content\/uploads\/2025\/03\/COFB_INFARMA-SOLIDARIO_13032025.jpg",1024,576,false],"trp-custom-language-flag":["https:\/\/www.cofb.org\/wp-content\/uploads\/2025\/03\/COFB_INFARMA-SOLIDARIO_13032025-18x10.jpg",18,10,true]},"uagb_author_info":{"display_name":"Berta Mart\u00ednez","author_link":"https:\/\/www.cofb.org\/ca\/author\/bmartinez\/"},"uagb_comment_info":0,"uagb_excerpt":"Barcelona, 13 de mar\u00e7 de 2025. \u2013\u00a0Infarma\u00a0Solidario, iniciativa conjunta del Col\u00b7legi\u00a0de\u00a0Farmac\u00e8utics\u00a0de Barcelona (COFB), el Colegio Oficial de Farmac\u00e9uticos de Madrid (COFM)\u00a0i\u00a0CloserStill\u00a0Media, organitza un concert ben\u00e8fic amb l&#8217;objectiu de recaptar fons per refor\u00e7ar l&#8217;assist\u00e8ncia sanit\u00e0ria i farmac\u00e8utica a Ucra\u00efna. Els beneficis es destinaran, \u00edntegrament, a l&#8217;ONG\u00a0Farmamundi, per fer costat a les [&hellip;]","_links":{"self":[{"href":"https:\/\/www.cofb.org\/ca\/wp-json\/wp\/v2\/posts\/80924","targetHints":{"allow":["GET"]}}],"collection":[{"href":"https:\/\/www.cofb.org\/ca\/wp-json\/wp\/v2\/posts"}],"about":[{"href":"https:\/\/www.cofb.org\/ca\/wp-json\/wp\/v2\/types\/post"}],"author":[{"embeddable":true,"href":"https:\/\/www.cofb.org\/ca\/wp-json\/wp\/v2\/users\/3"}],"replies":[{"embeddable":true,"href":"https:\/\/www.cofb.org\/ca\/wp-json\/wp\/v2\/comments?post=80924"}],"version-history":[{"count":6,"href":"https:\/\/www.cofb.org\/ca\/wp-json\/wp\/v2\/posts\/80924\/revisions"}],"predecessor-version":[{"id":80938,"href":"https:\/\/www.cofb.org\/ca\/wp-json\/wp\/v2\/posts\/80924\/revisions\/80938"}],"wp:featuredmedia":[{"embeddable":true,"href":"https:\/\/www.cofb.org\/ca\/wp-json\/wp\/v2\/media\/80925"}],"wp:attachment":[{"href":"https:\/\/www.cofb.org\/ca\/wp-json\/wp\/v2\/media?parent=80924"}],"wp:term":[{"taxonomy":"category","embeddable":true,"href":"https:\/\/www.cofb.org\/ca\/wp-json\/wp\/v2\/categories?post=80924"},{"taxonomy":"post_tag","embeddable":true,"href":"https:\/\/www.cofb.org\/ca\/wp-json\/wp\/v2\/tags?post=80924"}],"curies":[{"name":"wp","href":"https:\/\/api.w.org\/{rel}","templated":true}]}}