{"id":8086,"date":"2014-08-14T14:36:33","date_gmt":"2014-08-14T13:36:33","guid":{"rendered":"http:\/\/blog.cofb.cat\/?p=8086"},"modified":"2014-08-14T14:36:33","modified_gmt":"2014-08-14T13:36:33","slug":"consells-per-a-una-bona-alimentacio-en-els-primers-anys-de-vida","status":"publish","type":"post","link":"https:\/\/www.cofb.org\/ca\/2014\/08\/14\/consells-per-a-una-bona-alimentacio-en-els-primers-anys-de-vida\/","title":{"rendered":"Consells per a una bona alimentaci\u00f3 en els primers anys de vida"},"content":{"rendered":"<p><strong>M\u00e9s del 90% dels infants d\u2019entre 0 i 3 anys consumeixen el doble de les prote\u00efnes necess\u00e0ries<\/strong>. Aquest \u00e9s un dels errors de l\u2019alimentaci\u00f3 dels m\u00e9s petits, de la que se\u2019n va parlar en la confer\u00e8ncia<span style=\"text-decoration: underline;\"><a href=\"http:\/\/blog.cofb.cat\/sabem-que-mengen-els-nostres-fills-en-parlarem-el-3-de-juliol\/\" target=\"_blank\" rel=\"noopener\"> \u201cQu\u00e8 mengen els nostres fills? Consells i recomanacions per una bona alimentaci\u00f3 en els primers anys de vida\u201d<\/a><\/span>, que va acollir el COFB el passat 3 de juliol. La xerrada va estar moderada per la vocal d\u2019Alimentaci\u00f3 i Nutrici\u00f3 del Col\u00b7legi, Anna Bach, que va explicar la import\u00e0ncia de la proximitat de la farm\u00e0cia comunit\u00e0ria en les fam\u00edlies i, sobretot, en les mares.<\/p>\n<p>L\u2019estudi <span style=\"text-decoration: underline;\"><a href=\"http:\/\/www.estudioalsalma.es\/v_portal\/apartados\/apartado.asp\" target=\"_blank\" rel=\"noopener\">Alsalma 2.0 <\/a><\/span>ha perm\u00e8s saber que la dieta dels m\u00e9s petits t\u00e9 un exc\u00e9s de prote\u00efnes, sobretot de les d\u2019origen animal (carn i l\u00e0ctics), en el 96% dels nens de\u00a07 a 12 mesos, el 88% dels nens de 13 a 24 mesos i el 97% dels nens de 25 a 36 mesos\u00a0. El projecte tamb\u00e9 mostra que hi ha un consum deficitari de ferro, vitamina D i iode, aix\u00ed com un exc\u00e9s de sodi.<\/p>\n<div class=\"box shadow\">Anna Bach: \u201cL&#8217;alimentaci\u00f3 infantil \u00e9s una consulta habitual a la farm\u00e0cia, per aquest motiu els farmac\u00e8utics s&#8217;interessen per formar-se, actualitzar els seus coneixements en aquest camp i aix\u00ed poder aconsellar adequadament a l&#8217;usuari\u201d.<\/div>\n<p>L&#8217;objectiu d&#8217;Alsalma 2.0,\u00a0realitzat a partir d\u2019una mostra de 1.500 nens, \u00e9s establir quina \u00e9s l\u2019alimentaci\u00f3 dels nens d\u2019entre 0 i 3 anys de la nostra poblaci\u00f3, analitzar i determinar els seus d\u00e8ficits, i intentar proporcionar recomanacions per corregir-los. Un desequilibri de l&#8217;alimentaci\u00f3 a llarg termini pot conduir a l&#8217;obesitat, molt prevalent a la inf\u00e0ncia. Els factors que la condicionen, a banda dels m\u00e9s evidents com ara el pes en n\u00e9ixer, l\u2019activitat f\u00edsica i els factors gen\u00e8tics, s\u00f3n els h\u00e0bits alimentaris no saludables.<\/p>\n<p>Aix\u00ed doncs,\u00a0<strong>el primer que hem de saber per combatre l\u2019obesitat \u00e9s per qu\u00e8 els nostres nens s\u00f3n obesos<\/strong>, ja que la intervenci\u00f3 preco\u00e7 \u00e9s el que ens pot ajudar a millorar la salut dels nostres futurs adults.<\/p>\n\n<p style=\"text-align: left;\"><strong>Quines s\u00f3n les preguntes m\u00e9s freq\u00fcents als farmac\u00e8utics?<\/strong><\/p>\n<p style=\"text-align: left;\">Les preguntes m\u00e9s freq\u00fcents, en relaci\u00f3 a l\u2019alimentaci\u00f3 dels nostres nens, s\u00f3n la introducci\u00f3 dels aliments i l\u2019adaptaci\u00f3 de l\u2019alimentaci\u00f3 a requeriments especials (per exemple, dietes sense lactosa). D\u2019aix\u00f2 en va parlar l\u2019encarregat de la confer\u00e8ncia, Sergio Pinillos, secci\u00f3 de Gastroenterologia, Hepatologia i Nutrici\u00f3 de l\u2019Hospital de Sant Joan de D\u00e9u de Barcelona, que va remarcar que \u00a0un d\u00e8ficit o exc\u00e9s d&#8217;alimentaci\u00f3 en l&#8217;alimentaci\u00f3 dels m\u00e9s petits incideixen evidentment en la seva salut en l&#8217;etapa adulta. \u00c9s per aix\u00f2 que\u00a0cal saber qu\u00e8 mengen i com mengen els nostres fills.<\/p>\n<p style=\"text-align: right;\"><strong><span style=\"color: #888888;\">Amb el patrocini de:<\/span><\/strong><\/p>\n<p><a href=\"https:\/\/www.almiclub.es\/\" target=\"_blank\" rel=\"noopener\"><img decoding=\"async\" class=\"size-full wp-image-8091 alignright\" alt=\"Almiron\" src=\"http:\/\/blog.cofb.cat\/wp-content\/uploads\/2014\/08\/Almiron.jpg\" width=\"150\" height=\"83\" \/><\/a><\/p>\n<p>&nbsp;<\/p>\n<p>&nbsp;<\/p>\n<p>&nbsp;<\/p>\n","protected":false},"excerpt":{"rendered":"<p>M\u00e9s del 90% dels infants d\u2019entre 0 i 3 anys consumeixen el doble de les prote\u00efnes necess\u00e0ries. Aquest \u00e9s un dels errors de l\u2019alimentaci\u00f3 dels m\u00e9s petits, de la que se\u2019n va parlar en la confer\u00e8ncia \u201cQu\u00e8 mengen els nostres fills? Consells i recomanacions per una bona alimentaci\u00f3 en els [&hellip;]<\/p>\n","protected":false},"author":1,"featured_media":7396,"comment_status":"open","ping_status":"open","sticky":false,"template":"","format":"standard","meta":{"_uag_custom_page_level_css":"","site-sidebar-layout":"default","site-content-layout":"","ast-site-content-layout":"default","site-content-style":"default","site-sidebar-style":"default","ast-global-header-display":"","ast-banner-title-visibility":"","ast-main-header-display":"","ast-hfb-above-header-display":"","ast-hfb-below-header-display":"","ast-hfb-mobile-header-display":"","site-post-title":"","ast-breadcrumbs-content":"","ast-featured-img":"disabled","footer-sml-layout":"","theme-transparent-header-meta":"","adv-header-id-meta":"","stick-header-meta":"","header-above-stick-meta":"","header-main-stick-meta":"","header-below-stick-meta":"","astra-migrate-meta-layouts":"default","ast-page-background-enabled":"default","ast-page-background-meta":{"desktop":{"background-color":"var(--ast-global-color-4)","background-image":"","background-repeat":"repeat","background-position":"center center","background-size":"auto","background-attachment":"scroll","background-type":"","background-media":"","overlay-type":"","overlay-color":"","overlay-opacity":"","overlay-gradient":""},"tablet":{"background-color":"","background-image":"","background-repeat":"repeat","background-position":"center center","background-size":"auto","background-attachment":"scroll","background-type":"","background-media":"","overlay-type":"","overlay-color":"","overlay-opacity":"","overlay-gradient":""},"mobile":{"background-color":"","background-image":"","background-repeat":"repeat","background-position":"center center","background-size":"auto","background-attachment":"scroll","background-type":"","background-media":"","overlay-type":"","overlay-color":"","overlay-opacity":"","overlay-gradient":""}},"ast-content-background-meta":{"desktop":{"background-color":"var(--ast-global-color-5)","background-image":"","background-repeat":"repeat","background-position":"center center","background-size":"auto","background-attachment":"scroll","background-type":"","background-media":"","overlay-type":"","overlay-color":"","overlay-opacity":"","overlay-gradient":""},"tablet":{"background-color":"var(--ast-global-color-5)","background-image":"","background-repeat":"repeat","background-position":"center center","background-size":"auto","background-attachment":"scroll","background-type":"","background-media":"","overlay-type":"","overlay-color":"","overlay-opacity":"","overlay-gradient":""},"mobile":{"background-color":"var(--ast-global-color-5)","background-image":"","background-repeat":"repeat","background-position":"center center","background-size":"auto","background-attachment":"scroll","background-type":"","background-media":"","overlay-type":"","overlay-color":"","overlay-opacity":"","overlay-gradient":""}},"footnotes":""},"categories":[57],"tags":[16,70],"class_list":["post-8086","post","type-post","status-publish","format-standard","has-post-thumbnail","hentry","category-mon-collegial","tag-alimentacio-i-nutricio","tag-formacio"],"yoast_head":"<!-- This site is optimized with the Yoast SEO plugin v22.4 - https:\/\/yoast.com\/wordpress\/plugins\/seo\/ -->\n<title>Consells per a una bona alimentaci\u00f3 en els primers anys de vida - Col\u00b7legi de Farmac\u00e8utics de Barcelona<\/title>\n<meta name=\"robots\" content=\"index, follow, max-snippet:-1, max-image-preview:large, max-video-preview:-1\" \/>\n<link rel=\"canonical\" href=\"https:\/\/novaorg.cofb.net\/2014\/08\/14\/consells-per-a-una-bona-alimentacio-en-els-primers-anys-de-vida\/\" \/>\n<meta property=\"og:locale\" content=\"ca_ES\" \/>\n<meta property=\"og:type\" content=\"article\" \/>\n<meta property=\"og:title\" content=\"Consells per a una bona alimentaci\u00f3 en els primers anys de vida - Col\u00b7legi de Farmac\u00e8utics de Barcelona\" \/>\n<meta property=\"og:description\" content=\"M\u00e9s del 90% dels infants d\u2019entre 0 i 3 anys consumeixen el doble de les prote\u00efnes necess\u00e0ries. Aquest \u00e9s un dels errors de l\u2019alimentaci\u00f3 dels m\u00e9s petits, de la que se\u2019n va parlar en la confer\u00e8ncia \u201cQu\u00e8 mengen els nostres fills? Consells i recomanacions per una bona alimentaci\u00f3 en els [&hellip;]\" \/>\n<meta property=\"og:url\" content=\"https:\/\/novaorg.cofb.net\/2014\/08\/14\/consells-per-a-una-bona-alimentacio-en-els-primers-anys-de-vida\/\" \/>\n<meta property=\"og:site_name\" content=\"Col\u00b7legi de Farmac\u00e8utics de Barcelona\" \/>\n<meta property=\"article:publisher\" content=\"https:\/\/www.facebook.com\/farmaceuticsbcn\/\" \/>\n<meta property=\"article:published_time\" content=\"2014-08-14T13:36:33+00:00\" \/>\n<meta name=\"author\" content=\"wpAdminCofbOrg\" \/>\n<meta name=\"twitter:card\" content=\"summary_large_image\" \/>\n<meta name=\"twitter:creator\" content=\"@farmaceuticsbcn\" \/>\n<meta name=\"twitter:site\" content=\"@farmaceuticsbcn\" \/>\n<meta name=\"twitter:label1\" content=\"Escrit per\" \/>\n\t<meta name=\"twitter:data1\" content=\"wpAdminCofbOrg\" \/>\n\t<meta name=\"twitter:label2\" content=\"Temps estimat de lectura\" \/>\n\t<meta name=\"twitter:data2\" content=\"2 minuts\" \/>\n<script type=\"application\/ld+json\" class=\"yoast-schema-graph\">{\"@context\":\"https:\/\/schema.org\",\"@graph\":[{\"@type\":\"Article\",\"@id\":\"https:\/\/novaorg.cofb.net\/2014\/08\/14\/consells-per-a-una-bona-alimentacio-en-els-primers-anys-de-vida\/#article\",\"isPartOf\":{\"@id\":\"https:\/\/novaorg.cofb.net\/2014\/08\/14\/consells-per-a-una-bona-alimentacio-en-els-primers-anys-de-vida\/\"},\"author\":{\"name\":\"wpAdminCofbOrg\",\"@id\":\"https:\/\/www.cofb.org\/#\/schema\/person\/22ed7eea88da74b0fa4d3154ad87ffcb\"},\"headline\":\"Consells per a una bona alimentaci\u00f3 en els primers anys de vida\",\"datePublished\":\"2014-08-14T13:36:33+00:00\",\"dateModified\":\"2014-08-14T13:36:33+00:00\",\"mainEntityOfPage\":{\"@id\":\"https:\/\/novaorg.cofb.net\/2014\/08\/14\/consells-per-a-una-bona-alimentacio-en-els-primers-anys-de-vida\/\"},\"wordCount\":503,\"commentCount\":0,\"publisher\":{\"@id\":\"https:\/\/www.cofb.org\/#organization\"},\"image\":{\"@id\":\"https:\/\/novaorg.cofb.net\/2014\/08\/14\/consells-per-a-una-bona-alimentacio-en-els-primers-anys-de-vida\/#primaryimage\"},\"thumbnailUrl\":\"\",\"keywords\":[\"Alimentaci\u00f3 i nutrici\u00f3\",\"Formaci\u00f3\"],\"articleSection\":[\"M\u00f3n col\u00b7legial\"],\"inLanguage\":\"ca\",\"potentialAction\":[{\"@type\":\"CommentAction\",\"name\":\"Comment\",\"target\":[\"https:\/\/novaorg.cofb.net\/2014\/08\/14\/consells-per-a-una-bona-alimentacio-en-els-primers-anys-de-vida\/#respond\"]}]},{\"@type\":\"WebPage\",\"@id\":\"https:\/\/novaorg.cofb.net\/2014\/08\/14\/consells-per-a-una-bona-alimentacio-en-els-primers-anys-de-vida\/\",\"url\":\"https:\/\/novaorg.cofb.net\/2014\/08\/14\/consells-per-a-una-bona-alimentacio-en-els-primers-anys-de-vida\/\",\"name\":\"Consells per a una bona alimentaci\u00f3 en els primers anys de vida - Col\u00b7legi de Farmac\u00e8utics de Barcelona\",\"isPartOf\":{\"@id\":\"https:\/\/www.cofb.org\/#website\"},\"primaryImageOfPage\":{\"@id\":\"https:\/\/novaorg.cofb.net\/2014\/08\/14\/consells-per-a-una-bona-alimentacio-en-els-primers-anys-de-vida\/#primaryimage\"},\"image\":{\"@id\":\"https:\/\/novaorg.cofb.net\/2014\/08\/14\/consells-per-a-una-bona-alimentacio-en-els-primers-anys-de-vida\/#primaryimage\"},\"thumbnailUrl\":\"\",\"datePublished\":\"2014-08-14T13:36:33+00:00\",\"dateModified\":\"2014-08-14T13:36:33+00:00\",\"breadcrumb\":{\"@id\":\"https:\/\/novaorg.cofb.net\/2014\/08\/14\/consells-per-a-una-bona-alimentacio-en-els-primers-anys-de-vida\/#breadcrumb\"},\"inLanguage\":\"ca\",\"potentialAction\":[{\"@type\":\"ReadAction\",\"target\":[\"https:\/\/novaorg.cofb.net\/2014\/08\/14\/consells-per-a-una-bona-alimentacio-en-els-primers-anys-de-vida\/\"]}]},{\"@type\":\"ImageObject\",\"inLanguage\":\"ca\",\"@id\":\"https:\/\/novaorg.cofb.net\/2014\/08\/14\/consells-per-a-una-bona-alimentacio-en-els-primers-anys-de-vida\/#primaryimage\",\"url\":\"\",\"contentUrl\":\"\"},{\"@type\":\"BreadcrumbList\",\"@id\":\"https:\/\/novaorg.cofb.net\/2014\/08\/14\/consells-per-a-una-bona-alimentacio-en-els-primers-anys-de-vida\/#breadcrumb\",\"itemListElement\":[{\"@type\":\"ListItem\",\"position\":1,\"name\":\"Inici\",\"item\":\"https:\/\/novaorg.cofb.net\/\"},{\"@type\":\"ListItem\",\"position\":2,\"name\":\"Consells per a una bona alimentaci\u00f3 en els primers anys de vida\"}]},{\"@type\":\"WebSite\",\"@id\":\"https:\/\/www.cofb.org\/#website\",\"url\":\"https:\/\/www.cofb.org\/\",\"name\":\"Col\u00b7legi de Farmac\u00e8utics de Barcelona\",\"description\":\"\",\"publisher\":{\"@id\":\"https:\/\/www.cofb.org\/#organization\"},\"potentialAction\":[{\"@type\":\"SearchAction\",\"target\":{\"@type\":\"EntryPoint\",\"urlTemplate\":\"https:\/\/www.cofb.org\/?s={search_term_string}\"},\"query-input\":\"required name=search_term_string\"}],\"inLanguage\":\"ca\"},{\"@type\":\"Organization\",\"@id\":\"https:\/\/www.cofb.org\/#organization\",\"name\":\"Col\u00b7legi de Farmac\u00e8utics de Barcelona\",\"url\":\"https:\/\/www.cofb.org\/\",\"logo\":{\"@type\":\"ImageObject\",\"inLanguage\":\"ca\",\"@id\":\"https:\/\/www.cofb.org\/#\/schema\/logo\/image\/\",\"url\":\"https:\/\/www.cofb.org\/wp-content\/uploads\/2023\/11\/cropped-Logotip-COFB.png\",\"contentUrl\":\"https:\/\/www.cofb.org\/wp-content\/uploads\/2023\/11\/cropped-Logotip-COFB.png\",\"width\":500,\"height\":105,\"caption\":\"Col\u00b7legi de Farmac\u00e8utics de Barcelona\"},\"image\":{\"@id\":\"https:\/\/www.cofb.org\/#\/schema\/logo\/image\/\"},\"sameAs\":[\"https:\/\/www.facebook.com\/farmaceuticsbcn\/\",\"https:\/\/twitter.com\/farmaceuticsbcn\",\"https:\/\/www.instagram.com\/farmaceuticsbcn\/\",\"https:\/\/www.linkedin.com\/company\/farmaceuticsbcn\/\"]},{\"@type\":\"Person\",\"@id\":\"https:\/\/www.cofb.org\/#\/schema\/person\/22ed7eea88da74b0fa4d3154ad87ffcb\",\"name\":\"wpAdminCofbOrg\",\"image\":{\"@type\":\"ImageObject\",\"inLanguage\":\"ca\",\"@id\":\"https:\/\/www.cofb.org\/#\/schema\/person\/image\/\",\"url\":\"https:\/\/secure.gravatar.com\/avatar\/1721b20b3b8ca882c3b56ec6c978c594fff670e40c0718e9190eaeeb76aae7d8?s=96&d=mm&r=g\",\"contentUrl\":\"https:\/\/secure.gravatar.com\/avatar\/1721b20b3b8ca882c3b56ec6c978c594fff670e40c0718e9190eaeeb76aae7d8?s=96&d=mm&r=g\",\"caption\":\"wpAdminCofbOrg\"},\"sameAs\":[\"http:\/\/192.168.64.122\/wordpress\"],\"url\":\"https:\/\/www.cofb.org\/ca\/author\/wpadmincofborg\/\"}]}<\/script>\n<!-- \/ Yoast SEO plugin. -->","yoast_head_json":{"title":"Consells per a una bona alimentaci\u00f3 en els primers anys de vida - Col\u00b7legi de Farmac\u00e8utics de Barcelona","robots":{"index":"index","follow":"follow","max-snippet":"max-snippet:-1","max-image-preview":"max-image-preview:large","max-video-preview":"max-video-preview:-1"},"canonical":"https:\/\/novaorg.cofb.net\/2014\/08\/14\/consells-per-a-una-bona-alimentacio-en-els-primers-anys-de-vida\/","og_locale":"ca_ES","og_type":"article","og_title":"Consells per a una bona alimentaci\u00f3 en els primers anys de vida - Col\u00b7legi de Farmac\u00e8utics de Barcelona","og_description":"M\u00e9s del 90% dels infants d\u2019entre 0 i 3 anys consumeixen el doble de les prote\u00efnes necess\u00e0ries. Aquest \u00e9s un dels errors de l\u2019alimentaci\u00f3 dels m\u00e9s petits, de la que se\u2019n va parlar en la confer\u00e8ncia \u201cQu\u00e8 mengen els nostres fills? Consells i recomanacions per una bona alimentaci\u00f3 en els [&hellip;]","og_url":"https:\/\/novaorg.cofb.net\/2014\/08\/14\/consells-per-a-una-bona-alimentacio-en-els-primers-anys-de-vida\/","og_site_name":"Col\u00b7legi de Farmac\u00e8utics de Barcelona","article_publisher":"https:\/\/www.facebook.com\/farmaceuticsbcn\/","article_published_time":"2014-08-14T13:36:33+00:00","author":"wpAdminCofbOrg","twitter_card":"summary_large_image","twitter_creator":"@farmaceuticsbcn","twitter_site":"@farmaceuticsbcn","twitter_misc":{"Escrit per":"wpAdminCofbOrg","Temps estimat de lectura":"2 minuts"},"schema":{"@context":"https:\/\/schema.org","@graph":[{"@type":"Article","@id":"https:\/\/novaorg.cofb.net\/2014\/08\/14\/consells-per-a-una-bona-alimentacio-en-els-primers-anys-de-vida\/#article","isPartOf":{"@id":"https:\/\/novaorg.cofb.net\/2014\/08\/14\/consells-per-a-una-bona-alimentacio-en-els-primers-anys-de-vida\/"},"author":{"name":"wpAdminCofbOrg","@id":"https:\/\/www.cofb.org\/#\/schema\/person\/22ed7eea88da74b0fa4d3154ad87ffcb"},"headline":"Consells per a una bona alimentaci\u00f3 en els primers anys de vida","datePublished":"2014-08-14T13:36:33+00:00","dateModified":"2014-08-14T13:36:33+00:00","mainEntityOfPage":{"@id":"https:\/\/novaorg.cofb.net\/2014\/08\/14\/consells-per-a-una-bona-alimentacio-en-els-primers-anys-de-vida\/"},"wordCount":503,"commentCount":0,"publisher":{"@id":"https:\/\/www.cofb.org\/#organization"},"image":{"@id":"https:\/\/novaorg.cofb.net\/2014\/08\/14\/consells-per-a-una-bona-alimentacio-en-els-primers-anys-de-vida\/#primaryimage"},"thumbnailUrl":"","keywords":["Alimentaci\u00f3 i nutrici\u00f3","Formaci\u00f3"],"articleSection":["M\u00f3n col\u00b7legial"],"inLanguage":"ca","potentialAction":[{"@type":"CommentAction","name":"Comment","target":["https:\/\/novaorg.cofb.net\/2014\/08\/14\/consells-per-a-una-bona-alimentacio-en-els-primers-anys-de-vida\/#respond"]}]},{"@type":"WebPage","@id":"https:\/\/novaorg.cofb.net\/2014\/08\/14\/consells-per-a-una-bona-alimentacio-en-els-primers-anys-de-vida\/","url":"https:\/\/novaorg.cofb.net\/2014\/08\/14\/consells-per-a-una-bona-alimentacio-en-els-primers-anys-de-vida\/","name":"Consells per a una bona alimentaci\u00f3 en els primers anys de vida - Col\u00b7legi de Farmac\u00e8utics de Barcelona","isPartOf":{"@id":"https:\/\/www.cofb.org\/#website"},"primaryImageOfPage":{"@id":"https:\/\/novaorg.cofb.net\/2014\/08\/14\/consells-per-a-una-bona-alimentacio-en-els-primers-anys-de-vida\/#primaryimage"},"image":{"@id":"https:\/\/novaorg.cofb.net\/2014\/08\/14\/consells-per-a-una-bona-alimentacio-en-els-primers-anys-de-vida\/#primaryimage"},"thumbnailUrl":"","datePublished":"2014-08-14T13:36:33+00:00","dateModified":"2014-08-14T13:36:33+00:00","breadcrumb":{"@id":"https:\/\/novaorg.cofb.net\/2014\/08\/14\/consells-per-a-una-bona-alimentacio-en-els-primers-anys-de-vida\/#breadcrumb"},"inLanguage":"ca","potentialAction":[{"@type":"ReadAction","target":["https:\/\/novaorg.cofb.net\/2014\/08\/14\/consells-per-a-una-bona-alimentacio-en-els-primers-anys-de-vida\/"]}]},{"@type":"ImageObject","inLanguage":"ca","@id":"https:\/\/novaorg.cofb.net\/2014\/08\/14\/consells-per-a-una-bona-alimentacio-en-els-primers-anys-de-vida\/#primaryimage","url":"","contentUrl":""},{"@type":"BreadcrumbList","@id":"https:\/\/novaorg.cofb.net\/2014\/08\/14\/consells-per-a-una-bona-alimentacio-en-els-primers-anys-de-vida\/#breadcrumb","itemListElement":[{"@type":"ListItem","position":1,"name":"Inici","item":"https:\/\/novaorg.cofb.net\/"},{"@type":"ListItem","position":2,"name":"Consells per a una bona alimentaci\u00f3 en els primers anys de vida"}]},{"@type":"WebSite","@id":"https:\/\/www.cofb.org\/#website","url":"https:\/\/www.cofb.org\/","name":"Col\u00b7legi de Farmac\u00e8utics de Barcelona","description":"","publisher":{"@id":"https:\/\/www.cofb.org\/#organization"},"potentialAction":[{"@type":"SearchAction","target":{"@type":"EntryPoint","urlTemplate":"https:\/\/www.cofb.org\/?s={search_term_string}"},"query-input":"required name=search_term_string"}],"inLanguage":"ca"},{"@type":"Organization","@id":"https:\/\/www.cofb.org\/#organization","name":"Col\u00b7legi de Farmac\u00e8utics de Barcelona","url":"https:\/\/www.cofb.org\/","logo":{"@type":"ImageObject","inLanguage":"ca","@id":"https:\/\/www.cofb.org\/#\/schema\/logo\/image\/","url":"https:\/\/www.cofb.org\/wp-content\/uploads\/2023\/11\/cropped-Logotip-COFB.png","contentUrl":"https:\/\/www.cofb.org\/wp-content\/uploads\/2023\/11\/cropped-Logotip-COFB.png","width":500,"height":105,"caption":"Col\u00b7legi de Farmac\u00e8utics de Barcelona"},"image":{"@id":"https:\/\/www.cofb.org\/#\/schema\/logo\/image\/"},"sameAs":["https:\/\/www.facebook.com\/farmaceuticsbcn\/","https:\/\/twitter.com\/farmaceuticsbcn","https:\/\/www.instagram.com\/farmaceuticsbcn\/","https:\/\/www.linkedin.com\/company\/farmaceuticsbcn\/"]},{"@type":"Person","@id":"https:\/\/www.cofb.org\/#\/schema\/person\/22ed7eea88da74b0fa4d3154ad87ffcb","name":"wpAdminCofbOrg","image":{"@type":"ImageObject","inLanguage":"ca","@id":"https:\/\/www.cofb.org\/#\/schema\/person\/image\/","url":"https:\/\/secure.gravatar.com\/avatar\/1721b20b3b8ca882c3b56ec6c978c594fff670e40c0718e9190eaeeb76aae7d8?s=96&d=mm&r=g","contentUrl":"https:\/\/secure.gravatar.com\/avatar\/1721b20b3b8ca882c3b56ec6c978c594fff670e40c0718e9190eaeeb76aae7d8?s=96&d=mm&r=g","caption":"wpAdminCofbOrg"},"sameAs":["http:\/\/192.168.64.122\/wordpress"],"url":"https:\/\/www.cofb.org\/ca\/author\/wpadmincofborg\/"}]}},"uagb_featured_image_src":{"full":false,"thumbnail":false,"medium":false,"medium_large":false,"large":false,"1536x1536":false,"2048x2048":false,"trp-custom-language-flag":false},"uagb_author_info":{"display_name":"wpAdminCofbOrg","author_link":"https:\/\/www.cofb.org\/ca\/author\/wpadmincofborg\/"},"uagb_comment_info":0,"uagb_excerpt":"M\u00e9s del 90% dels infants d\u2019entre 0 i 3 anys consumeixen el doble de les prote\u00efnes necess\u00e0ries. Aquest \u00e9s un dels errors de l\u2019alimentaci\u00f3 dels m\u00e9s petits, de la que se\u2019n va parlar en la confer\u00e8ncia \u201cQu\u00e8 mengen els nostres fills? Consells i recomanacions per una bona alimentaci\u00f3 en els [&hellip;]","_links":{"self":[{"href":"https:\/\/www.cofb.org\/ca\/wp-json\/wp\/v2\/posts\/8086","targetHints":{"allow":["GET"]}}],"collection":[{"href":"https:\/\/www.cofb.org\/ca\/wp-json\/wp\/v2\/posts"}],"about":[{"href":"https:\/\/www.cofb.org\/ca\/wp-json\/wp\/v2\/types\/post"}],"author":[{"embeddable":true,"href":"https:\/\/www.cofb.org\/ca\/wp-json\/wp\/v2\/users\/1"}],"replies":[{"embeddable":true,"href":"https:\/\/www.cofb.org\/ca\/wp-json\/wp\/v2\/comments?post=8086"}],"version-history":[{"count":0,"href":"https:\/\/www.cofb.org\/ca\/wp-json\/wp\/v2\/posts\/8086\/revisions"}],"wp:featuredmedia":[{"embeddable":true,"href":"https:\/\/www.cofb.org\/ca\/wp-json\/"}],"wp:attachment":[{"href":"https:\/\/www.cofb.org\/ca\/wp-json\/wp\/v2\/media?parent=8086"}],"wp:term":[{"taxonomy":"category","embeddable":true,"href":"https:\/\/www.cofb.org\/ca\/wp-json\/wp\/v2\/categories?post=8086"},{"taxonomy":"post_tag","embeddable":true,"href":"https:\/\/www.cofb.org\/ca\/wp-json\/wp\/v2\/tags?post=8086"}],"curies":[{"name":"wp","href":"https:\/\/api.w.org\/{rel}","templated":true}]}}