{"id":80762,"date":"2025-02-11T12:14:41","date_gmt":"2025-02-11T12:14:41","guid":{"rendered":"https:\/\/www.cofb.org\/?p=80762"},"modified":"2025-02-11T12:15:12","modified_gmt":"2025-02-11T12:15:12","slug":"la-sefh-i-el-cofb-celebren-una-jornada-conjunta-per-abordar-de-manera-transversal-latencio-farmaceutica-a-pacients-amb-asma-i-asma-greu","status":"publish","type":"post","link":"https:\/\/www.cofb.org\/ca\/2025\/02\/11\/la-sefh-i-el-cofb-celebren-una-jornada-conjunta-per-abordar-de-manera-transversal-latencio-farmaceutica-a-pacients-amb-asma-i-asma-greu\/","title":{"rendered":"La\u00a0SEFH\u00a0i el\u00a0COFB\u00a0celebren una jornada conjunta per abordar de manera transversal l&#8217;atenci\u00f3 farmac\u00e8utica a pacients amb asma i asma greu"},"content":{"rendered":"\n<ul class=\"wp-block-list\">\n<li>La jornada va servir per a establir sinergies entre la farm\u00e0cia hospital\u00e0ria, farm\u00e0cia d&#8217;atenci\u00f3 prim\u00e0ria i farm\u00e0cia comunit\u00e0ria<\/li>\n<\/ul>\n\n\n\n<figure class=\"wp-block-image size-large\"><a href=\"https:\/\/www.cofb.org\/wp-content\/uploads\/2025\/02\/COFB_ASMA-GREU_11022025-scaled.jpg\" target=\"_blank\" rel=\"noreferrer noopener\"><img fetchpriority=\"high\" decoding=\"async\" width=\"1024\" height=\"576\" src=\"https:\/\/www.cofb.org\/wp-content\/uploads\/2025\/02\/COFB_ASMA-GREU_11022025-1024x576.jpg\" alt=\"\" class=\"wp-image-80763\" srcset=\"https:\/\/www.cofb.org\/wp-content\/uploads\/2025\/02\/COFB_ASMA-GREU_11022025-1024x576.jpg 1024w, https:\/\/www.cofb.org\/wp-content\/uploads\/2025\/02\/COFB_ASMA-GREU_11022025-300x169.jpg 300w, https:\/\/www.cofb.org\/wp-content\/uploads\/2025\/02\/COFB_ASMA-GREU_11022025-768x432.jpg 768w, https:\/\/www.cofb.org\/wp-content\/uploads\/2025\/02\/COFB_ASMA-GREU_11022025-1536x864.jpg 1536w, https:\/\/www.cofb.org\/wp-content\/uploads\/2025\/02\/COFB_ASMA-GREU_11022025-2048x1152.jpg 2048w, https:\/\/www.cofb.org\/wp-content\/uploads\/2025\/02\/COFB_ASMA-GREU_11022025-18x10.jpg 18w\" sizes=\"(max-width: 1024px) 100vw, 1024px\" \/><\/a><figcaption class=\"wp-element-caption\">D&#8217;esquerra a dreta: Cristina Morales, Aurora Fern\u00e1ndez, Jorge del Estal, Cristina D\u00edez, Xavier Mu\u00f1oz.<\/figcaption><\/figure>\n\n\n\n<p><em>Barcelona, 11 de febrer de 2025. &#8211;<\/em> <strong>La <\/strong><a href=\"https:\/\/www.sefh.es\/\" target=\"_blank\" rel=\"noreferrer noopener\"><strong>Societat Espanyola de Farm\u00e0cia Hospital\u00e0ria (SEFH)<\/strong>&nbsp;<\/a>va celebrar la setmana passada a Barcelona de manera conjunta amb el <strong>Col\u00b7legi&nbsp;de&nbsp;Farmac\u00e8utics&nbsp;de Barcelona (COFB)<\/strong>&nbsp;una jornada sobre <strong>atenci\u00f3 farmac\u00e8utica a pacients amb asma<\/strong>. La formaci\u00f3 va comptar amb el patrocini de&nbsp;AstraZeneca.<br><br>Durant la presentaci\u00f3<strong>, Aurora Fern\u00e1ndez<\/strong>, Delegada de la&nbsp;SEFH&nbsp;a Catalunya, va explicar que s&#8217;ha impulsat aquesta acci\u00f3 formativa, en coordinaci\u00f3 amb el&nbsp;COFB, per <strong>abordar de manera transversal l&#8217;atenci\u00f3 farmac\u00e8utica als pacients amb asma i asma greus, entre tots els nivells assistencials<\/strong>. \u201cAquesta jornada vol posar el focus en les estrat\u00e8gies per actualitzar els tractaments en l&#8217;asma, els programes d&#8217;atenci\u00f3 farmac\u00e8utica per a la millora de l&#8217;adher\u00e8ncia als tractaments, i <strong>establir sinergies entre la farm\u00e0cia hospital\u00e0ria, farm\u00e0cia d&#8217;atenci\u00f3 prim\u00e0ria i farm\u00e0cia comunit\u00e0ria per a impulsar iniciativa d&#8217;atenci\u00f3 farmac\u00e8utica coordinades<\/strong>\u201d, va declarar. Per part seva, <strong>Cristina Morales<\/strong>, vocal d&#8217;Atenci\u00f3 Prim\u00e0ria del&nbsp;COFB&nbsp;i coordinadora de la formaci\u00f3, va afirmar que, <strong>\u201cla participaci\u00f3 de la vocalia d&#8217;hospitals, farm\u00e0cia comunit\u00e0ria i d&#8217;atenci\u00f3 prim\u00e0ria en l&#8217;organitzaci\u00f3 del curs, conjuntament amb la&nbsp;SEFH, s&#8217;ha considerat una oportunitat per donar visibilitat de com \u00e9s de fonamental el treball col\u00b7laboratiu entre els farmac\u00e8utics d&#8217;aquests nivells assistencials<\/strong> en l&#8217;acompanyament al pacient en l&#8217;abordatge del tractament farmacol\u00f2gic de la seva patologia, en aquest cas, de l&#8217;asma\u201d.<\/p>\n\n\n\n<h2 class=\"wp-block-heading\"><strong>Opcions terap\u00e8utiques i innovaci\u00f3 en Asma. Guies de pr\u00e0ctica Cl\u00ednica<\/strong><\/h2>\n\n\n\n<p><strong>Cristina D\u00edez<\/strong>, farmac\u00e8utica de l\u2019\u00c0rea d&#8217;Atenci\u00f3 Farmac\u00e8utica al Pacient Ambulatori (Hospital Universitari de Girona Doctor Josep Trueta) va abordar el <strong>maneig integral del pacient asm\u00e0tic, posant \u00e8mfasi en els fenotips del pacient amb diagn\u00f2stic d&#8217;asma greu i les alternatives terap\u00e8utiques disponibles que s&#8217;empren en la pr\u00e0ctica cl\u00ednica dins de l&#8217;\u00e0mbit hospitalari<\/strong>, tot destacant la import\u00e0ncia d&#8217;una gesti\u00f3 adequada i personalitzada per a optimitzar els resultats en els pacients m\u00e9s complexos. A m\u00e9s, va presentar les <strong>recomanacions terap\u00e8utiques<\/strong> basades en les guies cl\u00edniques actuals per al tractament de l&#8217;asma greu no controlat, orientant sobre com seleccionar el tractament biol\u00f2gic m\u00e9s adequat per cada pacient, en funci\u00f3 dels objectius terap\u00e8utics plantejats.<br><\/p>\n\n\n\n<h2 class=\"wp-block-heading\"><strong>Atenci\u00f3 farmac\u00e8utica i continu\u00eftat assistencial<\/strong><\/h2>\n\n\n\n<p><br><strong>Merc\u00e8&nbsp;Barau<\/strong>, vocal d&#8217;Oficina de Farm\u00e0cia del&nbsp;COFB&nbsp;i coordinadora de la formaci\u00f3, va explicar que davant una dispensaci\u00f3 d&#8217;un inhalador, <strong>\u201cel farmac\u00e8utic no sols ha de vetllar per la seva correcta dispensaci\u00f3, assegurant una administraci\u00f3 ben feta per part del pacient, tamb\u00e9 ha de conscienciar a l&#8217;usuari a retornar els inhaladors usats o caducats a les farm\u00e0cies <\/strong>de la comunitat per a una eliminaci\u00f3 adequada, alhora que amb tota probabilitat amb aquesta acci\u00f3 s&#8217;ajudar\u00e0 a reduir les dispensacions innecess\u00e0ries. D&#8217;aquesta manera no nom\u00e9s es dona un suport als pacients per millorar la seva qualitat pulmonar, sin\u00f3 que alhora es redueixen les emissions provocades pels inhaladors millorant l&#8217;aire que tots respirem\u201d.<br><br>Durant aquesta \u00faltima taula, <strong>Jorge del&nbsp;Estal<\/strong>, Coordinador del grup Neuma de la&nbsp;SEFH, va recordar que, &#8220;<strong>des de la farm\u00e0cia hospital\u00e0ria podem contribuir en el maneig del pacient asm\u00e0tic a trav\u00e9s d&#8217;una intervenci\u00f3 farmacoterap\u00e8utica adequada, centrada en l&#8217;optimitzaci\u00f3 de la medicaci\u00f3 i el monitoratge constant de l&#8217;adher\u00e8ncia i resultats en salut, contribuint directament a millorar el control de la malaltia<\/strong>. La dispensaci\u00f3 personalitzada i l&#8217;acompanyament constant al pacient en el seu tractament farmacol\u00f2gic poden reduir les exacerbacions i les hospitalitzacions. D&#8217;altra banda, la introducci\u00f3 de la visi\u00f3 del farmac\u00e8utic hospitalari en l&#8217;equip multidisciplinari pot oferir una visi\u00f3 que afavoreixi l&#8217;atenci\u00f3 integral i que atengui totes les necessitats del pacient asm\u00e0tic\u201d.<br><br><strong>Marta Roig<\/strong>, farmac\u00e8utica comunit\u00e0ria, titular d&#8217;oficina de Farm\u00e0cia a Sentmenat i professora de pr\u00e0ctiques tutelades a la UB, va detallar la <strong>import\u00e0ncia que el pacient rebi la mateixa informaci\u00f3 des de tots els \u00e0mbits professionals<\/strong> (especialista, hospital, atenci\u00f3 prim\u00e0ria i farm\u00e0cia comunit\u00e0ria). \u201cEl pacient ha de percebre l&#8217;asma greu com una malaltia cr\u00f2nica amb un tractament de manteniment i un de rescat. <strong>En la farm\u00e0cia comunit\u00e0ria tamb\u00e9 intervenim en l&#8217;adher\u00e8ncia al tractament, explicant l&#8217;\u00fas i t\u00e8cnica dels inhaladors i registrant la nostra actuaci\u00f3 farmac\u00e8utica al Consell de Col.legis&nbsp;de&nbsp;Farmac\u00e8utics&nbsp;de Catalunya<\/strong>\u201d, va declarar.<\/p>\n","protected":false},"excerpt":{"rendered":"<p>Barcelona, 11 de febrer de 2025. &#8211; La Societat Espanyola de Farm\u00e0cia Hospital\u00e0ria (SEFH)&nbsp;va celebrar la setmana passada a Barcelona de manera conjunta amb el Col\u00b7legi&nbsp;de&nbsp;Farmac\u00e8utics&nbsp;de Barcelona (COFB)&nbsp;una jornada sobre atenci\u00f3 farmac\u00e8utica a pacients amb asma. La formaci\u00f3 va comptar amb el patrocini de&nbsp;AstraZeneca. Durant la presentaci\u00f3, Aurora Fern\u00e1ndez, Delegada [&hellip;]<\/p>\n","protected":false},"author":3,"featured_media":80763,"comment_status":"closed","ping_status":"closed","sticky":false,"template":"","format":"aside","meta":{"_uag_custom_page_level_css":"","site-sidebar-layout":"default","site-content-layout":"","ast-site-content-layout":"default","site-content-style":"default","site-sidebar-style":"default","ast-global-header-display":"","ast-banner-title-visibility":"","ast-main-header-display":"","ast-hfb-above-header-display":"","ast-hfb-below-header-display":"","ast-hfb-mobile-header-display":"","site-post-title":"","ast-breadcrumbs-content":"","ast-featured-img":"disabled","footer-sml-layout":"","theme-transparent-header-meta":"","adv-header-id-meta":"","stick-header-meta":"","header-above-stick-meta":"","header-main-stick-meta":"","header-below-stick-meta":"","astra-migrate-meta-layouts":"set","ast-page-background-enabled":"default","ast-page-background-meta":{"desktop":{"background-color":"var(--ast-global-color-4)","background-image":"","background-repeat":"repeat","background-position":"center center","background-size":"auto","background-attachment":"scroll","background-type":"","background-media":"","overlay-type":"","overlay-color":"","overlay-opacity":"","overlay-gradient":""},"tablet":{"background-color":"","background-image":"","background-repeat":"repeat","background-position":"center center","background-size":"auto","background-attachment":"scroll","background-type":"","background-media":"","overlay-type":"","overlay-color":"","overlay-opacity":"","overlay-gradient":""},"mobile":{"background-color":"","background-image":"","background-repeat":"repeat","background-position":"center center","background-size":"auto","background-attachment":"scroll","background-type":"","background-media":"","overlay-type":"","overlay-color":"","overlay-opacity":"","overlay-gradient":""}},"ast-content-background-meta":{"desktop":{"background-color":"var(--ast-global-color-5)","background-image":"","background-repeat":"repeat","background-position":"center center","background-size":"auto","background-attachment":"scroll","background-type":"","background-media":"","overlay-type":"","overlay-color":"","overlay-opacity":"","overlay-gradient":""},"tablet":{"background-color":"var(--ast-global-color-5)","background-image":"","background-repeat":"repeat","background-position":"center center","background-size":"auto","background-attachment":"scroll","background-type":"","background-media":"","overlay-type":"","overlay-color":"","overlay-opacity":"","overlay-gradient":""},"mobile":{"background-color":"var(--ast-global-color-5)","background-image":"","background-repeat":"repeat","background-position":"center center","background-size":"auto","background-attachment":"scroll","background-type":"","background-media":"","overlay-type":"","overlay-color":"","overlay-opacity":"","overlay-gradient":""}},"footnotes":""},"categories":[23,1060],"tags":[4803,211,938,18,19,53,68,69,4316,480,70,481,1001,76,885,5253,1013,484,4835],"class_list":["post-80762","post","type-post","status-publish","format-aside","has-post-thumbnail","hentry","category-destacats","category-notes-premsa","tag-adherencia-terapeutica","tag-asma","tag-atencio-primaria","tag-cofb","tag-collegi-de-farmaceutics-de-barcelona","tag-farmaceutics","tag-farmacia","tag-farmacia-comunitaria","tag-farmacia-datencio-primaria","tag-farmacia-hospitalaria","tag-formacio","tag-hospitals","tag-inhaladors","tag-oficina-de-farmacia","tag-reciclatge","tag-recomanacions-terapeutiques","tag-vocalia-datencio-primaria","tag-vocalia-dhospitals","tag-vocalia-doficina-de-farmacia","post_format-post-format-aside"],"yoast_head":"<!-- This site is optimized with the Yoast SEO plugin v22.4 - https:\/\/yoast.com\/wordpress\/plugins\/seo\/ -->\n<title>La\u00a0SEFH\u00a0i el\u00a0COFB\u00a0celebren una jornada conjunta per abordar de manera transversal l&#039;atenci\u00f3 farmac\u00e8utica a pacients amb asma i asma greu - Col\u00b7legi de Farmac\u00e8utics de Barcelona<\/title>\n<meta name=\"description\" content=\"La SEFH\u00a0va celebrar la setmana passada a Barcelona de manera conjunta amb el COFB\u00a0una jornada sobre atenci\u00f3 farmac\u00e8utica a pacients amb asma\" \/>\n<meta name=\"robots\" content=\"index, follow, max-snippet:-1, max-image-preview:large, max-video-preview:-1\" \/>\n<link rel=\"canonical\" href=\"https:\/\/www.cofb.org\/ca\/2025\/02\/11\/la-sefh-i-el-cofb-celebren-una-jornada-conjunta-per-abordar-de-manera-transversal-latencio-farmaceutica-a-pacients-amb-asma-i-asma-greu\/\" \/>\n<meta property=\"og:locale\" content=\"ca_ES\" \/>\n<meta property=\"og:type\" content=\"article\" \/>\n<meta property=\"og:title\" content=\"La\u00a0SEFH\u00a0i el\u00a0COFB\u00a0celebren una jornada conjunta per abordar de manera transversal l&#039;atenci\u00f3 farmac\u00e8utica a pacients amb asma i asma greu - Col\u00b7legi de Farmac\u00e8utics de Barcelona\" \/>\n<meta property=\"og:description\" content=\"La SEFH\u00a0va celebrar la setmana passada a Barcelona de manera conjunta amb el COFB\u00a0una jornada sobre atenci\u00f3 farmac\u00e8utica a pacients amb asma\" \/>\n<meta property=\"og:url\" content=\"https:\/\/www.cofb.org\/ca\/2025\/02\/11\/la-sefh-i-el-cofb-celebren-una-jornada-conjunta-per-abordar-de-manera-transversal-latencio-farmaceutica-a-pacients-amb-asma-i-asma-greu\/\" \/>\n<meta property=\"og:site_name\" content=\"Col\u00b7legi de Farmac\u00e8utics de Barcelona\" \/>\n<meta property=\"article:publisher\" content=\"https:\/\/www.facebook.com\/farmaceuticsbcn\/\" \/>\n<meta property=\"article:published_time\" content=\"2025-02-11T12:14:41+00:00\" \/>\n<meta property=\"article:modified_time\" content=\"2025-02-11T12:15:12+00:00\" \/>\n<meta property=\"og:image\" content=\"https:\/\/www.cofb.org\/wp-content\/uploads\/2025\/02\/COFB_ASMA-GREU_11022025-scaled.jpg\" \/>\n\t<meta property=\"og:image:width\" content=\"2560\" \/>\n\t<meta property=\"og:image:height\" content=\"1440\" \/>\n\t<meta property=\"og:image:type\" content=\"image\/jpeg\" \/>\n<meta name=\"author\" content=\"Berta Mart\u00ednez\" \/>\n<meta name=\"twitter:card\" content=\"summary_large_image\" \/>\n<meta name=\"twitter:creator\" content=\"@farmaceuticsbcn\" \/>\n<meta name=\"twitter:site\" content=\"@farmaceuticsbcn\" \/>\n<meta name=\"twitter:label1\" content=\"Escrit per\" \/>\n\t<meta name=\"twitter:data1\" content=\"Berta Mart\u00ednez\" \/>\n\t<meta name=\"twitter:label2\" content=\"Temps estimat de lectura\" \/>\n\t<meta name=\"twitter:data2\" content=\"5 minuts\" \/>\n<script type=\"application\/ld+json\" class=\"yoast-schema-graph\">{\"@context\":\"https:\/\/schema.org\",\"@graph\":[{\"@type\":\"Article\",\"@id\":\"https:\/\/www.cofb.org\/2025\/02\/11\/la-sefh-i-el-cofb-celebren-una-jornada-conjunta-per-abordar-de-manera-transversal-latencio-farmaceutica-a-pacients-amb-asma-i-asma-greu\/#article\",\"isPartOf\":{\"@id\":\"https:\/\/www.cofb.org\/2025\/02\/11\/la-sefh-i-el-cofb-celebren-una-jornada-conjunta-per-abordar-de-manera-transversal-latencio-farmaceutica-a-pacients-amb-asma-i-asma-greu\/\"},\"author\":{\"name\":\"Berta Mart\u00ednez\",\"@id\":\"https:\/\/www.cofb.org\/#\/schema\/person\/f32de3b41b812c85ff923cb4cc849063\"},\"headline\":\"La\u00a0SEFH\u00a0i el\u00a0COFB\u00a0celebren una jornada conjunta per abordar de manera transversal l&#8217;atenci\u00f3 farmac\u00e8utica a pacients amb asma i asma greu\",\"datePublished\":\"2025-02-11T12:14:41+00:00\",\"dateModified\":\"2025-02-11T12:15:12+00:00\",\"mainEntityOfPage\":{\"@id\":\"https:\/\/www.cofb.org\/2025\/02\/11\/la-sefh-i-el-cofb-celebren-una-jornada-conjunta-per-abordar-de-manera-transversal-latencio-farmaceutica-a-pacients-amb-asma-i-asma-greu\/\"},\"wordCount\":859,\"publisher\":{\"@id\":\"https:\/\/www.cofb.org\/#organization\"},\"image\":{\"@id\":\"https:\/\/www.cofb.org\/2025\/02\/11\/la-sefh-i-el-cofb-celebren-una-jornada-conjunta-per-abordar-de-manera-transversal-latencio-farmaceutica-a-pacients-amb-asma-i-asma-greu\/#primaryimage\"},\"thumbnailUrl\":\"https:\/\/www.cofb.org\/wp-content\/uploads\/2025\/02\/COFB_ASMA-GREU_11022025-scaled.jpg\",\"keywords\":[\"adher\u00e8ncia terap\u00e8utica\",\"asma\",\"Atenci\u00f3 prim\u00e0ria\",\"COFB\",\"Col\u00b7legi de Farmac\u00e8utics de Barcelona\",\"farmac\u00e8utics\",\"Farm\u00e0cia\",\"farm\u00e0cia comunit\u00e0ria\",\"farm\u00e0cia d'atenci\u00f3 prim\u00e0ria\",\"farm\u00e0cia hospital\u00e0ria\",\"Formaci\u00f3\",\"Hospitals\",\"inhaladors\",\"Oficina de farm\u00e0cia\",\"Reciclatge\",\"recomanacions terap\u00e8utiques\",\"Vocalia d'Atenci\u00f3 Prim\u00e0ria\",\"Vocalia d'Hospitals\",\"vocalia d&#039;Oficina de Farm\u00e0cia\"],\"articleSection\":[\"Destacats\",\"Notes de premsa\"],\"inLanguage\":\"ca\"},{\"@type\":\"WebPage\",\"@id\":\"https:\/\/www.cofb.org\/2025\/02\/11\/la-sefh-i-el-cofb-celebren-una-jornada-conjunta-per-abordar-de-manera-transversal-latencio-farmaceutica-a-pacients-amb-asma-i-asma-greu\/\",\"url\":\"https:\/\/www.cofb.org\/2025\/02\/11\/la-sefh-i-el-cofb-celebren-una-jornada-conjunta-per-abordar-de-manera-transversal-latencio-farmaceutica-a-pacients-amb-asma-i-asma-greu\/\",\"name\":\"La\u00a0SEFH\u00a0i el\u00a0COFB\u00a0celebren una jornada conjunta per abordar de manera transversal l'atenci\u00f3 farmac\u00e8utica a pacients amb asma i asma greu - Col\u00b7legi de Farmac\u00e8utics de Barcelona\",\"isPartOf\":{\"@id\":\"https:\/\/www.cofb.org\/#website\"},\"primaryImageOfPage\":{\"@id\":\"https:\/\/www.cofb.org\/2025\/02\/11\/la-sefh-i-el-cofb-celebren-una-jornada-conjunta-per-abordar-de-manera-transversal-latencio-farmaceutica-a-pacients-amb-asma-i-asma-greu\/#primaryimage\"},\"image\":{\"@id\":\"https:\/\/www.cofb.org\/2025\/02\/11\/la-sefh-i-el-cofb-celebren-una-jornada-conjunta-per-abordar-de-manera-transversal-latencio-farmaceutica-a-pacients-amb-asma-i-asma-greu\/#primaryimage\"},\"thumbnailUrl\":\"https:\/\/www.cofb.org\/wp-content\/uploads\/2025\/02\/COFB_ASMA-GREU_11022025-scaled.jpg\",\"datePublished\":\"2025-02-11T12:14:41+00:00\",\"dateModified\":\"2025-02-11T12:15:12+00:00\",\"description\":\"La SEFH\u00a0va celebrar la setmana passada a Barcelona de manera conjunta amb el COFB\u00a0una jornada sobre atenci\u00f3 farmac\u00e8utica a pacients amb asma\",\"breadcrumb\":{\"@id\":\"https:\/\/www.cofb.org\/2025\/02\/11\/la-sefh-i-el-cofb-celebren-una-jornada-conjunta-per-abordar-de-manera-transversal-latencio-farmaceutica-a-pacients-amb-asma-i-asma-greu\/#breadcrumb\"},\"inLanguage\":\"ca\",\"potentialAction\":[{\"@type\":\"ReadAction\",\"target\":[\"https:\/\/www.cofb.org\/2025\/02\/11\/la-sefh-i-el-cofb-celebren-una-jornada-conjunta-per-abordar-de-manera-transversal-latencio-farmaceutica-a-pacients-amb-asma-i-asma-greu\/\"]}]},{\"@type\":\"ImageObject\",\"inLanguage\":\"ca\",\"@id\":\"https:\/\/www.cofb.org\/2025\/02\/11\/la-sefh-i-el-cofb-celebren-una-jornada-conjunta-per-abordar-de-manera-transversal-latencio-farmaceutica-a-pacients-amb-asma-i-asma-greu\/#primaryimage\",\"url\":\"https:\/\/www.cofb.org\/wp-content\/uploads\/2025\/02\/COFB_ASMA-GREU_11022025-scaled.jpg\",\"contentUrl\":\"https:\/\/www.cofb.org\/wp-content\/uploads\/2025\/02\/COFB_ASMA-GREU_11022025-scaled.jpg\",\"width\":2560,\"height\":1440,\"caption\":\"De izquierda a derecha - Cristina Morales, Aurora Fern\u00e1ndez, Jorge del Estal, Cristina D\u00edez, Xavier Mu\u00f1oz.\"},{\"@type\":\"BreadcrumbList\",\"@id\":\"https:\/\/www.cofb.org\/2025\/02\/11\/la-sefh-i-el-cofb-celebren-una-jornada-conjunta-per-abordar-de-manera-transversal-latencio-farmaceutica-a-pacients-amb-asma-i-asma-greu\/#breadcrumb\",\"itemListElement\":[{\"@type\":\"ListItem\",\"position\":1,\"name\":\"Inici\",\"item\":\"https:\/\/novaorg.cofb.net\/\"},{\"@type\":\"ListItem\",\"position\":2,\"name\":\"La\u00a0SEFH\u00a0i el\u00a0COFB\u00a0celebren una jornada conjunta per abordar de manera transversal l&#8217;atenci\u00f3 farmac\u00e8utica a pacients amb asma i asma greu\"}]},{\"@type\":\"WebSite\",\"@id\":\"https:\/\/www.cofb.org\/#website\",\"url\":\"https:\/\/www.cofb.org\/\",\"name\":\"Col\u00b7legi de Farmac\u00e8utics de Barcelona\",\"description\":\"\",\"publisher\":{\"@id\":\"https:\/\/www.cofb.org\/#organization\"},\"potentialAction\":[{\"@type\":\"SearchAction\",\"target\":{\"@type\":\"EntryPoint\",\"urlTemplate\":\"https:\/\/www.cofb.org\/?s={search_term_string}\"},\"query-input\":\"required name=search_term_string\"}],\"inLanguage\":\"ca\"},{\"@type\":\"Organization\",\"@id\":\"https:\/\/www.cofb.org\/#organization\",\"name\":\"Col\u00b7legi de Farmac\u00e8utics de Barcelona\",\"url\":\"https:\/\/www.cofb.org\/\",\"logo\":{\"@type\":\"ImageObject\",\"inLanguage\":\"ca\",\"@id\":\"https:\/\/www.cofb.org\/#\/schema\/logo\/image\/\",\"url\":\"https:\/\/www.cofb.org\/wp-content\/uploads\/2023\/11\/cropped-Logotip-COFB.png\",\"contentUrl\":\"https:\/\/www.cofb.org\/wp-content\/uploads\/2023\/11\/cropped-Logotip-COFB.png\",\"width\":500,\"height\":105,\"caption\":\"Col\u00b7legi de Farmac\u00e8utics de Barcelona\"},\"image\":{\"@id\":\"https:\/\/www.cofb.org\/#\/schema\/logo\/image\/\"},\"sameAs\":[\"https:\/\/www.facebook.com\/farmaceuticsbcn\/\",\"https:\/\/twitter.com\/farmaceuticsbcn\",\"https:\/\/www.instagram.com\/farmaceuticsbcn\/\",\"https:\/\/www.linkedin.com\/company\/farmaceuticsbcn\/\"]},{\"@type\":\"Person\",\"@id\":\"https:\/\/www.cofb.org\/#\/schema\/person\/f32de3b41b812c85ff923cb4cc849063\",\"name\":\"Berta Mart\u00ednez\",\"image\":{\"@type\":\"ImageObject\",\"inLanguage\":\"ca\",\"@id\":\"https:\/\/www.cofb.org\/#\/schema\/person\/image\/\",\"url\":\"https:\/\/secure.gravatar.com\/avatar\/d4c584dab5da1ee9e3c3df161c0aabec7075cc8211cd46ffc79bfe177aa78b01?s=96&d=mm&r=g\",\"contentUrl\":\"https:\/\/secure.gravatar.com\/avatar\/d4c584dab5da1ee9e3c3df161c0aabec7075cc8211cd46ffc79bfe177aa78b01?s=96&d=mm&r=g\",\"caption\":\"Berta Mart\u00ednez\"},\"url\":\"https:\/\/www.cofb.org\/ca\/author\/bmartinez\/\"}]}<\/script>\n<!-- \/ Yoast SEO plugin. -->","yoast_head_json":{"title":"La\u00a0SEFH\u00a0i el\u00a0COFB\u00a0celebren una jornada conjunta per abordar de manera transversal l'atenci\u00f3 farmac\u00e8utica a pacients amb asma i asma greu - Col\u00b7legi de Farmac\u00e8utics de Barcelona","description":"La SEFH\u00a0va celebrar la setmana passada a Barcelona de manera conjunta amb el COFB\u00a0una jornada sobre atenci\u00f3 farmac\u00e8utica a pacients amb asma","robots":{"index":"index","follow":"follow","max-snippet":"max-snippet:-1","max-image-preview":"max-image-preview:large","max-video-preview":"max-video-preview:-1"},"canonical":"https:\/\/www.cofb.org\/ca\/2025\/02\/11\/la-sefh-i-el-cofb-celebren-una-jornada-conjunta-per-abordar-de-manera-transversal-latencio-farmaceutica-a-pacients-amb-asma-i-asma-greu\/","og_locale":"ca_ES","og_type":"article","og_title":"La\u00a0SEFH\u00a0i el\u00a0COFB\u00a0celebren una jornada conjunta per abordar de manera transversal l'atenci\u00f3 farmac\u00e8utica a pacients amb asma i asma greu - Col\u00b7legi de Farmac\u00e8utics de Barcelona","og_description":"La SEFH\u00a0va celebrar la setmana passada a Barcelona de manera conjunta amb el COFB\u00a0una jornada sobre atenci\u00f3 farmac\u00e8utica a pacients amb asma","og_url":"https:\/\/www.cofb.org\/ca\/2025\/02\/11\/la-sefh-i-el-cofb-celebren-una-jornada-conjunta-per-abordar-de-manera-transversal-latencio-farmaceutica-a-pacients-amb-asma-i-asma-greu\/","og_site_name":"Col\u00b7legi de Farmac\u00e8utics de Barcelona","article_publisher":"https:\/\/www.facebook.com\/farmaceuticsbcn\/","article_published_time":"2025-02-11T12:14:41+00:00","article_modified_time":"2025-02-11T12:15:12+00:00","og_image":[{"width":2560,"height":1440,"url":"https:\/\/www.cofb.org\/wp-content\/uploads\/2025\/02\/COFB_ASMA-GREU_11022025-scaled.jpg","type":"image\/jpeg"}],"author":"Berta Mart\u00ednez","twitter_card":"summary_large_image","twitter_creator":"@farmaceuticsbcn","twitter_site":"@farmaceuticsbcn","twitter_misc":{"Escrit per":"Berta Mart\u00ednez","Temps estimat de lectura":"5 minuts"},"schema":{"@context":"https:\/\/schema.org","@graph":[{"@type":"Article","@id":"https:\/\/www.cofb.org\/2025\/02\/11\/la-sefh-i-el-cofb-celebren-una-jornada-conjunta-per-abordar-de-manera-transversal-latencio-farmaceutica-a-pacients-amb-asma-i-asma-greu\/#article","isPartOf":{"@id":"https:\/\/www.cofb.org\/2025\/02\/11\/la-sefh-i-el-cofb-celebren-una-jornada-conjunta-per-abordar-de-manera-transversal-latencio-farmaceutica-a-pacients-amb-asma-i-asma-greu\/"},"author":{"name":"Berta Mart\u00ednez","@id":"https:\/\/www.cofb.org\/#\/schema\/person\/f32de3b41b812c85ff923cb4cc849063"},"headline":"La\u00a0SEFH\u00a0i el\u00a0COFB\u00a0celebren una jornada conjunta per abordar de manera transversal l&#8217;atenci\u00f3 farmac\u00e8utica a pacients amb asma i asma greu","datePublished":"2025-02-11T12:14:41+00:00","dateModified":"2025-02-11T12:15:12+00:00","mainEntityOfPage":{"@id":"https:\/\/www.cofb.org\/2025\/02\/11\/la-sefh-i-el-cofb-celebren-una-jornada-conjunta-per-abordar-de-manera-transversal-latencio-farmaceutica-a-pacients-amb-asma-i-asma-greu\/"},"wordCount":859,"publisher":{"@id":"https:\/\/www.cofb.org\/#organization"},"image":{"@id":"https:\/\/www.cofb.org\/2025\/02\/11\/la-sefh-i-el-cofb-celebren-una-jornada-conjunta-per-abordar-de-manera-transversal-latencio-farmaceutica-a-pacients-amb-asma-i-asma-greu\/#primaryimage"},"thumbnailUrl":"https:\/\/www.cofb.org\/wp-content\/uploads\/2025\/02\/COFB_ASMA-GREU_11022025-scaled.jpg","keywords":["adher\u00e8ncia terap\u00e8utica","asma","Atenci\u00f3 prim\u00e0ria","COFB","Col\u00b7legi de Farmac\u00e8utics de Barcelona","farmac\u00e8utics","Farm\u00e0cia","farm\u00e0cia comunit\u00e0ria","farm\u00e0cia d'atenci\u00f3 prim\u00e0ria","farm\u00e0cia hospital\u00e0ria","Formaci\u00f3","Hospitals","inhaladors","Oficina de farm\u00e0cia","Reciclatge","recomanacions terap\u00e8utiques","Vocalia d'Atenci\u00f3 Prim\u00e0ria","Vocalia d'Hospitals","vocalia d&#039;Oficina de Farm\u00e0cia"],"articleSection":["Destacats","Notes de premsa"],"inLanguage":"ca"},{"@type":"WebPage","@id":"https:\/\/www.cofb.org\/2025\/02\/11\/la-sefh-i-el-cofb-celebren-una-jornada-conjunta-per-abordar-de-manera-transversal-latencio-farmaceutica-a-pacients-amb-asma-i-asma-greu\/","url":"https:\/\/www.cofb.org\/2025\/02\/11\/la-sefh-i-el-cofb-celebren-una-jornada-conjunta-per-abordar-de-manera-transversal-latencio-farmaceutica-a-pacients-amb-asma-i-asma-greu\/","name":"La\u00a0SEFH\u00a0i el\u00a0COFB\u00a0celebren una jornada conjunta per abordar de manera transversal l'atenci\u00f3 farmac\u00e8utica a pacients amb asma i asma greu - Col\u00b7legi de Farmac\u00e8utics de Barcelona","isPartOf":{"@id":"https:\/\/www.cofb.org\/#website"},"primaryImageOfPage":{"@id":"https:\/\/www.cofb.org\/2025\/02\/11\/la-sefh-i-el-cofb-celebren-una-jornada-conjunta-per-abordar-de-manera-transversal-latencio-farmaceutica-a-pacients-amb-asma-i-asma-greu\/#primaryimage"},"image":{"@id":"https:\/\/www.cofb.org\/2025\/02\/11\/la-sefh-i-el-cofb-celebren-una-jornada-conjunta-per-abordar-de-manera-transversal-latencio-farmaceutica-a-pacients-amb-asma-i-asma-greu\/#primaryimage"},"thumbnailUrl":"https:\/\/www.cofb.org\/wp-content\/uploads\/2025\/02\/COFB_ASMA-GREU_11022025-scaled.jpg","datePublished":"2025-02-11T12:14:41+00:00","dateModified":"2025-02-11T12:15:12+00:00","description":"La SEFH\u00a0va celebrar la setmana passada a Barcelona de manera conjunta amb el COFB\u00a0una jornada sobre atenci\u00f3 farmac\u00e8utica a pacients amb asma","breadcrumb":{"@id":"https:\/\/www.cofb.org\/2025\/02\/11\/la-sefh-i-el-cofb-celebren-una-jornada-conjunta-per-abordar-de-manera-transversal-latencio-farmaceutica-a-pacients-amb-asma-i-asma-greu\/#breadcrumb"},"inLanguage":"ca","potentialAction":[{"@type":"ReadAction","target":["https:\/\/www.cofb.org\/2025\/02\/11\/la-sefh-i-el-cofb-celebren-una-jornada-conjunta-per-abordar-de-manera-transversal-latencio-farmaceutica-a-pacients-amb-asma-i-asma-greu\/"]}]},{"@type":"ImageObject","inLanguage":"ca","@id":"https:\/\/www.cofb.org\/2025\/02\/11\/la-sefh-i-el-cofb-celebren-una-jornada-conjunta-per-abordar-de-manera-transversal-latencio-farmaceutica-a-pacients-amb-asma-i-asma-greu\/#primaryimage","url":"https:\/\/www.cofb.org\/wp-content\/uploads\/2025\/02\/COFB_ASMA-GREU_11022025-scaled.jpg","contentUrl":"https:\/\/www.cofb.org\/wp-content\/uploads\/2025\/02\/COFB_ASMA-GREU_11022025-scaled.jpg","width":2560,"height":1440,"caption":"De izquierda a derecha - Cristina Morales, Aurora Fern\u00e1ndez, Jorge del Estal, Cristina D\u00edez, Xavier Mu\u00f1oz."},{"@type":"BreadcrumbList","@id":"https:\/\/www.cofb.org\/2025\/02\/11\/la-sefh-i-el-cofb-celebren-una-jornada-conjunta-per-abordar-de-manera-transversal-latencio-farmaceutica-a-pacients-amb-asma-i-asma-greu\/#breadcrumb","itemListElement":[{"@type":"ListItem","position":1,"name":"Inici","item":"https:\/\/novaorg.cofb.net\/"},{"@type":"ListItem","position":2,"name":"La\u00a0SEFH\u00a0i el\u00a0COFB\u00a0celebren una jornada conjunta per abordar de manera transversal l&#8217;atenci\u00f3 farmac\u00e8utica a pacients amb asma i asma greu"}]},{"@type":"WebSite","@id":"https:\/\/www.cofb.org\/#website","url":"https:\/\/www.cofb.org\/","name":"Col\u00b7legi de Farmac\u00e8utics de Barcelona","description":"","publisher":{"@id":"https:\/\/www.cofb.org\/#organization"},"potentialAction":[{"@type":"SearchAction","target":{"@type":"EntryPoint","urlTemplate":"https:\/\/www.cofb.org\/?s={search_term_string}"},"query-input":"required name=search_term_string"}],"inLanguage":"ca"},{"@type":"Organization","@id":"https:\/\/www.cofb.org\/#organization","name":"Col\u00b7legi de Farmac\u00e8utics de Barcelona","url":"https:\/\/www.cofb.org\/","logo":{"@type":"ImageObject","inLanguage":"ca","@id":"https:\/\/www.cofb.org\/#\/schema\/logo\/image\/","url":"https:\/\/www.cofb.org\/wp-content\/uploads\/2023\/11\/cropped-Logotip-COFB.png","contentUrl":"https:\/\/www.cofb.org\/wp-content\/uploads\/2023\/11\/cropped-Logotip-COFB.png","width":500,"height":105,"caption":"Col\u00b7legi de Farmac\u00e8utics de Barcelona"},"image":{"@id":"https:\/\/www.cofb.org\/#\/schema\/logo\/image\/"},"sameAs":["https:\/\/www.facebook.com\/farmaceuticsbcn\/","https:\/\/twitter.com\/farmaceuticsbcn","https:\/\/www.instagram.com\/farmaceuticsbcn\/","https:\/\/www.linkedin.com\/company\/farmaceuticsbcn\/"]},{"@type":"Person","@id":"https:\/\/www.cofb.org\/#\/schema\/person\/f32de3b41b812c85ff923cb4cc849063","name":"Berta Mart\u00ednez","image":{"@type":"ImageObject","inLanguage":"ca","@id":"https:\/\/www.cofb.org\/#\/schema\/person\/image\/","url":"https:\/\/secure.gravatar.com\/avatar\/d4c584dab5da1ee9e3c3df161c0aabec7075cc8211cd46ffc79bfe177aa78b01?s=96&d=mm&r=g","contentUrl":"https:\/\/secure.gravatar.com\/avatar\/d4c584dab5da1ee9e3c3df161c0aabec7075cc8211cd46ffc79bfe177aa78b01?s=96&d=mm&r=g","caption":"Berta Mart\u00ednez"},"url":"https:\/\/www.cofb.org\/ca\/author\/bmartinez\/"}]}},"uagb_featured_image_src":{"full":["https:\/\/www.cofb.org\/wp-content\/uploads\/2025\/02\/COFB_ASMA-GREU_11022025-scaled.jpg",2560,1440,false],"thumbnail":["https:\/\/www.cofb.org\/wp-content\/uploads\/2025\/02\/COFB_ASMA-GREU_11022025-150x150.jpg",150,150,true],"medium":["https:\/\/www.cofb.org\/wp-content\/uploads\/2025\/02\/COFB_ASMA-GREU_11022025-300x169.jpg",300,169,true],"medium_large":["https:\/\/www.cofb.org\/wp-content\/uploads\/2025\/02\/COFB_ASMA-GREU_11022025-768x432.jpg",768,432,true],"large":["https:\/\/www.cofb.org\/wp-content\/uploads\/2025\/02\/COFB_ASMA-GREU_11022025-1024x576.jpg",1024,576,true],"1536x1536":["https:\/\/www.cofb.org\/wp-content\/uploads\/2025\/02\/COFB_ASMA-GREU_11022025-1536x864.jpg",1536,864,true],"2048x2048":["https:\/\/www.cofb.org\/wp-content\/uploads\/2025\/02\/COFB_ASMA-GREU_11022025-2048x1152.jpg",2048,1152,true],"trp-custom-language-flag":["https:\/\/www.cofb.org\/wp-content\/uploads\/2025\/02\/COFB_ASMA-GREU_11022025-18x10.jpg",18,10,true]},"uagb_author_info":{"display_name":"Berta Mart\u00ednez","author_link":"https:\/\/www.cofb.org\/ca\/author\/bmartinez\/"},"uagb_comment_info":0,"uagb_excerpt":"Barcelona, 11 de febrer de 2025. &#8211; La Societat Espanyola de Farm\u00e0cia Hospital\u00e0ria (SEFH)&nbsp;va celebrar la setmana passada a Barcelona de manera conjunta amb el Col\u00b7legi&nbsp;de&nbsp;Farmac\u00e8utics&nbsp;de Barcelona (COFB)&nbsp;una jornada sobre atenci\u00f3 farmac\u00e8utica a pacients amb asma. La formaci\u00f3 va comptar amb el patrocini de&nbsp;AstraZeneca. Durant la presentaci\u00f3, Aurora Fern\u00e1ndez, Delegada [&hellip;]","_links":{"self":[{"href":"https:\/\/www.cofb.org\/ca\/wp-json\/wp\/v2\/posts\/80762","targetHints":{"allow":["GET"]}}],"collection":[{"href":"https:\/\/www.cofb.org\/ca\/wp-json\/wp\/v2\/posts"}],"about":[{"href":"https:\/\/www.cofb.org\/ca\/wp-json\/wp\/v2\/types\/post"}],"author":[{"embeddable":true,"href":"https:\/\/www.cofb.org\/ca\/wp-json\/wp\/v2\/users\/3"}],"replies":[{"embeddable":true,"href":"https:\/\/www.cofb.org\/ca\/wp-json\/wp\/v2\/comments?post=80762"}],"version-history":[{"count":6,"href":"https:\/\/www.cofb.org\/ca\/wp-json\/wp\/v2\/posts\/80762\/revisions"}],"predecessor-version":[{"id":80769,"href":"https:\/\/www.cofb.org\/ca\/wp-json\/wp\/v2\/posts\/80762\/revisions\/80769"}],"wp:featuredmedia":[{"embeddable":true,"href":"https:\/\/www.cofb.org\/ca\/wp-json\/wp\/v2\/media\/80763"}],"wp:attachment":[{"href":"https:\/\/www.cofb.org\/ca\/wp-json\/wp\/v2\/media?parent=80762"}],"wp:term":[{"taxonomy":"category","embeddable":true,"href":"https:\/\/www.cofb.org\/ca\/wp-json\/wp\/v2\/categories?post=80762"},{"taxonomy":"post_tag","embeddable":true,"href":"https:\/\/www.cofb.org\/ca\/wp-json\/wp\/v2\/tags?post=80762"}],"curies":[{"name":"wp","href":"https:\/\/api.w.org\/{rel}","templated":true}]}}