{"id":80458,"date":"2025-01-08T15:37:22","date_gmt":"2025-01-08T15:37:22","guid":{"rendered":"https:\/\/www.cofb.org\/?p=80458"},"modified":"2025-01-23T15:37:49","modified_gmt":"2025-01-23T15:37:49","slug":"nou-forum-dermoexpert-sobre-la-salut-i-benestar-bucal-en-diferents-moments-de-la-vida","status":"publish","type":"post","link":"https:\/\/www.cofb.org\/ca\/2025\/01\/08\/nou-forum-dermoexpert-sobre-la-salut-i-benestar-bucal-en-diferents-moments-de-la-vida\/","title":{"rendered":"Nou F\u00f2rum Dermoexpert sobre la salut i benestar bucal en diferents moments de la vida"},"content":{"rendered":"\n<p>El passat 12 de desembre, el <strong>Col\u00b7legi de Farmac\u00e8utics de Barcelona (COFB) <\/strong>va organitzar el <strong>F\u00f2rum Dermoexpert \u201cSalut i benestar bucal en diferents moments de la vida\u201d<\/strong>, amb el patrocini de <a href=\"https:\/\/www.dentaid.es\/\" target=\"_blank\" rel=\"noreferrer noopener\">Dentaid<\/a>. El F\u00f2rum Dermoexpert comptar amb la participaci\u00f3 de <strong>Rosa Tarrag\u00f3<\/strong>, t\u00e8cnica superior d&#8217;higiene bucodental d&#8217;Atenci\u00f3 Prim\u00e0ria al Servei Aragon\u00e8s de Salut; <strong>Bego\u00f1a Mulet<\/strong>, psic\u00f2loga especialista en psicologia cl\u00ednica al Centre de Salut Mental Infantil i Juvenil de Reus; i de <strong>Gemma Puig<\/strong>, farmac\u00e8utica responsable del departament gal\u00e8nica de Dentaid Research Center. La vocal de Dermofarm\u00e0cia i Productes Sanitaris del COFB, <strong>Marta<\/strong> <strong>Alcalde<\/strong>, va coordinar la sessi\u00f3 adre\u00e7ada a farmac\u00e8utics i farmac\u00e8utiques comunit\u00e0ries.<\/p>\n\n\n\n<figure class=\"wp-block-image size-large\"><a href=\"https:\/\/www.cofb.org\/wp-content\/uploads\/2025\/01\/COFB_SALUT-BUCODENTAL_09012025_0-scaled.jpg\" target=\"_blank\" rel=\"noreferrer noopener\"><img fetchpriority=\"high\" decoding=\"async\" width=\"1024\" height=\"629\" src=\"https:\/\/www.cofb.org\/wp-content\/uploads\/2025\/01\/COFB_SALUT-BUCODENTAL_09012025_0-1024x629.jpg\" alt=\"\" class=\"wp-image-80462\" srcset=\"https:\/\/www.cofb.org\/wp-content\/uploads\/2025\/01\/COFB_SALUT-BUCODENTAL_09012025_0-1024x629.jpg 1024w, https:\/\/www.cofb.org\/wp-content\/uploads\/2025\/01\/COFB_SALUT-BUCODENTAL_09012025_0-300x184.jpg 300w, https:\/\/www.cofb.org\/wp-content\/uploads\/2025\/01\/COFB_SALUT-BUCODENTAL_09012025_0-768x471.jpg 768w, https:\/\/www.cofb.org\/wp-content\/uploads\/2025\/01\/COFB_SALUT-BUCODENTAL_09012025_0-1536x943.jpg 1536w, https:\/\/www.cofb.org\/wp-content\/uploads\/2025\/01\/COFB_SALUT-BUCODENTAL_09012025_0-2048x1257.jpg 2048w, https:\/\/www.cofb.org\/wp-content\/uploads\/2025\/01\/COFB_SALUT-BUCODENTAL_09012025_0-18x12.jpg 18w\" sizes=\"(max-width: 1024px) 100vw, 1024px\" \/><\/a><\/figure>\n\n\n\n<p>Els <strong>objectius <\/strong>del F\u00f2rum Dermoexpert van ser revisar <strong>la import\u00e0ncia, l\u2019afectaci\u00f3 i les necessitats bucals en les diferents etapes vitals<\/strong>, con\u00e8ixer <strong>com la boca evoluciona al llarg de la vida i com influeix l\u2019estat emocional<\/strong> i aprendre a <strong>recon\u00e8ixer la import\u00e0ncia dels ingredients<\/strong> en els <strong>productes de cura bucal<\/strong>.<\/p>\n\n\n\n<p>Durant la seva intervenci\u00f3, Marta Alcalde va subratllar que la finalitat de la confer\u00e8ncia era <strong>\u201ccon\u00e8ixer els diferents h\u00e0bits d\u2019higiene en les diverses etapes de la vida<\/strong>\u201d, tot destacant que <strong>l\u2019h\u00e0bit d\u2019higiene bucal<\/strong>, a m\u00e9s de proporcionar cura i benestar, <strong>t\u00e9 com a objectiu principal \u201cprevenir les malalties de la cavitat bucal\u201d<\/strong>.<\/p>\n\n\n\n<p>A continuaci\u00f3, va intervenir <strong>Rosa Tarrag\u00f3<\/strong>, t\u00e8cnica superior d&#8217;higiene bucodental d&#8217;Atenci\u00f3 Prim\u00e0ria al Servei Aragon\u00e9s de Salut, que va abordar la <strong>salut i el benestar bucal en els diferents moments de la vida. <\/strong>Aix\u00ed doncs, Tarrag\u00f3 va assenyalar que <strong>l\u2019Organitzaci\u00f3 Mundial de la Salut (OMS)<\/strong> i els seus estats membre estan implementant mesures per incloure <strong>funcions per a la promoci\u00f3 de la salut bucodental i l\u2019atenci\u00f3 preventiva<\/strong> i, en aquesta esfera, s\u2019inclouen diferents professionals entre els quals tamb\u00e9 als <strong>farmac\u00e8utics i farmac\u00e8utiques<\/strong>.<\/p>\n\n\n\n<figure class=\"wp-block-image size-large\"><a href=\"https:\/\/www.cofb.org\/wp-content\/uploads\/2025\/01\/COFB_SALUT-BUCODENTAL_09012025_3-scaled.jpg\" target=\"_blank\" rel=\"noreferrer noopener\"><img decoding=\"async\" width=\"1024\" height=\"577\" src=\"https:\/\/www.cofb.org\/wp-content\/uploads\/2025\/01\/COFB_SALUT-BUCODENTAL_09012025_3-1024x577.jpg\" alt=\"Rosa Tarrag\u00f3 en un moment de la seva presentaci\u00f3 sobre la salut bucodental. \" class=\"wp-image-80465\" srcset=\"https:\/\/www.cofb.org\/wp-content\/uploads\/2025\/01\/COFB_SALUT-BUCODENTAL_09012025_3-1024x577.jpg 1024w, https:\/\/www.cofb.org\/wp-content\/uploads\/2025\/01\/COFB_SALUT-BUCODENTAL_09012025_3-300x169.jpg 300w, https:\/\/www.cofb.org\/wp-content\/uploads\/2025\/01\/COFB_SALUT-BUCODENTAL_09012025_3-768x433.jpg 768w, https:\/\/www.cofb.org\/wp-content\/uploads\/2025\/01\/COFB_SALUT-BUCODENTAL_09012025_3-1536x866.jpg 1536w, https:\/\/www.cofb.org\/wp-content\/uploads\/2025\/01\/COFB_SALUT-BUCODENTAL_09012025_3-2048x1155.jpg 2048w, https:\/\/www.cofb.org\/wp-content\/uploads\/2025\/01\/COFB_SALUT-BUCODENTAL_09012025_3-18x10.jpg 18w\" sizes=\"(max-width: 1024px) 100vw, 1024px\" \/><\/a><figcaption class=\"wp-element-caption\">Rosa Tarrag\u00f3 en un moment de la seva presentaci\u00f3 sobre la salut bucodental. <\/figcaption><\/figure>\n\n\n\n<p>La t\u00e8cnica superior d\u2019higiene bucodental va destacar que existeixen nombrosos <strong>factors que poden generar un impacte en la salut bucal, <\/strong>com ara <strong>l\u2019estil de vida, etapes com l\u2019embar\u00e0s o la lact\u00e0ncia, l\u2019envelliment o la pres\u00e8ncia de trastorns sist\u00e8mics, la ingesta de medicaments o l\u2019estr\u00e8s<\/strong>. En aquest sentit, va remarcar que <strong>\u201cla boca evoluciona amb la vida\u201d<\/strong>, posant en relleu la import\u00e0ncia d\u2019una atenci\u00f3 cont\u00ednua i adaptada a cada moment vital. Tamb\u00e9 va indicar que la boca evoluciona amb la vida i, per tant, tamb\u00e9 influeixen els factors ambientals, socials, biol\u00f2gics, culturals o l\u2019estil de vida. Per altra banda, va ressaltar la import\u00e0ncia de la <strong>microbiota oral en la salut bucodental<\/strong>, ja que <strong>\u201chi ha 57 malalties o condicions sist\u00e8miques que es relacionen amb la malaltia periodontal\u201d.<\/strong><\/p>\n\n\n\n<h2 class=\"wp-block-heading\"><strong>La salut bucodental en les diferents etapes de la vida<\/strong><\/h2>\n\n\n\n<p>A continuaci\u00f3, <strong>Rosa Tarrag\u00f3 <\/strong>i <strong>Bego\u00f1a Mulet<\/strong> van detallar <strong>com tenir cura de la salut bucodental al llarg de les diferents etapes de la vida<\/strong>. En aquest sentit, Mulet va exposar els aspectes clau de la salut bucodental en <strong>l\u2019adolesc\u00e8ncia<\/strong>. En aquest sentit, va vincular aquesta etapa amb el <strong>benestar emocional i la salut oral,<\/strong> destacant com <strong>els trastorns de salut mental <\/strong>\u2013com ara l\u2019estr\u00e8s i l\u2019ansietat, la depressi\u00f3, els trastorns de conducta aliment\u00e0ria o el consum de subst\u00e0ncies\u2013&nbsp; <strong>poden afectar en la salut bucodenta<\/strong>l. Alhora, va assenyalar com l&#8217;estat de la salut oral pot influir en la salut mental dels joves.<\/p>\n\n\n\n<p>Pel que fa a les cures i necessitats de la boca durant <strong>l\u2019edat adulta<\/strong>, les professionals van especificar que <strong>en aquesta etapa la boca sol presentar un major desgast dental, lesions cervicals, c\u00e0ries radiculars, canvis en la microbiota oral i gingivitis.<\/strong><\/p>\n\n\n\n<figure class=\"wp-block-image size-large\"><a href=\"https:\/\/www.cofb.org\/wp-content\/uploads\/2025\/01\/COFB_SALUT-BUCODENTAL_09012025_2-scaled.jpg\" target=\"_blank\" rel=\"noreferrer noopener\"><img decoding=\"async\" width=\"1024\" height=\"513\" src=\"https:\/\/www.cofb.org\/wp-content\/uploads\/2025\/01\/COFB_SALUT-BUCODENTAL_09012025_2-1024x513.jpg\" alt=\"Bego\u00f1a Mulet en un moment de la seva intervenci\u00f3. \" class=\"wp-image-80464\" srcset=\"https:\/\/www.cofb.org\/wp-content\/uploads\/2025\/01\/COFB_SALUT-BUCODENTAL_09012025_2-1024x513.jpg 1024w, https:\/\/www.cofb.org\/wp-content\/uploads\/2025\/01\/COFB_SALUT-BUCODENTAL_09012025_2-300x150.jpg 300w, https:\/\/www.cofb.org\/wp-content\/uploads\/2025\/01\/COFB_SALUT-BUCODENTAL_09012025_2-768x385.jpg 768w, https:\/\/www.cofb.org\/wp-content\/uploads\/2025\/01\/COFB_SALUT-BUCODENTAL_09012025_2-1536x770.jpg 1536w, https:\/\/www.cofb.org\/wp-content\/uploads\/2025\/01\/COFB_SALUT-BUCODENTAL_09012025_2-2048x1026.jpg 2048w, https:\/\/www.cofb.org\/wp-content\/uploads\/2025\/01\/COFB_SALUT-BUCODENTAL_09012025_2-18x9.jpg 18w\" sizes=\"(max-width: 1024px) 100vw, 1024px\" \/><\/a><figcaption class=\"wp-element-caption\">Bego\u00f1a Mulet durant la seva intervenci\u00f3. <\/figcaption><\/figure>\n\n\n\n<p>En relaci\u00f3 amb les necessitats bucals durant la <strong>vellesa<\/strong>, Tarrag\u00f3 i Mulet van recordar la import\u00e0ncia de tenir en compte els <strong>efectes <\/strong>que generen determinats <strong>tractaments farmacol\u00f2gics<\/strong>, l<strong>a influ\u00e8ncia de la microbiota<\/strong>, <strong>els canvis hormonals, l\u2019envelliment de la cavitat bucal i les cures personalitzades amb antioxidants i hidratants.<\/strong><\/p>\n\n\n\n<p><strong>\u201cSabem que la rutina de cura bucodental \u00e9s un acte mec\u00e0nic i rutinari per a un percentatge rellevant de la poblaci\u00f3\u201d<\/strong>, van afirmar. Per aquest motiu, van insistir en la necessitat d\u2019elevar aquesta rutina, prestant-hi atenci\u00f3 amb un enfocament conscient. Aix\u00ed doncs, cal preparar el ritual, raspallar durant dos minuts tres vegades al dia, utilitzar un raspall lingual, fer massatges a les genives, fer \u00fas d\u2019un col\u00b7lutori bucal i, sobretot, prestar atenci\u00f3 i mostrar \u201cagra\u00efment per la salut que et proporciona la boca\u201d.<\/p>\n\n\n\n<h2 class=\"wp-block-heading\"><strong>Actius segons etapes i moments de la vida<\/strong><\/h2>\n\n\n\n<p>A continuaci\u00f3, <strong>Gemma Puig<\/strong>, farmac\u00e8utica responsable del departament gal\u00e8nica de Dentaid Research Center va exposar les <strong>diferents formes farmac\u00e8utiques dels diferents productes per a la cura bucal<\/strong> \u2013dent\u00edfrics (pastels i gels), gels orals, col\u00b7lutoris i altres formats (esprais, escumes, s\u00f2lids)\u2013 i va <strong>classificar els principals actius segons etapes i moments de la vida<\/strong>.<\/p>\n\n\n\n<figure class=\"wp-block-image size-large\"><a href=\"https:\/\/www.cofb.org\/wp-content\/uploads\/2025\/01\/COFB_SALUT-BUCODENTAL_09012025_1-scaled.jpg\" target=\"_blank\" rel=\"noreferrer noopener\"><img loading=\"lazy\" decoding=\"async\" width=\"1024\" height=\"481\" src=\"https:\/\/www.cofb.org\/wp-content\/uploads\/2025\/01\/COFB_SALUT-BUCODENTAL_09012025_1-1024x481.jpg\" alt=\"Gemma Puig durant la seva exposici\u00f3. \" class=\"wp-image-80463\" style=\"object-fit:cover\" srcset=\"https:\/\/www.cofb.org\/wp-content\/uploads\/2025\/01\/COFB_SALUT-BUCODENTAL_09012025_1-1024x481.jpg 1024w, https:\/\/www.cofb.org\/wp-content\/uploads\/2025\/01\/COFB_SALUT-BUCODENTAL_09012025_1-300x141.jpg 300w, https:\/\/www.cofb.org\/wp-content\/uploads\/2025\/01\/COFB_SALUT-BUCODENTAL_09012025_1-768x361.jpg 768w, https:\/\/www.cofb.org\/wp-content\/uploads\/2025\/01\/COFB_SALUT-BUCODENTAL_09012025_1-1536x721.jpg 1536w, https:\/\/www.cofb.org\/wp-content\/uploads\/2025\/01\/COFB_SALUT-BUCODENTAL_09012025_1-2048x962.jpg 2048w, https:\/\/www.cofb.org\/wp-content\/uploads\/2025\/01\/COFB_SALUT-BUCODENTAL_09012025_1-18x8.jpg 18w\" sizes=\"(max-width: 1024px) 100vw, 1024px\" \/><\/a><figcaption class=\"wp-element-caption\">Gemma Puig en un moment de la seva exposici\u00f3. <\/figcaption><\/figure>\n\n\n\n<p>Puig tamb\u00e9 va detallar els <strong>principis actius antic\u00e0ries, antihipersensibilitat, antis\u00e8ptic, anti-halitosi, blanquejants, entre d\u2019altres<\/strong>. A m\u00e9s, els va classificar segons l\u2019etapa i el moment de la vida: la <strong>inf\u00e0ncia<\/strong>, en qu\u00e8 \u00e9s important la prevenci\u00f3 amb fluorurs, xilitol i calci; l\u2019adolesc\u00e8ncia, en qu\u00e8 s\u00f3n rellevants els fluorurs, els blanquejants (s\u00edlices, perlita i fosfats), i l\u2019antihalitosis (refrescants, encapsulaci\u00f3 i VSC en ciclodextrines); a <strong>l\u2019edat adulta<\/strong>, que destaquen els fluorurs, l\u2019al\u00b7lanto\u00efna, els extractes naturals (lavanda i la camomila), els antioxidants (vitamina C i E), els hidratants (beta\u00efna) i productes per a l\u2019equilibri de la microbiota; i, finalment, pel que fa a la <strong>gent gran<\/strong>, va especificar que s\u00f3n essencials els fluorurs, els hidratants, els antioxidants i els antis\u00e8ptics (CHX i CPC).<\/p>\n\n\n\n<p class=\"has-text-align-right\"><strong>Amb el patrocini de:<\/strong><\/p>\n\n\n\n<figure class=\"wp-block-image alignright size-medium is-resized\"><a href=\"https:\/\/www.dentaid.es\/\" target=\"_blank\" rel=\"noreferrer noopener\"><img loading=\"lazy\" decoding=\"async\" width=\"300\" height=\"122\" src=\"https:\/\/www.cofb.org\/wp-content\/uploads\/2025\/01\/DENTAID_2025_transparent-300x122.png\" alt=\"\" class=\"wp-image-80460\" style=\"width:177px;height:auto\" srcset=\"https:\/\/www.cofb.org\/wp-content\/uploads\/2025\/01\/DENTAID_2025_transparent-300x122.png 300w, https:\/\/www.cofb.org\/wp-content\/uploads\/2025\/01\/DENTAID_2025_transparent-1024x415.png 1024w, https:\/\/www.cofb.org\/wp-content\/uploads\/2025\/01\/DENTAID_2025_transparent-768x311.png 768w, https:\/\/www.cofb.org\/wp-content\/uploads\/2025\/01\/DENTAID_2025_transparent-1536x623.png 1536w, https:\/\/www.cofb.org\/wp-content\/uploads\/2025\/01\/DENTAID_2025_transparent-18x7.png 18w, https:\/\/www.cofb.org\/wp-content\/uploads\/2025\/01\/DENTAID_2025_transparent.png 2043w\" sizes=\"(max-width: 300px) 100vw, 300px\" \/><\/a><\/figure>\n\n\n\n<p><\/p>\n","protected":false},"excerpt":{"rendered":"<p>El passat 12 de desembre, el Col\u00b7legi de Farmac\u00e8utics de Barcelona (COFB) va organitzar el F\u00f2rum Dermoexpert \u201cSalut i benestar bucal en diferents moments de la vida\u201d, amb el patrocini de Dentaid. El F\u00f2rum Dermoexpert comptar amb la participaci\u00f3 de Rosa Tarrag\u00f3, t\u00e8cnica superior d&#8217;higiene bucodental d&#8217;Atenci\u00f3 Prim\u00e0ria al Servei [&hellip;]<\/p>\n","protected":false},"author":3,"featured_media":80462,"comment_status":"closed","ping_status":"closed","sticky":false,"template":"","format":"standard","meta":{"_uag_custom_page_level_css":"","site-sidebar-layout":"default","site-content-layout":"","ast-site-content-layout":"default","site-content-style":"default","site-sidebar-style":"default","ast-global-header-display":"","ast-banner-title-visibility":"","ast-main-header-display":"","ast-hfb-above-header-display":"","ast-hfb-below-header-display":"","ast-hfb-mobile-header-display":"","site-post-title":"","ast-breadcrumbs-content":"","ast-featured-img":"disabled","footer-sml-layout":"","theme-transparent-header-meta":"","adv-header-id-meta":"","stick-header-meta":"","header-above-stick-meta":"","header-main-stick-meta":"","header-below-stick-meta":"","astra-migrate-meta-layouts":"set","ast-page-background-enabled":"default","ast-page-background-meta":{"desktop":{"background-color":"var(--ast-global-color-4)","background-image":"","background-repeat":"repeat","background-position":"center center","background-size":"auto","background-attachment":"scroll","background-type":"","background-media":"","overlay-type":"","overlay-color":"","overlay-opacity":"","overlay-gradient":""},"tablet":{"background-color":"","background-image":"","background-repeat":"repeat","background-position":"center center","background-size":"auto","background-attachment":"scroll","background-type":"","background-media":"","overlay-type":"","overlay-color":"","overlay-opacity":"","overlay-gradient":""},"mobile":{"background-color":"","background-image":"","background-repeat":"repeat","background-position":"center center","background-size":"auto","background-attachment":"scroll","background-type":"","background-media":"","overlay-type":"","overlay-color":"","overlay-opacity":"","overlay-gradient":""}},"ast-content-background-meta":{"desktop":{"background-color":"var(--ast-global-color-5)","background-image":"","background-repeat":"repeat","background-position":"center center","background-size":"auto","background-attachment":"scroll","background-type":"","background-media":"","overlay-type":"","overlay-color":"","overlay-opacity":"","overlay-gradient":""},"tablet":{"background-color":"var(--ast-global-color-5)","background-image":"","background-repeat":"repeat","background-position":"center center","background-size":"auto","background-attachment":"scroll","background-type":"","background-media":"","overlay-type":"","overlay-color":"","overlay-opacity":"","overlay-gradient":""},"mobile":{"background-color":"var(--ast-global-color-5)","background-image":"","background-repeat":"repeat","background-position":"center center","background-size":"auto","background-attachment":"scroll","background-type":"","background-media":"","overlay-type":"","overlay-color":"","overlay-opacity":"","overlay-gradient":""}},"footnotes":""},"categories":[23,57],"tags":[5232,5231,3543,18,19,5151,665,53,68,69,70,155,76,264,117,3013],"class_list":["post-80458","post","type-post","status-publish","format-standard","has-post-thumbnail","hentry","category-destacats","category-mon-collegial","tag-atencio-preventiva","tag-benestar-bucal","tag-bucodental","tag-cofb","tag-collegi-de-farmaceutics-de-barcelona","tag-cura-bucal","tag-estil-de-vida","tag-farmaceutics","tag-farmacia","tag-farmacia-comunitaria","tag-formacio","tag-forum-dermoexpert","tag-oficina-de-farmacia","tag-prevencio","tag-salut","tag-salut-bucodental"],"yoast_head":"<!-- This site is optimized with the Yoast SEO plugin v22.4 - https:\/\/yoast.com\/wordpress\/plugins\/seo\/ -->\n<title>Nou F\u00f2rum Dermoexpert sobre la salut i benestar bucal en diferents moments de la vida - Col\u00b7legi de Farmac\u00e8utics de Barcelona<\/title>\n<meta name=\"description\" content=\"El passat 12 de desembre, el COFB va organitzar el F\u00f2rum Dermoexpert \u201cSalut i benestar bucal en diferents moments de la vida\u201d.\" \/>\n<meta name=\"robots\" content=\"index, follow, max-snippet:-1, max-image-preview:large, max-video-preview:-1\" \/>\n<link rel=\"canonical\" href=\"https:\/\/www.cofb.org\/ca\/2025\/01\/08\/nou-forum-dermoexpert-sobre-la-salut-i-benestar-bucal-en-diferents-moments-de-la-vida\/\" \/>\n<meta property=\"og:locale\" content=\"ca_ES\" \/>\n<meta property=\"og:type\" content=\"article\" \/>\n<meta property=\"og:title\" content=\"Nou F\u00f2rum Dermoexpert sobre la salut i benestar bucal en diferents moments de la vida - Col\u00b7legi de Farmac\u00e8utics de Barcelona\" \/>\n<meta property=\"og:description\" content=\"El passat 12 de desembre, el COFB va organitzar el F\u00f2rum Dermoexpert \u201cSalut i benestar bucal en diferents moments de la vida\u201d.\" \/>\n<meta property=\"og:url\" content=\"https:\/\/www.cofb.org\/ca\/2025\/01\/08\/nou-forum-dermoexpert-sobre-la-salut-i-benestar-bucal-en-diferents-moments-de-la-vida\/\" \/>\n<meta property=\"og:site_name\" content=\"Col\u00b7legi de Farmac\u00e8utics de Barcelona\" \/>\n<meta property=\"article:publisher\" content=\"https:\/\/www.facebook.com\/farmaceuticsbcn\/\" \/>\n<meta property=\"article:published_time\" content=\"2025-01-08T15:37:22+00:00\" \/>\n<meta property=\"article:modified_time\" content=\"2025-01-23T15:37:49+00:00\" \/>\n<meta property=\"og:image\" content=\"https:\/\/www.cofb.org\/wp-content\/uploads\/2025\/01\/COFB_SALUT-BUCODENTAL_09012025_0-scaled.jpg\" \/>\n\t<meta property=\"og:image:width\" content=\"2560\" \/>\n\t<meta property=\"og:image:height\" content=\"1572\" \/>\n\t<meta property=\"og:image:type\" content=\"image\/jpeg\" \/>\n<meta name=\"author\" content=\"Berta Mart\u00ednez\" \/>\n<meta name=\"twitter:card\" content=\"summary_large_image\" \/>\n<meta name=\"twitter:creator\" content=\"@farmaceuticsbcn\" \/>\n<meta name=\"twitter:site\" content=\"@farmaceuticsbcn\" \/>\n<meta name=\"twitter:label1\" content=\"Escrit per\" \/>\n\t<meta name=\"twitter:data1\" content=\"Berta Mart\u00ednez\" \/>\n\t<meta name=\"twitter:label2\" content=\"Temps estimat de lectura\" \/>\n\t<meta name=\"twitter:data2\" content=\"7 minuts\" \/>\n<script type=\"application\/ld+json\" class=\"yoast-schema-graph\">{\"@context\":\"https:\/\/schema.org\",\"@graph\":[{\"@type\":\"Article\",\"@id\":\"https:\/\/www.cofb.org\/2025\/01\/08\/nou-forum-dermoexpert-sobre-la-salut-i-benestar-bucal-en-diferents-moments-de-la-vida\/#article\",\"isPartOf\":{\"@id\":\"https:\/\/www.cofb.org\/2025\/01\/08\/nou-forum-dermoexpert-sobre-la-salut-i-benestar-bucal-en-diferents-moments-de-la-vida\/\"},\"author\":{\"name\":\"Berta Mart\u00ednez\",\"@id\":\"https:\/\/www.cofb.org\/#\/schema\/person\/f32de3b41b812c85ff923cb4cc849063\"},\"headline\":\"Nou F\u00f2rum Dermoexpert sobre la salut i benestar bucal en diferents moments de la vida\",\"datePublished\":\"2025-01-08T15:37:22+00:00\",\"dateModified\":\"2025-01-23T15:37:49+00:00\",\"mainEntityOfPage\":{\"@id\":\"https:\/\/www.cofb.org\/2025\/01\/08\/nou-forum-dermoexpert-sobre-la-salut-i-benestar-bucal-en-diferents-moments-de-la-vida\/\"},\"wordCount\":1032,\"publisher\":{\"@id\":\"https:\/\/www.cofb.org\/#organization\"},\"image\":{\"@id\":\"https:\/\/www.cofb.org\/2025\/01\/08\/nou-forum-dermoexpert-sobre-la-salut-i-benestar-bucal-en-diferents-moments-de-la-vida\/#primaryimage\"},\"thumbnailUrl\":\"https:\/\/www.cofb.org\/wp-content\/uploads\/2025\/01\/COFB_SALUT-BUCODENTAL_09012025_0-scaled.jpg\",\"keywords\":[\"atenci\u00f3 preventiva\",\"benestar bucal\",\"bucodental\",\"COFB\",\"Col\u00b7legi de Farmac\u00e8utics de Barcelona\",\"cura bucal\",\"estil de vida\",\"farmac\u00e8utics\",\"Farm\u00e0cia\",\"farm\u00e0cia comunit\u00e0ria\",\"Formaci\u00f3\",\"f\u00f2rum dermoexpert\",\"Oficina de farm\u00e0cia\",\"prevenci\u00f3\",\"salut\",\"Salut Bucodental\"],\"articleSection\":[\"Destacats\",\"M\u00f3n col\u00b7legial\"],\"inLanguage\":\"ca\"},{\"@type\":\"WebPage\",\"@id\":\"https:\/\/www.cofb.org\/2025\/01\/08\/nou-forum-dermoexpert-sobre-la-salut-i-benestar-bucal-en-diferents-moments-de-la-vida\/\",\"url\":\"https:\/\/www.cofb.org\/2025\/01\/08\/nou-forum-dermoexpert-sobre-la-salut-i-benestar-bucal-en-diferents-moments-de-la-vida\/\",\"name\":\"Nou F\u00f2rum Dermoexpert sobre la salut i benestar bucal en diferents moments de la vida - Col\u00b7legi de Farmac\u00e8utics de Barcelona\",\"isPartOf\":{\"@id\":\"https:\/\/www.cofb.org\/#website\"},\"primaryImageOfPage\":{\"@id\":\"https:\/\/www.cofb.org\/2025\/01\/08\/nou-forum-dermoexpert-sobre-la-salut-i-benestar-bucal-en-diferents-moments-de-la-vida\/#primaryimage\"},\"image\":{\"@id\":\"https:\/\/www.cofb.org\/2025\/01\/08\/nou-forum-dermoexpert-sobre-la-salut-i-benestar-bucal-en-diferents-moments-de-la-vida\/#primaryimage\"},\"thumbnailUrl\":\"https:\/\/www.cofb.org\/wp-content\/uploads\/2025\/01\/COFB_SALUT-BUCODENTAL_09012025_0-scaled.jpg\",\"datePublished\":\"2025-01-08T15:37:22+00:00\",\"dateModified\":\"2025-01-23T15:37:49+00:00\",\"description\":\"El passat 12 de desembre, el COFB va organitzar el F\u00f2rum Dermoexpert \u201cSalut i benestar bucal en diferents moments de la vida\u201d.\",\"breadcrumb\":{\"@id\":\"https:\/\/www.cofb.org\/2025\/01\/08\/nou-forum-dermoexpert-sobre-la-salut-i-benestar-bucal-en-diferents-moments-de-la-vida\/#breadcrumb\"},\"inLanguage\":\"ca\",\"potentialAction\":[{\"@type\":\"ReadAction\",\"target\":[\"https:\/\/www.cofb.org\/2025\/01\/08\/nou-forum-dermoexpert-sobre-la-salut-i-benestar-bucal-en-diferents-moments-de-la-vida\/\"]}]},{\"@type\":\"ImageObject\",\"inLanguage\":\"ca\",\"@id\":\"https:\/\/www.cofb.org\/2025\/01\/08\/nou-forum-dermoexpert-sobre-la-salut-i-benestar-bucal-en-diferents-moments-de-la-vida\/#primaryimage\",\"url\":\"https:\/\/www.cofb.org\/wp-content\/uploads\/2025\/01\/COFB_SALUT-BUCODENTAL_09012025_0-scaled.jpg\",\"contentUrl\":\"https:\/\/www.cofb.org\/wp-content\/uploads\/2025\/01\/COFB_SALUT-BUCODENTAL_09012025_0-scaled.jpg\",\"width\":2560,\"height\":1572},{\"@type\":\"BreadcrumbList\",\"@id\":\"https:\/\/www.cofb.org\/2025\/01\/08\/nou-forum-dermoexpert-sobre-la-salut-i-benestar-bucal-en-diferents-moments-de-la-vida\/#breadcrumb\",\"itemListElement\":[{\"@type\":\"ListItem\",\"position\":1,\"name\":\"Inici\",\"item\":\"https:\/\/novaorg.cofb.net\/\"},{\"@type\":\"ListItem\",\"position\":2,\"name\":\"Nou F\u00f2rum Dermoexpert sobre la salut i benestar bucal en diferents moments de la vida\"}]},{\"@type\":\"WebSite\",\"@id\":\"https:\/\/www.cofb.org\/#website\",\"url\":\"https:\/\/www.cofb.org\/\",\"name\":\"Col\u00b7legi de Farmac\u00e8utics de Barcelona\",\"description\":\"\",\"publisher\":{\"@id\":\"https:\/\/www.cofb.org\/#organization\"},\"potentialAction\":[{\"@type\":\"SearchAction\",\"target\":{\"@type\":\"EntryPoint\",\"urlTemplate\":\"https:\/\/www.cofb.org\/?s={search_term_string}\"},\"query-input\":\"required name=search_term_string\"}],\"inLanguage\":\"ca\"},{\"@type\":\"Organization\",\"@id\":\"https:\/\/www.cofb.org\/#organization\",\"name\":\"Col\u00b7legi de Farmac\u00e8utics de Barcelona\",\"url\":\"https:\/\/www.cofb.org\/\",\"logo\":{\"@type\":\"ImageObject\",\"inLanguage\":\"ca\",\"@id\":\"https:\/\/www.cofb.org\/#\/schema\/logo\/image\/\",\"url\":\"https:\/\/www.cofb.org\/wp-content\/uploads\/2023\/11\/cropped-Logotip-COFB.png\",\"contentUrl\":\"https:\/\/www.cofb.org\/wp-content\/uploads\/2023\/11\/cropped-Logotip-COFB.png\",\"width\":500,\"height\":105,\"caption\":\"Col\u00b7legi de Farmac\u00e8utics de Barcelona\"},\"image\":{\"@id\":\"https:\/\/www.cofb.org\/#\/schema\/logo\/image\/\"},\"sameAs\":[\"https:\/\/www.facebook.com\/farmaceuticsbcn\/\",\"https:\/\/twitter.com\/farmaceuticsbcn\",\"https:\/\/www.instagram.com\/farmaceuticsbcn\/\",\"https:\/\/www.linkedin.com\/company\/farmaceuticsbcn\/\"]},{\"@type\":\"Person\",\"@id\":\"https:\/\/www.cofb.org\/#\/schema\/person\/f32de3b41b812c85ff923cb4cc849063\",\"name\":\"Berta Mart\u00ednez\",\"image\":{\"@type\":\"ImageObject\",\"inLanguage\":\"ca\",\"@id\":\"https:\/\/www.cofb.org\/#\/schema\/person\/image\/\",\"url\":\"https:\/\/secure.gravatar.com\/avatar\/d4c584dab5da1ee9e3c3df161c0aabec7075cc8211cd46ffc79bfe177aa78b01?s=96&d=mm&r=g\",\"contentUrl\":\"https:\/\/secure.gravatar.com\/avatar\/d4c584dab5da1ee9e3c3df161c0aabec7075cc8211cd46ffc79bfe177aa78b01?s=96&d=mm&r=g\",\"caption\":\"Berta Mart\u00ednez\"},\"url\":\"https:\/\/www.cofb.org\/ca\/author\/bmartinez\/\"}]}<\/script>\n<!-- \/ Yoast SEO plugin. -->","yoast_head_json":{"title":"Nou F\u00f2rum Dermoexpert sobre la salut i benestar bucal en diferents moments de la vida - Col\u00b7legi de Farmac\u00e8utics de Barcelona","description":"El passat 12 de desembre, el COFB va organitzar el F\u00f2rum Dermoexpert \u201cSalut i benestar bucal en diferents moments de la vida\u201d.","robots":{"index":"index","follow":"follow","max-snippet":"max-snippet:-1","max-image-preview":"max-image-preview:large","max-video-preview":"max-video-preview:-1"},"canonical":"https:\/\/www.cofb.org\/ca\/2025\/01\/08\/nou-forum-dermoexpert-sobre-la-salut-i-benestar-bucal-en-diferents-moments-de-la-vida\/","og_locale":"ca_ES","og_type":"article","og_title":"Nou F\u00f2rum Dermoexpert sobre la salut i benestar bucal en diferents moments de la vida - Col\u00b7legi de Farmac\u00e8utics de Barcelona","og_description":"El passat 12 de desembre, el COFB va organitzar el F\u00f2rum Dermoexpert \u201cSalut i benestar bucal en diferents moments de la vida\u201d.","og_url":"https:\/\/www.cofb.org\/ca\/2025\/01\/08\/nou-forum-dermoexpert-sobre-la-salut-i-benestar-bucal-en-diferents-moments-de-la-vida\/","og_site_name":"Col\u00b7legi de Farmac\u00e8utics de Barcelona","article_publisher":"https:\/\/www.facebook.com\/farmaceuticsbcn\/","article_published_time":"2025-01-08T15:37:22+00:00","article_modified_time":"2025-01-23T15:37:49+00:00","og_image":[{"width":2560,"height":1572,"url":"https:\/\/www.cofb.org\/wp-content\/uploads\/2025\/01\/COFB_SALUT-BUCODENTAL_09012025_0-scaled.jpg","type":"image\/jpeg"}],"author":"Berta Mart\u00ednez","twitter_card":"summary_large_image","twitter_creator":"@farmaceuticsbcn","twitter_site":"@farmaceuticsbcn","twitter_misc":{"Escrit per":"Berta Mart\u00ednez","Temps estimat de lectura":"7 minuts"},"schema":{"@context":"https:\/\/schema.org","@graph":[{"@type":"Article","@id":"https:\/\/www.cofb.org\/2025\/01\/08\/nou-forum-dermoexpert-sobre-la-salut-i-benestar-bucal-en-diferents-moments-de-la-vida\/#article","isPartOf":{"@id":"https:\/\/www.cofb.org\/2025\/01\/08\/nou-forum-dermoexpert-sobre-la-salut-i-benestar-bucal-en-diferents-moments-de-la-vida\/"},"author":{"name":"Berta Mart\u00ednez","@id":"https:\/\/www.cofb.org\/#\/schema\/person\/f32de3b41b812c85ff923cb4cc849063"},"headline":"Nou F\u00f2rum Dermoexpert sobre la salut i benestar bucal en diferents moments de la vida","datePublished":"2025-01-08T15:37:22+00:00","dateModified":"2025-01-23T15:37:49+00:00","mainEntityOfPage":{"@id":"https:\/\/www.cofb.org\/2025\/01\/08\/nou-forum-dermoexpert-sobre-la-salut-i-benestar-bucal-en-diferents-moments-de-la-vida\/"},"wordCount":1032,"publisher":{"@id":"https:\/\/www.cofb.org\/#organization"},"image":{"@id":"https:\/\/www.cofb.org\/2025\/01\/08\/nou-forum-dermoexpert-sobre-la-salut-i-benestar-bucal-en-diferents-moments-de-la-vida\/#primaryimage"},"thumbnailUrl":"https:\/\/www.cofb.org\/wp-content\/uploads\/2025\/01\/COFB_SALUT-BUCODENTAL_09012025_0-scaled.jpg","keywords":["atenci\u00f3 preventiva","benestar bucal","bucodental","COFB","Col\u00b7legi de Farmac\u00e8utics de Barcelona","cura bucal","estil de vida","farmac\u00e8utics","Farm\u00e0cia","farm\u00e0cia comunit\u00e0ria","Formaci\u00f3","f\u00f2rum dermoexpert","Oficina de farm\u00e0cia","prevenci\u00f3","salut","Salut Bucodental"],"articleSection":["Destacats","M\u00f3n col\u00b7legial"],"inLanguage":"ca"},{"@type":"WebPage","@id":"https:\/\/www.cofb.org\/2025\/01\/08\/nou-forum-dermoexpert-sobre-la-salut-i-benestar-bucal-en-diferents-moments-de-la-vida\/","url":"https:\/\/www.cofb.org\/2025\/01\/08\/nou-forum-dermoexpert-sobre-la-salut-i-benestar-bucal-en-diferents-moments-de-la-vida\/","name":"Nou F\u00f2rum Dermoexpert sobre la salut i benestar bucal en diferents moments de la vida - Col\u00b7legi de Farmac\u00e8utics de Barcelona","isPartOf":{"@id":"https:\/\/www.cofb.org\/#website"},"primaryImageOfPage":{"@id":"https:\/\/www.cofb.org\/2025\/01\/08\/nou-forum-dermoexpert-sobre-la-salut-i-benestar-bucal-en-diferents-moments-de-la-vida\/#primaryimage"},"image":{"@id":"https:\/\/www.cofb.org\/2025\/01\/08\/nou-forum-dermoexpert-sobre-la-salut-i-benestar-bucal-en-diferents-moments-de-la-vida\/#primaryimage"},"thumbnailUrl":"https:\/\/www.cofb.org\/wp-content\/uploads\/2025\/01\/COFB_SALUT-BUCODENTAL_09012025_0-scaled.jpg","datePublished":"2025-01-08T15:37:22+00:00","dateModified":"2025-01-23T15:37:49+00:00","description":"El passat 12 de desembre, el COFB va organitzar el F\u00f2rum Dermoexpert \u201cSalut i benestar bucal en diferents moments de la vida\u201d.","breadcrumb":{"@id":"https:\/\/www.cofb.org\/2025\/01\/08\/nou-forum-dermoexpert-sobre-la-salut-i-benestar-bucal-en-diferents-moments-de-la-vida\/#breadcrumb"},"inLanguage":"ca","potentialAction":[{"@type":"ReadAction","target":["https:\/\/www.cofb.org\/2025\/01\/08\/nou-forum-dermoexpert-sobre-la-salut-i-benestar-bucal-en-diferents-moments-de-la-vida\/"]}]},{"@type":"ImageObject","inLanguage":"ca","@id":"https:\/\/www.cofb.org\/2025\/01\/08\/nou-forum-dermoexpert-sobre-la-salut-i-benestar-bucal-en-diferents-moments-de-la-vida\/#primaryimage","url":"https:\/\/www.cofb.org\/wp-content\/uploads\/2025\/01\/COFB_SALUT-BUCODENTAL_09012025_0-scaled.jpg","contentUrl":"https:\/\/www.cofb.org\/wp-content\/uploads\/2025\/01\/COFB_SALUT-BUCODENTAL_09012025_0-scaled.jpg","width":2560,"height":1572},{"@type":"BreadcrumbList","@id":"https:\/\/www.cofb.org\/2025\/01\/08\/nou-forum-dermoexpert-sobre-la-salut-i-benestar-bucal-en-diferents-moments-de-la-vida\/#breadcrumb","itemListElement":[{"@type":"ListItem","position":1,"name":"Inici","item":"https:\/\/novaorg.cofb.net\/"},{"@type":"ListItem","position":2,"name":"Nou F\u00f2rum Dermoexpert sobre la salut i benestar bucal en diferents moments de la vida"}]},{"@type":"WebSite","@id":"https:\/\/www.cofb.org\/#website","url":"https:\/\/www.cofb.org\/","name":"Col\u00b7legi de Farmac\u00e8utics de Barcelona","description":"","publisher":{"@id":"https:\/\/www.cofb.org\/#organization"},"potentialAction":[{"@type":"SearchAction","target":{"@type":"EntryPoint","urlTemplate":"https:\/\/www.cofb.org\/?s={search_term_string}"},"query-input":"required name=search_term_string"}],"inLanguage":"ca"},{"@type":"Organization","@id":"https:\/\/www.cofb.org\/#organization","name":"Col\u00b7legi de Farmac\u00e8utics de Barcelona","url":"https:\/\/www.cofb.org\/","logo":{"@type":"ImageObject","inLanguage":"ca","@id":"https:\/\/www.cofb.org\/#\/schema\/logo\/image\/","url":"https:\/\/www.cofb.org\/wp-content\/uploads\/2023\/11\/cropped-Logotip-COFB.png","contentUrl":"https:\/\/www.cofb.org\/wp-content\/uploads\/2023\/11\/cropped-Logotip-COFB.png","width":500,"height":105,"caption":"Col\u00b7legi de Farmac\u00e8utics de Barcelona"},"image":{"@id":"https:\/\/www.cofb.org\/#\/schema\/logo\/image\/"},"sameAs":["https:\/\/www.facebook.com\/farmaceuticsbcn\/","https:\/\/twitter.com\/farmaceuticsbcn","https:\/\/www.instagram.com\/farmaceuticsbcn\/","https:\/\/www.linkedin.com\/company\/farmaceuticsbcn\/"]},{"@type":"Person","@id":"https:\/\/www.cofb.org\/#\/schema\/person\/f32de3b41b812c85ff923cb4cc849063","name":"Berta Mart\u00ednez","image":{"@type":"ImageObject","inLanguage":"ca","@id":"https:\/\/www.cofb.org\/#\/schema\/person\/image\/","url":"https:\/\/secure.gravatar.com\/avatar\/d4c584dab5da1ee9e3c3df161c0aabec7075cc8211cd46ffc79bfe177aa78b01?s=96&d=mm&r=g","contentUrl":"https:\/\/secure.gravatar.com\/avatar\/d4c584dab5da1ee9e3c3df161c0aabec7075cc8211cd46ffc79bfe177aa78b01?s=96&d=mm&r=g","caption":"Berta Mart\u00ednez"},"url":"https:\/\/www.cofb.org\/ca\/author\/bmartinez\/"}]}},"uagb_featured_image_src":{"full":["https:\/\/www.cofb.org\/wp-content\/uploads\/2025\/01\/COFB_SALUT-BUCODENTAL_09012025_0-scaled.jpg",2560,1572,false],"thumbnail":["https:\/\/www.cofb.org\/wp-content\/uploads\/2025\/01\/COFB_SALUT-BUCODENTAL_09012025_0-150x150.jpg",150,150,true],"medium":["https:\/\/www.cofb.org\/wp-content\/uploads\/2025\/01\/COFB_SALUT-BUCODENTAL_09012025_0-300x184.jpg",300,184,true],"medium_large":["https:\/\/www.cofb.org\/wp-content\/uploads\/2025\/01\/COFB_SALUT-BUCODENTAL_09012025_0-768x471.jpg",768,471,true],"large":["https:\/\/www.cofb.org\/wp-content\/uploads\/2025\/01\/COFB_SALUT-BUCODENTAL_09012025_0-1024x629.jpg",1024,629,true],"1536x1536":["https:\/\/www.cofb.org\/wp-content\/uploads\/2025\/01\/COFB_SALUT-BUCODENTAL_09012025_0-1536x943.jpg",1536,943,true],"2048x2048":["https:\/\/www.cofb.org\/wp-content\/uploads\/2025\/01\/COFB_SALUT-BUCODENTAL_09012025_0-2048x1257.jpg",2048,1257,true],"trp-custom-language-flag":["https:\/\/www.cofb.org\/wp-content\/uploads\/2025\/01\/COFB_SALUT-BUCODENTAL_09012025_0-18x12.jpg",18,12,true]},"uagb_author_info":{"display_name":"Berta Mart\u00ednez","author_link":"https:\/\/www.cofb.org\/ca\/author\/bmartinez\/"},"uagb_comment_info":0,"uagb_excerpt":"El passat 12 de desembre, el Col\u00b7legi de Farmac\u00e8utics de Barcelona (COFB) va organitzar el F\u00f2rum Dermoexpert \u201cSalut i benestar bucal en diferents moments de la vida\u201d, amb el patrocini de Dentaid. El F\u00f2rum Dermoexpert comptar amb la participaci\u00f3 de Rosa Tarrag\u00f3, t\u00e8cnica superior d&#8217;higiene bucodental d&#8217;Atenci\u00f3 Prim\u00e0ria al Servei [&hellip;]","_links":{"self":[{"href":"https:\/\/www.cofb.org\/ca\/wp-json\/wp\/v2\/posts\/80458","targetHints":{"allow":["GET"]}}],"collection":[{"href":"https:\/\/www.cofb.org\/ca\/wp-json\/wp\/v2\/posts"}],"about":[{"href":"https:\/\/www.cofb.org\/ca\/wp-json\/wp\/v2\/types\/post"}],"author":[{"embeddable":true,"href":"https:\/\/www.cofb.org\/ca\/wp-json\/wp\/v2\/users\/3"}],"replies":[{"embeddable":true,"href":"https:\/\/www.cofb.org\/ca\/wp-json\/wp\/v2\/comments?post=80458"}],"version-history":[{"count":11,"href":"https:\/\/www.cofb.org\/ca\/wp-json\/wp\/v2\/posts\/80458\/revisions"}],"predecessor-version":[{"id":80476,"href":"https:\/\/www.cofb.org\/ca\/wp-json\/wp\/v2\/posts\/80458\/revisions\/80476"}],"wp:featuredmedia":[{"embeddable":true,"href":"https:\/\/www.cofb.org\/ca\/wp-json\/wp\/v2\/media\/80462"}],"wp:attachment":[{"href":"https:\/\/www.cofb.org\/ca\/wp-json\/wp\/v2\/media?parent=80458"}],"wp:term":[{"taxonomy":"category","embeddable":true,"href":"https:\/\/www.cofb.org\/ca\/wp-json\/wp\/v2\/categories?post=80458"},{"taxonomy":"post_tag","embeddable":true,"href":"https:\/\/www.cofb.org\/ca\/wp-json\/wp\/v2\/tags?post=80458"}],"curies":[{"name":"wp","href":"https:\/\/api.w.org\/{rel}","templated":true}]}}