{"id":80425,"date":"2025-01-21T10:05:05","date_gmt":"2025-01-21T10:05:05","guid":{"rendered":"https:\/\/www.cofb.org\/?p=80425"},"modified":"2025-02-04T13:06:39","modified_gmt":"2025-02-04T13:06:39","slug":"circular-farmaceutica-ja-disponible-ledicio-del-segon-quadrimestre-de-2024","status":"publish","type":"post","link":"https:\/\/www.cofb.org\/ca\/2025\/01\/21\/circular-farmaceutica-ja-disponible-ledicio-del-segon-quadrimestre-de-2024\/","title":{"rendered":"Circular farmac\u00e8utica: Ja disponible l&#8217;edici\u00f3 del segon quadrimestre de 2024"},"content":{"rendered":"\n<p>Ja es pot accedir a un&nbsp;<strong><a href=\"https:\/\/www.cofb.org\/wp-content\/uploads\/2025\/01\/Circular82-2_DEF3.pdf\" target=\"_blank\" rel=\"noreferrer noopener\">nou n\u00famero<\/a><\/strong><a href=\"https:\/\/www.cofb.org\/wp-content\/uploads\/2024\/07\/Circular82-1.pdf\" target=\"_blank\" rel=\"noreferrer noopener\">&nbsp;<\/a>de la<strong>&nbsp;<a href=\"https:\/\/www.cofb.org\/ca\/colegi\/publicacions\/circular-farmaceutica\" target=\"_blank\" rel=\"noreferrer noopener\">Circular Farmac\u00e8utica<\/a><\/strong>, la publicaci\u00f3 cient\u00edfica&nbsp;que edita el<strong>&nbsp;Col\u00b7legi de Farmac\u00e8utics de Barcelona<\/strong>&nbsp;i que recull articles elaborats per professionals sanitaris de reconegut prestigi per a donar a con\u00e8ixer les&nbsp;<strong>novetats terap\u00e8utiques<\/strong>, aix\u00ed com continguts relacionats amb l\u2019atenci\u00f3&nbsp;<strong>farmac\u00e8utica i la salut p\u00fablica.&nbsp;<\/strong><\/p>\n\n\n\n<p>En aquesta nova edici\u00f3&nbsp;<strong>destaquem<\/strong>&nbsp;els seg\u00fcents temes:<\/p>\n\n\n\n<ul class=\"wp-block-list\">\n<li><strong>Farmacoter\u00e0pia: <\/strong>Actualitat en diabetis<\/li>\n\n\n\n<li><strong>Casos Cl\u00ednics: <\/strong>Artritis reumatoide: de la m\u00e0 del pacient <\/li>\n\n\n\n<li><strong>Plantes Medicinals: <\/strong>Maqui: de la tradici\u00f3 maputxe al seu potencial d\u2019\u00fas en la s\u00edndrome de l\u2019ull sec<\/li>\n<\/ul>\n\n\n<div class=\"destacat-blog\">\n<p>Aquest \u00e9s el contingut del <a href=\"https:\/\/www.cofb.org\/wp-content\/uploads\/2025\/01\/Circular82-2_DEF3.pdf\" target=\"_blank\" rel=\"noopener\">Vol. 82\/N\u00fam. 2. Segon Quadrimestre 2024<\/a>:<\/p>\n<p><a href=\"https:\/\/www.cofb.org\/wp-content\/uploads\/2025\/01\/Circular82-2_DEF3.pdf\"><img fetchpriority=\"high\" decoding=\"async\" class=\"aligncenter wp-image-80713\" title=\"Circular Farmac\u00e8utica\" src=\"https:\/\/www.cofb.org\/wp-content\/uploads\/2025\/02\/COFB_Portada_Circular82-2-DEF_16012025-scaled.jpg\" alt=\"\" width=\"463\" height=\"655\" srcset=\"https:\/\/www.cofb.org\/wp-content\/uploads\/2025\/02\/COFB_Portada_Circular82-2-DEF_16012025-scaled.jpg 1810w, https:\/\/www.cofb.org\/wp-content\/uploads\/2025\/02\/COFB_Portada_Circular82-2-DEF_16012025-212x300.jpg 212w, https:\/\/www.cofb.org\/wp-content\/uploads\/2025\/02\/COFB_Portada_Circular82-2-DEF_16012025-724x1024.jpg 724w, https:\/\/www.cofb.org\/wp-content\/uploads\/2025\/02\/COFB_Portada_Circular82-2-DEF_16012025-768x1086.jpg 768w, https:\/\/www.cofb.org\/wp-content\/uploads\/2025\/02\/COFB_Portada_Circular82-2-DEF_16012025-1086x1536.jpg 1086w, https:\/\/www.cofb.org\/wp-content\/uploads\/2025\/02\/COFB_Portada_Circular82-2-DEF_16012025-1448x2048.jpg 1448w, https:\/\/www.cofb.org\/wp-content\/uploads\/2025\/02\/COFB_Portada_Circular82-2-DEF_16012025-8x12.jpg 8w\" sizes=\"(max-width: 463px) 100vw, 463px\" \/><\/a><\/p>\n<p><!-- \/wp:post-content --><\/p>\n<p><!-- wp:image {\"align\":\"center\",\"id\":67661,\"sizeSlug\":\"full\",\"linkDestination\":\"custom\",\"UAGDay\":[]} --><\/p>\n<p><!-- \/wp:image --><\/p>\n<p><!-- wp:group {\"UAGDay\":[]} --><\/p>\n<p><!-- \/wp:group --><\/p>\n<p><!-- wp:list --><\/p>\n<ul>\n<li style=\"list-style-type: none;\">\n<ul><!-- wp:list-item -->\n<li><strong>Editorial:\u00a0<\/strong>M. Rosa Ballester<\/li>\n<li><strong>An\u00e0lisis Cl\u00edniques:<\/strong> S\u00edndrome antifospolip\u00eddica i embar\u00e0s. Estudi en el laboratori d\u2019hemost\u00e0sia<\/li>\n<li><strong>Farmacoter\u00e0pia:<\/strong> Tirzepatida, el nou f\u00e0rmac d\u2019acci\u00f3 prolongada per a la diabetis mellitus tipus 2 \/ Actualitat en diabetis<\/li>\n<li><strong>Casos Cl\u00ednics:<\/strong> Artritis reumatoide: de la m\u00e0 del pacient \/ Asma greu no controlada i Migranya: Novetats terap\u00e8utiques<\/li>\n<li><strong>Plantes Medicinals:<\/strong>\u00a0Maqui (<em>Aristoloquia chilensis<\/em>): de la tradici\u00f3 maputxe al seu potencial d\u2019\u00fas en la s\u00edndrome de l\u2019ull sec<\/li>\n<li><strong>Salut P\u00fablica:<\/strong> La farm\u00e0cia a Catalunya durant l\u2019inici del per\u00edode auton\u00f2mic: 1975-2000\u00a0\u00a0<\/li>\n<li><strong>Farmac\u00e8utics innovadors<\/strong><\/li>\n<\/ul>\n<\/li>\n<\/ul>\n<p><!-- \/wp:list-item --><\/p>\n<p><!-- \/wp:list --><\/p>\n<p><!-- wp:paragraph --><\/p>\n<\/div>\n<p><!-- \/wp:paragraph --><\/p>\n<p><!-- wp:image {\"id\":61430,\"sizeSlug\":\"large\",\"linkDestination\":\"media\"} --><\/p>\n<figure class=\"wp-block-image size-large\"><a href=\"https:\/\/blog.cofb.cat\/wp-content\/uploads\/2022\/03\/BLOG-CIRCULAR_publica_680x453_V2-scaled.jpg\" target=\"_blank\" rel=\"noopener\"><img decoding=\"async\" class=\"alignnone wp-image-61430\" title=\"Circular Farmac\u00e8utica\" src=\"https:\/\/blog.cofb.cat\/wp-content\/uploads\/2022\/03\/BLOG-CIRCULAR_publica_680x453_V2-1024x682.jpg\" alt=\"\" width=\"1024\" height=\"682\" \/><\/a><\/figure>\n<p><!-- \/wp:image --><\/p>\n<p><!-- wp:paragraph --><\/p>\n<p><!-- \/wp:paragraph --><\/p>\n<p><!-- wp:list-item --><\/p>\n<p><!-- \/wp:list-item --><\/p>\n<p><!-- wp:list-item --><\/p>\n<p><!-- \/wp:list-item --><\/p>\n<p><!-- \/wp:list --><\/p>\n<p><!-- wp:paragraph --><\/p>\n<div class=\"destacat-blog\">\n<p><!-- \/wp:paragraph --><\/p>\n<p><!-- wp:paragraph --><\/p>\n<p><a href=\"https:\/\/www.cofb.org\/colegi\/publicacions\/circular-farmaceutica\" target=\"_blank\" rel=\"noreferrer noopener\"><strong>Veure n\u00fameros anteriors de Circular Farmac\u00e8utica<\/strong><\/a>\u00a0(via cofb.org \u2013 en format PDF)<\/p>\n<p><!-- \/wp:paragraph --><\/p>\n<p><!-- wp:paragraph --><\/p>\n<\/div>\n<p><!-- \/wp:paragraph --><\/p>\n<p><!-- wp:paragraph --><\/p>\n<p><!-- \/wp:paragraph --><\/p>","protected":false},"excerpt":{"rendered":"<p>Ja es pot accedir a un&nbsp;nou n\u00famero&nbsp;de la&nbsp;Circular Farmac\u00e8utica, la publicaci\u00f3 cient\u00edfica&nbsp;que edita el&nbsp;Col\u00b7legi de Farmac\u00e8utics de Barcelona&nbsp;i que recull articles elaborats per professionals sanitaris de reconegut prestigi per a donar a con\u00e8ixer les&nbsp;novetats terap\u00e8utiques, aix\u00ed com continguts relacionats amb l\u2019atenci\u00f3&nbsp;farmac\u00e8utica i la salut p\u00fablica.&nbsp; En aquesta nova edici\u00f3&nbsp;destaquem&nbsp;els seg\u00fcents [&hellip;]<\/p>\n","protected":false},"author":3,"featured_media":80428,"comment_status":"closed","ping_status":"closed","sticky":false,"template":"","format":"standard","meta":{"_uag_custom_page_level_css":"","site-sidebar-layout":"default","site-content-layout":"","ast-site-content-layout":"default","site-content-style":"default","site-sidebar-style":"default","ast-global-header-display":"","ast-banner-title-visibility":"","ast-main-header-display":"","ast-hfb-above-header-display":"","ast-hfb-below-header-display":"","ast-hfb-mobile-header-display":"","site-post-title":"","ast-breadcrumbs-content":"","ast-featured-img":"disabled","footer-sml-layout":"","theme-transparent-header-meta":"","adv-header-id-meta":"","stick-header-meta":"","header-above-stick-meta":"","header-main-stick-meta":"","header-below-stick-meta":"","astra-migrate-meta-layouts":"set","ast-page-background-enabled":"default","ast-page-background-meta":{"desktop":{"background-color":"var(--ast-global-color-4)","background-image":"","background-repeat":"repeat","background-position":"center center","background-size":"auto","background-attachment":"scroll","background-type":"","background-media":"","overlay-type":"","overlay-color":"","overlay-opacity":"","overlay-gradient":""},"tablet":{"background-color":"","background-image":"","background-repeat":"repeat","background-position":"center center","background-size":"auto","background-attachment":"scroll","background-type":"","background-media":"","overlay-type":"","overlay-color":"","overlay-opacity":"","overlay-gradient":""},"mobile":{"background-color":"","background-image":"","background-repeat":"repeat","background-position":"center center","background-size":"auto","background-attachment":"scroll","background-type":"","background-media":"","overlay-type":"","overlay-color":"","overlay-opacity":"","overlay-gradient":""}},"ast-content-background-meta":{"desktop":{"background-color":"var(--ast-global-color-5)","background-image":"","background-repeat":"repeat","background-position":"center center","background-size":"auto","background-attachment":"scroll","background-type":"","background-media":"","overlay-type":"","overlay-color":"","overlay-opacity":"","overlay-gradient":""},"tablet":{"background-color":"var(--ast-global-color-5)","background-image":"","background-repeat":"repeat","background-position":"center center","background-size":"auto","background-attachment":"scroll","background-type":"","background-media":"","overlay-type":"","overlay-color":"","overlay-opacity":"","overlay-gradient":""},"mobile":{"background-color":"var(--ast-global-color-5)","background-image":"","background-repeat":"repeat","background-position":"center center","background-size":"auto","background-attachment":"scroll","background-type":"","background-media":"","overlay-type":"","overlay-color":"","overlay-opacity":"","overlay-gradient":""}},"footnotes":""},"categories":[23,57],"tags":[208,88,448,89,197,68,91,5224,94,5225],"class_list":["post-80425","post","type-post","status-publish","format-standard","has-post-thumbnail","hentry","category-destacats","category-mon-collegial","tag-artritis","tag-casos-clinics","tag-circular","tag-circular-farmaceutica","tag-diabetis","tag-farmacia","tag-farmacoterapia","tag-maqui","tag-plantes-medicinals","tag-tirzepatida"],"yoast_head":"<!-- This site is optimized with the Yoast SEO plugin v22.4 - https:\/\/yoast.com\/wordpress\/plugins\/seo\/ -->\n<title>Circular farmac\u00e8utica: Ja disponible l&#039;edici\u00f3 del segon quadrimestre de 2024 - Col\u00b7legi de Farmac\u00e8utics de Barcelona<\/title>\n<meta name=\"description\" content=\"Ja es pot accedir a un\u00a0nou n\u00famero\u00a0de la\u00a0Circular Farmac\u00e8utica, la publicaci\u00f3 cient\u00edfica\u00a0que edita el\u00a0Col\u00b7legi de Farmac\u00e8utics de Barcelona\u00a0\" \/>\n<meta name=\"robots\" content=\"index, follow, max-snippet:-1, max-image-preview:large, max-video-preview:-1\" \/>\n<link rel=\"canonical\" href=\"https:\/\/www.cofb.org\/ca\/2025\/01\/21\/circular-farmaceutica-ja-disponible-ledicio-del-segon-quadrimestre-de-2024\/\" \/>\n<meta property=\"og:locale\" content=\"ca_ES\" \/>\n<meta property=\"og:type\" content=\"article\" \/>\n<meta property=\"og:title\" content=\"Circular farmac\u00e8utica: Ja disponible l&#039;edici\u00f3 del segon quadrimestre de 2024 - Col\u00b7legi de Farmac\u00e8utics de Barcelona\" \/>\n<meta property=\"og:description\" content=\"Ja es pot accedir a un\u00a0nou n\u00famero\u00a0de la\u00a0Circular Farmac\u00e8utica, la publicaci\u00f3 cient\u00edfica\u00a0que edita el\u00a0Col\u00b7legi de Farmac\u00e8utics de Barcelona\u00a0\" \/>\n<meta property=\"og:url\" content=\"https:\/\/www.cofb.org\/ca\/2025\/01\/21\/circular-farmaceutica-ja-disponible-ledicio-del-segon-quadrimestre-de-2024\/\" \/>\n<meta property=\"og:site_name\" content=\"Col\u00b7legi de Farmac\u00e8utics de Barcelona\" \/>\n<meta property=\"article:publisher\" content=\"https:\/\/www.facebook.com\/farmaceuticsbcn\/\" \/>\n<meta property=\"article:published_time\" content=\"2025-01-21T10:05:05+00:00\" \/>\n<meta property=\"article:modified_time\" content=\"2025-02-04T13:06:39+00:00\" \/>\n<meta property=\"og:image\" content=\"https:\/\/www.cofb.org\/wp-content\/uploads\/2025\/01\/COFB_CIRCULAR-FARMACEUTICA_16012025.jpg\" \/>\n\t<meta property=\"og:image:width\" content=\"1600\" \/>\n\t<meta property=\"og:image:height\" content=\"900\" \/>\n\t<meta property=\"og:image:type\" content=\"image\/jpeg\" \/>\n<meta name=\"author\" content=\"Berta Mart\u00ednez\" \/>\n<meta name=\"twitter:card\" content=\"summary_large_image\" \/>\n<meta name=\"twitter:creator\" content=\"@farmaceuticsbcn\" \/>\n<meta name=\"twitter:site\" content=\"@farmaceuticsbcn\" \/>\n<meta name=\"twitter:label1\" content=\"Escrit per\" \/>\n\t<meta name=\"twitter:data1\" content=\"Berta Mart\u00ednez\" \/>\n\t<meta name=\"twitter:label2\" content=\"Temps estimat de lectura\" \/>\n\t<meta name=\"twitter:data2\" content=\"2 minuts\" \/>\n<script type=\"application\/ld+json\" class=\"yoast-schema-graph\">{\"@context\":\"https:\/\/schema.org\",\"@graph\":[{\"@type\":\"Article\",\"@id\":\"https:\/\/www.cofb.org\/2025\/01\/21\/circular-farmaceutica-ja-disponible-ledicio-del-segon-quadrimestre-de-2024\/#article\",\"isPartOf\":{\"@id\":\"https:\/\/www.cofb.org\/2025\/01\/21\/circular-farmaceutica-ja-disponible-ledicio-del-segon-quadrimestre-de-2024\/\"},\"author\":{\"name\":\"Berta Mart\u00ednez\",\"@id\":\"https:\/\/www.cofb.org\/#\/schema\/person\/f32de3b41b812c85ff923cb4cc849063\"},\"headline\":\"Circular farmac\u00e8utica: Ja disponible l&#8217;edici\u00f3 del segon quadrimestre de 2024\",\"datePublished\":\"2025-01-21T10:05:05+00:00\",\"dateModified\":\"2025-02-04T13:06:39+00:00\",\"mainEntityOfPage\":{\"@id\":\"https:\/\/www.cofb.org\/2025\/01\/21\/circular-farmaceutica-ja-disponible-ledicio-del-segon-quadrimestre-de-2024\/\"},\"wordCount\":255,\"publisher\":{\"@id\":\"https:\/\/www.cofb.org\/#organization\"},\"image\":{\"@id\":\"https:\/\/www.cofb.org\/2025\/01\/21\/circular-farmaceutica-ja-disponible-ledicio-del-segon-quadrimestre-de-2024\/#primaryimage\"},\"thumbnailUrl\":\"https:\/\/www.cofb.org\/wp-content\/uploads\/2025\/01\/COFB_CIRCULAR-FARMACEUTICA_16012025.jpg\",\"keywords\":[\"artritis\",\"casos cl\u00ednics\",\"circular\",\"Circular Farmac\u00e8utica\",\"diabetis\",\"Farm\u00e0cia\",\"farmacoter\u00e0pia\",\"maqui\",\"Plantes Medicinals\",\"tirzepatida\"],\"articleSection\":[\"Destacats\",\"M\u00f3n col\u00b7legial\"],\"inLanguage\":\"ca\"},{\"@type\":\"WebPage\",\"@id\":\"https:\/\/www.cofb.org\/2025\/01\/21\/circular-farmaceutica-ja-disponible-ledicio-del-segon-quadrimestre-de-2024\/\",\"url\":\"https:\/\/www.cofb.org\/2025\/01\/21\/circular-farmaceutica-ja-disponible-ledicio-del-segon-quadrimestre-de-2024\/\",\"name\":\"Circular farmac\u00e8utica: Ja disponible l'edici\u00f3 del segon quadrimestre de 2024 - Col\u00b7legi de Farmac\u00e8utics de Barcelona\",\"isPartOf\":{\"@id\":\"https:\/\/www.cofb.org\/#website\"},\"primaryImageOfPage\":{\"@id\":\"https:\/\/www.cofb.org\/2025\/01\/21\/circular-farmaceutica-ja-disponible-ledicio-del-segon-quadrimestre-de-2024\/#primaryimage\"},\"image\":{\"@id\":\"https:\/\/www.cofb.org\/2025\/01\/21\/circular-farmaceutica-ja-disponible-ledicio-del-segon-quadrimestre-de-2024\/#primaryimage\"},\"thumbnailUrl\":\"https:\/\/www.cofb.org\/wp-content\/uploads\/2025\/01\/COFB_CIRCULAR-FARMACEUTICA_16012025.jpg\",\"datePublished\":\"2025-01-21T10:05:05+00:00\",\"dateModified\":\"2025-02-04T13:06:39+00:00\",\"description\":\"Ja es pot accedir a un\u00a0nou n\u00famero\u00a0de la\u00a0Circular Farmac\u00e8utica, la publicaci\u00f3 cient\u00edfica\u00a0que edita el\u00a0Col\u00b7legi de Farmac\u00e8utics de Barcelona\u00a0\",\"breadcrumb\":{\"@id\":\"https:\/\/www.cofb.org\/2025\/01\/21\/circular-farmaceutica-ja-disponible-ledicio-del-segon-quadrimestre-de-2024\/#breadcrumb\"},\"inLanguage\":\"ca\",\"potentialAction\":[{\"@type\":\"ReadAction\",\"target\":[\"https:\/\/www.cofb.org\/2025\/01\/21\/circular-farmaceutica-ja-disponible-ledicio-del-segon-quadrimestre-de-2024\/\"]}]},{\"@type\":\"ImageObject\",\"inLanguage\":\"ca\",\"@id\":\"https:\/\/www.cofb.org\/2025\/01\/21\/circular-farmaceutica-ja-disponible-ledicio-del-segon-quadrimestre-de-2024\/#primaryimage\",\"url\":\"https:\/\/www.cofb.org\/wp-content\/uploads\/2025\/01\/COFB_CIRCULAR-FARMACEUTICA_16012025.jpg\",\"contentUrl\":\"https:\/\/www.cofb.org\/wp-content\/uploads\/2025\/01\/COFB_CIRCULAR-FARMACEUTICA_16012025.jpg\",\"width\":1600,\"height\":900},{\"@type\":\"BreadcrumbList\",\"@id\":\"https:\/\/www.cofb.org\/2025\/01\/21\/circular-farmaceutica-ja-disponible-ledicio-del-segon-quadrimestre-de-2024\/#breadcrumb\",\"itemListElement\":[{\"@type\":\"ListItem\",\"position\":1,\"name\":\"Inici\",\"item\":\"https:\/\/novaorg.cofb.net\/\"},{\"@type\":\"ListItem\",\"position\":2,\"name\":\"Circular farmac\u00e8utica: Ja disponible l&#8217;edici\u00f3 del segon quadrimestre de 2024\"}]},{\"@type\":\"WebSite\",\"@id\":\"https:\/\/www.cofb.org\/#website\",\"url\":\"https:\/\/www.cofb.org\/\",\"name\":\"Col\u00b7legi de Farmac\u00e8utics de Barcelona\",\"description\":\"\",\"publisher\":{\"@id\":\"https:\/\/www.cofb.org\/#organization\"},\"potentialAction\":[{\"@type\":\"SearchAction\",\"target\":{\"@type\":\"EntryPoint\",\"urlTemplate\":\"https:\/\/www.cofb.org\/?s={search_term_string}\"},\"query-input\":\"required name=search_term_string\"}],\"inLanguage\":\"ca\"},{\"@type\":\"Organization\",\"@id\":\"https:\/\/www.cofb.org\/#organization\",\"name\":\"Col\u00b7legi de Farmac\u00e8utics de Barcelona\",\"url\":\"https:\/\/www.cofb.org\/\",\"logo\":{\"@type\":\"ImageObject\",\"inLanguage\":\"ca\",\"@id\":\"https:\/\/www.cofb.org\/#\/schema\/logo\/image\/\",\"url\":\"https:\/\/www.cofb.org\/wp-content\/uploads\/2023\/11\/cropped-Logotip-COFB.png\",\"contentUrl\":\"https:\/\/www.cofb.org\/wp-content\/uploads\/2023\/11\/cropped-Logotip-COFB.png\",\"width\":500,\"height\":105,\"caption\":\"Col\u00b7legi de Farmac\u00e8utics de Barcelona\"},\"image\":{\"@id\":\"https:\/\/www.cofb.org\/#\/schema\/logo\/image\/\"},\"sameAs\":[\"https:\/\/www.facebook.com\/farmaceuticsbcn\/\",\"https:\/\/twitter.com\/farmaceuticsbcn\",\"https:\/\/www.instagram.com\/farmaceuticsbcn\/\",\"https:\/\/www.linkedin.com\/company\/farmaceuticsbcn\/\"]},{\"@type\":\"Person\",\"@id\":\"https:\/\/www.cofb.org\/#\/schema\/person\/f32de3b41b812c85ff923cb4cc849063\",\"name\":\"Berta Mart\u00ednez\",\"image\":{\"@type\":\"ImageObject\",\"inLanguage\":\"ca\",\"@id\":\"https:\/\/www.cofb.org\/#\/schema\/person\/image\/\",\"url\":\"https:\/\/secure.gravatar.com\/avatar\/d4c584dab5da1ee9e3c3df161c0aabec7075cc8211cd46ffc79bfe177aa78b01?s=96&d=mm&r=g\",\"contentUrl\":\"https:\/\/secure.gravatar.com\/avatar\/d4c584dab5da1ee9e3c3df161c0aabec7075cc8211cd46ffc79bfe177aa78b01?s=96&d=mm&r=g\",\"caption\":\"Berta Mart\u00ednez\"},\"url\":\"https:\/\/www.cofb.org\/ca\/author\/bmartinez\/\"}]}<\/script>\n<!-- \/ Yoast SEO plugin. -->","yoast_head_json":{"title":"Circular farmac\u00e8utica: Ja disponible l'edici\u00f3 del segon quadrimestre de 2024 - Col\u00b7legi de Farmac\u00e8utics de Barcelona","description":"Ja es pot accedir a un\u00a0nou n\u00famero\u00a0de la\u00a0Circular Farmac\u00e8utica, la publicaci\u00f3 cient\u00edfica\u00a0que edita el\u00a0Col\u00b7legi de Farmac\u00e8utics de Barcelona\u00a0","robots":{"index":"index","follow":"follow","max-snippet":"max-snippet:-1","max-image-preview":"max-image-preview:large","max-video-preview":"max-video-preview:-1"},"canonical":"https:\/\/www.cofb.org\/ca\/2025\/01\/21\/circular-farmaceutica-ja-disponible-ledicio-del-segon-quadrimestre-de-2024\/","og_locale":"ca_ES","og_type":"article","og_title":"Circular farmac\u00e8utica: Ja disponible l'edici\u00f3 del segon quadrimestre de 2024 - Col\u00b7legi de Farmac\u00e8utics de Barcelona","og_description":"Ja es pot accedir a un\u00a0nou n\u00famero\u00a0de la\u00a0Circular Farmac\u00e8utica, la publicaci\u00f3 cient\u00edfica\u00a0que edita el\u00a0Col\u00b7legi de Farmac\u00e8utics de Barcelona\u00a0","og_url":"https:\/\/www.cofb.org\/ca\/2025\/01\/21\/circular-farmaceutica-ja-disponible-ledicio-del-segon-quadrimestre-de-2024\/","og_site_name":"Col\u00b7legi de Farmac\u00e8utics de Barcelona","article_publisher":"https:\/\/www.facebook.com\/farmaceuticsbcn\/","article_published_time":"2025-01-21T10:05:05+00:00","article_modified_time":"2025-02-04T13:06:39+00:00","og_image":[{"width":1600,"height":900,"url":"https:\/\/www.cofb.org\/wp-content\/uploads\/2025\/01\/COFB_CIRCULAR-FARMACEUTICA_16012025.jpg","type":"image\/jpeg"}],"author":"Berta Mart\u00ednez","twitter_card":"summary_large_image","twitter_creator":"@farmaceuticsbcn","twitter_site":"@farmaceuticsbcn","twitter_misc":{"Escrit per":"Berta Mart\u00ednez","Temps estimat de lectura":"2 minuts"},"schema":{"@context":"https:\/\/schema.org","@graph":[{"@type":"Article","@id":"https:\/\/www.cofb.org\/2025\/01\/21\/circular-farmaceutica-ja-disponible-ledicio-del-segon-quadrimestre-de-2024\/#article","isPartOf":{"@id":"https:\/\/www.cofb.org\/2025\/01\/21\/circular-farmaceutica-ja-disponible-ledicio-del-segon-quadrimestre-de-2024\/"},"author":{"name":"Berta Mart\u00ednez","@id":"https:\/\/www.cofb.org\/#\/schema\/person\/f32de3b41b812c85ff923cb4cc849063"},"headline":"Circular farmac\u00e8utica: Ja disponible l&#8217;edici\u00f3 del segon quadrimestre de 2024","datePublished":"2025-01-21T10:05:05+00:00","dateModified":"2025-02-04T13:06:39+00:00","mainEntityOfPage":{"@id":"https:\/\/www.cofb.org\/2025\/01\/21\/circular-farmaceutica-ja-disponible-ledicio-del-segon-quadrimestre-de-2024\/"},"wordCount":255,"publisher":{"@id":"https:\/\/www.cofb.org\/#organization"},"image":{"@id":"https:\/\/www.cofb.org\/2025\/01\/21\/circular-farmaceutica-ja-disponible-ledicio-del-segon-quadrimestre-de-2024\/#primaryimage"},"thumbnailUrl":"https:\/\/www.cofb.org\/wp-content\/uploads\/2025\/01\/COFB_CIRCULAR-FARMACEUTICA_16012025.jpg","keywords":["artritis","casos cl\u00ednics","circular","Circular Farmac\u00e8utica","diabetis","Farm\u00e0cia","farmacoter\u00e0pia","maqui","Plantes Medicinals","tirzepatida"],"articleSection":["Destacats","M\u00f3n col\u00b7legial"],"inLanguage":"ca"},{"@type":"WebPage","@id":"https:\/\/www.cofb.org\/2025\/01\/21\/circular-farmaceutica-ja-disponible-ledicio-del-segon-quadrimestre-de-2024\/","url":"https:\/\/www.cofb.org\/2025\/01\/21\/circular-farmaceutica-ja-disponible-ledicio-del-segon-quadrimestre-de-2024\/","name":"Circular farmac\u00e8utica: Ja disponible l'edici\u00f3 del segon quadrimestre de 2024 - Col\u00b7legi de Farmac\u00e8utics de Barcelona","isPartOf":{"@id":"https:\/\/www.cofb.org\/#website"},"primaryImageOfPage":{"@id":"https:\/\/www.cofb.org\/2025\/01\/21\/circular-farmaceutica-ja-disponible-ledicio-del-segon-quadrimestre-de-2024\/#primaryimage"},"image":{"@id":"https:\/\/www.cofb.org\/2025\/01\/21\/circular-farmaceutica-ja-disponible-ledicio-del-segon-quadrimestre-de-2024\/#primaryimage"},"thumbnailUrl":"https:\/\/www.cofb.org\/wp-content\/uploads\/2025\/01\/COFB_CIRCULAR-FARMACEUTICA_16012025.jpg","datePublished":"2025-01-21T10:05:05+00:00","dateModified":"2025-02-04T13:06:39+00:00","description":"Ja es pot accedir a un\u00a0nou n\u00famero\u00a0de la\u00a0Circular Farmac\u00e8utica, la publicaci\u00f3 cient\u00edfica\u00a0que edita el\u00a0Col\u00b7legi de Farmac\u00e8utics de Barcelona\u00a0","breadcrumb":{"@id":"https:\/\/www.cofb.org\/2025\/01\/21\/circular-farmaceutica-ja-disponible-ledicio-del-segon-quadrimestre-de-2024\/#breadcrumb"},"inLanguage":"ca","potentialAction":[{"@type":"ReadAction","target":["https:\/\/www.cofb.org\/2025\/01\/21\/circular-farmaceutica-ja-disponible-ledicio-del-segon-quadrimestre-de-2024\/"]}]},{"@type":"ImageObject","inLanguage":"ca","@id":"https:\/\/www.cofb.org\/2025\/01\/21\/circular-farmaceutica-ja-disponible-ledicio-del-segon-quadrimestre-de-2024\/#primaryimage","url":"https:\/\/www.cofb.org\/wp-content\/uploads\/2025\/01\/COFB_CIRCULAR-FARMACEUTICA_16012025.jpg","contentUrl":"https:\/\/www.cofb.org\/wp-content\/uploads\/2025\/01\/COFB_CIRCULAR-FARMACEUTICA_16012025.jpg","width":1600,"height":900},{"@type":"BreadcrumbList","@id":"https:\/\/www.cofb.org\/2025\/01\/21\/circular-farmaceutica-ja-disponible-ledicio-del-segon-quadrimestre-de-2024\/#breadcrumb","itemListElement":[{"@type":"ListItem","position":1,"name":"Inici","item":"https:\/\/novaorg.cofb.net\/"},{"@type":"ListItem","position":2,"name":"Circular farmac\u00e8utica: Ja disponible l&#8217;edici\u00f3 del segon quadrimestre de 2024"}]},{"@type":"WebSite","@id":"https:\/\/www.cofb.org\/#website","url":"https:\/\/www.cofb.org\/","name":"Col\u00b7legi de Farmac\u00e8utics de Barcelona","description":"","publisher":{"@id":"https:\/\/www.cofb.org\/#organization"},"potentialAction":[{"@type":"SearchAction","target":{"@type":"EntryPoint","urlTemplate":"https:\/\/www.cofb.org\/?s={search_term_string}"},"query-input":"required name=search_term_string"}],"inLanguage":"ca"},{"@type":"Organization","@id":"https:\/\/www.cofb.org\/#organization","name":"Col\u00b7legi de Farmac\u00e8utics de Barcelona","url":"https:\/\/www.cofb.org\/","logo":{"@type":"ImageObject","inLanguage":"ca","@id":"https:\/\/www.cofb.org\/#\/schema\/logo\/image\/","url":"https:\/\/www.cofb.org\/wp-content\/uploads\/2023\/11\/cropped-Logotip-COFB.png","contentUrl":"https:\/\/www.cofb.org\/wp-content\/uploads\/2023\/11\/cropped-Logotip-COFB.png","width":500,"height":105,"caption":"Col\u00b7legi de Farmac\u00e8utics de Barcelona"},"image":{"@id":"https:\/\/www.cofb.org\/#\/schema\/logo\/image\/"},"sameAs":["https:\/\/www.facebook.com\/farmaceuticsbcn\/","https:\/\/twitter.com\/farmaceuticsbcn","https:\/\/www.instagram.com\/farmaceuticsbcn\/","https:\/\/www.linkedin.com\/company\/farmaceuticsbcn\/"]},{"@type":"Person","@id":"https:\/\/www.cofb.org\/#\/schema\/person\/f32de3b41b812c85ff923cb4cc849063","name":"Berta Mart\u00ednez","image":{"@type":"ImageObject","inLanguage":"ca","@id":"https:\/\/www.cofb.org\/#\/schema\/person\/image\/","url":"https:\/\/secure.gravatar.com\/avatar\/d4c584dab5da1ee9e3c3df161c0aabec7075cc8211cd46ffc79bfe177aa78b01?s=96&d=mm&r=g","contentUrl":"https:\/\/secure.gravatar.com\/avatar\/d4c584dab5da1ee9e3c3df161c0aabec7075cc8211cd46ffc79bfe177aa78b01?s=96&d=mm&r=g","caption":"Berta Mart\u00ednez"},"url":"https:\/\/www.cofb.org\/ca\/author\/bmartinez\/"}]}},"uagb_featured_image_src":{"full":["https:\/\/www.cofb.org\/wp-content\/uploads\/2025\/01\/COFB_CIRCULAR-FARMACEUTICA_16012025.jpg",1600,900,false],"thumbnail":["https:\/\/www.cofb.org\/wp-content\/uploads\/2025\/01\/COFB_CIRCULAR-FARMACEUTICA_16012025-150x150.jpg",150,150,true],"medium":["https:\/\/www.cofb.org\/wp-content\/uploads\/2025\/01\/COFB_CIRCULAR-FARMACEUTICA_16012025-300x169.jpg",300,169,true],"medium_large":["https:\/\/www.cofb.org\/wp-content\/uploads\/2025\/01\/COFB_CIRCULAR-FARMACEUTICA_16012025-768x432.jpg",768,432,true],"large":["https:\/\/www.cofb.org\/wp-content\/uploads\/2025\/01\/COFB_CIRCULAR-FARMACEUTICA_16012025-1024x576.jpg",1024,576,true],"1536x1536":["https:\/\/www.cofb.org\/wp-content\/uploads\/2025\/01\/COFB_CIRCULAR-FARMACEUTICA_16012025-1536x864.jpg",1536,864,true],"2048x2048":["https:\/\/www.cofb.org\/wp-content\/uploads\/2025\/01\/COFB_CIRCULAR-FARMACEUTICA_16012025.jpg",1600,900,false],"trp-custom-language-flag":["https:\/\/www.cofb.org\/wp-content\/uploads\/2025\/01\/COFB_CIRCULAR-FARMACEUTICA_16012025-18x10.jpg",18,10,true]},"uagb_author_info":{"display_name":"Berta Mart\u00ednez","author_link":"https:\/\/www.cofb.org\/ca\/author\/bmartinez\/"},"uagb_comment_info":0,"uagb_excerpt":"Ja es pot accedir a un&nbsp;nou n\u00famero&nbsp;de la&nbsp;Circular Farmac\u00e8utica, la publicaci\u00f3 cient\u00edfica&nbsp;que edita el&nbsp;Col\u00b7legi de Farmac\u00e8utics de Barcelona&nbsp;i que recull articles elaborats per professionals sanitaris de reconegut prestigi per a donar a con\u00e8ixer les&nbsp;novetats terap\u00e8utiques, aix\u00ed com continguts relacionats amb l\u2019atenci\u00f3&nbsp;farmac\u00e8utica i la salut p\u00fablica.&nbsp; En aquesta nova edici\u00f3&nbsp;destaquem&nbsp;els seg\u00fcents [&hellip;]","_links":{"self":[{"href":"https:\/\/www.cofb.org\/ca\/wp-json\/wp\/v2\/posts\/80425","targetHints":{"allow":["GET"]}}],"collection":[{"href":"https:\/\/www.cofb.org\/ca\/wp-json\/wp\/v2\/posts"}],"about":[{"href":"https:\/\/www.cofb.org\/ca\/wp-json\/wp\/v2\/types\/post"}],"author":[{"embeddable":true,"href":"https:\/\/www.cofb.org\/ca\/wp-json\/wp\/v2\/users\/3"}],"replies":[{"embeddable":true,"href":"https:\/\/www.cofb.org\/ca\/wp-json\/wp\/v2\/comments?post=80425"}],"version-history":[{"count":14,"href":"https:\/\/www.cofb.org\/ca\/wp-json\/wp\/v2\/posts\/80425\/revisions"}],"predecessor-version":[{"id":81655,"href":"https:\/\/www.cofb.org\/ca\/wp-json\/wp\/v2\/posts\/80425\/revisions\/81655"}],"wp:featuredmedia":[{"embeddable":true,"href":"https:\/\/www.cofb.org\/ca\/wp-json\/wp\/v2\/media\/80428"}],"wp:attachment":[{"href":"https:\/\/www.cofb.org\/ca\/wp-json\/wp\/v2\/media?parent=80425"}],"wp:term":[{"taxonomy":"category","embeddable":true,"href":"https:\/\/www.cofb.org\/ca\/wp-json\/wp\/v2\/categories?post=80425"},{"taxonomy":"post_tag","embeddable":true,"href":"https:\/\/www.cofb.org\/ca\/wp-json\/wp\/v2\/tags?post=80425"}],"curies":[{"name":"wp","href":"https:\/\/api.w.org\/{rel}","templated":true}]}}