{"id":80405,"date":"2025-01-15T11:04:42","date_gmt":"2025-01-15T11:04:42","guid":{"rendered":"https:\/\/www.cofb.org\/?p=80405"},"modified":"2025-03-13T15:20:27","modified_gmt":"2025-03-13T15:20:27","slug":"infarma-2025-obre-inscripcions-amb-la-novetat-de-lacreditacio-sense-cost-com-a-congressista-per-a-tots-els-collegiats-des-despanya","status":"publish","type":"post","link":"https:\/\/www.cofb.org\/ca\/2025\/01\/15\/infarma-2025-obre-inscripcions-amb-la-novetat-de-lacreditacio-sense-cost-com-a-congressista-per-a-tots-els-collegiats-des-despanya\/","title":{"rendered":"Infarma 2025 obre inscripcions amb la novetat de l&#8217;acreditaci\u00f3 sense cost, com a congressista, per a tots els col\u00b7legiats\/des d&#8217;Espanya"},"content":{"rendered":"\n<ul class=\"wp-block-list\">\n<li>Sota el lema <strong>\u201cM\u00e9s farm\u00e0cia. M\u00e9s salut\u201d<\/strong>, la Trobada Europea de Farm\u00e0cia se celebrar\u00e0 els <strong>dies 25, 26 i 27 de mar\u00e7 de 2025 en el recinte Gran Via de Fira de Barcelona<\/strong><\/li>\n<\/ul>\n\n\n\n<ul class=\"wp-block-list\">\n<li>L&#8217;<strong>acreditaci\u00f3 sense cost com a congressista <\/strong>es pot obtenir<strong> fins al 28 de febrer <\/strong>a trav\u00e9s de la web <a href=\"https:\/\/www.infarma.es\/\" target=\"_blank\" rel=\"noreferrer noopener\"><strong>infarma.es<\/strong><\/a><\/li>\n<\/ul>\n\n\n\n<ul class=\"wp-block-list\">\n<li>El <strong>programa cient\u00edfic <\/strong>d&#8217;aquesta <strong>35a edici\u00f3 d&#8217;Infarma<\/strong> compta amb <strong>experts de refer\u00e8ncia <\/strong>com <strong>Marian Garc\u00eda (@boticariagarcia)<\/strong>, doctora en Farm\u00e0cia i divulgadora cient\u00edfica; <strong>Gen\u00eds Roca<\/strong>, especialista en transformaci\u00f3 digital; i <strong>Jordi Corona i Jaume Guill\u00e9n<\/strong>, farmac\u00e8utics comunitaris<\/li>\n<\/ul>\n\n\n\n<figure class=\"wp-block-image size-large\"><a href=\"https:\/\/www.cofb.org\/wp-content\/uploads\/2025\/01\/COFB_INFARMA-BARCELONA-2025_15012024.png\" target=\"_blank\" rel=\"noreferrer noopener\"><img fetchpriority=\"high\" decoding=\"async\" width=\"1024\" height=\"576\" src=\"https:\/\/www.cofb.org\/wp-content\/uploads\/2025\/01\/COFB_INFARMA-BARCELONA-2025_15012024-1024x576.png\" alt=\"\" class=\"wp-image-80407\" srcset=\"https:\/\/www.cofb.org\/wp-content\/uploads\/2025\/01\/COFB_INFARMA-BARCELONA-2025_15012024-1024x576.png 1024w, https:\/\/www.cofb.org\/wp-content\/uploads\/2025\/01\/COFB_INFARMA-BARCELONA-2025_15012024-300x169.png 300w, https:\/\/www.cofb.org\/wp-content\/uploads\/2025\/01\/COFB_INFARMA-BARCELONA-2025_15012024-768x432.png 768w, https:\/\/www.cofb.org\/wp-content\/uploads\/2025\/01\/COFB_INFARMA-BARCELONA-2025_15012024-1536x864.png 1536w, https:\/\/www.cofb.org\/wp-content\/uploads\/2025\/01\/COFB_INFARMA-BARCELONA-2025_15012024-18x10.png 18w, https:\/\/www.cofb.org\/wp-content\/uploads\/2025\/01\/COFB_INFARMA-BARCELONA-2025_15012024.png 1920w\" sizes=\"(max-width: 1024px) 100vw, 1024px\" \/><\/a><\/figure>\n\n\n\n<p><em>Barcelona, 14 de gener de 2025. \u2013<\/em> Ja estan obertes les <strong>inscripcions <\/strong>per assistir a <strong>Infarma Barcelona 2025<\/strong>, que tindr\u00e0 lloc els dies <strong>25, 26 i 27 de mar\u00e7 en el recinte Gran Via de Fira de Barcelona<\/strong>. En el marc del Congr\u00e9s Europeu d&#8217;Oficina de Farm\u00e0cia i Sal\u00f3 de Medicaments i Parafarm\u00e0cia, organitzat pel <strong>Col\u00b7legi de Farmac\u00e8utics de Barcelona (COFB)<\/strong>, el <strong>Colegio Oficial de Farmac\u00e9uticos de Madrid (COFM)<\/strong> i<strong> CloserStill Media<\/strong>, un any m\u00e9s es reuniran milers de farmac\u00e8utics, experts i empreses del sector per compartir experi\u00e8ncies i actualitzar coneixements.<\/p>\n\n\n\n<p>Una de les principals <strong>novetats <\/strong>d&#8217;aquesta 35a edici\u00f3 \u00e9s <strong>l&#8217;acreditaci\u00f3 sense cost<\/strong>, com a <strong>congressista<\/strong>, per a<strong> tots els col\u00b7legiats\/des d&#8217;Espanya<\/strong>, donant-los aix\u00ed l&#8217;oportunitat de con\u00e8ixer les \u00faltimes tend\u00e8ncies, novetats i avan\u00e7os del sector farmac\u00e8utic. La inscripci\u00f3 sense cost estar\u00e0 disponible <strong>fins al 28 de febrer<\/strong> i la podran realitzar en la <strong>web <a href=\"https:\/\/www.infarma.es\/\" target=\"_blank\" rel=\"noreferrer noopener\">infarma.es<\/a>.<\/strong><\/p>\n\n\n\n<p>Tot aix\u00f2, sota el lema<strong> \u201cM\u00e9s farm\u00e0cia. M\u00e9s salut\u201d<\/strong>, que ressalta la<strong> import\u00e0ncia de la farm\u00e0cia en la salut de les persones i la voluntat de fer-la cr\u00e9ixer en benefici de tota la societat.<\/strong><\/p>\n\n\n\n<h2 class=\"wp-block-heading\"><strong>Un programa cient\u00edfic amb experts de refer\u00e8ncia<\/strong><\/h2>\n\n\n\n<p>Aix\u00ed mateix, a la web de Infarma ja es pot consultar tamb\u00e9 un <strong>primer avan\u00e7 del <a href=\"https:\/\/www.infarma.es\/programa2025-avance\/\" target=\"_blank\" rel=\"noreferrer noopener\">programa cient\u00edfic<\/a><\/strong>, que compta amb la participaci\u00f3 de destacats experts de refer\u00e8ncia com <strong>Marian Garc\u00eda (@boticariagarcia)<\/strong>, doctora en Farm\u00e0cia i divulgadora cient\u00edfica; <strong>Gen\u00eds Roca<\/strong>, especialista en transformaci\u00f3 digital; i <strong>Jordi Corona i Jaume Guill\u00e9n<\/strong>, farmac\u00e8utics comunitaris, entre altres.<\/p>\n\n\n\n<p>Durant els tres dies de Congr\u00e9s, abordaran <strong>temes d&#8217;actualitat<\/strong> que marcaran el <strong>present i futur de la farm\u00e0cia<\/strong>, posant el focus, sobretot, en la <strong>salut<\/strong>, el <strong>medicament<\/strong>, la <strong>gesti\u00f3 de la farm\u00e0cia i de l&#8217;equip<\/strong>, aix\u00ed com els <strong>desafiaments tecnol\u00f2gics del sector <\/strong>en els pr\u00f2xims anys. Concretament, algunes d&#8217;aquestes tem\u00e0tiques seran els nous r<strong>eptes en salut mental i benestar<\/strong>, qu\u00e8 \u00e9s i qu\u00e8 no \u00e9s la <strong>intel\u00b7lig\u00e8ncia artificial<\/strong>, i la <strong>cronobiologia i la seva influ\u00e8ncia en el nostre estil de vida.<\/strong><\/p>\n\n\n\n<h2 class=\"wp-block-heading\"><strong>Avancen els preparatius per a Infarma Barcelona 2025<\/strong><\/h2>\n\n\n\n<p>Durant el 2024, el <strong>Comit\u00e8 Organitzador i Cient\u00edfic <\/strong>de Infarma Barcelona han dut a terme diverses <strong>reunions clau per a la celebraci\u00f3 d&#8217;aquesta edici\u00f3<\/strong>. I en 2025, ja hi ha noves trobades programades amb l&#8217;objectiu d&#8217;aconseguir que Infarma sigui, una vegada m\u00e9s, una <strong>cita ineludible per a tots els professionals del sector farmac\u00e8utic.<\/strong><\/p>\n","protected":false},"excerpt":{"rendered":"<p>Barcelona, 14 de gener de 2025. \u2013 Ja estan obertes les inscripcions per assistir a Infarma Barcelona 2025, que tindr\u00e0 lloc els dies 25, 26 i 27 de mar\u00e7 en el recinte Gran Via de Fira de Barcelona. En el marc del Congr\u00e9s Europeu d&#8217;Oficina de Farm\u00e0cia i Sal\u00f3 de [&hellip;]<\/p>\n","protected":false},"author":3,"featured_media":80407,"comment_status":"closed","ping_status":"closed","sticky":false,"template":"","format":"aside","meta":{"_uag_custom_page_level_css":"","site-sidebar-layout":"default","site-content-layout":"","ast-site-content-layout":"default","site-content-style":"default","site-sidebar-style":"default","ast-global-header-display":"","ast-banner-title-visibility":"","ast-main-header-display":"","ast-hfb-above-header-display":"","ast-hfb-below-header-display":"","ast-hfb-mobile-header-display":"","site-post-title":"","ast-breadcrumbs-content":"","ast-featured-img":"disabled","footer-sml-layout":"","theme-transparent-header-meta":"","adv-header-id-meta":"","stick-header-meta":"","header-above-stick-meta":"","header-main-stick-meta":"","header-below-stick-meta":"","astra-migrate-meta-layouts":"set","ast-page-background-enabled":"default","ast-page-background-meta":{"desktop":{"background-color":"var(--ast-global-color-4)","background-image":"","background-repeat":"repeat","background-position":"center center","background-size":"auto","background-attachment":"scroll","background-type":"","background-media":"","overlay-type":"","overlay-color":"","overlay-opacity":"","overlay-gradient":""},"tablet":{"background-color":"","background-image":"","background-repeat":"repeat","background-position":"center center","background-size":"auto","background-attachment":"scroll","background-type":"","background-media":"","overlay-type":"","overlay-color":"","overlay-opacity":"","overlay-gradient":""},"mobile":{"background-color":"","background-image":"","background-repeat":"repeat","background-position":"center center","background-size":"auto","background-attachment":"scroll","background-type":"","background-media":"","overlay-type":"","overlay-color":"","overlay-opacity":"","overlay-gradient":""}},"ast-content-background-meta":{"desktop":{"background-color":"var(--ast-global-color-5)","background-image":"","background-repeat":"repeat","background-position":"center center","background-size":"auto","background-attachment":"scroll","background-type":"","background-media":"","overlay-type":"","overlay-color":"","overlay-opacity":"","overlay-gradient":""},"tablet":{"background-color":"var(--ast-global-color-5)","background-image":"","background-repeat":"repeat","background-position":"center center","background-size":"auto","background-attachment":"scroll","background-type":"","background-media":"","overlay-type":"","overlay-color":"","overlay-opacity":"","overlay-gradient":""},"mobile":{"background-color":"var(--ast-global-color-5)","background-image":"","background-repeat":"repeat","background-position":"center center","background-size":"auto","background-attachment":"scroll","background-type":"","background-media":"","overlay-type":"","overlay-color":"","overlay-opacity":"","overlay-gradient":""}},"footnotes":""},"categories":[23,2165,1060],"tags":[5046,5223,18,19,159,1014,1015,5048,3989,4186,53,68,69,28,29,5047,76,4899],"class_list":["post-80405","post","type-post","status-publish","format-aside","has-post-thumbnail","hentry","category-destacats","category-infarma","category-notes-premsa","tag-35a-edicio","tag-closerstill-media","tag-cofb","tag-collegi-de-farmaceutics-de-barcelona","tag-collegi-oficial-de-farmaceutics-de-madrid","tag-comite-cientific","tag-comite-organitzador","tag-comite-organitzador-infarma-barcelona-2025","tag-congres-europeu-doficina-de-farmacia","tag-congres-europeu-doficina-de-farmacia-i-salo-de-medicaments","tag-farmaceutics","tag-farmacia","tag-farmacia-comunitaria","tag-infarma","tag-infarma-barcelona","tag-infarma-barcelona-2025","tag-oficina-de-farmacia","tag-salo-de-medicaments-i-parafarmacia","post_format-post-format-aside"],"yoast_head":"<!-- This site is optimized with the Yoast SEO plugin v22.4 - https:\/\/yoast.com\/wordpress\/plugins\/seo\/ -->\n<title>Infarma 2025 obre inscripcions amb la novetat de l&#039;acreditaci\u00f3 sense cost, com a congressista, per a tots els col\u00b7legiats\/des d&#039;Espanya - Col\u00b7legi de Farmac\u00e8utics de Barcelona<\/title>\n<meta name=\"description\" content=\"Ja estan obertes les inscripcions d&#039;Infarma Barcelona 2025, que tindr\u00e0 lloc els dies 25, 26 i 27 de mar\u00e7 en el recinte Gran Via de Fira de Barcelona.\" \/>\n<meta name=\"robots\" content=\"index, follow, max-snippet:-1, max-image-preview:large, max-video-preview:-1\" \/>\n<link rel=\"canonical\" href=\"https:\/\/www.cofb.org\/ca\/2025\/01\/15\/infarma-2025-obre-inscripcions-amb-la-novetat-de-lacreditacio-sense-cost-com-a-congressista-per-a-tots-els-collegiats-des-despanya\/\" \/>\n<meta property=\"og:locale\" content=\"ca_ES\" \/>\n<meta property=\"og:type\" content=\"article\" \/>\n<meta property=\"og:title\" content=\"Infarma 2025 obre inscripcions amb la novetat de l&#039;acreditaci\u00f3 sense cost, com a congressista, per a tots els col\u00b7legiats\/des d&#039;Espanya - Col\u00b7legi de Farmac\u00e8utics de Barcelona\" \/>\n<meta property=\"og:description\" content=\"Ja estan obertes les inscripcions d&#039;Infarma Barcelona 2025, que tindr\u00e0 lloc els dies 25, 26 i 27 de mar\u00e7 en el recinte Gran Via de Fira de Barcelona.\" \/>\n<meta property=\"og:url\" content=\"https:\/\/www.cofb.org\/ca\/2025\/01\/15\/infarma-2025-obre-inscripcions-amb-la-novetat-de-lacreditacio-sense-cost-com-a-congressista-per-a-tots-els-collegiats-des-despanya\/\" \/>\n<meta property=\"og:site_name\" content=\"Col\u00b7legi de Farmac\u00e8utics de Barcelona\" \/>\n<meta property=\"article:publisher\" content=\"https:\/\/www.facebook.com\/farmaceuticsbcn\/\" \/>\n<meta property=\"article:published_time\" content=\"2025-01-15T11:04:42+00:00\" \/>\n<meta property=\"article:modified_time\" content=\"2025-03-13T15:20:27+00:00\" \/>\n<meta property=\"og:image\" content=\"https:\/\/www.cofb.org\/wp-content\/uploads\/2025\/01\/COFB_INFARMA-BARCELONA-2025_15012024.png\" \/>\n\t<meta property=\"og:image:width\" content=\"1920\" \/>\n\t<meta property=\"og:image:height\" content=\"1080\" \/>\n\t<meta property=\"og:image:type\" content=\"image\/png\" \/>\n<meta name=\"author\" content=\"Berta Mart\u00ednez\" \/>\n<meta name=\"twitter:card\" content=\"summary_large_image\" \/>\n<meta name=\"twitter:creator\" content=\"@farmaceuticsbcn\" \/>\n<meta name=\"twitter:site\" content=\"@farmaceuticsbcn\" \/>\n<meta name=\"twitter:label1\" content=\"Escrit per\" \/>\n\t<meta name=\"twitter:data1\" content=\"Berta Mart\u00ednez\" \/>\n\t<meta name=\"twitter:label2\" content=\"Temps estimat de lectura\" \/>\n\t<meta name=\"twitter:data2\" content=\"3 minuts\" \/>\n<script type=\"application\/ld+json\" class=\"yoast-schema-graph\">{\"@context\":\"https:\/\/schema.org\",\"@graph\":[{\"@type\":\"Article\",\"@id\":\"https:\/\/www.cofb.org\/2025\/01\/15\/infarma-2025-obre-inscripcions-amb-la-novetat-de-lacreditacio-sense-cost-com-a-congressista-per-a-tots-els-collegiats-des-despanya\/#article\",\"isPartOf\":{\"@id\":\"https:\/\/www.cofb.org\/2025\/01\/15\/infarma-2025-obre-inscripcions-amb-la-novetat-de-lacreditacio-sense-cost-com-a-congressista-per-a-tots-els-collegiats-des-despanya\/\"},\"author\":{\"name\":\"Berta Mart\u00ednez\",\"@id\":\"https:\/\/www.cofb.org\/#\/schema\/person\/f32de3b41b812c85ff923cb4cc849063\"},\"headline\":\"Infarma 2025 obre inscripcions amb la novetat de l&#8217;acreditaci\u00f3 sense cost, com a congressista, per a tots els col\u00b7legiats\/des d&#8217;Espanya\",\"datePublished\":\"2025-01-15T11:04:42+00:00\",\"dateModified\":\"2025-03-13T15:20:27+00:00\",\"mainEntityOfPage\":{\"@id\":\"https:\/\/www.cofb.org\/2025\/01\/15\/infarma-2025-obre-inscripcions-amb-la-novetat-de-lacreditacio-sense-cost-com-a-congressista-per-a-tots-els-collegiats-des-despanya\/\"},\"wordCount\":550,\"publisher\":{\"@id\":\"https:\/\/www.cofb.org\/#organization\"},\"image\":{\"@id\":\"https:\/\/www.cofb.org\/2025\/01\/15\/infarma-2025-obre-inscripcions-amb-la-novetat-de-lacreditacio-sense-cost-com-a-congressista-per-a-tots-els-collegiats-des-despanya\/#primaryimage\"},\"thumbnailUrl\":\"https:\/\/www.cofb.org\/wp-content\/uploads\/2025\/01\/COFB_INFARMA-BARCELONA-2025_15012024.png\",\"keywords\":[\"35a edici\u00f3\",\"CloserStill Media\",\"COFB\",\"Col\u00b7legi de Farmac\u00e8utics de Barcelona\",\"Col\u00b7legi Oficial de Farmac\u00e8utics de Madrid\",\"Comit\u00e8 cient\u00edfic\",\"comit\u00e8 organitzador\",\"Comit\u00e8 Organitzador Infarma Barcelona 2025\",\"Congr\u00e9s europeu d'oficina de farm\u00e0cia\",\"Congr\u00e9s Europeu d'Oficina de Farm\u00e0cia i Sal\u00f3 de Medicaments\",\"farmac\u00e8utics\",\"Farm\u00e0cia\",\"farm\u00e0cia comunit\u00e0ria\",\"Infarma\",\"Infarma Barcelona\",\"Infarma Barcelona 2025\",\"Oficina de farm\u00e0cia\",\"Sal\u00f3 de Medicaments i Parafarm\u00e0cia\"],\"articleSection\":[\"Destacats\",\"Infarma\",\"Notes de premsa\"],\"inLanguage\":\"ca\"},{\"@type\":\"WebPage\",\"@id\":\"https:\/\/www.cofb.org\/2025\/01\/15\/infarma-2025-obre-inscripcions-amb-la-novetat-de-lacreditacio-sense-cost-com-a-congressista-per-a-tots-els-collegiats-des-despanya\/\",\"url\":\"https:\/\/www.cofb.org\/2025\/01\/15\/infarma-2025-obre-inscripcions-amb-la-novetat-de-lacreditacio-sense-cost-com-a-congressista-per-a-tots-els-collegiats-des-despanya\/\",\"name\":\"Infarma 2025 obre inscripcions amb la novetat de l'acreditaci\u00f3 sense cost, com a congressista, per a tots els col\u00b7legiats\/des d'Espanya - Col\u00b7legi de Farmac\u00e8utics de Barcelona\",\"isPartOf\":{\"@id\":\"https:\/\/www.cofb.org\/#website\"},\"primaryImageOfPage\":{\"@id\":\"https:\/\/www.cofb.org\/2025\/01\/15\/infarma-2025-obre-inscripcions-amb-la-novetat-de-lacreditacio-sense-cost-com-a-congressista-per-a-tots-els-collegiats-des-despanya\/#primaryimage\"},\"image\":{\"@id\":\"https:\/\/www.cofb.org\/2025\/01\/15\/infarma-2025-obre-inscripcions-amb-la-novetat-de-lacreditacio-sense-cost-com-a-congressista-per-a-tots-els-collegiats-des-despanya\/#primaryimage\"},\"thumbnailUrl\":\"https:\/\/www.cofb.org\/wp-content\/uploads\/2025\/01\/COFB_INFARMA-BARCELONA-2025_15012024.png\",\"datePublished\":\"2025-01-15T11:04:42+00:00\",\"dateModified\":\"2025-03-13T15:20:27+00:00\",\"description\":\"Ja estan obertes les inscripcions d'Infarma Barcelona 2025, que tindr\u00e0 lloc els dies 25, 26 i 27 de mar\u00e7 en el recinte Gran Via de Fira de Barcelona.\",\"breadcrumb\":{\"@id\":\"https:\/\/www.cofb.org\/2025\/01\/15\/infarma-2025-obre-inscripcions-amb-la-novetat-de-lacreditacio-sense-cost-com-a-congressista-per-a-tots-els-collegiats-des-despanya\/#breadcrumb\"},\"inLanguage\":\"ca\",\"potentialAction\":[{\"@type\":\"ReadAction\",\"target\":[\"https:\/\/www.cofb.org\/2025\/01\/15\/infarma-2025-obre-inscripcions-amb-la-novetat-de-lacreditacio-sense-cost-com-a-congressista-per-a-tots-els-collegiats-des-despanya\/\"]}]},{\"@type\":\"ImageObject\",\"inLanguage\":\"ca\",\"@id\":\"https:\/\/www.cofb.org\/2025\/01\/15\/infarma-2025-obre-inscripcions-amb-la-novetat-de-lacreditacio-sense-cost-com-a-congressista-per-a-tots-els-collegiats-des-despanya\/#primaryimage\",\"url\":\"https:\/\/www.cofb.org\/wp-content\/uploads\/2025\/01\/COFB_INFARMA-BARCELONA-2025_15012024.png\",\"contentUrl\":\"https:\/\/www.cofb.org\/wp-content\/uploads\/2025\/01\/COFB_INFARMA-BARCELONA-2025_15012024.png\",\"width\":1920,\"height\":1080},{\"@type\":\"BreadcrumbList\",\"@id\":\"https:\/\/www.cofb.org\/2025\/01\/15\/infarma-2025-obre-inscripcions-amb-la-novetat-de-lacreditacio-sense-cost-com-a-congressista-per-a-tots-els-collegiats-des-despanya\/#breadcrumb\",\"itemListElement\":[{\"@type\":\"ListItem\",\"position\":1,\"name\":\"Inici\",\"item\":\"https:\/\/novaorg.cofb.net\/\"},{\"@type\":\"ListItem\",\"position\":2,\"name\":\"Infarma 2025 obre inscripcions amb la novetat de l&#8217;acreditaci\u00f3 sense cost, com a congressista, per a tots els col\u00b7legiats\/des d&#8217;Espanya\"}]},{\"@type\":\"WebSite\",\"@id\":\"https:\/\/www.cofb.org\/#website\",\"url\":\"https:\/\/www.cofb.org\/\",\"name\":\"Col\u00b7legi de Farmac\u00e8utics de Barcelona\",\"description\":\"\",\"publisher\":{\"@id\":\"https:\/\/www.cofb.org\/#organization\"},\"potentialAction\":[{\"@type\":\"SearchAction\",\"target\":{\"@type\":\"EntryPoint\",\"urlTemplate\":\"https:\/\/www.cofb.org\/?s={search_term_string}\"},\"query-input\":\"required name=search_term_string\"}],\"inLanguage\":\"ca\"},{\"@type\":\"Organization\",\"@id\":\"https:\/\/www.cofb.org\/#organization\",\"name\":\"Col\u00b7legi de Farmac\u00e8utics de Barcelona\",\"url\":\"https:\/\/www.cofb.org\/\",\"logo\":{\"@type\":\"ImageObject\",\"inLanguage\":\"ca\",\"@id\":\"https:\/\/www.cofb.org\/#\/schema\/logo\/image\/\",\"url\":\"https:\/\/www.cofb.org\/wp-content\/uploads\/2023\/11\/cropped-Logotip-COFB.png\",\"contentUrl\":\"https:\/\/www.cofb.org\/wp-content\/uploads\/2023\/11\/cropped-Logotip-COFB.png\",\"width\":500,\"height\":105,\"caption\":\"Col\u00b7legi de Farmac\u00e8utics de Barcelona\"},\"image\":{\"@id\":\"https:\/\/www.cofb.org\/#\/schema\/logo\/image\/\"},\"sameAs\":[\"https:\/\/www.facebook.com\/farmaceuticsbcn\/\",\"https:\/\/twitter.com\/farmaceuticsbcn\",\"https:\/\/www.instagram.com\/farmaceuticsbcn\/\",\"https:\/\/www.linkedin.com\/company\/farmaceuticsbcn\/\"]},{\"@type\":\"Person\",\"@id\":\"https:\/\/www.cofb.org\/#\/schema\/person\/f32de3b41b812c85ff923cb4cc849063\",\"name\":\"Berta Mart\u00ednez\",\"image\":{\"@type\":\"ImageObject\",\"inLanguage\":\"ca\",\"@id\":\"https:\/\/www.cofb.org\/#\/schema\/person\/image\/\",\"url\":\"https:\/\/secure.gravatar.com\/avatar\/d4c584dab5da1ee9e3c3df161c0aabec7075cc8211cd46ffc79bfe177aa78b01?s=96&d=mm&r=g\",\"contentUrl\":\"https:\/\/secure.gravatar.com\/avatar\/d4c584dab5da1ee9e3c3df161c0aabec7075cc8211cd46ffc79bfe177aa78b01?s=96&d=mm&r=g\",\"caption\":\"Berta Mart\u00ednez\"},\"url\":\"https:\/\/www.cofb.org\/ca\/author\/bmartinez\/\"}]}<\/script>\n<!-- \/ Yoast SEO plugin. -->","yoast_head_json":{"title":"Infarma 2025 obre inscripcions amb la novetat de l'acreditaci\u00f3 sense cost, com a congressista, per a tots els col\u00b7legiats\/des d'Espanya - Col\u00b7legi de Farmac\u00e8utics de Barcelona","description":"Ja estan obertes les inscripcions d'Infarma Barcelona 2025, que tindr\u00e0 lloc els dies 25, 26 i 27 de mar\u00e7 en el recinte Gran Via de Fira de Barcelona.","robots":{"index":"index","follow":"follow","max-snippet":"max-snippet:-1","max-image-preview":"max-image-preview:large","max-video-preview":"max-video-preview:-1"},"canonical":"https:\/\/www.cofb.org\/ca\/2025\/01\/15\/infarma-2025-obre-inscripcions-amb-la-novetat-de-lacreditacio-sense-cost-com-a-congressista-per-a-tots-els-collegiats-des-despanya\/","og_locale":"ca_ES","og_type":"article","og_title":"Infarma 2025 obre inscripcions amb la novetat de l'acreditaci\u00f3 sense cost, com a congressista, per a tots els col\u00b7legiats\/des d'Espanya - Col\u00b7legi de Farmac\u00e8utics de Barcelona","og_description":"Ja estan obertes les inscripcions d'Infarma Barcelona 2025, que tindr\u00e0 lloc els dies 25, 26 i 27 de mar\u00e7 en el recinte Gran Via de Fira de Barcelona.","og_url":"https:\/\/www.cofb.org\/ca\/2025\/01\/15\/infarma-2025-obre-inscripcions-amb-la-novetat-de-lacreditacio-sense-cost-com-a-congressista-per-a-tots-els-collegiats-des-despanya\/","og_site_name":"Col\u00b7legi de Farmac\u00e8utics de Barcelona","article_publisher":"https:\/\/www.facebook.com\/farmaceuticsbcn\/","article_published_time":"2025-01-15T11:04:42+00:00","article_modified_time":"2025-03-13T15:20:27+00:00","og_image":[{"width":1920,"height":1080,"url":"https:\/\/www.cofb.org\/wp-content\/uploads\/2025\/01\/COFB_INFARMA-BARCELONA-2025_15012024.png","type":"image\/png"}],"author":"Berta Mart\u00ednez","twitter_card":"summary_large_image","twitter_creator":"@farmaceuticsbcn","twitter_site":"@farmaceuticsbcn","twitter_misc":{"Escrit per":"Berta Mart\u00ednez","Temps estimat de lectura":"3 minuts"},"schema":{"@context":"https:\/\/schema.org","@graph":[{"@type":"Article","@id":"https:\/\/www.cofb.org\/2025\/01\/15\/infarma-2025-obre-inscripcions-amb-la-novetat-de-lacreditacio-sense-cost-com-a-congressista-per-a-tots-els-collegiats-des-despanya\/#article","isPartOf":{"@id":"https:\/\/www.cofb.org\/2025\/01\/15\/infarma-2025-obre-inscripcions-amb-la-novetat-de-lacreditacio-sense-cost-com-a-congressista-per-a-tots-els-collegiats-des-despanya\/"},"author":{"name":"Berta Mart\u00ednez","@id":"https:\/\/www.cofb.org\/#\/schema\/person\/f32de3b41b812c85ff923cb4cc849063"},"headline":"Infarma 2025 obre inscripcions amb la novetat de l&#8217;acreditaci\u00f3 sense cost, com a congressista, per a tots els col\u00b7legiats\/des d&#8217;Espanya","datePublished":"2025-01-15T11:04:42+00:00","dateModified":"2025-03-13T15:20:27+00:00","mainEntityOfPage":{"@id":"https:\/\/www.cofb.org\/2025\/01\/15\/infarma-2025-obre-inscripcions-amb-la-novetat-de-lacreditacio-sense-cost-com-a-congressista-per-a-tots-els-collegiats-des-despanya\/"},"wordCount":550,"publisher":{"@id":"https:\/\/www.cofb.org\/#organization"},"image":{"@id":"https:\/\/www.cofb.org\/2025\/01\/15\/infarma-2025-obre-inscripcions-amb-la-novetat-de-lacreditacio-sense-cost-com-a-congressista-per-a-tots-els-collegiats-des-despanya\/#primaryimage"},"thumbnailUrl":"https:\/\/www.cofb.org\/wp-content\/uploads\/2025\/01\/COFB_INFARMA-BARCELONA-2025_15012024.png","keywords":["35a edici\u00f3","CloserStill Media","COFB","Col\u00b7legi de Farmac\u00e8utics de Barcelona","Col\u00b7legi Oficial de Farmac\u00e8utics de Madrid","Comit\u00e8 cient\u00edfic","comit\u00e8 organitzador","Comit\u00e8 Organitzador Infarma Barcelona 2025","Congr\u00e9s europeu d'oficina de farm\u00e0cia","Congr\u00e9s Europeu d'Oficina de Farm\u00e0cia i Sal\u00f3 de Medicaments","farmac\u00e8utics","Farm\u00e0cia","farm\u00e0cia comunit\u00e0ria","Infarma","Infarma Barcelona","Infarma Barcelona 2025","Oficina de farm\u00e0cia","Sal\u00f3 de Medicaments i Parafarm\u00e0cia"],"articleSection":["Destacats","Infarma","Notes de premsa"],"inLanguage":"ca"},{"@type":"WebPage","@id":"https:\/\/www.cofb.org\/2025\/01\/15\/infarma-2025-obre-inscripcions-amb-la-novetat-de-lacreditacio-sense-cost-com-a-congressista-per-a-tots-els-collegiats-des-despanya\/","url":"https:\/\/www.cofb.org\/2025\/01\/15\/infarma-2025-obre-inscripcions-amb-la-novetat-de-lacreditacio-sense-cost-com-a-congressista-per-a-tots-els-collegiats-des-despanya\/","name":"Infarma 2025 obre inscripcions amb la novetat de l'acreditaci\u00f3 sense cost, com a congressista, per a tots els col\u00b7legiats\/des d'Espanya - Col\u00b7legi de Farmac\u00e8utics de Barcelona","isPartOf":{"@id":"https:\/\/www.cofb.org\/#website"},"primaryImageOfPage":{"@id":"https:\/\/www.cofb.org\/2025\/01\/15\/infarma-2025-obre-inscripcions-amb-la-novetat-de-lacreditacio-sense-cost-com-a-congressista-per-a-tots-els-collegiats-des-despanya\/#primaryimage"},"image":{"@id":"https:\/\/www.cofb.org\/2025\/01\/15\/infarma-2025-obre-inscripcions-amb-la-novetat-de-lacreditacio-sense-cost-com-a-congressista-per-a-tots-els-collegiats-des-despanya\/#primaryimage"},"thumbnailUrl":"https:\/\/www.cofb.org\/wp-content\/uploads\/2025\/01\/COFB_INFARMA-BARCELONA-2025_15012024.png","datePublished":"2025-01-15T11:04:42+00:00","dateModified":"2025-03-13T15:20:27+00:00","description":"Ja estan obertes les inscripcions d'Infarma Barcelona 2025, que tindr\u00e0 lloc els dies 25, 26 i 27 de mar\u00e7 en el recinte Gran Via de Fira de Barcelona.","breadcrumb":{"@id":"https:\/\/www.cofb.org\/2025\/01\/15\/infarma-2025-obre-inscripcions-amb-la-novetat-de-lacreditacio-sense-cost-com-a-congressista-per-a-tots-els-collegiats-des-despanya\/#breadcrumb"},"inLanguage":"ca","potentialAction":[{"@type":"ReadAction","target":["https:\/\/www.cofb.org\/2025\/01\/15\/infarma-2025-obre-inscripcions-amb-la-novetat-de-lacreditacio-sense-cost-com-a-congressista-per-a-tots-els-collegiats-des-despanya\/"]}]},{"@type":"ImageObject","inLanguage":"ca","@id":"https:\/\/www.cofb.org\/2025\/01\/15\/infarma-2025-obre-inscripcions-amb-la-novetat-de-lacreditacio-sense-cost-com-a-congressista-per-a-tots-els-collegiats-des-despanya\/#primaryimage","url":"https:\/\/www.cofb.org\/wp-content\/uploads\/2025\/01\/COFB_INFARMA-BARCELONA-2025_15012024.png","contentUrl":"https:\/\/www.cofb.org\/wp-content\/uploads\/2025\/01\/COFB_INFARMA-BARCELONA-2025_15012024.png","width":1920,"height":1080},{"@type":"BreadcrumbList","@id":"https:\/\/www.cofb.org\/2025\/01\/15\/infarma-2025-obre-inscripcions-amb-la-novetat-de-lacreditacio-sense-cost-com-a-congressista-per-a-tots-els-collegiats-des-despanya\/#breadcrumb","itemListElement":[{"@type":"ListItem","position":1,"name":"Inici","item":"https:\/\/novaorg.cofb.net\/"},{"@type":"ListItem","position":2,"name":"Infarma 2025 obre inscripcions amb la novetat de l&#8217;acreditaci\u00f3 sense cost, com a congressista, per a tots els col\u00b7legiats\/des d&#8217;Espanya"}]},{"@type":"WebSite","@id":"https:\/\/www.cofb.org\/#website","url":"https:\/\/www.cofb.org\/","name":"Col\u00b7legi de Farmac\u00e8utics de Barcelona","description":"","publisher":{"@id":"https:\/\/www.cofb.org\/#organization"},"potentialAction":[{"@type":"SearchAction","target":{"@type":"EntryPoint","urlTemplate":"https:\/\/www.cofb.org\/?s={search_term_string}"},"query-input":"required name=search_term_string"}],"inLanguage":"ca"},{"@type":"Organization","@id":"https:\/\/www.cofb.org\/#organization","name":"Col\u00b7legi de Farmac\u00e8utics de Barcelona","url":"https:\/\/www.cofb.org\/","logo":{"@type":"ImageObject","inLanguage":"ca","@id":"https:\/\/www.cofb.org\/#\/schema\/logo\/image\/","url":"https:\/\/www.cofb.org\/wp-content\/uploads\/2023\/11\/cropped-Logotip-COFB.png","contentUrl":"https:\/\/www.cofb.org\/wp-content\/uploads\/2023\/11\/cropped-Logotip-COFB.png","width":500,"height":105,"caption":"Col\u00b7legi de Farmac\u00e8utics de Barcelona"},"image":{"@id":"https:\/\/www.cofb.org\/#\/schema\/logo\/image\/"},"sameAs":["https:\/\/www.facebook.com\/farmaceuticsbcn\/","https:\/\/twitter.com\/farmaceuticsbcn","https:\/\/www.instagram.com\/farmaceuticsbcn\/","https:\/\/www.linkedin.com\/company\/farmaceuticsbcn\/"]},{"@type":"Person","@id":"https:\/\/www.cofb.org\/#\/schema\/person\/f32de3b41b812c85ff923cb4cc849063","name":"Berta Mart\u00ednez","image":{"@type":"ImageObject","inLanguage":"ca","@id":"https:\/\/www.cofb.org\/#\/schema\/person\/image\/","url":"https:\/\/secure.gravatar.com\/avatar\/d4c584dab5da1ee9e3c3df161c0aabec7075cc8211cd46ffc79bfe177aa78b01?s=96&d=mm&r=g","contentUrl":"https:\/\/secure.gravatar.com\/avatar\/d4c584dab5da1ee9e3c3df161c0aabec7075cc8211cd46ffc79bfe177aa78b01?s=96&d=mm&r=g","caption":"Berta Mart\u00ednez"},"url":"https:\/\/www.cofb.org\/ca\/author\/bmartinez\/"}]}},"uagb_featured_image_src":{"full":["https:\/\/www.cofb.org\/wp-content\/uploads\/2025\/01\/COFB_INFARMA-BARCELONA-2025_15012024.png",1920,1080,false],"thumbnail":["https:\/\/www.cofb.org\/wp-content\/uploads\/2025\/01\/COFB_INFARMA-BARCELONA-2025_15012024-150x150.png",150,150,true],"medium":["https:\/\/www.cofb.org\/wp-content\/uploads\/2025\/01\/COFB_INFARMA-BARCELONA-2025_15012024-300x169.png",300,169,true],"medium_large":["https:\/\/www.cofb.org\/wp-content\/uploads\/2025\/01\/COFB_INFARMA-BARCELONA-2025_15012024-768x432.png",768,432,true],"large":["https:\/\/www.cofb.org\/wp-content\/uploads\/2025\/01\/COFB_INFARMA-BARCELONA-2025_15012024-1024x576.png",1024,576,true],"1536x1536":["https:\/\/www.cofb.org\/wp-content\/uploads\/2025\/01\/COFB_INFARMA-BARCELONA-2025_15012024-1536x864.png",1536,864,true],"2048x2048":["https:\/\/www.cofb.org\/wp-content\/uploads\/2025\/01\/COFB_INFARMA-BARCELONA-2025_15012024.png",1920,1080,false],"trp-custom-language-flag":["https:\/\/www.cofb.org\/wp-content\/uploads\/2025\/01\/COFB_INFARMA-BARCELONA-2025_15012024-18x10.png",18,10,true]},"uagb_author_info":{"display_name":"Berta Mart\u00ednez","author_link":"https:\/\/www.cofb.org\/ca\/author\/bmartinez\/"},"uagb_comment_info":0,"uagb_excerpt":"Barcelona, 14 de gener de 2025. \u2013 Ja estan obertes les inscripcions per assistir a Infarma Barcelona 2025, que tindr\u00e0 lloc els dies 25, 26 i 27 de mar\u00e7 en el recinte Gran Via de Fira de Barcelona. En el marc del Congr\u00e9s Europeu d&#8217;Oficina de Farm\u00e0cia i Sal\u00f3 de [&hellip;]","_links":{"self":[{"href":"https:\/\/www.cofb.org\/ca\/wp-json\/wp\/v2\/posts\/80405","targetHints":{"allow":["GET"]}}],"collection":[{"href":"https:\/\/www.cofb.org\/ca\/wp-json\/wp\/v2\/posts"}],"about":[{"href":"https:\/\/www.cofb.org\/ca\/wp-json\/wp\/v2\/types\/post"}],"author":[{"embeddable":true,"href":"https:\/\/www.cofb.org\/ca\/wp-json\/wp\/v2\/users\/3"}],"replies":[{"embeddable":true,"href":"https:\/\/www.cofb.org\/ca\/wp-json\/wp\/v2\/comments?post=80405"}],"version-history":[{"count":6,"href":"https:\/\/www.cofb.org\/ca\/wp-json\/wp\/v2\/posts\/80405\/revisions"}],"predecessor-version":[{"id":80412,"href":"https:\/\/www.cofb.org\/ca\/wp-json\/wp\/v2\/posts\/80405\/revisions\/80412"}],"wp:featuredmedia":[{"embeddable":true,"href":"https:\/\/www.cofb.org\/ca\/wp-json\/wp\/v2\/media\/80407"}],"wp:attachment":[{"href":"https:\/\/www.cofb.org\/ca\/wp-json\/wp\/v2\/media?parent=80405"}],"wp:term":[{"taxonomy":"category","embeddable":true,"href":"https:\/\/www.cofb.org\/ca\/wp-json\/wp\/v2\/categories?post=80405"},{"taxonomy":"post_tag","embeddable":true,"href":"https:\/\/www.cofb.org\/ca\/wp-json\/wp\/v2\/tags?post=80405"}],"curies":[{"name":"wp","href":"https:\/\/api.w.org\/{rel}","templated":true}]}}