{"id":80214,"date":"2024-12-20T11:44:00","date_gmt":"2024-12-20T11:44:00","guid":{"rendered":"https:\/\/www.cofb.org\/?p=80214"},"modified":"2025-01-10T11:45:20","modified_gmt":"2025-01-10T11:45:20","slug":"cosmetica-maquillatge-i-complements-aspectes-a-tenir-presents-des-de-la-farmacia","status":"publish","type":"post","link":"https:\/\/www.cofb.org\/ca\/2024\/12\/20\/cosmetica-maquillatge-i-complements-aspectes-a-tenir-presents-des-de-la-farmacia\/","title":{"rendered":"Cosm\u00e8tica, maquillatge i complements. Aspectes a tenir presents des de la farm\u00e0cia"},"content":{"rendered":"\n<p>El passat 4 de desembre, el <strong>Col\u00b7legi de Farmac\u00e8utics de Barcelona (COFB)<\/strong> va organitzar la formaci\u00f3 <strong>&#8220;Cosm\u00e8tica, maquillatge i complements: claus per a la farm\u00e0cia&#8221;<\/strong>, amb la col\u00b7laboraci\u00f3 de <a href=\"https:\/\/carbovital.com\/\" target=\"_blank\" rel=\"noreferrer noopener\">Carb\u00f3 Vital<\/a> i el patrocini de <a href=\"https:\/\/beter.es\/es\/\" target=\"_blank\" rel=\"noreferrer noopener\">Beter<\/a>. La formaci\u00f3, que va ser coordinada per <strong>Marta Alcalde<\/strong>, vocal de Dermofarm\u00e0cia i Productes Sanitaris del COFB, va comptar amb la presentaci\u00f3 de <strong>Jordi Hurtado<\/strong>, cap de la l\u00ednia de farm\u00e0cia de Beter, i <strong>Pau Puig<\/strong>, director comercial de Carb\u00f3 Vital i la pon\u00e8ncia de <strong>Laura Jim\u00e9nez<\/strong>, responsable de Formaci\u00f3 i Trade Marketing de Beter.<\/p>\n\n\n\n<figure class=\"wp-block-image size-large\"><a href=\"https:\/\/www.cofb.org\/wp-content\/uploads\/2024\/12\/COFB_COSMETICA_27122024_1-scaled.jpg\" target=\"_blank\" rel=\"noreferrer noopener\"><img fetchpriority=\"high\" decoding=\"async\" width=\"1024\" height=\"576\" src=\"https:\/\/www.cofb.org\/wp-content\/uploads\/2024\/12\/COFB_COSMETICA_27122024_1-1024x576.jpg\" alt=\"D'esquerra a dreta: Pau Puig, Jordi Hurtado, Marta Alcalde i Laura Jim\u00e9nez.\" class=\"wp-image-80219\" srcset=\"https:\/\/www.cofb.org\/wp-content\/uploads\/2024\/12\/COFB_COSMETICA_27122024_1-1024x576.jpg 1024w, https:\/\/www.cofb.org\/wp-content\/uploads\/2024\/12\/COFB_COSMETICA_27122024_1-300x169.jpg 300w, https:\/\/www.cofb.org\/wp-content\/uploads\/2024\/12\/COFB_COSMETICA_27122024_1-768x432.jpg 768w, https:\/\/www.cofb.org\/wp-content\/uploads\/2024\/12\/COFB_COSMETICA_27122024_1-1536x864.jpg 1536w, https:\/\/www.cofb.org\/wp-content\/uploads\/2024\/12\/COFB_COSMETICA_27122024_1-2048x1152.jpg 2048w, https:\/\/www.cofb.org\/wp-content\/uploads\/2024\/12\/COFB_COSMETICA_27122024_1-18x10.jpg 18w\" sizes=\"(max-width: 1024px) 100vw, 1024px\" \/><\/a><figcaption class=\"wp-element-caption\">D&#8217;esquerra a dreta: Pau Puig, Jordi Hurtado, Marta Alcalde i Laura Jim\u00e9nez. <\/figcaption><\/figure>\n\n\n\n<p>Els <strong>objectius <\/strong>de la formaci\u00f3 van ser aprofundir en els <strong>coneixements sobre cosm\u00e8tica de maquillatge<\/strong> i els <strong>utensilis <\/strong>relacionats, mostrar diferents <strong>t\u00e8cniques de maquillatge<\/strong> i <strong>d\u2019utilitzaci\u00f3 d\u2019utensilis<\/strong> i identificar els <strong>productes m\u00e9s adequats a les necessitats<\/strong> de cada client.<\/p>\n\n\n\n<p>La vocal de Dermofarm\u00e0cia i Productes Sanitaris del COFB, <strong>Marta Alcalde<\/strong>, va presentar la sessi\u00f3 remarcant <strong>la import\u00e0ncia de fer una bona selecci\u00f3 de productes cosm\u00e8tics i de maquillatge<\/strong>. Per aix\u00f2, va explicar que es compartiran algunes <strong>recomanacions<\/strong> t\u00e8cniques sobre com fer un <strong>correcte maquillatge<\/strong> i com es pot utilitzar en <strong>patologies concretes<\/strong>.<\/p>\n\n\n\n<p>A continuaci\u00f3, el cap de la l\u00ednia de farm\u00e0cia de Beter, <strong>Jordi Hurtado<\/strong>, va posar en valor el canal farm\u00e0cia: <strong>\u201c\u00e9s un canal de confian\u00e7a, ja que teniu uns valors molt determinats de proximitat, qualitat i consell orientats al pacient\u201d<\/strong>. Sobre el canal farm\u00e0cia, Hurtado va destacar que en l&#8217;actualitat hi ha dos mercats molt a l\u2019al\u00e7a: <strong>la dermocosm\u00e8tica i els productes capil\u00b7lars<\/strong>. Per la seva banda, el director comercial de Carb\u00f3 Vital, <strong>Pau Puig<\/strong>, va agrair l\u2019assist\u00e8ncia als farmac\u00e8utics i farmac\u00e8utiques.<\/p>\n\n\n\n<figure class=\"wp-block-image size-large\"><a href=\"https:\/\/www.cofb.org\/wp-content\/uploads\/2024\/12\/COFB_COSMETICA_27122024_2-scaled.jpg\" target=\"_blank\" rel=\"noreferrer noopener\"><img decoding=\"async\" width=\"1024\" height=\"576\" src=\"https:\/\/www.cofb.org\/wp-content\/uploads\/2024\/12\/COFB_COSMETICA_27122024_2-1024x576.jpg\" alt=\"Jordi Hurtado, acompanyat de Pau Puig, Marta Alcalde i Laura Jim\u00e9nez, durant la seva intervenci\u00f3.  \" class=\"wp-image-80220\" srcset=\"https:\/\/www.cofb.org\/wp-content\/uploads\/2024\/12\/COFB_COSMETICA_27122024_2-1024x576.jpg 1024w, https:\/\/www.cofb.org\/wp-content\/uploads\/2024\/12\/COFB_COSMETICA_27122024_2-300x169.jpg 300w, https:\/\/www.cofb.org\/wp-content\/uploads\/2024\/12\/COFB_COSMETICA_27122024_2-768x432.jpg 768w, https:\/\/www.cofb.org\/wp-content\/uploads\/2024\/12\/COFB_COSMETICA_27122024_2-1536x864.jpg 1536w, https:\/\/www.cofb.org\/wp-content\/uploads\/2024\/12\/COFB_COSMETICA_27122024_2-2048x1152.jpg 2048w, https:\/\/www.cofb.org\/wp-content\/uploads\/2024\/12\/COFB_COSMETICA_27122024_2-18x10.jpg 18w\" sizes=\"(max-width: 1024px) 100vw, 1024px\" \/><\/a><figcaption class=\"wp-element-caption\">Jordi Hurtado, acompanyat de Pau Puig, Marta Alcalde i Laura Jim\u00e9nez, durant la seva intervenci\u00f3.  <\/figcaption><\/figure>\n\n\n\n<h2 class=\"wp-block-heading\"><strong>Rutina de neteja i preparaci\u00f3 de la pell<\/strong><\/h2>\n\n\n\n<p>Durant la seva exposici\u00f3,<strong> Laura Jim\u00e9nez<\/strong>, responsable de Formaci\u00f3 i Trade Marketing, va presentar opcions per a la <strong>rutina de neteja facial de mat\u00ed i nit <\/strong>en un o dos passos i adaptades a diferents tipus de pell. Alhora, per desmaquillar els ulls, va aconsellar fer \u00fas de productes espec\u00edfics per retirar el maquillatge <em>waterproof<\/em>; i va compartir alguns productes que poden ser d&#8217;utilitat com les <strong>esponges naturals de konjac o de cel\u00b7lulosa, les tovalloles desmaquilladores o els raspalls facials.<\/strong><\/p>\n\n\n\n<h2 class=\"wp-block-heading\"><strong>B\u00e0sics de maquillatge<\/strong><\/h2>\n\n\n\n<p>Pel que fa al <strong>maquillatge<\/strong>, la responsable de Formaci\u00f3 i Trade Marketing, va mostrar una <strong>guia de sis passos<\/strong> per a l\u2019aplicaci\u00f3 del maquillatge correctament. <\/p>\n\n\n\n<figure class=\"wp-block-image size-large\"><a href=\"https:\/\/www.cofb.org\/wp-content\/uploads\/2024\/12\/COFB_COSMETICA_27122024_4-scaled.jpg\" target=\"_blank\" rel=\"noreferrer noopener\"><img decoding=\"async\" width=\"1024\" height=\"576\" src=\"https:\/\/www.cofb.org\/wp-content\/uploads\/2024\/12\/COFB_COSMETICA_27122024_4-1024x576.jpg\" alt=\"Laura Jim\u00e9nez en un moment de la seva exposici\u00f3. \" class=\"wp-image-80221\" srcset=\"https:\/\/www.cofb.org\/wp-content\/uploads\/2024\/12\/COFB_COSMETICA_27122024_4-1024x576.jpg 1024w, https:\/\/www.cofb.org\/wp-content\/uploads\/2024\/12\/COFB_COSMETICA_27122024_4-300x169.jpg 300w, https:\/\/www.cofb.org\/wp-content\/uploads\/2024\/12\/COFB_COSMETICA_27122024_4-768x432.jpg 768w, https:\/\/www.cofb.org\/wp-content\/uploads\/2024\/12\/COFB_COSMETICA_27122024_4-1536x864.jpg 1536w, https:\/\/www.cofb.org\/wp-content\/uploads\/2024\/12\/COFB_COSMETICA_27122024_4-2048x1152.jpg 2048w, https:\/\/www.cofb.org\/wp-content\/uploads\/2024\/12\/COFB_COSMETICA_27122024_4-18x10.jpg 18w\" sizes=\"(max-width: 1024px) 100vw, 1024px\" \/><\/a><figcaption class=\"wp-element-caption\">Laura Jim\u00e9nez en un moment de la seva exposici\u00f3. <\/figcaption><\/figure>\n\n\n\n<p>En primer lloc, va assegurar que <strong>\u201cla pell ha d\u2019estar lliure d\u2019impureses i hidratada perqu\u00e8 el maquillatge sigui \u00f2ptim i es mantingui impecable durant m\u00e9s temps\u201d<\/strong>. En aquest sentit, va indicar que hi ha <strong>bases de maquillatge <\/strong>que poden ajudar a unificar el to. En segon lloc, va recalcar la import\u00e0ncia dels <strong>correctors<\/strong>, \u201cindicats per dissimular ulleres, grans, marques, taques o vermellors\u201d, i que cal seleccionar correctament el to per evitar \u201cl\u2019efecte os panda amb tons m\u00e9s clars que la pell\u201d. En tercer lloc, cal \u201cdonar color\u201d, aix\u00ed doncs, va recomanar <strong>l\u2019\u00fas de polvos de fixaci\u00f3, bronzejadors, coloret o il\u00b7luminadors<\/strong>.<\/p>\n\n\n\n<p>En quart lloc, Jim\u00e9nez va oferir alguns consells per <strong>potenciar la mirada<\/strong> fent \u00fas d&#8217;<strong>ombra d\u2019ulls, llapis d&#8217;ulls<em> <\/em>difuminant el pigment o llapis d&#8217;ulls amb l\u00edquid de precisi\u00f3<\/strong>. En cinqu\u00e8 lloc, va recomanar un <strong>accessori per al\u00e7ar les pestanyes i corbar-les<\/strong>, aix\u00ed com algunes recomanacions d\u2019utilitzaci\u00f3. En darrer lloc, va indicar alguns productes per als <strong>llavis <\/strong>com s\u00f3n els labials en barra o l\u00edquids i alguns trucs per aconseguir m\u00e9s durabilitat.<\/p>\n\n\n\n<div class=\"wp-block-columns is-layout-flex wp-container-core-columns-is-layout-28f84493 wp-block-columns-is-layout-flex\">\n<div class=\"wp-block-column is-layout-flow wp-block-column-is-layout-flow\" style=\"flex-basis:66.66%\"><\/div>\n\n\n\n<div class=\"wp-block-column is-layout-flow wp-block-column-is-layout-flow\" style=\"flex-basis:33.33%\"><\/div>\n\n\n\n<div class=\"wp-block-column is-layout-flow wp-block-column-is-layout-flow\" style=\"flex-basis:33.33%\"><\/div>\n\n\n\n<div class=\"wp-block-column is-layout-flow wp-block-column-is-layout-flow\" style=\"flex-basis:33.33%\">\n<p><strong>Amb la col\u00b7laboraci\u00f3 de:<\/strong><\/p>\n\n\n\n<figure class=\"wp-block-image size-large is-resized\"><a href=\"https:\/\/carbovital.com\/\" target=\"_blank\" rel=\"noreferrer noopener\"><img loading=\"lazy\" decoding=\"async\" width=\"1024\" height=\"135\" src=\"https:\/\/www.cofb.org\/wp-content\/uploads\/2024\/12\/CARBO_VITAL_2025_transparent-1024x135.png\" alt=\"\" class=\"wp-image-80239\" style=\"width:212px;height:auto\" srcset=\"https:\/\/www.cofb.org\/wp-content\/uploads\/2024\/12\/CARBO_VITAL_2025_transparent-1024x135.png 1024w, https:\/\/www.cofb.org\/wp-content\/uploads\/2024\/12\/CARBO_VITAL_2025_transparent-300x40.png 300w, https:\/\/www.cofb.org\/wp-content\/uploads\/2024\/12\/CARBO_VITAL_2025_transparent-768x102.png 768w, https:\/\/www.cofb.org\/wp-content\/uploads\/2024\/12\/CARBO_VITAL_2025_transparent-1536x203.png 1536w, https:\/\/www.cofb.org\/wp-content\/uploads\/2024\/12\/CARBO_VITAL_2025_transparent-2048x271.png 2048w, https:\/\/www.cofb.org\/wp-content\/uploads\/2024\/12\/CARBO_VITAL_2025_transparent-18x2.png 18w\" sizes=\"(max-width: 1024px) 100vw, 1024px\" \/><\/a><\/figure>\n<\/div>\n<\/div>\n\n\n\n<div class=\"wp-block-columns is-layout-flex wp-container-core-columns-is-layout-28f84493 wp-block-columns-is-layout-flex\">\n<div class=\"wp-block-column is-layout-flow wp-block-column-is-layout-flow\" style=\"flex-basis:66.66%\"><\/div>\n\n\n\n<div class=\"wp-block-column is-layout-flow wp-block-column-is-layout-flow\" style=\"flex-basis:33.33%\"><\/div>\n\n\n\n<div class=\"wp-block-column is-layout-flow wp-block-column-is-layout-flow\" style=\"flex-basis:33.33%\"><\/div>\n\n\n\n<div class=\"wp-block-column is-layout-flow wp-block-column-is-layout-flow\" style=\"flex-basis:33.33%\">\n<p><strong>Amb el patrocini de:<\/strong><\/p>\n\n\n\n<figure class=\"wp-block-image size-large\"><a href=\"https:\/\/beter.es\/es\/\" target=\"_blank\" rel=\"noreferrer noopener\"><img loading=\"lazy\" decoding=\"async\" width=\"1024\" height=\"238\" src=\"https:\/\/www.cofb.org\/wp-content\/uploads\/2024\/12\/BETER_PHARMACY_transparent-1024x238.png\" alt=\"\" class=\"wp-image-80238\" srcset=\"https:\/\/www.cofb.org\/wp-content\/uploads\/2024\/12\/BETER_PHARMACY_transparent-1024x238.png 1024w, https:\/\/www.cofb.org\/wp-content\/uploads\/2024\/12\/BETER_PHARMACY_transparent-300x70.png 300w, https:\/\/www.cofb.org\/wp-content\/uploads\/2024\/12\/BETER_PHARMACY_transparent-768x179.png 768w, https:\/\/www.cofb.org\/wp-content\/uploads\/2024\/12\/BETER_PHARMACY_transparent-1536x357.png 1536w, https:\/\/www.cofb.org\/wp-content\/uploads\/2024\/12\/BETER_PHARMACY_transparent-2048x476.png 2048w, https:\/\/www.cofb.org\/wp-content\/uploads\/2024\/12\/BETER_PHARMACY_transparent-18x4.png 18w\" sizes=\"(max-width: 1024px) 100vw, 1024px\" \/><\/a><\/figure>\n<\/div>\n<\/div>\n","protected":false},"excerpt":{"rendered":"<p>El passat 4 de desembre, el Col\u00b7legi de Farmac\u00e8utics de Barcelona (COFB) va organitzar la formaci\u00f3 &#8220;Cosm\u00e8tica, maquillatge i complements: claus per a la farm\u00e0cia&#8221;, amb la col\u00b7laboraci\u00f3 de Carb\u00f3 Vital i el patrocini de Beter. La formaci\u00f3, que va ser coordinada per Marta Alcalde, vocal de Dermofarm\u00e0cia i Productes [&hellip;]<\/p>\n","protected":false},"author":3,"featured_media":80219,"comment_status":"closed","ping_status":"closed","sticky":false,"template":"","format":"standard","meta":{"_uag_custom_page_level_css":"","site-sidebar-layout":"default","site-content-layout":"","ast-site-content-layout":"default","site-content-style":"default","site-sidebar-style":"default","ast-global-header-display":"","ast-banner-title-visibility":"","ast-main-header-display":"","ast-hfb-above-header-display":"","ast-hfb-below-header-display":"","ast-hfb-mobile-header-display":"","site-post-title":"","ast-breadcrumbs-content":"","ast-featured-img":"disabled","footer-sml-layout":"","theme-transparent-header-meta":"","adv-header-id-meta":"","stick-header-meta":"","header-above-stick-meta":"","header-main-stick-meta":"","header-below-stick-meta":"","astra-migrate-meta-layouts":"set","ast-page-background-enabled":"default","ast-page-background-meta":{"desktop":{"background-color":"var(--ast-global-color-4)","background-image":"","background-repeat":"repeat","background-position":"center center","background-size":"auto","background-attachment":"scroll","background-type":"","background-media":"","overlay-type":"","overlay-color":"","overlay-opacity":"","overlay-gradient":""},"tablet":{"background-color":"","background-image":"","background-repeat":"repeat","background-position":"center center","background-size":"auto","background-attachment":"scroll","background-type":"","background-media":"","overlay-type":"","overlay-color":"","overlay-opacity":"","overlay-gradient":""},"mobile":{"background-color":"","background-image":"","background-repeat":"repeat","background-position":"center center","background-size":"auto","background-attachment":"scroll","background-type":"","background-media":"","overlay-type":"","overlay-color":"","overlay-opacity":"","overlay-gradient":""}},"ast-content-background-meta":{"desktop":{"background-color":"var(--ast-global-color-5)","background-image":"","background-repeat":"repeat","background-position":"center center","background-size":"auto","background-attachment":"scroll","background-type":"","background-media":"","overlay-type":"","overlay-color":"","overlay-opacity":"","overlay-gradient":""},"tablet":{"background-color":"var(--ast-global-color-5)","background-image":"","background-repeat":"repeat","background-position":"center center","background-size":"auto","background-attachment":"scroll","background-type":"","background-media":"","overlay-type":"","overlay-color":"","overlay-opacity":"","overlay-gradient":""},"mobile":{"background-color":"var(--ast-global-color-5)","background-image":"","background-repeat":"repeat","background-position":"center center","background-size":"auto","background-attachment":"scroll","background-type":"","background-media":"","overlay-type":"","overlay-color":"","overlay-opacity":"","overlay-gradient":""}},"footnotes":""},"categories":[23,57],"tags":[64,18,19,796,4716,153,53,68,69,70,2332,445,5202,76,710,370],"class_list":["post-80214","post","type-post","status-publish","format-standard","has-post-thumbnail","hentry","category-destacats","category-mon-collegial","tag-atencio-farmaceutica","tag-cofb","tag-collegi-de-farmaceutics-de-barcelona","tag-complements","tag-consell","tag-cosmetica","tag-farmaceutics","tag-farmacia","tag-farmacia-comunitaria","tag-formacio","tag-maquillatge","tag-marta-alcalde","tag-neteja-facial","tag-oficina-de-farmacia","tag-pell","tag-vocal-de-dermofarmacia-i-productes-sanitaris"],"yoast_head":"<!-- This site is optimized with the Yoast SEO plugin v22.4 - https:\/\/yoast.com\/wordpress\/plugins\/seo\/ -->\n<title>Cosm\u00e8tica, maquillatge i complements. Aspectes a tenir presents des de la farm\u00e0cia - Col\u00b7legi de Farmac\u00e8utics de Barcelona<\/title>\n<meta name=\"description\" content=\"El passat 4 de desembre, el COFB va organitzar la formaci\u00f3 &quot;Cosm\u00e8tica, maquillatge i complements: claus per a la farm\u00e0cia&quot;.\" \/>\n<meta name=\"robots\" content=\"index, follow, max-snippet:-1, max-image-preview:large, max-video-preview:-1\" \/>\n<link rel=\"canonical\" href=\"https:\/\/www.cofb.org\/ca\/2024\/12\/20\/cosmetica-maquillatge-i-complements-aspectes-a-tenir-presents-des-de-la-farmacia\/\" \/>\n<meta property=\"og:locale\" content=\"ca_ES\" \/>\n<meta property=\"og:type\" content=\"article\" \/>\n<meta property=\"og:title\" content=\"Cosm\u00e8tica, maquillatge i complements. Aspectes a tenir presents des de la farm\u00e0cia - Col\u00b7legi de Farmac\u00e8utics de Barcelona\" \/>\n<meta property=\"og:description\" content=\"El passat 4 de desembre, el COFB va organitzar la formaci\u00f3 &quot;Cosm\u00e8tica, maquillatge i complements: claus per a la farm\u00e0cia&quot;.\" \/>\n<meta property=\"og:url\" content=\"https:\/\/www.cofb.org\/ca\/2024\/12\/20\/cosmetica-maquillatge-i-complements-aspectes-a-tenir-presents-des-de-la-farmacia\/\" \/>\n<meta property=\"og:site_name\" content=\"Col\u00b7legi de Farmac\u00e8utics de Barcelona\" \/>\n<meta property=\"article:publisher\" content=\"https:\/\/www.facebook.com\/farmaceuticsbcn\/\" \/>\n<meta property=\"article:published_time\" content=\"2024-12-20T11:44:00+00:00\" \/>\n<meta property=\"article:modified_time\" content=\"2025-01-10T11:45:20+00:00\" \/>\n<meta property=\"og:image\" content=\"https:\/\/www.cofb.org\/wp-content\/uploads\/2024\/12\/COFB_COSMETICA_27122024_1-scaled.jpg\" \/>\n\t<meta property=\"og:image:width\" content=\"2560\" \/>\n\t<meta property=\"og:image:height\" content=\"1440\" \/>\n\t<meta property=\"og:image:type\" content=\"image\/jpeg\" \/>\n<meta name=\"author\" content=\"Berta Mart\u00ednez\" \/>\n<meta name=\"twitter:card\" content=\"summary_large_image\" \/>\n<meta name=\"twitter:creator\" content=\"@farmaceuticsbcn\" \/>\n<meta name=\"twitter:site\" content=\"@farmaceuticsbcn\" \/>\n<meta name=\"twitter:label1\" content=\"Escrit per\" \/>\n\t<meta name=\"twitter:data1\" content=\"Berta Mart\u00ednez\" \/>\n\t<meta name=\"twitter:label2\" content=\"Temps estimat de lectura\" \/>\n\t<meta name=\"twitter:data2\" content=\"5 minuts\" \/>\n<script type=\"application\/ld+json\" class=\"yoast-schema-graph\">{\"@context\":\"https:\/\/schema.org\",\"@graph\":[{\"@type\":\"Article\",\"@id\":\"https:\/\/www.cofb.org\/2024\/12\/20\/cosmetica-maquillatge-i-complements-aspectes-a-tenir-presents-des-de-la-farmacia\/#article\",\"isPartOf\":{\"@id\":\"https:\/\/www.cofb.org\/2024\/12\/20\/cosmetica-maquillatge-i-complements-aspectes-a-tenir-presents-des-de-la-farmacia\/\"},\"author\":{\"name\":\"Berta Mart\u00ednez\",\"@id\":\"https:\/\/www.cofb.org\/#\/schema\/person\/f32de3b41b812c85ff923cb4cc849063\"},\"headline\":\"Cosm\u00e8tica, maquillatge i complements. Aspectes a tenir presents des de la farm\u00e0cia\",\"datePublished\":\"2024-12-20T11:44:00+00:00\",\"dateModified\":\"2025-01-10T11:45:20+00:00\",\"mainEntityOfPage\":{\"@id\":\"https:\/\/www.cofb.org\/2024\/12\/20\/cosmetica-maquillatge-i-complements-aspectes-a-tenir-presents-des-de-la-farmacia\/\"},\"wordCount\":672,\"publisher\":{\"@id\":\"https:\/\/www.cofb.org\/#organization\"},\"image\":{\"@id\":\"https:\/\/www.cofb.org\/2024\/12\/20\/cosmetica-maquillatge-i-complements-aspectes-a-tenir-presents-des-de-la-farmacia\/#primaryimage\"},\"thumbnailUrl\":\"https:\/\/www.cofb.org\/wp-content\/uploads\/2024\/12\/COFB_COSMETICA_27122024_1-scaled.jpg\",\"keywords\":[\"Atenci\u00f3 farmac\u00e8utica\",\"COFB\",\"Col\u00b7legi de Farmac\u00e8utics de Barcelona\",\"complements\",\"consell\",\"cosm\u00e8tica\",\"farmac\u00e8utics\",\"Farm\u00e0cia\",\"farm\u00e0cia comunit\u00e0ria\",\"Formaci\u00f3\",\"maquillatge\",\"Marta Alcalde\",\"neteja facial\",\"Oficina de farm\u00e0cia\",\"pell\",\"Vocal de Dermofarm\u00e0cia i Productes Sanitaris\"],\"articleSection\":[\"Destacats\",\"M\u00f3n col\u00b7legial\"],\"inLanguage\":\"ca\"},{\"@type\":\"WebPage\",\"@id\":\"https:\/\/www.cofb.org\/2024\/12\/20\/cosmetica-maquillatge-i-complements-aspectes-a-tenir-presents-des-de-la-farmacia\/\",\"url\":\"https:\/\/www.cofb.org\/2024\/12\/20\/cosmetica-maquillatge-i-complements-aspectes-a-tenir-presents-des-de-la-farmacia\/\",\"name\":\"Cosm\u00e8tica, maquillatge i complements. Aspectes a tenir presents des de la farm\u00e0cia - Col\u00b7legi de Farmac\u00e8utics de Barcelona\",\"isPartOf\":{\"@id\":\"https:\/\/www.cofb.org\/#website\"},\"primaryImageOfPage\":{\"@id\":\"https:\/\/www.cofb.org\/2024\/12\/20\/cosmetica-maquillatge-i-complements-aspectes-a-tenir-presents-des-de-la-farmacia\/#primaryimage\"},\"image\":{\"@id\":\"https:\/\/www.cofb.org\/2024\/12\/20\/cosmetica-maquillatge-i-complements-aspectes-a-tenir-presents-des-de-la-farmacia\/#primaryimage\"},\"thumbnailUrl\":\"https:\/\/www.cofb.org\/wp-content\/uploads\/2024\/12\/COFB_COSMETICA_27122024_1-scaled.jpg\",\"datePublished\":\"2024-12-20T11:44:00+00:00\",\"dateModified\":\"2025-01-10T11:45:20+00:00\",\"description\":\"El passat 4 de desembre, el COFB va organitzar la formaci\u00f3 \\\"Cosm\u00e8tica, maquillatge i complements: claus per a la farm\u00e0cia\\\".\",\"breadcrumb\":{\"@id\":\"https:\/\/www.cofb.org\/2024\/12\/20\/cosmetica-maquillatge-i-complements-aspectes-a-tenir-presents-des-de-la-farmacia\/#breadcrumb\"},\"inLanguage\":\"ca\",\"potentialAction\":[{\"@type\":\"ReadAction\",\"target\":[\"https:\/\/www.cofb.org\/2024\/12\/20\/cosmetica-maquillatge-i-complements-aspectes-a-tenir-presents-des-de-la-farmacia\/\"]}]},{\"@type\":\"ImageObject\",\"inLanguage\":\"ca\",\"@id\":\"https:\/\/www.cofb.org\/2024\/12\/20\/cosmetica-maquillatge-i-complements-aspectes-a-tenir-presents-des-de-la-farmacia\/#primaryimage\",\"url\":\"https:\/\/www.cofb.org\/wp-content\/uploads\/2024\/12\/COFB_COSMETICA_27122024_1-scaled.jpg\",\"contentUrl\":\"https:\/\/www.cofb.org\/wp-content\/uploads\/2024\/12\/COFB_COSMETICA_27122024_1-scaled.jpg\",\"width\":2560,\"height\":1440,\"caption\":\"D'esquerra a dreta: Pau Puig, Jordi Hurtado, Marta Alcalde i Laura Jim\u00e9nez.\"},{\"@type\":\"BreadcrumbList\",\"@id\":\"https:\/\/www.cofb.org\/2024\/12\/20\/cosmetica-maquillatge-i-complements-aspectes-a-tenir-presents-des-de-la-farmacia\/#breadcrumb\",\"itemListElement\":[{\"@type\":\"ListItem\",\"position\":1,\"name\":\"Inici\",\"item\":\"https:\/\/novaorg.cofb.net\/\"},{\"@type\":\"ListItem\",\"position\":2,\"name\":\"Cosm\u00e8tica, maquillatge i complements. Aspectes a tenir presents des de la farm\u00e0cia\"}]},{\"@type\":\"WebSite\",\"@id\":\"https:\/\/www.cofb.org\/#website\",\"url\":\"https:\/\/www.cofb.org\/\",\"name\":\"Col\u00b7legi de Farmac\u00e8utics de Barcelona\",\"description\":\"\",\"publisher\":{\"@id\":\"https:\/\/www.cofb.org\/#organization\"},\"potentialAction\":[{\"@type\":\"SearchAction\",\"target\":{\"@type\":\"EntryPoint\",\"urlTemplate\":\"https:\/\/www.cofb.org\/?s={search_term_string}\"},\"query-input\":\"required name=search_term_string\"}],\"inLanguage\":\"ca\"},{\"@type\":\"Organization\",\"@id\":\"https:\/\/www.cofb.org\/#organization\",\"name\":\"Col\u00b7legi de Farmac\u00e8utics de Barcelona\",\"url\":\"https:\/\/www.cofb.org\/\",\"logo\":{\"@type\":\"ImageObject\",\"inLanguage\":\"ca\",\"@id\":\"https:\/\/www.cofb.org\/#\/schema\/logo\/image\/\",\"url\":\"https:\/\/www.cofb.org\/wp-content\/uploads\/2023\/11\/cropped-Logotip-COFB.png\",\"contentUrl\":\"https:\/\/www.cofb.org\/wp-content\/uploads\/2023\/11\/cropped-Logotip-COFB.png\",\"width\":500,\"height\":105,\"caption\":\"Col\u00b7legi de Farmac\u00e8utics de Barcelona\"},\"image\":{\"@id\":\"https:\/\/www.cofb.org\/#\/schema\/logo\/image\/\"},\"sameAs\":[\"https:\/\/www.facebook.com\/farmaceuticsbcn\/\",\"https:\/\/twitter.com\/farmaceuticsbcn\",\"https:\/\/www.instagram.com\/farmaceuticsbcn\/\",\"https:\/\/www.linkedin.com\/company\/farmaceuticsbcn\/\"]},{\"@type\":\"Person\",\"@id\":\"https:\/\/www.cofb.org\/#\/schema\/person\/f32de3b41b812c85ff923cb4cc849063\",\"name\":\"Berta Mart\u00ednez\",\"image\":{\"@type\":\"ImageObject\",\"inLanguage\":\"ca\",\"@id\":\"https:\/\/www.cofb.org\/#\/schema\/person\/image\/\",\"url\":\"https:\/\/secure.gravatar.com\/avatar\/d4c584dab5da1ee9e3c3df161c0aabec7075cc8211cd46ffc79bfe177aa78b01?s=96&d=mm&r=g\",\"contentUrl\":\"https:\/\/secure.gravatar.com\/avatar\/d4c584dab5da1ee9e3c3df161c0aabec7075cc8211cd46ffc79bfe177aa78b01?s=96&d=mm&r=g\",\"caption\":\"Berta Mart\u00ednez\"},\"url\":\"https:\/\/www.cofb.org\/ca\/author\/bmartinez\/\"}]}<\/script>\n<!-- \/ Yoast SEO plugin. -->","yoast_head_json":{"title":"Cosm\u00e8tica, maquillatge i complements. Aspectes a tenir presents des de la farm\u00e0cia - Col\u00b7legi de Farmac\u00e8utics de Barcelona","description":"El passat 4 de desembre, el COFB va organitzar la formaci\u00f3 \"Cosm\u00e8tica, maquillatge i complements: claus per a la farm\u00e0cia\".","robots":{"index":"index","follow":"follow","max-snippet":"max-snippet:-1","max-image-preview":"max-image-preview:large","max-video-preview":"max-video-preview:-1"},"canonical":"https:\/\/www.cofb.org\/ca\/2024\/12\/20\/cosmetica-maquillatge-i-complements-aspectes-a-tenir-presents-des-de-la-farmacia\/","og_locale":"ca_ES","og_type":"article","og_title":"Cosm\u00e8tica, maquillatge i complements. Aspectes a tenir presents des de la farm\u00e0cia - Col\u00b7legi de Farmac\u00e8utics de Barcelona","og_description":"El passat 4 de desembre, el COFB va organitzar la formaci\u00f3 \"Cosm\u00e8tica, maquillatge i complements: claus per a la farm\u00e0cia\".","og_url":"https:\/\/www.cofb.org\/ca\/2024\/12\/20\/cosmetica-maquillatge-i-complements-aspectes-a-tenir-presents-des-de-la-farmacia\/","og_site_name":"Col\u00b7legi de Farmac\u00e8utics de Barcelona","article_publisher":"https:\/\/www.facebook.com\/farmaceuticsbcn\/","article_published_time":"2024-12-20T11:44:00+00:00","article_modified_time":"2025-01-10T11:45:20+00:00","og_image":[{"width":2560,"height":1440,"url":"https:\/\/www.cofb.org\/wp-content\/uploads\/2024\/12\/COFB_COSMETICA_27122024_1-scaled.jpg","type":"image\/jpeg"}],"author":"Berta Mart\u00ednez","twitter_card":"summary_large_image","twitter_creator":"@farmaceuticsbcn","twitter_site":"@farmaceuticsbcn","twitter_misc":{"Escrit per":"Berta Mart\u00ednez","Temps estimat de lectura":"5 minuts"},"schema":{"@context":"https:\/\/schema.org","@graph":[{"@type":"Article","@id":"https:\/\/www.cofb.org\/2024\/12\/20\/cosmetica-maquillatge-i-complements-aspectes-a-tenir-presents-des-de-la-farmacia\/#article","isPartOf":{"@id":"https:\/\/www.cofb.org\/2024\/12\/20\/cosmetica-maquillatge-i-complements-aspectes-a-tenir-presents-des-de-la-farmacia\/"},"author":{"name":"Berta Mart\u00ednez","@id":"https:\/\/www.cofb.org\/#\/schema\/person\/f32de3b41b812c85ff923cb4cc849063"},"headline":"Cosm\u00e8tica, maquillatge i complements. Aspectes a tenir presents des de la farm\u00e0cia","datePublished":"2024-12-20T11:44:00+00:00","dateModified":"2025-01-10T11:45:20+00:00","mainEntityOfPage":{"@id":"https:\/\/www.cofb.org\/2024\/12\/20\/cosmetica-maquillatge-i-complements-aspectes-a-tenir-presents-des-de-la-farmacia\/"},"wordCount":672,"publisher":{"@id":"https:\/\/www.cofb.org\/#organization"},"image":{"@id":"https:\/\/www.cofb.org\/2024\/12\/20\/cosmetica-maquillatge-i-complements-aspectes-a-tenir-presents-des-de-la-farmacia\/#primaryimage"},"thumbnailUrl":"https:\/\/www.cofb.org\/wp-content\/uploads\/2024\/12\/COFB_COSMETICA_27122024_1-scaled.jpg","keywords":["Atenci\u00f3 farmac\u00e8utica","COFB","Col\u00b7legi de Farmac\u00e8utics de Barcelona","complements","consell","cosm\u00e8tica","farmac\u00e8utics","Farm\u00e0cia","farm\u00e0cia comunit\u00e0ria","Formaci\u00f3","maquillatge","Marta Alcalde","neteja facial","Oficina de farm\u00e0cia","pell","Vocal de Dermofarm\u00e0cia i Productes Sanitaris"],"articleSection":["Destacats","M\u00f3n col\u00b7legial"],"inLanguage":"ca"},{"@type":"WebPage","@id":"https:\/\/www.cofb.org\/2024\/12\/20\/cosmetica-maquillatge-i-complements-aspectes-a-tenir-presents-des-de-la-farmacia\/","url":"https:\/\/www.cofb.org\/2024\/12\/20\/cosmetica-maquillatge-i-complements-aspectes-a-tenir-presents-des-de-la-farmacia\/","name":"Cosm\u00e8tica, maquillatge i complements. Aspectes a tenir presents des de la farm\u00e0cia - Col\u00b7legi de Farmac\u00e8utics de Barcelona","isPartOf":{"@id":"https:\/\/www.cofb.org\/#website"},"primaryImageOfPage":{"@id":"https:\/\/www.cofb.org\/2024\/12\/20\/cosmetica-maquillatge-i-complements-aspectes-a-tenir-presents-des-de-la-farmacia\/#primaryimage"},"image":{"@id":"https:\/\/www.cofb.org\/2024\/12\/20\/cosmetica-maquillatge-i-complements-aspectes-a-tenir-presents-des-de-la-farmacia\/#primaryimage"},"thumbnailUrl":"https:\/\/www.cofb.org\/wp-content\/uploads\/2024\/12\/COFB_COSMETICA_27122024_1-scaled.jpg","datePublished":"2024-12-20T11:44:00+00:00","dateModified":"2025-01-10T11:45:20+00:00","description":"El passat 4 de desembre, el COFB va organitzar la formaci\u00f3 \"Cosm\u00e8tica, maquillatge i complements: claus per a la farm\u00e0cia\".","breadcrumb":{"@id":"https:\/\/www.cofb.org\/2024\/12\/20\/cosmetica-maquillatge-i-complements-aspectes-a-tenir-presents-des-de-la-farmacia\/#breadcrumb"},"inLanguage":"ca","potentialAction":[{"@type":"ReadAction","target":["https:\/\/www.cofb.org\/2024\/12\/20\/cosmetica-maquillatge-i-complements-aspectes-a-tenir-presents-des-de-la-farmacia\/"]}]},{"@type":"ImageObject","inLanguage":"ca","@id":"https:\/\/www.cofb.org\/2024\/12\/20\/cosmetica-maquillatge-i-complements-aspectes-a-tenir-presents-des-de-la-farmacia\/#primaryimage","url":"https:\/\/www.cofb.org\/wp-content\/uploads\/2024\/12\/COFB_COSMETICA_27122024_1-scaled.jpg","contentUrl":"https:\/\/www.cofb.org\/wp-content\/uploads\/2024\/12\/COFB_COSMETICA_27122024_1-scaled.jpg","width":2560,"height":1440,"caption":"D'esquerra a dreta: Pau Puig, Jordi Hurtado, Marta Alcalde i Laura Jim\u00e9nez."},{"@type":"BreadcrumbList","@id":"https:\/\/www.cofb.org\/2024\/12\/20\/cosmetica-maquillatge-i-complements-aspectes-a-tenir-presents-des-de-la-farmacia\/#breadcrumb","itemListElement":[{"@type":"ListItem","position":1,"name":"Inici","item":"https:\/\/novaorg.cofb.net\/"},{"@type":"ListItem","position":2,"name":"Cosm\u00e8tica, maquillatge i complements. Aspectes a tenir presents des de la farm\u00e0cia"}]},{"@type":"WebSite","@id":"https:\/\/www.cofb.org\/#website","url":"https:\/\/www.cofb.org\/","name":"Col\u00b7legi de Farmac\u00e8utics de Barcelona","description":"","publisher":{"@id":"https:\/\/www.cofb.org\/#organization"},"potentialAction":[{"@type":"SearchAction","target":{"@type":"EntryPoint","urlTemplate":"https:\/\/www.cofb.org\/?s={search_term_string}"},"query-input":"required name=search_term_string"}],"inLanguage":"ca"},{"@type":"Organization","@id":"https:\/\/www.cofb.org\/#organization","name":"Col\u00b7legi de Farmac\u00e8utics de Barcelona","url":"https:\/\/www.cofb.org\/","logo":{"@type":"ImageObject","inLanguage":"ca","@id":"https:\/\/www.cofb.org\/#\/schema\/logo\/image\/","url":"https:\/\/www.cofb.org\/wp-content\/uploads\/2023\/11\/cropped-Logotip-COFB.png","contentUrl":"https:\/\/www.cofb.org\/wp-content\/uploads\/2023\/11\/cropped-Logotip-COFB.png","width":500,"height":105,"caption":"Col\u00b7legi de Farmac\u00e8utics de Barcelona"},"image":{"@id":"https:\/\/www.cofb.org\/#\/schema\/logo\/image\/"},"sameAs":["https:\/\/www.facebook.com\/farmaceuticsbcn\/","https:\/\/twitter.com\/farmaceuticsbcn","https:\/\/www.instagram.com\/farmaceuticsbcn\/","https:\/\/www.linkedin.com\/company\/farmaceuticsbcn\/"]},{"@type":"Person","@id":"https:\/\/www.cofb.org\/#\/schema\/person\/f32de3b41b812c85ff923cb4cc849063","name":"Berta Mart\u00ednez","image":{"@type":"ImageObject","inLanguage":"ca","@id":"https:\/\/www.cofb.org\/#\/schema\/person\/image\/","url":"https:\/\/secure.gravatar.com\/avatar\/d4c584dab5da1ee9e3c3df161c0aabec7075cc8211cd46ffc79bfe177aa78b01?s=96&d=mm&r=g","contentUrl":"https:\/\/secure.gravatar.com\/avatar\/d4c584dab5da1ee9e3c3df161c0aabec7075cc8211cd46ffc79bfe177aa78b01?s=96&d=mm&r=g","caption":"Berta Mart\u00ednez"},"url":"https:\/\/www.cofb.org\/ca\/author\/bmartinez\/"}]}},"uagb_featured_image_src":{"full":["https:\/\/www.cofb.org\/wp-content\/uploads\/2024\/12\/COFB_COSMETICA_27122024_1-scaled.jpg",2560,1440,false],"thumbnail":["https:\/\/www.cofb.org\/wp-content\/uploads\/2024\/12\/COFB_COSMETICA_27122024_1-150x150.jpg",150,150,true],"medium":["https:\/\/www.cofb.org\/wp-content\/uploads\/2024\/12\/COFB_COSMETICA_27122024_1-300x169.jpg",300,169,true],"medium_large":["https:\/\/www.cofb.org\/wp-content\/uploads\/2024\/12\/COFB_COSMETICA_27122024_1-768x432.jpg",768,432,true],"large":["https:\/\/www.cofb.org\/wp-content\/uploads\/2024\/12\/COFB_COSMETICA_27122024_1-1024x576.jpg",1024,576,true],"1536x1536":["https:\/\/www.cofb.org\/wp-content\/uploads\/2024\/12\/COFB_COSMETICA_27122024_1-1536x864.jpg",1536,864,true],"2048x2048":["https:\/\/www.cofb.org\/wp-content\/uploads\/2024\/12\/COFB_COSMETICA_27122024_1-2048x1152.jpg",2048,1152,true],"trp-custom-language-flag":["https:\/\/www.cofb.org\/wp-content\/uploads\/2024\/12\/COFB_COSMETICA_27122024_1-18x10.jpg",18,10,true]},"uagb_author_info":{"display_name":"Berta Mart\u00ednez","author_link":"https:\/\/www.cofb.org\/ca\/author\/bmartinez\/"},"uagb_comment_info":0,"uagb_excerpt":"El passat 4 de desembre, el Col\u00b7legi de Farmac\u00e8utics de Barcelona (COFB) va organitzar la formaci\u00f3 &#8220;Cosm\u00e8tica, maquillatge i complements: claus per a la farm\u00e0cia&#8221;, amb la col\u00b7laboraci\u00f3 de Carb\u00f3 Vital i el patrocini de Beter. La formaci\u00f3, que va ser coordinada per Marta Alcalde, vocal de Dermofarm\u00e0cia i Productes [&hellip;]","_links":{"self":[{"href":"https:\/\/www.cofb.org\/ca\/wp-json\/wp\/v2\/posts\/80214","targetHints":{"allow":["GET"]}}],"collection":[{"href":"https:\/\/www.cofb.org\/ca\/wp-json\/wp\/v2\/posts"}],"about":[{"href":"https:\/\/www.cofb.org\/ca\/wp-json\/wp\/v2\/types\/post"}],"author":[{"embeddable":true,"href":"https:\/\/www.cofb.org\/ca\/wp-json\/wp\/v2\/users\/3"}],"replies":[{"embeddable":true,"href":"https:\/\/www.cofb.org\/ca\/wp-json\/wp\/v2\/comments?post=80214"}],"version-history":[{"count":32,"href":"https:\/\/www.cofb.org\/ca\/wp-json\/wp\/v2\/posts\/80214\/revisions"}],"predecessor-version":[{"id":80389,"href":"https:\/\/www.cofb.org\/ca\/wp-json\/wp\/v2\/posts\/80214\/revisions\/80389"}],"wp:featuredmedia":[{"embeddable":true,"href":"https:\/\/www.cofb.org\/ca\/wp-json\/wp\/v2\/media\/80219"}],"wp:attachment":[{"href":"https:\/\/www.cofb.org\/ca\/wp-json\/wp\/v2\/media?parent=80214"}],"wp:term":[{"taxonomy":"category","embeddable":true,"href":"https:\/\/www.cofb.org\/ca\/wp-json\/wp\/v2\/categories?post=80214"},{"taxonomy":"post_tag","embeddable":true,"href":"https:\/\/www.cofb.org\/ca\/wp-json\/wp\/v2\/tags?post=80214"}],"curies":[{"name":"wp","href":"https:\/\/api.w.org\/{rel}","templated":true}]}}