{"id":80158,"date":"2024-12-23T12:50:36","date_gmt":"2024-12-23T12:50:36","guid":{"rendered":"https:\/\/www.cofb.org\/?p=80158"},"modified":"2025-01-08T13:53:31","modified_gmt":"2025-01-08T13:53:31","slug":"que-hem-de-saber-sobre-les-ostomies-nova-formacio-del-cofb-a-manresa","status":"publish","type":"post","link":"https:\/\/www.cofb.org\/ca\/2024\/12\/23\/que-hem-de-saber-sobre-les-ostomies-nova-formacio-del-cofb-a-manresa\/","title":{"rendered":"Qu\u00e8 hem de saber sobre les ostomies? Nova formaci\u00f3 del COFB a Manresa"},"content":{"rendered":"\n<p>El passat 21 de novembre, el <strong>Col\u00b7legi de Farmac\u00e8utics de Barcelona (COFB)<\/strong> va organitzar la formaci\u00f3 <strong>\u201cOstomies\u201d<\/strong>, amb el patrocini de <a href=\"https:\/\/www.hollister.es\/es-es\" target=\"_blank\" rel=\"noreferrer noopener\">Hollister<\/a>. La infermera cl\u00ednica, experta en estomater\u00e0pia d\u2019Althaia, <strong>Cristina Vidal<\/strong>, i la infermera estomaterapeuta de Hollister, <strong>Patricia L\u00f3pez<\/strong>, van ser les encarregades d\u2019impartir aquesta formaci\u00f3 que va tenir lloc de forma presencial a Manresa. El vocal d\u2019Ortop\u00e8dia del COFB, <strong>Llu\u00eds Garc\u00eda<\/strong>, va coordinar la sessi\u00f3 que va tenir lloc a Manresa.<\/p>\n\n\n\n<p>Els <strong>objectius <\/strong>de la formaci\u00f3 van ser <strong>saber qu\u00e8 \u00e9s i com funciona una ostomia<\/strong>, con\u00e8ixer el <strong>material espec\u00edfic per tenir cura de l\u2019estoma<\/strong> i els beneficis de la <strong>irrigaci\u00f3 per colostomia<\/strong>.<\/p>\n\n\n\n<figure class=\"wp-block-image size-large\"><a href=\"https:\/\/www.cofb.org\/wp-content\/uploads\/2024\/12\/COFB_OSTOMIES_18122024-scaled.jpg\" target=\"_blank\" rel=\"noreferrer noopener\"><img fetchpriority=\"high\" decoding=\"async\" width=\"1024\" height=\"577\" src=\"https:\/\/www.cofb.org\/wp-content\/uploads\/2024\/12\/COFB_OSTOMIES_18122024-1024x577.jpg\" alt=\"La infermera cl\u00ednica, Cristina Vidal, impartint la formaci\u00f3 sobre ostomies. \" class=\"wp-image-80201\" srcset=\"https:\/\/www.cofb.org\/wp-content\/uploads\/2024\/12\/COFB_OSTOMIES_18122024-1024x577.jpg 1024w, https:\/\/www.cofb.org\/wp-content\/uploads\/2024\/12\/COFB_OSTOMIES_18122024-300x169.jpg 300w, https:\/\/www.cofb.org\/wp-content\/uploads\/2024\/12\/COFB_OSTOMIES_18122024-768x432.jpg 768w, https:\/\/www.cofb.org\/wp-content\/uploads\/2024\/12\/COFB_OSTOMIES_18122024-1536x865.jpg 1536w, https:\/\/www.cofb.org\/wp-content\/uploads\/2024\/12\/COFB_OSTOMIES_18122024-2048x1153.jpg 2048w, https:\/\/www.cofb.org\/wp-content\/uploads\/2024\/12\/COFB_OSTOMIES_18122024-18x10.jpg 18w\" sizes=\"(max-width: 1024px) 100vw, 1024px\" \/><\/a><figcaption class=\"wp-element-caption\">La infermera cl\u00ednica, Cristina Vidal, impartint la formaci\u00f3 sobre ostomies. <\/figcaption><\/figure>\n\n\n\n<p>La infermera cl\u00ednica, <strong>Cristina Vidal<\/strong>, va iniciar la formaci\u00f3 sobre ostomies fent una introducci\u00f3 sobre el que comporta la realitzaci\u00f3 d\u2019una ostomia: <strong>\u201c\u00e9s un canvi de la imatge corporal i una p\u00e8rdua del control voluntari de la disposici\u00f3 o l\u2019orina, per aix\u00f2, cal portar una bossa que s\u2019enganxa a l\u2019abdomen per recollir les femtes o l\u2019orina\u201d<\/strong>.<\/p>\n\n\n\n<p>Abans de profunditzar en aspectes t\u00e8cnics sobre les ostomies, Vidal va compartir algunes xifres destacades. <strong>\u201cA Espanya existeix un col\u00b7lectiu d\u2019aproximadament 70.000 persones amb ostomia\u201d<\/strong>, va avan\u00e7ar, i \u201ces calcula que hi ha 16.000 nous ostomitzats (un 66% s\u00f3n homes i un 34% s\u00f3n dones)\u201d. Alhora que va indicar que un 60% de les ostomies s\u00f3n temporals i un 40% d\u2019aquestes s\u00f3n definitives.<\/p>\n\n\n\n<h2 class=\"wp-block-heading\"><strong>Qu\u00e8 \u00e9s una ostomia?<\/strong><\/h2>\n\n\n\n<p>A continuaci\u00f3, l\u2019experta en estomater\u00e0pia va descriure <strong>qu\u00e8 \u00e9s una ostomia<\/strong>, <strong>\u201cuna obertura natural o creada quir\u00fargicament que uneix una cavitat corporal amb l\u2019exterior\u201d<\/strong>. L\u2019objectiu d\u2019aquestes, segons va indicar, \u00e9s \u201cpermetre la sortida del contingut visceral i introduir subst\u00e0ncies amb fins terap\u00e8utics i nutricionals\u201d. Pel que fa a la <strong>classificaci\u00f3<\/strong>, va diferenciar-les des del punt de vista <strong>fisiol\u00f2gic<\/strong> (eliminaci\u00f3, alimentaci\u00f3 i drenatge), <strong>anat\u00f2mic<\/strong> (digestives, urin\u00e0ries i respirat\u00f2ries) i del <strong>temps de perman\u00e8ncia<\/strong> (temporals o definitives).<\/p>\n\n\n\n<p>Cristina Vidal va aprofundir en les <strong>difer\u00e8ncies principals entre ileostomia i colostomia<\/strong>. Va explicar que una <strong>ileostomia<\/strong> consisteix en \u201cl\u2019externalitzaci\u00f3 d\u2019un segment de l\u2019ili a trav\u00e9s de la paret abdominal per eliminar contingut fecal\u201d, causant femtes m\u00e9s l\u00edquides, fluides i irritants per la pell. Aquest procediment es realitza habitualment per malalties intestinals inflamat\u00f2ries com la malaltia de Crohn o colitis ulcerosa, i pot ser temporal o permanent. D\u2019altra banda, una <strong>colostomia<\/strong> &#8220;\u00e9s l\u2019abocament d\u2019un segment de colon a trav\u00e9s de la paret fecal abdominal per eliminar el contingut fecal&#8221;. Aquesta t\u00e8cnica s\u2019utilitza en casos de c\u00e0ncer de c\u00f2lon, anus i recte, en obstruccions intestinals o traumatismes abdominals, entre d\u2019altres causes.<\/p>\n\n\n\n<figure class=\"wp-block-image size-large\"><a href=\"https:\/\/www.cofb.org\/wp-content\/uploads\/2024\/12\/COFB_OSTOMIES_18122024_2-scaled.jpg\" target=\"_blank\" rel=\"noreferrer noopener\"><img decoding=\"async\" width=\"1024\" height=\"577\" src=\"https:\/\/www.cofb.org\/wp-content\/uploads\/2024\/12\/COFB_OSTOMIES_18122024_2-1024x577.jpg\" alt=\"Vidal en un moment de la seva presentaci\u00f3.\" class=\"wp-image-80202\" srcset=\"https:\/\/www.cofb.org\/wp-content\/uploads\/2024\/12\/COFB_OSTOMIES_18122024_2-1024x577.jpg 1024w, https:\/\/www.cofb.org\/wp-content\/uploads\/2024\/12\/COFB_OSTOMIES_18122024_2-300x169.jpg 300w, https:\/\/www.cofb.org\/wp-content\/uploads\/2024\/12\/COFB_OSTOMIES_18122024_2-768x432.jpg 768w, https:\/\/www.cofb.org\/wp-content\/uploads\/2024\/12\/COFB_OSTOMIES_18122024_2-1536x865.jpg 1536w, https:\/\/www.cofb.org\/wp-content\/uploads\/2024\/12\/COFB_OSTOMIES_18122024_2-2048x1153.jpg 2048w, https:\/\/www.cofb.org\/wp-content\/uploads\/2024\/12\/COFB_OSTOMIES_18122024_2-18x10.jpg 18w\" sizes=\"(max-width: 1024px) 100vw, 1024px\" \/><\/a><figcaption class=\"wp-element-caption\">Vidal en un moment de la seva presentaci\u00f3.<\/figcaption><\/figure>\n\n\n\n<p>Aix\u00ed mateix, la infermera tamb\u00e9 va abordar <strong>l\u2019ostomia urol\u00f2gica<\/strong>, que \u00e9s un \u201cconjunt de t\u00e8cniques quir\u00fargiques mitjan\u00e7ant les quals es fa derivar la sortida d\u2019orina per un conducte diferent de la uretra\u201d. Entre les causes, entre altres, es pot donar per neopl\u00e0sies urol\u00f2giques i extraurol\u00f2giques, bufeta neur\u00f2gena o uropatia obstructiva.<\/p>\n\n\n\n<p>La formaci\u00f3 tamb\u00e9 va posar \u00e8mfasi en les <strong>recomanacions diet\u00e8tiques<\/strong> i de <strong>cures de les persones ostomitzades<\/strong>. Vidal va remarcar la import\u00e0ncia de mantenir una bona hidrataci\u00f3 i seguir una dieta equilibrada. Tamb\u00e9 es va destacar la higiene rigorosa de l\u2019estoma, utilitzant aigua t\u00e8bia i sab\u00f3 neutre i l\u2019\u00fas adequat dels dispositius i accessoris per prevenir complicacions, com ara dermatitis o fugues.<\/p>\n\n\n\n<h2 class=\"wp-block-heading\"><strong>Suport al pacient ostomitzat<\/strong><\/h2>\n\n\n\n<p>L&#8217;atenci\u00f3 al pacient ostomitzat no nom\u00e9s implica la gesti\u00f3 t\u00e8cnica de l\u2019ostomia, sin\u00f3 tamb\u00e9 el suport emocional i social. Vidal va remarcar la necessitat d&#8217;un equip multidisciplinari que ofereixi educaci\u00f3, ter\u00e0pia individual, grups de suport i recursos per ajudar els pacients a adaptar-se als canvis f\u00edsics i emocionals associats a una ostomia.<\/p>\n\n\n\n<figure class=\"wp-block-image size-large\"><a href=\"https:\/\/www.cofb.org\/wp-content\/uploads\/2024\/12\/COFB_OSTOMIES_18122024_3-scaled.jpg\" target=\"_blank\" rel=\"noreferrer noopener\"><img decoding=\"async\" width=\"1024\" height=\"577\" src=\"https:\/\/www.cofb.org\/wp-content\/uploads\/2024\/12\/COFB_OSTOMIES_18122024_3-1024x577.jpg\" alt=\"Patricia L\u00f3pez durant la seva intervenci\u00f3 sobre ostomies. \" class=\"wp-image-80204\" srcset=\"https:\/\/www.cofb.org\/wp-content\/uploads\/2024\/12\/COFB_OSTOMIES_18122024_3-1024x577.jpg 1024w, https:\/\/www.cofb.org\/wp-content\/uploads\/2024\/12\/COFB_OSTOMIES_18122024_3-300x169.jpg 300w, https:\/\/www.cofb.org\/wp-content\/uploads\/2024\/12\/COFB_OSTOMIES_18122024_3-768x432.jpg 768w, https:\/\/www.cofb.org\/wp-content\/uploads\/2024\/12\/COFB_OSTOMIES_18122024_3-1536x865.jpg 1536w, https:\/\/www.cofb.org\/wp-content\/uploads\/2024\/12\/COFB_OSTOMIES_18122024_3-2048x1153.jpg 2048w, https:\/\/www.cofb.org\/wp-content\/uploads\/2024\/12\/COFB_OSTOMIES_18122024_3-18x10.jpg 18w\" sizes=\"(max-width: 1024px) 100vw, 1024px\" \/><\/a><figcaption class=\"wp-element-caption\">Patricia L\u00f3pez durant la seva intervenci\u00f3 sobre ostomies. <\/figcaption><\/figure>\n\n\n\n<p>En darrer lloc, la infermera estomaterapeuta de Hollister, <strong>Patricia L\u00f3pez<\/strong>, va presentar diversos casos cl\u00ednics i va compartir i resoldre les preguntes m\u00e9s freq\u00fcents que es formulen a la farm\u00e0cia sobre les causes per les quals la bossa no enganxa, la irritaci\u00f3 de la pell, els problemes amb el dispositiu o la falta de productes.<\/p>\n\n\n\n<p class=\"has-text-align-right\"><strong>Amb el patrocini de:<\/strong><\/p>\n\n\n\n<figure class=\"wp-block-image alignright size-medium\"><a href=\"https:\/\/www.hollister.es\/es-es\" target=\"_blank\" rel=\"noreferrer noopener\"><img loading=\"lazy\" decoding=\"async\" width=\"300\" height=\"83\" src=\"https:\/\/www.cofb.org\/wp-content\/uploads\/2024\/12\/HOLLISTER_logo_transparent-300x83.png\" alt=\"\" class=\"wp-image-80206\" srcset=\"https:\/\/www.cofb.org\/wp-content\/uploads\/2024\/12\/HOLLISTER_logo_transparent-300x83.png 300w, https:\/\/www.cofb.org\/wp-content\/uploads\/2024\/12\/HOLLISTER_logo_transparent-1024x285.png 1024w, https:\/\/www.cofb.org\/wp-content\/uploads\/2024\/12\/HOLLISTER_logo_transparent-768x213.png 768w, https:\/\/www.cofb.org\/wp-content\/uploads\/2024\/12\/HOLLISTER_logo_transparent-1536x427.png 1536w, https:\/\/www.cofb.org\/wp-content\/uploads\/2024\/12\/HOLLISTER_logo_transparent-2048x569.png 2048w, https:\/\/www.cofb.org\/wp-content\/uploads\/2024\/12\/HOLLISTER_logo_transparent-18x5.png 18w\" sizes=\"(max-width: 300px) 100vw, 300px\" \/><\/a><\/figure>\n","protected":false},"excerpt":{"rendered":"<p>El passat 21 de novembre, el Col\u00b7legi de Farmac\u00e8utics de Barcelona (COFB) va organitzar la formaci\u00f3 \u201cOstomies\u201d, amb el patrocini de Hollister. La infermera cl\u00ednica, experta en estomater\u00e0pia d\u2019Althaia, Cristina Vidal, i la infermera estomaterapeuta de Hollister, Patricia L\u00f3pez, van ser les encarregades d\u2019impartir aquesta formaci\u00f3 que va tenir lloc [&hellip;]<\/p>\n","protected":false},"author":3,"featured_media":80201,"comment_status":"closed","ping_status":"closed","sticky":false,"template":"","format":"standard","meta":{"_uag_custom_page_level_css":"","site-sidebar-layout":"default","site-content-layout":"","ast-site-content-layout":"default","site-content-style":"default","site-sidebar-style":"default","ast-global-header-display":"","ast-banner-title-visibility":"","ast-main-header-display":"","ast-hfb-above-header-display":"","ast-hfb-below-header-display":"","ast-hfb-mobile-header-display":"","site-post-title":"","ast-breadcrumbs-content":"","ast-featured-img":"disabled","footer-sml-layout":"","theme-transparent-header-meta":"","adv-header-id-meta":"","stick-header-meta":"","header-above-stick-meta":"","header-main-stick-meta":"","header-below-stick-meta":"","astra-migrate-meta-layouts":"set","ast-page-background-enabled":"default","ast-page-background-meta":{"desktop":{"background-color":"var(--ast-global-color-4)","background-image":"","background-repeat":"repeat","background-position":"center center","background-size":"auto","background-attachment":"scroll","background-type":"","background-media":"","overlay-type":"","overlay-color":"","overlay-opacity":"","overlay-gradient":""},"tablet":{"background-color":"","background-image":"","background-repeat":"repeat","background-position":"center center","background-size":"auto","background-attachment":"scroll","background-type":"","background-media":"","overlay-type":"","overlay-color":"","overlay-opacity":"","overlay-gradient":""},"mobile":{"background-color":"","background-image":"","background-repeat":"repeat","background-position":"center center","background-size":"auto","background-attachment":"scroll","background-type":"","background-media":"","overlay-type":"","overlay-color":"","overlay-opacity":"","overlay-gradient":""}},"ast-content-background-meta":{"desktop":{"background-color":"var(--ast-global-color-5)","background-image":"","background-repeat":"repeat","background-position":"center center","background-size":"auto","background-attachment":"scroll","background-type":"","background-media":"","overlay-type":"","overlay-color":"","overlay-opacity":"","overlay-gradient":""},"tablet":{"background-color":"var(--ast-global-color-5)","background-image":"","background-repeat":"repeat","background-position":"center center","background-size":"auto","background-attachment":"scroll","background-type":"","background-media":"","overlay-type":"","overlay-color":"","overlay-opacity":"","overlay-gradient":""},"mobile":{"background-color":"var(--ast-global-color-5)","background-image":"","background-repeat":"repeat","background-position":"center center","background-size":"auto","background-attachment":"scroll","background-type":"","background-media":"","overlay-type":"","overlay-color":"","overlay-opacity":"","overlay-gradient":""}},"footnotes":""},"categories":[23,57],"tags":[18,19,958,960,53,69,4766,76,962,5200],"class_list":["post-80158","post","type-post","status-publish","format-standard","has-post-thumbnail","hentry","category-destacats","category-mon-collegial","tag-cofb","tag-collegi-de-farmaceutics-de-barcelona","tag-colostomia","tag-estoma","tag-farmaceutics","tag-farmacia-comunitaria","tag-ileostomia","tag-oficina-de-farmacia","tag-ostomies","tag-persones-ostomitzades"],"yoast_head":"<!-- This site is optimized with the Yoast SEO plugin v22.4 - https:\/\/yoast.com\/wordpress\/plugins\/seo\/ -->\n<title>Qu\u00e8 hem de saber sobre les ostomies? Nova formaci\u00f3 del COFB a Manresa - Col\u00b7legi de Farmac\u00e8utics de Barcelona<\/title>\n<meta name=\"description\" content=\"El passat 9 d\u2019octubre, el Col\u00b7legi de Farmac\u00e8utics de Barcelona (COFB) va organitzar la formaci\u00f3 \u201cOstomies\u201d.\" \/>\n<meta name=\"robots\" content=\"index, follow, max-snippet:-1, max-image-preview:large, max-video-preview:-1\" \/>\n<link rel=\"canonical\" href=\"https:\/\/www.cofb.org\/ca\/2024\/12\/23\/que-hem-de-saber-sobre-les-ostomies-nova-formacio-del-cofb-a-manresa\/\" \/>\n<meta property=\"og:locale\" content=\"ca_ES\" \/>\n<meta property=\"og:type\" content=\"article\" \/>\n<meta property=\"og:title\" content=\"Qu\u00e8 hem de saber sobre les ostomies? Nova formaci\u00f3 del COFB a Manresa - Col\u00b7legi de Farmac\u00e8utics de Barcelona\" \/>\n<meta property=\"og:description\" content=\"El passat 9 d\u2019octubre, el Col\u00b7legi de Farmac\u00e8utics de Barcelona (COFB) va organitzar la formaci\u00f3 \u201cOstomies\u201d.\" \/>\n<meta property=\"og:url\" content=\"https:\/\/www.cofb.org\/ca\/2024\/12\/23\/que-hem-de-saber-sobre-les-ostomies-nova-formacio-del-cofb-a-manresa\/\" \/>\n<meta property=\"og:site_name\" content=\"Col\u00b7legi de Farmac\u00e8utics de Barcelona\" \/>\n<meta property=\"article:publisher\" content=\"https:\/\/www.facebook.com\/farmaceuticsbcn\/\" \/>\n<meta property=\"article:published_time\" content=\"2024-12-23T12:50:36+00:00\" \/>\n<meta property=\"article:modified_time\" content=\"2025-01-08T13:53:31+00:00\" \/>\n<meta property=\"og:image\" content=\"https:\/\/www.cofb.org\/wp-content\/uploads\/2024\/12\/COFB_OSTOMIES_18122024-scaled.jpg\" \/>\n\t<meta property=\"og:image:width\" content=\"2560\" \/>\n\t<meta property=\"og:image:height\" content=\"1442\" \/>\n\t<meta property=\"og:image:type\" content=\"image\/jpeg\" \/>\n<meta name=\"author\" content=\"Berta Mart\u00ednez\" \/>\n<meta name=\"twitter:card\" content=\"summary_large_image\" \/>\n<meta name=\"twitter:creator\" content=\"@farmaceuticsbcn\" \/>\n<meta name=\"twitter:site\" content=\"@farmaceuticsbcn\" \/>\n<meta name=\"twitter:label1\" content=\"Escrit per\" \/>\n\t<meta name=\"twitter:data1\" content=\"Berta Mart\u00ednez\" \/>\n\t<meta name=\"twitter:label2\" content=\"Temps estimat de lectura\" \/>\n\t<meta name=\"twitter:data2\" content=\"5 minuts\" \/>\n<script type=\"application\/ld+json\" class=\"yoast-schema-graph\">{\"@context\":\"https:\/\/schema.org\",\"@graph\":[{\"@type\":\"Article\",\"@id\":\"https:\/\/www.cofb.org\/2024\/12\/23\/que-hem-de-saber-sobre-les-ostomies-nova-formacio-del-cofb-a-manresa\/#article\",\"isPartOf\":{\"@id\":\"https:\/\/www.cofb.org\/2024\/12\/23\/que-hem-de-saber-sobre-les-ostomies-nova-formacio-del-cofb-a-manresa\/\"},\"author\":{\"name\":\"Berta Mart\u00ednez\",\"@id\":\"https:\/\/www.cofb.org\/#\/schema\/person\/f32de3b41b812c85ff923cb4cc849063\"},\"headline\":\"Qu\u00e8 hem de saber sobre les ostomies? Nova formaci\u00f3 del COFB a Manresa\",\"datePublished\":\"2024-12-23T12:50:36+00:00\",\"dateModified\":\"2025-01-08T13:53:31+00:00\",\"mainEntityOfPage\":{\"@id\":\"https:\/\/www.cofb.org\/2024\/12\/23\/que-hem-de-saber-sobre-les-ostomies-nova-formacio-del-cofb-a-manresa\/\"},\"wordCount\":760,\"publisher\":{\"@id\":\"https:\/\/www.cofb.org\/#organization\"},\"image\":{\"@id\":\"https:\/\/www.cofb.org\/2024\/12\/23\/que-hem-de-saber-sobre-les-ostomies-nova-formacio-del-cofb-a-manresa\/#primaryimage\"},\"thumbnailUrl\":\"https:\/\/www.cofb.org\/wp-content\/uploads\/2024\/12\/COFB_OSTOMIES_18122024-scaled.jpg\",\"keywords\":[\"COFB\",\"Col\u00b7legi de Farmac\u00e8utics de Barcelona\",\"colostomia\",\"estoma\",\"farmac\u00e8utics\",\"farm\u00e0cia comunit\u00e0ria\",\"ileostomia\",\"Oficina de farm\u00e0cia\",\"ostomies\",\"persones ostomitzades\"],\"articleSection\":[\"Destacats\",\"M\u00f3n col\u00b7legial\"],\"inLanguage\":\"ca\"},{\"@type\":\"WebPage\",\"@id\":\"https:\/\/www.cofb.org\/2024\/12\/23\/que-hem-de-saber-sobre-les-ostomies-nova-formacio-del-cofb-a-manresa\/\",\"url\":\"https:\/\/www.cofb.org\/2024\/12\/23\/que-hem-de-saber-sobre-les-ostomies-nova-formacio-del-cofb-a-manresa\/\",\"name\":\"Qu\u00e8 hem de saber sobre les ostomies? Nova formaci\u00f3 del COFB a Manresa - Col\u00b7legi de Farmac\u00e8utics de Barcelona\",\"isPartOf\":{\"@id\":\"https:\/\/www.cofb.org\/#website\"},\"primaryImageOfPage\":{\"@id\":\"https:\/\/www.cofb.org\/2024\/12\/23\/que-hem-de-saber-sobre-les-ostomies-nova-formacio-del-cofb-a-manresa\/#primaryimage\"},\"image\":{\"@id\":\"https:\/\/www.cofb.org\/2024\/12\/23\/que-hem-de-saber-sobre-les-ostomies-nova-formacio-del-cofb-a-manresa\/#primaryimage\"},\"thumbnailUrl\":\"https:\/\/www.cofb.org\/wp-content\/uploads\/2024\/12\/COFB_OSTOMIES_18122024-scaled.jpg\",\"datePublished\":\"2024-12-23T12:50:36+00:00\",\"dateModified\":\"2025-01-08T13:53:31+00:00\",\"description\":\"El passat 9 d\u2019octubre, el Col\u00b7legi de Farmac\u00e8utics de Barcelona (COFB) va organitzar la formaci\u00f3 \u201cOstomies\u201d.\",\"breadcrumb\":{\"@id\":\"https:\/\/www.cofb.org\/2024\/12\/23\/que-hem-de-saber-sobre-les-ostomies-nova-formacio-del-cofb-a-manresa\/#breadcrumb\"},\"inLanguage\":\"ca\",\"potentialAction\":[{\"@type\":\"ReadAction\",\"target\":[\"https:\/\/www.cofb.org\/2024\/12\/23\/que-hem-de-saber-sobre-les-ostomies-nova-formacio-del-cofb-a-manresa\/\"]}]},{\"@type\":\"ImageObject\",\"inLanguage\":\"ca\",\"@id\":\"https:\/\/www.cofb.org\/2024\/12\/23\/que-hem-de-saber-sobre-les-ostomies-nova-formacio-del-cofb-a-manresa\/#primaryimage\",\"url\":\"https:\/\/www.cofb.org\/wp-content\/uploads\/2024\/12\/COFB_OSTOMIES_18122024-scaled.jpg\",\"contentUrl\":\"https:\/\/www.cofb.org\/wp-content\/uploads\/2024\/12\/COFB_OSTOMIES_18122024-scaled.jpg\",\"width\":2560,\"height\":1442,\"caption\":\"La infermera cl\u00ednica, Cristina Vidal, impartint la formaci\u00f3 sobre ostomies.\"},{\"@type\":\"BreadcrumbList\",\"@id\":\"https:\/\/www.cofb.org\/2024\/12\/23\/que-hem-de-saber-sobre-les-ostomies-nova-formacio-del-cofb-a-manresa\/#breadcrumb\",\"itemListElement\":[{\"@type\":\"ListItem\",\"position\":1,\"name\":\"Inici\",\"item\":\"https:\/\/novaorg.cofb.net\/\"},{\"@type\":\"ListItem\",\"position\":2,\"name\":\"Qu\u00e8 hem de saber sobre les ostomies? Nova formaci\u00f3 del COFB a Manresa\"}]},{\"@type\":\"WebSite\",\"@id\":\"https:\/\/www.cofb.org\/#website\",\"url\":\"https:\/\/www.cofb.org\/\",\"name\":\"Col\u00b7legi de Farmac\u00e8utics de Barcelona\",\"description\":\"\",\"publisher\":{\"@id\":\"https:\/\/www.cofb.org\/#organization\"},\"potentialAction\":[{\"@type\":\"SearchAction\",\"target\":{\"@type\":\"EntryPoint\",\"urlTemplate\":\"https:\/\/www.cofb.org\/?s={search_term_string}\"},\"query-input\":\"required name=search_term_string\"}],\"inLanguage\":\"ca\"},{\"@type\":\"Organization\",\"@id\":\"https:\/\/www.cofb.org\/#organization\",\"name\":\"Col\u00b7legi de Farmac\u00e8utics de Barcelona\",\"url\":\"https:\/\/www.cofb.org\/\",\"logo\":{\"@type\":\"ImageObject\",\"inLanguage\":\"ca\",\"@id\":\"https:\/\/www.cofb.org\/#\/schema\/logo\/image\/\",\"url\":\"https:\/\/www.cofb.org\/wp-content\/uploads\/2023\/11\/cropped-Logotip-COFB.png\",\"contentUrl\":\"https:\/\/www.cofb.org\/wp-content\/uploads\/2023\/11\/cropped-Logotip-COFB.png\",\"width\":500,\"height\":105,\"caption\":\"Col\u00b7legi de Farmac\u00e8utics de Barcelona\"},\"image\":{\"@id\":\"https:\/\/www.cofb.org\/#\/schema\/logo\/image\/\"},\"sameAs\":[\"https:\/\/www.facebook.com\/farmaceuticsbcn\/\",\"https:\/\/twitter.com\/farmaceuticsbcn\",\"https:\/\/www.instagram.com\/farmaceuticsbcn\/\",\"https:\/\/www.linkedin.com\/company\/farmaceuticsbcn\/\"]},{\"@type\":\"Person\",\"@id\":\"https:\/\/www.cofb.org\/#\/schema\/person\/f32de3b41b812c85ff923cb4cc849063\",\"name\":\"Berta Mart\u00ednez\",\"image\":{\"@type\":\"ImageObject\",\"inLanguage\":\"ca\",\"@id\":\"https:\/\/www.cofb.org\/#\/schema\/person\/image\/\",\"url\":\"https:\/\/secure.gravatar.com\/avatar\/d4c584dab5da1ee9e3c3df161c0aabec7075cc8211cd46ffc79bfe177aa78b01?s=96&d=mm&r=g\",\"contentUrl\":\"https:\/\/secure.gravatar.com\/avatar\/d4c584dab5da1ee9e3c3df161c0aabec7075cc8211cd46ffc79bfe177aa78b01?s=96&d=mm&r=g\",\"caption\":\"Berta Mart\u00ednez\"},\"url\":\"https:\/\/www.cofb.org\/ca\/author\/bmartinez\/\"}]}<\/script>\n<!-- \/ Yoast SEO plugin. -->","yoast_head_json":{"title":"Qu\u00e8 hem de saber sobre les ostomies? Nova formaci\u00f3 del COFB a Manresa - Col\u00b7legi de Farmac\u00e8utics de Barcelona","description":"El passat 9 d\u2019octubre, el Col\u00b7legi de Farmac\u00e8utics de Barcelona (COFB) va organitzar la formaci\u00f3 \u201cOstomies\u201d.","robots":{"index":"index","follow":"follow","max-snippet":"max-snippet:-1","max-image-preview":"max-image-preview:large","max-video-preview":"max-video-preview:-1"},"canonical":"https:\/\/www.cofb.org\/ca\/2024\/12\/23\/que-hem-de-saber-sobre-les-ostomies-nova-formacio-del-cofb-a-manresa\/","og_locale":"ca_ES","og_type":"article","og_title":"Qu\u00e8 hem de saber sobre les ostomies? Nova formaci\u00f3 del COFB a Manresa - Col\u00b7legi de Farmac\u00e8utics de Barcelona","og_description":"El passat 9 d\u2019octubre, el Col\u00b7legi de Farmac\u00e8utics de Barcelona (COFB) va organitzar la formaci\u00f3 \u201cOstomies\u201d.","og_url":"https:\/\/www.cofb.org\/ca\/2024\/12\/23\/que-hem-de-saber-sobre-les-ostomies-nova-formacio-del-cofb-a-manresa\/","og_site_name":"Col\u00b7legi de Farmac\u00e8utics de Barcelona","article_publisher":"https:\/\/www.facebook.com\/farmaceuticsbcn\/","article_published_time":"2024-12-23T12:50:36+00:00","article_modified_time":"2025-01-08T13:53:31+00:00","og_image":[{"width":2560,"height":1442,"url":"https:\/\/www.cofb.org\/wp-content\/uploads\/2024\/12\/COFB_OSTOMIES_18122024-scaled.jpg","type":"image\/jpeg"}],"author":"Berta Mart\u00ednez","twitter_card":"summary_large_image","twitter_creator":"@farmaceuticsbcn","twitter_site":"@farmaceuticsbcn","twitter_misc":{"Escrit per":"Berta Mart\u00ednez","Temps estimat de lectura":"5 minuts"},"schema":{"@context":"https:\/\/schema.org","@graph":[{"@type":"Article","@id":"https:\/\/www.cofb.org\/2024\/12\/23\/que-hem-de-saber-sobre-les-ostomies-nova-formacio-del-cofb-a-manresa\/#article","isPartOf":{"@id":"https:\/\/www.cofb.org\/2024\/12\/23\/que-hem-de-saber-sobre-les-ostomies-nova-formacio-del-cofb-a-manresa\/"},"author":{"name":"Berta Mart\u00ednez","@id":"https:\/\/www.cofb.org\/#\/schema\/person\/f32de3b41b812c85ff923cb4cc849063"},"headline":"Qu\u00e8 hem de saber sobre les ostomies? Nova formaci\u00f3 del COFB a Manresa","datePublished":"2024-12-23T12:50:36+00:00","dateModified":"2025-01-08T13:53:31+00:00","mainEntityOfPage":{"@id":"https:\/\/www.cofb.org\/2024\/12\/23\/que-hem-de-saber-sobre-les-ostomies-nova-formacio-del-cofb-a-manresa\/"},"wordCount":760,"publisher":{"@id":"https:\/\/www.cofb.org\/#organization"},"image":{"@id":"https:\/\/www.cofb.org\/2024\/12\/23\/que-hem-de-saber-sobre-les-ostomies-nova-formacio-del-cofb-a-manresa\/#primaryimage"},"thumbnailUrl":"https:\/\/www.cofb.org\/wp-content\/uploads\/2024\/12\/COFB_OSTOMIES_18122024-scaled.jpg","keywords":["COFB","Col\u00b7legi de Farmac\u00e8utics de Barcelona","colostomia","estoma","farmac\u00e8utics","farm\u00e0cia comunit\u00e0ria","ileostomia","Oficina de farm\u00e0cia","ostomies","persones ostomitzades"],"articleSection":["Destacats","M\u00f3n col\u00b7legial"],"inLanguage":"ca"},{"@type":"WebPage","@id":"https:\/\/www.cofb.org\/2024\/12\/23\/que-hem-de-saber-sobre-les-ostomies-nova-formacio-del-cofb-a-manresa\/","url":"https:\/\/www.cofb.org\/2024\/12\/23\/que-hem-de-saber-sobre-les-ostomies-nova-formacio-del-cofb-a-manresa\/","name":"Qu\u00e8 hem de saber sobre les ostomies? Nova formaci\u00f3 del COFB a Manresa - Col\u00b7legi de Farmac\u00e8utics de Barcelona","isPartOf":{"@id":"https:\/\/www.cofb.org\/#website"},"primaryImageOfPage":{"@id":"https:\/\/www.cofb.org\/2024\/12\/23\/que-hem-de-saber-sobre-les-ostomies-nova-formacio-del-cofb-a-manresa\/#primaryimage"},"image":{"@id":"https:\/\/www.cofb.org\/2024\/12\/23\/que-hem-de-saber-sobre-les-ostomies-nova-formacio-del-cofb-a-manresa\/#primaryimage"},"thumbnailUrl":"https:\/\/www.cofb.org\/wp-content\/uploads\/2024\/12\/COFB_OSTOMIES_18122024-scaled.jpg","datePublished":"2024-12-23T12:50:36+00:00","dateModified":"2025-01-08T13:53:31+00:00","description":"El passat 9 d\u2019octubre, el Col\u00b7legi de Farmac\u00e8utics de Barcelona (COFB) va organitzar la formaci\u00f3 \u201cOstomies\u201d.","breadcrumb":{"@id":"https:\/\/www.cofb.org\/2024\/12\/23\/que-hem-de-saber-sobre-les-ostomies-nova-formacio-del-cofb-a-manresa\/#breadcrumb"},"inLanguage":"ca","potentialAction":[{"@type":"ReadAction","target":["https:\/\/www.cofb.org\/2024\/12\/23\/que-hem-de-saber-sobre-les-ostomies-nova-formacio-del-cofb-a-manresa\/"]}]},{"@type":"ImageObject","inLanguage":"ca","@id":"https:\/\/www.cofb.org\/2024\/12\/23\/que-hem-de-saber-sobre-les-ostomies-nova-formacio-del-cofb-a-manresa\/#primaryimage","url":"https:\/\/www.cofb.org\/wp-content\/uploads\/2024\/12\/COFB_OSTOMIES_18122024-scaled.jpg","contentUrl":"https:\/\/www.cofb.org\/wp-content\/uploads\/2024\/12\/COFB_OSTOMIES_18122024-scaled.jpg","width":2560,"height":1442,"caption":"La infermera cl\u00ednica, Cristina Vidal, impartint la formaci\u00f3 sobre ostomies."},{"@type":"BreadcrumbList","@id":"https:\/\/www.cofb.org\/2024\/12\/23\/que-hem-de-saber-sobre-les-ostomies-nova-formacio-del-cofb-a-manresa\/#breadcrumb","itemListElement":[{"@type":"ListItem","position":1,"name":"Inici","item":"https:\/\/novaorg.cofb.net\/"},{"@type":"ListItem","position":2,"name":"Qu\u00e8 hem de saber sobre les ostomies? Nova formaci\u00f3 del COFB a Manresa"}]},{"@type":"WebSite","@id":"https:\/\/www.cofb.org\/#website","url":"https:\/\/www.cofb.org\/","name":"Col\u00b7legi de Farmac\u00e8utics de Barcelona","description":"","publisher":{"@id":"https:\/\/www.cofb.org\/#organization"},"potentialAction":[{"@type":"SearchAction","target":{"@type":"EntryPoint","urlTemplate":"https:\/\/www.cofb.org\/?s={search_term_string}"},"query-input":"required name=search_term_string"}],"inLanguage":"ca"},{"@type":"Organization","@id":"https:\/\/www.cofb.org\/#organization","name":"Col\u00b7legi de Farmac\u00e8utics de Barcelona","url":"https:\/\/www.cofb.org\/","logo":{"@type":"ImageObject","inLanguage":"ca","@id":"https:\/\/www.cofb.org\/#\/schema\/logo\/image\/","url":"https:\/\/www.cofb.org\/wp-content\/uploads\/2023\/11\/cropped-Logotip-COFB.png","contentUrl":"https:\/\/www.cofb.org\/wp-content\/uploads\/2023\/11\/cropped-Logotip-COFB.png","width":500,"height":105,"caption":"Col\u00b7legi de Farmac\u00e8utics de Barcelona"},"image":{"@id":"https:\/\/www.cofb.org\/#\/schema\/logo\/image\/"},"sameAs":["https:\/\/www.facebook.com\/farmaceuticsbcn\/","https:\/\/twitter.com\/farmaceuticsbcn","https:\/\/www.instagram.com\/farmaceuticsbcn\/","https:\/\/www.linkedin.com\/company\/farmaceuticsbcn\/"]},{"@type":"Person","@id":"https:\/\/www.cofb.org\/#\/schema\/person\/f32de3b41b812c85ff923cb4cc849063","name":"Berta Mart\u00ednez","image":{"@type":"ImageObject","inLanguage":"ca","@id":"https:\/\/www.cofb.org\/#\/schema\/person\/image\/","url":"https:\/\/secure.gravatar.com\/avatar\/d4c584dab5da1ee9e3c3df161c0aabec7075cc8211cd46ffc79bfe177aa78b01?s=96&d=mm&r=g","contentUrl":"https:\/\/secure.gravatar.com\/avatar\/d4c584dab5da1ee9e3c3df161c0aabec7075cc8211cd46ffc79bfe177aa78b01?s=96&d=mm&r=g","caption":"Berta Mart\u00ednez"},"url":"https:\/\/www.cofb.org\/ca\/author\/bmartinez\/"}]}},"uagb_featured_image_src":{"full":["https:\/\/www.cofb.org\/wp-content\/uploads\/2024\/12\/COFB_OSTOMIES_18122024-scaled.jpg",2560,1442,false],"thumbnail":["https:\/\/www.cofb.org\/wp-content\/uploads\/2024\/12\/COFB_OSTOMIES_18122024-150x150.jpg",150,150,true],"medium":["https:\/\/www.cofb.org\/wp-content\/uploads\/2024\/12\/COFB_OSTOMIES_18122024-300x169.jpg",300,169,true],"medium_large":["https:\/\/www.cofb.org\/wp-content\/uploads\/2024\/12\/COFB_OSTOMIES_18122024-768x432.jpg",768,432,true],"large":["https:\/\/www.cofb.org\/wp-content\/uploads\/2024\/12\/COFB_OSTOMIES_18122024-1024x577.jpg",1024,577,true],"1536x1536":["https:\/\/www.cofb.org\/wp-content\/uploads\/2024\/12\/COFB_OSTOMIES_18122024-1536x865.jpg",1536,865,true],"2048x2048":["https:\/\/www.cofb.org\/wp-content\/uploads\/2024\/12\/COFB_OSTOMIES_18122024-2048x1153.jpg",2048,1153,true],"trp-custom-language-flag":["https:\/\/www.cofb.org\/wp-content\/uploads\/2024\/12\/COFB_OSTOMIES_18122024-18x10.jpg",18,10,true]},"uagb_author_info":{"display_name":"Berta Mart\u00ednez","author_link":"https:\/\/www.cofb.org\/ca\/author\/bmartinez\/"},"uagb_comment_info":0,"uagb_excerpt":"El passat 21 de novembre, el Col\u00b7legi de Farmac\u00e8utics de Barcelona (COFB) va organitzar la formaci\u00f3 \u201cOstomies\u201d, amb el patrocini de Hollister. La infermera cl\u00ednica, experta en estomater\u00e0pia d\u2019Althaia, Cristina Vidal, i la infermera estomaterapeuta de Hollister, Patricia L\u00f3pez, van ser les encarregades d\u2019impartir aquesta formaci\u00f3 que va tenir lloc [&hellip;]","_links":{"self":[{"href":"https:\/\/www.cofb.org\/ca\/wp-json\/wp\/v2\/posts\/80158","targetHints":{"allow":["GET"]}}],"collection":[{"href":"https:\/\/www.cofb.org\/ca\/wp-json\/wp\/v2\/posts"}],"about":[{"href":"https:\/\/www.cofb.org\/ca\/wp-json\/wp\/v2\/types\/post"}],"author":[{"embeddable":true,"href":"https:\/\/www.cofb.org\/ca\/wp-json\/wp\/v2\/users\/3"}],"replies":[{"embeddable":true,"href":"https:\/\/www.cofb.org\/ca\/wp-json\/wp\/v2\/comments?post=80158"}],"version-history":[{"count":21,"href":"https:\/\/www.cofb.org\/ca\/wp-json\/wp\/v2\/posts\/80158\/revisions"}],"predecessor-version":[{"id":80363,"href":"https:\/\/www.cofb.org\/ca\/wp-json\/wp\/v2\/posts\/80158\/revisions\/80363"}],"wp:featuredmedia":[{"embeddable":true,"href":"https:\/\/www.cofb.org\/ca\/wp-json\/wp\/v2\/media\/80201"}],"wp:attachment":[{"href":"https:\/\/www.cofb.org\/ca\/wp-json\/wp\/v2\/media?parent=80158"}],"wp:term":[{"taxonomy":"category","embeddable":true,"href":"https:\/\/www.cofb.org\/ca\/wp-json\/wp\/v2\/categories?post=80158"},{"taxonomy":"post_tag","embeddable":true,"href":"https:\/\/www.cofb.org\/ca\/wp-json\/wp\/v2\/tags?post=80158"}],"curies":[{"name":"wp","href":"https:\/\/api.w.org\/{rel}","templated":true}]}}