{"id":80143,"date":"2024-12-18T16:19:27","date_gmt":"2024-12-18T16:19:27","guid":{"rendered":"https:\/\/www.cofb.org\/?p=80143"},"modified":"2024-12-18T16:19:28","modified_gmt":"2024-12-18T16:19:28","slug":"consideracions-etniques-en-el-consell-dermatologic-nou-forum-dermoexpert-al-cofb","status":"publish","type":"post","link":"https:\/\/www.cofb.org\/ca\/2024\/12\/18\/consideracions-etniques-en-el-consell-dermatologic-nou-forum-dermoexpert-al-cofb\/","title":{"rendered":"Consideracions \u00e8tniques en el consell dermatol\u00f2gic. Nou F\u00f2rum Dermoexpert al COFB\u00a0\u00a0\u00a0\u00a0\u00a0\u00a0\u00a0\u00a0\u00a0\u00a0"},"content":{"rendered":"\n<p>El passat 28 de novembre, el <strong>Col\u00b7legi de Farmac\u00e8utics de Barcelona<\/strong> (COFB) va organitzar el <strong>F\u00f2rum Dermoexpert \u201cConsideracions \u00e8tniques en el consell dermatol\u00f2gic\u201d<\/strong>, amb el patrocini d\u2019<a href=\"https:\/\/www.isdin.com\/es\" target=\"_blank\" rel=\"noreferrer noopener\">ISDIN<\/a>. El F\u00f2rum Dermoexpert va anar a c\u00e0rrec de <strong>Daniel Morgado-Carrasco<\/strong>, especialista en dermatologia i cirurgi\u00e0, adjunt al Servei de Dermatologia de l&#8217;Hospital Cl\u00ednic de Barcelona i de l&#8217;Hospital de Figueres, i membre de l&#8217;equip m\u00e8dic del centre Diagnosi Dermatol\u00f2gica. <strong>Marta Alcalde<\/strong>, vocal de Dermofarm\u00e0cia i Productes Sanitaris, va moderar la sessi\u00f3.<\/p>\n\n\n\n<figure class=\"wp-block-image size-large\"><a href=\"https:\/\/www.cofb.org\/wp-content\/uploads\/2024\/12\/COFB_CONSIDERACIONS-ETNIQUES_18122024_1-scaled.jpg\" target=\"_blank\" rel=\"noreferrer noopener\"><img fetchpriority=\"high\" decoding=\"async\" width=\"1024\" height=\"576\" src=\"https:\/\/www.cofb.org\/wp-content\/uploads\/2024\/12\/COFB_CONSIDERACIONS-ETNIQUES_18122024_1-1024x576.jpg\" alt=\"\" class=\"wp-image-80145\" srcset=\"https:\/\/www.cofb.org\/wp-content\/uploads\/2024\/12\/COFB_CONSIDERACIONS-ETNIQUES_18122024_1-1024x576.jpg 1024w, https:\/\/www.cofb.org\/wp-content\/uploads\/2024\/12\/COFB_CONSIDERACIONS-ETNIQUES_18122024_1-300x169.jpg 300w, https:\/\/www.cofb.org\/wp-content\/uploads\/2024\/12\/COFB_CONSIDERACIONS-ETNIQUES_18122024_1-768x432.jpg 768w, https:\/\/www.cofb.org\/wp-content\/uploads\/2024\/12\/COFB_CONSIDERACIONS-ETNIQUES_18122024_1-1536x864.jpg 1536w, https:\/\/www.cofb.org\/wp-content\/uploads\/2024\/12\/COFB_CONSIDERACIONS-ETNIQUES_18122024_1-2048x1152.jpg 2048w, https:\/\/www.cofb.org\/wp-content\/uploads\/2024\/12\/COFB_CONSIDERACIONS-ETNIQUES_18122024_1-18x10.jpg 18w\" sizes=\"(max-width: 1024px) 100vw, 1024px\" \/><\/a><\/figure>\n\n\n\n<p>Els <strong>objectius<\/strong> del F\u00f2rum Dermoexpert, adre\u00e7at a farmac\u00e8utics\/ques comunit\u00e0ries, van ser revisar les <strong>caracter\u00edstiques de la pell en funci\u00f3 de l\u2019\u00e8tnia<\/strong>, entendre les <strong>manifestacions de les patologies dermatol\u00f2giques<\/strong> i con\u00e8ixer les <strong>recomanacions cosm\u00e8tiques<\/strong> m\u00e9s indicades.&nbsp;&nbsp;&nbsp;&nbsp;&nbsp;&nbsp;&nbsp;&nbsp;&nbsp;&nbsp;&nbsp;&nbsp;&nbsp;&nbsp;&nbsp;&nbsp;&nbsp;&nbsp;&nbsp;&nbsp;&nbsp;&nbsp;&nbsp;&nbsp;&nbsp;&nbsp;&nbsp;&nbsp;&nbsp;&nbsp;&nbsp;&nbsp;&nbsp;&nbsp;&nbsp;<\/p>\n\n\n\n<p>La vocal de Dermofarm\u00e0cia i Productes Sanitaris, <strong>Marta Alcalde<\/strong>, va presentar aquesta confer\u00e8ncia del cicle F\u00f2rum Dermoexpert, en la qual <strong>\u201cveurem com les diferents consideracions \u00e8tniques poden influir en el moment d\u2019oferir consell dermatol\u00f2gic\u201d<\/strong>. Alcalde va exposar que <strong>\u201cvivim en un m\u00f3n m\u00e9s globalitzat, on hi ha m\u00e9s diversitat amb persones de diferents \u00e8tnies i colors de pell\u201d<\/strong>. En aquest sentit, la vocal de Dermofarm\u00e0cia i Productes Sanitaris va comentar que \u201caquests tipus de pell respondran de maneres diverses a les agressions externes com la radiaci\u00f3 solar i tindran diferents necessitats\u201d.<\/p>\n\n\n\n<figure class=\"wp-block-image size-large\"><a href=\"https:\/\/www.cofb.org\/wp-content\/uploads\/2024\/12\/COFB_CONSIDERACIONS-ETNIQUES_18122024_4-scaled.jpg\" target=\"_blank\" rel=\"noreferrer noopener\"><img decoding=\"async\" width=\"1024\" height=\"576\" src=\"https:\/\/www.cofb.org\/wp-content\/uploads\/2024\/12\/COFB_CONSIDERACIONS-ETNIQUES_18122024_4-1024x576.jpg\" alt=\"Marta Alcalde presentant el F\u00f2rum Dermoexpert &quot;Consideracions \u00e8tniques en el consell dermatol\u00f2gic&quot;\u00a0amb el doctor\u00a0Daniel Morgado-Carrasco.\" class=\"wp-image-80148\" srcset=\"https:\/\/www.cofb.org\/wp-content\/uploads\/2024\/12\/COFB_CONSIDERACIONS-ETNIQUES_18122024_4-1024x576.jpg 1024w, https:\/\/www.cofb.org\/wp-content\/uploads\/2024\/12\/COFB_CONSIDERACIONS-ETNIQUES_18122024_4-300x169.jpg 300w, https:\/\/www.cofb.org\/wp-content\/uploads\/2024\/12\/COFB_CONSIDERACIONS-ETNIQUES_18122024_4-768x432.jpg 768w, https:\/\/www.cofb.org\/wp-content\/uploads\/2024\/12\/COFB_CONSIDERACIONS-ETNIQUES_18122024_4-1536x864.jpg 1536w, https:\/\/www.cofb.org\/wp-content\/uploads\/2024\/12\/COFB_CONSIDERACIONS-ETNIQUES_18122024_4-2048x1152.jpg 2048w, https:\/\/www.cofb.org\/wp-content\/uploads\/2024\/12\/COFB_CONSIDERACIONS-ETNIQUES_18122024_4-18x10.jpg 18w\" sizes=\"(max-width: 1024px) 100vw, 1024px\" \/><\/a><figcaption class=\"wp-element-caption\">Marta Alcalde presentant el F\u00f2rum Dermoexpert &#8220;Consideracions \u00e8tniques en el consell dermatol\u00f2gic&#8221;\u00a0amb el doctor\u00a0Daniel Morgado-Carrasco.<\/figcaption><\/figure>\n\n\n\n<h2 class=\"wp-block-heading\"><strong>La import\u00e0ncia de la fotoprotecci\u00f3<\/strong><\/h2>\n\n\n\n<p>A continuaci\u00f3, va intervenir el <strong>Dr. Daniel Morgado-Carrasco<\/strong>, que va iniciar la seva exposici\u00f3 recalcant la import\u00e0ncia de la fotoprotecci\u00f3, que \u201c<strong>\u00e9s clau contra els rajos UVB i UVA<\/strong>\u201d, alhora que hi ha consens en \u201c<strong>recomanar mesures de fotoprotecci\u00f3, inclosos els fotoprotectors t\u00f2pics, per disminuir el c\u00e0ncer de pell i el fotoenvelliment<\/strong>\u201d. \u201cEntre el 50% i 80% del dany solar que una persona acumula al llarg de la seva vida, ho far\u00e0 entre la infantesa i l\u2019adolesc\u00e8ncia\u201d, va assegurar el dermat\u00f2leg.<\/p>\n\n\n\n<figure class=\"wp-block-image size-large\"><a href=\"https:\/\/www.cofb.org\/wp-content\/uploads\/2024\/12\/COFB_CONSIDERACIONS-ETNIQUES_18122024_3.jpg\" target=\"_blank\" rel=\"noreferrer noopener\"><img decoding=\"async\" width=\"1024\" height=\"576\" src=\"https:\/\/www.cofb.org\/wp-content\/uploads\/2024\/12\/COFB_CONSIDERACIONS-ETNIQUES_18122024_3-1024x576.jpg\" alt=\"El doctor\u00a0Daniel Morgado-Carrasco en un moment de la seva exposici\u00f3. \" class=\"wp-image-80147\" srcset=\"https:\/\/www.cofb.org\/wp-content\/uploads\/2024\/12\/COFB_CONSIDERACIONS-ETNIQUES_18122024_3-1024x576.jpg 1024w, https:\/\/www.cofb.org\/wp-content\/uploads\/2024\/12\/COFB_CONSIDERACIONS-ETNIQUES_18122024_3-300x169.jpg 300w, https:\/\/www.cofb.org\/wp-content\/uploads\/2024\/12\/COFB_CONSIDERACIONS-ETNIQUES_18122024_3-768x432.jpg 768w, https:\/\/www.cofb.org\/wp-content\/uploads\/2024\/12\/COFB_CONSIDERACIONS-ETNIQUES_18122024_3-1536x864.jpg 1536w, https:\/\/www.cofb.org\/wp-content\/uploads\/2024\/12\/COFB_CONSIDERACIONS-ETNIQUES_18122024_3-2048x1152.jpg 2048w, https:\/\/www.cofb.org\/wp-content\/uploads\/2024\/12\/COFB_CONSIDERACIONS-ETNIQUES_18122024_3-18x10.jpg 18w\" sizes=\"(max-width: 1024px) 100vw, 1024px\" \/><\/a><figcaption class=\"wp-element-caption\">El doctor&nbsp;Daniel Morgado-Carrasco en un moment de la seva exposici\u00f3. <\/figcaption><\/figure>\n\n\n\n<p>Pel que fa al <strong>protector solar<\/strong>, va indicar que <strong>el fotoprotector m\u00e9s adequat \u00e9s aquell que utilitzarem<\/strong> i, per tant, <strong>\u00e9s aquell cosm\u00e8ticament m\u00e9s agradi<\/strong> pel que fa a l\u2019olor, textura, irritaci\u00f3, que no sigui comedog\u00e8nic, entre altres caracter\u00edstiques. Alhora, va remarcar que \u201c<strong>la fotoprotecci\u00f3 s\u2019ha de fer servir tots els dies de l\u2019any<\/strong>, ja que el dany solar \u00e9s acumulatiu al llarg de la vida\u201d, va especificar.<\/p>\n\n\n\n<h2 class=\"wp-block-heading\"><strong>\u00c8tnies i fototips<\/strong><\/h2>\n\n\n\n<p>Pel que fa a la <strong>diversitat<\/strong>, el doctor va explicar que els cauc\u00e0sics estaven predominantment sobrerepresentats i, en canvi, els negres i els asi\u00e0tics estaven constantment infrarepresentats. A grans trets, el Dr. Morgado, va compartir quines s\u00f3n les principals <strong>difer\u00e8ncies entre fototips<\/strong> i va apuntar que \u201c<strong>el c\u00e0ncer cutani representa el 40% dels c\u00e0ncers cauc\u00e0sics i nom\u00e9s l\u20191% i el 4% en persones de fototip alt\u201d<\/strong>. Aix\u00ed doncs, va dir que en fototips alts l\u2019exposici\u00f3 a la radiaci\u00f3 UB no \u00e9s un factor cr\u00edtic per desenvolupar un melanoma.<\/p>\n\n\n\n<p>Per altra banda, va abordar <strong>l\u2019envelliment cutani segons el fototip<\/strong>. <strong>\u201cEls cauc\u00e0sics presenten m\u00e9s arrugues, flaccidesa i m\u00e9s danys en comparaci\u00f3 amb les persones de pells fosques\u201d<\/strong>, va revelar. En canvi, \u201cles persones amb fototip alt mostren signes d\u2019envelliment al voltant dels 50-60 anys\u201d.<\/p>\n\n\n\n<h3 class=\"wp-block-heading\"><strong>Manifestacions de les patologies dermatol\u00f2giques en funci\u00f3 de l\u2019\u00e8tnia<\/strong><\/h3>\n\n\n\n<p>En darrer lloc, el doctor va repassar com es manifesten diverses <strong>patologies dermatol\u00f2giques <\/strong>en funci\u00f3 de l\u2019\u00e8tnia i va afirmar que <strong>\u201cels trastorns pigmentaris estan entre les cinc consultes m\u00e9s freq\u00fcents entre les persones de fototip alt\u201d<\/strong>, que tamb\u00e9 presenten m\u00e9s alteracions pigment\u00e0ries i un to menys homogeni. Tanmateix, va fer refer\u00e8ncia al melasma i a la hiperpigmentaci\u00f3 postinflamat\u00f2ria i va indicar quins fotoprotectors s\u00f3n m\u00e9s adequats segons les diferents patologies.<\/p>\n\n\n\n<p class=\"has-text-align-right\">Amb el patrocini de:<\/p>\n\n\n\n<figure class=\"wp-block-image alignright size-medium is-resized\"><a href=\"https:\/\/www.isdin.com\/es\" target=\"_blank\" rel=\"noreferrer noopener\"><img loading=\"lazy\" decoding=\"async\" width=\"300\" height=\"100\" src=\"https:\/\/www.cofb.org\/wp-content\/uploads\/2024\/12\/ISDIN_logo_fons-transparent-300x100.png\" alt=\"\" class=\"wp-image-80151\" style=\"width:210px;height:auto\" srcset=\"https:\/\/www.cofb.org\/wp-content\/uploads\/2024\/12\/ISDIN_logo_fons-transparent-300x100.png 300w, https:\/\/www.cofb.org\/wp-content\/uploads\/2024\/12\/ISDIN_logo_fons-transparent-1024x341.png 1024w, https:\/\/www.cofb.org\/wp-content\/uploads\/2024\/12\/ISDIN_logo_fons-transparent-768x256.png 768w, https:\/\/www.cofb.org\/wp-content\/uploads\/2024\/12\/ISDIN_logo_fons-transparent-1536x512.png 1536w, https:\/\/www.cofb.org\/wp-content\/uploads\/2024\/12\/ISDIN_logo_fons-transparent-2048x683.png 2048w, https:\/\/www.cofb.org\/wp-content\/uploads\/2024\/12\/ISDIN_logo_fons-transparent-18x6.png 18w\" sizes=\"(max-width: 300px) 100vw, 300px\" \/><\/a><\/figure>\n","protected":false},"excerpt":{"rendered":"<p>El passat 28 de novembre, el Col\u00b7legi de Farmac\u00e8utics de Barcelona (COFB) va organitzar el F\u00f2rum Dermoexpert \u201cConsideracions \u00e8tniques en el consell dermatol\u00f2gic\u201d, amb el patrocini d\u2019ISDIN. El F\u00f2rum Dermoexpert va anar a c\u00e0rrec de Daniel Morgado-Carrasco, especialista en dermatologia i cirurgi\u00e0, adjunt al Servei de Dermatologia de l&#8217;Hospital Cl\u00ednic [&hellip;]<\/p>\n","protected":false},"author":3,"featured_media":80147,"comment_status":"closed","ping_status":"closed","sticky":false,"template":"","format":"standard","meta":{"_uag_custom_page_level_css":"","site-sidebar-layout":"default","site-content-layout":"","ast-site-content-layout":"default","site-content-style":"default","site-sidebar-style":"default","ast-global-header-display":"","ast-banner-title-visibility":"","ast-main-header-display":"","ast-hfb-above-header-display":"","ast-hfb-below-header-display":"","ast-hfb-mobile-header-display":"","site-post-title":"","ast-breadcrumbs-content":"","ast-featured-img":"disabled","footer-sml-layout":"","theme-transparent-header-meta":"","adv-header-id-meta":"","stick-header-meta":"","header-above-stick-meta":"","header-main-stick-meta":"","header-below-stick-meta":"","astra-migrate-meta-layouts":"set","ast-page-background-enabled":"default","ast-page-background-meta":{"desktop":{"background-color":"var(--ast-global-color-4)","background-image":"","background-repeat":"repeat","background-position":"center center","background-size":"auto","background-attachment":"scroll","background-type":"","background-media":"","overlay-type":"","overlay-color":"","overlay-opacity":"","overlay-gradient":""},"tablet":{"background-color":"","background-image":"","background-repeat":"repeat","background-position":"center center","background-size":"auto","background-attachment":"scroll","background-type":"","background-media":"","overlay-type":"","overlay-color":"","overlay-opacity":"","overlay-gradient":""},"mobile":{"background-color":"","background-image":"","background-repeat":"repeat","background-position":"center center","background-size":"auto","background-attachment":"scroll","background-type":"","background-media":"","overlay-type":"","overlay-color":"","overlay-opacity":"","overlay-gradient":""}},"ast-content-background-meta":{"desktop":{"background-color":"var(--ast-global-color-5)","background-image":"","background-repeat":"repeat","background-position":"center center","background-size":"auto","background-attachment":"scroll","background-type":"","background-media":"","overlay-type":"","overlay-color":"","overlay-opacity":"","overlay-gradient":""},"tablet":{"background-color":"var(--ast-global-color-5)","background-image":"","background-repeat":"repeat","background-position":"center center","background-size":"auto","background-attachment":"scroll","background-type":"","background-media":"","overlay-type":"","overlay-color":"","overlay-opacity":"","overlay-gradient":""},"mobile":{"background-color":"var(--ast-global-color-5)","background-image":"","background-repeat":"repeat","background-position":"center center","background-size":"auto","background-attachment":"scroll","background-type":"","background-media":"","overlay-type":"","overlay-color":"","overlay-opacity":"","overlay-gradient":""}},"footnotes":""},"categories":[23,57],"tags":[64,18,19,5199,443,68,69,70,444,76],"class_list":["post-80143","post","type-post","status-publish","format-standard","has-post-thumbnail","hentry","category-destacats","category-mon-collegial","tag-atencio-farmaceutica","tag-cofb","tag-collegi-de-farmaceutics-de-barcelona","tag-consell-dermatologic","tag-dermocosmetica","tag-farmacia","tag-farmacia-comunitaria","tag-formacio","tag-fotoproteccio","tag-oficina-de-farmacia"],"yoast_head":"<!-- This site is optimized with the Yoast SEO plugin v22.4 - https:\/\/yoast.com\/wordpress\/plugins\/seo\/ -->\n<title>Consideracions \u00e8tniques en el consell dermatol\u00f2gic. Nou F\u00f2rum Dermoexpert al COFB\u00a0\u00a0\u00a0\u00a0\u00a0\u00a0\u00a0\u00a0\u00a0\u00a0 - Col\u00b7legi de Farmac\u00e8utics de Barcelona<\/title>\n<meta name=\"description\" content=\"El passat 28 de novembre, el COFB va organitzar el F\u00f2rum Dermoexpert \u201cConsideracions \u00e8tniques en el consell dermatol\u00f2gic\" \/>\n<meta name=\"robots\" content=\"index, follow, max-snippet:-1, max-image-preview:large, max-video-preview:-1\" \/>\n<link rel=\"canonical\" href=\"https:\/\/www.cofb.org\/ca\/2024\/12\/18\/consideracions-etniques-en-el-consell-dermatologic-nou-forum-dermoexpert-al-cofb\/\" \/>\n<meta property=\"og:locale\" content=\"ca_ES\" \/>\n<meta property=\"og:type\" content=\"article\" \/>\n<meta property=\"og:title\" content=\"Consideracions \u00e8tniques en el consell dermatol\u00f2gic. Nou F\u00f2rum Dermoexpert al COFB\u00a0\u00a0\u00a0\u00a0\u00a0\u00a0\u00a0\u00a0\u00a0\u00a0 - Col\u00b7legi de Farmac\u00e8utics de Barcelona\" \/>\n<meta property=\"og:description\" content=\"El passat 28 de novembre, el COFB va organitzar el F\u00f2rum Dermoexpert \u201cConsideracions \u00e8tniques en el consell dermatol\u00f2gic\" \/>\n<meta property=\"og:url\" content=\"https:\/\/www.cofb.org\/ca\/2024\/12\/18\/consideracions-etniques-en-el-consell-dermatologic-nou-forum-dermoexpert-al-cofb\/\" \/>\n<meta property=\"og:site_name\" content=\"Col\u00b7legi de Farmac\u00e8utics de Barcelona\" \/>\n<meta property=\"article:publisher\" content=\"https:\/\/www.facebook.com\/farmaceuticsbcn\/\" \/>\n<meta property=\"article:published_time\" content=\"2024-12-18T16:19:27+00:00\" \/>\n<meta property=\"article:modified_time\" content=\"2024-12-18T16:19:28+00:00\" \/>\n<meta property=\"og:image\" content=\"https:\/\/www.cofb.org\/wp-content\/uploads\/2024\/12\/COFB_CONSIDERACIONS-ETNIQUES_18122024_3.jpg\" \/>\n\t<meta property=\"og:image:width\" content=\"2250\" \/>\n\t<meta property=\"og:image:height\" content=\"1266\" \/>\n\t<meta property=\"og:image:type\" content=\"image\/jpeg\" \/>\n<meta name=\"author\" content=\"Berta Mart\u00ednez\" \/>\n<meta name=\"twitter:card\" content=\"summary_large_image\" \/>\n<meta name=\"twitter:creator\" content=\"@farmaceuticsbcn\" \/>\n<meta name=\"twitter:site\" content=\"@farmaceuticsbcn\" \/>\n<meta name=\"twitter:label1\" content=\"Escrit per\" \/>\n\t<meta name=\"twitter:data1\" content=\"Berta Mart\u00ednez\" \/>\n\t<meta name=\"twitter:label2\" content=\"Temps estimat de lectura\" \/>\n\t<meta name=\"twitter:data2\" content=\"5 minuts\" \/>\n<script type=\"application\/ld+json\" class=\"yoast-schema-graph\">{\"@context\":\"https:\/\/schema.org\",\"@graph\":[{\"@type\":\"Article\",\"@id\":\"https:\/\/www.cofb.org\/2024\/12\/18\/consideracions-etniques-en-el-consell-dermatologic-nou-forum-dermoexpert-al-cofb\/#article\",\"isPartOf\":{\"@id\":\"https:\/\/www.cofb.org\/2024\/12\/18\/consideracions-etniques-en-el-consell-dermatologic-nou-forum-dermoexpert-al-cofb\/\"},\"author\":{\"name\":\"Berta Mart\u00ednez\",\"@id\":\"https:\/\/www.cofb.org\/#\/schema\/person\/f32de3b41b812c85ff923cb4cc849063\"},\"headline\":\"Consideracions \u00e8tniques en el consell dermatol\u00f2gic. Nou F\u00f2rum Dermoexpert al COFB\u00a0\u00a0\u00a0\u00a0\u00a0\u00a0\u00a0\u00a0\u00a0\u00a0\",\"datePublished\":\"2024-12-18T16:19:27+00:00\",\"dateModified\":\"2024-12-18T16:19:28+00:00\",\"mainEntityOfPage\":{\"@id\":\"https:\/\/www.cofb.org\/2024\/12\/18\/consideracions-etniques-en-el-consell-dermatologic-nou-forum-dermoexpert-al-cofb\/\"},\"wordCount\":727,\"publisher\":{\"@id\":\"https:\/\/www.cofb.org\/#organization\"},\"image\":{\"@id\":\"https:\/\/www.cofb.org\/2024\/12\/18\/consideracions-etniques-en-el-consell-dermatologic-nou-forum-dermoexpert-al-cofb\/#primaryimage\"},\"thumbnailUrl\":\"https:\/\/www.cofb.org\/wp-content\/uploads\/2024\/12\/COFB_CONSIDERACIONS-ETNIQUES_18122024_3.jpg\",\"keywords\":[\"Atenci\u00f3 farmac\u00e8utica\",\"COFB\",\"Col\u00b7legi de Farmac\u00e8utics de Barcelona\",\"consell dermatol\u00f2gic\",\"dermocosm\u00e8tica\",\"Farm\u00e0cia\",\"farm\u00e0cia comunit\u00e0ria\",\"Formaci\u00f3\",\"fotoprotecci\u00f3\",\"Oficina de farm\u00e0cia\"],\"articleSection\":[\"Destacats\",\"M\u00f3n col\u00b7legial\"],\"inLanguage\":\"ca\"},{\"@type\":\"WebPage\",\"@id\":\"https:\/\/www.cofb.org\/2024\/12\/18\/consideracions-etniques-en-el-consell-dermatologic-nou-forum-dermoexpert-al-cofb\/\",\"url\":\"https:\/\/www.cofb.org\/2024\/12\/18\/consideracions-etniques-en-el-consell-dermatologic-nou-forum-dermoexpert-al-cofb\/\",\"name\":\"Consideracions \u00e8tniques en el consell dermatol\u00f2gic. Nou F\u00f2rum Dermoexpert al COFB\u00a0\u00a0\u00a0\u00a0\u00a0\u00a0\u00a0\u00a0\u00a0\u00a0 - Col\u00b7legi de Farmac\u00e8utics de Barcelona\",\"isPartOf\":{\"@id\":\"https:\/\/www.cofb.org\/#website\"},\"primaryImageOfPage\":{\"@id\":\"https:\/\/www.cofb.org\/2024\/12\/18\/consideracions-etniques-en-el-consell-dermatologic-nou-forum-dermoexpert-al-cofb\/#primaryimage\"},\"image\":{\"@id\":\"https:\/\/www.cofb.org\/2024\/12\/18\/consideracions-etniques-en-el-consell-dermatologic-nou-forum-dermoexpert-al-cofb\/#primaryimage\"},\"thumbnailUrl\":\"https:\/\/www.cofb.org\/wp-content\/uploads\/2024\/12\/COFB_CONSIDERACIONS-ETNIQUES_18122024_3.jpg\",\"datePublished\":\"2024-12-18T16:19:27+00:00\",\"dateModified\":\"2024-12-18T16:19:28+00:00\",\"description\":\"El passat 28 de novembre, el COFB va organitzar el F\u00f2rum Dermoexpert \u201cConsideracions \u00e8tniques en el consell dermatol\u00f2gic\",\"breadcrumb\":{\"@id\":\"https:\/\/www.cofb.org\/2024\/12\/18\/consideracions-etniques-en-el-consell-dermatologic-nou-forum-dermoexpert-al-cofb\/#breadcrumb\"},\"inLanguage\":\"ca\",\"potentialAction\":[{\"@type\":\"ReadAction\",\"target\":[\"https:\/\/www.cofb.org\/2024\/12\/18\/consideracions-etniques-en-el-consell-dermatologic-nou-forum-dermoexpert-al-cofb\/\"]}]},{\"@type\":\"ImageObject\",\"inLanguage\":\"ca\",\"@id\":\"https:\/\/www.cofb.org\/2024\/12\/18\/consideracions-etniques-en-el-consell-dermatologic-nou-forum-dermoexpert-al-cofb\/#primaryimage\",\"url\":\"https:\/\/www.cofb.org\/wp-content\/uploads\/2024\/12\/COFB_CONSIDERACIONS-ETNIQUES_18122024_3.jpg\",\"contentUrl\":\"https:\/\/www.cofb.org\/wp-content\/uploads\/2024\/12\/COFB_CONSIDERACIONS-ETNIQUES_18122024_3.jpg\",\"width\":2250,\"height\":1266,\"caption\":\"El doctor\u00a0Daniel Morgado-Carrasco en un moment de la seva exposici\u00f3.\"},{\"@type\":\"BreadcrumbList\",\"@id\":\"https:\/\/www.cofb.org\/2024\/12\/18\/consideracions-etniques-en-el-consell-dermatologic-nou-forum-dermoexpert-al-cofb\/#breadcrumb\",\"itemListElement\":[{\"@type\":\"ListItem\",\"position\":1,\"name\":\"Inici\",\"item\":\"https:\/\/novaorg.cofb.net\/\"},{\"@type\":\"ListItem\",\"position\":2,\"name\":\"Consideracions \u00e8tniques en el consell dermatol\u00f2gic. Nou F\u00f2rum Dermoexpert al COFB\u00a0\u00a0\u00a0\u00a0\u00a0\u00a0\u00a0\u00a0\u00a0\u00a0\"}]},{\"@type\":\"WebSite\",\"@id\":\"https:\/\/www.cofb.org\/#website\",\"url\":\"https:\/\/www.cofb.org\/\",\"name\":\"Col\u00b7legi de Farmac\u00e8utics de Barcelona\",\"description\":\"\",\"publisher\":{\"@id\":\"https:\/\/www.cofb.org\/#organization\"},\"potentialAction\":[{\"@type\":\"SearchAction\",\"target\":{\"@type\":\"EntryPoint\",\"urlTemplate\":\"https:\/\/www.cofb.org\/?s={search_term_string}\"},\"query-input\":\"required name=search_term_string\"}],\"inLanguage\":\"ca\"},{\"@type\":\"Organization\",\"@id\":\"https:\/\/www.cofb.org\/#organization\",\"name\":\"Col\u00b7legi de Farmac\u00e8utics de Barcelona\",\"url\":\"https:\/\/www.cofb.org\/\",\"logo\":{\"@type\":\"ImageObject\",\"inLanguage\":\"ca\",\"@id\":\"https:\/\/www.cofb.org\/#\/schema\/logo\/image\/\",\"url\":\"https:\/\/www.cofb.org\/wp-content\/uploads\/2023\/11\/cropped-Logotip-COFB.png\",\"contentUrl\":\"https:\/\/www.cofb.org\/wp-content\/uploads\/2023\/11\/cropped-Logotip-COFB.png\",\"width\":500,\"height\":105,\"caption\":\"Col\u00b7legi de Farmac\u00e8utics de Barcelona\"},\"image\":{\"@id\":\"https:\/\/www.cofb.org\/#\/schema\/logo\/image\/\"},\"sameAs\":[\"https:\/\/www.facebook.com\/farmaceuticsbcn\/\",\"https:\/\/twitter.com\/farmaceuticsbcn\",\"https:\/\/www.instagram.com\/farmaceuticsbcn\/\",\"https:\/\/www.linkedin.com\/company\/farmaceuticsbcn\/\"]},{\"@type\":\"Person\",\"@id\":\"https:\/\/www.cofb.org\/#\/schema\/person\/f32de3b41b812c85ff923cb4cc849063\",\"name\":\"Berta Mart\u00ednez\",\"image\":{\"@type\":\"ImageObject\",\"inLanguage\":\"ca\",\"@id\":\"https:\/\/www.cofb.org\/#\/schema\/person\/image\/\",\"url\":\"https:\/\/secure.gravatar.com\/avatar\/d4c584dab5da1ee9e3c3df161c0aabec7075cc8211cd46ffc79bfe177aa78b01?s=96&d=mm&r=g\",\"contentUrl\":\"https:\/\/secure.gravatar.com\/avatar\/d4c584dab5da1ee9e3c3df161c0aabec7075cc8211cd46ffc79bfe177aa78b01?s=96&d=mm&r=g\",\"caption\":\"Berta Mart\u00ednez\"},\"url\":\"https:\/\/www.cofb.org\/ca\/author\/bmartinez\/\"}]}<\/script>\n<!-- \/ Yoast SEO plugin. -->","yoast_head_json":{"title":"Consideracions \u00e8tniques en el consell dermatol\u00f2gic. Nou F\u00f2rum Dermoexpert al COFB\u00a0\u00a0\u00a0\u00a0\u00a0\u00a0\u00a0\u00a0\u00a0\u00a0 - Col\u00b7legi de Farmac\u00e8utics de Barcelona","description":"El passat 28 de novembre, el COFB va organitzar el F\u00f2rum Dermoexpert \u201cConsideracions \u00e8tniques en el consell dermatol\u00f2gic","robots":{"index":"index","follow":"follow","max-snippet":"max-snippet:-1","max-image-preview":"max-image-preview:large","max-video-preview":"max-video-preview:-1"},"canonical":"https:\/\/www.cofb.org\/ca\/2024\/12\/18\/consideracions-etniques-en-el-consell-dermatologic-nou-forum-dermoexpert-al-cofb\/","og_locale":"ca_ES","og_type":"article","og_title":"Consideracions \u00e8tniques en el consell dermatol\u00f2gic. Nou F\u00f2rum Dermoexpert al COFB\u00a0\u00a0\u00a0\u00a0\u00a0\u00a0\u00a0\u00a0\u00a0\u00a0 - Col\u00b7legi de Farmac\u00e8utics de Barcelona","og_description":"El passat 28 de novembre, el COFB va organitzar el F\u00f2rum Dermoexpert \u201cConsideracions \u00e8tniques en el consell dermatol\u00f2gic","og_url":"https:\/\/www.cofb.org\/ca\/2024\/12\/18\/consideracions-etniques-en-el-consell-dermatologic-nou-forum-dermoexpert-al-cofb\/","og_site_name":"Col\u00b7legi de Farmac\u00e8utics de Barcelona","article_publisher":"https:\/\/www.facebook.com\/farmaceuticsbcn\/","article_published_time":"2024-12-18T16:19:27+00:00","article_modified_time":"2024-12-18T16:19:28+00:00","og_image":[{"width":2250,"height":1266,"url":"https:\/\/www.cofb.org\/wp-content\/uploads\/2024\/12\/COFB_CONSIDERACIONS-ETNIQUES_18122024_3.jpg","type":"image\/jpeg"}],"author":"Berta Mart\u00ednez","twitter_card":"summary_large_image","twitter_creator":"@farmaceuticsbcn","twitter_site":"@farmaceuticsbcn","twitter_misc":{"Escrit per":"Berta Mart\u00ednez","Temps estimat de lectura":"5 minuts"},"schema":{"@context":"https:\/\/schema.org","@graph":[{"@type":"Article","@id":"https:\/\/www.cofb.org\/2024\/12\/18\/consideracions-etniques-en-el-consell-dermatologic-nou-forum-dermoexpert-al-cofb\/#article","isPartOf":{"@id":"https:\/\/www.cofb.org\/2024\/12\/18\/consideracions-etniques-en-el-consell-dermatologic-nou-forum-dermoexpert-al-cofb\/"},"author":{"name":"Berta Mart\u00ednez","@id":"https:\/\/www.cofb.org\/#\/schema\/person\/f32de3b41b812c85ff923cb4cc849063"},"headline":"Consideracions \u00e8tniques en el consell dermatol\u00f2gic. Nou F\u00f2rum Dermoexpert al COFB\u00a0\u00a0\u00a0\u00a0\u00a0\u00a0\u00a0\u00a0\u00a0\u00a0","datePublished":"2024-12-18T16:19:27+00:00","dateModified":"2024-12-18T16:19:28+00:00","mainEntityOfPage":{"@id":"https:\/\/www.cofb.org\/2024\/12\/18\/consideracions-etniques-en-el-consell-dermatologic-nou-forum-dermoexpert-al-cofb\/"},"wordCount":727,"publisher":{"@id":"https:\/\/www.cofb.org\/#organization"},"image":{"@id":"https:\/\/www.cofb.org\/2024\/12\/18\/consideracions-etniques-en-el-consell-dermatologic-nou-forum-dermoexpert-al-cofb\/#primaryimage"},"thumbnailUrl":"https:\/\/www.cofb.org\/wp-content\/uploads\/2024\/12\/COFB_CONSIDERACIONS-ETNIQUES_18122024_3.jpg","keywords":["Atenci\u00f3 farmac\u00e8utica","COFB","Col\u00b7legi de Farmac\u00e8utics de Barcelona","consell dermatol\u00f2gic","dermocosm\u00e8tica","Farm\u00e0cia","farm\u00e0cia comunit\u00e0ria","Formaci\u00f3","fotoprotecci\u00f3","Oficina de farm\u00e0cia"],"articleSection":["Destacats","M\u00f3n col\u00b7legial"],"inLanguage":"ca"},{"@type":"WebPage","@id":"https:\/\/www.cofb.org\/2024\/12\/18\/consideracions-etniques-en-el-consell-dermatologic-nou-forum-dermoexpert-al-cofb\/","url":"https:\/\/www.cofb.org\/2024\/12\/18\/consideracions-etniques-en-el-consell-dermatologic-nou-forum-dermoexpert-al-cofb\/","name":"Consideracions \u00e8tniques en el consell dermatol\u00f2gic. Nou F\u00f2rum Dermoexpert al COFB\u00a0\u00a0\u00a0\u00a0\u00a0\u00a0\u00a0\u00a0\u00a0\u00a0 - Col\u00b7legi de Farmac\u00e8utics de Barcelona","isPartOf":{"@id":"https:\/\/www.cofb.org\/#website"},"primaryImageOfPage":{"@id":"https:\/\/www.cofb.org\/2024\/12\/18\/consideracions-etniques-en-el-consell-dermatologic-nou-forum-dermoexpert-al-cofb\/#primaryimage"},"image":{"@id":"https:\/\/www.cofb.org\/2024\/12\/18\/consideracions-etniques-en-el-consell-dermatologic-nou-forum-dermoexpert-al-cofb\/#primaryimage"},"thumbnailUrl":"https:\/\/www.cofb.org\/wp-content\/uploads\/2024\/12\/COFB_CONSIDERACIONS-ETNIQUES_18122024_3.jpg","datePublished":"2024-12-18T16:19:27+00:00","dateModified":"2024-12-18T16:19:28+00:00","description":"El passat 28 de novembre, el COFB va organitzar el F\u00f2rum Dermoexpert \u201cConsideracions \u00e8tniques en el consell dermatol\u00f2gic","breadcrumb":{"@id":"https:\/\/www.cofb.org\/2024\/12\/18\/consideracions-etniques-en-el-consell-dermatologic-nou-forum-dermoexpert-al-cofb\/#breadcrumb"},"inLanguage":"ca","potentialAction":[{"@type":"ReadAction","target":["https:\/\/www.cofb.org\/2024\/12\/18\/consideracions-etniques-en-el-consell-dermatologic-nou-forum-dermoexpert-al-cofb\/"]}]},{"@type":"ImageObject","inLanguage":"ca","@id":"https:\/\/www.cofb.org\/2024\/12\/18\/consideracions-etniques-en-el-consell-dermatologic-nou-forum-dermoexpert-al-cofb\/#primaryimage","url":"https:\/\/www.cofb.org\/wp-content\/uploads\/2024\/12\/COFB_CONSIDERACIONS-ETNIQUES_18122024_3.jpg","contentUrl":"https:\/\/www.cofb.org\/wp-content\/uploads\/2024\/12\/COFB_CONSIDERACIONS-ETNIQUES_18122024_3.jpg","width":2250,"height":1266,"caption":"El doctor\u00a0Daniel Morgado-Carrasco en un moment de la seva exposici\u00f3."},{"@type":"BreadcrumbList","@id":"https:\/\/www.cofb.org\/2024\/12\/18\/consideracions-etniques-en-el-consell-dermatologic-nou-forum-dermoexpert-al-cofb\/#breadcrumb","itemListElement":[{"@type":"ListItem","position":1,"name":"Inici","item":"https:\/\/novaorg.cofb.net\/"},{"@type":"ListItem","position":2,"name":"Consideracions \u00e8tniques en el consell dermatol\u00f2gic. Nou F\u00f2rum Dermoexpert al COFB\u00a0\u00a0\u00a0\u00a0\u00a0\u00a0\u00a0\u00a0\u00a0\u00a0"}]},{"@type":"WebSite","@id":"https:\/\/www.cofb.org\/#website","url":"https:\/\/www.cofb.org\/","name":"Col\u00b7legi de Farmac\u00e8utics de Barcelona","description":"","publisher":{"@id":"https:\/\/www.cofb.org\/#organization"},"potentialAction":[{"@type":"SearchAction","target":{"@type":"EntryPoint","urlTemplate":"https:\/\/www.cofb.org\/?s={search_term_string}"},"query-input":"required name=search_term_string"}],"inLanguage":"ca"},{"@type":"Organization","@id":"https:\/\/www.cofb.org\/#organization","name":"Col\u00b7legi de Farmac\u00e8utics de Barcelona","url":"https:\/\/www.cofb.org\/","logo":{"@type":"ImageObject","inLanguage":"ca","@id":"https:\/\/www.cofb.org\/#\/schema\/logo\/image\/","url":"https:\/\/www.cofb.org\/wp-content\/uploads\/2023\/11\/cropped-Logotip-COFB.png","contentUrl":"https:\/\/www.cofb.org\/wp-content\/uploads\/2023\/11\/cropped-Logotip-COFB.png","width":500,"height":105,"caption":"Col\u00b7legi de Farmac\u00e8utics de Barcelona"},"image":{"@id":"https:\/\/www.cofb.org\/#\/schema\/logo\/image\/"},"sameAs":["https:\/\/www.facebook.com\/farmaceuticsbcn\/","https:\/\/twitter.com\/farmaceuticsbcn","https:\/\/www.instagram.com\/farmaceuticsbcn\/","https:\/\/www.linkedin.com\/company\/farmaceuticsbcn\/"]},{"@type":"Person","@id":"https:\/\/www.cofb.org\/#\/schema\/person\/f32de3b41b812c85ff923cb4cc849063","name":"Berta Mart\u00ednez","image":{"@type":"ImageObject","inLanguage":"ca","@id":"https:\/\/www.cofb.org\/#\/schema\/person\/image\/","url":"https:\/\/secure.gravatar.com\/avatar\/d4c584dab5da1ee9e3c3df161c0aabec7075cc8211cd46ffc79bfe177aa78b01?s=96&d=mm&r=g","contentUrl":"https:\/\/secure.gravatar.com\/avatar\/d4c584dab5da1ee9e3c3df161c0aabec7075cc8211cd46ffc79bfe177aa78b01?s=96&d=mm&r=g","caption":"Berta Mart\u00ednez"},"url":"https:\/\/www.cofb.org\/ca\/author\/bmartinez\/"}]}},"uagb_featured_image_src":{"full":["https:\/\/www.cofb.org\/wp-content\/uploads\/2024\/12\/COFB_CONSIDERACIONS-ETNIQUES_18122024_3.jpg",2250,1266,false],"thumbnail":["https:\/\/www.cofb.org\/wp-content\/uploads\/2024\/12\/COFB_CONSIDERACIONS-ETNIQUES_18122024_3-150x150.jpg",150,150,true],"medium":["https:\/\/www.cofb.org\/wp-content\/uploads\/2024\/12\/COFB_CONSIDERACIONS-ETNIQUES_18122024_3-300x169.jpg",300,169,true],"medium_large":["https:\/\/www.cofb.org\/wp-content\/uploads\/2024\/12\/COFB_CONSIDERACIONS-ETNIQUES_18122024_3-768x432.jpg",768,432,true],"large":["https:\/\/www.cofb.org\/wp-content\/uploads\/2024\/12\/COFB_CONSIDERACIONS-ETNIQUES_18122024_3-1024x576.jpg",1024,576,true],"1536x1536":["https:\/\/www.cofb.org\/wp-content\/uploads\/2024\/12\/COFB_CONSIDERACIONS-ETNIQUES_18122024_3-1536x864.jpg",1536,864,true],"2048x2048":["https:\/\/www.cofb.org\/wp-content\/uploads\/2024\/12\/COFB_CONSIDERACIONS-ETNIQUES_18122024_3-2048x1152.jpg",2048,1152,true],"trp-custom-language-flag":["https:\/\/www.cofb.org\/wp-content\/uploads\/2024\/12\/COFB_CONSIDERACIONS-ETNIQUES_18122024_3-18x10.jpg",18,10,true]},"uagb_author_info":{"display_name":"Berta Mart\u00ednez","author_link":"https:\/\/www.cofb.org\/ca\/author\/bmartinez\/"},"uagb_comment_info":0,"uagb_excerpt":"El passat 28 de novembre, el Col\u00b7legi de Farmac\u00e8utics de Barcelona (COFB) va organitzar el F\u00f2rum Dermoexpert \u201cConsideracions \u00e8tniques en el consell dermatol\u00f2gic\u201d, amb el patrocini d\u2019ISDIN. El F\u00f2rum Dermoexpert va anar a c\u00e0rrec de Daniel Morgado-Carrasco, especialista en dermatologia i cirurgi\u00e0, adjunt al Servei de Dermatologia de l&#8217;Hospital Cl\u00ednic [&hellip;]","_links":{"self":[{"href":"https:\/\/www.cofb.org\/ca\/wp-json\/wp\/v2\/posts\/80143","targetHints":{"allow":["GET"]}}],"collection":[{"href":"https:\/\/www.cofb.org\/ca\/wp-json\/wp\/v2\/posts"}],"about":[{"href":"https:\/\/www.cofb.org\/ca\/wp-json\/wp\/v2\/types\/post"}],"author":[{"embeddable":true,"href":"https:\/\/www.cofb.org\/ca\/wp-json\/wp\/v2\/users\/3"}],"replies":[{"embeddable":true,"href":"https:\/\/www.cofb.org\/ca\/wp-json\/wp\/v2\/comments?post=80143"}],"version-history":[{"count":7,"href":"https:\/\/www.cofb.org\/ca\/wp-json\/wp\/v2\/posts\/80143\/revisions"}],"predecessor-version":[{"id":80157,"href":"https:\/\/www.cofb.org\/ca\/wp-json\/wp\/v2\/posts\/80143\/revisions\/80157"}],"wp:featuredmedia":[{"embeddable":true,"href":"https:\/\/www.cofb.org\/ca\/wp-json\/wp\/v2\/media\/80147"}],"wp:attachment":[{"href":"https:\/\/www.cofb.org\/ca\/wp-json\/wp\/v2\/media?parent=80143"}],"wp:term":[{"taxonomy":"category","embeddable":true,"href":"https:\/\/www.cofb.org\/ca\/wp-json\/wp\/v2\/categories?post=80143"},{"taxonomy":"post_tag","embeddable":true,"href":"https:\/\/www.cofb.org\/ca\/wp-json\/wp\/v2\/tags?post=80143"}],"curies":[{"name":"wp","href":"https:\/\/api.w.org\/{rel}","templated":true}]}}