{"id":80124,"date":"2024-12-19T11:27:55","date_gmt":"2024-12-19T11:27:55","guid":{"rendered":"https:\/\/www.cofb.org\/?p=80124"},"modified":"2024-12-19T11:27:56","modified_gmt":"2024-12-19T11:27:56","slug":"la-festa-infantil-omple-el-cofb-de-nens-nenes-i-la-magia-de-les-paraules","status":"publish","type":"post","link":"https:\/\/www.cofb.org\/ca\/2024\/12\/19\/la-festa-infantil-omple-el-cofb-de-nens-nenes-i-la-magia-de-les-paraules\/","title":{"rendered":"La festa infantil omple el COFB de nens, nenes i la m\u00e0gia de les paraules"},"content":{"rendered":"\n<p>El passat 18 de desembre, el <strong>Col\u00b7legi de Farmac\u00e8utics de Barcelona (COFB) <\/strong>va celebrar una nova edici\u00f3 de la tradicional <strong>festa infantil<\/strong>. Una celebraci\u00f3 que va reunir a diverses fam\u00edlies en una jornada que va tenir lloc a la Sala d\u2019actes del COFB. La secret\u00e0ria del Col\u00b7legi,<strong> Marta Gento<\/strong>, va donar la benvinguda a petits i grans.<\/p>\n\n\n\n<p>Els nens i nenes van gaudir de dol\u00e7os i xocolata abans que comences <strong>l\u2019espectacle \u201cWomagis, el mag de les paraules\u201d<\/strong>. Un espectacle de teatre, titelles, dansa i m\u00e0gia que presenta Kali Teatre.<\/p>\n\n\n\n<figure class=\"wp-block-gallery has-nested-images columns-default is-cropped wp-block-gallery-1 is-layout-flex wp-block-gallery-is-layout-flex\">\n<figure class=\"wp-block-image size-large\"><a href=\"https:\/\/www.cofb.org\/wp-content\/uploads\/2024\/12\/COFB_FESTA-INFANTIL_19122024_1-scaled.jpg\" target=\"_blank\" rel=\"noreferrer noopener\"><img fetchpriority=\"high\" decoding=\"async\" width=\"1024\" height=\"683\" data-id=\"80173\" src=\"https:\/\/www.cofb.org\/wp-content\/uploads\/2024\/12\/COFB_FESTA-INFANTIL_19122024_1-1024x683.jpg\" alt=\"\" class=\"wp-image-80173\" srcset=\"https:\/\/www.cofb.org\/wp-content\/uploads\/2024\/12\/COFB_FESTA-INFANTIL_19122024_1-1024x683.jpg 1024w, https:\/\/www.cofb.org\/wp-content\/uploads\/2024\/12\/COFB_FESTA-INFANTIL_19122024_1-300x200.jpg 300w, https:\/\/www.cofb.org\/wp-content\/uploads\/2024\/12\/COFB_FESTA-INFANTIL_19122024_1-768x512.jpg 768w, https:\/\/www.cofb.org\/wp-content\/uploads\/2024\/12\/COFB_FESTA-INFANTIL_19122024_1-1536x1024.jpg 1536w, https:\/\/www.cofb.org\/wp-content\/uploads\/2024\/12\/COFB_FESTA-INFANTIL_19122024_1-2048x1365.jpg 2048w, https:\/\/www.cofb.org\/wp-content\/uploads\/2024\/12\/COFB_FESTA-INFANTIL_19122024_1-18x12.jpg 18w\" sizes=\"(max-width: 1024px) 100vw, 1024px\" \/><\/a><\/figure>\n\n\n\n<figure class=\"wp-block-image size-large\"><a href=\"https:\/\/www.cofb.org\/wp-content\/uploads\/2024\/12\/COFB_FESTA-INFANTIL_19122024_2-scaled.jpg\" target=\"_blank\" rel=\"noreferrer noopener\"><img decoding=\"async\" width=\"1024\" height=\"683\" data-id=\"80174\" src=\"https:\/\/www.cofb.org\/wp-content\/uploads\/2024\/12\/COFB_FESTA-INFANTIL_19122024_2-1024x683.jpg\" alt=\"\" class=\"wp-image-80174\" srcset=\"https:\/\/www.cofb.org\/wp-content\/uploads\/2024\/12\/COFB_FESTA-INFANTIL_19122024_2-1024x683.jpg 1024w, https:\/\/www.cofb.org\/wp-content\/uploads\/2024\/12\/COFB_FESTA-INFANTIL_19122024_2-300x200.jpg 300w, https:\/\/www.cofb.org\/wp-content\/uploads\/2024\/12\/COFB_FESTA-INFANTIL_19122024_2-768x512.jpg 768w, https:\/\/www.cofb.org\/wp-content\/uploads\/2024\/12\/COFB_FESTA-INFANTIL_19122024_2-1536x1025.jpg 1536w, https:\/\/www.cofb.org\/wp-content\/uploads\/2024\/12\/COFB_FESTA-INFANTIL_19122024_2-2048x1366.jpg 2048w, https:\/\/www.cofb.org\/wp-content\/uploads\/2024\/12\/COFB_FESTA-INFANTIL_19122024_2-18x12.jpg 18w\" sizes=\"(max-width: 1024px) 100vw, 1024px\" \/><\/a><\/figure>\n<\/figure>\n\n\n\n<figure class=\"wp-block-gallery has-nested-images columns-default is-cropped wp-block-gallery-2 is-layout-flex wp-block-gallery-is-layout-flex\">\n<figure class=\"wp-block-image size-large\"><a href=\"https:\/\/www.cofb.org\/wp-content\/uploads\/2024\/12\/COFB_FESTA-INFANTIL_19122024_3-scaled.jpg\" target=\"_blank\" rel=\"noreferrer noopener\"><img decoding=\"async\" width=\"1024\" height=\"683\" data-id=\"80175\" src=\"https:\/\/www.cofb.org\/wp-content\/uploads\/2024\/12\/COFB_FESTA-INFANTIL_19122024_3-1024x683.jpg\" alt=\"\" class=\"wp-image-80175\" srcset=\"https:\/\/www.cofb.org\/wp-content\/uploads\/2024\/12\/COFB_FESTA-INFANTIL_19122024_3-1024x683.jpg 1024w, https:\/\/www.cofb.org\/wp-content\/uploads\/2024\/12\/COFB_FESTA-INFANTIL_19122024_3-300x200.jpg 300w, https:\/\/www.cofb.org\/wp-content\/uploads\/2024\/12\/COFB_FESTA-INFANTIL_19122024_3-768x512.jpg 768w, https:\/\/www.cofb.org\/wp-content\/uploads\/2024\/12\/COFB_FESTA-INFANTIL_19122024_3-1536x1024.jpg 1536w, https:\/\/www.cofb.org\/wp-content\/uploads\/2024\/12\/COFB_FESTA-INFANTIL_19122024_3-2048x1366.jpg 2048w, https:\/\/www.cofb.org\/wp-content\/uploads\/2024\/12\/COFB_FESTA-INFANTIL_19122024_3-18x12.jpg 18w\" sizes=\"(max-width: 1024px) 100vw, 1024px\" \/><\/a><\/figure>\n\n\n\n<figure class=\"wp-block-image size-large\"><a href=\"https:\/\/www.cofb.org\/wp-content\/uploads\/2024\/12\/COFB_FESTA-INFANTIL_19122024_4-scaled.jpg\" target=\"_blank\" rel=\"noreferrer noopener\"><img loading=\"lazy\" decoding=\"async\" width=\"1024\" height=\"683\" data-id=\"80176\" src=\"https:\/\/www.cofb.org\/wp-content\/uploads\/2024\/12\/COFB_FESTA-INFANTIL_19122024_4-1024x683.jpg\" alt=\"\" class=\"wp-image-80176\" srcset=\"https:\/\/www.cofb.org\/wp-content\/uploads\/2024\/12\/COFB_FESTA-INFANTIL_19122024_4-1024x683.jpg 1024w, https:\/\/www.cofb.org\/wp-content\/uploads\/2024\/12\/COFB_FESTA-INFANTIL_19122024_4-300x200.jpg 300w, https:\/\/www.cofb.org\/wp-content\/uploads\/2024\/12\/COFB_FESTA-INFANTIL_19122024_4-768x512.jpg 768w, https:\/\/www.cofb.org\/wp-content\/uploads\/2024\/12\/COFB_FESTA-INFANTIL_19122024_4-1536x1024.jpg 1536w, https:\/\/www.cofb.org\/wp-content\/uploads\/2024\/12\/COFB_FESTA-INFANTIL_19122024_4-2048x1366.jpg 2048w, https:\/\/www.cofb.org\/wp-content\/uploads\/2024\/12\/COFB_FESTA-INFANTIL_19122024_4-18x12.jpg 18w\" sizes=\"(max-width: 1024px) 100vw, 1024px\" \/><\/a><\/figure>\n<\/figure>\n\n\n\n<figure class=\"wp-block-gallery has-nested-images columns-default is-cropped wp-block-gallery-3 is-layout-flex wp-block-gallery-is-layout-flex\">\n<figure class=\"wp-block-image size-large\"><a href=\"https:\/\/www.cofb.org\/wp-content\/uploads\/2024\/12\/COFB_FESTA-INFANTIL_19122024_8-scaled.jpg\" target=\"_blank\" rel=\"noreferrer noopener\"><img loading=\"lazy\" decoding=\"async\" width=\"1024\" height=\"683\" data-id=\"80181\" src=\"https:\/\/www.cofb.org\/wp-content\/uploads\/2024\/12\/COFB_FESTA-INFANTIL_19122024_8-1024x683.jpg\" alt=\"\" class=\"wp-image-80181\" srcset=\"https:\/\/www.cofb.org\/wp-content\/uploads\/2024\/12\/COFB_FESTA-INFANTIL_19122024_8-1024x683.jpg 1024w, https:\/\/www.cofb.org\/wp-content\/uploads\/2024\/12\/COFB_FESTA-INFANTIL_19122024_8-300x200.jpg 300w, https:\/\/www.cofb.org\/wp-content\/uploads\/2024\/12\/COFB_FESTA-INFANTIL_19122024_8-768x512.jpg 768w, https:\/\/www.cofb.org\/wp-content\/uploads\/2024\/12\/COFB_FESTA-INFANTIL_19122024_8-1536x1024.jpg 1536w, https:\/\/www.cofb.org\/wp-content\/uploads\/2024\/12\/COFB_FESTA-INFANTIL_19122024_8-2048x1366.jpg 2048w, https:\/\/www.cofb.org\/wp-content\/uploads\/2024\/12\/COFB_FESTA-INFANTIL_19122024_8-18x12.jpg 18w\" sizes=\"(max-width: 1024px) 100vw, 1024px\" \/><\/a><\/figure>\n\n\n\n<figure class=\"wp-block-image size-large\"><a href=\"https:\/\/www.cofb.org\/wp-content\/uploads\/2024\/12\/COFB_FESTA-INFANTIL_19122024_5-scaled.jpg\" target=\"_blank\" rel=\"noreferrer noopener\"><img loading=\"lazy\" decoding=\"async\" width=\"1024\" height=\"683\" data-id=\"80177\" src=\"https:\/\/www.cofb.org\/wp-content\/uploads\/2024\/12\/COFB_FESTA-INFANTIL_19122024_5-1024x683.jpg\" alt=\"\" class=\"wp-image-80177\" srcset=\"https:\/\/www.cofb.org\/wp-content\/uploads\/2024\/12\/COFB_FESTA-INFANTIL_19122024_5-1024x683.jpg 1024w, https:\/\/www.cofb.org\/wp-content\/uploads\/2024\/12\/COFB_FESTA-INFANTIL_19122024_5-300x200.jpg 300w, https:\/\/www.cofb.org\/wp-content\/uploads\/2024\/12\/COFB_FESTA-INFANTIL_19122024_5-768x512.jpg 768w, https:\/\/www.cofb.org\/wp-content\/uploads\/2024\/12\/COFB_FESTA-INFANTIL_19122024_5-1536x1024.jpg 1536w, https:\/\/www.cofb.org\/wp-content\/uploads\/2024\/12\/COFB_FESTA-INFANTIL_19122024_5-2048x1366.jpg 2048w, https:\/\/www.cofb.org\/wp-content\/uploads\/2024\/12\/COFB_FESTA-INFANTIL_19122024_5-18x12.jpg 18w\" sizes=\"(max-width: 1024px) 100vw, 1024px\" \/><\/a><\/figure>\n<\/figure>\n\n\n\n<figure class=\"wp-block-gallery has-nested-images columns-default is-cropped wp-block-gallery-4 is-layout-flex wp-block-gallery-is-layout-flex\">\n<figure class=\"wp-block-image size-large\"><a href=\"https:\/\/www.cofb.org\/wp-content\/uploads\/2024\/12\/COFB_FESTA-INFANTIL_19122024_6-scaled.jpg\" target=\"_blank\" rel=\"noreferrer noopener\"><img loading=\"lazy\" decoding=\"async\" width=\"1024\" height=\"683\" data-id=\"80178\" src=\"https:\/\/www.cofb.org\/wp-content\/uploads\/2024\/12\/COFB_FESTA-INFANTIL_19122024_6-1024x683.jpg\" alt=\"\" class=\"wp-image-80178\" srcset=\"https:\/\/www.cofb.org\/wp-content\/uploads\/2024\/12\/COFB_FESTA-INFANTIL_19122024_6-1024x683.jpg 1024w, https:\/\/www.cofb.org\/wp-content\/uploads\/2024\/12\/COFB_FESTA-INFANTIL_19122024_6-300x200.jpg 300w, https:\/\/www.cofb.org\/wp-content\/uploads\/2024\/12\/COFB_FESTA-INFANTIL_19122024_6-768x512.jpg 768w, https:\/\/www.cofb.org\/wp-content\/uploads\/2024\/12\/COFB_FESTA-INFANTIL_19122024_6-1536x1024.jpg 1536w, https:\/\/www.cofb.org\/wp-content\/uploads\/2024\/12\/COFB_FESTA-INFANTIL_19122024_6-2048x1365.jpg 2048w, https:\/\/www.cofb.org\/wp-content\/uploads\/2024\/12\/COFB_FESTA-INFANTIL_19122024_6-18x12.jpg 18w\" sizes=\"(max-width: 1024px) 100vw, 1024px\" \/><\/a><\/figure>\n\n\n\n<figure class=\"wp-block-image size-large\"><a href=\"https:\/\/www.cofb.org\/wp-content\/uploads\/2024\/12\/COFB_FESTA-INFANTIL_19122024_7-scaled.jpg\" target=\"_blank\" rel=\"noreferrer noopener\"><img loading=\"lazy\" decoding=\"async\" width=\"1024\" height=\"683\" data-id=\"80180\" src=\"https:\/\/www.cofb.org\/wp-content\/uploads\/2024\/12\/COFB_FESTA-INFANTIL_19122024_7-1024x683.jpg\" alt=\"\" class=\"wp-image-80180\" srcset=\"https:\/\/www.cofb.org\/wp-content\/uploads\/2024\/12\/COFB_FESTA-INFANTIL_19122024_7-1024x683.jpg 1024w, https:\/\/www.cofb.org\/wp-content\/uploads\/2024\/12\/COFB_FESTA-INFANTIL_19122024_7-300x200.jpg 300w, https:\/\/www.cofb.org\/wp-content\/uploads\/2024\/12\/COFB_FESTA-INFANTIL_19122024_7-768x512.jpg 768w, https:\/\/www.cofb.org\/wp-content\/uploads\/2024\/12\/COFB_FESTA-INFANTIL_19122024_7-1536x1024.jpg 1536w, https:\/\/www.cofb.org\/wp-content\/uploads\/2024\/12\/COFB_FESTA-INFANTIL_19122024_7-2048x1365.jpg 2048w, https:\/\/www.cofb.org\/wp-content\/uploads\/2024\/12\/COFB_FESTA-INFANTIL_19122024_7-18x12.jpg 18w\" sizes=\"(max-width: 1024px) 100vw, 1024px\" \/><\/a><\/figure>\n<\/figure>\n\n\n\n<p><div class=\"destacat-blog\">  <\/p>\n\n\n\n<h2 class=\"wp-block-heading\"><strong>XVI Concurs de Dibuix Infantil<\/strong><\/h2>\n\n\n\n<p>En l\u2019acabar l\u2019actuaci\u00f3, la vocal de Dermofarm\u00e0cia i Productes Sanitaris del COFB, <strong>Marta Alcalde<\/strong>, va lliurar els premis als <strong>guanyadors del XVI Concurs de Dibuix Infantil<\/strong>, adre\u00e7at a nens i nenes d\u2019entre 4 i 11 anys. La tem\u00e0tica del concurs d\u2019enguany era: \u201cPintem el Nadal\u201d.<\/p>\n\n\n\n<p>Despr\u00e9s de moltes deliberacions&nbsp; entre tots els treballs presentats,&nbsp; els guanyadors i guanyadores van ser&#8230;<\/p>\n\n\n\n<p class=\"has-text-align-center\"><strong><strong>En la categoria de 4 a 5 anys: Naomi Manresa Isern<\/strong><\/strong><\/p>\n\n\n\n<figure class=\"wp-block-image size-large\"><a href=\"https:\/\/www.cofb.org\/wp-content\/uploads\/2024\/12\/COFB_FESTA-INFANTIL_5NM_Naomi-Manresa-Isern_18122024.jpg\" target=\"_blank\" rel=\"noreferrer noopener\"><img loading=\"lazy\" decoding=\"async\" width=\"1024\" height=\"724\" src=\"https:\/\/www.cofb.org\/wp-content\/uploads\/2024\/12\/COFB_FESTA-INFANTIL_5NM_Naomi-Manresa-Isern_18122024-1024x724.jpg\" alt=\"\" class=\"wp-image-80127\" srcset=\"https:\/\/www.cofb.org\/wp-content\/uploads\/2024\/12\/COFB_FESTA-INFANTIL_5NM_Naomi-Manresa-Isern_18122024-1024x724.jpg 1024w, https:\/\/www.cofb.org\/wp-content\/uploads\/2024\/12\/COFB_FESTA-INFANTIL_5NM_Naomi-Manresa-Isern_18122024-300x212.jpg 300w, https:\/\/www.cofb.org\/wp-content\/uploads\/2024\/12\/COFB_FESTA-INFANTIL_5NM_Naomi-Manresa-Isern_18122024-768x543.jpg 768w, https:\/\/www.cofb.org\/wp-content\/uploads\/2024\/12\/COFB_FESTA-INFANTIL_5NM_Naomi-Manresa-Isern_18122024-1536x1086.jpg 1536w, https:\/\/www.cofb.org\/wp-content\/uploads\/2024\/12\/COFB_FESTA-INFANTIL_5NM_Naomi-Manresa-Isern_18122024-2048x1448.jpg 2048w, https:\/\/www.cofb.org\/wp-content\/uploads\/2024\/12\/COFB_FESTA-INFANTIL_5NM_Naomi-Manresa-Isern_18122024-18x12.jpg 18w\" sizes=\"(max-width: 1024px) 100vw, 1024px\" \/><\/a><\/figure>\n\n\n\n<p class=\"has-text-align-center\"><strong><strong>En la categoria de 6 a 7 anys: Albert Guirado Gento<\/strong><\/strong><\/p>\n\n\n\n<figure class=\"wp-block-image size-large\"><a href=\"https:\/\/www.cofb.org\/wp-content\/uploads\/2024\/12\/COFB_FESTA-INFANTIL_7AG_Albert-Guirado-Gento_18122024-e1734518609784.jpg\" target=\"_blank\" rel=\"noreferrer noopener\"><img loading=\"lazy\" decoding=\"async\" width=\"1024\" height=\"729\" src=\"https:\/\/www.cofb.org\/wp-content\/uploads\/2024\/12\/COFB_FESTA-INFANTIL_7AG_Albert-Guirado-Gento_18122024-e1734518609784-1024x729.jpg\" alt=\"\" class=\"wp-image-80128\" srcset=\"https:\/\/www.cofb.org\/wp-content\/uploads\/2024\/12\/COFB_FESTA-INFANTIL_7AG_Albert-Guirado-Gento_18122024-e1734518609784-1024x729.jpg 1024w, https:\/\/www.cofb.org\/wp-content\/uploads\/2024\/12\/COFB_FESTA-INFANTIL_7AG_Albert-Guirado-Gento_18122024-e1734518609784-300x214.jpg 300w, https:\/\/www.cofb.org\/wp-content\/uploads\/2024\/12\/COFB_FESTA-INFANTIL_7AG_Albert-Guirado-Gento_18122024-e1734518609784-768x547.jpg 768w, https:\/\/www.cofb.org\/wp-content\/uploads\/2024\/12\/COFB_FESTA-INFANTIL_7AG_Albert-Guirado-Gento_18122024-e1734518609784-1536x1094.jpg 1536w, https:\/\/www.cofb.org\/wp-content\/uploads\/2024\/12\/COFB_FESTA-INFANTIL_7AG_Albert-Guirado-Gento_18122024-e1734518609784-2048x1458.jpg 2048w, https:\/\/www.cofb.org\/wp-content\/uploads\/2024\/12\/COFB_FESTA-INFANTIL_7AG_Albert-Guirado-Gento_18122024-e1734518609784-18x12.jpg 18w\" sizes=\"(max-width: 1024px) 100vw, 1024px\" \/><\/a><\/figure>\n\n\n\n<p class=\"has-text-align-center\"><strong><strong>En la categoria de 8 a 9 anys: Carla Santos D\u00edaz<\/strong><\/strong><\/p>\n\n\n\n<figure class=\"wp-block-image size-large\"><a href=\"https:\/\/www.cofb.org\/wp-content\/uploads\/2024\/12\/COFB_FESTA-INFANTIL_9CS_Carla-Santos-Diaz_18122024.jpg\" target=\"_blank\" rel=\"noreferrer noopener\"><img loading=\"lazy\" decoding=\"async\" width=\"760\" height=\"1024\" src=\"https:\/\/www.cofb.org\/wp-content\/uploads\/2024\/12\/COFB_FESTA-INFANTIL_9CS_Carla-Santos-Diaz_18122024-760x1024.jpg\" alt=\"\" class=\"wp-image-80129\" srcset=\"https:\/\/www.cofb.org\/wp-content\/uploads\/2024\/12\/COFB_FESTA-INFANTIL_9CS_Carla-Santos-Diaz_18122024-760x1024.jpg 760w, https:\/\/www.cofb.org\/wp-content\/uploads\/2024\/12\/COFB_FESTA-INFANTIL_9CS_Carla-Santos-Diaz_18122024-223x300.jpg 223w, https:\/\/www.cofb.org\/wp-content\/uploads\/2024\/12\/COFB_FESTA-INFANTIL_9CS_Carla-Santos-Diaz_18122024-768x1035.jpg 768w, https:\/\/www.cofb.org\/wp-content\/uploads\/2024\/12\/COFB_FESTA-INFANTIL_9CS_Carla-Santos-Diaz_18122024-1140x1536.jpg 1140w, https:\/\/www.cofb.org\/wp-content\/uploads\/2024\/12\/COFB_FESTA-INFANTIL_9CS_Carla-Santos-Diaz_18122024-1520x2048.jpg 1520w, https:\/\/www.cofb.org\/wp-content\/uploads\/2024\/12\/COFB_FESTA-INFANTIL_9CS_Carla-Santos-Diaz_18122024-9x12.jpg 9w, https:\/\/www.cofb.org\/wp-content\/uploads\/2024\/12\/COFB_FESTA-INFANTIL_9CS_Carla-Santos-Diaz_18122024.jpg 1654w\" sizes=\"(max-width: 760px) 100vw, 760px\" \/><\/a><\/figure>\n\n\n\n<p class=\"has-text-align-center\"><strong><strong>En la categoria 10 a 11 anys: <strong><strong>Marta Arroyo Granero<\/strong><\/strong><\/strong><\/strong><\/p>\n\n\n\n<figure class=\"wp-block-image size-large is-resized\"><a href=\"https:\/\/www.cofb.org\/wp-content\/uploads\/2024\/12\/COFB_FESTA-INFANTIL_10MA_Marta-Arroyo-Granero_18122024-scaled.jpg\" target=\"_blank\" rel=\"noreferrer noopener\"><img loading=\"lazy\" decoding=\"async\" width=\"1024\" height=\"717\" src=\"https:\/\/www.cofb.org\/wp-content\/uploads\/2024\/12\/COFB_FESTA-INFANTIL_10MA_Marta-Arroyo-Granero_18122024-1024x717.jpg\" alt=\"\" class=\"wp-image-80130\" style=\"width:613px;height:817px\" srcset=\"https:\/\/www.cofb.org\/wp-content\/uploads\/2024\/12\/COFB_FESTA-INFANTIL_10MA_Marta-Arroyo-Granero_18122024-1024x717.jpg 1024w, https:\/\/www.cofb.org\/wp-content\/uploads\/2024\/12\/COFB_FESTA-INFANTIL_10MA_Marta-Arroyo-Granero_18122024-300x210.jpg 300w, https:\/\/www.cofb.org\/wp-content\/uploads\/2024\/12\/COFB_FESTA-INFANTIL_10MA_Marta-Arroyo-Granero_18122024-768x538.jpg 768w, https:\/\/www.cofb.org\/wp-content\/uploads\/2024\/12\/COFB_FESTA-INFANTIL_10MA_Marta-Arroyo-Granero_18122024-1536x1075.jpg 1536w, https:\/\/www.cofb.org\/wp-content\/uploads\/2024\/12\/COFB_FESTA-INFANTIL_10MA_Marta-Arroyo-Granero_18122024-2048x1434.jpg 2048w, https:\/\/www.cofb.org\/wp-content\/uploads\/2024\/12\/COFB_FESTA-INFANTIL_10MA_Marta-Arroyo-Granero_18122024-18x12.jpg 18w\" sizes=\"(max-width: 1024px) 100vw, 1024px\" \/><\/a><\/figure>\n\n\n\n<p>  <\/div>     <\/p>\n\n\n\n<p class=\"has-text-align-right\"><strong>Amb la col\u00b7laboraci\u00f3 de:<\/strong><\/p>\n\n\n\n<figure class=\"wp-block-image alignright size-full is-resized\"><img loading=\"lazy\" decoding=\"async\" width=\"573\" height=\"137\" src=\"https:\/\/www.cofb.org\/wp-content\/uploads\/2024\/12\/COFB_FESTA-INFANTIL_18122024.jpg\" alt=\"\" class=\"wp-image-80133\" style=\"width:623px;height:auto\" srcset=\"https:\/\/www.cofb.org\/wp-content\/uploads\/2024\/12\/COFB_FESTA-INFANTIL_18122024.jpg 573w, https:\/\/www.cofb.org\/wp-content\/uploads\/2024\/12\/COFB_FESTA-INFANTIL_18122024-300x72.jpg 300w, https:\/\/www.cofb.org\/wp-content\/uploads\/2024\/12\/COFB_FESTA-INFANTIL_18122024-18x4.jpg 18w\" sizes=\"(max-width: 573px) 100vw, 573px\" \/><\/figure>\n","protected":false},"excerpt":{"rendered":"<p>El passat 18 de desembre, el Col\u00b7legi de Farmac\u00e8utics de Barcelona (COFB) va celebrar una nova edici\u00f3 de la tradicional festa infantil. Una celebraci\u00f3 que va reunir a diverses fam\u00edlies en una jornada que va tenir lloc a la Sala d\u2019actes del COFB. La secret\u00e0ria del Col\u00b7legi, Marta Gento, va [&hellip;]<\/p>\n","protected":false},"author":3,"featured_media":80177,"comment_status":"closed","ping_status":"closed","sticky":false,"template":"","format":"standard","meta":{"_uag_custom_page_level_css":"","site-sidebar-layout":"default","site-content-layout":"","ast-site-content-layout":"default","site-content-style":"default","site-sidebar-style":"default","ast-global-header-display":"","ast-banner-title-visibility":"","ast-main-header-display":"","ast-hfb-above-header-display":"","ast-hfb-below-header-display":"","ast-hfb-mobile-header-display":"","site-post-title":"","ast-breadcrumbs-content":"","ast-featured-img":"disabled","footer-sml-layout":"","theme-transparent-header-meta":"","adv-header-id-meta":"","stick-header-meta":"","header-above-stick-meta":"","header-main-stick-meta":"","header-below-stick-meta":"","astra-migrate-meta-layouts":"set","ast-page-background-enabled":"default","ast-page-background-meta":{"desktop":{"background-color":"var(--ast-global-color-4)","background-image":"","background-repeat":"repeat","background-position":"center center","background-size":"auto","background-attachment":"scroll","background-type":"","background-media":"","overlay-type":"","overlay-color":"","overlay-opacity":"","overlay-gradient":""},"tablet":{"background-color":"","background-image":"","background-repeat":"repeat","background-position":"center center","background-size":"auto","background-attachment":"scroll","background-type":"","background-media":"","overlay-type":"","overlay-color":"","overlay-opacity":"","overlay-gradient":""},"mobile":{"background-color":"","background-image":"","background-repeat":"repeat","background-position":"center center","background-size":"auto","background-attachment":"scroll","background-type":"","background-media":"","overlay-type":"","overlay-color":"","overlay-opacity":"","overlay-gradient":""}},"ast-content-background-meta":{"desktop":{"background-color":"var(--ast-global-color-5)","background-image":"","background-repeat":"repeat","background-position":"center center","background-size":"auto","background-attachment":"scroll","background-type":"","background-media":"","overlay-type":"","overlay-color":"","overlay-opacity":"","overlay-gradient":""},"tablet":{"background-color":"var(--ast-global-color-5)","background-image":"","background-repeat":"repeat","background-position":"center center","background-size":"auto","background-attachment":"scroll","background-type":"","background-media":"","overlay-type":"","overlay-color":"","overlay-opacity":"","overlay-gradient":""},"mobile":{"background-color":"var(--ast-global-color-5)","background-image":"","background-repeat":"repeat","background-position":"center center","background-size":"auto","background-attachment":"scroll","background-type":"","background-media":"","overlay-type":"","overlay-color":"","overlay-opacity":"","overlay-gradient":""}},"footnotes":""},"categories":[23,57],"tags":[18,19,53,994],"class_list":["post-80124","post","type-post","status-publish","format-standard","has-post-thumbnail","hentry","category-destacats","category-mon-collegial","tag-cofb","tag-collegi-de-farmaceutics-de-barcelona","tag-farmaceutics","tag-festa-infantil"],"yoast_head":"<!-- This site is optimized with the Yoast SEO plugin v22.4 - https:\/\/yoast.com\/wordpress\/plugins\/seo\/ -->\n<title>La festa infantil omple el COFB de nens, nenes i la m\u00e0gia de les paraules - Col\u00b7legi de Farmac\u00e8utics de Barcelona<\/title>\n<meta name=\"description\" content=\"El passat 18 de desembre, el COFB va celebrar una nova edici\u00f3 de la Festa Infantil. Una celebraci\u00f3 que va reunir a diverses fam\u00edlies.\" \/>\n<meta name=\"robots\" content=\"index, follow, max-snippet:-1, max-image-preview:large, max-video-preview:-1\" \/>\n<link rel=\"canonical\" href=\"https:\/\/www.cofb.org\/ca\/2024\/12\/19\/la-festa-infantil-omple-el-cofb-de-nens-nenes-i-la-magia-de-les-paraules\/\" \/>\n<meta property=\"og:locale\" content=\"ca_ES\" \/>\n<meta property=\"og:type\" content=\"article\" \/>\n<meta property=\"og:title\" content=\"La festa infantil omple el COFB de nens, nenes i la m\u00e0gia de les paraules - Col\u00b7legi de Farmac\u00e8utics de Barcelona\" \/>\n<meta property=\"og:description\" content=\"El passat 18 de desembre, el COFB va celebrar una nova edici\u00f3 de la Festa Infantil. Una celebraci\u00f3 que va reunir a diverses fam\u00edlies.\" \/>\n<meta property=\"og:url\" content=\"https:\/\/www.cofb.org\/ca\/2024\/12\/19\/la-festa-infantil-omple-el-cofb-de-nens-nenes-i-la-magia-de-les-paraules\/\" \/>\n<meta property=\"og:site_name\" content=\"Col\u00b7legi de Farmac\u00e8utics de Barcelona\" \/>\n<meta property=\"article:publisher\" content=\"https:\/\/www.facebook.com\/farmaceuticsbcn\/\" \/>\n<meta property=\"article:published_time\" content=\"2024-12-19T11:27:55+00:00\" \/>\n<meta property=\"article:modified_time\" content=\"2024-12-19T11:27:56+00:00\" \/>\n<meta property=\"og:image\" content=\"https:\/\/www.cofb.org\/wp-content\/uploads\/2024\/12\/COFB_FESTA-INFANTIL_19122024_5-scaled.jpg\" \/>\n\t<meta property=\"og:image:width\" content=\"2560\" \/>\n\t<meta property=\"og:image:height\" content=\"1707\" \/>\n\t<meta property=\"og:image:type\" content=\"image\/jpeg\" \/>\n<meta name=\"author\" content=\"Berta Mart\u00ednez\" \/>\n<meta name=\"twitter:card\" content=\"summary_large_image\" \/>\n<meta name=\"twitter:creator\" content=\"@farmaceuticsbcn\" \/>\n<meta name=\"twitter:site\" content=\"@farmaceuticsbcn\" \/>\n<meta name=\"twitter:label1\" content=\"Escrit per\" \/>\n\t<meta name=\"twitter:data1\" content=\"Berta Mart\u00ednez\" \/>\n\t<meta name=\"twitter:label2\" content=\"Temps estimat de lectura\" \/>\n\t<meta name=\"twitter:data2\" content=\"4 minuts\" \/>\n<script type=\"application\/ld+json\" class=\"yoast-schema-graph\">{\"@context\":\"https:\/\/schema.org\",\"@graph\":[{\"@type\":\"Article\",\"@id\":\"https:\/\/www.cofb.org\/2024\/12\/19\/la-festa-infantil-omple-el-cofb-de-nens-nenes-i-la-magia-de-les-paraules\/#article\",\"isPartOf\":{\"@id\":\"https:\/\/www.cofb.org\/2024\/12\/19\/la-festa-infantil-omple-el-cofb-de-nens-nenes-i-la-magia-de-les-paraules\/\"},\"author\":{\"name\":\"Berta Mart\u00ednez\",\"@id\":\"https:\/\/www.cofb.org\/#\/schema\/person\/f32de3b41b812c85ff923cb4cc849063\"},\"headline\":\"La festa infantil omple el COFB de nens, nenes i la m\u00e0gia de les paraules\",\"datePublished\":\"2024-12-19T11:27:55+00:00\",\"dateModified\":\"2024-12-19T11:27:56+00:00\",\"mainEntityOfPage\":{\"@id\":\"https:\/\/www.cofb.org\/2024\/12\/19\/la-festa-infantil-omple-el-cofb-de-nens-nenes-i-la-magia-de-les-paraules\/\"},\"wordCount\":227,\"publisher\":{\"@id\":\"https:\/\/www.cofb.org\/#organization\"},\"image\":{\"@id\":\"https:\/\/www.cofb.org\/2024\/12\/19\/la-festa-infantil-omple-el-cofb-de-nens-nenes-i-la-magia-de-les-paraules\/#primaryimage\"},\"thumbnailUrl\":\"https:\/\/www.cofb.org\/wp-content\/uploads\/2024\/12\/COFB_FESTA-INFANTIL_19122024_5-scaled.jpg\",\"keywords\":[\"COFB\",\"Col\u00b7legi de Farmac\u00e8utics de Barcelona\",\"farmac\u00e8utics\",\"festa infantil\"],\"articleSection\":[\"Destacats\",\"M\u00f3n col\u00b7legial\"],\"inLanguage\":\"ca\"},{\"@type\":\"WebPage\",\"@id\":\"https:\/\/www.cofb.org\/2024\/12\/19\/la-festa-infantil-omple-el-cofb-de-nens-nenes-i-la-magia-de-les-paraules\/\",\"url\":\"https:\/\/www.cofb.org\/2024\/12\/19\/la-festa-infantil-omple-el-cofb-de-nens-nenes-i-la-magia-de-les-paraules\/\",\"name\":\"La festa infantil omple el COFB de nens, nenes i la m\u00e0gia de les paraules - Col\u00b7legi de Farmac\u00e8utics de Barcelona\",\"isPartOf\":{\"@id\":\"https:\/\/www.cofb.org\/#website\"},\"primaryImageOfPage\":{\"@id\":\"https:\/\/www.cofb.org\/2024\/12\/19\/la-festa-infantil-omple-el-cofb-de-nens-nenes-i-la-magia-de-les-paraules\/#primaryimage\"},\"image\":{\"@id\":\"https:\/\/www.cofb.org\/2024\/12\/19\/la-festa-infantil-omple-el-cofb-de-nens-nenes-i-la-magia-de-les-paraules\/#primaryimage\"},\"thumbnailUrl\":\"https:\/\/www.cofb.org\/wp-content\/uploads\/2024\/12\/COFB_FESTA-INFANTIL_19122024_5-scaled.jpg\",\"datePublished\":\"2024-12-19T11:27:55+00:00\",\"dateModified\":\"2024-12-19T11:27:56+00:00\",\"description\":\"El passat 18 de desembre, el COFB va celebrar una nova edici\u00f3 de la Festa Infantil. Una celebraci\u00f3 que va reunir a diverses fam\u00edlies.\",\"breadcrumb\":{\"@id\":\"https:\/\/www.cofb.org\/2024\/12\/19\/la-festa-infantil-omple-el-cofb-de-nens-nenes-i-la-magia-de-les-paraules\/#breadcrumb\"},\"inLanguage\":\"ca\",\"potentialAction\":[{\"@type\":\"ReadAction\",\"target\":[\"https:\/\/www.cofb.org\/2024\/12\/19\/la-festa-infantil-omple-el-cofb-de-nens-nenes-i-la-magia-de-les-paraules\/\"]}]},{\"@type\":\"ImageObject\",\"inLanguage\":\"ca\",\"@id\":\"https:\/\/www.cofb.org\/2024\/12\/19\/la-festa-infantil-omple-el-cofb-de-nens-nenes-i-la-magia-de-les-paraules\/#primaryimage\",\"url\":\"https:\/\/www.cofb.org\/wp-content\/uploads\/2024\/12\/COFB_FESTA-INFANTIL_19122024_5-scaled.jpg\",\"contentUrl\":\"https:\/\/www.cofb.org\/wp-content\/uploads\/2024\/12\/COFB_FESTA-INFANTIL_19122024_5-scaled.jpg\",\"width\":2560,\"height\":1707},{\"@type\":\"BreadcrumbList\",\"@id\":\"https:\/\/www.cofb.org\/2024\/12\/19\/la-festa-infantil-omple-el-cofb-de-nens-nenes-i-la-magia-de-les-paraules\/#breadcrumb\",\"itemListElement\":[{\"@type\":\"ListItem\",\"position\":1,\"name\":\"Inici\",\"item\":\"https:\/\/novaorg.cofb.net\/\"},{\"@type\":\"ListItem\",\"position\":2,\"name\":\"La festa infantil omple el COFB de nens, nenes i la m\u00e0gia de les paraules\"}]},{\"@type\":\"WebSite\",\"@id\":\"https:\/\/www.cofb.org\/#website\",\"url\":\"https:\/\/www.cofb.org\/\",\"name\":\"Col\u00b7legi de Farmac\u00e8utics de Barcelona\",\"description\":\"\",\"publisher\":{\"@id\":\"https:\/\/www.cofb.org\/#organization\"},\"potentialAction\":[{\"@type\":\"SearchAction\",\"target\":{\"@type\":\"EntryPoint\",\"urlTemplate\":\"https:\/\/www.cofb.org\/?s={search_term_string}\"},\"query-input\":\"required name=search_term_string\"}],\"inLanguage\":\"ca\"},{\"@type\":\"Organization\",\"@id\":\"https:\/\/www.cofb.org\/#organization\",\"name\":\"Col\u00b7legi de Farmac\u00e8utics de Barcelona\",\"url\":\"https:\/\/www.cofb.org\/\",\"logo\":{\"@type\":\"ImageObject\",\"inLanguage\":\"ca\",\"@id\":\"https:\/\/www.cofb.org\/#\/schema\/logo\/image\/\",\"url\":\"https:\/\/www.cofb.org\/wp-content\/uploads\/2023\/11\/cropped-Logotip-COFB.png\",\"contentUrl\":\"https:\/\/www.cofb.org\/wp-content\/uploads\/2023\/11\/cropped-Logotip-COFB.png\",\"width\":500,\"height\":105,\"caption\":\"Col\u00b7legi de Farmac\u00e8utics de Barcelona\"},\"image\":{\"@id\":\"https:\/\/www.cofb.org\/#\/schema\/logo\/image\/\"},\"sameAs\":[\"https:\/\/www.facebook.com\/farmaceuticsbcn\/\",\"https:\/\/twitter.com\/farmaceuticsbcn\",\"https:\/\/www.instagram.com\/farmaceuticsbcn\/\",\"https:\/\/www.linkedin.com\/company\/farmaceuticsbcn\/\"]},{\"@type\":\"Person\",\"@id\":\"https:\/\/www.cofb.org\/#\/schema\/person\/f32de3b41b812c85ff923cb4cc849063\",\"name\":\"Berta Mart\u00ednez\",\"image\":{\"@type\":\"ImageObject\",\"inLanguage\":\"ca\",\"@id\":\"https:\/\/www.cofb.org\/#\/schema\/person\/image\/\",\"url\":\"https:\/\/secure.gravatar.com\/avatar\/d4c584dab5da1ee9e3c3df161c0aabec7075cc8211cd46ffc79bfe177aa78b01?s=96&d=mm&r=g\",\"contentUrl\":\"https:\/\/secure.gravatar.com\/avatar\/d4c584dab5da1ee9e3c3df161c0aabec7075cc8211cd46ffc79bfe177aa78b01?s=96&d=mm&r=g\",\"caption\":\"Berta Mart\u00ednez\"},\"url\":\"https:\/\/www.cofb.org\/ca\/author\/bmartinez\/\"}]}<\/script>\n<!-- \/ Yoast SEO plugin. -->","yoast_head_json":{"title":"La festa infantil omple el COFB de nens, nenes i la m\u00e0gia de les paraules - Col\u00b7legi de Farmac\u00e8utics de Barcelona","description":"El passat 18 de desembre, el COFB va celebrar una nova edici\u00f3 de la Festa Infantil. Una celebraci\u00f3 que va reunir a diverses fam\u00edlies.","robots":{"index":"index","follow":"follow","max-snippet":"max-snippet:-1","max-image-preview":"max-image-preview:large","max-video-preview":"max-video-preview:-1"},"canonical":"https:\/\/www.cofb.org\/ca\/2024\/12\/19\/la-festa-infantil-omple-el-cofb-de-nens-nenes-i-la-magia-de-les-paraules\/","og_locale":"ca_ES","og_type":"article","og_title":"La festa infantil omple el COFB de nens, nenes i la m\u00e0gia de les paraules - Col\u00b7legi de Farmac\u00e8utics de Barcelona","og_description":"El passat 18 de desembre, el COFB va celebrar una nova edici\u00f3 de la Festa Infantil. Una celebraci\u00f3 que va reunir a diverses fam\u00edlies.","og_url":"https:\/\/www.cofb.org\/ca\/2024\/12\/19\/la-festa-infantil-omple-el-cofb-de-nens-nenes-i-la-magia-de-les-paraules\/","og_site_name":"Col\u00b7legi de Farmac\u00e8utics de Barcelona","article_publisher":"https:\/\/www.facebook.com\/farmaceuticsbcn\/","article_published_time":"2024-12-19T11:27:55+00:00","article_modified_time":"2024-12-19T11:27:56+00:00","og_image":[{"width":2560,"height":1707,"url":"https:\/\/www.cofb.org\/wp-content\/uploads\/2024\/12\/COFB_FESTA-INFANTIL_19122024_5-scaled.jpg","type":"image\/jpeg"}],"author":"Berta Mart\u00ednez","twitter_card":"summary_large_image","twitter_creator":"@farmaceuticsbcn","twitter_site":"@farmaceuticsbcn","twitter_misc":{"Escrit per":"Berta Mart\u00ednez","Temps estimat de lectura":"4 minuts"},"schema":{"@context":"https:\/\/schema.org","@graph":[{"@type":"Article","@id":"https:\/\/www.cofb.org\/2024\/12\/19\/la-festa-infantil-omple-el-cofb-de-nens-nenes-i-la-magia-de-les-paraules\/#article","isPartOf":{"@id":"https:\/\/www.cofb.org\/2024\/12\/19\/la-festa-infantil-omple-el-cofb-de-nens-nenes-i-la-magia-de-les-paraules\/"},"author":{"name":"Berta Mart\u00ednez","@id":"https:\/\/www.cofb.org\/#\/schema\/person\/f32de3b41b812c85ff923cb4cc849063"},"headline":"La festa infantil omple el COFB de nens, nenes i la m\u00e0gia de les paraules","datePublished":"2024-12-19T11:27:55+00:00","dateModified":"2024-12-19T11:27:56+00:00","mainEntityOfPage":{"@id":"https:\/\/www.cofb.org\/2024\/12\/19\/la-festa-infantil-omple-el-cofb-de-nens-nenes-i-la-magia-de-les-paraules\/"},"wordCount":227,"publisher":{"@id":"https:\/\/www.cofb.org\/#organization"},"image":{"@id":"https:\/\/www.cofb.org\/2024\/12\/19\/la-festa-infantil-omple-el-cofb-de-nens-nenes-i-la-magia-de-les-paraules\/#primaryimage"},"thumbnailUrl":"https:\/\/www.cofb.org\/wp-content\/uploads\/2024\/12\/COFB_FESTA-INFANTIL_19122024_5-scaled.jpg","keywords":["COFB","Col\u00b7legi de Farmac\u00e8utics de Barcelona","farmac\u00e8utics","festa infantil"],"articleSection":["Destacats","M\u00f3n col\u00b7legial"],"inLanguage":"ca"},{"@type":"WebPage","@id":"https:\/\/www.cofb.org\/2024\/12\/19\/la-festa-infantil-omple-el-cofb-de-nens-nenes-i-la-magia-de-les-paraules\/","url":"https:\/\/www.cofb.org\/2024\/12\/19\/la-festa-infantil-omple-el-cofb-de-nens-nenes-i-la-magia-de-les-paraules\/","name":"La festa infantil omple el COFB de nens, nenes i la m\u00e0gia de les paraules - Col\u00b7legi de Farmac\u00e8utics de Barcelona","isPartOf":{"@id":"https:\/\/www.cofb.org\/#website"},"primaryImageOfPage":{"@id":"https:\/\/www.cofb.org\/2024\/12\/19\/la-festa-infantil-omple-el-cofb-de-nens-nenes-i-la-magia-de-les-paraules\/#primaryimage"},"image":{"@id":"https:\/\/www.cofb.org\/2024\/12\/19\/la-festa-infantil-omple-el-cofb-de-nens-nenes-i-la-magia-de-les-paraules\/#primaryimage"},"thumbnailUrl":"https:\/\/www.cofb.org\/wp-content\/uploads\/2024\/12\/COFB_FESTA-INFANTIL_19122024_5-scaled.jpg","datePublished":"2024-12-19T11:27:55+00:00","dateModified":"2024-12-19T11:27:56+00:00","description":"El passat 18 de desembre, el COFB va celebrar una nova edici\u00f3 de la Festa Infantil. Una celebraci\u00f3 que va reunir a diverses fam\u00edlies.","breadcrumb":{"@id":"https:\/\/www.cofb.org\/2024\/12\/19\/la-festa-infantil-omple-el-cofb-de-nens-nenes-i-la-magia-de-les-paraules\/#breadcrumb"},"inLanguage":"ca","potentialAction":[{"@type":"ReadAction","target":["https:\/\/www.cofb.org\/2024\/12\/19\/la-festa-infantil-omple-el-cofb-de-nens-nenes-i-la-magia-de-les-paraules\/"]}]},{"@type":"ImageObject","inLanguage":"ca","@id":"https:\/\/www.cofb.org\/2024\/12\/19\/la-festa-infantil-omple-el-cofb-de-nens-nenes-i-la-magia-de-les-paraules\/#primaryimage","url":"https:\/\/www.cofb.org\/wp-content\/uploads\/2024\/12\/COFB_FESTA-INFANTIL_19122024_5-scaled.jpg","contentUrl":"https:\/\/www.cofb.org\/wp-content\/uploads\/2024\/12\/COFB_FESTA-INFANTIL_19122024_5-scaled.jpg","width":2560,"height":1707},{"@type":"BreadcrumbList","@id":"https:\/\/www.cofb.org\/2024\/12\/19\/la-festa-infantil-omple-el-cofb-de-nens-nenes-i-la-magia-de-les-paraules\/#breadcrumb","itemListElement":[{"@type":"ListItem","position":1,"name":"Inici","item":"https:\/\/novaorg.cofb.net\/"},{"@type":"ListItem","position":2,"name":"La festa infantil omple el COFB de nens, nenes i la m\u00e0gia de les paraules"}]},{"@type":"WebSite","@id":"https:\/\/www.cofb.org\/#website","url":"https:\/\/www.cofb.org\/","name":"Col\u00b7legi de Farmac\u00e8utics de Barcelona","description":"","publisher":{"@id":"https:\/\/www.cofb.org\/#organization"},"potentialAction":[{"@type":"SearchAction","target":{"@type":"EntryPoint","urlTemplate":"https:\/\/www.cofb.org\/?s={search_term_string}"},"query-input":"required name=search_term_string"}],"inLanguage":"ca"},{"@type":"Organization","@id":"https:\/\/www.cofb.org\/#organization","name":"Col\u00b7legi de Farmac\u00e8utics de Barcelona","url":"https:\/\/www.cofb.org\/","logo":{"@type":"ImageObject","inLanguage":"ca","@id":"https:\/\/www.cofb.org\/#\/schema\/logo\/image\/","url":"https:\/\/www.cofb.org\/wp-content\/uploads\/2023\/11\/cropped-Logotip-COFB.png","contentUrl":"https:\/\/www.cofb.org\/wp-content\/uploads\/2023\/11\/cropped-Logotip-COFB.png","width":500,"height":105,"caption":"Col\u00b7legi de Farmac\u00e8utics de Barcelona"},"image":{"@id":"https:\/\/www.cofb.org\/#\/schema\/logo\/image\/"},"sameAs":["https:\/\/www.facebook.com\/farmaceuticsbcn\/","https:\/\/twitter.com\/farmaceuticsbcn","https:\/\/www.instagram.com\/farmaceuticsbcn\/","https:\/\/www.linkedin.com\/company\/farmaceuticsbcn\/"]},{"@type":"Person","@id":"https:\/\/www.cofb.org\/#\/schema\/person\/f32de3b41b812c85ff923cb4cc849063","name":"Berta Mart\u00ednez","image":{"@type":"ImageObject","inLanguage":"ca","@id":"https:\/\/www.cofb.org\/#\/schema\/person\/image\/","url":"https:\/\/secure.gravatar.com\/avatar\/d4c584dab5da1ee9e3c3df161c0aabec7075cc8211cd46ffc79bfe177aa78b01?s=96&d=mm&r=g","contentUrl":"https:\/\/secure.gravatar.com\/avatar\/d4c584dab5da1ee9e3c3df161c0aabec7075cc8211cd46ffc79bfe177aa78b01?s=96&d=mm&r=g","caption":"Berta Mart\u00ednez"},"url":"https:\/\/www.cofb.org\/ca\/author\/bmartinez\/"}]}},"uagb_featured_image_src":{"full":["https:\/\/www.cofb.org\/wp-content\/uploads\/2024\/12\/COFB_FESTA-INFANTIL_19122024_5-scaled.jpg",2560,1707,false],"thumbnail":["https:\/\/www.cofb.org\/wp-content\/uploads\/2024\/12\/COFB_FESTA-INFANTIL_19122024_5-150x150.jpg",150,150,true],"medium":["https:\/\/www.cofb.org\/wp-content\/uploads\/2024\/12\/COFB_FESTA-INFANTIL_19122024_5-300x200.jpg",300,200,true],"medium_large":["https:\/\/www.cofb.org\/wp-content\/uploads\/2024\/12\/COFB_FESTA-INFANTIL_19122024_5-768x512.jpg",768,512,true],"large":["https:\/\/www.cofb.org\/wp-content\/uploads\/2024\/12\/COFB_FESTA-INFANTIL_19122024_5-1024x683.jpg",1024,683,true],"1536x1536":["https:\/\/www.cofb.org\/wp-content\/uploads\/2024\/12\/COFB_FESTA-INFANTIL_19122024_5-1536x1024.jpg",1536,1024,true],"2048x2048":["https:\/\/www.cofb.org\/wp-content\/uploads\/2024\/12\/COFB_FESTA-INFANTIL_19122024_5-2048x1366.jpg",2048,1366,true],"trp-custom-language-flag":["https:\/\/www.cofb.org\/wp-content\/uploads\/2024\/12\/COFB_FESTA-INFANTIL_19122024_5-18x12.jpg",18,12,true]},"uagb_author_info":{"display_name":"Berta Mart\u00ednez","author_link":"https:\/\/www.cofb.org\/ca\/author\/bmartinez\/"},"uagb_comment_info":0,"uagb_excerpt":"El passat 18 de desembre, el Col\u00b7legi de Farmac\u00e8utics de Barcelona (COFB) va celebrar una nova edici\u00f3 de la tradicional festa infantil. Una celebraci\u00f3 que va reunir a diverses fam\u00edlies en una jornada que va tenir lloc a la Sala d\u2019actes del COFB. La secret\u00e0ria del Col\u00b7legi, Marta Gento, va [&hellip;]","_links":{"self":[{"href":"https:\/\/www.cofb.org\/ca\/wp-json\/wp\/v2\/posts\/80124","targetHints":{"allow":["GET"]}}],"collection":[{"href":"https:\/\/www.cofb.org\/ca\/wp-json\/wp\/v2\/posts"}],"about":[{"href":"https:\/\/www.cofb.org\/ca\/wp-json\/wp\/v2\/types\/post"}],"author":[{"embeddable":true,"href":"https:\/\/www.cofb.org\/ca\/wp-json\/wp\/v2\/users\/3"}],"replies":[{"embeddable":true,"href":"https:\/\/www.cofb.org\/ca\/wp-json\/wp\/v2\/comments?post=80124"}],"version-history":[{"count":12,"href":"https:\/\/www.cofb.org\/ca\/wp-json\/wp\/v2\/posts\/80124\/revisions"}],"predecessor-version":[{"id":80183,"href":"https:\/\/www.cofb.org\/ca\/wp-json\/wp\/v2\/posts\/80124\/revisions\/80183"}],"wp:featuredmedia":[{"embeddable":true,"href":"https:\/\/www.cofb.org\/ca\/wp-json\/wp\/v2\/media\/80177"}],"wp:attachment":[{"href":"https:\/\/www.cofb.org\/ca\/wp-json\/wp\/v2\/media?parent=80124"}],"wp:term":[{"taxonomy":"category","embeddable":true,"href":"https:\/\/www.cofb.org\/ca\/wp-json\/wp\/v2\/categories?post=80124"},{"taxonomy":"post_tag","embeddable":true,"href":"https:\/\/www.cofb.org\/ca\/wp-json\/wp\/v2\/tags?post=80124"}],"curies":[{"name":"wp","href":"https:\/\/api.w.org\/{rel}","templated":true}]}}