{"id":79758,"date":"2024-10-30T16:20:34","date_gmt":"2024-10-30T16:20:34","guid":{"rendered":"https:\/\/www.cofb.org\/?p=79758"},"modified":"2024-10-30T16:24:19","modified_gmt":"2024-10-30T16:24:19","slug":"labordatge-integral-de-la-menopausa-a-la-darrera-tertulia-dactualitat-al-cofb","status":"publish","type":"post","link":"https:\/\/www.cofb.org\/ca\/2024\/10\/30\/labordatge-integral-de-la-menopausa-a-la-darrera-tertulia-dactualitat-al-cofb\/","title":{"rendered":"L&#8217;abordatge integral de la menopausa, a la darrera tert\u00falia d&#8217;actualitat al COFB"},"content":{"rendered":"\n<p>El passat 16 d\u2019octubre, el <strong>Col\u00b7legi de Farmac\u00e8utics de Barcelona (COFB) <\/strong>va organitzar la <strong>tert\u00falia d\u2019actualitat \u201cMenopausa 360\u00ba\u201d <\/strong>amb el patrocini d\u2019<a href=\"https:\/\/www.exeltis.es\/\" target=\"_blank\" rel=\"noreferrer noopener\">Exeltis<\/a>. La confer\u00e8ncia, adre\u00e7ada a farmac\u00e8utics comunitaris i coordinada pel vocal d\u2019Alimentaci\u00f3 i Nutrici\u00f3 del COFB, <strong>Oscar Llans\u00f3<\/strong>, va anar a c\u00e0rrec de <strong>Marimer P\u00e9rez<\/strong>, ginec\u00f2loga, obstetra, fundadora i directora de la Cl\u00ednica WoMer, i de <strong>Mireia Castillo<\/strong>, farmac\u00e8utica comunit\u00e0ria i postgrau en dermocosm\u00e8tica per la Universitat de Barcelona.<\/p>\n\n\n\n<figure class=\"wp-block-image size-large\"><a href=\"https:\/\/www.cofb.org\/wp-content\/uploads\/2024\/10\/COFB_MENOPAUSA_23102024_3.jpeg\" target=\"_blank\" rel=\"noreferrer noopener\"><img fetchpriority=\"high\" decoding=\"async\" width=\"1024\" height=\"576\" src=\"https:\/\/www.cofb.org\/wp-content\/uploads\/2024\/10\/COFB_MENOPAUSA_23102024_3-1024x576.jpeg\" alt=\"\" class=\"wp-image-79766\" srcset=\"https:\/\/www.cofb.org\/wp-content\/uploads\/2024\/10\/COFB_MENOPAUSA_23102024_3-1024x576.jpeg 1024w, https:\/\/www.cofb.org\/wp-content\/uploads\/2024\/10\/COFB_MENOPAUSA_23102024_3-300x169.jpeg 300w, https:\/\/www.cofb.org\/wp-content\/uploads\/2024\/10\/COFB_MENOPAUSA_23102024_3-768x432.jpeg 768w, https:\/\/www.cofb.org\/wp-content\/uploads\/2024\/10\/COFB_MENOPAUSA_23102024_3-1536x864.jpeg 1536w, https:\/\/www.cofb.org\/wp-content\/uploads\/2024\/10\/COFB_MENOPAUSA_23102024_3-18x10.jpeg 18w, https:\/\/www.cofb.org\/wp-content\/uploads\/2024\/10\/COFB_MENOPAUSA_23102024_3.jpeg 1600w\" sizes=\"(max-width: 1024px) 100vw, 1024px\" \/><\/a><figcaption class=\"wp-element-caption\">D&#8217;esquerra a dreta: Oscar Llans\u00f3, Mireia Castillo i la Dra. Marimer P\u00e9rez.<\/figcaption><\/figure>\n\n\n\n<p>Els <strong>objectius <\/strong>de la formaci\u00f3 van ser <strong>comprendre els canvis fisiol\u00f2gics i emocionals <\/strong>de la menopausa, enfortir el <strong>rol del professional farmac\u00e8utic en l&#8217;atenci\u00f3 a dones menop\u00e0usiques<\/strong>, <strong>abordar tractaments farmacol\u00f2gics i d&#8217;indicaci\u00f3 farmac\u00e8utica<\/strong>, <strong>promoure l&#8217;educaci\u00f3 i la sensibilitzaci\u00f3<\/strong> i <strong>fomentar l&#8217;autocura i la prevenci\u00f3 en la menopausa<\/strong>.<\/p>\n\n\n\n<h2 class=\"wp-block-heading\"><strong>Canvis fisiol\u00f2gics, emocionals i opcions terap\u00e8utiques pels s\u00edmptomes de la menopausa<\/strong><\/h2>\n\n\n\n<p>En primer lloc, va intervenir la Dra. Marimer P\u00e9rez, ginec\u00f2loga, obstetra, fundadora i directora de la Cl\u00ednica WoMer que va descriure la menopausa com<strong> \u201cel cessament permanent de la menstruaci\u00f3, que es determina de manera retrospectiva despr\u00e9s de 12 mesos consecutius d\u2019amenorrea\u201d<\/strong>. Va indicar que <strong>l\u2019edat mitjana a Espanya \u00e9s de 51,7 anys<\/strong> i que entre els <strong>s\u00edmptomes m\u00e9s freq\u00fcents<\/strong> destaquen els <strong>vasomotors<\/strong> (fogots), els <strong>genitourinaris<\/strong> (atr\u00f2fia vulvovaginal), els <strong>psicol\u00f2gics<\/strong> (canvis d\u2019humor o l\u2019insomni) i <strong>l\u2019osteoporosi<\/strong>. Alhora, va fer menci\u00f3 de la <strong>disminuci\u00f3 de la libido<\/strong> coincidint amb la menopausa, ja que <strong>\u201cla fluctuaci\u00f3 hormonal influeix particularment sobre la intensitat del desig femen\u00ed\u201d<\/strong>.<\/p>\n\n\n\n<figure class=\"wp-block-image size-large\"><a href=\"https:\/\/www.cofb.org\/wp-content\/uploads\/2024\/10\/COFB_MENOPAUSA_23102024_1-scaled.jpg\" target=\"_blank\" rel=\"noreferrer noopener\"><img decoding=\"async\" width=\"1024\" height=\"576\" src=\"https:\/\/www.cofb.org\/wp-content\/uploads\/2024\/10\/COFB_MENOPAUSA_23102024_1-1024x576.jpg\" alt=\"La Dra. Marimer P\u00e9rez durant la seva presentaci\u00f3. \" class=\"wp-image-79764\" srcset=\"https:\/\/www.cofb.org\/wp-content\/uploads\/2024\/10\/COFB_MENOPAUSA_23102024_1-1024x576.jpg 1024w, https:\/\/www.cofb.org\/wp-content\/uploads\/2024\/10\/COFB_MENOPAUSA_23102024_1-300x169.jpg 300w, https:\/\/www.cofb.org\/wp-content\/uploads\/2024\/10\/COFB_MENOPAUSA_23102024_1-768x432.jpg 768w, https:\/\/www.cofb.org\/wp-content\/uploads\/2024\/10\/COFB_MENOPAUSA_23102024_1-1536x864.jpg 1536w, https:\/\/www.cofb.org\/wp-content\/uploads\/2024\/10\/COFB_MENOPAUSA_23102024_1-2048x1152.jpg 2048w, https:\/\/www.cofb.org\/wp-content\/uploads\/2024\/10\/COFB_MENOPAUSA_23102024_1-18x10.jpg 18w\" sizes=\"(max-width: 1024px) 100vw, 1024px\" \/><\/a><figcaption class=\"wp-element-caption\">La Dra. Marimer P\u00e9rez durant la seva presentaci\u00f3. <\/figcaption><\/figure>\n\n\n\n<p>A continuaci\u00f3, la doctora va parlar sobre la <strong>ter\u00e0pia hormonal de la menopausa<\/strong>, que <strong>\u201ct\u00e9 molts m\u00e9s beneficis que riscos quan est\u00e0 ben indicada\u201d. <\/strong>Per aquesta ra\u00f3, la ginec\u00f2loga va detallar quins s\u00f3n els <strong>criteris per prescriure aquesta ter\u00e0pia, aix\u00ed com els tipus de preparats, la dosi i la forma d\u2019administraci\u00f3.<\/strong><\/p>\n\n\n\n<p>Per la seva banda, <strong>Mireia Castillo<\/strong>, farmac\u00e8utica comunit\u00e0ria i postgrau en dermocosm\u00e8tica per la Universitat de Barcelona va abordar els <strong>actius m\u00e9s utilitzats<\/strong> i amb m\u00e9s evid\u00e8ncia per al tractament dels s\u00edmptomes de la menopausa. En aquest sentit, la farmac\u00e8utica va fer refer\u00e8ncia als <strong>fitoestr\u00f2gens de soja<\/strong>, l\u2019<strong>extracte de citoplasm\u00e0tic de pol\u00b7len<\/strong>, l\u2019<strong>oli d\u2019onagre<\/strong>, la <strong>s\u00e0lvia<\/strong>, la <strong>cimic\u00edfuga<\/strong> <strong>racemosa<\/strong> i els <strong>probi\u00f2tics<\/strong> per refor\u00e7ar la flora vaginal. Castillo va remarcar que <strong>\u201cels beneficis variaran molt segons la persona\u201d<\/strong>. Tamb\u00e9 va fer refer\u00e8ncia a un estudi en el qual van participar 156 dones, en qu\u00e8 van observar que a partir d\u2019un complement nutricional que inclo\u00efa diferents principis actius, <strong>es redu\u00efen els fogots un 48%, les alteracions del son un 46% i la irritabilitat un 47%.<\/strong><\/p>\n\n\n\n<p>Concretament, va especificar actius que ajuden als <strong>s\u00edmptomes vasomotors i psicol\u00f2gics<\/strong> com el <strong>ll\u00fapol<\/strong> \u201calleugera significativament els fogots i millorar la qualitat de vida del 90% de les dones en sis setmanes\u201d; <strong>l\u2019oli d\u2019onagre<\/strong>, \u201cajuda a disminuir la intensitat dels fogots i, a m\u00e9s, la seva freq\u00fc\u00e8ncia durant la nit\u201d; el <strong>tript\u00f2fan<\/strong>, que \u00e9s \u201cun precursor de la serotonina i la melatonina i ajuda a disminuir el temps necessari per a la conciliaci\u00f3 del son\u201d; el <strong>safr\u00e0<\/strong>, que \u201c\u00e9s un potent inhibidor de la recaptaci\u00f3 dels neurotransmissors, augmenta les concentracions de serotonina, dopamina i noradrenalina i ajuda a millorar l\u2019\u00e0nim\u201d. Seguidament, va compartir diferents actius que <strong>ajuden al d\u00e8ficit ossi <\/strong>com el <strong>calci, la vitamina D3 i la vitamina K2<\/strong>; actius que <strong>ajuden la s\u00edndrome genitourin\u00e0ria de la menopausa <\/strong>com l\u2019<strong>\u00e0loe vera<\/strong>, <strong>l\u2019\u00e0cid l\u00e0ctic i la glicerina<\/strong>; i, finalment, actius que <strong>ajuden a la libido<\/strong> com la <strong>damiana<\/strong>, la <strong>maca<\/strong>, <strong>l\u2019ashwagandha <\/strong>i el <strong>ginkgo<\/strong>.<\/p>\n\n\n\n<figure class=\"wp-block-image size-large\"><a href=\"https:\/\/www.cofb.org\/wp-content\/uploads\/2024\/10\/COFB_MENOPAUSA_23102024_2-scaled.jpg\" target=\"_blank\" rel=\"noreferrer noopener\"><img decoding=\"async\" width=\"1024\" height=\"576\" src=\"https:\/\/www.cofb.org\/wp-content\/uploads\/2024\/10\/COFB_MENOPAUSA_23102024_2-1024x576.jpg\" alt=\"Mireia Castillo en un moment de la seva exposici\u00f3. \" class=\"wp-image-79765\" srcset=\"https:\/\/www.cofb.org\/wp-content\/uploads\/2024\/10\/COFB_MENOPAUSA_23102024_2-1024x576.jpg 1024w, https:\/\/www.cofb.org\/wp-content\/uploads\/2024\/10\/COFB_MENOPAUSA_23102024_2-300x169.jpg 300w, https:\/\/www.cofb.org\/wp-content\/uploads\/2024\/10\/COFB_MENOPAUSA_23102024_2-768x432.jpg 768w, https:\/\/www.cofb.org\/wp-content\/uploads\/2024\/10\/COFB_MENOPAUSA_23102024_2-1536x864.jpg 1536w, https:\/\/www.cofb.org\/wp-content\/uploads\/2024\/10\/COFB_MENOPAUSA_23102024_2-2048x1152.jpg 2048w, https:\/\/www.cofb.org\/wp-content\/uploads\/2024\/10\/COFB_MENOPAUSA_23102024_2-18x10.jpg 18w\" sizes=\"(max-width: 1024px) 100vw, 1024px\" \/><\/a><figcaption class=\"wp-element-caption\">Mireia Castillo en un moment de la seva exposici\u00f3. <\/figcaption><\/figure>\n\n\n\n<p>A la darrera part de la <strong>tert\u00falia d\u2019actualitat<\/strong>, ambdues professionals, la Dra. P\u00e9rez i la farmac\u00e8utica Castillo, van compartir <strong>consells i recomanacions<\/strong> sobre l\u2019estil de vida, pel que fa a l\u2019alimentaci\u00f3, els h\u00e0bits de vida saludables i l\u2019activitat f\u00edsica. Tanmateix, van fer al\u00b7lusi\u00f3 a les eines d\u2019educaci\u00f3 i sensibilitzaci\u00f3 i, finalment, la farmac\u00e8utica va indicar les <strong>preocupacions m\u00e9s freq\u00fcents que motiven la consulta a la farm\u00e0cia<\/strong> com s\u00f3n els fogots, l\u2019insomni, els canvis d\u2019humor, la sequedat vaginal, la falta de mem\u00f2ria, l\u2019augment de pes, la flaccidesa cut\u00e0nia i la disminuci\u00f3 de la libido. Per tancar la sessi\u00f3, Castillo va destacar la import\u00e0ncia de la comunicaci\u00f3 efectiva i emp\u00e0tica en l\u2019atenci\u00f3 di\u00e0ria.<\/p>\n\n\n\n<p class=\"has-text-align-right\"><strong>Amb el patrocini de:<\/strong><\/p>\n\n\n\n<figure class=\"wp-block-image alignright size-large is-resized\"><a href=\"https:\/\/www.exeltis.es\/\" target=\"_blank\" rel=\"noreferrer noopener\"><img loading=\"lazy\" decoding=\"async\" width=\"1024\" height=\"442\" src=\"https:\/\/www.cofb.org\/wp-content\/uploads\/2024\/10\/EXELTIS_transparent-1024x442.png\" alt=\"\" class=\"wp-image-79761\" style=\"width:183px;height:auto\" srcset=\"https:\/\/www.cofb.org\/wp-content\/uploads\/2024\/10\/EXELTIS_transparent-1024x442.png 1024w, https:\/\/www.cofb.org\/wp-content\/uploads\/2024\/10\/EXELTIS_transparent-300x130.png 300w, https:\/\/www.cofb.org\/wp-content\/uploads\/2024\/10\/EXELTIS_transparent-768x332.png 768w, https:\/\/www.cofb.org\/wp-content\/uploads\/2024\/10\/EXELTIS_transparent-1536x663.png 1536w, https:\/\/www.cofb.org\/wp-content\/uploads\/2024\/10\/EXELTIS_transparent-18x8.png 18w, https:\/\/www.cofb.org\/wp-content\/uploads\/2024\/10\/EXELTIS_transparent.png 1714w\" sizes=\"(max-width: 1024px) 100vw, 1024px\" \/><\/a><\/figure>\n","protected":false},"excerpt":{"rendered":"<p>El passat 16 d\u2019octubre, el Col\u00b7legi de Farmac\u00e8utics de Barcelona (COFB) va organitzar la tert\u00falia d\u2019actualitat \u201cMenopausa 360\u00ba\u201d amb el patrocini d\u2019Exeltis. La confer\u00e8ncia, adre\u00e7ada a farmac\u00e8utics comunitaris i coordinada pel vocal d\u2019Alimentaci\u00f3 i Nutrici\u00f3 del COFB, Oscar Llans\u00f3, va anar a c\u00e0rrec de Marimer P\u00e9rez, ginec\u00f2loga, obstetra, fundadora i [&hellip;]<\/p>\n","protected":false},"author":3,"featured_media":79764,"comment_status":"closed","ping_status":"closed","sticky":false,"template":"","format":"standard","meta":{"_uag_custom_page_level_css":"","site-sidebar-layout":"default","site-content-layout":"","ast-site-content-layout":"default","site-content-style":"default","site-sidebar-style":"default","ast-global-header-display":"","ast-banner-title-visibility":"","ast-main-header-display":"","ast-hfb-above-header-display":"","ast-hfb-below-header-display":"","ast-hfb-mobile-header-display":"","site-post-title":"","ast-breadcrumbs-content":"","ast-featured-img":"disabled","footer-sml-layout":"","theme-transparent-header-meta":"","adv-header-id-meta":"","stick-header-meta":"","header-above-stick-meta":"","header-main-stick-meta":"","header-below-stick-meta":"","astra-migrate-meta-layouts":"set","ast-page-background-enabled":"default","ast-page-background-meta":{"desktop":{"background-color":"var(--ast-global-color-4)","background-image":"","background-repeat":"repeat","background-position":"center center","background-size":"auto","background-attachment":"scroll","background-type":"","background-media":"","overlay-type":"","overlay-color":"","overlay-opacity":"","overlay-gradient":""},"tablet":{"background-color":"","background-image":"","background-repeat":"repeat","background-position":"center center","background-size":"auto","background-attachment":"scroll","background-type":"","background-media":"","overlay-type":"","overlay-color":"","overlay-opacity":"","overlay-gradient":""},"mobile":{"background-color":"","background-image":"","background-repeat":"repeat","background-position":"center center","background-size":"auto","background-attachment":"scroll","background-type":"","background-media":"","overlay-type":"","overlay-color":"","overlay-opacity":"","overlay-gradient":""}},"ast-content-background-meta":{"desktop":{"background-color":"var(--ast-global-color-5)","background-image":"","background-repeat":"repeat","background-position":"center center","background-size":"auto","background-attachment":"scroll","background-type":"","background-media":"","overlay-type":"","overlay-color":"","overlay-opacity":"","overlay-gradient":""},"tablet":{"background-color":"var(--ast-global-color-5)","background-image":"","background-repeat":"repeat","background-position":"center center","background-size":"auto","background-attachment":"scroll","background-type":"","background-media":"","overlay-type":"","overlay-color":"","overlay-opacity":"","overlay-gradient":""},"mobile":{"background-color":"var(--ast-global-color-5)","background-image":"","background-repeat":"repeat","background-position":"center center","background-size":"auto","background-attachment":"scroll","background-type":"","background-media":"","overlay-type":"","overlay-color":"","overlay-opacity":"","overlay-gradient":""}},"footnotes":""},"categories":[23,57],"tags":[4854,64,18,19,53,68,69,70,352,76,3417,5140,752,4819,139],"class_list":["post-79758","post","type-post","status-publish","format-standard","has-post-thumbnail","hentry","category-destacats","category-mon-collegial","tag-actius","tag-atencio-farmaceutica","tag-cofb","tag-collegi-de-farmaceutics-de-barcelona","tag-farmaceutics","tag-farmacia","tag-farmacia-comunitaria","tag-formacio","tag-menopausa","tag-oficina-de-farmacia","tag-principis-actius","tag-simptomes","tag-terapia","tag-terapia-hormonal","tag-tertulia-actualitat"],"yoast_head":"<!-- This site is optimized with the Yoast SEO plugin v22.4 - https:\/\/yoast.com\/wordpress\/plugins\/seo\/ -->\n<title>L&#039;abordatge integral de la menopausa, a la darrera tert\u00falia d&#039;actualitat al COFB - Col\u00b7legi de Farmac\u00e8utics de Barcelona<\/title>\n<meta name=\"description\" content=\"El passat 16 d\u2019octubre, el COFB va organitzar la tert\u00falia d\u2019actualitat \u201cMenopausa 360\u00ba\u201d amb el patrocini d\u2019Exeltis.\" \/>\n<meta name=\"robots\" content=\"index, follow, max-snippet:-1, max-image-preview:large, max-video-preview:-1\" \/>\n<link rel=\"canonical\" href=\"https:\/\/www.cofb.org\/ca\/2024\/10\/30\/labordatge-integral-de-la-menopausa-a-la-darrera-tertulia-dactualitat-al-cofb\/\" \/>\n<meta property=\"og:locale\" content=\"ca_ES\" \/>\n<meta property=\"og:type\" content=\"article\" \/>\n<meta property=\"og:title\" content=\"L&#039;abordatge integral de la menopausa, a la darrera tert\u00falia d&#039;actualitat al COFB - Col\u00b7legi de Farmac\u00e8utics de Barcelona\" \/>\n<meta property=\"og:description\" content=\"El passat 16 d\u2019octubre, el COFB va organitzar la tert\u00falia d\u2019actualitat \u201cMenopausa 360\u00ba\u201d amb el patrocini d\u2019Exeltis.\" \/>\n<meta property=\"og:url\" content=\"https:\/\/www.cofb.org\/ca\/2024\/10\/30\/labordatge-integral-de-la-menopausa-a-la-darrera-tertulia-dactualitat-al-cofb\/\" \/>\n<meta property=\"og:site_name\" content=\"Col\u00b7legi de Farmac\u00e8utics de Barcelona\" \/>\n<meta property=\"article:publisher\" content=\"https:\/\/www.facebook.com\/farmaceuticsbcn\/\" \/>\n<meta property=\"article:published_time\" content=\"2024-10-30T16:20:34+00:00\" \/>\n<meta property=\"article:modified_time\" content=\"2024-10-30T16:24:19+00:00\" \/>\n<meta property=\"og:image\" content=\"https:\/\/www.cofb.org\/wp-content\/uploads\/2024\/10\/COFB_MENOPAUSA_23102024_1-scaled.jpg\" \/>\n\t<meta property=\"og:image:width\" content=\"2560\" \/>\n\t<meta property=\"og:image:height\" content=\"1440\" \/>\n\t<meta property=\"og:image:type\" content=\"image\/jpeg\" \/>\n<meta name=\"author\" content=\"Berta Mart\u00ednez\" \/>\n<meta name=\"twitter:card\" content=\"summary_large_image\" \/>\n<meta name=\"twitter:creator\" content=\"@farmaceuticsbcn\" \/>\n<meta name=\"twitter:site\" content=\"@farmaceuticsbcn\" \/>\n<meta name=\"twitter:label1\" content=\"Escrit per\" \/>\n\t<meta name=\"twitter:data1\" content=\"Berta Mart\u00ednez\" \/>\n\t<meta name=\"twitter:label2\" content=\"Temps estimat de lectura\" \/>\n\t<meta name=\"twitter:data2\" content=\"5 minuts\" \/>\n<script type=\"application\/ld+json\" class=\"yoast-schema-graph\">{\"@context\":\"https:\/\/schema.org\",\"@graph\":[{\"@type\":\"Article\",\"@id\":\"https:\/\/www.cofb.org\/2024\/10\/30\/labordatge-integral-de-la-menopausa-a-la-darrera-tertulia-dactualitat-al-cofb\/#article\",\"isPartOf\":{\"@id\":\"https:\/\/www.cofb.org\/2024\/10\/30\/labordatge-integral-de-la-menopausa-a-la-darrera-tertulia-dactualitat-al-cofb\/\"},\"author\":{\"name\":\"Berta Mart\u00ednez\",\"@id\":\"https:\/\/www.cofb.org\/#\/schema\/person\/f32de3b41b812c85ff923cb4cc849063\"},\"headline\":\"L&#8217;abordatge integral de la menopausa, a la darrera tert\u00falia d&#8217;actualitat al COFB\",\"datePublished\":\"2024-10-30T16:20:34+00:00\",\"dateModified\":\"2024-10-30T16:24:19+00:00\",\"mainEntityOfPage\":{\"@id\":\"https:\/\/www.cofb.org\/2024\/10\/30\/labordatge-integral-de-la-menopausa-a-la-darrera-tertulia-dactualitat-al-cofb\/\"},\"wordCount\":826,\"publisher\":{\"@id\":\"https:\/\/www.cofb.org\/#organization\"},\"image\":{\"@id\":\"https:\/\/www.cofb.org\/2024\/10\/30\/labordatge-integral-de-la-menopausa-a-la-darrera-tertulia-dactualitat-al-cofb\/#primaryimage\"},\"thumbnailUrl\":\"https:\/\/www.cofb.org\/wp-content\/uploads\/2024\/10\/COFB_MENOPAUSA_23102024_1-scaled.jpg\",\"keywords\":[\"actius\",\"Atenci\u00f3 farmac\u00e8utica\",\"COFB\",\"Col\u00b7legi de Farmac\u00e8utics de Barcelona\",\"farmac\u00e8utics\",\"Farm\u00e0cia\",\"farm\u00e0cia comunit\u00e0ria\",\"Formaci\u00f3\",\"menopausa\",\"Oficina de farm\u00e0cia\",\"principis actius\",\"s\u00edmptomes\",\"ter\u00e0pia\",\"ter\u00e0pia hormonal\",\"tert\u00falia actualitat\"],\"articleSection\":[\"Destacats\",\"M\u00f3n col\u00b7legial\"],\"inLanguage\":\"ca\"},{\"@type\":\"WebPage\",\"@id\":\"https:\/\/www.cofb.org\/2024\/10\/30\/labordatge-integral-de-la-menopausa-a-la-darrera-tertulia-dactualitat-al-cofb\/\",\"url\":\"https:\/\/www.cofb.org\/2024\/10\/30\/labordatge-integral-de-la-menopausa-a-la-darrera-tertulia-dactualitat-al-cofb\/\",\"name\":\"L'abordatge integral de la menopausa, a la darrera tert\u00falia d'actualitat al COFB - Col\u00b7legi de Farmac\u00e8utics de Barcelona\",\"isPartOf\":{\"@id\":\"https:\/\/www.cofb.org\/#website\"},\"primaryImageOfPage\":{\"@id\":\"https:\/\/www.cofb.org\/2024\/10\/30\/labordatge-integral-de-la-menopausa-a-la-darrera-tertulia-dactualitat-al-cofb\/#primaryimage\"},\"image\":{\"@id\":\"https:\/\/www.cofb.org\/2024\/10\/30\/labordatge-integral-de-la-menopausa-a-la-darrera-tertulia-dactualitat-al-cofb\/#primaryimage\"},\"thumbnailUrl\":\"https:\/\/www.cofb.org\/wp-content\/uploads\/2024\/10\/COFB_MENOPAUSA_23102024_1-scaled.jpg\",\"datePublished\":\"2024-10-30T16:20:34+00:00\",\"dateModified\":\"2024-10-30T16:24:19+00:00\",\"description\":\"El passat 16 d\u2019octubre, el COFB va organitzar la tert\u00falia d\u2019actualitat \u201cMenopausa 360\u00ba\u201d amb el patrocini d\u2019Exeltis.\",\"breadcrumb\":{\"@id\":\"https:\/\/www.cofb.org\/2024\/10\/30\/labordatge-integral-de-la-menopausa-a-la-darrera-tertulia-dactualitat-al-cofb\/#breadcrumb\"},\"inLanguage\":\"ca\",\"potentialAction\":[{\"@type\":\"ReadAction\",\"target\":[\"https:\/\/www.cofb.org\/2024\/10\/30\/labordatge-integral-de-la-menopausa-a-la-darrera-tertulia-dactualitat-al-cofb\/\"]}]},{\"@type\":\"ImageObject\",\"inLanguage\":\"ca\",\"@id\":\"https:\/\/www.cofb.org\/2024\/10\/30\/labordatge-integral-de-la-menopausa-a-la-darrera-tertulia-dactualitat-al-cofb\/#primaryimage\",\"url\":\"https:\/\/www.cofb.org\/wp-content\/uploads\/2024\/10\/COFB_MENOPAUSA_23102024_1-scaled.jpg\",\"contentUrl\":\"https:\/\/www.cofb.org\/wp-content\/uploads\/2024\/10\/COFB_MENOPAUSA_23102024_1-scaled.jpg\",\"width\":2560,\"height\":1440,\"caption\":\"La Dra. Marimer P\u00e9rez durant la seva presentaci\u00f3.\"},{\"@type\":\"BreadcrumbList\",\"@id\":\"https:\/\/www.cofb.org\/2024\/10\/30\/labordatge-integral-de-la-menopausa-a-la-darrera-tertulia-dactualitat-al-cofb\/#breadcrumb\",\"itemListElement\":[{\"@type\":\"ListItem\",\"position\":1,\"name\":\"Inici\",\"item\":\"https:\/\/novaorg.cofb.net\/\"},{\"@type\":\"ListItem\",\"position\":2,\"name\":\"L&#8217;abordatge integral de la menopausa, a la darrera tert\u00falia d&#8217;actualitat al COFB\"}]},{\"@type\":\"WebSite\",\"@id\":\"https:\/\/www.cofb.org\/#website\",\"url\":\"https:\/\/www.cofb.org\/\",\"name\":\"Col\u00b7legi de Farmac\u00e8utics de Barcelona\",\"description\":\"\",\"publisher\":{\"@id\":\"https:\/\/www.cofb.org\/#organization\"},\"potentialAction\":[{\"@type\":\"SearchAction\",\"target\":{\"@type\":\"EntryPoint\",\"urlTemplate\":\"https:\/\/www.cofb.org\/?s={search_term_string}\"},\"query-input\":\"required name=search_term_string\"}],\"inLanguage\":\"ca\"},{\"@type\":\"Organization\",\"@id\":\"https:\/\/www.cofb.org\/#organization\",\"name\":\"Col\u00b7legi de Farmac\u00e8utics de Barcelona\",\"url\":\"https:\/\/www.cofb.org\/\",\"logo\":{\"@type\":\"ImageObject\",\"inLanguage\":\"ca\",\"@id\":\"https:\/\/www.cofb.org\/#\/schema\/logo\/image\/\",\"url\":\"https:\/\/www.cofb.org\/wp-content\/uploads\/2023\/11\/cropped-Logotip-COFB.png\",\"contentUrl\":\"https:\/\/www.cofb.org\/wp-content\/uploads\/2023\/11\/cropped-Logotip-COFB.png\",\"width\":500,\"height\":105,\"caption\":\"Col\u00b7legi de Farmac\u00e8utics de Barcelona\"},\"image\":{\"@id\":\"https:\/\/www.cofb.org\/#\/schema\/logo\/image\/\"},\"sameAs\":[\"https:\/\/www.facebook.com\/farmaceuticsbcn\/\",\"https:\/\/twitter.com\/farmaceuticsbcn\",\"https:\/\/www.instagram.com\/farmaceuticsbcn\/\",\"https:\/\/www.linkedin.com\/company\/farmaceuticsbcn\/\"]},{\"@type\":\"Person\",\"@id\":\"https:\/\/www.cofb.org\/#\/schema\/person\/f32de3b41b812c85ff923cb4cc849063\",\"name\":\"Berta Mart\u00ednez\",\"image\":{\"@type\":\"ImageObject\",\"inLanguage\":\"ca\",\"@id\":\"https:\/\/www.cofb.org\/#\/schema\/person\/image\/\",\"url\":\"https:\/\/secure.gravatar.com\/avatar\/d4c584dab5da1ee9e3c3df161c0aabec7075cc8211cd46ffc79bfe177aa78b01?s=96&d=mm&r=g\",\"contentUrl\":\"https:\/\/secure.gravatar.com\/avatar\/d4c584dab5da1ee9e3c3df161c0aabec7075cc8211cd46ffc79bfe177aa78b01?s=96&d=mm&r=g\",\"caption\":\"Berta Mart\u00ednez\"},\"url\":\"https:\/\/www.cofb.org\/ca\/author\/bmartinez\/\"}]}<\/script>\n<!-- \/ Yoast SEO plugin. -->","yoast_head_json":{"title":"L'abordatge integral de la menopausa, a la darrera tert\u00falia d'actualitat al COFB - Col\u00b7legi de Farmac\u00e8utics de Barcelona","description":"El passat 16 d\u2019octubre, el COFB va organitzar la tert\u00falia d\u2019actualitat \u201cMenopausa 360\u00ba\u201d amb el patrocini d\u2019Exeltis.","robots":{"index":"index","follow":"follow","max-snippet":"max-snippet:-1","max-image-preview":"max-image-preview:large","max-video-preview":"max-video-preview:-1"},"canonical":"https:\/\/www.cofb.org\/ca\/2024\/10\/30\/labordatge-integral-de-la-menopausa-a-la-darrera-tertulia-dactualitat-al-cofb\/","og_locale":"ca_ES","og_type":"article","og_title":"L'abordatge integral de la menopausa, a la darrera tert\u00falia d'actualitat al COFB - Col\u00b7legi de Farmac\u00e8utics de Barcelona","og_description":"El passat 16 d\u2019octubre, el COFB va organitzar la tert\u00falia d\u2019actualitat \u201cMenopausa 360\u00ba\u201d amb el patrocini d\u2019Exeltis.","og_url":"https:\/\/www.cofb.org\/ca\/2024\/10\/30\/labordatge-integral-de-la-menopausa-a-la-darrera-tertulia-dactualitat-al-cofb\/","og_site_name":"Col\u00b7legi de Farmac\u00e8utics de Barcelona","article_publisher":"https:\/\/www.facebook.com\/farmaceuticsbcn\/","article_published_time":"2024-10-30T16:20:34+00:00","article_modified_time":"2024-10-30T16:24:19+00:00","og_image":[{"width":2560,"height":1440,"url":"https:\/\/www.cofb.org\/wp-content\/uploads\/2024\/10\/COFB_MENOPAUSA_23102024_1-scaled.jpg","type":"image\/jpeg"}],"author":"Berta Mart\u00ednez","twitter_card":"summary_large_image","twitter_creator":"@farmaceuticsbcn","twitter_site":"@farmaceuticsbcn","twitter_misc":{"Escrit per":"Berta Mart\u00ednez","Temps estimat de lectura":"5 minuts"},"schema":{"@context":"https:\/\/schema.org","@graph":[{"@type":"Article","@id":"https:\/\/www.cofb.org\/2024\/10\/30\/labordatge-integral-de-la-menopausa-a-la-darrera-tertulia-dactualitat-al-cofb\/#article","isPartOf":{"@id":"https:\/\/www.cofb.org\/2024\/10\/30\/labordatge-integral-de-la-menopausa-a-la-darrera-tertulia-dactualitat-al-cofb\/"},"author":{"name":"Berta Mart\u00ednez","@id":"https:\/\/www.cofb.org\/#\/schema\/person\/f32de3b41b812c85ff923cb4cc849063"},"headline":"L&#8217;abordatge integral de la menopausa, a la darrera tert\u00falia d&#8217;actualitat al COFB","datePublished":"2024-10-30T16:20:34+00:00","dateModified":"2024-10-30T16:24:19+00:00","mainEntityOfPage":{"@id":"https:\/\/www.cofb.org\/2024\/10\/30\/labordatge-integral-de-la-menopausa-a-la-darrera-tertulia-dactualitat-al-cofb\/"},"wordCount":826,"publisher":{"@id":"https:\/\/www.cofb.org\/#organization"},"image":{"@id":"https:\/\/www.cofb.org\/2024\/10\/30\/labordatge-integral-de-la-menopausa-a-la-darrera-tertulia-dactualitat-al-cofb\/#primaryimage"},"thumbnailUrl":"https:\/\/www.cofb.org\/wp-content\/uploads\/2024\/10\/COFB_MENOPAUSA_23102024_1-scaled.jpg","keywords":["actius","Atenci\u00f3 farmac\u00e8utica","COFB","Col\u00b7legi de Farmac\u00e8utics de Barcelona","farmac\u00e8utics","Farm\u00e0cia","farm\u00e0cia comunit\u00e0ria","Formaci\u00f3","menopausa","Oficina de farm\u00e0cia","principis actius","s\u00edmptomes","ter\u00e0pia","ter\u00e0pia hormonal","tert\u00falia actualitat"],"articleSection":["Destacats","M\u00f3n col\u00b7legial"],"inLanguage":"ca"},{"@type":"WebPage","@id":"https:\/\/www.cofb.org\/2024\/10\/30\/labordatge-integral-de-la-menopausa-a-la-darrera-tertulia-dactualitat-al-cofb\/","url":"https:\/\/www.cofb.org\/2024\/10\/30\/labordatge-integral-de-la-menopausa-a-la-darrera-tertulia-dactualitat-al-cofb\/","name":"L'abordatge integral de la menopausa, a la darrera tert\u00falia d'actualitat al COFB - Col\u00b7legi de Farmac\u00e8utics de Barcelona","isPartOf":{"@id":"https:\/\/www.cofb.org\/#website"},"primaryImageOfPage":{"@id":"https:\/\/www.cofb.org\/2024\/10\/30\/labordatge-integral-de-la-menopausa-a-la-darrera-tertulia-dactualitat-al-cofb\/#primaryimage"},"image":{"@id":"https:\/\/www.cofb.org\/2024\/10\/30\/labordatge-integral-de-la-menopausa-a-la-darrera-tertulia-dactualitat-al-cofb\/#primaryimage"},"thumbnailUrl":"https:\/\/www.cofb.org\/wp-content\/uploads\/2024\/10\/COFB_MENOPAUSA_23102024_1-scaled.jpg","datePublished":"2024-10-30T16:20:34+00:00","dateModified":"2024-10-30T16:24:19+00:00","description":"El passat 16 d\u2019octubre, el COFB va organitzar la tert\u00falia d\u2019actualitat \u201cMenopausa 360\u00ba\u201d amb el patrocini d\u2019Exeltis.","breadcrumb":{"@id":"https:\/\/www.cofb.org\/2024\/10\/30\/labordatge-integral-de-la-menopausa-a-la-darrera-tertulia-dactualitat-al-cofb\/#breadcrumb"},"inLanguage":"ca","potentialAction":[{"@type":"ReadAction","target":["https:\/\/www.cofb.org\/2024\/10\/30\/labordatge-integral-de-la-menopausa-a-la-darrera-tertulia-dactualitat-al-cofb\/"]}]},{"@type":"ImageObject","inLanguage":"ca","@id":"https:\/\/www.cofb.org\/2024\/10\/30\/labordatge-integral-de-la-menopausa-a-la-darrera-tertulia-dactualitat-al-cofb\/#primaryimage","url":"https:\/\/www.cofb.org\/wp-content\/uploads\/2024\/10\/COFB_MENOPAUSA_23102024_1-scaled.jpg","contentUrl":"https:\/\/www.cofb.org\/wp-content\/uploads\/2024\/10\/COFB_MENOPAUSA_23102024_1-scaled.jpg","width":2560,"height":1440,"caption":"La Dra. Marimer P\u00e9rez durant la seva presentaci\u00f3."},{"@type":"BreadcrumbList","@id":"https:\/\/www.cofb.org\/2024\/10\/30\/labordatge-integral-de-la-menopausa-a-la-darrera-tertulia-dactualitat-al-cofb\/#breadcrumb","itemListElement":[{"@type":"ListItem","position":1,"name":"Inici","item":"https:\/\/novaorg.cofb.net\/"},{"@type":"ListItem","position":2,"name":"L&#8217;abordatge integral de la menopausa, a la darrera tert\u00falia d&#8217;actualitat al COFB"}]},{"@type":"WebSite","@id":"https:\/\/www.cofb.org\/#website","url":"https:\/\/www.cofb.org\/","name":"Col\u00b7legi de Farmac\u00e8utics de Barcelona","description":"","publisher":{"@id":"https:\/\/www.cofb.org\/#organization"},"potentialAction":[{"@type":"SearchAction","target":{"@type":"EntryPoint","urlTemplate":"https:\/\/www.cofb.org\/?s={search_term_string}"},"query-input":"required name=search_term_string"}],"inLanguage":"ca"},{"@type":"Organization","@id":"https:\/\/www.cofb.org\/#organization","name":"Col\u00b7legi de Farmac\u00e8utics de Barcelona","url":"https:\/\/www.cofb.org\/","logo":{"@type":"ImageObject","inLanguage":"ca","@id":"https:\/\/www.cofb.org\/#\/schema\/logo\/image\/","url":"https:\/\/www.cofb.org\/wp-content\/uploads\/2023\/11\/cropped-Logotip-COFB.png","contentUrl":"https:\/\/www.cofb.org\/wp-content\/uploads\/2023\/11\/cropped-Logotip-COFB.png","width":500,"height":105,"caption":"Col\u00b7legi de Farmac\u00e8utics de Barcelona"},"image":{"@id":"https:\/\/www.cofb.org\/#\/schema\/logo\/image\/"},"sameAs":["https:\/\/www.facebook.com\/farmaceuticsbcn\/","https:\/\/twitter.com\/farmaceuticsbcn","https:\/\/www.instagram.com\/farmaceuticsbcn\/","https:\/\/www.linkedin.com\/company\/farmaceuticsbcn\/"]},{"@type":"Person","@id":"https:\/\/www.cofb.org\/#\/schema\/person\/f32de3b41b812c85ff923cb4cc849063","name":"Berta Mart\u00ednez","image":{"@type":"ImageObject","inLanguage":"ca","@id":"https:\/\/www.cofb.org\/#\/schema\/person\/image\/","url":"https:\/\/secure.gravatar.com\/avatar\/d4c584dab5da1ee9e3c3df161c0aabec7075cc8211cd46ffc79bfe177aa78b01?s=96&d=mm&r=g","contentUrl":"https:\/\/secure.gravatar.com\/avatar\/d4c584dab5da1ee9e3c3df161c0aabec7075cc8211cd46ffc79bfe177aa78b01?s=96&d=mm&r=g","caption":"Berta Mart\u00ednez"},"url":"https:\/\/www.cofb.org\/ca\/author\/bmartinez\/"}]}},"uagb_featured_image_src":{"full":["https:\/\/www.cofb.org\/wp-content\/uploads\/2024\/10\/COFB_MENOPAUSA_23102024_1-scaled.jpg",2560,1440,false],"thumbnail":["https:\/\/www.cofb.org\/wp-content\/uploads\/2024\/10\/COFB_MENOPAUSA_23102024_1-150x150.jpg",150,150,true],"medium":["https:\/\/www.cofb.org\/wp-content\/uploads\/2024\/10\/COFB_MENOPAUSA_23102024_1-300x169.jpg",300,169,true],"medium_large":["https:\/\/www.cofb.org\/wp-content\/uploads\/2024\/10\/COFB_MENOPAUSA_23102024_1-768x432.jpg",768,432,true],"large":["https:\/\/www.cofb.org\/wp-content\/uploads\/2024\/10\/COFB_MENOPAUSA_23102024_1-1024x576.jpg",1024,576,true],"1536x1536":["https:\/\/www.cofb.org\/wp-content\/uploads\/2024\/10\/COFB_MENOPAUSA_23102024_1-1536x864.jpg",1536,864,true],"2048x2048":["https:\/\/www.cofb.org\/wp-content\/uploads\/2024\/10\/COFB_MENOPAUSA_23102024_1-2048x1152.jpg",2048,1152,true],"trp-custom-language-flag":["https:\/\/www.cofb.org\/wp-content\/uploads\/2024\/10\/COFB_MENOPAUSA_23102024_1-18x10.jpg",18,10,true]},"uagb_author_info":{"display_name":"Berta Mart\u00ednez","author_link":"https:\/\/www.cofb.org\/ca\/author\/bmartinez\/"},"uagb_comment_info":0,"uagb_excerpt":"El passat 16 d\u2019octubre, el Col\u00b7legi de Farmac\u00e8utics de Barcelona (COFB) va organitzar la tert\u00falia d\u2019actualitat \u201cMenopausa 360\u00ba\u201d amb el patrocini d\u2019Exeltis. La confer\u00e8ncia, adre\u00e7ada a farmac\u00e8utics comunitaris i coordinada pel vocal d\u2019Alimentaci\u00f3 i Nutrici\u00f3 del COFB, Oscar Llans\u00f3, va anar a c\u00e0rrec de Marimer P\u00e9rez, ginec\u00f2loga, obstetra, fundadora i [&hellip;]","_links":{"self":[{"href":"https:\/\/www.cofb.org\/ca\/wp-json\/wp\/v2\/posts\/79758","targetHints":{"allow":["GET"]}}],"collection":[{"href":"https:\/\/www.cofb.org\/ca\/wp-json\/wp\/v2\/posts"}],"about":[{"href":"https:\/\/www.cofb.org\/ca\/wp-json\/wp\/v2\/types\/post"}],"author":[{"embeddable":true,"href":"https:\/\/www.cofb.org\/ca\/wp-json\/wp\/v2\/users\/3"}],"replies":[{"embeddable":true,"href":"https:\/\/www.cofb.org\/ca\/wp-json\/wp\/v2\/comments?post=79758"}],"version-history":[{"count":19,"href":"https:\/\/www.cofb.org\/ca\/wp-json\/wp\/v2\/posts\/79758\/revisions"}],"predecessor-version":[{"id":79828,"href":"https:\/\/www.cofb.org\/ca\/wp-json\/wp\/v2\/posts\/79758\/revisions\/79828"}],"wp:featuredmedia":[{"embeddable":true,"href":"https:\/\/www.cofb.org\/ca\/wp-json\/wp\/v2\/media\/79764"}],"wp:attachment":[{"href":"https:\/\/www.cofb.org\/ca\/wp-json\/wp\/v2\/media?parent=79758"}],"wp:term":[{"taxonomy":"category","embeddable":true,"href":"https:\/\/www.cofb.org\/ca\/wp-json\/wp\/v2\/categories?post=79758"},{"taxonomy":"post_tag","embeddable":true,"href":"https:\/\/www.cofb.org\/ca\/wp-json\/wp\/v2\/tags?post=79758"}],"curies":[{"name":"wp","href":"https:\/\/api.w.org\/{rel}","templated":true}]}}