{"id":79695,"date":"2024-10-17T12:49:24","date_gmt":"2024-10-17T12:49:24","guid":{"rendered":"https:\/\/www.cofb.org\/?p=79695"},"modified":"2024-10-18T11:27:46","modified_gmt":"2024-10-18T11:27:46","slug":"el-cof-de-barcelona-inaugura-la-18a-edicio-del-programa-en-gestio-de-farmacia-que-simparteix-en-format-webinar-per-facilitar-laccessibilitat","status":"publish","type":"post","link":"https:\/\/www.cofb.org\/ca\/2024\/10\/17\/el-cof-de-barcelona-inaugura-la-18a-edicio-del-programa-en-gestio-de-farmacia-que-simparteix-en-format-webinar-per-facilitar-laccessibilitat\/","title":{"rendered":"El COF de Barcelona inaugura la 18a edici\u00f3 del Programa en Gesti\u00f3 de Farm\u00e0cia, que s\u2019imparteix en format webinar per facilitar l\u2019accessibilitat"},"content":{"rendered":"\n<ul class=\"wp-block-list\">\n<li>Un programa formatiu renovat, adre\u00e7at a titulars i\/o graduats\/des en Farm\u00e0cia, que volen adquirir <strong>\u201cels coneixements en la gesti\u00f3 de la farm\u00e0cia comunit\u00e0ria per convertir-la en un establiment d\u2019\u00e8xit i referent de salut\u201d<\/strong>, va exposar el president del COFB, Jordi Casas, durant la inauguraci\u00f3<\/li>\n\n\n\n<li>A la inauguraci\u00f3 tamb\u00e9 va participar-hi <strong>Oscar Llans\u00f3<\/strong>, cap de la Comissi\u00f3 de Formaci\u00f3 i vocal d\u2019Alimentaci\u00f3 i Nutrici\u00f3 del COFB; <strong>Cristina Rodr\u00edguez<\/strong>, directora t\u00e8cnica del COFB; <strong>M\u00f2nica Gallach<\/strong>, cap del Departament de Formaci\u00f3 Continuada del COFB; i <strong>Joan Carles Serra<\/strong>, director del Programa<\/li>\n\n\n\n<li>El Programa Gesti\u00f3 Farm\u00e0cia <strong>&nbsp;<\/strong>s\u2019estructura en <strong>tres m\u00f2duls<\/strong> \u2013 <strong>finances i fiscalitat<\/strong>, <strong>gesti\u00f3 de persones<\/strong> i <strong>m\u00e0rqueting<\/strong> \u2013 que impartiran m\u00e9s de <strong>40 experts de diferents \u00e0mbits<\/strong><\/li>\n<\/ul>\n\n\n\n<figure class=\"wp-block-image size-large\"><a href=\"https:\/\/www.cofb.org\/wp-content\/uploads\/2024\/10\/COFB_Inauguracio-PGF_17102024.jpg\" target=\"_blank\" rel=\"noreferrer noopener\"><img fetchpriority=\"high\" decoding=\"async\" width=\"1024\" height=\"573\" src=\"https:\/\/www.cofb.org\/wp-content\/uploads\/2024\/10\/COFB_Inauguracio-PGF_17102024-1024x573.jpg\" alt=\"\" class=\"wp-image-79697\" srcset=\"https:\/\/www.cofb.org\/wp-content\/uploads\/2024\/10\/COFB_Inauguracio-PGF_17102024-1024x573.jpg 1024w, https:\/\/www.cofb.org\/wp-content\/uploads\/2024\/10\/COFB_Inauguracio-PGF_17102024-300x168.jpg 300w, https:\/\/www.cofb.org\/wp-content\/uploads\/2024\/10\/COFB_Inauguracio-PGF_17102024-768x430.jpg 768w, https:\/\/www.cofb.org\/wp-content\/uploads\/2024\/10\/COFB_Inauguracio-PGF_17102024-1536x859.jpg 1536w, https:\/\/www.cofb.org\/wp-content\/uploads\/2024\/10\/COFB_Inauguracio-PGF_17102024-18x10.jpg 18w, https:\/\/www.cofb.org\/wp-content\/uploads\/2024\/10\/COFB_Inauguracio-PGF_17102024.jpg 1915w\" sizes=\"(max-width: 1024px) 100vw, 1024px\" \/><\/a><figcaption class=\"wp-element-caption\">D\u2019esquerra a dreta: Oscar Llans\u00f3, Joan Carles Serra, Jordi Casas, Cristina Rodr\u00edguez i M\u00f2nica Gallach.<\/figcaption><\/figure>\n\n\n\n<p><em>Barcelona, 17 d\u2019octubre de 2024.-<\/em> El <strong>Col\u00b7legi de Farmac\u00e8utics de Barcelona (COFB)<\/strong> va inaugurar la <strong>18a edici\u00f3 del Programa Gesti\u00f3 de Farm\u00e0cia (PGF)<\/strong> <strong>2024-2025<\/strong> en un acte celebrat a la seu del COFB, el passat 15 d\u2019octubre. El president del Col\u00b7legi, <strong>Jordi Casas<\/strong>\u00b8 va donar la benvinguda als participants del PGF i va dedicar unes paraules posant en valor la <strong>renovaci\u00f3 del Programa<\/strong>, pel que fa als continguts i el format. Alhora, va remarcar que el PGF permet oferir als farmac\u00e8utics <strong>\u201cels coneixements en la gesti\u00f3 de la farm\u00e0cia comunit\u00e0ria per convertir-la en un establiment d\u2019\u00e8xit i referent de salut\u201d<\/strong>. A l\u2019acte d\u2019inauguraci\u00f3 tamb\u00e9 va participar-hi <strong>Oscar Llans\u00f3<\/strong>, cap de la Comissi\u00f3 de Formaci\u00f3 i vocal d\u2019Alimentaci\u00f3 i Nutrici\u00f3 del COFB; <strong>Cristina Rodr\u00edguez<\/strong>, directora t\u00e8cnica del COFB; <strong>M\u00f2nica Gallach<\/strong>, cap del Departament de Formaci\u00f3 Continuada del COFB; i <strong>Joan Carles Serra<\/strong>, director del PGF.<\/p>\n\n\n\n<p>El president del COFB va ressaltar la import\u00e0ncia de formar-se i, concretament, de tenir coneixement en <strong>la gesti\u00f3 d\u2019equip, les finances i fiscalitat i el m\u00e0rqueting<\/strong> \u2013 m\u00f2duls principals del PGF \u2013 perqu\u00e8 <strong>\u201cl\u2019estructura que tenim a la farm\u00e0cia necessita una base organitzativa s\u00f2lida per poder desenvolupar tot el camp professional i assistencial i, aquest, \u00e9s el motiu principal pel qual va <\/strong><strong>n\u00e9ixer el Programa\u201d<\/strong>.<\/p>\n\n\n\n<p>A continuaci\u00f3, <strong>Oscar Llans\u00f3<\/strong>, cap de la Comissi\u00f3 de Formaci\u00f3 i vocal d\u2019Alimentaci\u00f3 i Nutrici\u00f3 del COFB, va fer \u00e8mfasi en <strong>l\u2019accessibilitat i la qualitat de la formaci\u00f3 que ofereix el PGF<\/strong> i va convidar els alumnes a aprofitar al m\u00e0xim l&#8217;oportunitat de <strong>compartir experi\u00e8ncies amb altres professionals i establir una xarxa de contactes que ser\u00e0 molt enriquidora i valuosa en el seu futur professional<\/strong>.<\/p>\n\n\n\n<p>Per la seva banda, el director del PGF, <strong>Joan Carles Serra<\/strong>, va remarcar a l\u2019alumnat la import\u00e0ncia, com a professionals sanitaris, de <strong>\u201cbuscar un equilibri entre la professi\u00f3 farmac\u00e8utica, la gesti\u00f3 de l\u2019equip i l\u2019oficina i la rendibilitat de la farm\u00e0cia\u201d<\/strong>.<\/p>\n\n\n\n<h2 class=\"wp-block-heading\"><strong>El PGF renova els continguts i el format<\/strong><\/h2>\n\n\n\n<p>Durant la inauguraci\u00f3, Serra tamb\u00e9 va destacar que en aquesta 18a edici\u00f3 s\u2019han renovat i adaptat els continguts del Programa estructurats en <strong>tres m\u00f2duls -gesti\u00f3 de l\u2019equip, finances i fiscalitat i m\u00e0rqueting-<\/strong>, que impartiran <strong>m\u00e9s de 40 experts de diferents \u00e0mbits d\u2019exercici<\/strong>. A m\u00e9s, com a novetat, el PGF compta amb <strong><em>tours <\/em>virtuals <\/strong>per con\u00e8ixer diferents farm\u00e0cies referents a Espanya i <strong>sessions espec\u00edfiques amb casos d\u2019\u00e8xit<\/strong>, on s\u2019exposar\u00e0 la hist\u00f2ria, evoluci\u00f3, reptes i solucions de diferents models de farm\u00e0cia.<\/p>\n\n\n\n<p>Pel que fa al format, <strong>s\u2019impartir\u00e0 en modalitat <em>webinar<\/em><\/strong> oferint als assistents m\u00e9s <strong>accessibilitat, comoditat i estalvi de temps<\/strong>.<\/p>\n\n\n\n<p>Les <strong>inscripcions estan<\/strong> <strong>obertes<\/strong> per cursar els <strong>m\u00f2duls 2 i 3<\/strong>, corresponents a les \u00e0rees de coneixement de fiscalitat i finances i de m\u00e0rqueting. Pr\u00f2ximament, tamb\u00e9 s\u2019obriran les inscripcions de seminaris i sessions d\u2019habilitats directives, que es duran a terme en el marc del PGF. Tots els detalls es poden consultar a la web <strong><a href=\"https:\/\/www.programagestiofarmacia.cat\/\">programagestiofarmacia.cat<\/a><\/strong> i a <a href=\"https:\/\/www.cofb.org\/ca\/\"><strong>cofb.org<\/strong><\/a>.<\/p>\n\n\n\n<h2 class=\"wp-block-heading\"><strong>17 edicions oferint una formaci\u00f3 en gesti\u00f3 d\u2019oficina de farm\u00e0cia<\/strong><\/h2>\n\n\n\n<p>El <strong>PGF-Programa Gesti\u00f3 Farm\u00e0cia 2024-2025 <\/strong>arriba a la majoria d\u2019edat despr\u00e9s d\u2019un temps dedicat a l\u2019adequaci\u00f3 i adaptaci\u00f3 dels continguts i la modalitat d\u2019impartici\u00f3. Al llarg de les 17 edicions realitzades, els participants han destacat el <strong>contingut 100% adaptat a la farm\u00e0cia comunit\u00e0ria, l\u2019aplicabilitat pr\u00e0ctica des del primer dia i la possibilitat d\u2019ampliar la xarxa de contactes amb experts i companys.<\/strong><\/p>\n","protected":false},"excerpt":{"rendered":"<p>Barcelona, 17 d\u2019octubre de 2024.- El Col\u00b7legi de Farmac\u00e8utics de Barcelona (COFB) va inaugurar la 18a edici\u00f3 del Programa Gesti\u00f3 de Farm\u00e0cia (PGF) 2024-2025 en un acte celebrat a la seu del COFB, el passat 15 d\u2019octubre. El president del Col\u00b7legi, Jordi Casas\u00b8 va donar la benvinguda als participants del [&hellip;]<\/p>\n","protected":false},"author":3,"featured_media":79697,"comment_status":"closed","ping_status":"closed","sticky":false,"template":"","format":"aside","meta":{"_uag_custom_page_level_css":"","site-sidebar-layout":"default","site-content-layout":"","ast-site-content-layout":"default","site-content-style":"default","site-sidebar-style":"default","ast-global-header-display":"","ast-banner-title-visibility":"","ast-main-header-display":"","ast-hfb-above-header-display":"","ast-hfb-below-header-display":"","ast-hfb-mobile-header-display":"","site-post-title":"","ast-breadcrumbs-content":"","ast-featured-img":"disabled","footer-sml-layout":"","theme-transparent-header-meta":"","adv-header-id-meta":"","stick-header-meta":"","header-above-stick-meta":"","header-main-stick-meta":"","header-below-stick-meta":"","astra-migrate-meta-layouts":"set","ast-page-background-enabled":"default","ast-page-background-meta":{"desktop":{"background-color":"var(--ast-global-color-4)","background-image":"","background-repeat":"repeat","background-position":"center center","background-size":"auto","background-attachment":"scroll","background-type":"","background-media":"","overlay-type":"","overlay-color":"","overlay-opacity":"","overlay-gradient":""},"tablet":{"background-color":"","background-image":"","background-repeat":"repeat","background-position":"center center","background-size":"auto","background-attachment":"scroll","background-type":"","background-media":"","overlay-type":"","overlay-color":"","overlay-opacity":"","overlay-gradient":""},"mobile":{"background-color":"","background-image":"","background-repeat":"repeat","background-position":"center center","background-size":"auto","background-attachment":"scroll","background-type":"","background-media":"","overlay-type":"","overlay-color":"","overlay-opacity":"","overlay-gradient":""}},"ast-content-background-meta":{"desktop":{"background-color":"var(--ast-global-color-5)","background-image":"","background-repeat":"repeat","background-position":"center center","background-size":"auto","background-attachment":"scroll","background-type":"","background-media":"","overlay-type":"","overlay-color":"","overlay-opacity":"","overlay-gradient":""},"tablet":{"background-color":"var(--ast-global-color-5)","background-image":"","background-repeat":"repeat","background-position":"center center","background-size":"auto","background-attachment":"scroll","background-type":"","background-media":"","overlay-type":"","overlay-color":"","overlay-opacity":"","overlay-gradient":""},"mobile":{"background-color":"var(--ast-global-color-5)","background-image":"","background-repeat":"repeat","background-position":"center center","background-size":"auto","background-attachment":"scroll","background-type":"","background-media":"","overlay-type":"","overlay-color":"","overlay-opacity":"","overlay-gradient":""}},"footnotes":""},"categories":[23,1060],"tags":[4900,18,19,53,68,69,2856,70,300,5133,5132,770,76,5090,906,5093,5101],"class_list":["post-79695","post","type-post","status-publish","format-aside","has-post-thumbnail","hentry","category-destacats","category-notes-premsa","tag-18a-edicio","tag-cofb","tag-collegi-de-farmaceutics-de-barcelona","tag-farmaceutics","tag-farmacia","tag-farmacia-comunitaria","tag-finances-i-fiscalitat","tag-formacio","tag-formacio-continuada","tag-gestio-equip","tag-inaguracio","tag-marqueting","tag-oficina-de-farmacia","tag-pgf","tag-professio-farmaceutica","tag-programa-en-gestio-de-farmacia","tag-programa-en-gestio-de-farmacia-pgf","post_format-post-format-aside"],"yoast_head":"<!-- This site is optimized with the Yoast SEO plugin v22.4 - https:\/\/yoast.com\/wordpress\/plugins\/seo\/ -->\n<title>El COF de Barcelona inaugura la 18a edici\u00f3 del Programa en Gesti\u00f3 de Farm\u00e0cia, que s\u2019imparteix en format webinar per facilitar l\u2019accessibilitat - Col\u00b7legi de Farmac\u00e8utics de Barcelona<\/title>\n<meta name=\"description\" content=\"El Col\u00b7legi de Farmac\u00e8utics de Barcelona va inaugurar la 18a edici\u00f3 del Programa Gesti\u00f3 de Farm\u00e0cia a la seu del COFB.\" \/>\n<meta name=\"robots\" content=\"index, follow, max-snippet:-1, max-image-preview:large, max-video-preview:-1\" \/>\n<link rel=\"canonical\" href=\"https:\/\/www.cofb.org\/ca\/2024\/10\/17\/el-cof-de-barcelona-inaugura-la-18a-edicio-del-programa-en-gestio-de-farmacia-que-simparteix-en-format-webinar-per-facilitar-laccessibilitat\/\" \/>\n<meta property=\"og:locale\" content=\"ca_ES\" \/>\n<meta property=\"og:type\" content=\"article\" \/>\n<meta property=\"og:title\" content=\"El COF de Barcelona inaugura la 18a edici\u00f3 del Programa en Gesti\u00f3 de Farm\u00e0cia, que s\u2019imparteix en format webinar per facilitar l\u2019accessibilitat - Col\u00b7legi de Farmac\u00e8utics de Barcelona\" \/>\n<meta property=\"og:description\" content=\"El Col\u00b7legi de Farmac\u00e8utics de Barcelona va inaugurar la 18a edici\u00f3 del Programa Gesti\u00f3 de Farm\u00e0cia a la seu del COFB.\" \/>\n<meta property=\"og:url\" content=\"https:\/\/www.cofb.org\/ca\/2024\/10\/17\/el-cof-de-barcelona-inaugura-la-18a-edicio-del-programa-en-gestio-de-farmacia-que-simparteix-en-format-webinar-per-facilitar-laccessibilitat\/\" \/>\n<meta property=\"og:site_name\" content=\"Col\u00b7legi de Farmac\u00e8utics de Barcelona\" \/>\n<meta property=\"article:publisher\" content=\"https:\/\/www.facebook.com\/farmaceuticsbcn\/\" \/>\n<meta property=\"article:published_time\" content=\"2024-10-17T12:49:24+00:00\" \/>\n<meta property=\"article:modified_time\" content=\"2024-10-18T11:27:46+00:00\" \/>\n<meta property=\"og:image\" content=\"https:\/\/www.cofb.org\/wp-content\/uploads\/2024\/10\/COFB_Inauguracio-PGF_17102024.jpg\" \/>\n\t<meta property=\"og:image:width\" content=\"1915\" \/>\n\t<meta property=\"og:image:height\" content=\"1071\" \/>\n\t<meta property=\"og:image:type\" content=\"image\/jpeg\" \/>\n<meta name=\"author\" content=\"Berta Mart\u00ednez\" \/>\n<meta name=\"twitter:card\" content=\"summary_large_image\" \/>\n<meta name=\"twitter:creator\" content=\"@farmaceuticsbcn\" \/>\n<meta name=\"twitter:site\" content=\"@farmaceuticsbcn\" \/>\n<meta name=\"twitter:label1\" content=\"Escrit per\" \/>\n\t<meta name=\"twitter:data1\" content=\"Berta Mart\u00ednez\" \/>\n\t<meta name=\"twitter:label2\" content=\"Temps estimat de lectura\" \/>\n\t<meta name=\"twitter:data2\" content=\"5 minuts\" \/>\n<script type=\"application\/ld+json\" class=\"yoast-schema-graph\">{\"@context\":\"https:\/\/schema.org\",\"@graph\":[{\"@type\":\"Article\",\"@id\":\"https:\/\/www.cofb.org\/2024\/10\/17\/el-cof-de-barcelona-inaugura-la-18a-edicio-del-programa-en-gestio-de-farmacia-que-simparteix-en-format-webinar-per-facilitar-laccessibilitat\/#article\",\"isPartOf\":{\"@id\":\"https:\/\/www.cofb.org\/2024\/10\/17\/el-cof-de-barcelona-inaugura-la-18a-edicio-del-programa-en-gestio-de-farmacia-que-simparteix-en-format-webinar-per-facilitar-laccessibilitat\/\"},\"author\":{\"name\":\"Berta Mart\u00ednez\",\"@id\":\"https:\/\/www.cofb.org\/#\/schema\/person\/f32de3b41b812c85ff923cb4cc849063\"},\"headline\":\"El COF de Barcelona inaugura la 18a edici\u00f3 del Programa en Gesti\u00f3 de Farm\u00e0cia, que s\u2019imparteix en format webinar per facilitar l\u2019accessibilitat\",\"datePublished\":\"2024-10-17T12:49:24+00:00\",\"dateModified\":\"2024-10-18T11:27:46+00:00\",\"mainEntityOfPage\":{\"@id\":\"https:\/\/www.cofb.org\/2024\/10\/17\/el-cof-de-barcelona-inaugura-la-18a-edicio-del-programa-en-gestio-de-farmacia-que-simparteix-en-format-webinar-per-facilitar-laccessibilitat\/\"},\"wordCount\":783,\"publisher\":{\"@id\":\"https:\/\/www.cofb.org\/#organization\"},\"image\":{\"@id\":\"https:\/\/www.cofb.org\/2024\/10\/17\/el-cof-de-barcelona-inaugura-la-18a-edicio-del-programa-en-gestio-de-farmacia-que-simparteix-en-format-webinar-per-facilitar-laccessibilitat\/#primaryimage\"},\"thumbnailUrl\":\"https:\/\/www.cofb.org\/wp-content\/uploads\/2024\/10\/COFB_Inauguracio-PGF_17102024.jpg\",\"keywords\":[\"18a edici\u00f3\",\"COFB\",\"Col\u00b7legi de Farmac\u00e8utics de Barcelona\",\"farmac\u00e8utics\",\"Farm\u00e0cia\",\"farm\u00e0cia comunit\u00e0ria\",\"finances i fiscalitat\",\"Formaci\u00f3\",\"formaci\u00f3 continuada\",\"gesti\u00f3 equip\",\"Inaguraci\u00f3\",\"m\u00e0rqueting\",\"Oficina de farm\u00e0cia\",\"PGF\",\"professi\u00f3 farmac\u00e8utica\",\"Programa en Gesti\u00f3 de Farm\u00e0cia\",\"Programa en Gesti\u00f3 de Farm\u00e0cia (PGF)\"],\"articleSection\":[\"Destacats\",\"Notes de premsa\"],\"inLanguage\":\"ca\"},{\"@type\":\"WebPage\",\"@id\":\"https:\/\/www.cofb.org\/2024\/10\/17\/el-cof-de-barcelona-inaugura-la-18a-edicio-del-programa-en-gestio-de-farmacia-que-simparteix-en-format-webinar-per-facilitar-laccessibilitat\/\",\"url\":\"https:\/\/www.cofb.org\/2024\/10\/17\/el-cof-de-barcelona-inaugura-la-18a-edicio-del-programa-en-gestio-de-farmacia-que-simparteix-en-format-webinar-per-facilitar-laccessibilitat\/\",\"name\":\"El COF de Barcelona inaugura la 18a edici\u00f3 del Programa en Gesti\u00f3 de Farm\u00e0cia, que s\u2019imparteix en format webinar per facilitar l\u2019accessibilitat - Col\u00b7legi de Farmac\u00e8utics de Barcelona\",\"isPartOf\":{\"@id\":\"https:\/\/www.cofb.org\/#website\"},\"primaryImageOfPage\":{\"@id\":\"https:\/\/www.cofb.org\/2024\/10\/17\/el-cof-de-barcelona-inaugura-la-18a-edicio-del-programa-en-gestio-de-farmacia-que-simparteix-en-format-webinar-per-facilitar-laccessibilitat\/#primaryimage\"},\"image\":{\"@id\":\"https:\/\/www.cofb.org\/2024\/10\/17\/el-cof-de-barcelona-inaugura-la-18a-edicio-del-programa-en-gestio-de-farmacia-que-simparteix-en-format-webinar-per-facilitar-laccessibilitat\/#primaryimage\"},\"thumbnailUrl\":\"https:\/\/www.cofb.org\/wp-content\/uploads\/2024\/10\/COFB_Inauguracio-PGF_17102024.jpg\",\"datePublished\":\"2024-10-17T12:49:24+00:00\",\"dateModified\":\"2024-10-18T11:27:46+00:00\",\"description\":\"El Col\u00b7legi de Farmac\u00e8utics de Barcelona va inaugurar la 18a edici\u00f3 del Programa Gesti\u00f3 de Farm\u00e0cia a la seu del COFB.\",\"breadcrumb\":{\"@id\":\"https:\/\/www.cofb.org\/2024\/10\/17\/el-cof-de-barcelona-inaugura-la-18a-edicio-del-programa-en-gestio-de-farmacia-que-simparteix-en-format-webinar-per-facilitar-laccessibilitat\/#breadcrumb\"},\"inLanguage\":\"ca\",\"potentialAction\":[{\"@type\":\"ReadAction\",\"target\":[\"https:\/\/www.cofb.org\/2024\/10\/17\/el-cof-de-barcelona-inaugura-la-18a-edicio-del-programa-en-gestio-de-farmacia-que-simparteix-en-format-webinar-per-facilitar-laccessibilitat\/\"]}]},{\"@type\":\"ImageObject\",\"inLanguage\":\"ca\",\"@id\":\"https:\/\/www.cofb.org\/2024\/10\/17\/el-cof-de-barcelona-inaugura-la-18a-edicio-del-programa-en-gestio-de-farmacia-que-simparteix-en-format-webinar-per-facilitar-laccessibilitat\/#primaryimage\",\"url\":\"https:\/\/www.cofb.org\/wp-content\/uploads\/2024\/10\/COFB_Inauguracio-PGF_17102024.jpg\",\"contentUrl\":\"https:\/\/www.cofb.org\/wp-content\/uploads\/2024\/10\/COFB_Inauguracio-PGF_17102024.jpg\",\"width\":1915,\"height\":1071,\"caption\":\"D\u2019esquerra a dreta: Oscar Llans\u00f3, Joan Carles Serra, Jordi Casas, Cristina Rodr\u00edguez i M\u00f2nica Gallach.\"},{\"@type\":\"BreadcrumbList\",\"@id\":\"https:\/\/www.cofb.org\/2024\/10\/17\/el-cof-de-barcelona-inaugura-la-18a-edicio-del-programa-en-gestio-de-farmacia-que-simparteix-en-format-webinar-per-facilitar-laccessibilitat\/#breadcrumb\",\"itemListElement\":[{\"@type\":\"ListItem\",\"position\":1,\"name\":\"Inici\",\"item\":\"https:\/\/novaorg.cofb.net\/\"},{\"@type\":\"ListItem\",\"position\":2,\"name\":\"El COF de Barcelona inaugura la 18a edici\u00f3 del Programa en Gesti\u00f3 de Farm\u00e0cia, que s\u2019imparteix en format webinar per facilitar l\u2019accessibilitat\"}]},{\"@type\":\"WebSite\",\"@id\":\"https:\/\/www.cofb.org\/#website\",\"url\":\"https:\/\/www.cofb.org\/\",\"name\":\"Col\u00b7legi de Farmac\u00e8utics de Barcelona\",\"description\":\"\",\"publisher\":{\"@id\":\"https:\/\/www.cofb.org\/#organization\"},\"potentialAction\":[{\"@type\":\"SearchAction\",\"target\":{\"@type\":\"EntryPoint\",\"urlTemplate\":\"https:\/\/www.cofb.org\/?s={search_term_string}\"},\"query-input\":\"required name=search_term_string\"}],\"inLanguage\":\"ca\"},{\"@type\":\"Organization\",\"@id\":\"https:\/\/www.cofb.org\/#organization\",\"name\":\"Col\u00b7legi de Farmac\u00e8utics de Barcelona\",\"url\":\"https:\/\/www.cofb.org\/\",\"logo\":{\"@type\":\"ImageObject\",\"inLanguage\":\"ca\",\"@id\":\"https:\/\/www.cofb.org\/#\/schema\/logo\/image\/\",\"url\":\"https:\/\/www.cofb.org\/wp-content\/uploads\/2023\/11\/cropped-Logotip-COFB.png\",\"contentUrl\":\"https:\/\/www.cofb.org\/wp-content\/uploads\/2023\/11\/cropped-Logotip-COFB.png\",\"width\":500,\"height\":105,\"caption\":\"Col\u00b7legi de Farmac\u00e8utics de Barcelona\"},\"image\":{\"@id\":\"https:\/\/www.cofb.org\/#\/schema\/logo\/image\/\"},\"sameAs\":[\"https:\/\/www.facebook.com\/farmaceuticsbcn\/\",\"https:\/\/twitter.com\/farmaceuticsbcn\",\"https:\/\/www.instagram.com\/farmaceuticsbcn\/\",\"https:\/\/www.linkedin.com\/company\/farmaceuticsbcn\/\"]},{\"@type\":\"Person\",\"@id\":\"https:\/\/www.cofb.org\/#\/schema\/person\/f32de3b41b812c85ff923cb4cc849063\",\"name\":\"Berta Mart\u00ednez\",\"image\":{\"@type\":\"ImageObject\",\"inLanguage\":\"ca\",\"@id\":\"https:\/\/www.cofb.org\/#\/schema\/person\/image\/\",\"url\":\"https:\/\/secure.gravatar.com\/avatar\/d4c584dab5da1ee9e3c3df161c0aabec7075cc8211cd46ffc79bfe177aa78b01?s=96&d=mm&r=g\",\"contentUrl\":\"https:\/\/secure.gravatar.com\/avatar\/d4c584dab5da1ee9e3c3df161c0aabec7075cc8211cd46ffc79bfe177aa78b01?s=96&d=mm&r=g\",\"caption\":\"Berta Mart\u00ednez\"},\"url\":\"https:\/\/www.cofb.org\/ca\/author\/bmartinez\/\"}]}<\/script>\n<!-- \/ Yoast SEO plugin. -->","yoast_head_json":{"title":"El COF de Barcelona inaugura la 18a edici\u00f3 del Programa en Gesti\u00f3 de Farm\u00e0cia, que s\u2019imparteix en format webinar per facilitar l\u2019accessibilitat - Col\u00b7legi de Farmac\u00e8utics de Barcelona","description":"El Col\u00b7legi de Farmac\u00e8utics de Barcelona va inaugurar la 18a edici\u00f3 del Programa Gesti\u00f3 de Farm\u00e0cia a la seu del COFB.","robots":{"index":"index","follow":"follow","max-snippet":"max-snippet:-1","max-image-preview":"max-image-preview:large","max-video-preview":"max-video-preview:-1"},"canonical":"https:\/\/www.cofb.org\/ca\/2024\/10\/17\/el-cof-de-barcelona-inaugura-la-18a-edicio-del-programa-en-gestio-de-farmacia-que-simparteix-en-format-webinar-per-facilitar-laccessibilitat\/","og_locale":"ca_ES","og_type":"article","og_title":"El COF de Barcelona inaugura la 18a edici\u00f3 del Programa en Gesti\u00f3 de Farm\u00e0cia, que s\u2019imparteix en format webinar per facilitar l\u2019accessibilitat - Col\u00b7legi de Farmac\u00e8utics de Barcelona","og_description":"El Col\u00b7legi de Farmac\u00e8utics de Barcelona va inaugurar la 18a edici\u00f3 del Programa Gesti\u00f3 de Farm\u00e0cia a la seu del COFB.","og_url":"https:\/\/www.cofb.org\/ca\/2024\/10\/17\/el-cof-de-barcelona-inaugura-la-18a-edicio-del-programa-en-gestio-de-farmacia-que-simparteix-en-format-webinar-per-facilitar-laccessibilitat\/","og_site_name":"Col\u00b7legi de Farmac\u00e8utics de Barcelona","article_publisher":"https:\/\/www.facebook.com\/farmaceuticsbcn\/","article_published_time":"2024-10-17T12:49:24+00:00","article_modified_time":"2024-10-18T11:27:46+00:00","og_image":[{"width":1915,"height":1071,"url":"https:\/\/www.cofb.org\/wp-content\/uploads\/2024\/10\/COFB_Inauguracio-PGF_17102024.jpg","type":"image\/jpeg"}],"author":"Berta Mart\u00ednez","twitter_card":"summary_large_image","twitter_creator":"@farmaceuticsbcn","twitter_site":"@farmaceuticsbcn","twitter_misc":{"Escrit per":"Berta Mart\u00ednez","Temps estimat de lectura":"5 minuts"},"schema":{"@context":"https:\/\/schema.org","@graph":[{"@type":"Article","@id":"https:\/\/www.cofb.org\/2024\/10\/17\/el-cof-de-barcelona-inaugura-la-18a-edicio-del-programa-en-gestio-de-farmacia-que-simparteix-en-format-webinar-per-facilitar-laccessibilitat\/#article","isPartOf":{"@id":"https:\/\/www.cofb.org\/2024\/10\/17\/el-cof-de-barcelona-inaugura-la-18a-edicio-del-programa-en-gestio-de-farmacia-que-simparteix-en-format-webinar-per-facilitar-laccessibilitat\/"},"author":{"name":"Berta Mart\u00ednez","@id":"https:\/\/www.cofb.org\/#\/schema\/person\/f32de3b41b812c85ff923cb4cc849063"},"headline":"El COF de Barcelona inaugura la 18a edici\u00f3 del Programa en Gesti\u00f3 de Farm\u00e0cia, que s\u2019imparteix en format webinar per facilitar l\u2019accessibilitat","datePublished":"2024-10-17T12:49:24+00:00","dateModified":"2024-10-18T11:27:46+00:00","mainEntityOfPage":{"@id":"https:\/\/www.cofb.org\/2024\/10\/17\/el-cof-de-barcelona-inaugura-la-18a-edicio-del-programa-en-gestio-de-farmacia-que-simparteix-en-format-webinar-per-facilitar-laccessibilitat\/"},"wordCount":783,"publisher":{"@id":"https:\/\/www.cofb.org\/#organization"},"image":{"@id":"https:\/\/www.cofb.org\/2024\/10\/17\/el-cof-de-barcelona-inaugura-la-18a-edicio-del-programa-en-gestio-de-farmacia-que-simparteix-en-format-webinar-per-facilitar-laccessibilitat\/#primaryimage"},"thumbnailUrl":"https:\/\/www.cofb.org\/wp-content\/uploads\/2024\/10\/COFB_Inauguracio-PGF_17102024.jpg","keywords":["18a edici\u00f3","COFB","Col\u00b7legi de Farmac\u00e8utics de Barcelona","farmac\u00e8utics","Farm\u00e0cia","farm\u00e0cia comunit\u00e0ria","finances i fiscalitat","Formaci\u00f3","formaci\u00f3 continuada","gesti\u00f3 equip","Inaguraci\u00f3","m\u00e0rqueting","Oficina de farm\u00e0cia","PGF","professi\u00f3 farmac\u00e8utica","Programa en Gesti\u00f3 de Farm\u00e0cia","Programa en Gesti\u00f3 de Farm\u00e0cia (PGF)"],"articleSection":["Destacats","Notes de premsa"],"inLanguage":"ca"},{"@type":"WebPage","@id":"https:\/\/www.cofb.org\/2024\/10\/17\/el-cof-de-barcelona-inaugura-la-18a-edicio-del-programa-en-gestio-de-farmacia-que-simparteix-en-format-webinar-per-facilitar-laccessibilitat\/","url":"https:\/\/www.cofb.org\/2024\/10\/17\/el-cof-de-barcelona-inaugura-la-18a-edicio-del-programa-en-gestio-de-farmacia-que-simparteix-en-format-webinar-per-facilitar-laccessibilitat\/","name":"El COF de Barcelona inaugura la 18a edici\u00f3 del Programa en Gesti\u00f3 de Farm\u00e0cia, que s\u2019imparteix en format webinar per facilitar l\u2019accessibilitat - Col\u00b7legi de Farmac\u00e8utics de Barcelona","isPartOf":{"@id":"https:\/\/www.cofb.org\/#website"},"primaryImageOfPage":{"@id":"https:\/\/www.cofb.org\/2024\/10\/17\/el-cof-de-barcelona-inaugura-la-18a-edicio-del-programa-en-gestio-de-farmacia-que-simparteix-en-format-webinar-per-facilitar-laccessibilitat\/#primaryimage"},"image":{"@id":"https:\/\/www.cofb.org\/2024\/10\/17\/el-cof-de-barcelona-inaugura-la-18a-edicio-del-programa-en-gestio-de-farmacia-que-simparteix-en-format-webinar-per-facilitar-laccessibilitat\/#primaryimage"},"thumbnailUrl":"https:\/\/www.cofb.org\/wp-content\/uploads\/2024\/10\/COFB_Inauguracio-PGF_17102024.jpg","datePublished":"2024-10-17T12:49:24+00:00","dateModified":"2024-10-18T11:27:46+00:00","description":"El Col\u00b7legi de Farmac\u00e8utics de Barcelona va inaugurar la 18a edici\u00f3 del Programa Gesti\u00f3 de Farm\u00e0cia a la seu del COFB.","breadcrumb":{"@id":"https:\/\/www.cofb.org\/2024\/10\/17\/el-cof-de-barcelona-inaugura-la-18a-edicio-del-programa-en-gestio-de-farmacia-que-simparteix-en-format-webinar-per-facilitar-laccessibilitat\/#breadcrumb"},"inLanguage":"ca","potentialAction":[{"@type":"ReadAction","target":["https:\/\/www.cofb.org\/2024\/10\/17\/el-cof-de-barcelona-inaugura-la-18a-edicio-del-programa-en-gestio-de-farmacia-que-simparteix-en-format-webinar-per-facilitar-laccessibilitat\/"]}]},{"@type":"ImageObject","inLanguage":"ca","@id":"https:\/\/www.cofb.org\/2024\/10\/17\/el-cof-de-barcelona-inaugura-la-18a-edicio-del-programa-en-gestio-de-farmacia-que-simparteix-en-format-webinar-per-facilitar-laccessibilitat\/#primaryimage","url":"https:\/\/www.cofb.org\/wp-content\/uploads\/2024\/10\/COFB_Inauguracio-PGF_17102024.jpg","contentUrl":"https:\/\/www.cofb.org\/wp-content\/uploads\/2024\/10\/COFB_Inauguracio-PGF_17102024.jpg","width":1915,"height":1071,"caption":"D\u2019esquerra a dreta: Oscar Llans\u00f3, Joan Carles Serra, Jordi Casas, Cristina Rodr\u00edguez i M\u00f2nica Gallach."},{"@type":"BreadcrumbList","@id":"https:\/\/www.cofb.org\/2024\/10\/17\/el-cof-de-barcelona-inaugura-la-18a-edicio-del-programa-en-gestio-de-farmacia-que-simparteix-en-format-webinar-per-facilitar-laccessibilitat\/#breadcrumb","itemListElement":[{"@type":"ListItem","position":1,"name":"Inici","item":"https:\/\/novaorg.cofb.net\/"},{"@type":"ListItem","position":2,"name":"El COF de Barcelona inaugura la 18a edici\u00f3 del Programa en Gesti\u00f3 de Farm\u00e0cia, que s\u2019imparteix en format webinar per facilitar l\u2019accessibilitat"}]},{"@type":"WebSite","@id":"https:\/\/www.cofb.org\/#website","url":"https:\/\/www.cofb.org\/","name":"Col\u00b7legi de Farmac\u00e8utics de Barcelona","description":"","publisher":{"@id":"https:\/\/www.cofb.org\/#organization"},"potentialAction":[{"@type":"SearchAction","target":{"@type":"EntryPoint","urlTemplate":"https:\/\/www.cofb.org\/?s={search_term_string}"},"query-input":"required name=search_term_string"}],"inLanguage":"ca"},{"@type":"Organization","@id":"https:\/\/www.cofb.org\/#organization","name":"Col\u00b7legi de Farmac\u00e8utics de Barcelona","url":"https:\/\/www.cofb.org\/","logo":{"@type":"ImageObject","inLanguage":"ca","@id":"https:\/\/www.cofb.org\/#\/schema\/logo\/image\/","url":"https:\/\/www.cofb.org\/wp-content\/uploads\/2023\/11\/cropped-Logotip-COFB.png","contentUrl":"https:\/\/www.cofb.org\/wp-content\/uploads\/2023\/11\/cropped-Logotip-COFB.png","width":500,"height":105,"caption":"Col\u00b7legi de Farmac\u00e8utics de Barcelona"},"image":{"@id":"https:\/\/www.cofb.org\/#\/schema\/logo\/image\/"},"sameAs":["https:\/\/www.facebook.com\/farmaceuticsbcn\/","https:\/\/twitter.com\/farmaceuticsbcn","https:\/\/www.instagram.com\/farmaceuticsbcn\/","https:\/\/www.linkedin.com\/company\/farmaceuticsbcn\/"]},{"@type":"Person","@id":"https:\/\/www.cofb.org\/#\/schema\/person\/f32de3b41b812c85ff923cb4cc849063","name":"Berta Mart\u00ednez","image":{"@type":"ImageObject","inLanguage":"ca","@id":"https:\/\/www.cofb.org\/#\/schema\/person\/image\/","url":"https:\/\/secure.gravatar.com\/avatar\/d4c584dab5da1ee9e3c3df161c0aabec7075cc8211cd46ffc79bfe177aa78b01?s=96&d=mm&r=g","contentUrl":"https:\/\/secure.gravatar.com\/avatar\/d4c584dab5da1ee9e3c3df161c0aabec7075cc8211cd46ffc79bfe177aa78b01?s=96&d=mm&r=g","caption":"Berta Mart\u00ednez"},"url":"https:\/\/www.cofb.org\/ca\/author\/bmartinez\/"}]}},"uagb_featured_image_src":{"full":["https:\/\/www.cofb.org\/wp-content\/uploads\/2024\/10\/COFB_Inauguracio-PGF_17102024.jpg",1915,1071,false],"thumbnail":["https:\/\/www.cofb.org\/wp-content\/uploads\/2024\/10\/COFB_Inauguracio-PGF_17102024-150x150.jpg",150,150,true],"medium":["https:\/\/www.cofb.org\/wp-content\/uploads\/2024\/10\/COFB_Inauguracio-PGF_17102024-300x168.jpg",300,168,true],"medium_large":["https:\/\/www.cofb.org\/wp-content\/uploads\/2024\/10\/COFB_Inauguracio-PGF_17102024-768x430.jpg",768,430,true],"large":["https:\/\/www.cofb.org\/wp-content\/uploads\/2024\/10\/COFB_Inauguracio-PGF_17102024-1024x573.jpg",1024,573,true],"1536x1536":["https:\/\/www.cofb.org\/wp-content\/uploads\/2024\/10\/COFB_Inauguracio-PGF_17102024-1536x859.jpg",1536,859,true],"2048x2048":["https:\/\/www.cofb.org\/wp-content\/uploads\/2024\/10\/COFB_Inauguracio-PGF_17102024.jpg",1915,1071,false],"trp-custom-language-flag":["https:\/\/www.cofb.org\/wp-content\/uploads\/2024\/10\/COFB_Inauguracio-PGF_17102024-18x10.jpg",18,10,true]},"uagb_author_info":{"display_name":"Berta Mart\u00ednez","author_link":"https:\/\/www.cofb.org\/ca\/author\/bmartinez\/"},"uagb_comment_info":0,"uagb_excerpt":"Barcelona, 17 d\u2019octubre de 2024.- El Col\u00b7legi de Farmac\u00e8utics de Barcelona (COFB) va inaugurar la 18a edici\u00f3 del Programa Gesti\u00f3 de Farm\u00e0cia (PGF) 2024-2025 en un acte celebrat a la seu del COFB, el passat 15 d\u2019octubre. El president del Col\u00b7legi, Jordi Casas\u00b8 va donar la benvinguda als participants del [&hellip;]","_links":{"self":[{"href":"https:\/\/www.cofb.org\/ca\/wp-json\/wp\/v2\/posts\/79695","targetHints":{"allow":["GET"]}}],"collection":[{"href":"https:\/\/www.cofb.org\/ca\/wp-json\/wp\/v2\/posts"}],"about":[{"href":"https:\/\/www.cofb.org\/ca\/wp-json\/wp\/v2\/types\/post"}],"author":[{"embeddable":true,"href":"https:\/\/www.cofb.org\/ca\/wp-json\/wp\/v2\/users\/3"}],"replies":[{"embeddable":true,"href":"https:\/\/www.cofb.org\/ca\/wp-json\/wp\/v2\/comments?post=79695"}],"version-history":[{"count":5,"href":"https:\/\/www.cofb.org\/ca\/wp-json\/wp\/v2\/posts\/79695\/revisions"}],"predecessor-version":[{"id":79701,"href":"https:\/\/www.cofb.org\/ca\/wp-json\/wp\/v2\/posts\/79695\/revisions\/79701"}],"wp:featuredmedia":[{"embeddable":true,"href":"https:\/\/www.cofb.org\/ca\/wp-json\/wp\/v2\/media\/79697"}],"wp:attachment":[{"href":"https:\/\/www.cofb.org\/ca\/wp-json\/wp\/v2\/media?parent=79695"}],"wp:term":[{"taxonomy":"category","embeddable":true,"href":"https:\/\/www.cofb.org\/ca\/wp-json\/wp\/v2\/categories?post=79695"},{"taxonomy":"post_tag","embeddable":true,"href":"https:\/\/www.cofb.org\/ca\/wp-json\/wp\/v2\/tags?post=79695"}],"curies":[{"name":"wp","href":"https:\/\/api.w.org\/{rel}","templated":true}]}}