{"id":79655,"date":"2024-10-11T13:40:01","date_gmt":"2024-10-11T13:40:01","guid":{"rendered":"https:\/\/www.cofb.org\/?p=79655"},"modified":"2024-10-11T13:40:02","modified_gmt":"2024-10-11T13:40:02","slug":"per-primera-vegada-les-farmacies-catalanes-participen-en-la-campanya-de-vacunacio-contra-la-grip-i-la-covid-19","status":"publish","type":"post","link":"https:\/\/www.cofb.org\/ca\/2024\/10\/11\/per-primera-vegada-les-farmacies-catalanes-participen-en-la-campanya-de-vacunacio-contra-la-grip-i-la-covid-19\/","title":{"rendered":"Per primera vegada les farm\u00e0cies catalanes participen en la campanya de vacunaci\u00f3 contra la grip i la COVID-19"},"content":{"rendered":"\n<ul class=\"wp-block-list\">\n<li>Els farmac\u00e8utics i farmac\u00e8utiques tindran un paper actiu sensibilitzant a la poblaci\u00f3 major de 60 anys sobre la import\u00e0ncia de la vacunaci\u00f3, facilitant la informaci\u00f3 i la derivaci\u00f3 als serveis de vacunaci\u00f3, a partir del 28 d\u2019octubre<\/li>\n\n\n\n<li>Dilluns 14 d\u2019octubre comen\u00e7ar\u00e0 la vacunaci\u00f3 contra la grip i la COVID-19 en les persones entre 60 i 80 anys i en les persones amb condicions de risc menors de 60 anys. Els infants entre 6 mesos i 5 anys es vacunaran \u00fanicament de la grip<\/li>\n<\/ul>\n\n\n\n<figure class=\"wp-block-image size-large\"><a href=\"https:\/\/www.cofb.org\/wp-content\/uploads\/2024\/10\/COFB_CAMPANYA-VACUNACIO-GRIP-I-COVID_11102024_1.jpg\" target=\"_blank\" rel=\"noreferrer noopener\"><img fetchpriority=\"high\" decoding=\"async\" width=\"1024\" height=\"657\" src=\"https:\/\/www.cofb.org\/wp-content\/uploads\/2024\/10\/COFB_CAMPANYA-VACUNACIO-GRIP-I-COVID_11102024_1-1024x657.jpg\" alt=\"D'esquerra a dreta: Anna Coma, Montse Mart\u00ednez, Esteve Fern\u00e1ndez, Jordi Casas, S\u00edlvia Fari\u00f1as.\" class=\"wp-image-79658\" srcset=\"https:\/\/www.cofb.org\/wp-content\/uploads\/2024\/10\/COFB_CAMPANYA-VACUNACIO-GRIP-I-COVID_11102024_1-1024x657.jpg 1024w, https:\/\/www.cofb.org\/wp-content\/uploads\/2024\/10\/COFB_CAMPANYA-VACUNACIO-GRIP-I-COVID_11102024_1-300x193.jpg 300w, https:\/\/www.cofb.org\/wp-content\/uploads\/2024\/10\/COFB_CAMPANYA-VACUNACIO-GRIP-I-COVID_11102024_1-768x493.jpg 768w, https:\/\/www.cofb.org\/wp-content\/uploads\/2024\/10\/COFB_CAMPANYA-VACUNACIO-GRIP-I-COVID_11102024_1-18x12.jpg 18w, https:\/\/www.cofb.org\/wp-content\/uploads\/2024\/10\/COFB_CAMPANYA-VACUNACIO-GRIP-I-COVID_11102024_1.jpg 1204w\" sizes=\"(max-width: 1024px) 100vw, 1024px\" \/><\/a><figcaption class=\"wp-element-caption\">D&#8217;esquerra a dreta: Anna Coma, Montse Mart\u00ednez, Esteve Fern\u00e1ndez, Jordi Casas, S\u00edlvia Fari\u00f1as.<\/figcaption><\/figure>\n\n\n\n<p><em>Barcelona, 11 d\u2019octubre de 2024.- <\/em>Les <strong>m\u00e9s de 3.200 farm\u00e0cies catalanes participaran activament, per primer cop, a la campanya de vacunaci\u00f3 contra la grip i la COVID-19<\/strong> per contribuir a <strong>incrementar la cobertura vacunal <\/strong>en <strong>persones majors de 60 anys<\/strong>. Aix\u00ed s\u2019ha anunciat en una roda de premsa que ha tingut lloc en el Departament de Salut per presentar l\u2019inici de la campanya de vacunaci\u00f3. A la mateixa roda, ha participat el secretari de Salut P\u00fablica, <strong>Esteve Fern\u00e0ndez<\/strong>; el president del Consell de Col\u00b7legis Farmac\u00e8utics de Catalunya, <strong>Jordi Casas<\/strong>;&nbsp; la infermera i adjunta de direcci\u00f3 del CAP Vila de Gr\u00e0cia de Barcelona, <strong>S\u00edlvia Fari\u00f1as<\/strong>; la cap del Servei de Medicina Preventiva de la Secretaria de Salut P\u00fablica, <strong>Montse Mart\u00ednez<\/strong>; i la cap de Divisi\u00f3 d\u2019Acci\u00f3 Territorial del Medicament del Servei Catal\u00e0 de la Salut, <strong>Anna Coma<\/strong>.<\/p>\n\n\n\n<p>Gr\u00e0cies a la seva accessibilitat i proximitat, els <strong>farmac\u00e8utics comunitaris esdevenen agents de salut clau per contribuir a promocionar la vacunaci\u00f3<\/strong> en la poblaci\u00f3 de risc. Concretament, a partir del <strong>28 d\u2019octubre<\/strong>, quan una persona <strong>m\u00e9s gran de 60 anys<\/strong> vagi a la farm\u00e0cia a retirar la seva medicaci\u00f3, el farmac\u00e8utic li preguntar\u00e0 si s\u2019ha vacunat amb un doble objectiu. D\u2019una banda, <strong>sensibilitzar sobre la import\u00e0ncia de la vacunaci\u00f3 contra la grip i la COVID-19<\/strong>, especialment en un moment en qu\u00e8 les infeccions respirat\u00f2ries poden tensar el sistema de salut; i d\u2019altra banda, <strong>facilitar l\u2019acc\u00e9s a la informaci\u00f3 i derivaci\u00f3 als serveis de vacunaci\u00f3<\/strong>.<\/p>\n\n\n\n<p>\u201cEls professionals farmac\u00e8utics fa anys que col\u00b7laborem amb el Sistema de Salut de Catalunya per desplegar l\u2019atenci\u00f3 farmac\u00e8utica comunit\u00e0ria en el sistema p\u00fablic de salut. En aquest sentit, <strong>la participaci\u00f3 activa de la farm\u00e0cia en la campanya de vacunaci\u00f3 contra la grip i COVID-19 \u00e9s un exemple m\u00e9s de la nostra vocaci\u00f3 de servei i comprom\u00eds amb la salut p\u00fablica<\/strong>\u201d, ha afirmat el president del Consell de Col\u00b7legis Farmac\u00e8utics de Catalunya, Jordi Casas.<\/p>\n\n\n\n<figure class=\"wp-block-image size-large\"><a href=\"https:\/\/www.cofb.org\/wp-content\/uploads\/2024\/10\/COFB_CAMPANYA-VACUNACIO-GRIP-I-COVID_11102024_2.jpg\" target=\"_blank\" rel=\"noreferrer noopener\"><img decoding=\"async\" width=\"1024\" height=\"580\" src=\"https:\/\/www.cofb.org\/wp-content\/uploads\/2024\/10\/COFB_CAMPANYA-VACUNACIO-GRIP-I-COVID_11102024_2-1024x580.jpg\" alt=\"El president del Consell de Col\u00b7legis Farmac\u00e8utics de Catalunya, Jordi Casas\" class=\"wp-image-79657\" srcset=\"https:\/\/www.cofb.org\/wp-content\/uploads\/2024\/10\/COFB_CAMPANYA-VACUNACIO-GRIP-I-COVID_11102024_2-1024x580.jpg 1024w, https:\/\/www.cofb.org\/wp-content\/uploads\/2024\/10\/COFB_CAMPANYA-VACUNACIO-GRIP-I-COVID_11102024_2-300x170.jpg 300w, https:\/\/www.cofb.org\/wp-content\/uploads\/2024\/10\/COFB_CAMPANYA-VACUNACIO-GRIP-I-COVID_11102024_2-768x435.jpg 768w, https:\/\/www.cofb.org\/wp-content\/uploads\/2024\/10\/COFB_CAMPANYA-VACUNACIO-GRIP-I-COVID_11102024_2-18x10.jpg 18w, https:\/\/www.cofb.org\/wp-content\/uploads\/2024\/10\/COFB_CAMPANYA-VACUNACIO-GRIP-I-COVID_11102024_2.jpg 1130w\" sizes=\"(max-width: 1024px) 100vw, 1024px\" \/><\/a><figcaption class=\"wp-element-caption\">El president del Consell de Col\u00b7legis Farmac\u00e8utics de Catalunya, Jordi Casas<\/figcaption><\/figure>\n\n\n\n<h2 class=\"wp-block-heading\"><strong>Campanya de vacunaci\u00f3 de tardor 2024-25, de grip i de COVID-19<\/strong><\/h2>\n\n\n\n<p>A partir del dia 14 d\u2019octubre s\u2019inicia la vacunaci\u00f3 de la resta de persones incloses en les recomanacions, com s\u00f3n les persones de 60 anys i m\u00e9s, les persones amb condicions de risc (entre elles els problemes de salut cr\u00f2nics i l\u2019obesitat), les persones amb immunosupressi\u00f3, o els professionals sanitaris i sociosanitaris i altres serveis essencials i cr\u00edtics. I enguany, tal com ja es va realitzar la temporada anterior, es recomana la vacunaci\u00f3 contra la grip per al col\u00b7lectiu dels infants d\u2019entre 6 i 59 mesos d\u2019edat i les persones fumadores.<\/p>\n\n\n\n<p>Pel que fa a la vacunaci\u00f3 en infants de 6 a 59 mesos, cal tenir en compte que aquest grup d\u2019edat \u00e9s un dels que m\u00e9s pateix la infecci\u00f3. La vacuna permetr\u00e0 protegir preco\u00e7ment els infants de contraure la malaltia o que la malaltia sigui greu. L\u2019OMS i el Centre Europeu per a la Prevenci\u00f3 i el Control de les Malalties (ECDC) recomanen aquesta vacunaci\u00f3 anual a la poblaci\u00f3 infantil i dotze pa\u00efsos europeus ja l\u2019han introdu\u00eft.<\/p>\n\n\n\n<p>En aquest sentit, el secretari de salut p\u00fablica Esteve Fern\u00e1ndez, ha especificat que \u201cla vacunaci\u00f3 \u00e9s important per les implicacions que t\u00e9, \u00e9s un instrument que salva vides. Evita infeccions i, aix\u00ed, el col\u00b7lapse dels serveis assistencials.\u201d A m\u00e9s, Fern\u00e1ndez ha fet \u00e8mfasis en la vacunaci\u00f3 dels infants ja que \u201c la grip infecta 1 de cada 5 nens no vacunats.\u201d En aquest sentit, \u201cels infants menors de 5 anys s\u00f3n m\u00e9s vulnerables a la infecci\u00f3 i poden tenir conseq\u00fc\u00e8ncies greus com ara pneum\u00f2nies i infeccions de l\u2019o\u00efda; vacunar aquests infants no nom\u00e9s protegeix la seva salut, sin\u00f3 que redueix la propagaci\u00f3 del virus a altres membres de la fam\u00edlia i a la comunitat, com avis, \u00e0vies i altres persones amb m\u00e9s risc.\u201d Fern\u00e1ndez recorda tamb\u00e9 la vulnerabilitat de les persones fumadores davant la grip.<\/p>\n\n\n\n<p>Pel que fa a la vacunaci\u00f3 contra la COVID-19, d\u2019acord amb la situaci\u00f3 epidemiol\u00f2gica i la immunitat adquirida per la poblaci\u00f3, la vacunaci\u00f3 anual se centra en persones d\u2019alt risc de patir complicacions i altres grups com els professionals sanitaris i sociosanitaris que atenen aquestes persones vulnerables, i no es justifica per ara la vacunaci\u00f3 contra la COVID-19 en persones no incloses en aquests col\u00b7lectius.<\/p>\n\n\n\n<p>Per a aquesta campanya de vacunaci\u00f3 s\u2019han adquirit un total d\u20191.768.000 dosis de vacunes contra la grip, que constitueixen 53.000 dosis addicionals respecte a la campanya de vacunaci\u00f3 de 2023-2024 (1.715.000) i 163.200 dosis m\u00e9s que per a la campanya de 2022-2023 (1.604.800).<\/p>\n\n\n\n<p>Com a novetat, per a aquesta temporada, s\u2019han adquirit dosis de vacuna atenuada intranasal per als infants d\u2019entre 24 i 59 mesos (segons la fitxa t\u00e8cnica del producte, aquests no es pot administrar en infants menors de 24 mesos).<\/p>\n\n\n\n<h2 class=\"wp-block-heading\"><strong>Propaguem la vacuna. Vacuna\u2019t. Passa-ho<\/strong><\/h2>\n\n\n\n<p>Amb el lema &#8216;Propaguem la vacuna. Vacuna\u2019t. Passa-ho&#8217;, Salut engega una campanya de comunicaci\u00f3 dirigida a la ciutadania apel\u00b7lant a la responsabilitat individual de vacunar-nos, per tenir cura de nosaltres mateixos i del nostre entorn. Alhora, la campanya pret\u00e9n que aquesta responsabilitat s\u2019escampi al m\u00e0xim, fent una crida a la responsabilitat col\u00b7lectiva per prevenir la transmissi\u00f3 i protegir-nos d\u2019ambd\u00f3s virus.<\/p>\n\n\n\n<p>La campanya tindr\u00e0 presencia a mitjans de comunicaci\u00f3 offline, \u00e9s a dir, televisi\u00f3, r\u00e0dio i premsa escrita, com online, a xarxes socials i a les webs.<\/p>\n\n\n\n<p>A m\u00e9s, de cara a incentivar la vacunaci\u00f3 en el personal sanitari, Salut llen\u00e7ar\u00e0 la campanya V de Vacuna\u2019t, una campanya origin\u00e0ria de l\u2019Institut Catal\u00e0 de la Salut (ICS) que un any m\u00e9s s\u2019est\u00e9n a la resta de prove\u00efdors i professionals del sistema p\u00fablic de salut de Catalunya. Per participar-hi, els professionals s\u2019han de fer una fotografia en el moment de la vacunaci\u00f3 i penjar-la a xarxes amb l\u2019etiqueta #vdevacunat. El concurs, previsiblement, tindr\u00e0 lloc durant el mes de novembre i entre els participants es sortejaran 3 lots per a 4 persones cadascun per anar en tren fins al Monistrol, cremallera i funicular.<\/p>\n","protected":false},"excerpt":{"rendered":"<p>Barcelona, 11 d\u2019octubre de 2024.- Les m\u00e9s de 3.200 farm\u00e0cies catalanes participaran activament, per primer cop, a la campanya de vacunaci\u00f3 contra la grip i la COVID-19 per contribuir a incrementar la cobertura vacunal en persones majors de 60 anys. Aix\u00ed s\u2019ha anunciat en una roda de premsa que ha [&hellip;]<\/p>\n","protected":false},"author":3,"featured_media":79658,"comment_status":"closed","ping_status":"closed","sticky":false,"template":"","format":"aside","meta":{"_uag_custom_page_level_css":"","site-sidebar-layout":"default","site-content-layout":"","ast-site-content-layout":"default","site-content-style":"default","site-sidebar-style":"default","ast-global-header-display":"","ast-banner-title-visibility":"","ast-main-header-display":"","ast-hfb-above-header-display":"","ast-hfb-below-header-display":"","ast-hfb-mobile-header-display":"","site-post-title":"","ast-breadcrumbs-content":"","ast-featured-img":"disabled","footer-sml-layout":"","theme-transparent-header-meta":"","adv-header-id-meta":"","stick-header-meta":"","header-above-stick-meta":"","header-main-stick-meta":"","header-below-stick-meta":"","astra-migrate-meta-layouts":"set","ast-page-background-enabled":"default","ast-page-background-meta":{"desktop":{"background-color":"var(--ast-global-color-4)","background-image":"","background-repeat":"repeat","background-position":"center center","background-size":"auto","background-attachment":"scroll","background-type":"","background-media":"","overlay-type":"","overlay-color":"","overlay-opacity":"","overlay-gradient":""},"tablet":{"background-color":"","background-image":"","background-repeat":"repeat","background-position":"center center","background-size":"auto","background-attachment":"scroll","background-type":"","background-media":"","overlay-type":"","overlay-color":"","overlay-opacity":"","overlay-gradient":""},"mobile":{"background-color":"","background-image":"","background-repeat":"repeat","background-position":"center center","background-size":"auto","background-attachment":"scroll","background-type":"","background-media":"","overlay-type":"","overlay-color":"","overlay-opacity":"","overlay-gradient":""}},"ast-content-background-meta":{"desktop":{"background-color":"var(--ast-global-color-5)","background-image":"","background-repeat":"repeat","background-position":"center center","background-size":"auto","background-attachment":"scroll","background-type":"","background-media":"","overlay-type":"","overlay-color":"","overlay-opacity":"","overlay-gradient":""},"tablet":{"background-color":"var(--ast-global-color-5)","background-image":"","background-repeat":"repeat","background-position":"center center","background-size":"auto","background-attachment":"scroll","background-type":"","background-media":"","overlay-type":"","overlay-color":"","overlay-opacity":"","overlay-gradient":""},"mobile":{"background-color":"var(--ast-global-color-5)","background-image":"","background-repeat":"repeat","background-position":"center center","background-size":"auto","background-attachment":"scroll","background-type":"","background-media":"","overlay-type":"","overlay-color":"","overlay-opacity":"","overlay-gradient":""}},"footnotes":""},"categories":[23,1060],"tags":[4500,5126,18,19,90,311,68,69,964,814],"class_list":["post-79655","post","type-post","status-publish","format-aside","has-post-thumbnail","hentry","category-destacats","category-notes-premsa","tag-campanya-de-vacunacio","tag-campanya-de-vacunacio-de-grip-i-covid-19","tag-cofb","tag-collegi-de-farmaceutics-de-barcelona","tag-covid-19","tag-departament-de-salut","tag-farmacia","tag-farmacia-comunitaria","tag-grip","tag-vacunacio","post_format-post-format-aside"],"yoast_head":"<!-- This site is optimized with the Yoast SEO plugin v22.4 - https:\/\/yoast.com\/wordpress\/plugins\/seo\/ -->\n<title>Per primera vegada les farm\u00e0cies catalanes participen en la campanya de vacunaci\u00f3 contra la grip i la COVID-19 - Col\u00b7legi de Farmac\u00e8utics de Barcelona<\/title>\n<meta name=\"description\" content=\"Les m\u00e9s de 3.200 farm\u00e0cies catalanes participaran activament, per primer cop, a la campanya de vacunaci\u00f3 contra la grip i la COVID-19.\" \/>\n<meta name=\"robots\" content=\"index, follow, max-snippet:-1, max-image-preview:large, max-video-preview:-1\" \/>\n<link rel=\"canonical\" href=\"https:\/\/www.cofb.org\/ca\/2024\/10\/11\/per-primera-vegada-les-farmacies-catalanes-participen-en-la-campanya-de-vacunacio-contra-la-grip-i-la-covid-19\/\" \/>\n<meta property=\"og:locale\" content=\"ca_ES\" \/>\n<meta property=\"og:type\" content=\"article\" \/>\n<meta property=\"og:title\" content=\"Per primera vegada les farm\u00e0cies catalanes participen en la campanya de vacunaci\u00f3 contra la grip i la COVID-19 - Col\u00b7legi de Farmac\u00e8utics de Barcelona\" \/>\n<meta property=\"og:description\" content=\"Les m\u00e9s de 3.200 farm\u00e0cies catalanes participaran activament, per primer cop, a la campanya de vacunaci\u00f3 contra la grip i la COVID-19.\" \/>\n<meta property=\"og:url\" content=\"https:\/\/www.cofb.org\/ca\/2024\/10\/11\/per-primera-vegada-les-farmacies-catalanes-participen-en-la-campanya-de-vacunacio-contra-la-grip-i-la-covid-19\/\" \/>\n<meta property=\"og:site_name\" content=\"Col\u00b7legi de Farmac\u00e8utics de Barcelona\" \/>\n<meta property=\"article:publisher\" content=\"https:\/\/www.facebook.com\/farmaceuticsbcn\/\" \/>\n<meta property=\"article:published_time\" content=\"2024-10-11T13:40:01+00:00\" \/>\n<meta property=\"article:modified_time\" content=\"2024-10-11T13:40:02+00:00\" \/>\n<meta property=\"og:image\" content=\"https:\/\/www.cofb.org\/wp-content\/uploads\/2024\/10\/COFB_CAMPANYA-VACUNACIO-GRIP-I-COVID_11102024_1.jpg\" \/>\n\t<meta property=\"og:image:width\" content=\"1204\" \/>\n\t<meta property=\"og:image:height\" content=\"773\" \/>\n\t<meta property=\"og:image:type\" content=\"image\/jpeg\" \/>\n<meta name=\"author\" content=\"Berta Mart\u00ednez\" \/>\n<meta name=\"twitter:card\" content=\"summary_large_image\" \/>\n<meta name=\"twitter:creator\" content=\"@farmaceuticsbcn\" \/>\n<meta name=\"twitter:site\" content=\"@farmaceuticsbcn\" \/>\n<meta name=\"twitter:label1\" content=\"Escrit per\" \/>\n\t<meta name=\"twitter:data1\" content=\"Berta Mart\u00ednez\" \/>\n\t<meta name=\"twitter:label2\" content=\"Temps estimat de lectura\" \/>\n\t<meta name=\"twitter:data2\" content=\"7 minuts\" \/>\n<script type=\"application\/ld+json\" class=\"yoast-schema-graph\">{\"@context\":\"https:\/\/schema.org\",\"@graph\":[{\"@type\":\"Article\",\"@id\":\"https:\/\/www.cofb.org\/2024\/10\/11\/per-primera-vegada-les-farmacies-catalanes-participen-en-la-campanya-de-vacunacio-contra-la-grip-i-la-covid-19\/#article\",\"isPartOf\":{\"@id\":\"https:\/\/www.cofb.org\/2024\/10\/11\/per-primera-vegada-les-farmacies-catalanes-participen-en-la-campanya-de-vacunacio-contra-la-grip-i-la-covid-19\/\"},\"author\":{\"name\":\"Berta Mart\u00ednez\",\"@id\":\"https:\/\/www.cofb.org\/#\/schema\/person\/f32de3b41b812c85ff923cb4cc849063\"},\"headline\":\"Per primera vegada les farm\u00e0cies catalanes participen en la campanya de vacunaci\u00f3 contra la grip i la COVID-19\",\"datePublished\":\"2024-10-11T13:40:01+00:00\",\"dateModified\":\"2024-10-11T13:40:02+00:00\",\"mainEntityOfPage\":{\"@id\":\"https:\/\/www.cofb.org\/2024\/10\/11\/per-primera-vegada-les-farmacies-catalanes-participen-en-la-campanya-de-vacunacio-contra-la-grip-i-la-covid-19\/\"},\"wordCount\":1179,\"publisher\":{\"@id\":\"https:\/\/www.cofb.org\/#organization\"},\"image\":{\"@id\":\"https:\/\/www.cofb.org\/2024\/10\/11\/per-primera-vegada-les-farmacies-catalanes-participen-en-la-campanya-de-vacunacio-contra-la-grip-i-la-covid-19\/#primaryimage\"},\"thumbnailUrl\":\"https:\/\/www.cofb.org\/wp-content\/uploads\/2024\/10\/COFB_CAMPANYA-VACUNACIO-GRIP-I-COVID_11102024_1.jpg\",\"keywords\":[\"campanya de vacunaci\u00f3\",\"campanya de vacunaci\u00f3 de grip i COVID-19\",\"COFB\",\"Col\u00b7legi de Farmac\u00e8utics de Barcelona\",\"COVID-19\",\"Departament de Salut\",\"Farm\u00e0cia\",\"farm\u00e0cia comunit\u00e0ria\",\"Grip\",\"vacunaci\u00f3\"],\"articleSection\":[\"Destacats\",\"Notes de premsa\"],\"inLanguage\":\"ca\"},{\"@type\":\"WebPage\",\"@id\":\"https:\/\/www.cofb.org\/2024\/10\/11\/per-primera-vegada-les-farmacies-catalanes-participen-en-la-campanya-de-vacunacio-contra-la-grip-i-la-covid-19\/\",\"url\":\"https:\/\/www.cofb.org\/2024\/10\/11\/per-primera-vegada-les-farmacies-catalanes-participen-en-la-campanya-de-vacunacio-contra-la-grip-i-la-covid-19\/\",\"name\":\"Per primera vegada les farm\u00e0cies catalanes participen en la campanya de vacunaci\u00f3 contra la grip i la COVID-19 - Col\u00b7legi de Farmac\u00e8utics de Barcelona\",\"isPartOf\":{\"@id\":\"https:\/\/www.cofb.org\/#website\"},\"primaryImageOfPage\":{\"@id\":\"https:\/\/www.cofb.org\/2024\/10\/11\/per-primera-vegada-les-farmacies-catalanes-participen-en-la-campanya-de-vacunacio-contra-la-grip-i-la-covid-19\/#primaryimage\"},\"image\":{\"@id\":\"https:\/\/www.cofb.org\/2024\/10\/11\/per-primera-vegada-les-farmacies-catalanes-participen-en-la-campanya-de-vacunacio-contra-la-grip-i-la-covid-19\/#primaryimage\"},\"thumbnailUrl\":\"https:\/\/www.cofb.org\/wp-content\/uploads\/2024\/10\/COFB_CAMPANYA-VACUNACIO-GRIP-I-COVID_11102024_1.jpg\",\"datePublished\":\"2024-10-11T13:40:01+00:00\",\"dateModified\":\"2024-10-11T13:40:02+00:00\",\"description\":\"Les m\u00e9s de 3.200 farm\u00e0cies catalanes participaran activament, per primer cop, a la campanya de vacunaci\u00f3 contra la grip i la COVID-19.\",\"breadcrumb\":{\"@id\":\"https:\/\/www.cofb.org\/2024\/10\/11\/per-primera-vegada-les-farmacies-catalanes-participen-en-la-campanya-de-vacunacio-contra-la-grip-i-la-covid-19\/#breadcrumb\"},\"inLanguage\":\"ca\",\"potentialAction\":[{\"@type\":\"ReadAction\",\"target\":[\"https:\/\/www.cofb.org\/2024\/10\/11\/per-primera-vegada-les-farmacies-catalanes-participen-en-la-campanya-de-vacunacio-contra-la-grip-i-la-covid-19\/\"]}]},{\"@type\":\"ImageObject\",\"inLanguage\":\"ca\",\"@id\":\"https:\/\/www.cofb.org\/2024\/10\/11\/per-primera-vegada-les-farmacies-catalanes-participen-en-la-campanya-de-vacunacio-contra-la-grip-i-la-covid-19\/#primaryimage\",\"url\":\"https:\/\/www.cofb.org\/wp-content\/uploads\/2024\/10\/COFB_CAMPANYA-VACUNACIO-GRIP-I-COVID_11102024_1.jpg\",\"contentUrl\":\"https:\/\/www.cofb.org\/wp-content\/uploads\/2024\/10\/COFB_CAMPANYA-VACUNACIO-GRIP-I-COVID_11102024_1.jpg\",\"width\":1204,\"height\":773,\"caption\":\"D'esquerra a dreta: Anna Coma, Montse Mart\u00ednez, Esteve Fern\u00e1ndez, Jordi Casas, S\u00edlvia Fari\u00f1as.\"},{\"@type\":\"BreadcrumbList\",\"@id\":\"https:\/\/www.cofb.org\/2024\/10\/11\/per-primera-vegada-les-farmacies-catalanes-participen-en-la-campanya-de-vacunacio-contra-la-grip-i-la-covid-19\/#breadcrumb\",\"itemListElement\":[{\"@type\":\"ListItem\",\"position\":1,\"name\":\"Inici\",\"item\":\"https:\/\/novaorg.cofb.net\/\"},{\"@type\":\"ListItem\",\"position\":2,\"name\":\"Per primera vegada les farm\u00e0cies catalanes participen en la campanya de vacunaci\u00f3 contra la grip i la COVID-19\"}]},{\"@type\":\"WebSite\",\"@id\":\"https:\/\/www.cofb.org\/#website\",\"url\":\"https:\/\/www.cofb.org\/\",\"name\":\"Col\u00b7legi de Farmac\u00e8utics de Barcelona\",\"description\":\"\",\"publisher\":{\"@id\":\"https:\/\/www.cofb.org\/#organization\"},\"potentialAction\":[{\"@type\":\"SearchAction\",\"target\":{\"@type\":\"EntryPoint\",\"urlTemplate\":\"https:\/\/www.cofb.org\/?s={search_term_string}\"},\"query-input\":\"required name=search_term_string\"}],\"inLanguage\":\"ca\"},{\"@type\":\"Organization\",\"@id\":\"https:\/\/www.cofb.org\/#organization\",\"name\":\"Col\u00b7legi de Farmac\u00e8utics de Barcelona\",\"url\":\"https:\/\/www.cofb.org\/\",\"logo\":{\"@type\":\"ImageObject\",\"inLanguage\":\"ca\",\"@id\":\"https:\/\/www.cofb.org\/#\/schema\/logo\/image\/\",\"url\":\"https:\/\/www.cofb.org\/wp-content\/uploads\/2023\/11\/cropped-Logotip-COFB.png\",\"contentUrl\":\"https:\/\/www.cofb.org\/wp-content\/uploads\/2023\/11\/cropped-Logotip-COFB.png\",\"width\":500,\"height\":105,\"caption\":\"Col\u00b7legi de Farmac\u00e8utics de Barcelona\"},\"image\":{\"@id\":\"https:\/\/www.cofb.org\/#\/schema\/logo\/image\/\"},\"sameAs\":[\"https:\/\/www.facebook.com\/farmaceuticsbcn\/\",\"https:\/\/twitter.com\/farmaceuticsbcn\",\"https:\/\/www.instagram.com\/farmaceuticsbcn\/\",\"https:\/\/www.linkedin.com\/company\/farmaceuticsbcn\/\"]},{\"@type\":\"Person\",\"@id\":\"https:\/\/www.cofb.org\/#\/schema\/person\/f32de3b41b812c85ff923cb4cc849063\",\"name\":\"Berta Mart\u00ednez\",\"image\":{\"@type\":\"ImageObject\",\"inLanguage\":\"ca\",\"@id\":\"https:\/\/www.cofb.org\/#\/schema\/person\/image\/\",\"url\":\"https:\/\/secure.gravatar.com\/avatar\/d4c584dab5da1ee9e3c3df161c0aabec7075cc8211cd46ffc79bfe177aa78b01?s=96&d=mm&r=g\",\"contentUrl\":\"https:\/\/secure.gravatar.com\/avatar\/d4c584dab5da1ee9e3c3df161c0aabec7075cc8211cd46ffc79bfe177aa78b01?s=96&d=mm&r=g\",\"caption\":\"Berta Mart\u00ednez\"},\"url\":\"https:\/\/www.cofb.org\/ca\/author\/bmartinez\/\"}]}<\/script>\n<!-- \/ Yoast SEO plugin. -->","yoast_head_json":{"title":"Per primera vegada les farm\u00e0cies catalanes participen en la campanya de vacunaci\u00f3 contra la grip i la COVID-19 - Col\u00b7legi de Farmac\u00e8utics de Barcelona","description":"Les m\u00e9s de 3.200 farm\u00e0cies catalanes participaran activament, per primer cop, a la campanya de vacunaci\u00f3 contra la grip i la COVID-19.","robots":{"index":"index","follow":"follow","max-snippet":"max-snippet:-1","max-image-preview":"max-image-preview:large","max-video-preview":"max-video-preview:-1"},"canonical":"https:\/\/www.cofb.org\/ca\/2024\/10\/11\/per-primera-vegada-les-farmacies-catalanes-participen-en-la-campanya-de-vacunacio-contra-la-grip-i-la-covid-19\/","og_locale":"ca_ES","og_type":"article","og_title":"Per primera vegada les farm\u00e0cies catalanes participen en la campanya de vacunaci\u00f3 contra la grip i la COVID-19 - Col\u00b7legi de Farmac\u00e8utics de Barcelona","og_description":"Les m\u00e9s de 3.200 farm\u00e0cies catalanes participaran activament, per primer cop, a la campanya de vacunaci\u00f3 contra la grip i la COVID-19.","og_url":"https:\/\/www.cofb.org\/ca\/2024\/10\/11\/per-primera-vegada-les-farmacies-catalanes-participen-en-la-campanya-de-vacunacio-contra-la-grip-i-la-covid-19\/","og_site_name":"Col\u00b7legi de Farmac\u00e8utics de Barcelona","article_publisher":"https:\/\/www.facebook.com\/farmaceuticsbcn\/","article_published_time":"2024-10-11T13:40:01+00:00","article_modified_time":"2024-10-11T13:40:02+00:00","og_image":[{"width":1204,"height":773,"url":"https:\/\/www.cofb.org\/wp-content\/uploads\/2024\/10\/COFB_CAMPANYA-VACUNACIO-GRIP-I-COVID_11102024_1.jpg","type":"image\/jpeg"}],"author":"Berta Mart\u00ednez","twitter_card":"summary_large_image","twitter_creator":"@farmaceuticsbcn","twitter_site":"@farmaceuticsbcn","twitter_misc":{"Escrit per":"Berta Mart\u00ednez","Temps estimat de lectura":"7 minuts"},"schema":{"@context":"https:\/\/schema.org","@graph":[{"@type":"Article","@id":"https:\/\/www.cofb.org\/2024\/10\/11\/per-primera-vegada-les-farmacies-catalanes-participen-en-la-campanya-de-vacunacio-contra-la-grip-i-la-covid-19\/#article","isPartOf":{"@id":"https:\/\/www.cofb.org\/2024\/10\/11\/per-primera-vegada-les-farmacies-catalanes-participen-en-la-campanya-de-vacunacio-contra-la-grip-i-la-covid-19\/"},"author":{"name":"Berta Mart\u00ednez","@id":"https:\/\/www.cofb.org\/#\/schema\/person\/f32de3b41b812c85ff923cb4cc849063"},"headline":"Per primera vegada les farm\u00e0cies catalanes participen en la campanya de vacunaci\u00f3 contra la grip i la COVID-19","datePublished":"2024-10-11T13:40:01+00:00","dateModified":"2024-10-11T13:40:02+00:00","mainEntityOfPage":{"@id":"https:\/\/www.cofb.org\/2024\/10\/11\/per-primera-vegada-les-farmacies-catalanes-participen-en-la-campanya-de-vacunacio-contra-la-grip-i-la-covid-19\/"},"wordCount":1179,"publisher":{"@id":"https:\/\/www.cofb.org\/#organization"},"image":{"@id":"https:\/\/www.cofb.org\/2024\/10\/11\/per-primera-vegada-les-farmacies-catalanes-participen-en-la-campanya-de-vacunacio-contra-la-grip-i-la-covid-19\/#primaryimage"},"thumbnailUrl":"https:\/\/www.cofb.org\/wp-content\/uploads\/2024\/10\/COFB_CAMPANYA-VACUNACIO-GRIP-I-COVID_11102024_1.jpg","keywords":["campanya de vacunaci\u00f3","campanya de vacunaci\u00f3 de grip i COVID-19","COFB","Col\u00b7legi de Farmac\u00e8utics de Barcelona","COVID-19","Departament de Salut","Farm\u00e0cia","farm\u00e0cia comunit\u00e0ria","Grip","vacunaci\u00f3"],"articleSection":["Destacats","Notes de premsa"],"inLanguage":"ca"},{"@type":"WebPage","@id":"https:\/\/www.cofb.org\/2024\/10\/11\/per-primera-vegada-les-farmacies-catalanes-participen-en-la-campanya-de-vacunacio-contra-la-grip-i-la-covid-19\/","url":"https:\/\/www.cofb.org\/2024\/10\/11\/per-primera-vegada-les-farmacies-catalanes-participen-en-la-campanya-de-vacunacio-contra-la-grip-i-la-covid-19\/","name":"Per primera vegada les farm\u00e0cies catalanes participen en la campanya de vacunaci\u00f3 contra la grip i la COVID-19 - Col\u00b7legi de Farmac\u00e8utics de Barcelona","isPartOf":{"@id":"https:\/\/www.cofb.org\/#website"},"primaryImageOfPage":{"@id":"https:\/\/www.cofb.org\/2024\/10\/11\/per-primera-vegada-les-farmacies-catalanes-participen-en-la-campanya-de-vacunacio-contra-la-grip-i-la-covid-19\/#primaryimage"},"image":{"@id":"https:\/\/www.cofb.org\/2024\/10\/11\/per-primera-vegada-les-farmacies-catalanes-participen-en-la-campanya-de-vacunacio-contra-la-grip-i-la-covid-19\/#primaryimage"},"thumbnailUrl":"https:\/\/www.cofb.org\/wp-content\/uploads\/2024\/10\/COFB_CAMPANYA-VACUNACIO-GRIP-I-COVID_11102024_1.jpg","datePublished":"2024-10-11T13:40:01+00:00","dateModified":"2024-10-11T13:40:02+00:00","description":"Les m\u00e9s de 3.200 farm\u00e0cies catalanes participaran activament, per primer cop, a la campanya de vacunaci\u00f3 contra la grip i la COVID-19.","breadcrumb":{"@id":"https:\/\/www.cofb.org\/2024\/10\/11\/per-primera-vegada-les-farmacies-catalanes-participen-en-la-campanya-de-vacunacio-contra-la-grip-i-la-covid-19\/#breadcrumb"},"inLanguage":"ca","potentialAction":[{"@type":"ReadAction","target":["https:\/\/www.cofb.org\/2024\/10\/11\/per-primera-vegada-les-farmacies-catalanes-participen-en-la-campanya-de-vacunacio-contra-la-grip-i-la-covid-19\/"]}]},{"@type":"ImageObject","inLanguage":"ca","@id":"https:\/\/www.cofb.org\/2024\/10\/11\/per-primera-vegada-les-farmacies-catalanes-participen-en-la-campanya-de-vacunacio-contra-la-grip-i-la-covid-19\/#primaryimage","url":"https:\/\/www.cofb.org\/wp-content\/uploads\/2024\/10\/COFB_CAMPANYA-VACUNACIO-GRIP-I-COVID_11102024_1.jpg","contentUrl":"https:\/\/www.cofb.org\/wp-content\/uploads\/2024\/10\/COFB_CAMPANYA-VACUNACIO-GRIP-I-COVID_11102024_1.jpg","width":1204,"height":773,"caption":"D'esquerra a dreta: Anna Coma, Montse Mart\u00ednez, Esteve Fern\u00e1ndez, Jordi Casas, S\u00edlvia Fari\u00f1as."},{"@type":"BreadcrumbList","@id":"https:\/\/www.cofb.org\/2024\/10\/11\/per-primera-vegada-les-farmacies-catalanes-participen-en-la-campanya-de-vacunacio-contra-la-grip-i-la-covid-19\/#breadcrumb","itemListElement":[{"@type":"ListItem","position":1,"name":"Inici","item":"https:\/\/novaorg.cofb.net\/"},{"@type":"ListItem","position":2,"name":"Per primera vegada les farm\u00e0cies catalanes participen en la campanya de vacunaci\u00f3 contra la grip i la COVID-19"}]},{"@type":"WebSite","@id":"https:\/\/www.cofb.org\/#website","url":"https:\/\/www.cofb.org\/","name":"Col\u00b7legi de Farmac\u00e8utics de Barcelona","description":"","publisher":{"@id":"https:\/\/www.cofb.org\/#organization"},"potentialAction":[{"@type":"SearchAction","target":{"@type":"EntryPoint","urlTemplate":"https:\/\/www.cofb.org\/?s={search_term_string}"},"query-input":"required name=search_term_string"}],"inLanguage":"ca"},{"@type":"Organization","@id":"https:\/\/www.cofb.org\/#organization","name":"Col\u00b7legi de Farmac\u00e8utics de Barcelona","url":"https:\/\/www.cofb.org\/","logo":{"@type":"ImageObject","inLanguage":"ca","@id":"https:\/\/www.cofb.org\/#\/schema\/logo\/image\/","url":"https:\/\/www.cofb.org\/wp-content\/uploads\/2023\/11\/cropped-Logotip-COFB.png","contentUrl":"https:\/\/www.cofb.org\/wp-content\/uploads\/2023\/11\/cropped-Logotip-COFB.png","width":500,"height":105,"caption":"Col\u00b7legi de Farmac\u00e8utics de Barcelona"},"image":{"@id":"https:\/\/www.cofb.org\/#\/schema\/logo\/image\/"},"sameAs":["https:\/\/www.facebook.com\/farmaceuticsbcn\/","https:\/\/twitter.com\/farmaceuticsbcn","https:\/\/www.instagram.com\/farmaceuticsbcn\/","https:\/\/www.linkedin.com\/company\/farmaceuticsbcn\/"]},{"@type":"Person","@id":"https:\/\/www.cofb.org\/#\/schema\/person\/f32de3b41b812c85ff923cb4cc849063","name":"Berta Mart\u00ednez","image":{"@type":"ImageObject","inLanguage":"ca","@id":"https:\/\/www.cofb.org\/#\/schema\/person\/image\/","url":"https:\/\/secure.gravatar.com\/avatar\/d4c584dab5da1ee9e3c3df161c0aabec7075cc8211cd46ffc79bfe177aa78b01?s=96&d=mm&r=g","contentUrl":"https:\/\/secure.gravatar.com\/avatar\/d4c584dab5da1ee9e3c3df161c0aabec7075cc8211cd46ffc79bfe177aa78b01?s=96&d=mm&r=g","caption":"Berta Mart\u00ednez"},"url":"https:\/\/www.cofb.org\/ca\/author\/bmartinez\/"}]}},"uagb_featured_image_src":{"full":["https:\/\/www.cofb.org\/wp-content\/uploads\/2024\/10\/COFB_CAMPANYA-VACUNACIO-GRIP-I-COVID_11102024_1.jpg",1204,773,false],"thumbnail":["https:\/\/www.cofb.org\/wp-content\/uploads\/2024\/10\/COFB_CAMPANYA-VACUNACIO-GRIP-I-COVID_11102024_1-150x150.jpg",150,150,true],"medium":["https:\/\/www.cofb.org\/wp-content\/uploads\/2024\/10\/COFB_CAMPANYA-VACUNACIO-GRIP-I-COVID_11102024_1-300x193.jpg",300,193,true],"medium_large":["https:\/\/www.cofb.org\/wp-content\/uploads\/2024\/10\/COFB_CAMPANYA-VACUNACIO-GRIP-I-COVID_11102024_1-768x493.jpg",768,493,true],"large":["https:\/\/www.cofb.org\/wp-content\/uploads\/2024\/10\/COFB_CAMPANYA-VACUNACIO-GRIP-I-COVID_11102024_1-1024x657.jpg",1024,657,true],"1536x1536":["https:\/\/www.cofb.org\/wp-content\/uploads\/2024\/10\/COFB_CAMPANYA-VACUNACIO-GRIP-I-COVID_11102024_1.jpg",1204,773,false],"2048x2048":["https:\/\/www.cofb.org\/wp-content\/uploads\/2024\/10\/COFB_CAMPANYA-VACUNACIO-GRIP-I-COVID_11102024_1.jpg",1204,773,false],"trp-custom-language-flag":["https:\/\/www.cofb.org\/wp-content\/uploads\/2024\/10\/COFB_CAMPANYA-VACUNACIO-GRIP-I-COVID_11102024_1-18x12.jpg",18,12,true]},"uagb_author_info":{"display_name":"Berta Mart\u00ednez","author_link":"https:\/\/www.cofb.org\/ca\/author\/bmartinez\/"},"uagb_comment_info":0,"uagb_excerpt":"Barcelona, 11 d\u2019octubre de 2024.- Les m\u00e9s de 3.200 farm\u00e0cies catalanes participaran activament, per primer cop, a la campanya de vacunaci\u00f3 contra la grip i la COVID-19 per contribuir a incrementar la cobertura vacunal en persones majors de 60 anys. Aix\u00ed s\u2019ha anunciat en una roda de premsa que ha [&hellip;]","_links":{"self":[{"href":"https:\/\/www.cofb.org\/ca\/wp-json\/wp\/v2\/posts\/79655","targetHints":{"allow":["GET"]}}],"collection":[{"href":"https:\/\/www.cofb.org\/ca\/wp-json\/wp\/v2\/posts"}],"about":[{"href":"https:\/\/www.cofb.org\/ca\/wp-json\/wp\/v2\/types\/post"}],"author":[{"embeddable":true,"href":"https:\/\/www.cofb.org\/ca\/wp-json\/wp\/v2\/users\/3"}],"replies":[{"embeddable":true,"href":"https:\/\/www.cofb.org\/ca\/wp-json\/wp\/v2\/comments?post=79655"}],"version-history":[{"count":2,"href":"https:\/\/www.cofb.org\/ca\/wp-json\/wp\/v2\/posts\/79655\/revisions"}],"predecessor-version":[{"id":79659,"href":"https:\/\/www.cofb.org\/ca\/wp-json\/wp\/v2\/posts\/79655\/revisions\/79659"}],"wp:featuredmedia":[{"embeddable":true,"href":"https:\/\/www.cofb.org\/ca\/wp-json\/wp\/v2\/media\/79658"}],"wp:attachment":[{"href":"https:\/\/www.cofb.org\/ca\/wp-json\/wp\/v2\/media?parent=79655"}],"wp:term":[{"taxonomy":"category","embeddable":true,"href":"https:\/\/www.cofb.org\/ca\/wp-json\/wp\/v2\/categories?post=79655"},{"taxonomy":"post_tag","embeddable":true,"href":"https:\/\/www.cofb.org\/ca\/wp-json\/wp\/v2\/tags?post=79655"}],"curies":[{"name":"wp","href":"https:\/\/api.w.org\/{rel}","templated":true}]}}