{"id":79587,"date":"2024-10-01T16:36:02","date_gmt":"2024-10-01T16:36:02","guid":{"rendered":"https:\/\/www.cofb.org\/?p=79587"},"modified":"2024-10-02T09:10:19","modified_gmt":"2024-10-02T09:10:19","slug":"primera-reunio-del-comite-cientific-dinfarma-barcelona-2025","status":"publish","type":"post","link":"https:\/\/www.cofb.org\/ca\/2024\/10\/01\/primera-reunio-del-comite-cientific-dinfarma-barcelona-2025\/","title":{"rendered":"Primera reuni\u00f3 del Comit\u00e8 Cient\u00edfic d\u2019Infarma Barcelona 2025"},"content":{"rendered":"\n<p>El <strong>Comit\u00e8 Cient\u00edfic<\/strong> d\u2019<strong><a href=\"https:\/\/www.infarma.es\/\" target=\"_blank\" rel=\"noreferrer noopener\">Infarma Barcelona 2025<\/a><\/strong> va celebrar la primera <strong>reuni\u00f3<\/strong> per comen\u00e7ar a definir el <strong>programa cient\u00edfic<\/strong> del <strong>Congr\u00e9s Europeu d\u2019Oficina de Farm\u00e0cia, <\/strong>el passat 1 d\u2019octubre. Enguany, la <strong>35a edici\u00f3<\/strong> de la <strong>Trobada Europea de Farm\u00e0cia<\/strong>, que organitza anualment el <strong>Col\u00b7legi de Farmac\u00e8utics de Barcelona (COFB)<\/strong>, el<strong> Colegio Oficial de Farmac\u00e9uticos de Madrid (COFM)<\/strong> i <strong>CloserStill<\/strong> <strong>Media<\/strong>, tindr\u00e0 lloc els dies <strong>25, 26 i 27 de mar\u00e7 de 2025 <\/strong>al recinte de Gran Via de Fira de Barcelona.<\/p>\n\n\n\n<figure class=\"wp-block-image size-large\"><a href=\"https:\/\/www.cofb.org\/wp-content\/uploads\/2024\/10\/COFB_COMITE-CIENTIFIC-INFARMA-BARCELONA-2025_01102024-scaled.jpg\" target=\"_blank\" rel=\"noreferrer noopener\"><img fetchpriority=\"high\" decoding=\"async\" width=\"1024\" height=\"619\" src=\"https:\/\/www.cofb.org\/wp-content\/uploads\/2024\/10\/COFB_COMITE-CIENTIFIC-INFARMA-BARCELONA-2025_01102024-1024x619.jpg\" alt=\"Alguns dels membres del Comit\u00e8 Cient\u00edfic d\u2019Infarma Barcelona 2025.\" class=\"wp-image-79594\" srcset=\"https:\/\/www.cofb.org\/wp-content\/uploads\/2024\/10\/COFB_COMITE-CIENTIFIC-INFARMA-BARCELONA-2025_01102024-1024x619.jpg 1024w, https:\/\/www.cofb.org\/wp-content\/uploads\/2024\/10\/COFB_COMITE-CIENTIFIC-INFARMA-BARCELONA-2025_01102024-300x181.jpg 300w, https:\/\/www.cofb.org\/wp-content\/uploads\/2024\/10\/COFB_COMITE-CIENTIFIC-INFARMA-BARCELONA-2025_01102024-768x464.jpg 768w, https:\/\/www.cofb.org\/wp-content\/uploads\/2024\/10\/COFB_COMITE-CIENTIFIC-INFARMA-BARCELONA-2025_01102024-1536x929.jpg 1536w, https:\/\/www.cofb.org\/wp-content\/uploads\/2024\/10\/COFB_COMITE-CIENTIFIC-INFARMA-BARCELONA-2025_01102024-2048x1238.jpg 2048w, https:\/\/www.cofb.org\/wp-content\/uploads\/2024\/10\/COFB_COMITE-CIENTIFIC-INFARMA-BARCELONA-2025_01102024-18x12.jpg 18w\" sizes=\"(max-width: 1024px) 100vw, 1024px\" \/><\/a><\/figure>\n\n\n\n<h2 class=\"wp-block-heading\"><strong>Objectius de la reuni\u00f3<\/strong><\/h2>\n\n\n\n<p>L\u2019<strong>objectiu principal <\/strong>de la primera reuni\u00f3 del <strong>Comit\u00e8 Cient\u00edfic<\/strong> va ser <strong>definir el disseny<\/strong> i l\u2019<strong>estructura del programa cient\u00edfic<\/strong> del <strong>Congr\u00e9s Europeu d\u2019Oficina de Farm\u00e0cia<\/strong><strong>.<\/strong> Tanmateix, tamb\u00e9 es va presentar el lema d\u2019aquesta edici\u00f3 i es van abordar altres q\u00fcestions com les bases per presentar els p\u00f2sters cient\u00edfics o la celebraci\u00f3 d\u2019Infarma Solidari.<\/p>\n\n\n\n<p>Anteriorment, el passat mes de juliol, va tenir lloc la <strong><u><a href=\"https:\/\/www.cofb.org\/ca\/2024\/07\/01\/el-comite-organitzador-dinfarma-barcelona-2025-celebra-la-primera-reunio-per-preparar-la-35a-edicio-que-tindra-lloc-els-dies-25-26-i-27-de-marc\/\" target=\"_blank\" rel=\"noreferrer noopener\">primera reuni\u00f3 de Comit\u00e8 Organitzador d\u2019Infarma<\/a><\/u><\/strong>. En aquesta trobada es van nomenar els membres del <a href=\"https:\/\/www.infarma.es\/comite-organizador-2025\/\" target=\"_blank\" rel=\"noreferrer noopener\">Comit\u00e8 Organitzador<\/a>, el <a href=\"https:\/\/www.infarma.es\/comite-cientifico-2025\/\" target=\"_blank\" rel=\"noreferrer noopener\">Comit\u00e8 Cient\u00edfic<\/a>, el Comit\u00e8 Executiu i la Comissi\u00f3 de Control del Congr\u00e9s Europeu d\u2019Oficina de Farm\u00e0cia i el Sal\u00f3 de Medicaments i Parafarm\u00e0cia<\/p>\n\n\n\n<p><strong>Reserva\u2019t la data<\/strong>&nbsp;d\u2019Infarma Barcelona 2025: els dies&nbsp;<strong>25, 26 i 27 de mar\u00e7 de 2025<\/strong>.<\/p>\n","protected":false},"excerpt":{"rendered":"<p>El Comit\u00e8 Cient\u00edfic d\u2019Infarma Barcelona 2025 va celebrar la primera reuni\u00f3 per comen\u00e7ar a definir el programa cient\u00edfic del Congr\u00e9s Europeu d\u2019Oficina de Farm\u00e0cia, el passat 1 d\u2019octubre. Enguany, la 35a edici\u00f3 de la Trobada Europea de Farm\u00e0cia, que organitza anualment el Col\u00b7legi de Farmac\u00e8utics de Barcelona (COFB), el Colegio [&hellip;]<\/p>\n","protected":false},"author":3,"featured_media":79594,"comment_status":"closed","ping_status":"closed","sticky":false,"template":"","format":"standard","meta":{"_uag_custom_page_level_css":"","site-sidebar-layout":"default","site-content-layout":"","ast-site-content-layout":"default","site-content-style":"default","site-sidebar-style":"default","ast-global-header-display":"","ast-banner-title-visibility":"","ast-main-header-display":"","ast-hfb-above-header-display":"","ast-hfb-below-header-display":"","ast-hfb-mobile-header-display":"","site-post-title":"","ast-breadcrumbs-content":"","ast-featured-img":"disabled","footer-sml-layout":"","theme-transparent-header-meta":"","adv-header-id-meta":"","stick-header-meta":"","header-above-stick-meta":"","header-main-stick-meta":"","header-below-stick-meta":"","astra-migrate-meta-layouts":"set","ast-page-background-enabled":"default","ast-page-background-meta":{"desktop":{"background-color":"var(--ast-global-color-4)","background-image":"","background-repeat":"repeat","background-position":"center center","background-size":"auto","background-attachment":"scroll","background-type":"","background-media":"","overlay-type":"","overlay-color":"","overlay-opacity":"","overlay-gradient":""},"tablet":{"background-color":"","background-image":"","background-repeat":"repeat","background-position":"center center","background-size":"auto","background-attachment":"scroll","background-type":"","background-media":"","overlay-type":"","overlay-color":"","overlay-opacity":"","overlay-gradient":""},"mobile":{"background-color":"","background-image":"","background-repeat":"repeat","background-position":"center center","background-size":"auto","background-attachment":"scroll","background-type":"","background-media":"","overlay-type":"","overlay-color":"","overlay-opacity":"","overlay-gradient":""}},"ast-content-background-meta":{"desktop":{"background-color":"var(--ast-global-color-5)","background-image":"","background-repeat":"repeat","background-position":"center center","background-size":"auto","background-attachment":"scroll","background-type":"","background-media":"","overlay-type":"","overlay-color":"","overlay-opacity":"","overlay-gradient":""},"tablet":{"background-color":"var(--ast-global-color-5)","background-image":"","background-repeat":"repeat","background-position":"center center","background-size":"auto","background-attachment":"scroll","background-type":"","background-media":"","overlay-type":"","overlay-color":"","overlay-opacity":"","overlay-gradient":""},"mobile":{"background-color":"var(--ast-global-color-5)","background-image":"","background-repeat":"repeat","background-position":"center center","background-size":"auto","background-attachment":"scroll","background-type":"","background-media":"","overlay-type":"","overlay-color":"","overlay-opacity":"","overlay-gradient":""}},"footnotes":""},"categories":[23,2165],"tags":[5046,4239,18,110,19,241,1014,1015,3989,4186,28,5116,5047,5124],"class_list":["post-79587","post","type-post","status-publish","format-standard","has-post-thumbnail","hentry","category-destacats","category-infarma","tag-35a-edicio","tag-cof-de-madrid","tag-cofb","tag-cofm","tag-collegi-de-farmaceutics-de-barcelona","tag-colegio-oficial-de-farmaceuticos-de-madrid","tag-comite-cientific","tag-comite-organitzador","tag-congres-europeu-doficina-de-farmacia","tag-congres-europeu-doficina-de-farmacia-i-salo-de-medicaments","tag-infarma","tag-infarma-2025","tag-infarma-barcelona-2025","tag-primera-reunio"],"yoast_head":"<!-- This site is optimized with the Yoast SEO plugin v22.4 - https:\/\/yoast.com\/wordpress\/plugins\/seo\/ -->\n<title>Primera reuni\u00f3 del Comit\u00e8 Cient\u00edfic d\u2019Infarma Barcelona 2025 - Col\u00b7legi de Farmac\u00e8utics de Barcelona<\/title>\n<meta name=\"description\" content=\"El Comit\u00e8 Cient\u00edfic d\u2019Infarma Barcelona 2025 va celebrar la primera reuni\u00f3 per comen\u00e7ar a perfilar el programa cient\u00edfic.\" \/>\n<meta name=\"robots\" content=\"index, follow, max-snippet:-1, max-image-preview:large, max-video-preview:-1\" \/>\n<link rel=\"canonical\" href=\"https:\/\/www.cofb.org\/ca\/2024\/10\/01\/primera-reunio-del-comite-cientific-dinfarma-barcelona-2025\/\" \/>\n<meta property=\"og:locale\" content=\"ca_ES\" \/>\n<meta property=\"og:type\" content=\"article\" \/>\n<meta property=\"og:title\" content=\"Primera reuni\u00f3 del Comit\u00e8 Cient\u00edfic d\u2019Infarma Barcelona 2025 - Col\u00b7legi de Farmac\u00e8utics de Barcelona\" \/>\n<meta property=\"og:description\" content=\"El Comit\u00e8 Cient\u00edfic d\u2019Infarma Barcelona 2025 va celebrar la primera reuni\u00f3 per comen\u00e7ar a perfilar el programa cient\u00edfic.\" \/>\n<meta property=\"og:url\" content=\"https:\/\/www.cofb.org\/ca\/2024\/10\/01\/primera-reunio-del-comite-cientific-dinfarma-barcelona-2025\/\" \/>\n<meta property=\"og:site_name\" content=\"Col\u00b7legi de Farmac\u00e8utics de Barcelona\" \/>\n<meta property=\"article:publisher\" content=\"https:\/\/www.facebook.com\/farmaceuticsbcn\/\" \/>\n<meta property=\"article:published_time\" content=\"2024-10-01T16:36:02+00:00\" \/>\n<meta property=\"article:modified_time\" content=\"2024-10-02T09:10:19+00:00\" \/>\n<meta property=\"og:image\" content=\"https:\/\/www.cofb.org\/wp-content\/uploads\/2024\/10\/COFB_COMITE-CIENTIFIC-INFARMA-BARCELONA-2025_01102024-scaled.jpg\" \/>\n\t<meta property=\"og:image:width\" content=\"2560\" \/>\n\t<meta property=\"og:image:height\" content=\"1548\" \/>\n\t<meta property=\"og:image:type\" content=\"image\/jpeg\" \/>\n<meta name=\"author\" content=\"Berta Mart\u00ednez\" \/>\n<meta name=\"twitter:card\" content=\"summary_large_image\" \/>\n<meta name=\"twitter:creator\" content=\"@farmaceuticsbcn\" \/>\n<meta name=\"twitter:site\" content=\"@farmaceuticsbcn\" \/>\n<meta name=\"twitter:label1\" content=\"Escrit per\" \/>\n\t<meta name=\"twitter:data1\" content=\"Berta Mart\u00ednez\" \/>\n\t<meta name=\"twitter:label2\" content=\"Temps estimat de lectura\" \/>\n\t<meta name=\"twitter:data2\" content=\"2 minuts\" \/>\n<script type=\"application\/ld+json\" class=\"yoast-schema-graph\">{\"@context\":\"https:\/\/schema.org\",\"@graph\":[{\"@type\":\"Article\",\"@id\":\"https:\/\/www.cofb.org\/2024\/10\/01\/primera-reunio-del-comite-cientific-dinfarma-barcelona-2025\/#article\",\"isPartOf\":{\"@id\":\"https:\/\/www.cofb.org\/2024\/10\/01\/primera-reunio-del-comite-cientific-dinfarma-barcelona-2025\/\"},\"author\":{\"name\":\"Berta Mart\u00ednez\",\"@id\":\"https:\/\/www.cofb.org\/#\/schema\/person\/f32de3b41b812c85ff923cb4cc849063\"},\"headline\":\"Primera reuni\u00f3 del Comit\u00e8 Cient\u00edfic d\u2019Infarma Barcelona 2025\",\"datePublished\":\"2024-10-01T16:36:02+00:00\",\"dateModified\":\"2024-10-02T09:10:19+00:00\",\"mainEntityOfPage\":{\"@id\":\"https:\/\/www.cofb.org\/2024\/10\/01\/primera-reunio-del-comite-cientific-dinfarma-barcelona-2025\/\"},\"wordCount\":236,\"publisher\":{\"@id\":\"https:\/\/www.cofb.org\/#organization\"},\"image\":{\"@id\":\"https:\/\/www.cofb.org\/2024\/10\/01\/primera-reunio-del-comite-cientific-dinfarma-barcelona-2025\/#primaryimage\"},\"thumbnailUrl\":\"https:\/\/www.cofb.org\/wp-content\/uploads\/2024\/10\/COFB_COMITE-CIENTIFIC-INFARMA-BARCELONA-2025_01102024-scaled.jpg\",\"keywords\":[\"35a edici\u00f3\",\"COF de Madrid\",\"COFB\",\"COFM\",\"Col\u00b7legi de Farmac\u00e8utics de Barcelona\",\"Colegio Oficial de Farmac\u00e9uticos de Madrid\",\"Comit\u00e8 cient\u00edfic\",\"comit\u00e8 organitzador\",\"Congr\u00e9s europeu d'oficina de farm\u00e0cia\",\"Congr\u00e9s Europeu d'Oficina de Farm\u00e0cia i Sal\u00f3 de Medicaments\",\"Infarma\",\"Infarma 2025\",\"Infarma Barcelona 2025\",\"primera reuni\u00f3\"],\"articleSection\":[\"Destacats\",\"Infarma\"],\"inLanguage\":\"ca\"},{\"@type\":\"WebPage\",\"@id\":\"https:\/\/www.cofb.org\/2024\/10\/01\/primera-reunio-del-comite-cientific-dinfarma-barcelona-2025\/\",\"url\":\"https:\/\/www.cofb.org\/2024\/10\/01\/primera-reunio-del-comite-cientific-dinfarma-barcelona-2025\/\",\"name\":\"Primera reuni\u00f3 del Comit\u00e8 Cient\u00edfic d\u2019Infarma Barcelona 2025 - Col\u00b7legi de Farmac\u00e8utics de Barcelona\",\"isPartOf\":{\"@id\":\"https:\/\/www.cofb.org\/#website\"},\"primaryImageOfPage\":{\"@id\":\"https:\/\/www.cofb.org\/2024\/10\/01\/primera-reunio-del-comite-cientific-dinfarma-barcelona-2025\/#primaryimage\"},\"image\":{\"@id\":\"https:\/\/www.cofb.org\/2024\/10\/01\/primera-reunio-del-comite-cientific-dinfarma-barcelona-2025\/#primaryimage\"},\"thumbnailUrl\":\"https:\/\/www.cofb.org\/wp-content\/uploads\/2024\/10\/COFB_COMITE-CIENTIFIC-INFARMA-BARCELONA-2025_01102024-scaled.jpg\",\"datePublished\":\"2024-10-01T16:36:02+00:00\",\"dateModified\":\"2024-10-02T09:10:19+00:00\",\"description\":\"El Comit\u00e8 Cient\u00edfic d\u2019Infarma Barcelona 2025 va celebrar la primera reuni\u00f3 per comen\u00e7ar a perfilar el programa cient\u00edfic.\",\"breadcrumb\":{\"@id\":\"https:\/\/www.cofb.org\/2024\/10\/01\/primera-reunio-del-comite-cientific-dinfarma-barcelona-2025\/#breadcrumb\"},\"inLanguage\":\"ca\",\"potentialAction\":[{\"@type\":\"ReadAction\",\"target\":[\"https:\/\/www.cofb.org\/2024\/10\/01\/primera-reunio-del-comite-cientific-dinfarma-barcelona-2025\/\"]}]},{\"@type\":\"ImageObject\",\"inLanguage\":\"ca\",\"@id\":\"https:\/\/www.cofb.org\/2024\/10\/01\/primera-reunio-del-comite-cientific-dinfarma-barcelona-2025\/#primaryimage\",\"url\":\"https:\/\/www.cofb.org\/wp-content\/uploads\/2024\/10\/COFB_COMITE-CIENTIFIC-INFARMA-BARCELONA-2025_01102024-scaled.jpg\",\"contentUrl\":\"https:\/\/www.cofb.org\/wp-content\/uploads\/2024\/10\/COFB_COMITE-CIENTIFIC-INFARMA-BARCELONA-2025_01102024-scaled.jpg\",\"width\":2560,\"height\":1548,\"caption\":\"Alguns dels membres del Comit\u00e8 Cient\u00edfic d\u2019Infarma Barcelona 2025.\"},{\"@type\":\"BreadcrumbList\",\"@id\":\"https:\/\/www.cofb.org\/2024\/10\/01\/primera-reunio-del-comite-cientific-dinfarma-barcelona-2025\/#breadcrumb\",\"itemListElement\":[{\"@type\":\"ListItem\",\"position\":1,\"name\":\"Inici\",\"item\":\"https:\/\/novaorg.cofb.net\/\"},{\"@type\":\"ListItem\",\"position\":2,\"name\":\"Primera reuni\u00f3 del Comit\u00e8 Cient\u00edfic d\u2019Infarma Barcelona 2025\"}]},{\"@type\":\"WebSite\",\"@id\":\"https:\/\/www.cofb.org\/#website\",\"url\":\"https:\/\/www.cofb.org\/\",\"name\":\"Col\u00b7legi de Farmac\u00e8utics de Barcelona\",\"description\":\"\",\"publisher\":{\"@id\":\"https:\/\/www.cofb.org\/#organization\"},\"potentialAction\":[{\"@type\":\"SearchAction\",\"target\":{\"@type\":\"EntryPoint\",\"urlTemplate\":\"https:\/\/www.cofb.org\/?s={search_term_string}\"},\"query-input\":\"required name=search_term_string\"}],\"inLanguage\":\"ca\"},{\"@type\":\"Organization\",\"@id\":\"https:\/\/www.cofb.org\/#organization\",\"name\":\"Col\u00b7legi de Farmac\u00e8utics de Barcelona\",\"url\":\"https:\/\/www.cofb.org\/\",\"logo\":{\"@type\":\"ImageObject\",\"inLanguage\":\"ca\",\"@id\":\"https:\/\/www.cofb.org\/#\/schema\/logo\/image\/\",\"url\":\"https:\/\/www.cofb.org\/wp-content\/uploads\/2023\/11\/cropped-Logotip-COFB.png\",\"contentUrl\":\"https:\/\/www.cofb.org\/wp-content\/uploads\/2023\/11\/cropped-Logotip-COFB.png\",\"width\":500,\"height\":105,\"caption\":\"Col\u00b7legi de Farmac\u00e8utics de Barcelona\"},\"image\":{\"@id\":\"https:\/\/www.cofb.org\/#\/schema\/logo\/image\/\"},\"sameAs\":[\"https:\/\/www.facebook.com\/farmaceuticsbcn\/\",\"https:\/\/twitter.com\/farmaceuticsbcn\",\"https:\/\/www.instagram.com\/farmaceuticsbcn\/\",\"https:\/\/www.linkedin.com\/company\/farmaceuticsbcn\/\"]},{\"@type\":\"Person\",\"@id\":\"https:\/\/www.cofb.org\/#\/schema\/person\/f32de3b41b812c85ff923cb4cc849063\",\"name\":\"Berta Mart\u00ednez\",\"image\":{\"@type\":\"ImageObject\",\"inLanguage\":\"ca\",\"@id\":\"https:\/\/www.cofb.org\/#\/schema\/person\/image\/\",\"url\":\"https:\/\/secure.gravatar.com\/avatar\/d4c584dab5da1ee9e3c3df161c0aabec7075cc8211cd46ffc79bfe177aa78b01?s=96&d=mm&r=g\",\"contentUrl\":\"https:\/\/secure.gravatar.com\/avatar\/d4c584dab5da1ee9e3c3df161c0aabec7075cc8211cd46ffc79bfe177aa78b01?s=96&d=mm&r=g\",\"caption\":\"Berta Mart\u00ednez\"},\"url\":\"https:\/\/www.cofb.org\/ca\/author\/bmartinez\/\"}]}<\/script>\n<!-- \/ Yoast SEO plugin. -->","yoast_head_json":{"title":"Primera reuni\u00f3 del Comit\u00e8 Cient\u00edfic d\u2019Infarma Barcelona 2025 - Col\u00b7legi de Farmac\u00e8utics de Barcelona","description":"El Comit\u00e8 Cient\u00edfic d\u2019Infarma Barcelona 2025 va celebrar la primera reuni\u00f3 per comen\u00e7ar a perfilar el programa cient\u00edfic.","robots":{"index":"index","follow":"follow","max-snippet":"max-snippet:-1","max-image-preview":"max-image-preview:large","max-video-preview":"max-video-preview:-1"},"canonical":"https:\/\/www.cofb.org\/ca\/2024\/10\/01\/primera-reunio-del-comite-cientific-dinfarma-barcelona-2025\/","og_locale":"ca_ES","og_type":"article","og_title":"Primera reuni\u00f3 del Comit\u00e8 Cient\u00edfic d\u2019Infarma Barcelona 2025 - Col\u00b7legi de Farmac\u00e8utics de Barcelona","og_description":"El Comit\u00e8 Cient\u00edfic d\u2019Infarma Barcelona 2025 va celebrar la primera reuni\u00f3 per comen\u00e7ar a perfilar el programa cient\u00edfic.","og_url":"https:\/\/www.cofb.org\/ca\/2024\/10\/01\/primera-reunio-del-comite-cientific-dinfarma-barcelona-2025\/","og_site_name":"Col\u00b7legi de Farmac\u00e8utics de Barcelona","article_publisher":"https:\/\/www.facebook.com\/farmaceuticsbcn\/","article_published_time":"2024-10-01T16:36:02+00:00","article_modified_time":"2024-10-02T09:10:19+00:00","og_image":[{"width":2560,"height":1548,"url":"https:\/\/www.cofb.org\/wp-content\/uploads\/2024\/10\/COFB_COMITE-CIENTIFIC-INFARMA-BARCELONA-2025_01102024-scaled.jpg","type":"image\/jpeg"}],"author":"Berta Mart\u00ednez","twitter_card":"summary_large_image","twitter_creator":"@farmaceuticsbcn","twitter_site":"@farmaceuticsbcn","twitter_misc":{"Escrit per":"Berta Mart\u00ednez","Temps estimat de lectura":"2 minuts"},"schema":{"@context":"https:\/\/schema.org","@graph":[{"@type":"Article","@id":"https:\/\/www.cofb.org\/2024\/10\/01\/primera-reunio-del-comite-cientific-dinfarma-barcelona-2025\/#article","isPartOf":{"@id":"https:\/\/www.cofb.org\/2024\/10\/01\/primera-reunio-del-comite-cientific-dinfarma-barcelona-2025\/"},"author":{"name":"Berta Mart\u00ednez","@id":"https:\/\/www.cofb.org\/#\/schema\/person\/f32de3b41b812c85ff923cb4cc849063"},"headline":"Primera reuni\u00f3 del Comit\u00e8 Cient\u00edfic d\u2019Infarma Barcelona 2025","datePublished":"2024-10-01T16:36:02+00:00","dateModified":"2024-10-02T09:10:19+00:00","mainEntityOfPage":{"@id":"https:\/\/www.cofb.org\/2024\/10\/01\/primera-reunio-del-comite-cientific-dinfarma-barcelona-2025\/"},"wordCount":236,"publisher":{"@id":"https:\/\/www.cofb.org\/#organization"},"image":{"@id":"https:\/\/www.cofb.org\/2024\/10\/01\/primera-reunio-del-comite-cientific-dinfarma-barcelona-2025\/#primaryimage"},"thumbnailUrl":"https:\/\/www.cofb.org\/wp-content\/uploads\/2024\/10\/COFB_COMITE-CIENTIFIC-INFARMA-BARCELONA-2025_01102024-scaled.jpg","keywords":["35a edici\u00f3","COF de Madrid","COFB","COFM","Col\u00b7legi de Farmac\u00e8utics de Barcelona","Colegio Oficial de Farmac\u00e9uticos de Madrid","Comit\u00e8 cient\u00edfic","comit\u00e8 organitzador","Congr\u00e9s europeu d'oficina de farm\u00e0cia","Congr\u00e9s Europeu d'Oficina de Farm\u00e0cia i Sal\u00f3 de Medicaments","Infarma","Infarma 2025","Infarma Barcelona 2025","primera reuni\u00f3"],"articleSection":["Destacats","Infarma"],"inLanguage":"ca"},{"@type":"WebPage","@id":"https:\/\/www.cofb.org\/2024\/10\/01\/primera-reunio-del-comite-cientific-dinfarma-barcelona-2025\/","url":"https:\/\/www.cofb.org\/2024\/10\/01\/primera-reunio-del-comite-cientific-dinfarma-barcelona-2025\/","name":"Primera reuni\u00f3 del Comit\u00e8 Cient\u00edfic d\u2019Infarma Barcelona 2025 - Col\u00b7legi de Farmac\u00e8utics de Barcelona","isPartOf":{"@id":"https:\/\/www.cofb.org\/#website"},"primaryImageOfPage":{"@id":"https:\/\/www.cofb.org\/2024\/10\/01\/primera-reunio-del-comite-cientific-dinfarma-barcelona-2025\/#primaryimage"},"image":{"@id":"https:\/\/www.cofb.org\/2024\/10\/01\/primera-reunio-del-comite-cientific-dinfarma-barcelona-2025\/#primaryimage"},"thumbnailUrl":"https:\/\/www.cofb.org\/wp-content\/uploads\/2024\/10\/COFB_COMITE-CIENTIFIC-INFARMA-BARCELONA-2025_01102024-scaled.jpg","datePublished":"2024-10-01T16:36:02+00:00","dateModified":"2024-10-02T09:10:19+00:00","description":"El Comit\u00e8 Cient\u00edfic d\u2019Infarma Barcelona 2025 va celebrar la primera reuni\u00f3 per comen\u00e7ar a perfilar el programa cient\u00edfic.","breadcrumb":{"@id":"https:\/\/www.cofb.org\/2024\/10\/01\/primera-reunio-del-comite-cientific-dinfarma-barcelona-2025\/#breadcrumb"},"inLanguage":"ca","potentialAction":[{"@type":"ReadAction","target":["https:\/\/www.cofb.org\/2024\/10\/01\/primera-reunio-del-comite-cientific-dinfarma-barcelona-2025\/"]}]},{"@type":"ImageObject","inLanguage":"ca","@id":"https:\/\/www.cofb.org\/2024\/10\/01\/primera-reunio-del-comite-cientific-dinfarma-barcelona-2025\/#primaryimage","url":"https:\/\/www.cofb.org\/wp-content\/uploads\/2024\/10\/COFB_COMITE-CIENTIFIC-INFARMA-BARCELONA-2025_01102024-scaled.jpg","contentUrl":"https:\/\/www.cofb.org\/wp-content\/uploads\/2024\/10\/COFB_COMITE-CIENTIFIC-INFARMA-BARCELONA-2025_01102024-scaled.jpg","width":2560,"height":1548,"caption":"Alguns dels membres del Comit\u00e8 Cient\u00edfic d\u2019Infarma Barcelona 2025."},{"@type":"BreadcrumbList","@id":"https:\/\/www.cofb.org\/2024\/10\/01\/primera-reunio-del-comite-cientific-dinfarma-barcelona-2025\/#breadcrumb","itemListElement":[{"@type":"ListItem","position":1,"name":"Inici","item":"https:\/\/novaorg.cofb.net\/"},{"@type":"ListItem","position":2,"name":"Primera reuni\u00f3 del Comit\u00e8 Cient\u00edfic d\u2019Infarma Barcelona 2025"}]},{"@type":"WebSite","@id":"https:\/\/www.cofb.org\/#website","url":"https:\/\/www.cofb.org\/","name":"Col\u00b7legi de Farmac\u00e8utics de Barcelona","description":"","publisher":{"@id":"https:\/\/www.cofb.org\/#organization"},"potentialAction":[{"@type":"SearchAction","target":{"@type":"EntryPoint","urlTemplate":"https:\/\/www.cofb.org\/?s={search_term_string}"},"query-input":"required name=search_term_string"}],"inLanguage":"ca"},{"@type":"Organization","@id":"https:\/\/www.cofb.org\/#organization","name":"Col\u00b7legi de Farmac\u00e8utics de Barcelona","url":"https:\/\/www.cofb.org\/","logo":{"@type":"ImageObject","inLanguage":"ca","@id":"https:\/\/www.cofb.org\/#\/schema\/logo\/image\/","url":"https:\/\/www.cofb.org\/wp-content\/uploads\/2023\/11\/cropped-Logotip-COFB.png","contentUrl":"https:\/\/www.cofb.org\/wp-content\/uploads\/2023\/11\/cropped-Logotip-COFB.png","width":500,"height":105,"caption":"Col\u00b7legi de Farmac\u00e8utics de Barcelona"},"image":{"@id":"https:\/\/www.cofb.org\/#\/schema\/logo\/image\/"},"sameAs":["https:\/\/www.facebook.com\/farmaceuticsbcn\/","https:\/\/twitter.com\/farmaceuticsbcn","https:\/\/www.instagram.com\/farmaceuticsbcn\/","https:\/\/www.linkedin.com\/company\/farmaceuticsbcn\/"]},{"@type":"Person","@id":"https:\/\/www.cofb.org\/#\/schema\/person\/f32de3b41b812c85ff923cb4cc849063","name":"Berta Mart\u00ednez","image":{"@type":"ImageObject","inLanguage":"ca","@id":"https:\/\/www.cofb.org\/#\/schema\/person\/image\/","url":"https:\/\/secure.gravatar.com\/avatar\/d4c584dab5da1ee9e3c3df161c0aabec7075cc8211cd46ffc79bfe177aa78b01?s=96&d=mm&r=g","contentUrl":"https:\/\/secure.gravatar.com\/avatar\/d4c584dab5da1ee9e3c3df161c0aabec7075cc8211cd46ffc79bfe177aa78b01?s=96&d=mm&r=g","caption":"Berta Mart\u00ednez"},"url":"https:\/\/www.cofb.org\/ca\/author\/bmartinez\/"}]}},"uagb_featured_image_src":{"full":["https:\/\/www.cofb.org\/wp-content\/uploads\/2024\/10\/COFB_COMITE-CIENTIFIC-INFARMA-BARCELONA-2025_01102024-scaled.jpg",2560,1548,false],"thumbnail":["https:\/\/www.cofb.org\/wp-content\/uploads\/2024\/10\/COFB_COMITE-CIENTIFIC-INFARMA-BARCELONA-2025_01102024-150x150.jpg",150,150,true],"medium":["https:\/\/www.cofb.org\/wp-content\/uploads\/2024\/10\/COFB_COMITE-CIENTIFIC-INFARMA-BARCELONA-2025_01102024-300x181.jpg",300,181,true],"medium_large":["https:\/\/www.cofb.org\/wp-content\/uploads\/2024\/10\/COFB_COMITE-CIENTIFIC-INFARMA-BARCELONA-2025_01102024-768x464.jpg",768,464,true],"large":["https:\/\/www.cofb.org\/wp-content\/uploads\/2024\/10\/COFB_COMITE-CIENTIFIC-INFARMA-BARCELONA-2025_01102024-1024x619.jpg",1024,619,true],"1536x1536":["https:\/\/www.cofb.org\/wp-content\/uploads\/2024\/10\/COFB_COMITE-CIENTIFIC-INFARMA-BARCELONA-2025_01102024-1536x929.jpg",1536,929,true],"2048x2048":["https:\/\/www.cofb.org\/wp-content\/uploads\/2024\/10\/COFB_COMITE-CIENTIFIC-INFARMA-BARCELONA-2025_01102024-2048x1238.jpg",2048,1238,true],"trp-custom-language-flag":["https:\/\/www.cofb.org\/wp-content\/uploads\/2024\/10\/COFB_COMITE-CIENTIFIC-INFARMA-BARCELONA-2025_01102024-18x12.jpg",18,12,true]},"uagb_author_info":{"display_name":"Berta Mart\u00ednez","author_link":"https:\/\/www.cofb.org\/ca\/author\/bmartinez\/"},"uagb_comment_info":0,"uagb_excerpt":"El Comit\u00e8 Cient\u00edfic d\u2019Infarma Barcelona 2025 va celebrar la primera reuni\u00f3 per comen\u00e7ar a definir el programa cient\u00edfic del Congr\u00e9s Europeu d\u2019Oficina de Farm\u00e0cia, el passat 1 d\u2019octubre. Enguany, la 35a edici\u00f3 de la Trobada Europea de Farm\u00e0cia, que organitza anualment el Col\u00b7legi de Farmac\u00e8utics de Barcelona (COFB), el Colegio [&hellip;]","_links":{"self":[{"href":"https:\/\/www.cofb.org\/ca\/wp-json\/wp\/v2\/posts\/79587","targetHints":{"allow":["GET"]}}],"collection":[{"href":"https:\/\/www.cofb.org\/ca\/wp-json\/wp\/v2\/posts"}],"about":[{"href":"https:\/\/www.cofb.org\/ca\/wp-json\/wp\/v2\/types\/post"}],"author":[{"embeddable":true,"href":"https:\/\/www.cofb.org\/ca\/wp-json\/wp\/v2\/users\/3"}],"replies":[{"embeddable":true,"href":"https:\/\/www.cofb.org\/ca\/wp-json\/wp\/v2\/comments?post=79587"}],"version-history":[{"count":11,"href":"https:\/\/www.cofb.org\/ca\/wp-json\/wp\/v2\/posts\/79587\/revisions"}],"predecessor-version":[{"id":79599,"href":"https:\/\/www.cofb.org\/ca\/wp-json\/wp\/v2\/posts\/79587\/revisions\/79599"}],"wp:featuredmedia":[{"embeddable":true,"href":"https:\/\/www.cofb.org\/ca\/wp-json\/wp\/v2\/media\/79594"}],"wp:attachment":[{"href":"https:\/\/www.cofb.org\/ca\/wp-json\/wp\/v2\/media?parent=79587"}],"wp:term":[{"taxonomy":"category","embeddable":true,"href":"https:\/\/www.cofb.org\/ca\/wp-json\/wp\/v2\/categories?post=79587"},{"taxonomy":"post_tag","embeddable":true,"href":"https:\/\/www.cofb.org\/ca\/wp-json\/wp\/v2\/tags?post=79587"}],"curies":[{"name":"wp","href":"https:\/\/api.w.org\/{rel}","templated":true}]}}