{"id":7943,"date":"2014-07-30T14:15:44","date_gmt":"2014-07-30T13:15:44","guid":{"rendered":"http:\/\/blog.cofb.cat\/?p=7943"},"modified":"2014-07-30T14:15:44","modified_gmt":"2014-07-30T13:15:44","slug":"memoria-20-pagines-amb-el-mes-destacat-del-2013","status":"publish","type":"post","link":"https:\/\/www.cofb.org\/ca\/2014\/07\/30\/memoria-20-pagines-amb-el-mes-destacat-del-2013\/","title":{"rendered":"Mem\u00f2ria: 20 p\u00e0gines amb el m\u00e9s destacat del 2013"},"content":{"rendered":"<p><img fetchpriority=\"high\" decoding=\"async\" class=\"alignleft  wp-image-7946\" alt=\"portada2013\" src=\"http:\/\/blog.cofb.cat\/wp-content\/uploads\/2014\/07\/portada2013.jpg\" width=\"239\" height=\"290\" \/><\/p>\n<p>Ja teniu a la vostra disposici\u00f3 la <strong>Mem\u00f2ria del Col\u00b7legi 2013<\/strong>, un document on trobareu els temes m\u00e9s destacats de l\u2019any i les xifres m\u00e9s rellevants relacionades amb els col\u00b7legiats, les farm\u00e0cies comunit\u00e0ries i les dades d\u2019activitat dels diferents serveis del Col\u00b7legi.<\/p>\n<p>El 2013 ha estat un any de mobilitzacions hist\u00f2riques, marcat per un nou tancament de farm\u00e0cies, i de posicionament estrat\u00e8gic de la professi\u00f3, participant activament en el Pla de Salut de Catalunya. Tamb\u00e9 aquest any el Col\u00b7legi ha seguit apostant per crear i enfortir noves eines al servei del farmac\u00e8utic i el ciutad\u00e0: va n\u00e9ixer <span style=\"text-decoration: underline;\"><a href=\"http:\/\/blog.cofb.cat\/\" target=\"_blank\" rel=\"noopener\">aquest espai virtual<\/a><\/span>, el blog, per donar m\u00e9s visibilitat i compartir informacions relacionades amb l\u2019activitat col\u00b7legial i dels farmac\u00e8utics, s\u2019ha creat el compte de Twitter <a href=\"https:\/\/twitter.com\/farmaceuticsbcn\" target=\"_blank\" rel=\"noopener\"><span style=\"text-decoration: underline;\">@farmaceuticsbc<\/span>n<\/a> per donar difusi\u00f3 a activitats i opinions i l\u2019espai de formaci\u00f3 online <span style=\"text-decoration: underline;\"><a href=\"http:\/\/www.agorasanitaria.com\/web\/guest\" target=\"_blank\" rel=\"noopener\">\u00c0gora<\/a><\/span> s\u2019ha posicionat com a espai virtual de refer\u00e8ncia. Tamb\u00e9 ha estat un any medi\u00e0tic: les farm\u00e0cies han seguint sent not\u00edcia, amb m\u00e9s de 2.800 aparicions registrades.<\/p>\n<p><strong>Activitats de formaci\u00f3 continuada: 8.983 inscripcions, m\u00e9s del doble que el 2012.<\/strong><\/p>\n<p>Per llegir la mem\u00f2ria del Col\u00b7legi, <span style=\"text-decoration: underline;\"><a href=\"http:\/\/www.cofb.org\/web\/guest\/memoria\" target=\"_blank\" rel=\"noopener\">cliqueu aqu\u00ed<\/a><\/span>\u00a0(via web instituvional del Col\u00b7legi <span style=\"text-decoration: underline;\"><a href=\"http:\/\/www.cofb.org\">www.cofb.org<\/a><\/span>)<\/p>\n","protected":false},"excerpt":{"rendered":"<p>Ja teniu a la vostra disposici\u00f3 la Mem\u00f2ria del Col\u00b7legi 2013, un document on trobareu els temes m\u00e9s destacats de l\u2019any i les xifres m\u00e9s rellevants relacionades amb els col\u00b7legiats, les farm\u00e0cies comunit\u00e0ries i les dades d\u2019activitat dels diferents serveis del Col\u00b7legi. El 2013 ha estat un any de mobilitzacions [&hellip;]<\/p>\n","protected":false},"author":1,"featured_media":8025,"comment_status":"open","ping_status":"open","sticky":false,"template":"","format":"standard","meta":{"_uag_custom_page_level_css":"","site-sidebar-layout":"default","site-content-layout":"","ast-site-content-layout":"default","site-content-style":"default","site-sidebar-style":"default","ast-global-header-display":"","ast-banner-title-visibility":"","ast-main-header-display":"","ast-hfb-above-header-display":"","ast-hfb-below-header-display":"","ast-hfb-mobile-header-display":"","site-post-title":"","ast-breadcrumbs-content":"","ast-featured-img":"disabled","footer-sml-layout":"","theme-transparent-header-meta":"","adv-header-id-meta":"","stick-header-meta":"","header-above-stick-meta":"","header-main-stick-meta":"","header-below-stick-meta":"","astra-migrate-meta-layouts":"default","ast-page-background-enabled":"default","ast-page-background-meta":{"desktop":{"background-color":"var(--ast-global-color-4)","background-image":"","background-repeat":"repeat","background-position":"center center","background-size":"auto","background-attachment":"scroll","background-type":"","background-media":"","overlay-type":"","overlay-color":"","overlay-opacity":"","overlay-gradient":""},"tablet":{"background-color":"","background-image":"","background-repeat":"repeat","background-position":"center center","background-size":"auto","background-attachment":"scroll","background-type":"","background-media":"","overlay-type":"","overlay-color":"","overlay-opacity":"","overlay-gradient":""},"mobile":{"background-color":"","background-image":"","background-repeat":"repeat","background-position":"center center","background-size":"auto","background-attachment":"scroll","background-type":"","background-media":"","overlay-type":"","overlay-color":"","overlay-opacity":"","overlay-gradient":""}},"ast-content-background-meta":{"desktop":{"background-color":"var(--ast-global-color-5)","background-image":"","background-repeat":"repeat","background-position":"center center","background-size":"auto","background-attachment":"scroll","background-type":"","background-media":"","overlay-type":"","overlay-color":"","overlay-opacity":"","overlay-gradient":""},"tablet":{"background-color":"var(--ast-global-color-5)","background-image":"","background-repeat":"repeat","background-position":"center center","background-size":"auto","background-attachment":"scroll","background-type":"","background-media":"","overlay-type":"","overlay-color":"","overlay-opacity":"","overlay-gradient":""},"mobile":{"background-color":"var(--ast-global-color-5)","background-image":"","background-repeat":"repeat","background-position":"center center","background-size":"auto","background-attachment":"scroll","background-type":"","background-media":"","overlay-type":"","overlay-color":"","overlay-opacity":"","overlay-gradient":""}},"footnotes":""},"categories":[23,57],"tags":[684,2149],"class_list":["post-7943","post","type-post","status-publish","format-standard","has-post-thumbnail","hentry","category-destacats","category-mon-collegial","tag-memoria","tag-publicacions"],"yoast_head":"<!-- This site is optimized with the Yoast SEO plugin v22.4 - https:\/\/yoast.com\/wordpress\/plugins\/seo\/ -->\n<title>Mem\u00f2ria: 20 p\u00e0gines amb el m\u00e9s destacat del 2013 - Col\u00b7legi de Farmac\u00e8utics de Barcelona<\/title>\n<meta name=\"robots\" content=\"index, follow, max-snippet:-1, max-image-preview:large, max-video-preview:-1\" \/>\n<link rel=\"canonical\" href=\"https:\/\/novaorg.cofb.net\/2014\/07\/30\/memoria-20-pagines-amb-el-mes-destacat-del-2013\/\" \/>\n<meta property=\"og:locale\" content=\"ca_ES\" \/>\n<meta property=\"og:type\" content=\"article\" \/>\n<meta property=\"og:title\" content=\"Mem\u00f2ria: 20 p\u00e0gines amb el m\u00e9s destacat del 2013 - Col\u00b7legi de Farmac\u00e8utics de Barcelona\" \/>\n<meta property=\"og:description\" content=\"Ja teniu a la vostra disposici\u00f3 la Mem\u00f2ria del Col\u00b7legi 2013, un document on trobareu els temes m\u00e9s destacats de l\u2019any i les xifres m\u00e9s rellevants relacionades amb els col\u00b7legiats, les farm\u00e0cies comunit\u00e0ries i les dades d\u2019activitat dels diferents serveis del Col\u00b7legi. El 2013 ha estat un any de mobilitzacions [&hellip;]\" \/>\n<meta property=\"og:url\" content=\"https:\/\/novaorg.cofb.net\/2014\/07\/30\/memoria-20-pagines-amb-el-mes-destacat-del-2013\/\" \/>\n<meta property=\"og:site_name\" content=\"Col\u00b7legi de Farmac\u00e8utics de Barcelona\" \/>\n<meta property=\"article:publisher\" content=\"https:\/\/www.facebook.com\/farmaceuticsbcn\/\" \/>\n<meta property=\"article:published_time\" content=\"2014-07-30T13:15:44+00:00\" \/>\n<meta name=\"author\" content=\"wpAdminCofbOrg\" \/>\n<meta name=\"twitter:card\" content=\"summary_large_image\" \/>\n<meta name=\"twitter:creator\" content=\"@farmaceuticsbcn\" \/>\n<meta name=\"twitter:site\" content=\"@farmaceuticsbcn\" \/>\n<meta name=\"twitter:label1\" content=\"Escrit per\" \/>\n\t<meta name=\"twitter:data1\" content=\"wpAdminCofbOrg\" \/>\n\t<meta name=\"twitter:label2\" content=\"Temps estimat de lectura\" \/>\n\t<meta name=\"twitter:data2\" content=\"1 minut\" \/>\n<script type=\"application\/ld+json\" class=\"yoast-schema-graph\">{\"@context\":\"https:\/\/schema.org\",\"@graph\":[{\"@type\":\"Article\",\"@id\":\"https:\/\/novaorg.cofb.net\/2014\/07\/30\/memoria-20-pagines-amb-el-mes-destacat-del-2013\/#article\",\"isPartOf\":{\"@id\":\"https:\/\/novaorg.cofb.net\/2014\/07\/30\/memoria-20-pagines-amb-el-mes-destacat-del-2013\/\"},\"author\":{\"name\":\"wpAdminCofbOrg\",\"@id\":\"https:\/\/www.cofb.org\/#\/schema\/person\/22ed7eea88da74b0fa4d3154ad87ffcb\"},\"headline\":\"Mem\u00f2ria: 20 p\u00e0gines amb el m\u00e9s destacat del 2013\",\"datePublished\":\"2014-07-30T13:15:44+00:00\",\"dateModified\":\"2014-07-30T13:15:44+00:00\",\"mainEntityOfPage\":{\"@id\":\"https:\/\/novaorg.cofb.net\/2014\/07\/30\/memoria-20-pagines-amb-el-mes-destacat-del-2013\/\"},\"wordCount\":227,\"commentCount\":0,\"publisher\":{\"@id\":\"https:\/\/www.cofb.org\/#organization\"},\"image\":{\"@id\":\"https:\/\/novaorg.cofb.net\/2014\/07\/30\/memoria-20-pagines-amb-el-mes-destacat-del-2013\/#primaryimage\"},\"thumbnailUrl\":\"\",\"keywords\":[\"Mem\u00f2ria\",\"Publicacions\"],\"articleSection\":[\"Destacats\",\"M\u00f3n col\u00b7legial\"],\"inLanguage\":\"ca\",\"potentialAction\":[{\"@type\":\"CommentAction\",\"name\":\"Comment\",\"target\":[\"https:\/\/novaorg.cofb.net\/2014\/07\/30\/memoria-20-pagines-amb-el-mes-destacat-del-2013\/#respond\"]}]},{\"@type\":\"WebPage\",\"@id\":\"https:\/\/novaorg.cofb.net\/2014\/07\/30\/memoria-20-pagines-amb-el-mes-destacat-del-2013\/\",\"url\":\"https:\/\/novaorg.cofb.net\/2014\/07\/30\/memoria-20-pagines-amb-el-mes-destacat-del-2013\/\",\"name\":\"Mem\u00f2ria: 20 p\u00e0gines amb el m\u00e9s destacat del 2013 - Col\u00b7legi de Farmac\u00e8utics de Barcelona\",\"isPartOf\":{\"@id\":\"https:\/\/www.cofb.org\/#website\"},\"primaryImageOfPage\":{\"@id\":\"https:\/\/novaorg.cofb.net\/2014\/07\/30\/memoria-20-pagines-amb-el-mes-destacat-del-2013\/#primaryimage\"},\"image\":{\"@id\":\"https:\/\/novaorg.cofb.net\/2014\/07\/30\/memoria-20-pagines-amb-el-mes-destacat-del-2013\/#primaryimage\"},\"thumbnailUrl\":\"\",\"datePublished\":\"2014-07-30T13:15:44+00:00\",\"dateModified\":\"2014-07-30T13:15:44+00:00\",\"breadcrumb\":{\"@id\":\"https:\/\/novaorg.cofb.net\/2014\/07\/30\/memoria-20-pagines-amb-el-mes-destacat-del-2013\/#breadcrumb\"},\"inLanguage\":\"ca\",\"potentialAction\":[{\"@type\":\"ReadAction\",\"target\":[\"https:\/\/novaorg.cofb.net\/2014\/07\/30\/memoria-20-pagines-amb-el-mes-destacat-del-2013\/\"]}]},{\"@type\":\"ImageObject\",\"inLanguage\":\"ca\",\"@id\":\"https:\/\/novaorg.cofb.net\/2014\/07\/30\/memoria-20-pagines-amb-el-mes-destacat-del-2013\/#primaryimage\",\"url\":\"\",\"contentUrl\":\"\"},{\"@type\":\"BreadcrumbList\",\"@id\":\"https:\/\/novaorg.cofb.net\/2014\/07\/30\/memoria-20-pagines-amb-el-mes-destacat-del-2013\/#breadcrumb\",\"itemListElement\":[{\"@type\":\"ListItem\",\"position\":1,\"name\":\"Inici\",\"item\":\"https:\/\/novaorg.cofb.net\/\"},{\"@type\":\"ListItem\",\"position\":2,\"name\":\"Mem\u00f2ria: 20 p\u00e0gines amb el m\u00e9s destacat del 2013\"}]},{\"@type\":\"WebSite\",\"@id\":\"https:\/\/www.cofb.org\/#website\",\"url\":\"https:\/\/www.cofb.org\/\",\"name\":\"Col\u00b7legi de Farmac\u00e8utics de Barcelona\",\"description\":\"\",\"publisher\":{\"@id\":\"https:\/\/www.cofb.org\/#organization\"},\"potentialAction\":[{\"@type\":\"SearchAction\",\"target\":{\"@type\":\"EntryPoint\",\"urlTemplate\":\"https:\/\/www.cofb.org\/?s={search_term_string}\"},\"query-input\":\"required name=search_term_string\"}],\"inLanguage\":\"ca\"},{\"@type\":\"Organization\",\"@id\":\"https:\/\/www.cofb.org\/#organization\",\"name\":\"Col\u00b7legi de Farmac\u00e8utics de Barcelona\",\"url\":\"https:\/\/www.cofb.org\/\",\"logo\":{\"@type\":\"ImageObject\",\"inLanguage\":\"ca\",\"@id\":\"https:\/\/www.cofb.org\/#\/schema\/logo\/image\/\",\"url\":\"https:\/\/www.cofb.org\/wp-content\/uploads\/2023\/11\/cropped-Logotip-COFB.png\",\"contentUrl\":\"https:\/\/www.cofb.org\/wp-content\/uploads\/2023\/11\/cropped-Logotip-COFB.png\",\"width\":500,\"height\":105,\"caption\":\"Col\u00b7legi de Farmac\u00e8utics de Barcelona\"},\"image\":{\"@id\":\"https:\/\/www.cofb.org\/#\/schema\/logo\/image\/\"},\"sameAs\":[\"https:\/\/www.facebook.com\/farmaceuticsbcn\/\",\"https:\/\/twitter.com\/farmaceuticsbcn\",\"https:\/\/www.instagram.com\/farmaceuticsbcn\/\",\"https:\/\/www.linkedin.com\/company\/farmaceuticsbcn\/\"]},{\"@type\":\"Person\",\"@id\":\"https:\/\/www.cofb.org\/#\/schema\/person\/22ed7eea88da74b0fa4d3154ad87ffcb\",\"name\":\"wpAdminCofbOrg\",\"image\":{\"@type\":\"ImageObject\",\"inLanguage\":\"ca\",\"@id\":\"https:\/\/www.cofb.org\/#\/schema\/person\/image\/\",\"url\":\"https:\/\/secure.gravatar.com\/avatar\/1721b20b3b8ca882c3b56ec6c978c594fff670e40c0718e9190eaeeb76aae7d8?s=96&d=mm&r=g\",\"contentUrl\":\"https:\/\/secure.gravatar.com\/avatar\/1721b20b3b8ca882c3b56ec6c978c594fff670e40c0718e9190eaeeb76aae7d8?s=96&d=mm&r=g\",\"caption\":\"wpAdminCofbOrg\"},\"sameAs\":[\"http:\/\/192.168.64.122\/wordpress\"],\"url\":\"https:\/\/www.cofb.org\/ca\/author\/wpadmincofborg\/\"}]}<\/script>\n<!-- \/ Yoast SEO plugin. -->","yoast_head_json":{"title":"Mem\u00f2ria: 20 p\u00e0gines amb el m\u00e9s destacat del 2013 - Col\u00b7legi de Farmac\u00e8utics de Barcelona","robots":{"index":"index","follow":"follow","max-snippet":"max-snippet:-1","max-image-preview":"max-image-preview:large","max-video-preview":"max-video-preview:-1"},"canonical":"https:\/\/novaorg.cofb.net\/2014\/07\/30\/memoria-20-pagines-amb-el-mes-destacat-del-2013\/","og_locale":"ca_ES","og_type":"article","og_title":"Mem\u00f2ria: 20 p\u00e0gines amb el m\u00e9s destacat del 2013 - Col\u00b7legi de Farmac\u00e8utics de Barcelona","og_description":"Ja teniu a la vostra disposici\u00f3 la Mem\u00f2ria del Col\u00b7legi 2013, un document on trobareu els temes m\u00e9s destacats de l\u2019any i les xifres m\u00e9s rellevants relacionades amb els col\u00b7legiats, les farm\u00e0cies comunit\u00e0ries i les dades d\u2019activitat dels diferents serveis del Col\u00b7legi. El 2013 ha estat un any de mobilitzacions [&hellip;]","og_url":"https:\/\/novaorg.cofb.net\/2014\/07\/30\/memoria-20-pagines-amb-el-mes-destacat-del-2013\/","og_site_name":"Col\u00b7legi de Farmac\u00e8utics de Barcelona","article_publisher":"https:\/\/www.facebook.com\/farmaceuticsbcn\/","article_published_time":"2014-07-30T13:15:44+00:00","author":"wpAdminCofbOrg","twitter_card":"summary_large_image","twitter_creator":"@farmaceuticsbcn","twitter_site":"@farmaceuticsbcn","twitter_misc":{"Escrit per":"wpAdminCofbOrg","Temps estimat de lectura":"1 minut"},"schema":{"@context":"https:\/\/schema.org","@graph":[{"@type":"Article","@id":"https:\/\/novaorg.cofb.net\/2014\/07\/30\/memoria-20-pagines-amb-el-mes-destacat-del-2013\/#article","isPartOf":{"@id":"https:\/\/novaorg.cofb.net\/2014\/07\/30\/memoria-20-pagines-amb-el-mes-destacat-del-2013\/"},"author":{"name":"wpAdminCofbOrg","@id":"https:\/\/www.cofb.org\/#\/schema\/person\/22ed7eea88da74b0fa4d3154ad87ffcb"},"headline":"Mem\u00f2ria: 20 p\u00e0gines amb el m\u00e9s destacat del 2013","datePublished":"2014-07-30T13:15:44+00:00","dateModified":"2014-07-30T13:15:44+00:00","mainEntityOfPage":{"@id":"https:\/\/novaorg.cofb.net\/2014\/07\/30\/memoria-20-pagines-amb-el-mes-destacat-del-2013\/"},"wordCount":227,"commentCount":0,"publisher":{"@id":"https:\/\/www.cofb.org\/#organization"},"image":{"@id":"https:\/\/novaorg.cofb.net\/2014\/07\/30\/memoria-20-pagines-amb-el-mes-destacat-del-2013\/#primaryimage"},"thumbnailUrl":"","keywords":["Mem\u00f2ria","Publicacions"],"articleSection":["Destacats","M\u00f3n col\u00b7legial"],"inLanguage":"ca","potentialAction":[{"@type":"CommentAction","name":"Comment","target":["https:\/\/novaorg.cofb.net\/2014\/07\/30\/memoria-20-pagines-amb-el-mes-destacat-del-2013\/#respond"]}]},{"@type":"WebPage","@id":"https:\/\/novaorg.cofb.net\/2014\/07\/30\/memoria-20-pagines-amb-el-mes-destacat-del-2013\/","url":"https:\/\/novaorg.cofb.net\/2014\/07\/30\/memoria-20-pagines-amb-el-mes-destacat-del-2013\/","name":"Mem\u00f2ria: 20 p\u00e0gines amb el m\u00e9s destacat del 2013 - Col\u00b7legi de Farmac\u00e8utics de Barcelona","isPartOf":{"@id":"https:\/\/www.cofb.org\/#website"},"primaryImageOfPage":{"@id":"https:\/\/novaorg.cofb.net\/2014\/07\/30\/memoria-20-pagines-amb-el-mes-destacat-del-2013\/#primaryimage"},"image":{"@id":"https:\/\/novaorg.cofb.net\/2014\/07\/30\/memoria-20-pagines-amb-el-mes-destacat-del-2013\/#primaryimage"},"thumbnailUrl":"","datePublished":"2014-07-30T13:15:44+00:00","dateModified":"2014-07-30T13:15:44+00:00","breadcrumb":{"@id":"https:\/\/novaorg.cofb.net\/2014\/07\/30\/memoria-20-pagines-amb-el-mes-destacat-del-2013\/#breadcrumb"},"inLanguage":"ca","potentialAction":[{"@type":"ReadAction","target":["https:\/\/novaorg.cofb.net\/2014\/07\/30\/memoria-20-pagines-amb-el-mes-destacat-del-2013\/"]}]},{"@type":"ImageObject","inLanguage":"ca","@id":"https:\/\/novaorg.cofb.net\/2014\/07\/30\/memoria-20-pagines-amb-el-mes-destacat-del-2013\/#primaryimage","url":"","contentUrl":""},{"@type":"BreadcrumbList","@id":"https:\/\/novaorg.cofb.net\/2014\/07\/30\/memoria-20-pagines-amb-el-mes-destacat-del-2013\/#breadcrumb","itemListElement":[{"@type":"ListItem","position":1,"name":"Inici","item":"https:\/\/novaorg.cofb.net\/"},{"@type":"ListItem","position":2,"name":"Mem\u00f2ria: 20 p\u00e0gines amb el m\u00e9s destacat del 2013"}]},{"@type":"WebSite","@id":"https:\/\/www.cofb.org\/#website","url":"https:\/\/www.cofb.org\/","name":"Col\u00b7legi de Farmac\u00e8utics de Barcelona","description":"","publisher":{"@id":"https:\/\/www.cofb.org\/#organization"},"potentialAction":[{"@type":"SearchAction","target":{"@type":"EntryPoint","urlTemplate":"https:\/\/www.cofb.org\/?s={search_term_string}"},"query-input":"required name=search_term_string"}],"inLanguage":"ca"},{"@type":"Organization","@id":"https:\/\/www.cofb.org\/#organization","name":"Col\u00b7legi de Farmac\u00e8utics de Barcelona","url":"https:\/\/www.cofb.org\/","logo":{"@type":"ImageObject","inLanguage":"ca","@id":"https:\/\/www.cofb.org\/#\/schema\/logo\/image\/","url":"https:\/\/www.cofb.org\/wp-content\/uploads\/2023\/11\/cropped-Logotip-COFB.png","contentUrl":"https:\/\/www.cofb.org\/wp-content\/uploads\/2023\/11\/cropped-Logotip-COFB.png","width":500,"height":105,"caption":"Col\u00b7legi de Farmac\u00e8utics de Barcelona"},"image":{"@id":"https:\/\/www.cofb.org\/#\/schema\/logo\/image\/"},"sameAs":["https:\/\/www.facebook.com\/farmaceuticsbcn\/","https:\/\/twitter.com\/farmaceuticsbcn","https:\/\/www.instagram.com\/farmaceuticsbcn\/","https:\/\/www.linkedin.com\/company\/farmaceuticsbcn\/"]},{"@type":"Person","@id":"https:\/\/www.cofb.org\/#\/schema\/person\/22ed7eea88da74b0fa4d3154ad87ffcb","name":"wpAdminCofbOrg","image":{"@type":"ImageObject","inLanguage":"ca","@id":"https:\/\/www.cofb.org\/#\/schema\/person\/image\/","url":"https:\/\/secure.gravatar.com\/avatar\/1721b20b3b8ca882c3b56ec6c978c594fff670e40c0718e9190eaeeb76aae7d8?s=96&d=mm&r=g","contentUrl":"https:\/\/secure.gravatar.com\/avatar\/1721b20b3b8ca882c3b56ec6c978c594fff670e40c0718e9190eaeeb76aae7d8?s=96&d=mm&r=g","caption":"wpAdminCofbOrg"},"sameAs":["http:\/\/192.168.64.122\/wordpress"],"url":"https:\/\/www.cofb.org\/ca\/author\/wpadmincofborg\/"}]}},"uagb_featured_image_src":{"full":false,"thumbnail":false,"medium":false,"medium_large":false,"large":false,"1536x1536":false,"2048x2048":false,"trp-custom-language-flag":false},"uagb_author_info":{"display_name":"wpAdminCofbOrg","author_link":"https:\/\/www.cofb.org\/ca\/author\/wpadmincofborg\/"},"uagb_comment_info":0,"uagb_excerpt":"Ja teniu a la vostra disposici\u00f3 la Mem\u00f2ria del Col\u00b7legi 2013, un document on trobareu els temes m\u00e9s destacats de l\u2019any i les xifres m\u00e9s rellevants relacionades amb els col\u00b7legiats, les farm\u00e0cies comunit\u00e0ries i les dades d\u2019activitat dels diferents serveis del Col\u00b7legi. El 2013 ha estat un any de mobilitzacions [&hellip;]","_links":{"self":[{"href":"https:\/\/www.cofb.org\/ca\/wp-json\/wp\/v2\/posts\/7943","targetHints":{"allow":["GET"]}}],"collection":[{"href":"https:\/\/www.cofb.org\/ca\/wp-json\/wp\/v2\/posts"}],"about":[{"href":"https:\/\/www.cofb.org\/ca\/wp-json\/wp\/v2\/types\/post"}],"author":[{"embeddable":true,"href":"https:\/\/www.cofb.org\/ca\/wp-json\/wp\/v2\/users\/1"}],"replies":[{"embeddable":true,"href":"https:\/\/www.cofb.org\/ca\/wp-json\/wp\/v2\/comments?post=7943"}],"version-history":[{"count":0,"href":"https:\/\/www.cofb.org\/ca\/wp-json\/wp\/v2\/posts\/7943\/revisions"}],"wp:featuredmedia":[{"embeddable":true,"href":"https:\/\/www.cofb.org\/ca\/wp-json\/"}],"wp:attachment":[{"href":"https:\/\/www.cofb.org\/ca\/wp-json\/wp\/v2\/media?parent=7943"}],"wp:term":[{"taxonomy":"category","embeddable":true,"href":"https:\/\/www.cofb.org\/ca\/wp-json\/wp\/v2\/categories?post=7943"},{"taxonomy":"post_tag","embeddable":true,"href":"https:\/\/www.cofb.org\/ca\/wp-json\/wp\/v2\/tags?post=7943"}],"curies":[{"name":"wp","href":"https:\/\/api.w.org\/{rel}","templated":true}]}}