{"id":7904,"date":"2014-07-24T09:55:40","date_gmt":"2014-07-24T08:55:40","guid":{"rendered":"http:\/\/blog.cofb.cat\/?p=7904"},"modified":"2014-07-24T09:55:40","modified_gmt":"2014-07-24T08:55:40","slug":"la-gestio-del-laboratori-clinic-a-debat","status":"publish","type":"post","link":"https:\/\/www.cofb.org\/ca\/2014\/07\/24\/la-gestio-del-laboratori-clinic-a-debat\/","title":{"rendered":"La gesti\u00f3 del laboratori cl\u00ednic, a debat"},"content":{"rendered":"<p>Fomentar la comunicaci\u00f3 d\u2019experi\u00e8ncies amb vistes a prendre decisions a qualsevol nivell de responsabilitat en el laboratori cl\u00ednic \u00e9s una de les millors eines per contribuir al progr\u00e9s dels professionals i de les organitzacions. En les diferents sessions del <b>II curs d\u2019actualitzaci\u00f3 en ci\u00e8ncies de laboratori cl\u00ednic<\/b>, es va aprofundir en els conceptes de gesti\u00f3 i d\u2019organitzaci\u00f3 dels laboratoris cl\u00ednics per assolir totes les tasques de direcci\u00f3 amb la utilitzaci\u00f3 correcta dels recursos humans i t\u00e8cnics a l\u2019abast. El curs tamb\u00e9 va proporcionar els coneixements que permeten als professionals establir una millora cont\u00ednua de la qualitat en els laboratoris cl\u00ednics.<\/p>\n<p><b><a href=\"http:\/\/blog.cofb.cat\/wp-content\/uploads\/2014\/07\/Copia-de-cofb.080319-15.jpg\"><img fetchpriority=\"high\" decoding=\"async\" class=\"alignleft\" alt=\"Copia de cofb.080319-15\" src=\"http:\/\/blog.cofb.cat\/wp-content\/uploads\/2014\/07\/Copia-de-cofb.080319-15.jpg\" width=\"277\" height=\"335\" \/><\/a><\/b>Aquest curs va estar organitzar conjuntament entre el COFB i la Secci\u00f3 de Gesti\u00f3 de l\u2019<span style=\"text-decoration: underline;\"><a href=\"http:\/\/www.acclc.cat\/inici.php?m=i\">Associaci\u00f3 Catalana de Ci\u00e8ncies del Laboratori Cl\u00ednic<\/a><\/span>, gr\u00e0cies a una relaci\u00f3 establerta fa uns anys que ha perm\u00e8s establir un <b>espai de debat dels temes relacionats amb la gesti\u00f3 del laboratori cl\u00ednic<\/b>.<\/p>\n<p>En cada sessi\u00f3 un ponent iniciava el debat per donar pas a opinions, preguntes i experi\u00e8ncies dels assistents. Durant aquests anys, aquest format ha fidelitzat a la majoria d&#8217;assistents i al final de cada curs es demana als alumnes que facin propostes dels temes que els interessaria debatre el curs seg\u00fcent. En aquesta segona edici\u00f3, que va finalitzar el mes de juny passat, es van debatre temes actuals que interessen als professionals del laboratori cl\u00ednic:<\/p>\n<ul>\n<li><b>Avaluaci\u00f3 de la capacitaci\u00f3 del personal<\/b>.<\/li>\n<li><b>Cal posar comentaris interpretatius en els informes?<\/b><\/li>\n<li><b>Garantia de la qualitat als laboratoris de Gen\u00e8tica<\/b>.\u00a0<b>\u00a0Aspectes legals en les determinacions de drogues d&#8217;ab\u00fas<\/b>.<\/li>\n<li><b>Com influeixen les pipetes en la qualitat anal\u00edtica?<\/b><\/li>\n<li><b>Quina es la responsabilitat del laboratori en els sistemes anal\u00edtics a prop del pacient (POCT).<\/b><\/li>\n<li><b>Control de la plausibilitat de les magnituds hematol\u00f2giques<\/b>.<\/li>\n<li><b>Laboratori basat en la evid\u00e8ncia.<\/b><\/li>\n<\/ul>\n<p><b><div class=\"box shadow\"><\/b><span style=\"text-decoration: underline;\"><b>L\u2019opini\u00f3 de la coordinadora<\/b><\/span><\/p>\n<p><b>Llu\u00efsa Juan, vocal d\u2019An\u00e0lisi del Col\u00b7legi<\/b>, doctora en farm\u00e0cia, responsable de Laboratori d\u2019Urg\u00e8ncies de CatLab-Hospital de Martorell, especialitzada en bioqu\u00edmica cl\u00ednica i coordinadora del curs, considera que \u201cun espai de debat d&#8217;aquestes caracter\u00edstiques permet evidenciar determinats problemes i aspectes del laboratori cl\u00ednic, i en aquestes sessions pot apar\u00e8ixer un grup de treball per analitzar el tema del qual es tracti\u201d. Aix\u00f2 ha passat en aquest curs: \u201ca partir dels temes plantejats en la primera sessi\u00f3 (Avaluaci\u00f3 de la capacitaci\u00f3 del personal), es va constituir un grup de persones assistents a la sessi\u00f3 per elaborar un document sobre aquest tema, que ser\u00e0 publicat en la revista virtual de l&#8217;ACCLC\u201d.<\/p>\n<p><span style=\"text-decoration: underline;\"><b>L\u2019opini\u00f3 dels alumnes<\/b><\/span><\/p>\n<p><b>Gl\u00f2ria Padr\u00f3s Soler<\/b><b>,\u00a0<\/b>farmac\u00e8utica facultativa especialista del laboratori Cl\u00ednic l&#8217;Hospitalet: \u201cel que m\u00e9s valoro d\u2019aquest curs \u00e9s el contacte amb els companys, la possibilitat de debat obert que sempre hi ha hagut i el contingut de les sessions\u201d. No obstant, tamb\u00e9 afegeix aportacions constructives per a la propera edici\u00f3: \u201ccom a nous temes a tractar proposo profunditzar en la indicaci\u00f3 de les diferents proves diagn\u00f2stiques actuals de l\u2019Helicobacter pylori i com adaptar les noves tecnologies al laboratori\u201d.<b><\/div><\/b><\/p>\n","protected":false},"excerpt":{"rendered":"<p>Fomentar la comunicaci\u00f3 d\u2019experi\u00e8ncies amb vistes a prendre decisions a qualsevol nivell de responsabilitat en el laboratori cl\u00ednic \u00e9s una de les millors eines per contribuir al progr\u00e9s dels professionals i de les organitzacions. En les diferents sessions del II curs d\u2019actualitzaci\u00f3 en ci\u00e8ncies de laboratori cl\u00ednic, es va aprofundir [&hellip;]<\/p>\n","protected":false},"author":1,"featured_media":7909,"comment_status":"open","ping_status":"open","sticky":false,"template":"","format":"standard","meta":{"_uag_custom_page_level_css":"","site-sidebar-layout":"default","site-content-layout":"","ast-site-content-layout":"default","site-content-style":"default","site-sidebar-style":"default","ast-global-header-display":"","ast-banner-title-visibility":"","ast-main-header-display":"","ast-hfb-above-header-display":"","ast-hfb-below-header-display":"","ast-hfb-mobile-header-display":"","site-post-title":"","ast-breadcrumbs-content":"","ast-featured-img":"disabled","footer-sml-layout":"","theme-transparent-header-meta":"","adv-header-id-meta":"","stick-header-meta":"","header-above-stick-meta":"","header-main-stick-meta":"","header-below-stick-meta":"","astra-migrate-meta-layouts":"default","ast-page-background-enabled":"default","ast-page-background-meta":{"desktop":{"background-color":"var(--ast-global-color-4)","background-image":"","background-repeat":"repeat","background-position":"center center","background-size":"auto","background-attachment":"scroll","background-type":"","background-media":"","overlay-type":"","overlay-color":"","overlay-opacity":"","overlay-gradient":""},"tablet":{"background-color":"","background-image":"","background-repeat":"repeat","background-position":"center center","background-size":"auto","background-attachment":"scroll","background-type":"","background-media":"","overlay-type":"","overlay-color":"","overlay-opacity":"","overlay-gradient":""},"mobile":{"background-color":"","background-image":"","background-repeat":"repeat","background-position":"center center","background-size":"auto","background-attachment":"scroll","background-type":"","background-media":"","overlay-type":"","overlay-color":"","overlay-opacity":"","overlay-gradient":""}},"ast-content-background-meta":{"desktop":{"background-color":"var(--ast-global-color-5)","background-image":"","background-repeat":"repeat","background-position":"center center","background-size":"auto","background-attachment":"scroll","background-type":"","background-media":"","overlay-type":"","overlay-color":"","overlay-opacity":"","overlay-gradient":""},"tablet":{"background-color":"var(--ast-global-color-5)","background-image":"","background-repeat":"repeat","background-position":"center center","background-size":"auto","background-attachment":"scroll","background-type":"","background-media":"","overlay-type":"","overlay-color":"","overlay-opacity":"","overlay-gradient":""},"mobile":{"background-color":"var(--ast-global-color-5)","background-image":"","background-repeat":"repeat","background-position":"center center","background-size":"auto","background-attachment":"scroll","background-type":"","background-media":"","overlay-type":"","overlay-color":"","overlay-opacity":"","overlay-gradient":""}},"footnotes":""},"categories":[57],"tags":[70,2163],"class_list":["post-7904","post","type-post","status-publish","format-standard","has-post-thumbnail","hentry","category-mon-collegial","tag-formacio","tag-laboratori-clinic"],"yoast_head":"<!-- This site is optimized with the Yoast SEO plugin v22.4 - https:\/\/yoast.com\/wordpress\/plugins\/seo\/ -->\n<title>La gesti\u00f3 del laboratori cl\u00ednic, a debat - Col\u00b7legi de Farmac\u00e8utics de Barcelona<\/title>\n<meta name=\"robots\" content=\"index, follow, max-snippet:-1, max-image-preview:large, max-video-preview:-1\" \/>\n<link rel=\"canonical\" href=\"https:\/\/novaorg.cofb.net\/2014\/07\/24\/la-gestio-del-laboratori-clinic-a-debat\/\" \/>\n<meta property=\"og:locale\" content=\"ca_ES\" \/>\n<meta property=\"og:type\" content=\"article\" \/>\n<meta property=\"og:title\" content=\"La gesti\u00f3 del laboratori cl\u00ednic, a debat - Col\u00b7legi de Farmac\u00e8utics de Barcelona\" \/>\n<meta property=\"og:description\" content=\"Fomentar la comunicaci\u00f3 d\u2019experi\u00e8ncies amb vistes a prendre decisions a qualsevol nivell de responsabilitat en el laboratori cl\u00ednic \u00e9s una de les millors eines per contribuir al progr\u00e9s dels professionals i de les organitzacions. En les diferents sessions del II curs d\u2019actualitzaci\u00f3 en ci\u00e8ncies de laboratori cl\u00ednic, es va aprofundir [&hellip;]\" \/>\n<meta property=\"og:url\" content=\"https:\/\/novaorg.cofb.net\/2014\/07\/24\/la-gestio-del-laboratori-clinic-a-debat\/\" \/>\n<meta property=\"og:site_name\" content=\"Col\u00b7legi de Farmac\u00e8utics de Barcelona\" \/>\n<meta property=\"article:publisher\" content=\"https:\/\/www.facebook.com\/farmaceuticsbcn\/\" \/>\n<meta property=\"article:published_time\" content=\"2014-07-24T08:55:40+00:00\" \/>\n<meta name=\"author\" content=\"wpAdminCofbOrg\" \/>\n<meta name=\"twitter:card\" content=\"summary_large_image\" \/>\n<meta name=\"twitter:creator\" content=\"@farmaceuticsbcn\" \/>\n<meta name=\"twitter:site\" content=\"@farmaceuticsbcn\" \/>\n<meta name=\"twitter:label1\" content=\"Escrit per\" \/>\n\t<meta name=\"twitter:data1\" content=\"wpAdminCofbOrg\" \/>\n\t<meta name=\"twitter:label2\" content=\"Temps estimat de lectura\" \/>\n\t<meta name=\"twitter:data2\" content=\"3 minuts\" \/>\n<script type=\"application\/ld+json\" class=\"yoast-schema-graph\">{\"@context\":\"https:\/\/schema.org\",\"@graph\":[{\"@type\":\"Article\",\"@id\":\"https:\/\/novaorg.cofb.net\/2014\/07\/24\/la-gestio-del-laboratori-clinic-a-debat\/#article\",\"isPartOf\":{\"@id\":\"https:\/\/novaorg.cofb.net\/2014\/07\/24\/la-gestio-del-laboratori-clinic-a-debat\/\"},\"author\":{\"name\":\"wpAdminCofbOrg\",\"@id\":\"https:\/\/www.cofb.org\/#\/schema\/person\/22ed7eea88da74b0fa4d3154ad87ffcb\"},\"headline\":\"La gesti\u00f3 del laboratori cl\u00ednic, a debat\",\"datePublished\":\"2014-07-24T08:55:40+00:00\",\"dateModified\":\"2014-07-24T08:55:40+00:00\",\"mainEntityOfPage\":{\"@id\":\"https:\/\/novaorg.cofb.net\/2014\/07\/24\/la-gestio-del-laboratori-clinic-a-debat\/\"},\"wordCount\":546,\"commentCount\":0,\"publisher\":{\"@id\":\"https:\/\/www.cofb.org\/#organization\"},\"image\":{\"@id\":\"https:\/\/novaorg.cofb.net\/2014\/07\/24\/la-gestio-del-laboratori-clinic-a-debat\/#primaryimage\"},\"thumbnailUrl\":\"\",\"keywords\":[\"Formaci\u00f3\",\"Laboratori cl\u00ednic\"],\"articleSection\":[\"M\u00f3n col\u00b7legial\"],\"inLanguage\":\"ca\",\"potentialAction\":[{\"@type\":\"CommentAction\",\"name\":\"Comment\",\"target\":[\"https:\/\/novaorg.cofb.net\/2014\/07\/24\/la-gestio-del-laboratori-clinic-a-debat\/#respond\"]}]},{\"@type\":\"WebPage\",\"@id\":\"https:\/\/novaorg.cofb.net\/2014\/07\/24\/la-gestio-del-laboratori-clinic-a-debat\/\",\"url\":\"https:\/\/novaorg.cofb.net\/2014\/07\/24\/la-gestio-del-laboratori-clinic-a-debat\/\",\"name\":\"La gesti\u00f3 del laboratori cl\u00ednic, a debat - Col\u00b7legi de Farmac\u00e8utics de Barcelona\",\"isPartOf\":{\"@id\":\"https:\/\/www.cofb.org\/#website\"},\"primaryImageOfPage\":{\"@id\":\"https:\/\/novaorg.cofb.net\/2014\/07\/24\/la-gestio-del-laboratori-clinic-a-debat\/#primaryimage\"},\"image\":{\"@id\":\"https:\/\/novaorg.cofb.net\/2014\/07\/24\/la-gestio-del-laboratori-clinic-a-debat\/#primaryimage\"},\"thumbnailUrl\":\"\",\"datePublished\":\"2014-07-24T08:55:40+00:00\",\"dateModified\":\"2014-07-24T08:55:40+00:00\",\"breadcrumb\":{\"@id\":\"https:\/\/novaorg.cofb.net\/2014\/07\/24\/la-gestio-del-laboratori-clinic-a-debat\/#breadcrumb\"},\"inLanguage\":\"ca\",\"potentialAction\":[{\"@type\":\"ReadAction\",\"target\":[\"https:\/\/novaorg.cofb.net\/2014\/07\/24\/la-gestio-del-laboratori-clinic-a-debat\/\"]}]},{\"@type\":\"ImageObject\",\"inLanguage\":\"ca\",\"@id\":\"https:\/\/novaorg.cofb.net\/2014\/07\/24\/la-gestio-del-laboratori-clinic-a-debat\/#primaryimage\",\"url\":\"\",\"contentUrl\":\"\"},{\"@type\":\"BreadcrumbList\",\"@id\":\"https:\/\/novaorg.cofb.net\/2014\/07\/24\/la-gestio-del-laboratori-clinic-a-debat\/#breadcrumb\",\"itemListElement\":[{\"@type\":\"ListItem\",\"position\":1,\"name\":\"Inici\",\"item\":\"https:\/\/novaorg.cofb.net\/\"},{\"@type\":\"ListItem\",\"position\":2,\"name\":\"La gesti\u00f3 del laboratori cl\u00ednic, a debat\"}]},{\"@type\":\"WebSite\",\"@id\":\"https:\/\/www.cofb.org\/#website\",\"url\":\"https:\/\/www.cofb.org\/\",\"name\":\"Col\u00b7legi de Farmac\u00e8utics de Barcelona\",\"description\":\"\",\"publisher\":{\"@id\":\"https:\/\/www.cofb.org\/#organization\"},\"potentialAction\":[{\"@type\":\"SearchAction\",\"target\":{\"@type\":\"EntryPoint\",\"urlTemplate\":\"https:\/\/www.cofb.org\/?s={search_term_string}\"},\"query-input\":\"required name=search_term_string\"}],\"inLanguage\":\"ca\"},{\"@type\":\"Organization\",\"@id\":\"https:\/\/www.cofb.org\/#organization\",\"name\":\"Col\u00b7legi de Farmac\u00e8utics de Barcelona\",\"url\":\"https:\/\/www.cofb.org\/\",\"logo\":{\"@type\":\"ImageObject\",\"inLanguage\":\"ca\",\"@id\":\"https:\/\/www.cofb.org\/#\/schema\/logo\/image\/\",\"url\":\"https:\/\/www.cofb.org\/wp-content\/uploads\/2023\/11\/cropped-Logotip-COFB.png\",\"contentUrl\":\"https:\/\/www.cofb.org\/wp-content\/uploads\/2023\/11\/cropped-Logotip-COFB.png\",\"width\":500,\"height\":105,\"caption\":\"Col\u00b7legi de Farmac\u00e8utics de Barcelona\"},\"image\":{\"@id\":\"https:\/\/www.cofb.org\/#\/schema\/logo\/image\/\"},\"sameAs\":[\"https:\/\/www.facebook.com\/farmaceuticsbcn\/\",\"https:\/\/twitter.com\/farmaceuticsbcn\",\"https:\/\/www.instagram.com\/farmaceuticsbcn\/\",\"https:\/\/www.linkedin.com\/company\/farmaceuticsbcn\/\"]},{\"@type\":\"Person\",\"@id\":\"https:\/\/www.cofb.org\/#\/schema\/person\/22ed7eea88da74b0fa4d3154ad87ffcb\",\"name\":\"wpAdminCofbOrg\",\"image\":{\"@type\":\"ImageObject\",\"inLanguage\":\"ca\",\"@id\":\"https:\/\/www.cofb.org\/#\/schema\/person\/image\/\",\"url\":\"https:\/\/secure.gravatar.com\/avatar\/1721b20b3b8ca882c3b56ec6c978c594fff670e40c0718e9190eaeeb76aae7d8?s=96&d=mm&r=g\",\"contentUrl\":\"https:\/\/secure.gravatar.com\/avatar\/1721b20b3b8ca882c3b56ec6c978c594fff670e40c0718e9190eaeeb76aae7d8?s=96&d=mm&r=g\",\"caption\":\"wpAdminCofbOrg\"},\"sameAs\":[\"http:\/\/192.168.64.122\/wordpress\"],\"url\":\"https:\/\/www.cofb.org\/ca\/author\/wpadmincofborg\/\"}]}<\/script>\n<!-- \/ Yoast SEO plugin. -->","yoast_head_json":{"title":"La gesti\u00f3 del laboratori cl\u00ednic, a debat - Col\u00b7legi de Farmac\u00e8utics de Barcelona","robots":{"index":"index","follow":"follow","max-snippet":"max-snippet:-1","max-image-preview":"max-image-preview:large","max-video-preview":"max-video-preview:-1"},"canonical":"https:\/\/novaorg.cofb.net\/2014\/07\/24\/la-gestio-del-laboratori-clinic-a-debat\/","og_locale":"ca_ES","og_type":"article","og_title":"La gesti\u00f3 del laboratori cl\u00ednic, a debat - Col\u00b7legi de Farmac\u00e8utics de Barcelona","og_description":"Fomentar la comunicaci\u00f3 d\u2019experi\u00e8ncies amb vistes a prendre decisions a qualsevol nivell de responsabilitat en el laboratori cl\u00ednic \u00e9s una de les millors eines per contribuir al progr\u00e9s dels professionals i de les organitzacions. En les diferents sessions del II curs d\u2019actualitzaci\u00f3 en ci\u00e8ncies de laboratori cl\u00ednic, es va aprofundir [&hellip;]","og_url":"https:\/\/novaorg.cofb.net\/2014\/07\/24\/la-gestio-del-laboratori-clinic-a-debat\/","og_site_name":"Col\u00b7legi de Farmac\u00e8utics de Barcelona","article_publisher":"https:\/\/www.facebook.com\/farmaceuticsbcn\/","article_published_time":"2014-07-24T08:55:40+00:00","author":"wpAdminCofbOrg","twitter_card":"summary_large_image","twitter_creator":"@farmaceuticsbcn","twitter_site":"@farmaceuticsbcn","twitter_misc":{"Escrit per":"wpAdminCofbOrg","Temps estimat de lectura":"3 minuts"},"schema":{"@context":"https:\/\/schema.org","@graph":[{"@type":"Article","@id":"https:\/\/novaorg.cofb.net\/2014\/07\/24\/la-gestio-del-laboratori-clinic-a-debat\/#article","isPartOf":{"@id":"https:\/\/novaorg.cofb.net\/2014\/07\/24\/la-gestio-del-laboratori-clinic-a-debat\/"},"author":{"name":"wpAdminCofbOrg","@id":"https:\/\/www.cofb.org\/#\/schema\/person\/22ed7eea88da74b0fa4d3154ad87ffcb"},"headline":"La gesti\u00f3 del laboratori cl\u00ednic, a debat","datePublished":"2014-07-24T08:55:40+00:00","dateModified":"2014-07-24T08:55:40+00:00","mainEntityOfPage":{"@id":"https:\/\/novaorg.cofb.net\/2014\/07\/24\/la-gestio-del-laboratori-clinic-a-debat\/"},"wordCount":546,"commentCount":0,"publisher":{"@id":"https:\/\/www.cofb.org\/#organization"},"image":{"@id":"https:\/\/novaorg.cofb.net\/2014\/07\/24\/la-gestio-del-laboratori-clinic-a-debat\/#primaryimage"},"thumbnailUrl":"","keywords":["Formaci\u00f3","Laboratori cl\u00ednic"],"articleSection":["M\u00f3n col\u00b7legial"],"inLanguage":"ca","potentialAction":[{"@type":"CommentAction","name":"Comment","target":["https:\/\/novaorg.cofb.net\/2014\/07\/24\/la-gestio-del-laboratori-clinic-a-debat\/#respond"]}]},{"@type":"WebPage","@id":"https:\/\/novaorg.cofb.net\/2014\/07\/24\/la-gestio-del-laboratori-clinic-a-debat\/","url":"https:\/\/novaorg.cofb.net\/2014\/07\/24\/la-gestio-del-laboratori-clinic-a-debat\/","name":"La gesti\u00f3 del laboratori cl\u00ednic, a debat - Col\u00b7legi de Farmac\u00e8utics de Barcelona","isPartOf":{"@id":"https:\/\/www.cofb.org\/#website"},"primaryImageOfPage":{"@id":"https:\/\/novaorg.cofb.net\/2014\/07\/24\/la-gestio-del-laboratori-clinic-a-debat\/#primaryimage"},"image":{"@id":"https:\/\/novaorg.cofb.net\/2014\/07\/24\/la-gestio-del-laboratori-clinic-a-debat\/#primaryimage"},"thumbnailUrl":"","datePublished":"2014-07-24T08:55:40+00:00","dateModified":"2014-07-24T08:55:40+00:00","breadcrumb":{"@id":"https:\/\/novaorg.cofb.net\/2014\/07\/24\/la-gestio-del-laboratori-clinic-a-debat\/#breadcrumb"},"inLanguage":"ca","potentialAction":[{"@type":"ReadAction","target":["https:\/\/novaorg.cofb.net\/2014\/07\/24\/la-gestio-del-laboratori-clinic-a-debat\/"]}]},{"@type":"ImageObject","inLanguage":"ca","@id":"https:\/\/novaorg.cofb.net\/2014\/07\/24\/la-gestio-del-laboratori-clinic-a-debat\/#primaryimage","url":"","contentUrl":""},{"@type":"BreadcrumbList","@id":"https:\/\/novaorg.cofb.net\/2014\/07\/24\/la-gestio-del-laboratori-clinic-a-debat\/#breadcrumb","itemListElement":[{"@type":"ListItem","position":1,"name":"Inici","item":"https:\/\/novaorg.cofb.net\/"},{"@type":"ListItem","position":2,"name":"La gesti\u00f3 del laboratori cl\u00ednic, a debat"}]},{"@type":"WebSite","@id":"https:\/\/www.cofb.org\/#website","url":"https:\/\/www.cofb.org\/","name":"Col\u00b7legi de Farmac\u00e8utics de Barcelona","description":"","publisher":{"@id":"https:\/\/www.cofb.org\/#organization"},"potentialAction":[{"@type":"SearchAction","target":{"@type":"EntryPoint","urlTemplate":"https:\/\/www.cofb.org\/?s={search_term_string}"},"query-input":"required name=search_term_string"}],"inLanguage":"ca"},{"@type":"Organization","@id":"https:\/\/www.cofb.org\/#organization","name":"Col\u00b7legi de Farmac\u00e8utics de Barcelona","url":"https:\/\/www.cofb.org\/","logo":{"@type":"ImageObject","inLanguage":"ca","@id":"https:\/\/www.cofb.org\/#\/schema\/logo\/image\/","url":"https:\/\/www.cofb.org\/wp-content\/uploads\/2023\/11\/cropped-Logotip-COFB.png","contentUrl":"https:\/\/www.cofb.org\/wp-content\/uploads\/2023\/11\/cropped-Logotip-COFB.png","width":500,"height":105,"caption":"Col\u00b7legi de Farmac\u00e8utics de Barcelona"},"image":{"@id":"https:\/\/www.cofb.org\/#\/schema\/logo\/image\/"},"sameAs":["https:\/\/www.facebook.com\/farmaceuticsbcn\/","https:\/\/twitter.com\/farmaceuticsbcn","https:\/\/www.instagram.com\/farmaceuticsbcn\/","https:\/\/www.linkedin.com\/company\/farmaceuticsbcn\/"]},{"@type":"Person","@id":"https:\/\/www.cofb.org\/#\/schema\/person\/22ed7eea88da74b0fa4d3154ad87ffcb","name":"wpAdminCofbOrg","image":{"@type":"ImageObject","inLanguage":"ca","@id":"https:\/\/www.cofb.org\/#\/schema\/person\/image\/","url":"https:\/\/secure.gravatar.com\/avatar\/1721b20b3b8ca882c3b56ec6c978c594fff670e40c0718e9190eaeeb76aae7d8?s=96&d=mm&r=g","contentUrl":"https:\/\/secure.gravatar.com\/avatar\/1721b20b3b8ca882c3b56ec6c978c594fff670e40c0718e9190eaeeb76aae7d8?s=96&d=mm&r=g","caption":"wpAdminCofbOrg"},"sameAs":["http:\/\/192.168.64.122\/wordpress"],"url":"https:\/\/www.cofb.org\/ca\/author\/wpadmincofborg\/"}]}},"uagb_featured_image_src":{"full":false,"thumbnail":false,"medium":false,"medium_large":false,"large":false,"1536x1536":false,"2048x2048":false,"trp-custom-language-flag":false},"uagb_author_info":{"display_name":"wpAdminCofbOrg","author_link":"https:\/\/www.cofb.org\/ca\/author\/wpadmincofborg\/"},"uagb_comment_info":0,"uagb_excerpt":"Fomentar la comunicaci\u00f3 d\u2019experi\u00e8ncies amb vistes a prendre decisions a qualsevol nivell de responsabilitat en el laboratori cl\u00ednic \u00e9s una de les millors eines per contribuir al progr\u00e9s dels professionals i de les organitzacions. En les diferents sessions del II curs d\u2019actualitzaci\u00f3 en ci\u00e8ncies de laboratori cl\u00ednic, es va aprofundir [&hellip;]","_links":{"self":[{"href":"https:\/\/www.cofb.org\/ca\/wp-json\/wp\/v2\/posts\/7904","targetHints":{"allow":["GET"]}}],"collection":[{"href":"https:\/\/www.cofb.org\/ca\/wp-json\/wp\/v2\/posts"}],"about":[{"href":"https:\/\/www.cofb.org\/ca\/wp-json\/wp\/v2\/types\/post"}],"author":[{"embeddable":true,"href":"https:\/\/www.cofb.org\/ca\/wp-json\/wp\/v2\/users\/1"}],"replies":[{"embeddable":true,"href":"https:\/\/www.cofb.org\/ca\/wp-json\/wp\/v2\/comments?post=7904"}],"version-history":[{"count":0,"href":"https:\/\/www.cofb.org\/ca\/wp-json\/wp\/v2\/posts\/7904\/revisions"}],"wp:featuredmedia":[{"embeddable":true,"href":"https:\/\/www.cofb.org\/ca\/wp-json\/"}],"wp:attachment":[{"href":"https:\/\/www.cofb.org\/ca\/wp-json\/wp\/v2\/media?parent=7904"}],"wp:term":[{"taxonomy":"category","embeddable":true,"href":"https:\/\/www.cofb.org\/ca\/wp-json\/wp\/v2\/categories?post=7904"},{"taxonomy":"post_tag","embeddable":true,"href":"https:\/\/www.cofb.org\/ca\/wp-json\/wp\/v2\/tags?post=7904"}],"curies":[{"name":"wp","href":"https:\/\/api.w.org\/{rel}","templated":true}]}}