{"id":78889,"date":"2024-07-19T17:32:00","date_gmt":"2024-07-19T17:32:00","guid":{"rendered":"https:\/\/www.cofb.org\/?p=78889"},"modified":"2024-08-14T10:45:25","modified_gmt":"2024-08-14T10:45:25","slug":"maig-i-juny-la-campanya-jo-tajudo-a-respirar-tu-majudes-a-reciclar-la-presa-de-possessio-de-la-nova-junta-de-govern-i-els-serveis-per-a-la-poblacio-temes-mes-de","status":"publish","type":"post","link":"https:\/\/www.cofb.org\/ca\/2024\/07\/19\/maig-i-juny-la-campanya-jo-tajudo-a-respirar-tu-majudes-a-reciclar-la-presa-de-possessio-de-la-nova-junta-de-govern-i-els-serveis-per-a-la-poblacio-temes-mes-de\/","title":{"rendered":"Maig i juny: La campanya \u201cJo t\u2019ajudo a respirar, tu m\u2019ajudes a reciclar\u201d, la presa de possessi\u00f3 de la nova Junta de Govern i els serveis per a la poblaci\u00f3, temes m\u00e9s destacats als mitjans"},"content":{"rendered":"\n<h2 class=\"wp-block-heading\"><strong>Campanya \u201cJo t\u2019ajudo a respirar, tu m\u2019ajudes a reciclar\u201d<\/strong><\/h2>\n\n\n\n<p>Al maig, el <strong>Col\u00b7legi de Farmac\u00e8utics de Barcelona<\/strong> <strong>(COFB)<\/strong>, juntament amb <strong>AstraZeneca<\/strong>, va posar en marxa la campanya \u201c<strong>Jo t\u2019ajudo a respirar, tu m\u2019ajudes a reciclar<\/strong>\u201d, amb l\u2019objectiu de promoure l\u2019<strong>\u00fas correcte dels inhaladors <\/strong>aix\u00ed com el seu <strong>bon reciclatge<\/strong>. <strong>Nom\u00e9s a la prov\u00edncia de Barcelona, cada any es llencen m\u00e9s de 3,5 milions d\u2019inhaladors.<\/strong>&nbsp;I segons l\u2019estudi AIRE, <strong>m\u00e9s de la meitat dels pacients no els reciclen correctament&nbsp;<\/strong>despr\u00e9s del seu \u00fas, i&nbsp;<strong>m\u00e9s de dues terceres parts indiquen no haver estat mai informats sobre el lloc adequat per fer-lo.<\/strong> Si els inhaladors es reciclessin de forma adequada, es <strong>reduirien 348 tones de CO2 a l\u2019any<\/strong>, en l\u2019\u00e0mbit estatal.<\/p>\n\n\n\n<p>Des del COFB es va enviar una <a href=\"https:\/\/www.cofb.org\/ca\/2024\/05\/02\/farmacies-de-barcelona-conscienciaran-sobre-la-importancia-del-bon-us-dels-inhaladors-i-el-seu-reciclatge-en-el-punt-sigre-per-reduir-la-petjada-de-carboni-2\/\" target=\"_blank\" rel=\"noreferrer noopener\">nota de premsa<\/a>, que va tenir ress\u00f2 en els mitjans especialitzats <a href=\"https:\/\/diariofarma.com\/2024\/05\/02\/farmacias-de-barcelona-conciencian-sobre-el-uso-de-inhaladores-y-su-reciclaje-en-el-punto-sigre\" target=\"_blank\" rel=\"noreferrer noopener\">Diariofarma<\/a>, <a href=\"https:\/\/www.imfarmacias.es\/noticia\/35534\/el-cofb-fomenta-un-buen-uso-de-los-inhaladores-incidiendo-en-su-correc.html\" target=\"_blank\" rel=\"noreferrer noopener\">IM Farmacias<\/a>, <a href=\"https:\/\/www.diariomedico.com\/farmacia\/comunitaria\/farmacias-barcelonesas-concienciaran-buen-reciclaje-inhaladores.html?check_logged_in=1\" target=\"_blank\" rel=\"noreferrer noopener\">Correo Farmac\u00e9utico<\/a>, <a href=\"https:\/\/elglobal.es\/contra\/farmacias-de-barcelona-conciencian-sobre-la-importancia-del-reciclaje-de-inhaladores-para-reducir-la-huella-de-carbono\/\" target=\"_blank\" rel=\"noreferrer noopener\">El Global<\/a>, <a href=\"https:\/\/www.farmaventas.es\/noticias-del-sector\/15170-farmacias-de-barcelona-concienciaran-sobre-la-importancia-del-buen-uso-de-los-inhaladores-y-su-reciclaje-en-el-punto-sigre-para-reducir-la-huella-de-carbono.html\" target=\"_blank\" rel=\"noreferrer noopener\">Farmaventas<\/a> i <a href=\"https:\/\/www.pmfarma.com\/app\/noticias\/56560-farmacias-de-barcelona-concienciaryon-sobre-la-importancia-del-buen-uso-de-los-inhaladores-y-su-reciclaje-en-el-punto-sigre-para-reducir-la-\" target=\"_blank\" rel=\"noreferrer noopener\">PMFarma<\/a>. Tanmateix, des dels programes &#8220;La Ciutat&#8221; d&#8217;<a href=\"https:\/\/www.ondacero.es\/emisoras\/catalunya\/audios-podcast\/ciutat\/ciutat-06052024_202405066638cb09c0b95c0001e3c92b.html\" target=\"_blank\" rel=\"noreferrer noopener\">Onda Cero<\/a>, (a partir del minut 15:47), <a href=\"https:\/\/www.rtve.es\/play\/audios\/vida-verde\/pesca-intensiva-no-se-reduce-mediterraneo\/16113750\/\" target=\"_blank\" rel=\"noreferrer noopener\">\u201cVida verde\u201d de Radio Exterior de Espa\u00f1a (RNE)<\/a> i <a href=\"https:\/\/www.cope.es\/emisoras\/catalunya\/cope-catalunya\/cap-de-setmana\/audios\/mati-del-cap-setmana-cope-catalunya-andorra-12-05-2024-0600-20240512_2549357\" target=\"_blank\" rel=\"noreferrer noopener\">COPE Catalunya i Andorra &nbsp;(a partir del minut 0:30)<\/a><a href=\"https:\/\/www.rtve.es\/play\/audios\/vida-verde\/pesca-intensiva-no-se-reduce-mediterraneo\/16113750\/\" target=\"_blank\" rel=\"noreferrer noopener\"> <\/a>van entrevistar a <strong>Jordi Casas<\/strong>, president del COFB. OndaCero va publicar una <a href=\"https:\/\/www.ondacero.es\/emisoras\/catalunya\/noticies\/dia-mundial-asma-reciclar-inhaladores-gran-gesto-cuidar-planeta_202405066638f71c8e66020001d17074.html\" target=\"_blank\" rel=\"noreferrer noopener\">pe\u00e7a<\/a> posterior a l&#8217;entrevista amb declaracions seves. Per altra banda, <a href=\"https:\/\/kiosco.eleconomista.es\/e-paper\/viewer.aspx?publication=Agua&amp;date=04_06_2024&amp;tpuid=690#page\/30\" target=\"_blank\" rel=\"noreferrer noopener\">El Economista<\/a> va compartir una tribuna del president del COFB i <a href=\"https:\/\/www.elpuntavui.cat\/societat\/article\/14-salut\/2432338-inhaladors-contaminants.html\" target=\"_blank\" rel=\"noreferrer noopener\">El Punt Avui<\/a> tamb\u00e9 va publicar una not\u00edcia amb declaracions seves i de la farmac\u00e8utica comunit\u00e0ria, <strong>Roser Cabanas<\/strong>. Amb motiu del Dia Mundial del Reciclatge, <a href=\"https:\/\/efeverde.com\/dia-reciclaje-inhaladores-asma-350-toneladas-co2\/\" target=\"_blank\" rel=\"noreferrer noopener\">EFE Verde<\/a>, <a href=\"https:\/\/www.corresponsables.com\/actualidad\/medioambiente\/reciclar-adecuadamente-los-inhaladores-en-las-farmacias-reduciria-350-toneladas-de-co2-al-ano\/#:~:text=Seg%C3%BAn%20los%20expertos%3A%20%C2%ABun%20inhalador,reciba%20el%20tratamiento%20medioambiental%20conveniente%C2%BB\" target=\"_blank\" rel=\"noreferrer noopener\">Corresponsables<\/a>, <a href=\"https:\/\/www.observarse.com\/2024\/05\/17\/reciclar-adecuadamente-los-inhaladores-en-las-farmacias-reduciria-350-toneladas-de-co2-al-ano\/\" target=\"_blank\" rel=\"noreferrer noopener\">Observarse<\/a> i <a href=\"https:\/\/teleradioamerica.com\/2024\/05\/reciclar-inhaladores-para-el-asma-reducira-350-toneladas-de-co2-al-ano\/\" target=\"_blank\" rel=\"noreferrer noopener\">TRA Noticias<\/a> tamb\u00e9 van fer ress\u00f2 de la campanya impulsada.<\/p>\n\n\n\n<h2 class=\"wp-block-heading\"><strong>Presa de possessi\u00f3 de la nova Junta de Govern<\/strong><\/h2>\n\n\n\n<p>A finals d\u2019abril, es va celebrar un acte intern on els membres de la <a href=\"https:\/\/www.cofb.org\/ca\/2024\/04\/26\/la-nova-junta-de-govern-del-cof-de-barcelona-pren-possessio-per-al-mandat-2024-2028-2\/\" target=\"_blank\" rel=\"noreferrer noopener\"><strong>nova Junta de Govern<\/strong>, formada per 22 membres representatius del col\u00b7lectiu farmac\u00e8utic<strong>, van assumir els seus c\u00e0rrecs<\/strong><\/a> a la sala d\u2019actes del <strong>Col\u00b7legi de Farmac\u00e8utics de Barcelona (COFB)<\/strong>. Durant l\u2019acte, <strong>Jordi Casas<\/strong>, president del COFB, va destacar tots els aven\u00e7os aconseguits durant l\u2019anterior mandat, alhora que es va comprometre a continuar <strong>promovent el creixement professional i l\u2019excel\u00b7l\u00e8ncia formativa per posicionar el farmac\u00e8utic com a agent sanitari clau<\/strong>. Els mitjans <a href=\"https:\/\/revistafarmanatur.com\/noticias\/la-nueva-junta-de-gobierno-del-cof-de-barcelona-toma-posesion-para-el-mandato-2024-2028\/\" target=\"_blank\" rel=\"noreferrer noopener\">Farmanatur<\/a> i <a href=\"https:\/\/www.consejosdetufarmaceutico.com\/farmacia\/constituida-la-nueva-junta-de-gobierno-del-cof-de-barcelona-para-2024-2028-con-jordi-casas-a-la-cabeza\/\" target=\"_blank\" rel=\"noreferrer noopener\">Consejos de tu farmac\u00e9utico<\/a> van compartir la nota de premsa enviada.<\/p>\n\n\n\n<figure class=\"wp-block-image size-large\"><a href=\"https:\/\/www.cofb.org\/wp-content\/uploads\/2024\/07\/COFB_RECULLMITJANS_19072024_1.png\" target=\"_blank\" rel=\"noreferrer noopener\"><img fetchpriority=\"high\" decoding=\"async\" width=\"1024\" height=\"475\" src=\"https:\/\/www.cofb.org\/wp-content\/uploads\/2024\/07\/COFB_RECULLMITJANS_19072024_1-1024x475.png\" alt=\"\" class=\"wp-image-79041\" srcset=\"https:\/\/www.cofb.org\/wp-content\/uploads\/2024\/07\/COFB_RECULLMITJANS_19072024_1-1024x475.png 1024w, https:\/\/www.cofb.org\/wp-content\/uploads\/2024\/07\/COFB_RECULLMITJANS_19072024_1-300x139.png 300w, https:\/\/www.cofb.org\/wp-content\/uploads\/2024\/07\/COFB_RECULLMITJANS_19072024_1-768x357.png 768w, https:\/\/www.cofb.org\/wp-content\/uploads\/2024\/07\/COFB_RECULLMITJANS_19072024_1-18x8.png 18w, https:\/\/www.cofb.org\/wp-content\/uploads\/2024\/07\/COFB_RECULLMITJANS_19072024_1.png 1372w\" sizes=\"(max-width: 1024px) 100vw, 1024px\" \/><\/a><\/figure>\n\n\n\n<h2 class=\"wp-block-heading\"><strong>Serveis per a la poblaci\u00f3 del COFB<\/strong><\/h2>\n\n\n\n<h3 class=\"wp-block-heading\"><strong>Programa de cribratge de c\u00e0ncer de c\u00f2lon i recte<\/strong><\/h3>\n\n\n\n<p>M\u00e9s de 2.500 farm\u00e0cies comunit\u00e0ries del Pa\u00eds Basc, Navarra, Catalunya, Murcia, Comunitat Valenciana i Balears col\u00b7laboren en els <strong>programes de cribratge del c\u00e0ncer de c\u00f2lon<\/strong>. En el cas de Barcelona, des del <strong>Col\u00b7legi de Farmac\u00e8utics de Barcelona (COFB)<\/strong> es duu a terme el <strong>Programa de detecci\u00f3 preco\u00e7 de c\u00e0ncer de c\u00f2lon i recte,<\/strong> en qu\u00e8 han participat un total d\u20191.202.726 persones, s\u2019han entregat quasi tres milions de kits als usuaris participants i s\u2019han retornat 2.652.859 mostres a la farm\u00e0cia, de les quals 561.363 s\u2019han enviat al laboratori. <a href=\"https:\/\/elglobal.es\/farmacia\/el-programa-de-cribado-de-cancer-de-colon-una-experiencia-de-exito-que-se-extiende-cada-vez-por-mas-farmacias-espanolas-2\/\" target=\"_blank\" rel=\"noreferrer noopener\">El Global<\/a> va fer una pe\u00e7a sobre el tema amb declaracions de <strong>Jordi Magriny\u00e0<\/strong>, vocal del COFB, un article que tamb\u00e9 va ser publicat a la <a href=\"https:\/\/economiadelasalud.com\/topics\/difusion\/el-programa-de-cribado-de-cancer-de-colon-una-experiencia-de-exito-que-se-extiende-cada-vez-por-mas-farmacias-espanolas\/\">Revista Espa\u00f1ola de Econom\u00eda de Salud<\/a>. En relaci\u00f3 amb la participaci\u00f3 de les farm\u00e0cies en el cribratge de c\u00e0ncer de c\u00f2lon i recte, el mitj\u00e0 New Medical Economics (<a href=\"https:\/\/www.newmedicaleconomics.es\/noticias-de-actualidad\/el-impacto-positivo-de-la-participacion-de-las-farmacias-comunitarias-en-el-cribado-del-cancer-de-colon-a-debate\/\" target=\"_blank\" rel=\"noreferrer noopener\">1<\/a> i <a href=\"https:\/\/www.newmedicaleconomics.es\/primera-plana\/la-participacion-de-las-farmacias-comunitarias-en-el-cribado-del-cancer-de-colon-garantia-de-eficacia-y-eficiencia\/\" target=\"_blank\" rel=\"noreferrer noopener\">2<\/a>) va publicar una not\u00edcia pr\u00e8via i una cr\u00f2nica posterior sobre una taula de debat, on va intervenir <strong>Jordi Casas<\/strong>, president del COFB. <\/p>\n\n\n\n<h3 class=\"wp-block-heading\"><strong>Servei de Cessaci\u00f3 Tab\u00e0quica<\/strong><\/h3>\n\n\n\n<p>L\u2019<strong>Organitzaci\u00f3 Mundial de la Salut (OMS)<\/strong> calcula que el tabac posar\u00e0 fi a la vida de vuit milions de persones a l\u2019any. Tot i aix\u00f2, l\u2019\u00faltim informe sobre tend\u00e8ncies en aquest h\u00e0bit realitzat per l\u2019OMS, indicava que <strong>el consum ha patit un descens en les \u00faltimes dues d\u00e8cades<\/strong>. Per continuar reduint les xifres, el <strong>Consejo General de Colegios Oficiales de Farmac\u00e9uticos (CGCOF) <\/strong>treballa, junt amb el Ministeri de Sanitat, en un conveni que permetr\u00e0 als farmac\u00e8utics i farmac\u00e8utiques realitzar un curs titulat \u201c<strong>Abordatge del tabaquisme des d&#8217;Atenci\u00f3 Primaria<\/strong>\u201d. <strong>Manel Cirici<\/strong>, coordinador del COFB de les farm\u00e0cies del Barcelon\u00e8s Nord, va explicar en qu\u00e8 consisteix aquest programa a <a href=\"https:\/\/elglobal.es\/farmacia\/la-accesibilidad-capilaridad-y-cercania-de-las-boticas-aliadas-del-servicio-de-cesacion-tabaquica\/\" target=\"_blank\" rel=\"noreferrer noopener\">El Global<\/a>.<\/p>\n\n\n\n<figure class=\"wp-block-image size-large\"><a href=\"https:\/\/www.cofb.org\/wp-content\/uploads\/2024\/07\/COFB_RECULLMITJANS_19072024_2.png\" target=\"_blank\" rel=\"noreferrer noopener\"><img decoding=\"async\" width=\"1024\" height=\"475\" src=\"https:\/\/www.cofb.org\/wp-content\/uploads\/2024\/07\/COFB_RECULLMITJANS_19072024_2-1024x475.png\" alt=\"\" class=\"wp-image-79043\" srcset=\"https:\/\/www.cofb.org\/wp-content\/uploads\/2024\/07\/COFB_RECULLMITJANS_19072024_2-1024x475.png 1024w, https:\/\/www.cofb.org\/wp-content\/uploads\/2024\/07\/COFB_RECULLMITJANS_19072024_2-300x139.png 300w, https:\/\/www.cofb.org\/wp-content\/uploads\/2024\/07\/COFB_RECULLMITJANS_19072024_2-768x357.png 768w, https:\/\/www.cofb.org\/wp-content\/uploads\/2024\/07\/COFB_RECULLMITJANS_19072024_2-18x8.png 18w, https:\/\/www.cofb.org\/wp-content\/uploads\/2024\/07\/COFB_RECULLMITJANS_19072024_2.png 1372w\" sizes=\"(max-width: 1024px) 100vw, 1024px\" \/><\/a><\/figure>\n\n\n\n<h3 class=\"wp-block-heading\"><strong>Programa de manteniment amb metadona<\/strong><\/h3>\n\n\n\n<p>Al juny, l\u2019ONU va alertar d\u2019un <strong>augment del consum de drogues<\/strong>. Al voltant de 64 milions de persones al m\u00f3n pateixen trastorns per l\u2019\u00fas de drogues i nom\u00e9s 1 de cada 11 rep tractament. La <strong>farm\u00e0cia pot ajudar<\/strong> en aquest aspecte proporcionant educaci\u00f3 sanit\u00e0ria i informaci\u00f3 necess\u00e0ria per prevenir-lo. De fet, el <strong>Consejo General de Colegios Oficiales de Farmac\u00e9uticos (CGCOF)<\/strong> col\u00b7labora en el <strong>Pla Nacional sobre Drogues<\/strong> des de mitjans dels anys 80. <a href=\"https:\/\/www.diariomedico.com\/farmacia\/comunitaria\/onu-alerta-alza-consumo-drogas-farmacia-actua.html\" target=\"_blank\" rel=\"noreferrer noopener\">Correo Farmac\u00e9utico<\/a> va publicar una pe\u00e7a parlant del tema amb menci\u00f3 al <strong>COFB<\/strong> sobre el <strong>Programa de Manteniment de Metadona (PMM)<\/strong>.<\/p>\n\n\n\n<h3 class=\"wp-block-heading\"><strong>Tests d\u2019ant\u00edgens<\/strong><\/h3>\n\n\n\n<p>Entre els mesos d\u2019abril i juny, es van disparar les <strong>vendes de tests d\u2019ant\u00edgens a les farm\u00e0cies<\/strong>. Concretament, a les farm\u00e0cies catalanes es va produir un increment de m\u00e9s d\u2019un <strong>700%<\/strong> i a tota Espanya un <strong>1.866%<\/strong>. Aix\u00f2 est\u00e0 directament relacionat amb un augment del virus a causa de la nova variant, Flirt. El COFB va proporcionar aquesta informaci\u00f3 al <a href=\"https:\/\/www.elperiodico.com\/es\/sanidad\/20240619\/venta-antigenos-covid-dispara-farmacias-cataluna-103990603\" target=\"_blank\" rel=\"noreferrer noopener\">El Peri\u00f3dico<\/a>, que va compartir una pe\u00e7a.<\/p>\n\n\n\n<h2 class=\"wp-block-heading\"><strong>Consell farmac\u00e8utic en el programa \u201cFet a mida\u201d de la Xarxa<\/strong><\/h2>\n\n\n\n<p>Durant els mesos de maig i juny, s\u2019ha continuat realitzant la secci\u00f3 quinzenal en el magaz\u00edn \u201c<strong>Fet a mida<\/strong>\u201d de <strong>La Xarxa<\/strong>. Al maig, <strong>Merc\u00e8 Barau<\/strong>, vocal d\u2019Oficina de Farm\u00e0cia del COFB va parlar sobre <a href=\"https:\/\/www.laxarxa.cat\/programa\/fet-a-mida\/relacionat\/fem-un-bon-us-dels-inhaladors\" target=\"_blank\" rel=\"noreferrer noopener\">el bon \u00fas dels inhaladors<\/a> i la vocal del COFB, <strong>Am\u00e8lia Garc\u00eda-Miranda<\/strong> sobre les <a href=\"https:\/\/www.laxarxa.cat\/programa\/fet-a-mida\/relacionat\/proves-que-es-poden-realitzar-a-la-farmacia\" target=\"_blank\" rel=\"noreferrer noopener\">proves que es poden realitzar a la farm\u00e0cia<\/a>. Al juny, <strong>Barau <\/strong>va dedicar una secci\u00f3 a explicar els detalls del <a href=\"https:\/\/www.laxarxa.cat\/programa\/fet-a-mida\/relacionat\/la-deteccio-del-cancer-colorectal\" target=\"_blank\" rel=\"noreferrer noopener\">Programa de detecci\u00f3 preco\u00e7 de c\u00e0ncer de c\u00f2lon i recte a les farm\u00e0cies<\/a>; i, per la seva banda, <strong>Am\u00e9lia Garc\u00eda-Miranda<\/strong> va oferir consells per a una <a href=\"https:\/\/www.laxarxa.cat\/programa\/fet-a-mida\/relacionat\/la-importancia-de-la-crema-solar\" target=\"_blank\" rel=\"noreferrer noopener\">correcta protecci\u00f3 solar<\/a>.<\/p>\n\n\n\n<figure class=\"wp-block-image size-large\"><a href=\"https:\/\/www.cofb.org\/wp-content\/uploads\/2024\/07\/COFB_RECULLMITJANS_19072024_3.png\" target=\"_blank\" rel=\"noreferrer noopener\"><img decoding=\"async\" width=\"1024\" height=\"475\" src=\"https:\/\/www.cofb.org\/wp-content\/uploads\/2024\/07\/COFB_RECULLMITJANS_19072024_3-1024x475.png\" alt=\"\" class=\"wp-image-79055\" srcset=\"https:\/\/www.cofb.org\/wp-content\/uploads\/2024\/07\/COFB_RECULLMITJANS_19072024_3-1024x475.png 1024w, https:\/\/www.cofb.org\/wp-content\/uploads\/2024\/07\/COFB_RECULLMITJANS_19072024_3-300x139.png 300w, https:\/\/www.cofb.org\/wp-content\/uploads\/2024\/07\/COFB_RECULLMITJANS_19072024_3-768x357.png 768w, https:\/\/www.cofb.org\/wp-content\/uploads\/2024\/07\/COFB_RECULLMITJANS_19072024_3-18x8.png 18w, https:\/\/www.cofb.org\/wp-content\/uploads\/2024\/07\/COFB_RECULLMITJANS_19072024_3.png 1372w\" sizes=\"(max-width: 1024px) 100vw, 1024px\" \/><\/a><\/figure>\n\n\n\n<h2 class=\"wp-block-heading\"><strong>El COFB com a font d\u2019informaci\u00f3<\/strong><\/h2>\n\n\n\n<h3 class=\"wp-block-heading\"><strong>Eleccions al Parlament de Catalunya i eleccions europees<\/strong><\/h3>\n\n\n\n<p>El 12 de maig van tenir lloc les <strong>eleccions auton\u00f2miques<\/strong> i el 9 de juny les <strong>europees<\/strong>. Des de diversos mitjans es va recollir l\u2019opini\u00f3 dels diferents sectors de l&#8217;\u00e0mbit sanitari  per con\u00e8ixer les necessitats d&#8217;aquest sector i quins recursos s\u2019haurien de destinar per millorar el nivell de qualitat i seguretat assistencial.<\/p>\n\n\n\n<p>El president del COFB, <strong>Jordi Casas<\/strong>, va explicar a <a href=\"https:\/\/www.ara.cat\/politica\/eleccions-europees\/unio-europea-eleccions-2024-medicaments-farmacia-ue_1_5036797.html\" target=\"_blank\" rel=\"noreferrer noopener\">Diari ARA<\/a>, <a href=\"https:\/\/www.diariomedico.com\/medicina\/profesion\/elecciones-catalanas-sanitarios-marcan-prioridades-proxima-legislatura.html\" target=\"_blank\" rel=\"noreferrer noopener\">Diario M\u00e9dico<\/a>, <a href=\"https:\/\/www.diariomedico.com\/farmacia\/politica\/espera-cof-barcelona-proximo-gobierno-catalan.html\" target=\"_blank\" rel=\"noreferrer noopener\">Correo Farmac\u00e9utico<\/a> i <a href=\"https:\/\/www.redaccionmedica.com\/autonomias\/cataluna\/el-catsalut-pos12m-exige-una-reordenacion-profesional-que-viaje-a-madrid-2615\" target=\"_blank\" rel=\"noreferrer noopener\">Redacci\u00f3n M\u00e9dica<\/a> les prioritats i necessitats del sector pel que fa a l\u2019actualitzaci\u00f3 i modificaci\u00f3 de la llei d\u2019ordenaci\u00f3 farmac\u00e8utica o la creaci\u00f3 d\u2019una empresa farmac\u00e8utica p\u00fablica, entre d\u2019altres q\u00fcestions.<\/p>\n\n\n\n<h3 class=\"wp-block-heading\"><strong>Campanya d\u2019equitat menstrual: \u201cLa meva regla, les meves regles\u201d<\/strong><\/h3>\n\n\n\n<p>A finals de maig, <a href=\"https:\/\/www.elpuntavui.cat\/societat\/article\/5-societat\/2420101-la-regla-el-tabu-menstrual.html\" target=\"_blank\" rel=\"noreferrer noopener\">El Punt Avui<\/a>, en la versi\u00f3 online i en paper, va abordar la campanya  d\u2019equitat menstrual portada a terme pel <strong>Col\u00b7legi de Farmac\u00e8utics de Barcelona (COFB) <\/strong>i el Departament d\u2019<strong>Igualtat i Feminismes, <\/strong>amb declaracions de la vocal del COFB, <strong>Amelia Garc\u00eda-Miranda<\/strong>. El mitj\u00e0 El 9 Nou tamb\u00e9 va compartir una pe\u00e7a en paper parlant de la campanya amb declaracions d\u2019<strong>Anna Ma. Font<\/strong>, coordinadora del COFB de les farm\u00e0cies del Vall\u00e8s Oriental. Al mateix temps, <a href=\"https:\/\/www.elfarmaceutico.es\/actualidad\/opinion\/farmacia-clave-mejorar-salud-sexual-reproductiva_152720_102.html\" target=\"_blank\" rel=\"noreferrer noopener\">El Farmac\u00e9utico<\/a>, va publicar un article d\u2019opini\u00f3, tant en online com en paper, de <strong>Jordi Casas<\/strong>, president del COFB, on va posar en valor el paper dels farmac\u00e8utics en el marc de la campanya.<\/p>\n\n\n\n<figure class=\"wp-block-image size-large\"><a href=\"https:\/\/www.cofb.org\/wp-content\/uploads\/2024\/07\/COFB_RECULLMITJANS_19072024_4.png\" target=\"_blank\" rel=\"noreferrer noopener\"><img loading=\"lazy\" decoding=\"async\" width=\"1024\" height=\"475\" src=\"https:\/\/www.cofb.org\/wp-content\/uploads\/2024\/07\/COFB_RECULLMITJANS_19072024_4-1024x475.png\" alt=\"\" class=\"wp-image-79045\" srcset=\"https:\/\/www.cofb.org\/wp-content\/uploads\/2024\/07\/COFB_RECULLMITJANS_19072024_4-1024x475.png 1024w, https:\/\/www.cofb.org\/wp-content\/uploads\/2024\/07\/COFB_RECULLMITJANS_19072024_4-300x139.png 300w, https:\/\/www.cofb.org\/wp-content\/uploads\/2024\/07\/COFB_RECULLMITJANS_19072024_4-768x357.png 768w, https:\/\/www.cofb.org\/wp-content\/uploads\/2024\/07\/COFB_RECULLMITJANS_19072024_4-18x8.png 18w, https:\/\/www.cofb.org\/wp-content\/uploads\/2024\/07\/COFB_RECULLMITJANS_19072024_4.png 1372w\" sizes=\"(max-width: 1024px) 100vw, 1024px\" \/><\/a><\/figure>\n\n\n\n<h3 class=\"wp-block-heading\"><strong>\u00c0gora Sanit\u00e0ria tanca el curs 2023-2024 amb un p\u00f2dcast sobre anticoagulaci\u00f3 i classes en directe de parasitosi i picades<\/strong><\/h3>\n\n\n\n<p>\u00c0gora Sanit\u00e0ria, el portal de formaci\u00f3 <em>online<\/em> del <strong>Col\u00b7legi de Farmac\u00e8utics de Barcelona (COFB)<\/strong> i el <strong>Colegio Oficial de Farmac\u00e9uticos de Madrid (COFM)<\/strong>, va tancar el curs acad\u00e8mic 2023-2024 anunciant <strong><a href=\"https:\/\/www.cofb.org\/ca\/2024\/05\/30\/agora-sanitaria-tanca-el-curs-2023-2024-amb-un-podcast-sobre-anticoagulacio-i-classes-en-directe-de-parasitosi-i-picades-2\/\" target=\"_blank\" rel=\"noreferrer noopener\">dues novetats formatives<\/a><\/strong>. Per una banda, un curs en format p\u00f2dcast titulat \u201c<strong>Anticoagulaci\u00f3: qu\u00e8, com, quan i per qu\u00e8\u201d<\/strong> on s\u2019ofereixen els coneixements necessaris sobre la ter\u00e0pia anticoagulant per poder realitzar una correcta intervenci\u00f3 farmac\u00e8utica; i, per altra banda, una altra formaci\u00f3 sobre <strong>infeccions parasit\u00e0ries de la pell i picades d\u2019insectes i altres animals<\/strong> a trav\u00e9s de classes en directe. Els mitjans especialitzats <a href=\"https:\/\/www.farmaventas.es\/noticias-del-sector\/15318-agora-sanitaria-cierra-el-curso-2023-2024-con-un-podcast-sobre-anticoagulacion-y-clases-en-directo-de-parasitosis-y-picaduras.html\" target=\"_blank\" rel=\"noreferrer noopener\">Farmaventas<\/a>, <a href=\"https:\/\/www.elfarmaceutico.es\/actualidad\/noticias-novedades\/cof-madrid-barcelona-cierran-curso-formativo-podcast-clases-directo_152766_102.html\" target=\"_blank\" rel=\"noreferrer noopener\">El Farmac\u00e9utico<\/a> i <a href=\"https:\/\/www.imfarmacias.es\/noticia\/35841\/dos-nuevas-formaciones-ponen-punto-y-final-al-curso-20232024-de-agor.html\" target=\"_blank\" rel=\"noreferrer noopener\">IM Farmacias<\/a> en van fer ress\u00f2.<\/p>\n\n\n\n<h2 class=\"wp-block-heading\"><strong>Medicaments, prestaci\u00f3 i consell farmac\u00e8utic<\/strong><\/h2>\n\n\n\n<p>El desabastiment d&#8217;Ozempic ha continuat durant els mesos de maig i juny. Per aquesta ra\u00f3, el <a href=\"https:\/\/www.rtve.es\/play\/audios\/xavifornia\/xavifornia-lozempic-sesta-venent-sense-recepta-les-farmacies\/16104862\/\" target=\"_blank\" rel=\"noreferrer noopener\">programa &#8220;Xavif\u00f2rnia&#8221; de R\u00e0dio 4 <\/a>va fer una entrevista a <strong>Lorena Rivera<\/strong>, responsable del CIM, sobre la prescripci\u00f3 m\u00e8dica d\u2019aquest medicament a les farm\u00e0cies. Tanmateix, al programa radiof\u00f2nic \u201c<strong>La nit dels ignorants<\/strong>\u201d de <a href=\"https:\/\/www.ccma.cat\/3cat\/la-nit-dels-ignorants-3-0-de-00-a-01-h-27062024\/audio\/1212617\/\" target=\"_blank\" rel=\"noreferrer noopener\">Catalunya R\u00e0dio<\/a>, tamb\u00e9 van parlar sobre l\u2019Ozempic fent menci\u00f3 al <strong>COFB<\/strong> (a partir del minut 8:34). Per altra banda, al maig es va fer eco de la not\u00edcia de la <strong>falta de bosses d\u2019orina<\/strong> a causa del tancament d\u2019una f\u00e0brica que subministrava aquest tipus de productes. Els informatius de <a href=\"https:\/\/www.rtve.es\/play\/videos\/linformatiu\/linformatiu-25-05-2024\/16119458\/\" target=\"_blank\" rel=\"noreferrer noopener\">RTVE<\/a> van fer ress\u00f2 la not\u00edcia (a partir del minut 7:49) amb declaracions de la farmac\u00e8utica <strong>Marta de Bol\u00f3s<\/strong>.<\/p>\n\n\n\n<figure class=\"wp-block-image size-large\"><a href=\"https:\/\/www.cofb.org\/wp-content\/uploads\/2024\/07\/COFB_RECULLMITJANS_19072024_5-2.png\" target=\"_blank\" rel=\"noreferrer noopener\"><img loading=\"lazy\" decoding=\"async\" width=\"1024\" height=\"475\" src=\"https:\/\/www.cofb.org\/wp-content\/uploads\/2024\/07\/COFB_RECULLMITJANS_19072024_5-2-1024x475.png\" alt=\"\" class=\"wp-image-79054\" srcset=\"https:\/\/www.cofb.org\/wp-content\/uploads\/2024\/07\/COFB_RECULLMITJANS_19072024_5-2-1024x475.png 1024w, https:\/\/www.cofb.org\/wp-content\/uploads\/2024\/07\/COFB_RECULLMITJANS_19072024_5-2-300x139.png 300w, https:\/\/www.cofb.org\/wp-content\/uploads\/2024\/07\/COFB_RECULLMITJANS_19072024_5-2-768x357.png 768w, https:\/\/www.cofb.org\/wp-content\/uploads\/2024\/07\/COFB_RECULLMITJANS_19072024_5-2-18x8.png 18w, https:\/\/www.cofb.org\/wp-content\/uploads\/2024\/07\/COFB_RECULLMITJANS_19072024_5-2.png 1372w\" sizes=\"(max-width: 1024px) 100vw, 1024px\" \/><\/a><\/figure>\n\n\n\n<p>Al juny, a un col\u00b7loqui realitzat al <strong>Col\u00b7legi de Farmac\u00e8utics de Barcelona (COFB),<\/strong> <strong>Laboratorios Boiron<\/strong> juntament amb la <strong>vocalia de Plantes Medicinals i Homeopatia<\/strong> van informar de la <strong>recuperaci\u00f3 de les xifres de venda de medicaments homeop\u00e0tics <\/strong>respecte als anys previs a la pand\u00e8mia, i van apuntar un creixement en els dos \u00faltims anys. Els mitjans especialitzats <a href=\"https:\/\/www.farmaventas.es\/noticias-del-sector\/15325-la-homeopatia-consolida-su-recuperacion-en-las-farmacias.html\" target=\"_blank\" rel=\"noreferrer noopener\">Farmaventas<\/a> i <a href=\"https:\/\/www.imfarmacias.es\/noticia\/35812\/boiron-celebra-40-anos-en-espana-y-anuncia-su-entrada-al-mercado-chi.html\" target=\"_blank\" rel=\"noreferrer noopener\">IM Farmacias<\/a> van fer peces amb declaracions de <strong>Josep Allu\u00e9<\/strong>, vocal de Plantes Medicinals i Homeopatia del COFB, i <a href=\"https:\/\/www.consalud.es\/profesionales\/venta-homeopatia-crece-espana-2023-mas-11000-farmacias_144514_102.html\" target=\"_blank\" rel=\"noreferrer noopener\">ConSalud<\/a><a href=\"https:\/\/www.consalud.es\/profesionales\/venta-homeopatia-crece-espana-2023-mas-11000-farmacias_144514_102.html\">.es<\/a> tamb\u00e9 va fer una pe\u00e7a al respecte.<\/p>\n\n\n\n<p>Al programa radiof\u00f2nic \u201cLa Linterna\u201d de la <a href=\"https:\/\/www.cope.es\/emisoras\/catalunya\/audios\/linterna-cope-catalunya-andorra-13-06-2024--19h-20240613_2578698\" target=\"_blank\" rel=\"noreferrer noopener\">COPE<\/a> (a partir del minut 31:55), van dedicar una secci\u00f3 a parlar de l\u2019<strong>Aigua del Carme<\/strong> amb <strong>Maria Jos\u00e9 Alonso<\/strong>, membre de vocalia de Plantes Medicinals del COFB. Es tracta d\u2019un remei provinent dels convents de Tarragona que s\u2019utilitzava per tractar tota mena d\u2019afeccions i es podia trobar a les farmacioles de totes les \u00e0vies.<\/p>\n\n\n\n<p>A mitjans de maig, el mitj\u00e0<a href=\"https:\/\/www.diariomedico.com\/farmacia\/autocuidado\/caida-estrogenos-farmacia-responde.html\" target=\"_blank\" rel=\"noreferrer noopener\"> Correo Farmac\u00e9utico<\/a>, va publicar una not\u00edcia amb declaracions de la farmac\u00e8utica <strong>Maria Jos\u00e9 Alonso<\/strong>, on es tractava el paper dels farmac\u00e8utics i farmac\u00e8utiques en l\u2019assessorament i ajuda a persones amb <strong>s\u00edmptomes de menopausa<\/strong>. Alhora, <a href=\"https:\/\/www.diariomedico.com\/farmacia\/autocuidado\/hablemos-incontinencia-urinaria-femenina-buscar-soluciones.html\" target=\"_blank\" rel=\"noreferrer noopener\">Correo Farmac\u00e9utico<\/a> va abordar la incontin\u00e8ncia urin\u00e0ria amb una pe\u00e7a on es mencionava al <strong>Centre d\u2019Informaci\u00f3 del Medicament (CIM)<\/strong> del COFB. Dins la pe\u00e7a es tracten temes com l\u2019impacte f\u00edsic, mental i, sobretot, social que t\u00e9 en les dones, i els recursos i tractaments als quals es poden rec\u00f3rrer.&nbsp;<a href=\"https:\/\/revistaacofarma.com\/articulos\/consejo-farmaceutico\/t-digestivo\/diarrea-del-viajero-un-desafio-comun-para-los-aventureros\/\" target=\"_blank\" rel=\"noreferrer noopener\">Revista Acofarma<\/a> va publicar un article escrit per la farmac\u00e8utica comunit\u00e0ria <strong>Susagna Lucas<\/strong>, que tracta sobre la <strong>diarrea del viatger<\/strong>, des de les seves causes i s\u00edmptomes fins a la prevenci\u00f3 i tractament, amb l\u2019objectiu de qu\u00e8 els farmac\u00e8utics i farmac\u00e8utiques puguin donar la informaci\u00f3 necess\u00e0ria i ajuda els viatgers a mantenir-se saludables.<\/p>\n\n\n\n<figure class=\"wp-block-image size-large\"><a href=\"https:\/\/www.cofb.org\/wp-content\/uploads\/2024\/07\/COFB_RECULLMITJANS_19072024_6.png\" target=\"_blank\" rel=\"noreferrer noopener\"><img loading=\"lazy\" decoding=\"async\" width=\"1024\" height=\"475\" src=\"https:\/\/www.cofb.org\/wp-content\/uploads\/2024\/07\/COFB_RECULLMITJANS_19072024_6-1024x475.png\" alt=\"\" class=\"wp-image-79048\" srcset=\"https:\/\/www.cofb.org\/wp-content\/uploads\/2024\/07\/COFB_RECULLMITJANS_19072024_6-1024x475.png 1024w, https:\/\/www.cofb.org\/wp-content\/uploads\/2024\/07\/COFB_RECULLMITJANS_19072024_6-300x139.png 300w, https:\/\/www.cofb.org\/wp-content\/uploads\/2024\/07\/COFB_RECULLMITJANS_19072024_6-768x357.png 768w, https:\/\/www.cofb.org\/wp-content\/uploads\/2024\/07\/COFB_RECULLMITJANS_19072024_6-18x8.png 18w, https:\/\/www.cofb.org\/wp-content\/uploads\/2024\/07\/COFB_RECULLMITJANS_19072024_6.png 1372w\" sizes=\"(max-width: 1024px) 100vw, 1024px\" \/><\/a><\/figure>\n\n\n\n<h2 class=\"wp-block-heading\"><strong>La Uni\u00f3 Europea limita l\u2019\u00fas del retinol<\/strong><\/h2>\n\n\n\n<p>A finals de maig, la Uni\u00f3 Europea (UE) va anunciar que es regular\u00e0<strong> l\u2019\u00fas del retinol<\/strong>, un principi actiu que s\u2019ha convertit en un dels tractaments cosm\u00e8tics estrella antiedat. El retinol \u00e9s una forma de vitamina A i \u00e9s segur, per\u00f2 les autoritats han decidit aplicar l\u00edmits en el seu \u00fas cosm\u00e8tic per si hi ha persones que a m\u00e9s de fer-lo servir, tamb\u00e9 reben aquesta vitamina a trav\u00e9s d\u2019altres fonts com podrien ser els aliments. Les limitacions establertes per la Uni\u00f3 Europea (UE) estipulen que no es permet la venda de productes superiors a un <strong>0,3%<\/strong> en el cas dels facials, i un <strong>0,05%<\/strong> pels corporals. Els mitjans <a href=\"https:\/\/www.lavanguardia.com\/vida\/20240520\/9649181\/union-europea-pone-limites-retinol-cosmetica-evitar-riesgos.html\" target=\"_blank\" rel=\"noreferrer noopener\">La Vanguardia<\/a> i <a href=\"https:\/\/www.elespanol.com\/ciencia\/salud\/20240521\/adios-retinol-conocemos-limites-ue-puesto-uso-cosmeticos\/856664683_0.html\" target=\"_blank\" rel=\"noreferrer noopener\">El Espa\u00f1ol<\/a> van compartir peces al respecte amb declaracions de <strong>Lorena Rivera<\/strong>, responsable del CIM.<\/p>\n\n\n\n<h2 class=\"wp-block-heading\"><strong>Amb menci\u00f3 al COFB<\/strong><\/h2>\n\n\n\n<h3 class=\"wp-block-heading\"><strong>Minut de silenci en record a les farmac\u00e8utiques v\u00edctimes de l\u2019atemptat a l\u2019Afganistan<\/strong><\/h3>\n\n\n\n<p>Al maig es va produir un atac terrorista a Afganistan que va posar fi a la vida de dues farmac\u00e8utiques barcelonines. El <strong>Col\u00b7legi de Farmac\u00e8utics de Barcelona (COFB)<\/strong> va expressar la seva consternaci\u00f3 pels fets i es va fer un minut de silenci en mem\u00f2ria a les v\u00edctimes a l&#8217;entrada de la seu col\u00b7legial. Tantmateix el president i vicepresidenta del COFB van participar en el minut de silenci celebrat a l&#8217;Ajuntament de Barcelona. <a href=\"https:\/\/beteve.cat\/societat\/victima-atemptat-afganistan-barcelona-farmacia-sants\/\" target=\"_blank\" rel=\"noreferrer noopener\">Betev\u00e9<\/a> i <a href=\"https:\/\/www.regio7.cat\/arreu\/internacional\/2024\/05\/21\/cossos-tres-victimes-catalanes-atemptat-afganistan-repatriacio-102684414.html\" target=\"_blank\" rel=\"noreferrer noopener\">Regi\u00f3 7<\/a> ho van recollir.<\/p>\n\n\n\n<figure class=\"wp-block-image size-large\"><a href=\"https:\/\/www.cofb.org\/wp-content\/uploads\/2024\/07\/COFB_RECULLMITJANS_19072024_7.png\" target=\"_blank\" rel=\"noreferrer noopener\"><img loading=\"lazy\" decoding=\"async\" width=\"1024\" height=\"475\" src=\"https:\/\/www.cofb.org\/wp-content\/uploads\/2024\/07\/COFB_RECULLMITJANS_19072024_7-1024x475.png\" alt=\"\" class=\"wp-image-79049\" srcset=\"https:\/\/www.cofb.org\/wp-content\/uploads\/2024\/07\/COFB_RECULLMITJANS_19072024_7-1024x475.png 1024w, https:\/\/www.cofb.org\/wp-content\/uploads\/2024\/07\/COFB_RECULLMITJANS_19072024_7-300x139.png 300w, https:\/\/www.cofb.org\/wp-content\/uploads\/2024\/07\/COFB_RECULLMITJANS_19072024_7-768x357.png 768w, https:\/\/www.cofb.org\/wp-content\/uploads\/2024\/07\/COFB_RECULLMITJANS_19072024_7-18x8.png 18w, https:\/\/www.cofb.org\/wp-content\/uploads\/2024\/07\/COFB_RECULLMITJANS_19072024_7.png 1372w\" sizes=\"(max-width: 1024px) 100vw, 1024px\" \/><\/a><\/figure>\n\n\n\n<h3 class=\"wp-block-heading\"><strong>Acte de cloenda de<\/strong> <strong>Fedefarma<\/strong><\/h3>\n\n\n\n<p>A finals de juny, a l\u2019Auditori de Barcelona, es va celebrar l\u2019<strong>acte de cloenda <\/strong>del curs formatiu de la cooperativa <strong>Fedefarma<\/strong>, al que van acudir <strong>m\u00e9s de 450 professionals del sector farmac\u00e8utic<\/strong>. Durant l\u2019esdeveniment, es va fer un rep\u00e0s dels <strong>resultats de l\u2019any<\/strong> i es va presentar el programa del <strong>curs formatiu 2024-2025<\/strong>. <strong>N\u00faria Bosch<\/strong>, vicepresidenta del COFB, va formar part de mesa presidencial durant l\u2019acte. Els mitjans especialitzats <a href=\"https:\/\/www.imfarmacias.es\/noticia\/36045\/fedefarma-refuerza-la-formacion-y-la-innovacion-en-el-sector-farmac.html\" target=\"_blank\" rel=\"noreferrer noopener\">IM Farmacias<\/a> i <a href=\"https:\/\/www.pmfarma.com\/app\/noticias\/56962-fedefarma-celebra-la-clausura-del-curso-formativo-con-mas-de-450-profesionales-del-sector-farmaceutico\" target=\"_blank\" rel=\"noreferrer noopener\">PMFarma<\/a> van compartir peces sobre l\u2019acte mencionant a <strong>N\u00faria Bosch<\/strong>.<\/p>\n\n\n\n<h3 class=\"wp-block-heading\"><strong>Patrimoni farmac\u00e8utic catal\u00e0<\/strong><\/h3>\n\n\n\n<p>El barri dels Indians, a Sant Andreu, hi ha un petit magatzem on es conserven <strong>peces de patrimoni farmac\u00e8utic<\/strong>. Es compta amb un total de 13.000 peces de diferents col\u00b7leccions, classificades i ordenades pel farmac\u00e8utic i promotor cultural <strong>Manuel Subir\u00e0 i Rocamora<\/strong> i creador de la <strong>Fundaci\u00f3 Conc\u00f2rdia Farmac\u00e8utica<\/strong>. Aquests objectes van ser rescatats l\u2019any 2019 pel <strong>Consell de Col\u00b7legis de Farmac\u00e8utics de Catalunya <\/strong>i daten de finals del segle XIX fins a mitjans del segle XX. <a href=\"https:\/\/beteve.cat\/placa-tisner\/patrimoni-fundacio-concordia-farmaceutica\/\" target=\"_blank\" rel=\"noreferrer noopener\">Betev\u00e9 <\/a>va fer ress\u00f2 de la not\u00edcia amb menci\u00f3 al CCFC.<\/p>\n\n\n\n<figure class=\"wp-block-image size-large\"><a href=\"https:\/\/www.cofb.org\/wp-content\/uploads\/2024\/07\/COFB_RECULLMITJANS_19072024_8.png\" target=\"_blank\" rel=\"noreferrer noopener\"><img loading=\"lazy\" decoding=\"async\" width=\"1024\" height=\"475\" src=\"https:\/\/www.cofb.org\/wp-content\/uploads\/2024\/07\/COFB_RECULLMITJANS_19072024_8-1024x475.png\" alt=\"\" class=\"wp-image-79050\" srcset=\"https:\/\/www.cofb.org\/wp-content\/uploads\/2024\/07\/COFB_RECULLMITJANS_19072024_8-1024x475.png 1024w, https:\/\/www.cofb.org\/wp-content\/uploads\/2024\/07\/COFB_RECULLMITJANS_19072024_8-300x139.png 300w, https:\/\/www.cofb.org\/wp-content\/uploads\/2024\/07\/COFB_RECULLMITJANS_19072024_8-768x357.png 768w, https:\/\/www.cofb.org\/wp-content\/uploads\/2024\/07\/COFB_RECULLMITJANS_19072024_8-18x8.png 18w, https:\/\/www.cofb.org\/wp-content\/uploads\/2024\/07\/COFB_RECULLMITJANS_19072024_8.png 1372w\" sizes=\"(max-width: 1024px) 100vw, 1024px\" \/><\/a><\/figure>\n\n\n\n<h3 class=\"wp-block-heading\"><strong>La setmana sense fum de l&#8217;Associaci\u00f3 Contra el C\u00e0ncer de Barcelona<\/strong><\/h3>\n\n\n\n<p>El consum de tabac \u00e9s la primera causa de mort previsible a Espanya i al m\u00f3n i \u00e9s la responsable de m\u00e9s del 30% dels casos de c\u00e0ncer. L\u2019<strong>Associaci\u00f3 Contra el C\u00e0ncer <\/strong>vol impulsar que el 2030 la societat tingui una primera generaci\u00f3 lliure de tabac. El 31 de maig va ser el dia mundial sense tabac i l\u2019Associaci\u00f3 va participar en la taula informativa \u201c<strong>CiutatSuma<\/strong>\u201d dins la <strong>Setmana Sense Fum<\/strong>. En l&#8217;esdeveniment hi van participar diverses entitats del m\u00f3n de la salut, entre les quals es trobava el <strong>COFB<\/strong>, oferint informaci\u00f3 i sensibilitzant sobre els perills del consum de tabac i altres subst\u00e0ncies nocives per a la salut pulmonar. El mitj\u00e0 <a href=\"https:\/\/www.farmaventas.es\/noticias-del-sector\/15278-la-asociacion-contra-el-cancer-en-barcelona-impulsa-la-primera-alianza-del-movimiento-sin-tabaco-para-una-generacion-libre-de-tabaco-el-2030.html\" target=\"_blank\" rel=\"noreferrer noopener\">Farmaventas<\/a> va fer una pe\u00e7a al respecte.<\/p>\n\n\n\n<h3 class=\"wp-block-heading\"><strong>La<\/strong> <strong>jornada de \u201cBellesa i dermocosm\u00e8tica\u201d, el debat del Cercle de Salut i el XV F\u00f3rum Aprofarm<\/strong><\/h3>\n\n\n\n<p>El 16 de maig, al <strong>Col\u00b7legi de Farmac\u00e8utics de Barcelona<\/strong> <strong>(COFB)<\/strong>, es va celebrar una jornada sobre<a href=\"https:\/\/blog.cofb.cat\/blog\/2024\/06\/18\/ultims-avencos-en-dermocosmetica-i-gestio-de-la-categoria-a-loficina-de-farmacia-en-una-nova-formacio-al-cofb\/\" target=\"_blank\" rel=\"noreferrer noopener\"> bellesa i dermocosm\u00e8tica<\/a> a l\u2019oficina de farm\u00e0cia patrocinada per <strong>Beauty Cluster<\/strong>. Durant l&#8217;esdeveniment es va parlar sobre el mercat de la cosm\u00e8tica i de conceptes actuals sobre la dermocosm\u00e8tica. Tamb\u00e9 es va realitzar una <strong>taula rodona<\/strong> moderada on diferents professionals van posar en com\u00fa el dia a dia a la farm\u00e0cia i el treball dels productes beauty a l\u2019establiment. IM Farmacias va publicar dues peces (<a href=\"https:\/\/www.imfarmacias.es\/noticia\/35686\/beauty-cluster-como-la-dermocosmetica-ayuda-a-avanzar-en-la-farmaci.html\" target=\"_blank\" rel=\"noreferrer noopener\">1<\/a> i <a href=\"https:\/\/www.imfarmacias.es\/noticia\/35621\/lo-ultimo-en-dermocosmetica-en-el-cof-de-barcelona.html\" target=\"_blank\" rel=\"noreferrer noopener\">2<\/a>), una amb declaracions de <strong>Marta Alcalde<\/strong>, vocal de Dermofarm\u00e0cia i Productes Sanitaris del COFB i el mitj\u00e0 <a href=\"https:\/\/www.industriacosmetica.net\/noticias\/el-beauty-cluster-organiza-una-jornada-para-farmaceuticos-RgNR2\" target=\"_blank\" rel=\"noreferrer noopener\">Ind\u00fastria Cosm\u00e8tica<\/a> tamb\u00e9 en va fer ress\u00f2. <\/p>\n\n\n\n<p>A m\u00e9s, el 31 de maig, va tenir lloc el <strong>XV F\u00f3rum Aprofarm<\/strong> titulat \u201c<strong>Acn\u00e9: soluciones terap\u00e9uticas y sus tratameintos en formulaci\u00f3n magistral<\/strong>\u201d on es van realitzar diferents pon\u00e8ncies de professionals sobre l\u2019\u00e0mbit. L\u2019acte, organitzat per l\u2019<strong>Asociaci\u00f3n Independiente de Farmac\u00e9uticos Formuladores (Aprofarm) <\/strong>es va celebrar de forma presencial al <strong>Col\u00b7legi de Farmac\u00e8utics de Barcelona (COFB)<\/strong>. <a href=\"https:\/\/www.farmaventas.es\/noticias-del-sector\/15326-acofarma-impulsa-la-formacion-en-la-elaboracion-de-tratamientos-personalizados-para-el-acne.html\" target=\"_blank\" rel=\"noreferrer noopener\">Farmaventas<\/a> va publicar una pe\u00e7a sobre l&#8217;esdeveniment.<\/p>\n\n\n\n<h3 class=\"wp-block-heading has-ast-global-color-6-color has-text-color has-link-color wp-elements-e1a0cd58131f68abc03437a468ff9acb\"><strong>Integral Women Health<\/strong><\/h3>\n\n\n\n<p class=\"has-ast-global-color-2-color has-text-color has-link-color wp-elements-590287a4f16e6a6196234db0c09a5968\">A l\u2019abril es va celebrar la <strong>II Edici\u00f3 de l\u2019Integral Women Health<\/strong>, un punt de trobada de m\u00e9s de 100 dones, entre professionals i assistents, per abordar els \u00faltims aven\u00e7os sobre salut sexual, reproductiva i menopausa. <strong>Masha Sanatgar<\/strong>, farmac\u00e8utica del <strong>Departament de Formaci\u00f3 i Desenvolupament Professional del COFB <\/strong>va participar en la primera taula de debat, on va profunditzar en la import\u00e0ncia del farmac\u00e8utic com a prescriptor de la salut menstrual i sobre la pobresa menstrual. <a href=\"https:\/\/www.europapress.es\/comunicados\/salud-0910\/noticia-comunicado-integral-women-health-posiciona-encuentro-referencia-salud-bienestar-20240430163759.html\" target=\"_blank\" rel=\"noreferrer noopener\">Europa Press<\/a> fer una pe\u00e7a mencionant a <strong>Masha Sanatgar<\/strong>.<\/p>\n\n\n\n<p><strong>Altres publicacions d\u2019inter\u00e8s:<\/strong><\/p>\n\n\n\n<ul class=\"wp-block-list\">\n<li><a href=\"https:\/\/blog.cofb.cat\/blog\/2024\/05\/29\/marc-i-abril-inici-de-la-distribucio-de-productes-menstruals-a-les-farmacies-les-eleccions-al-cofb-i-la-celebracio-dinfarma-madrid-2024-temes-mes-destacats-als-mitjans\/\" target=\"_blank\" rel=\"noreferrer noopener\">Mar\u00e7 i abril: Inici de la distribuci\u00f3 de productes menstruals a les farm\u00e0cies, les eleccions al COFB i la celebraci\u00f3 d&#8217;Infarma Madrid 2024, temes m\u00e9s destacats als mitjans<\/a> <a href=\"https:\/\/blog.cofb.cat\/blog\/2024\/05\/29\/marc-i-abril-inici-de-la-distribucio-de-productes-menstruals-a-les-farmacies-les-eleccions-al-cofb-i-la-celebracio-dinfarma-madrid-2024-temes-mes-destacats-als-mitjans\/\">(Maig 2024)<\/a><\/li>\n\n\n\n<li><a href=\"https:\/\/blog.cofb.cat\/blog\/2024\/03\/25\/gener-i-febrer-la-distincio-com-a-institucio-centenaria-de-lajuntament-de-barcelona-les-eleccions-del-cofb-i-laugment-dincidencia-de-covid-i-grip-temes-mes-destacats-als-mitjans\/\" target=\"_blank\" rel=\"noreferrer noopener\">Gener i febrer: La distinci\u00f3 com a Instituci\u00f3 Centen\u00e0ria de l\u2019Ajuntament de Barcelona, les eleccions del COFB i l\u2019augment d\u2019incid\u00e8ncia de covid i grip, temes m\u00e9s destacats als mitjans (Mar\u00e7 2024)<\/a><\/li>\n\n\n\n<li><a href=\"https:\/\/blog.cofb.cat\/blog\/2024\/01\/24\/novembre-i-desembre-la-recepta-electronica-privada-la-inauguracio-del-programa-de-formacio-continuada-i-el-desabastiment-de-medicaments-temes-mes-destacats-als-mitjans\/\" target=\"_blank\" rel=\"noreferrer noopener\">Novembre i desembre: la recepta electr\u00f2nica privada, la inauguraci\u00f3 del programa de formaci\u00f3 continuada i el desabastiment de medicaments, temes m\u00e9s destacats als mitjans (Gener 2024)<\/a><\/li>\n<\/ul>\n","protected":false},"excerpt":{"rendered":"<p>Campanya \u201cJo t\u2019ajudo a respirar, tu m\u2019ajudes a reciclar\u201d Al maig, el Col\u00b7legi de Farmac\u00e8utics de Barcelona (COFB), juntament amb AstraZeneca, va posar en marxa la campanya \u201cJo t\u2019ajudo a respirar, tu m\u2019ajudes a reciclar\u201d, amb l\u2019objectiu de promoure l\u2019\u00fas correcte dels inhaladors aix\u00ed com el seu bon reciclatge. Nom\u00e9s [&hellip;]<\/p>\n","protected":false},"author":5,"featured_media":79059,"comment_status":"closed","ping_status":"closed","sticky":false,"template":"","format":"standard","meta":{"_uag_custom_page_level_css":"","site-sidebar-layout":"default","site-content-layout":"","ast-site-content-layout":"default","site-content-style":"default","site-sidebar-style":"default","ast-global-header-display":"","ast-banner-title-visibility":"","ast-main-header-display":"","ast-hfb-above-header-display":"","ast-hfb-below-header-display":"","ast-hfb-mobile-header-display":"","site-post-title":"","ast-breadcrumbs-content":"","ast-featured-img":"disabled","footer-sml-layout":"","theme-transparent-header-meta":"","adv-header-id-meta":"","stick-header-meta":"","header-above-stick-meta":"","header-main-stick-meta":"","header-below-stick-meta":"","astra-migrate-meta-layouts":"set","ast-page-background-enabled":"default","ast-page-background-meta":{"desktop":{"background-color":"var(--ast-global-color-4)","background-image":"","background-repeat":"repeat","background-position":"center center","background-size":"auto","background-attachment":"scroll","background-type":"","background-media":"","overlay-type":"","overlay-color":"","overlay-opacity":"","overlay-gradient":""},"tablet":{"background-color":"","background-image":"","background-repeat":"repeat","background-position":"center center","background-size":"auto","background-attachment":"scroll","background-type":"","background-media":"","overlay-type":"","overlay-color":"","overlay-opacity":"","overlay-gradient":""},"mobile":{"background-color":"","background-image":"","background-repeat":"repeat","background-position":"center center","background-size":"auto","background-attachment":"scroll","background-type":"","background-media":"","overlay-type":"","overlay-color":"","overlay-opacity":"","overlay-gradient":""}},"ast-content-background-meta":{"desktop":{"background-color":"var(--ast-global-color-5)","background-image":"","background-repeat":"repeat","background-position":"center center","background-size":"auto","background-attachment":"scroll","background-type":"","background-media":"","overlay-type":"","overlay-color":"","overlay-opacity":"","overlay-gradient":""},"tablet":{"background-color":"var(--ast-global-color-5)","background-image":"","background-repeat":"repeat","background-position":"center center","background-size":"auto","background-attachment":"scroll","background-type":"","background-media":"","overlay-type":"","overlay-color":"","overlay-opacity":"","overlay-gradient":""},"mobile":{"background-color":"var(--ast-global-color-5)","background-image":"","background-repeat":"repeat","background-position":"center center","background-size":"auto","background-attachment":"scroll","background-type":"","background-media":"","overlay-type":"","overlay-color":"","overlay-opacity":"","overlay-gradient":""}},"footnotes":""},"categories":[23,32],"tags":[792,5079,2689,18,19,310,443,4735,53,68,69,70,2153,1001,418,76,33,136,2982,5078],"class_list":["post-78889","post","type-post","status-publish","format-standard","has-post-thumbnail","hentry","category-destacats","category-noticies-farmacia","tag-agora-sanitaria-4","tag-bosses-orina","tag-cercle-de-salut","tag-cofb","tag-collegi-de-farmaceutics-de-barcelona","tag-cribatge-de-cancer-de-colon","tag-dermocosmetica","tag-equitat-menstrual","tag-farmaceutics","tag-farmacia","tag-farmacia-comunitaria","tag-formacio","tag-homeopatia","tag-inhaladors","tag-junta-de-govern-del-cofb","tag-oficina-de-farmacia","tag-ozempic","tag-programa-de-cessacio-tabaquica","tag-programa-de-manteniment-amb-metadona","tag-retinol"],"yoast_head":"<!-- This site is optimized with the Yoast SEO plugin v22.4 - https:\/\/yoast.com\/wordpress\/plugins\/seo\/ -->\n<title>Maig i juny: La campanya \u201cJo t\u2019ajudo a respirar, tu m\u2019ajudes a reciclar\u201d, la presa de possessi\u00f3 de la nova Junta de Govern i els serveis per a la poblaci\u00f3, temes m\u00e9s destacats als mitjans - Col\u00b7legi de Farmac\u00e8utics de Barcelona<\/title>\n<meta name=\"description\" content=\"Maig i juny: La campanya \u201cJo t\u2019ajudo a respirar, tu m\u2019ajudes a reciclar\u201d, la presa de possessi\u00f3 de la nova Junta de Govern i el consell farmac\u00e8utic en el programa \u201cFet a mida\u201d temes m\u00e9s destacats als mitjans\" \/>\n<meta name=\"robots\" content=\"index, follow, max-snippet:-1, max-image-preview:large, max-video-preview:-1\" \/>\n<link rel=\"canonical\" href=\"https:\/\/www.cofb.org\/ca\/2024\/07\/19\/maig-i-juny-la-campanya-jo-tajudo-a-respirar-tu-majudes-a-reciclar-la-presa-de-possessio-de-la-nova-junta-de-govern-i-els-serveis-per-a-la-poblacio-temes-mes-de\/\" \/>\n<meta property=\"og:locale\" content=\"ca_ES\" \/>\n<meta property=\"og:type\" content=\"article\" \/>\n<meta property=\"og:title\" content=\"Maig i juny: La campanya \u201cJo t\u2019ajudo a respirar, tu m\u2019ajudes a reciclar\u201d, la presa de possessi\u00f3 de la nova Junta de Govern i els serveis per a la poblaci\u00f3, temes m\u00e9s destacats als mitjans - Col\u00b7legi de Farmac\u00e8utics de Barcelona\" \/>\n<meta property=\"og:description\" content=\"Maig i juny: La campanya \u201cJo t\u2019ajudo a respirar, tu m\u2019ajudes a reciclar\u201d, la presa de possessi\u00f3 de la nova Junta de Govern i el consell farmac\u00e8utic en el programa \u201cFet a mida\u201d temes m\u00e9s destacats als mitjans\" \/>\n<meta property=\"og:url\" content=\"https:\/\/www.cofb.org\/ca\/2024\/07\/19\/maig-i-juny-la-campanya-jo-tajudo-a-respirar-tu-majudes-a-reciclar-la-presa-de-possessio-de-la-nova-junta-de-govern-i-els-serveis-per-a-la-poblacio-temes-mes-de\/\" \/>\n<meta property=\"og:site_name\" content=\"Col\u00b7legi de Farmac\u00e8utics de Barcelona\" \/>\n<meta property=\"article:publisher\" content=\"https:\/\/www.facebook.com\/farmaceuticsbcn\/\" \/>\n<meta property=\"article:published_time\" content=\"2024-07-19T17:32:00+00:00\" \/>\n<meta property=\"article:modified_time\" content=\"2024-08-14T10:45:25+00:00\" \/>\n<meta property=\"og:image\" content=\"https:\/\/www.cofb.org\/wp-content\/uploads\/2024\/07\/COFB_RECULLMITJANS_19072024_DESTACADA.png\" \/>\n\t<meta property=\"og:image:width\" content=\"1170\" \/>\n\t<meta property=\"og:image:height\" content=\"580\" \/>\n\t<meta property=\"og:image:type\" content=\"image\/png\" \/>\n<meta name=\"author\" content=\"Estudiant Pr\u00e0ctiques\" \/>\n<meta name=\"twitter:card\" content=\"summary_large_image\" \/>\n<meta name=\"twitter:creator\" content=\"@farmaceuticsbcn\" \/>\n<meta name=\"twitter:site\" content=\"@farmaceuticsbcn\" \/>\n<meta name=\"twitter:label1\" content=\"Escrit per\" \/>\n\t<meta name=\"twitter:data1\" content=\"Estudiant Pr\u00e0ctiques\" \/>\n\t<meta name=\"twitter:label2\" content=\"Temps estimat de lectura\" \/>\n\t<meta name=\"twitter:data2\" content=\"17 minuts\" \/>\n<script type=\"application\/ld+json\" class=\"yoast-schema-graph\">{\"@context\":\"https:\/\/schema.org\",\"@graph\":[{\"@type\":\"Article\",\"@id\":\"https:\/\/www.cofb.org\/2024\/07\/19\/maig-i-juny-la-campanya-jo-tajudo-a-respirar-tu-majudes-a-reciclar-la-presa-de-possessio-de-la-nova-junta-de-govern-i-els-serveis-per-a-la-poblacio-temes-mes-de\/#article\",\"isPartOf\":{\"@id\":\"https:\/\/www.cofb.org\/2024\/07\/19\/maig-i-juny-la-campanya-jo-tajudo-a-respirar-tu-majudes-a-reciclar-la-presa-de-possessio-de-la-nova-junta-de-govern-i-els-serveis-per-a-la-poblacio-temes-mes-de\/\"},\"author\":{\"name\":\"Estudiant Pr\u00e0ctiques\",\"@id\":\"https:\/\/www.cofb.org\/#\/schema\/person\/99e9bc28975885f060a92189e894a01d\"},\"headline\":\"Maig i juny: La campanya \u201cJo t\u2019ajudo a respirar, tu m\u2019ajudes a reciclar\u201d, la presa de possessi\u00f3 de la nova Junta de Govern i els serveis per a la poblaci\u00f3, temes m\u00e9s destacats als mitjans\",\"datePublished\":\"2024-07-19T17:32:00+00:00\",\"dateModified\":\"2024-08-14T10:45:25+00:00\",\"mainEntityOfPage\":{\"@id\":\"https:\/\/www.cofb.org\/2024\/07\/19\/maig-i-juny-la-campanya-jo-tajudo-a-respirar-tu-majudes-a-reciclar-la-presa-de-possessio-de-la-nova-junta-de-govern-i-els-serveis-per-a-la-poblacio-temes-mes-de\/\"},\"wordCount\":2923,\"publisher\":{\"@id\":\"https:\/\/www.cofb.org\/#organization\"},\"image\":{\"@id\":\"https:\/\/www.cofb.org\/2024\/07\/19\/maig-i-juny-la-campanya-jo-tajudo-a-respirar-tu-majudes-a-reciclar-la-presa-de-possessio-de-la-nova-junta-de-govern-i-els-serveis-per-a-la-poblacio-temes-mes-de\/#primaryimage\"},\"thumbnailUrl\":\"https:\/\/www.cofb.org\/wp-content\/uploads\/2024\/07\/COFB_RECULLMITJANS_19072024_DESTACADA.png\",\"keywords\":[\"\u00e0gora sanit\u00e0ria\",\"bosses orina\",\"cercle de salut\",\"COFB\",\"Col\u00b7legi de Farmac\u00e8utics de Barcelona\",\"cribatge de c\u00e0ncer de c\u00f2lon\",\"dermocosm\u00e8tica\",\"equitat menstrual\",\"farmac\u00e8utics\",\"Farm\u00e0cia\",\"farm\u00e0cia comunit\u00e0ria\",\"Formaci\u00f3\",\"Homeopatia\",\"inhaladors\",\"Junta de Govern del COFB\",\"Oficina de farm\u00e0cia\",\"ozempic\",\"Programa de cessaci\u00f3 tab\u00e0quica\",\"programa de manteniment amb metadona\",\"retinol\"],\"articleSection\":[\"Destacats\",\"Not\u00edcies farm\u00e0cia\"],\"inLanguage\":\"ca\"},{\"@type\":\"WebPage\",\"@id\":\"https:\/\/www.cofb.org\/2024\/07\/19\/maig-i-juny-la-campanya-jo-tajudo-a-respirar-tu-majudes-a-reciclar-la-presa-de-possessio-de-la-nova-junta-de-govern-i-els-serveis-per-a-la-poblacio-temes-mes-de\/\",\"url\":\"https:\/\/www.cofb.org\/2024\/07\/19\/maig-i-juny-la-campanya-jo-tajudo-a-respirar-tu-majudes-a-reciclar-la-presa-de-possessio-de-la-nova-junta-de-govern-i-els-serveis-per-a-la-poblacio-temes-mes-de\/\",\"name\":\"Maig i juny: La campanya \u201cJo t\u2019ajudo a respirar, tu m\u2019ajudes a reciclar\u201d, la presa de possessi\u00f3 de la nova Junta de Govern i els serveis per a la poblaci\u00f3, temes m\u00e9s destacats als mitjans - Col\u00b7legi de Farmac\u00e8utics de Barcelona\",\"isPartOf\":{\"@id\":\"https:\/\/www.cofb.org\/#website\"},\"primaryImageOfPage\":{\"@id\":\"https:\/\/www.cofb.org\/2024\/07\/19\/maig-i-juny-la-campanya-jo-tajudo-a-respirar-tu-majudes-a-reciclar-la-presa-de-possessio-de-la-nova-junta-de-govern-i-els-serveis-per-a-la-poblacio-temes-mes-de\/#primaryimage\"},\"image\":{\"@id\":\"https:\/\/www.cofb.org\/2024\/07\/19\/maig-i-juny-la-campanya-jo-tajudo-a-respirar-tu-majudes-a-reciclar-la-presa-de-possessio-de-la-nova-junta-de-govern-i-els-serveis-per-a-la-poblacio-temes-mes-de\/#primaryimage\"},\"thumbnailUrl\":\"https:\/\/www.cofb.org\/wp-content\/uploads\/2024\/07\/COFB_RECULLMITJANS_19072024_DESTACADA.png\",\"datePublished\":\"2024-07-19T17:32:00+00:00\",\"dateModified\":\"2024-08-14T10:45:25+00:00\",\"description\":\"Maig i juny: La campanya \u201cJo t\u2019ajudo a respirar, tu m\u2019ajudes a reciclar\u201d, la presa de possessi\u00f3 de la nova Junta de Govern i el consell farmac\u00e8utic en el programa \u201cFet a mida\u201d temes m\u00e9s destacats als mitjans\",\"breadcrumb\":{\"@id\":\"https:\/\/www.cofb.org\/2024\/07\/19\/maig-i-juny-la-campanya-jo-tajudo-a-respirar-tu-majudes-a-reciclar-la-presa-de-possessio-de-la-nova-junta-de-govern-i-els-serveis-per-a-la-poblacio-temes-mes-de\/#breadcrumb\"},\"inLanguage\":\"ca\",\"potentialAction\":[{\"@type\":\"ReadAction\",\"target\":[\"https:\/\/www.cofb.org\/2024\/07\/19\/maig-i-juny-la-campanya-jo-tajudo-a-respirar-tu-majudes-a-reciclar-la-presa-de-possessio-de-la-nova-junta-de-govern-i-els-serveis-per-a-la-poblacio-temes-mes-de\/\"]}]},{\"@type\":\"ImageObject\",\"inLanguage\":\"ca\",\"@id\":\"https:\/\/www.cofb.org\/2024\/07\/19\/maig-i-juny-la-campanya-jo-tajudo-a-respirar-tu-majudes-a-reciclar-la-presa-de-possessio-de-la-nova-junta-de-govern-i-els-serveis-per-a-la-poblacio-temes-mes-de\/#primaryimage\",\"url\":\"https:\/\/www.cofb.org\/wp-content\/uploads\/2024\/07\/COFB_RECULLMITJANS_19072024_DESTACADA.png\",\"contentUrl\":\"https:\/\/www.cofb.org\/wp-content\/uploads\/2024\/07\/COFB_RECULLMITJANS_19072024_DESTACADA.png\",\"width\":1170,\"height\":580},{\"@type\":\"BreadcrumbList\",\"@id\":\"https:\/\/www.cofb.org\/2024\/07\/19\/maig-i-juny-la-campanya-jo-tajudo-a-respirar-tu-majudes-a-reciclar-la-presa-de-possessio-de-la-nova-junta-de-govern-i-els-serveis-per-a-la-poblacio-temes-mes-de\/#breadcrumb\",\"itemListElement\":[{\"@type\":\"ListItem\",\"position\":1,\"name\":\"Inici\",\"item\":\"https:\/\/novaorg.cofb.net\/\"},{\"@type\":\"ListItem\",\"position\":2,\"name\":\"Maig i juny: La campanya \u201cJo t\u2019ajudo a respirar, tu m\u2019ajudes a reciclar\u201d, la presa de possessi\u00f3 de la nova Junta de Govern i els serveis per a la poblaci\u00f3, temes m\u00e9s destacats als mitjans\"}]},{\"@type\":\"WebSite\",\"@id\":\"https:\/\/www.cofb.org\/#website\",\"url\":\"https:\/\/www.cofb.org\/\",\"name\":\"Col\u00b7legi de Farmac\u00e8utics de Barcelona\",\"description\":\"\",\"publisher\":{\"@id\":\"https:\/\/www.cofb.org\/#organization\"},\"potentialAction\":[{\"@type\":\"SearchAction\",\"target\":{\"@type\":\"EntryPoint\",\"urlTemplate\":\"https:\/\/www.cofb.org\/?s={search_term_string}\"},\"query-input\":\"required name=search_term_string\"}],\"inLanguage\":\"ca\"},{\"@type\":\"Organization\",\"@id\":\"https:\/\/www.cofb.org\/#organization\",\"name\":\"Col\u00b7legi de Farmac\u00e8utics de Barcelona\",\"url\":\"https:\/\/www.cofb.org\/\",\"logo\":{\"@type\":\"ImageObject\",\"inLanguage\":\"ca\",\"@id\":\"https:\/\/www.cofb.org\/#\/schema\/logo\/image\/\",\"url\":\"https:\/\/www.cofb.org\/wp-content\/uploads\/2023\/11\/cropped-Logotip-COFB.png\",\"contentUrl\":\"https:\/\/www.cofb.org\/wp-content\/uploads\/2023\/11\/cropped-Logotip-COFB.png\",\"width\":500,\"height\":105,\"caption\":\"Col\u00b7legi de Farmac\u00e8utics de Barcelona\"},\"image\":{\"@id\":\"https:\/\/www.cofb.org\/#\/schema\/logo\/image\/\"},\"sameAs\":[\"https:\/\/www.facebook.com\/farmaceuticsbcn\/\",\"https:\/\/twitter.com\/farmaceuticsbcn\",\"https:\/\/www.instagram.com\/farmaceuticsbcn\/\",\"https:\/\/www.linkedin.com\/company\/farmaceuticsbcn\/\"]},{\"@type\":\"Person\",\"@id\":\"https:\/\/www.cofb.org\/#\/schema\/person\/99e9bc28975885f060a92189e894a01d\",\"name\":\"Estudiant Pr\u00e0ctiques\",\"image\":{\"@type\":\"ImageObject\",\"inLanguage\":\"ca\",\"@id\":\"https:\/\/www.cofb.org\/#\/schema\/person\/image\/\",\"url\":\"https:\/\/secure.gravatar.com\/avatar\/7a986f41071b85040b29d61df94af01cc4b13f499f7f058cee1c4c2f5356fe10?s=96&d=mm&r=g\",\"contentUrl\":\"https:\/\/secure.gravatar.com\/avatar\/7a986f41071b85040b29d61df94af01cc4b13f499f7f058cee1c4c2f5356fe10?s=96&d=mm&r=g\",\"caption\":\"Estudiant Pr\u00e0ctiques\"},\"url\":\"https:\/\/www.cofb.org\/ca\/author\/premsa\/\"}]}<\/script>\n<!-- \/ Yoast SEO plugin. -->","yoast_head_json":{"title":"Maig i juny: La campanya \u201cJo t\u2019ajudo a respirar, tu m\u2019ajudes a reciclar\u201d, la presa de possessi\u00f3 de la nova Junta de Govern i els serveis per a la poblaci\u00f3, temes m\u00e9s destacats als mitjans - Col\u00b7legi de Farmac\u00e8utics de Barcelona","description":"Maig i juny: La campanya \u201cJo t\u2019ajudo a respirar, tu m\u2019ajudes a reciclar\u201d, la presa de possessi\u00f3 de la nova Junta de Govern i el consell farmac\u00e8utic en el programa \u201cFet a mida\u201d temes m\u00e9s destacats als mitjans","robots":{"index":"index","follow":"follow","max-snippet":"max-snippet:-1","max-image-preview":"max-image-preview:large","max-video-preview":"max-video-preview:-1"},"canonical":"https:\/\/www.cofb.org\/ca\/2024\/07\/19\/maig-i-juny-la-campanya-jo-tajudo-a-respirar-tu-majudes-a-reciclar-la-presa-de-possessio-de-la-nova-junta-de-govern-i-els-serveis-per-a-la-poblacio-temes-mes-de\/","og_locale":"ca_ES","og_type":"article","og_title":"Maig i juny: La campanya \u201cJo t\u2019ajudo a respirar, tu m\u2019ajudes a reciclar\u201d, la presa de possessi\u00f3 de la nova Junta de Govern i els serveis per a la poblaci\u00f3, temes m\u00e9s destacats als mitjans - Col\u00b7legi de Farmac\u00e8utics de Barcelona","og_description":"Maig i juny: La campanya \u201cJo t\u2019ajudo a respirar, tu m\u2019ajudes a reciclar\u201d, la presa de possessi\u00f3 de la nova Junta de Govern i el consell farmac\u00e8utic en el programa \u201cFet a mida\u201d temes m\u00e9s destacats als mitjans","og_url":"https:\/\/www.cofb.org\/ca\/2024\/07\/19\/maig-i-juny-la-campanya-jo-tajudo-a-respirar-tu-majudes-a-reciclar-la-presa-de-possessio-de-la-nova-junta-de-govern-i-els-serveis-per-a-la-poblacio-temes-mes-de\/","og_site_name":"Col\u00b7legi de Farmac\u00e8utics de Barcelona","article_publisher":"https:\/\/www.facebook.com\/farmaceuticsbcn\/","article_published_time":"2024-07-19T17:32:00+00:00","article_modified_time":"2024-08-14T10:45:25+00:00","og_image":[{"width":1170,"height":580,"url":"https:\/\/www.cofb.org\/wp-content\/uploads\/2024\/07\/COFB_RECULLMITJANS_19072024_DESTACADA.png","type":"image\/png"}],"author":"Estudiant Pr\u00e0ctiques","twitter_card":"summary_large_image","twitter_creator":"@farmaceuticsbcn","twitter_site":"@farmaceuticsbcn","twitter_misc":{"Escrit per":"Estudiant Pr\u00e0ctiques","Temps estimat de lectura":"17 minuts"},"schema":{"@context":"https:\/\/schema.org","@graph":[{"@type":"Article","@id":"https:\/\/www.cofb.org\/2024\/07\/19\/maig-i-juny-la-campanya-jo-tajudo-a-respirar-tu-majudes-a-reciclar-la-presa-de-possessio-de-la-nova-junta-de-govern-i-els-serveis-per-a-la-poblacio-temes-mes-de\/#article","isPartOf":{"@id":"https:\/\/www.cofb.org\/2024\/07\/19\/maig-i-juny-la-campanya-jo-tajudo-a-respirar-tu-majudes-a-reciclar-la-presa-de-possessio-de-la-nova-junta-de-govern-i-els-serveis-per-a-la-poblacio-temes-mes-de\/"},"author":{"name":"Estudiant Pr\u00e0ctiques","@id":"https:\/\/www.cofb.org\/#\/schema\/person\/99e9bc28975885f060a92189e894a01d"},"headline":"Maig i juny: La campanya \u201cJo t\u2019ajudo a respirar, tu m\u2019ajudes a reciclar\u201d, la presa de possessi\u00f3 de la nova Junta de Govern i els serveis per a la poblaci\u00f3, temes m\u00e9s destacats als mitjans","datePublished":"2024-07-19T17:32:00+00:00","dateModified":"2024-08-14T10:45:25+00:00","mainEntityOfPage":{"@id":"https:\/\/www.cofb.org\/2024\/07\/19\/maig-i-juny-la-campanya-jo-tajudo-a-respirar-tu-majudes-a-reciclar-la-presa-de-possessio-de-la-nova-junta-de-govern-i-els-serveis-per-a-la-poblacio-temes-mes-de\/"},"wordCount":2923,"publisher":{"@id":"https:\/\/www.cofb.org\/#organization"},"image":{"@id":"https:\/\/www.cofb.org\/2024\/07\/19\/maig-i-juny-la-campanya-jo-tajudo-a-respirar-tu-majudes-a-reciclar-la-presa-de-possessio-de-la-nova-junta-de-govern-i-els-serveis-per-a-la-poblacio-temes-mes-de\/#primaryimage"},"thumbnailUrl":"https:\/\/www.cofb.org\/wp-content\/uploads\/2024\/07\/COFB_RECULLMITJANS_19072024_DESTACADA.png","keywords":["\u00e0gora sanit\u00e0ria","bosses orina","cercle de salut","COFB","Col\u00b7legi de Farmac\u00e8utics de Barcelona","cribatge de c\u00e0ncer de c\u00f2lon","dermocosm\u00e8tica","equitat menstrual","farmac\u00e8utics","Farm\u00e0cia","farm\u00e0cia comunit\u00e0ria","Formaci\u00f3","Homeopatia","inhaladors","Junta de Govern del COFB","Oficina de farm\u00e0cia","ozempic","Programa de cessaci\u00f3 tab\u00e0quica","programa de manteniment amb metadona","retinol"],"articleSection":["Destacats","Not\u00edcies farm\u00e0cia"],"inLanguage":"ca"},{"@type":"WebPage","@id":"https:\/\/www.cofb.org\/2024\/07\/19\/maig-i-juny-la-campanya-jo-tajudo-a-respirar-tu-majudes-a-reciclar-la-presa-de-possessio-de-la-nova-junta-de-govern-i-els-serveis-per-a-la-poblacio-temes-mes-de\/","url":"https:\/\/www.cofb.org\/2024\/07\/19\/maig-i-juny-la-campanya-jo-tajudo-a-respirar-tu-majudes-a-reciclar-la-presa-de-possessio-de-la-nova-junta-de-govern-i-els-serveis-per-a-la-poblacio-temes-mes-de\/","name":"Maig i juny: La campanya \u201cJo t\u2019ajudo a respirar, tu m\u2019ajudes a reciclar\u201d, la presa de possessi\u00f3 de la nova Junta de Govern i els serveis per a la poblaci\u00f3, temes m\u00e9s destacats als mitjans - Col\u00b7legi de Farmac\u00e8utics de Barcelona","isPartOf":{"@id":"https:\/\/www.cofb.org\/#website"},"primaryImageOfPage":{"@id":"https:\/\/www.cofb.org\/2024\/07\/19\/maig-i-juny-la-campanya-jo-tajudo-a-respirar-tu-majudes-a-reciclar-la-presa-de-possessio-de-la-nova-junta-de-govern-i-els-serveis-per-a-la-poblacio-temes-mes-de\/#primaryimage"},"image":{"@id":"https:\/\/www.cofb.org\/2024\/07\/19\/maig-i-juny-la-campanya-jo-tajudo-a-respirar-tu-majudes-a-reciclar-la-presa-de-possessio-de-la-nova-junta-de-govern-i-els-serveis-per-a-la-poblacio-temes-mes-de\/#primaryimage"},"thumbnailUrl":"https:\/\/www.cofb.org\/wp-content\/uploads\/2024\/07\/COFB_RECULLMITJANS_19072024_DESTACADA.png","datePublished":"2024-07-19T17:32:00+00:00","dateModified":"2024-08-14T10:45:25+00:00","description":"Maig i juny: La campanya \u201cJo t\u2019ajudo a respirar, tu m\u2019ajudes a reciclar\u201d, la presa de possessi\u00f3 de la nova Junta de Govern i el consell farmac\u00e8utic en el programa \u201cFet a mida\u201d temes m\u00e9s destacats als mitjans","breadcrumb":{"@id":"https:\/\/www.cofb.org\/2024\/07\/19\/maig-i-juny-la-campanya-jo-tajudo-a-respirar-tu-majudes-a-reciclar-la-presa-de-possessio-de-la-nova-junta-de-govern-i-els-serveis-per-a-la-poblacio-temes-mes-de\/#breadcrumb"},"inLanguage":"ca","potentialAction":[{"@type":"ReadAction","target":["https:\/\/www.cofb.org\/2024\/07\/19\/maig-i-juny-la-campanya-jo-tajudo-a-respirar-tu-majudes-a-reciclar-la-presa-de-possessio-de-la-nova-junta-de-govern-i-els-serveis-per-a-la-poblacio-temes-mes-de\/"]}]},{"@type":"ImageObject","inLanguage":"ca","@id":"https:\/\/www.cofb.org\/2024\/07\/19\/maig-i-juny-la-campanya-jo-tajudo-a-respirar-tu-majudes-a-reciclar-la-presa-de-possessio-de-la-nova-junta-de-govern-i-els-serveis-per-a-la-poblacio-temes-mes-de\/#primaryimage","url":"https:\/\/www.cofb.org\/wp-content\/uploads\/2024\/07\/COFB_RECULLMITJANS_19072024_DESTACADA.png","contentUrl":"https:\/\/www.cofb.org\/wp-content\/uploads\/2024\/07\/COFB_RECULLMITJANS_19072024_DESTACADA.png","width":1170,"height":580},{"@type":"BreadcrumbList","@id":"https:\/\/www.cofb.org\/2024\/07\/19\/maig-i-juny-la-campanya-jo-tajudo-a-respirar-tu-majudes-a-reciclar-la-presa-de-possessio-de-la-nova-junta-de-govern-i-els-serveis-per-a-la-poblacio-temes-mes-de\/#breadcrumb","itemListElement":[{"@type":"ListItem","position":1,"name":"Inici","item":"https:\/\/novaorg.cofb.net\/"},{"@type":"ListItem","position":2,"name":"Maig i juny: La campanya \u201cJo t\u2019ajudo a respirar, tu m\u2019ajudes a reciclar\u201d, la presa de possessi\u00f3 de la nova Junta de Govern i els serveis per a la poblaci\u00f3, temes m\u00e9s destacats als mitjans"}]},{"@type":"WebSite","@id":"https:\/\/www.cofb.org\/#website","url":"https:\/\/www.cofb.org\/","name":"Col\u00b7legi de Farmac\u00e8utics de Barcelona","description":"","publisher":{"@id":"https:\/\/www.cofb.org\/#organization"},"potentialAction":[{"@type":"SearchAction","target":{"@type":"EntryPoint","urlTemplate":"https:\/\/www.cofb.org\/?s={search_term_string}"},"query-input":"required name=search_term_string"}],"inLanguage":"ca"},{"@type":"Organization","@id":"https:\/\/www.cofb.org\/#organization","name":"Col\u00b7legi de Farmac\u00e8utics de Barcelona","url":"https:\/\/www.cofb.org\/","logo":{"@type":"ImageObject","inLanguage":"ca","@id":"https:\/\/www.cofb.org\/#\/schema\/logo\/image\/","url":"https:\/\/www.cofb.org\/wp-content\/uploads\/2023\/11\/cropped-Logotip-COFB.png","contentUrl":"https:\/\/www.cofb.org\/wp-content\/uploads\/2023\/11\/cropped-Logotip-COFB.png","width":500,"height":105,"caption":"Col\u00b7legi de Farmac\u00e8utics de Barcelona"},"image":{"@id":"https:\/\/www.cofb.org\/#\/schema\/logo\/image\/"},"sameAs":["https:\/\/www.facebook.com\/farmaceuticsbcn\/","https:\/\/twitter.com\/farmaceuticsbcn","https:\/\/www.instagram.com\/farmaceuticsbcn\/","https:\/\/www.linkedin.com\/company\/farmaceuticsbcn\/"]},{"@type":"Person","@id":"https:\/\/www.cofb.org\/#\/schema\/person\/99e9bc28975885f060a92189e894a01d","name":"Estudiant Pr\u00e0ctiques","image":{"@type":"ImageObject","inLanguage":"ca","@id":"https:\/\/www.cofb.org\/#\/schema\/person\/image\/","url":"https:\/\/secure.gravatar.com\/avatar\/7a986f41071b85040b29d61df94af01cc4b13f499f7f058cee1c4c2f5356fe10?s=96&d=mm&r=g","contentUrl":"https:\/\/secure.gravatar.com\/avatar\/7a986f41071b85040b29d61df94af01cc4b13f499f7f058cee1c4c2f5356fe10?s=96&d=mm&r=g","caption":"Estudiant Pr\u00e0ctiques"},"url":"https:\/\/www.cofb.org\/ca\/author\/premsa\/"}]}},"uagb_featured_image_src":{"full":["https:\/\/www.cofb.org\/wp-content\/uploads\/2024\/07\/COFB_RECULLMITJANS_19072024_DESTACADA.png",1170,580,false],"thumbnail":["https:\/\/www.cofb.org\/wp-content\/uploads\/2024\/07\/COFB_RECULLMITJANS_19072024_DESTACADA-150x150.png",150,150,true],"medium":["https:\/\/www.cofb.org\/wp-content\/uploads\/2024\/07\/COFB_RECULLMITJANS_19072024_DESTACADA-300x149.png",300,149,true],"medium_large":["https:\/\/www.cofb.org\/wp-content\/uploads\/2024\/07\/COFB_RECULLMITJANS_19072024_DESTACADA-768x381.png",768,381,true],"large":["https:\/\/www.cofb.org\/wp-content\/uploads\/2024\/07\/COFB_RECULLMITJANS_19072024_DESTACADA-1024x508.png",1024,508,true],"1536x1536":["https:\/\/www.cofb.org\/wp-content\/uploads\/2024\/07\/COFB_RECULLMITJANS_19072024_DESTACADA.png",1170,580,false],"2048x2048":["https:\/\/www.cofb.org\/wp-content\/uploads\/2024\/07\/COFB_RECULLMITJANS_19072024_DESTACADA.png",1170,580,false],"trp-custom-language-flag":["https:\/\/www.cofb.org\/wp-content\/uploads\/2024\/07\/COFB_RECULLMITJANS_19072024_DESTACADA-18x9.png",18,9,true]},"uagb_author_info":{"display_name":"Estudiant Pr\u00e0ctiques","author_link":"https:\/\/www.cofb.org\/ca\/author\/premsa\/"},"uagb_comment_info":0,"uagb_excerpt":"Campanya \u201cJo t\u2019ajudo a respirar, tu m\u2019ajudes a reciclar\u201d Al maig, el Col\u00b7legi de Farmac\u00e8utics de Barcelona (COFB), juntament amb AstraZeneca, va posar en marxa la campanya \u201cJo t\u2019ajudo a respirar, tu m\u2019ajudes a reciclar\u201d, amb l\u2019objectiu de promoure l\u2019\u00fas correcte dels inhaladors aix\u00ed com el seu bon reciclatge. Nom\u00e9s [&hellip;]","_links":{"self":[{"href":"https:\/\/www.cofb.org\/ca\/wp-json\/wp\/v2\/posts\/78889","targetHints":{"allow":["GET"]}}],"collection":[{"href":"https:\/\/www.cofb.org\/ca\/wp-json\/wp\/v2\/posts"}],"about":[{"href":"https:\/\/www.cofb.org\/ca\/wp-json\/wp\/v2\/types\/post"}],"author":[{"embeddable":true,"href":"https:\/\/www.cofb.org\/ca\/wp-json\/wp\/v2\/users\/5"}],"replies":[{"embeddable":true,"href":"https:\/\/www.cofb.org\/ca\/wp-json\/wp\/v2\/comments?post=78889"}],"version-history":[{"count":84,"href":"https:\/\/www.cofb.org\/ca\/wp-json\/wp\/v2\/posts\/78889\/revisions"}],"predecessor-version":[{"id":82143,"href":"https:\/\/www.cofb.org\/ca\/wp-json\/wp\/v2\/posts\/78889\/revisions\/82143"}],"wp:featuredmedia":[{"embeddable":true,"href":"https:\/\/www.cofb.org\/ca\/wp-json\/wp\/v2\/media\/79059"}],"wp:attachment":[{"href":"https:\/\/www.cofb.org\/ca\/wp-json\/wp\/v2\/media?parent=78889"}],"wp:term":[{"taxonomy":"category","embeddable":true,"href":"https:\/\/www.cofb.org\/ca\/wp-json\/wp\/v2\/categories?post=78889"},{"taxonomy":"post_tag","embeddable":true,"href":"https:\/\/www.cofb.org\/ca\/wp-json\/wp\/v2\/tags?post=78889"}],"curies":[{"name":"wp","href":"https:\/\/api.w.org\/{rel}","templated":true}]}}