{"id":78803,"date":"2024-07-10T13:45:12","date_gmt":"2024-07-10T13:45:12","guid":{"rendered":"https:\/\/www.cofb.org\/?p=78803"},"modified":"2024-07-15T12:35:13","modified_gmt":"2024-07-15T12:35:13","slug":"actualitat-futur-i-canvis-normatius-dels-medicaments-dus-veterinari-a-una-nova-conferencia-celebrada-al-cofb","status":"publish","type":"post","link":"https:\/\/www.cofb.org\/ca\/2024\/07\/10\/actualitat-futur-i-canvis-normatius-dels-medicaments-dus-veterinari-a-una-nova-conferencia-celebrada-al-cofb\/","title":{"rendered":"Actualitat, futur i canvis normatius dels medicaments d\u2019\u00fas veterinari, a una nova confer\u00e8ncia celebrada al COFB"},"content":{"rendered":"\n<p>El passat 4 de juliol, el Col\u00b7legi de Farmac\u00e8utics de Barcelona (COFB) va organitzar la confer\u00e8ncia \u201c<strong>Actualitat i futur dels medicaments d\u2019\u00fas veterinari: Qui prescriu? Qui dispensa?<\/strong>\u201d. La confer\u00e8ncia va ser impartida per <strong>Maria dels \u00c0ngels Calvo<\/strong>, llicenciada i doctora en veterin\u00e0ria i farm\u00e0cia, catedr\u00e0tica de la Sanitat Animal, diplomada en Sanitat, acad\u00e8mica numer\u00e0ria de la Reial Acad\u00e8mia de Medicina de Catalunya, de la de Doctors d\u2019Espanya, de l\u2019Acad\u00e8mia de Veterin\u00e0ria de Catalunya i de la Reial Acad\u00e8mia de Farm\u00e0cia de Catalunya; i per <strong>Lorena Rivera<\/strong>, responsable del Centre d\u2019Informaci\u00f3 del Medicament (CIM) del COFB. La sessi\u00f3 va ser presentada i moderada pel vocal d\u2019Alimentaci\u00f3 i Nutrici\u00f3, <strong>Oscar Llans\u00f3<\/strong>; la vocal 5, <strong>Davinia Comas<\/strong>; i el vocal de Plantes Medicinals i Homeopatia, <strong>Josep Allu\u00e9.<\/strong><\/p>\n\n\n\n<figure class=\"wp-block-image size-large\"><a href=\"https:\/\/www.cofb.org\/wp-content\/uploads\/2024\/07\/COFB_MEDICAMENTS-DUS-VETERINARI_09072024_9-scaled.jpg\" target=\"_blank\" rel=\"noreferrer noopener\"><img fetchpriority=\"high\" decoding=\"async\" width=\"1024\" height=\"576\" src=\"https:\/\/www.cofb.org\/wp-content\/uploads\/2024\/07\/COFB_MEDICAMENTS-DUS-VETERINARI_09072024_9-1024x576.jpg\" alt=\"\" class=\"wp-image-78819\" srcset=\"https:\/\/www.cofb.org\/wp-content\/uploads\/2024\/07\/COFB_MEDICAMENTS-DUS-VETERINARI_09072024_9-1024x576.jpg 1024w, https:\/\/www.cofb.org\/wp-content\/uploads\/2024\/07\/COFB_MEDICAMENTS-DUS-VETERINARI_09072024_9-300x169.jpg 300w, https:\/\/www.cofb.org\/wp-content\/uploads\/2024\/07\/COFB_MEDICAMENTS-DUS-VETERINARI_09072024_9-768x432.jpg 768w, https:\/\/www.cofb.org\/wp-content\/uploads\/2024\/07\/COFB_MEDICAMENTS-DUS-VETERINARI_09072024_9-1536x864.jpg 1536w, https:\/\/www.cofb.org\/wp-content\/uploads\/2024\/07\/COFB_MEDICAMENTS-DUS-VETERINARI_09072024_9-2048x1152.jpg 2048w, https:\/\/www.cofb.org\/wp-content\/uploads\/2024\/07\/COFB_MEDICAMENTS-DUS-VETERINARI_09072024_9-18x10.jpg 18w\" sizes=\"(max-width: 1024px) 100vw, 1024px\" \/><\/a><\/figure>\n\n\n\n<p>El president del Col\u00b7legi, <strong>Jordi Casas<\/strong>, va intervenir a l\u2019inici de la sessi\u00f3 per contextualitzar la confer\u00e8ncia organitzada i compartir amb els assistents els objectius de la sessi\u00f3. Casas va explicar que, arran dels <strong>canvis normatius<\/strong> del <strong>Reial decret sobre els medicaments d\u2019\u00fas veterinari<\/strong>, des del Col\u00b7legi de Farmac\u00e8utics de Barcelona es \u201cvol oferir tota la informaci\u00f3 i resoldre tots els dubtes que han anat sorgint\u201d.<\/p>\n\n\n\n<figure class=\"wp-block-image size-large\"><a href=\"https:\/\/www.cofb.org\/wp-content\/uploads\/2024\/07\/COFB_MEDICAMENTS-DUS-VETERINARI_09072024_1-scaled.jpg\" target=\"_blank\" rel=\"noreferrer noopener\"><img decoding=\"async\" width=\"1024\" height=\"564\" src=\"https:\/\/www.cofb.org\/wp-content\/uploads\/2024\/07\/COFB_MEDICAMENTS-DUS-VETERINARI_09072024_1-1024x564.jpg\" alt=\"Jordi Casas en un moment de la seva intervenci\u00f3 durant la confer\u00e8ncia \u201cActualitat i futur dels medicaments d\u2019\u00fas veterinari: Qui prescriu? Qui dispensa?\u201d.\" class=\"wp-image-78815\" srcset=\"https:\/\/www.cofb.org\/wp-content\/uploads\/2024\/07\/COFB_MEDICAMENTS-DUS-VETERINARI_09072024_1-1024x564.jpg 1024w, https:\/\/www.cofb.org\/wp-content\/uploads\/2024\/07\/COFB_MEDICAMENTS-DUS-VETERINARI_09072024_1-300x165.jpg 300w, https:\/\/www.cofb.org\/wp-content\/uploads\/2024\/07\/COFB_MEDICAMENTS-DUS-VETERINARI_09072024_1-768x423.jpg 768w, https:\/\/www.cofb.org\/wp-content\/uploads\/2024\/07\/COFB_MEDICAMENTS-DUS-VETERINARI_09072024_1-1536x846.jpg 1536w, https:\/\/www.cofb.org\/wp-content\/uploads\/2024\/07\/COFB_MEDICAMENTS-DUS-VETERINARI_09072024_1-2048x1129.jpg 2048w, https:\/\/www.cofb.org\/wp-content\/uploads\/2024\/07\/COFB_MEDICAMENTS-DUS-VETERINARI_09072024_1-18x10.jpg 18w\" sizes=\"(max-width: 1024px) 100vw, 1024px\" \/><\/a><figcaption class=\"wp-element-caption\">Jordi Casas durant la seva intervenci\u00f3 a la confer\u00e8ncia \u201cActualitat i futur dels medicaments d\u2019\u00fas veterinari: Qui prescriu? Qui dispensa?\u201d.<\/figcaption><\/figure>\n\n\n\n<p>En aquest sentit, va comentar que s\u2019han organitzat un seguit de <strong>reunions amb el Col\u00b7legi Oficial de Veterinaris <\/strong>per<strong> \u201cendre\u00e7ar tot el m\u00f3n veterinari de la manera m\u00e9s consensuada possible\u201d<\/strong>. Tanmateix, va posar en valor que una de les l\u00ednies estrat\u00e8giques de la Junta de Govern ha estat crear un <strong>grup de treball<\/strong> <strong>estable,<\/strong> en relaci\u00f3 amb el medicament d\u2019\u00fas veterinari, encap\u00e7alat pel vocal d\u2019Alimentaci\u00f3 i Nutrici\u00f3 del COFB, <strong>Oscar Llans\u00f3<\/strong>.<\/p>\n\n\n\n<p><\/p>\n\n\n\n<div class=\"destacat-blog\">\n\n\n\n<h2 class=\"wp-block-heading\"><strong>Grup de treball sobre medicaments d\u2019\u00fas veterinari<\/strong><\/h2>\n\n\n\n<p>La <strong>Comissi\u00f3 de Formaci\u00f3<\/strong> del Col\u00b7legi de Farmac\u00e8utics de Barcelona (COFB) va crear un nou <strong>grup de treball sobre medicaments d\u2019\u00fas veterinari<\/strong>, el passat mes de juny. El grup de treball <strong>pret\u00e9n donar resposta i suport als farmac\u00e8utics i farmac\u00e8utiques comunit\u00e0ries <\/strong>que <strong>necessiten suport en la normativa <\/strong>i en el <strong>coneixement<\/strong> d&#8217;aquest <strong>grup de f\u00e0rmacs i complements<\/strong>, aix\u00ed com els <strong>medicaments d&#8217;\u00fas hum\u00e0 en veterin\u00e0ria<\/strong>.<\/p>\n\n\n\n<\/div>\n\n\n\n<h2 class=\"wp-block-heading\"><strong>Reial decret sobre els medicaments d\u2019\u00fas veterinari<\/strong><\/h2>\n\n\n\n<p>A continuaci\u00f3, va intervenir <strong>Maria dels \u00c0ngels Calvo<\/strong>, llicenciada i doctora en veterin\u00e0ria i farm\u00e0cia i catedr\u00e0tica de la Sanitat Animal, que va indicar que \u201c<strong>en el present i futur del medicament veterinari<\/strong> \u00e9s fonamental tenir molt clar <strong>qui prescriu<\/strong> i <strong>qui dispensa<\/strong>\u201d. Per tant, va aclarir que, en el cas dels medicaments veterinaris, <strong>qui prescriu \u00e9s el veterinari i qui dispensa \u00e9s el farmac\u00e8utic comunitari<\/strong>.<\/p>\n\n\n\n<p>Calvo va profunditzar en el Reial decret, que va comen\u00e7ar a tenir vig\u00e8ncia l\u2019endem\u00e0 de la seva publicaci\u00f3, el 18 de juliol de 2023, en el qual \u201ces parla clarament de <strong>protecci\u00f3 de la salut p\u00fablica, la sanitat animal i el medi ambient\u201d<\/strong>. En aquest sentit, va apuntar que si ajuntem aquests conceptes i afegim les plantes, \u201crealment el que ens est\u00e0 dient \u00e9s <strong><em>One Health<\/em><\/strong>, <strong>una sola salut<\/strong>, una <strong>salut generalitzada<\/strong> que \u00e9s el que, entre tots, pretenem arribar a aconseguir\u201d. I, per tant, \u201c<strong>una sola salut ens implica a tots i a tota mena de professions<\/strong>\u201d, va assegurar.<\/p>\n\n\n\n<div class=\"wp-block-group is-layout-constrained wp-block-group-is-layout-constrained\"><div class=\"wp-block-uagb-faq uagb-faq__outer-wrap uagb-block-60f0c354 uagb-faq-icon-row uagb-faq-layout-accordion uagb-faq-expand-first-true uagb-faq-inactive-other-true uagb-faq__wrap uagb-buttons-layout-wrap uagb-faq-equal-height     \" data-faqtoggle=\"true\" role=\"tablist\"><div class=\"wp-block-uagb-faq-child uagb-faq-child__outer-wrap uagb-faq-item uagb-block-309a4e62 \" role=\"tab\" tabindex=\"0\"><div class=\"uagb-faq-questions-button uagb-faq-questions\">\t\t\t<span class=\"uagb-icon uagb-faq-icon-wrap\">\n\t\t\t\t\t\t\t\t<svg xmlns=\"https:\/\/www.w3.org\/2000\/svg\" viewBox= \"0 0 448 512\"><path d=\"M432 256c0 17.69-14.33 32.01-32 32.01H256v144c0 17.69-14.33 31.99-32 31.99s-32-14.3-32-31.99v-144H48c-17.67 0-32-14.32-32-32.01s14.33-31.99 32-31.99H192v-144c0-17.69 14.33-32.01 32-32.01s32 14.32 32 32.01v144h144C417.7 224 432 238.3 432 256z\"><\/path><\/svg>\n\t\t\t\t\t\t\t<\/span>\n\t\t\t\t\t\t<span class=\"uagb-icon-active uagb-faq-icon-wrap\">\n\t\t\t\t\t\t\t\t<svg xmlns=\"https:\/\/www.w3.org\/2000\/svg\" viewBox= \"0 0 448 512\"><path d=\"M400 288h-352c-17.69 0-32-14.32-32-32.01s14.31-31.99 32-31.99h352c17.69 0 32 14.3 32 31.99S417.7 288 400 288z\"><\/path><\/svg>\n\t\t\t\t\t\t\t<\/span>\n\t\t\t<span class=\"uagb-question\"><strong>Reial decret 666\/2023<\/strong><\/span><\/div><div class=\"uagb-faq-content\"><p>\u201cEl Reial decret 666\/2023, de 18 de juliol, pel qual es regula la distribuci\u00f3, prescripci\u00f3, dispensaci\u00f3 i \u00fas de medicaments veterinaris t\u00e9 com a objectius millorar el mercat, la fabricaci\u00f3, la importaci\u00f3 i l\u2019exportaci\u00f3, el subministrament, la distribuci\u00f3, la farmacovigil\u00e0ncia, el control i l\u2019\u00fas dels medicaments veterinaris, garantint el m\u00e9s alt nivell de protecci\u00f3 de la salut p\u00fablica, la sanitat animal i el medi ambient\u201d.<\/p><\/div><\/div><\/div><\/div>\n\n\n\n<p>Respecte a la <strong>finalitat<\/strong> d\u2019aquesta normativa, la doctora en farm\u00e0cia i veterin\u00e0ria va assenyalar que \u201cpret\u00e9n <strong>incorporar nous requisits<\/strong>, tenint en compte que el Reglament comunitari deixa marge d\u2019acci\u00f3 als estats membres\u201d; alhora, que permet &#8220;<strong>adaptar la normativa nacional a totes les necessitats actuals<\/strong>, <strong>derogant<\/strong>, per tant, <strong>altres normes del mateix rang que havien quedat obsoletes<\/strong>&#8220;. Segons Calvo, el Reial decret t\u00e9 com a principals <strong>objectius<\/strong>: la<strong> lluita contra les resist\u00e8ncies antimicrobianes<\/strong> i la <strong>reducci\u00f3 de la necessitat d\u2019\u00fas dels medicaments antimicrobians<\/strong>. Pel que fa a les resist\u00e8ncies antimicrobianes i a com reduir-les per assolir <strong>l\u2019objectiu el 2030 de reduir les vendes d\u2019antimicrobians un 50%<\/strong>, Maria dels \u00c0ngels Calvo va fer refer\u00e8ncia a diferents estudis que indiquen, per una banda, que <strong>des de la farm\u00e0cia, \u201cel control que s\u2019ha fet de la dispensaci\u00f3 d\u2019antibi\u00f2tics ha tingut efecte fonamental\u201d<\/strong>. Per altra banda, en relaci\u00f3 amb la veterin\u00e0ria, la farmac\u00e8utica i veterin\u00e0ria va destacar la frase <strong>\u201cde la granja a la taula\u201d <\/strong>per recalcar la import\u00e0ncia \u201c<strong>d\u2019assegurar la qualitat de l\u2019aliment i dels animals<\/strong> perqu\u00e8, quan siguin aliment, tinguin la qualitat correcta\u201d.<\/p>\n\n\n\n<figure class=\"wp-block-image size-large\"><a href=\"https:\/\/www.cofb.org\/wp-content\/uploads\/2024\/07\/COFB_MEDICAMENTS-DUS-VETERINARI_09072024_6-scaled.jpg\" target=\"_blank\" rel=\"noreferrer noopener\"><img decoding=\"async\" width=\"1024\" height=\"576\" src=\"https:\/\/www.cofb.org\/wp-content\/uploads\/2024\/07\/COFB_MEDICAMENTS-DUS-VETERINARI_09072024_6-1024x576.jpg\" alt=\"Maria dels \u00c0ngels Calvo en un moment de la seva exposici\u00f3.\" class=\"wp-image-78816\" srcset=\"https:\/\/www.cofb.org\/wp-content\/uploads\/2024\/07\/COFB_MEDICAMENTS-DUS-VETERINARI_09072024_6-1024x576.jpg 1024w, https:\/\/www.cofb.org\/wp-content\/uploads\/2024\/07\/COFB_MEDICAMENTS-DUS-VETERINARI_09072024_6-300x169.jpg 300w, https:\/\/www.cofb.org\/wp-content\/uploads\/2024\/07\/COFB_MEDICAMENTS-DUS-VETERINARI_09072024_6-768x432.jpg 768w, https:\/\/www.cofb.org\/wp-content\/uploads\/2024\/07\/COFB_MEDICAMENTS-DUS-VETERINARI_09072024_6-1536x864.jpg 1536w, https:\/\/www.cofb.org\/wp-content\/uploads\/2024\/07\/COFB_MEDICAMENTS-DUS-VETERINARI_09072024_6-2048x1152.jpg 2048w, https:\/\/www.cofb.org\/wp-content\/uploads\/2024\/07\/COFB_MEDICAMENTS-DUS-VETERINARI_09072024_6-18x10.jpg 18w\" sizes=\"(max-width: 1024px) 100vw, 1024px\" \/><\/a><figcaption class=\"wp-element-caption\">Maria dels \u00c0ngels Calvo en un moment de la seva exposici\u00f3. <\/figcaption><\/figure>\n\n\n\n<p>Alhora, Calvo va exposar que el Reial decret 666\/2023 <strong>completa el marc normatiu en medicaments veterinaris<\/strong>, juntament amb <strong>el reial decret d\u2019\u00fas sostenible d\u2019antibi\u00f2tics<\/strong> i <strong>el reial decret que regula la figura de veterinari d\u2019explotaci\u00f3.<\/strong><\/p>\n\n\n\n<p>Seguidament, la farmac\u00e8utica i veterin\u00e0ria va fer refer\u00e8ncia al concepte <strong>una sola salut<\/strong>, <strong>una salut global<\/strong> o <strong><em>One Health<\/em><\/strong><em>, <\/em>ja que la resist\u00e8ncia als antibi\u00f2tics \u00e9s una de les accions i prioritats a abordar en aquest context. Tamb\u00e9 va mencionar tots els <strong>\u00e0mbits <\/strong>(distribu\u00efdors majoristes, magatzems per contracte, comercials detallistes, entre altres) <strong>que s\u2019inclouen en el Reial decret<\/strong>, va detallar les <strong>autoritzacions dels veterinaris per al seu exercici professional<\/strong> i va fer \u00e8mfasi a un altre dels \u201cgrans problemes\u201d que regula el Reial decret, <strong>\u201cla compravenda a trav\u00e9s d\u2019Internet de productes d\u2019administraci\u00f3 a veterin\u00e0ria\u201d<\/strong>.<\/p>\n\n\n\n<p>Per acabar, la doctora en farm\u00e0cia i veterin\u00e0ria va comentar que \u201c\u00e9s imprescindible un coneixement per part dels farmac\u00e8utics de les <strong>interaccions<\/strong> i els <strong>efectes secundaris dels principis actius dels f\u00e0rmacs<\/strong> i dels <strong>excipients<\/strong> amb relaci\u00f3 a les diverses <strong>esp\u00e8cies d&#8217;animals<\/strong>, aix\u00ed com la <strong>toxicitat de principis actius<\/strong> segons esp\u00e8cies\u201d. En la l\u00ednia del concepte una sola salut, va especificar que s\u2019ha d\u2019aportar<strong> coneixements indispensables \u201cper a una bona dispensaci\u00f3 per part del farmac\u00e8utic rural i d\u2019oficina de farm\u00e0cia o, si escau, la possibilitat de disposar d\u2019una l\u00ednia oberta de consulta amb el Col\u00b7legi de Veterinaris\u201d<\/strong>.<\/p>\n\n\n\n<h2 class=\"wp-block-heading\"><strong>Plataforma Prescrivet 2.0<\/strong><\/h2>\n\n\n\n<p>Tot seguit, va intervenir la responsable del Centre d\u2019Informaci\u00f3 del Medicament (CIM) del COFB, <strong>Lorena Rivera<\/strong>, per parlar sobre el <strong>Prescrivet<\/strong>, la <strong>plataforma que acollir\u00e0 la recepta electr\u00f2nica privada veterin\u00e0ria. <\/strong>Rivera va repassar l\u2019hist\u00f2ric d\u2019aquesta plataforma dissenyada pel Consejo General de Colegios Veterinarios de Espa\u00f1a (CGCPVE) per a la gesti\u00f3 de la recepta electr\u00f2nica privada. L\u2019any 2016, el Consejo General de Colegios Veterinarios de Espa\u00f1a i el Consejo General de Colegios Farmac\u00e9uticos (CGCOF) van signar un <strong>conveni per \u201cintegrar el Prescrivet en el Nodofarma per poder dispensar receptes electr\u00f2niques privades\u201d<\/strong>.<\/p>\n\n\n\n<figure class=\"wp-block-image size-large\"><a href=\"https:\/\/www.cofb.org\/wp-content\/uploads\/2024\/07\/COFB_MEDICAMENTS-DUS-VETERINARI_09072024_10.png\" target=\"_blank\" rel=\"noreferrer noopener\"><img loading=\"lazy\" decoding=\"async\" width=\"1024\" height=\"576\" src=\"https:\/\/www.cofb.org\/wp-content\/uploads\/2024\/07\/COFB_MEDICAMENTS-DUS-VETERINARI_09072024_10-1024x576.png\" alt=\"Lorena Rivera durant la seva presentaci\u00f3 sobre el Prescrivet 2.0.\" class=\"wp-image-78817\" srcset=\"https:\/\/www.cofb.org\/wp-content\/uploads\/2024\/07\/COFB_MEDICAMENTS-DUS-VETERINARI_09072024_10-1024x576.png 1024w, https:\/\/www.cofb.org\/wp-content\/uploads\/2024\/07\/COFB_MEDICAMENTS-DUS-VETERINARI_09072024_10-300x169.png 300w, https:\/\/www.cofb.org\/wp-content\/uploads\/2024\/07\/COFB_MEDICAMENTS-DUS-VETERINARI_09072024_10-768x432.png 768w, https:\/\/www.cofb.org\/wp-content\/uploads\/2024\/07\/COFB_MEDICAMENTS-DUS-VETERINARI_09072024_10-1536x864.png 1536w, https:\/\/www.cofb.org\/wp-content\/uploads\/2024\/07\/COFB_MEDICAMENTS-DUS-VETERINARI_09072024_10-2048x1152.png 2048w, https:\/\/www.cofb.org\/wp-content\/uploads\/2024\/07\/COFB_MEDICAMENTS-DUS-VETERINARI_09072024_10-18x10.png 18w\" sizes=\"(max-width: 1024px) 100vw, 1024px\" \/><\/a><figcaption class=\"wp-element-caption\">Lorena Rivera durant la seva presentaci\u00f3 sobre el Prescrivet 2.0.<\/figcaption><\/figure>\n\n\n\n<p>En l\u2019actualitat, aquest 2024, <strong>el CGCPVE ha millorat el Prescrivet al Prescrivet 2.0<\/strong> i el <strong>CGCOF est\u00e0 adaptant la nova versi\u00f3 per integrar-la a Nodofarma a finals d\u2019any<\/strong>, va indicar Rivera. Quan s\u2019efectu\u00ef aquesta integraci\u00f3, <strong>\u201cs\u2019unificaran totes les vies per accedir a les receptes electr\u00f2niques, tant si s\u00f3n per a \u00fas hum\u00e0 o veterinari\u201d<\/strong> per a totes les farm\u00e0cies comunit\u00e0ries. &nbsp;<\/p>\n\n\n\n<p>Per poder <strong>dispensar les receptes electr\u00f2niques privades<\/strong> fins a l\u2019efectuaci\u00f3 de la integraci\u00f3 de la plataforma, <strong>temporalment<\/strong> <strong>\u201cs\u2019ha d\u2019operar directament a Prescrivet 2.0\u201d. <\/strong>Per aix\u00f2, <strong>\u201cambdues institucions han facilitat l\u2019alta gratu\u00efta temporal a la plataforma\u201d<\/strong>, en aquest sentit, Rivera va detallar com sol\u00b7licitar l\u2019alta i com procedir per a la dispensaci\u00f3 del medicament.<\/p>\n\n\n\n<p>En darrer lloc, la responsable del CIM va recordar que, fins que no s\u2019integri el Prescrivet 2.0 a Nodofarma, <strong>despr\u00e9s d\u2019efectuar una dispensaci\u00f3 d\u2019un medicament a trav\u00e9s del Prescrivet caldr\u00e0 registrar la venda en el Programa de Gesti\u00f3 d\u2019Oficina de Farm\u00e0cia (PGOF)<\/strong>. &nbsp;<\/p>\n","protected":false},"excerpt":{"rendered":"<p>El passat 4 de juliol, el Col\u00b7legi de Farmac\u00e8utics de Barcelona (COFB) va organitzar la confer\u00e8ncia \u201cActualitat i futur dels medicaments d\u2019\u00fas veterinari: Qui prescriu? Qui dispensa?\u201d. La confer\u00e8ncia va ser impartida per Maria dels \u00c0ngels Calvo, llicenciada i doctora en veterin\u00e0ria i farm\u00e0cia, catedr\u00e0tica de la Sanitat Animal, diplomada [&hellip;]<\/p>\n","protected":false},"author":3,"featured_media":78819,"comment_status":"closed","ping_status":"closed","sticky":false,"template":"","format":"standard","meta":{"_uag_custom_page_level_css":"","site-sidebar-layout":"default","site-content-layout":"","ast-site-content-layout":"default","site-content-style":"default","site-sidebar-style":"default","ast-global-header-display":"","ast-banner-title-visibility":"","ast-main-header-display":"","ast-hfb-above-header-display":"","ast-hfb-below-header-display":"","ast-hfb-mobile-header-display":"","site-post-title":"","ast-breadcrumbs-content":"","ast-featured-img":"disabled","footer-sml-layout":"","theme-transparent-header-meta":"","adv-header-id-meta":"","stick-header-meta":"","header-above-stick-meta":"","header-main-stick-meta":"","header-below-stick-meta":"","astra-migrate-meta-layouts":"set","ast-page-background-enabled":"default","ast-page-background-meta":{"desktop":{"background-color":"var(--ast-global-color-4)","background-image":"","background-repeat":"repeat","background-position":"center center","background-size":"auto","background-attachment":"scroll","background-type":"","background-media":"","overlay-type":"","overlay-color":"","overlay-opacity":"","overlay-gradient":""},"tablet":{"background-color":"","background-image":"","background-repeat":"repeat","background-position":"center center","background-size":"auto","background-attachment":"scroll","background-type":"","background-media":"","overlay-type":"","overlay-color":"","overlay-opacity":"","overlay-gradient":""},"mobile":{"background-color":"","background-image":"","background-repeat":"repeat","background-position":"center center","background-size":"auto","background-attachment":"scroll","background-type":"","background-media":"","overlay-type":"","overlay-color":"","overlay-opacity":"","overlay-gradient":""}},"ast-content-background-meta":{"desktop":{"background-color":"var(--ast-global-color-5)","background-image":"","background-repeat":"repeat","background-position":"center center","background-size":"auto","background-attachment":"scroll","background-type":"","background-media":"","overlay-type":"","overlay-color":"","overlay-opacity":"","overlay-gradient":""},"tablet":{"background-color":"var(--ast-global-color-5)","background-image":"","background-repeat":"repeat","background-position":"center center","background-size":"auto","background-attachment":"scroll","background-type":"","background-media":"","overlay-type":"","overlay-color":"","overlay-opacity":"","overlay-gradient":""},"mobile":{"background-color":"var(--ast-global-color-5)","background-image":"","background-repeat":"repeat","background-position":"center center","background-size":"auto","background-attachment":"scroll","background-type":"","background-media":"","overlay-type":"","overlay-color":"","overlay-opacity":"","overlay-gradient":""}},"footnotes":""},"categories":[23,57],"tags":[64,18,19,403,53,68,69,3671,5066,247,5070,5069,335,45,5063,5064,5067,76,4155,5068,5065],"class_list":["post-78803","post","type-post","status-publish","format-standard","has-post-thumbnail","hentry","category-destacats","category-mon-collegial","tag-atencio-farmaceutica","tag-cofb","tag-collegi-de-farmaceutics-de-barcelona","tag-dispensacio","tag-farmaceutics","tag-farmacia","tag-farmacia-comunitaria","tag-grup-de-treball","tag-grup-de-treball-medicaments-dus-veterinari","tag-jordi-casas","tag-lorena-rivera","tag-maria-dels-angels-calvo","tag-medicacio","tag-medicaments","tag-medicaments-dus-veterinari","tag-medicaments-veterinaris","tag-normativa","tag-oficina-de-farmacia","tag-prescripcio","tag-veterinaria","tag-veterinaris"],"yoast_head":"<!-- This site is optimized with the Yoast SEO plugin v22.4 - https:\/\/yoast.com\/wordpress\/plugins\/seo\/ -->\n<title>Actualitat, futur i canvis normatius dels medicaments d\u2019\u00fas veterinari, a una nova confer\u00e8ncia celebrada al COFB - Col\u00b7legi de Farmac\u00e8utics de Barcelona<\/title>\n<meta name=\"description\" content=\"El passat 4 de juliol, el COFB va organitzar la confer\u00e8ncia \u201cActualitat i futur dels medicaments d\u2019\u00fas veterinari: Qui prescriu? Qui dispensa?\u201d.\" \/>\n<meta name=\"robots\" content=\"index, follow, max-snippet:-1, max-image-preview:large, max-video-preview:-1\" \/>\n<link rel=\"canonical\" href=\"https:\/\/www.cofb.org\/ca\/2024\/07\/10\/actualitat-futur-i-canvis-normatius-dels-medicaments-dus-veterinari-a-una-nova-conferencia-celebrada-al-cofb\/\" \/>\n<meta property=\"og:locale\" content=\"ca_ES\" \/>\n<meta property=\"og:type\" content=\"article\" \/>\n<meta property=\"og:title\" content=\"Actualitat, futur i canvis normatius dels medicaments d\u2019\u00fas veterinari, a una nova confer\u00e8ncia celebrada al COFB - Col\u00b7legi de Farmac\u00e8utics de Barcelona\" \/>\n<meta property=\"og:description\" content=\"El passat 4 de juliol, el COFB va organitzar la confer\u00e8ncia \u201cActualitat i futur dels medicaments d\u2019\u00fas veterinari: Qui prescriu? Qui dispensa?\u201d.\" \/>\n<meta property=\"og:url\" content=\"https:\/\/www.cofb.org\/ca\/2024\/07\/10\/actualitat-futur-i-canvis-normatius-dels-medicaments-dus-veterinari-a-una-nova-conferencia-celebrada-al-cofb\/\" \/>\n<meta property=\"og:site_name\" content=\"Col\u00b7legi de Farmac\u00e8utics de Barcelona\" \/>\n<meta property=\"article:publisher\" content=\"https:\/\/www.facebook.com\/farmaceuticsbcn\/\" \/>\n<meta property=\"article:published_time\" content=\"2024-07-10T13:45:12+00:00\" \/>\n<meta property=\"article:modified_time\" content=\"2024-07-15T12:35:13+00:00\" \/>\n<meta property=\"og:image\" content=\"https:\/\/www.cofb.org\/wp-content\/uploads\/2024\/07\/COFB_MEDICAMENTS-DUS-VETERINARI_09072024_9-scaled.jpg\" \/>\n\t<meta property=\"og:image:width\" content=\"2560\" \/>\n\t<meta property=\"og:image:height\" content=\"1440\" \/>\n\t<meta property=\"og:image:type\" content=\"image\/jpeg\" \/>\n<meta name=\"author\" content=\"Berta Mart\u00ednez\" \/>\n<meta name=\"twitter:card\" content=\"summary_large_image\" \/>\n<meta name=\"twitter:creator\" content=\"@farmaceuticsbcn\" \/>\n<meta name=\"twitter:site\" content=\"@farmaceuticsbcn\" \/>\n<meta name=\"twitter:label1\" content=\"Escrit per\" \/>\n\t<meta name=\"twitter:data1\" content=\"Berta Mart\u00ednez\" \/>\n\t<meta name=\"twitter:label2\" content=\"Temps estimat de lectura\" \/>\n\t<meta name=\"twitter:data2\" content=\"8 minuts\" \/>\n<script type=\"application\/ld+json\" class=\"yoast-schema-graph\">{\"@context\":\"https:\/\/schema.org\",\"@graph\":[{\"@type\":\"Article\",\"@id\":\"https:\/\/www.cofb.org\/2024\/07\/10\/actualitat-futur-i-canvis-normatius-dels-medicaments-dus-veterinari-a-una-nova-conferencia-celebrada-al-cofb\/#article\",\"isPartOf\":{\"@id\":\"https:\/\/www.cofb.org\/2024\/07\/10\/actualitat-futur-i-canvis-normatius-dels-medicaments-dus-veterinari-a-una-nova-conferencia-celebrada-al-cofb\/\"},\"author\":{\"name\":\"Berta Mart\u00ednez\",\"@id\":\"https:\/\/www.cofb.org\/#\/schema\/person\/f32de3b41b812c85ff923cb4cc849063\"},\"headline\":\"Actualitat, futur i canvis normatius dels medicaments d\u2019\u00fas veterinari, a una nova confer\u00e8ncia celebrada al COFB\",\"datePublished\":\"2024-07-10T13:45:12+00:00\",\"dateModified\":\"2024-07-15T12:35:13+00:00\",\"mainEntityOfPage\":{\"@id\":\"https:\/\/www.cofb.org\/2024\/07\/10\/actualitat-futur-i-canvis-normatius-dels-medicaments-dus-veterinari-a-una-nova-conferencia-celebrada-al-cofb\/\"},\"wordCount\":1421,\"publisher\":{\"@id\":\"https:\/\/www.cofb.org\/#organization\"},\"image\":{\"@id\":\"https:\/\/www.cofb.org\/2024\/07\/10\/actualitat-futur-i-canvis-normatius-dels-medicaments-dus-veterinari-a-una-nova-conferencia-celebrada-al-cofb\/#primaryimage\"},\"thumbnailUrl\":\"https:\/\/www.cofb.org\/wp-content\/uploads\/2024\/07\/COFB_MEDICAMENTS-DUS-VETERINARI_09072024_9-scaled.jpg\",\"keywords\":[\"Atenci\u00f3 farmac\u00e8utica\",\"COFB\",\"Col\u00b7legi de Farmac\u00e8utics de Barcelona\",\"dispensaci\u00f3\",\"farmac\u00e8utics\",\"Farm\u00e0cia\",\"farm\u00e0cia comunit\u00e0ria\",\"grup de treball\",\"grup de treball medicaments d'\u00fas veterinari\",\"Jordi Casas\",\"Lorena Rivera\",\"Maria dels \u00c0ngels Calvo\",\"medicaci\u00f3\",\"medicaments\",\"medicaments d'\u00fas veterinari\",\"medicaments veterinaris\",\"normativa\",\"Oficina de farm\u00e0cia\",\"prescripci\u00f3\",\"veterin\u00e0ria\",\"veterinaris\"],\"articleSection\":[\"Destacats\",\"M\u00f3n col\u00b7legial\"],\"inLanguage\":\"ca\"},{\"@type\":\"WebPage\",\"@id\":\"https:\/\/www.cofb.org\/2024\/07\/10\/actualitat-futur-i-canvis-normatius-dels-medicaments-dus-veterinari-a-una-nova-conferencia-celebrada-al-cofb\/\",\"url\":\"https:\/\/www.cofb.org\/2024\/07\/10\/actualitat-futur-i-canvis-normatius-dels-medicaments-dus-veterinari-a-una-nova-conferencia-celebrada-al-cofb\/\",\"name\":\"Actualitat, futur i canvis normatius dels medicaments d\u2019\u00fas veterinari, a una nova confer\u00e8ncia celebrada al COFB - Col\u00b7legi de Farmac\u00e8utics de Barcelona\",\"isPartOf\":{\"@id\":\"https:\/\/www.cofb.org\/#website\"},\"primaryImageOfPage\":{\"@id\":\"https:\/\/www.cofb.org\/2024\/07\/10\/actualitat-futur-i-canvis-normatius-dels-medicaments-dus-veterinari-a-una-nova-conferencia-celebrada-al-cofb\/#primaryimage\"},\"image\":{\"@id\":\"https:\/\/www.cofb.org\/2024\/07\/10\/actualitat-futur-i-canvis-normatius-dels-medicaments-dus-veterinari-a-una-nova-conferencia-celebrada-al-cofb\/#primaryimage\"},\"thumbnailUrl\":\"https:\/\/www.cofb.org\/wp-content\/uploads\/2024\/07\/COFB_MEDICAMENTS-DUS-VETERINARI_09072024_9-scaled.jpg\",\"datePublished\":\"2024-07-10T13:45:12+00:00\",\"dateModified\":\"2024-07-15T12:35:13+00:00\",\"description\":\"El passat 4 de juliol, el COFB va organitzar la confer\u00e8ncia \u201cActualitat i futur dels medicaments d\u2019\u00fas veterinari: Qui prescriu? Qui dispensa?\u201d.\",\"breadcrumb\":{\"@id\":\"https:\/\/www.cofb.org\/2024\/07\/10\/actualitat-futur-i-canvis-normatius-dels-medicaments-dus-veterinari-a-una-nova-conferencia-celebrada-al-cofb\/#breadcrumb\"},\"inLanguage\":\"ca\",\"potentialAction\":[{\"@type\":\"ReadAction\",\"target\":[\"https:\/\/www.cofb.org\/2024\/07\/10\/actualitat-futur-i-canvis-normatius-dels-medicaments-dus-veterinari-a-una-nova-conferencia-celebrada-al-cofb\/\"]}]},{\"@type\":\"ImageObject\",\"inLanguage\":\"ca\",\"@id\":\"https:\/\/www.cofb.org\/2024\/07\/10\/actualitat-futur-i-canvis-normatius-dels-medicaments-dus-veterinari-a-una-nova-conferencia-celebrada-al-cofb\/#primaryimage\",\"url\":\"https:\/\/www.cofb.org\/wp-content\/uploads\/2024\/07\/COFB_MEDICAMENTS-DUS-VETERINARI_09072024_9-scaled.jpg\",\"contentUrl\":\"https:\/\/www.cofb.org\/wp-content\/uploads\/2024\/07\/COFB_MEDICAMENTS-DUS-VETERINARI_09072024_9-scaled.jpg\",\"width\":2560,\"height\":1440},{\"@type\":\"BreadcrumbList\",\"@id\":\"https:\/\/www.cofb.org\/2024\/07\/10\/actualitat-futur-i-canvis-normatius-dels-medicaments-dus-veterinari-a-una-nova-conferencia-celebrada-al-cofb\/#breadcrumb\",\"itemListElement\":[{\"@type\":\"ListItem\",\"position\":1,\"name\":\"Inici\",\"item\":\"https:\/\/novaorg.cofb.net\/\"},{\"@type\":\"ListItem\",\"position\":2,\"name\":\"Actualitat, futur i canvis normatius dels medicaments d\u2019\u00fas veterinari, a una nova confer\u00e8ncia celebrada al COFB\"}]},{\"@type\":\"WebSite\",\"@id\":\"https:\/\/www.cofb.org\/#website\",\"url\":\"https:\/\/www.cofb.org\/\",\"name\":\"Col\u00b7legi de Farmac\u00e8utics de Barcelona\",\"description\":\"\",\"publisher\":{\"@id\":\"https:\/\/www.cofb.org\/#organization\"},\"potentialAction\":[{\"@type\":\"SearchAction\",\"target\":{\"@type\":\"EntryPoint\",\"urlTemplate\":\"https:\/\/www.cofb.org\/?s={search_term_string}\"},\"query-input\":\"required name=search_term_string\"}],\"inLanguage\":\"ca\"},{\"@type\":\"Organization\",\"@id\":\"https:\/\/www.cofb.org\/#organization\",\"name\":\"Col\u00b7legi de Farmac\u00e8utics de Barcelona\",\"url\":\"https:\/\/www.cofb.org\/\",\"logo\":{\"@type\":\"ImageObject\",\"inLanguage\":\"ca\",\"@id\":\"https:\/\/www.cofb.org\/#\/schema\/logo\/image\/\",\"url\":\"https:\/\/www.cofb.org\/wp-content\/uploads\/2023\/11\/cropped-Logotip-COFB.png\",\"contentUrl\":\"https:\/\/www.cofb.org\/wp-content\/uploads\/2023\/11\/cropped-Logotip-COFB.png\",\"width\":500,\"height\":105,\"caption\":\"Col\u00b7legi de Farmac\u00e8utics de Barcelona\"},\"image\":{\"@id\":\"https:\/\/www.cofb.org\/#\/schema\/logo\/image\/\"},\"sameAs\":[\"https:\/\/www.facebook.com\/farmaceuticsbcn\/\",\"https:\/\/twitter.com\/farmaceuticsbcn\",\"https:\/\/www.instagram.com\/farmaceuticsbcn\/\",\"https:\/\/www.linkedin.com\/company\/farmaceuticsbcn\/\"]},{\"@type\":\"Person\",\"@id\":\"https:\/\/www.cofb.org\/#\/schema\/person\/f32de3b41b812c85ff923cb4cc849063\",\"name\":\"Berta Mart\u00ednez\",\"image\":{\"@type\":\"ImageObject\",\"inLanguage\":\"ca\",\"@id\":\"https:\/\/www.cofb.org\/#\/schema\/person\/image\/\",\"url\":\"https:\/\/secure.gravatar.com\/avatar\/d4c584dab5da1ee9e3c3df161c0aabec7075cc8211cd46ffc79bfe177aa78b01?s=96&d=mm&r=g\",\"contentUrl\":\"https:\/\/secure.gravatar.com\/avatar\/d4c584dab5da1ee9e3c3df161c0aabec7075cc8211cd46ffc79bfe177aa78b01?s=96&d=mm&r=g\",\"caption\":\"Berta Mart\u00ednez\"},\"url\":\"https:\/\/www.cofb.org\/ca\/author\/bmartinez\/\"}]}<\/script>\n<!-- \/ Yoast SEO plugin. -->","yoast_head_json":{"title":"Actualitat, futur i canvis normatius dels medicaments d\u2019\u00fas veterinari, a una nova confer\u00e8ncia celebrada al COFB - Col\u00b7legi de Farmac\u00e8utics de Barcelona","description":"El passat 4 de juliol, el COFB va organitzar la confer\u00e8ncia \u201cActualitat i futur dels medicaments d\u2019\u00fas veterinari: Qui prescriu? Qui dispensa?\u201d.","robots":{"index":"index","follow":"follow","max-snippet":"max-snippet:-1","max-image-preview":"max-image-preview:large","max-video-preview":"max-video-preview:-1"},"canonical":"https:\/\/www.cofb.org\/ca\/2024\/07\/10\/actualitat-futur-i-canvis-normatius-dels-medicaments-dus-veterinari-a-una-nova-conferencia-celebrada-al-cofb\/","og_locale":"ca_ES","og_type":"article","og_title":"Actualitat, futur i canvis normatius dels medicaments d\u2019\u00fas veterinari, a una nova confer\u00e8ncia celebrada al COFB - Col\u00b7legi de Farmac\u00e8utics de Barcelona","og_description":"El passat 4 de juliol, el COFB va organitzar la confer\u00e8ncia \u201cActualitat i futur dels medicaments d\u2019\u00fas veterinari: Qui prescriu? Qui dispensa?\u201d.","og_url":"https:\/\/www.cofb.org\/ca\/2024\/07\/10\/actualitat-futur-i-canvis-normatius-dels-medicaments-dus-veterinari-a-una-nova-conferencia-celebrada-al-cofb\/","og_site_name":"Col\u00b7legi de Farmac\u00e8utics de Barcelona","article_publisher":"https:\/\/www.facebook.com\/farmaceuticsbcn\/","article_published_time":"2024-07-10T13:45:12+00:00","article_modified_time":"2024-07-15T12:35:13+00:00","og_image":[{"width":2560,"height":1440,"url":"https:\/\/www.cofb.org\/wp-content\/uploads\/2024\/07\/COFB_MEDICAMENTS-DUS-VETERINARI_09072024_9-scaled.jpg","type":"image\/jpeg"}],"author":"Berta Mart\u00ednez","twitter_card":"summary_large_image","twitter_creator":"@farmaceuticsbcn","twitter_site":"@farmaceuticsbcn","twitter_misc":{"Escrit per":"Berta Mart\u00ednez","Temps estimat de lectura":"8 minuts"},"schema":{"@context":"https:\/\/schema.org","@graph":[{"@type":"Article","@id":"https:\/\/www.cofb.org\/2024\/07\/10\/actualitat-futur-i-canvis-normatius-dels-medicaments-dus-veterinari-a-una-nova-conferencia-celebrada-al-cofb\/#article","isPartOf":{"@id":"https:\/\/www.cofb.org\/2024\/07\/10\/actualitat-futur-i-canvis-normatius-dels-medicaments-dus-veterinari-a-una-nova-conferencia-celebrada-al-cofb\/"},"author":{"name":"Berta Mart\u00ednez","@id":"https:\/\/www.cofb.org\/#\/schema\/person\/f32de3b41b812c85ff923cb4cc849063"},"headline":"Actualitat, futur i canvis normatius dels medicaments d\u2019\u00fas veterinari, a una nova confer\u00e8ncia celebrada al COFB","datePublished":"2024-07-10T13:45:12+00:00","dateModified":"2024-07-15T12:35:13+00:00","mainEntityOfPage":{"@id":"https:\/\/www.cofb.org\/2024\/07\/10\/actualitat-futur-i-canvis-normatius-dels-medicaments-dus-veterinari-a-una-nova-conferencia-celebrada-al-cofb\/"},"wordCount":1421,"publisher":{"@id":"https:\/\/www.cofb.org\/#organization"},"image":{"@id":"https:\/\/www.cofb.org\/2024\/07\/10\/actualitat-futur-i-canvis-normatius-dels-medicaments-dus-veterinari-a-una-nova-conferencia-celebrada-al-cofb\/#primaryimage"},"thumbnailUrl":"https:\/\/www.cofb.org\/wp-content\/uploads\/2024\/07\/COFB_MEDICAMENTS-DUS-VETERINARI_09072024_9-scaled.jpg","keywords":["Atenci\u00f3 farmac\u00e8utica","COFB","Col\u00b7legi de Farmac\u00e8utics de Barcelona","dispensaci\u00f3","farmac\u00e8utics","Farm\u00e0cia","farm\u00e0cia comunit\u00e0ria","grup de treball","grup de treball medicaments d'\u00fas veterinari","Jordi Casas","Lorena Rivera","Maria dels \u00c0ngels Calvo","medicaci\u00f3","medicaments","medicaments d'\u00fas veterinari","medicaments veterinaris","normativa","Oficina de farm\u00e0cia","prescripci\u00f3","veterin\u00e0ria","veterinaris"],"articleSection":["Destacats","M\u00f3n col\u00b7legial"],"inLanguage":"ca"},{"@type":"WebPage","@id":"https:\/\/www.cofb.org\/2024\/07\/10\/actualitat-futur-i-canvis-normatius-dels-medicaments-dus-veterinari-a-una-nova-conferencia-celebrada-al-cofb\/","url":"https:\/\/www.cofb.org\/2024\/07\/10\/actualitat-futur-i-canvis-normatius-dels-medicaments-dus-veterinari-a-una-nova-conferencia-celebrada-al-cofb\/","name":"Actualitat, futur i canvis normatius dels medicaments d\u2019\u00fas veterinari, a una nova confer\u00e8ncia celebrada al COFB - Col\u00b7legi de Farmac\u00e8utics de Barcelona","isPartOf":{"@id":"https:\/\/www.cofb.org\/#website"},"primaryImageOfPage":{"@id":"https:\/\/www.cofb.org\/2024\/07\/10\/actualitat-futur-i-canvis-normatius-dels-medicaments-dus-veterinari-a-una-nova-conferencia-celebrada-al-cofb\/#primaryimage"},"image":{"@id":"https:\/\/www.cofb.org\/2024\/07\/10\/actualitat-futur-i-canvis-normatius-dels-medicaments-dus-veterinari-a-una-nova-conferencia-celebrada-al-cofb\/#primaryimage"},"thumbnailUrl":"https:\/\/www.cofb.org\/wp-content\/uploads\/2024\/07\/COFB_MEDICAMENTS-DUS-VETERINARI_09072024_9-scaled.jpg","datePublished":"2024-07-10T13:45:12+00:00","dateModified":"2024-07-15T12:35:13+00:00","description":"El passat 4 de juliol, el COFB va organitzar la confer\u00e8ncia \u201cActualitat i futur dels medicaments d\u2019\u00fas veterinari: Qui prescriu? Qui dispensa?\u201d.","breadcrumb":{"@id":"https:\/\/www.cofb.org\/2024\/07\/10\/actualitat-futur-i-canvis-normatius-dels-medicaments-dus-veterinari-a-una-nova-conferencia-celebrada-al-cofb\/#breadcrumb"},"inLanguage":"ca","potentialAction":[{"@type":"ReadAction","target":["https:\/\/www.cofb.org\/2024\/07\/10\/actualitat-futur-i-canvis-normatius-dels-medicaments-dus-veterinari-a-una-nova-conferencia-celebrada-al-cofb\/"]}]},{"@type":"ImageObject","inLanguage":"ca","@id":"https:\/\/www.cofb.org\/2024\/07\/10\/actualitat-futur-i-canvis-normatius-dels-medicaments-dus-veterinari-a-una-nova-conferencia-celebrada-al-cofb\/#primaryimage","url":"https:\/\/www.cofb.org\/wp-content\/uploads\/2024\/07\/COFB_MEDICAMENTS-DUS-VETERINARI_09072024_9-scaled.jpg","contentUrl":"https:\/\/www.cofb.org\/wp-content\/uploads\/2024\/07\/COFB_MEDICAMENTS-DUS-VETERINARI_09072024_9-scaled.jpg","width":2560,"height":1440},{"@type":"BreadcrumbList","@id":"https:\/\/www.cofb.org\/2024\/07\/10\/actualitat-futur-i-canvis-normatius-dels-medicaments-dus-veterinari-a-una-nova-conferencia-celebrada-al-cofb\/#breadcrumb","itemListElement":[{"@type":"ListItem","position":1,"name":"Inici","item":"https:\/\/novaorg.cofb.net\/"},{"@type":"ListItem","position":2,"name":"Actualitat, futur i canvis normatius dels medicaments d\u2019\u00fas veterinari, a una nova confer\u00e8ncia celebrada al COFB"}]},{"@type":"WebSite","@id":"https:\/\/www.cofb.org\/#website","url":"https:\/\/www.cofb.org\/","name":"Col\u00b7legi de Farmac\u00e8utics de Barcelona","description":"","publisher":{"@id":"https:\/\/www.cofb.org\/#organization"},"potentialAction":[{"@type":"SearchAction","target":{"@type":"EntryPoint","urlTemplate":"https:\/\/www.cofb.org\/?s={search_term_string}"},"query-input":"required name=search_term_string"}],"inLanguage":"ca"},{"@type":"Organization","@id":"https:\/\/www.cofb.org\/#organization","name":"Col\u00b7legi de Farmac\u00e8utics de Barcelona","url":"https:\/\/www.cofb.org\/","logo":{"@type":"ImageObject","inLanguage":"ca","@id":"https:\/\/www.cofb.org\/#\/schema\/logo\/image\/","url":"https:\/\/www.cofb.org\/wp-content\/uploads\/2023\/11\/cropped-Logotip-COFB.png","contentUrl":"https:\/\/www.cofb.org\/wp-content\/uploads\/2023\/11\/cropped-Logotip-COFB.png","width":500,"height":105,"caption":"Col\u00b7legi de Farmac\u00e8utics de Barcelona"},"image":{"@id":"https:\/\/www.cofb.org\/#\/schema\/logo\/image\/"},"sameAs":["https:\/\/www.facebook.com\/farmaceuticsbcn\/","https:\/\/twitter.com\/farmaceuticsbcn","https:\/\/www.instagram.com\/farmaceuticsbcn\/","https:\/\/www.linkedin.com\/company\/farmaceuticsbcn\/"]},{"@type":"Person","@id":"https:\/\/www.cofb.org\/#\/schema\/person\/f32de3b41b812c85ff923cb4cc849063","name":"Berta Mart\u00ednez","image":{"@type":"ImageObject","inLanguage":"ca","@id":"https:\/\/www.cofb.org\/#\/schema\/person\/image\/","url":"https:\/\/secure.gravatar.com\/avatar\/d4c584dab5da1ee9e3c3df161c0aabec7075cc8211cd46ffc79bfe177aa78b01?s=96&d=mm&r=g","contentUrl":"https:\/\/secure.gravatar.com\/avatar\/d4c584dab5da1ee9e3c3df161c0aabec7075cc8211cd46ffc79bfe177aa78b01?s=96&d=mm&r=g","caption":"Berta Mart\u00ednez"},"url":"https:\/\/www.cofb.org\/ca\/author\/bmartinez\/"}]}},"uagb_featured_image_src":{"full":["https:\/\/www.cofb.org\/wp-content\/uploads\/2024\/07\/COFB_MEDICAMENTS-DUS-VETERINARI_09072024_9-scaled.jpg",2560,1440,false],"thumbnail":["https:\/\/www.cofb.org\/wp-content\/uploads\/2024\/07\/COFB_MEDICAMENTS-DUS-VETERINARI_09072024_9-150x150.jpg",150,150,true],"medium":["https:\/\/www.cofb.org\/wp-content\/uploads\/2024\/07\/COFB_MEDICAMENTS-DUS-VETERINARI_09072024_9-300x169.jpg",300,169,true],"medium_large":["https:\/\/www.cofb.org\/wp-content\/uploads\/2024\/07\/COFB_MEDICAMENTS-DUS-VETERINARI_09072024_9-768x432.jpg",768,432,true],"large":["https:\/\/www.cofb.org\/wp-content\/uploads\/2024\/07\/COFB_MEDICAMENTS-DUS-VETERINARI_09072024_9-1024x576.jpg",1024,576,true],"1536x1536":["https:\/\/www.cofb.org\/wp-content\/uploads\/2024\/07\/COFB_MEDICAMENTS-DUS-VETERINARI_09072024_9-1536x864.jpg",1536,864,true],"2048x2048":["https:\/\/www.cofb.org\/wp-content\/uploads\/2024\/07\/COFB_MEDICAMENTS-DUS-VETERINARI_09072024_9-2048x1152.jpg",2048,1152,true],"trp-custom-language-flag":["https:\/\/www.cofb.org\/wp-content\/uploads\/2024\/07\/COFB_MEDICAMENTS-DUS-VETERINARI_09072024_9-18x10.jpg",18,10,true]},"uagb_author_info":{"display_name":"Berta Mart\u00ednez","author_link":"https:\/\/www.cofb.org\/ca\/author\/bmartinez\/"},"uagb_comment_info":0,"uagb_excerpt":"El passat 4 de juliol, el Col\u00b7legi de Farmac\u00e8utics de Barcelona (COFB) va organitzar la confer\u00e8ncia \u201cActualitat i futur dels medicaments d\u2019\u00fas veterinari: Qui prescriu? Qui dispensa?\u201d. La confer\u00e8ncia va ser impartida per Maria dels \u00c0ngels Calvo, llicenciada i doctora en veterin\u00e0ria i farm\u00e0cia, catedr\u00e0tica de la Sanitat Animal, diplomada [&hellip;]","_links":{"self":[{"href":"https:\/\/www.cofb.org\/ca\/wp-json\/wp\/v2\/posts\/78803","targetHints":{"allow":["GET"]}}],"collection":[{"href":"https:\/\/www.cofb.org\/ca\/wp-json\/wp\/v2\/posts"}],"about":[{"href":"https:\/\/www.cofb.org\/ca\/wp-json\/wp\/v2\/types\/post"}],"author":[{"embeddable":true,"href":"https:\/\/www.cofb.org\/ca\/wp-json\/wp\/v2\/users\/3"}],"replies":[{"embeddable":true,"href":"https:\/\/www.cofb.org\/ca\/wp-json\/wp\/v2\/comments?post=78803"}],"version-history":[{"count":43,"href":"https:\/\/www.cofb.org\/ca\/wp-json\/wp\/v2\/posts\/78803\/revisions"}],"predecessor-version":[{"id":78942,"href":"https:\/\/www.cofb.org\/ca\/wp-json\/wp\/v2\/posts\/78803\/revisions\/78942"}],"wp:featuredmedia":[{"embeddable":true,"href":"https:\/\/www.cofb.org\/ca\/wp-json\/wp\/v2\/media\/78819"}],"wp:attachment":[{"href":"https:\/\/www.cofb.org\/ca\/wp-json\/wp\/v2\/media?parent=78803"}],"wp:term":[{"taxonomy":"category","embeddable":true,"href":"https:\/\/www.cofb.org\/ca\/wp-json\/wp\/v2\/categories?post=78803"},{"taxonomy":"post_tag","embeddable":true,"href":"https:\/\/www.cofb.org\/ca\/wp-json\/wp\/v2\/tags?post=78803"}],"curies":[{"name":"wp","href":"https:\/\/api.w.org\/{rel}","templated":true}]}}