{"id":78256,"date":"2024-06-18T11:35:48","date_gmt":"2024-06-18T09:35:48","guid":{"rendered":"https:\/\/blog.cofb.cat\/?p=69354"},"modified":"2024-06-26T07:25:38","modified_gmt":"2024-06-26T07:25:38","slug":"ultims-avencos-en-dermocosmetica-i-gestio-de-la-categoria-a-loficina-de-farmacia-en-una-nova-formacio-al-cofb","status":"publish","type":"post","link":"https:\/\/www.cofb.org\/ca\/2024\/06\/18\/ultims-avencos-en-dermocosmetica-i-gestio-de-la-categoria-a-loficina-de-farmacia-en-una-nova-formacio-al-cofb\/","title":{"rendered":"\u00daltims aven\u00e7os en dermocosm\u00e8tica i gesti\u00f3 de la categoria a l&#8217;oficina de farm\u00e0cia, en una nova formaci\u00f3 al COFB"},"content":{"rendered":"\n<p>El passat 16 de maig, el <strong>Col\u00b7legi de Farmac\u00e8utics de Barcelona (COFB) <\/strong>va organitzar la formaci\u00f3 \u201c<strong>Bellesa i dermocosm\u00e8tica a l\u2019oficina de farm\u00e0cia<\/strong>\u201d amb el patrocini de <a href=\"https:\/\/beautycluster.es\/ca\/\" target=\"_blank\" rel=\"noreferrer noopener\">Beauty Cluster<\/a> i <a href=\"https:\/\/www.vpvsl.com\/\" target=\"_blank\" rel=\"noreferrer noopener\">VPV Visibilidad en el Punto de Venta<\/a> i la col\u00b7laboraci\u00f3 de <a href=\"https:\/\/www.martiderm.com\/es\" target=\"_blank\" rel=\"noreferrer noopener\">MartiDerm<\/a>, <a href=\"https:\/\/beter.es\/es\/\" target=\"_blank\" rel=\"noreferrer noopener\">Beter<\/a>, <a href=\"https:\/\/www.olisticscience.com\/\" target=\"_blank\" rel=\"noreferrer noopener\">Olistic<\/a> i <a href=\"https:\/\/www.imfarmacias.es\/\" target=\"_blank\" rel=\"noreferrer noopener\">IM Farmacias<\/a>. La jornada, adre\u00e7ada a farmac\u00e8utics i farmac\u00e8utiques de farm\u00e0cia comunit\u00e0ria, va ser coordinada per <strong>Marta Alcalde<\/strong>, vocal de Dermofarm\u00e0cia i Productes Sanitaris del COFB, <strong>Marisa Ferr\u00e9<\/strong>, especialista en Innovaci\u00f3 a Beauty Cluster, i <strong>Ramon Gargallo<\/strong>, gerent a VPV Visibilidad en el Punto de Venta.<\/p>\n\n\n\n<figure class=\"wp-block-image size-large is-resized\"><a href=\"https:\/\/blog.cofb.cat\/wp-content\/uploads\/2024\/06\/COFB_Bellesa-i-dermocosmetica_14062024_1-scaled.jpg\" target=\"_blank\" rel=\"noopener\"><img fetchpriority=\"high\" decoding=\"async\" src=\"https:\/\/blog.cofb.cat\/wp-content\/uploads\/2024\/06\/COFB_Bellesa-i-dermocosmetica_14062024_1-1024x576.jpg\" alt=\"Marta Alcalde presentant la jornada &quot;Bellesa i dermocosm\u00e8tica a l\u2019oficina de farm\u00e0cia&quot;.\" class=\"wp-image-69366\" width=\"840\" height=\"472\" title=\"Marta Alcalde presentant la jornada &quot;Bellesa i dermocosm\u00e8tica a l\u2019oficina de farm\u00e0cia&quot;.\"\/><\/a><figcaption>Marta Alcalde presentant la jornada &#8220;Bellesa i dermocosm\u00e8tica a l\u2019oficina de farm\u00e0cia&#8221;.<\/figcaption><\/figure>\n\n\n\n<p>Els <strong>objectius <\/strong>de la formaci\u00f3 van ser <strong>entendre el mercat i la categoria de la dermocosm\u00e8tica<\/strong> en el moment actual, descobrir les <strong>\u00faltimes tend\u00e8ncies i avan\u00e7os cient\u00edfics<\/strong>, con\u00e8ixer les darreres <strong>novetats en l\u2019exposici\u00f3 en el punt de venda<\/strong> i compartir diferents <strong>punts de vista sobre la gesti\u00f3 de la categoria<\/strong>.<\/p>\n\n\n\n<p>La vocal de Dermofarm\u00e0cia i Productes Sanitaris del COFB, <strong>Marta Alcalde<\/strong>, va presentar la jornada, que \u201c\u00e9s un <strong>punt de trobada tant per a la ind\u00fastria com per a l\u2019oficina de farm\u00e0cia<\/strong>\u201d. Alcalde va comentar que al llarg de la jornada, s\u2019exposaran noves <strong>visions de cap a on va el futur de la dermocosm\u00e8tica.<\/strong><\/p>\n\n\n\n<h2 class=\"wp-block-heading\"><strong>Evoluci\u00f3 del mercat de la cosm\u00e8tica, perfumeria i cura personal i \u00faltims aven\u00e7os en dermocosm\u00e8tica<\/strong><\/h2>\n\n\n\n<p>En primer lloc, va intervenir <strong>Adri\u00e0 Mart\u00ednez<\/strong>, <em>Strategic Project Manager<\/em> a Barcelona de Beauty Cluster\u00b8 per posar en context la realitat actual de la <strong>ind\u00fastria de la dermocosm\u00e8tica<\/strong> aix\u00ed com de totes les <strong>categories <\/strong>que la comprenen (<strong>cosm\u00e8tica, perfumeria i cura personal<\/strong>). Mart\u00ednez va dedicar una primera part a l\u2019<strong>an\u00e0lisi de dades dels mercats<\/strong>, <strong>dades de venda, evoluci\u00f3 de vendes per regi\u00f3, mides de cada categoria i el canal de <em>retail<\/em> <\/strong>on es venen aquests productes. Segons va indicar, <strong>les categories que m\u00e9s facturen<\/strong> s\u00f3n: <strong>cura de la pell, cura capil\u00b7lar i maquillatge.<\/strong><\/p>\n\n\n\n<figure class=\"wp-block-image size-large\"><a href=\"https:\/\/blog.cofb.cat\/wp-content\/uploads\/2024\/06\/COFB_Bellesa-i-dermocosmetica_14062024_2-scaled.jpg\" target=\"_blank\" rel=\"noopener\"><img decoding=\"async\" src=\"https:\/\/blog.cofb.cat\/wp-content\/uploads\/2024\/06\/COFB_Bellesa-i-dermocosmetica_14062024_2-1024x576.jpg\" alt=\"Adri\u00e0 Mart\u00ednez en un moment de la seva exposici\u00f3.\" class=\"wp-image-69367\" title=\"Adri\u00e0 Mart\u00ednez en un moment de la seva exposici\u00f3.\"\/><\/a><figcaption>Adri\u00e0 Mart\u00ednez en un moment de la seva exposici\u00f3.<\/figcaption><\/figure>\n\n\n\n<p>En una segona part, l&#8217;<em>Strategic Project Manager<\/em> a Barcelona de Beauty Cluster, va parlar dels reclams <strong>m\u00e9s utilitzats per la ind\u00fastria<\/strong>, per regions i per empreses. Adri\u00e0 Mart\u00ednez va mostrar diferents gr\u00e0fics en els quals s\u2019especificava que els <strong>reclams m\u00e9s utilitzats<\/strong>, tant globalment com a Espanya s\u00f3n \u201c<strong>natural<\/strong>\u201d i \u201c<strong>hidratant<\/strong>\u201d.<\/p>\n\n\n\n<p>A continuaci\u00f3, la directora de R&amp;D a MartiDerm, <strong>Mayra Chantal Camarasa,<\/strong> i l\u2019especialista en Innovaci\u00f3 a Beauty Cluster, <strong>Marisa Ferr\u00e9<\/strong>, van compartir els darrers <strong>aven\u00e7os de la ci\u00e8ncia cosm\u00e8tic<\/strong>a. Concretament, van abordar el <strong>proteoma<\/strong>, el <strong>RNAissance<\/strong>, la <strong>personalitzaci\u00f3 (<em>Hormonal Beauty<\/em> &nbsp;&amp; Diversidad)<\/strong> i la <strong>sostenibilitat<\/strong>. En relaci\u00f3 amb la prote\u00f2mica van fer refer\u00e8ncia a quatre t\u00e8cniques que s\u2019utilitzen en els <strong>assajos de prote\u00f2mica<\/strong>, que \u201c<strong>permeten entendre l\u2019estat actual de les prote\u00efnes i valorar la salut de la pell per desenvolupar productes m\u00e9s afins i millorar la seva qualitat<\/strong>\u201d. Pel que fa al <strong>RNAissance<\/strong> van assegurar que, a partir de <strong>l\u2019RNA<\/strong>, estan <strong>m\u00e9s a prop d\u2019aconseguir es fabriquin les prote\u00efnes que es necessiten<\/strong> i que ja estan en marxa nous principis actius, avaluats amb aquesta tecnologia, provinents de l\u2019agricultura vertical.<\/p>\n\n\n\n<figure class=\"wp-block-image size-large\"><a href=\"https:\/\/blog.cofb.cat\/wp-content\/uploads\/2024\/06\/COFB_Bellesa-i-dermocosmetica_14062024_3-scaled.jpg\" target=\"_blank\" rel=\"noopener\"><img decoding=\"async\" src=\"https:\/\/blog.cofb.cat\/wp-content\/uploads\/2024\/06\/COFB_Bellesa-i-dermocosmetica_14062024_3-1024x576.jpg\" alt=\"Marisa Ferr\u00e9 i Mayra Chantal Camarasa durant la seva intervenci\u00f3 en relaci\u00f3 amb els \u00faltims aven\u00e7os en dermocosm\u00e8tica.\" class=\"wp-image-69368\" title=\"Marisa Ferr\u00e9 i Mayra Chantal Camarasa durant la seva intervenci\u00f3 en relaci\u00f3 amb els \u00faltims aven\u00e7os en dermocosm\u00e8tica.\"\/><\/a><figcaption>Marisa Ferr\u00e9 i Mayra Chantal Camarasa durant la seva intervenci\u00f3 en relaci\u00f3 amb els \u00faltims aven\u00e7os en dermocosm\u00e8tica.<\/figcaption><\/figure>\n\n\n\n<p>Respecte a la <strong>diversitat<\/strong>, les professionals van detallar la <strong>classificaci\u00f3 tradicional<\/strong>, segons els tipus de pell, edats i g\u00e8neres, i la <strong>nova realitat segons els moviments migratoris, el clima, la microbiota de la pell i els canvis hormonals<\/strong> (pre i postmenopausa, acne en la dona adulta, hiperpigmentaci\u00f3 i hipopigmentaci\u00f3 i estr\u00e8s).<\/p>\n\n\n\n<p>Finalment, sobre <strong>sostenibilitat<\/strong>, Camarasa i Ferr\u00e9 van explicar que el <strong>sector de la bellesa i la cura personal produeix anualment 120.000 milions d\u2019envasos<\/strong>, <strong>majorit\u00e0riament d\u2019un sol \u00fas<\/strong>. Alhora, van profunditzar en la <strong>selecci\u00f3 de mat\u00e8ries primeres<\/strong>, en el <strong>disseny de la f\u00f3rmula<\/strong> i en els <strong>processos de fabricaci\u00f3<\/strong>.<\/p>\n\n\n\n<h2 class=\"wp-block-heading\"><strong>Innovaci\u00f3 i estrat\u00e8gies a l\u2019oficina de farm\u00e0cia<\/strong><\/h2>\n\n\n\n<p>La jornada va continuar amb la pon\u00e8ncia del gerent de VPV Visibilidad en el Punto de Venta, <strong>Ramon Gargallo<\/strong>, sobre <strong>estrat\u00e8gies en el punt de venda<\/strong>. En aquest sentit, va remarcar que un dels punts importants del punt de venda \u00e9s <strong>com influeix el disseny en la capacitat de compra<\/strong>, que \u201cexerceix un paper crucial en la creaci\u00f3 d\u2019experi\u00e8ncies de compra memorables i en la influ\u00e8ncia de les decisions de compra dels consumidors en el punt de venda\u201d. Tamb\u00e9 va parlar de l\u2019<strong>estrat\u00e8gia de valor en el punt de venda (VPV)<\/strong>, que se centra a oferir als consumidors una &#8220;experi\u00e8ncia de compra que va m\u00e9s enll\u00e0 del senzill acte d\u2019adquirir un producte&#8221;.<\/p>\n\n\n\n<figure class=\"wp-block-image size-large\"><a href=\"https:\/\/blog.cofb.cat\/wp-content\/uploads\/2024\/06\/COFB_Bellesa-i-dermocosmetica_14062024_4-scaled.jpg\" target=\"_blank\" rel=\"noopener\"><img decoding=\"async\" src=\"https:\/\/blog.cofb.cat\/wp-content\/uploads\/2024\/06\/COFB_Bellesa-i-dermocosmetica_14062024_4-1024x576.jpg\" alt=\"Ramon Gargallo en un moment de la seva presentaci\u00f3 d'estrat\u00e8gies en el punt de venda. \" class=\"wp-image-69369\" title=\"Ramon Gargallo en un moment de la seva presentaci\u00f3 d'estrat\u00e8gies en el punt de venda. \"\/><\/a><figcaption>Ramon Gargallo en un moment de la seva presentaci\u00f3 d&#8217;estrat\u00e8gies en el punt de venda. <\/figcaption><\/figure>\n\n\n\n<p>\u201cL\u2019<strong>estrat\u00e8gia de valor <\/strong>en el punt de venda es tracta d\u2019oferir una e<strong>xperi\u00e8ncia de compra completa que va m\u00e9s enll\u00e0 del producte en s<\/strong>i, centrant-se en els aspectes com el <strong>preu<\/strong>, l\u2019<strong>experi\u00e8ncia del client<\/strong>, la <strong>varietat de productes<\/strong> i la <strong>qualitat de servei <\/strong>per crear un valor percebut significativament per als consumidors\u201d, va concloure Gargallo.<\/p>\n\n\n\n<h2 class=\"wp-block-heading\"><strong>Visibilitat dels productes de cosm\u00e8tica a la farm\u00e0cia &nbsp;<\/strong><\/h2>\n\n\n\n<p>A la segona part de la jornada es va organitzar la <strong>taula rodona \u201cCom treballar els productes <em>beauty<\/em> a la farm\u00e0cia\u201d<\/strong>, moderada per <strong>Xavi Salada<\/strong>, director d\u2019IM Farmacias, i amb la participaci\u00f3 d\u2019<strong>Ignacio Pujol<\/strong>, titular a la Farm\u00e0cia Jardinets; <strong>Lena de Pons<\/strong>, titular a la Farm\u00e0cia Martinet i divulgadora a les xarxes socials; <strong>Gloria Cirera<\/strong>, <em>marketing manager B2B<\/em> a Ol\u00edstic; i <strong>Sylvain Gleizes<\/strong>, <em>Chief Commercial &amp; MKT Officer <\/em>a Martiderm. \u201c<strong>El consell farmac\u00e8utic \u00e9s imprescindible per detectar les necessitats cut\u00e0nies i possibles patologies de cada pacient i per recomanar els productes m\u00e9s adequats<\/strong>\u201d, va dir Xavi Sala durant la presentaci\u00f3 de la taula rodona. Ambd\u00f3s farmac\u00e8utics comunitaris van explicar la seva experi\u00e8ncia en la categoria de dermocosm\u00e8tica, en relaci\u00f3 amb la selecci\u00f3 de l\u2019assortit a la farm\u00e0cia i la seva exposici\u00f3 i el consell de bellesa des de la farm\u00e0cia, entre altres temes.<\/p>\n\n\n\n<figure class=\"wp-block-image size-large\"><a href=\"https:\/\/blog.cofb.cat\/wp-content\/uploads\/2024\/06\/COFB_Bellesa-i-dermocosmetica_14062024_5-scaled.jpg\" target=\"_blank\" rel=\"noopener\"><img decoding=\"async\" src=\"https:\/\/blog.cofb.cat\/wp-content\/uploads\/2024\/06\/COFB_Bellesa-i-dermocosmetica_14062024_5-1024x576.jpg\" alt=\"D'esquerra a dreta: Ignacio Pujol, Lena de Pons, Gloria Cirera, Sylvain Gleizes i Xavi Salada. \" class=\"wp-image-69370\" title=\"D'esquerra a dreta: Ignacio Pujol, Lena de Pons, Gloria Cirera, Sylvain Gleizes i Xavi Salada. \"\/><\/a><figcaption>D&#8217;esquerra a dreta: Ignacio Pujol, Lena de Pons, Gloria Cirera, Sylvain Gleizes i Xavi Salada. <\/figcaption><\/figure>\n\n\n\n<p>\u201c<strong>El rol del farmac\u00e8utic \u00e9s indispensable, per\u00f2 necessita el suport dels laboratoris perqu\u00e8 sigui complet perqu\u00e8 ells s\u00f3n els que proporcionen les millors solucions per a cada cas<\/strong>, resultat d\u2019anys d\u2019investigaci\u00f3 i estudis que avalen la seva efic\u00e0cia, i per aix\u00f2 <strong>\u00e9s molt important que tinguin una relaci\u00f3 directa amb la farm\u00e0cia<\/strong>\u201d, va assegurar Salada. El director d&#8217;IM Farmacias va dedicar tres blocs per parlar del <strong>consell de bellesa<\/strong> des del punt de vista dels laboratoris, de la venda creuada i els preus.<\/p>\n\n\n\n<figure class=\"wp-block-image size-large\"><a href=\"https:\/\/blog.cofb.cat\/wp-content\/uploads\/2024\/06\/COFB_Bellesa-i-dermocosmetica_14062024_6-scaled.jpg\" target=\"_blank\" rel=\"noopener\"><img decoding=\"async\" src=\"https:\/\/blog.cofb.cat\/wp-content\/uploads\/2024\/06\/COFB_Bellesa-i-dermocosmetica_14062024_6-1024x576.jpg\" alt=\"Enric Sall\u00e9s durant la seva intervenci\u00f3. \" class=\"wp-image-69371\" title=\"Enric Sall\u00e9s durant la seva intervenci\u00f3. \"\/><\/a><figcaption>Enric Sall\u00e9s durant la seva intervenci\u00f3. <\/figcaption><\/figure>\n\n\n\n<p>Finalment, el CEO de Martiderm i vocal del Barcelona Beauty Cluster, <strong>Enric Sall\u00e9s<\/strong>, va tancar la jornada posant en valor la <strong>import\u00e0ncia de la recomanaci\u00f3 dels farmac\u00e8utics i farmac\u00e8utiques comunit\u00e0ries <\/strong>i del <strong>seu vincle amb el laboratori<\/strong>.<\/p>\n\n\n\n<p><\/p>\n\n\n\n<p class=\"has-text-align-right\"><strong><strong>Amb el patrocini de:<\/strong><\/strong><\/p>\n\n\n\n<div class=\"wp-block-image\"><figure class=\"alignright size-thumbnail is-resized\"><a href=\"https:\/\/www.vpvsl.com\/\" target=\"_blank\" rel=\"noreferrer noopener\"><img decoding=\"async\" src=\"https:\/\/blog.cofb.cat\/wp-content\/uploads\/2024\/06\/VPV_logo_transparent-150x104.png\" alt=\"\" class=\"wp-image-69358\" width=\"119\" height=\"82\"\/><\/a><\/figure><\/div>\n\n\n\n<div class=\"wp-block-image\"><figure class=\"alignright size-thumbnail\"><a href=\"https:\/\/beautycluster.es\/ca\/\" target=\"_blank\" rel=\"noreferrer noopener\"><img decoding=\"async\" src=\"https:\/\/blog.cofb.cat\/wp-content\/uploads\/2024\/06\/BEAUTY_CLUSTER_2024_logo_transparent_H-150x75.png\" alt=\"\" class=\"wp-image-69357\"\/><\/a><\/figure><\/div>\n\n\n\n<p><\/p>\n\n\n\n<p><\/p>\n\n\n\n<p><\/p>\n\n\n\n<p><\/p>\n\n\n\n<p class=\"has-text-align-right\"><strong><strong>Amb la col\u00b7laboraci\u00f3:<\/strong><\/strong><\/p>\n\n\n\n<div class=\"wp-block-image\"><figure class=\"alignright size-thumbnail\"><a href=\"https:\/\/www.imfarmacias.es\/\" target=\"_blank\" rel=\"noreferrer noopener\"><img decoding=\"async\" src=\"https:\/\/blog.cofb.cat\/wp-content\/uploads\/2024\/06\/IMFarma_logo_transperent_H-150x33.png\" alt=\"\" class=\"wp-image-69362\"\/><\/a><\/figure><\/div>\n\n\n\n<div class=\"wp-block-image\"><figure class=\"alignright size-thumbnail is-resized\"><a href=\"https:\/\/www.olisticscience.com\/\" target=\"_blank\" rel=\"noreferrer noopener\"><img decoding=\"async\" src=\"https:\/\/blog.cofb.cat\/wp-content\/uploads\/2024\/06\/OLISTIC_fons-transparent-150x44.png\" alt=\"\" class=\"wp-image-69361\" width=\"131\" height=\"38\"\/><\/a><\/figure><\/div>\n\n\n\n<div class=\"wp-block-image\"><figure class=\"alignright size-thumbnail\"><a href=\"https:\/\/beter.es\/es\/\" target=\"_blank\" rel=\"noopener\"><img decoding=\"async\" src=\"https:\/\/blog.cofb.cat\/wp-content\/uploads\/2024\/06\/BETER_logo_transparent-150x40.png\" alt=\"\" class=\"wp-image-69360\"\/><\/a><\/figure><\/div>\n\n\n\n<div class=\"wp-block-image\"><figure class=\"alignright size-thumbnail is-resized\"><a href=\"https:\/\/www.martiderm.com\/es\" target=\"_blank\" rel=\"noopener\"><img loading=\"lazy\" decoding=\"async\" src=\"https:\/\/blog.cofb.cat\/wp-content\/uploads\/2024\/06\/MARTIDERM_logo-150x108.jpg\" alt=\"\" class=\"wp-image-69359\" width=\"91\" height=\"65\"\/><\/a><\/figure><\/div>\n\n\n\n<p><\/p>\n\n\n\n<p><\/p>\n\n\n\n<p><\/p>\n\n\n\n<p><strong>Altres publicacions d\u2019inter\u00e8s:<\/strong><\/p>\n\n\n\n<ul class=\"wp-block-list\"><li><a href=\"https:\/\/blog.cofb.cat\/blog\/2024\/05\/13\/farmaceutics-i-farmaceutiques-comunitaries-aprofundeixen-en-latencio-dermofarmaceutica-al-pacient-oncologic\/\" target=\"_blank\" rel=\"noreferrer noopener\">Farmac\u00e8utics i farmac\u00e8utiques comunit\u00e0ries aprofundeixen en l\u2019atenci\u00f3 dermofarmac\u00e8utica al pacient oncol\u00f2gic (Maig 2024)<\/a><\/li><li><a href=\"https:\/\/blog.cofb.cat\/blog\/2024\/03\/12\/nova-edicio-de-la-formacio-dermoanalitzadors-en-el-consell-farmaceutic-amb-ple-dassistencia\/\" target=\"_blank\" rel=\"noreferrer noopener\">Nova edici\u00f3 de la formaci\u00f3 \u201cDermoanalitzadors en el consell farmac\u00e8utic\u201d, amb ple d\u2019assist\u00e8ncia (Mar\u00e7 2024)<\/a><\/li><li><a href=\"https:\/\/blog.cofb.cat\/blog\/2024\/02\/15\/bakuchiol-vs-retinol-aprofundint-en-les-seves-caracteristiques-i-indicacions-en-una-nova-edicio-del-forum-dermoexpert\/\" target=\"_blank\" rel=\"noreferrer noopener\">Bakuchiol vs Retinol: aprofundint en les seves caracter\u00edstiques i indicacions en una nova edici\u00f3 del F\u00f2rum Dermoexpert (Febrer 2024)<\/a><\/li><\/ul>\n","protected":false},"excerpt":{"rendered":"<p>El passat 16 de maig, el Col\u00b7legi de Farmac\u00e8utics de Barcelona (COFB) va organitzar la formaci\u00f3 \u201cBellesa i dermocosm\u00e8tica a l\u2019oficina de farm\u00e0cia\u201d amb el patrocini de Beauty Cluster i VPV Visibilidad en el Punto de Venta i la col\u00b7laboraci\u00f3 de MartiDerm, Beter, Olistic i IM Farmacias. La jornada, adre\u00e7ada [&hellip;]<\/p>\n","protected":false},"author":1,"featured_media":78264,"comment_status":"open","ping_status":"open","sticky":false,"template":"","format":"standard","meta":{"_uag_custom_page_level_css":"","site-sidebar-layout":"default","site-content-layout":"","ast-site-content-layout":"default","site-content-style":"default","site-sidebar-style":"default","ast-global-header-display":"","ast-banner-title-visibility":"","ast-main-header-display":"","ast-hfb-above-header-display":"","ast-hfb-below-header-display":"","ast-hfb-mobile-header-display":"","site-post-title":"","ast-breadcrumbs-content":"","ast-featured-img":"disabled","footer-sml-layout":"","theme-transparent-header-meta":"","adv-header-id-meta":"","stick-header-meta":"","header-above-stick-meta":"","header-main-stick-meta":"","header-below-stick-meta":"","astra-migrate-meta-layouts":"set","ast-page-background-enabled":"default","ast-page-background-meta":{"desktop":{"background-color":"var(--ast-global-color-4)","background-image":"","background-repeat":"repeat","background-position":"center center","background-size":"auto","background-attachment":"scroll","background-type":"","background-media":"","overlay-type":"","overlay-color":"","overlay-opacity":"","overlay-gradient":""},"tablet":{"background-color":"","background-image":"","background-repeat":"repeat","background-position":"center center","background-size":"auto","background-attachment":"scroll","background-type":"","background-media":"","overlay-type":"","overlay-color":"","overlay-opacity":"","overlay-gradient":""},"mobile":{"background-color":"","background-image":"","background-repeat":"repeat","background-position":"center center","background-size":"auto","background-attachment":"scroll","background-type":"","background-media":"","overlay-type":"","overlay-color":"","overlay-opacity":"","overlay-gradient":""}},"ast-content-background-meta":{"desktop":{"background-color":"var(--ast-global-color-5)","background-image":"","background-repeat":"repeat","background-position":"center center","background-size":"auto","background-attachment":"scroll","background-type":"","background-media":"","overlay-type":"","overlay-color":"","overlay-opacity":"","overlay-gradient":""},"tablet":{"background-color":"var(--ast-global-color-5)","background-image":"","background-repeat":"repeat","background-position":"center center","background-size":"auto","background-attachment":"scroll","background-type":"","background-media":"","overlay-type":"","overlay-color":"","overlay-opacity":"","overlay-gradient":""},"mobile":{"background-color":"var(--ast-global-color-5)","background-image":"","background-repeat":"repeat","background-position":"center center","background-size":"auto","background-attachment":"scroll","background-type":"","background-media":"","overlay-type":"","overlay-color":"","overlay-opacity":"","overlay-gradient":""}},"footnotes":""},"categories":[23,57],"tags":[64,18,19,4015,443,81,53,68,69,70,2156,2528,445,5042,76,3276,5043,370],"class_list":["post-78256","post","type-post","status-publish","format-standard","has-post-thumbnail","hentry","category-destacats","category-mon-collegial","tag-atencio-farmaceutica","tag-cofb","tag-collegi-de-farmaceutics-de-barcelona","tag-cura-personal","tag-dermocosmetica","tag-dermofarmacia","tag-farmaceutics","tag-farmacia","tag-farmacia-comunitaria","tag-formacio","tag-industria","tag-jornada","tag-marta-alcalde","tag-mercat-cosmetica","tag-oficina-de-farmacia","tag-perfumeria","tag-productes-cosmetica","tag-vocal-de-dermofarmacia-i-productes-sanitaris"],"yoast_head":"<!-- This site is optimized with the Yoast SEO plugin v22.4 - https:\/\/yoast.com\/wordpress\/plugins\/seo\/ -->\n<title>\u00daltims aven\u00e7os en dermocosm\u00e8tica i gesti\u00f3 de la categoria a l&#039;oficina de farm\u00e0cia, en una nova formaci\u00f3 al COFB - Col\u00b7legi de Farmac\u00e8utics de Barcelona<\/title>\n<meta name=\"description\" content=\"El passat 16 de maig, el COFB va organitzar la formaci\u00f3 \u201cBellesa i dermocosm\u00e8tica a l\u2019oficina de farm\u00e0cia\u201d.\" \/>\n<meta name=\"robots\" content=\"index, follow, max-snippet:-1, max-image-preview:large, max-video-preview:-1\" \/>\n<link rel=\"canonical\" href=\"https:\/\/novaorg.cofb.net\/2024\/06\/18\/ultims-avencos-en-dermocosmetica-i-gestio-de-la-categoria-a-loficina-de-farmacia-en-una-nova-formacio-al-cofb\/\" \/>\n<meta property=\"og:locale\" content=\"ca_ES\" \/>\n<meta property=\"og:type\" content=\"article\" \/>\n<meta property=\"og:title\" content=\"\u00daltims aven\u00e7os en dermocosm\u00e8tica i gesti\u00f3 de la categoria a l&#039;oficina de farm\u00e0cia, en una nova formaci\u00f3 al COFB - Col\u00b7legi de Farmac\u00e8utics de Barcelona\" \/>\n<meta property=\"og:description\" content=\"El passat 16 de maig, el COFB va organitzar la formaci\u00f3 \u201cBellesa i dermocosm\u00e8tica a l\u2019oficina de farm\u00e0cia\u201d.\" \/>\n<meta property=\"og:url\" content=\"https:\/\/novaorg.cofb.net\/2024\/06\/18\/ultims-avencos-en-dermocosmetica-i-gestio-de-la-categoria-a-loficina-de-farmacia-en-una-nova-formacio-al-cofb\/\" \/>\n<meta property=\"og:site_name\" content=\"Col\u00b7legi de Farmac\u00e8utics de Barcelona\" \/>\n<meta property=\"article:publisher\" content=\"https:\/\/www.facebook.com\/farmaceuticsbcn\/\" \/>\n<meta property=\"article:published_time\" content=\"2024-06-18T09:35:48+00:00\" \/>\n<meta property=\"article:modified_time\" content=\"2024-06-26T07:25:38+00:00\" \/>\n<meta property=\"og:image\" content=\"https:\/\/novaorg.cofb.net\/wp-content\/uploads\/2024\/06\/COFB_Bellesa-i-dermocosmetica_14062024_7-660x330-1.jpg\" \/>\n\t<meta property=\"og:image:width\" content=\"660\" \/>\n\t<meta property=\"og:image:height\" content=\"330\" \/>\n\t<meta property=\"og:image:type\" content=\"image\/jpeg\" \/>\n<meta name=\"author\" content=\"wpAdminCofbOrg\" \/>\n<meta name=\"twitter:card\" content=\"summary_large_image\" \/>\n<meta name=\"twitter:creator\" content=\"@farmaceuticsbcn\" \/>\n<meta name=\"twitter:site\" content=\"@farmaceuticsbcn\" \/>\n<meta name=\"twitter:label1\" content=\"Escrit per\" \/>\n\t<meta name=\"twitter:data1\" content=\"wpAdminCofbOrg\" \/>\n\t<meta name=\"twitter:label2\" content=\"Temps estimat de lectura\" \/>\n\t<meta name=\"twitter:data2\" content=\"9 minuts\" \/>\n<script type=\"application\/ld+json\" class=\"yoast-schema-graph\">{\"@context\":\"https:\/\/schema.org\",\"@graph\":[{\"@type\":\"Article\",\"@id\":\"https:\/\/novaorg.cofb.net\/2024\/06\/18\/ultims-avencos-en-dermocosmetica-i-gestio-de-la-categoria-a-loficina-de-farmacia-en-una-nova-formacio-al-cofb\/#article\",\"isPartOf\":{\"@id\":\"https:\/\/novaorg.cofb.net\/2024\/06\/18\/ultims-avencos-en-dermocosmetica-i-gestio-de-la-categoria-a-loficina-de-farmacia-en-una-nova-formacio-al-cofb\/\"},\"author\":{\"name\":\"wpAdminCofbOrg\",\"@id\":\"https:\/\/www.cofb.org\/#\/schema\/person\/22ed7eea88da74b0fa4d3154ad87ffcb\"},\"headline\":\"\u00daltims aven\u00e7os en dermocosm\u00e8tica i gesti\u00f3 de la categoria a l&#8217;oficina de farm\u00e0cia, en una nova formaci\u00f3 al COFB\",\"datePublished\":\"2024-06-18T09:35:48+00:00\",\"dateModified\":\"2024-06-26T07:25:38+00:00\",\"mainEntityOfPage\":{\"@id\":\"https:\/\/novaorg.cofb.net\/2024\/06\/18\/ultims-avencos-en-dermocosmetica-i-gestio-de-la-categoria-a-loficina-de-farmacia-en-una-nova-formacio-al-cofb\/\"},\"wordCount\":1324,\"commentCount\":0,\"publisher\":{\"@id\":\"https:\/\/www.cofb.org\/#organization\"},\"image\":{\"@id\":\"https:\/\/novaorg.cofb.net\/2024\/06\/18\/ultims-avencos-en-dermocosmetica-i-gestio-de-la-categoria-a-loficina-de-farmacia-en-una-nova-formacio-al-cofb\/#primaryimage\"},\"thumbnailUrl\":\"https:\/\/www.cofb.org\/wp-content\/uploads\/2024\/06\/COFB_Bellesa-i-dermocosmetica_14062024_7-660x330-1.jpg\",\"keywords\":[\"Atenci\u00f3 farmac\u00e8utica\",\"COFB\",\"Col\u00b7legi de Farmac\u00e8utics de Barcelona\",\"cura personal\",\"dermocosm\u00e8tica\",\"Dermofarm\u00e0cia\",\"farmac\u00e8utics\",\"Farm\u00e0cia\",\"farm\u00e0cia comunit\u00e0ria\",\"Formaci\u00f3\",\"Ind\u00fastria\",\"jornada\",\"Marta Alcalde\",\"mercat cosm\u00e8tica\",\"Oficina de farm\u00e0cia\",\"perfumeria\",\"productes cosm\u00e8tica\",\"Vocal de Dermofarm\u00e0cia i Productes Sanitaris\"],\"articleSection\":[\"Destacats\",\"M\u00f3n col\u00b7legial\"],\"inLanguage\":\"ca\",\"potentialAction\":[{\"@type\":\"CommentAction\",\"name\":\"Comment\",\"target\":[\"https:\/\/novaorg.cofb.net\/2024\/06\/18\/ultims-avencos-en-dermocosmetica-i-gestio-de-la-categoria-a-loficina-de-farmacia-en-una-nova-formacio-al-cofb\/#respond\"]}]},{\"@type\":\"WebPage\",\"@id\":\"https:\/\/novaorg.cofb.net\/2024\/06\/18\/ultims-avencos-en-dermocosmetica-i-gestio-de-la-categoria-a-loficina-de-farmacia-en-una-nova-formacio-al-cofb\/\",\"url\":\"https:\/\/novaorg.cofb.net\/2024\/06\/18\/ultims-avencos-en-dermocosmetica-i-gestio-de-la-categoria-a-loficina-de-farmacia-en-una-nova-formacio-al-cofb\/\",\"name\":\"\u00daltims aven\u00e7os en dermocosm\u00e8tica i gesti\u00f3 de la categoria a l'oficina de farm\u00e0cia, en una nova formaci\u00f3 al COFB - Col\u00b7legi de Farmac\u00e8utics de Barcelona\",\"isPartOf\":{\"@id\":\"https:\/\/www.cofb.org\/#website\"},\"primaryImageOfPage\":{\"@id\":\"https:\/\/novaorg.cofb.net\/2024\/06\/18\/ultims-avencos-en-dermocosmetica-i-gestio-de-la-categoria-a-loficina-de-farmacia-en-una-nova-formacio-al-cofb\/#primaryimage\"},\"image\":{\"@id\":\"https:\/\/novaorg.cofb.net\/2024\/06\/18\/ultims-avencos-en-dermocosmetica-i-gestio-de-la-categoria-a-loficina-de-farmacia-en-una-nova-formacio-al-cofb\/#primaryimage\"},\"thumbnailUrl\":\"https:\/\/www.cofb.org\/wp-content\/uploads\/2024\/06\/COFB_Bellesa-i-dermocosmetica_14062024_7-660x330-1.jpg\",\"datePublished\":\"2024-06-18T09:35:48+00:00\",\"dateModified\":\"2024-06-26T07:25:38+00:00\",\"description\":\"El passat 16 de maig, el COFB va organitzar la formaci\u00f3 \u201cBellesa i dermocosm\u00e8tica a l\u2019oficina de farm\u00e0cia\u201d.\",\"breadcrumb\":{\"@id\":\"https:\/\/novaorg.cofb.net\/2024\/06\/18\/ultims-avencos-en-dermocosmetica-i-gestio-de-la-categoria-a-loficina-de-farmacia-en-una-nova-formacio-al-cofb\/#breadcrumb\"},\"inLanguage\":\"ca\",\"potentialAction\":[{\"@type\":\"ReadAction\",\"target\":[\"https:\/\/novaorg.cofb.net\/2024\/06\/18\/ultims-avencos-en-dermocosmetica-i-gestio-de-la-categoria-a-loficina-de-farmacia-en-una-nova-formacio-al-cofb\/\"]}]},{\"@type\":\"ImageObject\",\"inLanguage\":\"ca\",\"@id\":\"https:\/\/novaorg.cofb.net\/2024\/06\/18\/ultims-avencos-en-dermocosmetica-i-gestio-de-la-categoria-a-loficina-de-farmacia-en-una-nova-formacio-al-cofb\/#primaryimage\",\"url\":\"https:\/\/www.cofb.org\/wp-content\/uploads\/2024\/06\/COFB_Bellesa-i-dermocosmetica_14062024_7-660x330-1.jpg\",\"contentUrl\":\"https:\/\/www.cofb.org\/wp-content\/uploads\/2024\/06\/COFB_Bellesa-i-dermocosmetica_14062024_7-660x330-1.jpg\",\"width\":660,\"height\":330},{\"@type\":\"BreadcrumbList\",\"@id\":\"https:\/\/novaorg.cofb.net\/2024\/06\/18\/ultims-avencos-en-dermocosmetica-i-gestio-de-la-categoria-a-loficina-de-farmacia-en-una-nova-formacio-al-cofb\/#breadcrumb\",\"itemListElement\":[{\"@type\":\"ListItem\",\"position\":1,\"name\":\"Inici\",\"item\":\"https:\/\/novaorg.cofb.net\/\"},{\"@type\":\"ListItem\",\"position\":2,\"name\":\"\u00daltims aven\u00e7os en dermocosm\u00e8tica i gesti\u00f3 de la categoria a l&#8217;oficina de farm\u00e0cia, en una nova formaci\u00f3 al COFB\"}]},{\"@type\":\"WebSite\",\"@id\":\"https:\/\/www.cofb.org\/#website\",\"url\":\"https:\/\/www.cofb.org\/\",\"name\":\"Col\u00b7legi de Farmac\u00e8utics de Barcelona\",\"description\":\"\",\"publisher\":{\"@id\":\"https:\/\/www.cofb.org\/#organization\"},\"potentialAction\":[{\"@type\":\"SearchAction\",\"target\":{\"@type\":\"EntryPoint\",\"urlTemplate\":\"https:\/\/www.cofb.org\/?s={search_term_string}\"},\"query-input\":\"required name=search_term_string\"}],\"inLanguage\":\"ca\"},{\"@type\":\"Organization\",\"@id\":\"https:\/\/www.cofb.org\/#organization\",\"name\":\"Col\u00b7legi de Farmac\u00e8utics de Barcelona\",\"url\":\"https:\/\/www.cofb.org\/\",\"logo\":{\"@type\":\"ImageObject\",\"inLanguage\":\"ca\",\"@id\":\"https:\/\/www.cofb.org\/#\/schema\/logo\/image\/\",\"url\":\"https:\/\/www.cofb.org\/wp-content\/uploads\/2023\/11\/cropped-Logotip-COFB.png\",\"contentUrl\":\"https:\/\/www.cofb.org\/wp-content\/uploads\/2023\/11\/cropped-Logotip-COFB.png\",\"width\":500,\"height\":105,\"caption\":\"Col\u00b7legi de Farmac\u00e8utics de Barcelona\"},\"image\":{\"@id\":\"https:\/\/www.cofb.org\/#\/schema\/logo\/image\/\"},\"sameAs\":[\"https:\/\/www.facebook.com\/farmaceuticsbcn\/\",\"https:\/\/twitter.com\/farmaceuticsbcn\",\"https:\/\/www.instagram.com\/farmaceuticsbcn\/\",\"https:\/\/www.linkedin.com\/company\/farmaceuticsbcn\/\"]},{\"@type\":\"Person\",\"@id\":\"https:\/\/www.cofb.org\/#\/schema\/person\/22ed7eea88da74b0fa4d3154ad87ffcb\",\"name\":\"wpAdminCofbOrg\",\"image\":{\"@type\":\"ImageObject\",\"inLanguage\":\"ca\",\"@id\":\"https:\/\/www.cofb.org\/#\/schema\/person\/image\/\",\"url\":\"https:\/\/secure.gravatar.com\/avatar\/1721b20b3b8ca882c3b56ec6c978c594fff670e40c0718e9190eaeeb76aae7d8?s=96&d=mm&r=g\",\"contentUrl\":\"https:\/\/secure.gravatar.com\/avatar\/1721b20b3b8ca882c3b56ec6c978c594fff670e40c0718e9190eaeeb76aae7d8?s=96&d=mm&r=g\",\"caption\":\"wpAdminCofbOrg\"},\"sameAs\":[\"http:\/\/192.168.64.122\/wordpress\"],\"url\":\"https:\/\/www.cofb.org\/ca\/author\/wpadmincofborg\/\"}]}<\/script>\n<!-- \/ Yoast SEO plugin. -->","yoast_head_json":{"title":"\u00daltims aven\u00e7os en dermocosm\u00e8tica i gesti\u00f3 de la categoria a l'oficina de farm\u00e0cia, en una nova formaci\u00f3 al COFB - Col\u00b7legi de Farmac\u00e8utics de Barcelona","description":"El passat 16 de maig, el COFB va organitzar la formaci\u00f3 \u201cBellesa i dermocosm\u00e8tica a l\u2019oficina de farm\u00e0cia\u201d.","robots":{"index":"index","follow":"follow","max-snippet":"max-snippet:-1","max-image-preview":"max-image-preview:large","max-video-preview":"max-video-preview:-1"},"canonical":"https:\/\/novaorg.cofb.net\/2024\/06\/18\/ultims-avencos-en-dermocosmetica-i-gestio-de-la-categoria-a-loficina-de-farmacia-en-una-nova-formacio-al-cofb\/","og_locale":"ca_ES","og_type":"article","og_title":"\u00daltims aven\u00e7os en dermocosm\u00e8tica i gesti\u00f3 de la categoria a l'oficina de farm\u00e0cia, en una nova formaci\u00f3 al COFB - Col\u00b7legi de Farmac\u00e8utics de Barcelona","og_description":"El passat 16 de maig, el COFB va organitzar la formaci\u00f3 \u201cBellesa i dermocosm\u00e8tica a l\u2019oficina de farm\u00e0cia\u201d.","og_url":"https:\/\/novaorg.cofb.net\/2024\/06\/18\/ultims-avencos-en-dermocosmetica-i-gestio-de-la-categoria-a-loficina-de-farmacia-en-una-nova-formacio-al-cofb\/","og_site_name":"Col\u00b7legi de Farmac\u00e8utics de Barcelona","article_publisher":"https:\/\/www.facebook.com\/farmaceuticsbcn\/","article_published_time":"2024-06-18T09:35:48+00:00","article_modified_time":"2024-06-26T07:25:38+00:00","og_image":[{"width":660,"height":330,"url":"https:\/\/novaorg.cofb.net\/wp-content\/uploads\/2024\/06\/COFB_Bellesa-i-dermocosmetica_14062024_7-660x330-1.jpg","type":"image\/jpeg"}],"author":"wpAdminCofbOrg","twitter_card":"summary_large_image","twitter_creator":"@farmaceuticsbcn","twitter_site":"@farmaceuticsbcn","twitter_misc":{"Escrit per":"wpAdminCofbOrg","Temps estimat de lectura":"9 minuts"},"schema":{"@context":"https:\/\/schema.org","@graph":[{"@type":"Article","@id":"https:\/\/novaorg.cofb.net\/2024\/06\/18\/ultims-avencos-en-dermocosmetica-i-gestio-de-la-categoria-a-loficina-de-farmacia-en-una-nova-formacio-al-cofb\/#article","isPartOf":{"@id":"https:\/\/novaorg.cofb.net\/2024\/06\/18\/ultims-avencos-en-dermocosmetica-i-gestio-de-la-categoria-a-loficina-de-farmacia-en-una-nova-formacio-al-cofb\/"},"author":{"name":"wpAdminCofbOrg","@id":"https:\/\/www.cofb.org\/#\/schema\/person\/22ed7eea88da74b0fa4d3154ad87ffcb"},"headline":"\u00daltims aven\u00e7os en dermocosm\u00e8tica i gesti\u00f3 de la categoria a l&#8217;oficina de farm\u00e0cia, en una nova formaci\u00f3 al COFB","datePublished":"2024-06-18T09:35:48+00:00","dateModified":"2024-06-26T07:25:38+00:00","mainEntityOfPage":{"@id":"https:\/\/novaorg.cofb.net\/2024\/06\/18\/ultims-avencos-en-dermocosmetica-i-gestio-de-la-categoria-a-loficina-de-farmacia-en-una-nova-formacio-al-cofb\/"},"wordCount":1324,"commentCount":0,"publisher":{"@id":"https:\/\/www.cofb.org\/#organization"},"image":{"@id":"https:\/\/novaorg.cofb.net\/2024\/06\/18\/ultims-avencos-en-dermocosmetica-i-gestio-de-la-categoria-a-loficina-de-farmacia-en-una-nova-formacio-al-cofb\/#primaryimage"},"thumbnailUrl":"https:\/\/www.cofb.org\/wp-content\/uploads\/2024\/06\/COFB_Bellesa-i-dermocosmetica_14062024_7-660x330-1.jpg","keywords":["Atenci\u00f3 farmac\u00e8utica","COFB","Col\u00b7legi de Farmac\u00e8utics de Barcelona","cura personal","dermocosm\u00e8tica","Dermofarm\u00e0cia","farmac\u00e8utics","Farm\u00e0cia","farm\u00e0cia comunit\u00e0ria","Formaci\u00f3","Ind\u00fastria","jornada","Marta Alcalde","mercat cosm\u00e8tica","Oficina de farm\u00e0cia","perfumeria","productes cosm\u00e8tica","Vocal de Dermofarm\u00e0cia i Productes Sanitaris"],"articleSection":["Destacats","M\u00f3n col\u00b7legial"],"inLanguage":"ca","potentialAction":[{"@type":"CommentAction","name":"Comment","target":["https:\/\/novaorg.cofb.net\/2024\/06\/18\/ultims-avencos-en-dermocosmetica-i-gestio-de-la-categoria-a-loficina-de-farmacia-en-una-nova-formacio-al-cofb\/#respond"]}]},{"@type":"WebPage","@id":"https:\/\/novaorg.cofb.net\/2024\/06\/18\/ultims-avencos-en-dermocosmetica-i-gestio-de-la-categoria-a-loficina-de-farmacia-en-una-nova-formacio-al-cofb\/","url":"https:\/\/novaorg.cofb.net\/2024\/06\/18\/ultims-avencos-en-dermocosmetica-i-gestio-de-la-categoria-a-loficina-de-farmacia-en-una-nova-formacio-al-cofb\/","name":"\u00daltims aven\u00e7os en dermocosm\u00e8tica i gesti\u00f3 de la categoria a l'oficina de farm\u00e0cia, en una nova formaci\u00f3 al COFB - Col\u00b7legi de Farmac\u00e8utics de Barcelona","isPartOf":{"@id":"https:\/\/www.cofb.org\/#website"},"primaryImageOfPage":{"@id":"https:\/\/novaorg.cofb.net\/2024\/06\/18\/ultims-avencos-en-dermocosmetica-i-gestio-de-la-categoria-a-loficina-de-farmacia-en-una-nova-formacio-al-cofb\/#primaryimage"},"image":{"@id":"https:\/\/novaorg.cofb.net\/2024\/06\/18\/ultims-avencos-en-dermocosmetica-i-gestio-de-la-categoria-a-loficina-de-farmacia-en-una-nova-formacio-al-cofb\/#primaryimage"},"thumbnailUrl":"https:\/\/www.cofb.org\/wp-content\/uploads\/2024\/06\/COFB_Bellesa-i-dermocosmetica_14062024_7-660x330-1.jpg","datePublished":"2024-06-18T09:35:48+00:00","dateModified":"2024-06-26T07:25:38+00:00","description":"El passat 16 de maig, el COFB va organitzar la formaci\u00f3 \u201cBellesa i dermocosm\u00e8tica a l\u2019oficina de farm\u00e0cia\u201d.","breadcrumb":{"@id":"https:\/\/novaorg.cofb.net\/2024\/06\/18\/ultims-avencos-en-dermocosmetica-i-gestio-de-la-categoria-a-loficina-de-farmacia-en-una-nova-formacio-al-cofb\/#breadcrumb"},"inLanguage":"ca","potentialAction":[{"@type":"ReadAction","target":["https:\/\/novaorg.cofb.net\/2024\/06\/18\/ultims-avencos-en-dermocosmetica-i-gestio-de-la-categoria-a-loficina-de-farmacia-en-una-nova-formacio-al-cofb\/"]}]},{"@type":"ImageObject","inLanguage":"ca","@id":"https:\/\/novaorg.cofb.net\/2024\/06\/18\/ultims-avencos-en-dermocosmetica-i-gestio-de-la-categoria-a-loficina-de-farmacia-en-una-nova-formacio-al-cofb\/#primaryimage","url":"https:\/\/www.cofb.org\/wp-content\/uploads\/2024\/06\/COFB_Bellesa-i-dermocosmetica_14062024_7-660x330-1.jpg","contentUrl":"https:\/\/www.cofb.org\/wp-content\/uploads\/2024\/06\/COFB_Bellesa-i-dermocosmetica_14062024_7-660x330-1.jpg","width":660,"height":330},{"@type":"BreadcrumbList","@id":"https:\/\/novaorg.cofb.net\/2024\/06\/18\/ultims-avencos-en-dermocosmetica-i-gestio-de-la-categoria-a-loficina-de-farmacia-en-una-nova-formacio-al-cofb\/#breadcrumb","itemListElement":[{"@type":"ListItem","position":1,"name":"Inici","item":"https:\/\/novaorg.cofb.net\/"},{"@type":"ListItem","position":2,"name":"\u00daltims aven\u00e7os en dermocosm\u00e8tica i gesti\u00f3 de la categoria a l&#8217;oficina de farm\u00e0cia, en una nova formaci\u00f3 al COFB"}]},{"@type":"WebSite","@id":"https:\/\/www.cofb.org\/#website","url":"https:\/\/www.cofb.org\/","name":"Col\u00b7legi de Farmac\u00e8utics de Barcelona","description":"","publisher":{"@id":"https:\/\/www.cofb.org\/#organization"},"potentialAction":[{"@type":"SearchAction","target":{"@type":"EntryPoint","urlTemplate":"https:\/\/www.cofb.org\/?s={search_term_string}"},"query-input":"required name=search_term_string"}],"inLanguage":"ca"},{"@type":"Organization","@id":"https:\/\/www.cofb.org\/#organization","name":"Col\u00b7legi de Farmac\u00e8utics de Barcelona","url":"https:\/\/www.cofb.org\/","logo":{"@type":"ImageObject","inLanguage":"ca","@id":"https:\/\/www.cofb.org\/#\/schema\/logo\/image\/","url":"https:\/\/www.cofb.org\/wp-content\/uploads\/2023\/11\/cropped-Logotip-COFB.png","contentUrl":"https:\/\/www.cofb.org\/wp-content\/uploads\/2023\/11\/cropped-Logotip-COFB.png","width":500,"height":105,"caption":"Col\u00b7legi de Farmac\u00e8utics de Barcelona"},"image":{"@id":"https:\/\/www.cofb.org\/#\/schema\/logo\/image\/"},"sameAs":["https:\/\/www.facebook.com\/farmaceuticsbcn\/","https:\/\/twitter.com\/farmaceuticsbcn","https:\/\/www.instagram.com\/farmaceuticsbcn\/","https:\/\/www.linkedin.com\/company\/farmaceuticsbcn\/"]},{"@type":"Person","@id":"https:\/\/www.cofb.org\/#\/schema\/person\/22ed7eea88da74b0fa4d3154ad87ffcb","name":"wpAdminCofbOrg","image":{"@type":"ImageObject","inLanguage":"ca","@id":"https:\/\/www.cofb.org\/#\/schema\/person\/image\/","url":"https:\/\/secure.gravatar.com\/avatar\/1721b20b3b8ca882c3b56ec6c978c594fff670e40c0718e9190eaeeb76aae7d8?s=96&d=mm&r=g","contentUrl":"https:\/\/secure.gravatar.com\/avatar\/1721b20b3b8ca882c3b56ec6c978c594fff670e40c0718e9190eaeeb76aae7d8?s=96&d=mm&r=g","caption":"wpAdminCofbOrg"},"sameAs":["http:\/\/192.168.64.122\/wordpress"],"url":"https:\/\/www.cofb.org\/ca\/author\/wpadmincofborg\/"}]}},"uagb_featured_image_src":{"full":["https:\/\/www.cofb.org\/wp-content\/uploads\/2024\/06\/COFB_Bellesa-i-dermocosmetica_14062024_7-660x330-1.jpg",660,330,false],"thumbnail":["https:\/\/www.cofb.org\/wp-content\/uploads\/2024\/06\/COFB_Bellesa-i-dermocosmetica_14062024_7-660x330-1-150x150.jpg",150,150,true],"medium":["https:\/\/www.cofb.org\/wp-content\/uploads\/2024\/06\/COFB_Bellesa-i-dermocosmetica_14062024_7-660x330-1-300x150.jpg",300,150,true],"medium_large":["https:\/\/www.cofb.org\/wp-content\/uploads\/2024\/06\/COFB_Bellesa-i-dermocosmetica_14062024_7-660x330-1.jpg",660,330,false],"large":["https:\/\/www.cofb.org\/wp-content\/uploads\/2024\/06\/COFB_Bellesa-i-dermocosmetica_14062024_7-660x330-1.jpg",660,330,false],"1536x1536":["https:\/\/www.cofb.org\/wp-content\/uploads\/2024\/06\/COFB_Bellesa-i-dermocosmetica_14062024_7-660x330-1.jpg",660,330,false],"2048x2048":["https:\/\/www.cofb.org\/wp-content\/uploads\/2024\/06\/COFB_Bellesa-i-dermocosmetica_14062024_7-660x330-1.jpg",660,330,false],"trp-custom-language-flag":["https:\/\/www.cofb.org\/wp-content\/uploads\/2024\/06\/COFB_Bellesa-i-dermocosmetica_14062024_7-660x330-1-18x9.jpg",18,9,true]},"uagb_author_info":{"display_name":"wpAdminCofbOrg","author_link":"https:\/\/www.cofb.org\/ca\/author\/wpadmincofborg\/"},"uagb_comment_info":0,"uagb_excerpt":"El passat 16 de maig, el Col\u00b7legi de Farmac\u00e8utics de Barcelona (COFB) va organitzar la formaci\u00f3 \u201cBellesa i dermocosm\u00e8tica a l\u2019oficina de farm\u00e0cia\u201d amb el patrocini de Beauty Cluster i VPV Visibilidad en el Punto de Venta i la col\u00b7laboraci\u00f3 de MartiDerm, Beter, Olistic i IM Farmacias. La jornada, adre\u00e7ada [&hellip;]","_links":{"self":[{"href":"https:\/\/www.cofb.org\/ca\/wp-json\/wp\/v2\/posts\/78256","targetHints":{"allow":["GET"]}}],"collection":[{"href":"https:\/\/www.cofb.org\/ca\/wp-json\/wp\/v2\/posts"}],"about":[{"href":"https:\/\/www.cofb.org\/ca\/wp-json\/wp\/v2\/types\/post"}],"author":[{"embeddable":true,"href":"https:\/\/www.cofb.org\/ca\/wp-json\/wp\/v2\/users\/1"}],"replies":[{"embeddable":true,"href":"https:\/\/www.cofb.org\/ca\/wp-json\/wp\/v2\/comments?post=78256"}],"version-history":[{"count":1,"href":"https:\/\/www.cofb.org\/ca\/wp-json\/wp\/v2\/posts\/78256\/revisions"}],"predecessor-version":[{"id":78265,"href":"https:\/\/www.cofb.org\/ca\/wp-json\/wp\/v2\/posts\/78256\/revisions\/78265"}],"wp:featuredmedia":[{"embeddable":true,"href":"https:\/\/www.cofb.org\/ca\/wp-json\/wp\/v2\/media\/78264"}],"wp:attachment":[{"href":"https:\/\/www.cofb.org\/ca\/wp-json\/wp\/v2\/media?parent=78256"}],"wp:term":[{"taxonomy":"category","embeddable":true,"href":"https:\/\/www.cofb.org\/ca\/wp-json\/wp\/v2\/categories?post=78256"},{"taxonomy":"post_tag","embeddable":true,"href":"https:\/\/www.cofb.org\/ca\/wp-json\/wp\/v2\/tags?post=78256"}],"curies":[{"name":"wp","href":"https:\/\/api.w.org\/{rel}","templated":true}]}}