{"id":77943,"date":"2018-04-26T12:29:00","date_gmt":"2018-04-26T12:29:00","guid":{"rendered":"https:\/\/novaorg.cofb.net\/2018\/04\/26\/farmaceutics-metges-infermeres-i-odontolegs-signen-un-manifest-en-defensa-de-les-vacunes-2\/"},"modified":"2018-04-26T12:29:00","modified_gmt":"2018-04-26T12:29:00","slug":"farmaceutics-metges-infermeres-i-odontolegs-signen-un-manifest-en-defensa-de-les-vacunes-2","status":"publish","type":"post","link":"https:\/\/www.cofb.org\/ca\/2018\/04\/26\/farmaceutics-metges-infermeres-i-odontolegs-signen-un-manifest-en-defensa-de-les-vacunes-2\/","title":{"rendered":"Farmac\u00e8utics, metges, infermeres i odont\u00f2legs signen un manifest en defensa de les vacunes"},"content":{"rendered":"<p>\u00a0<\/p>\n<p><strong>Amb motiu de la Setmana Mundial de la Immunitzaci\u00f3<\/strong><\/p>\n<p>El Consell de Col\u00b7legis Farmac\u00e8utics de Catalunya (del qual forma part el Col\u00b7legi de Farmac\u00e8utics de Barcelona), s&#8217;ha adherit al manifest conjunt del Consell de Col\u00b7legis de Metges de Catalunya, el Consell de Col\u00b7legis d&#8217;Infermeres i Infermers de Catalunya i el Col\u00b7legi d&#8217;Odont\u00f2legs i Estomat\u00f2legs de Catalunya.<\/p>\n<p><strong>Protegits col\u00b7lectivament: #LesVacunesFuncionen<\/strong><\/p>\n<p>Les vacunes salven milions de vides, redueixen la c\u00e0rrega de malaltia i contribueixen decisivament a millorar l\u2019esperan\u00e7a de vida. La vacunaci\u00f3 \u00e9s una de les intervencions sanit\u00e0ries m\u00e9s segures, m\u00e9s efectives i amb un millor \u00edndex de cost-efectivitat de qu\u00e8 disposem.<\/p>\n<div>La Setmana Mundial de la Immunitzaci\u00f3, del 23 al 28 d\u2019abril, t\u00e9 l\u2019objectiu de posar de manifest les accions col\u00b7lectives necess\u00e0ries per garantir que tots estem protegits en front de les malalties infeccioses que es poden prevenir mitjan\u00e7ant la vacunaci\u00f3, tant en la infantesa com en la vida adulta i en determinats \u00e0mbits laborals, especialment el dels professionals sanitaris. El lema d\u2019aquest any 2018 \u00e9s Protegits col\u00b7lectivament: #LesVacunesFuncionen.<\/div>\n<p>\u00a0<\/p>\n<div>A Catalunya, la normalitat \u00e9s que la poblaci\u00f3 es vacuni. Aquest \u00e9s un fet de gran rellev\u00e0ncia i responsabilitat socials, tant des del punt de vista individual com col\u00b7lectiu. Les cobertures vacunals del calendari com\u00fa infantil s\u00f3n superiors al 95%, cosa que ens permet gaudir de l\u2019anomenada immunitat de grup: els pares que vacunen els seus fills ajuden solid\u00e0riament a qu\u00e8 els infants que no es poden vacunar per indicaci\u00f3 m\u00e8dica (degut a causes com al\u00b7l\u00e8rgies, immunodepressi\u00f3, etc.) estiguin protegits.<\/div>\n<p>\u00a0<\/p>\n<div>Per\u00f2 tamb\u00e9 aix\u00ed es protegeixen indirectament aquells infants als quals els seus pares decideixen no vacunar adequadament, fenomen que es coneix com a retic\u00e8ncia a la vacunaci\u00f3. La disseminaci\u00f3 r\u00e0pida i irresponsable d\u2019informaci\u00f3 falsa, afavorida darrerament per les xarxes socials, que hi ha al darrera d\u2019aquest fenomen s\u2019ha de combatre i respondre amb rigor i amb evid\u00e8ncies cient\u00edfiques. Si disminueixen les taxes de vacunaci\u00f3, perdem la immunitat de grup i augmenta el risc d\u2019epid\u00e8mies, com est\u00e0 passant a Fran\u00e7a o a It\u00e0lia amb el xarampi\u00f3.<\/div>\n<p>\u00a0<\/p>\n<div>En el m\u00f3n de la salut p\u00fablica i de les vacunes, la falsa ci\u00e8ncia comporta danys reals. Els professionals sanitaris som la font principal d\u2019informaci\u00f3 per a la poblaci\u00f3 a la qual servim. Hem d\u2019estar sempre ben informats i formats per poder mantenir la confian\u00e7a que els ciutadans i les ciutadanes ens fan cada dia.<\/div>\n<p>\u00a0<\/p>\n<div>Els representants dels col\u00b7lectius professionals sanitaris de Catalunya implicats de manera directa amb la vacunaci\u00f3 donem ple suport a la recomanaci\u00f3 que fan la Comissi\u00f3 Europea i el Parlament Europeu per tal que millorin les taxes de vacunaci\u00f3 d\u2019infants, adults i professionals, s\u2019afronti l\u2019amena\u00e7a que per a la salut de tots suposa la retic\u00e8ncia a la vacunaci\u00f3 i es treballi per arribar a un calendari i a un registre comuns de vacunaci\u00f3 a la Uni\u00f3 Europea.<\/div>\n<p>\u00a0<\/p>\n<div><strong>Protegir-se \u00e9s protegir-nos: les vacunes salven vides.<\/strong><\/div>\n<div><strong>\u00a0<\/strong><\/div>\n<div><strong><\/strong><\/div>\n<p>\u00a0Amb motiu de la Setmana Mundial de la Immunitzaci\u00f3<\/p>\n<p>El Consell de Col\u00b7legis Farmac\u00e8utics de Catalunya (del qual forma part el Col\u00b7legi de Farmac\u00e8utics de Barcelona), s&#8217;ha adherit al manifest conjunt del Consell de Col\u00b7legis de Metges de Catalunya, el Consell de Col\u00b7legis d&#8217;Infermeres i Infermers de Catalunya i el Col\u00b7legi d&#8217;Odont\u00f2legs i Estomat\u00f2legs de Catalunya.<\/p>\n<p>Protegits col\u00b7lectivament: #LesVacunesFuncionen<\/p>\n<p>Les vacunes salven milions de vides, redueixen la c\u00e0rrega de malaltia i contribueixen decisivament a millorar l\u2019esperan\u00e7a de vida. La vacunaci\u00f3 \u00e9s una de les intervencions sanit\u00e0ries m\u00e9s segures, m\u00e9s efectives i amb un millor \u00edndex de cost-efectivitat de qu\u00e8 disposem.<\/p>\n<p>La Setmana Mundial de la Immunitzaci\u00f3, del 23 al 28 d\u2019abril, t\u00e9 l\u2019objectiu de posar de manifest les accions col\u00b7lectives necess\u00e0ries per garantir que tots estem protegits en front de les malalties infeccioses que es poden prevenir mitjan\u00e7ant la vacunaci\u00f3, tant en la infantesa com en la vida adulta i en determinats \u00e0mbits laborals, especialment el dels professionals sanitaris. El lema d\u2019aquest any 2018 \u00e9s Protegits col\u00b7lectivament: #LesVacunesFuncionen.<br \/>\n\u00a0<\/p>\n<p>A Catalunya, la normalitat \u00e9s que la poblaci\u00f3 es vacuni. Aquest \u00e9s un fet de gran rellev\u00e0ncia i responsabilitat socials, tant des del punt de vista individual com col\u00b7lectiu. Les cobertures vacunals del calendari com\u00fa infantil s\u00f3n superiors al 95%, cosa que ens permet gaudir de l\u2019anomenada immunitat de grup: els pares que vacunen els seus fills ajuden solid\u00e0riament a qu\u00e8 els infants que no es poden vacunar per indicaci\u00f3 m\u00e8dica (degut a causes com al\u00b7l\u00e8rgies, immunodepressi\u00f3, etc.) estiguin protegits.<br \/>\n\u00a0<\/p>\n<p>Per\u00f2 tamb\u00e9 aix\u00ed es protegeixen indirectament aquells infants als quals els seus pares decideixen no vacunar adequadament, fenomen que es coneix com a retic\u00e8ncia a la vacunaci\u00f3. La disseminaci\u00f3 r\u00e0pida i irresponsable d\u2019informaci\u00f3 falsa, afavorida darrerament per les xarxes socials, que hi ha al darrera d\u2019aquest fenomen s\u2019ha de combatre i respondre amb rigor i amb evid\u00e8ncies cient\u00edfiques. Si disminueixen les taxes de vacunaci\u00f3, perdem la immunitat de grup i augmenta el risc d\u2019epid\u00e8mies, com est\u00e0 passant a Fran\u00e7a o a It\u00e0lia amb el xarampi\u00f3.<br \/>\n\u00a0<\/p>\n<p>En el m\u00f3n de la salut p\u00fablica i de les vacunes, la falsa ci\u00e8ncia comporta danys reals. Els professionals sanitaris som la font principal d\u2019informaci\u00f3 per a la poblaci\u00f3 a la qual servim. Hem d\u2019estar sempre ben informats i formats per poder mantenir la confian\u00e7a que els ciutadans i les ciutadanes ens fan cada dia.<br \/>\n\u00a0<\/p>\n<p>Els representants dels col\u00b7lectius professionals sanitaris de Catalunya implicats de manera directa amb la vacunaci\u00f3 donem ple suport a la recomanaci\u00f3 que fan la Comissi\u00f3 Europea i el Parlament Europeu per tal que millorin les taxes de vacunaci\u00f3 d\u2019infants, adults i professionals, s\u2019afronti l\u2019amena\u00e7a que per a la salut de tots suposa la retic\u00e8ncia a la vacunaci\u00f3 i es treballi per arribar a un calendari i a un registre comuns de vacunaci\u00f3 a la Uni\u00f3 Europea.<br \/>\n\u00a0<\/p>\n<p>Protegir-se \u00e9s protegir-nos: les vacunes salven vides.<\/p>\n<p>\u00a0\u00a0\u00a0COFB.ORG<\/p>","protected":false},"excerpt":{"rendered":"<p>\u00a0 Amb motiu de la Setmana Mundial de la Immunitzaci\u00f3 El Consell de Col\u00b7legis Farmac\u00e8utics de Catalunya (del qual forma part el Col\u00b7legi de Farmac\u00e8utics de Barcelona), s&#8217;ha adherit al manifest conjunt del Consell de Col\u00b7legis de Metges de Catalunya, el Consell de Col\u00b7legis d&#8217;Infermeres i Infermers de Catalunya i [&hellip;]<\/p>\n","protected":false},"author":1,"featured_media":0,"comment_status":"","ping_status":"","sticky":false,"template":"","format":"standard","meta":{"_uag_custom_page_level_css":"","site-sidebar-layout":"default","site-content-layout":"","ast-site-content-layout":"default","site-content-style":"default","site-sidebar-style":"default","ast-global-header-display":"","ast-banner-title-visibility":"","ast-main-header-display":"","ast-hfb-above-header-display":"","ast-hfb-below-header-display":"","ast-hfb-mobile-header-display":"","site-post-title":"","ast-breadcrumbs-content":"","ast-featured-img":"disabled","footer-sml-layout":"","theme-transparent-header-meta":"","adv-header-id-meta":"","stick-header-meta":"","header-above-stick-meta":"","header-main-stick-meta":"","header-below-stick-meta":"","astra-migrate-meta-layouts":"default","ast-page-background-enabled":"default","ast-page-background-meta":{"desktop":{"background-color":"var(--ast-global-color-4)","background-image":"","background-repeat":"repeat","background-position":"center center","background-size":"auto","background-attachment":"scroll","background-type":"","background-media":"","overlay-type":"","overlay-color":"","overlay-opacity":"","overlay-gradient":""},"tablet":{"background-color":"","background-image":"","background-repeat":"repeat","background-position":"center center","background-size":"auto","background-attachment":"scroll","background-type":"","background-media":"","overlay-type":"","overlay-color":"","overlay-opacity":"","overlay-gradient":""},"mobile":{"background-color":"","background-image":"","background-repeat":"repeat","background-position":"center center","background-size":"auto","background-attachment":"scroll","background-type":"","background-media":"","overlay-type":"","overlay-color":"","overlay-opacity":"","overlay-gradient":""}},"ast-content-background-meta":{"desktop":{"background-color":"var(--ast-global-color-5)","background-image":"","background-repeat":"repeat","background-position":"center center","background-size":"auto","background-attachment":"scroll","background-type":"","background-media":"","overlay-type":"","overlay-color":"","overlay-opacity":"","overlay-gradient":""},"tablet":{"background-color":"var(--ast-global-color-5)","background-image":"","background-repeat":"repeat","background-position":"center center","background-size":"auto","background-attachment":"scroll","background-type":"","background-media":"","overlay-type":"","overlay-color":"","overlay-opacity":"","overlay-gradient":""},"mobile":{"background-color":"var(--ast-global-color-5)","background-image":"","background-repeat":"repeat","background-position":"center center","background-size":"auto","background-attachment":"scroll","background-type":"","background-media":"","overlay-type":"","overlay-color":"","overlay-opacity":"","overlay-gradient":""}},"footnotes":""},"categories":[1060,1066],"tags":[],"class_list":["post-77943","post","type-post","status-publish","format-standard","hentry","category-notes-premsa","category-sense-categoria-ca"],"yoast_head":"<!-- This site is optimized with the Yoast SEO plugin v22.4 - https:\/\/yoast.com\/wordpress\/plugins\/seo\/ -->\n<title>Farmac\u00e8utics, metges, infermeres i odont\u00f2legs signen un manifest en defensa de les vacunes - Col\u00b7legi de Farmac\u00e8utics de Barcelona<\/title>\n<meta name=\"robots\" content=\"index, follow, max-snippet:-1, max-image-preview:large, max-video-preview:-1\" \/>\n<link rel=\"canonical\" href=\"https:\/\/novaorg.cofb.net\/2018\/04\/26\/farmaceutics-metges-infermeres-i-odontolegs-signen-un-manifest-en-defensa-de-les-vacunes-2\/\" \/>\n<meta property=\"og:locale\" content=\"ca_ES\" \/>\n<meta property=\"og:type\" content=\"article\" \/>\n<meta property=\"og:title\" content=\"Farmac\u00e8utics, metges, infermeres i odont\u00f2legs signen un manifest en defensa de les vacunes - Col\u00b7legi de Farmac\u00e8utics de Barcelona\" \/>\n<meta property=\"og:description\" content=\"\u00a0 Amb motiu de la Setmana Mundial de la Immunitzaci\u00f3 El Consell de Col\u00b7legis Farmac\u00e8utics de Catalunya (del qual forma part el Col\u00b7legi de Farmac\u00e8utics de Barcelona), s&#8217;ha adherit al manifest conjunt del Consell de Col\u00b7legis de Metges de Catalunya, el Consell de Col\u00b7legis d&#8217;Infermeres i Infermers de Catalunya i [&hellip;]\" \/>\n<meta property=\"og:url\" content=\"https:\/\/novaorg.cofb.net\/2018\/04\/26\/farmaceutics-metges-infermeres-i-odontolegs-signen-un-manifest-en-defensa-de-les-vacunes-2\/\" \/>\n<meta property=\"og:site_name\" content=\"Col\u00b7legi de Farmac\u00e8utics de Barcelona\" \/>\n<meta property=\"article:publisher\" content=\"https:\/\/www.facebook.com\/farmaceuticsbcn\/\" \/>\n<meta property=\"article:published_time\" content=\"2018-04-26T12:29:00+00:00\" \/>\n<meta name=\"author\" content=\"wpAdminCofbOrg\" \/>\n<meta name=\"twitter:card\" content=\"summary_large_image\" \/>\n<meta name=\"twitter:creator\" content=\"@farmaceuticsbcn\" \/>\n<meta name=\"twitter:site\" content=\"@farmaceuticsbcn\" \/>\n<meta name=\"twitter:label1\" content=\"Escrit per\" \/>\n\t<meta name=\"twitter:data1\" content=\"wpAdminCofbOrg\" \/>\n\t<meta name=\"twitter:label2\" content=\"Temps estimat de lectura\" \/>\n\t<meta name=\"twitter:data2\" content=\"5 minuts\" \/>\n<script type=\"application\/ld+json\" class=\"yoast-schema-graph\">{\"@context\":\"https:\/\/schema.org\",\"@graph\":[{\"@type\":\"Article\",\"@id\":\"https:\/\/novaorg.cofb.net\/2018\/04\/26\/farmaceutics-metges-infermeres-i-odontolegs-signen-un-manifest-en-defensa-de-les-vacunes-2\/#article\",\"isPartOf\":{\"@id\":\"https:\/\/novaorg.cofb.net\/2018\/04\/26\/farmaceutics-metges-infermeres-i-odontolegs-signen-un-manifest-en-defensa-de-les-vacunes-2\/\"},\"author\":{\"name\":\"wpAdminCofbOrg\",\"@id\":\"https:\/\/www.cofb.org\/#\/schema\/person\/22ed7eea88da74b0fa4d3154ad87ffcb\"},\"headline\":\"Farmac\u00e8utics, metges, infermeres i odont\u00f2legs signen un manifest en defensa de les vacunes\",\"datePublished\":\"2018-04-26T12:29:00+00:00\",\"dateModified\":\"2018-04-26T12:29:00+00:00\",\"mainEntityOfPage\":{\"@id\":\"https:\/\/novaorg.cofb.net\/2018\/04\/26\/farmaceutics-metges-infermeres-i-odontolegs-signen-un-manifest-en-defensa-de-les-vacunes-2\/\"},\"wordCount\":1065,\"publisher\":{\"@id\":\"https:\/\/www.cofb.org\/#organization\"},\"articleSection\":[\"Notes de premsa\"],\"inLanguage\":\"ca\"},{\"@type\":\"WebPage\",\"@id\":\"https:\/\/novaorg.cofb.net\/2018\/04\/26\/farmaceutics-metges-infermeres-i-odontolegs-signen-un-manifest-en-defensa-de-les-vacunes-2\/\",\"url\":\"https:\/\/novaorg.cofb.net\/2018\/04\/26\/farmaceutics-metges-infermeres-i-odontolegs-signen-un-manifest-en-defensa-de-les-vacunes-2\/\",\"name\":\"Farmac\u00e8utics, metges, infermeres i odont\u00f2legs signen un manifest en defensa de les vacunes - Col\u00b7legi de Farmac\u00e8utics de Barcelona\",\"isPartOf\":{\"@id\":\"https:\/\/www.cofb.org\/#website\"},\"datePublished\":\"2018-04-26T12:29:00+00:00\",\"dateModified\":\"2018-04-26T12:29:00+00:00\",\"breadcrumb\":{\"@id\":\"https:\/\/novaorg.cofb.net\/2018\/04\/26\/farmaceutics-metges-infermeres-i-odontolegs-signen-un-manifest-en-defensa-de-les-vacunes-2\/#breadcrumb\"},\"inLanguage\":\"ca\",\"potentialAction\":[{\"@type\":\"ReadAction\",\"target\":[\"https:\/\/novaorg.cofb.net\/2018\/04\/26\/farmaceutics-metges-infermeres-i-odontolegs-signen-un-manifest-en-defensa-de-les-vacunes-2\/\"]}]},{\"@type\":\"BreadcrumbList\",\"@id\":\"https:\/\/novaorg.cofb.net\/2018\/04\/26\/farmaceutics-metges-infermeres-i-odontolegs-signen-un-manifest-en-defensa-de-les-vacunes-2\/#breadcrumb\",\"itemListElement\":[{\"@type\":\"ListItem\",\"position\":1,\"name\":\"Inici\",\"item\":\"https:\/\/novaorg.cofb.net\/\"},{\"@type\":\"ListItem\",\"position\":2,\"name\":\"Farmac\u00e8utics, metges, infermeres i odont\u00f2legs signen un manifest en defensa de les vacunes\"}]},{\"@type\":\"WebSite\",\"@id\":\"https:\/\/www.cofb.org\/#website\",\"url\":\"https:\/\/www.cofb.org\/\",\"name\":\"Col\u00b7legi de Farmac\u00e8utics de Barcelona\",\"description\":\"\",\"publisher\":{\"@id\":\"https:\/\/www.cofb.org\/#organization\"},\"potentialAction\":[{\"@type\":\"SearchAction\",\"target\":{\"@type\":\"EntryPoint\",\"urlTemplate\":\"https:\/\/www.cofb.org\/?s={search_term_string}\"},\"query-input\":\"required name=search_term_string\"}],\"inLanguage\":\"ca\"},{\"@type\":\"Organization\",\"@id\":\"https:\/\/www.cofb.org\/#organization\",\"name\":\"Col\u00b7legi de Farmac\u00e8utics de Barcelona\",\"url\":\"https:\/\/www.cofb.org\/\",\"logo\":{\"@type\":\"ImageObject\",\"inLanguage\":\"ca\",\"@id\":\"https:\/\/www.cofb.org\/#\/schema\/logo\/image\/\",\"url\":\"https:\/\/www.cofb.org\/wp-content\/uploads\/2023\/11\/cropped-Logotip-COFB.png\",\"contentUrl\":\"https:\/\/www.cofb.org\/wp-content\/uploads\/2023\/11\/cropped-Logotip-COFB.png\",\"width\":500,\"height\":105,\"caption\":\"Col\u00b7legi de Farmac\u00e8utics de Barcelona\"},\"image\":{\"@id\":\"https:\/\/www.cofb.org\/#\/schema\/logo\/image\/\"},\"sameAs\":[\"https:\/\/www.facebook.com\/farmaceuticsbcn\/\",\"https:\/\/twitter.com\/farmaceuticsbcn\",\"https:\/\/www.instagram.com\/farmaceuticsbcn\/\",\"https:\/\/www.linkedin.com\/company\/farmaceuticsbcn\/\"]},{\"@type\":\"Person\",\"@id\":\"https:\/\/www.cofb.org\/#\/schema\/person\/22ed7eea88da74b0fa4d3154ad87ffcb\",\"name\":\"wpAdminCofbOrg\",\"image\":{\"@type\":\"ImageObject\",\"inLanguage\":\"ca\",\"@id\":\"https:\/\/www.cofb.org\/#\/schema\/person\/image\/\",\"url\":\"https:\/\/secure.gravatar.com\/avatar\/1721b20b3b8ca882c3b56ec6c978c594fff670e40c0718e9190eaeeb76aae7d8?s=96&d=mm&r=g\",\"contentUrl\":\"https:\/\/secure.gravatar.com\/avatar\/1721b20b3b8ca882c3b56ec6c978c594fff670e40c0718e9190eaeeb76aae7d8?s=96&d=mm&r=g\",\"caption\":\"wpAdminCofbOrg\"},\"sameAs\":[\"http:\/\/192.168.64.122\/wordpress\"],\"url\":\"https:\/\/www.cofb.org\/ca\/author\/wpadmincofborg\/\"}]}<\/script>\n<!-- \/ Yoast SEO plugin. -->","yoast_head_json":{"title":"Farmac\u00e8utics, metges, infermeres i odont\u00f2legs signen un manifest en defensa de les vacunes - Col\u00b7legi de Farmac\u00e8utics de Barcelona","robots":{"index":"index","follow":"follow","max-snippet":"max-snippet:-1","max-image-preview":"max-image-preview:large","max-video-preview":"max-video-preview:-1"},"canonical":"https:\/\/novaorg.cofb.net\/2018\/04\/26\/farmaceutics-metges-infermeres-i-odontolegs-signen-un-manifest-en-defensa-de-les-vacunes-2\/","og_locale":"ca_ES","og_type":"article","og_title":"Farmac\u00e8utics, metges, infermeres i odont\u00f2legs signen un manifest en defensa de les vacunes - Col\u00b7legi de Farmac\u00e8utics de Barcelona","og_description":"\u00a0 Amb motiu de la Setmana Mundial de la Immunitzaci\u00f3 El Consell de Col\u00b7legis Farmac\u00e8utics de Catalunya (del qual forma part el Col\u00b7legi de Farmac\u00e8utics de Barcelona), s&#8217;ha adherit al manifest conjunt del Consell de Col\u00b7legis de Metges de Catalunya, el Consell de Col\u00b7legis d&#8217;Infermeres i Infermers de Catalunya i [&hellip;]","og_url":"https:\/\/novaorg.cofb.net\/2018\/04\/26\/farmaceutics-metges-infermeres-i-odontolegs-signen-un-manifest-en-defensa-de-les-vacunes-2\/","og_site_name":"Col\u00b7legi de Farmac\u00e8utics de Barcelona","article_publisher":"https:\/\/www.facebook.com\/farmaceuticsbcn\/","article_published_time":"2018-04-26T12:29:00+00:00","author":"wpAdminCofbOrg","twitter_card":"summary_large_image","twitter_creator":"@farmaceuticsbcn","twitter_site":"@farmaceuticsbcn","twitter_misc":{"Escrit per":"wpAdminCofbOrg","Temps estimat de lectura":"5 minuts"},"schema":{"@context":"https:\/\/schema.org","@graph":[{"@type":"Article","@id":"https:\/\/novaorg.cofb.net\/2018\/04\/26\/farmaceutics-metges-infermeres-i-odontolegs-signen-un-manifest-en-defensa-de-les-vacunes-2\/#article","isPartOf":{"@id":"https:\/\/novaorg.cofb.net\/2018\/04\/26\/farmaceutics-metges-infermeres-i-odontolegs-signen-un-manifest-en-defensa-de-les-vacunes-2\/"},"author":{"name":"wpAdminCofbOrg","@id":"https:\/\/www.cofb.org\/#\/schema\/person\/22ed7eea88da74b0fa4d3154ad87ffcb"},"headline":"Farmac\u00e8utics, metges, infermeres i odont\u00f2legs signen un manifest en defensa de les vacunes","datePublished":"2018-04-26T12:29:00+00:00","dateModified":"2018-04-26T12:29:00+00:00","mainEntityOfPage":{"@id":"https:\/\/novaorg.cofb.net\/2018\/04\/26\/farmaceutics-metges-infermeres-i-odontolegs-signen-un-manifest-en-defensa-de-les-vacunes-2\/"},"wordCount":1065,"publisher":{"@id":"https:\/\/www.cofb.org\/#organization"},"articleSection":["Notes de premsa"],"inLanguage":"ca"},{"@type":"WebPage","@id":"https:\/\/novaorg.cofb.net\/2018\/04\/26\/farmaceutics-metges-infermeres-i-odontolegs-signen-un-manifest-en-defensa-de-les-vacunes-2\/","url":"https:\/\/novaorg.cofb.net\/2018\/04\/26\/farmaceutics-metges-infermeres-i-odontolegs-signen-un-manifest-en-defensa-de-les-vacunes-2\/","name":"Farmac\u00e8utics, metges, infermeres i odont\u00f2legs signen un manifest en defensa de les vacunes - Col\u00b7legi de Farmac\u00e8utics de Barcelona","isPartOf":{"@id":"https:\/\/www.cofb.org\/#website"},"datePublished":"2018-04-26T12:29:00+00:00","dateModified":"2018-04-26T12:29:00+00:00","breadcrumb":{"@id":"https:\/\/novaorg.cofb.net\/2018\/04\/26\/farmaceutics-metges-infermeres-i-odontolegs-signen-un-manifest-en-defensa-de-les-vacunes-2\/#breadcrumb"},"inLanguage":"ca","potentialAction":[{"@type":"ReadAction","target":["https:\/\/novaorg.cofb.net\/2018\/04\/26\/farmaceutics-metges-infermeres-i-odontolegs-signen-un-manifest-en-defensa-de-les-vacunes-2\/"]}]},{"@type":"BreadcrumbList","@id":"https:\/\/novaorg.cofb.net\/2018\/04\/26\/farmaceutics-metges-infermeres-i-odontolegs-signen-un-manifest-en-defensa-de-les-vacunes-2\/#breadcrumb","itemListElement":[{"@type":"ListItem","position":1,"name":"Inici","item":"https:\/\/novaorg.cofb.net\/"},{"@type":"ListItem","position":2,"name":"Farmac\u00e8utics, metges, infermeres i odont\u00f2legs signen un manifest en defensa de les vacunes"}]},{"@type":"WebSite","@id":"https:\/\/www.cofb.org\/#website","url":"https:\/\/www.cofb.org\/","name":"Col\u00b7legi de Farmac\u00e8utics de Barcelona","description":"","publisher":{"@id":"https:\/\/www.cofb.org\/#organization"},"potentialAction":[{"@type":"SearchAction","target":{"@type":"EntryPoint","urlTemplate":"https:\/\/www.cofb.org\/?s={search_term_string}"},"query-input":"required name=search_term_string"}],"inLanguage":"ca"},{"@type":"Organization","@id":"https:\/\/www.cofb.org\/#organization","name":"Col\u00b7legi de Farmac\u00e8utics de Barcelona","url":"https:\/\/www.cofb.org\/","logo":{"@type":"ImageObject","inLanguage":"ca","@id":"https:\/\/www.cofb.org\/#\/schema\/logo\/image\/","url":"https:\/\/www.cofb.org\/wp-content\/uploads\/2023\/11\/cropped-Logotip-COFB.png","contentUrl":"https:\/\/www.cofb.org\/wp-content\/uploads\/2023\/11\/cropped-Logotip-COFB.png","width":500,"height":105,"caption":"Col\u00b7legi de Farmac\u00e8utics de Barcelona"},"image":{"@id":"https:\/\/www.cofb.org\/#\/schema\/logo\/image\/"},"sameAs":["https:\/\/www.facebook.com\/farmaceuticsbcn\/","https:\/\/twitter.com\/farmaceuticsbcn","https:\/\/www.instagram.com\/farmaceuticsbcn\/","https:\/\/www.linkedin.com\/company\/farmaceuticsbcn\/"]},{"@type":"Person","@id":"https:\/\/www.cofb.org\/#\/schema\/person\/22ed7eea88da74b0fa4d3154ad87ffcb","name":"wpAdminCofbOrg","image":{"@type":"ImageObject","inLanguage":"ca","@id":"https:\/\/www.cofb.org\/#\/schema\/person\/image\/","url":"https:\/\/secure.gravatar.com\/avatar\/1721b20b3b8ca882c3b56ec6c978c594fff670e40c0718e9190eaeeb76aae7d8?s=96&d=mm&r=g","contentUrl":"https:\/\/secure.gravatar.com\/avatar\/1721b20b3b8ca882c3b56ec6c978c594fff670e40c0718e9190eaeeb76aae7d8?s=96&d=mm&r=g","caption":"wpAdminCofbOrg"},"sameAs":["http:\/\/192.168.64.122\/wordpress"],"url":"https:\/\/www.cofb.org\/ca\/author\/wpadmincofborg\/"}]}},"uagb_featured_image_src":{"full":false,"thumbnail":false,"medium":false,"medium_large":false,"large":false,"1536x1536":false,"2048x2048":false,"trp-custom-language-flag":false},"uagb_author_info":{"display_name":"wpAdminCofbOrg","author_link":"https:\/\/www.cofb.org\/ca\/author\/wpadmincofborg\/"},"uagb_comment_info":0,"uagb_excerpt":"\u00a0 Amb motiu de la Setmana Mundial de la Immunitzaci\u00f3 El Consell de Col\u00b7legis Farmac\u00e8utics de Catalunya (del qual forma part el Col\u00b7legi de Farmac\u00e8utics de Barcelona), s&#8217;ha adherit al manifest conjunt del Consell de Col\u00b7legis de Metges de Catalunya, el Consell de Col\u00b7legis d&#8217;Infermeres i Infermers de Catalunya i [&hellip;]","_links":{"self":[{"href":"https:\/\/www.cofb.org\/ca\/wp-json\/wp\/v2\/posts\/77943","targetHints":{"allow":["GET"]}}],"collection":[{"href":"https:\/\/www.cofb.org\/ca\/wp-json\/wp\/v2\/posts"}],"about":[{"href":"https:\/\/www.cofb.org\/ca\/wp-json\/wp\/v2\/types\/post"}],"author":[{"embeddable":true,"href":"https:\/\/www.cofb.org\/ca\/wp-json\/wp\/v2\/users\/1"}],"replies":[{"embeddable":true,"href":"https:\/\/www.cofb.org\/ca\/wp-json\/wp\/v2\/comments?post=77943"}],"version-history":[{"count":0,"href":"https:\/\/www.cofb.org\/ca\/wp-json\/wp\/v2\/posts\/77943\/revisions"}],"wp:attachment":[{"href":"https:\/\/www.cofb.org\/ca\/wp-json\/wp\/v2\/media?parent=77943"}],"wp:term":[{"taxonomy":"category","embeddable":true,"href":"https:\/\/www.cofb.org\/ca\/wp-json\/wp\/v2\/categories?post=77943"},{"taxonomy":"post_tag","embeddable":true,"href":"https:\/\/www.cofb.org\/ca\/wp-json\/wp\/v2\/tags?post=77943"}],"curies":[{"name":"wp","href":"https:\/\/api.w.org\/{rel}","templated":true}]}}