{"id":77935,"date":"2018-10-02T11:17:00","date_gmt":"2018-10-02T11:17:00","guid":{"rendered":"https:\/\/novaorg.cofb.net\/2018\/10\/02\/els-farmaceutics-catalans-presenten-els-resultats-aconseguits-en-la-prevencio-i-deteccio-precoc-dels-riscos-de-patir-cancer-de-pell-diabetis-i-grip-2\/"},"modified":"2018-10-02T11:17:00","modified_gmt":"2018-10-02T11:17:00","slug":"els-farmaceutics-catalans-presenten-els-resultats-aconseguits-en-la-prevencio-i-deteccio-precoc-dels-riscos-de-patir-cancer-de-pell-diabetis-i-grip-2","status":"publish","type":"post","link":"https:\/\/www.cofb.org\/ca\/2018\/10\/02\/els-farmaceutics-catalans-presenten-els-resultats-aconseguits-en-la-prevencio-i-deteccio-precoc-dels-riscos-de-patir-cancer-de-pell-diabetis-i-grip-2\/","title":{"rendered":"Els farmac\u00e8utics catalans presenten els resultats aconseguits en la prevenci\u00f3 i detecci\u00f3 preco\u00e7 dels riscos de patir c\u00e0ncer de pell, diabetis i grip"},"content":{"rendered":"<p>\u00a0<br \/>\n\tHo van fer a trav\u00e9s d\u2019un p\u00f2ster sobre la campanya<strong> \u201cAtenci\u00f3 Diabetis\u201d<\/strong> (COFB) i un sobre la <strong>detecci\u00f3 preco\u00e7 de la grip<\/strong> a trav\u00e9s de la xarxa de<strong> farm\u00e0cies sentinella <\/strong>(CCFC) presentats al Congr\u00e9s de la Federaci\u00f3 Internacional de Farmac\u00e8utics (FIP). A m\u00e9s, la campanya<strong> \u201cAtenci\u00f3 Pell\u201d<\/strong> del COFB es va presentar en una <strong>comunicaci\u00f3 oral<\/strong><br \/>\n\t<strong>Des del 2016, les farm\u00e0cies han avaluat el risc de patir c\u00e0ncer de pell de m\u00e9s de 12.000 persones<\/strong><br \/>\n\tGr\u00e0cies a les <strong>2.354 intervencions en m\u00e9s de 300 farm\u00e0cies de Barcelona, <\/strong>es va detectar un <strong>9% de casos d\u2019hipergluc\u00e8mia <\/strong>i un <strong>20% de prediabetis<\/strong><br \/>\n\tMitjan\u00e7ant les dades registrades en l\u2019atenci\u00f3 farmac\u00e8utica a pacients amb s\u00edmptomes gripals, <strong>la xarxa de farm\u00e0cies sentinella va contribuir a detectar l\u2019inici de l\u2019epid\u00e8mia de grip a Catalunya durant la temporada 2017\/2018<\/strong><\/p>\n<p><em>Barcelona 2 d\u2019octubre del 2018.<\/em> <strong>Qu\u00e8 han aconseguit els farmac\u00e8utics de Barcelona <\/strong>amb les <strong>campanyes de prevenci\u00f3 i detecci\u00f3 preco\u00e7 <\/strong>dels riscos de patir <strong>c\u00e0ncer de pell i diabetis?<\/strong> I en clau <strong>Catalunya, qu\u00e8 ha suposat la implicaci\u00f3 <\/strong>de la <strong>xarxa de farm\u00e0cies sentinella <\/strong>en la <strong>vigil\u00e0ncia sindr\u00f2mica de la grip?<\/strong><\/p>\n<p>El <strong>Col\u00b7legi de Farmac\u00e8utics de Barcelona (COFB)<\/strong> i el<strong> Consell de Col\u00b7legis Farmac\u00e8utics de Catalunya (CCFC)<\/strong> han donat resposta a aquestes q\u00fcestions al <strong>Congr\u00e9s de la Federaci\u00f3 Internacional de Farmac\u00e8utics,<\/strong> celebrat del 2 al 6 de setembre a Glasgow. Concretament, han exposat els resultats als <strong>p\u00f2sters<\/strong> sobre la campanya<strong> \u201cAtenci\u00f3 Diabetis\u201d<\/strong> (COFB) i sobre la <strong>detecci\u00f3 preco\u00e7 de la grip <\/strong>a trav\u00e9s de la xarxa de <strong>farm\u00e0cies sentinella <\/strong>(CCFC). A m\u00e9s, Guillermo Bagar\u00eda, vicetresorer del COFB i responsable d\u2019Atenci\u00f3 farmac\u00e8utica, va realitzar la comunicaci\u00f3 oral de la campanya <strong>\u201cAtenci\u00f3 Pell\u201d.<\/strong><\/p>\n<p><strong>\u201cAtenci\u00f3 Pell\u201d: des del 2016, les farm\u00e0cies han avaluat el risc de patir c\u00e0ncer de pell de m\u00e9s de 12.000 persones<\/strong><\/p>\n<p>La <strong>campanya \u201cAtenci\u00f3 Pell\u201d, <\/strong>impulsada conjuntament pel COFB i l\u2019Hospital Cl\u00ednic de Barcelona, amb el patrocini d\u2019Almirall, Av\u00e8ne, Ladival i La Roche-Posay, ja ha celebrat <strong>tres edicions <\/strong>(2016, 2017 i 2018). L\u2019objectiu consisteix a prevenir i <strong>detectar els riscos de patir un c\u00e0ncer de pell,<\/strong> el m\u00e9s freq\u00fcent al nostre pa\u00eds, per\u00f2 dels que presenta millors perspectives de curaci\u00f3 si es detecta preco\u00e7ment.<\/p>\n<p><strong>Resultats<\/strong><\/p>\n<p><strong>Des del 2016, les farm\u00e0cies han avaluat el risc de patir c\u00e0ncer de pell de m\u00e9s de 12.000 persones.<\/strong> Els farmac\u00e8utics, formats pr\u00e8viament en aquest camp, ho han fet a trav\u00e9s de q\u00fcestionaris de salut i examinant lesions pigmentades dels bra\u00e7os amb l\u2019ajuda d\u2019eines com una regleta dermatol\u00f2gica.<\/p>\n<p>Al llarg d\u2019aquests anys, en qu\u00e8<strong> la implicaci\u00f3 de les farm\u00e0cies ha anat en augment (276 el 2016, 387 el 2017 i 504 el 2018),<\/strong> les dades mostren tamb\u00e9 que hi ha hagut un<strong> increment dels h\u00e0bits de protecci\u00f3 solar <\/strong>pel que fa a la<strong> freq\u00fc\u00e8ncia d\u2019\u00fas de fotoprotector <\/strong>o<strong> la proporci\u00f3 d\u2019usuaris que n\u2019utilitza quan pren el sol.<\/strong> Enguany, hi han participat <strong>2.579 persones <\/strong>i s\u2019ha pogut determinar que<strong> el 55% prenia medicaments fotosensibilitzants <\/strong>-f\u00e0rmacs que augmenten la vulnerabilitat al sol- i, d\u2019aquests, <strong>el 76% no utilitzava sempre protecci\u00f3 solar.<\/strong><\/p>\n<p><strong>Derma-Risc<\/strong><\/p>\n<p>D\u2019altra banda, entre els anys 2017 i 2018, en el marc d\u2019\u201cAtenci\u00f3 Pell\u201d, es va portar a terme l\u2019<strong>estudi Derma-Risc<\/strong> juntament amb el Servei de Dermatologia de l\u2019Hospital Cl\u00ednic, per validar els q\u00fcestionaris amb <strong>400 participants <\/strong>de la campanya. Una de les dades que es va obtenir \u00e9s que, <strong>del total de 301 persones que el farmac\u00e8utic havia classificat com a usuaris amb factors de risc, un 10% patia c\u00e0ncer de pell i, concretament, un 1,3% presentava melanoma (l\u2019equivalent a 13 casos cada 1.000 persones).<\/strong><\/p>\n<p>Tenint en compte que la incid\u00e8ncia del melanoma a Catalunya \u00e9s de 10 casos cada 100.000 habitants, les dades de l\u2019estudi demostren que <strong>la intervenci\u00f3 del farmac\u00e8utic en el cribratge de poblaci\u00f3 de risc podria contribuir a seleccionar i prioritzar les visites amb el dermat\u00f2leg i millorar la detecci\u00f3 preco\u00e7 de melanoma.<\/strong> Alhora, aquestes dades preliminars estimulen la recerca enfocada a la inclusi\u00f3 dels farmac\u00e8utics comunitaris en protocols multidisciplinaris de pr\u00e0ctica cl\u00ednica en dermatologia.<\/p>\n<p><strong>\u201cAtenci\u00f3 Diabetis\u201d: el 29% dels enquestats presentaven alteracions gluc\u00e8miques<\/strong><\/p>\n<p>La campanya<strong> \u201cAtenci\u00f3 Diabetis\u201d<\/strong> va estar organitzada conjuntament pel Col\u00b7legi de Farmac\u00e8utics de Barcelona (COFB), l\u2019Ag\u00e8ncia de Salut P\u00fablica de Catalunya (ASPCAT), la Societat Catalana de Medicina Familiar i Comunit\u00e0ria (CAMFiC), l\u2019Associaci\u00f3 Catalana de Diabetis, l\u2019Associaci\u00f3 de Diab\u00e8tics de Catalunya (Adc) i l\u2019Associaci\u00f3 d\u2019Infermeria Familiar i Comunit\u00e0ria de Catalunya (AIFiCC), amb la col\u00b7laboraci\u00f3 d\u2019Ascensia Diabetes Care i Menarini Diagnostics.<\/p>\n<p>Es va portar a terme a finals de 2017 i tenia per objectiu<strong> detectar el risc que tenien els usuaris majors de 30 anys de patir diabetis.<\/strong> Els farmac\u00e8utics comunitaris van utilitzar els seg\u00fcents indicadors: la<strong> gluc\u00e8mia basal capil\u00b7lar,<\/strong> per detectar si l\u2019usuari tenia la gluc\u00e8mia elevada en el rang de prediabetis o diabetis, i tres q\u00fcestionaris: el <strong>test de Findrisc,<\/strong> per determinar el risc de patir diabetis; el test Predimed per avaluar el grau d\u2019adhesi\u00f3 a la <strong>dieta mediterr\u00e0nia;<\/strong> i el<strong> test IPAQ <\/strong>per calcular el <strong>grau d\u2019activitat f\u00edsica.<\/strong><\/p>\n<p><strong>Resultats<\/strong><\/p>\n<p>Gr\u00e0cies a les <strong>2.354 intervencions <\/strong>a les<strong> 322 farm\u00e0cies comunit\u00e0ries,<\/strong> es va detectar un <strong>9% de casos d\u2019hipergluc\u00e8mia <\/strong>\u2013 nivell alt de glucosa en sang, que \u00e9s un dels signes diagn\u00f2stics de la diabetis- i un <strong>20% de prediabetis<\/strong> &#8211; per\u00edode asimptom\u00e0tic previ a l\u2019aparici\u00f3 de la diabetis-. Altres conclusions s\u00f3n que aquelles persones amb alteracions gluc\u00e8miques (prediab\u00e8tics i hipergluc\u00e8mics)<strong> bevien m\u00e9s vi i begudes ensucrades i feien menys activitat f\u00edsica.<\/strong> D\u2019altra banda, els hipergluc\u00e8mics consumien<strong> menys vegetals crus i menys fruits secs.<\/strong><\/p>\n<p><strong>Farm\u00e0cies sentinella: detecci\u00f3 preco\u00e7 de l\u2019inici de l\u2019epid\u00e8mia de grip<\/strong><\/p>\n<p>El <strong>Projecte de Farm\u00e0cies Sentinella,<\/strong> impulsat conjuntament pel <strong>Departament de Salut <\/strong>i el <strong>Consell de Col\u00b7legis Farmac\u00e8utics de Catalunya,<\/strong> del qual formen part<strong> 60 farm\u00e0cies repartides per tot el territori catal\u00e0,<\/strong> t\u00e9 l\u2019objectiu de <strong>vigilar l\u2019\u00fas dels medicaments i determinades malalties per contribuir a avan\u00e7ar-se als potencials problemes de salut.<\/strong><\/p>\n<p><strong>Resultats<\/strong><\/p>\n<p>A trav\u00e9s de les dades enregistrades dels pacients atesos a la farm\u00e0cia per tractar els s\u00edmptomes de la grip \u2013febre, malestar general, mal de cap, dolor a les articulacions, tos, mal de coll o dificultat respirat\u00f2ria\u2013 <strong>les farm\u00e0cies van poder contribuir a la detecci\u00f3 de l\u2019inici de l\u2019epid\u00e8mia de grip a Catalunya durant la temporada 2017-2018 en col\u00b7laboraci\u00f3 amb l&#8217;Ag\u00e8ncia de Salut P\u00fablica de Catalunya. <\/strong>En aquest per\u00edode,<strong> la xarxa de farm\u00e0cies sentinella va notificar 836 casos de sospita de grip.<\/strong><\/p>\n<p><strong>Per a m\u00e9s informaci\u00f3:<\/strong><\/p>\n<p>Departament de Comunicaci\u00f3 del Col\u00b7legi de Farmac\u00e8utics de Barcelona (COFB)<\/p>\n<p><a href=\"mailto:premsa@cofb.net\">premsa@cofb.net<\/a><\/p>\n<p>Tel\u00e8fon: 93 244 07 18\/28<\/p>\n<p>\u00a0Ho van fer a trav\u00e9s d\u2019un p\u00f2ster sobre la campanya \u201cAtenci\u00f3 Diabetis\u201d (COFB) i un sobre la detecci\u00f3 preco\u00e7 de la grip a trav\u00e9s de la xarxa de farm\u00e0cies sentinella (CCFC) presentats al Congr\u00e9s de la Federaci\u00f3 Internacional de Farmac\u00e8utics (FIP). A m\u00e9s, la campanya \u201cAtenci\u00f3 Pell\u201d del COFB es va presentar en una comunicaci\u00f3 oral<br \/>\n\tDes del 2016, les farm\u00e0cies han avaluat el risc de patir c\u00e0ncer de pell de m\u00e9s de 12.000 persones<br \/>\n\tGr\u00e0cies a les 2.354 intervencions en m\u00e9s de 300 farm\u00e0cies de Barcelona, es va detectar un 9% de casos d\u2019hipergluc\u00e8mia i un 20% de prediabetis<br \/>\n\tMitjan\u00e7ant les dades registrades en l\u2019atenci\u00f3 farmac\u00e8utica a pacients amb s\u00edmptomes gripals, la xarxa de farm\u00e0cies sentinella va contribuir a detectar l\u2019inici de l\u2019epid\u00e8mia de grip a Catalunya durant la temporada 2017\/2018<\/p>\n<p>Barcelona 2 d\u2019octubre del 2018. Qu\u00e8 han aconseguit els farmac\u00e8utics de Barcelona amb les campanyes de prevenci\u00f3 i detecci\u00f3 preco\u00e7 dels riscos de patir c\u00e0ncer de pell i diabetis? I en clau Catalunya, qu\u00e8 ha suposat la implicaci\u00f3 de la xarxa de farm\u00e0cies sentinella en la vigil\u00e0ncia sindr\u00f2mica de la grip?<\/p>\n<p>El Col\u00b7legi de Farmac\u00e8utics de Barcelona (COFB) i el Consell de Col\u00b7legis Farmac\u00e8utics de Catalunya (CCFC) han donat resposta a aquestes q\u00fcestions al Congr\u00e9s de la Federaci\u00f3 Internacional de Farmac\u00e8utics, celebrat del 2 al 6 de setembre a Glasgow. Concretament, han exposat els resultats als p\u00f2sters sobre la campanya \u201cAtenci\u00f3 Diabetis\u201d (COFB) i sobre la detecci\u00f3 preco\u00e7 de la grip a trav\u00e9s de la xarxa de farm\u00e0cies sentinella (CCFC). A m\u00e9s, Guillermo Bagar\u00eda, vicetresorer del COFB i responsable d\u2019Atenci\u00f3 farmac\u00e8utica, va realitzar la comunicaci\u00f3 oral de la campanya \u201cAtenci\u00f3 Pell\u201d.<\/p>\n<p>\u201cAtenci\u00f3 Pell\u201d: des del 2016, les farm\u00e0cies han avaluat el risc de patir c\u00e0ncer de pell de m\u00e9s de 12.000 persones<\/p>\n<p>La campanya \u201cAtenci\u00f3 Pell\u201d, impulsada conjuntament pel COFB i l\u2019Hospital Cl\u00ednic de Barcelona, amb el patrocini d\u2019Almirall, Av\u00e8ne, Ladival i La Roche-Posay, ja ha celebrat tres edicions (2016, 2017 i 2018). L\u2019objectiu consisteix a prevenir i detectar els riscos de patir un c\u00e0ncer de pell, el m\u00e9s freq\u00fcent al nostre pa\u00eds, per\u00f2 dels que presenta millors perspectives de curaci\u00f3 si es detecta preco\u00e7ment.<\/p>\n<p>Resultats<\/p>\n<p>Des del 2016, les farm\u00e0cies han avaluat el risc de patir c\u00e0ncer de pell de m\u00e9s de 12.000 persones. Els farmac\u00e8utics, formats pr\u00e8viament en aquest camp, ho han fet a trav\u00e9s de q\u00fcestionaris de salut i examinant lesions pigmentades dels bra\u00e7os amb l\u2019ajuda d\u2019eines com una regleta dermatol\u00f2gica.<\/p>\n<p>Al llarg d\u2019aquests anys, en qu\u00e8 la implicaci\u00f3 de les farm\u00e0cies ha anat en augment (276 el 2016, 387 el 2017 i 504 el 2018), les dades mostren tamb\u00e9 que hi ha hagut un increment dels h\u00e0bits de protecci\u00f3 solar pel que fa a la freq\u00fc\u00e8ncia d\u2019\u00fas de fotoprotector o la proporci\u00f3 d\u2019usuaris que n\u2019utilitza quan pren el sol. Enguany, hi han participat 2.579 persones i s\u2019ha pogut determinar que el 55% prenia medicaments fotosensibilitzants -f\u00e0rmacs que augmenten la vulnerabilitat al sol- i, d\u2019aquests, el 76% no utilitzava sempre protecci\u00f3 solar.<\/p>\n<p>Derma-Risc<\/p>\n<p>D\u2019altra banda, entre els anys 2017 i 2018, en el marc d\u2019\u201cAtenci\u00f3 Pell\u201d, es va portar a terme l\u2019estudi Derma-Risc juntament amb el Servei de Dermatologia de l\u2019Hospital Cl\u00ednic, per validar els q\u00fcestionaris amb 400 participants de la campanya. Una de les dades que es va obtenir \u00e9s que, del total de 301 persones que el farmac\u00e8utic havia classificat com a usuaris amb factors de risc, un 10% patia c\u00e0ncer de pell i, concretament, un 1,3% presentava melanoma (l\u2019equivalent a 13 casos cada 1.000 persones).<\/p>\n<p>Tenint en compte que la incid\u00e8ncia del melanoma a Catalunya \u00e9s de 10 casos cada 100.000 habitants, les dades de l\u2019estudi demostren que la intervenci\u00f3 del farmac\u00e8utic en el cribratge de poblaci\u00f3 de risc podria contribuir a seleccionar i prioritzar les visites amb el dermat\u00f2leg i millorar la detecci\u00f3 preco\u00e7 de melanoma. Alhora, aquestes dades preliminars estimulen la recerca enfocada a la inclusi\u00f3 dels farmac\u00e8utics comunitaris en protocols multidisciplinaris de pr\u00e0ctica cl\u00ednica en dermatologia.<\/p>\n<p>\u201cAtenci\u00f3 Diabetis\u201d: el 29% dels enquestats presentaven alteracions gluc\u00e8miques<\/p>\n<p>La campanya \u201cAtenci\u00f3 Diabetis\u201d va estar organitzada conjuntament pel Col\u00b7legi de Farmac\u00e8utics de Barcelona (COFB), l\u2019Ag\u00e8ncia de Salut P\u00fablica de Catalunya (ASPCAT), la Societat Catalana de Medicina Familiar i Comunit\u00e0ria (CAMFiC), l\u2019Associaci\u00f3 Catalana de Diabetis, l\u2019Associaci\u00f3 de Diab\u00e8tics de Catalunya (Adc) i l\u2019Associaci\u00f3 d\u2019Infermeria Familiar i Comunit\u00e0ria de Catalunya (AIFiCC), amb la col\u00b7laboraci\u00f3 d\u2019Ascensia Diabetes Care i Menarini Diagnostics.<\/p>\n<p>Es va portar a terme a finals de 2017 i tenia per objectiu detectar el risc que tenien els usuaris majors de 30 anys de patir diabetis. Els farmac\u00e8utics comunitaris van utilitzar els seg\u00fcents indicadors: la gluc\u00e8mia basal capil\u00b7lar, per detectar si l\u2019usuari tenia la gluc\u00e8mia elevada en el rang de prediabetis o diabetis, i tres q\u00fcestionaris: el test de Findrisc, per determinar el risc de patir diabetis; el test Predimed per avaluar el grau d\u2019adhesi\u00f3 a la dieta mediterr\u00e0nia; i el test IPAQ per calcular el grau d\u2019activitat f\u00edsica.<\/p>\n<p>Resultats<\/p>\n<p>Gr\u00e0cies a les 2.354 intervencions a les 322 farm\u00e0cies comunit\u00e0ries, es va detectar un 9% de casos d\u2019hipergluc\u00e8mia \u2013 nivell alt de glucosa en sang, que \u00e9s un dels signes diagn\u00f2stics de la diabetis- i un 20% de prediabetis &#8211; per\u00edode asimptom\u00e0tic previ a l\u2019aparici\u00f3 de la diabetis-. Altres conclusions s\u00f3n que aquelles persones amb alteracions gluc\u00e8miques (prediab\u00e8tics i hipergluc\u00e8mics) bevien m\u00e9s vi i begudes ensucrades i feien menys activitat f\u00edsica. D\u2019altra banda, els hipergluc\u00e8mics consumien menys vegetals crus i menys fruits secs.<\/p>\n<p>Farm\u00e0cies sentinella: detecci\u00f3 preco\u00e7 de l\u2019inici de l\u2019epid\u00e8mia de grip<\/p>\n<p>El Projecte de Farm\u00e0cies Sentinella, impulsat conjuntament pel Departament de Salut i el Consell de Col\u00b7legis Farmac\u00e8utics de Catalunya, del qual formen part 60 farm\u00e0cies repartides per tot el territori catal\u00e0, t\u00e9 l\u2019objectiu de vigilar l\u2019\u00fas dels medicaments i determinades malalties per contribuir a avan\u00e7ar-se als potencials problemes de salut.<\/p>\n<p>Resultats<\/p>\n<p>A trav\u00e9s de les dades enregistrades dels pacients atesos a la farm\u00e0cia per tractar els s\u00edmptomes de la grip \u2013febre, malestar general, mal de cap, dolor a les articulacions, tos, mal de coll o dificultat respirat\u00f2ria\u2013 les farm\u00e0cies van poder contribuir a la detecci\u00f3 de l\u2019inici de l\u2019epid\u00e8mia de grip a Catalunya durant la temporada 2017-2018 en col\u00b7laboraci\u00f3 amb l&#8217;Ag\u00e8ncia de Salut P\u00fablica de Catalunya. En aquest per\u00edode, la xarxa de farm\u00e0cies sentinella va notificar 836 casos de sospita de grip.<\/p>\n<p>Per a m\u00e9s informaci\u00f3:<\/p>\n<p>Departament de Comunicaci\u00f3 del Col\u00b7legi de Farmac\u00e8utics de Barcelona (COFB)<\/p>\n<p>premsa@cofb.net<\/p>\n<p>Tel\u00e8fon: 93 244 07 18\/28\u00a0\u00a0COFB.ORG<\/p>","protected":false},"excerpt":{"rendered":"<p>\u00a0 Ho van fer a trav\u00e9s d\u2019un p\u00f2ster sobre la campanya \u201cAtenci\u00f3 Diabetis\u201d (COFB) i un sobre la detecci\u00f3 preco\u00e7 de la grip a trav\u00e9s de la xarxa de farm\u00e0cies sentinella (CCFC) presentats al Congr\u00e9s de la Federaci\u00f3 Internacional de Farmac\u00e8utics (FIP). A m\u00e9s, la campanya \u201cAtenci\u00f3 Pell\u201d del COFB [&hellip;]<\/p>\n","protected":false},"author":1,"featured_media":0,"comment_status":"","ping_status":"","sticky":false,"template":"","format":"standard","meta":{"_uag_custom_page_level_css":"","site-sidebar-layout":"default","site-content-layout":"","ast-site-content-layout":"default","site-content-style":"default","site-sidebar-style":"default","ast-global-header-display":"","ast-banner-title-visibility":"","ast-main-header-display":"","ast-hfb-above-header-display":"","ast-hfb-below-header-display":"","ast-hfb-mobile-header-display":"","site-post-title":"","ast-breadcrumbs-content":"","ast-featured-img":"disabled","footer-sml-layout":"","theme-transparent-header-meta":"","adv-header-id-meta":"","stick-header-meta":"","header-above-stick-meta":"","header-main-stick-meta":"","header-below-stick-meta":"","astra-migrate-meta-layouts":"default","ast-page-background-enabled":"default","ast-page-background-meta":{"desktop":{"background-color":"var(--ast-global-color-4)","background-image":"","background-repeat":"repeat","background-position":"center center","background-size":"auto","background-attachment":"scroll","background-type":"","background-media":"","overlay-type":"","overlay-color":"","overlay-opacity":"","overlay-gradient":""},"tablet":{"background-color":"","background-image":"","background-repeat":"repeat","background-position":"center center","background-size":"auto","background-attachment":"scroll","background-type":"","background-media":"","overlay-type":"","overlay-color":"","overlay-opacity":"","overlay-gradient":""},"mobile":{"background-color":"","background-image":"","background-repeat":"repeat","background-position":"center center","background-size":"auto","background-attachment":"scroll","background-type":"","background-media":"","overlay-type":"","overlay-color":"","overlay-opacity":"","overlay-gradient":""}},"ast-content-background-meta":{"desktop":{"background-color":"var(--ast-global-color-5)","background-image":"","background-repeat":"repeat","background-position":"center center","background-size":"auto","background-attachment":"scroll","background-type":"","background-media":"","overlay-type":"","overlay-color":"","overlay-opacity":"","overlay-gradient":""},"tablet":{"background-color":"var(--ast-global-color-5)","background-image":"","background-repeat":"repeat","background-position":"center center","background-size":"auto","background-attachment":"scroll","background-type":"","background-media":"","overlay-type":"","overlay-color":"","overlay-opacity":"","overlay-gradient":""},"mobile":{"background-color":"var(--ast-global-color-5)","background-image":"","background-repeat":"repeat","background-position":"center center","background-size":"auto","background-attachment":"scroll","background-type":"","background-media":"","overlay-type":"","overlay-color":"","overlay-opacity":"","overlay-gradient":""}},"footnotes":""},"categories":[1060,1066],"tags":[],"class_list":["post-77935","post","type-post","status-publish","format-standard","hentry","category-notes-premsa","category-sense-categoria-ca"],"yoast_head":"<!-- This site is optimized with the Yoast SEO plugin v22.4 - https:\/\/yoast.com\/wordpress\/plugins\/seo\/ -->\n<title>Els farmac\u00e8utics catalans presenten els resultats aconseguits en la prevenci\u00f3 i detecci\u00f3 preco\u00e7 dels riscos de patir c\u00e0ncer de pell, diabetis i grip - Col\u00b7legi de Farmac\u00e8utics de Barcelona<\/title>\n<meta name=\"robots\" content=\"index, follow, max-snippet:-1, max-image-preview:large, max-video-preview:-1\" \/>\n<link rel=\"canonical\" href=\"https:\/\/novaorg.cofb.net\/2018\/10\/02\/els-farmaceutics-catalans-presenten-els-resultats-aconseguits-en-la-prevencio-i-deteccio-precoc-dels-riscos-de-patir-cancer-de-pell-diabetis-i-grip-2\/\" \/>\n<meta property=\"og:locale\" content=\"ca_ES\" \/>\n<meta property=\"og:type\" content=\"article\" \/>\n<meta property=\"og:title\" content=\"Els farmac\u00e8utics catalans presenten els resultats aconseguits en la prevenci\u00f3 i detecci\u00f3 preco\u00e7 dels riscos de patir c\u00e0ncer de pell, diabetis i grip - Col\u00b7legi de Farmac\u00e8utics de Barcelona\" \/>\n<meta property=\"og:description\" content=\"\u00a0 Ho van fer a trav\u00e9s d\u2019un p\u00f2ster sobre la campanya \u201cAtenci\u00f3 Diabetis\u201d (COFB) i un sobre la detecci\u00f3 preco\u00e7 de la grip a trav\u00e9s de la xarxa de farm\u00e0cies sentinella (CCFC) presentats al Congr\u00e9s de la Federaci\u00f3 Internacional de Farmac\u00e8utics (FIP). A m\u00e9s, la campanya \u201cAtenci\u00f3 Pell\u201d del COFB [&hellip;]\" \/>\n<meta property=\"og:url\" content=\"https:\/\/novaorg.cofb.net\/2018\/10\/02\/els-farmaceutics-catalans-presenten-els-resultats-aconseguits-en-la-prevencio-i-deteccio-precoc-dels-riscos-de-patir-cancer-de-pell-diabetis-i-grip-2\/\" \/>\n<meta property=\"og:site_name\" content=\"Col\u00b7legi de Farmac\u00e8utics de Barcelona\" \/>\n<meta property=\"article:publisher\" content=\"https:\/\/www.facebook.com\/farmaceuticsbcn\/\" \/>\n<meta property=\"article:published_time\" content=\"2018-10-02T11:17:00+00:00\" \/>\n<meta name=\"author\" content=\"wpAdminCofbOrg\" \/>\n<meta name=\"twitter:card\" content=\"summary_large_image\" \/>\n<meta name=\"twitter:creator\" content=\"@farmaceuticsbcn\" \/>\n<meta name=\"twitter:site\" content=\"@farmaceuticsbcn\" \/>\n<meta name=\"twitter:label1\" content=\"Escrit per\" \/>\n\t<meta name=\"twitter:data1\" content=\"wpAdminCofbOrg\" \/>\n\t<meta name=\"twitter:label2\" content=\"Temps estimat de lectura\" \/>\n\t<meta name=\"twitter:data2\" content=\"12 minuts\" \/>\n<script type=\"application\/ld+json\" class=\"yoast-schema-graph\">{\"@context\":\"https:\/\/schema.org\",\"@graph\":[{\"@type\":\"Article\",\"@id\":\"https:\/\/novaorg.cofb.net\/2018\/10\/02\/els-farmaceutics-catalans-presenten-els-resultats-aconseguits-en-la-prevencio-i-deteccio-precoc-dels-riscos-de-patir-cancer-de-pell-diabetis-i-grip-2\/#article\",\"isPartOf\":{\"@id\":\"https:\/\/novaorg.cofb.net\/2018\/10\/02\/els-farmaceutics-catalans-presenten-els-resultats-aconseguits-en-la-prevencio-i-deteccio-precoc-dels-riscos-de-patir-cancer-de-pell-diabetis-i-grip-2\/\"},\"author\":{\"name\":\"wpAdminCofbOrg\",\"@id\":\"https:\/\/www.cofb.org\/#\/schema\/person\/22ed7eea88da74b0fa4d3154ad87ffcb\"},\"headline\":\"Els farmac\u00e8utics catalans presenten els resultats aconseguits en la prevenci\u00f3 i detecci\u00f3 preco\u00e7 dels riscos de patir c\u00e0ncer de pell, diabetis i grip\",\"datePublished\":\"2018-10-02T11:17:00+00:00\",\"dateModified\":\"2018-10-02T11:17:00+00:00\",\"mainEntityOfPage\":{\"@id\":\"https:\/\/novaorg.cofb.net\/2018\/10\/02\/els-farmaceutics-catalans-presenten-els-resultats-aconseguits-en-la-prevencio-i-deteccio-precoc-dels-riscos-de-patir-cancer-de-pell-diabetis-i-grip-2\/\"},\"wordCount\":2383,\"publisher\":{\"@id\":\"https:\/\/www.cofb.org\/#organization\"},\"articleSection\":[\"Notes de premsa\"],\"inLanguage\":\"ca\"},{\"@type\":\"WebPage\",\"@id\":\"https:\/\/novaorg.cofb.net\/2018\/10\/02\/els-farmaceutics-catalans-presenten-els-resultats-aconseguits-en-la-prevencio-i-deteccio-precoc-dels-riscos-de-patir-cancer-de-pell-diabetis-i-grip-2\/\",\"url\":\"https:\/\/novaorg.cofb.net\/2018\/10\/02\/els-farmaceutics-catalans-presenten-els-resultats-aconseguits-en-la-prevencio-i-deteccio-precoc-dels-riscos-de-patir-cancer-de-pell-diabetis-i-grip-2\/\",\"name\":\"Els farmac\u00e8utics catalans presenten els resultats aconseguits en la prevenci\u00f3 i detecci\u00f3 preco\u00e7 dels riscos de patir c\u00e0ncer de pell, diabetis i grip - Col\u00b7legi de Farmac\u00e8utics de Barcelona\",\"isPartOf\":{\"@id\":\"https:\/\/www.cofb.org\/#website\"},\"datePublished\":\"2018-10-02T11:17:00+00:00\",\"dateModified\":\"2018-10-02T11:17:00+00:00\",\"breadcrumb\":{\"@id\":\"https:\/\/novaorg.cofb.net\/2018\/10\/02\/els-farmaceutics-catalans-presenten-els-resultats-aconseguits-en-la-prevencio-i-deteccio-precoc-dels-riscos-de-patir-cancer-de-pell-diabetis-i-grip-2\/#breadcrumb\"},\"inLanguage\":\"ca\",\"potentialAction\":[{\"@type\":\"ReadAction\",\"target\":[\"https:\/\/novaorg.cofb.net\/2018\/10\/02\/els-farmaceutics-catalans-presenten-els-resultats-aconseguits-en-la-prevencio-i-deteccio-precoc-dels-riscos-de-patir-cancer-de-pell-diabetis-i-grip-2\/\"]}]},{\"@type\":\"BreadcrumbList\",\"@id\":\"https:\/\/novaorg.cofb.net\/2018\/10\/02\/els-farmaceutics-catalans-presenten-els-resultats-aconseguits-en-la-prevencio-i-deteccio-precoc-dels-riscos-de-patir-cancer-de-pell-diabetis-i-grip-2\/#breadcrumb\",\"itemListElement\":[{\"@type\":\"ListItem\",\"position\":1,\"name\":\"Inici\",\"item\":\"https:\/\/novaorg.cofb.net\/\"},{\"@type\":\"ListItem\",\"position\":2,\"name\":\"Els farmac\u00e8utics catalans presenten els resultats aconseguits en la prevenci\u00f3 i detecci\u00f3 preco\u00e7 dels riscos de patir c\u00e0ncer de pell, diabetis i grip\"}]},{\"@type\":\"WebSite\",\"@id\":\"https:\/\/www.cofb.org\/#website\",\"url\":\"https:\/\/www.cofb.org\/\",\"name\":\"Col\u00b7legi de Farmac\u00e8utics de Barcelona\",\"description\":\"\",\"publisher\":{\"@id\":\"https:\/\/www.cofb.org\/#organization\"},\"potentialAction\":[{\"@type\":\"SearchAction\",\"target\":{\"@type\":\"EntryPoint\",\"urlTemplate\":\"https:\/\/www.cofb.org\/?s={search_term_string}\"},\"query-input\":\"required name=search_term_string\"}],\"inLanguage\":\"ca\"},{\"@type\":\"Organization\",\"@id\":\"https:\/\/www.cofb.org\/#organization\",\"name\":\"Col\u00b7legi de Farmac\u00e8utics de Barcelona\",\"url\":\"https:\/\/www.cofb.org\/\",\"logo\":{\"@type\":\"ImageObject\",\"inLanguage\":\"ca\",\"@id\":\"https:\/\/www.cofb.org\/#\/schema\/logo\/image\/\",\"url\":\"https:\/\/www.cofb.org\/wp-content\/uploads\/2023\/11\/cropped-Logotip-COFB.png\",\"contentUrl\":\"https:\/\/www.cofb.org\/wp-content\/uploads\/2023\/11\/cropped-Logotip-COFB.png\",\"width\":500,\"height\":105,\"caption\":\"Col\u00b7legi de Farmac\u00e8utics de Barcelona\"},\"image\":{\"@id\":\"https:\/\/www.cofb.org\/#\/schema\/logo\/image\/\"},\"sameAs\":[\"https:\/\/www.facebook.com\/farmaceuticsbcn\/\",\"https:\/\/twitter.com\/farmaceuticsbcn\",\"https:\/\/www.instagram.com\/farmaceuticsbcn\/\",\"https:\/\/www.linkedin.com\/company\/farmaceuticsbcn\/\"]},{\"@type\":\"Person\",\"@id\":\"https:\/\/www.cofb.org\/#\/schema\/person\/22ed7eea88da74b0fa4d3154ad87ffcb\",\"name\":\"wpAdminCofbOrg\",\"image\":{\"@type\":\"ImageObject\",\"inLanguage\":\"ca\",\"@id\":\"https:\/\/www.cofb.org\/#\/schema\/person\/image\/\",\"url\":\"https:\/\/secure.gravatar.com\/avatar\/1721b20b3b8ca882c3b56ec6c978c594fff670e40c0718e9190eaeeb76aae7d8?s=96&d=mm&r=g\",\"contentUrl\":\"https:\/\/secure.gravatar.com\/avatar\/1721b20b3b8ca882c3b56ec6c978c594fff670e40c0718e9190eaeeb76aae7d8?s=96&d=mm&r=g\",\"caption\":\"wpAdminCofbOrg\"},\"sameAs\":[\"http:\/\/192.168.64.122\/wordpress\"],\"url\":\"https:\/\/www.cofb.org\/ca\/author\/wpadmincofborg\/\"}]}<\/script>\n<!-- \/ Yoast SEO plugin. -->","yoast_head_json":{"title":"Els farmac\u00e8utics catalans presenten els resultats aconseguits en la prevenci\u00f3 i detecci\u00f3 preco\u00e7 dels riscos de patir c\u00e0ncer de pell, diabetis i grip - Col\u00b7legi de Farmac\u00e8utics de Barcelona","robots":{"index":"index","follow":"follow","max-snippet":"max-snippet:-1","max-image-preview":"max-image-preview:large","max-video-preview":"max-video-preview:-1"},"canonical":"https:\/\/novaorg.cofb.net\/2018\/10\/02\/els-farmaceutics-catalans-presenten-els-resultats-aconseguits-en-la-prevencio-i-deteccio-precoc-dels-riscos-de-patir-cancer-de-pell-diabetis-i-grip-2\/","og_locale":"ca_ES","og_type":"article","og_title":"Els farmac\u00e8utics catalans presenten els resultats aconseguits en la prevenci\u00f3 i detecci\u00f3 preco\u00e7 dels riscos de patir c\u00e0ncer de pell, diabetis i grip - Col\u00b7legi de Farmac\u00e8utics de Barcelona","og_description":"\u00a0 Ho van fer a trav\u00e9s d\u2019un p\u00f2ster sobre la campanya \u201cAtenci\u00f3 Diabetis\u201d (COFB) i un sobre la detecci\u00f3 preco\u00e7 de la grip a trav\u00e9s de la xarxa de farm\u00e0cies sentinella (CCFC) presentats al Congr\u00e9s de la Federaci\u00f3 Internacional de Farmac\u00e8utics (FIP). A m\u00e9s, la campanya \u201cAtenci\u00f3 Pell\u201d del COFB [&hellip;]","og_url":"https:\/\/novaorg.cofb.net\/2018\/10\/02\/els-farmaceutics-catalans-presenten-els-resultats-aconseguits-en-la-prevencio-i-deteccio-precoc-dels-riscos-de-patir-cancer-de-pell-diabetis-i-grip-2\/","og_site_name":"Col\u00b7legi de Farmac\u00e8utics de Barcelona","article_publisher":"https:\/\/www.facebook.com\/farmaceuticsbcn\/","article_published_time":"2018-10-02T11:17:00+00:00","author":"wpAdminCofbOrg","twitter_card":"summary_large_image","twitter_creator":"@farmaceuticsbcn","twitter_site":"@farmaceuticsbcn","twitter_misc":{"Escrit per":"wpAdminCofbOrg","Temps estimat de lectura":"12 minuts"},"schema":{"@context":"https:\/\/schema.org","@graph":[{"@type":"Article","@id":"https:\/\/novaorg.cofb.net\/2018\/10\/02\/els-farmaceutics-catalans-presenten-els-resultats-aconseguits-en-la-prevencio-i-deteccio-precoc-dels-riscos-de-patir-cancer-de-pell-diabetis-i-grip-2\/#article","isPartOf":{"@id":"https:\/\/novaorg.cofb.net\/2018\/10\/02\/els-farmaceutics-catalans-presenten-els-resultats-aconseguits-en-la-prevencio-i-deteccio-precoc-dels-riscos-de-patir-cancer-de-pell-diabetis-i-grip-2\/"},"author":{"name":"wpAdminCofbOrg","@id":"https:\/\/www.cofb.org\/#\/schema\/person\/22ed7eea88da74b0fa4d3154ad87ffcb"},"headline":"Els farmac\u00e8utics catalans presenten els resultats aconseguits en la prevenci\u00f3 i detecci\u00f3 preco\u00e7 dels riscos de patir c\u00e0ncer de pell, diabetis i grip","datePublished":"2018-10-02T11:17:00+00:00","dateModified":"2018-10-02T11:17:00+00:00","mainEntityOfPage":{"@id":"https:\/\/novaorg.cofb.net\/2018\/10\/02\/els-farmaceutics-catalans-presenten-els-resultats-aconseguits-en-la-prevencio-i-deteccio-precoc-dels-riscos-de-patir-cancer-de-pell-diabetis-i-grip-2\/"},"wordCount":2383,"publisher":{"@id":"https:\/\/www.cofb.org\/#organization"},"articleSection":["Notes de premsa"],"inLanguage":"ca"},{"@type":"WebPage","@id":"https:\/\/novaorg.cofb.net\/2018\/10\/02\/els-farmaceutics-catalans-presenten-els-resultats-aconseguits-en-la-prevencio-i-deteccio-precoc-dels-riscos-de-patir-cancer-de-pell-diabetis-i-grip-2\/","url":"https:\/\/novaorg.cofb.net\/2018\/10\/02\/els-farmaceutics-catalans-presenten-els-resultats-aconseguits-en-la-prevencio-i-deteccio-precoc-dels-riscos-de-patir-cancer-de-pell-diabetis-i-grip-2\/","name":"Els farmac\u00e8utics catalans presenten els resultats aconseguits en la prevenci\u00f3 i detecci\u00f3 preco\u00e7 dels riscos de patir c\u00e0ncer de pell, diabetis i grip - Col\u00b7legi de Farmac\u00e8utics de Barcelona","isPartOf":{"@id":"https:\/\/www.cofb.org\/#website"},"datePublished":"2018-10-02T11:17:00+00:00","dateModified":"2018-10-02T11:17:00+00:00","breadcrumb":{"@id":"https:\/\/novaorg.cofb.net\/2018\/10\/02\/els-farmaceutics-catalans-presenten-els-resultats-aconseguits-en-la-prevencio-i-deteccio-precoc-dels-riscos-de-patir-cancer-de-pell-diabetis-i-grip-2\/#breadcrumb"},"inLanguage":"ca","potentialAction":[{"@type":"ReadAction","target":["https:\/\/novaorg.cofb.net\/2018\/10\/02\/els-farmaceutics-catalans-presenten-els-resultats-aconseguits-en-la-prevencio-i-deteccio-precoc-dels-riscos-de-patir-cancer-de-pell-diabetis-i-grip-2\/"]}]},{"@type":"BreadcrumbList","@id":"https:\/\/novaorg.cofb.net\/2018\/10\/02\/els-farmaceutics-catalans-presenten-els-resultats-aconseguits-en-la-prevencio-i-deteccio-precoc-dels-riscos-de-patir-cancer-de-pell-diabetis-i-grip-2\/#breadcrumb","itemListElement":[{"@type":"ListItem","position":1,"name":"Inici","item":"https:\/\/novaorg.cofb.net\/"},{"@type":"ListItem","position":2,"name":"Els farmac\u00e8utics catalans presenten els resultats aconseguits en la prevenci\u00f3 i detecci\u00f3 preco\u00e7 dels riscos de patir c\u00e0ncer de pell, diabetis i grip"}]},{"@type":"WebSite","@id":"https:\/\/www.cofb.org\/#website","url":"https:\/\/www.cofb.org\/","name":"Col\u00b7legi de Farmac\u00e8utics de Barcelona","description":"","publisher":{"@id":"https:\/\/www.cofb.org\/#organization"},"potentialAction":[{"@type":"SearchAction","target":{"@type":"EntryPoint","urlTemplate":"https:\/\/www.cofb.org\/?s={search_term_string}"},"query-input":"required name=search_term_string"}],"inLanguage":"ca"},{"@type":"Organization","@id":"https:\/\/www.cofb.org\/#organization","name":"Col\u00b7legi de Farmac\u00e8utics de Barcelona","url":"https:\/\/www.cofb.org\/","logo":{"@type":"ImageObject","inLanguage":"ca","@id":"https:\/\/www.cofb.org\/#\/schema\/logo\/image\/","url":"https:\/\/www.cofb.org\/wp-content\/uploads\/2023\/11\/cropped-Logotip-COFB.png","contentUrl":"https:\/\/www.cofb.org\/wp-content\/uploads\/2023\/11\/cropped-Logotip-COFB.png","width":500,"height":105,"caption":"Col\u00b7legi de Farmac\u00e8utics de Barcelona"},"image":{"@id":"https:\/\/www.cofb.org\/#\/schema\/logo\/image\/"},"sameAs":["https:\/\/www.facebook.com\/farmaceuticsbcn\/","https:\/\/twitter.com\/farmaceuticsbcn","https:\/\/www.instagram.com\/farmaceuticsbcn\/","https:\/\/www.linkedin.com\/company\/farmaceuticsbcn\/"]},{"@type":"Person","@id":"https:\/\/www.cofb.org\/#\/schema\/person\/22ed7eea88da74b0fa4d3154ad87ffcb","name":"wpAdminCofbOrg","image":{"@type":"ImageObject","inLanguage":"ca","@id":"https:\/\/www.cofb.org\/#\/schema\/person\/image\/","url":"https:\/\/secure.gravatar.com\/avatar\/1721b20b3b8ca882c3b56ec6c978c594fff670e40c0718e9190eaeeb76aae7d8?s=96&d=mm&r=g","contentUrl":"https:\/\/secure.gravatar.com\/avatar\/1721b20b3b8ca882c3b56ec6c978c594fff670e40c0718e9190eaeeb76aae7d8?s=96&d=mm&r=g","caption":"wpAdminCofbOrg"},"sameAs":["http:\/\/192.168.64.122\/wordpress"],"url":"https:\/\/www.cofb.org\/ca\/author\/wpadmincofborg\/"}]}},"uagb_featured_image_src":{"full":false,"thumbnail":false,"medium":false,"medium_large":false,"large":false,"1536x1536":false,"2048x2048":false,"trp-custom-language-flag":false},"uagb_author_info":{"display_name":"wpAdminCofbOrg","author_link":"https:\/\/www.cofb.org\/ca\/author\/wpadmincofborg\/"},"uagb_comment_info":0,"uagb_excerpt":"\u00a0 Ho van fer a trav\u00e9s d\u2019un p\u00f2ster sobre la campanya \u201cAtenci\u00f3 Diabetis\u201d (COFB) i un sobre la detecci\u00f3 preco\u00e7 de la grip a trav\u00e9s de la xarxa de farm\u00e0cies sentinella (CCFC) presentats al Congr\u00e9s de la Federaci\u00f3 Internacional de Farmac\u00e8utics (FIP). A m\u00e9s, la campanya \u201cAtenci\u00f3 Pell\u201d del COFB [&hellip;]","_links":{"self":[{"href":"https:\/\/www.cofb.org\/ca\/wp-json\/wp\/v2\/posts\/77935","targetHints":{"allow":["GET"]}}],"collection":[{"href":"https:\/\/www.cofb.org\/ca\/wp-json\/wp\/v2\/posts"}],"about":[{"href":"https:\/\/www.cofb.org\/ca\/wp-json\/wp\/v2\/types\/post"}],"author":[{"embeddable":true,"href":"https:\/\/www.cofb.org\/ca\/wp-json\/wp\/v2\/users\/1"}],"replies":[{"embeddable":true,"href":"https:\/\/www.cofb.org\/ca\/wp-json\/wp\/v2\/comments?post=77935"}],"version-history":[{"count":0,"href":"https:\/\/www.cofb.org\/ca\/wp-json\/wp\/v2\/posts\/77935\/revisions"}],"wp:attachment":[{"href":"https:\/\/www.cofb.org\/ca\/wp-json\/wp\/v2\/media?parent=77935"}],"wp:term":[{"taxonomy":"category","embeddable":true,"href":"https:\/\/www.cofb.org\/ca\/wp-json\/wp\/v2\/categories?post=77935"},{"taxonomy":"post_tag","embeddable":true,"href":"https:\/\/www.cofb.org\/ca\/wp-json\/wp\/v2\/tags?post=77935"}],"curies":[{"name":"wp","href":"https:\/\/api.w.org\/{rel}","templated":true}]}}