{"id":77919,"date":"2020-04-21T19:31:00","date_gmt":"2020-04-21T19:31:00","guid":{"rendered":"https:\/\/novaorg.cofb.net\/2020\/04\/21\/el-consell-de-collegis-farmaceutics-de-catalunya-informa-que-les-farmacies-catalanes-han-dispensat-mes-de-700-000-mascaretes-i-recorda-a-la-poblacio-que-hi-vagi-de-manera-esglaonada-per-garantir-un-2\/"},"modified":"2020-04-21T19:31:00","modified_gmt":"2020-04-21T19:31:00","slug":"el-consell-de-collegis-farmaceutics-de-catalunya-informa-que-les-farmacies-catalanes-han-dispensat-mes-de-700-000-mascaretes-i-recorda-a-la-poblacio-que-hi-vagi-de-manera-esglaonada-per-garantir-un-2","status":"publish","type":"post","link":"https:\/\/www.cofb.org\/ca\/2020\/04\/21\/el-consell-de-collegis-farmaceutics-de-catalunya-informa-que-les-farmacies-catalanes-han-dispensat-mes-de-700-000-mascaretes-i-recorda-a-la-poblacio-que-hi-vagi-de-manera-esglaonada-per-garantir-un-2\/","title":{"rendered":"El Consell de Col\u00b7legis Farmac\u00e8utics de Catalunya informa que les farm\u00e0cies catalanes han dispensat m\u00e9s de 700.000 mascaretes i recorda a la poblaci\u00f3 que hi vagi de manera esglaonada per garantir un bon funcionament del sistemaEl Consell de Col\u00b7legis Farmac\u00e8utics de Catalunya informa que las farmacias catalanas han dispensado m\u00e1s de 700.000 mascarillas y recuerda a la poblaci\u00f3n que vaya de manera escalonada para garantizar un buen funcionamiento del sistema"},"content":{"rendered":"<p>\u00a0<\/p>\n<div><\/div>\n<div>\u00a0<\/div>\n<div><em>Barcelona, 21 d\u2019abril de 2020. <\/em><strong>La xarxa de 3.227 farm\u00e0cies catalanes ha comen\u00e7at a distribuir<\/strong> a la poblaci\u00f3 des d\u2019aquest dilluns, 20 d\u2019abril, <strong>1 mili\u00f3 i mig de mascaretes (450 per farm\u00e0cia)<\/strong> de la partida de 14 milions anunciada pel Govern de la Generalitat en el marc de la campanya \u201cMascareta \/Salut\u201d. <strong>La gran demanda de mascaretes a les farm\u00e0cies, m\u00e9s de 700.000 des d\u2019ahir, ha generat que el sistema de recepta electr\u00f2nica no hagi pogut funcionar amb normalitat i, davant aquesta situaci\u00f3, des del Consell de Col\u00b7legis Farmac\u00e8utics de Catalunya (CCFC) <\/strong>manifestem que:\u00a0<\/div>\n<div>\u00a0<\/div>\n<div>&#8211;<span> <\/span><strong>En el marc de la campanya, ja s\u2019han dispensat a hores d\u2019ara m\u00e9s de 700.000 mascaretes <\/strong>&#8211; 309.000 ahir i al voltant de 400.000 durant el dia d\u2019avui-, que s&#8217;han de sumar a les dispensacions habituals que es realitzarien en un escenari normal. Aquest nombre addicional de dispensacions ha provocat la sobrec\u00e0rrega del sistema de recepta electr\u00f2nica, a trav\u00e9s del qual tamb\u00e9 es dispensen els medicaments sota prescripci\u00f3 m\u00e8dica, arribant a 150 sol\u00b7licituds de dispensaci\u00f3 de mascareta per segon en la primera jornada, fet que ha generat problemes intermitents en el seu funcionament.<\/div>\n<div>\u00a0<\/div>\n<div>&#8211;<span> <\/span>Actualment, els <strong>t\u00e8cnics inform\u00e0tics del Consell de Col\u00b7legis Farmac\u00e8utics de Catalunya continuen treballant per estabilitzar el sistema i optimitzar el servei<\/strong>. Recordem que aquest sistema permet fer la <strong>distribuci\u00f3 de mascaretes de forma professional, regulada i registrada amb garanties de transpar\u00e8ncia.\u00a0<\/strong><\/div>\n<div>\u00a0<\/div>\n<div>&#8211;<span> <\/span><strong>Reiterem als usuaris la import\u00e0ncia d\u2019anar de manera esglaonada a la farm\u00e0cia per garantir un bon funcionament del sistema.<\/strong> Recordem que les mascaretes aniran arribant de manera gradual a les farm\u00e0cies fins a haver distribu\u00eft el total de 14 milions de mascaretes de la campanya. Per aix\u00f2, <strong>la col\u00b7laboraci\u00f3 de la poblaci\u00f3 \u00e9s essencial per tal de minimitzar al m\u00e0xim les possibilitats d\u2019exposici\u00f3 al virus<\/strong> i actuar en la contenci\u00f3 del coronavirus, evitant l\u2019aflu\u00e8ncia de persones als establiments que pugui posar en risc les mesures de confinament.\u00a0<\/div>\n<div>\u00a0<\/div>\n<div>&#8211;<span> <\/span><strong>Agra\u00efm la comprensi\u00f3 de la ciutadania<\/strong> que s\u2019ha mostrat pacient davant la incid\u00e8ncia tecnol\u00f2gica ocasionada i demanem <strong>a la poblaci\u00f3 que continu\u00ef actuant amb responsabilitat i prud\u00e8ncia i no trenqui el confinament si no \u00e9s urgent<\/strong>. Cal que la ciutadania segueixi prioritzant les visites a la farm\u00e0cia i vagi a buscar la mascareta nom\u00e9s si la necessita de manera immediata per la seva vulnerabilitat o activitat laboral, presentant la targeta sanit\u00e0ria individual. Insistim que, <strong>en cap cas, l\u2019\u00fas de mascareta sanit\u00e0ria substitueix les principals mesures higi\u00e8niques, com el rentat de mans freq\u00fcent<\/strong>, o les pautes de distanciament social.<\/div>\n<div>\u00a0<\/div>\n<div><strong>&#8211;<span> <\/span>Posem en valor la tasca realitzada per la cadena del medicament (ind\u00fastria, distribuci\u00f3 i la xarxa de 3.227 farm\u00e0cies catalanes)<\/strong> en el marc d\u2019aquesta campanya, m\u00e9s enll\u00e0 de la feina que ja realitzen en el seu dia a dia. Aix\u00ed mateix, recordem <strong>l\u2019esfor\u00e7 extraordinari dels professionals farmac\u00e8utics catalans que, malgrat les incid\u00e8ncies que estan patint, segueixen demostrant el seu comprom\u00eds amb la salut de les persones, facilitant que la poblaci\u00f3 pugui accedir a una mascareta gratu\u00efta en un moment en qu\u00e8 hi ha baixa disponibilitat d\u2019aquest producte. <\/strong>Com a professionals sanitaris, coordinats amb la resta del sistema de salut, treballem per la protecci\u00f3 de tota la comunitat i per atendre les seves necessitats amb les m\u00e0ximes garanties.<\/div>\n<div>\u00a0<\/div>\n<div>M\u00e9s informaci\u00f3 de la campanya, en <a href=\"https:\/\/www.cofb.org\/ca\/web\/guest\/sala-de-premsa\/notes-premsa\/-\/asset_publisher\/GVZR6OjauRsN\/content\/la-xarxa-de-3-227-farmacies-catalanes-comencara-a-distribuir-1-milio-i-mig-de-mascaretes-a-la-poblacio-a-partir-del-proxim-dilluns-20-d-abril\/maximized\">aquest enlla\u00e7<\/a>.\u00a0<\/div>\n<div>\u00a0<\/div>\n<div>\u00a0<\/div>\n<p>\u00a0\u00a0<\/p>\n<p>Barcelona, 21 d\u2019abril de 2020. La xarxa de 3.227 farm\u00e0cies catalanes ha comen\u00e7at a distribuir a la poblaci\u00f3 des d\u2019aquest dilluns, 20 d\u2019abril, 1 mili\u00f3 i mig de mascaretes (450 per farm\u00e0cia) de la partida de 14 milions anunciada pel Govern de la Generalitat en el marc de la campanya \u201cMascareta \/Salut\u201d. La gran demanda de mascaretes a les farm\u00e0cies, m\u00e9s de 700.000 des d\u2019ahir, ha generat que el sistema de recepta electr\u00f2nica no hagi pogut funcionar amb normalitat i, davant aquesta situaci\u00f3, des del Consell de Col\u00b7legis Farmac\u00e8utics de Catalunya (CCFC) manifestem que:\u00a0<\/p>\n<p>\u00a0<\/p>\n<p>&#8211; En el marc de la campanya, ja s\u2019han dispensat a hores d\u2019ara m\u00e9s de 700.000 mascaretes &#8211; 309.000 ahir i al voltant de 400.000 durant el dia d\u2019avui-, que s&#8217;han de sumar a les dispensacions habituals que es realitzarien en un escenari normal. Aquest nombre addicional de dispensacions ha provocat la sobrec\u00e0rrega del sistema de recepta electr\u00f2nica, a trav\u00e9s del qual tamb\u00e9 es dispensen els medicaments sota prescripci\u00f3 m\u00e8dica, arribant a 150 sol\u00b7licituds de dispensaci\u00f3 de mascareta per segon en la primera jornada, fet que ha generat problemes intermitents en el seu funcionament.<\/p>\n<p>\u00a0<\/p>\n<p>&#8211; Actualment, els t\u00e8cnics inform\u00e0tics del Consell de Col\u00b7legis Farmac\u00e8utics de Catalunya continuen treballant per estabilitzar el sistema i optimitzar el servei. Recordem que aquest sistema permet fer la distribuci\u00f3 de mascaretes de forma professional, regulada i registrada amb garanties de transpar\u00e8ncia.\u00a0<\/p>\n<p>\u00a0<\/p>\n<p>&#8211; Reiterem als usuaris la import\u00e0ncia d\u2019anar de manera esglaonada a la farm\u00e0cia per garantir un bon funcionament del sistema. Recordem que les mascaretes aniran arribant de manera gradual a les farm\u00e0cies fins a haver distribu\u00eft el total de 14 milions de mascaretes de la campanya. Per aix\u00f2, la col\u00b7laboraci\u00f3 de la poblaci\u00f3 \u00e9s essencial per tal de minimitzar al m\u00e0xim les possibilitats d\u2019exposici\u00f3 al virus i actuar en la contenci\u00f3 del coronavirus, evitant l\u2019aflu\u00e8ncia de persones als establiments que pugui posar en risc les mesures de confinament.\u00a0<\/p>\n<p>\u00a0<\/p>\n<p>&#8211; Agra\u00efm la comprensi\u00f3 de la ciutadania que s\u2019ha mostrat pacient davant la incid\u00e8ncia tecnol\u00f2gica ocasionada i demanem a la poblaci\u00f3 que continu\u00ef actuant amb responsabilitat i prud\u00e8ncia i no trenqui el confinament si no \u00e9s urgent. Cal que la ciutadania segueixi prioritzant les visites a la farm\u00e0cia i vagi a buscar la mascareta nom\u00e9s si la necessita de manera immediata per la seva vulnerabilitat o activitat laboral, presentant la targeta sanit\u00e0ria individual. Insistim que, en cap cas, l\u2019\u00fas de mascareta sanit\u00e0ria substitueix les principals mesures higi\u00e8niques, com el rentat de mans freq\u00fcent, o les pautes de distanciament social.<\/p>\n<p>\u00a0<\/p>\n<p>&#8211; Posem en valor la tasca realitzada per la cadena del medicament (ind\u00fastria, distribuci\u00f3 i la xarxa de 3.227 farm\u00e0cies catalanes) en el marc d\u2019aquesta campanya, m\u00e9s enll\u00e0 de la feina que ja realitzen en el seu dia a dia. Aix\u00ed mateix, recordem l\u2019esfor\u00e7 extraordinari dels professionals farmac\u00e8utics catalans que, malgrat les incid\u00e8ncies que estan patint, segueixen demostrant el seu comprom\u00eds amb la salut de les persones, facilitant que la poblaci\u00f3 pugui accedir a una mascareta gratu\u00efta en un moment en qu\u00e8 hi ha baixa disponibilitat d\u2019aquest producte. Com a professionals sanitaris, coordinats amb la resta del sistema de salut, treballem per la protecci\u00f3 de tota la comunitat i per atendre les seves necessitats amb les m\u00e0ximes garanties.<\/p>\n<p>\u00a0<\/p>\n<p>M\u00e9s informaci\u00f3 de la campanya, en aquest enlla\u00e7.\u00a0<\/p>\n<p>\u00a0<\/p>\n<p>\u00a0\u00a0\u00a0COFB.ORG<\/p>","protected":false},"excerpt":{"rendered":"<p>\u00a0 \u00a0 Barcelona, 21 d\u2019abril de 2020. La xarxa de 3.227 farm\u00e0cies catalanes ha comen\u00e7at a distribuir a la poblaci\u00f3 des d\u2019aquest dilluns, 20 d\u2019abril, 1 mili\u00f3 i mig de mascaretes (450 per farm\u00e0cia) de la partida de 14 milions anunciada pel Govern de la Generalitat en el marc de [&hellip;]<\/p>\n","protected":false},"author":1,"featured_media":77920,"comment_status":"","ping_status":"","sticky":false,"template":"","format":"standard","meta":{"_uag_custom_page_level_css":"","site-sidebar-layout":"default","site-content-layout":"","ast-site-content-layout":"default","site-content-style":"default","site-sidebar-style":"default","ast-global-header-display":"","ast-banner-title-visibility":"","ast-main-header-display":"","ast-hfb-above-header-display":"","ast-hfb-below-header-display":"","ast-hfb-mobile-header-display":"","site-post-title":"","ast-breadcrumbs-content":"","ast-featured-img":"disabled","footer-sml-layout":"","theme-transparent-header-meta":"","adv-header-id-meta":"","stick-header-meta":"","header-above-stick-meta":"","header-main-stick-meta":"","header-below-stick-meta":"","astra-migrate-meta-layouts":"default","ast-page-background-enabled":"default","ast-page-background-meta":{"desktop":{"background-color":"var(--ast-global-color-4)","background-image":"","background-repeat":"repeat","background-position":"center center","background-size":"auto","background-attachment":"scroll","background-type":"","background-media":"","overlay-type":"","overlay-color":"","overlay-opacity":"","overlay-gradient":""},"tablet":{"background-color":"","background-image":"","background-repeat":"repeat","background-position":"center center","background-size":"auto","background-attachment":"scroll","background-type":"","background-media":"","overlay-type":"","overlay-color":"","overlay-opacity":"","overlay-gradient":""},"mobile":{"background-color":"","background-image":"","background-repeat":"repeat","background-position":"center center","background-size":"auto","background-attachment":"scroll","background-type":"","background-media":"","overlay-type":"","overlay-color":"","overlay-opacity":"","overlay-gradient":""}},"ast-content-background-meta":{"desktop":{"background-color":"var(--ast-global-color-5)","background-image":"","background-repeat":"repeat","background-position":"center center","background-size":"auto","background-attachment":"scroll","background-type":"","background-media":"","overlay-type":"","overlay-color":"","overlay-opacity":"","overlay-gradient":""},"tablet":{"background-color":"var(--ast-global-color-5)","background-image":"","background-repeat":"repeat","background-position":"center center","background-size":"auto","background-attachment":"scroll","background-type":"","background-media":"","overlay-type":"","overlay-color":"","overlay-opacity":"","overlay-gradient":""},"mobile":{"background-color":"var(--ast-global-color-5)","background-image":"","background-repeat":"repeat","background-position":"center center","background-size":"auto","background-attachment":"scroll","background-type":"","background-media":"","overlay-type":"","overlay-color":"","overlay-opacity":"","overlay-gradient":""}},"footnotes":""},"categories":[1060,1066],"tags":[],"class_list":["post-77919","post","type-post","status-publish","format-standard","has-post-thumbnail","hentry","category-notes-premsa","category-sense-categoria-ca"],"yoast_head":"<!-- This site is optimized with the Yoast SEO plugin v22.4 - https:\/\/yoast.com\/wordpress\/plugins\/seo\/ -->\n<title>El Consell de Col\u00b7legis Farmac\u00e8utics de Catalunya informa que les farm\u00e0cies catalanes han dispensat m\u00e9s de 700.000 mascaretes i recorda a la poblaci\u00f3 que hi vagi de manera esglaonada per garantir un bon funcionament del sistemaEl Consell de Col\u00b7legis Farmac\u00e8utics de Catalunya informa que las farmacias catalanas han dispensado m\u00e1s de 700.000 mascarillas y recuerda a la poblaci\u00f3n que vaya de manera escalonada para garantizar un buen funcionamiento del sistema - Col\u00b7legi de Farmac\u00e8utics de Barcelona<\/title>\n<meta name=\"robots\" content=\"index, follow, max-snippet:-1, max-image-preview:large, max-video-preview:-1\" \/>\n<link rel=\"canonical\" href=\"https:\/\/novaorg.cofb.net\/2020\/04\/21\/el-consell-de-collegis-farmaceutics-de-catalunya-informa-que-les-farmacies-catalanes-han-dispensat-mes-de-700-000-mascaretes-i-recorda-a-la-poblacio-que-hi-vagi-de-manera-esglaonada-per-garantir-un-2\/\" \/>\n<meta property=\"og:locale\" content=\"ca_ES\" \/>\n<meta property=\"og:type\" content=\"article\" \/>\n<meta property=\"og:title\" content=\"El Consell de Col\u00b7legis Farmac\u00e8utics de Catalunya informa que les farm\u00e0cies catalanes han dispensat m\u00e9s de 700.000 mascaretes i recorda a la poblaci\u00f3 que hi vagi de manera esglaonada per garantir un bon funcionament del sistemaEl Consell de Col\u00b7legis Farmac\u00e8utics de Catalunya informa que las farmacias catalanas han dispensado m\u00e1s de 700.000 mascarillas y recuerda a la poblaci\u00f3n que vaya de manera escalonada para garantizar un buen funcionamiento del sistema - Col\u00b7legi de Farmac\u00e8utics de Barcelona\" \/>\n<meta property=\"og:description\" content=\"\u00a0 \u00a0 Barcelona, 21 d\u2019abril de 2020. La xarxa de 3.227 farm\u00e0cies catalanes ha comen\u00e7at a distribuir a la poblaci\u00f3 des d\u2019aquest dilluns, 20 d\u2019abril, 1 mili\u00f3 i mig de mascaretes (450 per farm\u00e0cia) de la partida de 14 milions anunciada pel Govern de la Generalitat en el marc de [&hellip;]\" \/>\n<meta property=\"og:url\" content=\"https:\/\/novaorg.cofb.net\/2020\/04\/21\/el-consell-de-collegis-farmaceutics-de-catalunya-informa-que-les-farmacies-catalanes-han-dispensat-mes-de-700-000-mascaretes-i-recorda-a-la-poblacio-que-hi-vagi-de-manera-esglaonada-per-garantir-un-2\/\" \/>\n<meta property=\"og:site_name\" content=\"Col\u00b7legi de Farmac\u00e8utics de Barcelona\" \/>\n<meta property=\"article:publisher\" content=\"https:\/\/www.facebook.com\/farmaceuticsbcn\/\" \/>\n<meta property=\"article:published_time\" content=\"2020-04-21T19:31:00+00:00\" \/>\n<meta name=\"author\" content=\"wpAdminCofbOrg\" \/>\n<meta name=\"twitter:card\" content=\"summary_large_image\" \/>\n<meta name=\"twitter:creator\" content=\"@farmaceuticsbcn\" \/>\n<meta name=\"twitter:site\" content=\"@farmaceuticsbcn\" \/>\n<meta name=\"twitter:label1\" content=\"Escrit per\" \/>\n\t<meta name=\"twitter:data1\" content=\"wpAdminCofbOrg\" \/>\n\t<meta name=\"twitter:label2\" content=\"Temps estimat de lectura\" \/>\n\t<meta name=\"twitter:data2\" content=\"6 minuts\" \/>\n<script type=\"application\/ld+json\" class=\"yoast-schema-graph\">{\"@context\":\"https:\/\/schema.org\",\"@graph\":[{\"@type\":\"Article\",\"@id\":\"https:\/\/novaorg.cofb.net\/2020\/04\/21\/el-consell-de-collegis-farmaceutics-de-catalunya-informa-que-les-farmacies-catalanes-han-dispensat-mes-de-700-000-mascaretes-i-recorda-a-la-poblacio-que-hi-vagi-de-manera-esglaonada-per-garantir-un-2\/#article\",\"isPartOf\":{\"@id\":\"https:\/\/novaorg.cofb.net\/2020\/04\/21\/el-consell-de-collegis-farmaceutics-de-catalunya-informa-que-les-farmacies-catalanes-han-dispensat-mes-de-700-000-mascaretes-i-recorda-a-la-poblacio-que-hi-vagi-de-manera-esglaonada-per-garantir-un-2\/\"},\"author\":{\"name\":\"wpAdminCofbOrg\",\"@id\":\"https:\/\/www.cofb.org\/#\/schema\/person\/22ed7eea88da74b0fa4d3154ad87ffcb\"},\"headline\":\"El Consell de Col\u00b7legis Farmac\u00e8utics de Catalunya informa que les farm\u00e0cies catalanes han dispensat m\u00e9s de 700.000 mascaretes i recorda a la poblaci\u00f3 que hi vagi de manera esglaonada per garantir un bon funcionament del sistemaEl Consell de Col\u00b7legis Farmac\u00e8utics de Catalunya informa que las farmacias catalanas han dispensado m\u00e1s de 700.000 mascarillas y recuerda a la poblaci\u00f3n que vaya de manera escalonada para garantizar un buen funcionamiento del sistema\",\"datePublished\":\"2020-04-21T19:31:00+00:00\",\"dateModified\":\"2020-04-21T19:31:00+00:00\",\"mainEntityOfPage\":{\"@id\":\"https:\/\/novaorg.cofb.net\/2020\/04\/21\/el-consell-de-collegis-farmaceutics-de-catalunya-informa-que-les-farmacies-catalanes-han-dispensat-mes-de-700-000-mascaretes-i-recorda-a-la-poblacio-que-hi-vagi-de-manera-esglaonada-per-garantir-un-2\/\"},\"wordCount\":1258,\"publisher\":{\"@id\":\"https:\/\/www.cofb.org\/#organization\"},\"image\":{\"@id\":\"https:\/\/novaorg.cofb.net\/2020\/04\/21\/el-consell-de-collegis-farmaceutics-de-catalunya-informa-que-les-farmacies-catalanes-han-dispensat-mes-de-700-000-mascaretes-i-recorda-a-la-poblacio-que-hi-vagi-de-manera-esglaonada-per-garantir-un-2\/#primaryimage\"},\"thumbnailUrl\":\"https:\/\/www.cofb.org\/wp-content\/uploads\/2020\/04\/bcea589b-0e2b-4533-b0d1-d5838732cbed-83aOEb.jpeg\",\"articleSection\":[\"Notes de premsa\"],\"inLanguage\":\"ca\"},{\"@type\":\"WebPage\",\"@id\":\"https:\/\/novaorg.cofb.net\/2020\/04\/21\/el-consell-de-collegis-farmaceutics-de-catalunya-informa-que-les-farmacies-catalanes-han-dispensat-mes-de-700-000-mascaretes-i-recorda-a-la-poblacio-que-hi-vagi-de-manera-esglaonada-per-garantir-un-2\/\",\"url\":\"https:\/\/novaorg.cofb.net\/2020\/04\/21\/el-consell-de-collegis-farmaceutics-de-catalunya-informa-que-les-farmacies-catalanes-han-dispensat-mes-de-700-000-mascaretes-i-recorda-a-la-poblacio-que-hi-vagi-de-manera-esglaonada-per-garantir-un-2\/\",\"name\":\"El Consell de Col\u00b7legis Farmac\u00e8utics de Catalunya informa que les farm\u00e0cies catalanes han dispensat m\u00e9s de 700.000 mascaretes i recorda a la poblaci\u00f3 que hi vagi de manera esglaonada per garantir un bon funcionament del sistemaEl Consell de Col\u00b7legis Farmac\u00e8utics de Catalunya informa que las farmacias catalanas han dispensado m\u00e1s de 700.000 mascarillas y recuerda a la poblaci\u00f3n que vaya de manera escalonada para garantizar un buen funcionamiento del sistema - Col\u00b7legi de Farmac\u00e8utics de Barcelona\",\"isPartOf\":{\"@id\":\"https:\/\/www.cofb.org\/#website\"},\"primaryImageOfPage\":{\"@id\":\"https:\/\/novaorg.cofb.net\/2020\/04\/21\/el-consell-de-collegis-farmaceutics-de-catalunya-informa-que-les-farmacies-catalanes-han-dispensat-mes-de-700-000-mascaretes-i-recorda-a-la-poblacio-que-hi-vagi-de-manera-esglaonada-per-garantir-un-2\/#primaryimage\"},\"image\":{\"@id\":\"https:\/\/novaorg.cofb.net\/2020\/04\/21\/el-consell-de-collegis-farmaceutics-de-catalunya-informa-que-les-farmacies-catalanes-han-dispensat-mes-de-700-000-mascaretes-i-recorda-a-la-poblacio-que-hi-vagi-de-manera-esglaonada-per-garantir-un-2\/#primaryimage\"},\"thumbnailUrl\":\"https:\/\/www.cofb.org\/wp-content\/uploads\/2020\/04\/bcea589b-0e2b-4533-b0d1-d5838732cbed-83aOEb.jpeg\",\"datePublished\":\"2020-04-21T19:31:00+00:00\",\"dateModified\":\"2020-04-21T19:31:00+00:00\",\"breadcrumb\":{\"@id\":\"https:\/\/novaorg.cofb.net\/2020\/04\/21\/el-consell-de-collegis-farmaceutics-de-catalunya-informa-que-les-farmacies-catalanes-han-dispensat-mes-de-700-000-mascaretes-i-recorda-a-la-poblacio-que-hi-vagi-de-manera-esglaonada-per-garantir-un-2\/#breadcrumb\"},\"inLanguage\":\"ca\",\"potentialAction\":[{\"@type\":\"ReadAction\",\"target\":[\"https:\/\/novaorg.cofb.net\/2020\/04\/21\/el-consell-de-collegis-farmaceutics-de-catalunya-informa-que-les-farmacies-catalanes-han-dispensat-mes-de-700-000-mascaretes-i-recorda-a-la-poblacio-que-hi-vagi-de-manera-esglaonada-per-garantir-un-2\/\"]}]},{\"@type\":\"ImageObject\",\"inLanguage\":\"ca\",\"@id\":\"https:\/\/novaorg.cofb.net\/2020\/04\/21\/el-consell-de-collegis-farmaceutics-de-catalunya-informa-que-les-farmacies-catalanes-han-dispensat-mes-de-700-000-mascaretes-i-recorda-a-la-poblacio-que-hi-vagi-de-manera-esglaonada-per-garantir-un-2\/#primaryimage\",\"url\":\"https:\/\/www.cofb.org\/wp-content\/uploads\/2020\/04\/bcea589b-0e2b-4533-b0d1-d5838732cbed-83aOEb.jpeg\",\"contentUrl\":\"https:\/\/www.cofb.org\/wp-content\/uploads\/2020\/04\/bcea589b-0e2b-4533-b0d1-d5838732cbed-83aOEb.jpeg\",\"width\":1000,\"height\":564},{\"@type\":\"BreadcrumbList\",\"@id\":\"https:\/\/novaorg.cofb.net\/2020\/04\/21\/el-consell-de-collegis-farmaceutics-de-catalunya-informa-que-les-farmacies-catalanes-han-dispensat-mes-de-700-000-mascaretes-i-recorda-a-la-poblacio-que-hi-vagi-de-manera-esglaonada-per-garantir-un-2\/#breadcrumb\",\"itemListElement\":[{\"@type\":\"ListItem\",\"position\":1,\"name\":\"Inici\",\"item\":\"https:\/\/novaorg.cofb.net\/\"},{\"@type\":\"ListItem\",\"position\":2,\"name\":\"El Consell de Col\u00b7legis Farmac\u00e8utics de Catalunya informa que les farm\u00e0cies catalanes han dispensat m\u00e9s de 700.000 mascaretes i recorda a la poblaci\u00f3 que hi vagi de manera esglaonada per garantir un bon funcionament del sistemaEl Consell de Col\u00b7legis Farmac\u00e8utics de Catalunya informa que las farmacias catalanas han dispensado m\u00e1s de 700.000 mascarillas y recuerda a la poblaci\u00f3n que vaya de manera escalonada para garantizar un buen funcionamiento del sistema\"}]},{\"@type\":\"WebSite\",\"@id\":\"https:\/\/www.cofb.org\/#website\",\"url\":\"https:\/\/www.cofb.org\/\",\"name\":\"Col\u00b7legi de Farmac\u00e8utics de Barcelona\",\"description\":\"\",\"publisher\":{\"@id\":\"https:\/\/www.cofb.org\/#organization\"},\"potentialAction\":[{\"@type\":\"SearchAction\",\"target\":{\"@type\":\"EntryPoint\",\"urlTemplate\":\"https:\/\/www.cofb.org\/?s={search_term_string}\"},\"query-input\":\"required name=search_term_string\"}],\"inLanguage\":\"ca\"},{\"@type\":\"Organization\",\"@id\":\"https:\/\/www.cofb.org\/#organization\",\"name\":\"Col\u00b7legi de Farmac\u00e8utics de Barcelona\",\"url\":\"https:\/\/www.cofb.org\/\",\"logo\":{\"@type\":\"ImageObject\",\"inLanguage\":\"ca\",\"@id\":\"https:\/\/www.cofb.org\/#\/schema\/logo\/image\/\",\"url\":\"https:\/\/www.cofb.org\/wp-content\/uploads\/2023\/11\/cropped-Logotip-COFB.png\",\"contentUrl\":\"https:\/\/www.cofb.org\/wp-content\/uploads\/2023\/11\/cropped-Logotip-COFB.png\",\"width\":500,\"height\":105,\"caption\":\"Col\u00b7legi de Farmac\u00e8utics de Barcelona\"},\"image\":{\"@id\":\"https:\/\/www.cofb.org\/#\/schema\/logo\/image\/\"},\"sameAs\":[\"https:\/\/www.facebook.com\/farmaceuticsbcn\/\",\"https:\/\/twitter.com\/farmaceuticsbcn\",\"https:\/\/www.instagram.com\/farmaceuticsbcn\/\",\"https:\/\/www.linkedin.com\/company\/farmaceuticsbcn\/\"]},{\"@type\":\"Person\",\"@id\":\"https:\/\/www.cofb.org\/#\/schema\/person\/22ed7eea88da74b0fa4d3154ad87ffcb\",\"name\":\"wpAdminCofbOrg\",\"image\":{\"@type\":\"ImageObject\",\"inLanguage\":\"ca\",\"@id\":\"https:\/\/www.cofb.org\/#\/schema\/person\/image\/\",\"url\":\"https:\/\/secure.gravatar.com\/avatar\/1721b20b3b8ca882c3b56ec6c978c594fff670e40c0718e9190eaeeb76aae7d8?s=96&d=mm&r=g\",\"contentUrl\":\"https:\/\/secure.gravatar.com\/avatar\/1721b20b3b8ca882c3b56ec6c978c594fff670e40c0718e9190eaeeb76aae7d8?s=96&d=mm&r=g\",\"caption\":\"wpAdminCofbOrg\"},\"sameAs\":[\"http:\/\/192.168.64.122\/wordpress\"],\"url\":\"https:\/\/www.cofb.org\/ca\/author\/wpadmincofborg\/\"}]}<\/script>\n<!-- \/ Yoast SEO plugin. -->","yoast_head_json":{"title":"El Consell de Col\u00b7legis Farmac\u00e8utics de Catalunya informa que les farm\u00e0cies catalanes han dispensat m\u00e9s de 700.000 mascaretes i recorda a la poblaci\u00f3 que hi vagi de manera esglaonada per garantir un bon funcionament del sistemaEl Consell de Col\u00b7legis Farmac\u00e8utics de Catalunya informa que las farmacias catalanas han dispensado m\u00e1s de 700.000 mascarillas y recuerda a la poblaci\u00f3n que vaya de manera escalonada para garantizar un buen funcionamiento del sistema - Col\u00b7legi de Farmac\u00e8utics de Barcelona","robots":{"index":"index","follow":"follow","max-snippet":"max-snippet:-1","max-image-preview":"max-image-preview:large","max-video-preview":"max-video-preview:-1"},"canonical":"https:\/\/novaorg.cofb.net\/2020\/04\/21\/el-consell-de-collegis-farmaceutics-de-catalunya-informa-que-les-farmacies-catalanes-han-dispensat-mes-de-700-000-mascaretes-i-recorda-a-la-poblacio-que-hi-vagi-de-manera-esglaonada-per-garantir-un-2\/","og_locale":"ca_ES","og_type":"article","og_title":"El Consell de Col\u00b7legis Farmac\u00e8utics de Catalunya informa que les farm\u00e0cies catalanes han dispensat m\u00e9s de 700.000 mascaretes i recorda a la poblaci\u00f3 que hi vagi de manera esglaonada per garantir un bon funcionament del sistemaEl Consell de Col\u00b7legis Farmac\u00e8utics de Catalunya informa que las farmacias catalanas han dispensado m\u00e1s de 700.000 mascarillas y recuerda a la poblaci\u00f3n que vaya de manera escalonada para garantizar un buen funcionamiento del sistema - Col\u00b7legi de Farmac\u00e8utics de Barcelona","og_description":"\u00a0 \u00a0 Barcelona, 21 d\u2019abril de 2020. La xarxa de 3.227 farm\u00e0cies catalanes ha comen\u00e7at a distribuir a la poblaci\u00f3 des d\u2019aquest dilluns, 20 d\u2019abril, 1 mili\u00f3 i mig de mascaretes (450 per farm\u00e0cia) de la partida de 14 milions anunciada pel Govern de la Generalitat en el marc de [&hellip;]","og_url":"https:\/\/novaorg.cofb.net\/2020\/04\/21\/el-consell-de-collegis-farmaceutics-de-catalunya-informa-que-les-farmacies-catalanes-han-dispensat-mes-de-700-000-mascaretes-i-recorda-a-la-poblacio-que-hi-vagi-de-manera-esglaonada-per-garantir-un-2\/","og_site_name":"Col\u00b7legi de Farmac\u00e8utics de Barcelona","article_publisher":"https:\/\/www.facebook.com\/farmaceuticsbcn\/","article_published_time":"2020-04-21T19:31:00+00:00","author":"wpAdminCofbOrg","twitter_card":"summary_large_image","twitter_creator":"@farmaceuticsbcn","twitter_site":"@farmaceuticsbcn","twitter_misc":{"Escrit per":"wpAdminCofbOrg","Temps estimat de lectura":"6 minuts"},"schema":{"@context":"https:\/\/schema.org","@graph":[{"@type":"Article","@id":"https:\/\/novaorg.cofb.net\/2020\/04\/21\/el-consell-de-collegis-farmaceutics-de-catalunya-informa-que-les-farmacies-catalanes-han-dispensat-mes-de-700-000-mascaretes-i-recorda-a-la-poblacio-que-hi-vagi-de-manera-esglaonada-per-garantir-un-2\/#article","isPartOf":{"@id":"https:\/\/novaorg.cofb.net\/2020\/04\/21\/el-consell-de-collegis-farmaceutics-de-catalunya-informa-que-les-farmacies-catalanes-han-dispensat-mes-de-700-000-mascaretes-i-recorda-a-la-poblacio-que-hi-vagi-de-manera-esglaonada-per-garantir-un-2\/"},"author":{"name":"wpAdminCofbOrg","@id":"https:\/\/www.cofb.org\/#\/schema\/person\/22ed7eea88da74b0fa4d3154ad87ffcb"},"headline":"El Consell de Col\u00b7legis Farmac\u00e8utics de Catalunya informa que les farm\u00e0cies catalanes han dispensat m\u00e9s de 700.000 mascaretes i recorda a la poblaci\u00f3 que hi vagi de manera esglaonada per garantir un bon funcionament del sistemaEl Consell de Col\u00b7legis Farmac\u00e8utics de Catalunya informa que las farmacias catalanas han dispensado m\u00e1s de 700.000 mascarillas y recuerda a la poblaci\u00f3n que vaya de manera escalonada para garantizar un buen funcionamiento del sistema","datePublished":"2020-04-21T19:31:00+00:00","dateModified":"2020-04-21T19:31:00+00:00","mainEntityOfPage":{"@id":"https:\/\/novaorg.cofb.net\/2020\/04\/21\/el-consell-de-collegis-farmaceutics-de-catalunya-informa-que-les-farmacies-catalanes-han-dispensat-mes-de-700-000-mascaretes-i-recorda-a-la-poblacio-que-hi-vagi-de-manera-esglaonada-per-garantir-un-2\/"},"wordCount":1258,"publisher":{"@id":"https:\/\/www.cofb.org\/#organization"},"image":{"@id":"https:\/\/novaorg.cofb.net\/2020\/04\/21\/el-consell-de-collegis-farmaceutics-de-catalunya-informa-que-les-farmacies-catalanes-han-dispensat-mes-de-700-000-mascaretes-i-recorda-a-la-poblacio-que-hi-vagi-de-manera-esglaonada-per-garantir-un-2\/#primaryimage"},"thumbnailUrl":"https:\/\/www.cofb.org\/wp-content\/uploads\/2020\/04\/bcea589b-0e2b-4533-b0d1-d5838732cbed-83aOEb.jpeg","articleSection":["Notes de premsa"],"inLanguage":"ca"},{"@type":"WebPage","@id":"https:\/\/novaorg.cofb.net\/2020\/04\/21\/el-consell-de-collegis-farmaceutics-de-catalunya-informa-que-les-farmacies-catalanes-han-dispensat-mes-de-700-000-mascaretes-i-recorda-a-la-poblacio-que-hi-vagi-de-manera-esglaonada-per-garantir-un-2\/","url":"https:\/\/novaorg.cofb.net\/2020\/04\/21\/el-consell-de-collegis-farmaceutics-de-catalunya-informa-que-les-farmacies-catalanes-han-dispensat-mes-de-700-000-mascaretes-i-recorda-a-la-poblacio-que-hi-vagi-de-manera-esglaonada-per-garantir-un-2\/","name":"El Consell de Col\u00b7legis Farmac\u00e8utics de Catalunya informa que les farm\u00e0cies catalanes han dispensat m\u00e9s de 700.000 mascaretes i recorda a la poblaci\u00f3 que hi vagi de manera esglaonada per garantir un bon funcionament del sistemaEl Consell de Col\u00b7legis Farmac\u00e8utics de Catalunya informa que las farmacias catalanas han dispensado m\u00e1s de 700.000 mascarillas y recuerda a la poblaci\u00f3n que vaya de manera escalonada para garantizar un buen funcionamiento del sistema - Col\u00b7legi de Farmac\u00e8utics de Barcelona","isPartOf":{"@id":"https:\/\/www.cofb.org\/#website"},"primaryImageOfPage":{"@id":"https:\/\/novaorg.cofb.net\/2020\/04\/21\/el-consell-de-collegis-farmaceutics-de-catalunya-informa-que-les-farmacies-catalanes-han-dispensat-mes-de-700-000-mascaretes-i-recorda-a-la-poblacio-que-hi-vagi-de-manera-esglaonada-per-garantir-un-2\/#primaryimage"},"image":{"@id":"https:\/\/novaorg.cofb.net\/2020\/04\/21\/el-consell-de-collegis-farmaceutics-de-catalunya-informa-que-les-farmacies-catalanes-han-dispensat-mes-de-700-000-mascaretes-i-recorda-a-la-poblacio-que-hi-vagi-de-manera-esglaonada-per-garantir-un-2\/#primaryimage"},"thumbnailUrl":"https:\/\/www.cofb.org\/wp-content\/uploads\/2020\/04\/bcea589b-0e2b-4533-b0d1-d5838732cbed-83aOEb.jpeg","datePublished":"2020-04-21T19:31:00+00:00","dateModified":"2020-04-21T19:31:00+00:00","breadcrumb":{"@id":"https:\/\/novaorg.cofb.net\/2020\/04\/21\/el-consell-de-collegis-farmaceutics-de-catalunya-informa-que-les-farmacies-catalanes-han-dispensat-mes-de-700-000-mascaretes-i-recorda-a-la-poblacio-que-hi-vagi-de-manera-esglaonada-per-garantir-un-2\/#breadcrumb"},"inLanguage":"ca","potentialAction":[{"@type":"ReadAction","target":["https:\/\/novaorg.cofb.net\/2020\/04\/21\/el-consell-de-collegis-farmaceutics-de-catalunya-informa-que-les-farmacies-catalanes-han-dispensat-mes-de-700-000-mascaretes-i-recorda-a-la-poblacio-que-hi-vagi-de-manera-esglaonada-per-garantir-un-2\/"]}]},{"@type":"ImageObject","inLanguage":"ca","@id":"https:\/\/novaorg.cofb.net\/2020\/04\/21\/el-consell-de-collegis-farmaceutics-de-catalunya-informa-que-les-farmacies-catalanes-han-dispensat-mes-de-700-000-mascaretes-i-recorda-a-la-poblacio-que-hi-vagi-de-manera-esglaonada-per-garantir-un-2\/#primaryimage","url":"https:\/\/www.cofb.org\/wp-content\/uploads\/2020\/04\/bcea589b-0e2b-4533-b0d1-d5838732cbed-83aOEb.jpeg","contentUrl":"https:\/\/www.cofb.org\/wp-content\/uploads\/2020\/04\/bcea589b-0e2b-4533-b0d1-d5838732cbed-83aOEb.jpeg","width":1000,"height":564},{"@type":"BreadcrumbList","@id":"https:\/\/novaorg.cofb.net\/2020\/04\/21\/el-consell-de-collegis-farmaceutics-de-catalunya-informa-que-les-farmacies-catalanes-han-dispensat-mes-de-700-000-mascaretes-i-recorda-a-la-poblacio-que-hi-vagi-de-manera-esglaonada-per-garantir-un-2\/#breadcrumb","itemListElement":[{"@type":"ListItem","position":1,"name":"Inici","item":"https:\/\/novaorg.cofb.net\/"},{"@type":"ListItem","position":2,"name":"El Consell de Col\u00b7legis Farmac\u00e8utics de Catalunya informa que les farm\u00e0cies catalanes han dispensat m\u00e9s de 700.000 mascaretes i recorda a la poblaci\u00f3 que hi vagi de manera esglaonada per garantir un bon funcionament del sistemaEl Consell de Col\u00b7legis Farmac\u00e8utics de Catalunya informa que las farmacias catalanas han dispensado m\u00e1s de 700.000 mascarillas y recuerda a la poblaci\u00f3n que vaya de manera escalonada para garantizar un buen funcionamiento del sistema"}]},{"@type":"WebSite","@id":"https:\/\/www.cofb.org\/#website","url":"https:\/\/www.cofb.org\/","name":"Col\u00b7legi de Farmac\u00e8utics de Barcelona","description":"","publisher":{"@id":"https:\/\/www.cofb.org\/#organization"},"potentialAction":[{"@type":"SearchAction","target":{"@type":"EntryPoint","urlTemplate":"https:\/\/www.cofb.org\/?s={search_term_string}"},"query-input":"required name=search_term_string"}],"inLanguage":"ca"},{"@type":"Organization","@id":"https:\/\/www.cofb.org\/#organization","name":"Col\u00b7legi de Farmac\u00e8utics de Barcelona","url":"https:\/\/www.cofb.org\/","logo":{"@type":"ImageObject","inLanguage":"ca","@id":"https:\/\/www.cofb.org\/#\/schema\/logo\/image\/","url":"https:\/\/www.cofb.org\/wp-content\/uploads\/2023\/11\/cropped-Logotip-COFB.png","contentUrl":"https:\/\/www.cofb.org\/wp-content\/uploads\/2023\/11\/cropped-Logotip-COFB.png","width":500,"height":105,"caption":"Col\u00b7legi de Farmac\u00e8utics de Barcelona"},"image":{"@id":"https:\/\/www.cofb.org\/#\/schema\/logo\/image\/"},"sameAs":["https:\/\/www.facebook.com\/farmaceuticsbcn\/","https:\/\/twitter.com\/farmaceuticsbcn","https:\/\/www.instagram.com\/farmaceuticsbcn\/","https:\/\/www.linkedin.com\/company\/farmaceuticsbcn\/"]},{"@type":"Person","@id":"https:\/\/www.cofb.org\/#\/schema\/person\/22ed7eea88da74b0fa4d3154ad87ffcb","name":"wpAdminCofbOrg","image":{"@type":"ImageObject","inLanguage":"ca","@id":"https:\/\/www.cofb.org\/#\/schema\/person\/image\/","url":"https:\/\/secure.gravatar.com\/avatar\/1721b20b3b8ca882c3b56ec6c978c594fff670e40c0718e9190eaeeb76aae7d8?s=96&d=mm&r=g","contentUrl":"https:\/\/secure.gravatar.com\/avatar\/1721b20b3b8ca882c3b56ec6c978c594fff670e40c0718e9190eaeeb76aae7d8?s=96&d=mm&r=g","caption":"wpAdminCofbOrg"},"sameAs":["http:\/\/192.168.64.122\/wordpress"],"url":"https:\/\/www.cofb.org\/ca\/author\/wpadmincofborg\/"}]}},"uagb_featured_image_src":{"full":["https:\/\/www.cofb.org\/wp-content\/uploads\/2020\/04\/bcea589b-0e2b-4533-b0d1-d5838732cbed-83aOEb.jpeg",1000,564,false],"thumbnail":["https:\/\/www.cofb.org\/wp-content\/uploads\/2020\/04\/bcea589b-0e2b-4533-b0d1-d5838732cbed-83aOEb-150x150.jpeg",150,150,true],"medium":["https:\/\/www.cofb.org\/wp-content\/uploads\/2020\/04\/bcea589b-0e2b-4533-b0d1-d5838732cbed-83aOEb-300x169.jpeg",300,169,true],"medium_large":["https:\/\/www.cofb.org\/wp-content\/uploads\/2020\/04\/bcea589b-0e2b-4533-b0d1-d5838732cbed-83aOEb-768x433.jpeg",768,433,true],"large":["https:\/\/www.cofb.org\/wp-content\/uploads\/2020\/04\/bcea589b-0e2b-4533-b0d1-d5838732cbed-83aOEb.jpeg",1000,564,false],"1536x1536":["https:\/\/www.cofb.org\/wp-content\/uploads\/2020\/04\/bcea589b-0e2b-4533-b0d1-d5838732cbed-83aOEb.jpeg",1000,564,false],"2048x2048":["https:\/\/www.cofb.org\/wp-content\/uploads\/2020\/04\/bcea589b-0e2b-4533-b0d1-d5838732cbed-83aOEb.jpeg",1000,564,false],"trp-custom-language-flag":["https:\/\/www.cofb.org\/wp-content\/uploads\/2020\/04\/bcea589b-0e2b-4533-b0d1-d5838732cbed-83aOEb-18x10.jpeg",18,10,true]},"uagb_author_info":{"display_name":"wpAdminCofbOrg","author_link":"https:\/\/www.cofb.org\/ca\/author\/wpadmincofborg\/"},"uagb_comment_info":0,"uagb_excerpt":"\u00a0 \u00a0 Barcelona, 21 d\u2019abril de 2020. La xarxa de 3.227 farm\u00e0cies catalanes ha comen\u00e7at a distribuir a la poblaci\u00f3 des d\u2019aquest dilluns, 20 d\u2019abril, 1 mili\u00f3 i mig de mascaretes (450 per farm\u00e0cia) de la partida de 14 milions anunciada pel Govern de la Generalitat en el marc de [&hellip;]","_links":{"self":[{"href":"https:\/\/www.cofb.org\/ca\/wp-json\/wp\/v2\/posts\/77919","targetHints":{"allow":["GET"]}}],"collection":[{"href":"https:\/\/www.cofb.org\/ca\/wp-json\/wp\/v2\/posts"}],"about":[{"href":"https:\/\/www.cofb.org\/ca\/wp-json\/wp\/v2\/types\/post"}],"author":[{"embeddable":true,"href":"https:\/\/www.cofb.org\/ca\/wp-json\/wp\/v2\/users\/1"}],"replies":[{"embeddable":true,"href":"https:\/\/www.cofb.org\/ca\/wp-json\/wp\/v2\/comments?post=77919"}],"version-history":[{"count":0,"href":"https:\/\/www.cofb.org\/ca\/wp-json\/wp\/v2\/posts\/77919\/revisions"}],"wp:featuredmedia":[{"embeddable":true,"href":"https:\/\/www.cofb.org\/ca\/wp-json\/wp\/v2\/media\/77920"}],"wp:attachment":[{"href":"https:\/\/www.cofb.org\/ca\/wp-json\/wp\/v2\/media?parent=77919"}],"wp:term":[{"taxonomy":"category","embeddable":true,"href":"https:\/\/www.cofb.org\/ca\/wp-json\/wp\/v2\/categories?post=77919"},{"taxonomy":"post_tag","embeddable":true,"href":"https:\/\/www.cofb.org\/ca\/wp-json\/wp\/v2\/tags?post=77919"}],"curies":[{"name":"wp","href":"https:\/\/api.w.org\/{rel}","templated":true}]}}