{"id":77905,"date":"2021-11-18T10:51:00","date_gmt":"2021-11-18T10:51:00","guid":{"rendered":"https:\/\/novaorg.cofb.net\/2021\/11\/18\/farmaceutics-ques-de-barcelona-collaboren-en-diferents-iniciatives-per-incidir-en-la-importancia-de-fer-un-us-racional-dels-antibiotics-i-evitar-laparicio-de-resistencies-3\/"},"modified":"2021-11-18T10:51:00","modified_gmt":"2021-11-18T10:51:00","slug":"farmaceutics-ques-de-barcelona-collaboren-en-diferents-iniciatives-per-incidir-en-la-importancia-de-fer-un-us-racional-dels-antibiotics-i-evitar-laparicio-de-resistencies-3","status":"publish","type":"post","link":"https:\/\/www.cofb.org\/ca\/2021\/11\/18\/farmaceutics-ques-de-barcelona-collaboren-en-diferents-iniciatives-per-incidir-en-la-importancia-de-fer-un-us-racional-dels-antibiotics-i-evitar-laparicio-de-resistencies-3\/","title":{"rendered":"Farmac\u00e8utics\/ques de Barcelona col\u00b7laboren en diferents iniciatives per incidir en la import\u00e0ncia de fer un \u00fas racional dels antibi\u00f2tics i evitar l\u2019aparici\u00f3 de resist\u00e8ncies"},"content":{"rendered":"<p>\u00a0<br \/>\n\tS\u2019estima que l\u2019any 2050 la resist\u00e8ncia als antibi\u00f2tics ser\u00e0 la primera causa de mortalitat al m\u00f3n. Per ajudar a evitar la que podria ser una nova pand\u00e8mia, dins el projecte SAFE \u00a0(Superbug Awareness for Education) s\u2019han elaborat un seguit de v\u00eddeos amb consells, dels quals el Col\u00b7legi de Farmac\u00e8utics de Barcelona en far\u00e0 difusi\u00f3<br \/>\n\tLa professi\u00f3 farmac\u00e8utica est\u00e0 present en l\u2019estrat\u00e8gia PROA VINCat comunit\u00e0ria, emmarcada en la lluita contra les resist\u00e8ncies antimicrobianes que es desenvolupa a nivell europeu i de l\u2019Estat espanyol<br \/>\n\tLa resist\u00e8ncia als antibi\u00f2tics tamb\u00e9 \u00e9s un dels punts del nou Pla de Salut 2021-2025 de Catalunya. Concretament, un dels projectes que recull \u00e9s refor\u00e7ar el Programa d&#8217;educaci\u00f3 sanit\u00e0ria per al bon \u00fas dels medicaments a la farm\u00e0cia comunit\u00e0ria<\/p>\n<p><em>Barcelona, 18 de novembre de 2021<\/em>. Avui, <strong>18 de novembre,<\/strong> comen\u00e7a la <strong>Setmana Mundial de la Conscienciaci\u00f3 sobre l\u2019\u00das d\u2019Antibi\u00f2tics,<\/strong> que s\u2019allargar\u00e0 fins al pr\u00f2xim <strong>dimecres 24. <\/strong>Els <strong>farmac\u00e8utics i farmac\u00e8utiques de Barcelona,<\/strong> m\u00e9s enll\u00e0 de la tasca que ja realitzen habitualment en aquest \u00e0mbit, s\u2019hi implicaran m\u00e9s activament per <strong>continuar conscienciant a la poblaci\u00f3 sobre la import\u00e0ncia de fer un \u00fas racional dels antibi\u00f2tics i, d\u2019aquesta manera, evitar les resist\u00e8ncies.<\/strong><\/p>\n<p>Ho faran compartint diferents missatges que es recullen al v\u00eddeo elaborat en el marc del <strong><a href=\"https:\/\/safeinitiative.eu\/\" target=\"_blank\" rel=\"noopener\">projecte SAFE<\/a> (Superbug Awareness for Education), <\/strong>un <strong>projecte internacional <\/strong>impulsat per eit Health que es va posar en marxa el <strong>gener del 2020 <\/strong>per treballar en l\u2019\u00e0mbit de la <strong>resist\u00e8ncia als antimicrobians.<\/strong><\/p>\n<p><strong>Quins consells s\u2019han de tenir en compte per evitar la resist\u00e8ncia als antibi\u00f2tics?<\/strong><\/p>\n<p>El primer missatge que es destaca al <a href=\"https:\/\/www.youtube.com\/watch?v=9uM6kh2Bzbg\" target=\"_blank\" rel=\"noopener\">v\u00eddeo <\/a>\u00e9s que <strong>l\u2019any 2050, la resist\u00e8ncia als antibi\u00f2tics ser\u00e0 la primera causa de mortalitat al m\u00f3n. <\/strong>Per aquest motiu, i per ajudar a evitar la que podria ser una nova pand\u00e8mia, es detallen un seguit de consells. Primerament,<strong> rentar-se les mans durant 40 segons amb sab\u00f3 i freq\u00fcentment.<\/strong> En segon lloc, tenir present que <strong>els antibi\u00f2tics nom\u00e9s s\u2019han de prendre amb recepta m\u00e8dica <\/strong>i que aquests medicaments<strong> actuen contra els bacteris, no contra els virus.<\/strong><\/p>\n<p>Aix\u00ed mateix, tamb\u00e9 remarca que <strong>deixar el tractament a mitges afavoreix l\u2019aparici\u00f3 de bacteris resistents<\/strong> i que <strong>\u00e9s important portar els antibi\u00f2tics que han sobrat al punt SIGRE de les farm\u00e0cies.<\/strong> Tamb\u00e9 recorda que si els ciutadans tenen dubtes, s\u2019han d<strong>\u2019adre\u00e7ar als professionals de la salut,<\/strong> ja que <strong>no tot el que es publica a les xarxes socials \u00e9s fiable.<\/strong> Finalment, el v\u00eddeo fa una<strong> crida a l\u2019acci\u00f3 i recalca que fer un mal \u00fas dels antibi\u00f2tics pot provocar que deixin de ser efica\u00e7os i que les infeccions bacterianes deixin de tenir tractament.<\/strong><\/p>\n<p>El v\u00eddeo compta amb el suport d\u2019ISGlobal, Roche Diagnostics, l\u2019Institut Catal\u00e0 de la Salut, l\u2019Institut de Desenvolupament Professional IDP-ICE de la UB, la Universitat de Barcelona, la Universitat de N\u00e0pols Federico II, la Universitat de Coimbra, l\u2019Escola Universit\u00e0ria Vasco da Gama, la Universitat Complutense de Madrid i la Facultat de Farm\u00e0cia de la Universitat de Porto. Al seu torn, la iniciativa compta amb la col\u00b7laboraci\u00f3 del Col\u00b7legi de Farmac\u00e8utics de Barcelona.<\/p>\n<p><strong>Implicaci\u00f3 de la Farm\u00e0cia en l\u2019estrat\u00e8gia PROA VINCat comunit\u00e0ria<\/strong><\/p>\n<p>La<strong> professi\u00f3 farmac\u00e8utica tamb\u00e9 est\u00e0 present en l\u2019estrat\u00e8gia PROA VINCat comunit\u00e0ria,<\/strong> emmarcada en la lluita contra les <strong>resist\u00e8ncies antibi\u00f2tiques <\/strong>que es desenvolupa a nivell europeu i de l\u2019Estat espanyol. A Catalunya, el <strong>VINCat <\/strong>va impulsar des de l\u2019any <strong>2012 un sistema de vigil\u00e0ncia i actuaci\u00f3 enfront de les infeccions nosocomials<\/strong> -infeccions que es presenten durant el proc\u00e9s d&#8217;assist\u00e8ncia hospital\u00e0ria-, i la correcta utilitzaci\u00f3 d\u2019antimicrobians i, <strong>a partir del 2019, va ampliar l\u2019estrat\u00e8gia a l\u2019\u00e0mbit de l\u2019atenci\u00f3 prim\u00e0ria i comunit\u00e0ria.<\/strong><\/p>\n<p>En aquest sentit, els <strong>equips PROA <\/strong>compten, entre altres professionals sanitaris, amb la <strong>participaci\u00f3 d\u2019un farmac\u00e8utic\/a d\u2019oficina de farm\u00e0cia<\/strong>, a trav\u00e9s de la xarxa de coordinadors i delegats del Col\u00b7legi de Farmac\u00e8utics de Barcelona,<strong> un farmac\u00e8utic\/a \u00a0d\u2019Atenci\u00f3 Prim\u00e0ria \u00a0i un farmac\u00e8utic\/a d\u2019Hospitals<\/strong>. Aquest \u00e9s un exemple de com, <strong>des dels diferents \u00e0mbits d\u2019exercici de la professi\u00f3, es pot aportar valor en la lluita contra la resist\u00e8ncia als antibi\u00f2tics<\/strong>, oferint c<strong>onsell directe i educaci\u00f3 sanit\u00e0ria a la poblaci\u00f3,<\/strong> com \u00e9s el cas de la farm\u00e0cia comunit\u00e0ria; o promovent, en el cas de la farm\u00e0cia d\u2019atenci\u00f3 prim\u00e0ria i l\u2019hospital\u00e0ria,<strong> l\u2019elaboraci\u00f3 de guies i protocols, aix\u00ed com l\u2019an\u00e0lisi de l\u2019evid\u00e8ncia cient\u00edfica i dades de consum d\u2019antibi\u00f2tics.<\/strong><\/p>\n<p>Fruit d\u2019aquests equips PROA ha nascut una <strong>campanya impulsada per la Ger\u00e8ncia Territorial Metropolitana Sud de l\u2019Institut Catal\u00e0<\/strong> <strong>de la Salut, <\/strong>que t\u00e9 com a objectiu fomentar l\u2019\u00fas \u00f2ptim dels antibi\u00f2tics entre professionals de la salut i ciutadania. La campanya durar\u00e0 prop d\u2019un any i, per primera vegada, compta amb la<strong> implicaci\u00f3 de les farm\u00e0cies de l\u2019entorn territorial metropolit\u00e0 sud, <\/strong>que faran arribar els missatges a la poblaci\u00f3 amb l\u2019ajuda dels televisors de les oficines de farm\u00e0cia i de bosses per als usuaris.<\/p>\n<p><strong>Pla de Salut de Catalunya 2021-2025<\/strong><\/p>\n<p>Aix\u00ed mateix, la <strong>resist\u00e8ncia als antibi\u00f2tics <\/strong>\u00e9s un dels punts que es contempla al <strong>nou Pla de Salut 2021-2025 de Catalunya,<\/strong> amb l\u2019objectiu d\u2019impulsar accions que permetin des d\u2019una millor capacitat de resposta davant malalties transmissibles i tamb\u00e9 les epid\u00e8mies, fins al foment de l\u2019\u00fas correcte d\u2019aquests f\u00e0rmacs.<\/p>\n<p>Concretament, un dels projectes que recull \u00e9s <strong>refor\u00e7ar el Programa d&#8217;educaci\u00f3 sanit\u00e0ria per al bon \u00fas dels medicaments,<\/strong> una iniciativa que consta de<strong> xerrades informatives impartides per farmac\u00e8utics comunitaris<\/strong> amb l\u2019objectiu d\u2019augmentar el coneixement de la poblaci\u00f3 sobre l\u2019\u00fas dels medicaments \u2013entre ells, els antibi\u00f2tics\u2013 i millorar les habilitats en el seu maneig.<\/p>\n<p>\u00a0S\u2019estima que l\u2019any 2050 la resist\u00e8ncia als antibi\u00f2tics ser\u00e0 la primera causa de mortalitat al m\u00f3n. Per ajudar a evitar la que podria ser una nova pand\u00e8mia, dins el projecte SAFE \u00a0(Superbug Awareness for Education) s\u2019han elaborat un seguit de v\u00eddeos amb consells, dels quals el Col\u00b7legi de Farmac\u00e8utics de Barcelona en far\u00e0 difusi\u00f3<br \/>\n\tLa professi\u00f3 farmac\u00e8utica est\u00e0 present en l\u2019estrat\u00e8gia PROA VINCat comunit\u00e0ria, emmarcada en la lluita contra les resist\u00e8ncies antimicrobianes que es desenvolupa a nivell europeu i de l\u2019Estat espanyol<br \/>\n\tLa resist\u00e8ncia als antibi\u00f2tics tamb\u00e9 \u00e9s un dels punts del nou Pla de Salut 2021-2025 de Catalunya. Concretament, un dels projectes que recull \u00e9s refor\u00e7ar el Programa d&#8217;educaci\u00f3 sanit\u00e0ria per al bon \u00fas dels medicaments a la farm\u00e0cia comunit\u00e0ria<\/p>\n<p>Barcelona, 18 de novembre de 2021. Avui, 18 de novembre, comen\u00e7a la Setmana Mundial de la Conscienciaci\u00f3 sobre l\u2019\u00das d\u2019Antibi\u00f2tics, que s\u2019allargar\u00e0 fins al pr\u00f2xim dimecres 24. Els farmac\u00e8utics i farmac\u00e8utiques de Barcelona, m\u00e9s enll\u00e0 de la tasca que ja realitzen habitualment en aquest \u00e0mbit, s\u2019hi implicaran m\u00e9s activament per continuar conscienciant a la poblaci\u00f3 sobre la import\u00e0ncia de fer un \u00fas racional dels antibi\u00f2tics i, d\u2019aquesta manera, evitar les resist\u00e8ncies.<\/p>\n<p>Ho faran compartint diferents missatges que es recullen al v\u00eddeo elaborat en el marc del projecte SAFE (Superbug Awareness for Education), un projecte internacional impulsat per eit Health que es va posar en marxa el gener del 2020 per treballar en l\u2019\u00e0mbit de la resist\u00e8ncia als antimicrobians.<\/p>\n<p>Quins consells s\u2019han de tenir en compte per evitar la resist\u00e8ncia als antibi\u00f2tics?<\/p>\n<p>El primer missatge que es destaca al v\u00eddeo \u00e9s que l\u2019any 2050, la resist\u00e8ncia als antibi\u00f2tics ser\u00e0 la primera causa de mortalitat al m\u00f3n. Per aquest motiu, i per ajudar a evitar la que podria ser una nova pand\u00e8mia, es detallen un seguit de consells. Primerament, rentar-se les mans durant 40 segons amb sab\u00f3 i freq\u00fcentment. En segon lloc, tenir present que els antibi\u00f2tics nom\u00e9s s\u2019han de prendre amb recepta m\u00e8dica i que aquests medicaments actuen contra els bacteris, no contra els virus.<\/p>\n<p>Aix\u00ed mateix, tamb\u00e9 remarca que deixar el tractament a mitges afavoreix l\u2019aparici\u00f3 de bacteris resistents i que \u00e9s important portar els antibi\u00f2tics que han sobrat al punt SIGRE de les farm\u00e0cies. Tamb\u00e9 recorda que si els ciutadans tenen dubtes, s\u2019han d\u2019adre\u00e7ar als professionals de la salut, ja que no tot el que es publica a les xarxes socials \u00e9s fiable. Finalment, el v\u00eddeo fa una crida a l\u2019acci\u00f3 i recalca que fer un mal \u00fas dels antibi\u00f2tics pot provocar que deixin de ser efica\u00e7os i que les infeccions bacterianes deixin de tenir tractament.<\/p>\n<p>El v\u00eddeo compta amb el suport d\u2019ISGlobal, Roche Diagnostics, l\u2019Institut Catal\u00e0 de la Salut, l\u2019Institut de Desenvolupament Professional IDP-ICE de la UB, la Universitat de Barcelona, la Universitat de N\u00e0pols Federico II, la Universitat de Coimbra, l\u2019Escola Universit\u00e0ria Vasco da Gama, la Universitat Complutense de Madrid i la Facultat de Farm\u00e0cia de la Universitat de Porto. Al seu torn, la iniciativa compta amb la col\u00b7laboraci\u00f3 del Col\u00b7legi de Farmac\u00e8utics de Barcelona.<\/p>\n<p>Implicaci\u00f3 de la Farm\u00e0cia en l\u2019estrat\u00e8gia PROA VINCat comunit\u00e0ria<\/p>\n<p>La professi\u00f3 farmac\u00e8utica tamb\u00e9 est\u00e0 present en l\u2019estrat\u00e8gia PROA VINCat comunit\u00e0ria, emmarcada en la lluita contra les resist\u00e8ncies antibi\u00f2tiques que es desenvolupa a nivell europeu i de l\u2019Estat espanyol. A Catalunya, el VINCat va impulsar des de l\u2019any 2012 un sistema de vigil\u00e0ncia i actuaci\u00f3 enfront de les infeccions nosocomials -infeccions que es presenten durant el proc\u00e9s d&#8217;assist\u00e8ncia hospital\u00e0ria-, i la correcta utilitzaci\u00f3 d\u2019antimicrobians i, a partir del 2019, va ampliar l\u2019estrat\u00e8gia a l\u2019\u00e0mbit de l\u2019atenci\u00f3 prim\u00e0ria i comunit\u00e0ria.<\/p>\n<p>En aquest sentit, els equips PROA compten, entre altres professionals sanitaris, amb la participaci\u00f3 d\u2019un farmac\u00e8utic\/a d\u2019oficina de farm\u00e0cia, a trav\u00e9s de la xarxa de coordinadors i delegats del Col\u00b7legi de Farmac\u00e8utics de Barcelona, un farmac\u00e8utic\/a \u00a0d\u2019Atenci\u00f3 Prim\u00e0ria \u00a0i un farmac\u00e8utic\/a d\u2019Hospitals. Aquest \u00e9s un exemple de com, des dels diferents \u00e0mbits d\u2019exercici de la professi\u00f3, es pot aportar valor en la lluita contra la resist\u00e8ncia als antibi\u00f2tics, oferint consell directe i educaci\u00f3 sanit\u00e0ria a la poblaci\u00f3, com \u00e9s el cas de la farm\u00e0cia comunit\u00e0ria; o promovent, en el cas de la farm\u00e0cia d\u2019atenci\u00f3 prim\u00e0ria i l\u2019hospital\u00e0ria, l\u2019elaboraci\u00f3 de guies i protocols, aix\u00ed com l\u2019an\u00e0lisi de l\u2019evid\u00e8ncia cient\u00edfica i dades de consum d\u2019antibi\u00f2tics.<\/p>\n<p>Fruit d\u2019aquests equips PROA ha nascut una campanya impulsada per la Ger\u00e8ncia Territorial Metropolitana Sud de l\u2019Institut Catal\u00e0 de la Salut, que t\u00e9 com a objectiu fomentar l\u2019\u00fas \u00f2ptim dels antibi\u00f2tics entre professionals de la salut i ciutadania. La campanya durar\u00e0 prop d\u2019un any i, per primera vegada, compta amb la implicaci\u00f3 de les farm\u00e0cies de l\u2019entorn territorial metropolit\u00e0 sud, que faran arribar els missatges a la poblaci\u00f3 amb l\u2019ajuda dels televisors de les oficines de farm\u00e0cia i de bosses per als usuaris.<\/p>\n<p>Pla de Salut de Catalunya 2021-2025<\/p>\n<p>Aix\u00ed mateix, la resist\u00e8ncia als antibi\u00f2tics \u00e9s un dels punts que es contempla al nou Pla de Salut 2021-2025 de Catalunya, amb l\u2019objectiu d\u2019impulsar accions que permetin des d\u2019una millor capacitat de resposta davant malalties transmissibles i tamb\u00e9 les epid\u00e8mies, fins al foment de l\u2019\u00fas correcte d\u2019aquests f\u00e0rmacs.<\/p>\n<p>Concretament, un dels projectes que recull \u00e9s refor\u00e7ar el Programa d&#8217;educaci\u00f3 sanit\u00e0ria per al bon \u00fas dels medicaments, una iniciativa que consta de xerrades informatives impartides per farmac\u00e8utics comunitaris amb l\u2019objectiu d\u2019augmentar el coneixement de la poblaci\u00f3 sobre l\u2019\u00fas dels medicaments \u2013entre ells, els antibi\u00f2tics\u2013 i millorar les habilitats en el seu maneig.\u00a0\u00a0COFB.ORG<\/p>","protected":false},"excerpt":{"rendered":"<p>\u00a0 S\u2019estima que l\u2019any 2050 la resist\u00e8ncia als antibi\u00f2tics ser\u00e0 la primera causa de mortalitat al m\u00f3n. Per ajudar a evitar la que podria ser una nova pand\u00e8mia, dins el projecte SAFE \u00a0(Superbug Awareness for Education) s\u2019han elaborat un seguit de v\u00eddeos amb consells, dels quals el Col\u00b7legi de Farmac\u00e8utics [&hellip;]<\/p>\n","protected":false},"author":1,"featured_media":77906,"comment_status":"","ping_status":"","sticky":false,"template":"","format":"standard","meta":{"_uag_custom_page_level_css":"","site-sidebar-layout":"default","site-content-layout":"","ast-site-content-layout":"default","site-content-style":"default","site-sidebar-style":"default","ast-global-header-display":"","ast-banner-title-visibility":"","ast-main-header-display":"","ast-hfb-above-header-display":"","ast-hfb-below-header-display":"","ast-hfb-mobile-header-display":"","site-post-title":"","ast-breadcrumbs-content":"","ast-featured-img":"disabled","footer-sml-layout":"","theme-transparent-header-meta":"","adv-header-id-meta":"","stick-header-meta":"","header-above-stick-meta":"","header-main-stick-meta":"","header-below-stick-meta":"","astra-migrate-meta-layouts":"default","ast-page-background-enabled":"default","ast-page-background-meta":{"desktop":{"background-color":"var(--ast-global-color-4)","background-image":"","background-repeat":"repeat","background-position":"center center","background-size":"auto","background-attachment":"scroll","background-type":"","background-media":"","overlay-type":"","overlay-color":"","overlay-opacity":"","overlay-gradient":""},"tablet":{"background-color":"","background-image":"","background-repeat":"repeat","background-position":"center center","background-size":"auto","background-attachment":"scroll","background-type":"","background-media":"","overlay-type":"","overlay-color":"","overlay-opacity":"","overlay-gradient":""},"mobile":{"background-color":"","background-image":"","background-repeat":"repeat","background-position":"center center","background-size":"auto","background-attachment":"scroll","background-type":"","background-media":"","overlay-type":"","overlay-color":"","overlay-opacity":"","overlay-gradient":""}},"ast-content-background-meta":{"desktop":{"background-color":"var(--ast-global-color-5)","background-image":"","background-repeat":"repeat","background-position":"center center","background-size":"auto","background-attachment":"scroll","background-type":"","background-media":"","overlay-type":"","overlay-color":"","overlay-opacity":"","overlay-gradient":""},"tablet":{"background-color":"var(--ast-global-color-5)","background-image":"","background-repeat":"repeat","background-position":"center center","background-size":"auto","background-attachment":"scroll","background-type":"","background-media":"","overlay-type":"","overlay-color":"","overlay-opacity":"","overlay-gradient":""},"mobile":{"background-color":"var(--ast-global-color-5)","background-image":"","background-repeat":"repeat","background-position":"center center","background-size":"auto","background-attachment":"scroll","background-type":"","background-media":"","overlay-type":"","overlay-color":"","overlay-opacity":"","overlay-gradient":""}},"footnotes":""},"categories":[1060,1066],"tags":[],"class_list":["post-77905","post","type-post","status-publish","format-standard","has-post-thumbnail","hentry","category-notes-premsa","category-sense-categoria-ca"],"yoast_head":"<!-- This site is optimized with the Yoast SEO plugin v22.4 - https:\/\/yoast.com\/wordpress\/plugins\/seo\/ -->\n<title>Farmac\u00e8utics\/ques de Barcelona col\u00b7laboren en diferents iniciatives per incidir en la import\u00e0ncia de fer un \u00fas racional dels antibi\u00f2tics i evitar l\u2019aparici\u00f3 de resist\u00e8ncies - Col\u00b7legi de Farmac\u00e8utics de Barcelona<\/title>\n<meta name=\"robots\" content=\"index, follow, max-snippet:-1, max-image-preview:large, max-video-preview:-1\" \/>\n<link rel=\"canonical\" href=\"https:\/\/novaorg.cofb.net\/2021\/11\/18\/farmaceutics-ques-de-barcelona-collaboren-en-diferents-iniciatives-per-incidir-en-la-importancia-de-fer-un-us-racional-dels-antibiotics-i-evitar-laparicio-de-resistencies-3\/\" \/>\n<meta property=\"og:locale\" content=\"ca_ES\" \/>\n<meta property=\"og:type\" content=\"article\" \/>\n<meta property=\"og:title\" content=\"Farmac\u00e8utics\/ques de Barcelona col\u00b7laboren en diferents iniciatives per incidir en la import\u00e0ncia de fer un \u00fas racional dels antibi\u00f2tics i evitar l\u2019aparici\u00f3 de resist\u00e8ncies - Col\u00b7legi de Farmac\u00e8utics de Barcelona\" \/>\n<meta property=\"og:description\" content=\"\u00a0 S\u2019estima que l\u2019any 2050 la resist\u00e8ncia als antibi\u00f2tics ser\u00e0 la primera causa de mortalitat al m\u00f3n. Per ajudar a evitar la que podria ser una nova pand\u00e8mia, dins el projecte SAFE \u00a0(Superbug Awareness for Education) s\u2019han elaborat un seguit de v\u00eddeos amb consells, dels quals el Col\u00b7legi de Farmac\u00e8utics [&hellip;]\" \/>\n<meta property=\"og:url\" content=\"https:\/\/novaorg.cofb.net\/2021\/11\/18\/farmaceutics-ques-de-barcelona-collaboren-en-diferents-iniciatives-per-incidir-en-la-importancia-de-fer-un-us-racional-dels-antibiotics-i-evitar-laparicio-de-resistencies-3\/\" \/>\n<meta property=\"og:site_name\" content=\"Col\u00b7legi de Farmac\u00e8utics de Barcelona\" \/>\n<meta property=\"article:publisher\" content=\"https:\/\/www.facebook.com\/farmaceuticsbcn\/\" \/>\n<meta property=\"article:published_time\" content=\"2021-11-18T10:51:00+00:00\" \/>\n<meta name=\"author\" content=\"wpAdminCofbOrg\" \/>\n<meta name=\"twitter:card\" content=\"summary_large_image\" \/>\n<meta name=\"twitter:creator\" content=\"@farmaceuticsbcn\" \/>\n<meta name=\"twitter:site\" content=\"@farmaceuticsbcn\" \/>\n<meta name=\"twitter:label1\" content=\"Escrit per\" \/>\n\t<meta name=\"twitter:data1\" content=\"wpAdminCofbOrg\" \/>\n\t<meta name=\"twitter:label2\" content=\"Temps estimat de lectura\" \/>\n\t<meta name=\"twitter:data2\" content=\"10 minuts\" \/>\n<script type=\"application\/ld+json\" class=\"yoast-schema-graph\">{\"@context\":\"https:\/\/schema.org\",\"@graph\":[{\"@type\":\"Article\",\"@id\":\"https:\/\/novaorg.cofb.net\/2021\/11\/18\/farmaceutics-ques-de-barcelona-collaboren-en-diferents-iniciatives-per-incidir-en-la-importancia-de-fer-un-us-racional-dels-antibiotics-i-evitar-laparicio-de-resistencies-3\/#article\",\"isPartOf\":{\"@id\":\"https:\/\/novaorg.cofb.net\/2021\/11\/18\/farmaceutics-ques-de-barcelona-collaboren-en-diferents-iniciatives-per-incidir-en-la-importancia-de-fer-un-us-racional-dels-antibiotics-i-evitar-laparicio-de-resistencies-3\/\"},\"author\":{\"name\":\"wpAdminCofbOrg\",\"@id\":\"https:\/\/www.cofb.org\/#\/schema\/person\/22ed7eea88da74b0fa4d3154ad87ffcb\"},\"headline\":\"Farmac\u00e8utics\/ques de Barcelona col\u00b7laboren en diferents iniciatives per incidir en la import\u00e0ncia de fer un \u00fas racional dels antibi\u00f2tics i evitar l\u2019aparici\u00f3 de resist\u00e8ncies\",\"datePublished\":\"2021-11-18T10:51:00+00:00\",\"dateModified\":\"2021-11-18T10:51:00+00:00\",\"mainEntityOfPage\":{\"@id\":\"https:\/\/novaorg.cofb.net\/2021\/11\/18\/farmaceutics-ques-de-barcelona-collaboren-en-diferents-iniciatives-per-incidir-en-la-importancia-de-fer-un-us-racional-dels-antibiotics-i-evitar-laparicio-de-resistencies-3\/\"},\"wordCount\":2115,\"publisher\":{\"@id\":\"https:\/\/www.cofb.org\/#organization\"},\"image\":{\"@id\":\"https:\/\/novaorg.cofb.net\/2021\/11\/18\/farmaceutics-ques-de-barcelona-collaboren-en-diferents-iniciatives-per-incidir-en-la-importancia-de-fer-un-us-racional-dels-antibiotics-i-evitar-laparicio-de-resistencies-3\/#primaryimage\"},\"thumbnailUrl\":\"https:\/\/www.cofb.org\/wp-content\/uploads\/2021\/11\/c904137e-1168-4bb9-a7a6-fe1f02924d45-WKE1k7.png\",\"articleSection\":[\"Notes de premsa\"],\"inLanguage\":\"ca\"},{\"@type\":\"WebPage\",\"@id\":\"https:\/\/novaorg.cofb.net\/2021\/11\/18\/farmaceutics-ques-de-barcelona-collaboren-en-diferents-iniciatives-per-incidir-en-la-importancia-de-fer-un-us-racional-dels-antibiotics-i-evitar-laparicio-de-resistencies-3\/\",\"url\":\"https:\/\/novaorg.cofb.net\/2021\/11\/18\/farmaceutics-ques-de-barcelona-collaboren-en-diferents-iniciatives-per-incidir-en-la-importancia-de-fer-un-us-racional-dels-antibiotics-i-evitar-laparicio-de-resistencies-3\/\",\"name\":\"Farmac\u00e8utics\/ques de Barcelona col\u00b7laboren en diferents iniciatives per incidir en la import\u00e0ncia de fer un \u00fas racional dels antibi\u00f2tics i evitar l\u2019aparici\u00f3 de resist\u00e8ncies - Col\u00b7legi de Farmac\u00e8utics de Barcelona\",\"isPartOf\":{\"@id\":\"https:\/\/www.cofb.org\/#website\"},\"primaryImageOfPage\":{\"@id\":\"https:\/\/novaorg.cofb.net\/2021\/11\/18\/farmaceutics-ques-de-barcelona-collaboren-en-diferents-iniciatives-per-incidir-en-la-importancia-de-fer-un-us-racional-dels-antibiotics-i-evitar-laparicio-de-resistencies-3\/#primaryimage\"},\"image\":{\"@id\":\"https:\/\/novaorg.cofb.net\/2021\/11\/18\/farmaceutics-ques-de-barcelona-collaboren-en-diferents-iniciatives-per-incidir-en-la-importancia-de-fer-un-us-racional-dels-antibiotics-i-evitar-laparicio-de-resistencies-3\/#primaryimage\"},\"thumbnailUrl\":\"https:\/\/www.cofb.org\/wp-content\/uploads\/2021\/11\/c904137e-1168-4bb9-a7a6-fe1f02924d45-WKE1k7.png\",\"datePublished\":\"2021-11-18T10:51:00+00:00\",\"dateModified\":\"2021-11-18T10:51:00+00:00\",\"breadcrumb\":{\"@id\":\"https:\/\/novaorg.cofb.net\/2021\/11\/18\/farmaceutics-ques-de-barcelona-collaboren-en-diferents-iniciatives-per-incidir-en-la-importancia-de-fer-un-us-racional-dels-antibiotics-i-evitar-laparicio-de-resistencies-3\/#breadcrumb\"},\"inLanguage\":\"ca\",\"potentialAction\":[{\"@type\":\"ReadAction\",\"target\":[\"https:\/\/novaorg.cofb.net\/2021\/11\/18\/farmaceutics-ques-de-barcelona-collaboren-en-diferents-iniciatives-per-incidir-en-la-importancia-de-fer-un-us-racional-dels-antibiotics-i-evitar-laparicio-de-resistencies-3\/\"]}]},{\"@type\":\"ImageObject\",\"inLanguage\":\"ca\",\"@id\":\"https:\/\/novaorg.cofb.net\/2021\/11\/18\/farmaceutics-ques-de-barcelona-collaboren-en-diferents-iniciatives-per-incidir-en-la-importancia-de-fer-un-us-racional-dels-antibiotics-i-evitar-laparicio-de-resistencies-3\/#primaryimage\",\"url\":\"https:\/\/www.cofb.org\/wp-content\/uploads\/2021\/11\/c904137e-1168-4bb9-a7a6-fe1f02924d45-WKE1k7.png\",\"contentUrl\":\"https:\/\/www.cofb.org\/wp-content\/uploads\/2021\/11\/c904137e-1168-4bb9-a7a6-fe1f02924d45-WKE1k7.png\",\"width\":1170,\"height\":580},{\"@type\":\"BreadcrumbList\",\"@id\":\"https:\/\/novaorg.cofb.net\/2021\/11\/18\/farmaceutics-ques-de-barcelona-collaboren-en-diferents-iniciatives-per-incidir-en-la-importancia-de-fer-un-us-racional-dels-antibiotics-i-evitar-laparicio-de-resistencies-3\/#breadcrumb\",\"itemListElement\":[{\"@type\":\"ListItem\",\"position\":1,\"name\":\"Inici\",\"item\":\"https:\/\/novaorg.cofb.net\/\"},{\"@type\":\"ListItem\",\"position\":2,\"name\":\"Farmac\u00e8utics\/ques de Barcelona col\u00b7laboren en diferents iniciatives per incidir en la import\u00e0ncia de fer un \u00fas racional dels antibi\u00f2tics i evitar l\u2019aparici\u00f3 de resist\u00e8ncies\"}]},{\"@type\":\"WebSite\",\"@id\":\"https:\/\/www.cofb.org\/#website\",\"url\":\"https:\/\/www.cofb.org\/\",\"name\":\"Col\u00b7legi de Farmac\u00e8utics de Barcelona\",\"description\":\"\",\"publisher\":{\"@id\":\"https:\/\/www.cofb.org\/#organization\"},\"potentialAction\":[{\"@type\":\"SearchAction\",\"target\":{\"@type\":\"EntryPoint\",\"urlTemplate\":\"https:\/\/www.cofb.org\/?s={search_term_string}\"},\"query-input\":\"required name=search_term_string\"}],\"inLanguage\":\"ca\"},{\"@type\":\"Organization\",\"@id\":\"https:\/\/www.cofb.org\/#organization\",\"name\":\"Col\u00b7legi de Farmac\u00e8utics de Barcelona\",\"url\":\"https:\/\/www.cofb.org\/\",\"logo\":{\"@type\":\"ImageObject\",\"inLanguage\":\"ca\",\"@id\":\"https:\/\/www.cofb.org\/#\/schema\/logo\/image\/\",\"url\":\"https:\/\/www.cofb.org\/wp-content\/uploads\/2023\/11\/cropped-Logotip-COFB.png\",\"contentUrl\":\"https:\/\/www.cofb.org\/wp-content\/uploads\/2023\/11\/cropped-Logotip-COFB.png\",\"width\":500,\"height\":105,\"caption\":\"Col\u00b7legi de Farmac\u00e8utics de Barcelona\"},\"image\":{\"@id\":\"https:\/\/www.cofb.org\/#\/schema\/logo\/image\/\"},\"sameAs\":[\"https:\/\/www.facebook.com\/farmaceuticsbcn\/\",\"https:\/\/twitter.com\/farmaceuticsbcn\",\"https:\/\/www.instagram.com\/farmaceuticsbcn\/\",\"https:\/\/www.linkedin.com\/company\/farmaceuticsbcn\/\"]},{\"@type\":\"Person\",\"@id\":\"https:\/\/www.cofb.org\/#\/schema\/person\/22ed7eea88da74b0fa4d3154ad87ffcb\",\"name\":\"wpAdminCofbOrg\",\"image\":{\"@type\":\"ImageObject\",\"inLanguage\":\"ca\",\"@id\":\"https:\/\/www.cofb.org\/#\/schema\/person\/image\/\",\"url\":\"https:\/\/secure.gravatar.com\/avatar\/1721b20b3b8ca882c3b56ec6c978c594fff670e40c0718e9190eaeeb76aae7d8?s=96&d=mm&r=g\",\"contentUrl\":\"https:\/\/secure.gravatar.com\/avatar\/1721b20b3b8ca882c3b56ec6c978c594fff670e40c0718e9190eaeeb76aae7d8?s=96&d=mm&r=g\",\"caption\":\"wpAdminCofbOrg\"},\"sameAs\":[\"http:\/\/192.168.64.122\/wordpress\"],\"url\":\"https:\/\/www.cofb.org\/ca\/author\/wpadmincofborg\/\"}]}<\/script>\n<!-- \/ Yoast SEO plugin. -->","yoast_head_json":{"title":"Farmac\u00e8utics\/ques de Barcelona col\u00b7laboren en diferents iniciatives per incidir en la import\u00e0ncia de fer un \u00fas racional dels antibi\u00f2tics i evitar l\u2019aparici\u00f3 de resist\u00e8ncies - Col\u00b7legi de Farmac\u00e8utics de Barcelona","robots":{"index":"index","follow":"follow","max-snippet":"max-snippet:-1","max-image-preview":"max-image-preview:large","max-video-preview":"max-video-preview:-1"},"canonical":"https:\/\/novaorg.cofb.net\/2021\/11\/18\/farmaceutics-ques-de-barcelona-collaboren-en-diferents-iniciatives-per-incidir-en-la-importancia-de-fer-un-us-racional-dels-antibiotics-i-evitar-laparicio-de-resistencies-3\/","og_locale":"ca_ES","og_type":"article","og_title":"Farmac\u00e8utics\/ques de Barcelona col\u00b7laboren en diferents iniciatives per incidir en la import\u00e0ncia de fer un \u00fas racional dels antibi\u00f2tics i evitar l\u2019aparici\u00f3 de resist\u00e8ncies - Col\u00b7legi de Farmac\u00e8utics de Barcelona","og_description":"\u00a0 S\u2019estima que l\u2019any 2050 la resist\u00e8ncia als antibi\u00f2tics ser\u00e0 la primera causa de mortalitat al m\u00f3n. Per ajudar a evitar la que podria ser una nova pand\u00e8mia, dins el projecte SAFE \u00a0(Superbug Awareness for Education) s\u2019han elaborat un seguit de v\u00eddeos amb consells, dels quals el Col\u00b7legi de Farmac\u00e8utics [&hellip;]","og_url":"https:\/\/novaorg.cofb.net\/2021\/11\/18\/farmaceutics-ques-de-barcelona-collaboren-en-diferents-iniciatives-per-incidir-en-la-importancia-de-fer-un-us-racional-dels-antibiotics-i-evitar-laparicio-de-resistencies-3\/","og_site_name":"Col\u00b7legi de Farmac\u00e8utics de Barcelona","article_publisher":"https:\/\/www.facebook.com\/farmaceuticsbcn\/","article_published_time":"2021-11-18T10:51:00+00:00","author":"wpAdminCofbOrg","twitter_card":"summary_large_image","twitter_creator":"@farmaceuticsbcn","twitter_site":"@farmaceuticsbcn","twitter_misc":{"Escrit per":"wpAdminCofbOrg","Temps estimat de lectura":"10 minuts"},"schema":{"@context":"https:\/\/schema.org","@graph":[{"@type":"Article","@id":"https:\/\/novaorg.cofb.net\/2021\/11\/18\/farmaceutics-ques-de-barcelona-collaboren-en-diferents-iniciatives-per-incidir-en-la-importancia-de-fer-un-us-racional-dels-antibiotics-i-evitar-laparicio-de-resistencies-3\/#article","isPartOf":{"@id":"https:\/\/novaorg.cofb.net\/2021\/11\/18\/farmaceutics-ques-de-barcelona-collaboren-en-diferents-iniciatives-per-incidir-en-la-importancia-de-fer-un-us-racional-dels-antibiotics-i-evitar-laparicio-de-resistencies-3\/"},"author":{"name":"wpAdminCofbOrg","@id":"https:\/\/www.cofb.org\/#\/schema\/person\/22ed7eea88da74b0fa4d3154ad87ffcb"},"headline":"Farmac\u00e8utics\/ques de Barcelona col\u00b7laboren en diferents iniciatives per incidir en la import\u00e0ncia de fer un \u00fas racional dels antibi\u00f2tics i evitar l\u2019aparici\u00f3 de resist\u00e8ncies","datePublished":"2021-11-18T10:51:00+00:00","dateModified":"2021-11-18T10:51:00+00:00","mainEntityOfPage":{"@id":"https:\/\/novaorg.cofb.net\/2021\/11\/18\/farmaceutics-ques-de-barcelona-collaboren-en-diferents-iniciatives-per-incidir-en-la-importancia-de-fer-un-us-racional-dels-antibiotics-i-evitar-laparicio-de-resistencies-3\/"},"wordCount":2115,"publisher":{"@id":"https:\/\/www.cofb.org\/#organization"},"image":{"@id":"https:\/\/novaorg.cofb.net\/2021\/11\/18\/farmaceutics-ques-de-barcelona-collaboren-en-diferents-iniciatives-per-incidir-en-la-importancia-de-fer-un-us-racional-dels-antibiotics-i-evitar-laparicio-de-resistencies-3\/#primaryimage"},"thumbnailUrl":"https:\/\/www.cofb.org\/wp-content\/uploads\/2021\/11\/c904137e-1168-4bb9-a7a6-fe1f02924d45-WKE1k7.png","articleSection":["Notes de premsa"],"inLanguage":"ca"},{"@type":"WebPage","@id":"https:\/\/novaorg.cofb.net\/2021\/11\/18\/farmaceutics-ques-de-barcelona-collaboren-en-diferents-iniciatives-per-incidir-en-la-importancia-de-fer-un-us-racional-dels-antibiotics-i-evitar-laparicio-de-resistencies-3\/","url":"https:\/\/novaorg.cofb.net\/2021\/11\/18\/farmaceutics-ques-de-barcelona-collaboren-en-diferents-iniciatives-per-incidir-en-la-importancia-de-fer-un-us-racional-dels-antibiotics-i-evitar-laparicio-de-resistencies-3\/","name":"Farmac\u00e8utics\/ques de Barcelona col\u00b7laboren en diferents iniciatives per incidir en la import\u00e0ncia de fer un \u00fas racional dels antibi\u00f2tics i evitar l\u2019aparici\u00f3 de resist\u00e8ncies - Col\u00b7legi de Farmac\u00e8utics de Barcelona","isPartOf":{"@id":"https:\/\/www.cofb.org\/#website"},"primaryImageOfPage":{"@id":"https:\/\/novaorg.cofb.net\/2021\/11\/18\/farmaceutics-ques-de-barcelona-collaboren-en-diferents-iniciatives-per-incidir-en-la-importancia-de-fer-un-us-racional-dels-antibiotics-i-evitar-laparicio-de-resistencies-3\/#primaryimage"},"image":{"@id":"https:\/\/novaorg.cofb.net\/2021\/11\/18\/farmaceutics-ques-de-barcelona-collaboren-en-diferents-iniciatives-per-incidir-en-la-importancia-de-fer-un-us-racional-dels-antibiotics-i-evitar-laparicio-de-resistencies-3\/#primaryimage"},"thumbnailUrl":"https:\/\/www.cofb.org\/wp-content\/uploads\/2021\/11\/c904137e-1168-4bb9-a7a6-fe1f02924d45-WKE1k7.png","datePublished":"2021-11-18T10:51:00+00:00","dateModified":"2021-11-18T10:51:00+00:00","breadcrumb":{"@id":"https:\/\/novaorg.cofb.net\/2021\/11\/18\/farmaceutics-ques-de-barcelona-collaboren-en-diferents-iniciatives-per-incidir-en-la-importancia-de-fer-un-us-racional-dels-antibiotics-i-evitar-laparicio-de-resistencies-3\/#breadcrumb"},"inLanguage":"ca","potentialAction":[{"@type":"ReadAction","target":["https:\/\/novaorg.cofb.net\/2021\/11\/18\/farmaceutics-ques-de-barcelona-collaboren-en-diferents-iniciatives-per-incidir-en-la-importancia-de-fer-un-us-racional-dels-antibiotics-i-evitar-laparicio-de-resistencies-3\/"]}]},{"@type":"ImageObject","inLanguage":"ca","@id":"https:\/\/novaorg.cofb.net\/2021\/11\/18\/farmaceutics-ques-de-barcelona-collaboren-en-diferents-iniciatives-per-incidir-en-la-importancia-de-fer-un-us-racional-dels-antibiotics-i-evitar-laparicio-de-resistencies-3\/#primaryimage","url":"https:\/\/www.cofb.org\/wp-content\/uploads\/2021\/11\/c904137e-1168-4bb9-a7a6-fe1f02924d45-WKE1k7.png","contentUrl":"https:\/\/www.cofb.org\/wp-content\/uploads\/2021\/11\/c904137e-1168-4bb9-a7a6-fe1f02924d45-WKE1k7.png","width":1170,"height":580},{"@type":"BreadcrumbList","@id":"https:\/\/novaorg.cofb.net\/2021\/11\/18\/farmaceutics-ques-de-barcelona-collaboren-en-diferents-iniciatives-per-incidir-en-la-importancia-de-fer-un-us-racional-dels-antibiotics-i-evitar-laparicio-de-resistencies-3\/#breadcrumb","itemListElement":[{"@type":"ListItem","position":1,"name":"Inici","item":"https:\/\/novaorg.cofb.net\/"},{"@type":"ListItem","position":2,"name":"Farmac\u00e8utics\/ques de Barcelona col\u00b7laboren en diferents iniciatives per incidir en la import\u00e0ncia de fer un \u00fas racional dels antibi\u00f2tics i evitar l\u2019aparici\u00f3 de resist\u00e8ncies"}]},{"@type":"WebSite","@id":"https:\/\/www.cofb.org\/#website","url":"https:\/\/www.cofb.org\/","name":"Col\u00b7legi de Farmac\u00e8utics de Barcelona","description":"","publisher":{"@id":"https:\/\/www.cofb.org\/#organization"},"potentialAction":[{"@type":"SearchAction","target":{"@type":"EntryPoint","urlTemplate":"https:\/\/www.cofb.org\/?s={search_term_string}"},"query-input":"required name=search_term_string"}],"inLanguage":"ca"},{"@type":"Organization","@id":"https:\/\/www.cofb.org\/#organization","name":"Col\u00b7legi de Farmac\u00e8utics de Barcelona","url":"https:\/\/www.cofb.org\/","logo":{"@type":"ImageObject","inLanguage":"ca","@id":"https:\/\/www.cofb.org\/#\/schema\/logo\/image\/","url":"https:\/\/www.cofb.org\/wp-content\/uploads\/2023\/11\/cropped-Logotip-COFB.png","contentUrl":"https:\/\/www.cofb.org\/wp-content\/uploads\/2023\/11\/cropped-Logotip-COFB.png","width":500,"height":105,"caption":"Col\u00b7legi de Farmac\u00e8utics de Barcelona"},"image":{"@id":"https:\/\/www.cofb.org\/#\/schema\/logo\/image\/"},"sameAs":["https:\/\/www.facebook.com\/farmaceuticsbcn\/","https:\/\/twitter.com\/farmaceuticsbcn","https:\/\/www.instagram.com\/farmaceuticsbcn\/","https:\/\/www.linkedin.com\/company\/farmaceuticsbcn\/"]},{"@type":"Person","@id":"https:\/\/www.cofb.org\/#\/schema\/person\/22ed7eea88da74b0fa4d3154ad87ffcb","name":"wpAdminCofbOrg","image":{"@type":"ImageObject","inLanguage":"ca","@id":"https:\/\/www.cofb.org\/#\/schema\/person\/image\/","url":"https:\/\/secure.gravatar.com\/avatar\/1721b20b3b8ca882c3b56ec6c978c594fff670e40c0718e9190eaeeb76aae7d8?s=96&d=mm&r=g","contentUrl":"https:\/\/secure.gravatar.com\/avatar\/1721b20b3b8ca882c3b56ec6c978c594fff670e40c0718e9190eaeeb76aae7d8?s=96&d=mm&r=g","caption":"wpAdminCofbOrg"},"sameAs":["http:\/\/192.168.64.122\/wordpress"],"url":"https:\/\/www.cofb.org\/ca\/author\/wpadmincofborg\/"}]}},"uagb_featured_image_src":{"full":["https:\/\/www.cofb.org\/wp-content\/uploads\/2021\/11\/c904137e-1168-4bb9-a7a6-fe1f02924d45-WKE1k7.png",1170,580,false],"thumbnail":["https:\/\/www.cofb.org\/wp-content\/uploads\/2021\/11\/c904137e-1168-4bb9-a7a6-fe1f02924d45-WKE1k7-150x150.png",150,150,true],"medium":["https:\/\/www.cofb.org\/wp-content\/uploads\/2021\/11\/c904137e-1168-4bb9-a7a6-fe1f02924d45-WKE1k7-300x149.png",300,149,true],"medium_large":["https:\/\/www.cofb.org\/wp-content\/uploads\/2021\/11\/c904137e-1168-4bb9-a7a6-fe1f02924d45-WKE1k7-768x381.png",768,381,true],"large":["https:\/\/www.cofb.org\/wp-content\/uploads\/2021\/11\/c904137e-1168-4bb9-a7a6-fe1f02924d45-WKE1k7-1024x508.png",1024,508,true],"1536x1536":["https:\/\/www.cofb.org\/wp-content\/uploads\/2021\/11\/c904137e-1168-4bb9-a7a6-fe1f02924d45-WKE1k7.png",1170,580,false],"2048x2048":["https:\/\/www.cofb.org\/wp-content\/uploads\/2021\/11\/c904137e-1168-4bb9-a7a6-fe1f02924d45-WKE1k7.png",1170,580,false],"trp-custom-language-flag":["https:\/\/www.cofb.org\/wp-content\/uploads\/2021\/11\/c904137e-1168-4bb9-a7a6-fe1f02924d45-WKE1k7-18x9.png",18,9,true]},"uagb_author_info":{"display_name":"wpAdminCofbOrg","author_link":"https:\/\/www.cofb.org\/ca\/author\/wpadmincofborg\/"},"uagb_comment_info":0,"uagb_excerpt":"\u00a0 S\u2019estima que l\u2019any 2050 la resist\u00e8ncia als antibi\u00f2tics ser\u00e0 la primera causa de mortalitat al m\u00f3n. Per ajudar a evitar la que podria ser una nova pand\u00e8mia, dins el projecte SAFE \u00a0(Superbug Awareness for Education) s\u2019han elaborat un seguit de v\u00eddeos amb consells, dels quals el Col\u00b7legi de Farmac\u00e8utics [&hellip;]","_links":{"self":[{"href":"https:\/\/www.cofb.org\/ca\/wp-json\/wp\/v2\/posts\/77905","targetHints":{"allow":["GET"]}}],"collection":[{"href":"https:\/\/www.cofb.org\/ca\/wp-json\/wp\/v2\/posts"}],"about":[{"href":"https:\/\/www.cofb.org\/ca\/wp-json\/wp\/v2\/types\/post"}],"author":[{"embeddable":true,"href":"https:\/\/www.cofb.org\/ca\/wp-json\/wp\/v2\/users\/1"}],"replies":[{"embeddable":true,"href":"https:\/\/www.cofb.org\/ca\/wp-json\/wp\/v2\/comments?post=77905"}],"version-history":[{"count":0,"href":"https:\/\/www.cofb.org\/ca\/wp-json\/wp\/v2\/posts\/77905\/revisions"}],"wp:featuredmedia":[{"embeddable":true,"href":"https:\/\/www.cofb.org\/ca\/wp-json\/wp\/v2\/media\/77906"}],"wp:attachment":[{"href":"https:\/\/www.cofb.org\/ca\/wp-json\/wp\/v2\/media?parent=77905"}],"wp:term":[{"taxonomy":"category","embeddable":true,"href":"https:\/\/www.cofb.org\/ca\/wp-json\/wp\/v2\/categories?post=77905"},{"taxonomy":"post_tag","embeddable":true,"href":"https:\/\/www.cofb.org\/ca\/wp-json\/wp\/v2\/tags?post=77905"}],"curies":[{"name":"wp","href":"https:\/\/api.w.org\/{rel}","templated":true}]}}