{"id":77903,"date":"2021-12-20T13:34:00","date_gmt":"2021-12-20T13:34:00","guid":{"rendered":"https:\/\/novaorg.cofb.net\/2021\/12\/20\/mes-de-400-inscrits-en-el-webinar-dagora-sanitaria-i-nestle-health-science-sobre-nous-avancos-en-envelliment-cellular-i-el-paper-de-loficina-de-farmaciamas-de-400-inscritos-en-el-webinar-de-agora-sa-2\/"},"modified":"2021-12-20T13:34:00","modified_gmt":"2021-12-20T13:34:00","slug":"mes-de-400-inscrits-en-el-webinar-dagora-sanitaria-i-nestle-health-science-sobre-nous-avancos-en-envelliment-cellular-i-el-paper-de-loficina-de-farmaciamas-de-400-inscritos-en-el-webinar-de-agora-sa-2","status":"publish","type":"post","link":"https:\/\/www.cofb.org\/ca\/2021\/12\/20\/mes-de-400-inscrits-en-el-webinar-dagora-sanitaria-i-nestle-health-science-sobre-nous-avancos-en-envelliment-cellular-i-el-paper-de-loficina-de-farmaciamas-de-400-inscritos-en-el-webinar-de-agora-sa-2\/","title":{"rendered":"M\u00e9s de 400 inscrits en el webinar d&#8217;\u00c0gora Sanit\u00e0ria i Nestl\u00e9 Health Science sobre nous avan\u00e7os en envelliment cel\u00b7lular i el paper de l&#8217;oficina de farm\u00e0ciaM\u00e1s de 400 inscritos en el webinar de \u00c1gora Sanitaria y Nestl\u00e9 Health Science sobre nuevos avances en envejecimiento celular y el papel de la oficina de farmacia"},"content":{"rendered":"<p>\u00a0<br \/>\n\tEl <em>webinar<\/em> va comptar amb les intervencions del <strong>Dr. Jos\u00e9 Vi\u00f1a<\/strong>, referent en la recerca sobre envelliment que ha treballat sota la direcci\u00f3 del Premi Nobel Hans Krebs, i la <strong>Dra. Maria Izquierdo<\/strong>, catedr\u00e0tica de nutrici\u00f3 la Facultat de Farm\u00e0cia i Ci\u00e8ncies de l&#8217;Alimentaci\u00f3<\/p>\n<p>\tTots dos experts van coincidir en <strong>l&#8217;important paper que t\u00e9 la farm\u00e0cia en la salut de la poblaci\u00f3<\/strong> i, m\u00e9s concretament, en el consell nutricional per un envelliment saludable<\/p>\n<p>\tPer un <strong>envelliment saludable<\/strong> s\u00f3n claus una <strong>dieta equilibrada<\/strong>, la realitzaci\u00f3 <strong>d&#8217;exercici f\u00edsic<\/strong> i el <strong>suport de l&#8217;entorn<\/strong> i el <strong>context social<\/strong>. Augmentar el <strong>consum de fruites i\u00a0 verdures<\/strong> \u00e9s la millor manera d&#8217;obtenir les vitamines i minerals necessaris per una nutrici\u00f3 \u00f2ptima<\/p>\n<p>\u00a0<\/p>\n\n<p><em>Barcelona\/Madrid, 20 de desembre de 2021<\/em>. <strong>Els \u00faltims aven\u00e7os en nutrici\u00f3 cel\u00b7lular obren un nou camp de treball en l&#8217;abordatge del proc\u00e9s de l&#8217;envelliment<\/strong>. Aquesta nova disciplina estudia els mecanismes relacionats amb el <strong>declivi cel\u00b7lular <\/strong>associat a l&#8217;edat, fent \u00e8mfasi en el paper de l&#8217;estr\u00e8s oxidatiu i la cerca de solucions per \u00a0frenar aquest dany oxidatiu.<\/p>\n<p>Aquesta va ser la q\u00fcesti\u00f3 central que es va abordar durant el webinar en directe <strong>\u201cNous aven\u00e7os en envelliment cel\u00b7lular\u201d<\/strong>, organitzat el passat 30 de novembre per <strong>\u00c0gora Sanit\u00e0ria<\/strong>, la plataforma de formaci\u00f3 en l\u00ednia dels Col\u00b7legis de Farmac\u00e8utics de Barcelona i Madrid, i patrocinat per <strong>Nestl\u00e9 Health Science<\/strong>.<\/p>\n<p><strong>Quins temes es van abordar durant el webinar?<\/strong><\/p>\n<p><strong>Anna Bach-Faig<\/strong>, vocal d&#8217;Alimentaci\u00f3 i Nutrici\u00f3 del Col\u00b7legi de Farmac\u00e8utics de Barcelona (COFB), va introduir la confer\u00e8ncia apuntant els<strong> tres grans temes<\/strong> que es tractarien: \u201cEls <strong>processos cl\u00ednics<\/strong> i <strong>cel\u00b7lulars<\/strong> que tenen lloc en l&#8217;envelliment; l&#8217;impacte de l&#8217;<strong>envelliment<\/strong> en la funcionalitat, el rendiment cognitiu i el sistema immune; i els factors que poden accelerar el <strong>dany oxidatiu<\/strong>\u201d.<\/p>\n<p>M\u00e9s concretament, el webinar, que va comptar amb <strong>m\u00e9s de 400 inscrits<\/strong>, es va dividir en <strong>dues parts<\/strong>. En primer lloc, la presentaci\u00f3 del <strong>Dr. Jos\u00e9 Vi\u00f1a<\/strong>, <strong>catedr\u00e0tic de Fisiologia de la Universitat de Val\u00e8ncia<\/strong> i referent en la recerca sobre l&#8217;envelliment des dels seus inicis a Oxford sota la direcci\u00f3 del Premi Nobel Hans Kreb, que va detallar els <strong>processos pels quals passa la c\u00e8l\u00b7lula<\/strong>, el <strong>paper dels radicals lliures<\/strong> i el glutati\u00f3, aix\u00ed com els actius existents que contribueixen a la <strong>protecci\u00f3 cel\u00b7lular<\/strong>. A continuaci\u00f3, es va incorporar la Dra. Maria Izquierdo, catedr\u00e0tica de nutrici\u00f3 de la Universitat de Barcelona i directora del Departament de Nutrici\u00f3, Ci\u00e8ncies de l&#8217;Alimentaci\u00f3 i Gastronomia, per <strong>mantenir un di\u00e0leg amb el Dr. Vi\u00f1a<\/strong>. Despr\u00e9s d&#8217;aquesta conversa entre tots dos experts, els assistents van poder <strong>exposar les principals consultes<\/strong> davant\u00a0l&#8217;envelliment cel\u00b7lular, especialment sobre com enfocar el consell nutricional i la promoci\u00f3 d&#8217;h\u00e0bits de vida saludables des de la farm\u00e0cia.<\/p>\n<p><strong><span>Envelliment cel\u00b7lular<\/span><\/strong><\/p>\n<p>El Dr. Vi\u00f1a va definir l&#8217;<strong>envelliment<\/strong> com un <strong>proc\u00e9s complex i temporal<\/strong>, amb <strong>gran heterogene\u00eftat biol\u00f2gica<\/strong> de la poblaci\u00f3. L&#8217;<strong>estudi<\/strong> i la <strong>recerca <\/strong>en aquesta \u00e0rea s\u00f3n molt diversos i es dirigeix a la <strong>prevenci\u00f3 i intervenci\u00f3<\/strong>, especialment en els individus m\u00e9s vulnerables. L&#8217;objectiu, segons va detallar, no \u00e9s el de \u201cviure m\u00e9s, sin\u00f3 viure millor per m\u00e9s temps\u201d.<\/p>\n<p>El doctor tamb\u00e9 va exposar que per un <strong>envelliment saludable<\/strong> \u00e9s possible actuar en <strong>diferents nivells<\/strong>: alimentaci\u00f3, exercici, control de l&#8217;estr\u00e8s, h\u00e0bits saludables i complementaci\u00f3 nutricional, entre altres. Tamb\u00e9 va posar l&#8217;accent en l&#8217;exist\u00e8ncia d&#8217;alguns <strong>factors de risc <\/strong>d&#8217;<strong>envelliment cel\u00b7lular accelerat<\/strong>, siguin <strong>caracter\u00edstiques demogr\u00e0fiques<\/strong> <strong>o cl\u00edniques<\/strong> (com a antecedents gen\u00e8tics desfavorables, l&#8217;obesitat o condicions cl\u00edniques, com el c\u00e0ncer o la malaltia cardiovascular), o <strong>factors ambientals, conductuals o socioecon\u00f2mics<\/strong> (com el tabac, el sedentarisme, la contaminaci\u00f3, l&#8217;alcohol, un nivell socioecon\u00f2mic baix o una nutrici\u00f3 inadequada).<\/p>\n<p>Pel que fa al<strong> paper de l&#8217;estr\u00e8s<\/strong> en l&#8217;<strong>envelliment cel\u00b7lular<\/strong>, el Dr. Vi\u00f1a va indicar: \u201cNo tenim per qu\u00e8 bloquejar l&#8217;estr\u00e8s, en el sentit original de la paraula, que \u00e9s la reacci\u00f3 davant una agressi\u00f3, el que hem de bloquejar mitjan\u00e7ant nutrici\u00f3 i altres h\u00e0bits saludables \u00e9s el dany continu que produeix l&#8217;estr\u00e8s\u201d.<\/p>\n<p><strong><span>La complementaci\u00f3 amb vitamines \/ minerals i altres nutrients<\/span><\/strong><\/p>\n<p>Sobre la q\u00fcesti\u00f3 de la <strong>complementaci\u00f3 amb vitamines \/ minerals<\/strong>, va exposar que hi ha <strong>una part de la poblaci\u00f3<\/strong> que presenta alguns d\u00e8ficits en la seva dieta -per exemple, als pa\u00efsos desenvolupats, la majoria de la poblaci\u00f3 obesa est\u00e0 malnodrida-, per la qual cosa la <strong>complementaci\u00f3 vitam\u00ednica \/ mineral<\/strong> pot estar recomanada pr\u00e8via avaluaci\u00f3 de la dieta i la situaci\u00f3 individual. Els <strong>micronutrients<\/strong> relacionats amb l&#8217;<strong>equilibri cel\u00b7lular oxidatiu <\/strong>(Zn, Es, vitamines A, E i C) contribueixen a la defensa cel\u00b7lular oxidativa i tenen<strong> implicacions importants<\/strong> en l&#8217;envelliment cel\u00b7lular i en el desenvolupament de malalties cr\u00f2niques.<\/p>\n<p>Existeixen altres <strong>biomol\u00e8cules<\/strong> claus en la <strong>protecci\u00f3 cel\u00b7lular<\/strong> com el glutati\u00f3. La defici\u00e8ncia de glutati\u00f3 en els individus majors s&#8217;associa amb un augment de l&#8217;estr\u00e8s oxidatiu, presentant elevats nivells dels marcadors plasm\u00e0tics de mal oxidatiu elevats i afavorint el desenvolupament de malalties cr\u00f2niques. L&#8217;aportaci\u00f3 d&#8217;una combinaci\u00f3 adequada de N-acetilciste\u00efna i glicina (GlyNAC), precursors del glutati\u00f3, \u00e9s una estrat\u00e8gia efectiva per a promoure la protecci\u00f3 i salut cel\u00b7lular.<\/p>\n<p>En relaci\u00f3 amb aquesta q\u00fcesti\u00f3, la Dra. Izquierdo va afegir que \u201cquan es veu la relaci\u00f3 entre vitamines i prevenci\u00f3 de malalties cardiovasculars, o quan es valora que la dieta tingui la suficient quantitat de vitamines, sempre es troben relacions positives si b\u00e9 cal evitar les dosis altes o \u201cmegadosis\u201d. Per contra, \u201cquan aquests mateixos estudis es fan en poblaci\u00f3 molt suplementada (exemple: a Am\u00e8rica hi ha moltes persones que prenen massa suplements), no s&#8217;observa aquesta protecci\u00f3 i fins i tot hi ha efectes negatius\u201d. Per aix\u00f2 , \u201cla suplementaci\u00f3 sempre ha de ser individualitzada i supervisada\u201d.<\/p>\n<p><strong><span>Avaluar des de l&#8217;oficina de farm\u00e0cia l&#8217;envelliment saludable d&#8217;una persona<\/span><\/strong><\/p>\n<p>Segons el Dr. Vi\u00f1a, \u201cel primer que han de fer els farmac\u00e8utics, en la mesura que sigui possible, \u00e9s parlar amb el pacient. Parlar i, sobretot, escoltar. Cal fer veure al pacient que la conversa que estan tenint amb ell es tracta d&#8217;un acte <strong>professional<\/strong>, que va m\u00e9s enll\u00e0 de la dispensaci\u00f3. En segon lloc, \u00e9s important estar molt ben format i, finalment, que els diferents professionals sanitaris -metges, infermeres, farmac\u00e8utics, nutricionistes, etc.- siguin un equip treballant de manera coordinada\u201d. Per part seva, la Dra. Izquierdo va afegir: \u201c\u00c9s molt rellevant l&#8217;escolta activa i els professionals que estan en l&#8217;oficina de farm\u00e0cia poden detectar si el pacient est\u00e0 perdent pes, si la seva alimentaci\u00f3 no \u00e9s adequada, si dorm b\u00e9 o no, si est\u00e0 m\u00e9s trist, etc.\u201d.<\/p>\n<p>En aquest sentit, tots dos experts van coincidir en la <strong>import\u00e0ncia que donen els farmac\u00e8utics a la formaci\u00f3 continuada<\/strong>, aix\u00ed com el <strong>paper clau que t\u00e9 la farm\u00e0cia en la salut de la poblaci\u00f3<\/strong> i, m\u00e9s concretament, en el consell nutricional i d&#8217;estil de vida per un envelliment saludable.<\/p>\n<p><strong><span>H\u00e0bits m\u00e9s importants per prevenir el proc\u00e9s oxidatiu<\/span><\/strong><\/p>\n<p>El <strong>Dr. Vi\u00f1a<\/strong> va ressaltar la import\u00e0ncia de <strong>prendre suficient fruita i verdura<\/strong> (com a m\u00ednim <strong>5 racions di\u00e0ries <\/strong>en total) i evitar, en la mesura del possible,<strong> factors de risc<\/strong> com s\u00f3n tabac, exc\u00e9s d&#8217;alcohol, obesitat, polimedicaci\u00f3, pol\u00b7luci\u00f3 etc. Tamb\u00e9 entrenar moderadament, que \u00e9s una forma adequada i fisiol\u00f2gica d&#8217;afavorir l&#8217;equilibri oxidatiu. El doctor Vi\u00f1a tamb\u00e9 va afegir que \u00e9s important no prendre medicaments sense prescripci\u00f3 i que s&#8217;ha de consultar al metge o al farmac\u00e8utic.<\/p>\n<p>En aquest sentit, la Dra. Izquierdo tamb\u00e9 va recordar que \u201cles <strong>fruites, verdures i hortalisses<\/strong> han de ser la <strong>base de l&#8217;alimentaci\u00f3<\/strong>\u201d. A m\u00e9s, va ressaltar que \u201cel nostre cos, des d&#8217;un punt de vista gen\u00e8tic, encara \u00e9s paleol\u00edtic. Fins fa poc no s&#8217;ingeria carn en exc\u00e9s. La <strong>carn era un condiment del plat,<\/strong> no el plat principal. En canvi, actualment, la carn ha passat a ser el plat principal i la verdura a ser el condiment, quan hauria de ser a l&#8217;inrev\u00e9s\u201d. Finalment, la <strong>Dra. Izquierdo<\/strong> va insistir en la import\u00e0ncia de la <strong>fibra diet\u00e8tica<\/strong> en la nostra salut. La fibra t\u00e9 una <strong>funci\u00f3 essencial<\/strong>, entre altres, en la <strong>regulaci\u00f3 de la microbiota<\/strong>. Una microbiota adequada ajudar\u00e0 a mantenir la integritat de l&#8217;epiteli del c\u00f2lon, assegurant que no entrin a l&#8217;organisme subst\u00e0ncies pro inflamat\u00f2ries, amb efectes no desitjats en l&#8217;organisme.<\/p>\n<p><strong>\u00c0gora de Nutrici\u00f3 i Salut<\/strong><\/p>\n<p>Aquest webinar \u00e9s una de les iniciatives impulsades en el marc d&#8217;<strong><a href=\"https:\/\/www.agorasanitaria.com\/registronutricionysalud\/\">\u00c0gora de Nutrici\u00f3 i Salut<\/a><\/strong>, l&#8217;\u00e0rea formativa posada en marxa el\u00a02019 per \u00c0gora Sanit\u00e0ria i Nestl\u00e9 Health Science. L&#8217;objectiu d&#8217;aquest portal \u00e9s posar a l&#8217;abast dels farmac\u00e8utics i de la resta de professionals de l&#8217;oficina de farm\u00e0cia un conjunt de recursos en l\u00ednia que contribueixin a la <strong>millora i professionalitzaci\u00f3 del consell farmac\u00e8utic<\/strong>, en un \u00e0mbit de tanta rellev\u00e0ncia com \u00e9s la nutrici\u00f3 en adults i persones grans.<\/p>\n<p>\u00a0El webinar va comptar amb les intervencions del Dr. Jos\u00e9 Vi\u00f1a, referent en la recerca sobre envelliment que ha treballat sota la direcci\u00f3 del Premi Nobel Hans Krebs, i la Dra. Maria Izquierdo, catedr\u00e0tica de nutrici\u00f3 la Facultat de Farm\u00e0cia i Ci\u00e8ncies de l&#8217;Alimentaci\u00f3<\/p>\n<p>\tTots dos experts van coincidir en l&#8217;important paper que t\u00e9 la farm\u00e0cia en la salut de la poblaci\u00f3 i, m\u00e9s concretament, en el consell nutricional per un envelliment saludable<\/p>\n<p>\tPer un envelliment saludable s\u00f3n claus una dieta equilibrada, la realitzaci\u00f3 d&#8217;exercici f\u00edsic i el suport de l&#8217;entorn i el context social. Augmentar el consum de fruites i\u00a0 verdures \u00e9s la millor manera d&#8217;obtenir les vitamines i minerals necessaris per una nutrici\u00f3 \u00f2ptima<\/p>\n<p>\u00a0<\/p>\n<p>Barcelona\/Madrid, 20 de desembre de 2021. Els \u00faltims aven\u00e7os en nutrici\u00f3 cel\u00b7lular obren un nou camp de treball en l&#8217;abordatge del proc\u00e9s de l&#8217;envelliment. Aquesta nova disciplina estudia els mecanismes relacionats amb el declivi cel\u00b7lular associat a l&#8217;edat, fent \u00e8mfasi en el paper de l&#8217;estr\u00e8s oxidatiu i la cerca de solucions per \u00a0frenar aquest dany oxidatiu.<\/p>\n<p>Aquesta va ser la q\u00fcesti\u00f3 central que es va abordar durant el webinar en directe \u201cNous aven\u00e7os en envelliment cel\u00b7lular\u201d, organitzat el passat 30 de novembre per \u00c0gora Sanit\u00e0ria, la plataforma de formaci\u00f3 en l\u00ednia dels Col\u00b7legis de Farmac\u00e8utics de Barcelona i Madrid, i patrocinat per Nestl\u00e9 Health Science.<\/p>\n<p>Quins temes es van abordar durant el webinar?<\/p>\n<p>Anna Bach-Faig, vocal d&#8217;Alimentaci\u00f3 i Nutrici\u00f3 del Col\u00b7legi de Farmac\u00e8utics de Barcelona (COFB), va introduir la confer\u00e8ncia apuntant els tres grans temes que es tractarien: \u201cEls processos cl\u00ednics i cel\u00b7lulars que tenen lloc en l&#8217;envelliment; l&#8217;impacte de l&#8217;envelliment en la funcionalitat, el rendiment cognitiu i el sistema immune; i els factors que poden accelerar el dany oxidatiu\u201d.<\/p>\n<p>M\u00e9s concretament, el webinar, que va comptar amb m\u00e9s de 400 inscrits, es va dividir en dues parts. En primer lloc, la presentaci\u00f3 del Dr. Jos\u00e9 Vi\u00f1a, catedr\u00e0tic de Fisiologia de la Universitat de Val\u00e8ncia i referent en la recerca sobre l&#8217;envelliment des dels seus inicis a Oxford sota la direcci\u00f3 del Premi Nobel Hans Kreb, que va detallar els processos pels quals passa la c\u00e8l\u00b7lula, el paper dels radicals lliures i el glutati\u00f3, aix\u00ed com els actius existents que contribueixen a la protecci\u00f3 cel\u00b7lular. A continuaci\u00f3, es va incorporar la Dra. Maria Izquierdo, catedr\u00e0tica de nutrici\u00f3 de la Universitat de Barcelona i directora del Departament de Nutrici\u00f3, Ci\u00e8ncies de l&#8217;Alimentaci\u00f3 i Gastronomia, per mantenir un di\u00e0leg amb el Dr. Vi\u00f1a. Despr\u00e9s d&#8217;aquesta conversa entre tots dos experts, els assistents van poder exposar les principals consultes davant\u00a0l&#8217;envelliment cel\u00b7lular, especialment sobre com enfocar el consell nutricional i la promoci\u00f3 d&#8217;h\u00e0bits de vida saludables des de la farm\u00e0cia.<\/p>\n<p>Envelliment cel\u00b7lular<\/p>\n<p>El Dr. Vi\u00f1a va definir l&#8217;envelliment com un proc\u00e9s complex i temporal, amb gran heterogene\u00eftat biol\u00f2gica de la poblaci\u00f3. L&#8217;estudi i la recerca en aquesta \u00e0rea s\u00f3n molt diversos i es dirigeix a la prevenci\u00f3 i intervenci\u00f3, especialment en els individus m\u00e9s vulnerables. L&#8217;objectiu, segons va detallar, no \u00e9s el de \u201cviure m\u00e9s, sin\u00f3 viure millor per m\u00e9s temps\u201d.<\/p>\n<p>El doctor tamb\u00e9 va exposar que per un envelliment saludable \u00e9s possible actuar en diferents nivells: alimentaci\u00f3, exercici, control de l&#8217;estr\u00e8s, h\u00e0bits saludables i complementaci\u00f3 nutricional, entre altres. Tamb\u00e9 va posar l&#8217;accent en l&#8217;exist\u00e8ncia d&#8217;alguns factors de risc d&#8217;envelliment cel\u00b7lular accelerat, siguin caracter\u00edstiques demogr\u00e0fiques o cl\u00edniques (com a antecedents gen\u00e8tics desfavorables, l&#8217;obesitat o condicions cl\u00edniques, com el c\u00e0ncer o la malaltia cardiovascular), o factors ambientals, conductuals o socioecon\u00f2mics (com el tabac, el sedentarisme, la contaminaci\u00f3, l&#8217;alcohol, un nivell socioecon\u00f2mic baix o una nutrici\u00f3 inadequada).<\/p>\n<p>Pel que fa al paper de l&#8217;estr\u00e8s en l&#8217;envelliment cel\u00b7lular, el Dr. Vi\u00f1a va indicar: \u201cNo tenim per qu\u00e8 bloquejar l&#8217;estr\u00e8s, en el sentit original de la paraula, que \u00e9s la reacci\u00f3 davant una agressi\u00f3, el que hem de bloquejar mitjan\u00e7ant nutrici\u00f3 i altres h\u00e0bits saludables \u00e9s el dany continu que produeix l&#8217;estr\u00e8s\u201d.<\/p>\n<p>La complementaci\u00f3 amb vitamines \/ minerals i altres nutrients<\/p>\n<p>Sobre la q\u00fcesti\u00f3 de la complementaci\u00f3 amb vitamines \/ minerals, va exposar que hi ha una part de la poblaci\u00f3 que presenta alguns d\u00e8ficits en la seva dieta -per exemple, als pa\u00efsos desenvolupats, la majoria de la poblaci\u00f3 obesa est\u00e0 malnodrida-, per la qual cosa la complementaci\u00f3 vitam\u00ednica \/ mineral pot estar recomanada pr\u00e8via avaluaci\u00f3 de la dieta i la situaci\u00f3 individual. Els micronutrients relacionats amb l&#8217;equilibri cel\u00b7lular oxidatiu (Zn, Es, vitamines A, E i C) contribueixen a la defensa cel\u00b7lular oxidativa i tenen implicacions importants en l&#8217;envelliment cel\u00b7lular i en el desenvolupament de malalties cr\u00f2niques.<\/p>\n<p>Existeixen altres biomol\u00e8cules claus en la protecci\u00f3 cel\u00b7lular com el glutati\u00f3. La defici\u00e8ncia de glutati\u00f3 en els individus majors s&#8217;associa amb un augment de l&#8217;estr\u00e8s oxidatiu, presentant elevats nivells dels marcadors plasm\u00e0tics de mal oxidatiu elevats i afavorint el desenvolupament de malalties cr\u00f2niques. L&#8217;aportaci\u00f3 d&#8217;una combinaci\u00f3 adequada de N-acetilciste\u00efna i glicina (GlyNAC), precursors del glutati\u00f3, \u00e9s una estrat\u00e8gia efectiva per a promoure la protecci\u00f3 i salut cel\u00b7lular.<\/p>\n<p>En relaci\u00f3 amb aquesta q\u00fcesti\u00f3, la Dra. Izquierdo va afegir que \u201cquan es veu la relaci\u00f3 entre vitamines i prevenci\u00f3 de malalties cardiovasculars, o quan es valora que la dieta tingui la suficient quantitat de vitamines, sempre es troben relacions positives si b\u00e9 cal evitar les dosis altes o \u201cmegadosis\u201d. Per contra, \u201cquan aquests mateixos estudis es fan en poblaci\u00f3 molt suplementada (exemple: a Am\u00e8rica hi ha moltes persones que prenen massa suplements), no s&#8217;observa aquesta protecci\u00f3 i fins i tot hi ha efectes negatius\u201d. Per aix\u00f2 , \u201cla suplementaci\u00f3 sempre ha de ser individualitzada i supervisada\u201d.<\/p>\n<p>Avaluar des de l&#8217;oficina de farm\u00e0cia l&#8217;envelliment saludable d&#8217;una persona<\/p>\n<p>Segons el Dr. Vi\u00f1a, \u201cel primer que han de fer els farmac\u00e8utics, en la mesura que sigui possible, \u00e9s parlar amb el pacient. Parlar i, sobretot, escoltar. Cal fer veure al pacient que la conversa que estan tenint amb ell es tracta d&#8217;un acte professional, que va m\u00e9s enll\u00e0 de la dispensaci\u00f3. En segon lloc, \u00e9s important estar molt ben format i, finalment, que els diferents professionals sanitaris -metges, infermeres, farmac\u00e8utics, nutricionistes, etc.- siguin un equip treballant de manera coordinada\u201d. Per part seva, la Dra. Izquierdo va afegir: \u201c\u00c9s molt rellevant l&#8217;escolta activa i els professionals que estan en l&#8217;oficina de farm\u00e0cia poden detectar si el pacient est\u00e0 perdent pes, si la seva alimentaci\u00f3 no \u00e9s adequada, si dorm b\u00e9 o no, si est\u00e0 m\u00e9s trist, etc.\u201d.<\/p>\n<p>En aquest sentit, tots dos experts van coincidir en la import\u00e0ncia que donen els farmac\u00e8utics a la formaci\u00f3 continuada, aix\u00ed com el paper clau que t\u00e9 la farm\u00e0cia en la salut de la poblaci\u00f3 i, m\u00e9s concretament, en el consell nutricional i d&#8217;estil de vida per un envelliment saludable.<\/p>\n<p>H\u00e0bits m\u00e9s importants per prevenir el proc\u00e9s oxidatiu<\/p>\n<p>El Dr. Vi\u00f1a va ressaltar la import\u00e0ncia de prendre suficient fruita i verdura (com a m\u00ednim 5 racions di\u00e0ries en total) i evitar, en la mesura del possible, factors de risc com s\u00f3n tabac, exc\u00e9s d&#8217;alcohol, obesitat, polimedicaci\u00f3, pol\u00b7luci\u00f3 etc. Tamb\u00e9 entrenar moderadament, que \u00e9s una forma adequada i fisiol\u00f2gica d&#8217;afavorir l&#8217;equilibri oxidatiu. El doctor Vi\u00f1a tamb\u00e9 va afegir que \u00e9s important no prendre medicaments sense prescripci\u00f3 i que s&#8217;ha de consultar al metge o al farmac\u00e8utic.<\/p>\n<p>En aquest sentit, la Dra. Izquierdo tamb\u00e9 va recordar que \u201cles fruites, verdures i hortalisses han de ser la base de l&#8217;alimentaci\u00f3\u201d. A m\u00e9s, va ressaltar que \u201cel nostre cos, des d&#8217;un punt de vista gen\u00e8tic, encara \u00e9s paleol\u00edtic. Fins fa poc no s&#8217;ingeria carn en exc\u00e9s. La carn era un condiment del plat, no el plat principal. En canvi, actualment, la carn ha passat a ser el plat principal i la verdura a ser el condiment, quan hauria de ser a l&#8217;inrev\u00e9s\u201d. Finalment, la Dra. Izquierdo va insistir en la import\u00e0ncia de la fibra diet\u00e8tica en la nostra salut. La fibra t\u00e9 una funci\u00f3 essencial, entre altres, en la regulaci\u00f3 de la microbiota. Una microbiota adequada ajudar\u00e0 a mantenir la integritat de l&#8217;epiteli del c\u00f2lon, assegurant que no entrin a l&#8217;organisme subst\u00e0ncies pro inflamat\u00f2ries, amb efectes no desitjats en l&#8217;organisme.<\/p>\n<p>\u00c0gora de Nutrici\u00f3 i Salut<\/p>\n<p>Aquest webinar \u00e9s una de les iniciatives impulsades en el marc d&#8217;\u00c0gora de Nutrici\u00f3 i Salut, l&#8217;\u00e0rea formativa posada en marxa el\u00a02019 per \u00c0gora Sanit\u00e0ria i Nestl\u00e9 Health Science. L&#8217;objectiu d&#8217;aquest portal \u00e9s posar a l&#8217;abast dels farmac\u00e8utics i de la resta de professionals de l&#8217;oficina de farm\u00e0cia un conjunt de recursos en l\u00ednia que contribueixin a la millora i professionalitzaci\u00f3 del consell farmac\u00e8utic, en un \u00e0mbit de tanta rellev\u00e0ncia com \u00e9s la nutrici\u00f3 en adults i persones grans.\u00a0\u00a0COFB.ORG<\/p>","protected":false},"excerpt":{"rendered":"<p>\u00a0 El webinar va comptar amb les intervencions del Dr. Jos\u00e9 Vi\u00f1a, referent en la recerca sobre envelliment que ha treballat sota la direcci\u00f3 del Premi Nobel Hans Krebs, i la Dra. Maria Izquierdo, catedr\u00e0tica de nutrici\u00f3 la Facultat de Farm\u00e0cia i Ci\u00e8ncies de l&#8217;Alimentaci\u00f3 Tots dos experts van coincidir [&hellip;]<\/p>\n","protected":false},"author":1,"featured_media":77904,"comment_status":"","ping_status":"","sticky":false,"template":"","format":"standard","meta":{"_uag_custom_page_level_css":"","site-sidebar-layout":"default","site-content-layout":"","ast-site-content-layout":"default","site-content-style":"default","site-sidebar-style":"default","ast-global-header-display":"","ast-banner-title-visibility":"","ast-main-header-display":"","ast-hfb-above-header-display":"","ast-hfb-below-header-display":"","ast-hfb-mobile-header-display":"","site-post-title":"","ast-breadcrumbs-content":"","ast-featured-img":"disabled","footer-sml-layout":"","theme-transparent-header-meta":"","adv-header-id-meta":"","stick-header-meta":"","header-above-stick-meta":"","header-main-stick-meta":"","header-below-stick-meta":"","astra-migrate-meta-layouts":"default","ast-page-background-enabled":"default","ast-page-background-meta":{"desktop":{"background-color":"var(--ast-global-color-4)","background-image":"","background-repeat":"repeat","background-position":"center center","background-size":"auto","background-attachment":"scroll","background-type":"","background-media":"","overlay-type":"","overlay-color":"","overlay-opacity":"","overlay-gradient":""},"tablet":{"background-color":"","background-image":"","background-repeat":"repeat","background-position":"center center","background-size":"auto","background-attachment":"scroll","background-type":"","background-media":"","overlay-type":"","overlay-color":"","overlay-opacity":"","overlay-gradient":""},"mobile":{"background-color":"","background-image":"","background-repeat":"repeat","background-position":"center center","background-size":"auto","background-attachment":"scroll","background-type":"","background-media":"","overlay-type":"","overlay-color":"","overlay-opacity":"","overlay-gradient":""}},"ast-content-background-meta":{"desktop":{"background-color":"var(--ast-global-color-5)","background-image":"","background-repeat":"repeat","background-position":"center center","background-size":"auto","background-attachment":"scroll","background-type":"","background-media":"","overlay-type":"","overlay-color":"","overlay-opacity":"","overlay-gradient":""},"tablet":{"background-color":"var(--ast-global-color-5)","background-image":"","background-repeat":"repeat","background-position":"center center","background-size":"auto","background-attachment":"scroll","background-type":"","background-media":"","overlay-type":"","overlay-color":"","overlay-opacity":"","overlay-gradient":""},"mobile":{"background-color":"var(--ast-global-color-5)","background-image":"","background-repeat":"repeat","background-position":"center center","background-size":"auto","background-attachment":"scroll","background-type":"","background-media":"","overlay-type":"","overlay-color":"","overlay-opacity":"","overlay-gradient":""}},"footnotes":""},"categories":[1060,1066],"tags":[],"class_list":["post-77903","post","type-post","status-publish","format-standard","has-post-thumbnail","hentry","category-notes-premsa","category-sense-categoria-ca"],"yoast_head":"<!-- This site is optimized with the Yoast SEO plugin v22.4 - https:\/\/yoast.com\/wordpress\/plugins\/seo\/ -->\n<title>M\u00e9s de 400 inscrits en el webinar d&#039;\u00c0gora Sanit\u00e0ria i Nestl\u00e9 Health Science sobre nous avan\u00e7os en envelliment cel\u00b7lular i el paper de l&#039;oficina de farm\u00e0ciaM\u00e1s de 400 inscritos en el webinar de \u00c1gora Sanitaria y Nestl\u00e9 Health Science sobre nuevos avances en envejecimiento celular y el papel de la oficina de farmacia - Col\u00b7legi de Farmac\u00e8utics de Barcelona<\/title>\n<meta name=\"robots\" content=\"index, follow, max-snippet:-1, max-image-preview:large, max-video-preview:-1\" \/>\n<link rel=\"canonical\" href=\"https:\/\/novaorg.cofb.net\/2021\/12\/20\/mes-de-400-inscrits-en-el-webinar-dagora-sanitaria-i-nestle-health-science-sobre-nous-avancos-en-envelliment-cellular-i-el-paper-de-loficina-de-farmaciamas-de-400-inscritos-en-el-webinar-de-agora-sa-2\/\" \/>\n<meta property=\"og:locale\" content=\"ca_ES\" \/>\n<meta property=\"og:type\" content=\"article\" \/>\n<meta property=\"og:title\" content=\"M\u00e9s de 400 inscrits en el webinar d&#039;\u00c0gora Sanit\u00e0ria i Nestl\u00e9 Health Science sobre nous avan\u00e7os en envelliment cel\u00b7lular i el paper de l&#039;oficina de farm\u00e0ciaM\u00e1s de 400 inscritos en el webinar de \u00c1gora Sanitaria y Nestl\u00e9 Health Science sobre nuevos avances en envejecimiento celular y el papel de la oficina de farmacia - Col\u00b7legi de Farmac\u00e8utics de Barcelona\" \/>\n<meta property=\"og:description\" content=\"\u00a0 El webinar va comptar amb les intervencions del Dr. Jos\u00e9 Vi\u00f1a, referent en la recerca sobre envelliment que ha treballat sota la direcci\u00f3 del Premi Nobel Hans Krebs, i la Dra. Maria Izquierdo, catedr\u00e0tica de nutrici\u00f3 la Facultat de Farm\u00e0cia i Ci\u00e8ncies de l&#8217;Alimentaci\u00f3 Tots dos experts van coincidir [&hellip;]\" \/>\n<meta property=\"og:url\" content=\"https:\/\/novaorg.cofb.net\/2021\/12\/20\/mes-de-400-inscrits-en-el-webinar-dagora-sanitaria-i-nestle-health-science-sobre-nous-avancos-en-envelliment-cellular-i-el-paper-de-loficina-de-farmaciamas-de-400-inscritos-en-el-webinar-de-agora-sa-2\/\" \/>\n<meta property=\"og:site_name\" content=\"Col\u00b7legi de Farmac\u00e8utics de Barcelona\" \/>\n<meta property=\"article:publisher\" content=\"https:\/\/www.facebook.com\/farmaceuticsbcn\/\" \/>\n<meta property=\"article:published_time\" content=\"2021-12-20T13:34:00+00:00\" \/>\n<meta name=\"author\" content=\"wpAdminCofbOrg\" \/>\n<meta name=\"twitter:card\" content=\"summary_large_image\" \/>\n<meta name=\"twitter:creator\" content=\"@farmaceuticsbcn\" \/>\n<meta name=\"twitter:site\" content=\"@farmaceuticsbcn\" \/>\n<meta name=\"twitter:label1\" content=\"Escrit per\" \/>\n\t<meta name=\"twitter:data1\" content=\"wpAdminCofbOrg\" \/>\n\t<meta name=\"twitter:label2\" content=\"Temps estimat de lectura\" \/>\n\t<meta name=\"twitter:data2\" content=\"15 minuts\" \/>\n<script type=\"application\/ld+json\" class=\"yoast-schema-graph\">{\"@context\":\"https:\/\/schema.org\",\"@graph\":[{\"@type\":\"Article\",\"@id\":\"https:\/\/novaorg.cofb.net\/2021\/12\/20\/mes-de-400-inscrits-en-el-webinar-dagora-sanitaria-i-nestle-health-science-sobre-nous-avancos-en-envelliment-cellular-i-el-paper-de-loficina-de-farmaciamas-de-400-inscritos-en-el-webinar-de-agora-sa-2\/#article\",\"isPartOf\":{\"@id\":\"https:\/\/novaorg.cofb.net\/2021\/12\/20\/mes-de-400-inscrits-en-el-webinar-dagora-sanitaria-i-nestle-health-science-sobre-nous-avancos-en-envelliment-cellular-i-el-paper-de-loficina-de-farmaciamas-de-400-inscritos-en-el-webinar-de-agora-sa-2\/\"},\"author\":{\"name\":\"wpAdminCofbOrg\",\"@id\":\"https:\/\/www.cofb.org\/#\/schema\/person\/22ed7eea88da74b0fa4d3154ad87ffcb\"},\"headline\":\"M\u00e9s de 400 inscrits en el webinar d&#8217;\u00c0gora Sanit\u00e0ria i Nestl\u00e9 Health Science sobre nous avan\u00e7os en envelliment cel\u00b7lular i el paper de l&#8217;oficina de farm\u00e0ciaM\u00e1s de 400 inscritos en el webinar de \u00c1gora Sanitaria y Nestl\u00e9 Health Science sobre nuevos avances en envejecimiento celular y el papel de la oficina de farmacia\",\"datePublished\":\"2021-12-20T13:34:00+00:00\",\"dateModified\":\"2021-12-20T13:34:00+00:00\",\"mainEntityOfPage\":{\"@id\":\"https:\/\/novaorg.cofb.net\/2021\/12\/20\/mes-de-400-inscrits-en-el-webinar-dagora-sanitaria-i-nestle-health-science-sobre-nous-avancos-en-envelliment-cellular-i-el-paper-de-loficina-de-farmaciamas-de-400-inscritos-en-el-webinar-de-agora-sa-2\/\"},\"wordCount\":3243,\"publisher\":{\"@id\":\"https:\/\/www.cofb.org\/#organization\"},\"image\":{\"@id\":\"https:\/\/novaorg.cofb.net\/2021\/12\/20\/mes-de-400-inscrits-en-el-webinar-dagora-sanitaria-i-nestle-health-science-sobre-nous-avancos-en-envelliment-cellular-i-el-paper-de-loficina-de-farmaciamas-de-400-inscritos-en-el-webinar-de-agora-sa-2\/#primaryimage\"},\"thumbnailUrl\":\"https:\/\/www.cofb.org\/wp-content\/uploads\/2021\/12\/521fc3d6-fa13-4576-94a6-1447875730f8-VtO7Ay.jpeg\",\"articleSection\":[\"Notes de premsa\"],\"inLanguage\":\"ca\"},{\"@type\":\"WebPage\",\"@id\":\"https:\/\/novaorg.cofb.net\/2021\/12\/20\/mes-de-400-inscrits-en-el-webinar-dagora-sanitaria-i-nestle-health-science-sobre-nous-avancos-en-envelliment-cellular-i-el-paper-de-loficina-de-farmaciamas-de-400-inscritos-en-el-webinar-de-agora-sa-2\/\",\"url\":\"https:\/\/novaorg.cofb.net\/2021\/12\/20\/mes-de-400-inscrits-en-el-webinar-dagora-sanitaria-i-nestle-health-science-sobre-nous-avancos-en-envelliment-cellular-i-el-paper-de-loficina-de-farmaciamas-de-400-inscritos-en-el-webinar-de-agora-sa-2\/\",\"name\":\"M\u00e9s de 400 inscrits en el webinar d'\u00c0gora Sanit\u00e0ria i Nestl\u00e9 Health Science sobre nous avan\u00e7os en envelliment cel\u00b7lular i el paper de l'oficina de farm\u00e0ciaM\u00e1s de 400 inscritos en el webinar de \u00c1gora Sanitaria y Nestl\u00e9 Health Science sobre nuevos avances en envejecimiento celular y el papel de la oficina de farmacia - Col\u00b7legi de Farmac\u00e8utics de Barcelona\",\"isPartOf\":{\"@id\":\"https:\/\/www.cofb.org\/#website\"},\"primaryImageOfPage\":{\"@id\":\"https:\/\/novaorg.cofb.net\/2021\/12\/20\/mes-de-400-inscrits-en-el-webinar-dagora-sanitaria-i-nestle-health-science-sobre-nous-avancos-en-envelliment-cellular-i-el-paper-de-loficina-de-farmaciamas-de-400-inscritos-en-el-webinar-de-agora-sa-2\/#primaryimage\"},\"image\":{\"@id\":\"https:\/\/novaorg.cofb.net\/2021\/12\/20\/mes-de-400-inscrits-en-el-webinar-dagora-sanitaria-i-nestle-health-science-sobre-nous-avancos-en-envelliment-cellular-i-el-paper-de-loficina-de-farmaciamas-de-400-inscritos-en-el-webinar-de-agora-sa-2\/#primaryimage\"},\"thumbnailUrl\":\"https:\/\/www.cofb.org\/wp-content\/uploads\/2021\/12\/521fc3d6-fa13-4576-94a6-1447875730f8-VtO7Ay.jpeg\",\"datePublished\":\"2021-12-20T13:34:00+00:00\",\"dateModified\":\"2021-12-20T13:34:00+00:00\",\"breadcrumb\":{\"@id\":\"https:\/\/novaorg.cofb.net\/2021\/12\/20\/mes-de-400-inscrits-en-el-webinar-dagora-sanitaria-i-nestle-health-science-sobre-nous-avancos-en-envelliment-cellular-i-el-paper-de-loficina-de-farmaciamas-de-400-inscritos-en-el-webinar-de-agora-sa-2\/#breadcrumb\"},\"inLanguage\":\"ca\",\"potentialAction\":[{\"@type\":\"ReadAction\",\"target\":[\"https:\/\/novaorg.cofb.net\/2021\/12\/20\/mes-de-400-inscrits-en-el-webinar-dagora-sanitaria-i-nestle-health-science-sobre-nous-avancos-en-envelliment-cellular-i-el-paper-de-loficina-de-farmaciamas-de-400-inscritos-en-el-webinar-de-agora-sa-2\/\"]}]},{\"@type\":\"ImageObject\",\"inLanguage\":\"ca\",\"@id\":\"https:\/\/novaorg.cofb.net\/2021\/12\/20\/mes-de-400-inscrits-en-el-webinar-dagora-sanitaria-i-nestle-health-science-sobre-nous-avancos-en-envelliment-cellular-i-el-paper-de-loficina-de-farmaciamas-de-400-inscritos-en-el-webinar-de-agora-sa-2\/#primaryimage\",\"url\":\"https:\/\/www.cofb.org\/wp-content\/uploads\/2021\/12\/521fc3d6-fa13-4576-94a6-1447875730f8-VtO7Ay.jpeg\",\"contentUrl\":\"https:\/\/www.cofb.org\/wp-content\/uploads\/2021\/12\/521fc3d6-fa13-4576-94a6-1447875730f8-VtO7Ay.jpeg\",\"width\":1000,\"height\":670},{\"@type\":\"BreadcrumbList\",\"@id\":\"https:\/\/novaorg.cofb.net\/2021\/12\/20\/mes-de-400-inscrits-en-el-webinar-dagora-sanitaria-i-nestle-health-science-sobre-nous-avancos-en-envelliment-cellular-i-el-paper-de-loficina-de-farmaciamas-de-400-inscritos-en-el-webinar-de-agora-sa-2\/#breadcrumb\",\"itemListElement\":[{\"@type\":\"ListItem\",\"position\":1,\"name\":\"Inici\",\"item\":\"https:\/\/novaorg.cofb.net\/\"},{\"@type\":\"ListItem\",\"position\":2,\"name\":\"M\u00e9s de 400 inscrits en el webinar d&#8217;\u00c0gora Sanit\u00e0ria i Nestl\u00e9 Health Science sobre nous avan\u00e7os en envelliment cel\u00b7lular i el paper de l&#8217;oficina de farm\u00e0ciaM\u00e1s de 400 inscritos en el webinar de \u00c1gora Sanitaria y Nestl\u00e9 Health Science sobre nuevos avances en envejecimiento celular y el papel de la oficina de farmacia\"}]},{\"@type\":\"WebSite\",\"@id\":\"https:\/\/www.cofb.org\/#website\",\"url\":\"https:\/\/www.cofb.org\/\",\"name\":\"Col\u00b7legi de Farmac\u00e8utics de Barcelona\",\"description\":\"\",\"publisher\":{\"@id\":\"https:\/\/www.cofb.org\/#organization\"},\"potentialAction\":[{\"@type\":\"SearchAction\",\"target\":{\"@type\":\"EntryPoint\",\"urlTemplate\":\"https:\/\/www.cofb.org\/?s={search_term_string}\"},\"query-input\":\"required name=search_term_string\"}],\"inLanguage\":\"ca\"},{\"@type\":\"Organization\",\"@id\":\"https:\/\/www.cofb.org\/#organization\",\"name\":\"Col\u00b7legi de Farmac\u00e8utics de Barcelona\",\"url\":\"https:\/\/www.cofb.org\/\",\"logo\":{\"@type\":\"ImageObject\",\"inLanguage\":\"ca\",\"@id\":\"https:\/\/www.cofb.org\/#\/schema\/logo\/image\/\",\"url\":\"https:\/\/www.cofb.org\/wp-content\/uploads\/2023\/11\/cropped-Logotip-COFB.png\",\"contentUrl\":\"https:\/\/www.cofb.org\/wp-content\/uploads\/2023\/11\/cropped-Logotip-COFB.png\",\"width\":500,\"height\":105,\"caption\":\"Col\u00b7legi de Farmac\u00e8utics de Barcelona\"},\"image\":{\"@id\":\"https:\/\/www.cofb.org\/#\/schema\/logo\/image\/\"},\"sameAs\":[\"https:\/\/www.facebook.com\/farmaceuticsbcn\/\",\"https:\/\/twitter.com\/farmaceuticsbcn\",\"https:\/\/www.instagram.com\/farmaceuticsbcn\/\",\"https:\/\/www.linkedin.com\/company\/farmaceuticsbcn\/\"]},{\"@type\":\"Person\",\"@id\":\"https:\/\/www.cofb.org\/#\/schema\/person\/22ed7eea88da74b0fa4d3154ad87ffcb\",\"name\":\"wpAdminCofbOrg\",\"image\":{\"@type\":\"ImageObject\",\"inLanguage\":\"ca\",\"@id\":\"https:\/\/www.cofb.org\/#\/schema\/person\/image\/\",\"url\":\"https:\/\/secure.gravatar.com\/avatar\/1721b20b3b8ca882c3b56ec6c978c594fff670e40c0718e9190eaeeb76aae7d8?s=96&d=mm&r=g\",\"contentUrl\":\"https:\/\/secure.gravatar.com\/avatar\/1721b20b3b8ca882c3b56ec6c978c594fff670e40c0718e9190eaeeb76aae7d8?s=96&d=mm&r=g\",\"caption\":\"wpAdminCofbOrg\"},\"sameAs\":[\"http:\/\/192.168.64.122\/wordpress\"],\"url\":\"https:\/\/www.cofb.org\/ca\/author\/wpadmincofborg\/\"}]}<\/script>\n<!-- \/ Yoast SEO plugin. -->","yoast_head_json":{"title":"M\u00e9s de 400 inscrits en el webinar d'\u00c0gora Sanit\u00e0ria i Nestl\u00e9 Health Science sobre nous avan\u00e7os en envelliment cel\u00b7lular i el paper de l'oficina de farm\u00e0ciaM\u00e1s de 400 inscritos en el webinar de \u00c1gora Sanitaria y Nestl\u00e9 Health Science sobre nuevos avances en envejecimiento celular y el papel de la oficina de farmacia - Col\u00b7legi de Farmac\u00e8utics de Barcelona","robots":{"index":"index","follow":"follow","max-snippet":"max-snippet:-1","max-image-preview":"max-image-preview:large","max-video-preview":"max-video-preview:-1"},"canonical":"https:\/\/novaorg.cofb.net\/2021\/12\/20\/mes-de-400-inscrits-en-el-webinar-dagora-sanitaria-i-nestle-health-science-sobre-nous-avancos-en-envelliment-cellular-i-el-paper-de-loficina-de-farmaciamas-de-400-inscritos-en-el-webinar-de-agora-sa-2\/","og_locale":"ca_ES","og_type":"article","og_title":"M\u00e9s de 400 inscrits en el webinar d'\u00c0gora Sanit\u00e0ria i Nestl\u00e9 Health Science sobre nous avan\u00e7os en envelliment cel\u00b7lular i el paper de l'oficina de farm\u00e0ciaM\u00e1s de 400 inscritos en el webinar de \u00c1gora Sanitaria y Nestl\u00e9 Health Science sobre nuevos avances en envejecimiento celular y el papel de la oficina de farmacia - Col\u00b7legi de Farmac\u00e8utics de Barcelona","og_description":"\u00a0 El webinar va comptar amb les intervencions del Dr. Jos\u00e9 Vi\u00f1a, referent en la recerca sobre envelliment que ha treballat sota la direcci\u00f3 del Premi Nobel Hans Krebs, i la Dra. Maria Izquierdo, catedr\u00e0tica de nutrici\u00f3 la Facultat de Farm\u00e0cia i Ci\u00e8ncies de l&#8217;Alimentaci\u00f3 Tots dos experts van coincidir [&hellip;]","og_url":"https:\/\/novaorg.cofb.net\/2021\/12\/20\/mes-de-400-inscrits-en-el-webinar-dagora-sanitaria-i-nestle-health-science-sobre-nous-avancos-en-envelliment-cellular-i-el-paper-de-loficina-de-farmaciamas-de-400-inscritos-en-el-webinar-de-agora-sa-2\/","og_site_name":"Col\u00b7legi de Farmac\u00e8utics de Barcelona","article_publisher":"https:\/\/www.facebook.com\/farmaceuticsbcn\/","article_published_time":"2021-12-20T13:34:00+00:00","author":"wpAdminCofbOrg","twitter_card":"summary_large_image","twitter_creator":"@farmaceuticsbcn","twitter_site":"@farmaceuticsbcn","twitter_misc":{"Escrit per":"wpAdminCofbOrg","Temps estimat de lectura":"15 minuts"},"schema":{"@context":"https:\/\/schema.org","@graph":[{"@type":"Article","@id":"https:\/\/novaorg.cofb.net\/2021\/12\/20\/mes-de-400-inscrits-en-el-webinar-dagora-sanitaria-i-nestle-health-science-sobre-nous-avancos-en-envelliment-cellular-i-el-paper-de-loficina-de-farmaciamas-de-400-inscritos-en-el-webinar-de-agora-sa-2\/#article","isPartOf":{"@id":"https:\/\/novaorg.cofb.net\/2021\/12\/20\/mes-de-400-inscrits-en-el-webinar-dagora-sanitaria-i-nestle-health-science-sobre-nous-avancos-en-envelliment-cellular-i-el-paper-de-loficina-de-farmaciamas-de-400-inscritos-en-el-webinar-de-agora-sa-2\/"},"author":{"name":"wpAdminCofbOrg","@id":"https:\/\/www.cofb.org\/#\/schema\/person\/22ed7eea88da74b0fa4d3154ad87ffcb"},"headline":"M\u00e9s de 400 inscrits en el webinar d&#8217;\u00c0gora Sanit\u00e0ria i Nestl\u00e9 Health Science sobre nous avan\u00e7os en envelliment cel\u00b7lular i el paper de l&#8217;oficina de farm\u00e0ciaM\u00e1s de 400 inscritos en el webinar de \u00c1gora Sanitaria y Nestl\u00e9 Health Science sobre nuevos avances en envejecimiento celular y el papel de la oficina de farmacia","datePublished":"2021-12-20T13:34:00+00:00","dateModified":"2021-12-20T13:34:00+00:00","mainEntityOfPage":{"@id":"https:\/\/novaorg.cofb.net\/2021\/12\/20\/mes-de-400-inscrits-en-el-webinar-dagora-sanitaria-i-nestle-health-science-sobre-nous-avancos-en-envelliment-cellular-i-el-paper-de-loficina-de-farmaciamas-de-400-inscritos-en-el-webinar-de-agora-sa-2\/"},"wordCount":3243,"publisher":{"@id":"https:\/\/www.cofb.org\/#organization"},"image":{"@id":"https:\/\/novaorg.cofb.net\/2021\/12\/20\/mes-de-400-inscrits-en-el-webinar-dagora-sanitaria-i-nestle-health-science-sobre-nous-avancos-en-envelliment-cellular-i-el-paper-de-loficina-de-farmaciamas-de-400-inscritos-en-el-webinar-de-agora-sa-2\/#primaryimage"},"thumbnailUrl":"https:\/\/www.cofb.org\/wp-content\/uploads\/2021\/12\/521fc3d6-fa13-4576-94a6-1447875730f8-VtO7Ay.jpeg","articleSection":["Notes de premsa"],"inLanguage":"ca"},{"@type":"WebPage","@id":"https:\/\/novaorg.cofb.net\/2021\/12\/20\/mes-de-400-inscrits-en-el-webinar-dagora-sanitaria-i-nestle-health-science-sobre-nous-avancos-en-envelliment-cellular-i-el-paper-de-loficina-de-farmaciamas-de-400-inscritos-en-el-webinar-de-agora-sa-2\/","url":"https:\/\/novaorg.cofb.net\/2021\/12\/20\/mes-de-400-inscrits-en-el-webinar-dagora-sanitaria-i-nestle-health-science-sobre-nous-avancos-en-envelliment-cellular-i-el-paper-de-loficina-de-farmaciamas-de-400-inscritos-en-el-webinar-de-agora-sa-2\/","name":"M\u00e9s de 400 inscrits en el webinar d'\u00c0gora Sanit\u00e0ria i Nestl\u00e9 Health Science sobre nous avan\u00e7os en envelliment cel\u00b7lular i el paper de l'oficina de farm\u00e0ciaM\u00e1s de 400 inscritos en el webinar de \u00c1gora Sanitaria y Nestl\u00e9 Health Science sobre nuevos avances en envejecimiento celular y el papel de la oficina de farmacia - Col\u00b7legi de Farmac\u00e8utics de Barcelona","isPartOf":{"@id":"https:\/\/www.cofb.org\/#website"},"primaryImageOfPage":{"@id":"https:\/\/novaorg.cofb.net\/2021\/12\/20\/mes-de-400-inscrits-en-el-webinar-dagora-sanitaria-i-nestle-health-science-sobre-nous-avancos-en-envelliment-cellular-i-el-paper-de-loficina-de-farmaciamas-de-400-inscritos-en-el-webinar-de-agora-sa-2\/#primaryimage"},"image":{"@id":"https:\/\/novaorg.cofb.net\/2021\/12\/20\/mes-de-400-inscrits-en-el-webinar-dagora-sanitaria-i-nestle-health-science-sobre-nous-avancos-en-envelliment-cellular-i-el-paper-de-loficina-de-farmaciamas-de-400-inscritos-en-el-webinar-de-agora-sa-2\/#primaryimage"},"thumbnailUrl":"https:\/\/www.cofb.org\/wp-content\/uploads\/2021\/12\/521fc3d6-fa13-4576-94a6-1447875730f8-VtO7Ay.jpeg","datePublished":"2021-12-20T13:34:00+00:00","dateModified":"2021-12-20T13:34:00+00:00","breadcrumb":{"@id":"https:\/\/novaorg.cofb.net\/2021\/12\/20\/mes-de-400-inscrits-en-el-webinar-dagora-sanitaria-i-nestle-health-science-sobre-nous-avancos-en-envelliment-cellular-i-el-paper-de-loficina-de-farmaciamas-de-400-inscritos-en-el-webinar-de-agora-sa-2\/#breadcrumb"},"inLanguage":"ca","potentialAction":[{"@type":"ReadAction","target":["https:\/\/novaorg.cofb.net\/2021\/12\/20\/mes-de-400-inscrits-en-el-webinar-dagora-sanitaria-i-nestle-health-science-sobre-nous-avancos-en-envelliment-cellular-i-el-paper-de-loficina-de-farmaciamas-de-400-inscritos-en-el-webinar-de-agora-sa-2\/"]}]},{"@type":"ImageObject","inLanguage":"ca","@id":"https:\/\/novaorg.cofb.net\/2021\/12\/20\/mes-de-400-inscrits-en-el-webinar-dagora-sanitaria-i-nestle-health-science-sobre-nous-avancos-en-envelliment-cellular-i-el-paper-de-loficina-de-farmaciamas-de-400-inscritos-en-el-webinar-de-agora-sa-2\/#primaryimage","url":"https:\/\/www.cofb.org\/wp-content\/uploads\/2021\/12\/521fc3d6-fa13-4576-94a6-1447875730f8-VtO7Ay.jpeg","contentUrl":"https:\/\/www.cofb.org\/wp-content\/uploads\/2021\/12\/521fc3d6-fa13-4576-94a6-1447875730f8-VtO7Ay.jpeg","width":1000,"height":670},{"@type":"BreadcrumbList","@id":"https:\/\/novaorg.cofb.net\/2021\/12\/20\/mes-de-400-inscrits-en-el-webinar-dagora-sanitaria-i-nestle-health-science-sobre-nous-avancos-en-envelliment-cellular-i-el-paper-de-loficina-de-farmaciamas-de-400-inscritos-en-el-webinar-de-agora-sa-2\/#breadcrumb","itemListElement":[{"@type":"ListItem","position":1,"name":"Inici","item":"https:\/\/novaorg.cofb.net\/"},{"@type":"ListItem","position":2,"name":"M\u00e9s de 400 inscrits en el webinar d&#8217;\u00c0gora Sanit\u00e0ria i Nestl\u00e9 Health Science sobre nous avan\u00e7os en envelliment cel\u00b7lular i el paper de l&#8217;oficina de farm\u00e0ciaM\u00e1s de 400 inscritos en el webinar de \u00c1gora Sanitaria y Nestl\u00e9 Health Science sobre nuevos avances en envejecimiento celular y el papel de la oficina de farmacia"}]},{"@type":"WebSite","@id":"https:\/\/www.cofb.org\/#website","url":"https:\/\/www.cofb.org\/","name":"Col\u00b7legi de Farmac\u00e8utics de Barcelona","description":"","publisher":{"@id":"https:\/\/www.cofb.org\/#organization"},"potentialAction":[{"@type":"SearchAction","target":{"@type":"EntryPoint","urlTemplate":"https:\/\/www.cofb.org\/?s={search_term_string}"},"query-input":"required name=search_term_string"}],"inLanguage":"ca"},{"@type":"Organization","@id":"https:\/\/www.cofb.org\/#organization","name":"Col\u00b7legi de Farmac\u00e8utics de Barcelona","url":"https:\/\/www.cofb.org\/","logo":{"@type":"ImageObject","inLanguage":"ca","@id":"https:\/\/www.cofb.org\/#\/schema\/logo\/image\/","url":"https:\/\/www.cofb.org\/wp-content\/uploads\/2023\/11\/cropped-Logotip-COFB.png","contentUrl":"https:\/\/www.cofb.org\/wp-content\/uploads\/2023\/11\/cropped-Logotip-COFB.png","width":500,"height":105,"caption":"Col\u00b7legi de Farmac\u00e8utics de Barcelona"},"image":{"@id":"https:\/\/www.cofb.org\/#\/schema\/logo\/image\/"},"sameAs":["https:\/\/www.facebook.com\/farmaceuticsbcn\/","https:\/\/twitter.com\/farmaceuticsbcn","https:\/\/www.instagram.com\/farmaceuticsbcn\/","https:\/\/www.linkedin.com\/company\/farmaceuticsbcn\/"]},{"@type":"Person","@id":"https:\/\/www.cofb.org\/#\/schema\/person\/22ed7eea88da74b0fa4d3154ad87ffcb","name":"wpAdminCofbOrg","image":{"@type":"ImageObject","inLanguage":"ca","@id":"https:\/\/www.cofb.org\/#\/schema\/person\/image\/","url":"https:\/\/secure.gravatar.com\/avatar\/1721b20b3b8ca882c3b56ec6c978c594fff670e40c0718e9190eaeeb76aae7d8?s=96&d=mm&r=g","contentUrl":"https:\/\/secure.gravatar.com\/avatar\/1721b20b3b8ca882c3b56ec6c978c594fff670e40c0718e9190eaeeb76aae7d8?s=96&d=mm&r=g","caption":"wpAdminCofbOrg"},"sameAs":["http:\/\/192.168.64.122\/wordpress"],"url":"https:\/\/www.cofb.org\/ca\/author\/wpadmincofborg\/"}]}},"uagb_featured_image_src":{"full":["https:\/\/www.cofb.org\/wp-content\/uploads\/2021\/12\/521fc3d6-fa13-4576-94a6-1447875730f8-VtO7Ay.jpeg",1000,670,false],"thumbnail":["https:\/\/www.cofb.org\/wp-content\/uploads\/2021\/12\/521fc3d6-fa13-4576-94a6-1447875730f8-VtO7Ay-150x150.jpeg",150,150,true],"medium":["https:\/\/www.cofb.org\/wp-content\/uploads\/2021\/12\/521fc3d6-fa13-4576-94a6-1447875730f8-VtO7Ay-300x201.jpeg",300,201,true],"medium_large":["https:\/\/www.cofb.org\/wp-content\/uploads\/2021\/12\/521fc3d6-fa13-4576-94a6-1447875730f8-VtO7Ay-768x515.jpeg",768,515,true],"large":["https:\/\/www.cofb.org\/wp-content\/uploads\/2021\/12\/521fc3d6-fa13-4576-94a6-1447875730f8-VtO7Ay.jpeg",1000,670,false],"1536x1536":["https:\/\/www.cofb.org\/wp-content\/uploads\/2021\/12\/521fc3d6-fa13-4576-94a6-1447875730f8-VtO7Ay.jpeg",1000,670,false],"2048x2048":["https:\/\/www.cofb.org\/wp-content\/uploads\/2021\/12\/521fc3d6-fa13-4576-94a6-1447875730f8-VtO7Ay.jpeg",1000,670,false],"trp-custom-language-flag":["https:\/\/www.cofb.org\/wp-content\/uploads\/2021\/12\/521fc3d6-fa13-4576-94a6-1447875730f8-VtO7Ay-18x12.jpeg",18,12,true]},"uagb_author_info":{"display_name":"wpAdminCofbOrg","author_link":"https:\/\/www.cofb.org\/ca\/author\/wpadmincofborg\/"},"uagb_comment_info":0,"uagb_excerpt":"\u00a0 El webinar va comptar amb les intervencions del Dr. Jos\u00e9 Vi\u00f1a, referent en la recerca sobre envelliment que ha treballat sota la direcci\u00f3 del Premi Nobel Hans Krebs, i la Dra. Maria Izquierdo, catedr\u00e0tica de nutrici\u00f3 la Facultat de Farm\u00e0cia i Ci\u00e8ncies de l&#8217;Alimentaci\u00f3 Tots dos experts van coincidir [&hellip;]","_links":{"self":[{"href":"https:\/\/www.cofb.org\/ca\/wp-json\/wp\/v2\/posts\/77903","targetHints":{"allow":["GET"]}}],"collection":[{"href":"https:\/\/www.cofb.org\/ca\/wp-json\/wp\/v2\/posts"}],"about":[{"href":"https:\/\/www.cofb.org\/ca\/wp-json\/wp\/v2\/types\/post"}],"author":[{"embeddable":true,"href":"https:\/\/www.cofb.org\/ca\/wp-json\/wp\/v2\/users\/1"}],"replies":[{"embeddable":true,"href":"https:\/\/www.cofb.org\/ca\/wp-json\/wp\/v2\/comments?post=77903"}],"version-history":[{"count":0,"href":"https:\/\/www.cofb.org\/ca\/wp-json\/wp\/v2\/posts\/77903\/revisions"}],"wp:featuredmedia":[{"embeddable":true,"href":"https:\/\/www.cofb.org\/ca\/wp-json\/wp\/v2\/media\/77904"}],"wp:attachment":[{"href":"https:\/\/www.cofb.org\/ca\/wp-json\/wp\/v2\/media?parent=77903"}],"wp:term":[{"taxonomy":"category","embeddable":true,"href":"https:\/\/www.cofb.org\/ca\/wp-json\/wp\/v2\/categories?post=77903"},{"taxonomy":"post_tag","embeddable":true,"href":"https:\/\/www.cofb.org\/ca\/wp-json\/wp\/v2\/tags?post=77903"}],"curies":[{"name":"wp","href":"https:\/\/api.w.org\/{rel}","templated":true}]}}