{"id":77897,"date":"2022-01-28T11:38:00","date_gmt":"2022-01-28T11:38:00","guid":{"rendered":"https:\/\/novaorg.cofb.net\/2022\/01\/28\/limpacte-de-la-fatiga-pandemica-en-el-farmaceutic-centrara-la-conferencia-inaugural-dinfarma-madrid-2022\/"},"modified":"2022-01-28T11:38:00","modified_gmt":"2022-01-28T11:38:00","slug":"limpacte-de-la-fatiga-pandemica-en-el-farmaceutic-centrara-la-conferencia-inaugural-dinfarma-madrid-2022","status":"publish","type":"post","link":"https:\/\/www.cofb.org\/ca\/2022\/01\/28\/limpacte-de-la-fatiga-pandemica-en-el-farmaceutic-centrara-la-conferencia-inaugural-dinfarma-madrid-2022\/","title":{"rendered":"L\u2019impacte de la fatiga pand\u00e8mica en el farmac\u00e8utic centrar\u00e0 la confer\u00e8ncia inaugural d&#8217;Infarma Madrid 2022"},"content":{"rendered":"<p>\u00a0<br \/>\n\tEl Congr\u00e9s i Sal\u00f3 de la farm\u00e0cia ultima un programa cient\u00edfic ambici\u00f3s que comptar\u00e0 amb una Sala COVID per analitzar l&#8217;experi\u00e8ncia i totes les novetats relacionades amb la pand\u00e8mia.<\/p>\n<p>\u00a0<\/p>\n<p>El doctor <strong>V\u00edctor Vidal Lacosta<\/strong>, metge de Treball i inspector de la Seguretat Social, impartir\u00e0, el\u00a0pr\u00f2xim 22\u00a0de mar\u00e7, la confer\u00e8ncia inaugural d&#8217;<strong>Infarma\u00a0Madrid 2022<\/strong>, el Congr\u00e9s i Sal\u00f3 organitzat pels col\u00b7legis oficials de farmac\u00e8utics de Madrid i Barcelona, \u200b\u200ben col\u00b7laboraci\u00f3 amb\u00a0Interalia, que durant tres dies centrar\u00e0\u00a0l&#8217;actualitat\u00a0de la farm\u00e0cia a Espanya.<\/p>\n\n<p>L&#8217;expert en patologies d&#8217;estr\u00e8s, V\u00edctor Vidal, abordar\u00e0 la prevenci\u00f3 de l&#8217;estr\u00e8s del farmac\u00e8utic a l&#8217;oficina de farm\u00e0cia i incidir\u00e0 en la import\u00e0ncia de refor\u00e7ar el sistema autoimmune per poder lluitar contra una de les pitjors conseq\u00fc\u00e8ncies de la pand\u00e8mia. Aquest especialista oferir\u00e0 claus per gestionar l&#8217;impacte de la fatiga pand\u00e8mica i les repercussions sobre la salut f\u00edsica, aix\u00ed com les mesures necess\u00e0ries per reduir o prevenir l&#8217;aparici\u00f3 del temut estr\u00e8s cr\u00f2nic, una reacci\u00f3 fisiol\u00f2gica del cos que quan es prolonga durant un temps debilita el sistema autoimmune i \u00e9s l&#8217;origen de m\u00faltiples patologies.<\/p>\n<p>Precisament, l&#8217;actual emerg\u00e8ncia sanit\u00e0ria centrar\u00e0 el contingut de l&#8217;anomenada <strong>Sala COVID<\/strong>, un espai dedicat exclusivament a les novetats relacionades amb la pand\u00e8mia i l&#8217;experi\u00e8ncia professional acumulada durant els dos anys de lluita contra el virus SARS-CoV-2.<\/p>\n<p>Entre les pon\u00e8ncies i taules rodones previstes al programa 2022 que estan relacionades amb la pand\u00e8mia, destaquen la vacunaci\u00f3 a l&#8217;oficina de farm\u00e0cia i la investigaci\u00f3 de la prometedora vacuna inhalada que porta a terme el qu\u00edmic i vir\u00f2leg espanyol\u00a0<strong>Luis\u00a0Enjuanes<\/strong>, director del laboratori de coronavirus del Centre Nacional de Biotecnologia (CNB-CSIC).<\/p>\n<p>Tamb\u00e9 s&#8217;aportaran resultats de les diferents experi\u00e8ncies auton\u00f2miques i internacionals sobre la realitzaci\u00f3 de tests d&#8217;ant\u00edgens per part dels farmac\u00e8utics, el seguiment del malalt respiratori cr\u00f2nic, els nous tractaments virals, l&#8217;evoluci\u00f3 de la variant\u00a0\u00d2micron\u00a0i s&#8217;incidir\u00e0 en la percepci\u00f3 que els ciutadans tenen de la feina dels farmac\u00e8utics. A m\u00e9s, s&#8217;obrir\u00e0 una taula rodona amb el t\u00edtol Humanitzaci\u00f3 des de la farm\u00e0cia. Qu\u00e8 demanen els pacients?<\/p>\n<p>Al llarg dels tres dies de Congr\u00e9s al recinte firal d&#8217;Ifema, hi haur\u00e0 espai per analitzar el tr\u00e0nsit il\u00b7l\u00edcit de medicaments i productes farmac\u00e8utics, una pr\u00e0ctica en auge que exigeix \u200b\u200buna especial vigil\u00e0ncia per part de les autoritats sanit\u00e0ries i la col\u00b7laboraci\u00f3 del mateix sector farmac\u00e8utic amb les forces i els cossos de seguretat de l&#8217;Estat.<\/p>\n<p>Aix\u00ed mateix, es posar\u00e0 el focus a la farm\u00e0cia militar i la seva projecci\u00f3 social, comptant amb l&#8217;experi\u00e8ncia directa de farmac\u00e8utics militars en emerg\u00e8ncies i missions de salut.<\/p>\n<p>Iniciatives de futur com la primera\u00a0recertificaci\u00f3\u00a0de farmac\u00e8utics posada en marxa a Espanya de forma pionera pel Col\u00b7legi Oficial de Farmac\u00e8utics de Madrid seran tamb\u00e9 analitzades com a model de desenvolupament professional continuat.<\/p>\n<p>Coaching\u00a0nutricional, farmacogen\u00e8tica, medicaments de ter\u00e0pia g\u00e8nica, indicaci\u00f3 farmac\u00e8utica, \u00fas terap\u00e8utic del c\u00e0nnabis, plantes medicinals salut animal o gesti\u00f3 de desprove\u00efments seran altres continguts que protagonitzaran la\u00a0pr\u00f2xima edici\u00f3\u00a0d&#8217;Infarma.<\/p>\n<p>Al costat del programa oficial es desenvolupar\u00e0 en paral\u00b7lel una intensa activitat a les <strong>Aules d&#8217;actualitat<\/strong> i la zona d&#8217;<strong>Exponews<\/strong>, amb continguts centrats en la gesti\u00f3 de les oficines de farm\u00e0cia, l&#8217;abordatge de diferents malalties i el llan\u00e7ament de nous medicaments, productes i serveis, que estan patrocinats pels laboratoris i empreses presents al Sal\u00f3 comercial de la Fira.<\/p>\n<p>\u00a0El Congr\u00e9s i Sal\u00f3 de la farm\u00e0cia ultima un programa cient\u00edfic ambici\u00f3s que comptar\u00e0 amb una Sala COVID per analitzar l&#8217;experi\u00e8ncia i totes les novetats relacionades amb la pand\u00e8mia.<\/p>\n<p>\u00a0<\/p>\n<p>El doctor V\u00edctor Vidal Lacosta, metge de Treball i inspector de la Seguretat Social, impartir\u00e0, el\u00a0pr\u00f2xim 22\u00a0de mar\u00e7, la confer\u00e8ncia inaugural d&#8217;Infarma\u00a0Madrid 2022, el Congr\u00e9s i Sal\u00f3 organitzat pels col\u00b7legis oficials de farmac\u00e8utics de Madrid i Barcelona, \u200b\u200ben col\u00b7laboraci\u00f3 amb\u00a0Interalia, que durant tres dies centrar\u00e0\u00a0l&#8217;actualitat\u00a0de la farm\u00e0cia a Espanya.<\/p>\n<p>L&#8217;expert en patologies d&#8217;estr\u00e8s, V\u00edctor Vidal, abordar\u00e0 la prevenci\u00f3 de l&#8217;estr\u00e8s del farmac\u00e8utic a l&#8217;oficina de farm\u00e0cia i incidir\u00e0 en la import\u00e0ncia de refor\u00e7ar el sistema autoimmune per poder lluitar contra una de les pitjors conseq\u00fc\u00e8ncies de la pand\u00e8mia. Aquest especialista oferir\u00e0 claus per gestionar l&#8217;impacte de la fatiga pand\u00e8mica i les repercussions sobre la salut f\u00edsica, aix\u00ed com les mesures necess\u00e0ries per reduir o prevenir l&#8217;aparici\u00f3 del temut estr\u00e8s cr\u00f2nic, una reacci\u00f3 fisiol\u00f2gica del cos que quan es prolonga durant un temps debilita el sistema autoimmune i \u00e9s l&#8217;origen de m\u00faltiples patologies.<\/p>\n<p>Precisament, l&#8217;actual emerg\u00e8ncia sanit\u00e0ria centrar\u00e0 el contingut de l&#8217;anomenada Sala COVID, un espai dedicat exclusivament a les novetats relacionades amb la pand\u00e8mia i l&#8217;experi\u00e8ncia professional acumulada durant els dos anys de lluita contra el virus SARS-CoV-2.<\/p>\n<p>Entre les pon\u00e8ncies i taules rodones previstes al programa 2022 que estan relacionades amb la pand\u00e8mia, destaquen la vacunaci\u00f3 a l&#8217;oficina de farm\u00e0cia i la investigaci\u00f3 de la prometedora vacuna inhalada que porta a terme el qu\u00edmic i vir\u00f2leg espanyol\u00a0Luis\u00a0Enjuanes, director del laboratori de coronavirus del Centre Nacional de Biotecnologia (CNB-CSIC).<\/p>\n<p>Tamb\u00e9 s&#8217;aportaran resultats de les diferents experi\u00e8ncies auton\u00f2miques i internacionals sobre la realitzaci\u00f3 de tests d&#8217;ant\u00edgens per part dels farmac\u00e8utics, el seguiment del malalt respiratori cr\u00f2nic, els nous tractaments virals, l&#8217;evoluci\u00f3 de la variant\u00a0\u00d2micron\u00a0i s&#8217;incidir\u00e0 en la percepci\u00f3 que els ciutadans tenen de la feina dels farmac\u00e8utics. A m\u00e9s, s&#8217;obrir\u00e0 una taula rodona amb el t\u00edtol Humanitzaci\u00f3 des de la farm\u00e0cia. Qu\u00e8 demanen els pacients?<\/p>\n<p>Al llarg dels tres dies de Congr\u00e9s al recinte firal d&#8217;Ifema, hi haur\u00e0 espai per analitzar el tr\u00e0nsit il\u00b7l\u00edcit de medicaments i productes farmac\u00e8utics, una pr\u00e0ctica en auge que exigeix \u200b\u200buna especial vigil\u00e0ncia per part de les autoritats sanit\u00e0ries i la col\u00b7laboraci\u00f3 del mateix sector farmac\u00e8utic amb les forces i els cossos de seguretat de l&#8217;Estat.<\/p>\n<p>Aix\u00ed mateix, es posar\u00e0 el focus a la farm\u00e0cia militar i la seva projecci\u00f3 social, comptant amb l&#8217;experi\u00e8ncia directa de farmac\u00e8utics militars en emerg\u00e8ncies i missions de salut.<\/p>\n<p>Iniciatives de futur com la primera\u00a0recertificaci\u00f3\u00a0de farmac\u00e8utics posada en marxa a Espanya de forma pionera pel Col\u00b7legi Oficial de Farmac\u00e8utics de Madrid seran tamb\u00e9 analitzades com a model de desenvolupament professional continuat.<\/p>\n<p>Coaching\u00a0nutricional, farmacogen\u00e8tica, medicaments de ter\u00e0pia g\u00e8nica, indicaci\u00f3 farmac\u00e8utica, \u00fas terap\u00e8utic del c\u00e0nnabis, plantes medicinals salut animal o gesti\u00f3 de desprove\u00efments seran altres continguts que protagonitzaran la\u00a0pr\u00f2xima edici\u00f3\u00a0d&#8217;Infarma.<\/p>\n<p>Al costat del programa oficial es desenvolupar\u00e0 en paral\u00b7lel una intensa activitat a les Aules d&#8217;actualitat i la zona d&#8217;Exponews, amb continguts centrats en la gesti\u00f3 de les oficines de farm\u00e0cia, l&#8217;abordatge de diferents malalties i el llan\u00e7ament de nous medicaments, productes i serveis, que estan patrocinats pels laboratoris i empreses presents al Sal\u00f3 comercial de la Fira.\u00a0\u00a0COFB.ORG<\/p>","protected":false},"excerpt":{"rendered":"<p>\u00a0 El Congr\u00e9s i Sal\u00f3 de la farm\u00e0cia ultima un programa cient\u00edfic ambici\u00f3s que comptar\u00e0 amb una Sala COVID per analitzar l&#8217;experi\u00e8ncia i totes les novetats relacionades amb la pand\u00e8mia. \u00a0 El doctor V\u00edctor Vidal Lacosta, metge de Treball i inspector de la Seguretat Social, impartir\u00e0, el\u00a0pr\u00f2xim 22\u00a0de mar\u00e7, la [&hellip;]<\/p>\n","protected":false},"author":1,"featured_media":77898,"comment_status":"","ping_status":"","sticky":false,"template":"","format":"standard","meta":{"_uag_custom_page_level_css":"","site-sidebar-layout":"default","site-content-layout":"","ast-site-content-layout":"default","site-content-style":"default","site-sidebar-style":"default","ast-global-header-display":"","ast-banner-title-visibility":"","ast-main-header-display":"","ast-hfb-above-header-display":"","ast-hfb-below-header-display":"","ast-hfb-mobile-header-display":"","site-post-title":"","ast-breadcrumbs-content":"","ast-featured-img":"disabled","footer-sml-layout":"","theme-transparent-header-meta":"","adv-header-id-meta":"","stick-header-meta":"","header-above-stick-meta":"","header-main-stick-meta":"","header-below-stick-meta":"","astra-migrate-meta-layouts":"default","ast-page-background-enabled":"default","ast-page-background-meta":{"desktop":{"background-color":"var(--ast-global-color-4)","background-image":"","background-repeat":"repeat","background-position":"center center","background-size":"auto","background-attachment":"scroll","background-type":"","background-media":"","overlay-type":"","overlay-color":"","overlay-opacity":"","overlay-gradient":""},"tablet":{"background-color":"","background-image":"","background-repeat":"repeat","background-position":"center center","background-size":"auto","background-attachment":"scroll","background-type":"","background-media":"","overlay-type":"","overlay-color":"","overlay-opacity":"","overlay-gradient":""},"mobile":{"background-color":"","background-image":"","background-repeat":"repeat","background-position":"center center","background-size":"auto","background-attachment":"scroll","background-type":"","background-media":"","overlay-type":"","overlay-color":"","overlay-opacity":"","overlay-gradient":""}},"ast-content-background-meta":{"desktop":{"background-color":"var(--ast-global-color-5)","background-image":"","background-repeat":"repeat","background-position":"center center","background-size":"auto","background-attachment":"scroll","background-type":"","background-media":"","overlay-type":"","overlay-color":"","overlay-opacity":"","overlay-gradient":""},"tablet":{"background-color":"var(--ast-global-color-5)","background-image":"","background-repeat":"repeat","background-position":"center center","background-size":"auto","background-attachment":"scroll","background-type":"","background-media":"","overlay-type":"","overlay-color":"","overlay-opacity":"","overlay-gradient":""},"mobile":{"background-color":"var(--ast-global-color-5)","background-image":"","background-repeat":"repeat","background-position":"center center","background-size":"auto","background-attachment":"scroll","background-type":"","background-media":"","overlay-type":"","overlay-color":"","overlay-opacity":"","overlay-gradient":""}},"footnotes":""},"categories":[1060,1066],"tags":[],"class_list":["post-77897","post","type-post","status-publish","format-standard","has-post-thumbnail","hentry","category-notes-premsa","category-sense-categoria-ca"],"yoast_head":"<!-- This site is optimized with the Yoast SEO plugin v22.4 - https:\/\/yoast.com\/wordpress\/plugins\/seo\/ -->\n<title>L\u2019impacte de la fatiga pand\u00e8mica en el farmac\u00e8utic centrar\u00e0 la confer\u00e8ncia inaugural d&#039;Infarma Madrid 2022 - Col\u00b7legi de Farmac\u00e8utics de Barcelona<\/title>\n<meta name=\"robots\" content=\"index, follow, max-snippet:-1, max-image-preview:large, max-video-preview:-1\" \/>\n<link rel=\"canonical\" href=\"https:\/\/novaorg.cofb.net\/2022\/01\/28\/limpacte-de-la-fatiga-pandemica-en-el-farmaceutic-centrara-la-conferencia-inaugural-dinfarma-madrid-2022\/\" \/>\n<meta property=\"og:locale\" content=\"ca_ES\" \/>\n<meta property=\"og:type\" content=\"article\" \/>\n<meta property=\"og:title\" content=\"L\u2019impacte de la fatiga pand\u00e8mica en el farmac\u00e8utic centrar\u00e0 la confer\u00e8ncia inaugural d&#039;Infarma Madrid 2022 - Col\u00b7legi de Farmac\u00e8utics de Barcelona\" \/>\n<meta property=\"og:description\" content=\"\u00a0 El Congr\u00e9s i Sal\u00f3 de la farm\u00e0cia ultima un programa cient\u00edfic ambici\u00f3s que comptar\u00e0 amb una Sala COVID per analitzar l&#8217;experi\u00e8ncia i totes les novetats relacionades amb la pand\u00e8mia. \u00a0 El doctor V\u00edctor Vidal Lacosta, metge de Treball i inspector de la Seguretat Social, impartir\u00e0, el\u00a0pr\u00f2xim 22\u00a0de mar\u00e7, la [&hellip;]\" \/>\n<meta property=\"og:url\" content=\"https:\/\/novaorg.cofb.net\/2022\/01\/28\/limpacte-de-la-fatiga-pandemica-en-el-farmaceutic-centrara-la-conferencia-inaugural-dinfarma-madrid-2022\/\" \/>\n<meta property=\"og:site_name\" content=\"Col\u00b7legi de Farmac\u00e8utics de Barcelona\" \/>\n<meta property=\"article:publisher\" content=\"https:\/\/www.facebook.com\/farmaceuticsbcn\/\" \/>\n<meta property=\"article:published_time\" content=\"2022-01-28T11:38:00+00:00\" \/>\n<meta name=\"author\" content=\"wpAdminCofbOrg\" \/>\n<meta name=\"twitter:card\" content=\"summary_large_image\" \/>\n<meta name=\"twitter:creator\" content=\"@farmaceuticsbcn\" \/>\n<meta name=\"twitter:site\" content=\"@farmaceuticsbcn\" \/>\n<meta name=\"twitter:label1\" content=\"Escrit per\" \/>\n\t<meta name=\"twitter:data1\" content=\"wpAdminCofbOrg\" \/>\n\t<meta name=\"twitter:label2\" content=\"Temps estimat de lectura\" \/>\n\t<meta name=\"twitter:data2\" content=\"6 minuts\" \/>\n<script type=\"application\/ld+json\" class=\"yoast-schema-graph\">{\"@context\":\"https:\/\/schema.org\",\"@graph\":[{\"@type\":\"Article\",\"@id\":\"https:\/\/novaorg.cofb.net\/2022\/01\/28\/limpacte-de-la-fatiga-pandemica-en-el-farmaceutic-centrara-la-conferencia-inaugural-dinfarma-madrid-2022\/#article\",\"isPartOf\":{\"@id\":\"https:\/\/novaorg.cofb.net\/2022\/01\/28\/limpacte-de-la-fatiga-pandemica-en-el-farmaceutic-centrara-la-conferencia-inaugural-dinfarma-madrid-2022\/\"},\"author\":{\"name\":\"wpAdminCofbOrg\",\"@id\":\"https:\/\/www.cofb.org\/#\/schema\/person\/22ed7eea88da74b0fa4d3154ad87ffcb\"},\"headline\":\"L\u2019impacte de la fatiga pand\u00e8mica en el farmac\u00e8utic centrar\u00e0 la confer\u00e8ncia inaugural d&#8217;Infarma Madrid 2022\",\"datePublished\":\"2022-01-28T11:38:00+00:00\",\"dateModified\":\"2022-01-28T11:38:00+00:00\",\"mainEntityOfPage\":{\"@id\":\"https:\/\/novaorg.cofb.net\/2022\/01\/28\/limpacte-de-la-fatiga-pandemica-en-el-farmaceutic-centrara-la-conferencia-inaugural-dinfarma-madrid-2022\/\"},\"wordCount\":1297,\"publisher\":{\"@id\":\"https:\/\/www.cofb.org\/#organization\"},\"image\":{\"@id\":\"https:\/\/novaorg.cofb.net\/2022\/01\/28\/limpacte-de-la-fatiga-pandemica-en-el-farmaceutic-centrara-la-conferencia-inaugural-dinfarma-madrid-2022\/#primaryimage\"},\"thumbnailUrl\":\"https:\/\/www.cofb.org\/wp-content\/uploads\/2022\/01\/ecb9b6f4-0098-46da-9b35-3cf86f162ed9-T9XaE5.png\",\"articleSection\":[\"Notes de premsa\"],\"inLanguage\":\"ca\"},{\"@type\":\"WebPage\",\"@id\":\"https:\/\/novaorg.cofb.net\/2022\/01\/28\/limpacte-de-la-fatiga-pandemica-en-el-farmaceutic-centrara-la-conferencia-inaugural-dinfarma-madrid-2022\/\",\"url\":\"https:\/\/novaorg.cofb.net\/2022\/01\/28\/limpacte-de-la-fatiga-pandemica-en-el-farmaceutic-centrara-la-conferencia-inaugural-dinfarma-madrid-2022\/\",\"name\":\"L\u2019impacte de la fatiga pand\u00e8mica en el farmac\u00e8utic centrar\u00e0 la confer\u00e8ncia inaugural d'Infarma Madrid 2022 - Col\u00b7legi de Farmac\u00e8utics de Barcelona\",\"isPartOf\":{\"@id\":\"https:\/\/www.cofb.org\/#website\"},\"primaryImageOfPage\":{\"@id\":\"https:\/\/novaorg.cofb.net\/2022\/01\/28\/limpacte-de-la-fatiga-pandemica-en-el-farmaceutic-centrara-la-conferencia-inaugural-dinfarma-madrid-2022\/#primaryimage\"},\"image\":{\"@id\":\"https:\/\/novaorg.cofb.net\/2022\/01\/28\/limpacte-de-la-fatiga-pandemica-en-el-farmaceutic-centrara-la-conferencia-inaugural-dinfarma-madrid-2022\/#primaryimage\"},\"thumbnailUrl\":\"https:\/\/www.cofb.org\/wp-content\/uploads\/2022\/01\/ecb9b6f4-0098-46da-9b35-3cf86f162ed9-T9XaE5.png\",\"datePublished\":\"2022-01-28T11:38:00+00:00\",\"dateModified\":\"2022-01-28T11:38:00+00:00\",\"breadcrumb\":{\"@id\":\"https:\/\/novaorg.cofb.net\/2022\/01\/28\/limpacte-de-la-fatiga-pandemica-en-el-farmaceutic-centrara-la-conferencia-inaugural-dinfarma-madrid-2022\/#breadcrumb\"},\"inLanguage\":\"ca\",\"potentialAction\":[{\"@type\":\"ReadAction\",\"target\":[\"https:\/\/novaorg.cofb.net\/2022\/01\/28\/limpacte-de-la-fatiga-pandemica-en-el-farmaceutic-centrara-la-conferencia-inaugural-dinfarma-madrid-2022\/\"]}]},{\"@type\":\"ImageObject\",\"inLanguage\":\"ca\",\"@id\":\"https:\/\/novaorg.cofb.net\/2022\/01\/28\/limpacte-de-la-fatiga-pandemica-en-el-farmaceutic-centrara-la-conferencia-inaugural-dinfarma-madrid-2022\/#primaryimage\",\"url\":\"https:\/\/www.cofb.org\/wp-content\/uploads\/2022\/01\/ecb9b6f4-0098-46da-9b35-3cf86f162ed9-T9XaE5.png\",\"contentUrl\":\"https:\/\/www.cofb.org\/wp-content\/uploads\/2022\/01\/ecb9b6f4-0098-46da-9b35-3cf86f162ed9-T9XaE5.png\",\"width\":1133,\"height\":605},{\"@type\":\"BreadcrumbList\",\"@id\":\"https:\/\/novaorg.cofb.net\/2022\/01\/28\/limpacte-de-la-fatiga-pandemica-en-el-farmaceutic-centrara-la-conferencia-inaugural-dinfarma-madrid-2022\/#breadcrumb\",\"itemListElement\":[{\"@type\":\"ListItem\",\"position\":1,\"name\":\"Inici\",\"item\":\"https:\/\/novaorg.cofb.net\/\"},{\"@type\":\"ListItem\",\"position\":2,\"name\":\"L\u2019impacte de la fatiga pand\u00e8mica en el farmac\u00e8utic centrar\u00e0 la confer\u00e8ncia inaugural d&#8217;Infarma Madrid 2022\"}]},{\"@type\":\"WebSite\",\"@id\":\"https:\/\/www.cofb.org\/#website\",\"url\":\"https:\/\/www.cofb.org\/\",\"name\":\"Col\u00b7legi de Farmac\u00e8utics de Barcelona\",\"description\":\"\",\"publisher\":{\"@id\":\"https:\/\/www.cofb.org\/#organization\"},\"potentialAction\":[{\"@type\":\"SearchAction\",\"target\":{\"@type\":\"EntryPoint\",\"urlTemplate\":\"https:\/\/www.cofb.org\/?s={search_term_string}\"},\"query-input\":\"required name=search_term_string\"}],\"inLanguage\":\"ca\"},{\"@type\":\"Organization\",\"@id\":\"https:\/\/www.cofb.org\/#organization\",\"name\":\"Col\u00b7legi de Farmac\u00e8utics de Barcelona\",\"url\":\"https:\/\/www.cofb.org\/\",\"logo\":{\"@type\":\"ImageObject\",\"inLanguage\":\"ca\",\"@id\":\"https:\/\/www.cofb.org\/#\/schema\/logo\/image\/\",\"url\":\"https:\/\/www.cofb.org\/wp-content\/uploads\/2023\/11\/cropped-Logotip-COFB.png\",\"contentUrl\":\"https:\/\/www.cofb.org\/wp-content\/uploads\/2023\/11\/cropped-Logotip-COFB.png\",\"width\":500,\"height\":105,\"caption\":\"Col\u00b7legi de Farmac\u00e8utics de Barcelona\"},\"image\":{\"@id\":\"https:\/\/www.cofb.org\/#\/schema\/logo\/image\/\"},\"sameAs\":[\"https:\/\/www.facebook.com\/farmaceuticsbcn\/\",\"https:\/\/twitter.com\/farmaceuticsbcn\",\"https:\/\/www.instagram.com\/farmaceuticsbcn\/\",\"https:\/\/www.linkedin.com\/company\/farmaceuticsbcn\/\"]},{\"@type\":\"Person\",\"@id\":\"https:\/\/www.cofb.org\/#\/schema\/person\/22ed7eea88da74b0fa4d3154ad87ffcb\",\"name\":\"wpAdminCofbOrg\",\"image\":{\"@type\":\"ImageObject\",\"inLanguage\":\"ca\",\"@id\":\"https:\/\/www.cofb.org\/#\/schema\/person\/image\/\",\"url\":\"https:\/\/secure.gravatar.com\/avatar\/1721b20b3b8ca882c3b56ec6c978c594fff670e40c0718e9190eaeeb76aae7d8?s=96&d=mm&r=g\",\"contentUrl\":\"https:\/\/secure.gravatar.com\/avatar\/1721b20b3b8ca882c3b56ec6c978c594fff670e40c0718e9190eaeeb76aae7d8?s=96&d=mm&r=g\",\"caption\":\"wpAdminCofbOrg\"},\"sameAs\":[\"http:\/\/192.168.64.122\/wordpress\"],\"url\":\"https:\/\/www.cofb.org\/ca\/author\/wpadmincofborg\/\"}]}<\/script>\n<!-- \/ Yoast SEO plugin. -->","yoast_head_json":{"title":"L\u2019impacte de la fatiga pand\u00e8mica en el farmac\u00e8utic centrar\u00e0 la confer\u00e8ncia inaugural d'Infarma Madrid 2022 - Col\u00b7legi de Farmac\u00e8utics de Barcelona","robots":{"index":"index","follow":"follow","max-snippet":"max-snippet:-1","max-image-preview":"max-image-preview:large","max-video-preview":"max-video-preview:-1"},"canonical":"https:\/\/novaorg.cofb.net\/2022\/01\/28\/limpacte-de-la-fatiga-pandemica-en-el-farmaceutic-centrara-la-conferencia-inaugural-dinfarma-madrid-2022\/","og_locale":"ca_ES","og_type":"article","og_title":"L\u2019impacte de la fatiga pand\u00e8mica en el farmac\u00e8utic centrar\u00e0 la confer\u00e8ncia inaugural d'Infarma Madrid 2022 - Col\u00b7legi de Farmac\u00e8utics de Barcelona","og_description":"\u00a0 El Congr\u00e9s i Sal\u00f3 de la farm\u00e0cia ultima un programa cient\u00edfic ambici\u00f3s que comptar\u00e0 amb una Sala COVID per analitzar l&#8217;experi\u00e8ncia i totes les novetats relacionades amb la pand\u00e8mia. \u00a0 El doctor V\u00edctor Vidal Lacosta, metge de Treball i inspector de la Seguretat Social, impartir\u00e0, el\u00a0pr\u00f2xim 22\u00a0de mar\u00e7, la [&hellip;]","og_url":"https:\/\/novaorg.cofb.net\/2022\/01\/28\/limpacte-de-la-fatiga-pandemica-en-el-farmaceutic-centrara-la-conferencia-inaugural-dinfarma-madrid-2022\/","og_site_name":"Col\u00b7legi de Farmac\u00e8utics de Barcelona","article_publisher":"https:\/\/www.facebook.com\/farmaceuticsbcn\/","article_published_time":"2022-01-28T11:38:00+00:00","author":"wpAdminCofbOrg","twitter_card":"summary_large_image","twitter_creator":"@farmaceuticsbcn","twitter_site":"@farmaceuticsbcn","twitter_misc":{"Escrit per":"wpAdminCofbOrg","Temps estimat de lectura":"6 minuts"},"schema":{"@context":"https:\/\/schema.org","@graph":[{"@type":"Article","@id":"https:\/\/novaorg.cofb.net\/2022\/01\/28\/limpacte-de-la-fatiga-pandemica-en-el-farmaceutic-centrara-la-conferencia-inaugural-dinfarma-madrid-2022\/#article","isPartOf":{"@id":"https:\/\/novaorg.cofb.net\/2022\/01\/28\/limpacte-de-la-fatiga-pandemica-en-el-farmaceutic-centrara-la-conferencia-inaugural-dinfarma-madrid-2022\/"},"author":{"name":"wpAdminCofbOrg","@id":"https:\/\/www.cofb.org\/#\/schema\/person\/22ed7eea88da74b0fa4d3154ad87ffcb"},"headline":"L\u2019impacte de la fatiga pand\u00e8mica en el farmac\u00e8utic centrar\u00e0 la confer\u00e8ncia inaugural d&#8217;Infarma Madrid 2022","datePublished":"2022-01-28T11:38:00+00:00","dateModified":"2022-01-28T11:38:00+00:00","mainEntityOfPage":{"@id":"https:\/\/novaorg.cofb.net\/2022\/01\/28\/limpacte-de-la-fatiga-pandemica-en-el-farmaceutic-centrara-la-conferencia-inaugural-dinfarma-madrid-2022\/"},"wordCount":1297,"publisher":{"@id":"https:\/\/www.cofb.org\/#organization"},"image":{"@id":"https:\/\/novaorg.cofb.net\/2022\/01\/28\/limpacte-de-la-fatiga-pandemica-en-el-farmaceutic-centrara-la-conferencia-inaugural-dinfarma-madrid-2022\/#primaryimage"},"thumbnailUrl":"https:\/\/www.cofb.org\/wp-content\/uploads\/2022\/01\/ecb9b6f4-0098-46da-9b35-3cf86f162ed9-T9XaE5.png","articleSection":["Notes de premsa"],"inLanguage":"ca"},{"@type":"WebPage","@id":"https:\/\/novaorg.cofb.net\/2022\/01\/28\/limpacte-de-la-fatiga-pandemica-en-el-farmaceutic-centrara-la-conferencia-inaugural-dinfarma-madrid-2022\/","url":"https:\/\/novaorg.cofb.net\/2022\/01\/28\/limpacte-de-la-fatiga-pandemica-en-el-farmaceutic-centrara-la-conferencia-inaugural-dinfarma-madrid-2022\/","name":"L\u2019impacte de la fatiga pand\u00e8mica en el farmac\u00e8utic centrar\u00e0 la confer\u00e8ncia inaugural d'Infarma Madrid 2022 - Col\u00b7legi de Farmac\u00e8utics de Barcelona","isPartOf":{"@id":"https:\/\/www.cofb.org\/#website"},"primaryImageOfPage":{"@id":"https:\/\/novaorg.cofb.net\/2022\/01\/28\/limpacte-de-la-fatiga-pandemica-en-el-farmaceutic-centrara-la-conferencia-inaugural-dinfarma-madrid-2022\/#primaryimage"},"image":{"@id":"https:\/\/novaorg.cofb.net\/2022\/01\/28\/limpacte-de-la-fatiga-pandemica-en-el-farmaceutic-centrara-la-conferencia-inaugural-dinfarma-madrid-2022\/#primaryimage"},"thumbnailUrl":"https:\/\/www.cofb.org\/wp-content\/uploads\/2022\/01\/ecb9b6f4-0098-46da-9b35-3cf86f162ed9-T9XaE5.png","datePublished":"2022-01-28T11:38:00+00:00","dateModified":"2022-01-28T11:38:00+00:00","breadcrumb":{"@id":"https:\/\/novaorg.cofb.net\/2022\/01\/28\/limpacte-de-la-fatiga-pandemica-en-el-farmaceutic-centrara-la-conferencia-inaugural-dinfarma-madrid-2022\/#breadcrumb"},"inLanguage":"ca","potentialAction":[{"@type":"ReadAction","target":["https:\/\/novaorg.cofb.net\/2022\/01\/28\/limpacte-de-la-fatiga-pandemica-en-el-farmaceutic-centrara-la-conferencia-inaugural-dinfarma-madrid-2022\/"]}]},{"@type":"ImageObject","inLanguage":"ca","@id":"https:\/\/novaorg.cofb.net\/2022\/01\/28\/limpacte-de-la-fatiga-pandemica-en-el-farmaceutic-centrara-la-conferencia-inaugural-dinfarma-madrid-2022\/#primaryimage","url":"https:\/\/www.cofb.org\/wp-content\/uploads\/2022\/01\/ecb9b6f4-0098-46da-9b35-3cf86f162ed9-T9XaE5.png","contentUrl":"https:\/\/www.cofb.org\/wp-content\/uploads\/2022\/01\/ecb9b6f4-0098-46da-9b35-3cf86f162ed9-T9XaE5.png","width":1133,"height":605},{"@type":"BreadcrumbList","@id":"https:\/\/novaorg.cofb.net\/2022\/01\/28\/limpacte-de-la-fatiga-pandemica-en-el-farmaceutic-centrara-la-conferencia-inaugural-dinfarma-madrid-2022\/#breadcrumb","itemListElement":[{"@type":"ListItem","position":1,"name":"Inici","item":"https:\/\/novaorg.cofb.net\/"},{"@type":"ListItem","position":2,"name":"L\u2019impacte de la fatiga pand\u00e8mica en el farmac\u00e8utic centrar\u00e0 la confer\u00e8ncia inaugural d&#8217;Infarma Madrid 2022"}]},{"@type":"WebSite","@id":"https:\/\/www.cofb.org\/#website","url":"https:\/\/www.cofb.org\/","name":"Col\u00b7legi de Farmac\u00e8utics de Barcelona","description":"","publisher":{"@id":"https:\/\/www.cofb.org\/#organization"},"potentialAction":[{"@type":"SearchAction","target":{"@type":"EntryPoint","urlTemplate":"https:\/\/www.cofb.org\/?s={search_term_string}"},"query-input":"required name=search_term_string"}],"inLanguage":"ca"},{"@type":"Organization","@id":"https:\/\/www.cofb.org\/#organization","name":"Col\u00b7legi de Farmac\u00e8utics de Barcelona","url":"https:\/\/www.cofb.org\/","logo":{"@type":"ImageObject","inLanguage":"ca","@id":"https:\/\/www.cofb.org\/#\/schema\/logo\/image\/","url":"https:\/\/www.cofb.org\/wp-content\/uploads\/2023\/11\/cropped-Logotip-COFB.png","contentUrl":"https:\/\/www.cofb.org\/wp-content\/uploads\/2023\/11\/cropped-Logotip-COFB.png","width":500,"height":105,"caption":"Col\u00b7legi de Farmac\u00e8utics de Barcelona"},"image":{"@id":"https:\/\/www.cofb.org\/#\/schema\/logo\/image\/"},"sameAs":["https:\/\/www.facebook.com\/farmaceuticsbcn\/","https:\/\/twitter.com\/farmaceuticsbcn","https:\/\/www.instagram.com\/farmaceuticsbcn\/","https:\/\/www.linkedin.com\/company\/farmaceuticsbcn\/"]},{"@type":"Person","@id":"https:\/\/www.cofb.org\/#\/schema\/person\/22ed7eea88da74b0fa4d3154ad87ffcb","name":"wpAdminCofbOrg","image":{"@type":"ImageObject","inLanguage":"ca","@id":"https:\/\/www.cofb.org\/#\/schema\/person\/image\/","url":"https:\/\/secure.gravatar.com\/avatar\/1721b20b3b8ca882c3b56ec6c978c594fff670e40c0718e9190eaeeb76aae7d8?s=96&d=mm&r=g","contentUrl":"https:\/\/secure.gravatar.com\/avatar\/1721b20b3b8ca882c3b56ec6c978c594fff670e40c0718e9190eaeeb76aae7d8?s=96&d=mm&r=g","caption":"wpAdminCofbOrg"},"sameAs":["http:\/\/192.168.64.122\/wordpress"],"url":"https:\/\/www.cofb.org\/ca\/author\/wpadmincofborg\/"}]}},"uagb_featured_image_src":{"full":["https:\/\/www.cofb.org\/wp-content\/uploads\/2022\/01\/ecb9b6f4-0098-46da-9b35-3cf86f162ed9-T9XaE5.png",1133,605,false],"thumbnail":["https:\/\/www.cofb.org\/wp-content\/uploads\/2022\/01\/ecb9b6f4-0098-46da-9b35-3cf86f162ed9-T9XaE5-150x150.png",150,150,true],"medium":["https:\/\/www.cofb.org\/wp-content\/uploads\/2022\/01\/ecb9b6f4-0098-46da-9b35-3cf86f162ed9-T9XaE5-300x160.png",300,160,true],"medium_large":["https:\/\/www.cofb.org\/wp-content\/uploads\/2022\/01\/ecb9b6f4-0098-46da-9b35-3cf86f162ed9-T9XaE5-768x410.png",768,410,true],"large":["https:\/\/www.cofb.org\/wp-content\/uploads\/2022\/01\/ecb9b6f4-0098-46da-9b35-3cf86f162ed9-T9XaE5-1024x547.png",1024,547,true],"1536x1536":["https:\/\/www.cofb.org\/wp-content\/uploads\/2022\/01\/ecb9b6f4-0098-46da-9b35-3cf86f162ed9-T9XaE5.png",1133,605,false],"2048x2048":["https:\/\/www.cofb.org\/wp-content\/uploads\/2022\/01\/ecb9b6f4-0098-46da-9b35-3cf86f162ed9-T9XaE5.png",1133,605,false],"trp-custom-language-flag":["https:\/\/www.cofb.org\/wp-content\/uploads\/2022\/01\/ecb9b6f4-0098-46da-9b35-3cf86f162ed9-T9XaE5-18x10.png",18,10,true]},"uagb_author_info":{"display_name":"wpAdminCofbOrg","author_link":"https:\/\/www.cofb.org\/ca\/author\/wpadmincofborg\/"},"uagb_comment_info":0,"uagb_excerpt":"\u00a0 El Congr\u00e9s i Sal\u00f3 de la farm\u00e0cia ultima un programa cient\u00edfic ambici\u00f3s que comptar\u00e0 amb una Sala COVID per analitzar l&#8217;experi\u00e8ncia i totes les novetats relacionades amb la pand\u00e8mia. \u00a0 El doctor V\u00edctor Vidal Lacosta, metge de Treball i inspector de la Seguretat Social, impartir\u00e0, el\u00a0pr\u00f2xim 22\u00a0de mar\u00e7, la [&hellip;]","_links":{"self":[{"href":"https:\/\/www.cofb.org\/ca\/wp-json\/wp\/v2\/posts\/77897","targetHints":{"allow":["GET"]}}],"collection":[{"href":"https:\/\/www.cofb.org\/ca\/wp-json\/wp\/v2\/posts"}],"about":[{"href":"https:\/\/www.cofb.org\/ca\/wp-json\/wp\/v2\/types\/post"}],"author":[{"embeddable":true,"href":"https:\/\/www.cofb.org\/ca\/wp-json\/wp\/v2\/users\/1"}],"replies":[{"embeddable":true,"href":"https:\/\/www.cofb.org\/ca\/wp-json\/wp\/v2\/comments?post=77897"}],"version-history":[{"count":0,"href":"https:\/\/www.cofb.org\/ca\/wp-json\/wp\/v2\/posts\/77897\/revisions"}],"wp:featuredmedia":[{"embeddable":true,"href":"https:\/\/www.cofb.org\/ca\/wp-json\/wp\/v2\/media\/77898"}],"wp:attachment":[{"href":"https:\/\/www.cofb.org\/ca\/wp-json\/wp\/v2\/media?parent=77897"}],"wp:term":[{"taxonomy":"category","embeddable":true,"href":"https:\/\/www.cofb.org\/ca\/wp-json\/wp\/v2\/categories?post=77897"},{"taxonomy":"post_tag","embeddable":true,"href":"https:\/\/www.cofb.org\/ca\/wp-json\/wp\/v2\/tags?post=77897"}],"curies":[{"name":"wp","href":"https:\/\/api.w.org\/{rel}","templated":true}]}}