{"id":77859,"date":"2024-03-20T10:13:00","date_gmt":"2024-03-20T10:13:00","guid":{"rendered":"https:\/\/novaorg.cofb.net\/2024\/03\/20\/detectar-a-tiempo-la-soledad-no-deseada-permite-prevenir-y-mejorar-la-salud-mental\/"},"modified":"2024-04-05T10:46:27","modified_gmt":"2024-04-05T10:46:27","slug":"detectar-a-tiempo-la-soledad-no-deseada-permite-prevenir-y-mejorar-la-salud-mental","status":"publish","type":"post","link":"https:\/\/www.cofb.org\/ca\/2024\/03\/20\/detectar-a-tiempo-la-soledad-no-deseada-permite-prevenir-y-mejorar-la-salud-mental\/","title":{"rendered":"Detectar a tiempo la soledad no deseada permite prevenir y mejorar la salud mental"},"content":{"rendered":"<p>\u00a0<br \/>\n\tEl Colegio Oficial de Farmac\u00e9uticos de Madrid colabora con el Ayuntamiento de la capital para impulsar el papel del farmac\u00e9utico en la identificaci\u00f3n temprana de la depresi\u00f3n<br \/>\n\tM\u00e1s de 276.400 personas mayores viven solas en su domicilio en la Comunidad de Madrid<br \/>\n\tEs un problema transversal que afecta tambi\u00e9n a j\u00f3venes, adolescentes y enfermos cr\u00f3nicos, entre otros colectivos<\/p>\n<p><em>Madrid, 20 de marzo. &#8211; <\/em>La soledad no deseada es una realidad social al alza con la que conviven a diario cada vez m\u00e1s personas en Espa\u00f1a y que tiene un fuerte impacto en la salud mental, seg\u00fan se puso de manifiesto ayer en <strong>Infarma Madrid 2024<\/strong>, en la mesa redonda <strong>\u201cSoledad no deseada y su impacto para la salud mental\u201d.\u00a0<\/strong><\/p>\n<p>Solo en la Comunidad de Madrid, m\u00e1s de <strong>276.400 personas mayores viven solas en su domicilio<\/strong>, lo que supone cerca del 25 % del total de la poblaci\u00f3n de personas de 65 o m\u00e1s a\u00f1os, seg\u00fan datos del Gobierno regional.<\/p>\n<p><strong>Rosa Molina<\/strong>, psiquiatra del Hospital Cl\u00ednico San Carlos de Madrid y especialista en psicogeriatr\u00eda; <strong>Jos\u00e9 Fern\u00e1ndez<\/strong>, concejal delegado del \u00c1rea de Pol\u00edticas Sociales, Familia e Igualdad del Ayuntamiento de Madrid; <strong>Encarna Rivera<\/strong>, especialista en Direcci\u00f3n y Administraci\u00f3n de Centros p\u00fablicos; y <strong>Cristina Tiembl<\/strong>o, tesorera y miembro del Comit\u00e9 Directivo del Consejo General de Colegios Oficiales Farmac\u00e9uticos, abordaron este fen\u00f3meno en una sesi\u00f3n que moder\u00f3 el vocal de Titulares de Oficina de Farmacia del Colegio Oficial de Farmac\u00e9uticos de Madrid y director de Infarma Madrid 2024, <strong>Jos\u00e9 Manuel Becerra.<\/strong><\/p>\n<p>No se trata de un problema que se circunscriba solo al colectivo de personas mayores, sino que afecta cada vez m\u00e1s a j\u00f3venes y adolescentes. <strong>Rosa Molina<\/strong> identific\u00f3 los perfiles de riesgo de la soledad no deseada, un problema \u201ctransversal\u201d, se\u00f1al\u00f3 la psiquiatra, que no solo afecta a la poblaci\u00f3n mayor, sino tambi\u00e9n a los m\u00e1s j\u00f3venes, inmigrantes o a los pacientes cr\u00f3nicos, entre otros colectivos. <strong>\u201cLa enfermedad cr\u00f3nica conlleva unas dificultades; est\u00e1 el estigma de la enfermedad mental que influye en la disminuci\u00f3n de los contactos sociales, cambia los roles familiares, sociales y hace que el sujeto se siente incomprendido\u201d<\/strong>, explic\u00f3. Tambi\u00e9n advirti\u00f3 que \u201cel uso de la tecnolog\u00eda de los j\u00f3venes lleva a relaciones m\u00e1s superficiales, vac\u00edas y con dificultad a aprender a relacionarse con el otro\u201d.<\/p>\n<p>Esta especialista defendi\u00f3 la necesidad de hacer campa\u00f1as en redes sociales para llegar a los m\u00e1s j\u00f3venes. <strong>\u201cMensajes como la soledad equivale a fumarse 15 cigarrillos diarios para la salud f\u00edsica y ps\u00edquica o las personas que tienen estereotipos negativos sobre las personas mayores viven siete a\u00f1os menos de media impactan en la gente joven y as\u00ed en la salud mental y en la soledad\u201d<\/strong>, afirm\u00f3.<\/p>\n<p><strong>\u2018Convenio Antena\u2019 para prevenir la soledad no deseada<\/strong><\/p>\n<p>Jos\u00e9 Fern\u00e1ndez destac\u00f3 que \u201c<strong>estamos desarrollando una importante estrategia municipal para combatir el sentimiento de soledad no deseada<\/strong>, donde incluimos una red de antenas con sectores destacados de la sociedad como el Colegio de Farmac\u00e9uticos para detectar, prevenir y sensibilizar a la sociedad para que, con peque\u00f1as aportaciones, todos seamos parte de la soluci\u00f3n\u201d.<\/p>\n<p>Fern\u00e1ndez se refiri\u00f3 al pr\u00f3ximo Convenio Antena que el consistorio firmar\u00e1 con el Colegio Oficial de Farmac\u00e9uticos de Madrid y al programa de voluntariado Madrid te acompa\u00f1a, en el que participan tambi\u00e9n las farmacias madrile\u00f1as, como iniciativas integradas dentro de una estrategia municipal de trabajar en red y estar conectados, cuya clave es la prevenci\u00f3n y donde<strong> \u201clos farmac\u00e9uticos son clave en la prevenci\u00f3n de situaciones de soledad no deseada y la detecci\u00f3n de problemas de salud mental\u201d<\/strong>, seg\u00fan asegur\u00f3.<\/p>\n<p>Por su parte, <strong>Encarna Rivera<\/strong> puso el foco en el impacto que la soledad no deseada tiene tambi\u00e9n en la juventud, en el \u00e1mbito de la discapacidad, la infancia o la adolescencia. <strong>\u201cSon situaciones que a ra\u00edz de la pandemia est\u00e1n surgiendo como problemas mentales en estos colectivos\u201d<\/strong>, alert\u00f3. Desde la administraci\u00f3n regional se est\u00e1 trabajando en distintos programas de prevenci\u00f3n de dependencias, de prevenci\u00f3n del suicidio, de ayuda a la discapacidad, entre otras iniciativas.<\/p>\n<p>Desde el \u00e1mbito profesional de la farmacia, <strong>Cristina Tiemblo<\/strong> subray\u00f3 el papel de la farmacia en la detecci\u00f3n de la soledad no deseada: <strong>\u201cLa red de veintid\u00f3s mil farmacias juega un papel de radar, de detector de situaciones de forma temprana, ya que pasan 2,3 millones de personas a diario por las farmacias\u201d<\/strong>.<\/p>\n<p>Comunidades como Andaluc\u00eda, Catalu\u00f1a, el Pa\u00eds Vasco o Madrid est\u00e1n promoviendo programas de formaci\u00f3n y de prevenci\u00f3n de situaciones de soledad no deseada, seg\u00fan indic\u00f3.<strong> \u201cNo podemos olvidarnos de formar a nuestros compa\u00f1eros, porque estamos hablando de problemas muy sensibles e importantes\u201d<\/strong>, asegur\u00f3. Tambi\u00e9n expuso la necesidad de construir una relaci\u00f3n m\u00e1s fluida con la Atenci\u00f3n Primaria, con el m\u00e9dico de cabecera, como una de las claves asistenciales, as\u00ed como de tener m\u00e1s presencia de profesionales sanitarios en redes para desmentir bulos y garantizar una informaci\u00f3n de calidad a los m\u00e1s j\u00f3venes. Por \u00faltimo, expuso un dato que refleja la magnitud del problema: en 2021 la soledad no deseada supuso un coste econ\u00f3mico de 14.000 millones de euros al a\u00f1o.<\/p>\n<p>\u201cSomos conscientes del problema de la soledad no deseada para poder afrontarlo\u201d, concluy\u00f3 <strong>Jos\u00e9 Manuel Becerra<\/strong>, quien tambi\u00e9n hizo un llamamiento para trabajar para que el paciente joven vaya a la farmacia y nos vean como profesionales sanitarios cercanos.<strong> \u201cLo estamos consiguiendo; es fundamental preguntar e interactuar para prevenir la soledad no deseada\u201d<\/strong>, sostuvo. Concluy\u00f3 con un \u00faltimo mensaje: \u201cLos farmac\u00e9uticos no solo somos los expertos en el medicamento, sino que tenemos que ser parte del tratamiento de todas estas personas\u201d.<\/p>\n<p>\u00a0El Colegio Oficial de Farmac\u00e9uticos de Madrid colabora con el Ayuntamiento de la capital para impulsar el papel del farmac\u00e9utico en la identificaci\u00f3n temprana de la depresi\u00f3n<br \/>\n\tM\u00e1s de 276.400 personas mayores viven solas en su domicilio en la Comunidad de Madrid<br \/>\n\tEs un problema transversal que afecta tambi\u00e9n a j\u00f3venes, adolescentes y enfermos cr\u00f3nicos, entre otros colectivos<\/p>\n<p>Madrid, 20 de marzo. &#8211; La soledad no deseada es una realidad social al alza con la que conviven a diario cada vez m\u00e1s personas en Espa\u00f1a y que tiene un fuerte impacto en la salud mental, seg\u00fan se puso de manifiesto ayer en Infarma Madrid 2024, en la mesa redonda \u201cSoledad no deseada y su impacto para la salud mental\u201d.\u00a0<\/p>\n<p>Solo en la Comunidad de Madrid, m\u00e1s de 276.400 personas mayores viven solas en su domicilio, lo que supone cerca del 25 % del total de la poblaci\u00f3n de personas de 65 o m\u00e1s a\u00f1os, seg\u00fan datos del Gobierno regional.<\/p>\n<p>Rosa Molina, psiquiatra del Hospital Cl\u00ednico San Carlos de Madrid y especialista en psicogeriatr\u00eda; Jos\u00e9 Fern\u00e1ndez, concejal delegado del \u00c1rea de Pol\u00edticas Sociales, Familia e Igualdad del Ayuntamiento de Madrid; Encarna Rivera, especialista en Direcci\u00f3n y Administraci\u00f3n de Centros p\u00fablicos; y Cristina Tiemblo, tesorera y miembro del Comit\u00e9 Directivo del Consejo General de Colegios Oficiales Farmac\u00e9uticos, abordaron este fen\u00f3meno en una sesi\u00f3n que moder\u00f3 el vocal de Titulares de Oficina de Farmacia del Colegio Oficial de Farmac\u00e9uticos de Madrid y director de Infarma Madrid 2024, Jos\u00e9 Manuel Becerra.<\/p>\n<p>No se trata de un problema que se circunscriba solo al colectivo de personas mayores, sino que afecta cada vez m\u00e1s a j\u00f3venes y adolescentes. Rosa Molina identific\u00f3 los perfiles de riesgo de la soledad no deseada, un problema \u201ctransversal\u201d, se\u00f1al\u00f3 la psiquiatra, que no solo afecta a la poblaci\u00f3n mayor, sino tambi\u00e9n a los m\u00e1s j\u00f3venes, inmigrantes o a los pacientes cr\u00f3nicos, entre otros colectivos. \u201cLa enfermedad cr\u00f3nica conlleva unas dificultades; est\u00e1 el estigma de la enfermedad mental que influye en la disminuci\u00f3n de los contactos sociales, cambia los roles familiares, sociales y hace que el sujeto se siente incomprendido\u201d, explic\u00f3. Tambi\u00e9n advirti\u00f3 que \u201cel uso de la tecnolog\u00eda de los j\u00f3venes lleva a relaciones m\u00e1s superficiales, vac\u00edas y con dificultad a aprender a relacionarse con el otro\u201d.<\/p>\n<p>Esta especialista defendi\u00f3 la necesidad de hacer campa\u00f1as en redes sociales para llegar a los m\u00e1s j\u00f3venes. \u201cMensajes como la soledad equivale a fumarse 15 cigarrillos diarios para la salud f\u00edsica y ps\u00edquica o las personas que tienen estereotipos negativos sobre las personas mayores viven siete a\u00f1os menos de media impactan en la gente joven y as\u00ed en la salud mental y en la soledad\u201d, afirm\u00f3.<\/p>\n<p>\u2018Convenio Antena\u2019 para prevenir la soledad no deseada<\/p>\n<p>Jos\u00e9 Fern\u00e1ndez destac\u00f3 que \u201cestamos desarrollando una importante estrategia municipal para combatir el sentimiento de soledad no deseada, donde incluimos una red de antenas con sectores destacados de la sociedad como el Colegio de Farmac\u00e9uticos para detectar, prevenir y sensibilizar a la sociedad para que, con peque\u00f1as aportaciones, todos seamos parte de la soluci\u00f3n\u201d.<\/p>\n<p>Fern\u00e1ndez se refiri\u00f3 al pr\u00f3ximo Convenio Antena que el consistorio firmar\u00e1 con el Colegio Oficial de Farmac\u00e9uticos de Madrid y al programa de voluntariado Madrid te acompa\u00f1a, en el que participan tambi\u00e9n las farmacias madrile\u00f1as, como iniciativas integradas dentro de una estrategia municipal de trabajar en red y estar conectados, cuya clave es la prevenci\u00f3n y donde \u201clos farmac\u00e9uticos son clave en la prevenci\u00f3n de situaciones de soledad no deseada y la detecci\u00f3n de problemas de salud mental\u201d, seg\u00fan asegur\u00f3.<\/p>\n<p>Por su parte, Encarna Rivera puso el foco en el impacto que la soledad no deseada tiene tambi\u00e9n en la juventud, en el \u00e1mbito de la discapacidad, la infancia o la adolescencia. \u201cSon situaciones que a ra\u00edz de la pandemia est\u00e1n surgiendo como problemas mentales en estos colectivos\u201d, alert\u00f3. Desde la administraci\u00f3n regional se est\u00e1 trabajando en distintos programas de prevenci\u00f3n de dependencias, de prevenci\u00f3n del suicidio, de ayuda a la discapacidad, entre otras iniciativas.<\/p>\n<p>Desde el \u00e1mbito profesional de la farmacia, Cristina Tiemblo subray\u00f3 el papel de la farmacia en la detecci\u00f3n de la soledad no deseada: \u201cLa red de veintid\u00f3s mil farmacias juega un papel de radar, de detector de situaciones de forma temprana, ya que pasan 2,3 millones de personas a diario por las farmacias\u201d.<\/p>\n<p>Comunidades como Andaluc\u00eda, Catalu\u00f1a, el Pa\u00eds Vasco o Madrid est\u00e1n promoviendo programas de formaci\u00f3n y de prevenci\u00f3n de situaciones de soledad no deseada, seg\u00fan indic\u00f3. \u201cNo podemos olvidarnos de formar a nuestros compa\u00f1eros, porque estamos hablando de problemas muy sensibles e importantes\u201d, asegur\u00f3. Tambi\u00e9n expuso la necesidad de construir una relaci\u00f3n m\u00e1s fluida con la Atenci\u00f3n Primaria, con el m\u00e9dico de cabecera, como una de las claves asistenciales, as\u00ed como de tener m\u00e1s presencia de profesionales sanitarios en redes para desmentir bulos y garantizar una informaci\u00f3n de calidad a los m\u00e1s j\u00f3venes. Por \u00faltimo, expuso un dato que refleja la magnitud del problema: en 2021 la soledad no deseada supuso un coste econ\u00f3mico de 14.000 millones de euros al a\u00f1o.<\/p>\n<p>\u201cSomos conscientes del problema de la soledad no deseada para poder afrontarlo\u201d, concluy\u00f3 Jos\u00e9 Manuel Becerra, quien tambi\u00e9n hizo un llamamiento para trabajar para que el paciente joven vaya a la farmacia y nos vean como profesionales sanitarios cercanos. \u201cLo estamos consiguiendo; es fundamental preguntar e interactuar para prevenir la soledad no deseada\u201d, sostuvo. Concluy\u00f3 con un \u00faltimo mensaje: \u201cLos farmac\u00e9uticos no solo somos los expertos en el medicamento, sino que tenemos que ser parte del tratamiento de todas estas personas\u201d.\u00a0\u00a0COFB.ORG<\/p>","protected":false},"excerpt":{"rendered":"<p>\u00a0 El Colegio Oficial de Farmac\u00e9uticos de Madrid colabora con el Ayuntamiento de la capital para impulsar el papel del farmac\u00e9utico en la identificaci\u00f3n temprana de la depresi\u00f3n M\u00e1s de 276.400 personas mayores viven solas en su domicilio en la Comunidad de Madrid Es un problema transversal que afecta tambi\u00e9n [&hellip;]<\/p>\n","protected":false},"author":1,"featured_media":77860,"comment_status":"closed","ping_status":"closed","sticky":false,"template":"","format":"aside","meta":{"_uag_custom_page_level_css":"","site-sidebar-layout":"default","site-content-layout":"","ast-site-content-layout":"default","site-content-style":"default","site-sidebar-style":"default","ast-global-header-display":"","ast-banner-title-visibility":"","ast-main-header-display":"","ast-hfb-above-header-display":"","ast-hfb-below-header-display":"","ast-hfb-mobile-header-display":"","site-post-title":"","ast-breadcrumbs-content":"","ast-featured-img":"disabled","footer-sml-layout":"","theme-transparent-header-meta":"","adv-header-id-meta":"","stick-header-meta":"","header-above-stick-meta":"","header-main-stick-meta":"","header-below-stick-meta":"","astra-migrate-meta-layouts":"set","ast-page-background-enabled":"default","ast-page-background-meta":{"desktop":{"background-color":"var(--ast-global-color-4)","background-image":"","background-repeat":"repeat","background-position":"center center","background-size":"auto","background-attachment":"scroll","background-type":"","background-media":"","overlay-type":"","overlay-color":"","overlay-opacity":"","overlay-gradient":""},"tablet":{"background-color":"","background-image":"","background-repeat":"repeat","background-position":"center center","background-size":"auto","background-attachment":"scroll","background-type":"","background-media":"","overlay-type":"","overlay-color":"","overlay-opacity":"","overlay-gradient":""},"mobile":{"background-color":"","background-image":"","background-repeat":"repeat","background-position":"center center","background-size":"auto","background-attachment":"scroll","background-type":"","background-media":"","overlay-type":"","overlay-color":"","overlay-opacity":"","overlay-gradient":""}},"ast-content-background-meta":{"desktop":{"background-color":"var(--ast-global-color-5)","background-image":"","background-repeat":"repeat","background-position":"center center","background-size":"auto","background-attachment":"scroll","background-type":"","background-media":"","overlay-type":"","overlay-color":"","overlay-opacity":"","overlay-gradient":""},"tablet":{"background-color":"var(--ast-global-color-5)","background-image":"","background-repeat":"repeat","background-position":"center center","background-size":"auto","background-attachment":"scroll","background-type":"","background-media":"","overlay-type":"","overlay-color":"","overlay-opacity":"","overlay-gradient":""},"mobile":{"background-color":"var(--ast-global-color-5)","background-image":"","background-repeat":"repeat","background-position":"center center","background-size":"auto","background-attachment":"scroll","background-type":"","background-media":"","overlay-type":"","overlay-color":"","overlay-opacity":"","overlay-gradient":""}},"footnotes":""},"categories":[1060],"tags":[],"class_list":["post-77859","post","type-post","status-publish","format-aside","has-post-thumbnail","hentry","category-notes-premsa","post_format-post-format-aside"],"yoast_head":"<!-- This site is optimized with the Yoast SEO plugin v22.4 - https:\/\/yoast.com\/wordpress\/plugins\/seo\/ -->\n<title>Detectar a tiempo la soledad no deseada permite prevenir y mejorar la salud mental - Col\u00b7legi de Farmac\u00e8utics de Barcelona<\/title>\n<meta name=\"robots\" content=\"index, follow, max-snippet:-1, max-image-preview:large, max-video-preview:-1\" \/>\n<link rel=\"canonical\" href=\"https:\/\/novaorg.cofb.net\/2024\/03\/20\/detectar-a-tiempo-la-soledad-no-deseada-permite-prevenir-y-mejorar-la-salud-mental\/\" \/>\n<meta property=\"og:locale\" content=\"ca_ES\" \/>\n<meta property=\"og:type\" content=\"article\" \/>\n<meta property=\"og:title\" content=\"Detectar a tiempo la soledad no deseada permite prevenir y mejorar la salud mental - Col\u00b7legi de Farmac\u00e8utics de Barcelona\" \/>\n<meta property=\"og:description\" content=\"\u00a0 El Colegio Oficial de Farmac\u00e9uticos de Madrid colabora con el Ayuntamiento de la capital para impulsar el papel del farmac\u00e9utico en la identificaci\u00f3n temprana de la depresi\u00f3n M\u00e1s de 276.400 personas mayores viven solas en su domicilio en la Comunidad de Madrid Es un problema transversal que afecta tambi\u00e9n [&hellip;]\" \/>\n<meta property=\"og:url\" content=\"https:\/\/novaorg.cofb.net\/2024\/03\/20\/detectar-a-tiempo-la-soledad-no-deseada-permite-prevenir-y-mejorar-la-salud-mental\/\" \/>\n<meta property=\"og:site_name\" content=\"Col\u00b7legi de Farmac\u00e8utics de Barcelona\" \/>\n<meta property=\"article:publisher\" content=\"https:\/\/www.facebook.com\/farmaceuticsbcn\/\" \/>\n<meta property=\"article:published_time\" content=\"2024-03-20T10:13:00+00:00\" \/>\n<meta property=\"article:modified_time\" content=\"2024-04-05T10:46:27+00:00\" \/>\n<meta property=\"og:image\" content=\"https:\/\/novaorg.cofb.net\/wp-content\/uploads\/2024\/03\/7c8178bc-da9a-450a-9394-a8c9d120e720-gFGGi4-scaled.jpeg\" \/>\n\t<meta property=\"og:image:width\" content=\"2560\" \/>\n\t<meta property=\"og:image:height\" content=\"1707\" \/>\n\t<meta property=\"og:image:type\" content=\"image\/jpeg\" \/>\n<meta name=\"author\" content=\"wpAdminCofbOrg\" \/>\n<meta name=\"twitter:card\" content=\"summary_large_image\" \/>\n<meta name=\"twitter:creator\" content=\"@farmaceuticsbcn\" \/>\n<meta name=\"twitter:site\" content=\"@farmaceuticsbcn\" \/>\n<meta name=\"twitter:label1\" content=\"Escrit per\" \/>\n\t<meta name=\"twitter:data1\" content=\"wpAdminCofbOrg\" \/>\n\t<meta name=\"twitter:label2\" content=\"Temps estimat de lectura\" \/>\n\t<meta name=\"twitter:data2\" content=\"11 minuts\" \/>\n<script type=\"application\/ld+json\" class=\"yoast-schema-graph\">{\"@context\":\"https:\/\/schema.org\",\"@graph\":[{\"@type\":\"Article\",\"@id\":\"https:\/\/novaorg.cofb.net\/2024\/03\/20\/detectar-a-tiempo-la-soledad-no-deseada-permite-prevenir-y-mejorar-la-salud-mental\/#article\",\"isPartOf\":{\"@id\":\"https:\/\/novaorg.cofb.net\/2024\/03\/20\/detectar-a-tiempo-la-soledad-no-deseada-permite-prevenir-y-mejorar-la-salud-mental\/\"},\"author\":{\"name\":\"wpAdminCofbOrg\",\"@id\":\"https:\/\/www.cofb.org\/#\/schema\/person\/22ed7eea88da74b0fa4d3154ad87ffcb\"},\"headline\":\"Detectar a tiempo la soledad no deseada permite prevenir y mejorar la salud mental\",\"datePublished\":\"2024-03-20T10:13:00+00:00\",\"dateModified\":\"2024-04-05T10:46:27+00:00\",\"mainEntityOfPage\":{\"@id\":\"https:\/\/novaorg.cofb.net\/2024\/03\/20\/detectar-a-tiempo-la-soledad-no-deseada-permite-prevenir-y-mejorar-la-salud-mental\/\"},\"wordCount\":2002,\"publisher\":{\"@id\":\"https:\/\/www.cofb.org\/#organization\"},\"image\":{\"@id\":\"https:\/\/novaorg.cofb.net\/2024\/03\/20\/detectar-a-tiempo-la-soledad-no-deseada-permite-prevenir-y-mejorar-la-salud-mental\/#primaryimage\"},\"thumbnailUrl\":\"https:\/\/www.cofb.org\/wp-content\/uploads\/2024\/03\/7c8178bc-da9a-450a-9394-a8c9d120e720-gFGGi4-scaled.jpeg\",\"articleSection\":[\"Notes de premsa\"],\"inLanguage\":\"ca\"},{\"@type\":\"WebPage\",\"@id\":\"https:\/\/novaorg.cofb.net\/2024\/03\/20\/detectar-a-tiempo-la-soledad-no-deseada-permite-prevenir-y-mejorar-la-salud-mental\/\",\"url\":\"https:\/\/novaorg.cofb.net\/2024\/03\/20\/detectar-a-tiempo-la-soledad-no-deseada-permite-prevenir-y-mejorar-la-salud-mental\/\",\"name\":\"Detectar a tiempo la soledad no deseada permite prevenir y mejorar la salud mental - Col\u00b7legi de Farmac\u00e8utics de Barcelona\",\"isPartOf\":{\"@id\":\"https:\/\/www.cofb.org\/#website\"},\"primaryImageOfPage\":{\"@id\":\"https:\/\/novaorg.cofb.net\/2024\/03\/20\/detectar-a-tiempo-la-soledad-no-deseada-permite-prevenir-y-mejorar-la-salud-mental\/#primaryimage\"},\"image\":{\"@id\":\"https:\/\/novaorg.cofb.net\/2024\/03\/20\/detectar-a-tiempo-la-soledad-no-deseada-permite-prevenir-y-mejorar-la-salud-mental\/#primaryimage\"},\"thumbnailUrl\":\"https:\/\/www.cofb.org\/wp-content\/uploads\/2024\/03\/7c8178bc-da9a-450a-9394-a8c9d120e720-gFGGi4-scaled.jpeg\",\"datePublished\":\"2024-03-20T10:13:00+00:00\",\"dateModified\":\"2024-04-05T10:46:27+00:00\",\"breadcrumb\":{\"@id\":\"https:\/\/novaorg.cofb.net\/2024\/03\/20\/detectar-a-tiempo-la-soledad-no-deseada-permite-prevenir-y-mejorar-la-salud-mental\/#breadcrumb\"},\"inLanguage\":\"ca\",\"potentialAction\":[{\"@type\":\"ReadAction\",\"target\":[\"https:\/\/novaorg.cofb.net\/2024\/03\/20\/detectar-a-tiempo-la-soledad-no-deseada-permite-prevenir-y-mejorar-la-salud-mental\/\"]}]},{\"@type\":\"ImageObject\",\"inLanguage\":\"ca\",\"@id\":\"https:\/\/novaorg.cofb.net\/2024\/03\/20\/detectar-a-tiempo-la-soledad-no-deseada-permite-prevenir-y-mejorar-la-salud-mental\/#primaryimage\",\"url\":\"https:\/\/www.cofb.org\/wp-content\/uploads\/2024\/03\/7c8178bc-da9a-450a-9394-a8c9d120e720-gFGGi4-scaled.jpeg\",\"contentUrl\":\"https:\/\/www.cofb.org\/wp-content\/uploads\/2024\/03\/7c8178bc-da9a-450a-9394-a8c9d120e720-gFGGi4-scaled.jpeg\",\"width\":2560,\"height\":1707},{\"@type\":\"BreadcrumbList\",\"@id\":\"https:\/\/novaorg.cofb.net\/2024\/03\/20\/detectar-a-tiempo-la-soledad-no-deseada-permite-prevenir-y-mejorar-la-salud-mental\/#breadcrumb\",\"itemListElement\":[{\"@type\":\"ListItem\",\"position\":1,\"name\":\"Inici\",\"item\":\"https:\/\/novaorg.cofb.net\/\"},{\"@type\":\"ListItem\",\"position\":2,\"name\":\"Detectar a tiempo la soledad no deseada permite prevenir y mejorar la salud mental\"}]},{\"@type\":\"WebSite\",\"@id\":\"https:\/\/www.cofb.org\/#website\",\"url\":\"https:\/\/www.cofb.org\/\",\"name\":\"Col\u00b7legi de Farmac\u00e8utics de Barcelona\",\"description\":\"\",\"publisher\":{\"@id\":\"https:\/\/www.cofb.org\/#organization\"},\"potentialAction\":[{\"@type\":\"SearchAction\",\"target\":{\"@type\":\"EntryPoint\",\"urlTemplate\":\"https:\/\/www.cofb.org\/?s={search_term_string}\"},\"query-input\":\"required name=search_term_string\"}],\"inLanguage\":\"ca\"},{\"@type\":\"Organization\",\"@id\":\"https:\/\/www.cofb.org\/#organization\",\"name\":\"Col\u00b7legi de Farmac\u00e8utics de Barcelona\",\"url\":\"https:\/\/www.cofb.org\/\",\"logo\":{\"@type\":\"ImageObject\",\"inLanguage\":\"ca\",\"@id\":\"https:\/\/www.cofb.org\/#\/schema\/logo\/image\/\",\"url\":\"https:\/\/www.cofb.org\/wp-content\/uploads\/2023\/11\/cropped-Logotip-COFB.png\",\"contentUrl\":\"https:\/\/www.cofb.org\/wp-content\/uploads\/2023\/11\/cropped-Logotip-COFB.png\",\"width\":500,\"height\":105,\"caption\":\"Col\u00b7legi de Farmac\u00e8utics de Barcelona\"},\"image\":{\"@id\":\"https:\/\/www.cofb.org\/#\/schema\/logo\/image\/\"},\"sameAs\":[\"https:\/\/www.facebook.com\/farmaceuticsbcn\/\",\"https:\/\/twitter.com\/farmaceuticsbcn\",\"https:\/\/www.instagram.com\/farmaceuticsbcn\/\",\"https:\/\/www.linkedin.com\/company\/farmaceuticsbcn\/\"]},{\"@type\":\"Person\",\"@id\":\"https:\/\/www.cofb.org\/#\/schema\/person\/22ed7eea88da74b0fa4d3154ad87ffcb\",\"name\":\"wpAdminCofbOrg\",\"image\":{\"@type\":\"ImageObject\",\"inLanguage\":\"ca\",\"@id\":\"https:\/\/www.cofb.org\/#\/schema\/person\/image\/\",\"url\":\"https:\/\/secure.gravatar.com\/avatar\/1721b20b3b8ca882c3b56ec6c978c594fff670e40c0718e9190eaeeb76aae7d8?s=96&d=mm&r=g\",\"contentUrl\":\"https:\/\/secure.gravatar.com\/avatar\/1721b20b3b8ca882c3b56ec6c978c594fff670e40c0718e9190eaeeb76aae7d8?s=96&d=mm&r=g\",\"caption\":\"wpAdminCofbOrg\"},\"sameAs\":[\"http:\/\/192.168.64.122\/wordpress\"],\"url\":\"https:\/\/www.cofb.org\/ca\/author\/wpadmincofborg\/\"}]}<\/script>\n<!-- \/ Yoast SEO plugin. -->","yoast_head_json":{"title":"Detectar a tiempo la soledad no deseada permite prevenir y mejorar la salud mental - Col\u00b7legi de Farmac\u00e8utics de Barcelona","robots":{"index":"index","follow":"follow","max-snippet":"max-snippet:-1","max-image-preview":"max-image-preview:large","max-video-preview":"max-video-preview:-1"},"canonical":"https:\/\/novaorg.cofb.net\/2024\/03\/20\/detectar-a-tiempo-la-soledad-no-deseada-permite-prevenir-y-mejorar-la-salud-mental\/","og_locale":"ca_ES","og_type":"article","og_title":"Detectar a tiempo la soledad no deseada permite prevenir y mejorar la salud mental - Col\u00b7legi de Farmac\u00e8utics de Barcelona","og_description":"\u00a0 El Colegio Oficial de Farmac\u00e9uticos de Madrid colabora con el Ayuntamiento de la capital para impulsar el papel del farmac\u00e9utico en la identificaci\u00f3n temprana de la depresi\u00f3n M\u00e1s de 276.400 personas mayores viven solas en su domicilio en la Comunidad de Madrid Es un problema transversal que afecta tambi\u00e9n [&hellip;]","og_url":"https:\/\/novaorg.cofb.net\/2024\/03\/20\/detectar-a-tiempo-la-soledad-no-deseada-permite-prevenir-y-mejorar-la-salud-mental\/","og_site_name":"Col\u00b7legi de Farmac\u00e8utics de Barcelona","article_publisher":"https:\/\/www.facebook.com\/farmaceuticsbcn\/","article_published_time":"2024-03-20T10:13:00+00:00","article_modified_time":"2024-04-05T10:46:27+00:00","og_image":[{"width":2560,"height":1707,"url":"https:\/\/novaorg.cofb.net\/wp-content\/uploads\/2024\/03\/7c8178bc-da9a-450a-9394-a8c9d120e720-gFGGi4-scaled.jpeg","type":"image\/jpeg"}],"author":"wpAdminCofbOrg","twitter_card":"summary_large_image","twitter_creator":"@farmaceuticsbcn","twitter_site":"@farmaceuticsbcn","twitter_misc":{"Escrit per":"wpAdminCofbOrg","Temps estimat de lectura":"11 minuts"},"schema":{"@context":"https:\/\/schema.org","@graph":[{"@type":"Article","@id":"https:\/\/novaorg.cofb.net\/2024\/03\/20\/detectar-a-tiempo-la-soledad-no-deseada-permite-prevenir-y-mejorar-la-salud-mental\/#article","isPartOf":{"@id":"https:\/\/novaorg.cofb.net\/2024\/03\/20\/detectar-a-tiempo-la-soledad-no-deseada-permite-prevenir-y-mejorar-la-salud-mental\/"},"author":{"name":"wpAdminCofbOrg","@id":"https:\/\/www.cofb.org\/#\/schema\/person\/22ed7eea88da74b0fa4d3154ad87ffcb"},"headline":"Detectar a tiempo la soledad no deseada permite prevenir y mejorar la salud mental","datePublished":"2024-03-20T10:13:00+00:00","dateModified":"2024-04-05T10:46:27+00:00","mainEntityOfPage":{"@id":"https:\/\/novaorg.cofb.net\/2024\/03\/20\/detectar-a-tiempo-la-soledad-no-deseada-permite-prevenir-y-mejorar-la-salud-mental\/"},"wordCount":2002,"publisher":{"@id":"https:\/\/www.cofb.org\/#organization"},"image":{"@id":"https:\/\/novaorg.cofb.net\/2024\/03\/20\/detectar-a-tiempo-la-soledad-no-deseada-permite-prevenir-y-mejorar-la-salud-mental\/#primaryimage"},"thumbnailUrl":"https:\/\/www.cofb.org\/wp-content\/uploads\/2024\/03\/7c8178bc-da9a-450a-9394-a8c9d120e720-gFGGi4-scaled.jpeg","articleSection":["Notes de premsa"],"inLanguage":"ca"},{"@type":"WebPage","@id":"https:\/\/novaorg.cofb.net\/2024\/03\/20\/detectar-a-tiempo-la-soledad-no-deseada-permite-prevenir-y-mejorar-la-salud-mental\/","url":"https:\/\/novaorg.cofb.net\/2024\/03\/20\/detectar-a-tiempo-la-soledad-no-deseada-permite-prevenir-y-mejorar-la-salud-mental\/","name":"Detectar a tiempo la soledad no deseada permite prevenir y mejorar la salud mental - Col\u00b7legi de Farmac\u00e8utics de Barcelona","isPartOf":{"@id":"https:\/\/www.cofb.org\/#website"},"primaryImageOfPage":{"@id":"https:\/\/novaorg.cofb.net\/2024\/03\/20\/detectar-a-tiempo-la-soledad-no-deseada-permite-prevenir-y-mejorar-la-salud-mental\/#primaryimage"},"image":{"@id":"https:\/\/novaorg.cofb.net\/2024\/03\/20\/detectar-a-tiempo-la-soledad-no-deseada-permite-prevenir-y-mejorar-la-salud-mental\/#primaryimage"},"thumbnailUrl":"https:\/\/www.cofb.org\/wp-content\/uploads\/2024\/03\/7c8178bc-da9a-450a-9394-a8c9d120e720-gFGGi4-scaled.jpeg","datePublished":"2024-03-20T10:13:00+00:00","dateModified":"2024-04-05T10:46:27+00:00","breadcrumb":{"@id":"https:\/\/novaorg.cofb.net\/2024\/03\/20\/detectar-a-tiempo-la-soledad-no-deseada-permite-prevenir-y-mejorar-la-salud-mental\/#breadcrumb"},"inLanguage":"ca","potentialAction":[{"@type":"ReadAction","target":["https:\/\/novaorg.cofb.net\/2024\/03\/20\/detectar-a-tiempo-la-soledad-no-deseada-permite-prevenir-y-mejorar-la-salud-mental\/"]}]},{"@type":"ImageObject","inLanguage":"ca","@id":"https:\/\/novaorg.cofb.net\/2024\/03\/20\/detectar-a-tiempo-la-soledad-no-deseada-permite-prevenir-y-mejorar-la-salud-mental\/#primaryimage","url":"https:\/\/www.cofb.org\/wp-content\/uploads\/2024\/03\/7c8178bc-da9a-450a-9394-a8c9d120e720-gFGGi4-scaled.jpeg","contentUrl":"https:\/\/www.cofb.org\/wp-content\/uploads\/2024\/03\/7c8178bc-da9a-450a-9394-a8c9d120e720-gFGGi4-scaled.jpeg","width":2560,"height":1707},{"@type":"BreadcrumbList","@id":"https:\/\/novaorg.cofb.net\/2024\/03\/20\/detectar-a-tiempo-la-soledad-no-deseada-permite-prevenir-y-mejorar-la-salud-mental\/#breadcrumb","itemListElement":[{"@type":"ListItem","position":1,"name":"Inici","item":"https:\/\/novaorg.cofb.net\/"},{"@type":"ListItem","position":2,"name":"Detectar a tiempo la soledad no deseada permite prevenir y mejorar la salud mental"}]},{"@type":"WebSite","@id":"https:\/\/www.cofb.org\/#website","url":"https:\/\/www.cofb.org\/","name":"Col\u00b7legi de Farmac\u00e8utics de Barcelona","description":"","publisher":{"@id":"https:\/\/www.cofb.org\/#organization"},"potentialAction":[{"@type":"SearchAction","target":{"@type":"EntryPoint","urlTemplate":"https:\/\/www.cofb.org\/?s={search_term_string}"},"query-input":"required name=search_term_string"}],"inLanguage":"ca"},{"@type":"Organization","@id":"https:\/\/www.cofb.org\/#organization","name":"Col\u00b7legi de Farmac\u00e8utics de Barcelona","url":"https:\/\/www.cofb.org\/","logo":{"@type":"ImageObject","inLanguage":"ca","@id":"https:\/\/www.cofb.org\/#\/schema\/logo\/image\/","url":"https:\/\/www.cofb.org\/wp-content\/uploads\/2023\/11\/cropped-Logotip-COFB.png","contentUrl":"https:\/\/www.cofb.org\/wp-content\/uploads\/2023\/11\/cropped-Logotip-COFB.png","width":500,"height":105,"caption":"Col\u00b7legi de Farmac\u00e8utics de Barcelona"},"image":{"@id":"https:\/\/www.cofb.org\/#\/schema\/logo\/image\/"},"sameAs":["https:\/\/www.facebook.com\/farmaceuticsbcn\/","https:\/\/twitter.com\/farmaceuticsbcn","https:\/\/www.instagram.com\/farmaceuticsbcn\/","https:\/\/www.linkedin.com\/company\/farmaceuticsbcn\/"]},{"@type":"Person","@id":"https:\/\/www.cofb.org\/#\/schema\/person\/22ed7eea88da74b0fa4d3154ad87ffcb","name":"wpAdminCofbOrg","image":{"@type":"ImageObject","inLanguage":"ca","@id":"https:\/\/www.cofb.org\/#\/schema\/person\/image\/","url":"https:\/\/secure.gravatar.com\/avatar\/1721b20b3b8ca882c3b56ec6c978c594fff670e40c0718e9190eaeeb76aae7d8?s=96&d=mm&r=g","contentUrl":"https:\/\/secure.gravatar.com\/avatar\/1721b20b3b8ca882c3b56ec6c978c594fff670e40c0718e9190eaeeb76aae7d8?s=96&d=mm&r=g","caption":"wpAdminCofbOrg"},"sameAs":["http:\/\/192.168.64.122\/wordpress"],"url":"https:\/\/www.cofb.org\/ca\/author\/wpadmincofborg\/"}]}},"uagb_featured_image_src":{"full":["https:\/\/www.cofb.org\/wp-content\/uploads\/2024\/03\/7c8178bc-da9a-450a-9394-a8c9d120e720-gFGGi4-scaled.jpeg",2560,1707,false],"thumbnail":["https:\/\/www.cofb.org\/wp-content\/uploads\/2024\/03\/7c8178bc-da9a-450a-9394-a8c9d120e720-gFGGi4-150x150.jpeg",150,150,true],"medium":["https:\/\/www.cofb.org\/wp-content\/uploads\/2024\/03\/7c8178bc-da9a-450a-9394-a8c9d120e720-gFGGi4-300x200.jpeg",300,200,true],"medium_large":["https:\/\/www.cofb.org\/wp-content\/uploads\/2024\/03\/7c8178bc-da9a-450a-9394-a8c9d120e720-gFGGi4-768x512.jpeg",768,512,true],"large":["https:\/\/www.cofb.org\/wp-content\/uploads\/2024\/03\/7c8178bc-da9a-450a-9394-a8c9d120e720-gFGGi4-1024x683.jpeg",1024,683,true],"1536x1536":["https:\/\/www.cofb.org\/wp-content\/uploads\/2024\/03\/7c8178bc-da9a-450a-9394-a8c9d120e720-gFGGi4-1536x1024.jpeg",1536,1024,true],"2048x2048":["https:\/\/www.cofb.org\/wp-content\/uploads\/2024\/03\/7c8178bc-da9a-450a-9394-a8c9d120e720-gFGGi4-2048x1365.jpeg",2048,1365,true],"trp-custom-language-flag":["https:\/\/www.cofb.org\/wp-content\/uploads\/2024\/03\/7c8178bc-da9a-450a-9394-a8c9d120e720-gFGGi4-18x12.jpeg",18,12,true]},"uagb_author_info":{"display_name":"wpAdminCofbOrg","author_link":"https:\/\/www.cofb.org\/ca\/author\/wpadmincofborg\/"},"uagb_comment_info":0,"uagb_excerpt":"\u00a0 El Colegio Oficial de Farmac\u00e9uticos de Madrid colabora con el Ayuntamiento de la capital para impulsar el papel del farmac\u00e9utico en la identificaci\u00f3n temprana de la depresi\u00f3n M\u00e1s de 276.400 personas mayores viven solas en su domicilio en la Comunidad de Madrid Es un problema transversal que afecta tambi\u00e9n [&hellip;]","_links":{"self":[{"href":"https:\/\/www.cofb.org\/ca\/wp-json\/wp\/v2\/posts\/77859","targetHints":{"allow":["GET"]}}],"collection":[{"href":"https:\/\/www.cofb.org\/ca\/wp-json\/wp\/v2\/posts"}],"about":[{"href":"https:\/\/www.cofb.org\/ca\/wp-json\/wp\/v2\/types\/post"}],"author":[{"embeddable":true,"href":"https:\/\/www.cofb.org\/ca\/wp-json\/wp\/v2\/users\/1"}],"replies":[{"embeddable":true,"href":"https:\/\/www.cofb.org\/ca\/wp-json\/wp\/v2\/comments?post=77859"}],"version-history":[{"count":2,"href":"https:\/\/www.cofb.org\/ca\/wp-json\/wp\/v2\/posts\/77859\/revisions"}],"predecessor-version":[{"id":78081,"href":"https:\/\/www.cofb.org\/ca\/wp-json\/wp\/v2\/posts\/77859\/revisions\/78081"}],"wp:featuredmedia":[{"embeddable":true,"href":"https:\/\/www.cofb.org\/ca\/wp-json\/wp\/v2\/media\/77860"}],"wp:attachment":[{"href":"https:\/\/www.cofb.org\/ca\/wp-json\/wp\/v2\/media?parent=77859"}],"wp:term":[{"taxonomy":"category","embeddable":true,"href":"https:\/\/www.cofb.org\/ca\/wp-json\/wp\/v2\/categories?post=77859"},{"taxonomy":"post_tag","embeddable":true,"href":"https:\/\/www.cofb.org\/ca\/wp-json\/wp\/v2\/tags?post=77859"}],"curies":[{"name":"wp","href":"https:\/\/api.w.org\/{rel}","templated":true}]}}