{"id":77806,"date":"2024-03-20T15:01:00","date_gmt":"2024-03-20T13:01:00","guid":{"rendered":"https:\/\/blog.cofb.cat\/?p=68700"},"modified":"2024-04-05T09:37:19","modified_gmt":"2024-04-05T09:37:19","slug":"farmaceutics-i-farmaceutiques-comunitaries-aprofundeixen-en-les-insulines-i-el-maneig-dels-dispositius-dadministracio","status":"publish","type":"post","link":"https:\/\/www.cofb.org\/ca\/2024\/03\/20\/farmaceutics-i-farmaceutiques-comunitaries-aprofundeixen-en-les-insulines-i-el-maneig-dels-dispositius-dadministracio\/","title":{"rendered":"Farmac\u00e8utics i farmac\u00e8utiques comunit\u00e0ries aprofundeixen en les insulines i el maneig dels dispositius d\u2019administraci\u00f3"},"content":{"rendered":"\n<p>El passat 27 de febrer, el <strong>Col\u00b7legi de Farmac\u00e8utics de Barcelona (COFB) <\/strong>va organitzar la formaci\u00f3 <strong>\u201cInsulines i dispositius d\u2019administraci\u00f3\u201d <\/strong>amb el patrocini de <a href=\"https:\/\/www.novonordisk.es\/\" target=\"_blank\" rel=\"noreferrer noopener\">Novo Nordisk<\/a>. La sessi\u00f3, dirigida a farmac\u00e8utics i farmac\u00e8utiques de farm\u00e0cia comunit\u00e0ria, va anar a c\u00e0rrec de <strong>Cristina Lucas<\/strong>, farmac\u00e8utica comunit\u00e0ria, experta en atenci\u00f3 farmac\u00e8utica i farm\u00e0cia assistencial i fundadora de Farmaval.<\/p>\n\n\n\n<figure class=\"wp-block-image size-large\"><a href=\"https:\/\/blog.cofb.cat\/wp-content\/uploads\/2024\/03\/COFB_INSULINES_12032024_1-scaled.jpg\" target=\"_blank\" rel=\"noopener\"><img decoding=\"async\" src=\"https:\/\/blog.cofb.cat\/wp-content\/uploads\/2024\/03\/COFB_INSULINES_12032024_1-1024x536.jpg\" alt=\"Cristina Lucas presentant la formaci\u00f3 \u201cInsulines i dispositius d\u2019administraci\u00f3\u201d.\" class=\"wp-image-68705\" title=\"Cristina Lucas presentant la formaci\u00f3 \u201cInsulines i dispositius d\u2019administraci\u00f3\u201d.\"\/><\/a><figcaption>Cristina Lucas presentant la formaci\u00f3 \u201cInsulines i dispositius d\u2019administraci\u00f3\u201d.<\/figcaption><\/figure>\n\n\n\n<p>Els <strong>objectius<\/strong> de la formaci\u00f3 van ser <strong>obtenir una visi\u00f3 actualitzada de les insulines disponibles<\/strong> i del <strong>maneig dels diferents dispositius<\/strong>, <strong>con\u00e8ixer<\/strong> les <strong>caracter\u00edstiques dels dispositius<\/strong>, <strong>adquirir seguretat i confian\u00e7a per assolir una atenci\u00f3 farmac\u00e8utica de qualitat<\/strong> i saber <strong>intervenir adequadament<\/strong> i donar <strong>valor en cada dispensaci\u00f3<\/strong>.<\/p>\n\n\n\n<p>\u201c<strong>En pacients diab\u00e8tics hi ha un m\u00f3n de necessitats no cobertes que nosaltres, com a experts en medicaments sanitaris, ens toca assumir, ja que som els \u00fanics que ho podem resoldre<\/strong>\u201d, va assegurar Cristina Lucas durant la presentaci\u00f3 de la formaci\u00f3. Per iniciar la sessi\u00f3, la farmac\u00e8utica va explicar algunes generalitats sobre la diabetis, que <strong>\u201c\u00e9s una malaltia metab\u00f2lica que genera un augment de glucosa, que es tradueix en un augment de la gluc\u00e8mia de manera cr\u00f2nica. La diabetis implica una hormona, que \u00e9s la insulina, que segreguen les c\u00e8l\u00b7lules beta del p\u00e0ncrees\u201d<\/strong>. Pel que fa a la <strong>funci\u00f3 de la insulina<\/strong>, Lucas va concretar que \u201c<strong>facilita<\/strong>, de manera general, <strong>l\u2019entrada de glucosa a les c\u00e8l\u00b7lules<\/strong> perqu\u00e8 aquestes la puguin utilitzar i <strong>convertir en energia<\/strong>\u201d. En refer\u00e8ncia al <strong>control <\/strong>d\u2019aquesta patologia, la farmac\u00e8utica va comentar que hi ha fins a <strong>42 variables que poden descontrolar aquesta malaltia<\/strong> com l\u2019exercici f\u00edsic, els canvis diet\u00e8tics, els viatges, l\u2019estr\u00e8s, la temperatura corporal, la ingesta d\u2019alcohol, entre altres.<\/p>\n\n\n\n<p>A continuaci\u00f3, va especificar la <strong>tipologia de pacients que acudeixen a la farm\u00e0cia a retirar insulina<\/strong>: pacients amb diabetis tipus 1, amb l\u2019hemoglobina glicada per sobre de nou, pacients que han fracassat amb altres antidiab\u00e8tics, en embar\u00e0s, en descompensacions hipergluc\u00e8miques o per malalties intercurrents, entre els m\u00e9s habituals.<\/p>\n\n\n\n<h2 class=\"wp-block-heading\"><strong>Classificaci\u00f3 de les insulines, conservaci\u00f3 i t\u00e8cniques d\u2019injecci\u00f3<\/strong><\/h2>\n\n\n\n<p>Per <strong>classificar la gran varietat d\u2019insulines<\/strong>, la farmac\u00e8utica comunit\u00e0ria va <strong>diferenciar-les segons<\/strong> l\u2019<strong>estructura <\/strong>(humana o an\u00e0legs), els <strong>perfils farmacocin\u00e8tics<\/strong> (r\u00e0pida, interm\u00e8dia, perllongada o barreges) i els <strong>dispositius d\u2019administraci\u00f3<\/strong> (vials, cartutx, plomes, <em>smart pen<\/em>, bomba infusi\u00f3, etc.). Pel que fa a la <strong>conversaci\u00f3<\/strong>, va recomanar mantenir entre 2 \u00b0C &nbsp;i 8 \u00b0C &nbsp;a la nevera les <strong>no encetades<\/strong> i a temperatura ambient fins a 28 \u00b0C, m\u00e0xim de quatre a vuit setmanes (segons la fitxa t\u00e8cnica), <strong>les encetades<\/strong>. Tanmateix, va indicar no congelar-les i controlar la llum i la calor directe.<\/p>\n\n\n\n<figure class=\"wp-block-image size-large\"><a href=\"https:\/\/blog.cofb.cat\/wp-content\/uploads\/2024\/03\/COFB_INSULINES_12032024_2-scaled.jpg\" target=\"_blank\" rel=\"noopener\"><img decoding=\"async\" src=\"https:\/\/blog.cofb.cat\/wp-content\/uploads\/2024\/03\/COFB_INSULINES_12032024_2-1024x590.jpg\" alt=\"La farmac\u00e8utica comunit\u00e0ria en un moment de la seva intervenci\u00f3. \" class=\"wp-image-68706\" title=\"La farmac\u00e8utica comunit\u00e0ria en un moment de la seva intervenci\u00f3. \"\/><\/a><figcaption>La farmac\u00e8utica comunit\u00e0ria en un moment de la seva intervenci\u00f3. <\/figcaption><\/figure>\n\n\n\n<p>En relaci\u00f3 amb les <strong>agulles d\u2019insulina<\/strong>, Lucas va mostrar com posar-les i va aconsellar fer-ne un sol \u00fas, ja que reutilitzar-les pot comportar conseq\u00fc\u00e8ncies (deformaci\u00f3, risc d\u2019infecci\u00f3, restes solidificables). Seguidament, va detallar les <strong>t\u00e8cniques d\u2019injecci\u00f3<\/strong>, aix\u00ed com les <strong>recomanacions pr\u00e8vies a la injecci\u00f3<\/strong>, la <strong>selecci\u00f3 de la dosi<\/strong>, la <strong>purga de la nova ploma<\/strong>, la <strong>punci\u00f3<\/strong>, <strong>l\u2019administraci\u00f3 de la dosi<\/strong> i les <strong>zones de punci\u00f3<\/strong> (bra\u00e7os, cuixes, abdomen, natges).<\/p>\n\n\n\n<p>Per altra banda, la farmac\u00e8utica va classificar els dispositius d\u2019insulina entre: les <strong>plomes d\u2019un sol \u00fas <\/strong>(Flexpen, Innolet, Solostar, Kwikpen i Flextouch); les <strong>plomes amb cartutx<\/strong> (Novopen 6, Echo PLUS i Juniostar); i els <strong>cartutxos<\/strong> (Novorapid, Fiasp, Lantus, Apidra, entre altres). De cadascun va repassar les <strong>caracter\u00edstiques principals<\/strong>, aix\u00ed <strong>com fer-ne \u00fas a la pr\u00e0ctica<\/strong>. Aix\u00ed mateix, tamb\u00e9 va referenciar altres plomes amb antidiab\u00e8tics com l\u2019Ozempic, el Victoza, el Saxenda, el Trulicity i el Lyxumia.<\/p>\n\n\n\n<h2 class=\"wp-block-heading\"><strong>Dispensacions d\u2019insulines i dispositius d\u2019administraci\u00f3 a la farm\u00e0cia comunit\u00e0ria<\/strong><\/h2>\n\n\n\n<p>En darrer lloc, la farmac\u00e8utica va abordar les <strong>aplicacions al taulell<\/strong> en relaci\u00f3 amb les <strong>dispensacions d\u2019insulina<\/strong> i els <strong>dispositius d\u2019administraci\u00f3 <\/strong>a la farm\u00e0cia comunit\u00e0ria. Per fer-ho, va recordar que \u00e9s important saber des de quan es punxa el pacient, explicar com fer \u00fas de les plomes, con\u00e8ixer si el pacient presenta lipohiperdistr\u00f2fies o lipoatr\u00f2fies i les agulles que utilitza. Alhora, va posar \u00e8mfasi en la import\u00e0ncia de l\u2019<strong>educaci\u00f3 sanit\u00e0ria <\/strong>sobre com utilitzar el glucag\u00f3 o com conservar la insulina.<\/p>\n\n\n\n<p><strong>\u201cEl cost directe total anual de la diabetis mellitus representa un 8,2% de la despesa sanit\u00e0ria total\u201d<\/strong>, va assegurar Cristina Lucas, tot posant en relleu de la import\u00e0ncia de passar a l\u2019acci\u00f3.<\/p>\n\n\n\n<p class=\"has-text-align-right\"><strong>Amb el patrocini de:<\/strong><\/p>\n\n\n\n<div class=\"wp-block-image\"><figure class=\"alignright size-medium is-resized\"><a href=\"https:\/\/www.novonordisk.es\/\" target=\"_blank\" rel=\"noopener\"><img decoding=\"async\" src=\"https:\/\/blog.cofb.cat\/wp-content\/uploads\/2024\/03\/NOVO-NORDISK_logo_transparent-300x218.png\" alt=\"\" class=\"wp-image-68701\" width=\"161\" height=\"117\"\/><\/a><\/figure><\/div>\n\n\n\n<p><\/p>\n\n\n\n<p><\/p>\n\n\n\n<p><\/p>\n\n\n\n<p><\/p>\n\n\n\n<p><strong>Altres publicacions d\u2019inter\u00e8s:<\/strong><\/p>\n\n\n\n<ul class=\"wp-block-list\"><li><a href=\"https:\/\/blog.cofb.cat\/blog\/2023\/03\/22\/farmaceutics-comunitaris-sactualitzen-al-cofb-en-el-maneig-de-dispositius-dadministracio-dinsulines\/\" target=\"_blank\" rel=\"noreferrer noopener\">Farmac\u00e8utics comunitaris s\u2019actualitzen al COFB en el maneig de dispositius d\u2019administraci\u00f3 d\u2019insulines (Mar\u00e7 2023)<\/a><\/li><li><a href=\"https:\/\/blog.cofb.cat\/blog\/2019\/11\/14\/nou-projecte-centrat-latencio-farmaceutica-davant-primeres-dispensacions\/\" target=\"_blank\" rel=\"noreferrer noopener\">Nou projecte centrat en l\u2019atenci\u00f3 farmac\u00e8utica davant primeres dispensacions (Novembre 2019)<\/a><\/li><li><a href=\"https:\/\/blog.cofb.cat\/blog\/2018\/04\/10\/campanya-atenciodiabetis-present-diabetes-experience-day\/\" target=\"_blank\" rel=\"noreferrer noopener\">La campanya #Atenci\u00f3Diabetis present al Diabetes Experience Day (Abril 2018)<\/a><\/li><\/ul>\n","protected":false},"excerpt":{"rendered":"<p>El passat 27 de febrer, el Col\u00b7legi de Farmac\u00e8utics de Barcelona (COFB) va organitzar la formaci\u00f3 \u201cInsulines i dispositius d\u2019administraci\u00f3\u201d amb el patrocini de Novo Nordisk. La sessi\u00f3, dirigida a farmac\u00e8utics i farmac\u00e8utiques de farm\u00e0cia comunit\u00e0ria, va anar a c\u00e0rrec de Cristina Lucas, farmac\u00e8utica comunit\u00e0ria, experta en atenci\u00f3 farmac\u00e8utica i [&hellip;]<\/p>\n","protected":false},"author":1,"featured_media":77829,"comment_status":"open","ping_status":"open","sticky":false,"template":"","format":"standard","meta":{"_uag_custom_page_level_css":"","site-sidebar-layout":"default","site-content-layout":"","ast-site-content-layout":"default","site-content-style":"default","site-sidebar-style":"default","ast-global-header-display":"","ast-banner-title-visibility":"","ast-main-header-display":"","ast-hfb-above-header-display":"","ast-hfb-below-header-display":"","ast-hfb-mobile-header-display":"","site-post-title":"","ast-breadcrumbs-content":"","ast-featured-img":"disabled","footer-sml-layout":"","theme-transparent-header-meta":"","adv-header-id-meta":"","stick-header-meta":"","header-above-stick-meta":"","header-main-stick-meta":"","header-below-stick-meta":"","astra-migrate-meta-layouts":"set","ast-page-background-enabled":"default","ast-page-background-meta":{"desktop":{"background-color":"var(--ast-global-color-4)","background-image":"","background-repeat":"repeat","background-position":"center center","background-size":"auto","background-attachment":"scroll","background-type":"","background-media":"","overlay-type":"","overlay-color":"","overlay-opacity":"","overlay-gradient":""},"tablet":{"background-color":"","background-image":"","background-repeat":"repeat","background-position":"center center","background-size":"auto","background-attachment":"scroll","background-type":"","background-media":"","overlay-type":"","overlay-color":"","overlay-opacity":"","overlay-gradient":""},"mobile":{"background-color":"","background-image":"","background-repeat":"repeat","background-position":"center center","background-size":"auto","background-attachment":"scroll","background-type":"","background-media":"","overlay-type":"","overlay-color":"","overlay-opacity":"","overlay-gradient":""}},"ast-content-background-meta":{"desktop":{"background-color":"var(--ast-global-color-5)","background-image":"","background-repeat":"repeat","background-position":"center center","background-size":"auto","background-attachment":"scroll","background-type":"","background-media":"","overlay-type":"","overlay-color":"","overlay-opacity":"","overlay-gradient":""},"tablet":{"background-color":"var(--ast-global-color-5)","background-image":"","background-repeat":"repeat","background-position":"center center","background-size":"auto","background-attachment":"scroll","background-type":"","background-media":"","overlay-type":"","overlay-color":"","overlay-opacity":"","overlay-gradient":""},"mobile":{"background-color":"var(--ast-global-color-5)","background-image":"","background-repeat":"repeat","background-position":"center center","background-size":"auto","background-attachment":"scroll","background-type":"","background-media":"","overlay-type":"","overlay-color":"","overlay-opacity":"","overlay-gradient":""}},"footnotes":""},"categories":[23,57],"tags":[64,4961,18,19,197,312,53,24,171,69,70,3209,300,200,201,2397,4962],"class_list":["post-77806","post","type-post","status-publish","format-standard","has-post-thumbnail","hentry","category-destacats","category-mon-collegial","tag-atencio-farmaceutica","tag-cartutx","tag-cofb","tag-collegi-de-farmaceutics-de-barcelona","tag-diabetis","tag-educacio-sanitaria","tag-farmaceutics","tag-farmaceutics-comunitaris","tag-farmaceutiques","tag-farmacia-comunitaria","tag-formacio","tag-formacio-cofb","tag-formacio-continuada","tag-glucemia","tag-glucosa","tag-insulina","tag-ploma"],"yoast_head":"<!-- This site is optimized with the Yoast SEO plugin v22.4 - https:\/\/yoast.com\/wordpress\/plugins\/seo\/ -->\n<title>Farmac\u00e8utics i farmac\u00e8utiques comunit\u00e0ries aprofundeixen en les insulines i el maneig dels dispositius d\u2019administraci\u00f3 - Col\u00b7legi de Farmac\u00e8utics de Barcelona<\/title>\n<meta name=\"description\" content=\"El passat 27 de febrer, el COFB va organitzar la formaci\u00f3 \u201cInsulines i dispositius d\u2019administraci\u00f3\u201d amb el patrocini de Novo Nordisk.\" \/>\n<meta name=\"robots\" content=\"index, follow, max-snippet:-1, max-image-preview:large, max-video-preview:-1\" \/>\n<link rel=\"canonical\" href=\"https:\/\/novaorg.cofb.net\/2024\/03\/20\/farmaceutics-i-farmaceutiques-comunitaries-aprofundeixen-en-les-insulines-i-el-maneig-dels-dispositius-dadministracio\/\" \/>\n<meta property=\"og:locale\" content=\"ca_ES\" \/>\n<meta property=\"og:type\" content=\"article\" \/>\n<meta property=\"og:title\" content=\"Farmac\u00e8utics i farmac\u00e8utiques comunit\u00e0ries aprofundeixen en les insulines i el maneig dels dispositius d\u2019administraci\u00f3 - Col\u00b7legi de Farmac\u00e8utics de Barcelona\" \/>\n<meta property=\"og:description\" content=\"El passat 27 de febrer, el COFB va organitzar la formaci\u00f3 \u201cInsulines i dispositius d\u2019administraci\u00f3\u201d amb el patrocini de Novo Nordisk.\" \/>\n<meta property=\"og:url\" content=\"https:\/\/novaorg.cofb.net\/2024\/03\/20\/farmaceutics-i-farmaceutiques-comunitaries-aprofundeixen-en-les-insulines-i-el-maneig-dels-dispositius-dadministracio\/\" \/>\n<meta property=\"og:site_name\" content=\"Col\u00b7legi de Farmac\u00e8utics de Barcelona\" \/>\n<meta property=\"article:publisher\" content=\"https:\/\/www.facebook.com\/farmaceuticsbcn\/\" \/>\n<meta property=\"article:published_time\" content=\"2024-03-20T13:01:00+00:00\" \/>\n<meta property=\"article:modified_time\" content=\"2024-04-05T09:37:19+00:00\" \/>\n<meta property=\"og:image\" content=\"https:\/\/novaorg.cofb.net\/wp-content\/uploads\/2024\/03\/COFB_INSULINES_12032024_1-1024x536-1.jpg\" \/>\n\t<meta property=\"og:image:width\" content=\"1024\" \/>\n\t<meta property=\"og:image:height\" content=\"536\" \/>\n\t<meta property=\"og:image:type\" content=\"image\/jpeg\" \/>\n<meta name=\"author\" content=\"wpAdminCofbOrg\" \/>\n<meta name=\"twitter:card\" content=\"summary_large_image\" \/>\n<meta name=\"twitter:creator\" content=\"@farmaceuticsbcn\" \/>\n<meta name=\"twitter:site\" content=\"@farmaceuticsbcn\" \/>\n<meta name=\"twitter:label1\" content=\"Escrit per\" \/>\n\t<meta name=\"twitter:data1\" content=\"wpAdminCofbOrg\" \/>\n\t<meta name=\"twitter:label2\" content=\"Temps estimat de lectura\" \/>\n\t<meta name=\"twitter:data2\" content=\"5 minuts\" \/>\n<script type=\"application\/ld+json\" class=\"yoast-schema-graph\">{\"@context\":\"https:\/\/schema.org\",\"@graph\":[{\"@type\":\"Article\",\"@id\":\"https:\/\/novaorg.cofb.net\/2024\/03\/20\/farmaceutics-i-farmaceutiques-comunitaries-aprofundeixen-en-les-insulines-i-el-maneig-dels-dispositius-dadministracio\/#article\",\"isPartOf\":{\"@id\":\"https:\/\/novaorg.cofb.net\/2024\/03\/20\/farmaceutics-i-farmaceutiques-comunitaries-aprofundeixen-en-les-insulines-i-el-maneig-dels-dispositius-dadministracio\/\"},\"author\":{\"name\":\"wpAdminCofbOrg\",\"@id\":\"https:\/\/www.cofb.org\/#\/schema\/person\/22ed7eea88da74b0fa4d3154ad87ffcb\"},\"headline\":\"Farmac\u00e8utics i farmac\u00e8utiques comunit\u00e0ries aprofundeixen en les insulines i el maneig dels dispositius d\u2019administraci\u00f3\",\"datePublished\":\"2024-03-20T13:01:00+00:00\",\"dateModified\":\"2024-04-05T09:37:19+00:00\",\"mainEntityOfPage\":{\"@id\":\"https:\/\/novaorg.cofb.net\/2024\/03\/20\/farmaceutics-i-farmaceutiques-comunitaries-aprofundeixen-en-les-insulines-i-el-maneig-dels-dispositius-dadministracio\/\"},\"wordCount\":849,\"commentCount\":0,\"publisher\":{\"@id\":\"https:\/\/www.cofb.org\/#organization\"},\"image\":{\"@id\":\"https:\/\/novaorg.cofb.net\/2024\/03\/20\/farmaceutics-i-farmaceutiques-comunitaries-aprofundeixen-en-les-insulines-i-el-maneig-dels-dispositius-dadministracio\/#primaryimage\"},\"thumbnailUrl\":\"https:\/\/www.cofb.org\/wp-content\/uploads\/2024\/03\/COFB_INSULINES_12032024_1-1024x536-1.jpg\",\"keywords\":[\"Atenci\u00f3 farmac\u00e8utica\",\"cartutx\",\"COFB\",\"Col\u00b7legi de Farmac\u00e8utics de Barcelona\",\"diabetis\",\"educaci\u00f3 sanit\u00e0ria\",\"farmac\u00e8utics\",\"farmac\u00e8utics comunitaris\",\"farmac\u00e8utiques\",\"farm\u00e0cia comunit\u00e0ria\",\"Formaci\u00f3\",\"formacio cofb\",\"formaci\u00f3 continuada\",\"gluc\u00e8mia\",\"glucosa\",\"insulina\",\"ploma\"],\"articleSection\":[\"Destacats\",\"M\u00f3n col\u00b7legial\"],\"inLanguage\":\"ca\",\"potentialAction\":[{\"@type\":\"CommentAction\",\"name\":\"Comment\",\"target\":[\"https:\/\/novaorg.cofb.net\/2024\/03\/20\/farmaceutics-i-farmaceutiques-comunitaries-aprofundeixen-en-les-insulines-i-el-maneig-dels-dispositius-dadministracio\/#respond\"]}]},{\"@type\":\"WebPage\",\"@id\":\"https:\/\/novaorg.cofb.net\/2024\/03\/20\/farmaceutics-i-farmaceutiques-comunitaries-aprofundeixen-en-les-insulines-i-el-maneig-dels-dispositius-dadministracio\/\",\"url\":\"https:\/\/novaorg.cofb.net\/2024\/03\/20\/farmaceutics-i-farmaceutiques-comunitaries-aprofundeixen-en-les-insulines-i-el-maneig-dels-dispositius-dadministracio\/\",\"name\":\"Farmac\u00e8utics i farmac\u00e8utiques comunit\u00e0ries aprofundeixen en les insulines i el maneig dels dispositius d\u2019administraci\u00f3 - Col\u00b7legi de Farmac\u00e8utics de Barcelona\",\"isPartOf\":{\"@id\":\"https:\/\/www.cofb.org\/#website\"},\"primaryImageOfPage\":{\"@id\":\"https:\/\/novaorg.cofb.net\/2024\/03\/20\/farmaceutics-i-farmaceutiques-comunitaries-aprofundeixen-en-les-insulines-i-el-maneig-dels-dispositius-dadministracio\/#primaryimage\"},\"image\":{\"@id\":\"https:\/\/novaorg.cofb.net\/2024\/03\/20\/farmaceutics-i-farmaceutiques-comunitaries-aprofundeixen-en-les-insulines-i-el-maneig-dels-dispositius-dadministracio\/#primaryimage\"},\"thumbnailUrl\":\"https:\/\/www.cofb.org\/wp-content\/uploads\/2024\/03\/COFB_INSULINES_12032024_1-1024x536-1.jpg\",\"datePublished\":\"2024-03-20T13:01:00+00:00\",\"dateModified\":\"2024-04-05T09:37:19+00:00\",\"description\":\"El passat 27 de febrer, el COFB va organitzar la formaci\u00f3 \u201cInsulines i dispositius d\u2019administraci\u00f3\u201d amb el patrocini de Novo Nordisk.\",\"breadcrumb\":{\"@id\":\"https:\/\/novaorg.cofb.net\/2024\/03\/20\/farmaceutics-i-farmaceutiques-comunitaries-aprofundeixen-en-les-insulines-i-el-maneig-dels-dispositius-dadministracio\/#breadcrumb\"},\"inLanguage\":\"ca\",\"potentialAction\":[{\"@type\":\"ReadAction\",\"target\":[\"https:\/\/novaorg.cofb.net\/2024\/03\/20\/farmaceutics-i-farmaceutiques-comunitaries-aprofundeixen-en-les-insulines-i-el-maneig-dels-dispositius-dadministracio\/\"]}]},{\"@type\":\"ImageObject\",\"inLanguage\":\"ca\",\"@id\":\"https:\/\/novaorg.cofb.net\/2024\/03\/20\/farmaceutics-i-farmaceutiques-comunitaries-aprofundeixen-en-les-insulines-i-el-maneig-dels-dispositius-dadministracio\/#primaryimage\",\"url\":\"https:\/\/www.cofb.org\/wp-content\/uploads\/2024\/03\/COFB_INSULINES_12032024_1-1024x536-1.jpg\",\"contentUrl\":\"https:\/\/www.cofb.org\/wp-content\/uploads\/2024\/03\/COFB_INSULINES_12032024_1-1024x536-1.jpg\",\"width\":1024,\"height\":536},{\"@type\":\"BreadcrumbList\",\"@id\":\"https:\/\/novaorg.cofb.net\/2024\/03\/20\/farmaceutics-i-farmaceutiques-comunitaries-aprofundeixen-en-les-insulines-i-el-maneig-dels-dispositius-dadministracio\/#breadcrumb\",\"itemListElement\":[{\"@type\":\"ListItem\",\"position\":1,\"name\":\"Inici\",\"item\":\"https:\/\/novaorg.cofb.net\/\"},{\"@type\":\"ListItem\",\"position\":2,\"name\":\"Farmac\u00e8utics i farmac\u00e8utiques comunit\u00e0ries aprofundeixen en les insulines i el maneig dels dispositius d\u2019administraci\u00f3\"}]},{\"@type\":\"WebSite\",\"@id\":\"https:\/\/www.cofb.org\/#website\",\"url\":\"https:\/\/www.cofb.org\/\",\"name\":\"Col\u00b7legi de Farmac\u00e8utics de Barcelona\",\"description\":\"\",\"publisher\":{\"@id\":\"https:\/\/www.cofb.org\/#organization\"},\"potentialAction\":[{\"@type\":\"SearchAction\",\"target\":{\"@type\":\"EntryPoint\",\"urlTemplate\":\"https:\/\/www.cofb.org\/?s={search_term_string}\"},\"query-input\":\"required name=search_term_string\"}],\"inLanguage\":\"ca\"},{\"@type\":\"Organization\",\"@id\":\"https:\/\/www.cofb.org\/#organization\",\"name\":\"Col\u00b7legi de Farmac\u00e8utics de Barcelona\",\"url\":\"https:\/\/www.cofb.org\/\",\"logo\":{\"@type\":\"ImageObject\",\"inLanguage\":\"ca\",\"@id\":\"https:\/\/www.cofb.org\/#\/schema\/logo\/image\/\",\"url\":\"https:\/\/www.cofb.org\/wp-content\/uploads\/2023\/11\/cropped-Logotip-COFB.png\",\"contentUrl\":\"https:\/\/www.cofb.org\/wp-content\/uploads\/2023\/11\/cropped-Logotip-COFB.png\",\"width\":500,\"height\":105,\"caption\":\"Col\u00b7legi de Farmac\u00e8utics de Barcelona\"},\"image\":{\"@id\":\"https:\/\/www.cofb.org\/#\/schema\/logo\/image\/\"},\"sameAs\":[\"https:\/\/www.facebook.com\/farmaceuticsbcn\/\",\"https:\/\/twitter.com\/farmaceuticsbcn\",\"https:\/\/www.instagram.com\/farmaceuticsbcn\/\",\"https:\/\/www.linkedin.com\/company\/farmaceuticsbcn\/\"]},{\"@type\":\"Person\",\"@id\":\"https:\/\/www.cofb.org\/#\/schema\/person\/22ed7eea88da74b0fa4d3154ad87ffcb\",\"name\":\"wpAdminCofbOrg\",\"image\":{\"@type\":\"ImageObject\",\"inLanguage\":\"ca\",\"@id\":\"https:\/\/www.cofb.org\/#\/schema\/person\/image\/\",\"url\":\"https:\/\/secure.gravatar.com\/avatar\/1721b20b3b8ca882c3b56ec6c978c594fff670e40c0718e9190eaeeb76aae7d8?s=96&d=mm&r=g\",\"contentUrl\":\"https:\/\/secure.gravatar.com\/avatar\/1721b20b3b8ca882c3b56ec6c978c594fff670e40c0718e9190eaeeb76aae7d8?s=96&d=mm&r=g\",\"caption\":\"wpAdminCofbOrg\"},\"sameAs\":[\"http:\/\/192.168.64.122\/wordpress\"],\"url\":\"https:\/\/www.cofb.org\/ca\/author\/wpadmincofborg\/\"}]}<\/script>\n<!-- \/ Yoast SEO plugin. -->","yoast_head_json":{"title":"Farmac\u00e8utics i farmac\u00e8utiques comunit\u00e0ries aprofundeixen en les insulines i el maneig dels dispositius d\u2019administraci\u00f3 - Col\u00b7legi de Farmac\u00e8utics de Barcelona","description":"El passat 27 de febrer, el COFB va organitzar la formaci\u00f3 \u201cInsulines i dispositius d\u2019administraci\u00f3\u201d amb el patrocini de Novo Nordisk.","robots":{"index":"index","follow":"follow","max-snippet":"max-snippet:-1","max-image-preview":"max-image-preview:large","max-video-preview":"max-video-preview:-1"},"canonical":"https:\/\/novaorg.cofb.net\/2024\/03\/20\/farmaceutics-i-farmaceutiques-comunitaries-aprofundeixen-en-les-insulines-i-el-maneig-dels-dispositius-dadministracio\/","og_locale":"ca_ES","og_type":"article","og_title":"Farmac\u00e8utics i farmac\u00e8utiques comunit\u00e0ries aprofundeixen en les insulines i el maneig dels dispositius d\u2019administraci\u00f3 - Col\u00b7legi de Farmac\u00e8utics de Barcelona","og_description":"El passat 27 de febrer, el COFB va organitzar la formaci\u00f3 \u201cInsulines i dispositius d\u2019administraci\u00f3\u201d amb el patrocini de Novo Nordisk.","og_url":"https:\/\/novaorg.cofb.net\/2024\/03\/20\/farmaceutics-i-farmaceutiques-comunitaries-aprofundeixen-en-les-insulines-i-el-maneig-dels-dispositius-dadministracio\/","og_site_name":"Col\u00b7legi de Farmac\u00e8utics de Barcelona","article_publisher":"https:\/\/www.facebook.com\/farmaceuticsbcn\/","article_published_time":"2024-03-20T13:01:00+00:00","article_modified_time":"2024-04-05T09:37:19+00:00","og_image":[{"width":1024,"height":536,"url":"https:\/\/novaorg.cofb.net\/wp-content\/uploads\/2024\/03\/COFB_INSULINES_12032024_1-1024x536-1.jpg","type":"image\/jpeg"}],"author":"wpAdminCofbOrg","twitter_card":"summary_large_image","twitter_creator":"@farmaceuticsbcn","twitter_site":"@farmaceuticsbcn","twitter_misc":{"Escrit per":"wpAdminCofbOrg","Temps estimat de lectura":"5 minuts"},"schema":{"@context":"https:\/\/schema.org","@graph":[{"@type":"Article","@id":"https:\/\/novaorg.cofb.net\/2024\/03\/20\/farmaceutics-i-farmaceutiques-comunitaries-aprofundeixen-en-les-insulines-i-el-maneig-dels-dispositius-dadministracio\/#article","isPartOf":{"@id":"https:\/\/novaorg.cofb.net\/2024\/03\/20\/farmaceutics-i-farmaceutiques-comunitaries-aprofundeixen-en-les-insulines-i-el-maneig-dels-dispositius-dadministracio\/"},"author":{"name":"wpAdminCofbOrg","@id":"https:\/\/www.cofb.org\/#\/schema\/person\/22ed7eea88da74b0fa4d3154ad87ffcb"},"headline":"Farmac\u00e8utics i farmac\u00e8utiques comunit\u00e0ries aprofundeixen en les insulines i el maneig dels dispositius d\u2019administraci\u00f3","datePublished":"2024-03-20T13:01:00+00:00","dateModified":"2024-04-05T09:37:19+00:00","mainEntityOfPage":{"@id":"https:\/\/novaorg.cofb.net\/2024\/03\/20\/farmaceutics-i-farmaceutiques-comunitaries-aprofundeixen-en-les-insulines-i-el-maneig-dels-dispositius-dadministracio\/"},"wordCount":849,"commentCount":0,"publisher":{"@id":"https:\/\/www.cofb.org\/#organization"},"image":{"@id":"https:\/\/novaorg.cofb.net\/2024\/03\/20\/farmaceutics-i-farmaceutiques-comunitaries-aprofundeixen-en-les-insulines-i-el-maneig-dels-dispositius-dadministracio\/#primaryimage"},"thumbnailUrl":"https:\/\/www.cofb.org\/wp-content\/uploads\/2024\/03\/COFB_INSULINES_12032024_1-1024x536-1.jpg","keywords":["Atenci\u00f3 farmac\u00e8utica","cartutx","COFB","Col\u00b7legi de Farmac\u00e8utics de Barcelona","diabetis","educaci\u00f3 sanit\u00e0ria","farmac\u00e8utics","farmac\u00e8utics comunitaris","farmac\u00e8utiques","farm\u00e0cia comunit\u00e0ria","Formaci\u00f3","formacio cofb","formaci\u00f3 continuada","gluc\u00e8mia","glucosa","insulina","ploma"],"articleSection":["Destacats","M\u00f3n col\u00b7legial"],"inLanguage":"ca","potentialAction":[{"@type":"CommentAction","name":"Comment","target":["https:\/\/novaorg.cofb.net\/2024\/03\/20\/farmaceutics-i-farmaceutiques-comunitaries-aprofundeixen-en-les-insulines-i-el-maneig-dels-dispositius-dadministracio\/#respond"]}]},{"@type":"WebPage","@id":"https:\/\/novaorg.cofb.net\/2024\/03\/20\/farmaceutics-i-farmaceutiques-comunitaries-aprofundeixen-en-les-insulines-i-el-maneig-dels-dispositius-dadministracio\/","url":"https:\/\/novaorg.cofb.net\/2024\/03\/20\/farmaceutics-i-farmaceutiques-comunitaries-aprofundeixen-en-les-insulines-i-el-maneig-dels-dispositius-dadministracio\/","name":"Farmac\u00e8utics i farmac\u00e8utiques comunit\u00e0ries aprofundeixen en les insulines i el maneig dels dispositius d\u2019administraci\u00f3 - Col\u00b7legi de Farmac\u00e8utics de Barcelona","isPartOf":{"@id":"https:\/\/www.cofb.org\/#website"},"primaryImageOfPage":{"@id":"https:\/\/novaorg.cofb.net\/2024\/03\/20\/farmaceutics-i-farmaceutiques-comunitaries-aprofundeixen-en-les-insulines-i-el-maneig-dels-dispositius-dadministracio\/#primaryimage"},"image":{"@id":"https:\/\/novaorg.cofb.net\/2024\/03\/20\/farmaceutics-i-farmaceutiques-comunitaries-aprofundeixen-en-les-insulines-i-el-maneig-dels-dispositius-dadministracio\/#primaryimage"},"thumbnailUrl":"https:\/\/www.cofb.org\/wp-content\/uploads\/2024\/03\/COFB_INSULINES_12032024_1-1024x536-1.jpg","datePublished":"2024-03-20T13:01:00+00:00","dateModified":"2024-04-05T09:37:19+00:00","description":"El passat 27 de febrer, el COFB va organitzar la formaci\u00f3 \u201cInsulines i dispositius d\u2019administraci\u00f3\u201d amb el patrocini de Novo Nordisk.","breadcrumb":{"@id":"https:\/\/novaorg.cofb.net\/2024\/03\/20\/farmaceutics-i-farmaceutiques-comunitaries-aprofundeixen-en-les-insulines-i-el-maneig-dels-dispositius-dadministracio\/#breadcrumb"},"inLanguage":"ca","potentialAction":[{"@type":"ReadAction","target":["https:\/\/novaorg.cofb.net\/2024\/03\/20\/farmaceutics-i-farmaceutiques-comunitaries-aprofundeixen-en-les-insulines-i-el-maneig-dels-dispositius-dadministracio\/"]}]},{"@type":"ImageObject","inLanguage":"ca","@id":"https:\/\/novaorg.cofb.net\/2024\/03\/20\/farmaceutics-i-farmaceutiques-comunitaries-aprofundeixen-en-les-insulines-i-el-maneig-dels-dispositius-dadministracio\/#primaryimage","url":"https:\/\/www.cofb.org\/wp-content\/uploads\/2024\/03\/COFB_INSULINES_12032024_1-1024x536-1.jpg","contentUrl":"https:\/\/www.cofb.org\/wp-content\/uploads\/2024\/03\/COFB_INSULINES_12032024_1-1024x536-1.jpg","width":1024,"height":536},{"@type":"BreadcrumbList","@id":"https:\/\/novaorg.cofb.net\/2024\/03\/20\/farmaceutics-i-farmaceutiques-comunitaries-aprofundeixen-en-les-insulines-i-el-maneig-dels-dispositius-dadministracio\/#breadcrumb","itemListElement":[{"@type":"ListItem","position":1,"name":"Inici","item":"https:\/\/novaorg.cofb.net\/"},{"@type":"ListItem","position":2,"name":"Farmac\u00e8utics i farmac\u00e8utiques comunit\u00e0ries aprofundeixen en les insulines i el maneig dels dispositius d\u2019administraci\u00f3"}]},{"@type":"WebSite","@id":"https:\/\/www.cofb.org\/#website","url":"https:\/\/www.cofb.org\/","name":"Col\u00b7legi de Farmac\u00e8utics de Barcelona","description":"","publisher":{"@id":"https:\/\/www.cofb.org\/#organization"},"potentialAction":[{"@type":"SearchAction","target":{"@type":"EntryPoint","urlTemplate":"https:\/\/www.cofb.org\/?s={search_term_string}"},"query-input":"required name=search_term_string"}],"inLanguage":"ca"},{"@type":"Organization","@id":"https:\/\/www.cofb.org\/#organization","name":"Col\u00b7legi de Farmac\u00e8utics de Barcelona","url":"https:\/\/www.cofb.org\/","logo":{"@type":"ImageObject","inLanguage":"ca","@id":"https:\/\/www.cofb.org\/#\/schema\/logo\/image\/","url":"https:\/\/www.cofb.org\/wp-content\/uploads\/2023\/11\/cropped-Logotip-COFB.png","contentUrl":"https:\/\/www.cofb.org\/wp-content\/uploads\/2023\/11\/cropped-Logotip-COFB.png","width":500,"height":105,"caption":"Col\u00b7legi de Farmac\u00e8utics de Barcelona"},"image":{"@id":"https:\/\/www.cofb.org\/#\/schema\/logo\/image\/"},"sameAs":["https:\/\/www.facebook.com\/farmaceuticsbcn\/","https:\/\/twitter.com\/farmaceuticsbcn","https:\/\/www.instagram.com\/farmaceuticsbcn\/","https:\/\/www.linkedin.com\/company\/farmaceuticsbcn\/"]},{"@type":"Person","@id":"https:\/\/www.cofb.org\/#\/schema\/person\/22ed7eea88da74b0fa4d3154ad87ffcb","name":"wpAdminCofbOrg","image":{"@type":"ImageObject","inLanguage":"ca","@id":"https:\/\/www.cofb.org\/#\/schema\/person\/image\/","url":"https:\/\/secure.gravatar.com\/avatar\/1721b20b3b8ca882c3b56ec6c978c594fff670e40c0718e9190eaeeb76aae7d8?s=96&d=mm&r=g","contentUrl":"https:\/\/secure.gravatar.com\/avatar\/1721b20b3b8ca882c3b56ec6c978c594fff670e40c0718e9190eaeeb76aae7d8?s=96&d=mm&r=g","caption":"wpAdminCofbOrg"},"sameAs":["http:\/\/192.168.64.122\/wordpress"],"url":"https:\/\/www.cofb.org\/ca\/author\/wpadmincofborg\/"}]}},"uagb_featured_image_src":{"full":["https:\/\/www.cofb.org\/wp-content\/uploads\/2024\/03\/COFB_INSULINES_12032024_1-1024x536-1.jpg",1024,536,false],"thumbnail":["https:\/\/www.cofb.org\/wp-content\/uploads\/2024\/03\/COFB_INSULINES_12032024_1-1024x536-1-150x150.jpg",150,150,true],"medium":["https:\/\/www.cofb.org\/wp-content\/uploads\/2024\/03\/COFB_INSULINES_12032024_1-1024x536-1-300x157.jpg",300,157,true],"medium_large":["https:\/\/www.cofb.org\/wp-content\/uploads\/2024\/03\/COFB_INSULINES_12032024_1-1024x536-1-768x402.jpg",768,402,true],"large":["https:\/\/www.cofb.org\/wp-content\/uploads\/2024\/03\/COFB_INSULINES_12032024_1-1024x536-1.jpg",1024,536,false],"1536x1536":["https:\/\/www.cofb.org\/wp-content\/uploads\/2024\/03\/COFB_INSULINES_12032024_1-1024x536-1.jpg",1024,536,false],"2048x2048":["https:\/\/www.cofb.org\/wp-content\/uploads\/2024\/03\/COFB_INSULINES_12032024_1-1024x536-1.jpg",1024,536,false],"trp-custom-language-flag":["https:\/\/www.cofb.org\/wp-content\/uploads\/2024\/03\/COFB_INSULINES_12032024_1-1024x536-1-18x9.jpg",18,9,true]},"uagb_author_info":{"display_name":"wpAdminCofbOrg","author_link":"https:\/\/www.cofb.org\/ca\/author\/wpadmincofborg\/"},"uagb_comment_info":0,"uagb_excerpt":"El passat 27 de febrer, el Col\u00b7legi de Farmac\u00e8utics de Barcelona (COFB) va organitzar la formaci\u00f3 \u201cInsulines i dispositius d\u2019administraci\u00f3\u201d amb el patrocini de Novo Nordisk. La sessi\u00f3, dirigida a farmac\u00e8utics i farmac\u00e8utiques de farm\u00e0cia comunit\u00e0ria, va anar a c\u00e0rrec de Cristina Lucas, farmac\u00e8utica comunit\u00e0ria, experta en atenci\u00f3 farmac\u00e8utica i [&hellip;]","_links":{"self":[{"href":"https:\/\/www.cofb.org\/ca\/wp-json\/wp\/v2\/posts\/77806","targetHints":{"allow":["GET"]}}],"collection":[{"href":"https:\/\/www.cofb.org\/ca\/wp-json\/wp\/v2\/posts"}],"about":[{"href":"https:\/\/www.cofb.org\/ca\/wp-json\/wp\/v2\/types\/post"}],"author":[{"embeddable":true,"href":"https:\/\/www.cofb.org\/ca\/wp-json\/wp\/v2\/users\/1"}],"replies":[{"embeddable":true,"href":"https:\/\/www.cofb.org\/ca\/wp-json\/wp\/v2\/comments?post=77806"}],"version-history":[{"count":1,"href":"https:\/\/www.cofb.org\/ca\/wp-json\/wp\/v2\/posts\/77806\/revisions"}],"predecessor-version":[{"id":77830,"href":"https:\/\/www.cofb.org\/ca\/wp-json\/wp\/v2\/posts\/77806\/revisions\/77830"}],"wp:featuredmedia":[{"embeddable":true,"href":"https:\/\/www.cofb.org\/ca\/wp-json\/wp\/v2\/media\/77829"}],"wp:attachment":[{"href":"https:\/\/www.cofb.org\/ca\/wp-json\/wp\/v2\/media?parent=77806"}],"wp:term":[{"taxonomy":"category","embeddable":true,"href":"https:\/\/www.cofb.org\/ca\/wp-json\/wp\/v2\/categories?post=77806"},{"taxonomy":"post_tag","embeddable":true,"href":"https:\/\/www.cofb.org\/ca\/wp-json\/wp\/v2\/tags?post=77806"}],"curies":[{"name":"wp","href":"https:\/\/api.w.org\/{rel}","templated":true}]}}