{"id":77800,"date":"2024-03-05T18:45:22","date_gmt":"2024-03-05T16:45:22","guid":{"rendered":"https:\/\/blog.cofb.cat\/?p=68664"},"modified":"2024-04-05T10:07:15","modified_gmt":"2024-04-05T10:07:15","slug":"cada-minut-una-farmacia-catalana-ha-dispensat-o-reservat-63-productes-menstruals-reutilitzables-durant-la-primera-jornada-de-la-iniciativa-la-meva-regla-les-meves-regles","status":"publish","type":"post","link":"https:\/\/www.cofb.org\/ca\/2024\/03\/05\/cada-minut-una-farmacia-catalana-ha-dispensat-o-reservat-63-productes-menstruals-reutilitzables-durant-la-primera-jornada-de-la-iniciativa-la-meva-regla-les-meves-regles\/","title":{"rendered":"Cada minut, una farm\u00e0cia catalana ha dispensat o reservat 63 productes menstruals reutilitzables durant la primera jornada de la iniciativa \u201cLa meva regla, les meves regles\u201d"},"content":{"rendered":"\n<p><\/p>\n\n\n\n<p><strong>Les farm\u00e0cies catalanes han dispensat o reservat 63 productes menstruals reutilitzables per minut.<\/strong> Aquest ha estat el balan\u00e7 de la primera jornada de la <strong>iniciativa \u201cLa meva regla, les meves regles\u201d<\/strong>, impulsada pel Consell de Col\u00b7legis Farmac\u00e8utics de Catalunya (CCFC) i el Departament d\u2019Igualtat i Feminismes de la Generalitat de Catalunya.<\/p>\n\n\n\n<p>Concretament, les<strong> farm\u00e0cies catalanes han dispensat o reservat un total de 38.000 copes, calces menstruals i compreses de tela<\/strong>. D\u2019aquestes, 20.776 s\u2019han pogut entregar al moment i 17.218 han estat reservades. Alhora, <strong>166.145 dones o persones menstruants han descarregat el codi QR, necessari per a la dispensaci\u00f3, a trav\u00e9s de l\u2019app La Meva Salut.<\/strong><\/p>\n\n\n\n<figure class=\"wp-block-image size-large\"><a href=\"https:\/\/blog.cofb.cat\/wp-content\/uploads\/2024\/03\/cofb.240304-a28.jpg\" target=\"_blank\" rel=\"noopener\"><img decoding=\"async\" src=\"https:\/\/blog.cofb.cat\/wp-content\/uploads\/2024\/03\/cofb.240304-a28-1024x683.jpg\" alt=\"La farmac\u00e8utica comunit\u00e0ria, Marta Gento, assessorant sobre els diferents productes menstruals reutilitzables.\" class=\"wp-image-68666\" title=\"La farmac\u00e8utica comunit\u00e0ria, Marta Gento, assessorant sobre els diferents productes menstruals reutilitzables.\"\/><\/a><figcaption>La farmac\u00e8utica comunit\u00e0ria, Marta Gento, assessorant sobre els diferents productes menstruals reutilitzables.<\/figcaption><\/figure>\n\n\n\n<p><strong>&#8220;Podem confirmar que la iniciativa ha tingut molt bona acollida en el conjunt de la ciutadania&#8221;<\/strong>, ha assegurat Jordi Casas, president del Consell de Col\u00b7legis Farmac\u00e8utics de Catalunya i del Col\u00b7legi de Farmac\u00e8utics de Barcelona. Aix\u00ed mateix, el president del CCFC ha traslladat el seu agra\u00efment a la gran tasca desenvolupada pels farmac\u00e8utics i farmac\u00e8utiques en aquest projecte estrat\u00e8gic: \u201cUna vegada m\u00e9s <strong>hem demostrat que les farm\u00e0cies som els establiments sanitaris idonis per a la promoci\u00f3 d\u2019iniciatives i serveis per millorar la salut de les persones i, en aquest cas, la salut sexual i reproductiva<\/strong>\u201d, ha indicat.<\/p>\n\n\n\n<p>Per la seva banda, la portaveu del Govern de la Generalitat de Catalunya, Patr\u00edcia Plaja, ha agra\u00eft <strong>&#8220;la complicitat absoluta de les farm\u00e0cies, perqu\u00e8 s\u00f3n un element imprescindible en aquesta iniciativa&#8221;. &#8220;No nom\u00e9s s\u00f3n els punts de distribuci\u00f3, sin\u00f3 que ens aclareixen tots els dubtes sobre la correcta utilitzaci\u00f3 d&#8217;aquests productes&#8221;<\/strong>, ha apuntat Plaja, durant la roda de premsa d\u2019avui, 5 de mar\u00e7, dels acords que ha adoptat el Consell Executiu.<\/p>\n\n\n\n<h2 class=\"wp-block-heading\"><strong>Assessorament personalitzat a trav\u00e9s de les farm\u00e0cies<\/strong><\/h2>\n\n\n\n<p>Des de dilluns 4 de\u00a0mar\u00e7, totes les dones i persones menstruants de Catalunya ja poden dirigir-se a la farm\u00e0cia m\u00e9s propera per demanar unes calces menstruals, una copa o dues compreses de tela i rebre assessorament especialitzat.<\/p>\n\n\n\n<figure class=\"wp-block-image size-large\"><img decoding=\"async\" src=\"https:\/\/blog.cofb.cat\/wp-content\/uploads\/2024\/03\/cofb.240304-a26-1024x683.jpg\" alt=\"\" class=\"wp-image-68668\"\/><\/figure>\n\n\n\n<p>En el moment de l\u2019entrega, <strong>els i les professionals farmac\u00e8utiques expliquen quins s\u00f3n els productes menstruals que es reparteixen i acompanyen en l\u2019elecci\u00f3 del producte que m\u00e9s s&#8217;ajusti a les necessitats de cada persona<\/strong>, tot generant un espai de confian\u00e7a on poder expressar-se i compartir dubtes i inquietuds. A m\u00e9s, <strong>ofereixen assessorament personalitzat i informaci\u00f3 de qualitat en el moment de la recollida.<\/strong> Per fer-ho, els farmac\u00e8utics i farmac\u00e8utiques de tot el territori catal\u00e0 han rebut en els darrers mesos una formaci\u00f3 sobre drets sexuals i reproductius.<\/p>\n\n\n\n<p><strong>L\u2019entrega del producte \u00e9s immediata, sempre que la farm\u00e0cia disposi d&#8217;unitats disponibles del producte escollit<\/strong>. <strong>Si no \u00e9s el cas, es podr\u00e0 demanar<\/strong>, com es fa habitualment amb altres productes i medicaments, i <strong>estar\u00e0 disponible en un termini m\u00e0xim de 48 hores<\/strong>. El codi QR estar\u00e0 actiu fins al 2025 a l\u2019espai de La Meva Salut mentre no s\u2019hagi demanat el producte a la farm\u00e0cia, i un cop lliurat el producte es desactivar\u00e0.<\/p>\n\n\n\n<p><\/p>\n\n\n\n<p><\/p>\n\n\n\n<p><strong>Altres publicacions d\u2019inter\u00e8s:<\/strong><\/p>\n\n\n\n<ul class=\"wp-block-list\"><li><a href=\"https:\/\/blog.cofb.cat\/blog\/2024\/02\/29\/el-proxim-dilluns-4-de-marc-comenca-la-distribucio-gratuita-de-productes-menstruals-reutilitzables-a-les-farmacies-catalanes\/\" target=\"_blank\" rel=\"noreferrer noopener\">El pr\u00f2xim dilluns, 4 de mar\u00e7, comen\u00e7a la distribuci\u00f3 gratu\u00efta de productes menstruals reutilitzables a les farm\u00e0cies catalanes (Febrer 2024)<\/a><\/li><li><a href=\"https:\/\/blog.cofb.cat\/blog\/2023\/10\/30\/el-consell-de-collegis-farmaceutics-de-catalunya-i-igualtat-i-feminismes-posen-en-marxa-les-formacions-als-farmaceutics-ques-sobre-productes-menstruals-reutilitzables\/\" target=\"_blank\" rel=\"noreferrer noopener\">El Consell de Col\u00b7legis Farmac\u00e8utics de Catalunya i Igualtat i Feminismes posen en marxa les formacions als farmac\u00e8utics\/ques sobre productes menstruals reutilitzables (Octubre 2023)<\/a><\/li><li><a href=\"https:\/\/blog.cofb.cat\/blog\/2023\/09\/21\/les-farmacies-catalanes-collaboren-amb-el-govern-per-distribuir-gratuitament-productes-menstruals-reutilitzables-a-partir-de-2024\/\">Les farm\u00e0cies catalanes\u00a0<\/a><a href=\"https:\/\/blog.cofb.cat\/blog\/2023\/09\/21\/les-farmacies-catalanes-collaboren-amb-el-govern-per-distribuir-gratuitament-productes-menstruals-reutilitzables-a-partir-de-2024\/\" target=\"_blank\" rel=\"noreferrer noopener\">col\u00b7laboren amb el Govern per distribuir gratu\u00eftament productes menstruals reutilitzables a partir de 2024 (Setembre<\/a><a href=\"https:\/\/blog.cofb.cat\/blog\/2023\/09\/21\/les-farmacies-catalanes-collaboren-amb-el-govern-per-distribuir-gratuitament-productes-menstruals-reutilitzables-a-partir-de-2024\/\">\u00a02023)<\/a><\/li><\/ul>\n","protected":false},"excerpt":{"rendered":"<p>Les farm\u00e0cies catalanes han dispensat o reservat 63 productes menstruals reutilitzables per minut. Aquest ha estat el balan\u00e7 de la primera jornada de la iniciativa \u201cLa meva regla, les meves regles\u201d, impulsada pel Consell de Col\u00b7legis Farmac\u00e8utics de Catalunya (CCFC) i el Departament d\u2019Igualtat i Feminismes de la Generalitat de [&hellip;]<\/p>\n","protected":false},"author":1,"featured_media":77954,"comment_status":"open","ping_status":"open","sticky":false,"template":"","format":"standard","meta":{"_uag_custom_page_level_css":"","site-sidebar-layout":"default","site-content-layout":"","ast-site-content-layout":"default","site-content-style":"default","site-sidebar-style":"default","ast-global-header-display":"","ast-banner-title-visibility":"","ast-main-header-display":"","ast-hfb-above-header-display":"","ast-hfb-below-header-display":"","ast-hfb-mobile-header-display":"","site-post-title":"","ast-breadcrumbs-content":"","ast-featured-img":"disabled","footer-sml-layout":"","theme-transparent-header-meta":"","adv-header-id-meta":"","stick-header-meta":"","header-above-stick-meta":"","header-main-stick-meta":"","header-below-stick-meta":"","astra-migrate-meta-layouts":"set","ast-page-background-enabled":"default","ast-page-background-meta":{"desktop":{"background-color":"var(--ast-global-color-4)","background-image":"","background-repeat":"repeat","background-position":"center center","background-size":"auto","background-attachment":"scroll","background-type":"","background-media":"","overlay-type":"","overlay-color":"","overlay-opacity":"","overlay-gradient":""},"tablet":{"background-color":"","background-image":"","background-repeat":"repeat","background-position":"center center","background-size":"auto","background-attachment":"scroll","background-type":"","background-media":"","overlay-type":"","overlay-color":"","overlay-opacity":"","overlay-gradient":""},"mobile":{"background-color":"","background-image":"","background-repeat":"repeat","background-position":"center center","background-size":"auto","background-attachment":"scroll","background-type":"","background-media":"","overlay-type":"","overlay-color":"","overlay-opacity":"","overlay-gradient":""}},"ast-content-background-meta":{"desktop":{"background-color":"var(--ast-global-color-5)","background-image":"","background-repeat":"repeat","background-position":"center center","background-size":"auto","background-attachment":"scroll","background-type":"","background-media":"","overlay-type":"","overlay-color":"","overlay-opacity":"","overlay-gradient":""},"tablet":{"background-color":"var(--ast-global-color-5)","background-image":"","background-repeat":"repeat","background-position":"center center","background-size":"auto","background-attachment":"scroll","background-type":"","background-media":"","overlay-type":"","overlay-color":"","overlay-opacity":"","overlay-gradient":""},"mobile":{"background-color":"var(--ast-global-color-5)","background-image":"","background-repeat":"repeat","background-position":"center center","background-size":"auto","background-attachment":"scroll","background-type":"","background-media":"","overlay-type":"","overlay-color":"","overlay-opacity":"","overlay-gradient":""}},"footnotes":""},"categories":[23,57],"tags":[18,19,163,4945,53,69,4946,914,3961,4947,76],"class_list":["post-77800","post","type-post","status-publish","format-standard","has-post-thumbnail","hentry","category-destacats","category-mon-collegial","tag-cofb","tag-collegi-de-farmaceutics-de-barcelona","tag-consell-de-collegis-farmaceutics-de-catalunya","tag-copa-mestrual","tag-farmaceutics","tag-farmacia-comunitaria","tag-feminismes","tag-generalitat-de-catalunya","tag-igualtat","tag-la-meva-regla-les-meves-regles","tag-oficina-de-farmacia"],"yoast_head":"<!-- This site is optimized with the Yoast SEO plugin v22.4 - https:\/\/yoast.com\/wordpress\/plugins\/seo\/ -->\n<title>Cada minut, una farm\u00e0cia catalana ha dispensat o reservat 63 productes menstruals reutilitzables durant la primera jornada de la iniciativa \u201cLa meva regla, les meves regles\u201d - Col\u00b7legi de Farmac\u00e8utics de Barcelona<\/title>\n<meta name=\"description\" content=\"Les farm\u00e0cies catalanes han dispensat o reservat 63 productes menstruals reutilitzables per minut. Aquest ha estat el balan\u00e7 de la primera jornada de \u201cLa meva regla, les meves regles\u201d.\" \/>\n<meta name=\"robots\" content=\"index, follow, max-snippet:-1, max-image-preview:large, max-video-preview:-1\" \/>\n<link rel=\"canonical\" href=\"https:\/\/novaorg.cofb.net\/2024\/03\/05\/cada-minut-una-farmacia-catalana-ha-dispensat-o-reservat-63-productes-menstruals-reutilitzables-durant-la-primera-jornada-de-la-iniciativa-la-meva-regla-les-meves-regles\/\" \/>\n<meta property=\"og:locale\" content=\"ca_ES\" \/>\n<meta property=\"og:type\" content=\"article\" \/>\n<meta property=\"og:title\" content=\"Cada minut, una farm\u00e0cia catalana ha dispensat o reservat 63 productes menstruals reutilitzables durant la primera jornada de la iniciativa \u201cLa meva regla, les meves regles\u201d - Col\u00b7legi de Farmac\u00e8utics de Barcelona\" \/>\n<meta property=\"og:description\" content=\"Les farm\u00e0cies catalanes han dispensat o reservat 63 productes menstruals reutilitzables per minut. Aquest ha estat el balan\u00e7 de la primera jornada de \u201cLa meva regla, les meves regles\u201d.\" \/>\n<meta property=\"og:url\" content=\"https:\/\/novaorg.cofb.net\/2024\/03\/05\/cada-minut-una-farmacia-catalana-ha-dispensat-o-reservat-63-productes-menstruals-reutilitzables-durant-la-primera-jornada-de-la-iniciativa-la-meva-regla-les-meves-regles\/\" \/>\n<meta property=\"og:site_name\" content=\"Col\u00b7legi de Farmac\u00e8utics de Barcelona\" \/>\n<meta property=\"article:publisher\" content=\"https:\/\/www.facebook.com\/farmaceuticsbcn\/\" \/>\n<meta property=\"article:published_time\" content=\"2024-03-05T16:45:22+00:00\" \/>\n<meta property=\"article:modified_time\" content=\"2024-04-05T10:07:15+00:00\" \/>\n<meta property=\"og:image\" content=\"https:\/\/novaorg.cofb.net\/wp-content\/uploads\/2024\/04\/cofb.240304-a28-1024x683-1.jpg\" \/>\n\t<meta property=\"og:image:width\" content=\"1024\" \/>\n\t<meta property=\"og:image:height\" content=\"683\" \/>\n\t<meta property=\"og:image:type\" content=\"image\/jpeg\" \/>\n<meta name=\"author\" content=\"wpAdminCofbOrg\" \/>\n<meta name=\"twitter:card\" content=\"summary_large_image\" \/>\n<meta name=\"twitter:creator\" content=\"@farmaceuticsbcn\" \/>\n<meta name=\"twitter:site\" content=\"@farmaceuticsbcn\" \/>\n<meta name=\"twitter:label1\" content=\"Escrit per\" \/>\n\t<meta name=\"twitter:data1\" content=\"wpAdminCofbOrg\" \/>\n\t<meta name=\"twitter:label2\" content=\"Temps estimat de lectura\" \/>\n\t<meta name=\"twitter:data2\" content=\"4 minuts\" \/>\n<script type=\"application\/ld+json\" class=\"yoast-schema-graph\">{\"@context\":\"https:\/\/schema.org\",\"@graph\":[{\"@type\":\"Article\",\"@id\":\"https:\/\/novaorg.cofb.net\/2024\/03\/05\/cada-minut-una-farmacia-catalana-ha-dispensat-o-reservat-63-productes-menstruals-reutilitzables-durant-la-primera-jornada-de-la-iniciativa-la-meva-regla-les-meves-regles\/#article\",\"isPartOf\":{\"@id\":\"https:\/\/novaorg.cofb.net\/2024\/03\/05\/cada-minut-una-farmacia-catalana-ha-dispensat-o-reservat-63-productes-menstruals-reutilitzables-durant-la-primera-jornada-de-la-iniciativa-la-meva-regla-les-meves-regles\/\"},\"author\":{\"name\":\"wpAdminCofbOrg\",\"@id\":\"https:\/\/www.cofb.org\/#\/schema\/person\/22ed7eea88da74b0fa4d3154ad87ffcb\"},\"headline\":\"Cada minut, una farm\u00e0cia catalana ha dispensat o reservat 63 productes menstruals reutilitzables durant la primera jornada de la iniciativa \u201cLa meva regla, les meves regles\u201d\",\"datePublished\":\"2024-03-05T16:45:22+00:00\",\"dateModified\":\"2024-04-05T10:07:15+00:00\",\"mainEntityOfPage\":{\"@id\":\"https:\/\/novaorg.cofb.net\/2024\/03\/05\/cada-minut-una-farmacia-catalana-ha-dispensat-o-reservat-63-productes-menstruals-reutilitzables-durant-la-primera-jornada-de-la-iniciativa-la-meva-regla-les-meves-regles\/\"},\"wordCount\":632,\"commentCount\":0,\"publisher\":{\"@id\":\"https:\/\/www.cofb.org\/#organization\"},\"image\":{\"@id\":\"https:\/\/novaorg.cofb.net\/2024\/03\/05\/cada-minut-una-farmacia-catalana-ha-dispensat-o-reservat-63-productes-menstruals-reutilitzables-durant-la-primera-jornada-de-la-iniciativa-la-meva-regla-les-meves-regles\/#primaryimage\"},\"thumbnailUrl\":\"https:\/\/www.cofb.org\/wp-content\/uploads\/2024\/04\/cofb.240304-a28-1024x683-1.jpg\",\"keywords\":[\"COFB\",\"Col\u00b7legi de Farmac\u00e8utics de Barcelona\",\"Consell de Col\u00b7legis Farmac\u00e8utics de Catalunya\",\"Copa mestrual\",\"farmac\u00e8utics\",\"farm\u00e0cia comunit\u00e0ria\",\"feminismes\",\"Generalitat de Catalunya\",\"igualtat\",\"La Meva Regla Les Meves Regles\",\"Oficina de farm\u00e0cia\"],\"articleSection\":[\"Destacats\",\"M\u00f3n col\u00b7legial\"],\"inLanguage\":\"ca\",\"potentialAction\":[{\"@type\":\"CommentAction\",\"name\":\"Comment\",\"target\":[\"https:\/\/novaorg.cofb.net\/2024\/03\/05\/cada-minut-una-farmacia-catalana-ha-dispensat-o-reservat-63-productes-menstruals-reutilitzables-durant-la-primera-jornada-de-la-iniciativa-la-meva-regla-les-meves-regles\/#respond\"]}]},{\"@type\":\"WebPage\",\"@id\":\"https:\/\/novaorg.cofb.net\/2024\/03\/05\/cada-minut-una-farmacia-catalana-ha-dispensat-o-reservat-63-productes-menstruals-reutilitzables-durant-la-primera-jornada-de-la-iniciativa-la-meva-regla-les-meves-regles\/\",\"url\":\"https:\/\/novaorg.cofb.net\/2024\/03\/05\/cada-minut-una-farmacia-catalana-ha-dispensat-o-reservat-63-productes-menstruals-reutilitzables-durant-la-primera-jornada-de-la-iniciativa-la-meva-regla-les-meves-regles\/\",\"name\":\"Cada minut, una farm\u00e0cia catalana ha dispensat o reservat 63 productes menstruals reutilitzables durant la primera jornada de la iniciativa \u201cLa meva regla, les meves regles\u201d - Col\u00b7legi de Farmac\u00e8utics de Barcelona\",\"isPartOf\":{\"@id\":\"https:\/\/www.cofb.org\/#website\"},\"primaryImageOfPage\":{\"@id\":\"https:\/\/novaorg.cofb.net\/2024\/03\/05\/cada-minut-una-farmacia-catalana-ha-dispensat-o-reservat-63-productes-menstruals-reutilitzables-durant-la-primera-jornada-de-la-iniciativa-la-meva-regla-les-meves-regles\/#primaryimage\"},\"image\":{\"@id\":\"https:\/\/novaorg.cofb.net\/2024\/03\/05\/cada-minut-una-farmacia-catalana-ha-dispensat-o-reservat-63-productes-menstruals-reutilitzables-durant-la-primera-jornada-de-la-iniciativa-la-meva-regla-les-meves-regles\/#primaryimage\"},\"thumbnailUrl\":\"https:\/\/www.cofb.org\/wp-content\/uploads\/2024\/04\/cofb.240304-a28-1024x683-1.jpg\",\"datePublished\":\"2024-03-05T16:45:22+00:00\",\"dateModified\":\"2024-04-05T10:07:15+00:00\",\"description\":\"Les farm\u00e0cies catalanes han dispensat o reservat 63 productes menstruals reutilitzables per minut. Aquest ha estat el balan\u00e7 de la primera jornada de \u201cLa meva regla, les meves regles\u201d.\",\"breadcrumb\":{\"@id\":\"https:\/\/novaorg.cofb.net\/2024\/03\/05\/cada-minut-una-farmacia-catalana-ha-dispensat-o-reservat-63-productes-menstruals-reutilitzables-durant-la-primera-jornada-de-la-iniciativa-la-meva-regla-les-meves-regles\/#breadcrumb\"},\"inLanguage\":\"ca\",\"potentialAction\":[{\"@type\":\"ReadAction\",\"target\":[\"https:\/\/novaorg.cofb.net\/2024\/03\/05\/cada-minut-una-farmacia-catalana-ha-dispensat-o-reservat-63-productes-menstruals-reutilitzables-durant-la-primera-jornada-de-la-iniciativa-la-meva-regla-les-meves-regles\/\"]}]},{\"@type\":\"ImageObject\",\"inLanguage\":\"ca\",\"@id\":\"https:\/\/novaorg.cofb.net\/2024\/03\/05\/cada-minut-una-farmacia-catalana-ha-dispensat-o-reservat-63-productes-menstruals-reutilitzables-durant-la-primera-jornada-de-la-iniciativa-la-meva-regla-les-meves-regles\/#primaryimage\",\"url\":\"https:\/\/www.cofb.org\/wp-content\/uploads\/2024\/04\/cofb.240304-a28-1024x683-1.jpg\",\"contentUrl\":\"https:\/\/www.cofb.org\/wp-content\/uploads\/2024\/04\/cofb.240304-a28-1024x683-1.jpg\",\"width\":1024,\"height\":683},{\"@type\":\"BreadcrumbList\",\"@id\":\"https:\/\/novaorg.cofb.net\/2024\/03\/05\/cada-minut-una-farmacia-catalana-ha-dispensat-o-reservat-63-productes-menstruals-reutilitzables-durant-la-primera-jornada-de-la-iniciativa-la-meva-regla-les-meves-regles\/#breadcrumb\",\"itemListElement\":[{\"@type\":\"ListItem\",\"position\":1,\"name\":\"Inici\",\"item\":\"https:\/\/novaorg.cofb.net\/\"},{\"@type\":\"ListItem\",\"position\":2,\"name\":\"Cada minut, una farm\u00e0cia catalana ha dispensat o reservat 63 productes menstruals reutilitzables durant la primera jornada de la iniciativa \u201cLa meva regla, les meves regles\u201d\"}]},{\"@type\":\"WebSite\",\"@id\":\"https:\/\/www.cofb.org\/#website\",\"url\":\"https:\/\/www.cofb.org\/\",\"name\":\"Col\u00b7legi de Farmac\u00e8utics de Barcelona\",\"description\":\"\",\"publisher\":{\"@id\":\"https:\/\/www.cofb.org\/#organization\"},\"potentialAction\":[{\"@type\":\"SearchAction\",\"target\":{\"@type\":\"EntryPoint\",\"urlTemplate\":\"https:\/\/www.cofb.org\/?s={search_term_string}\"},\"query-input\":\"required name=search_term_string\"}],\"inLanguage\":\"ca\"},{\"@type\":\"Organization\",\"@id\":\"https:\/\/www.cofb.org\/#organization\",\"name\":\"Col\u00b7legi de Farmac\u00e8utics de Barcelona\",\"url\":\"https:\/\/www.cofb.org\/\",\"logo\":{\"@type\":\"ImageObject\",\"inLanguage\":\"ca\",\"@id\":\"https:\/\/www.cofb.org\/#\/schema\/logo\/image\/\",\"url\":\"https:\/\/www.cofb.org\/wp-content\/uploads\/2023\/11\/cropped-Logotip-COFB.png\",\"contentUrl\":\"https:\/\/www.cofb.org\/wp-content\/uploads\/2023\/11\/cropped-Logotip-COFB.png\",\"width\":500,\"height\":105,\"caption\":\"Col\u00b7legi de Farmac\u00e8utics de Barcelona\"},\"image\":{\"@id\":\"https:\/\/www.cofb.org\/#\/schema\/logo\/image\/\"},\"sameAs\":[\"https:\/\/www.facebook.com\/farmaceuticsbcn\/\",\"https:\/\/twitter.com\/farmaceuticsbcn\",\"https:\/\/www.instagram.com\/farmaceuticsbcn\/\",\"https:\/\/www.linkedin.com\/company\/farmaceuticsbcn\/\"]},{\"@type\":\"Person\",\"@id\":\"https:\/\/www.cofb.org\/#\/schema\/person\/22ed7eea88da74b0fa4d3154ad87ffcb\",\"name\":\"wpAdminCofbOrg\",\"image\":{\"@type\":\"ImageObject\",\"inLanguage\":\"ca\",\"@id\":\"https:\/\/www.cofb.org\/#\/schema\/person\/image\/\",\"url\":\"https:\/\/secure.gravatar.com\/avatar\/1721b20b3b8ca882c3b56ec6c978c594fff670e40c0718e9190eaeeb76aae7d8?s=96&d=mm&r=g\",\"contentUrl\":\"https:\/\/secure.gravatar.com\/avatar\/1721b20b3b8ca882c3b56ec6c978c594fff670e40c0718e9190eaeeb76aae7d8?s=96&d=mm&r=g\",\"caption\":\"wpAdminCofbOrg\"},\"sameAs\":[\"http:\/\/192.168.64.122\/wordpress\"],\"url\":\"https:\/\/www.cofb.org\/ca\/author\/wpadmincofborg\/\"}]}<\/script>\n<!-- \/ Yoast SEO plugin. -->","yoast_head_json":{"title":"Cada minut, una farm\u00e0cia catalana ha dispensat o reservat 63 productes menstruals reutilitzables durant la primera jornada de la iniciativa \u201cLa meva regla, les meves regles\u201d - Col\u00b7legi de Farmac\u00e8utics de Barcelona","description":"Les farm\u00e0cies catalanes han dispensat o reservat 63 productes menstruals reutilitzables per minut. Aquest ha estat el balan\u00e7 de la primera jornada de \u201cLa meva regla, les meves regles\u201d.","robots":{"index":"index","follow":"follow","max-snippet":"max-snippet:-1","max-image-preview":"max-image-preview:large","max-video-preview":"max-video-preview:-1"},"canonical":"https:\/\/novaorg.cofb.net\/2024\/03\/05\/cada-minut-una-farmacia-catalana-ha-dispensat-o-reservat-63-productes-menstruals-reutilitzables-durant-la-primera-jornada-de-la-iniciativa-la-meva-regla-les-meves-regles\/","og_locale":"ca_ES","og_type":"article","og_title":"Cada minut, una farm\u00e0cia catalana ha dispensat o reservat 63 productes menstruals reutilitzables durant la primera jornada de la iniciativa \u201cLa meva regla, les meves regles\u201d - Col\u00b7legi de Farmac\u00e8utics de Barcelona","og_description":"Les farm\u00e0cies catalanes han dispensat o reservat 63 productes menstruals reutilitzables per minut. Aquest ha estat el balan\u00e7 de la primera jornada de \u201cLa meva regla, les meves regles\u201d.","og_url":"https:\/\/novaorg.cofb.net\/2024\/03\/05\/cada-minut-una-farmacia-catalana-ha-dispensat-o-reservat-63-productes-menstruals-reutilitzables-durant-la-primera-jornada-de-la-iniciativa-la-meva-regla-les-meves-regles\/","og_site_name":"Col\u00b7legi de Farmac\u00e8utics de Barcelona","article_publisher":"https:\/\/www.facebook.com\/farmaceuticsbcn\/","article_published_time":"2024-03-05T16:45:22+00:00","article_modified_time":"2024-04-05T10:07:15+00:00","og_image":[{"width":1024,"height":683,"url":"https:\/\/novaorg.cofb.net\/wp-content\/uploads\/2024\/04\/cofb.240304-a28-1024x683-1.jpg","type":"image\/jpeg"}],"author":"wpAdminCofbOrg","twitter_card":"summary_large_image","twitter_creator":"@farmaceuticsbcn","twitter_site":"@farmaceuticsbcn","twitter_misc":{"Escrit per":"wpAdminCofbOrg","Temps estimat de lectura":"4 minuts"},"schema":{"@context":"https:\/\/schema.org","@graph":[{"@type":"Article","@id":"https:\/\/novaorg.cofb.net\/2024\/03\/05\/cada-minut-una-farmacia-catalana-ha-dispensat-o-reservat-63-productes-menstruals-reutilitzables-durant-la-primera-jornada-de-la-iniciativa-la-meva-regla-les-meves-regles\/#article","isPartOf":{"@id":"https:\/\/novaorg.cofb.net\/2024\/03\/05\/cada-minut-una-farmacia-catalana-ha-dispensat-o-reservat-63-productes-menstruals-reutilitzables-durant-la-primera-jornada-de-la-iniciativa-la-meva-regla-les-meves-regles\/"},"author":{"name":"wpAdminCofbOrg","@id":"https:\/\/www.cofb.org\/#\/schema\/person\/22ed7eea88da74b0fa4d3154ad87ffcb"},"headline":"Cada minut, una farm\u00e0cia catalana ha dispensat o reservat 63 productes menstruals reutilitzables durant la primera jornada de la iniciativa \u201cLa meva regla, les meves regles\u201d","datePublished":"2024-03-05T16:45:22+00:00","dateModified":"2024-04-05T10:07:15+00:00","mainEntityOfPage":{"@id":"https:\/\/novaorg.cofb.net\/2024\/03\/05\/cada-minut-una-farmacia-catalana-ha-dispensat-o-reservat-63-productes-menstruals-reutilitzables-durant-la-primera-jornada-de-la-iniciativa-la-meva-regla-les-meves-regles\/"},"wordCount":632,"commentCount":0,"publisher":{"@id":"https:\/\/www.cofb.org\/#organization"},"image":{"@id":"https:\/\/novaorg.cofb.net\/2024\/03\/05\/cada-minut-una-farmacia-catalana-ha-dispensat-o-reservat-63-productes-menstruals-reutilitzables-durant-la-primera-jornada-de-la-iniciativa-la-meva-regla-les-meves-regles\/#primaryimage"},"thumbnailUrl":"https:\/\/www.cofb.org\/wp-content\/uploads\/2024\/04\/cofb.240304-a28-1024x683-1.jpg","keywords":["COFB","Col\u00b7legi de Farmac\u00e8utics de Barcelona","Consell de Col\u00b7legis Farmac\u00e8utics de Catalunya","Copa mestrual","farmac\u00e8utics","farm\u00e0cia comunit\u00e0ria","feminismes","Generalitat de Catalunya","igualtat","La Meva Regla Les Meves Regles","Oficina de farm\u00e0cia"],"articleSection":["Destacats","M\u00f3n col\u00b7legial"],"inLanguage":"ca","potentialAction":[{"@type":"CommentAction","name":"Comment","target":["https:\/\/novaorg.cofb.net\/2024\/03\/05\/cada-minut-una-farmacia-catalana-ha-dispensat-o-reservat-63-productes-menstruals-reutilitzables-durant-la-primera-jornada-de-la-iniciativa-la-meva-regla-les-meves-regles\/#respond"]}]},{"@type":"WebPage","@id":"https:\/\/novaorg.cofb.net\/2024\/03\/05\/cada-minut-una-farmacia-catalana-ha-dispensat-o-reservat-63-productes-menstruals-reutilitzables-durant-la-primera-jornada-de-la-iniciativa-la-meva-regla-les-meves-regles\/","url":"https:\/\/novaorg.cofb.net\/2024\/03\/05\/cada-minut-una-farmacia-catalana-ha-dispensat-o-reservat-63-productes-menstruals-reutilitzables-durant-la-primera-jornada-de-la-iniciativa-la-meva-regla-les-meves-regles\/","name":"Cada minut, una farm\u00e0cia catalana ha dispensat o reservat 63 productes menstruals reutilitzables durant la primera jornada de la iniciativa \u201cLa meva regla, les meves regles\u201d - Col\u00b7legi de Farmac\u00e8utics de Barcelona","isPartOf":{"@id":"https:\/\/www.cofb.org\/#website"},"primaryImageOfPage":{"@id":"https:\/\/novaorg.cofb.net\/2024\/03\/05\/cada-minut-una-farmacia-catalana-ha-dispensat-o-reservat-63-productes-menstruals-reutilitzables-durant-la-primera-jornada-de-la-iniciativa-la-meva-regla-les-meves-regles\/#primaryimage"},"image":{"@id":"https:\/\/novaorg.cofb.net\/2024\/03\/05\/cada-minut-una-farmacia-catalana-ha-dispensat-o-reservat-63-productes-menstruals-reutilitzables-durant-la-primera-jornada-de-la-iniciativa-la-meva-regla-les-meves-regles\/#primaryimage"},"thumbnailUrl":"https:\/\/www.cofb.org\/wp-content\/uploads\/2024\/04\/cofb.240304-a28-1024x683-1.jpg","datePublished":"2024-03-05T16:45:22+00:00","dateModified":"2024-04-05T10:07:15+00:00","description":"Les farm\u00e0cies catalanes han dispensat o reservat 63 productes menstruals reutilitzables per minut. Aquest ha estat el balan\u00e7 de la primera jornada de \u201cLa meva regla, les meves regles\u201d.","breadcrumb":{"@id":"https:\/\/novaorg.cofb.net\/2024\/03\/05\/cada-minut-una-farmacia-catalana-ha-dispensat-o-reservat-63-productes-menstruals-reutilitzables-durant-la-primera-jornada-de-la-iniciativa-la-meva-regla-les-meves-regles\/#breadcrumb"},"inLanguage":"ca","potentialAction":[{"@type":"ReadAction","target":["https:\/\/novaorg.cofb.net\/2024\/03\/05\/cada-minut-una-farmacia-catalana-ha-dispensat-o-reservat-63-productes-menstruals-reutilitzables-durant-la-primera-jornada-de-la-iniciativa-la-meva-regla-les-meves-regles\/"]}]},{"@type":"ImageObject","inLanguage":"ca","@id":"https:\/\/novaorg.cofb.net\/2024\/03\/05\/cada-minut-una-farmacia-catalana-ha-dispensat-o-reservat-63-productes-menstruals-reutilitzables-durant-la-primera-jornada-de-la-iniciativa-la-meva-regla-les-meves-regles\/#primaryimage","url":"https:\/\/www.cofb.org\/wp-content\/uploads\/2024\/04\/cofb.240304-a28-1024x683-1.jpg","contentUrl":"https:\/\/www.cofb.org\/wp-content\/uploads\/2024\/04\/cofb.240304-a28-1024x683-1.jpg","width":1024,"height":683},{"@type":"BreadcrumbList","@id":"https:\/\/novaorg.cofb.net\/2024\/03\/05\/cada-minut-una-farmacia-catalana-ha-dispensat-o-reservat-63-productes-menstruals-reutilitzables-durant-la-primera-jornada-de-la-iniciativa-la-meva-regla-les-meves-regles\/#breadcrumb","itemListElement":[{"@type":"ListItem","position":1,"name":"Inici","item":"https:\/\/novaorg.cofb.net\/"},{"@type":"ListItem","position":2,"name":"Cada minut, una farm\u00e0cia catalana ha dispensat o reservat 63 productes menstruals reutilitzables durant la primera jornada de la iniciativa \u201cLa meva regla, les meves regles\u201d"}]},{"@type":"WebSite","@id":"https:\/\/www.cofb.org\/#website","url":"https:\/\/www.cofb.org\/","name":"Col\u00b7legi de Farmac\u00e8utics de Barcelona","description":"","publisher":{"@id":"https:\/\/www.cofb.org\/#organization"},"potentialAction":[{"@type":"SearchAction","target":{"@type":"EntryPoint","urlTemplate":"https:\/\/www.cofb.org\/?s={search_term_string}"},"query-input":"required name=search_term_string"}],"inLanguage":"ca"},{"@type":"Organization","@id":"https:\/\/www.cofb.org\/#organization","name":"Col\u00b7legi de Farmac\u00e8utics de Barcelona","url":"https:\/\/www.cofb.org\/","logo":{"@type":"ImageObject","inLanguage":"ca","@id":"https:\/\/www.cofb.org\/#\/schema\/logo\/image\/","url":"https:\/\/www.cofb.org\/wp-content\/uploads\/2023\/11\/cropped-Logotip-COFB.png","contentUrl":"https:\/\/www.cofb.org\/wp-content\/uploads\/2023\/11\/cropped-Logotip-COFB.png","width":500,"height":105,"caption":"Col\u00b7legi de Farmac\u00e8utics de Barcelona"},"image":{"@id":"https:\/\/www.cofb.org\/#\/schema\/logo\/image\/"},"sameAs":["https:\/\/www.facebook.com\/farmaceuticsbcn\/","https:\/\/twitter.com\/farmaceuticsbcn","https:\/\/www.instagram.com\/farmaceuticsbcn\/","https:\/\/www.linkedin.com\/company\/farmaceuticsbcn\/"]},{"@type":"Person","@id":"https:\/\/www.cofb.org\/#\/schema\/person\/22ed7eea88da74b0fa4d3154ad87ffcb","name":"wpAdminCofbOrg","image":{"@type":"ImageObject","inLanguage":"ca","@id":"https:\/\/www.cofb.org\/#\/schema\/person\/image\/","url":"https:\/\/secure.gravatar.com\/avatar\/1721b20b3b8ca882c3b56ec6c978c594fff670e40c0718e9190eaeeb76aae7d8?s=96&d=mm&r=g","contentUrl":"https:\/\/secure.gravatar.com\/avatar\/1721b20b3b8ca882c3b56ec6c978c594fff670e40c0718e9190eaeeb76aae7d8?s=96&d=mm&r=g","caption":"wpAdminCofbOrg"},"sameAs":["http:\/\/192.168.64.122\/wordpress"],"url":"https:\/\/www.cofb.org\/ca\/author\/wpadmincofborg\/"}]}},"uagb_featured_image_src":{"full":["https:\/\/www.cofb.org\/wp-content\/uploads\/2024\/04\/cofb.240304-a28-1024x683-1.jpg",1024,683,false],"thumbnail":["https:\/\/www.cofb.org\/wp-content\/uploads\/2024\/04\/cofb.240304-a28-1024x683-1-150x150.jpg",150,150,true],"medium":["https:\/\/www.cofb.org\/wp-content\/uploads\/2024\/04\/cofb.240304-a28-1024x683-1-300x200.jpg",300,200,true],"medium_large":["https:\/\/www.cofb.org\/wp-content\/uploads\/2024\/04\/cofb.240304-a28-1024x683-1-768x512.jpg",768,512,true],"large":["https:\/\/www.cofb.org\/wp-content\/uploads\/2024\/04\/cofb.240304-a28-1024x683-1.jpg",1024,683,false],"1536x1536":["https:\/\/www.cofb.org\/wp-content\/uploads\/2024\/04\/cofb.240304-a28-1024x683-1.jpg",1024,683,false],"2048x2048":["https:\/\/www.cofb.org\/wp-content\/uploads\/2024\/04\/cofb.240304-a28-1024x683-1.jpg",1024,683,false],"trp-custom-language-flag":["https:\/\/www.cofb.org\/wp-content\/uploads\/2024\/04\/cofb.240304-a28-1024x683-1-18x12.jpg",18,12,true]},"uagb_author_info":{"display_name":"wpAdminCofbOrg","author_link":"https:\/\/www.cofb.org\/ca\/author\/wpadmincofborg\/"},"uagb_comment_info":0,"uagb_excerpt":"Les farm\u00e0cies catalanes han dispensat o reservat 63 productes menstruals reutilitzables per minut. Aquest ha estat el balan\u00e7 de la primera jornada de la iniciativa \u201cLa meva regla, les meves regles\u201d, impulsada pel Consell de Col\u00b7legis Farmac\u00e8utics de Catalunya (CCFC) i el Departament d\u2019Igualtat i Feminismes de la Generalitat de [&hellip;]","_links":{"self":[{"href":"https:\/\/www.cofb.org\/ca\/wp-json\/wp\/v2\/posts\/77800","targetHints":{"allow":["GET"]}}],"collection":[{"href":"https:\/\/www.cofb.org\/ca\/wp-json\/wp\/v2\/posts"}],"about":[{"href":"https:\/\/www.cofb.org\/ca\/wp-json\/wp\/v2\/types\/post"}],"author":[{"embeddable":true,"href":"https:\/\/www.cofb.org\/ca\/wp-json\/wp\/v2\/users\/1"}],"replies":[{"embeddable":true,"href":"https:\/\/www.cofb.org\/ca\/wp-json\/wp\/v2\/comments?post=77800"}],"version-history":[{"count":1,"href":"https:\/\/www.cofb.org\/ca\/wp-json\/wp\/v2\/posts\/77800\/revisions"}],"predecessor-version":[{"id":77955,"href":"https:\/\/www.cofb.org\/ca\/wp-json\/wp\/v2\/posts\/77800\/revisions\/77955"}],"wp:featuredmedia":[{"embeddable":true,"href":"https:\/\/www.cofb.org\/ca\/wp-json\/wp\/v2\/media\/77954"}],"wp:attachment":[{"href":"https:\/\/www.cofb.org\/ca\/wp-json\/wp\/v2\/media?parent=77800"}],"wp:term":[{"taxonomy":"category","embeddable":true,"href":"https:\/\/www.cofb.org\/ca\/wp-json\/wp\/v2\/categories?post=77800"},{"taxonomy":"post_tag","embeddable":true,"href":"https:\/\/www.cofb.org\/ca\/wp-json\/wp\/v2\/tags?post=77800"}],"curies":[{"name":"wp","href":"https:\/\/api.w.org\/{rel}","templated":true}]}}