{"id":77799,"date":"2024-02-29T18:32:08","date_gmt":"2024-02-29T16:32:08","guid":{"rendered":"https:\/\/blog.cofb.cat\/?p=68656"},"modified":"2024-04-05T10:08:24","modified_gmt":"2024-04-05T10:08:24","slug":"el-proxim-dilluns-4-de-marc-comenca-la-distribucio-gratuita-de-productes-menstruals-reutilitzables-a-les-farmacies-catalanes","status":"publish","type":"post","link":"https:\/\/www.cofb.org\/ca\/2024\/02\/29\/el-proxim-dilluns-4-de-marc-comenca-la-distribucio-gratuita-de-productes-menstruals-reutilitzables-a-les-farmacies-catalanes\/","title":{"rendered":"El pr\u00f2xim dilluns, 4 de mar\u00e7, comen\u00e7a la distribuci\u00f3 gratu\u00efta de productes menstruals reutilitzables a les farm\u00e0cies catalanes"},"content":{"rendered":"\n<p><strong>A partir del pr\u00f2xim dilluns, 4 de mar\u00e7, les farm\u00e0cies catalanes comen\u00e7aran a dispensar gratu\u00eftament productes menstruals reutilitzables.<\/strong> Aix\u00ed ho han anunciat la consellera d\u2019Igualtat i Feminismes, T\u00e0nia Verge i Mestre, i el president del Consell de Col\u00b7legis Farmac\u00e8utics de Catalunya (CCFC), Jordi Casas S\u00e1nchez, en un acte celebrat a Alliance Healthcare de Viladecans, un dels quatre distribu\u00efdors on s&#8217;emmagatzemen els productes que es podran recollir a les farm\u00e0cies.<\/p>\n\n\n\n<figure class=\"wp-block-image size-large\"><a href=\"https:\/\/blog.cofb.cat\/wp-content\/uploads\/2024\/02\/COFB_LA-MEVA-REGLA-LES-MEVES-REGLES_29022024.jpg\" target=\"_blank\" rel=\"noopener\"><img decoding=\"async\" src=\"https:\/\/blog.cofb.cat\/wp-content\/uploads\/2024\/02\/COFB_LA-MEVA-REGLA-LES-MEVES-REGLES_29022024-1024x683.jpg\" alt=\"\" class=\"wp-image-68657\"\/><\/a><\/figure>\n\n\n\n<p><strong>\u201cSom el primer pa\u00eds del m\u00f3n que distribuir\u00e0 de manera universal i gratu\u00efta productes menstruals reutilitzables acompanyats d\u2019informaci\u00f3 de qualitat i assessorament de les farm\u00e0cies\u201d, <\/strong>ha afirmat la consellera Verge en l\u2019inici de la seva intervenci\u00f3. <strong>\u201cEn un moment de q\u00fcestionament i retroc\u00e9s dels drets sexuals i reproductius, des del Govern de Catalunya tenim molt clar que cal defensar-los per\u00f2, a m\u00e9s, cal anar m\u00e9s enll\u00e0 i per aix\u00f2 apostem per introduir nous drets, com el de l\u2019equitat menstrual\u201d, <\/strong>ha sentenciat la consellera d\u2019Igualtat i Feminismes.<\/p>\n\n\n\n<p>Per la seva banda, el president del Consell de Col\u00b7legis Farmac\u00e8utics de Catalunya (CCFC) ha afirmat que, a partir de dilluns, <strong>\u201cles m\u00e9s de 3.280 farm\u00e0cies catalanes estem preparades al 100% perqu\u00e8 la poblaci\u00f3 vingui a recollir el seu producte menstrual sostenible i reutilitzable\u201d<\/strong>. I ha afegit: \u201cAmb aquest projecte <strong>tenim l\u2019oportunitat de demostrar novament la doble vessant social i sanit\u00e0ria que caracteritza la professi\u00f3 farmac\u00e8utica<\/strong>. Gr\u00e0cies a la nostra proximitat i capil\u00b7laritat al territori, aix\u00ed com la confian\u00e7a amb la ciutadania, contribuirem a fer m\u00e9s accessibles aquests productes\u201d.<\/p>\n\n\n\n<h2 class=\"wp-block-heading\"><strong>\u201cLa meva regla, les meves regles\u201d<\/strong><\/h2>\n\n\n\n<p>L\u2019acci\u00f3 \u201cLa meva regla, les meves regles\u201d, inclosa en el Pla integral d\u2019equitat menstrual i climateri 2023-2025, converteix Catalunya en el primer pa\u00eds del m\u00f3n en garantir l\u2019acc\u00e9s igualitari i universal als productes menstruals reutilitzables, a l\u2019educaci\u00f3 sobre el propi cos, i a la salut amb perspectiva de g\u00e8nere.<\/p>\n\n\n\n<p>Totes les dones i persones menstruants de Catalunya podran escollir entre una copa, unes calces menstruals o un parell de compreses reutilitzables i recollir-ho gratu\u00eftament a la farm\u00e0cia. Per obtenir el producte de la seva prefer\u00e8ncia la persona interessada nom\u00e9s haur\u00e0 de presentar el codi QR, individual i intransferible, que obtindr\u00e0 mitjan\u00e7ant l\u2019espai de salut digitalLa Meva Salut (tant via p\u00e0gina web o via aplicaci\u00f3 m\u00f2bil).<\/p>\n\n\n\n<p>\u00c9s important tenir en compte que en el cas d\u2019utilitzar l\u2019aplicaci\u00f3 per a tel\u00e8fon m\u00f2bil cal que aquesta estigui actualitzada. En el cas que tot i aix\u00ed, no aparegui el codi QR, s\u2019ha habilitat un formulari en la mateixa aplicaci\u00f3 per sol\u00b7licitar-lo. El codi QR estar\u00e0 actiu a partir de dilluns i fins al 2025 a l\u2019espai de La Meva Salut. Un cop lliurat el producte a la farm\u00e0cia, es desactivar\u00e0.<\/p>\n\n\n\n<h2 class=\"wp-block-heading\"><strong>La import\u00e0ncia de la informaci\u00f3 personalitzada i assessorament del farmac\u00e8utic\/a<\/strong><\/h2>\n\n\n\n<p><strong>\u201cLes farm\u00e0cies s\u00f3n un element imprescindible en aquesta iniciativa, ja que no nom\u00e9s seran els punts de distribuci\u00f3 dels productes menstruals gratu\u00efts, sin\u00f3 que aclariran dubtes sobre la correcta utilitzaci\u00f3 de cada producte. Sobretot per a les nenes i dones que utilitzin aquests productes per primera vegada\u201d, <\/strong>ha explicat Verge.<\/p>\n\n\n\n<p>Aix\u00ed mateix, Casas ha posat en valor el paper de les farm\u00e0cies comunit\u00e0ries, que \u201cva molt m\u00e9s enll\u00e0 de la dispensaci\u00f3\u201d: <strong>\u201cAl capdavant de les farm\u00e0cies ens trobem professionals sanitaris, que aportarem l\u2019assessorament i orientaci\u00f3 adequades per a la tria del producte, i oferirem educaci\u00f3 en termes de salut sexual i reproductiva\u201d. <\/strong>Tamb\u00e9 ha posat de manifest la import\u00e0ncia de \u201c<strong>la col\u00b7laboraci\u00f3 entre els diferents agents de la cadena del medicament\u201d, en aquest cas, els 4 magatzems de distribuci\u00f3 participants \u2013Alliance Healthcare, Fedefarma, Cofares i Hefame- i les farm\u00e0cies comunit\u00e0ries.<\/strong><\/p>\n\n\n\n<p>En el moment de l\u2019entrega, els i les professionals farmac\u00e8utiques explicaran quins s\u00f3n els productes menstruals que es reparteixen i assessoraran per facilitar l\u2019elecci\u00f3 del producte que m\u00e9s s&#8217;ajusti a les necessitats de cada persona. Tot generant un espai de confian\u00e7a on poder expressar-se i compartir dubtes i inquietuds.<\/p>\n\n\n\n<p>La informaci\u00f3 personalitzada de les farm\u00e0cies \u00e9s clau per afavorir l\u2019\u00fas d\u2019aquests productes, especialment per a les persones que els utilitzen per primera vegada, i per fomentar el coneixement de la poblaci\u00f3 sobre el cicle menstrual, per aix\u00f2 s\u2019han dut a terme formacions arreu de Catalunya dirigides als farmac\u00e8utics i farmac\u00e8utiques.<\/p>\n\n\n\n<p>Tanmateix, per tal de poder donar resposta als dubtes que la ciutadania pugui tenir en relaci\u00f3 amb la distribuci\u00f3 dels productes menstruals reutilitzables, s\u2019ha habilitat una l\u00ednia de comunicaci\u00f3 espec\u00edfica el tel\u00e8fon 061 Salut Respon.<\/p>\n\n\n\n<p><\/p>\n\n\n\n<p><strong>Altres publicacions d\u2019inter\u00e8s:<\/strong><\/p>\n\n\n\n<ul class=\"wp-block-list\"><li><a href=\"https:\/\/blog.cofb.cat\/blog\/2023\/10\/30\/el-consell-de-collegis-farmaceutics-de-catalunya-i-igualtat-i-feminismes-posen-en-marxa-les-formacions-als-farmaceutics-ques-sobre-productes-menstruals-reutilitzables\/\" target=\"_blank\" rel=\"noreferrer noopener\">El Consell de Col\u00b7legis Farmac\u00e8utics de Catalunya i Igualtat i Feminismes posen en marxa les formacions als farmac\u00e8utics\/ques sobre productes menstruals reutilitzables (Octubre 2023)<\/a><\/li><li><a href=\"https:\/\/blog.cofb.cat\/blog\/2023\/09\/21\/les-farmacies-catalanes-collaboren-amb-el-govern-per-distribuir-gratuitament-productes-menstruals-reutilitzables-a-partir-de-2024\/\">Les farm\u00e0cies catalanes&nbsp;<\/a><a href=\"https:\/\/blog.cofb.cat\/blog\/2023\/09\/21\/les-farmacies-catalanes-collaboren-amb-el-govern-per-distribuir-gratuitament-productes-menstruals-reutilitzables-a-partir-de-2024\/\" target=\"_blank\" rel=\"noreferrer noopener\">col\u00b7laboren amb el Govern per distribuir gratu\u00eftament productes menstruals reutilitzables a partir de 2024 (Setembre<\/a><a href=\"https:\/\/blog.cofb.cat\/blog\/2023\/09\/21\/les-farmacies-catalanes-collaboren-amb-el-govern-per-distribuir-gratuitament-productes-menstruals-reutilitzables-a-partir-de-2024\/\">&nbsp;2023)<\/a><\/li><\/ul>\n","protected":false},"excerpt":{"rendered":"<p>A partir del pr\u00f2xim dilluns, 4 de mar\u00e7, les farm\u00e0cies catalanes comen\u00e7aran a dispensar gratu\u00eftament productes menstruals reutilitzables. Aix\u00ed ho han anunciat la consellera d\u2019Igualtat i Feminismes, T\u00e0nia Verge i Mestre, i el president del Consell de Col\u00b7legis Farmac\u00e8utics de Catalunya (CCFC), Jordi Casas S\u00e1nchez, en un acte celebrat a [&hellip;]<\/p>\n","protected":false},"author":1,"featured_media":77956,"comment_status":"open","ping_status":"open","sticky":false,"template":"","format":"standard","meta":{"_uag_custom_page_level_css":"","site-sidebar-layout":"default","site-content-layout":"","ast-site-content-layout":"default","site-content-style":"default","site-sidebar-style":"default","ast-global-header-display":"","ast-banner-title-visibility":"","ast-main-header-display":"","ast-hfb-above-header-display":"","ast-hfb-below-header-display":"","ast-hfb-mobile-header-display":"","site-post-title":"","ast-breadcrumbs-content":"","ast-featured-img":"disabled","footer-sml-layout":"","theme-transparent-header-meta":"","adv-header-id-meta":"","stick-header-meta":"","header-above-stick-meta":"","header-main-stick-meta":"","header-below-stick-meta":"","astra-migrate-meta-layouts":"set","ast-page-background-enabled":"default","ast-page-background-meta":{"desktop":{"background-color":"var(--ast-global-color-4)","background-image":"","background-repeat":"repeat","background-position":"center center","background-size":"auto","background-attachment":"scroll","background-type":"","background-media":"","overlay-type":"","overlay-color":"","overlay-opacity":"","overlay-gradient":""},"tablet":{"background-color":"","background-image":"","background-repeat":"repeat","background-position":"center center","background-size":"auto","background-attachment":"scroll","background-type":"","background-media":"","overlay-type":"","overlay-color":"","overlay-opacity":"","overlay-gradient":""},"mobile":{"background-color":"","background-image":"","background-repeat":"repeat","background-position":"center center","background-size":"auto","background-attachment":"scroll","background-type":"","background-media":"","overlay-type":"","overlay-color":"","overlay-opacity":"","overlay-gradient":""}},"ast-content-background-meta":{"desktop":{"background-color":"var(--ast-global-color-5)","background-image":"","background-repeat":"repeat","background-position":"center center","background-size":"auto","background-attachment":"scroll","background-type":"","background-media":"","overlay-type":"","overlay-color":"","overlay-opacity":"","overlay-gradient":""},"tablet":{"background-color":"var(--ast-global-color-5)","background-image":"","background-repeat":"repeat","background-position":"center center","background-size":"auto","background-attachment":"scroll","background-type":"","background-media":"","overlay-type":"","overlay-color":"","overlay-opacity":"","overlay-gradient":""},"mobile":{"background-color":"var(--ast-global-color-5)","background-image":"","background-repeat":"repeat","background-position":"center center","background-size":"auto","background-attachment":"scroll","background-type":"","background-media":"","overlay-type":"","overlay-color":"","overlay-opacity":"","overlay-gradient":""}},"footnotes":""},"categories":[23,57],"tags":[64,18,19,163,53,69,914,3961,4942,4943,4944,76],"class_list":["post-77799","post","type-post","status-publish","format-standard","has-post-thumbnail","hentry","category-destacats","category-mon-collegial","tag-atencio-farmaceutica","tag-cofb","tag-collegi-de-farmaceutics-de-barcelona","tag-consell-de-collegis-farmaceutics-de-catalunya","tag-farmaceutics","tag-farmacia-comunitaria","tag-generalitat-de-catalunya","tag-igualtat","tag-la-meva-regla","tag-les-meves-regles","tag-menstruacio","tag-oficina-de-farmacia"],"yoast_head":"<!-- This site is optimized with the Yoast SEO plugin v22.4 - https:\/\/yoast.com\/wordpress\/plugins\/seo\/ -->\n<title>El pr\u00f2xim dilluns, 4 de mar\u00e7, comen\u00e7a la distribuci\u00f3 gratu\u00efta de productes menstruals reutilitzables a les farm\u00e0cies catalanes - Col\u00b7legi de Farmac\u00e8utics de Barcelona<\/title>\n<meta name=\"description\" content=\"A partir del pr\u00f2xim dilluns, 4 de mar\u00e7, les farm\u00e0cies catalanes comen\u00e7aran a dispensar gratu\u00eftament productes menstruals reutilitzables.\" \/>\n<meta name=\"robots\" content=\"index, follow, max-snippet:-1, max-image-preview:large, max-video-preview:-1\" \/>\n<link rel=\"canonical\" href=\"https:\/\/novaorg.cofb.net\/2024\/02\/29\/el-proxim-dilluns-4-de-marc-comenca-la-distribucio-gratuita-de-productes-menstruals-reutilitzables-a-les-farmacies-catalanes\/\" \/>\n<meta property=\"og:locale\" content=\"ca_ES\" \/>\n<meta property=\"og:type\" content=\"article\" \/>\n<meta property=\"og:title\" content=\"El pr\u00f2xim dilluns, 4 de mar\u00e7, comen\u00e7a la distribuci\u00f3 gratu\u00efta de productes menstruals reutilitzables a les farm\u00e0cies catalanes - Col\u00b7legi de Farmac\u00e8utics de Barcelona\" \/>\n<meta property=\"og:description\" content=\"A partir del pr\u00f2xim dilluns, 4 de mar\u00e7, les farm\u00e0cies catalanes comen\u00e7aran a dispensar gratu\u00eftament productes menstruals reutilitzables.\" \/>\n<meta property=\"og:url\" content=\"https:\/\/novaorg.cofb.net\/2024\/02\/29\/el-proxim-dilluns-4-de-marc-comenca-la-distribucio-gratuita-de-productes-menstruals-reutilitzables-a-les-farmacies-catalanes\/\" \/>\n<meta property=\"og:site_name\" content=\"Col\u00b7legi de Farmac\u00e8utics de Barcelona\" \/>\n<meta property=\"article:publisher\" content=\"https:\/\/www.facebook.com\/farmaceuticsbcn\/\" \/>\n<meta property=\"article:published_time\" content=\"2024-02-29T16:32:08+00:00\" \/>\n<meta property=\"article:modified_time\" content=\"2024-04-05T10:08:24+00:00\" \/>\n<meta property=\"og:image\" content=\"https:\/\/novaorg.cofb.net\/wp-content\/uploads\/2024\/04\/COFB_LA-MEVA-REGLA-LES-MEVES-REGLES_29022024-1024x683-1.jpeg\" \/>\n\t<meta property=\"og:image:width\" content=\"1024\" \/>\n\t<meta property=\"og:image:height\" content=\"683\" \/>\n\t<meta property=\"og:image:type\" content=\"image\/jpeg\" \/>\n<meta name=\"author\" content=\"wpAdminCofbOrg\" \/>\n<meta name=\"twitter:card\" content=\"summary_large_image\" \/>\n<meta name=\"twitter:creator\" content=\"@farmaceuticsbcn\" \/>\n<meta name=\"twitter:site\" content=\"@farmaceuticsbcn\" \/>\n<meta name=\"twitter:label1\" content=\"Escrit per\" \/>\n\t<meta name=\"twitter:data1\" content=\"wpAdminCofbOrg\" \/>\n\t<meta name=\"twitter:label2\" content=\"Temps estimat de lectura\" \/>\n\t<meta name=\"twitter:data2\" content=\"5 minuts\" \/>\n<script type=\"application\/ld+json\" class=\"yoast-schema-graph\">{\"@context\":\"https:\/\/schema.org\",\"@graph\":[{\"@type\":\"Article\",\"@id\":\"https:\/\/novaorg.cofb.net\/2024\/02\/29\/el-proxim-dilluns-4-de-marc-comenca-la-distribucio-gratuita-de-productes-menstruals-reutilitzables-a-les-farmacies-catalanes\/#article\",\"isPartOf\":{\"@id\":\"https:\/\/novaorg.cofb.net\/2024\/02\/29\/el-proxim-dilluns-4-de-marc-comenca-la-distribucio-gratuita-de-productes-menstruals-reutilitzables-a-les-farmacies-catalanes\/\"},\"author\":{\"name\":\"wpAdminCofbOrg\",\"@id\":\"https:\/\/www.cofb.org\/#\/schema\/person\/22ed7eea88da74b0fa4d3154ad87ffcb\"},\"headline\":\"El pr\u00f2xim dilluns, 4 de mar\u00e7, comen\u00e7a la distribuci\u00f3 gratu\u00efta de productes menstruals reutilitzables a les farm\u00e0cies catalanes\",\"datePublished\":\"2024-02-29T16:32:08+00:00\",\"dateModified\":\"2024-04-05T10:08:24+00:00\",\"mainEntityOfPage\":{\"@id\":\"https:\/\/novaorg.cofb.net\/2024\/02\/29\/el-proxim-dilluns-4-de-marc-comenca-la-distribucio-gratuita-de-productes-menstruals-reutilitzables-a-les-farmacies-catalanes\/\"},\"wordCount\":882,\"commentCount\":0,\"publisher\":{\"@id\":\"https:\/\/www.cofb.org\/#organization\"},\"image\":{\"@id\":\"https:\/\/novaorg.cofb.net\/2024\/02\/29\/el-proxim-dilluns-4-de-marc-comenca-la-distribucio-gratuita-de-productes-menstruals-reutilitzables-a-les-farmacies-catalanes\/#primaryimage\"},\"thumbnailUrl\":\"https:\/\/www.cofb.org\/wp-content\/uploads\/2024\/04\/COFB_LA-MEVA-REGLA-LES-MEVES-REGLES_29022024-1024x683-1.jpeg\",\"keywords\":[\"Atenci\u00f3 farmac\u00e8utica\",\"COFB\",\"Col\u00b7legi de Farmac\u00e8utics de Barcelona\",\"Consell de Col\u00b7legis Farmac\u00e8utics de Catalunya\",\"farmac\u00e8utics\",\"farm\u00e0cia comunit\u00e0ria\",\"Generalitat de Catalunya\",\"igualtat\",\"La meva regla\",\"Les meves regles\",\"Menstruaci\u00f3\",\"Oficina de farm\u00e0cia\"],\"articleSection\":[\"Destacats\",\"M\u00f3n col\u00b7legial\"],\"inLanguage\":\"ca\",\"potentialAction\":[{\"@type\":\"CommentAction\",\"name\":\"Comment\",\"target\":[\"https:\/\/novaorg.cofb.net\/2024\/02\/29\/el-proxim-dilluns-4-de-marc-comenca-la-distribucio-gratuita-de-productes-menstruals-reutilitzables-a-les-farmacies-catalanes\/#respond\"]}]},{\"@type\":\"WebPage\",\"@id\":\"https:\/\/novaorg.cofb.net\/2024\/02\/29\/el-proxim-dilluns-4-de-marc-comenca-la-distribucio-gratuita-de-productes-menstruals-reutilitzables-a-les-farmacies-catalanes\/\",\"url\":\"https:\/\/novaorg.cofb.net\/2024\/02\/29\/el-proxim-dilluns-4-de-marc-comenca-la-distribucio-gratuita-de-productes-menstruals-reutilitzables-a-les-farmacies-catalanes\/\",\"name\":\"El pr\u00f2xim dilluns, 4 de mar\u00e7, comen\u00e7a la distribuci\u00f3 gratu\u00efta de productes menstruals reutilitzables a les farm\u00e0cies catalanes - Col\u00b7legi de Farmac\u00e8utics de Barcelona\",\"isPartOf\":{\"@id\":\"https:\/\/www.cofb.org\/#website\"},\"primaryImageOfPage\":{\"@id\":\"https:\/\/novaorg.cofb.net\/2024\/02\/29\/el-proxim-dilluns-4-de-marc-comenca-la-distribucio-gratuita-de-productes-menstruals-reutilitzables-a-les-farmacies-catalanes\/#primaryimage\"},\"image\":{\"@id\":\"https:\/\/novaorg.cofb.net\/2024\/02\/29\/el-proxim-dilluns-4-de-marc-comenca-la-distribucio-gratuita-de-productes-menstruals-reutilitzables-a-les-farmacies-catalanes\/#primaryimage\"},\"thumbnailUrl\":\"https:\/\/www.cofb.org\/wp-content\/uploads\/2024\/04\/COFB_LA-MEVA-REGLA-LES-MEVES-REGLES_29022024-1024x683-1.jpeg\",\"datePublished\":\"2024-02-29T16:32:08+00:00\",\"dateModified\":\"2024-04-05T10:08:24+00:00\",\"description\":\"A partir del pr\u00f2xim dilluns, 4 de mar\u00e7, les farm\u00e0cies catalanes comen\u00e7aran a dispensar gratu\u00eftament productes menstruals reutilitzables.\",\"breadcrumb\":{\"@id\":\"https:\/\/novaorg.cofb.net\/2024\/02\/29\/el-proxim-dilluns-4-de-marc-comenca-la-distribucio-gratuita-de-productes-menstruals-reutilitzables-a-les-farmacies-catalanes\/#breadcrumb\"},\"inLanguage\":\"ca\",\"potentialAction\":[{\"@type\":\"ReadAction\",\"target\":[\"https:\/\/novaorg.cofb.net\/2024\/02\/29\/el-proxim-dilluns-4-de-marc-comenca-la-distribucio-gratuita-de-productes-menstruals-reutilitzables-a-les-farmacies-catalanes\/\"]}]},{\"@type\":\"ImageObject\",\"inLanguage\":\"ca\",\"@id\":\"https:\/\/novaorg.cofb.net\/2024\/02\/29\/el-proxim-dilluns-4-de-marc-comenca-la-distribucio-gratuita-de-productes-menstruals-reutilitzables-a-les-farmacies-catalanes\/#primaryimage\",\"url\":\"https:\/\/www.cofb.org\/wp-content\/uploads\/2024\/04\/COFB_LA-MEVA-REGLA-LES-MEVES-REGLES_29022024-1024x683-1.jpeg\",\"contentUrl\":\"https:\/\/www.cofb.org\/wp-content\/uploads\/2024\/04\/COFB_LA-MEVA-REGLA-LES-MEVES-REGLES_29022024-1024x683-1.jpeg\",\"width\":1024,\"height\":683},{\"@type\":\"BreadcrumbList\",\"@id\":\"https:\/\/novaorg.cofb.net\/2024\/02\/29\/el-proxim-dilluns-4-de-marc-comenca-la-distribucio-gratuita-de-productes-menstruals-reutilitzables-a-les-farmacies-catalanes\/#breadcrumb\",\"itemListElement\":[{\"@type\":\"ListItem\",\"position\":1,\"name\":\"Inici\",\"item\":\"https:\/\/novaorg.cofb.net\/\"},{\"@type\":\"ListItem\",\"position\":2,\"name\":\"El pr\u00f2xim dilluns, 4 de mar\u00e7, comen\u00e7a la distribuci\u00f3 gratu\u00efta de productes menstruals reutilitzables a les farm\u00e0cies catalanes\"}]},{\"@type\":\"WebSite\",\"@id\":\"https:\/\/www.cofb.org\/#website\",\"url\":\"https:\/\/www.cofb.org\/\",\"name\":\"Col\u00b7legi de Farmac\u00e8utics de Barcelona\",\"description\":\"\",\"publisher\":{\"@id\":\"https:\/\/www.cofb.org\/#organization\"},\"potentialAction\":[{\"@type\":\"SearchAction\",\"target\":{\"@type\":\"EntryPoint\",\"urlTemplate\":\"https:\/\/www.cofb.org\/?s={search_term_string}\"},\"query-input\":\"required name=search_term_string\"}],\"inLanguage\":\"ca\"},{\"@type\":\"Organization\",\"@id\":\"https:\/\/www.cofb.org\/#organization\",\"name\":\"Col\u00b7legi de Farmac\u00e8utics de Barcelona\",\"url\":\"https:\/\/www.cofb.org\/\",\"logo\":{\"@type\":\"ImageObject\",\"inLanguage\":\"ca\",\"@id\":\"https:\/\/www.cofb.org\/#\/schema\/logo\/image\/\",\"url\":\"https:\/\/www.cofb.org\/wp-content\/uploads\/2023\/11\/cropped-Logotip-COFB.png\",\"contentUrl\":\"https:\/\/www.cofb.org\/wp-content\/uploads\/2023\/11\/cropped-Logotip-COFB.png\",\"width\":500,\"height\":105,\"caption\":\"Col\u00b7legi de Farmac\u00e8utics de Barcelona\"},\"image\":{\"@id\":\"https:\/\/www.cofb.org\/#\/schema\/logo\/image\/\"},\"sameAs\":[\"https:\/\/www.facebook.com\/farmaceuticsbcn\/\",\"https:\/\/twitter.com\/farmaceuticsbcn\",\"https:\/\/www.instagram.com\/farmaceuticsbcn\/\",\"https:\/\/www.linkedin.com\/company\/farmaceuticsbcn\/\"]},{\"@type\":\"Person\",\"@id\":\"https:\/\/www.cofb.org\/#\/schema\/person\/22ed7eea88da74b0fa4d3154ad87ffcb\",\"name\":\"wpAdminCofbOrg\",\"image\":{\"@type\":\"ImageObject\",\"inLanguage\":\"ca\",\"@id\":\"https:\/\/www.cofb.org\/#\/schema\/person\/image\/\",\"url\":\"https:\/\/secure.gravatar.com\/avatar\/1721b20b3b8ca882c3b56ec6c978c594fff670e40c0718e9190eaeeb76aae7d8?s=96&d=mm&r=g\",\"contentUrl\":\"https:\/\/secure.gravatar.com\/avatar\/1721b20b3b8ca882c3b56ec6c978c594fff670e40c0718e9190eaeeb76aae7d8?s=96&d=mm&r=g\",\"caption\":\"wpAdminCofbOrg\"},\"sameAs\":[\"http:\/\/192.168.64.122\/wordpress\"],\"url\":\"https:\/\/www.cofb.org\/ca\/author\/wpadmincofborg\/\"}]}<\/script>\n<!-- \/ Yoast SEO plugin. -->","yoast_head_json":{"title":"El pr\u00f2xim dilluns, 4 de mar\u00e7, comen\u00e7a la distribuci\u00f3 gratu\u00efta de productes menstruals reutilitzables a les farm\u00e0cies catalanes - Col\u00b7legi de Farmac\u00e8utics de Barcelona","description":"A partir del pr\u00f2xim dilluns, 4 de mar\u00e7, les farm\u00e0cies catalanes comen\u00e7aran a dispensar gratu\u00eftament productes menstruals reutilitzables.","robots":{"index":"index","follow":"follow","max-snippet":"max-snippet:-1","max-image-preview":"max-image-preview:large","max-video-preview":"max-video-preview:-1"},"canonical":"https:\/\/novaorg.cofb.net\/2024\/02\/29\/el-proxim-dilluns-4-de-marc-comenca-la-distribucio-gratuita-de-productes-menstruals-reutilitzables-a-les-farmacies-catalanes\/","og_locale":"ca_ES","og_type":"article","og_title":"El pr\u00f2xim dilluns, 4 de mar\u00e7, comen\u00e7a la distribuci\u00f3 gratu\u00efta de productes menstruals reutilitzables a les farm\u00e0cies catalanes - Col\u00b7legi de Farmac\u00e8utics de Barcelona","og_description":"A partir del pr\u00f2xim dilluns, 4 de mar\u00e7, les farm\u00e0cies catalanes comen\u00e7aran a dispensar gratu\u00eftament productes menstruals reutilitzables.","og_url":"https:\/\/novaorg.cofb.net\/2024\/02\/29\/el-proxim-dilluns-4-de-marc-comenca-la-distribucio-gratuita-de-productes-menstruals-reutilitzables-a-les-farmacies-catalanes\/","og_site_name":"Col\u00b7legi de Farmac\u00e8utics de Barcelona","article_publisher":"https:\/\/www.facebook.com\/farmaceuticsbcn\/","article_published_time":"2024-02-29T16:32:08+00:00","article_modified_time":"2024-04-05T10:08:24+00:00","og_image":[{"width":1024,"height":683,"url":"https:\/\/novaorg.cofb.net\/wp-content\/uploads\/2024\/04\/COFB_LA-MEVA-REGLA-LES-MEVES-REGLES_29022024-1024x683-1.jpeg","type":"image\/jpeg"}],"author":"wpAdminCofbOrg","twitter_card":"summary_large_image","twitter_creator":"@farmaceuticsbcn","twitter_site":"@farmaceuticsbcn","twitter_misc":{"Escrit per":"wpAdminCofbOrg","Temps estimat de lectura":"5 minuts"},"schema":{"@context":"https:\/\/schema.org","@graph":[{"@type":"Article","@id":"https:\/\/novaorg.cofb.net\/2024\/02\/29\/el-proxim-dilluns-4-de-marc-comenca-la-distribucio-gratuita-de-productes-menstruals-reutilitzables-a-les-farmacies-catalanes\/#article","isPartOf":{"@id":"https:\/\/novaorg.cofb.net\/2024\/02\/29\/el-proxim-dilluns-4-de-marc-comenca-la-distribucio-gratuita-de-productes-menstruals-reutilitzables-a-les-farmacies-catalanes\/"},"author":{"name":"wpAdminCofbOrg","@id":"https:\/\/www.cofb.org\/#\/schema\/person\/22ed7eea88da74b0fa4d3154ad87ffcb"},"headline":"El pr\u00f2xim dilluns, 4 de mar\u00e7, comen\u00e7a la distribuci\u00f3 gratu\u00efta de productes menstruals reutilitzables a les farm\u00e0cies catalanes","datePublished":"2024-02-29T16:32:08+00:00","dateModified":"2024-04-05T10:08:24+00:00","mainEntityOfPage":{"@id":"https:\/\/novaorg.cofb.net\/2024\/02\/29\/el-proxim-dilluns-4-de-marc-comenca-la-distribucio-gratuita-de-productes-menstruals-reutilitzables-a-les-farmacies-catalanes\/"},"wordCount":882,"commentCount":0,"publisher":{"@id":"https:\/\/www.cofb.org\/#organization"},"image":{"@id":"https:\/\/novaorg.cofb.net\/2024\/02\/29\/el-proxim-dilluns-4-de-marc-comenca-la-distribucio-gratuita-de-productes-menstruals-reutilitzables-a-les-farmacies-catalanes\/#primaryimage"},"thumbnailUrl":"https:\/\/www.cofb.org\/wp-content\/uploads\/2024\/04\/COFB_LA-MEVA-REGLA-LES-MEVES-REGLES_29022024-1024x683-1.jpeg","keywords":["Atenci\u00f3 farmac\u00e8utica","COFB","Col\u00b7legi de Farmac\u00e8utics de Barcelona","Consell de Col\u00b7legis Farmac\u00e8utics de Catalunya","farmac\u00e8utics","farm\u00e0cia comunit\u00e0ria","Generalitat de Catalunya","igualtat","La meva regla","Les meves regles","Menstruaci\u00f3","Oficina de farm\u00e0cia"],"articleSection":["Destacats","M\u00f3n col\u00b7legial"],"inLanguage":"ca","potentialAction":[{"@type":"CommentAction","name":"Comment","target":["https:\/\/novaorg.cofb.net\/2024\/02\/29\/el-proxim-dilluns-4-de-marc-comenca-la-distribucio-gratuita-de-productes-menstruals-reutilitzables-a-les-farmacies-catalanes\/#respond"]}]},{"@type":"WebPage","@id":"https:\/\/novaorg.cofb.net\/2024\/02\/29\/el-proxim-dilluns-4-de-marc-comenca-la-distribucio-gratuita-de-productes-menstruals-reutilitzables-a-les-farmacies-catalanes\/","url":"https:\/\/novaorg.cofb.net\/2024\/02\/29\/el-proxim-dilluns-4-de-marc-comenca-la-distribucio-gratuita-de-productes-menstruals-reutilitzables-a-les-farmacies-catalanes\/","name":"El pr\u00f2xim dilluns, 4 de mar\u00e7, comen\u00e7a la distribuci\u00f3 gratu\u00efta de productes menstruals reutilitzables a les farm\u00e0cies catalanes - Col\u00b7legi de Farmac\u00e8utics de Barcelona","isPartOf":{"@id":"https:\/\/www.cofb.org\/#website"},"primaryImageOfPage":{"@id":"https:\/\/novaorg.cofb.net\/2024\/02\/29\/el-proxim-dilluns-4-de-marc-comenca-la-distribucio-gratuita-de-productes-menstruals-reutilitzables-a-les-farmacies-catalanes\/#primaryimage"},"image":{"@id":"https:\/\/novaorg.cofb.net\/2024\/02\/29\/el-proxim-dilluns-4-de-marc-comenca-la-distribucio-gratuita-de-productes-menstruals-reutilitzables-a-les-farmacies-catalanes\/#primaryimage"},"thumbnailUrl":"https:\/\/www.cofb.org\/wp-content\/uploads\/2024\/04\/COFB_LA-MEVA-REGLA-LES-MEVES-REGLES_29022024-1024x683-1.jpeg","datePublished":"2024-02-29T16:32:08+00:00","dateModified":"2024-04-05T10:08:24+00:00","description":"A partir del pr\u00f2xim dilluns, 4 de mar\u00e7, les farm\u00e0cies catalanes comen\u00e7aran a dispensar gratu\u00eftament productes menstruals reutilitzables.","breadcrumb":{"@id":"https:\/\/novaorg.cofb.net\/2024\/02\/29\/el-proxim-dilluns-4-de-marc-comenca-la-distribucio-gratuita-de-productes-menstruals-reutilitzables-a-les-farmacies-catalanes\/#breadcrumb"},"inLanguage":"ca","potentialAction":[{"@type":"ReadAction","target":["https:\/\/novaorg.cofb.net\/2024\/02\/29\/el-proxim-dilluns-4-de-marc-comenca-la-distribucio-gratuita-de-productes-menstruals-reutilitzables-a-les-farmacies-catalanes\/"]}]},{"@type":"ImageObject","inLanguage":"ca","@id":"https:\/\/novaorg.cofb.net\/2024\/02\/29\/el-proxim-dilluns-4-de-marc-comenca-la-distribucio-gratuita-de-productes-menstruals-reutilitzables-a-les-farmacies-catalanes\/#primaryimage","url":"https:\/\/www.cofb.org\/wp-content\/uploads\/2024\/04\/COFB_LA-MEVA-REGLA-LES-MEVES-REGLES_29022024-1024x683-1.jpeg","contentUrl":"https:\/\/www.cofb.org\/wp-content\/uploads\/2024\/04\/COFB_LA-MEVA-REGLA-LES-MEVES-REGLES_29022024-1024x683-1.jpeg","width":1024,"height":683},{"@type":"BreadcrumbList","@id":"https:\/\/novaorg.cofb.net\/2024\/02\/29\/el-proxim-dilluns-4-de-marc-comenca-la-distribucio-gratuita-de-productes-menstruals-reutilitzables-a-les-farmacies-catalanes\/#breadcrumb","itemListElement":[{"@type":"ListItem","position":1,"name":"Inici","item":"https:\/\/novaorg.cofb.net\/"},{"@type":"ListItem","position":2,"name":"El pr\u00f2xim dilluns, 4 de mar\u00e7, comen\u00e7a la distribuci\u00f3 gratu\u00efta de productes menstruals reutilitzables a les farm\u00e0cies catalanes"}]},{"@type":"WebSite","@id":"https:\/\/www.cofb.org\/#website","url":"https:\/\/www.cofb.org\/","name":"Col\u00b7legi de Farmac\u00e8utics de Barcelona","description":"","publisher":{"@id":"https:\/\/www.cofb.org\/#organization"},"potentialAction":[{"@type":"SearchAction","target":{"@type":"EntryPoint","urlTemplate":"https:\/\/www.cofb.org\/?s={search_term_string}"},"query-input":"required name=search_term_string"}],"inLanguage":"ca"},{"@type":"Organization","@id":"https:\/\/www.cofb.org\/#organization","name":"Col\u00b7legi de Farmac\u00e8utics de Barcelona","url":"https:\/\/www.cofb.org\/","logo":{"@type":"ImageObject","inLanguage":"ca","@id":"https:\/\/www.cofb.org\/#\/schema\/logo\/image\/","url":"https:\/\/www.cofb.org\/wp-content\/uploads\/2023\/11\/cropped-Logotip-COFB.png","contentUrl":"https:\/\/www.cofb.org\/wp-content\/uploads\/2023\/11\/cropped-Logotip-COFB.png","width":500,"height":105,"caption":"Col\u00b7legi de Farmac\u00e8utics de Barcelona"},"image":{"@id":"https:\/\/www.cofb.org\/#\/schema\/logo\/image\/"},"sameAs":["https:\/\/www.facebook.com\/farmaceuticsbcn\/","https:\/\/twitter.com\/farmaceuticsbcn","https:\/\/www.instagram.com\/farmaceuticsbcn\/","https:\/\/www.linkedin.com\/company\/farmaceuticsbcn\/"]},{"@type":"Person","@id":"https:\/\/www.cofb.org\/#\/schema\/person\/22ed7eea88da74b0fa4d3154ad87ffcb","name":"wpAdminCofbOrg","image":{"@type":"ImageObject","inLanguage":"ca","@id":"https:\/\/www.cofb.org\/#\/schema\/person\/image\/","url":"https:\/\/secure.gravatar.com\/avatar\/1721b20b3b8ca882c3b56ec6c978c594fff670e40c0718e9190eaeeb76aae7d8?s=96&d=mm&r=g","contentUrl":"https:\/\/secure.gravatar.com\/avatar\/1721b20b3b8ca882c3b56ec6c978c594fff670e40c0718e9190eaeeb76aae7d8?s=96&d=mm&r=g","caption":"wpAdminCofbOrg"},"sameAs":["http:\/\/192.168.64.122\/wordpress"],"url":"https:\/\/www.cofb.org\/ca\/author\/wpadmincofborg\/"}]}},"uagb_featured_image_src":{"full":["https:\/\/www.cofb.org\/wp-content\/uploads\/2024\/04\/COFB_LA-MEVA-REGLA-LES-MEVES-REGLES_29022024-1024x683-1.jpeg",1024,683,false],"thumbnail":["https:\/\/www.cofb.org\/wp-content\/uploads\/2024\/04\/COFB_LA-MEVA-REGLA-LES-MEVES-REGLES_29022024-1024x683-1-150x150.jpeg",150,150,true],"medium":["https:\/\/www.cofb.org\/wp-content\/uploads\/2024\/04\/COFB_LA-MEVA-REGLA-LES-MEVES-REGLES_29022024-1024x683-1-300x200.jpeg",300,200,true],"medium_large":["https:\/\/www.cofb.org\/wp-content\/uploads\/2024\/04\/COFB_LA-MEVA-REGLA-LES-MEVES-REGLES_29022024-1024x683-1-768x512.jpeg",768,512,true],"large":["https:\/\/www.cofb.org\/wp-content\/uploads\/2024\/04\/COFB_LA-MEVA-REGLA-LES-MEVES-REGLES_29022024-1024x683-1.jpeg",1024,683,false],"1536x1536":["https:\/\/www.cofb.org\/wp-content\/uploads\/2024\/04\/COFB_LA-MEVA-REGLA-LES-MEVES-REGLES_29022024-1024x683-1.jpeg",1024,683,false],"2048x2048":["https:\/\/www.cofb.org\/wp-content\/uploads\/2024\/04\/COFB_LA-MEVA-REGLA-LES-MEVES-REGLES_29022024-1024x683-1.jpeg",1024,683,false],"trp-custom-language-flag":["https:\/\/www.cofb.org\/wp-content\/uploads\/2024\/04\/COFB_LA-MEVA-REGLA-LES-MEVES-REGLES_29022024-1024x683-1-18x12.jpeg",18,12,true]},"uagb_author_info":{"display_name":"wpAdminCofbOrg","author_link":"https:\/\/www.cofb.org\/ca\/author\/wpadmincofborg\/"},"uagb_comment_info":0,"uagb_excerpt":"A partir del pr\u00f2xim dilluns, 4 de mar\u00e7, les farm\u00e0cies catalanes comen\u00e7aran a dispensar gratu\u00eftament productes menstruals reutilitzables. Aix\u00ed ho han anunciat la consellera d\u2019Igualtat i Feminismes, T\u00e0nia Verge i Mestre, i el president del Consell de Col\u00b7legis Farmac\u00e8utics de Catalunya (CCFC), Jordi Casas S\u00e1nchez, en un acte celebrat a [&hellip;]","_links":{"self":[{"href":"https:\/\/www.cofb.org\/ca\/wp-json\/wp\/v2\/posts\/77799","targetHints":{"allow":["GET"]}}],"collection":[{"href":"https:\/\/www.cofb.org\/ca\/wp-json\/wp\/v2\/posts"}],"about":[{"href":"https:\/\/www.cofb.org\/ca\/wp-json\/wp\/v2\/types\/post"}],"author":[{"embeddable":true,"href":"https:\/\/www.cofb.org\/ca\/wp-json\/wp\/v2\/users\/1"}],"replies":[{"embeddable":true,"href":"https:\/\/www.cofb.org\/ca\/wp-json\/wp\/v2\/comments?post=77799"}],"version-history":[{"count":1,"href":"https:\/\/www.cofb.org\/ca\/wp-json\/wp\/v2\/posts\/77799\/revisions"}],"predecessor-version":[{"id":77957,"href":"https:\/\/www.cofb.org\/ca\/wp-json\/wp\/v2\/posts\/77799\/revisions\/77957"}],"wp:featuredmedia":[{"embeddable":true,"href":"https:\/\/www.cofb.org\/ca\/wp-json\/wp\/v2\/media\/77956"}],"wp:attachment":[{"href":"https:\/\/www.cofb.org\/ca\/wp-json\/wp\/v2\/media?parent=77799"}],"wp:term":[{"taxonomy":"category","embeddable":true,"href":"https:\/\/www.cofb.org\/ca\/wp-json\/wp\/v2\/categories?post=77799"},{"taxonomy":"post_tag","embeddable":true,"href":"https:\/\/www.cofb.org\/ca\/wp-json\/wp\/v2\/tags?post=77799"}],"curies":[{"name":"wp","href":"https:\/\/api.w.org\/{rel}","templated":true}]}}