{"id":77797,"date":"2024-02-28T19:44:54","date_gmt":"2024-02-28T17:44:54","guid":{"rendered":"https:\/\/blog.cofb.cat\/?p=68636"},"modified":"2024-04-05T10:12:53","modified_gmt":"2024-04-05T10:12:53","slug":"mes-de-200-posters-presentats-a-infarma-madrid-2024","status":"publish","type":"post","link":"https:\/\/www.cofb.org\/ca\/2024\/02\/28\/mes-de-200-posters-presentats-a-infarma-madrid-2024\/","title":{"rendered":"M\u00e9s de 200 p\u00f2sters presentats a \u2018Infarma Madrid 2024\u2019"},"content":{"rendered":"\n<p><strong><a href=\"https:\/\/www.infarma.es\/\" target=\"_blank\" rel=\"noreferrer noopener\">Infarma Madrid 2024 <\/a><\/strong>encara no ha comen\u00e7at i ja registra una nova xifra ressenyable: al <strong>tancament del termini de presentaci\u00f3 de p\u00f2sters<\/strong>,<strong> s&#8217;han rebut un total de 201<\/strong>. Aquesta xifra suposa un <strong>increment del 25,37%<\/strong> respecte a la registrada en l&#8217;edici\u00f3 anterior, celebrada en 2023 a Barcelona, en la qual es van rebre 150 comunicacions.<\/p>\n\n\n\n<figure class=\"wp-block-image size-large\"><a href=\"https:\/\/blog.cofb.cat\/wp-content\/uploads\/2024\/02\/COFB_Posteres-cientificos_28022024.png\" target=\"_blank\" rel=\"noopener\"><img decoding=\"async\" src=\"https:\/\/blog.cofb.cat\/wp-content\/uploads\/2024\/02\/COFB_Posteres-cientificos_28022024-1024x576.png\" alt=\"\" class=\"wp-image-68637\"\/><\/a><\/figure>\n\n\n\n<p>Tamb\u00e9 representa un augment notable -del 50,25%- respecte a l&#8217;\u00faltima trobada celebrada a Madrid, en 2022, en el qual es van presentar un centenar de treballs.<\/p>\n\n\n\n<p>Procedents de <strong>diferents punts repartits per tota la geografia nacional<\/strong>, els 201 p\u00f2sters presentats a Infarma Madrid 2024 aborden diferents q\u00fcestions d&#8217;\u00edndole cl\u00ednica i professional, aprofundeixen en aspectes lligats amb la gesti\u00f3 de farm\u00e0cia comunit\u00e0ria, detallen experi\u00e8ncies realitzades per farmac\u00e8utics entre diferents nivells assistencials i exposen evid\u00e8ncies recollides entorn de tractaments farmacol\u00f2gics i a l&#8217;abordatge de diverses patologies.<\/p>\n\n\n\n<h2 class=\"wp-block-heading\"><strong>Un \u201cgran punt de trobada\u201d del coneixement<\/strong><\/h2>\n\n\n\n<p>Per a <strong>Rafael Are\u00f1as<\/strong>, coordinador cient\u00edfic d\u2019Infarma Madrid 2024 i vicepresident 3r del Colegio Oficial de Farmac\u00e9uticos de Madrid (COFM), \u201c<strong>aquesta xifra suposa una fita i \u00e9s una mostra de l&#8217;enorme inter\u00e8s que desperta Infarma entre els professionals<\/strong>. El contingut dels 201 p\u00f2sters rebuts no sols evidencia que la professi\u00f3 vol estar a l&#8217;avantguarda, sin\u00f3 que Infarma \u00e9s un gran punt de trobada en el qual aprendre i compartir coneixements\u201d.<\/p>\n\n\n\n<p>En els pr\u00f2xims dies, una vegada rebuts tots els treballs, el comit\u00e8 cient\u00edfic analitzar\u00e0 cadascun d&#8217;ells i determinar\u00e0 quins seran finalment exposats durant el congr\u00e9s. Els p\u00f2sters finalistes tindran una exposici\u00f3 oral en la zona destinada a aix\u00f2 en el congr\u00e9s, a la qual poden accedir tots els congressistes que ho desitgin, i els tres millors treballs seran premiats amb 2.000, 1.500 i 1.000 euros, respectivament. Els guanyadors es coneixeran durant la clausura del congr\u00e9s.<\/p>\n\n\n\n<p><\/p>\n\n\n\n<p><strong>Altres publicacions d\u2019inter\u00e8s:<\/strong><\/p>\n\n\n\n<ul class=\"wp-block-list\"><li><a href=\"https:\/\/blog.cofb.cat\/blog\/2024\/02\/22\/infarma-madrid-2024-presentara-24-iniciatives-dexit-de-la-farmacia-per-millorar-la-gestio-i-latencio-dels-pacients\/\">\u2018Infarma Madrid 2024\u2019 presentar\u00e0 24 iniciatives d\u2019\u00e8xit de la farm\u00e0cia per millorar la gesti\u00f3 i l\u2019atenci\u00f3 dels pacients (Febrer 2024)<\/a><\/li><li><a href=\"https:\/\/blog.cofb.cat\/blog\/2024\/02\/19\/infarma-madrid-2024-oferira-solucions-per-posar-la-farmacia-a-lavantguarda-davant-els-grans-desafiaments-sanitaris-i-socials\/\" target=\"_blank\" rel=\"noreferrer noopener\">\u2018Infarma Madrid 2024\u2019 oferir\u00e0 solucions per posar la farm\u00e0cia a l\u2019avantguarda davant els grans desafiaments sanitaris i socials (Febrer 2024)<\/a><\/li><li><a href=\"https:\/\/blog.cofb.cat\/blog\/2023\/12\/14\/infarma-2024-solucions-per-impulsar-el-valor-que-la-farmacia-aporta-a-la-societat\/\" target=\"_blank\" rel=\"noreferrer noopener\">\u2018Infarma 2024\u2019: solucions per impulsar el valor que la farm\u00e0cia aporta a la societat (Desembre 2023)<\/a><\/li><\/ul>\n","protected":false},"excerpt":{"rendered":"<p>Infarma Madrid 2024 encara no ha comen\u00e7at i ja registra una nova xifra ressenyable: al tancament del termini de presentaci\u00f3 de p\u00f2sters, s&#8217;han rebut un total de 201. Aquesta xifra suposa un increment del 25,37% respecte a la registrada en l&#8217;edici\u00f3 anterior, celebrada en 2023 a Barcelona, en la qual [&hellip;]<\/p>\n","protected":false},"author":1,"featured_media":77958,"comment_status":"open","ping_status":"open","sticky":false,"template":"","format":"standard","meta":{"_uag_custom_page_level_css":"","site-sidebar-layout":"default","site-content-layout":"","ast-site-content-layout":"default","site-content-style":"default","site-sidebar-style":"default","ast-global-header-display":"","ast-banner-title-visibility":"","ast-main-header-display":"","ast-hfb-above-header-display":"","ast-hfb-below-header-display":"","ast-hfb-mobile-header-display":"","site-post-title":"","ast-breadcrumbs-content":"","ast-featured-img":"disabled","footer-sml-layout":"","theme-transparent-header-meta":"","adv-header-id-meta":"","stick-header-meta":"","header-above-stick-meta":"","header-main-stick-meta":"","header-below-stick-meta":"","astra-migrate-meta-layouts":"set","ast-page-background-enabled":"default","ast-page-background-meta":{"desktop":{"background-color":"var(--ast-global-color-4)","background-image":"","background-repeat":"repeat","background-position":"center center","background-size":"auto","background-attachment":"scroll","background-type":"","background-media":"","overlay-type":"","overlay-color":"","overlay-opacity":"","overlay-gradient":""},"tablet":{"background-color":"","background-image":"","background-repeat":"repeat","background-position":"center center","background-size":"auto","background-attachment":"scroll","background-type":"","background-media":"","overlay-type":"","overlay-color":"","overlay-opacity":"","overlay-gradient":""},"mobile":{"background-color":"","background-image":"","background-repeat":"repeat","background-position":"center center","background-size":"auto","background-attachment":"scroll","background-type":"","background-media":"","overlay-type":"","overlay-color":"","overlay-opacity":"","overlay-gradient":""}},"ast-content-background-meta":{"desktop":{"background-color":"var(--ast-global-color-5)","background-image":"","background-repeat":"repeat","background-position":"center center","background-size":"auto","background-attachment":"scroll","background-type":"","background-media":"","overlay-type":"","overlay-color":"","overlay-opacity":"","overlay-gradient":""},"tablet":{"background-color":"var(--ast-global-color-5)","background-image":"","background-repeat":"repeat","background-position":"center center","background-size":"auto","background-attachment":"scroll","background-type":"","background-media":"","overlay-type":"","overlay-color":"","overlay-opacity":"","overlay-gradient":""},"mobile":{"background-color":"var(--ast-global-color-5)","background-image":"","background-repeat":"repeat","background-position":"center center","background-size":"auto","background-attachment":"scroll","background-type":"","background-media":"","overlay-type":"","overlay-color":"","overlay-opacity":"","overlay-gradient":""}},"footnotes":""},"categories":[23,2165],"tags":[18,19,68,69,28,508,116,78],"class_list":["post-77797","post","type-post","status-publish","format-standard","has-post-thumbnail","hentry","category-destacats","category-infarma","tag-cofb","tag-collegi-de-farmaceutics-de-barcelona","tag-farmacia","tag-farmacia-comunitaria","tag-infarma","tag-infarma-madrid","tag-posters-cientifics","tag-tractament-farmacologic"],"yoast_head":"<!-- This site is optimized with the Yoast SEO plugin v22.4 - https:\/\/yoast.com\/wordpress\/plugins\/seo\/ -->\n<title>M\u00e9s de 200 p\u00f2sters presentats a \u2018Infarma Madrid 2024\u2019 - Col\u00b7legi de Farmac\u00e8utics de Barcelona<\/title>\n<meta name=\"description\" content=\"Infarma Madrid 2024 encara no ha comen\u00e7at i ja registra una nova xifra ressenyable: al tancament del termini de presentaci\u00f3 de p\u00f2sters, s&#039;han rebut un total de 201.\" \/>\n<meta name=\"robots\" content=\"index, follow, max-snippet:-1, max-image-preview:large, max-video-preview:-1\" \/>\n<link rel=\"canonical\" href=\"https:\/\/www.cofb.org\/ca\/2024\/02\/28\/mes-de-200-posters-presentats-a-infarma-madrid-2024\/\" \/>\n<meta property=\"og:locale\" content=\"ca_ES\" \/>\n<meta property=\"og:type\" content=\"article\" \/>\n<meta property=\"og:title\" content=\"M\u00e9s de 200 p\u00f2sters presentats a \u2018Infarma Madrid 2024\u2019 - Col\u00b7legi de Farmac\u00e8utics de Barcelona\" \/>\n<meta property=\"og:description\" content=\"Infarma Madrid 2024 encara no ha comen\u00e7at i ja registra una nova xifra ressenyable: al tancament del termini de presentaci\u00f3 de p\u00f2sters, s&#039;han rebut un total de 201.\" \/>\n<meta property=\"og:url\" content=\"https:\/\/www.cofb.org\/ca\/2024\/02\/28\/mes-de-200-posters-presentats-a-infarma-madrid-2024\/\" \/>\n<meta property=\"og:site_name\" content=\"Col\u00b7legi de Farmac\u00e8utics de Barcelona\" \/>\n<meta property=\"article:publisher\" content=\"https:\/\/www.facebook.com\/farmaceuticsbcn\/\" \/>\n<meta property=\"article:published_time\" content=\"2024-02-28T17:44:54+00:00\" \/>\n<meta property=\"article:modified_time\" content=\"2024-04-05T10:12:53+00:00\" \/>\n<meta property=\"og:image\" content=\"https:\/\/novaorg.cofb.net\/wp-content\/uploads\/2024\/04\/COFB_Posteres-cientificos_28022024-1024x576-1.png\" \/>\n\t<meta property=\"og:image:width\" content=\"1024\" \/>\n\t<meta property=\"og:image:height\" content=\"576\" \/>\n\t<meta property=\"og:image:type\" content=\"image\/png\" \/>\n<meta name=\"author\" content=\"wpAdminCofbOrg\" \/>\n<meta name=\"twitter:card\" content=\"summary_large_image\" \/>\n<meta name=\"twitter:creator\" content=\"@farmaceuticsbcn\" \/>\n<meta name=\"twitter:site\" content=\"@farmaceuticsbcn\" \/>\n<meta name=\"twitter:label1\" content=\"Escrit per\" \/>\n\t<meta name=\"twitter:data1\" content=\"wpAdminCofbOrg\" \/>\n\t<meta name=\"twitter:label2\" content=\"Temps estimat de lectura\" \/>\n\t<meta name=\"twitter:data2\" content=\"3 minuts\" \/>\n<script type=\"application\/ld+json\" class=\"yoast-schema-graph\">{\"@context\":\"https:\/\/schema.org\",\"@graph\":[{\"@type\":\"Article\",\"@id\":\"https:\/\/www.cofb.org\/2024\/02\/28\/mes-de-200-posters-presentats-a-infarma-madrid-2024\/#article\",\"isPartOf\":{\"@id\":\"https:\/\/www.cofb.org\/2024\/02\/28\/mes-de-200-posters-presentats-a-infarma-madrid-2024\/\"},\"author\":{\"name\":\"wpAdminCofbOrg\",\"@id\":\"https:\/\/www.cofb.org\/#\/schema\/person\/22ed7eea88da74b0fa4d3154ad87ffcb\"},\"headline\":\"M\u00e9s de 200 p\u00f2sters presentats a \u2018Infarma Madrid 2024\u2019\",\"datePublished\":\"2024-02-28T17:44:54+00:00\",\"dateModified\":\"2024-04-05T10:12:53+00:00\",\"mainEntityOfPage\":{\"@id\":\"https:\/\/www.cofb.org\/2024\/02\/28\/mes-de-200-posters-presentats-a-infarma-madrid-2024\/\"},\"wordCount\":378,\"commentCount\":0,\"publisher\":{\"@id\":\"https:\/\/www.cofb.org\/#organization\"},\"image\":{\"@id\":\"https:\/\/www.cofb.org\/2024\/02\/28\/mes-de-200-posters-presentats-a-infarma-madrid-2024\/#primaryimage\"},\"thumbnailUrl\":\"https:\/\/www.cofb.org\/wp-content\/uploads\/2024\/04\/COFB_Posteres-cientificos_28022024-1024x576-1.png\",\"keywords\":[\"COFB\",\"Col\u00b7legi de Farmac\u00e8utics de Barcelona\",\"Farm\u00e0cia\",\"farm\u00e0cia comunit\u00e0ria\",\"Infarma\",\"Infarma Madrid\",\"p\u00f2sters cient\u00edfics\",\"tractament farmacol\u00f2gic\"],\"articleSection\":[\"Destacats\",\"Infarma\"],\"inLanguage\":\"ca\",\"potentialAction\":[{\"@type\":\"CommentAction\",\"name\":\"Comment\",\"target\":[\"https:\/\/www.cofb.org\/2024\/02\/28\/mes-de-200-posters-presentats-a-infarma-madrid-2024\/#respond\"]}]},{\"@type\":\"WebPage\",\"@id\":\"https:\/\/www.cofb.org\/2024\/02\/28\/mes-de-200-posters-presentats-a-infarma-madrid-2024\/\",\"url\":\"https:\/\/www.cofb.org\/2024\/02\/28\/mes-de-200-posters-presentats-a-infarma-madrid-2024\/\",\"name\":\"M\u00e9s de 200 p\u00f2sters presentats a \u2018Infarma Madrid 2024\u2019 - Col\u00b7legi de Farmac\u00e8utics de Barcelona\",\"isPartOf\":{\"@id\":\"https:\/\/www.cofb.org\/#website\"},\"primaryImageOfPage\":{\"@id\":\"https:\/\/www.cofb.org\/2024\/02\/28\/mes-de-200-posters-presentats-a-infarma-madrid-2024\/#primaryimage\"},\"image\":{\"@id\":\"https:\/\/www.cofb.org\/2024\/02\/28\/mes-de-200-posters-presentats-a-infarma-madrid-2024\/#primaryimage\"},\"thumbnailUrl\":\"https:\/\/www.cofb.org\/wp-content\/uploads\/2024\/04\/COFB_Posteres-cientificos_28022024-1024x576-1.png\",\"datePublished\":\"2024-02-28T17:44:54+00:00\",\"dateModified\":\"2024-04-05T10:12:53+00:00\",\"description\":\"Infarma Madrid 2024 encara no ha comen\u00e7at i ja registra una nova xifra ressenyable: al tancament del termini de presentaci\u00f3 de p\u00f2sters, s'han rebut un total de 201.\",\"breadcrumb\":{\"@id\":\"https:\/\/www.cofb.org\/2024\/02\/28\/mes-de-200-posters-presentats-a-infarma-madrid-2024\/#breadcrumb\"},\"inLanguage\":\"ca\",\"potentialAction\":[{\"@type\":\"ReadAction\",\"target\":[\"https:\/\/www.cofb.org\/2024\/02\/28\/mes-de-200-posters-presentats-a-infarma-madrid-2024\/\"]}]},{\"@type\":\"ImageObject\",\"inLanguage\":\"ca\",\"@id\":\"https:\/\/www.cofb.org\/2024\/02\/28\/mes-de-200-posters-presentats-a-infarma-madrid-2024\/#primaryimage\",\"url\":\"https:\/\/www.cofb.org\/wp-content\/uploads\/2024\/04\/COFB_Posteres-cientificos_28022024-1024x576-1.png\",\"contentUrl\":\"https:\/\/www.cofb.org\/wp-content\/uploads\/2024\/04\/COFB_Posteres-cientificos_28022024-1024x576-1.png\",\"width\":1024,\"height\":576},{\"@type\":\"BreadcrumbList\",\"@id\":\"https:\/\/www.cofb.org\/2024\/02\/28\/mes-de-200-posters-presentats-a-infarma-madrid-2024\/#breadcrumb\",\"itemListElement\":[{\"@type\":\"ListItem\",\"position\":1,\"name\":\"Inici\",\"item\":\"https:\/\/novaorg.cofb.net\/\"},{\"@type\":\"ListItem\",\"position\":2,\"name\":\"M\u00e9s de 200 p\u00f2sters presentats a \u2018Infarma Madrid 2024\u2019\"}]},{\"@type\":\"WebSite\",\"@id\":\"https:\/\/www.cofb.org\/#website\",\"url\":\"https:\/\/www.cofb.org\/\",\"name\":\"Col\u00b7legi de Farmac\u00e8utics de Barcelona\",\"description\":\"\",\"publisher\":{\"@id\":\"https:\/\/www.cofb.org\/#organization\"},\"potentialAction\":[{\"@type\":\"SearchAction\",\"target\":{\"@type\":\"EntryPoint\",\"urlTemplate\":\"https:\/\/www.cofb.org\/?s={search_term_string}\"},\"query-input\":\"required name=search_term_string\"}],\"inLanguage\":\"ca\"},{\"@type\":\"Organization\",\"@id\":\"https:\/\/www.cofb.org\/#organization\",\"name\":\"Col\u00b7legi de Farmac\u00e8utics de Barcelona\",\"url\":\"https:\/\/www.cofb.org\/\",\"logo\":{\"@type\":\"ImageObject\",\"inLanguage\":\"ca\",\"@id\":\"https:\/\/www.cofb.org\/#\/schema\/logo\/image\/\",\"url\":\"https:\/\/www.cofb.org\/wp-content\/uploads\/2023\/11\/cropped-Logotip-COFB.png\",\"contentUrl\":\"https:\/\/www.cofb.org\/wp-content\/uploads\/2023\/11\/cropped-Logotip-COFB.png\",\"width\":500,\"height\":105,\"caption\":\"Col\u00b7legi de Farmac\u00e8utics de Barcelona\"},\"image\":{\"@id\":\"https:\/\/www.cofb.org\/#\/schema\/logo\/image\/\"},\"sameAs\":[\"https:\/\/www.facebook.com\/farmaceuticsbcn\/\",\"https:\/\/twitter.com\/farmaceuticsbcn\",\"https:\/\/www.instagram.com\/farmaceuticsbcn\/\",\"https:\/\/www.linkedin.com\/company\/farmaceuticsbcn\/\"]},{\"@type\":\"Person\",\"@id\":\"https:\/\/www.cofb.org\/#\/schema\/person\/22ed7eea88da74b0fa4d3154ad87ffcb\",\"name\":\"wpAdminCofbOrg\",\"image\":{\"@type\":\"ImageObject\",\"inLanguage\":\"ca\",\"@id\":\"https:\/\/www.cofb.org\/#\/schema\/person\/image\/\",\"url\":\"https:\/\/secure.gravatar.com\/avatar\/1721b20b3b8ca882c3b56ec6c978c594fff670e40c0718e9190eaeeb76aae7d8?s=96&d=mm&r=g\",\"contentUrl\":\"https:\/\/secure.gravatar.com\/avatar\/1721b20b3b8ca882c3b56ec6c978c594fff670e40c0718e9190eaeeb76aae7d8?s=96&d=mm&r=g\",\"caption\":\"wpAdminCofbOrg\"},\"sameAs\":[\"http:\/\/192.168.64.122\/wordpress\"],\"url\":\"https:\/\/www.cofb.org\/ca\/author\/wpadmincofborg\/\"}]}<\/script>\n<!-- \/ Yoast SEO plugin. -->","yoast_head_json":{"title":"M\u00e9s de 200 p\u00f2sters presentats a \u2018Infarma Madrid 2024\u2019 - Col\u00b7legi de Farmac\u00e8utics de Barcelona","description":"Infarma Madrid 2024 encara no ha comen\u00e7at i ja registra una nova xifra ressenyable: al tancament del termini de presentaci\u00f3 de p\u00f2sters, s'han rebut un total de 201.","robots":{"index":"index","follow":"follow","max-snippet":"max-snippet:-1","max-image-preview":"max-image-preview:large","max-video-preview":"max-video-preview:-1"},"canonical":"https:\/\/www.cofb.org\/ca\/2024\/02\/28\/mes-de-200-posters-presentats-a-infarma-madrid-2024\/","og_locale":"ca_ES","og_type":"article","og_title":"M\u00e9s de 200 p\u00f2sters presentats a \u2018Infarma Madrid 2024\u2019 - Col\u00b7legi de Farmac\u00e8utics de Barcelona","og_description":"Infarma Madrid 2024 encara no ha comen\u00e7at i ja registra una nova xifra ressenyable: al tancament del termini de presentaci\u00f3 de p\u00f2sters, s'han rebut un total de 201.","og_url":"https:\/\/www.cofb.org\/ca\/2024\/02\/28\/mes-de-200-posters-presentats-a-infarma-madrid-2024\/","og_site_name":"Col\u00b7legi de Farmac\u00e8utics de Barcelona","article_publisher":"https:\/\/www.facebook.com\/farmaceuticsbcn\/","article_published_time":"2024-02-28T17:44:54+00:00","article_modified_time":"2024-04-05T10:12:53+00:00","og_image":[{"width":1024,"height":576,"url":"https:\/\/novaorg.cofb.net\/wp-content\/uploads\/2024\/04\/COFB_Posteres-cientificos_28022024-1024x576-1.png","type":"image\/png"}],"author":"wpAdminCofbOrg","twitter_card":"summary_large_image","twitter_creator":"@farmaceuticsbcn","twitter_site":"@farmaceuticsbcn","twitter_misc":{"Escrit per":"wpAdminCofbOrg","Temps estimat de lectura":"3 minuts"},"schema":{"@context":"https:\/\/schema.org","@graph":[{"@type":"Article","@id":"https:\/\/www.cofb.org\/2024\/02\/28\/mes-de-200-posters-presentats-a-infarma-madrid-2024\/#article","isPartOf":{"@id":"https:\/\/www.cofb.org\/2024\/02\/28\/mes-de-200-posters-presentats-a-infarma-madrid-2024\/"},"author":{"name":"wpAdminCofbOrg","@id":"https:\/\/www.cofb.org\/#\/schema\/person\/22ed7eea88da74b0fa4d3154ad87ffcb"},"headline":"M\u00e9s de 200 p\u00f2sters presentats a \u2018Infarma Madrid 2024\u2019","datePublished":"2024-02-28T17:44:54+00:00","dateModified":"2024-04-05T10:12:53+00:00","mainEntityOfPage":{"@id":"https:\/\/www.cofb.org\/2024\/02\/28\/mes-de-200-posters-presentats-a-infarma-madrid-2024\/"},"wordCount":378,"commentCount":0,"publisher":{"@id":"https:\/\/www.cofb.org\/#organization"},"image":{"@id":"https:\/\/www.cofb.org\/2024\/02\/28\/mes-de-200-posters-presentats-a-infarma-madrid-2024\/#primaryimage"},"thumbnailUrl":"https:\/\/www.cofb.org\/wp-content\/uploads\/2024\/04\/COFB_Posteres-cientificos_28022024-1024x576-1.png","keywords":["COFB","Col\u00b7legi de Farmac\u00e8utics de Barcelona","Farm\u00e0cia","farm\u00e0cia comunit\u00e0ria","Infarma","Infarma Madrid","p\u00f2sters cient\u00edfics","tractament farmacol\u00f2gic"],"articleSection":["Destacats","Infarma"],"inLanguage":"ca","potentialAction":[{"@type":"CommentAction","name":"Comment","target":["https:\/\/www.cofb.org\/2024\/02\/28\/mes-de-200-posters-presentats-a-infarma-madrid-2024\/#respond"]}]},{"@type":"WebPage","@id":"https:\/\/www.cofb.org\/2024\/02\/28\/mes-de-200-posters-presentats-a-infarma-madrid-2024\/","url":"https:\/\/www.cofb.org\/2024\/02\/28\/mes-de-200-posters-presentats-a-infarma-madrid-2024\/","name":"M\u00e9s de 200 p\u00f2sters presentats a \u2018Infarma Madrid 2024\u2019 - Col\u00b7legi de Farmac\u00e8utics de Barcelona","isPartOf":{"@id":"https:\/\/www.cofb.org\/#website"},"primaryImageOfPage":{"@id":"https:\/\/www.cofb.org\/2024\/02\/28\/mes-de-200-posters-presentats-a-infarma-madrid-2024\/#primaryimage"},"image":{"@id":"https:\/\/www.cofb.org\/2024\/02\/28\/mes-de-200-posters-presentats-a-infarma-madrid-2024\/#primaryimage"},"thumbnailUrl":"https:\/\/www.cofb.org\/wp-content\/uploads\/2024\/04\/COFB_Posteres-cientificos_28022024-1024x576-1.png","datePublished":"2024-02-28T17:44:54+00:00","dateModified":"2024-04-05T10:12:53+00:00","description":"Infarma Madrid 2024 encara no ha comen\u00e7at i ja registra una nova xifra ressenyable: al tancament del termini de presentaci\u00f3 de p\u00f2sters, s'han rebut un total de 201.","breadcrumb":{"@id":"https:\/\/www.cofb.org\/2024\/02\/28\/mes-de-200-posters-presentats-a-infarma-madrid-2024\/#breadcrumb"},"inLanguage":"ca","potentialAction":[{"@type":"ReadAction","target":["https:\/\/www.cofb.org\/2024\/02\/28\/mes-de-200-posters-presentats-a-infarma-madrid-2024\/"]}]},{"@type":"ImageObject","inLanguage":"ca","@id":"https:\/\/www.cofb.org\/2024\/02\/28\/mes-de-200-posters-presentats-a-infarma-madrid-2024\/#primaryimage","url":"https:\/\/www.cofb.org\/wp-content\/uploads\/2024\/04\/COFB_Posteres-cientificos_28022024-1024x576-1.png","contentUrl":"https:\/\/www.cofb.org\/wp-content\/uploads\/2024\/04\/COFB_Posteres-cientificos_28022024-1024x576-1.png","width":1024,"height":576},{"@type":"BreadcrumbList","@id":"https:\/\/www.cofb.org\/2024\/02\/28\/mes-de-200-posters-presentats-a-infarma-madrid-2024\/#breadcrumb","itemListElement":[{"@type":"ListItem","position":1,"name":"Inici","item":"https:\/\/novaorg.cofb.net\/"},{"@type":"ListItem","position":2,"name":"M\u00e9s de 200 p\u00f2sters presentats a \u2018Infarma Madrid 2024\u2019"}]},{"@type":"WebSite","@id":"https:\/\/www.cofb.org\/#website","url":"https:\/\/www.cofb.org\/","name":"Col\u00b7legi de Farmac\u00e8utics de Barcelona","description":"","publisher":{"@id":"https:\/\/www.cofb.org\/#organization"},"potentialAction":[{"@type":"SearchAction","target":{"@type":"EntryPoint","urlTemplate":"https:\/\/www.cofb.org\/?s={search_term_string}"},"query-input":"required name=search_term_string"}],"inLanguage":"ca"},{"@type":"Organization","@id":"https:\/\/www.cofb.org\/#organization","name":"Col\u00b7legi de Farmac\u00e8utics de Barcelona","url":"https:\/\/www.cofb.org\/","logo":{"@type":"ImageObject","inLanguage":"ca","@id":"https:\/\/www.cofb.org\/#\/schema\/logo\/image\/","url":"https:\/\/www.cofb.org\/wp-content\/uploads\/2023\/11\/cropped-Logotip-COFB.png","contentUrl":"https:\/\/www.cofb.org\/wp-content\/uploads\/2023\/11\/cropped-Logotip-COFB.png","width":500,"height":105,"caption":"Col\u00b7legi de Farmac\u00e8utics de Barcelona"},"image":{"@id":"https:\/\/www.cofb.org\/#\/schema\/logo\/image\/"},"sameAs":["https:\/\/www.facebook.com\/farmaceuticsbcn\/","https:\/\/twitter.com\/farmaceuticsbcn","https:\/\/www.instagram.com\/farmaceuticsbcn\/","https:\/\/www.linkedin.com\/company\/farmaceuticsbcn\/"]},{"@type":"Person","@id":"https:\/\/www.cofb.org\/#\/schema\/person\/22ed7eea88da74b0fa4d3154ad87ffcb","name":"wpAdminCofbOrg","image":{"@type":"ImageObject","inLanguage":"ca","@id":"https:\/\/www.cofb.org\/#\/schema\/person\/image\/","url":"https:\/\/secure.gravatar.com\/avatar\/1721b20b3b8ca882c3b56ec6c978c594fff670e40c0718e9190eaeeb76aae7d8?s=96&d=mm&r=g","contentUrl":"https:\/\/secure.gravatar.com\/avatar\/1721b20b3b8ca882c3b56ec6c978c594fff670e40c0718e9190eaeeb76aae7d8?s=96&d=mm&r=g","caption":"wpAdminCofbOrg"},"sameAs":["http:\/\/192.168.64.122\/wordpress"],"url":"https:\/\/www.cofb.org\/ca\/author\/wpadmincofborg\/"}]}},"uagb_featured_image_src":{"full":["https:\/\/www.cofb.org\/wp-content\/uploads\/2024\/04\/COFB_Posteres-cientificos_28022024-1024x576-1.png",1024,576,false],"thumbnail":["https:\/\/www.cofb.org\/wp-content\/uploads\/2024\/04\/COFB_Posteres-cientificos_28022024-1024x576-1-150x150.png",150,150,true],"medium":["https:\/\/www.cofb.org\/wp-content\/uploads\/2024\/04\/COFB_Posteres-cientificos_28022024-1024x576-1-300x169.png",300,169,true],"medium_large":["https:\/\/www.cofb.org\/wp-content\/uploads\/2024\/04\/COFB_Posteres-cientificos_28022024-1024x576-1-768x432.png",768,432,true],"large":["https:\/\/www.cofb.org\/wp-content\/uploads\/2024\/04\/COFB_Posteres-cientificos_28022024-1024x576-1.png",1024,576,false],"1536x1536":["https:\/\/www.cofb.org\/wp-content\/uploads\/2024\/04\/COFB_Posteres-cientificos_28022024-1024x576-1.png",1024,576,false],"2048x2048":["https:\/\/www.cofb.org\/wp-content\/uploads\/2024\/04\/COFB_Posteres-cientificos_28022024-1024x576-1.png",1024,576,false],"trp-custom-language-flag":["https:\/\/www.cofb.org\/wp-content\/uploads\/2024\/04\/COFB_Posteres-cientificos_28022024-1024x576-1-18x10.png",18,10,true]},"uagb_author_info":{"display_name":"wpAdminCofbOrg","author_link":"https:\/\/www.cofb.org\/ca\/author\/wpadmincofborg\/"},"uagb_comment_info":0,"uagb_excerpt":"Infarma Madrid 2024 encara no ha comen\u00e7at i ja registra una nova xifra ressenyable: al tancament del termini de presentaci\u00f3 de p\u00f2sters, s&#8217;han rebut un total de 201. Aquesta xifra suposa un increment del 25,37% respecte a la registrada en l&#8217;edici\u00f3 anterior, celebrada en 2023 a Barcelona, en la qual [&hellip;]","_links":{"self":[{"href":"https:\/\/www.cofb.org\/ca\/wp-json\/wp\/v2\/posts\/77797","targetHints":{"allow":["GET"]}}],"collection":[{"href":"https:\/\/www.cofb.org\/ca\/wp-json\/wp\/v2\/posts"}],"about":[{"href":"https:\/\/www.cofb.org\/ca\/wp-json\/wp\/v2\/types\/post"}],"author":[{"embeddable":true,"href":"https:\/\/www.cofb.org\/ca\/wp-json\/wp\/v2\/users\/1"}],"replies":[{"embeddable":true,"href":"https:\/\/www.cofb.org\/ca\/wp-json\/wp\/v2\/comments?post=77797"}],"version-history":[{"count":1,"href":"https:\/\/www.cofb.org\/ca\/wp-json\/wp\/v2\/posts\/77797\/revisions"}],"predecessor-version":[{"id":77959,"href":"https:\/\/www.cofb.org\/ca\/wp-json\/wp\/v2\/posts\/77797\/revisions\/77959"}],"wp:featuredmedia":[{"embeddable":true,"href":"https:\/\/www.cofb.org\/ca\/wp-json\/wp\/v2\/media\/77958"}],"wp:attachment":[{"href":"https:\/\/www.cofb.org\/ca\/wp-json\/wp\/v2\/media?parent=77797"}],"wp:term":[{"taxonomy":"category","embeddable":true,"href":"https:\/\/www.cofb.org\/ca\/wp-json\/wp\/v2\/categories?post=77797"},{"taxonomy":"post_tag","embeddable":true,"href":"https:\/\/www.cofb.org\/ca\/wp-json\/wp\/v2\/tags?post=77797"}],"curies":[{"name":"wp","href":"https:\/\/api.w.org\/{rel}","templated":true}]}}