{"id":77795,"date":"2024-02-23T13:21:25","date_gmt":"2024-02-23T11:21:25","guid":{"rendered":"https:\/\/blog.cofb.cat\/?p=68608"},"modified":"2024-04-05T10:14:08","modified_gmt":"2024-04-05T10:14:08","slug":"el-cofb-rep-la-distincio-dinstitucio-centenaria-de-lajuntament-de-barcelona","status":"publish","type":"post","link":"https:\/\/www.cofb.org\/ca\/2024\/02\/23\/el-cofb-rep-la-distincio-dinstitucio-centenaria-de-lajuntament-de-barcelona\/","title":{"rendered":"El COFB rep la distinci\u00f3 d\u2019instituci\u00f3 centen\u00e0ria de l\u2019Ajuntament de Barcelona"},"content":{"rendered":"\n<p>El <strong>Col\u00b7legi de Farmac\u00e8utics de Barcelona (COFB)<\/strong> ha rebut la <strong>Distinci\u00f3 d\u2019Entitat Centen\u00e0ria de Barcelona<\/strong>, atorgada pel Plenari del Consell Municipal de l\u2019<strong>Ajuntament de Barcelona<\/strong>. L\u2019alcalde de Barcelona, <strong>Jaume Collboni<\/strong>, ha lliurat la <strong>distinci\u00f3 i el diploma<\/strong> al president del COFB, <strong>Jordi Casas<\/strong>, en un acte celebrat el 22 de febrer en el Sal\u00f3 de Cent del consistori. Collboni, en el seu discurs de benvinguda, ha fet refer\u00e8ncia \u201c<strong>al b\u00e9 m\u00e9s preuat que tenim que \u00e9s la nostra salut<\/strong>, la <strong>salut de les persones<\/strong> i tamb\u00e9 la <strong>salut dels barris i de la comunitat<\/strong>\u201d, alhora que <strong>ha dedicat unes paraules de reconeixement a la tasca dels farmac\u00e8utics i farmac\u00e8utiques.<\/strong><\/p>\n\n\n\n<figure class=\"wp-block-image size-large\"><a href=\"https:\/\/blog.cofb.cat\/wp-content\/uploads\/2024\/02\/COFB_Distincio-entitat-centenaria_23022024.jpg\" target=\"_blank\" rel=\"noopener\"><img decoding=\"async\" src=\"https:\/\/blog.cofb.cat\/wp-content\/uploads\/2024\/02\/COFB_Distincio-entitat-centenaria_23022024-1024x684.jpg\" alt=\"L'alcalde de l'Ajuntament de Barcelona, Jaume Collboni, fent entrega de la distinci\u00f3 al president del COFB, Jordi Casas.\" class=\"wp-image-68609\" title=\"L'alcalde de l'Ajuntament de Barcelona, Jaume Collboni, fent entrega de la distinci\u00f3 al president del COFB, Jordi Casas.\"\/><\/a><figcaption>L&#8217;alcalde de l&#8217;Ajuntament de Barcelona, Jaume Collboni, fent entrega de la distinci\u00f3 al president del COFB, Jordi Casas.<\/figcaption><\/figure>\n\n\n\n<p>En el moment de l\u2019entrega de la distinci\u00f3, s\u2019ha destacat la <strong>ra\u00f3 de ser<\/strong> del Col\u00b7legi, que \u201c<strong>representa al col\u00b7lectiu farmac\u00e8utic<\/strong> i c<strong>ontribueix en la millora de la salut de les persones<\/strong> amb projectes destinats a <strong>detectar malalties<\/strong>, <strong>promoure el bon \u00fas dels medicaments<\/strong> i <strong>oferir ajuda a gent gran amb risc d\u2019exclusi\u00f3 social<\/strong>, entre moltes altres iniciatives\u201d.&nbsp;<\/p>\n\n\n\n<p>Amb aquesta distinci\u00f3, <strong>l\u2019Ajuntament de Barcelona reconeix i acredita l\u2019antiguitat i la traject\u00f2ria del COFB<\/strong> vinculada a la ciutat de Barcelona. La Distinci\u00f3 d\u2019Entitat Centen\u00e0ria de Barcelona per l&#8217;any 2023, el mateix any en qu\u00e8 <strong>el Col\u00b7legi de Farmac\u00e8utics de Barcelona va commemorar el 125\u00e8 aniversari<\/strong>; 125 anys construint i impulsant la professi\u00f3 farmac\u00e8utica, vetllant per&nbsp; l\u2019excel\u00b7l\u00e8ncia de l\u2019exercici professional dels farmac\u00e8utics i farmac\u00e8utiques de tots els \u00e0mbits d\u2019exercici des de 1898.<\/p>\n\n\n\n<figure class=\"wp-block-image size-large\"><a href=\"https:\/\/blog.cofb.cat\/wp-content\/uploads\/2024\/02\/Entitats-centenaries-2023_Guradonats-scaled.jpg\" target=\"_blank\" rel=\"noopener\"><img decoding=\"async\" src=\"https:\/\/blog.cofb.cat\/wp-content\/uploads\/2024\/02\/Entitats-centenaries-2023_Guradonats-1024x683.jpg\" alt=\"Representats de les entitats i institucions guardonades amb la Distinci\u00f3 d\u2019Entitat Centen\u00e0ria de Barcelona per l'any 2023. \" class=\"wp-image-68610\" title=\"Representats de les entitats i institucions guardonades amb la Distinci\u00f3 d\u2019Entitat Centen\u00e0ria de Barcelona per l'any 2023. \"\/><\/a><figcaption>Representats de les entitats i institucions guardonades amb la Distinci\u00f3 d\u2019Entitat Centen\u00e0ria de Barcelona per l&#8217;any 2023. <\/figcaption><\/figure>\n\n\n\n<p>Un total de <strong>32 entitats i institucions han estat guardonades<\/strong> amb aquesta distinci\u00f3, en un acte que enguany arriba a la segona edici\u00f3.&nbsp;<\/p>\n\n\n\n<h2 class=\"wp-block-heading\"><strong>125 anys del Col\u00b7legi de Farmac\u00e8utics de Barcelona<\/strong><\/h2>\n\n\n\n<p>El <strong>Col\u00b7legi de Farmac\u00e8utics de Barcelona (COFB)<\/strong> \u00e9s una instituci\u00f3 centen\u00e0ria que <strong>va n\u00e9ixer l&#8217;any 1898<\/strong>, amb la publicaci\u00f3 del Reial Decret de creaci\u00f3 dels col\u00b7legis oficials provincials de metges i farmac\u00e8utics.<\/p>\n\n\n\n<p>En els seus inicis, la instituci\u00f3 comptava amb 500 col\u00b7legiats. La implicaci\u00f3 i dedicaci\u00f3 del COFB en tots els canvis que s&#8217;han produ\u00eft en el m\u00f3n farmac\u00e8utic i social l&#8217;han convertit en una instituci\u00f3 forta amb un pes rellevant en l&#8217;\u00e0mbit sanitari. <strong>En l\u2019actualitat, el Col\u00b7legi compta amb m\u00e9s de 9.300 col\u00b7legiats i col\u00b7legiades a la prov\u00edncia de Barcelona<\/strong> que, des dels diferents \u00e0mbits d\u2019exercici de la professi\u00f3, ajuden a enfortir el sistema de salut i a millorar la salut de les persones.<\/p>\n\n\n\n<figure class=\"wp-block-image size-large\"><a href=\"https:\/\/blog.cofb.cat\/wp-content\/uploads\/2024\/02\/Entitats-centenaries-2023_COFB.jpg\" target=\"_blank\" rel=\"noopener\"><img decoding=\"async\" src=\"https:\/\/blog.cofb.cat\/wp-content\/uploads\/2024\/02\/Entitats-centenaries-2023_COFB-1024x604.jpg\" alt=\"El president del COFB, acompanyat d'altres membres de la Junta de Govern, amb la distinci\u00f3 d\u2019instituci\u00f3 centen\u00e0ria de l\u2019Ajuntament de Barcelona.\" class=\"wp-image-68611\" title=\"El president del COFB, acompanyat d'altres membres de la Junta de Govern, amb la distinci\u00f3 d\u2019instituci\u00f3 centen\u00e0ria de l\u2019Ajuntament de Barcelona.\"\/><\/a><figcaption>El president del COFB, acompanyat d&#8217;altres membres de la Junta de Govern, amb la distinci\u00f3 d\u2019instituci\u00f3 centen\u00e0ria de l\u2019Ajuntament de Barcelona.<\/figcaption><\/figure>\n\n\n\n<p>Per celebrar el 125\u00e8 aniversari, el COFB ha promogut diversos actes, accions i activitats per comunicar i fer part\u00edcip a tothom del cam\u00ed recorregut, tot posant en valor fins on s\u2019ha arribat. Un dels materials elaborats ha estat <strong>l\u2019audiovisual commemoratiu <a href=\"https:\/\/vimeo.com\/871098438?share=copy\" target=\"_blank\" rel=\"noreferrer noopener\">\u201cLa f\u00f3rmula magistral dels nostres 125 anys\u201d<\/a><\/strong>, on es revela a l\u2019espectador quins s\u00f3n els tres ingredients que formen aquesta f\u00f3rmula magistral del Col\u00b7legi: l\u2019expertesa en el medicament, l\u2019evoluci\u00f3 i adaptaci\u00f3 als nous temps i la proximitat a la ciutadania.<\/p>\n\n\n\n<p><\/p>\n\n\n\n<p><strong>Altres publicacions d\u2019inter\u00e8s:<\/strong><\/p>\n\n\n\n<ul class=\"wp-block-list\"><li><a href=\"https:\/\/blog.cofb.cat\/blog\/2022\/09\/29\/els-farmaceutics-de-barcelona-collaboren-amb-la-nova-targeta-cuidadora-impulsada-per-lajuntament-de-barcelona\/\" target=\"_blank\" rel=\"noreferrer noopener\">Els farmac\u00e8utics de Barcelona col\u00b7laboren amb la nova Targeta Cuidadora impulsada per l\u2019Ajuntament de Barcelona (Setembre 2022)<\/a><\/li><li><a href=\"https:\/\/blog.cofb.cat\/blog\/2016\/10\/25\/lajuntament-el-cofb-acorden-estendre-la-xarxa-de-radars\/\" target=\"_blank\" rel=\"noreferrer noopener\">L\u2019Ajuntament i el COFB acorden estendre la xarxa de Radars (Octubre 2016)<\/a><\/li><\/ul>\n","protected":false},"excerpt":{"rendered":"<p>El Col\u00b7legi de Farmac\u00e8utics de Barcelona (COFB) ha rebut la Distinci\u00f3 d\u2019Entitat Centen\u00e0ria de Barcelona, atorgada pel Plenari del Consell Municipal de l\u2019Ajuntament de Barcelona. L\u2019alcalde de Barcelona, Jaume Collboni, ha lliurat la distinci\u00f3 i el diploma al president del COFB, Jordi Casas, en un acte celebrat el 22 de [&hellip;]<\/p>\n","protected":false},"author":1,"featured_media":77962,"comment_status":"open","ping_status":"open","sticky":false,"template":"","format":"standard","meta":{"_uag_custom_page_level_css":"","site-sidebar-layout":"default","site-content-layout":"","ast-site-content-layout":"default","site-content-style":"default","site-sidebar-style":"default","ast-global-header-display":"","ast-banner-title-visibility":"","ast-main-header-display":"","ast-hfb-above-header-display":"","ast-hfb-below-header-display":"","ast-hfb-mobile-header-display":"","site-post-title":"","ast-breadcrumbs-content":"","ast-featured-img":"disabled","footer-sml-layout":"","theme-transparent-header-meta":"","adv-header-id-meta":"","stick-header-meta":"","header-above-stick-meta":"","header-main-stick-meta":"","header-below-stick-meta":"","astra-migrate-meta-layouts":"set","ast-page-background-enabled":"default","ast-page-background-meta":{"desktop":{"background-color":"var(--ast-global-color-4)","background-image":"","background-repeat":"repeat","background-position":"center center","background-size":"auto","background-attachment":"scroll","background-type":"","background-media":"","overlay-type":"","overlay-color":"","overlay-opacity":"","overlay-gradient":""},"tablet":{"background-color":"","background-image":"","background-repeat":"repeat","background-position":"center center","background-size":"auto","background-attachment":"scroll","background-type":"","background-media":"","overlay-type":"","overlay-color":"","overlay-opacity":"","overlay-gradient":""},"mobile":{"background-color":"","background-image":"","background-repeat":"repeat","background-position":"center center","background-size":"auto","background-attachment":"scroll","background-type":"","background-media":"","overlay-type":"","overlay-color":"","overlay-opacity":"","overlay-gradient":""}},"ast-content-background-meta":{"desktop":{"background-color":"var(--ast-global-color-5)","background-image":"","background-repeat":"repeat","background-position":"center center","background-size":"auto","background-attachment":"scroll","background-type":"","background-media":"","overlay-type":"","overlay-color":"","overlay-opacity":"","overlay-gradient":""},"tablet":{"background-color":"var(--ast-global-color-5)","background-image":"","background-repeat":"repeat","background-position":"center center","background-size":"auto","background-attachment":"scroll","background-type":"","background-media":"","overlay-type":"","overlay-color":"","overlay-opacity":"","overlay-gradient":""},"mobile":{"background-color":"var(--ast-global-color-5)","background-image":"","background-repeat":"repeat","background-position":"center center","background-size":"auto","background-attachment":"scroll","background-type":"","background-media":"","overlay-type":"","overlay-color":"","overlay-opacity":"","overlay-gradient":""}},"footnotes":""},"categories":[23,57],"tags":[4935,4936,689,18,19,4937,4938,53,171,4939,3109],"class_list":["post-77795","post","type-post","status-publish","format-standard","has-post-thumbnail","hentry","category-destacats","category-mon-collegial","tag-ajuntament-barcelona","tag-alcalde-barcelona","tag-barcelona","tag-cofb","tag-collegi-de-farmaceutics-de-barcelona","tag-distincio-dentitat-centenaria-de-barcelona","tag-distincio-institucio-centenaria","tag-farmaceutics","tag-farmaceutiques","tag-jaume-collboni","tag-professionals-farmaceutics"],"yoast_head":"<!-- This site is optimized with the Yoast SEO plugin v22.4 - https:\/\/yoast.com\/wordpress\/plugins\/seo\/ -->\n<title>El COFB rep la distinci\u00f3 d\u2019instituci\u00f3 centen\u00e0ria de l\u2019Ajuntament de Barcelona - Col\u00b7legi de Farmac\u00e8utics de Barcelona<\/title>\n<meta name=\"description\" content=\"El COFB ha rebut la Distinci\u00f3 d\u2019Entitat Centen\u00e0ria de Barcelona, atorgada pel Plenari del Consell Municipal de l\u2019Ajuntament de Barcelona.\" \/>\n<meta name=\"robots\" content=\"index, follow, max-snippet:-1, max-image-preview:large, max-video-preview:-1\" \/>\n<link rel=\"canonical\" href=\"https:\/\/novaorg.cofb.net\/2024\/02\/23\/el-cofb-rep-la-distincio-dinstitucio-centenaria-de-lajuntament-de-barcelona\/\" \/>\n<meta property=\"og:locale\" content=\"ca_ES\" \/>\n<meta property=\"og:type\" content=\"article\" \/>\n<meta property=\"og:title\" content=\"El COFB rep la distinci\u00f3 d\u2019instituci\u00f3 centen\u00e0ria de l\u2019Ajuntament de Barcelona - Col\u00b7legi de Farmac\u00e8utics de Barcelona\" \/>\n<meta property=\"og:description\" content=\"El COFB ha rebut la Distinci\u00f3 d\u2019Entitat Centen\u00e0ria de Barcelona, atorgada pel Plenari del Consell Municipal de l\u2019Ajuntament de Barcelona.\" \/>\n<meta property=\"og:url\" content=\"https:\/\/novaorg.cofb.net\/2024\/02\/23\/el-cofb-rep-la-distincio-dinstitucio-centenaria-de-lajuntament-de-barcelona\/\" \/>\n<meta property=\"og:site_name\" content=\"Col\u00b7legi de Farmac\u00e8utics de Barcelona\" \/>\n<meta property=\"article:publisher\" content=\"https:\/\/www.facebook.com\/farmaceuticsbcn\/\" \/>\n<meta property=\"article:published_time\" content=\"2024-02-23T11:21:25+00:00\" \/>\n<meta property=\"article:modified_time\" content=\"2024-04-05T10:14:08+00:00\" \/>\n<meta property=\"og:image\" content=\"https:\/\/novaorg.cofb.net\/wp-content\/uploads\/2024\/04\/COFB_Distincio-entitat-centenaria_23022024-1024x684-1.jpeg\" \/>\n\t<meta property=\"og:image:width\" content=\"1024\" \/>\n\t<meta property=\"og:image:height\" content=\"684\" \/>\n\t<meta property=\"og:image:type\" content=\"image\/jpeg\" \/>\n<meta name=\"author\" content=\"wpAdminCofbOrg\" \/>\n<meta name=\"twitter:card\" content=\"summary_large_image\" \/>\n<meta name=\"twitter:creator\" content=\"@farmaceuticsbcn\" \/>\n<meta name=\"twitter:site\" content=\"@farmaceuticsbcn\" \/>\n<meta name=\"twitter:label1\" content=\"Escrit per\" \/>\n\t<meta name=\"twitter:data1\" content=\"wpAdminCofbOrg\" \/>\n\t<meta name=\"twitter:label2\" content=\"Temps estimat de lectura\" \/>\n\t<meta name=\"twitter:data2\" content=\"4 minuts\" \/>\n<script type=\"application\/ld+json\" class=\"yoast-schema-graph\">{\"@context\":\"https:\/\/schema.org\",\"@graph\":[{\"@type\":\"Article\",\"@id\":\"https:\/\/novaorg.cofb.net\/2024\/02\/23\/el-cofb-rep-la-distincio-dinstitucio-centenaria-de-lajuntament-de-barcelona\/#article\",\"isPartOf\":{\"@id\":\"https:\/\/novaorg.cofb.net\/2024\/02\/23\/el-cofb-rep-la-distincio-dinstitucio-centenaria-de-lajuntament-de-barcelona\/\"},\"author\":{\"name\":\"wpAdminCofbOrg\",\"@id\":\"https:\/\/www.cofb.org\/#\/schema\/person\/22ed7eea88da74b0fa4d3154ad87ffcb\"},\"headline\":\"El COFB rep la distinci\u00f3 d\u2019instituci\u00f3 centen\u00e0ria de l\u2019Ajuntament de Barcelona\",\"datePublished\":\"2024-02-23T11:21:25+00:00\",\"dateModified\":\"2024-04-05T10:14:08+00:00\",\"mainEntityOfPage\":{\"@id\":\"https:\/\/novaorg.cofb.net\/2024\/02\/23\/el-cofb-rep-la-distincio-dinstitucio-centenaria-de-lajuntament-de-barcelona\/\"},\"wordCount\":635,\"commentCount\":0,\"publisher\":{\"@id\":\"https:\/\/www.cofb.org\/#organization\"},\"image\":{\"@id\":\"https:\/\/novaorg.cofb.net\/2024\/02\/23\/el-cofb-rep-la-distincio-dinstitucio-centenaria-de-lajuntament-de-barcelona\/#primaryimage\"},\"thumbnailUrl\":\"https:\/\/www.cofb.org\/wp-content\/uploads\/2024\/04\/COFB_Distincio-entitat-centenaria_23022024-1024x684-1.jpeg\",\"keywords\":[\"Ajuntament Barcelona\",\"Alcalde Barcelona\",\"Barcelona\",\"COFB\",\"Col\u00b7legi de Farmac\u00e8utics de Barcelona\",\"Distinci\u00f3 d\u2019Entitat Centen\u00e0ria de Barcelona\",\"Distinci\u00f3 instituci\u00f3 centen\u00e0ria\",\"farmac\u00e8utics\",\"farmac\u00e8utiques\",\"Jaume Collboni\",\"professionals farmac\u00e8utics\"],\"articleSection\":[\"Destacats\",\"M\u00f3n col\u00b7legial\"],\"inLanguage\":\"ca\",\"potentialAction\":[{\"@type\":\"CommentAction\",\"name\":\"Comment\",\"target\":[\"https:\/\/novaorg.cofb.net\/2024\/02\/23\/el-cofb-rep-la-distincio-dinstitucio-centenaria-de-lajuntament-de-barcelona\/#respond\"]}]},{\"@type\":\"WebPage\",\"@id\":\"https:\/\/novaorg.cofb.net\/2024\/02\/23\/el-cofb-rep-la-distincio-dinstitucio-centenaria-de-lajuntament-de-barcelona\/\",\"url\":\"https:\/\/novaorg.cofb.net\/2024\/02\/23\/el-cofb-rep-la-distincio-dinstitucio-centenaria-de-lajuntament-de-barcelona\/\",\"name\":\"El COFB rep la distinci\u00f3 d\u2019instituci\u00f3 centen\u00e0ria de l\u2019Ajuntament de Barcelona - Col\u00b7legi de Farmac\u00e8utics de Barcelona\",\"isPartOf\":{\"@id\":\"https:\/\/www.cofb.org\/#website\"},\"primaryImageOfPage\":{\"@id\":\"https:\/\/novaorg.cofb.net\/2024\/02\/23\/el-cofb-rep-la-distincio-dinstitucio-centenaria-de-lajuntament-de-barcelona\/#primaryimage\"},\"image\":{\"@id\":\"https:\/\/novaorg.cofb.net\/2024\/02\/23\/el-cofb-rep-la-distincio-dinstitucio-centenaria-de-lajuntament-de-barcelona\/#primaryimage\"},\"thumbnailUrl\":\"https:\/\/www.cofb.org\/wp-content\/uploads\/2024\/04\/COFB_Distincio-entitat-centenaria_23022024-1024x684-1.jpeg\",\"datePublished\":\"2024-02-23T11:21:25+00:00\",\"dateModified\":\"2024-04-05T10:14:08+00:00\",\"description\":\"El COFB ha rebut la Distinci\u00f3 d\u2019Entitat Centen\u00e0ria de Barcelona, atorgada pel Plenari del Consell Municipal de l\u2019Ajuntament de Barcelona.\",\"breadcrumb\":{\"@id\":\"https:\/\/novaorg.cofb.net\/2024\/02\/23\/el-cofb-rep-la-distincio-dinstitucio-centenaria-de-lajuntament-de-barcelona\/#breadcrumb\"},\"inLanguage\":\"ca\",\"potentialAction\":[{\"@type\":\"ReadAction\",\"target\":[\"https:\/\/novaorg.cofb.net\/2024\/02\/23\/el-cofb-rep-la-distincio-dinstitucio-centenaria-de-lajuntament-de-barcelona\/\"]}]},{\"@type\":\"ImageObject\",\"inLanguage\":\"ca\",\"@id\":\"https:\/\/novaorg.cofb.net\/2024\/02\/23\/el-cofb-rep-la-distincio-dinstitucio-centenaria-de-lajuntament-de-barcelona\/#primaryimage\",\"url\":\"https:\/\/www.cofb.org\/wp-content\/uploads\/2024\/04\/COFB_Distincio-entitat-centenaria_23022024-1024x684-1.jpeg\",\"contentUrl\":\"https:\/\/www.cofb.org\/wp-content\/uploads\/2024\/04\/COFB_Distincio-entitat-centenaria_23022024-1024x684-1.jpeg\",\"width\":1024,\"height\":684},{\"@type\":\"BreadcrumbList\",\"@id\":\"https:\/\/novaorg.cofb.net\/2024\/02\/23\/el-cofb-rep-la-distincio-dinstitucio-centenaria-de-lajuntament-de-barcelona\/#breadcrumb\",\"itemListElement\":[{\"@type\":\"ListItem\",\"position\":1,\"name\":\"Inici\",\"item\":\"https:\/\/novaorg.cofb.net\/\"},{\"@type\":\"ListItem\",\"position\":2,\"name\":\"El COFB rep la distinci\u00f3 d\u2019instituci\u00f3 centen\u00e0ria de l\u2019Ajuntament de Barcelona\"}]},{\"@type\":\"WebSite\",\"@id\":\"https:\/\/www.cofb.org\/#website\",\"url\":\"https:\/\/www.cofb.org\/\",\"name\":\"Col\u00b7legi de Farmac\u00e8utics de Barcelona\",\"description\":\"\",\"publisher\":{\"@id\":\"https:\/\/www.cofb.org\/#organization\"},\"potentialAction\":[{\"@type\":\"SearchAction\",\"target\":{\"@type\":\"EntryPoint\",\"urlTemplate\":\"https:\/\/www.cofb.org\/?s={search_term_string}\"},\"query-input\":\"required name=search_term_string\"}],\"inLanguage\":\"ca\"},{\"@type\":\"Organization\",\"@id\":\"https:\/\/www.cofb.org\/#organization\",\"name\":\"Col\u00b7legi de Farmac\u00e8utics de Barcelona\",\"url\":\"https:\/\/www.cofb.org\/\",\"logo\":{\"@type\":\"ImageObject\",\"inLanguage\":\"ca\",\"@id\":\"https:\/\/www.cofb.org\/#\/schema\/logo\/image\/\",\"url\":\"https:\/\/www.cofb.org\/wp-content\/uploads\/2023\/11\/cropped-Logotip-COFB.png\",\"contentUrl\":\"https:\/\/www.cofb.org\/wp-content\/uploads\/2023\/11\/cropped-Logotip-COFB.png\",\"width\":500,\"height\":105,\"caption\":\"Col\u00b7legi de Farmac\u00e8utics de Barcelona\"},\"image\":{\"@id\":\"https:\/\/www.cofb.org\/#\/schema\/logo\/image\/\"},\"sameAs\":[\"https:\/\/www.facebook.com\/farmaceuticsbcn\/\",\"https:\/\/twitter.com\/farmaceuticsbcn\",\"https:\/\/www.instagram.com\/farmaceuticsbcn\/\",\"https:\/\/www.linkedin.com\/company\/farmaceuticsbcn\/\"]},{\"@type\":\"Person\",\"@id\":\"https:\/\/www.cofb.org\/#\/schema\/person\/22ed7eea88da74b0fa4d3154ad87ffcb\",\"name\":\"wpAdminCofbOrg\",\"image\":{\"@type\":\"ImageObject\",\"inLanguage\":\"ca\",\"@id\":\"https:\/\/www.cofb.org\/#\/schema\/person\/image\/\",\"url\":\"https:\/\/secure.gravatar.com\/avatar\/1721b20b3b8ca882c3b56ec6c978c594fff670e40c0718e9190eaeeb76aae7d8?s=96&d=mm&r=g\",\"contentUrl\":\"https:\/\/secure.gravatar.com\/avatar\/1721b20b3b8ca882c3b56ec6c978c594fff670e40c0718e9190eaeeb76aae7d8?s=96&d=mm&r=g\",\"caption\":\"wpAdminCofbOrg\"},\"sameAs\":[\"http:\/\/192.168.64.122\/wordpress\"],\"url\":\"https:\/\/www.cofb.org\/ca\/author\/wpadmincofborg\/\"}]}<\/script>\n<!-- \/ Yoast SEO plugin. -->","yoast_head_json":{"title":"El COFB rep la distinci\u00f3 d\u2019instituci\u00f3 centen\u00e0ria de l\u2019Ajuntament de Barcelona - Col\u00b7legi de Farmac\u00e8utics de Barcelona","description":"El COFB ha rebut la Distinci\u00f3 d\u2019Entitat Centen\u00e0ria de Barcelona, atorgada pel Plenari del Consell Municipal de l\u2019Ajuntament de Barcelona.","robots":{"index":"index","follow":"follow","max-snippet":"max-snippet:-1","max-image-preview":"max-image-preview:large","max-video-preview":"max-video-preview:-1"},"canonical":"https:\/\/novaorg.cofb.net\/2024\/02\/23\/el-cofb-rep-la-distincio-dinstitucio-centenaria-de-lajuntament-de-barcelona\/","og_locale":"ca_ES","og_type":"article","og_title":"El COFB rep la distinci\u00f3 d\u2019instituci\u00f3 centen\u00e0ria de l\u2019Ajuntament de Barcelona - Col\u00b7legi de Farmac\u00e8utics de Barcelona","og_description":"El COFB ha rebut la Distinci\u00f3 d\u2019Entitat Centen\u00e0ria de Barcelona, atorgada pel Plenari del Consell Municipal de l\u2019Ajuntament de Barcelona.","og_url":"https:\/\/novaorg.cofb.net\/2024\/02\/23\/el-cofb-rep-la-distincio-dinstitucio-centenaria-de-lajuntament-de-barcelona\/","og_site_name":"Col\u00b7legi de Farmac\u00e8utics de Barcelona","article_publisher":"https:\/\/www.facebook.com\/farmaceuticsbcn\/","article_published_time":"2024-02-23T11:21:25+00:00","article_modified_time":"2024-04-05T10:14:08+00:00","og_image":[{"width":1024,"height":684,"url":"https:\/\/novaorg.cofb.net\/wp-content\/uploads\/2024\/04\/COFB_Distincio-entitat-centenaria_23022024-1024x684-1.jpeg","type":"image\/jpeg"}],"author":"wpAdminCofbOrg","twitter_card":"summary_large_image","twitter_creator":"@farmaceuticsbcn","twitter_site":"@farmaceuticsbcn","twitter_misc":{"Escrit per":"wpAdminCofbOrg","Temps estimat de lectura":"4 minuts"},"schema":{"@context":"https:\/\/schema.org","@graph":[{"@type":"Article","@id":"https:\/\/novaorg.cofb.net\/2024\/02\/23\/el-cofb-rep-la-distincio-dinstitucio-centenaria-de-lajuntament-de-barcelona\/#article","isPartOf":{"@id":"https:\/\/novaorg.cofb.net\/2024\/02\/23\/el-cofb-rep-la-distincio-dinstitucio-centenaria-de-lajuntament-de-barcelona\/"},"author":{"name":"wpAdminCofbOrg","@id":"https:\/\/www.cofb.org\/#\/schema\/person\/22ed7eea88da74b0fa4d3154ad87ffcb"},"headline":"El COFB rep la distinci\u00f3 d\u2019instituci\u00f3 centen\u00e0ria de l\u2019Ajuntament de Barcelona","datePublished":"2024-02-23T11:21:25+00:00","dateModified":"2024-04-05T10:14:08+00:00","mainEntityOfPage":{"@id":"https:\/\/novaorg.cofb.net\/2024\/02\/23\/el-cofb-rep-la-distincio-dinstitucio-centenaria-de-lajuntament-de-barcelona\/"},"wordCount":635,"commentCount":0,"publisher":{"@id":"https:\/\/www.cofb.org\/#organization"},"image":{"@id":"https:\/\/novaorg.cofb.net\/2024\/02\/23\/el-cofb-rep-la-distincio-dinstitucio-centenaria-de-lajuntament-de-barcelona\/#primaryimage"},"thumbnailUrl":"https:\/\/www.cofb.org\/wp-content\/uploads\/2024\/04\/COFB_Distincio-entitat-centenaria_23022024-1024x684-1.jpeg","keywords":["Ajuntament Barcelona","Alcalde Barcelona","Barcelona","COFB","Col\u00b7legi de Farmac\u00e8utics de Barcelona","Distinci\u00f3 d\u2019Entitat Centen\u00e0ria de Barcelona","Distinci\u00f3 instituci\u00f3 centen\u00e0ria","farmac\u00e8utics","farmac\u00e8utiques","Jaume Collboni","professionals farmac\u00e8utics"],"articleSection":["Destacats","M\u00f3n col\u00b7legial"],"inLanguage":"ca","potentialAction":[{"@type":"CommentAction","name":"Comment","target":["https:\/\/novaorg.cofb.net\/2024\/02\/23\/el-cofb-rep-la-distincio-dinstitucio-centenaria-de-lajuntament-de-barcelona\/#respond"]}]},{"@type":"WebPage","@id":"https:\/\/novaorg.cofb.net\/2024\/02\/23\/el-cofb-rep-la-distincio-dinstitucio-centenaria-de-lajuntament-de-barcelona\/","url":"https:\/\/novaorg.cofb.net\/2024\/02\/23\/el-cofb-rep-la-distincio-dinstitucio-centenaria-de-lajuntament-de-barcelona\/","name":"El COFB rep la distinci\u00f3 d\u2019instituci\u00f3 centen\u00e0ria de l\u2019Ajuntament de Barcelona - Col\u00b7legi de Farmac\u00e8utics de Barcelona","isPartOf":{"@id":"https:\/\/www.cofb.org\/#website"},"primaryImageOfPage":{"@id":"https:\/\/novaorg.cofb.net\/2024\/02\/23\/el-cofb-rep-la-distincio-dinstitucio-centenaria-de-lajuntament-de-barcelona\/#primaryimage"},"image":{"@id":"https:\/\/novaorg.cofb.net\/2024\/02\/23\/el-cofb-rep-la-distincio-dinstitucio-centenaria-de-lajuntament-de-barcelona\/#primaryimage"},"thumbnailUrl":"https:\/\/www.cofb.org\/wp-content\/uploads\/2024\/04\/COFB_Distincio-entitat-centenaria_23022024-1024x684-1.jpeg","datePublished":"2024-02-23T11:21:25+00:00","dateModified":"2024-04-05T10:14:08+00:00","description":"El COFB ha rebut la Distinci\u00f3 d\u2019Entitat Centen\u00e0ria de Barcelona, atorgada pel Plenari del Consell Municipal de l\u2019Ajuntament de Barcelona.","breadcrumb":{"@id":"https:\/\/novaorg.cofb.net\/2024\/02\/23\/el-cofb-rep-la-distincio-dinstitucio-centenaria-de-lajuntament-de-barcelona\/#breadcrumb"},"inLanguage":"ca","potentialAction":[{"@type":"ReadAction","target":["https:\/\/novaorg.cofb.net\/2024\/02\/23\/el-cofb-rep-la-distincio-dinstitucio-centenaria-de-lajuntament-de-barcelona\/"]}]},{"@type":"ImageObject","inLanguage":"ca","@id":"https:\/\/novaorg.cofb.net\/2024\/02\/23\/el-cofb-rep-la-distincio-dinstitucio-centenaria-de-lajuntament-de-barcelona\/#primaryimage","url":"https:\/\/www.cofb.org\/wp-content\/uploads\/2024\/04\/COFB_Distincio-entitat-centenaria_23022024-1024x684-1.jpeg","contentUrl":"https:\/\/www.cofb.org\/wp-content\/uploads\/2024\/04\/COFB_Distincio-entitat-centenaria_23022024-1024x684-1.jpeg","width":1024,"height":684},{"@type":"BreadcrumbList","@id":"https:\/\/novaorg.cofb.net\/2024\/02\/23\/el-cofb-rep-la-distincio-dinstitucio-centenaria-de-lajuntament-de-barcelona\/#breadcrumb","itemListElement":[{"@type":"ListItem","position":1,"name":"Inici","item":"https:\/\/novaorg.cofb.net\/"},{"@type":"ListItem","position":2,"name":"El COFB rep la distinci\u00f3 d\u2019instituci\u00f3 centen\u00e0ria de l\u2019Ajuntament de Barcelona"}]},{"@type":"WebSite","@id":"https:\/\/www.cofb.org\/#website","url":"https:\/\/www.cofb.org\/","name":"Col\u00b7legi de Farmac\u00e8utics de Barcelona","description":"","publisher":{"@id":"https:\/\/www.cofb.org\/#organization"},"potentialAction":[{"@type":"SearchAction","target":{"@type":"EntryPoint","urlTemplate":"https:\/\/www.cofb.org\/?s={search_term_string}"},"query-input":"required name=search_term_string"}],"inLanguage":"ca"},{"@type":"Organization","@id":"https:\/\/www.cofb.org\/#organization","name":"Col\u00b7legi de Farmac\u00e8utics de Barcelona","url":"https:\/\/www.cofb.org\/","logo":{"@type":"ImageObject","inLanguage":"ca","@id":"https:\/\/www.cofb.org\/#\/schema\/logo\/image\/","url":"https:\/\/www.cofb.org\/wp-content\/uploads\/2023\/11\/cropped-Logotip-COFB.png","contentUrl":"https:\/\/www.cofb.org\/wp-content\/uploads\/2023\/11\/cropped-Logotip-COFB.png","width":500,"height":105,"caption":"Col\u00b7legi de Farmac\u00e8utics de Barcelona"},"image":{"@id":"https:\/\/www.cofb.org\/#\/schema\/logo\/image\/"},"sameAs":["https:\/\/www.facebook.com\/farmaceuticsbcn\/","https:\/\/twitter.com\/farmaceuticsbcn","https:\/\/www.instagram.com\/farmaceuticsbcn\/","https:\/\/www.linkedin.com\/company\/farmaceuticsbcn\/"]},{"@type":"Person","@id":"https:\/\/www.cofb.org\/#\/schema\/person\/22ed7eea88da74b0fa4d3154ad87ffcb","name":"wpAdminCofbOrg","image":{"@type":"ImageObject","inLanguage":"ca","@id":"https:\/\/www.cofb.org\/#\/schema\/person\/image\/","url":"https:\/\/secure.gravatar.com\/avatar\/1721b20b3b8ca882c3b56ec6c978c594fff670e40c0718e9190eaeeb76aae7d8?s=96&d=mm&r=g","contentUrl":"https:\/\/secure.gravatar.com\/avatar\/1721b20b3b8ca882c3b56ec6c978c594fff670e40c0718e9190eaeeb76aae7d8?s=96&d=mm&r=g","caption":"wpAdminCofbOrg"},"sameAs":["http:\/\/192.168.64.122\/wordpress"],"url":"https:\/\/www.cofb.org\/ca\/author\/wpadmincofborg\/"}]}},"uagb_featured_image_src":{"full":["https:\/\/www.cofb.org\/wp-content\/uploads\/2024\/04\/COFB_Distincio-entitat-centenaria_23022024-1024x684-1.jpeg",1024,684,false],"thumbnail":["https:\/\/www.cofb.org\/wp-content\/uploads\/2024\/04\/COFB_Distincio-entitat-centenaria_23022024-1024x684-1-150x150.jpeg",150,150,true],"medium":["https:\/\/www.cofb.org\/wp-content\/uploads\/2024\/04\/COFB_Distincio-entitat-centenaria_23022024-1024x684-1-300x200.jpeg",300,200,true],"medium_large":["https:\/\/www.cofb.org\/wp-content\/uploads\/2024\/04\/COFB_Distincio-entitat-centenaria_23022024-1024x684-1-768x513.jpeg",768,513,true],"large":["https:\/\/www.cofb.org\/wp-content\/uploads\/2024\/04\/COFB_Distincio-entitat-centenaria_23022024-1024x684-1.jpeg",1024,684,false],"1536x1536":["https:\/\/www.cofb.org\/wp-content\/uploads\/2024\/04\/COFB_Distincio-entitat-centenaria_23022024-1024x684-1.jpeg",1024,684,false],"2048x2048":["https:\/\/www.cofb.org\/wp-content\/uploads\/2024\/04\/COFB_Distincio-entitat-centenaria_23022024-1024x684-1.jpeg",1024,684,false],"trp-custom-language-flag":["https:\/\/www.cofb.org\/wp-content\/uploads\/2024\/04\/COFB_Distincio-entitat-centenaria_23022024-1024x684-1-18x12.jpeg",18,12,true]},"uagb_author_info":{"display_name":"wpAdminCofbOrg","author_link":"https:\/\/www.cofb.org\/ca\/author\/wpadmincofborg\/"},"uagb_comment_info":0,"uagb_excerpt":"El Col\u00b7legi de Farmac\u00e8utics de Barcelona (COFB) ha rebut la Distinci\u00f3 d\u2019Entitat Centen\u00e0ria de Barcelona, atorgada pel Plenari del Consell Municipal de l\u2019Ajuntament de Barcelona. L\u2019alcalde de Barcelona, Jaume Collboni, ha lliurat la distinci\u00f3 i el diploma al president del COFB, Jordi Casas, en un acte celebrat el 22 de [&hellip;]","_links":{"self":[{"href":"https:\/\/www.cofb.org\/ca\/wp-json\/wp\/v2\/posts\/77795","targetHints":{"allow":["GET"]}}],"collection":[{"href":"https:\/\/www.cofb.org\/ca\/wp-json\/wp\/v2\/posts"}],"about":[{"href":"https:\/\/www.cofb.org\/ca\/wp-json\/wp\/v2\/types\/post"}],"author":[{"embeddable":true,"href":"https:\/\/www.cofb.org\/ca\/wp-json\/wp\/v2\/users\/1"}],"replies":[{"embeddable":true,"href":"https:\/\/www.cofb.org\/ca\/wp-json\/wp\/v2\/comments?post=77795"}],"version-history":[{"count":1,"href":"https:\/\/www.cofb.org\/ca\/wp-json\/wp\/v2\/posts\/77795\/revisions"}],"predecessor-version":[{"id":77963,"href":"https:\/\/www.cofb.org\/ca\/wp-json\/wp\/v2\/posts\/77795\/revisions\/77963"}],"wp:featuredmedia":[{"embeddable":true,"href":"https:\/\/www.cofb.org\/ca\/wp-json\/wp\/v2\/media\/77962"}],"wp:attachment":[{"href":"https:\/\/www.cofb.org\/ca\/wp-json\/wp\/v2\/media?parent=77795"}],"wp:term":[{"taxonomy":"category","embeddable":true,"href":"https:\/\/www.cofb.org\/ca\/wp-json\/wp\/v2\/categories?post=77795"},{"taxonomy":"post_tag","embeddable":true,"href":"https:\/\/www.cofb.org\/ca\/wp-json\/wp\/v2\/tags?post=77795"}],"curies":[{"name":"wp","href":"https:\/\/api.w.org\/{rel}","templated":true}]}}