{"id":77775,"date":"2023-12-15T14:11:30","date_gmt":"2023-12-15T12:11:30","guid":{"rendered":"https:\/\/blog.cofb.cat\/?p=68017"},"modified":"2024-04-05T10:26:12","modified_gmt":"2024-04-05T10:26:12","slug":"els-farmaceutics-i-farmaceutiques-collaboren-amb-la-marato-de-3cat-dedicada-a-la-salut-sexual-i-reproductiva","status":"publish","type":"post","link":"https:\/\/www.cofb.org\/ca\/2023\/12\/15\/els-farmaceutics-i-farmaceutiques-collaboren-amb-la-marato-de-3cat-dedicada-a-la-salut-sexual-i-reproductiva\/","title":{"rendered":"Els farmac\u00e8utics i farmac\u00e8utiques col\u00b7laboren amb La Marat\u00f3 de 3Cat dedicada a la salut sexual i reproductiva"},"content":{"rendered":"\n<p>El passat 4 de desembre, el <strong>Col\u00b7legi de Farmac\u00e8utics de Barcelona (COFB)<\/strong> va organitzar la <strong>pon\u00e8ncia solid\u00e0ria \u201cLa salut sexual i reproductiva a Catalunya. Definici\u00f3, etapes, malalties i problemes associats\u201d<\/strong>, juntament amb la <strong><a href=\"https:\/\/www.ccma.cat\/tv3\/marato\/fundacio\/\" target=\"_blank\" rel=\"noreferrer noopener\">Fundaci\u00f3 de 3Cat<\/a><\/strong>. Una manera de <strong>contribuir<\/strong>, novament, amb <strong><a href=\"https:\/\/www.ccma.cat\/tv3\/marato\/\" target=\"_blank\" rel=\"noreferrer noopener\">La Marat\u00f3 de 3Cat<\/a><\/strong>, enguany sota la tem\u00e0tica <strong>\u201cSalut sexual i reproductiva\u201d.<\/strong> Una mostra del <strong>\u201ccomprom\u00eds del farmac\u00e8utic amb la salut de les persones i que la vessant social de la farm\u00e0cia \u00e9s inherent a la professi\u00f3\u201d<\/strong>, segons paraules del president del Col\u00b7legi, <strong>Jordi Casas<\/strong>, durant el seu discurs de benvinguda.<\/p>\n\n\n\n<figure class=\"wp-block-image size-large\"><a href=\"https:\/\/blog.cofb.cat\/wp-content\/uploads\/2023\/12\/COFB_LA-MARATO-3CAT_15122023_1-scaled.jpg\" target=\"_blank\" rel=\"noopener\"><img decoding=\"async\" src=\"https:\/\/blog.cofb.cat\/wp-content\/uploads\/2023\/12\/COFB_LA-MARATO-3CAT_15122023_1-1024x576.jpg\" alt=\"\" class=\"wp-image-68042\"\/><\/a><\/figure>\n\n\n\n<p>El president del COFB va posar en valor la import\u00e0ncia de sumar-se en la<strong> 32a edici\u00f3 de La Marat\u00f3<\/strong>, que tindr\u00e0 lloc el <strong>17 de desembre<\/strong>, que \u201cengloba un conjunt de <strong>patologies relacionades amb la sexualitat que tenen una prevalen\u00e7a de 3 milions de persones a Catalunya<\/strong>\u201d. A m\u00e9s, va incidir en el fet que des de <strong>la farm\u00e0cia es pot contribuir a \u201cmillorar el benestar f\u00edsic, mental i social de la poblaci\u00f3 en relaci\u00f3 amb la salut sexual i reproductiva<\/strong>\u201d. En aquest sentit, &nbsp;va recordar com des de la professi\u00f3 i el Col\u00b7legi es pot ajudar: \u201c<strong>sensibilitzant sobre la import\u00e0ncia de la prevenci\u00f3 de les malalties i promovent la salut de les persones<\/strong>; <strong>formant-nos<\/strong> per poder <strong>oferir informaci\u00f3 i consell farmac\u00e8utic des de la farm\u00e0cia comunit\u00e0ria<\/strong>; <strong>desenvolupant serveis<\/strong> per prestar des de les farm\u00e0cies, com a professionals sanitaris m\u00e9s accessibles als ciutadans; i <strong>impulsant iniciatives<\/strong> per contribuir a garantir l\u2019exercici dels drets sexuals i reproductius\u201d.<\/p>\n\n\n\n<p>En la presentaci\u00f3 de la confer\u00e8ncia solid\u00e0ria, tamb\u00e9 va intervenir <strong>Miquel Recasens<\/strong>, cap de la Comissi\u00f3 de Comprom\u00eds Social (RSC) i tresorer del COFB, que va destacar <strong>la vessant social de la farm\u00e0cia i el comprom\u00eds del farmac\u00e8utic amb la salut de les persones<\/strong>. Recasens va comentar que \u201cens fa molta il\u00b7lusi\u00f3 la col\u00b7laboraci\u00f3 amb La Marat\u00f3 de 3Cat perqu\u00e8 molts dels nostres col\u00b7legiats i col\u00b7legiades ens ho havien demanat i, per aix\u00f2, durem a terme diferents accions: la <strong>col\u00b7laboraci\u00f3 volunt\u00e0ria dels col\u00b7legiats\/des<\/strong> per anar a instituts a fer sessions divulgatives, <strong>l\u2019atenci\u00f3 telef\u00f2nica volunt\u00e0ria el 17 de desembre<\/strong> i la <strong>confer\u00e8ncia solid\u00e0ria\u201d<\/strong>, a trav\u00e9s de la qual es donar\u00e0 l\u2019import \u00edntegre de la recaptaci\u00f3 de les inscripcions a La Marat\u00f3 2023.<\/p>\n\n\n\n<figure class=\"wp-block-image size-large\"><a href=\"https:\/\/blog.cofb.cat\/wp-content\/uploads\/2023\/12\/COFB_LA-MARATO-3CAT_15122023_2.jpg\" target=\"_blank\" rel=\"noopener\"><img decoding=\"async\" src=\"https:\/\/blog.cofb.cat\/wp-content\/uploads\/2023\/12\/COFB_LA-MARATO-3CAT_15122023_2-1024x512.jpg\" alt=\"D'esquerra a dreta: Llu\u00eds Bernab\u00e9, Ramon Escuriet, Jordi Casas i Miquel Recasens.\" class=\"wp-image-68043\" title=\"D'esquerra a dreta: Llu\u00eds Bernab\u00e9, Ramon Escuriet, Jordi Casas i Miquel Recasens.\"\/><\/a><figcaption>D&#8217;esquerra a dreta: Llu\u00eds Bernab\u00e9, Ramon Escuriet, Jordi Casas i Miquel Recasens.<\/figcaption><\/figure>\n\n\n\n<p>Per la seva banda, el director de la Fundaci\u00f3 3Cat, <strong>Llu\u00eds Bernab\u00e9<\/strong>, va agrair la solidaritat als farmac\u00e8utics i farmac\u00e8utiques assistents a la confer\u00e8ncia i al Col\u00b7legi. Bernab\u00e9 va recon\u00e8ixer la <strong>import\u00e0ncia de dur a terme campanyes de sensibilitzaci\u00f3 i divulgaci\u00f3 <\/strong>i va explicar que La Marat\u00f3 va n\u00e9ixer l\u2019any 1992 com a programa de televisi\u00f3 i, posteriorment, l\u2019any 1996 es va crear la Fundaci\u00f3 amb els seg\u00fcents objectius: <strong>divulgar i sensibilitzar<\/strong>; <strong>mobilitzar a la ciutadania<\/strong>, a trav\u00e9s d\u2019activitats populars; <strong>recaptar<\/strong>, gr\u00e0cies a les donacions; i dur a terme <strong>projectes de recerca.<\/strong><\/p>\n\n\n\n<figure class=\"wp-block-image size-large\"><a href=\"https:\/\/blog.cofb.cat\/wp-content\/uploads\/2023\/12\/COFB_LA-MARATO-3CAT_15122023_3-scaled.jpg\" target=\"_blank\" rel=\"noopener\"><img decoding=\"async\" src=\"https:\/\/blog.cofb.cat\/wp-content\/uploads\/2023\/12\/COFB_LA-MARATO-3CAT_15122023_3-1024x576.jpg\" alt=\"El director de la Fundaci\u00f3 3Cat, Llu\u00eds Bernab\u00e9, en un moment de la seva presentaci\u00f3.\" class=\"wp-image-68044\" title=\"El director de la Fundaci\u00f3 3Cat, Llu\u00eds Bernab\u00e9, en un moment de la seva presentaci\u00f3.\"\/><\/a><figcaption>El director de la Fundaci\u00f3 3Cat, Llu\u00eds Bernab\u00e9, en un moment de la seva presentaci\u00f3.<\/figcaption><\/figure>\n\n\n\n<h2 class=\"wp-block-heading\"><strong>Confer\u00e8ncia sobre la salut sexual i reproductiva a Catalunya<\/strong><\/h2>\n\n\n\n<p>La confer\u00e8ncia sobre <strong>\u201cLa salut sexual i reproductiva a Catalunya. Definici\u00f3, etapes, malalties i problemes associats\u201d<\/strong> va ser impartida pel director del Pla de salut afectiva, sexual i reproductiva del Departament de Salut, <strong>Ramon Escuriet<\/strong>, que va exposar les l\u00ednies de treball, en el marc del <strong>Pla de Salut de Catalunya 2021-2025<\/strong>, que fan refer\u00e8ncia a <strong>\u201creduir les desigualtats en salut, potenciant la promoci\u00f3 de la salut de les persones en totes les etapes de la vida, fent \u00e8mfasi en els col\u00b7lectius en situaci\u00f3 de vulnerabilitat i introduint la perspectiva de g\u00e8nere\u201d<\/strong>. El director va compartir les diferents <strong>l\u00ednies estrat\u00e8giques de l\u2019atenci\u00f3 a la salut afectiva, sexual i reproductiva <\/strong>com s\u00f3n l\u2019atenci\u00f3 a la interrupci\u00f3 volunt\u00e0ria de l\u2019embar\u00e0s, a la reproducci\u00f3 assistida, a les persones trans o en salut mental, entre altres.<\/p>\n\n\n\n<figure class=\"wp-block-image size-large\"><a href=\"https:\/\/blog.cofb.cat\/wp-content\/uploads\/2023\/12\/COFB_LA-MARATO-3CAT_15122023_4-scaled.jpg\" target=\"_blank\" rel=\"noopener\"><img decoding=\"async\" src=\"https:\/\/blog.cofb.cat\/wp-content\/uploads\/2023\/12\/COFB_LA-MARATO-3CAT_15122023_4-1024x576.jpg\" alt=\"Ramon Escuriet durant la confer\u00e8ncia sobre la salut sexual i reproductiva a Catalunya.\" class=\"wp-image-68045\" title=\"Ramon Escuriet durant la confer\u00e8ncia sobre la salut sexual i reproductiva a Catalunya.\"\/><\/a><figcaption>Ramon Escuriet durant la confer\u00e8ncia sobre la salut sexual i reproductiva a Catalunya.<\/figcaption><\/figure>\n\n\n\n<p>En relaci\u00f3 amb les <strong>infeccions de transmissi\u00f3 sexual (ITS)<\/strong>, va mostrar una comparaci\u00f3 de taxes d\u2019ITS, del 2019 al 2022, en qu\u00e8 es podia visualitzar que <strong>\u201cdespr\u00e9s de la pand\u00e8mia, s\u2019han incrementat\u201d<\/strong>. El director tamb\u00e9 va oferir algunes xifres de <strong>l\u2019evoluci\u00f3 de les interrupcions volunt\u00e0ries de l\u2019embar\u00e0s<\/strong>, la <strong>prevalen\u00e7a del dolor menstrual<\/strong> o dismenorrea, la <strong>taxa d\u2019incid\u00e8ncia de l\u2019endometriosi<\/strong> i diferents <strong>indicadors de salut perinatal<\/strong>.<\/p>\n\n\n\n<p>Per acabar, Escuriet va ensenyar una gr\u00e0fica de la revista <em>Nature<\/em> sobre la distribuci\u00f3 de la c\u00e0rrega de malaltia segons el g\u00e8nere i com es destinen les fonts de recerca: <strong>&#8220;quan mires la c\u00e0rrega de la malaltia, afecta majorit\u00e0riament dones, i quan mires les fonts per fer recerca, \u201cels homes passen quasi a un lloc protagonista\u201d<\/strong>. \u00a0\u00a0<\/p>\n\n\n\n<p><div class=\"destacat-blog\">   <\/p>\n\n\n\n<h2 class=\"wp-block-heading\"><strong>Col\u00b7labora amb La Marat\u00f3 de 3Cat <\/strong><\/h2>\n\n\n\n<p>El diumenge 17 de desembre se celebra la <strong>32a edici\u00f3 de La Marat\u00f3 de 3Cat<\/strong> dedicada a la <strong>\u201cSalut sexual i reproductiva\u201d<\/strong>. Es pot <strong>col\u00b7laborar mitjan\u00e7ant un donatiu <\/strong>en el seg\u00fcent <a href=\"https:\/\/www.ccma.cat\/tv3\/marato\/donatiu\/\" target=\"_blank\" rel=\"noreferrer noopener\">enlla\u00e7<\/a>.<\/p>\n\n\n\n<figure class=\"wp-block-image size-large\"><a href=\"https:\/\/blog.cofb.cat\/wp-content\/uploads\/2023\/12\/COFB_LA-MARATO-3CAT_15122023_5.jpg\" target=\"_blank\" rel=\"noopener\"><img decoding=\"async\" src=\"https:\/\/blog.cofb.cat\/wp-content\/uploads\/2023\/12\/COFB_LA-MARATO-3CAT_15122023_5-1024x576.jpg\" alt=\"\" class=\"wp-image-68062\"\/><\/a><\/figure>\n\n\n\n<p> <\/div>      <\/p>\n\n\n\n<p><\/p>\n\n\n\n<p><strong>Altres publicacions d\u2019inter\u00e8s:<\/strong><\/p>\n\n\n\n<ul class=\"wp-block-list\"><li><a href=\"https:\/\/blog.cofb.cat\/blog\/2018\/12\/14\/el-cofb-implicat-en-la-marato-2018-per-recaptar-fons-per-a-la-investigacio-del-cancer\/\" target=\"_blank\" rel=\"noreferrer noopener\">El Col\u00b7legi, implicat en La Marat\u00f3 2018 per recaptar fons per a la investigaci\u00f3 del c\u00e0ncer (Desembre 2018)<\/a><\/li><\/ul>\n","protected":false},"excerpt":{"rendered":"<p>El passat 4 de desembre, el Col\u00b7legi de Farmac\u00e8utics de Barcelona (COFB) va organitzar la pon\u00e8ncia solid\u00e0ria \u201cLa salut sexual i reproductiva a Catalunya. Definici\u00f3, etapes, malalties i problemes associats\u201d, juntament amb la Fundaci\u00f3 de 3Cat. Una manera de contribuir, novament, amb La Marat\u00f3 de 3Cat, enguany sota la tem\u00e0tica [&hellip;]<\/p>\n","protected":false},"author":1,"featured_media":77998,"comment_status":"open","ping_status":"open","sticky":false,"template":"","format":"standard","meta":{"_uag_custom_page_level_css":"","site-sidebar-layout":"default","site-content-layout":"","ast-site-content-layout":"default","site-content-style":"default","site-sidebar-style":"default","ast-global-header-display":"","ast-banner-title-visibility":"","ast-main-header-display":"","ast-hfb-above-header-display":"","ast-hfb-below-header-display":"","ast-hfb-mobile-header-display":"","site-post-title":"","ast-breadcrumbs-content":"","ast-featured-img":"disabled","footer-sml-layout":"","theme-transparent-header-meta":"","adv-header-id-meta":"","stick-header-meta":"","header-above-stick-meta":"","header-main-stick-meta":"","header-below-stick-meta":"","astra-migrate-meta-layouts":"set","ast-page-background-enabled":"default","ast-page-background-meta":{"desktop":{"background-color":"var(--ast-global-color-4)","background-image":"","background-repeat":"repeat","background-position":"center center","background-size":"auto","background-attachment":"scroll","background-type":"","background-media":"","overlay-type":"","overlay-color":"","overlay-opacity":"","overlay-gradient":""},"tablet":{"background-color":"","background-image":"","background-repeat":"repeat","background-position":"center center","background-size":"auto","background-attachment":"scroll","background-type":"","background-media":"","overlay-type":"","overlay-color":"","overlay-opacity":"","overlay-gradient":""},"mobile":{"background-color":"","background-image":"","background-repeat":"repeat","background-position":"center center","background-size":"auto","background-attachment":"scroll","background-type":"","background-media":"","overlay-type":"","overlay-color":"","overlay-opacity":"","overlay-gradient":""}},"ast-content-background-meta":{"desktop":{"background-color":"var(--ast-global-color-5)","background-image":"","background-repeat":"repeat","background-position":"center center","background-size":"auto","background-attachment":"scroll","background-type":"","background-media":"","overlay-type":"","overlay-color":"","overlay-opacity":"","overlay-gradient":""},"tablet":{"background-color":"var(--ast-global-color-5)","background-image":"","background-repeat":"repeat","background-position":"center center","background-size":"auto","background-attachment":"scroll","background-type":"","background-media":"","overlay-type":"","overlay-color":"","overlay-opacity":"","overlay-gradient":""},"mobile":{"background-color":"var(--ast-global-color-5)","background-image":"","background-repeat":"repeat","background-position":"center center","background-size":"auto","background-attachment":"scroll","background-type":"","background-media":"","overlay-type":"","overlay-color":"","overlay-opacity":"","overlay-gradient":""}},"footnotes":""},"categories":[23,57,4842],"tags":[64,18,19,53,68,70,2603,4841,76,906,3849,4843],"class_list":["post-77775","post","type-post","status-publish","format-standard","has-post-thumbnail","hentry","category-destacats","category-mon-collegial","category-sense_categoria","tag-atencio-farmaceutica","tag-cofb","tag-collegi-de-farmaceutics-de-barcelona","tag-farmaceutics","tag-farmacia","tag-formacio","tag-la-marato","tag-la-marato-3cat","tag-oficina-de-farmacia","tag-professio-farmaceutica","tag-salut-sexual-i-reproductiva","tag-vessant-social"],"yoast_head":"<!-- This site is optimized with the Yoast SEO plugin v22.4 - https:\/\/yoast.com\/wordpress\/plugins\/seo\/ -->\n<title>Els farmac\u00e8utics i farmac\u00e8utiques col\u00b7laboren amb La Marat\u00f3 de 3Cat dedicada a la salut sexual i reproductiva - Col\u00b7legi de Farmac\u00e8utics de Barcelona<\/title>\n<meta name=\"description\" content=\"El passat 4 de desembre, el COFB va organitzar la pon\u00e8ncia solid\u00e0ria \u201cLa salut sexual i reproductiva a Catalunya. Definici\u00f3, etapes, malalties i problemes associats\u201d, juntament amb la Fundaci\u00f3 de 3Cat.\" \/>\n<meta name=\"robots\" content=\"index, follow, max-snippet:-1, max-image-preview:large, max-video-preview:-1\" \/>\n<link rel=\"canonical\" href=\"https:\/\/novaorg.cofb.net\/2023\/12\/15\/els-farmaceutics-i-farmaceutiques-collaboren-amb-la-marato-de-3cat-dedicada-a-la-salut-sexual-i-reproductiva\/\" \/>\n<meta property=\"og:locale\" content=\"ca_ES\" \/>\n<meta property=\"og:type\" content=\"article\" \/>\n<meta property=\"og:title\" content=\"Els farmac\u00e8utics i farmac\u00e8utiques col\u00b7laboren amb La Marat\u00f3 de 3Cat dedicada a la salut sexual i reproductiva - Col\u00b7legi de Farmac\u00e8utics de Barcelona\" \/>\n<meta property=\"og:description\" content=\"El passat 4 de desembre, el COFB va organitzar la pon\u00e8ncia solid\u00e0ria \u201cLa salut sexual i reproductiva a Catalunya. Definici\u00f3, etapes, malalties i problemes associats\u201d, juntament amb la Fundaci\u00f3 de 3Cat.\" \/>\n<meta property=\"og:url\" content=\"https:\/\/novaorg.cofb.net\/2023\/12\/15\/els-farmaceutics-i-farmaceutiques-collaboren-amb-la-marato-de-3cat-dedicada-a-la-salut-sexual-i-reproductiva\/\" \/>\n<meta property=\"og:site_name\" content=\"Col\u00b7legi de Farmac\u00e8utics de Barcelona\" \/>\n<meta property=\"article:publisher\" content=\"https:\/\/www.facebook.com\/farmaceuticsbcn\/\" \/>\n<meta property=\"article:published_time\" content=\"2023-12-15T12:11:30+00:00\" \/>\n<meta property=\"article:modified_time\" content=\"2024-04-05T10:26:12+00:00\" \/>\n<meta property=\"og:image\" content=\"https:\/\/novaorg.cofb.net\/wp-content\/uploads\/2024\/04\/COFB_LA-MARATO-3CAT_15122023_1-1024x576-1.jpeg\" \/>\n\t<meta property=\"og:image:width\" content=\"1024\" \/>\n\t<meta property=\"og:image:height\" content=\"576\" \/>\n\t<meta property=\"og:image:type\" content=\"image\/jpeg\" \/>\n<meta name=\"author\" content=\"wpAdminCofbOrg\" \/>\n<meta name=\"twitter:card\" content=\"summary_large_image\" \/>\n<meta name=\"twitter:creator\" content=\"@farmaceuticsbcn\" \/>\n<meta name=\"twitter:site\" content=\"@farmaceuticsbcn\" \/>\n<meta name=\"twitter:label1\" content=\"Escrit per\" \/>\n\t<meta name=\"twitter:data1\" content=\"wpAdminCofbOrg\" \/>\n\t<meta name=\"twitter:label2\" content=\"Temps estimat de lectura\" \/>\n\t<meta name=\"twitter:data2\" content=\"6 minuts\" \/>\n<script type=\"application\/ld+json\" class=\"yoast-schema-graph\">{\"@context\":\"https:\/\/schema.org\",\"@graph\":[{\"@type\":\"Article\",\"@id\":\"https:\/\/novaorg.cofb.net\/2023\/12\/15\/els-farmaceutics-i-farmaceutiques-collaboren-amb-la-marato-de-3cat-dedicada-a-la-salut-sexual-i-reproductiva\/#article\",\"isPartOf\":{\"@id\":\"https:\/\/novaorg.cofb.net\/2023\/12\/15\/els-farmaceutics-i-farmaceutiques-collaboren-amb-la-marato-de-3cat-dedicada-a-la-salut-sexual-i-reproductiva\/\"},\"author\":{\"name\":\"wpAdminCofbOrg\",\"@id\":\"https:\/\/www.cofb.org\/#\/schema\/person\/22ed7eea88da74b0fa4d3154ad87ffcb\"},\"headline\":\"Els farmac\u00e8utics i farmac\u00e8utiques col\u00b7laboren amb La Marat\u00f3 de 3Cat dedicada a la salut sexual i reproductiva\",\"datePublished\":\"2023-12-15T12:11:30+00:00\",\"dateModified\":\"2024-04-05T10:26:12+00:00\",\"mainEntityOfPage\":{\"@id\":\"https:\/\/novaorg.cofb.net\/2023\/12\/15\/els-farmaceutics-i-farmaceutiques-collaboren-amb-la-marato-de-3cat-dedicada-a-la-salut-sexual-i-reproductiva\/\"},\"wordCount\":932,\"commentCount\":0,\"publisher\":{\"@id\":\"https:\/\/www.cofb.org\/#organization\"},\"image\":{\"@id\":\"https:\/\/novaorg.cofb.net\/2023\/12\/15\/els-farmaceutics-i-farmaceutiques-collaboren-amb-la-marato-de-3cat-dedicada-a-la-salut-sexual-i-reproductiva\/#primaryimage\"},\"thumbnailUrl\":\"https:\/\/www.cofb.org\/wp-content\/uploads\/2024\/04\/COFB_LA-MARATO-3CAT_15122023_1-1024x576-1.jpeg\",\"keywords\":[\"Atenci\u00f3 farmac\u00e8utica\",\"COFB\",\"Col\u00b7legi de Farmac\u00e8utics de Barcelona\",\"farmac\u00e8utics\",\"Farm\u00e0cia\",\"Formaci\u00f3\",\"La Marat\u00f3\",\"La Marat\u00f3 3Cat\",\"Oficina de farm\u00e0cia\",\"professi\u00f3 farmac\u00e8utica\",\"salut sexual i reproductiva\",\"vessant social\"],\"articleSection\":[\"Destacats\",\"M\u00f3n col\u00b7legial\",\"Sense Categoria\"],\"inLanguage\":\"ca\",\"potentialAction\":[{\"@type\":\"CommentAction\",\"name\":\"Comment\",\"target\":[\"https:\/\/novaorg.cofb.net\/2023\/12\/15\/els-farmaceutics-i-farmaceutiques-collaboren-amb-la-marato-de-3cat-dedicada-a-la-salut-sexual-i-reproductiva\/#respond\"]}]},{\"@type\":\"WebPage\",\"@id\":\"https:\/\/novaorg.cofb.net\/2023\/12\/15\/els-farmaceutics-i-farmaceutiques-collaboren-amb-la-marato-de-3cat-dedicada-a-la-salut-sexual-i-reproductiva\/\",\"url\":\"https:\/\/novaorg.cofb.net\/2023\/12\/15\/els-farmaceutics-i-farmaceutiques-collaboren-amb-la-marato-de-3cat-dedicada-a-la-salut-sexual-i-reproductiva\/\",\"name\":\"Els farmac\u00e8utics i farmac\u00e8utiques col\u00b7laboren amb La Marat\u00f3 de 3Cat dedicada a la salut sexual i reproductiva - Col\u00b7legi de Farmac\u00e8utics de Barcelona\",\"isPartOf\":{\"@id\":\"https:\/\/www.cofb.org\/#website\"},\"primaryImageOfPage\":{\"@id\":\"https:\/\/novaorg.cofb.net\/2023\/12\/15\/els-farmaceutics-i-farmaceutiques-collaboren-amb-la-marato-de-3cat-dedicada-a-la-salut-sexual-i-reproductiva\/#primaryimage\"},\"image\":{\"@id\":\"https:\/\/novaorg.cofb.net\/2023\/12\/15\/els-farmaceutics-i-farmaceutiques-collaboren-amb-la-marato-de-3cat-dedicada-a-la-salut-sexual-i-reproductiva\/#primaryimage\"},\"thumbnailUrl\":\"https:\/\/www.cofb.org\/wp-content\/uploads\/2024\/04\/COFB_LA-MARATO-3CAT_15122023_1-1024x576-1.jpeg\",\"datePublished\":\"2023-12-15T12:11:30+00:00\",\"dateModified\":\"2024-04-05T10:26:12+00:00\",\"description\":\"El passat 4 de desembre, el COFB va organitzar la pon\u00e8ncia solid\u00e0ria \u201cLa salut sexual i reproductiva a Catalunya. Definici\u00f3, etapes, malalties i problemes associats\u201d, juntament amb la Fundaci\u00f3 de 3Cat.\",\"breadcrumb\":{\"@id\":\"https:\/\/novaorg.cofb.net\/2023\/12\/15\/els-farmaceutics-i-farmaceutiques-collaboren-amb-la-marato-de-3cat-dedicada-a-la-salut-sexual-i-reproductiva\/#breadcrumb\"},\"inLanguage\":\"ca\",\"potentialAction\":[{\"@type\":\"ReadAction\",\"target\":[\"https:\/\/novaorg.cofb.net\/2023\/12\/15\/els-farmaceutics-i-farmaceutiques-collaboren-amb-la-marato-de-3cat-dedicada-a-la-salut-sexual-i-reproductiva\/\"]}]},{\"@type\":\"ImageObject\",\"inLanguage\":\"ca\",\"@id\":\"https:\/\/novaorg.cofb.net\/2023\/12\/15\/els-farmaceutics-i-farmaceutiques-collaboren-amb-la-marato-de-3cat-dedicada-a-la-salut-sexual-i-reproductiva\/#primaryimage\",\"url\":\"https:\/\/www.cofb.org\/wp-content\/uploads\/2024\/04\/COFB_LA-MARATO-3CAT_15122023_1-1024x576-1.jpeg\",\"contentUrl\":\"https:\/\/www.cofb.org\/wp-content\/uploads\/2024\/04\/COFB_LA-MARATO-3CAT_15122023_1-1024x576-1.jpeg\",\"width\":1024,\"height\":576},{\"@type\":\"BreadcrumbList\",\"@id\":\"https:\/\/novaorg.cofb.net\/2023\/12\/15\/els-farmaceutics-i-farmaceutiques-collaboren-amb-la-marato-de-3cat-dedicada-a-la-salut-sexual-i-reproductiva\/#breadcrumb\",\"itemListElement\":[{\"@type\":\"ListItem\",\"position\":1,\"name\":\"Inici\",\"item\":\"https:\/\/novaorg.cofb.net\/\"},{\"@type\":\"ListItem\",\"position\":2,\"name\":\"Els farmac\u00e8utics i farmac\u00e8utiques col\u00b7laboren amb La Marat\u00f3 de 3Cat dedicada a la salut sexual i reproductiva\"}]},{\"@type\":\"WebSite\",\"@id\":\"https:\/\/www.cofb.org\/#website\",\"url\":\"https:\/\/www.cofb.org\/\",\"name\":\"Col\u00b7legi de Farmac\u00e8utics de Barcelona\",\"description\":\"\",\"publisher\":{\"@id\":\"https:\/\/www.cofb.org\/#organization\"},\"potentialAction\":[{\"@type\":\"SearchAction\",\"target\":{\"@type\":\"EntryPoint\",\"urlTemplate\":\"https:\/\/www.cofb.org\/?s={search_term_string}\"},\"query-input\":\"required name=search_term_string\"}],\"inLanguage\":\"ca\"},{\"@type\":\"Organization\",\"@id\":\"https:\/\/www.cofb.org\/#organization\",\"name\":\"Col\u00b7legi de Farmac\u00e8utics de Barcelona\",\"url\":\"https:\/\/www.cofb.org\/\",\"logo\":{\"@type\":\"ImageObject\",\"inLanguage\":\"ca\",\"@id\":\"https:\/\/www.cofb.org\/#\/schema\/logo\/image\/\",\"url\":\"https:\/\/www.cofb.org\/wp-content\/uploads\/2023\/11\/cropped-Logotip-COFB.png\",\"contentUrl\":\"https:\/\/www.cofb.org\/wp-content\/uploads\/2023\/11\/cropped-Logotip-COFB.png\",\"width\":500,\"height\":105,\"caption\":\"Col\u00b7legi de Farmac\u00e8utics de Barcelona\"},\"image\":{\"@id\":\"https:\/\/www.cofb.org\/#\/schema\/logo\/image\/\"},\"sameAs\":[\"https:\/\/www.facebook.com\/farmaceuticsbcn\/\",\"https:\/\/twitter.com\/farmaceuticsbcn\",\"https:\/\/www.instagram.com\/farmaceuticsbcn\/\",\"https:\/\/www.linkedin.com\/company\/farmaceuticsbcn\/\"]},{\"@type\":\"Person\",\"@id\":\"https:\/\/www.cofb.org\/#\/schema\/person\/22ed7eea88da74b0fa4d3154ad87ffcb\",\"name\":\"wpAdminCofbOrg\",\"image\":{\"@type\":\"ImageObject\",\"inLanguage\":\"ca\",\"@id\":\"https:\/\/www.cofb.org\/#\/schema\/person\/image\/\",\"url\":\"https:\/\/secure.gravatar.com\/avatar\/1721b20b3b8ca882c3b56ec6c978c594fff670e40c0718e9190eaeeb76aae7d8?s=96&d=mm&r=g\",\"contentUrl\":\"https:\/\/secure.gravatar.com\/avatar\/1721b20b3b8ca882c3b56ec6c978c594fff670e40c0718e9190eaeeb76aae7d8?s=96&d=mm&r=g\",\"caption\":\"wpAdminCofbOrg\"},\"sameAs\":[\"http:\/\/192.168.64.122\/wordpress\"],\"url\":\"https:\/\/www.cofb.org\/ca\/author\/wpadmincofborg\/\"}]}<\/script>\n<!-- \/ Yoast SEO plugin. -->","yoast_head_json":{"title":"Els farmac\u00e8utics i farmac\u00e8utiques col\u00b7laboren amb La Marat\u00f3 de 3Cat dedicada a la salut sexual i reproductiva - Col\u00b7legi de Farmac\u00e8utics de Barcelona","description":"El passat 4 de desembre, el COFB va organitzar la pon\u00e8ncia solid\u00e0ria \u201cLa salut sexual i reproductiva a Catalunya. Definici\u00f3, etapes, malalties i problemes associats\u201d, juntament amb la Fundaci\u00f3 de 3Cat.","robots":{"index":"index","follow":"follow","max-snippet":"max-snippet:-1","max-image-preview":"max-image-preview:large","max-video-preview":"max-video-preview:-1"},"canonical":"https:\/\/novaorg.cofb.net\/2023\/12\/15\/els-farmaceutics-i-farmaceutiques-collaboren-amb-la-marato-de-3cat-dedicada-a-la-salut-sexual-i-reproductiva\/","og_locale":"ca_ES","og_type":"article","og_title":"Els farmac\u00e8utics i farmac\u00e8utiques col\u00b7laboren amb La Marat\u00f3 de 3Cat dedicada a la salut sexual i reproductiva - Col\u00b7legi de Farmac\u00e8utics de Barcelona","og_description":"El passat 4 de desembre, el COFB va organitzar la pon\u00e8ncia solid\u00e0ria \u201cLa salut sexual i reproductiva a Catalunya. Definici\u00f3, etapes, malalties i problemes associats\u201d, juntament amb la Fundaci\u00f3 de 3Cat.","og_url":"https:\/\/novaorg.cofb.net\/2023\/12\/15\/els-farmaceutics-i-farmaceutiques-collaboren-amb-la-marato-de-3cat-dedicada-a-la-salut-sexual-i-reproductiva\/","og_site_name":"Col\u00b7legi de Farmac\u00e8utics de Barcelona","article_publisher":"https:\/\/www.facebook.com\/farmaceuticsbcn\/","article_published_time":"2023-12-15T12:11:30+00:00","article_modified_time":"2024-04-05T10:26:12+00:00","og_image":[{"width":1024,"height":576,"url":"https:\/\/novaorg.cofb.net\/wp-content\/uploads\/2024\/04\/COFB_LA-MARATO-3CAT_15122023_1-1024x576-1.jpeg","type":"image\/jpeg"}],"author":"wpAdminCofbOrg","twitter_card":"summary_large_image","twitter_creator":"@farmaceuticsbcn","twitter_site":"@farmaceuticsbcn","twitter_misc":{"Escrit per":"wpAdminCofbOrg","Temps estimat de lectura":"6 minuts"},"schema":{"@context":"https:\/\/schema.org","@graph":[{"@type":"Article","@id":"https:\/\/novaorg.cofb.net\/2023\/12\/15\/els-farmaceutics-i-farmaceutiques-collaboren-amb-la-marato-de-3cat-dedicada-a-la-salut-sexual-i-reproductiva\/#article","isPartOf":{"@id":"https:\/\/novaorg.cofb.net\/2023\/12\/15\/els-farmaceutics-i-farmaceutiques-collaboren-amb-la-marato-de-3cat-dedicada-a-la-salut-sexual-i-reproductiva\/"},"author":{"name":"wpAdminCofbOrg","@id":"https:\/\/www.cofb.org\/#\/schema\/person\/22ed7eea88da74b0fa4d3154ad87ffcb"},"headline":"Els farmac\u00e8utics i farmac\u00e8utiques col\u00b7laboren amb La Marat\u00f3 de 3Cat dedicada a la salut sexual i reproductiva","datePublished":"2023-12-15T12:11:30+00:00","dateModified":"2024-04-05T10:26:12+00:00","mainEntityOfPage":{"@id":"https:\/\/novaorg.cofb.net\/2023\/12\/15\/els-farmaceutics-i-farmaceutiques-collaboren-amb-la-marato-de-3cat-dedicada-a-la-salut-sexual-i-reproductiva\/"},"wordCount":932,"commentCount":0,"publisher":{"@id":"https:\/\/www.cofb.org\/#organization"},"image":{"@id":"https:\/\/novaorg.cofb.net\/2023\/12\/15\/els-farmaceutics-i-farmaceutiques-collaboren-amb-la-marato-de-3cat-dedicada-a-la-salut-sexual-i-reproductiva\/#primaryimage"},"thumbnailUrl":"https:\/\/www.cofb.org\/wp-content\/uploads\/2024\/04\/COFB_LA-MARATO-3CAT_15122023_1-1024x576-1.jpeg","keywords":["Atenci\u00f3 farmac\u00e8utica","COFB","Col\u00b7legi de Farmac\u00e8utics de Barcelona","farmac\u00e8utics","Farm\u00e0cia","Formaci\u00f3","La Marat\u00f3","La Marat\u00f3 3Cat","Oficina de farm\u00e0cia","professi\u00f3 farmac\u00e8utica","salut sexual i reproductiva","vessant social"],"articleSection":["Destacats","M\u00f3n col\u00b7legial","Sense Categoria"],"inLanguage":"ca","potentialAction":[{"@type":"CommentAction","name":"Comment","target":["https:\/\/novaorg.cofb.net\/2023\/12\/15\/els-farmaceutics-i-farmaceutiques-collaboren-amb-la-marato-de-3cat-dedicada-a-la-salut-sexual-i-reproductiva\/#respond"]}]},{"@type":"WebPage","@id":"https:\/\/novaorg.cofb.net\/2023\/12\/15\/els-farmaceutics-i-farmaceutiques-collaboren-amb-la-marato-de-3cat-dedicada-a-la-salut-sexual-i-reproductiva\/","url":"https:\/\/novaorg.cofb.net\/2023\/12\/15\/els-farmaceutics-i-farmaceutiques-collaboren-amb-la-marato-de-3cat-dedicada-a-la-salut-sexual-i-reproductiva\/","name":"Els farmac\u00e8utics i farmac\u00e8utiques col\u00b7laboren amb La Marat\u00f3 de 3Cat dedicada a la salut sexual i reproductiva - Col\u00b7legi de Farmac\u00e8utics de Barcelona","isPartOf":{"@id":"https:\/\/www.cofb.org\/#website"},"primaryImageOfPage":{"@id":"https:\/\/novaorg.cofb.net\/2023\/12\/15\/els-farmaceutics-i-farmaceutiques-collaboren-amb-la-marato-de-3cat-dedicada-a-la-salut-sexual-i-reproductiva\/#primaryimage"},"image":{"@id":"https:\/\/novaorg.cofb.net\/2023\/12\/15\/els-farmaceutics-i-farmaceutiques-collaboren-amb-la-marato-de-3cat-dedicada-a-la-salut-sexual-i-reproductiva\/#primaryimage"},"thumbnailUrl":"https:\/\/www.cofb.org\/wp-content\/uploads\/2024\/04\/COFB_LA-MARATO-3CAT_15122023_1-1024x576-1.jpeg","datePublished":"2023-12-15T12:11:30+00:00","dateModified":"2024-04-05T10:26:12+00:00","description":"El passat 4 de desembre, el COFB va organitzar la pon\u00e8ncia solid\u00e0ria \u201cLa salut sexual i reproductiva a Catalunya. Definici\u00f3, etapes, malalties i problemes associats\u201d, juntament amb la Fundaci\u00f3 de 3Cat.","breadcrumb":{"@id":"https:\/\/novaorg.cofb.net\/2023\/12\/15\/els-farmaceutics-i-farmaceutiques-collaboren-amb-la-marato-de-3cat-dedicada-a-la-salut-sexual-i-reproductiva\/#breadcrumb"},"inLanguage":"ca","potentialAction":[{"@type":"ReadAction","target":["https:\/\/novaorg.cofb.net\/2023\/12\/15\/els-farmaceutics-i-farmaceutiques-collaboren-amb-la-marato-de-3cat-dedicada-a-la-salut-sexual-i-reproductiva\/"]}]},{"@type":"ImageObject","inLanguage":"ca","@id":"https:\/\/novaorg.cofb.net\/2023\/12\/15\/els-farmaceutics-i-farmaceutiques-collaboren-amb-la-marato-de-3cat-dedicada-a-la-salut-sexual-i-reproductiva\/#primaryimage","url":"https:\/\/www.cofb.org\/wp-content\/uploads\/2024\/04\/COFB_LA-MARATO-3CAT_15122023_1-1024x576-1.jpeg","contentUrl":"https:\/\/www.cofb.org\/wp-content\/uploads\/2024\/04\/COFB_LA-MARATO-3CAT_15122023_1-1024x576-1.jpeg","width":1024,"height":576},{"@type":"BreadcrumbList","@id":"https:\/\/novaorg.cofb.net\/2023\/12\/15\/els-farmaceutics-i-farmaceutiques-collaboren-amb-la-marato-de-3cat-dedicada-a-la-salut-sexual-i-reproductiva\/#breadcrumb","itemListElement":[{"@type":"ListItem","position":1,"name":"Inici","item":"https:\/\/novaorg.cofb.net\/"},{"@type":"ListItem","position":2,"name":"Els farmac\u00e8utics i farmac\u00e8utiques col\u00b7laboren amb La Marat\u00f3 de 3Cat dedicada a la salut sexual i reproductiva"}]},{"@type":"WebSite","@id":"https:\/\/www.cofb.org\/#website","url":"https:\/\/www.cofb.org\/","name":"Col\u00b7legi de Farmac\u00e8utics de Barcelona","description":"","publisher":{"@id":"https:\/\/www.cofb.org\/#organization"},"potentialAction":[{"@type":"SearchAction","target":{"@type":"EntryPoint","urlTemplate":"https:\/\/www.cofb.org\/?s={search_term_string}"},"query-input":"required name=search_term_string"}],"inLanguage":"ca"},{"@type":"Organization","@id":"https:\/\/www.cofb.org\/#organization","name":"Col\u00b7legi de Farmac\u00e8utics de Barcelona","url":"https:\/\/www.cofb.org\/","logo":{"@type":"ImageObject","inLanguage":"ca","@id":"https:\/\/www.cofb.org\/#\/schema\/logo\/image\/","url":"https:\/\/www.cofb.org\/wp-content\/uploads\/2023\/11\/cropped-Logotip-COFB.png","contentUrl":"https:\/\/www.cofb.org\/wp-content\/uploads\/2023\/11\/cropped-Logotip-COFB.png","width":500,"height":105,"caption":"Col\u00b7legi de Farmac\u00e8utics de Barcelona"},"image":{"@id":"https:\/\/www.cofb.org\/#\/schema\/logo\/image\/"},"sameAs":["https:\/\/www.facebook.com\/farmaceuticsbcn\/","https:\/\/twitter.com\/farmaceuticsbcn","https:\/\/www.instagram.com\/farmaceuticsbcn\/","https:\/\/www.linkedin.com\/company\/farmaceuticsbcn\/"]},{"@type":"Person","@id":"https:\/\/www.cofb.org\/#\/schema\/person\/22ed7eea88da74b0fa4d3154ad87ffcb","name":"wpAdminCofbOrg","image":{"@type":"ImageObject","inLanguage":"ca","@id":"https:\/\/www.cofb.org\/#\/schema\/person\/image\/","url":"https:\/\/secure.gravatar.com\/avatar\/1721b20b3b8ca882c3b56ec6c978c594fff670e40c0718e9190eaeeb76aae7d8?s=96&d=mm&r=g","contentUrl":"https:\/\/secure.gravatar.com\/avatar\/1721b20b3b8ca882c3b56ec6c978c594fff670e40c0718e9190eaeeb76aae7d8?s=96&d=mm&r=g","caption":"wpAdminCofbOrg"},"sameAs":["http:\/\/192.168.64.122\/wordpress"],"url":"https:\/\/www.cofb.org\/ca\/author\/wpadmincofborg\/"}]}},"uagb_featured_image_src":{"full":["https:\/\/www.cofb.org\/wp-content\/uploads\/2024\/04\/COFB_LA-MARATO-3CAT_15122023_1-1024x576-1.jpeg",1024,576,false],"thumbnail":["https:\/\/www.cofb.org\/wp-content\/uploads\/2024\/04\/COFB_LA-MARATO-3CAT_15122023_1-1024x576-1-150x150.jpeg",150,150,true],"medium":["https:\/\/www.cofb.org\/wp-content\/uploads\/2024\/04\/COFB_LA-MARATO-3CAT_15122023_1-1024x576-1-300x169.jpeg",300,169,true],"medium_large":["https:\/\/www.cofb.org\/wp-content\/uploads\/2024\/04\/COFB_LA-MARATO-3CAT_15122023_1-1024x576-1-768x432.jpeg",768,432,true],"large":["https:\/\/www.cofb.org\/wp-content\/uploads\/2024\/04\/COFB_LA-MARATO-3CAT_15122023_1-1024x576-1.jpeg",1024,576,false],"1536x1536":["https:\/\/www.cofb.org\/wp-content\/uploads\/2024\/04\/COFB_LA-MARATO-3CAT_15122023_1-1024x576-1.jpeg",1024,576,false],"2048x2048":["https:\/\/www.cofb.org\/wp-content\/uploads\/2024\/04\/COFB_LA-MARATO-3CAT_15122023_1-1024x576-1.jpeg",1024,576,false],"trp-custom-language-flag":["https:\/\/www.cofb.org\/wp-content\/uploads\/2024\/04\/COFB_LA-MARATO-3CAT_15122023_1-1024x576-1-18x10.jpeg",18,10,true]},"uagb_author_info":{"display_name":"wpAdminCofbOrg","author_link":"https:\/\/www.cofb.org\/ca\/author\/wpadmincofborg\/"},"uagb_comment_info":0,"uagb_excerpt":"El passat 4 de desembre, el Col\u00b7legi de Farmac\u00e8utics de Barcelona (COFB) va organitzar la pon\u00e8ncia solid\u00e0ria \u201cLa salut sexual i reproductiva a Catalunya. Definici\u00f3, etapes, malalties i problemes associats\u201d, juntament amb la Fundaci\u00f3 de 3Cat. Una manera de contribuir, novament, amb La Marat\u00f3 de 3Cat, enguany sota la tem\u00e0tica [&hellip;]","_links":{"self":[{"href":"https:\/\/www.cofb.org\/ca\/wp-json\/wp\/v2\/posts\/77775","targetHints":{"allow":["GET"]}}],"collection":[{"href":"https:\/\/www.cofb.org\/ca\/wp-json\/wp\/v2\/posts"}],"about":[{"href":"https:\/\/www.cofb.org\/ca\/wp-json\/wp\/v2\/types\/post"}],"author":[{"embeddable":true,"href":"https:\/\/www.cofb.org\/ca\/wp-json\/wp\/v2\/users\/1"}],"replies":[{"embeddable":true,"href":"https:\/\/www.cofb.org\/ca\/wp-json\/wp\/v2\/comments?post=77775"}],"version-history":[{"count":1,"href":"https:\/\/www.cofb.org\/ca\/wp-json\/wp\/v2\/posts\/77775\/revisions"}],"predecessor-version":[{"id":77999,"href":"https:\/\/www.cofb.org\/ca\/wp-json\/wp\/v2\/posts\/77775\/revisions\/77999"}],"wp:featuredmedia":[{"embeddable":true,"href":"https:\/\/www.cofb.org\/ca\/wp-json\/wp\/v2\/media\/77998"}],"wp:attachment":[{"href":"https:\/\/www.cofb.org\/ca\/wp-json\/wp\/v2\/media?parent=77775"}],"wp:term":[{"taxonomy":"category","embeddable":true,"href":"https:\/\/www.cofb.org\/ca\/wp-json\/wp\/v2\/categories?post=77775"},{"taxonomy":"post_tag","embeddable":true,"href":"https:\/\/www.cofb.org\/ca\/wp-json\/wp\/v2\/tags?post=77775"}],"curies":[{"name":"wp","href":"https:\/\/api.w.org\/{rel}","templated":true}]}}