{"id":77772,"date":"2023-12-21T10:39:00","date_gmt":"2023-12-21T08:39:00","guid":{"rendered":"https:\/\/blog.cofb.cat\/?p=67977"},"modified":"2024-04-05T10:19:15","modified_gmt":"2024-04-05T10:19:15","slug":"es-presenten-els-resultats-finals-de-la-beca-atorgada-pel-cofb-en-la-convocatoria-2022","status":"publish","type":"post","link":"https:\/\/www.cofb.org\/ca\/2023\/12\/21\/es-presenten-els-resultats-finals-de-la-beca-atorgada-pel-cofb-en-la-convocatoria-2022\/","title":{"rendered":"Es presenten els resultats finals de la beca atorgada pel COFB en la convocat\u00f2ria 2022"},"content":{"rendered":"\n<p>El passat <strong>23 de novembre<\/strong> el <strong>Col\u00b7legi de Farmac\u00e8utics de Barcelona (COFB)<\/strong> va acollir una sessi\u00f3 en qu\u00e8 es van presentar els <strong>resultats finals d\u2019un dels treballs becats pel COFB l\u2019any 2022<\/strong>. L\u2019acte va comptar amb la pres\u00e8ncia del president de Col\u00b7legi de Farmac\u00e8utics de Barcelona, <strong>Jordi Casas<\/strong>; la vicedegana acad\u00e8mica de la Facultat de Farm\u00e0cia de la Universitat de Barcelona, <strong>\u00c0ngels Franch<\/strong>; la responsable de la Comissi\u00f3 de Beques, <strong>M\u00aa&nbsp; Rosa Ballester<\/strong>; i els membres del Tribunal: <strong>Guillermo Bagaria<\/strong>, <strong>Cristina Cardells<\/strong> i <strong>Roser Vall\u00e9s<\/strong>.<\/p>\n\n\n\n<p>La presentaci\u00f3 del projecte becat va anar a c\u00e0rrec del doctor en farm\u00e0cia <strong>Adri\u00e0 Botet, <\/strong>que va exposar els resultats finals de la investigaci\u00f3. La resta de membres de l\u2019equip del projecte s\u00f3n Jordi Borrell Hern\u00e1ndez, \u00d2scar Dom\u00e8nech Cabrera i M\u00aa Teresa Montero Barrientos. El t\u00edtol de la investigaci\u00f3 era <strong>&#8220;Encapsulaci\u00f3 i alliberaci\u00f3 liposomal per protegir i tractar la pell<\/strong>&#8220;.<\/p>\n\n\n\n<figure class=\"wp-block-image size-large\"><a href=\"https:\/\/blog.cofb.cat\/wp-content\/uploads\/2023\/12\/cofb.231123-42.jpg\"><img decoding=\"async\" src=\"https:\/\/blog.cofb.cat\/wp-content\/uploads\/2023\/12\/cofb.231123-42-1024x683.jpg\" alt=\"D'esquerra a dreta: Montse Ponsa, Cristina Cardells, Jordi Casas, Adri\u00e0 Botet, M\u00aa\u00a0 Rosa Ballester, Roser Vall\u00e9s, \u00c0ngels Franch, Guillermo Bagar\u00eda i Paola Ciccardi.\" class=\"wp-image-67979\" title=\"D'esquerra a dreta: Montse Ponsa, Cristina Cardells, Jordi Casas, Adri\u00e0 Botet, M\u00aa\u00a0 Rosa Ballester, Roser Vall\u00e9s, \u00c0ngels Franch, Guillermo Bagar\u00eda i Paola Ciccardi.\"\/><\/a><figcaption>D&#8217;esquerra a dreta: Montse Ponsa, Cristina Cardells, Jordi Casas, Adri\u00e0 Botet, M\u00aa&nbsp; Rosa Ballester, Roser Vall\u00e9s, \u00c0ngels Franch, Guillermo Bagar\u00eda i Paola Ciccardi.<\/figcaption><\/figure>\n\n\n\n<h2 class=\"wp-block-heading\"><strong>Resultats del projecte becat<\/strong><\/h2>\n\n\n\n<p><strong>L&#8217;objectiu del projecte<\/strong> becat era desenvolupar una <strong>formulaci\u00f3 espec\u00edfica amb liposomes per incrementar el lliurament del principi actiu a trav\u00e9s de la pell, en comparaci\u00f3 amb els principis actius lliures<\/strong>. La formulaci\u00f3 s\u2019ha preparat&nbsp;per <strong>tractar \u00falceres i lesions amb dificultats de cicatritzaci\u00f3<\/strong>: com les derivades del lupus, la regeneraci\u00f3 de cicatrius o el tractament de lesions recurrents en pacients que passen llargs per\u00edodes de temps al llit. Els principis actius utilitzats han estat dos extractes naturals <strong>&#8211; <em>Rosa eglanteria <\/em>i <em>Centella asi\u00e0tica<\/em><\/strong>, que tenen activitat epitelitzant i cicatritzant &#8211; i l&#8217;<strong>ZnO<\/strong> que tamb\u00e9 aporta activitat cicatritzant.<\/p>\n\n\n\n<p>Els liposomes multilamel\u00b7lars proporcionen un<strong> alliberament de doble impuls a trav\u00e9s de la pell<\/strong>, un lliurament r\u00e0pid seguit d&#8217;un alliberament retardat i prolongat. Tal com demostren els assajos de permeaci\u00f3, aquest doble impuls incrementa un 75% la quantitat de <em>Rosa eglanteria <\/em>i un 40% la de <em>Centella asi\u00e0tica <\/em>que es troba a la pell. A m\u00e9s, les imatges de microsc\u00f2pia de for\u00e7a at\u00f2mica mostren com la pres\u00e8ncia de liposomes suavitza la superf\u00edcie de la pell creant una capa de l\u00edpids sobre ella, <strong>proporcionant protecci\u00f3 i un efecte oclusiu a les ferides<\/strong>.<\/p>\n\n\n\n<figure class=\"wp-block-image size-large is-resized\"><a href=\"https:\/\/blog.cofb.cat\/wp-content\/uploads\/2023\/12\/cofb.231123-30.jpg\"><img fetchpriority=\"high\" decoding=\"async\" src=\"https:\/\/blog.cofb.cat\/wp-content\/uploads\/2023\/12\/cofb.231123-30-1024x683.jpg\" alt=\"Adri\u00e0 Botet, investigador del projecte becat en un moment de la seva presentaci\u00f3.\" class=\"wp-image-67980\" width=\"840\" height=\"560\" title=\"Adri\u00e0 Botet, investigador del projecte becat en un moment de la seva presentaci\u00f3.\"\/><\/a><figcaption>Adri\u00e0 Botet, investigador del projecte becat pel COFB, en un moment de la seva presentaci\u00f3.<\/figcaption><\/figure>\n\n\n\n<p>Finalment, els autors de l&#8217;estudi van exposar quins han estat els resultats, que <strong>apunten cap a una mateixa conclusi\u00f3<\/strong>: vehicular <strong>els principis actius amb els liposomes potencia que aquests penetrin i es mantinguin durant m\u00e9s temps en les capes internes de la pell,<\/strong> i per tant de la zona afectada que es vol tractar. No nom\u00e9s aix\u00f2, sin\u00f3 que <strong>tamb\u00e9 fan una capa protectora sobre la pell evitant aix\u00ed que les c\u00e8l\u00b7lules quedin exposades al medi extern<\/strong>. En conseq\u00fc\u00e8ncia, aquestes formulacions <strong>podrien accelerar el proc\u00e9s de cicatritzaci\u00f3<\/strong> d&#8217;aquestes lesions dif\u00edcils de curar en comparaci\u00f3 amb les formulacions tradicionals.<\/p>\n\n\n\n<p><strong>Altres publicacions d\u2019inter\u00e8s:<\/strong><\/p>\n\n\n\n<ul class=\"wp-block-list\"><li><a href=\"https:\/\/blog.cofb.cat\/blog\/2023\/07\/31\/resolucio-de-la-convocatoria-2023-2024-de-beques-i-premis-del-cofb\/\" target=\"_blank\" rel=\"noreferrer noopener\">Resoluci\u00f3 de la convocat\u00f2ria 2023-2024 de beques i premis del COFB (Juliol 2023)<\/a><\/li><li><a href=\"https:\/\/blog.cofb.cat\/blog\/2023\/01\/02\/es-presenten-els-resultats-finals-de-la-beca-atorgada-pel-cofb-en-la-convocatoria-2021\/\" target=\"_blank\" rel=\"noreferrer noopener\">Es presenten els resultats finals de la beca atorgada pel COFB en la convocat\u00f2ria 2021 (Gener 2023)<\/a><\/li><li><a href=\"https:\/\/blog.cofb.cat\/blog\/2022\/07\/27\/resolucio-de-la-convocatoria-2022-2023-de-beques-i-premis-del-cofb\/\" target=\"_blank\" rel=\"noreferrer noopener\">Resoluci\u00f3 de la convocat\u00f2ria 2021-2022 de beques i premis del COFB (Juliol 2022)<\/a><\/li><li><a href=\"https:\/\/blog.cofb.cat\/circular-farmaceutica-ja-disponible-ledicio-especial-de-beques-i-premis-2020\/\" target=\"_blank\" rel=\"noreferrer noopener\">Circular farmac\u00e8utica: ja disponible l\u2019edici\u00f3 especial de beques i premis 2020 (Febrer 2021)<\/a><\/li><li><a href=\"https:\/\/blog.cofb.cat\/resolucio-convocatoria-2020-2021-beques-premis-cofb\/\" target=\"_blank\" rel=\"noreferrer noopener\">Resoluci\u00f3 de la convocat\u00f2ria 2020-2021 de beques i premis del COFB (Octubre 2020)<\/a><\/li><\/ul>\n\n\n\n<p><\/p>\n","protected":false},"excerpt":{"rendered":"<p>El passat 23 de novembre el Col\u00b7legi de Farmac\u00e8utics de Barcelona (COFB) va acollir una sessi\u00f3 en qu\u00e8 es van presentar els resultats finals d\u2019un dels treballs becats pel COFB l\u2019any 2022. L\u2019acte va comptar amb la pres\u00e8ncia del president de Col\u00b7legi de Farmac\u00e8utics de Barcelona, Jordi Casas; la vicedegana [&hellip;]<\/p>\n","protected":false},"author":1,"featured_media":77984,"comment_status":"open","ping_status":"open","sticky":false,"template":"","format":"standard","meta":{"_uag_custom_page_level_css":"","site-sidebar-layout":"default","site-content-layout":"","ast-site-content-layout":"default","site-content-style":"default","site-sidebar-style":"default","ast-global-header-display":"","ast-banner-title-visibility":"","ast-main-header-display":"","ast-hfb-above-header-display":"","ast-hfb-below-header-display":"","ast-hfb-mobile-header-display":"","site-post-title":"","ast-breadcrumbs-content":"","ast-featured-img":"disabled","footer-sml-layout":"","theme-transparent-header-meta":"","adv-header-id-meta":"","stick-header-meta":"","header-above-stick-meta":"","header-main-stick-meta":"","header-below-stick-meta":"","astra-migrate-meta-layouts":"set","ast-page-background-enabled":"default","ast-page-background-meta":{"desktop":{"background-color":"var(--ast-global-color-4)","background-image":"","background-repeat":"repeat","background-position":"center center","background-size":"auto","background-attachment":"scroll","background-type":"","background-media":"","overlay-type":"","overlay-color":"","overlay-opacity":"","overlay-gradient":""},"tablet":{"background-color":"","background-image":"","background-repeat":"repeat","background-position":"center center","background-size":"auto","background-attachment":"scroll","background-type":"","background-media":"","overlay-type":"","overlay-color":"","overlay-opacity":"","overlay-gradient":""},"mobile":{"background-color":"","background-image":"","background-repeat":"repeat","background-position":"center center","background-size":"auto","background-attachment":"scroll","background-type":"","background-media":"","overlay-type":"","overlay-color":"","overlay-opacity":"","overlay-gradient":""}},"ast-content-background-meta":{"desktop":{"background-color":"var(--ast-global-color-5)","background-image":"","background-repeat":"repeat","background-position":"center center","background-size":"auto","background-attachment":"scroll","background-type":"","background-media":"","overlay-type":"","overlay-color":"","overlay-opacity":"","overlay-gradient":""},"tablet":{"background-color":"var(--ast-global-color-5)","background-image":"","background-repeat":"repeat","background-position":"center center","background-size":"auto","background-attachment":"scroll","background-type":"","background-media":"","overlay-type":"","overlay-color":"","overlay-opacity":"","overlay-gradient":""},"mobile":{"background-color":"var(--ast-global-color-5)","background-image":"","background-repeat":"repeat","background-position":"center center","background-size":"auto","background-attachment":"scroll","background-type":"","background-media":"","overlay-type":"","overlay-color":"","overlay-opacity":"","overlay-gradient":""}},"footnotes":""},"categories":[23,57],"tags":[48,355,3513,18,19,49,52,53,68,56,2699,62,63],"class_list":["post-77772","post","type-post","status-publish","format-standard","has-post-thumbnail","hentry","category-destacats","category-mon-collegial","tag-beca-dinvestigacio","tag-beques-i-premis","tag-cicatrius","tag-cofb","tag-collegi-de-farmaceutics-de-barcelona","tag-comissio-de-beques","tag-farmaceutic","tag-farmaceutics","tag-farmacia","tag-investigacio","tag-lesions-de-la-pell","tag-projectes-becats","tag-tractament"],"yoast_head":"<!-- This site is optimized with the Yoast SEO plugin v22.4 - https:\/\/yoast.com\/wordpress\/plugins\/seo\/ -->\n<title>Es presenten els resultats finals de la beca atorgada pel COFB en la convocat\u00f2ria 2022 - Col\u00b7legi de Farmac\u00e8utics de Barcelona<\/title>\n<meta name=\"description\" content=\"El passat 23 de novembre, el COFB va acollir la presentaci\u00f3 dels resultats finals de la beca atorgada pel COFB en la convocat\u00f2ria de 2022.\" \/>\n<meta name=\"robots\" content=\"index, follow, max-snippet:-1, max-image-preview:large, max-video-preview:-1\" \/>\n<link rel=\"canonical\" href=\"https:\/\/novaorg.cofb.net\/2023\/12\/21\/es-presenten-els-resultats-finals-de-la-beca-atorgada-pel-cofb-en-la-convocatoria-2022\/\" \/>\n<meta property=\"og:locale\" content=\"ca_ES\" \/>\n<meta property=\"og:type\" content=\"article\" \/>\n<meta property=\"og:title\" content=\"Es presenten els resultats finals de la beca atorgada pel COFB en la convocat\u00f2ria 2022 - Col\u00b7legi de Farmac\u00e8utics de Barcelona\" \/>\n<meta property=\"og:description\" content=\"El passat 23 de novembre, el COFB va acollir la presentaci\u00f3 dels resultats finals de la beca atorgada pel COFB en la convocat\u00f2ria de 2022.\" \/>\n<meta property=\"og:url\" content=\"https:\/\/novaorg.cofb.net\/2023\/12\/21\/es-presenten-els-resultats-finals-de-la-beca-atorgada-pel-cofb-en-la-convocatoria-2022\/\" \/>\n<meta property=\"og:site_name\" content=\"Col\u00b7legi de Farmac\u00e8utics de Barcelona\" \/>\n<meta property=\"article:publisher\" content=\"https:\/\/www.facebook.com\/farmaceuticsbcn\/\" \/>\n<meta property=\"article:published_time\" content=\"2023-12-21T08:39:00+00:00\" \/>\n<meta property=\"article:modified_time\" content=\"2024-04-05T10:19:15+00:00\" \/>\n<meta property=\"og:image\" content=\"https:\/\/novaorg.cofb.net\/wp-content\/uploads\/2024\/04\/cofb.231123-42-1024x683-1.jpg\" \/>\n\t<meta property=\"og:image:width\" content=\"1024\" \/>\n\t<meta property=\"og:image:height\" content=\"683\" \/>\n\t<meta property=\"og:image:type\" content=\"image\/jpeg\" \/>\n<meta name=\"author\" content=\"wpAdminCofbOrg\" \/>\n<meta name=\"twitter:card\" content=\"summary_large_image\" \/>\n<meta name=\"twitter:creator\" content=\"@farmaceuticsbcn\" \/>\n<meta name=\"twitter:site\" content=\"@farmaceuticsbcn\" \/>\n<meta name=\"twitter:label1\" content=\"Escrit per\" \/>\n\t<meta name=\"twitter:data1\" content=\"wpAdminCofbOrg\" \/>\n\t<meta name=\"twitter:label2\" content=\"Temps estimat de lectura\" \/>\n\t<meta name=\"twitter:data2\" content=\"4 minuts\" \/>\n<script type=\"application\/ld+json\" class=\"yoast-schema-graph\">{\"@context\":\"https:\/\/schema.org\",\"@graph\":[{\"@type\":\"Article\",\"@id\":\"https:\/\/novaorg.cofb.net\/2023\/12\/21\/es-presenten-els-resultats-finals-de-la-beca-atorgada-pel-cofb-en-la-convocatoria-2022\/#article\",\"isPartOf\":{\"@id\":\"https:\/\/novaorg.cofb.net\/2023\/12\/21\/es-presenten-els-resultats-finals-de-la-beca-atorgada-pel-cofb-en-la-convocatoria-2022\/\"},\"author\":{\"name\":\"wpAdminCofbOrg\",\"@id\":\"https:\/\/www.cofb.org\/#\/schema\/person\/22ed7eea88da74b0fa4d3154ad87ffcb\"},\"headline\":\"Es presenten els resultats finals de la beca atorgada pel COFB en la convocat\u00f2ria 2022\",\"datePublished\":\"2023-12-21T08:39:00+00:00\",\"dateModified\":\"2024-04-05T10:19:15+00:00\",\"mainEntityOfPage\":{\"@id\":\"https:\/\/novaorg.cofb.net\/2023\/12\/21\/es-presenten-els-resultats-finals-de-la-beca-atorgada-pel-cofb-en-la-convocatoria-2022\/\"},\"wordCount\":609,\"commentCount\":0,\"publisher\":{\"@id\":\"https:\/\/www.cofb.org\/#organization\"},\"image\":{\"@id\":\"https:\/\/novaorg.cofb.net\/2023\/12\/21\/es-presenten-els-resultats-finals-de-la-beca-atorgada-pel-cofb-en-la-convocatoria-2022\/#primaryimage\"},\"thumbnailUrl\":\"https:\/\/www.cofb.org\/wp-content\/uploads\/2024\/04\/cofb.231123-42-1024x683-1.jpg\",\"keywords\":[\"beca d'investigaci\u00f3\",\"beques i premis\",\"cicatrius\",\"COFB\",\"Col\u00b7legi de Farmac\u00e8utics de Barcelona\",\"Comissi\u00f3 de Beques\",\"farmac\u00e8utic\",\"farmac\u00e8utics\",\"Farm\u00e0cia\",\"Investigaci\u00f3\",\"lesions de la pell\",\"projectes becats\",\"tractament\"],\"articleSection\":[\"Destacats\",\"M\u00f3n col\u00b7legial\"],\"inLanguage\":\"ca\",\"potentialAction\":[{\"@type\":\"CommentAction\",\"name\":\"Comment\",\"target\":[\"https:\/\/novaorg.cofb.net\/2023\/12\/21\/es-presenten-els-resultats-finals-de-la-beca-atorgada-pel-cofb-en-la-convocatoria-2022\/#respond\"]}]},{\"@type\":\"WebPage\",\"@id\":\"https:\/\/novaorg.cofb.net\/2023\/12\/21\/es-presenten-els-resultats-finals-de-la-beca-atorgada-pel-cofb-en-la-convocatoria-2022\/\",\"url\":\"https:\/\/novaorg.cofb.net\/2023\/12\/21\/es-presenten-els-resultats-finals-de-la-beca-atorgada-pel-cofb-en-la-convocatoria-2022\/\",\"name\":\"Es presenten els resultats finals de la beca atorgada pel COFB en la convocat\u00f2ria 2022 - Col\u00b7legi de Farmac\u00e8utics de Barcelona\",\"isPartOf\":{\"@id\":\"https:\/\/www.cofb.org\/#website\"},\"primaryImageOfPage\":{\"@id\":\"https:\/\/novaorg.cofb.net\/2023\/12\/21\/es-presenten-els-resultats-finals-de-la-beca-atorgada-pel-cofb-en-la-convocatoria-2022\/#primaryimage\"},\"image\":{\"@id\":\"https:\/\/novaorg.cofb.net\/2023\/12\/21\/es-presenten-els-resultats-finals-de-la-beca-atorgada-pel-cofb-en-la-convocatoria-2022\/#primaryimage\"},\"thumbnailUrl\":\"https:\/\/www.cofb.org\/wp-content\/uploads\/2024\/04\/cofb.231123-42-1024x683-1.jpg\",\"datePublished\":\"2023-12-21T08:39:00+00:00\",\"dateModified\":\"2024-04-05T10:19:15+00:00\",\"description\":\"El passat 23 de novembre, el COFB va acollir la presentaci\u00f3 dels resultats finals de la beca atorgada pel COFB en la convocat\u00f2ria de 2022.\",\"breadcrumb\":{\"@id\":\"https:\/\/novaorg.cofb.net\/2023\/12\/21\/es-presenten-els-resultats-finals-de-la-beca-atorgada-pel-cofb-en-la-convocatoria-2022\/#breadcrumb\"},\"inLanguage\":\"ca\",\"potentialAction\":[{\"@type\":\"ReadAction\",\"target\":[\"https:\/\/novaorg.cofb.net\/2023\/12\/21\/es-presenten-els-resultats-finals-de-la-beca-atorgada-pel-cofb-en-la-convocatoria-2022\/\"]}]},{\"@type\":\"ImageObject\",\"inLanguage\":\"ca\",\"@id\":\"https:\/\/novaorg.cofb.net\/2023\/12\/21\/es-presenten-els-resultats-finals-de-la-beca-atorgada-pel-cofb-en-la-convocatoria-2022\/#primaryimage\",\"url\":\"https:\/\/www.cofb.org\/wp-content\/uploads\/2024\/04\/cofb.231123-42-1024x683-1.jpg\",\"contentUrl\":\"https:\/\/www.cofb.org\/wp-content\/uploads\/2024\/04\/cofb.231123-42-1024x683-1.jpg\",\"width\":1024,\"height\":683},{\"@type\":\"BreadcrumbList\",\"@id\":\"https:\/\/novaorg.cofb.net\/2023\/12\/21\/es-presenten-els-resultats-finals-de-la-beca-atorgada-pel-cofb-en-la-convocatoria-2022\/#breadcrumb\",\"itemListElement\":[{\"@type\":\"ListItem\",\"position\":1,\"name\":\"Inici\",\"item\":\"https:\/\/novaorg.cofb.net\/\"},{\"@type\":\"ListItem\",\"position\":2,\"name\":\"Es presenten els resultats finals de la beca atorgada pel COFB en la convocat\u00f2ria 2022\"}]},{\"@type\":\"WebSite\",\"@id\":\"https:\/\/www.cofb.org\/#website\",\"url\":\"https:\/\/www.cofb.org\/\",\"name\":\"Col\u00b7legi de Farmac\u00e8utics de Barcelona\",\"description\":\"\",\"publisher\":{\"@id\":\"https:\/\/www.cofb.org\/#organization\"},\"potentialAction\":[{\"@type\":\"SearchAction\",\"target\":{\"@type\":\"EntryPoint\",\"urlTemplate\":\"https:\/\/www.cofb.org\/?s={search_term_string}\"},\"query-input\":\"required name=search_term_string\"}],\"inLanguage\":\"ca\"},{\"@type\":\"Organization\",\"@id\":\"https:\/\/www.cofb.org\/#organization\",\"name\":\"Col\u00b7legi de Farmac\u00e8utics de Barcelona\",\"url\":\"https:\/\/www.cofb.org\/\",\"logo\":{\"@type\":\"ImageObject\",\"inLanguage\":\"ca\",\"@id\":\"https:\/\/www.cofb.org\/#\/schema\/logo\/image\/\",\"url\":\"https:\/\/www.cofb.org\/wp-content\/uploads\/2023\/11\/cropped-Logotip-COFB.png\",\"contentUrl\":\"https:\/\/www.cofb.org\/wp-content\/uploads\/2023\/11\/cropped-Logotip-COFB.png\",\"width\":500,\"height\":105,\"caption\":\"Col\u00b7legi de Farmac\u00e8utics de Barcelona\"},\"image\":{\"@id\":\"https:\/\/www.cofb.org\/#\/schema\/logo\/image\/\"},\"sameAs\":[\"https:\/\/www.facebook.com\/farmaceuticsbcn\/\",\"https:\/\/twitter.com\/farmaceuticsbcn\",\"https:\/\/www.instagram.com\/farmaceuticsbcn\/\",\"https:\/\/www.linkedin.com\/company\/farmaceuticsbcn\/\"]},{\"@type\":\"Person\",\"@id\":\"https:\/\/www.cofb.org\/#\/schema\/person\/22ed7eea88da74b0fa4d3154ad87ffcb\",\"name\":\"wpAdminCofbOrg\",\"image\":{\"@type\":\"ImageObject\",\"inLanguage\":\"ca\",\"@id\":\"https:\/\/www.cofb.org\/#\/schema\/person\/image\/\",\"url\":\"https:\/\/secure.gravatar.com\/avatar\/1721b20b3b8ca882c3b56ec6c978c594fff670e40c0718e9190eaeeb76aae7d8?s=96&d=mm&r=g\",\"contentUrl\":\"https:\/\/secure.gravatar.com\/avatar\/1721b20b3b8ca882c3b56ec6c978c594fff670e40c0718e9190eaeeb76aae7d8?s=96&d=mm&r=g\",\"caption\":\"wpAdminCofbOrg\"},\"sameAs\":[\"http:\/\/192.168.64.122\/wordpress\"],\"url\":\"https:\/\/www.cofb.org\/ca\/author\/wpadmincofborg\/\"}]}<\/script>\n<!-- \/ Yoast SEO plugin. -->","yoast_head_json":{"title":"Es presenten els resultats finals de la beca atorgada pel COFB en la convocat\u00f2ria 2022 - Col\u00b7legi de Farmac\u00e8utics de Barcelona","description":"El passat 23 de novembre, el COFB va acollir la presentaci\u00f3 dels resultats finals de la beca atorgada pel COFB en la convocat\u00f2ria de 2022.","robots":{"index":"index","follow":"follow","max-snippet":"max-snippet:-1","max-image-preview":"max-image-preview:large","max-video-preview":"max-video-preview:-1"},"canonical":"https:\/\/novaorg.cofb.net\/2023\/12\/21\/es-presenten-els-resultats-finals-de-la-beca-atorgada-pel-cofb-en-la-convocatoria-2022\/","og_locale":"ca_ES","og_type":"article","og_title":"Es presenten els resultats finals de la beca atorgada pel COFB en la convocat\u00f2ria 2022 - Col\u00b7legi de Farmac\u00e8utics de Barcelona","og_description":"El passat 23 de novembre, el COFB va acollir la presentaci\u00f3 dels resultats finals de la beca atorgada pel COFB en la convocat\u00f2ria de 2022.","og_url":"https:\/\/novaorg.cofb.net\/2023\/12\/21\/es-presenten-els-resultats-finals-de-la-beca-atorgada-pel-cofb-en-la-convocatoria-2022\/","og_site_name":"Col\u00b7legi de Farmac\u00e8utics de Barcelona","article_publisher":"https:\/\/www.facebook.com\/farmaceuticsbcn\/","article_published_time":"2023-12-21T08:39:00+00:00","article_modified_time":"2024-04-05T10:19:15+00:00","og_image":[{"width":1024,"height":683,"url":"https:\/\/novaorg.cofb.net\/wp-content\/uploads\/2024\/04\/cofb.231123-42-1024x683-1.jpg","type":"image\/jpeg"}],"author":"wpAdminCofbOrg","twitter_card":"summary_large_image","twitter_creator":"@farmaceuticsbcn","twitter_site":"@farmaceuticsbcn","twitter_misc":{"Escrit per":"wpAdminCofbOrg","Temps estimat de lectura":"4 minuts"},"schema":{"@context":"https:\/\/schema.org","@graph":[{"@type":"Article","@id":"https:\/\/novaorg.cofb.net\/2023\/12\/21\/es-presenten-els-resultats-finals-de-la-beca-atorgada-pel-cofb-en-la-convocatoria-2022\/#article","isPartOf":{"@id":"https:\/\/novaorg.cofb.net\/2023\/12\/21\/es-presenten-els-resultats-finals-de-la-beca-atorgada-pel-cofb-en-la-convocatoria-2022\/"},"author":{"name":"wpAdminCofbOrg","@id":"https:\/\/www.cofb.org\/#\/schema\/person\/22ed7eea88da74b0fa4d3154ad87ffcb"},"headline":"Es presenten els resultats finals de la beca atorgada pel COFB en la convocat\u00f2ria 2022","datePublished":"2023-12-21T08:39:00+00:00","dateModified":"2024-04-05T10:19:15+00:00","mainEntityOfPage":{"@id":"https:\/\/novaorg.cofb.net\/2023\/12\/21\/es-presenten-els-resultats-finals-de-la-beca-atorgada-pel-cofb-en-la-convocatoria-2022\/"},"wordCount":609,"commentCount":0,"publisher":{"@id":"https:\/\/www.cofb.org\/#organization"},"image":{"@id":"https:\/\/novaorg.cofb.net\/2023\/12\/21\/es-presenten-els-resultats-finals-de-la-beca-atorgada-pel-cofb-en-la-convocatoria-2022\/#primaryimage"},"thumbnailUrl":"https:\/\/www.cofb.org\/wp-content\/uploads\/2024\/04\/cofb.231123-42-1024x683-1.jpg","keywords":["beca d'investigaci\u00f3","beques i premis","cicatrius","COFB","Col\u00b7legi de Farmac\u00e8utics de Barcelona","Comissi\u00f3 de Beques","farmac\u00e8utic","farmac\u00e8utics","Farm\u00e0cia","Investigaci\u00f3","lesions de la pell","projectes becats","tractament"],"articleSection":["Destacats","M\u00f3n col\u00b7legial"],"inLanguage":"ca","potentialAction":[{"@type":"CommentAction","name":"Comment","target":["https:\/\/novaorg.cofb.net\/2023\/12\/21\/es-presenten-els-resultats-finals-de-la-beca-atorgada-pel-cofb-en-la-convocatoria-2022\/#respond"]}]},{"@type":"WebPage","@id":"https:\/\/novaorg.cofb.net\/2023\/12\/21\/es-presenten-els-resultats-finals-de-la-beca-atorgada-pel-cofb-en-la-convocatoria-2022\/","url":"https:\/\/novaorg.cofb.net\/2023\/12\/21\/es-presenten-els-resultats-finals-de-la-beca-atorgada-pel-cofb-en-la-convocatoria-2022\/","name":"Es presenten els resultats finals de la beca atorgada pel COFB en la convocat\u00f2ria 2022 - Col\u00b7legi de Farmac\u00e8utics de Barcelona","isPartOf":{"@id":"https:\/\/www.cofb.org\/#website"},"primaryImageOfPage":{"@id":"https:\/\/novaorg.cofb.net\/2023\/12\/21\/es-presenten-els-resultats-finals-de-la-beca-atorgada-pel-cofb-en-la-convocatoria-2022\/#primaryimage"},"image":{"@id":"https:\/\/novaorg.cofb.net\/2023\/12\/21\/es-presenten-els-resultats-finals-de-la-beca-atorgada-pel-cofb-en-la-convocatoria-2022\/#primaryimage"},"thumbnailUrl":"https:\/\/www.cofb.org\/wp-content\/uploads\/2024\/04\/cofb.231123-42-1024x683-1.jpg","datePublished":"2023-12-21T08:39:00+00:00","dateModified":"2024-04-05T10:19:15+00:00","description":"El passat 23 de novembre, el COFB va acollir la presentaci\u00f3 dels resultats finals de la beca atorgada pel COFB en la convocat\u00f2ria de 2022.","breadcrumb":{"@id":"https:\/\/novaorg.cofb.net\/2023\/12\/21\/es-presenten-els-resultats-finals-de-la-beca-atorgada-pel-cofb-en-la-convocatoria-2022\/#breadcrumb"},"inLanguage":"ca","potentialAction":[{"@type":"ReadAction","target":["https:\/\/novaorg.cofb.net\/2023\/12\/21\/es-presenten-els-resultats-finals-de-la-beca-atorgada-pel-cofb-en-la-convocatoria-2022\/"]}]},{"@type":"ImageObject","inLanguage":"ca","@id":"https:\/\/novaorg.cofb.net\/2023\/12\/21\/es-presenten-els-resultats-finals-de-la-beca-atorgada-pel-cofb-en-la-convocatoria-2022\/#primaryimage","url":"https:\/\/www.cofb.org\/wp-content\/uploads\/2024\/04\/cofb.231123-42-1024x683-1.jpg","contentUrl":"https:\/\/www.cofb.org\/wp-content\/uploads\/2024\/04\/cofb.231123-42-1024x683-1.jpg","width":1024,"height":683},{"@type":"BreadcrumbList","@id":"https:\/\/novaorg.cofb.net\/2023\/12\/21\/es-presenten-els-resultats-finals-de-la-beca-atorgada-pel-cofb-en-la-convocatoria-2022\/#breadcrumb","itemListElement":[{"@type":"ListItem","position":1,"name":"Inici","item":"https:\/\/novaorg.cofb.net\/"},{"@type":"ListItem","position":2,"name":"Es presenten els resultats finals de la beca atorgada pel COFB en la convocat\u00f2ria 2022"}]},{"@type":"WebSite","@id":"https:\/\/www.cofb.org\/#website","url":"https:\/\/www.cofb.org\/","name":"Col\u00b7legi de Farmac\u00e8utics de Barcelona","description":"","publisher":{"@id":"https:\/\/www.cofb.org\/#organization"},"potentialAction":[{"@type":"SearchAction","target":{"@type":"EntryPoint","urlTemplate":"https:\/\/www.cofb.org\/?s={search_term_string}"},"query-input":"required name=search_term_string"}],"inLanguage":"ca"},{"@type":"Organization","@id":"https:\/\/www.cofb.org\/#organization","name":"Col\u00b7legi de Farmac\u00e8utics de Barcelona","url":"https:\/\/www.cofb.org\/","logo":{"@type":"ImageObject","inLanguage":"ca","@id":"https:\/\/www.cofb.org\/#\/schema\/logo\/image\/","url":"https:\/\/www.cofb.org\/wp-content\/uploads\/2023\/11\/cropped-Logotip-COFB.png","contentUrl":"https:\/\/www.cofb.org\/wp-content\/uploads\/2023\/11\/cropped-Logotip-COFB.png","width":500,"height":105,"caption":"Col\u00b7legi de Farmac\u00e8utics de Barcelona"},"image":{"@id":"https:\/\/www.cofb.org\/#\/schema\/logo\/image\/"},"sameAs":["https:\/\/www.facebook.com\/farmaceuticsbcn\/","https:\/\/twitter.com\/farmaceuticsbcn","https:\/\/www.instagram.com\/farmaceuticsbcn\/","https:\/\/www.linkedin.com\/company\/farmaceuticsbcn\/"]},{"@type":"Person","@id":"https:\/\/www.cofb.org\/#\/schema\/person\/22ed7eea88da74b0fa4d3154ad87ffcb","name":"wpAdminCofbOrg","image":{"@type":"ImageObject","inLanguage":"ca","@id":"https:\/\/www.cofb.org\/#\/schema\/person\/image\/","url":"https:\/\/secure.gravatar.com\/avatar\/1721b20b3b8ca882c3b56ec6c978c594fff670e40c0718e9190eaeeb76aae7d8?s=96&d=mm&r=g","contentUrl":"https:\/\/secure.gravatar.com\/avatar\/1721b20b3b8ca882c3b56ec6c978c594fff670e40c0718e9190eaeeb76aae7d8?s=96&d=mm&r=g","caption":"wpAdminCofbOrg"},"sameAs":["http:\/\/192.168.64.122\/wordpress"],"url":"https:\/\/www.cofb.org\/ca\/author\/wpadmincofborg\/"}]}},"uagb_featured_image_src":{"full":["https:\/\/www.cofb.org\/wp-content\/uploads\/2024\/04\/cofb.231123-42-1024x683-1.jpg",1024,683,false],"thumbnail":["https:\/\/www.cofb.org\/wp-content\/uploads\/2024\/04\/cofb.231123-42-1024x683-1-150x150.jpg",150,150,true],"medium":["https:\/\/www.cofb.org\/wp-content\/uploads\/2024\/04\/cofb.231123-42-1024x683-1-300x200.jpg",300,200,true],"medium_large":["https:\/\/www.cofb.org\/wp-content\/uploads\/2024\/04\/cofb.231123-42-1024x683-1-768x512.jpg",768,512,true],"large":["https:\/\/www.cofb.org\/wp-content\/uploads\/2024\/04\/cofb.231123-42-1024x683-1.jpg",1024,683,false],"1536x1536":["https:\/\/www.cofb.org\/wp-content\/uploads\/2024\/04\/cofb.231123-42-1024x683-1.jpg",1024,683,false],"2048x2048":["https:\/\/www.cofb.org\/wp-content\/uploads\/2024\/04\/cofb.231123-42-1024x683-1.jpg",1024,683,false],"trp-custom-language-flag":["https:\/\/www.cofb.org\/wp-content\/uploads\/2024\/04\/cofb.231123-42-1024x683-1-18x12.jpg",18,12,true]},"uagb_author_info":{"display_name":"wpAdminCofbOrg","author_link":"https:\/\/www.cofb.org\/ca\/author\/wpadmincofborg\/"},"uagb_comment_info":0,"uagb_excerpt":"El passat 23 de novembre el Col\u00b7legi de Farmac\u00e8utics de Barcelona (COFB) va acollir una sessi\u00f3 en qu\u00e8 es van presentar els resultats finals d\u2019un dels treballs becats pel COFB l\u2019any 2022. L\u2019acte va comptar amb la pres\u00e8ncia del president de Col\u00b7legi de Farmac\u00e8utics de Barcelona, Jordi Casas; la vicedegana [&hellip;]","_links":{"self":[{"href":"https:\/\/www.cofb.org\/ca\/wp-json\/wp\/v2\/posts\/77772","targetHints":{"allow":["GET"]}}],"collection":[{"href":"https:\/\/www.cofb.org\/ca\/wp-json\/wp\/v2\/posts"}],"about":[{"href":"https:\/\/www.cofb.org\/ca\/wp-json\/wp\/v2\/types\/post"}],"author":[{"embeddable":true,"href":"https:\/\/www.cofb.org\/ca\/wp-json\/wp\/v2\/users\/1"}],"replies":[{"embeddable":true,"href":"https:\/\/www.cofb.org\/ca\/wp-json\/wp\/v2\/comments?post=77772"}],"version-history":[{"count":1,"href":"https:\/\/www.cofb.org\/ca\/wp-json\/wp\/v2\/posts\/77772\/revisions"}],"predecessor-version":[{"id":77985,"href":"https:\/\/www.cofb.org\/ca\/wp-json\/wp\/v2\/posts\/77772\/revisions\/77985"}],"wp:featuredmedia":[{"embeddable":true,"href":"https:\/\/www.cofb.org\/ca\/wp-json\/wp\/v2\/media\/77984"}],"wp:attachment":[{"href":"https:\/\/www.cofb.org\/ca\/wp-json\/wp\/v2\/media?parent=77772"}],"wp:term":[{"taxonomy":"category","embeddable":true,"href":"https:\/\/www.cofb.org\/ca\/wp-json\/wp\/v2\/categories?post=77772"},{"taxonomy":"post_tag","embeddable":true,"href":"https:\/\/www.cofb.org\/ca\/wp-json\/wp\/v2\/tags?post=77772"}],"curies":[{"name":"wp","href":"https:\/\/api.w.org\/{rel}","templated":true}]}}