{"id":77659,"date":"2011-03-04T03:16:00","date_gmt":"2011-03-04T03:16:00","guid":{"rendered":"https:\/\/novaorg.cofb.net\/2011\/03\/04\/clausura-infarma-2011\/"},"modified":"2011-03-04T03:16:00","modified_gmt":"2011-03-04T03:16:00","slug":"clausura-infarma-2011","status":"publish","type":"post","link":"https:\/\/www.cofb.org\/ca\/2011\/03\/04\/clausura-infarma-2011\/","title":{"rendered":"Clausura Infarma 2011"},"content":{"rendered":"<p>\u00a0<\/p>\n<p>\u00a0<span>Seg\u00fan los expertos en la clausura de la 10\u00aa edici\u00f3n de INFARMA<\/span><\/p>\n<div align=\"center\"><strong>El futuro del sector pasa por consolidar el papel sanitario del farmac\u00e9utico, generar un marco legal estable y apostar por la inversi\u00f3n en I+D<\/strong><\/div>\n<p><strong>\u2022\u00a0\u00a0\u00a0 Tambi\u00e9n han reclamado realizar una revisi\u00f3n de la sostenibilidad del sistema nacional de salud<\/p>\n<p>\u2022\u00a0\u00a0\u00a0 El Director General de Farmacia y Productos Sanitarios cree fundamental consolidar el papel sanitario de la oficina de farmacia<\/strong><\/p>\n<p>Barcelona, 3 marzo 2011.- La conferencia \u201cFuturo del sector farmac\u00e9utico: visi\u00f3n estrat\u00e9gica de los agentes implicados\u201d ha generado un arduo debate sobre las perspectivas de futuro del sector y cu\u00e1les han de ser las medidas a tomar para salir de la actual situaci\u00f3n de crisis. Afianzar la figura del farmac\u00e9utico como un profesional integrado en el sistema sanitario, establecer un marco legal estable y aumentar la inversi\u00f3n en I+D, han sido los principios que los ponentes han coincidido en definir como claves para afrontar el futuro.<\/p>\n<p>Todos ellos han coincidido en destacar al sistema sanitario y la industria farmac\u00e9utica como uno de los principales motores de nuestra econom\u00eda, pero a la vez han lanzado cr\u00edticas contra la asfixia que padece en la actualidad. En este sentido, Carmen Pe\u00f1a, presidenta del Consejo General de Colegios Oficiales de Farmac\u00e9uticos de Espa\u00f1a, ha reclamado una revisi\u00f3n de la sostenibilidad del sistema nacional de salud y se ha mostrado especialmente cr\u00edtica por el paquete de medidas acumuladas en los \u00faltimos a\u00f1os que \u201cno han sido medidas efectivas, si no recortes que no han contribuido a solucionar los problemas\u201d.<\/p>\n<p>\u201cTenemos 18 gestores sanitarios, las 17 comunidades aut\u00f3nomas y el propio Estado, que impactan en nuestra forma de trabajar\u201d ha denunciado Pe\u00f1a que considera que \u201ctenemos que revisar si las dotaciones a las comunidades son las adecuadas y necesarias en funci\u00f3n de la factura de cada regi\u00f3n\u201d y ha a\u00f1adido que la sostenibilidad del sistema pasa por la sostenibilidad de todo el sector: industria, farmacia y distribuci\u00f3n. Asimismo la presidenta del Consejo General ha afirmado que esta crisis puede ser un gran revulsivo para superar la coyuntura actual y considera \u201cque la farmacia es parte de la soluci\u00f3n y no del problema\u201d.\u00a0<br \/>\u00a0<br \/>Por su parte, el Director General de Farmacia y Productos Sanitarios, Alfonso Jim\u00e9nez Palacios se ha mostrado optimista ante el futuro a pesar de la complicada situaci\u00f3n que estamos viviendo porque \u201cel sistema nacional de salud aporta una base excelente para superar las dificultades actuales\u201d, pero para ello \u201ces necesario hacer un esfuerzo importante entre todos los agentes del sistema de salud para afrontar las transformaciones que est\u00e1 sufriendo y sufrir\u00e1 el sector\u201d. Y ha se\u00f1alado Jim\u00e9nez Palacios que en el caso de las oficinas de farmacia \u201csu futuro pasa por consolidar su papel sanitario y de atenci\u00f3n al ciudadano\u201d. En esta l\u00ednea tambi\u00e9n Jim\u00e9nez Palacios ha destacado \u201cla necesidad de ser capaces de investigar, de aportar innovaci\u00f3n y ser capaces de financiarla\u201d y en esta l\u00ednea, ha hecho referencia a un plan sectorial com\u00fan para toda la industria.<\/p>\n<p>Desde la industria farmac\u00e9utica, Jordi Ramentol, presidente de Farmaindustria, ha afirmado que \u201cpara seguir respondiendo al desaf\u00edo se requiere un marco estable y apoyar el desarrollo de industrias que mejoren los indicadores econ\u00f3micos del pa\u00eds, como es el caso del sector farmac\u00e9utico por su alta productividad, la creaci\u00f3n de empleo cualificado, su dinamismo exportador y su elevado nivel de inversi\u00f3n en I+D\u201d. Asimismo, en relaci\u00f3n a estas cualidades, Ramentol ha destacado el hecho que \u201cel sistema sanitario representa un 9% del PIB espa\u00f1ol con un alto grado de valoraci\u00f3n por parte de los ciudadanos y est\u00e1 considerado uno de los mejores del mundo\u201d ha evidenciado para avalar esta tesis.<\/p>\n<p>En cuando a la distribuci\u00f3n, Antonio Mingorance, presidente de FEDIFAR, ha afirmado que \u201cel futuro de la distribuci\u00f3n est\u00e1 estrechamente ligado al de la farmacia\u201d y ha advertido sobre las dificultades que pueden aparecer en el futuro,\u00a0 como un crecimiento plano y un descenso en los m\u00e1rgenes fruto de las bajadas de precios que se seguir\u00e1n produciendo. Otro riesgo que ha se\u00f1alado Mingorance que puede producirse es \u201cel desequilibrio de la balanza con una reducci\u00f3n de las ventas de productos rentables que no permitir\u00edan poder subsidiar el suministro de productos deficitarios\u201d.<\/p>\n<p><strong><br \/>Un 22% m\u00e1s de congresistas en INFARMA 2011\u00a0\u00a0<\/strong><\/p>\n<p>En el acto de clausura, Montserrat Boada, directora de INFARMA 2011, se ha mostrado \u201corgullosa y satisfecha del trabajo realizado de todas las personas que han hecho posible esta d\u00e9cima edici\u00f3n, en la cual hemos superado todas las expectativas iniciales de participaci\u00f3n y hemos superado las de la anterior\u201d.\u00a0<\/p>\n<p>La presidenta del congreso tambi\u00e9n ha destacado que \u201cINFARMA se ha convertido en el verdadero congreso-sal\u00f3n de referencia del sector\u201d si tenemos en cuenta sus cifras registradas: una asistencia de m\u00e1s de 23.000 personas, de los cu\u00e1les m\u00e1s de 7.000 han sido farmac\u00e9uticos, y 2.234 congresistas (lo que representa un 22% m\u00e1s de visitantes respecto a la \u00faltima edici\u00f3n de 2009), y una participaci\u00f3n de 206 expositores, lo cual supone un incremento del 10%, que han ocupado una superficie de 17.500m2.\u00a0<\/p>\n<p>En total, han sido 57 conferencias y mesas redondas en las que han intervenido 162 ponente, analizando y debatiendo sobre los temas m\u00e1s candentes del sector.<\/p>\n<p>Para m\u00e1s informaci\u00f3n:<br \/>Departamento de Comunicaci\u00f3n Infarma 2011.\u00a0<br \/>Tel. 93 244 07 28 \/ 18<br \/><a href=\"mailto:premsa@cofb.net\">premsa@cofb.net<\/a><\/p>\n<p>\u00a0\u00a0Seg\u00fan los expertos en la clausura de la 10\u00aa edici\u00f3n de INFARMAEl futuro del sector pasa por consolidar el papel sanitario del farmac\u00e9utico, generar un marco legal estable y apostar por la inversi\u00f3n en I+D\u2022\u00a0\u00a0\u00a0 Tambi\u00e9n han reclamado realizar una revisi\u00f3n de la sostenibilidad del sistema nacional de salud\u2022\u00a0\u00a0\u00a0 El Director General de Farmacia y Productos Sanitarios cree fundamental consolidar el papel sanitario de la oficina de farmaciaBarcelona, 3 marzo 2011.- La conferencia \u201cFuturo del sector farmac\u00e9utico: visi\u00f3n estrat\u00e9gica de los agentes implicados\u201d ha generado un arduo debate sobre las perspectivas de futuro del sector y cu\u00e1les han de ser las medidas a tomar para salir de la actual situaci\u00f3n de crisis. Afianzar la figura del farmac\u00e9utico como un profesional integrado en el sistema sanitario, establecer un marco legal estable y aumentar la inversi\u00f3n en I+D, han sido los principios que los ponentes han coincidido en definir como claves para afrontar el futuro.Todos ellos han coincidido en destacar al sistema sanitario y la industria farmac\u00e9utica como uno de los principales motores de nuestra econom\u00eda, pero a la vez han lanzado cr\u00edticas contra la asfixia que padece en la actualidad. En este sentido, Carmen Pe\u00f1a, presidenta del Consejo General de Colegios Oficiales de Farmac\u00e9uticos de Espa\u00f1a, ha reclamado una revisi\u00f3n de la sostenibilidad del sistema nacional de salud y se ha mostrado especialmente cr\u00edtica por el paquete de medidas acumuladas en los \u00faltimos a\u00f1os que \u201cno han sido medidas efectivas, si no recortes que no han contribuido a solucionar los problemas\u201d.\u201cTenemos 18 gestores sanitarios, las 17 comunidades aut\u00f3nomas y el propio Estado, que impactan en nuestra forma de trabajar\u201d ha denunciado Pe\u00f1a que considera que \u201ctenemos que revisar si las dotaciones a las comunidades son las adecuadas y necesarias en funci\u00f3n de la factura de cada regi\u00f3n\u201d y ha a\u00f1adido que la sostenibilidad del sistema pasa por la sostenibilidad de todo el sector: industria, farmacia y distribuci\u00f3n. Asimismo la presidenta del Consejo General ha afirmado que esta crisis puede ser un gran revulsivo para superar la coyuntura actual y considera \u201cque la farmacia es parte de la soluci\u00f3n y no del problema\u201d.\u00a0\u00a0Por su parte, el Director General de Farmacia y Productos Sanitarios, Alfonso Jim\u00e9nez Palacios se ha mostrado optimista ante el futuro a pesar de la complicada situaci\u00f3n que estamos viviendo porque \u201cel sistema nacional de salud aporta una base excelente para superar las dificultades actuales\u201d, pero para ello \u201ces necesario hacer un esfuerzo importante entre todos los agentes del sistema de salud para afrontar las transformaciones que est\u00e1 sufriendo y sufrir\u00e1 el sector\u201d. Y ha se\u00f1alado Jim\u00e9nez Palacios que en el caso de las oficinas de farmacia \u201csu futuro pasa por consolidar su papel sanitario y de atenci\u00f3n al ciudadano\u201d. En esta l\u00ednea tambi\u00e9n Jim\u00e9nez Palacios ha destacado \u201cla necesidad de ser capaces de investigar, de aportar innovaci\u00f3n y ser capaces de financiarla\u201d y en esta l\u00ednea, ha hecho referencia a un plan sectorial com\u00fan para toda la industria.Desde la industria farmac\u00e9utica, Jordi Ramentol, presidente de Farmaindustria, ha afirmado que \u201cpara seguir respondiendo al desaf\u00edo se requiere un marco estable y apoyar el desarrollo de industrias que mejoren los indicadores econ\u00f3micos del pa\u00eds, como es el caso del sector farmac\u00e9utico por su alta productividad, la creaci\u00f3n de empleo cualificado, su dinamismo exportador y su elevado nivel de inversi\u00f3n en I+D\u201d. Asimismo, en relaci\u00f3n a estas cualidades, Ramentol ha destacado el hecho que \u201cel sistema sanitario representa un 9% del PIB espa\u00f1ol con un alto grado de valoraci\u00f3n por parte de los ciudadanos y est\u00e1 considerado uno de los mejores del mundo\u201d ha evidenciado para avalar esta tesis.En cuando a la distribuci\u00f3n, Antonio Mingorance, presidente de FEDIFAR, ha afirmado que \u201cel futuro de la distribuci\u00f3n est\u00e1 estrechamente ligado al de la farmacia\u201d y ha advertido sobre las dificultades que pueden aparecer en el futuro,\u00a0 como un crecimiento plano y un descenso en los m\u00e1rgenes fruto de las bajadas de precios que se seguir\u00e1n produciendo. Otro riesgo que ha se\u00f1alado Mingorance que puede producirse es \u201cel desequilibrio de la balanza con una reducci\u00f3n de las ventas de productos rentables que no permitir\u00edan poder subsidiar el suministro de productos deficitarios\u201d.Un 22% m\u00e1s de congresistas en INFARMA 2011\u00a0\u00a0En el acto de clausura, Montserrat Boada, directora de INFARMA 2011, se ha mostrado \u201corgullosa y satisfecha del trabajo realizado de todas las personas que han hecho posible esta d\u00e9cima edici\u00f3n, en la cual hemos superado todas las expectativas iniciales de participaci\u00f3n y hemos superado las de la anterior\u201d.\u00a0La presidenta del congreso tambi\u00e9n ha destacado que \u201cINFARMA se ha convertido en el verdadero congreso-sal\u00f3n de referencia del sector\u201d si tenemos en cuenta sus cifras registradas: una asistencia de m\u00e1s de 23.000 personas, de los cu\u00e1les m\u00e1s de 7.000 han sido farmac\u00e9uticos, y 2.234 congresistas (lo que representa un 22% m\u00e1s de visitantes respecto a la \u00faltima edici\u00f3n de 2009), y una participaci\u00f3n de 206 expositores, lo cual supone un incremento del 10%, que han ocupado una superficie de 17.500m2.\u00a0En total, han sido 57 conferencias y mesas redondas en las que han intervenido 162 ponente, analizando y debatiendo sobre los temas m\u00e1s candentes del sector.Para m\u00e1s informaci\u00f3n:Departamento de Comunicaci\u00f3n Infarma 2011.\u00a0Tel. 93 244 07 28 \/ 18premsa@cofb.net\u00a0\u00a0COFB.ORG<\/p>\n","protected":false},"excerpt":{"rendered":"<p>\u00a0 \u00a0Seg\u00fan los expertos en la clausura de la 10\u00aa edici\u00f3n de INFARMA El futuro del sector pasa por consolidar el papel sanitario del farmac\u00e9utico, generar un marco legal estable y apostar por la inversi\u00f3n en I+D \u2022\u00a0\u00a0\u00a0 Tambi\u00e9n han reclamado realizar una revisi\u00f3n de la sostenibilidad del sistema nacional [&hellip;]<\/p>\n","protected":false},"author":1,"featured_media":0,"comment_status":"","ping_status":"","sticky":false,"template":"","format":"standard","meta":{"_uag_custom_page_level_css":"","site-sidebar-layout":"default","site-content-layout":"","ast-site-content-layout":"default","site-content-style":"default","site-sidebar-style":"default","ast-global-header-display":"","ast-banner-title-visibility":"","ast-main-header-display":"","ast-hfb-above-header-display":"","ast-hfb-below-header-display":"","ast-hfb-mobile-header-display":"","site-post-title":"","ast-breadcrumbs-content":"","ast-featured-img":"disabled","footer-sml-layout":"","theme-transparent-header-meta":"","adv-header-id-meta":"","stick-header-meta":"","header-above-stick-meta":"","header-main-stick-meta":"","header-below-stick-meta":"","astra-migrate-meta-layouts":"default","ast-page-background-enabled":"default","ast-page-background-meta":{"desktop":{"background-color":"var(--ast-global-color-4)","background-image":"","background-repeat":"repeat","background-position":"center center","background-size":"auto","background-attachment":"scroll","background-type":"","background-media":"","overlay-type":"","overlay-color":"","overlay-opacity":"","overlay-gradient":""},"tablet":{"background-color":"","background-image":"","background-repeat":"repeat","background-position":"center center","background-size":"auto","background-attachment":"scroll","background-type":"","background-media":"","overlay-type":"","overlay-color":"","overlay-opacity":"","overlay-gradient":""},"mobile":{"background-color":"","background-image":"","background-repeat":"repeat","background-position":"center center","background-size":"auto","background-attachment":"scroll","background-type":"","background-media":"","overlay-type":"","overlay-color":"","overlay-opacity":"","overlay-gradient":""}},"ast-content-background-meta":{"desktop":{"background-color":"var(--ast-global-color-5)","background-image":"","background-repeat":"repeat","background-position":"center center","background-size":"auto","background-attachment":"scroll","background-type":"","background-media":"","overlay-type":"","overlay-color":"","overlay-opacity":"","overlay-gradient":""},"tablet":{"background-color":"var(--ast-global-color-5)","background-image":"","background-repeat":"repeat","background-position":"center center","background-size":"auto","background-attachment":"scroll","background-type":"","background-media":"","overlay-type":"","overlay-color":"","overlay-opacity":"","overlay-gradient":""},"mobile":{"background-color":"var(--ast-global-color-5)","background-image":"","background-repeat":"repeat","background-position":"center center","background-size":"auto","background-attachment":"scroll","background-type":"","background-media":"","overlay-type":"","overlay-color":"","overlay-opacity":"","overlay-gradient":""}},"footnotes":""},"categories":[1060,1066],"tags":[],"class_list":["post-77659","post","type-post","status-publish","format-standard","hentry","category-notes-premsa","category-sense-categoria-ca"],"yoast_head":"<!-- This site is optimized with the Yoast SEO plugin v22.4 - https:\/\/yoast.com\/wordpress\/plugins\/seo\/ -->\n<title>Clausura Infarma 2011 - Col\u00b7legi de Farmac\u00e8utics de Barcelona<\/title>\n<meta name=\"robots\" content=\"index, follow, max-snippet:-1, max-image-preview:large, max-video-preview:-1\" \/>\n<link rel=\"canonical\" href=\"https:\/\/novaorg.cofb.net\/2011\/03\/04\/clausura-infarma-2011\/\" \/>\n<meta property=\"og:locale\" content=\"ca_ES\" \/>\n<meta property=\"og:type\" content=\"article\" \/>\n<meta property=\"og:title\" content=\"Clausura Infarma 2011 - Col\u00b7legi de Farmac\u00e8utics de Barcelona\" \/>\n<meta property=\"og:description\" content=\"\u00a0 \u00a0Seg\u00fan los expertos en la clausura de la 10\u00aa edici\u00f3n de INFARMA El futuro del sector pasa por consolidar el papel sanitario del farmac\u00e9utico, generar un marco legal estable y apostar por la inversi\u00f3n en I+D \u2022\u00a0\u00a0\u00a0 Tambi\u00e9n han reclamado realizar una revisi\u00f3n de la sostenibilidad del sistema nacional [&hellip;]\" \/>\n<meta property=\"og:url\" content=\"https:\/\/novaorg.cofb.net\/2011\/03\/04\/clausura-infarma-2011\/\" \/>\n<meta property=\"og:site_name\" content=\"Col\u00b7legi de Farmac\u00e8utics de Barcelona\" \/>\n<meta property=\"article:publisher\" content=\"https:\/\/www.facebook.com\/farmaceuticsbcn\/\" \/>\n<meta property=\"article:published_time\" content=\"2011-03-04T03:16:00+00:00\" \/>\n<meta name=\"author\" content=\"wpAdminCofbOrg\" \/>\n<meta name=\"twitter:card\" content=\"summary_large_image\" \/>\n<meta name=\"twitter:creator\" content=\"@farmaceuticsbcn\" \/>\n<meta name=\"twitter:site\" content=\"@farmaceuticsbcn\" \/>\n<meta name=\"twitter:label1\" content=\"Escrit per\" \/>\n\t<meta name=\"twitter:data1\" content=\"wpAdminCofbOrg\" \/>\n\t<meta name=\"twitter:label2\" content=\"Temps estimat de lectura\" \/>\n\t<meta name=\"twitter:data2\" content=\"9 minuts\" \/>\n<script type=\"application\/ld+json\" class=\"yoast-schema-graph\">{\"@context\":\"https:\/\/schema.org\",\"@graph\":[{\"@type\":\"Article\",\"@id\":\"https:\/\/novaorg.cofb.net\/2011\/03\/04\/clausura-infarma-2011\/#article\",\"isPartOf\":{\"@id\":\"https:\/\/novaorg.cofb.net\/2011\/03\/04\/clausura-infarma-2011\/\"},\"author\":{\"name\":\"wpAdminCofbOrg\",\"@id\":\"https:\/\/www.cofb.org\/#\/schema\/person\/22ed7eea88da74b0fa4d3154ad87ffcb\"},\"headline\":\"Clausura Infarma 2011\",\"datePublished\":\"2011-03-04T03:16:00+00:00\",\"dateModified\":\"2011-03-04T03:16:00+00:00\",\"mainEntityOfPage\":{\"@id\":\"https:\/\/novaorg.cofb.net\/2011\/03\/04\/clausura-infarma-2011\/\"},\"wordCount\":1860,\"publisher\":{\"@id\":\"https:\/\/www.cofb.org\/#organization\"},\"articleSection\":[\"Notes de premsa\"],\"inLanguage\":\"ca\"},{\"@type\":\"WebPage\",\"@id\":\"https:\/\/novaorg.cofb.net\/2011\/03\/04\/clausura-infarma-2011\/\",\"url\":\"https:\/\/novaorg.cofb.net\/2011\/03\/04\/clausura-infarma-2011\/\",\"name\":\"Clausura Infarma 2011 - Col\u00b7legi de Farmac\u00e8utics de Barcelona\",\"isPartOf\":{\"@id\":\"https:\/\/www.cofb.org\/#website\"},\"datePublished\":\"2011-03-04T03:16:00+00:00\",\"dateModified\":\"2011-03-04T03:16:00+00:00\",\"breadcrumb\":{\"@id\":\"https:\/\/novaorg.cofb.net\/2011\/03\/04\/clausura-infarma-2011\/#breadcrumb\"},\"inLanguage\":\"ca\",\"potentialAction\":[{\"@type\":\"ReadAction\",\"target\":[\"https:\/\/novaorg.cofb.net\/2011\/03\/04\/clausura-infarma-2011\/\"]}]},{\"@type\":\"BreadcrumbList\",\"@id\":\"https:\/\/novaorg.cofb.net\/2011\/03\/04\/clausura-infarma-2011\/#breadcrumb\",\"itemListElement\":[{\"@type\":\"ListItem\",\"position\":1,\"name\":\"Inici\",\"item\":\"https:\/\/novaorg.cofb.net\/\"},{\"@type\":\"ListItem\",\"position\":2,\"name\":\"Clausura Infarma 2011\"}]},{\"@type\":\"WebSite\",\"@id\":\"https:\/\/www.cofb.org\/#website\",\"url\":\"https:\/\/www.cofb.org\/\",\"name\":\"Col\u00b7legi de Farmac\u00e8utics de Barcelona\",\"description\":\"\",\"publisher\":{\"@id\":\"https:\/\/www.cofb.org\/#organization\"},\"potentialAction\":[{\"@type\":\"SearchAction\",\"target\":{\"@type\":\"EntryPoint\",\"urlTemplate\":\"https:\/\/www.cofb.org\/?s={search_term_string}\"},\"query-input\":\"required name=search_term_string\"}],\"inLanguage\":\"ca\"},{\"@type\":\"Organization\",\"@id\":\"https:\/\/www.cofb.org\/#organization\",\"name\":\"Col\u00b7legi de Farmac\u00e8utics de Barcelona\",\"url\":\"https:\/\/www.cofb.org\/\",\"logo\":{\"@type\":\"ImageObject\",\"inLanguage\":\"ca\",\"@id\":\"https:\/\/www.cofb.org\/#\/schema\/logo\/image\/\",\"url\":\"https:\/\/www.cofb.org\/wp-content\/uploads\/2023\/11\/cropped-Logotip-COFB.png\",\"contentUrl\":\"https:\/\/www.cofb.org\/wp-content\/uploads\/2023\/11\/cropped-Logotip-COFB.png\",\"width\":500,\"height\":105,\"caption\":\"Col\u00b7legi de Farmac\u00e8utics de Barcelona\"},\"image\":{\"@id\":\"https:\/\/www.cofb.org\/#\/schema\/logo\/image\/\"},\"sameAs\":[\"https:\/\/www.facebook.com\/farmaceuticsbcn\/\",\"https:\/\/twitter.com\/farmaceuticsbcn\",\"https:\/\/www.instagram.com\/farmaceuticsbcn\/\",\"https:\/\/www.linkedin.com\/company\/farmaceuticsbcn\/\"]},{\"@type\":\"Person\",\"@id\":\"https:\/\/www.cofb.org\/#\/schema\/person\/22ed7eea88da74b0fa4d3154ad87ffcb\",\"name\":\"wpAdminCofbOrg\",\"image\":{\"@type\":\"ImageObject\",\"inLanguage\":\"ca\",\"@id\":\"https:\/\/www.cofb.org\/#\/schema\/person\/image\/\",\"url\":\"https:\/\/secure.gravatar.com\/avatar\/1721b20b3b8ca882c3b56ec6c978c594fff670e40c0718e9190eaeeb76aae7d8?s=96&d=mm&r=g\",\"contentUrl\":\"https:\/\/secure.gravatar.com\/avatar\/1721b20b3b8ca882c3b56ec6c978c594fff670e40c0718e9190eaeeb76aae7d8?s=96&d=mm&r=g\",\"caption\":\"wpAdminCofbOrg\"},\"sameAs\":[\"http:\/\/192.168.64.122\/wordpress\"],\"url\":\"https:\/\/www.cofb.org\/ca\/author\/wpadmincofborg\/\"}]}<\/script>\n<!-- \/ Yoast SEO plugin. -->","yoast_head_json":{"title":"Clausura Infarma 2011 - Col\u00b7legi de Farmac\u00e8utics de Barcelona","robots":{"index":"index","follow":"follow","max-snippet":"max-snippet:-1","max-image-preview":"max-image-preview:large","max-video-preview":"max-video-preview:-1"},"canonical":"https:\/\/novaorg.cofb.net\/2011\/03\/04\/clausura-infarma-2011\/","og_locale":"ca_ES","og_type":"article","og_title":"Clausura Infarma 2011 - Col\u00b7legi de Farmac\u00e8utics de Barcelona","og_description":"\u00a0 \u00a0Seg\u00fan los expertos en la clausura de la 10\u00aa edici\u00f3n de INFARMA El futuro del sector pasa por consolidar el papel sanitario del farmac\u00e9utico, generar un marco legal estable y apostar por la inversi\u00f3n en I+D \u2022\u00a0\u00a0\u00a0 Tambi\u00e9n han reclamado realizar una revisi\u00f3n de la sostenibilidad del sistema nacional [&hellip;]","og_url":"https:\/\/novaorg.cofb.net\/2011\/03\/04\/clausura-infarma-2011\/","og_site_name":"Col\u00b7legi de Farmac\u00e8utics de Barcelona","article_publisher":"https:\/\/www.facebook.com\/farmaceuticsbcn\/","article_published_time":"2011-03-04T03:16:00+00:00","author":"wpAdminCofbOrg","twitter_card":"summary_large_image","twitter_creator":"@farmaceuticsbcn","twitter_site":"@farmaceuticsbcn","twitter_misc":{"Escrit per":"wpAdminCofbOrg","Temps estimat de lectura":"9 minuts"},"schema":{"@context":"https:\/\/schema.org","@graph":[{"@type":"Article","@id":"https:\/\/novaorg.cofb.net\/2011\/03\/04\/clausura-infarma-2011\/#article","isPartOf":{"@id":"https:\/\/novaorg.cofb.net\/2011\/03\/04\/clausura-infarma-2011\/"},"author":{"name":"wpAdminCofbOrg","@id":"https:\/\/www.cofb.org\/#\/schema\/person\/22ed7eea88da74b0fa4d3154ad87ffcb"},"headline":"Clausura Infarma 2011","datePublished":"2011-03-04T03:16:00+00:00","dateModified":"2011-03-04T03:16:00+00:00","mainEntityOfPage":{"@id":"https:\/\/novaorg.cofb.net\/2011\/03\/04\/clausura-infarma-2011\/"},"wordCount":1860,"publisher":{"@id":"https:\/\/www.cofb.org\/#organization"},"articleSection":["Notes de premsa"],"inLanguage":"ca"},{"@type":"WebPage","@id":"https:\/\/novaorg.cofb.net\/2011\/03\/04\/clausura-infarma-2011\/","url":"https:\/\/novaorg.cofb.net\/2011\/03\/04\/clausura-infarma-2011\/","name":"Clausura Infarma 2011 - Col\u00b7legi de Farmac\u00e8utics de Barcelona","isPartOf":{"@id":"https:\/\/www.cofb.org\/#website"},"datePublished":"2011-03-04T03:16:00+00:00","dateModified":"2011-03-04T03:16:00+00:00","breadcrumb":{"@id":"https:\/\/novaorg.cofb.net\/2011\/03\/04\/clausura-infarma-2011\/#breadcrumb"},"inLanguage":"ca","potentialAction":[{"@type":"ReadAction","target":["https:\/\/novaorg.cofb.net\/2011\/03\/04\/clausura-infarma-2011\/"]}]},{"@type":"BreadcrumbList","@id":"https:\/\/novaorg.cofb.net\/2011\/03\/04\/clausura-infarma-2011\/#breadcrumb","itemListElement":[{"@type":"ListItem","position":1,"name":"Inici","item":"https:\/\/novaorg.cofb.net\/"},{"@type":"ListItem","position":2,"name":"Clausura Infarma 2011"}]},{"@type":"WebSite","@id":"https:\/\/www.cofb.org\/#website","url":"https:\/\/www.cofb.org\/","name":"Col\u00b7legi de Farmac\u00e8utics de Barcelona","description":"","publisher":{"@id":"https:\/\/www.cofb.org\/#organization"},"potentialAction":[{"@type":"SearchAction","target":{"@type":"EntryPoint","urlTemplate":"https:\/\/www.cofb.org\/?s={search_term_string}"},"query-input":"required name=search_term_string"}],"inLanguage":"ca"},{"@type":"Organization","@id":"https:\/\/www.cofb.org\/#organization","name":"Col\u00b7legi de Farmac\u00e8utics de Barcelona","url":"https:\/\/www.cofb.org\/","logo":{"@type":"ImageObject","inLanguage":"ca","@id":"https:\/\/www.cofb.org\/#\/schema\/logo\/image\/","url":"https:\/\/www.cofb.org\/wp-content\/uploads\/2023\/11\/cropped-Logotip-COFB.png","contentUrl":"https:\/\/www.cofb.org\/wp-content\/uploads\/2023\/11\/cropped-Logotip-COFB.png","width":500,"height":105,"caption":"Col\u00b7legi de Farmac\u00e8utics de Barcelona"},"image":{"@id":"https:\/\/www.cofb.org\/#\/schema\/logo\/image\/"},"sameAs":["https:\/\/www.facebook.com\/farmaceuticsbcn\/","https:\/\/twitter.com\/farmaceuticsbcn","https:\/\/www.instagram.com\/farmaceuticsbcn\/","https:\/\/www.linkedin.com\/company\/farmaceuticsbcn\/"]},{"@type":"Person","@id":"https:\/\/www.cofb.org\/#\/schema\/person\/22ed7eea88da74b0fa4d3154ad87ffcb","name":"wpAdminCofbOrg","image":{"@type":"ImageObject","inLanguage":"ca","@id":"https:\/\/www.cofb.org\/#\/schema\/person\/image\/","url":"https:\/\/secure.gravatar.com\/avatar\/1721b20b3b8ca882c3b56ec6c978c594fff670e40c0718e9190eaeeb76aae7d8?s=96&d=mm&r=g","contentUrl":"https:\/\/secure.gravatar.com\/avatar\/1721b20b3b8ca882c3b56ec6c978c594fff670e40c0718e9190eaeeb76aae7d8?s=96&d=mm&r=g","caption":"wpAdminCofbOrg"},"sameAs":["http:\/\/192.168.64.122\/wordpress"],"url":"https:\/\/www.cofb.org\/ca\/author\/wpadmincofborg\/"}]}},"uagb_featured_image_src":{"full":false,"thumbnail":false,"medium":false,"medium_large":false,"large":false,"1536x1536":false,"2048x2048":false,"trp-custom-language-flag":false},"uagb_author_info":{"display_name":"wpAdminCofbOrg","author_link":"https:\/\/www.cofb.org\/ca\/author\/wpadmincofborg\/"},"uagb_comment_info":0,"uagb_excerpt":"\u00a0 \u00a0Seg\u00fan los expertos en la clausura de la 10\u00aa edici\u00f3n de INFARMA El futuro del sector pasa por consolidar el papel sanitario del farmac\u00e9utico, generar un marco legal estable y apostar por la inversi\u00f3n en I+D \u2022\u00a0\u00a0\u00a0 Tambi\u00e9n han reclamado realizar una revisi\u00f3n de la sostenibilidad del sistema nacional [&hellip;]","_links":{"self":[{"href":"https:\/\/www.cofb.org\/ca\/wp-json\/wp\/v2\/posts\/77659","targetHints":{"allow":["GET"]}}],"collection":[{"href":"https:\/\/www.cofb.org\/ca\/wp-json\/wp\/v2\/posts"}],"about":[{"href":"https:\/\/www.cofb.org\/ca\/wp-json\/wp\/v2\/types\/post"}],"author":[{"embeddable":true,"href":"https:\/\/www.cofb.org\/ca\/wp-json\/wp\/v2\/users\/1"}],"replies":[{"embeddable":true,"href":"https:\/\/www.cofb.org\/ca\/wp-json\/wp\/v2\/comments?post=77659"}],"version-history":[{"count":0,"href":"https:\/\/www.cofb.org\/ca\/wp-json\/wp\/v2\/posts\/77659\/revisions"}],"wp:attachment":[{"href":"https:\/\/www.cofb.org\/ca\/wp-json\/wp\/v2\/media?parent=77659"}],"wp:term":[{"taxonomy":"category","embeddable":true,"href":"https:\/\/www.cofb.org\/ca\/wp-json\/wp\/v2\/categories?post=77659"},{"taxonomy":"post_tag","embeddable":true,"href":"https:\/\/www.cofb.org\/ca\/wp-json\/wp\/v2\/tags?post=77659"}],"curies":[{"name":"wp","href":"https:\/\/api.w.org\/{rel}","templated":true}]}}