{"id":77644,"date":"2011-07-13T10:54:00","date_gmt":"2011-07-13T10:54:00","guid":{"rendered":"https:\/\/novaorg.cofb.net\/2011\/07\/13\/infarma-2012-supera-ja-les-previsions-del-comite-organitzador\/"},"modified":"2011-07-13T10:54:00","modified_gmt":"2011-07-13T10:54:00","slug":"infarma-2012-supera-ja-les-previsions-del-comite-organitzador","status":"publish","type":"post","link":"https:\/\/www.cofb.org\/ca\/2011\/07\/13\/infarma-2012-supera-ja-les-previsions-del-comite-organitzador\/","title":{"rendered":"Infarma 2012 supera ja les previsions del Comit\u00e8 Organitzador"},"content":{"rendered":"<p>\u00a0<\/p>\n<p>\u00a0<span>\u2022<\/span><span>\u00a0<\/span><strong>El proper Congr\u00e9s Europeu d&#8217;Oficina de Farm\u00e0cia i Sal\u00f3 de Medicaments i Parafarm\u00e0cia: Infarma 2012 adjudica, nom\u00e9s en el primer mes, m\u00e9s espai d&#8217;exposici\u00f3 que en les \u00faltimes edicions de Madrid<\/strong><span>.<\/span><span>\u00a0<\/span><\/p>\n<p align=\"justify\">11 de juliol de 2011. \u2013 El Comit\u00e8 Organitzador d\u2019Infarma 2012, representat pels presidents dels Col\u00b7legis de Farmac\u00e8utics de Madrid i Barcelona, Alberto Garc\u00eda Romero i Jordi de Dalmases, respectivament, valora de forma molt positiva aquestes xifres, facilitades per Interalia, i confien que contribuiran a despertar encara m\u00e9s l&#8217;inter\u00e8s d&#8217;expositors potencials, interessats en el nou empla\u00e7ament que ofereix Fira de Madrid.\u00a0<\/p>\n<p>\u201cComencem a estar satisfets\u201d comenta Carlos Iba\u00f1ez, coordinador d\u2019Infarma 2012 i director general del COFM. \u201cTots dos col\u00b7legis estem acostumats a treballar en projectes comuns com a \u00c0gora Sanit\u00e0ria. Aquestes col\u00b7laboracions ens faciliten una millora cont\u00ednua i el know-how que tots dos col\u00b7legis comparteixen, juntament amb la incorporaci\u00f3 d\u2019Interalia com a organitzador del Sal\u00f3, fa que els resultats siguin satisfactoris\u201d. Per la seva banda, Josep Gavald\u00e0, gerent del COFB, augura \u00e8xits en la vint-i-quatrena edici\u00f3, i afirma que \u201creunir en un mateix equip de treball a les persones que han col\u00b7laborat a organitzar 10 edicions del certamen de Barcelona i 13 edicions a Madrid \u00e9s un luxe per a qualsevol organitzaci\u00f3. S\u00f3n el nostre principal garantia en aquest nou projecte de tots dos Col\u00b7legis\u201d.<\/p>\n<p align=\"justify\">Amb les previsions ja superades pel que fa a l&#8217;\u00faltima edici\u00f3 de les Jornades Farmac\u00e8utiques, el Comit\u00e8 Executiu est\u00e0 desenvolupant el programa de congressos que es presentar\u00e0 al setembre d&#8217;aquest any i amb el qual es pret\u00e9n refor\u00e7ar la imatge d\u2019Infarma com a referent congressual a nivell nacional.\u00a0<\/p>\n<p>Segons paraules d&#8217;Antonio Lopez Lafuente, coordinador del Programa i vicepresident 2on del COFM, \u201cel Congr\u00e9s comptar\u00e0 amb quatre espais professionals farmac\u00e8utics on els ponents tractaran temes de Pol\u00edtica Professional, Farm\u00e0cia i Salut, Farm\u00e0cia i Gesti\u00f3, i Farm\u00e0cia i Professi\u00f3\u201d.\u00a0<\/p>\n<p>\u201cConfiem que el Congr\u00e9s causar\u00e0 impacte per la seva tem\u00e0tica, at\u00e8s que estem centrant-nos a respondre a les inquietuds professionals del major nombre de congressistes, posant m\u00e9s \u00e8mfasi en aquest punt que en anteriors edicions de les Jornades Farmac\u00e8utiques de Madrid\u201d, va afirmar el director del Congr\u00e9s Jaime Acosta, vocal d&#8217;Oficina de Farm\u00e0cia del COFM.\u00a0<\/p>\n<p>La XXIV edici\u00f3 d\u2019Infarma 2012 se celebrar\u00e0 en Fira de Madrid, del 20 al 22 de mar\u00e7 de 2012.\u00a0<\/p>\n<p><strong>Per a m\u00e9s informaci\u00f3<\/strong>:\u00a0<br \/>Col\u00b7legi de Farmac\u00e8utics de Madrid\u00a0<br \/>Tfn.: 91 406 83 96 \u2013 E-mail:\u00a0<a href=\"mailto:ramon.gaspar@cofm.es\">ramon.gaspar@cofm.es<\/a>\u00a0<\/p>\n<p>Col\u00b7legi de Farmac\u00e8utics de Barcelona\u00a0<br \/>Tfn.: 93 244 07 28 \/18 \u2013 E-mail:\u00a0<a href=\"mailto:premsa@cofb.net\">premsa@cofb.net<\/a><\/p>\n<p>\u00a0\u00a0\u2022\u00a0El proper Congr\u00e9s Europeu d&#8217;Oficina de Farm\u00e0cia i Sal\u00f3 de Medicaments i Parafarm\u00e0cia: Infarma 2012 adjudica, nom\u00e9s en el primer mes, m\u00e9s espai d&#8217;exposici\u00f3 que en les \u00faltimes edicions de Madrid.\u00a011 de juliol de 2011. \u2013 El Comit\u00e8 Organitzador d\u2019Infarma 2012, representat pels presidents dels Col\u00b7legis de Farmac\u00e8utics de Madrid i Barcelona, Alberto Garc\u00eda Romero i Jordi de Dalmases, respectivament, valora de forma molt positiva aquestes xifres, facilitades per Interalia, i confien que contribuiran a despertar encara m\u00e9s l&#8217;inter\u00e8s d&#8217;expositors potencials, interessats en el nou empla\u00e7ament que ofereix Fira de Madrid.\u00a0\u201cComencem a estar satisfets\u201d comenta Carlos Iba\u00f1ez, coordinador d\u2019Infarma 2012 i director general del COFM. \u201cTots dos col\u00b7legis estem acostumats a treballar en projectes comuns com a \u00c0gora Sanit\u00e0ria. Aquestes col\u00b7laboracions ens faciliten una millora cont\u00ednua i el know-how que tots dos col\u00b7legis comparteixen, juntament amb la incorporaci\u00f3 d\u2019Interalia com a organitzador del Sal\u00f3, fa que els resultats siguin satisfactoris\u201d. Per la seva banda, Josep Gavald\u00e0, gerent del COFB, augura \u00e8xits en la vint-i-quatrena edici\u00f3, i afirma que \u201creunir en un mateix equip de treball a les persones que han col\u00b7laborat a organitzar 10 edicions del certamen de Barcelona i 13 edicions a Madrid \u00e9s un luxe per a qualsevol organitzaci\u00f3. S\u00f3n el nostre principal garantia en aquest nou projecte de tots dos Col\u00b7legis\u201d.Amb les previsions ja superades pel que fa a l&#8217;\u00faltima edici\u00f3 de les Jornades Farmac\u00e8utiques, el Comit\u00e8 Executiu est\u00e0 desenvolupant el programa de congressos que es presentar\u00e0 al setembre d&#8217;aquest any i amb el qual es pret\u00e9n refor\u00e7ar la imatge d\u2019Infarma com a referent congressual a nivell nacional.\u00a0Segons paraules d&#8217;Antonio Lopez Lafuente, coordinador del Programa i vicepresident 2on del COFM, \u201cel Congr\u00e9s comptar\u00e0 amb quatre espais professionals farmac\u00e8utics on els ponents tractaran temes de Pol\u00edtica Professional, Farm\u00e0cia i Salut, Farm\u00e0cia i Gesti\u00f3, i Farm\u00e0cia i Professi\u00f3\u201d.\u00a0\u201cConfiem que el Congr\u00e9s causar\u00e0 impacte per la seva tem\u00e0tica, at\u00e8s que estem centrant-nos a respondre a les inquietuds professionals del major nombre de congressistes, posant m\u00e9s \u00e8mfasi en aquest punt que en anteriors edicions de les Jornades Farmac\u00e8utiques de Madrid\u201d, va afirmar el director del Congr\u00e9s Jaime Acosta, vocal d&#8217;Oficina de Farm\u00e0cia del COFM.\u00a0La XXIV edici\u00f3 d\u2019Infarma 2012 se celebrar\u00e0 en Fira de Madrid, del 20 al 22 de mar\u00e7 de 2012.\u00a0Per a m\u00e9s informaci\u00f3:\u00a0Col\u00b7legi de Farmac\u00e8utics de Madrid\u00a0Tfn.: 91 406 83 96 \u2013 E-mail:\u00a0ramon.gaspar@cofm.es\u00a0Col\u00b7legi de Farmac\u00e8utics de Barcelona\u00a0Tfn.: 93 244 07 28 \/18 \u2013 E-mail:\u00a0premsa@cofb.net\u00a0\u00a0COFB.ORG<\/p>\n","protected":false},"excerpt":{"rendered":"<p>\u00a0 \u00a0\u2022\u00a0El proper Congr\u00e9s Europeu d&#8217;Oficina de Farm\u00e0cia i Sal\u00f3 de Medicaments i Parafarm\u00e0cia: Infarma 2012 adjudica, nom\u00e9s en el primer mes, m\u00e9s espai d&#8217;exposici\u00f3 que en les \u00faltimes edicions de Madrid.\u00a0 11 de juliol de 2011. \u2013 El Comit\u00e8 Organitzador d\u2019Infarma 2012, representat pels presidents dels Col\u00b7legis de Farmac\u00e8utics [&hellip;]<\/p>\n","protected":false},"author":1,"featured_media":0,"comment_status":"","ping_status":"","sticky":false,"template":"","format":"standard","meta":{"_uag_custom_page_level_css":"","site-sidebar-layout":"default","site-content-layout":"","ast-site-content-layout":"default","site-content-style":"default","site-sidebar-style":"default","ast-global-header-display":"","ast-banner-title-visibility":"","ast-main-header-display":"","ast-hfb-above-header-display":"","ast-hfb-below-header-display":"","ast-hfb-mobile-header-display":"","site-post-title":"","ast-breadcrumbs-content":"","ast-featured-img":"disabled","footer-sml-layout":"","theme-transparent-header-meta":"","adv-header-id-meta":"","stick-header-meta":"","header-above-stick-meta":"","header-main-stick-meta":"","header-below-stick-meta":"","astra-migrate-meta-layouts":"default","ast-page-background-enabled":"default","ast-page-background-meta":{"desktop":{"background-color":"var(--ast-global-color-4)","background-image":"","background-repeat":"repeat","background-position":"center center","background-size":"auto","background-attachment":"scroll","background-type":"","background-media":"","overlay-type":"","overlay-color":"","overlay-opacity":"","overlay-gradient":""},"tablet":{"background-color":"","background-image":"","background-repeat":"repeat","background-position":"center center","background-size":"auto","background-attachment":"scroll","background-type":"","background-media":"","overlay-type":"","overlay-color":"","overlay-opacity":"","overlay-gradient":""},"mobile":{"background-color":"","background-image":"","background-repeat":"repeat","background-position":"center center","background-size":"auto","background-attachment":"scroll","background-type":"","background-media":"","overlay-type":"","overlay-color":"","overlay-opacity":"","overlay-gradient":""}},"ast-content-background-meta":{"desktop":{"background-color":"var(--ast-global-color-5)","background-image":"","background-repeat":"repeat","background-position":"center center","background-size":"auto","background-attachment":"scroll","background-type":"","background-media":"","overlay-type":"","overlay-color":"","overlay-opacity":"","overlay-gradient":""},"tablet":{"background-color":"var(--ast-global-color-5)","background-image":"","background-repeat":"repeat","background-position":"center center","background-size":"auto","background-attachment":"scroll","background-type":"","background-media":"","overlay-type":"","overlay-color":"","overlay-opacity":"","overlay-gradient":""},"mobile":{"background-color":"var(--ast-global-color-5)","background-image":"","background-repeat":"repeat","background-position":"center center","background-size":"auto","background-attachment":"scroll","background-type":"","background-media":"","overlay-type":"","overlay-color":"","overlay-opacity":"","overlay-gradient":""}},"footnotes":""},"categories":[1060,1066],"tags":[],"class_list":["post-77644","post","type-post","status-publish","format-standard","hentry","category-notes-premsa","category-sense-categoria-ca"],"yoast_head":"<!-- This site is optimized with the Yoast SEO plugin v22.4 - https:\/\/yoast.com\/wordpress\/plugins\/seo\/ -->\n<title>Infarma 2012 supera ja les previsions del Comit\u00e8 Organitzador - Col\u00b7legi de Farmac\u00e8utics de Barcelona<\/title>\n<meta name=\"robots\" content=\"index, follow, max-snippet:-1, max-image-preview:large, max-video-preview:-1\" \/>\n<link rel=\"canonical\" href=\"https:\/\/novaorg.cofb.net\/2011\/07\/13\/infarma-2012-supera-ja-les-previsions-del-comite-organitzador\/\" \/>\n<meta property=\"og:locale\" content=\"ca_ES\" \/>\n<meta property=\"og:type\" content=\"article\" \/>\n<meta property=\"og:title\" content=\"Infarma 2012 supera ja les previsions del Comit\u00e8 Organitzador - Col\u00b7legi de Farmac\u00e8utics de Barcelona\" \/>\n<meta property=\"og:description\" content=\"\u00a0 \u00a0\u2022\u00a0El proper Congr\u00e9s Europeu d&#8217;Oficina de Farm\u00e0cia i Sal\u00f3 de Medicaments i Parafarm\u00e0cia: Infarma 2012 adjudica, nom\u00e9s en el primer mes, m\u00e9s espai d&#8217;exposici\u00f3 que en les \u00faltimes edicions de Madrid.\u00a0 11 de juliol de 2011. \u2013 El Comit\u00e8 Organitzador d\u2019Infarma 2012, representat pels presidents dels Col\u00b7legis de Farmac\u00e8utics [&hellip;]\" \/>\n<meta property=\"og:url\" content=\"https:\/\/novaorg.cofb.net\/2011\/07\/13\/infarma-2012-supera-ja-les-previsions-del-comite-organitzador\/\" \/>\n<meta property=\"og:site_name\" content=\"Col\u00b7legi de Farmac\u00e8utics de Barcelona\" \/>\n<meta property=\"article:publisher\" content=\"https:\/\/www.facebook.com\/farmaceuticsbcn\/\" \/>\n<meta property=\"article:published_time\" content=\"2011-07-13T10:54:00+00:00\" \/>\n<meta name=\"author\" content=\"wpAdminCofbOrg\" \/>\n<meta name=\"twitter:card\" content=\"summary_large_image\" \/>\n<meta name=\"twitter:creator\" content=\"@farmaceuticsbcn\" \/>\n<meta name=\"twitter:site\" content=\"@farmaceuticsbcn\" \/>\n<meta name=\"twitter:label1\" content=\"Escrit per\" \/>\n\t<meta name=\"twitter:data1\" content=\"wpAdminCofbOrg\" \/>\n\t<meta name=\"twitter:label2\" content=\"Temps estimat de lectura\" \/>\n\t<meta name=\"twitter:data2\" content=\"4 minuts\" \/>\n<script type=\"application\/ld+json\" class=\"yoast-schema-graph\">{\"@context\":\"https:\/\/schema.org\",\"@graph\":[{\"@type\":\"Article\",\"@id\":\"https:\/\/novaorg.cofb.net\/2011\/07\/13\/infarma-2012-supera-ja-les-previsions-del-comite-organitzador\/#article\",\"isPartOf\":{\"@id\":\"https:\/\/novaorg.cofb.net\/2011\/07\/13\/infarma-2012-supera-ja-les-previsions-del-comite-organitzador\/\"},\"author\":{\"name\":\"wpAdminCofbOrg\",\"@id\":\"https:\/\/www.cofb.org\/#\/schema\/person\/22ed7eea88da74b0fa4d3154ad87ffcb\"},\"headline\":\"Infarma 2012 supera ja les previsions del Comit\u00e8 Organitzador\",\"datePublished\":\"2011-07-13T10:54:00+00:00\",\"dateModified\":\"2011-07-13T10:54:00+00:00\",\"mainEntityOfPage\":{\"@id\":\"https:\/\/novaorg.cofb.net\/2011\/07\/13\/infarma-2012-supera-ja-les-previsions-del-comite-organitzador\/\"},\"wordCount\":898,\"publisher\":{\"@id\":\"https:\/\/www.cofb.org\/#organization\"},\"articleSection\":[\"Notes de premsa\"],\"inLanguage\":\"ca\"},{\"@type\":\"WebPage\",\"@id\":\"https:\/\/novaorg.cofb.net\/2011\/07\/13\/infarma-2012-supera-ja-les-previsions-del-comite-organitzador\/\",\"url\":\"https:\/\/novaorg.cofb.net\/2011\/07\/13\/infarma-2012-supera-ja-les-previsions-del-comite-organitzador\/\",\"name\":\"Infarma 2012 supera ja les previsions del Comit\u00e8 Organitzador - Col\u00b7legi de Farmac\u00e8utics de Barcelona\",\"isPartOf\":{\"@id\":\"https:\/\/www.cofb.org\/#website\"},\"datePublished\":\"2011-07-13T10:54:00+00:00\",\"dateModified\":\"2011-07-13T10:54:00+00:00\",\"breadcrumb\":{\"@id\":\"https:\/\/novaorg.cofb.net\/2011\/07\/13\/infarma-2012-supera-ja-les-previsions-del-comite-organitzador\/#breadcrumb\"},\"inLanguage\":\"ca\",\"potentialAction\":[{\"@type\":\"ReadAction\",\"target\":[\"https:\/\/novaorg.cofb.net\/2011\/07\/13\/infarma-2012-supera-ja-les-previsions-del-comite-organitzador\/\"]}]},{\"@type\":\"BreadcrumbList\",\"@id\":\"https:\/\/novaorg.cofb.net\/2011\/07\/13\/infarma-2012-supera-ja-les-previsions-del-comite-organitzador\/#breadcrumb\",\"itemListElement\":[{\"@type\":\"ListItem\",\"position\":1,\"name\":\"Inici\",\"item\":\"https:\/\/novaorg.cofb.net\/\"},{\"@type\":\"ListItem\",\"position\":2,\"name\":\"Infarma 2012 supera ja les previsions del Comit\u00e8 Organitzador\"}]},{\"@type\":\"WebSite\",\"@id\":\"https:\/\/www.cofb.org\/#website\",\"url\":\"https:\/\/www.cofb.org\/\",\"name\":\"Col\u00b7legi de Farmac\u00e8utics de Barcelona\",\"description\":\"\",\"publisher\":{\"@id\":\"https:\/\/www.cofb.org\/#organization\"},\"potentialAction\":[{\"@type\":\"SearchAction\",\"target\":{\"@type\":\"EntryPoint\",\"urlTemplate\":\"https:\/\/www.cofb.org\/?s={search_term_string}\"},\"query-input\":\"required name=search_term_string\"}],\"inLanguage\":\"ca\"},{\"@type\":\"Organization\",\"@id\":\"https:\/\/www.cofb.org\/#organization\",\"name\":\"Col\u00b7legi de Farmac\u00e8utics de Barcelona\",\"url\":\"https:\/\/www.cofb.org\/\",\"logo\":{\"@type\":\"ImageObject\",\"inLanguage\":\"ca\",\"@id\":\"https:\/\/www.cofb.org\/#\/schema\/logo\/image\/\",\"url\":\"https:\/\/www.cofb.org\/wp-content\/uploads\/2023\/11\/cropped-Logotip-COFB.png\",\"contentUrl\":\"https:\/\/www.cofb.org\/wp-content\/uploads\/2023\/11\/cropped-Logotip-COFB.png\",\"width\":500,\"height\":105,\"caption\":\"Col\u00b7legi de Farmac\u00e8utics de Barcelona\"},\"image\":{\"@id\":\"https:\/\/www.cofb.org\/#\/schema\/logo\/image\/\"},\"sameAs\":[\"https:\/\/www.facebook.com\/farmaceuticsbcn\/\",\"https:\/\/twitter.com\/farmaceuticsbcn\",\"https:\/\/www.instagram.com\/farmaceuticsbcn\/\",\"https:\/\/www.linkedin.com\/company\/farmaceuticsbcn\/\"]},{\"@type\":\"Person\",\"@id\":\"https:\/\/www.cofb.org\/#\/schema\/person\/22ed7eea88da74b0fa4d3154ad87ffcb\",\"name\":\"wpAdminCofbOrg\",\"image\":{\"@type\":\"ImageObject\",\"inLanguage\":\"ca\",\"@id\":\"https:\/\/www.cofb.org\/#\/schema\/person\/image\/\",\"url\":\"https:\/\/secure.gravatar.com\/avatar\/1721b20b3b8ca882c3b56ec6c978c594fff670e40c0718e9190eaeeb76aae7d8?s=96&d=mm&r=g\",\"contentUrl\":\"https:\/\/secure.gravatar.com\/avatar\/1721b20b3b8ca882c3b56ec6c978c594fff670e40c0718e9190eaeeb76aae7d8?s=96&d=mm&r=g\",\"caption\":\"wpAdminCofbOrg\"},\"sameAs\":[\"http:\/\/192.168.64.122\/wordpress\"],\"url\":\"https:\/\/www.cofb.org\/ca\/author\/wpadmincofborg\/\"}]}<\/script>\n<!-- \/ Yoast SEO plugin. -->","yoast_head_json":{"title":"Infarma 2012 supera ja les previsions del Comit\u00e8 Organitzador - Col\u00b7legi de Farmac\u00e8utics de Barcelona","robots":{"index":"index","follow":"follow","max-snippet":"max-snippet:-1","max-image-preview":"max-image-preview:large","max-video-preview":"max-video-preview:-1"},"canonical":"https:\/\/novaorg.cofb.net\/2011\/07\/13\/infarma-2012-supera-ja-les-previsions-del-comite-organitzador\/","og_locale":"ca_ES","og_type":"article","og_title":"Infarma 2012 supera ja les previsions del Comit\u00e8 Organitzador - Col\u00b7legi de Farmac\u00e8utics de Barcelona","og_description":"\u00a0 \u00a0\u2022\u00a0El proper Congr\u00e9s Europeu d&#8217;Oficina de Farm\u00e0cia i Sal\u00f3 de Medicaments i Parafarm\u00e0cia: Infarma 2012 adjudica, nom\u00e9s en el primer mes, m\u00e9s espai d&#8217;exposici\u00f3 que en les \u00faltimes edicions de Madrid.\u00a0 11 de juliol de 2011. \u2013 El Comit\u00e8 Organitzador d\u2019Infarma 2012, representat pels presidents dels Col\u00b7legis de Farmac\u00e8utics [&hellip;]","og_url":"https:\/\/novaorg.cofb.net\/2011\/07\/13\/infarma-2012-supera-ja-les-previsions-del-comite-organitzador\/","og_site_name":"Col\u00b7legi de Farmac\u00e8utics de Barcelona","article_publisher":"https:\/\/www.facebook.com\/farmaceuticsbcn\/","article_published_time":"2011-07-13T10:54:00+00:00","author":"wpAdminCofbOrg","twitter_card":"summary_large_image","twitter_creator":"@farmaceuticsbcn","twitter_site":"@farmaceuticsbcn","twitter_misc":{"Escrit per":"wpAdminCofbOrg","Temps estimat de lectura":"4 minuts"},"schema":{"@context":"https:\/\/schema.org","@graph":[{"@type":"Article","@id":"https:\/\/novaorg.cofb.net\/2011\/07\/13\/infarma-2012-supera-ja-les-previsions-del-comite-organitzador\/#article","isPartOf":{"@id":"https:\/\/novaorg.cofb.net\/2011\/07\/13\/infarma-2012-supera-ja-les-previsions-del-comite-organitzador\/"},"author":{"name":"wpAdminCofbOrg","@id":"https:\/\/www.cofb.org\/#\/schema\/person\/22ed7eea88da74b0fa4d3154ad87ffcb"},"headline":"Infarma 2012 supera ja les previsions del Comit\u00e8 Organitzador","datePublished":"2011-07-13T10:54:00+00:00","dateModified":"2011-07-13T10:54:00+00:00","mainEntityOfPage":{"@id":"https:\/\/novaorg.cofb.net\/2011\/07\/13\/infarma-2012-supera-ja-les-previsions-del-comite-organitzador\/"},"wordCount":898,"publisher":{"@id":"https:\/\/www.cofb.org\/#organization"},"articleSection":["Notes de premsa"],"inLanguage":"ca"},{"@type":"WebPage","@id":"https:\/\/novaorg.cofb.net\/2011\/07\/13\/infarma-2012-supera-ja-les-previsions-del-comite-organitzador\/","url":"https:\/\/novaorg.cofb.net\/2011\/07\/13\/infarma-2012-supera-ja-les-previsions-del-comite-organitzador\/","name":"Infarma 2012 supera ja les previsions del Comit\u00e8 Organitzador - Col\u00b7legi de Farmac\u00e8utics de Barcelona","isPartOf":{"@id":"https:\/\/www.cofb.org\/#website"},"datePublished":"2011-07-13T10:54:00+00:00","dateModified":"2011-07-13T10:54:00+00:00","breadcrumb":{"@id":"https:\/\/novaorg.cofb.net\/2011\/07\/13\/infarma-2012-supera-ja-les-previsions-del-comite-organitzador\/#breadcrumb"},"inLanguage":"ca","potentialAction":[{"@type":"ReadAction","target":["https:\/\/novaorg.cofb.net\/2011\/07\/13\/infarma-2012-supera-ja-les-previsions-del-comite-organitzador\/"]}]},{"@type":"BreadcrumbList","@id":"https:\/\/novaorg.cofb.net\/2011\/07\/13\/infarma-2012-supera-ja-les-previsions-del-comite-organitzador\/#breadcrumb","itemListElement":[{"@type":"ListItem","position":1,"name":"Inici","item":"https:\/\/novaorg.cofb.net\/"},{"@type":"ListItem","position":2,"name":"Infarma 2012 supera ja les previsions del Comit\u00e8 Organitzador"}]},{"@type":"WebSite","@id":"https:\/\/www.cofb.org\/#website","url":"https:\/\/www.cofb.org\/","name":"Col\u00b7legi de Farmac\u00e8utics de Barcelona","description":"","publisher":{"@id":"https:\/\/www.cofb.org\/#organization"},"potentialAction":[{"@type":"SearchAction","target":{"@type":"EntryPoint","urlTemplate":"https:\/\/www.cofb.org\/?s={search_term_string}"},"query-input":"required name=search_term_string"}],"inLanguage":"ca"},{"@type":"Organization","@id":"https:\/\/www.cofb.org\/#organization","name":"Col\u00b7legi de Farmac\u00e8utics de Barcelona","url":"https:\/\/www.cofb.org\/","logo":{"@type":"ImageObject","inLanguage":"ca","@id":"https:\/\/www.cofb.org\/#\/schema\/logo\/image\/","url":"https:\/\/www.cofb.org\/wp-content\/uploads\/2023\/11\/cropped-Logotip-COFB.png","contentUrl":"https:\/\/www.cofb.org\/wp-content\/uploads\/2023\/11\/cropped-Logotip-COFB.png","width":500,"height":105,"caption":"Col\u00b7legi de Farmac\u00e8utics de Barcelona"},"image":{"@id":"https:\/\/www.cofb.org\/#\/schema\/logo\/image\/"},"sameAs":["https:\/\/www.facebook.com\/farmaceuticsbcn\/","https:\/\/twitter.com\/farmaceuticsbcn","https:\/\/www.instagram.com\/farmaceuticsbcn\/","https:\/\/www.linkedin.com\/company\/farmaceuticsbcn\/"]},{"@type":"Person","@id":"https:\/\/www.cofb.org\/#\/schema\/person\/22ed7eea88da74b0fa4d3154ad87ffcb","name":"wpAdminCofbOrg","image":{"@type":"ImageObject","inLanguage":"ca","@id":"https:\/\/www.cofb.org\/#\/schema\/person\/image\/","url":"https:\/\/secure.gravatar.com\/avatar\/1721b20b3b8ca882c3b56ec6c978c594fff670e40c0718e9190eaeeb76aae7d8?s=96&d=mm&r=g","contentUrl":"https:\/\/secure.gravatar.com\/avatar\/1721b20b3b8ca882c3b56ec6c978c594fff670e40c0718e9190eaeeb76aae7d8?s=96&d=mm&r=g","caption":"wpAdminCofbOrg"},"sameAs":["http:\/\/192.168.64.122\/wordpress"],"url":"https:\/\/www.cofb.org\/ca\/author\/wpadmincofborg\/"}]}},"uagb_featured_image_src":{"full":false,"thumbnail":false,"medium":false,"medium_large":false,"large":false,"1536x1536":false,"2048x2048":false,"trp-custom-language-flag":false},"uagb_author_info":{"display_name":"wpAdminCofbOrg","author_link":"https:\/\/www.cofb.org\/ca\/author\/wpadmincofborg\/"},"uagb_comment_info":0,"uagb_excerpt":"\u00a0 \u00a0\u2022\u00a0El proper Congr\u00e9s Europeu d&#8217;Oficina de Farm\u00e0cia i Sal\u00f3 de Medicaments i Parafarm\u00e0cia: Infarma 2012 adjudica, nom\u00e9s en el primer mes, m\u00e9s espai d&#8217;exposici\u00f3 que en les \u00faltimes edicions de Madrid.\u00a0 11 de juliol de 2011. \u2013 El Comit\u00e8 Organitzador d\u2019Infarma 2012, representat pels presidents dels Col\u00b7legis de Farmac\u00e8utics [&hellip;]","_links":{"self":[{"href":"https:\/\/www.cofb.org\/ca\/wp-json\/wp\/v2\/posts\/77644","targetHints":{"allow":["GET"]}}],"collection":[{"href":"https:\/\/www.cofb.org\/ca\/wp-json\/wp\/v2\/posts"}],"about":[{"href":"https:\/\/www.cofb.org\/ca\/wp-json\/wp\/v2\/types\/post"}],"author":[{"embeddable":true,"href":"https:\/\/www.cofb.org\/ca\/wp-json\/wp\/v2\/users\/1"}],"replies":[{"embeddable":true,"href":"https:\/\/www.cofb.org\/ca\/wp-json\/wp\/v2\/comments?post=77644"}],"version-history":[{"count":0,"href":"https:\/\/www.cofb.org\/ca\/wp-json\/wp\/v2\/posts\/77644\/revisions"}],"wp:attachment":[{"href":"https:\/\/www.cofb.org\/ca\/wp-json\/wp\/v2\/media?parent=77644"}],"wp:term":[{"taxonomy":"category","embeddable":true,"href":"https:\/\/www.cofb.org\/ca\/wp-json\/wp\/v2\/categories?post=77644"},{"taxonomy":"post_tag","embeddable":true,"href":"https:\/\/www.cofb.org\/ca\/wp-json\/wp\/v2\/tags?post=77644"}],"curies":[{"name":"wp","href":"https:\/\/api.w.org\/{rel}","templated":true}]}}