{"id":77618,"date":"2012-03-22T22:53:00","date_gmt":"2012-03-22T22:53:00","guid":{"rendered":"https:\/\/novaorg.cofb.net\/2012\/03\/22\/infarma-madrid-2012-la-farmacia-espanola-debe-mejorar-su-percepcion-entre-otros-profesionales-sanitarios-y-la-sociedad\/"},"modified":"2012-03-22T22:53:00","modified_gmt":"2012-03-22T22:53:00","slug":"infarma-madrid-2012-la-farmacia-espanola-debe-mejorar-su-percepcion-entre-otros-profesionales-sanitarios-y-la-sociedad","status":"publish","type":"post","link":"https:\/\/www.cofb.org\/ca\/2012\/03\/22\/infarma-madrid-2012-la-farmacia-espanola-debe-mejorar-su-percepcion-entre-otros-profesionales-sanitarios-y-la-sociedad\/","title":{"rendered":"Infarma Madrid 2012. La farmacia espa\u00f1ola debe mejorar su percepci\u00f3n entre otros profesionales sanitarios y la sociedad"},"content":{"rendered":"<p>\u00a0<\/p>\n<p>\u00a0<strong>\u2022 El envejecimiento de la poblaci\u00f3n plantea retos y oportunidades para el desarrollo profesional de los farmac\u00e9uticos\u00a0<\/strong><\/p>\n<p align=\"center\"><strong><br \/>\u2022 La formaci\u00f3n acad\u00e9mica debe adecuarse a los nuevos roles del farmac\u00e9utico<\/strong><\/p>\n<p align=\"justify\"><strong>Madrid, 22 de marzo<\/strong>. La farmacia espa\u00f1ola tiene una ardua tarea por delante para mejorar su percepci\u00f3n entre otros profesionales sanitarios y el conjunto de la sociedad. As\u00ed se desprende de una mesa redonda celebrada ayer tarde en Infarma 2012, en la que se analiz\u00f3 c\u00f3mo se ve el servicio que presta la oficina de farmacia por parte de m\u00e9dicos, pacientes y medios de comunicaci\u00f3n.\u00a0<\/p>\n<p>Merc\u00e8 Barau, vocal del Colegio de Farmac\u00e9uticos de Barcelona, present\u00f3 los resultados de un estudio elaborado por el COFB que muestran que si bien m\u00e9dicos, pacientes y usuarios tienen en general una buena valoraci\u00f3n de la labor de la oficina de farmacia, tambi\u00e9n muestra desconocimiento e incluso despierta recelos en \u00e1reas como la atenci\u00f3n farmac\u00e9utica.\u00a0<\/p>\n<p>\u201cPara el colectivo m\u00e9dico, nuestra labor est\u00e1 focalizada en la dispensaci\u00f3n de medicamentos\u201d, afirm\u00f3 Barau. No obstante, seg\u00fan el estudio del COFB, los m\u00e9dicos est\u00e1n dispuestos a aceptar un papel m\u00e1s activo de la farmacia en \u00e1reas como el consejo sobre el medicamento, el seguimiento a pacientes cr\u00f3nicos y el cumplimiento terap\u00e9utico.\u00a0<\/p>\n<p>Tambi\u00e9n para el Foro de Pacientes, seg\u00fan el estudio, el cumplimiento terap\u00e9utico y la prevenci\u00f3n de la salud son campos en los que el farmac\u00e9utico puede ampliar su actividad profesional. No obstante, Barau alert\u00f3 de que tanto m\u00e9dicos como representantes de pacientes demandan protocolos de actuaci\u00f3n que permitan homogeneizar la atenci\u00f3n farmac\u00e9utica prestada en las diferentes farmacias.\u00a0<\/p>\n<p>Sin embargo, para Carlos Gonz\u00e1lez-Vilardell, presidente del Colegio Oficial de M\u00e9dicos de Sevilla, cada vez es m\u00e1s necesaria una colaboraci\u00f3n estrecha entre m\u00e9dicos y farmac\u00e9uticos en aras de una mejor atenci\u00f3n sanitaria a los pacientes. \u201cLos avances en la salud han hecho desaparecer el papel del m\u00e9dico como \u00fanico experto en salud\u201d, admiti\u00f3 Gonz\u00e1lez-Vilardell. \u201cEs esencial el trabajo en equipo con otros profesionales sanitarios, y entre ellos se encuentran los farmac\u00e9uticos, que son grandes aliados del m\u00e9dico en el mantenimiento de la salud\u201d, a\u00f1adi\u00f3 el presidente del Colegio de M\u00e9dicos de Sevilla.\u00a0<\/p>\n<p>Gonz\u00e1lez-Vilardell advirti\u00f3, adem\u00e1s, sobre el peligro que plantean los continuos recortes sobre el actual modelo de farmacia en Espa\u00f1a, que pueden acabar repercutiendo sobre el nivel de salud de los ciudadanos.\u00a0<\/p>\n<p>Sergi Blancafort, responsable de formaci\u00f3n de la Fundaci\u00f3n Josep Laporte, present\u00f3 los resultados de un informe de la Universidad de Pacientes que destaca el gran reconocimiento de que gozan los farmac\u00e9uticos entre los pacientes cr\u00f3nicos. No obstante, Blancafort asegur\u00f3 que muchos enfermos tienen dudas sobre cu\u00e1l es el papel real que corresponde a los farmac\u00e9uticos en el tratamiento y seguimiento de sus enfermedades.\u00a0<\/p>\n<p>En esta l\u00ednea, Blancafort apunt\u00f3 que la oficina de farmacia puede ser un gran aliado de los enfermos cr\u00f3nicos ayud\u00e1ndolos a priorizar sus objetivos de salud y a hacer seguimiento de su evoluci\u00f3n mediante visitas peri\u00f3dicas a las farmacias.\u00a0<\/p>\n<p>Sin embargo, Sergio Alonso, redactor jefe de Econom\u00eda y Sociedad del diario La Raz\u00f3n, afirm\u00f3 que la farmacia espa\u00f1ola, pese a gozar de un gran prestigio entre los ciudadanos, \u201cno ha sabido venderse en otros \u00e1mbitos\u201d. Para Alonso, la farmacia es el eslab\u00f3n m\u00e1s d\u00e9bil de la cadena del medicamento en Espa\u00f1a, por detr\u00e1s de m\u00e9dicos, administraci\u00f3n e industria farmac\u00e9utica. Asimismo, Alonso cree que la farmacia espa\u00f1ola no ha sabido trasladar el gran valor social de su labor al conjunto de la sociedad, \u201cy sigue sin saber hacerlo\u201d.\u00a0<\/p>\n<p><strong>\u00a0\u00a0<br \/>Seguridad del paciente<\/strong>\u00a0<\/p>\n<p>Una segunda mesa redonda de la tarde de ayer analiz\u00f3 los errores en la medicaci\u00f3n y las herramientas con que cuenta la oficina de farmacia para su resoluci\u00f3n. Francisca Gonz\u00e1lez, m\u00e9dico de atenci\u00f3n primaria y colaboradora del Centro de Farmacovigilancia de Arag\u00f3n, destac\u00f3 el papel del farmac\u00e9utico como \u201cel \u00faltimo escal\u00f3n para detectar el error de prescripci\u00f3n y los efectos secundarios en el paciente\u201d. En este sentido, ampli\u00f3 esta responsabilidad a todos los profesionales sanitarios, inst\u00e1ndoles a estar \u201cm\u00e1s atentos\u201d a los posibles s\u00edntomas del paciente que puedan evidenciar estos errores en la medicaci\u00f3n.\u00a0<\/p>\n<p>Por su parte, Alfonso Dom\u00ednguez, catedr\u00e1tico de Tecnolog\u00eda Farmac\u00e9utica de la Universidad de Salamanca, enumer\u00f3 algunos de los errores m\u00e1s habituales en la medicaci\u00f3n, tales como falta de seguimiento, dosis elevada en f\u00e1rmacos con margen terap\u00e9utico limitado, escaso nivel de informaci\u00f3n al paciente o automedicaci\u00f3n incorrecta.\u00a0<\/p>\n<p>Respecto a este \u00faltimo punto, Dom\u00ednguez subray\u00f3 la figura del farmac\u00e9utico como \u201cconsultor sanitario\u201d y la importancia de que la formaci\u00f3n para controlar el uso de los medicamentos publicitarios.\u00a0<\/p>\n<p>En cuanto a la atenci\u00f3n a las personas mayores polimedicadas, Encarnaci\u00f3n Cruz, subdirectora general de Compras de Farmacia y Productos Sanitarios de la Comunidad de Madrid, puso de relieve que la acumulaci\u00f3n de tratamientos en este tipo de pacientes \u201cprovoca la aparici\u00f3n de interacciones o reacciones adversas que disminuye su efectividad\u201d.\u00a0<\/p>\n<p>Para evitar que se produzcan errores, Cruz record\u00f3 la importancia de la revisi\u00f3n peri\u00f3dica de los tratamientos de este tipo de pacientes, la coordinaci\u00f3n entre sanitarios y farmac\u00e9uticos, la implantaci\u00f3n de sistemas de ayuda para la utilizaci\u00f3n de medicamentos y la educaci\u00f3n sanitaria en la poblaci\u00f3n mayor.\u00a0<\/p>\n<p>Por \u00faltimo, Ana Mar\u00eda Molinero, farmac\u00e9utica comunitaria y miembro de la Red de Farmacias Centinelas de la Comunidad de Madrid, explic\u00f3 que el 75% de los problemas relacionados con la medicaci\u00f3n son evitables con un adecuado seguimiento farmacoterap\u00e9utico. En este sentido, Molinero destac\u00f3 la gran labor de la Red de Farmacias Centinelas, que se encarga de detectar, prevenir y notificar los problemas de seguridad o errores en el uso de los medicamentos, para as\u00ed poder reducir riesgos.\u00a0<\/p>\n<p><strong>\u00a0\u00a0\u00a0<br \/>Legalidad de las pr\u00e1cticas de negocio en la farmacia<\/strong>\u00a0<\/p>\n<p>La tercera y \u00faltima mesa redonda de la tarde de ayer en Infarma 2012, se dedic\u00f3 a analizar la legalidad de las pr\u00e1cticas de negocio en la oficina de farmacia. En ella, Jos\u00e9 Ignacio Vega, abogado del despacho Ram\u00f3n y Cajal Abogados, asegur\u00f3 que la farmacia contin\u00faa con su funci\u00f3n tradicional de dispensaci\u00f3n de medicamentos, pero manifest\u00f3 la necesidad, a su vez, de encontrar nuevas v\u00edas de negocio, \u201cque deben estar siempre dentro del marco legal\u201d.\u00a0<\/p>\n<p>Se refiri\u00f3, asimismo, a la posibilidad de ofrecer servicios de valor a\u00f1adido dentro de la oficina de farmacia, \u201cque en su mayor\u00eda son de financiaci\u00f3n privada y en los que los colegios de farmac\u00e9uticos no tienen cabida en el establecimiento de precios\u201d. En este sentido, declar\u00f3 que no existe un obst\u00e1culo legal que impida que se desarrollen estos servicios, pero s\u00ed existen acuerdos entre colegios y profesionales que regulan la actividad del farmac\u00e9utico.\u00a0<\/p>\n<p>Rosa Ortega, catedr\u00e1tica de Nutrici\u00f3n de la Universidad Complutense de Madrid, destac\u00f3 que el papel de la farmacia en el consejo diet\u00e9tico exige una amplia formaci\u00f3n en alimentaci\u00f3n y nutrici\u00f3n. Cada vez hay m\u00e1s demanda por parte de la poblaci\u00f3n de profesionales con conocimientos diet\u00e9ticos. Ortega reiter\u00f3 que los farmac\u00e9uticos cada vez tienen mayor formaci\u00f3n en nutrici\u00f3n, lo que redunda en una mejora sanitaria para la poblaci\u00f3n.\u00a0<\/p>\n<p>No obstante, alert\u00f3 sobre informaciones falsas sobre nutrici\u00f3n presentes en anuncios publicitarios y determinadas dietas. \u201cCasi todas las personas creemos saber sobre nutrici\u00f3n y diet\u00e9tica, cuando lo cierto es que incurrimos en creencias err\u00f3neas\u201d, a\u00f1adi\u00f3 Ortega. Por ello, el profesional farmac\u00e9utico debe tener una mayor implicaci\u00f3n en el \u00e1rea nutricional y romper con esas falsas creencias, atendiendo a una labor social y de consejero del paciente.\u00a0<\/p>\n<p>Por su parte, Caitlin Sorrell, directora europea de Alphega Farmacia, alert\u00f3 sobre el riesgo de la proliferaci\u00f3n de farmacias online, que en muchas ocasiones ofrecen \u201cmedicamentos falsificados\u201d. Sorrell manifest\u00f3 que en toda Europa hay problemas con la sanidad como el envejecimiento de la poblaci\u00f3n o la mayor incidencia de enfermedades cr\u00f3nicas, lo que ha provocado un aumento de las prescripciones del 5 por ciento.\u00a0<\/p>\n<p>Sin embargo, la bajada generalizada de precios puede llevar a que muchos medicamentos salgan fuera de la oficina de farmacia y se ponga en peligro el papel asistencial del farmac\u00e9utico. Para Sorrell, la labor del farmac\u00e9utico tiene un alto valor a\u00f1adido y, adem\u00e1s, contribuye a disminuir la presi\u00f3n asistencial sobre los sistemas de sanidad.\u00a0<\/p>\n<p><strong>\u00a0\u00a0\u00a0<br \/>Infarma 2012<\/strong>\u00a0<\/p>\n<p>Durante tres d\u00edas el recinto ferial de Ifema acoger\u00e1 a m\u00e1s de 300 laboratorios y empresas del sector farmac\u00e9utico participan en un Sal\u00f3n y Congreso que abarcar\u00e1 un espacio de 9.000 metros cuadrados \u00fatiles. La superficie contratada de exposici\u00f3n comercial por los 180 expositores es de 6.500 metros cuadrados. La organizaci\u00f3n prev\u00e9 que m\u00e1s de 23.000 visitantes acudan a Ifema entre el 20 y 22 de marzo<\/p>\n<p align=\"justify\"><strong>\u00a0\u00a0<br \/>M\u00e1s informaci\u00f3n<\/strong>\u00a0<br \/>Departamento de Comunicaci\u00f3n del COFM: 91 406 84 69\u00a0<br \/>Sala de Prensa del COFM: 91 474 55 84 y 629 56 90 74<\/p>\n<p>\u00a0\u00a0\u2022 El envejecimiento de la poblaci\u00f3n plantea retos y oportunidades para el desarrollo profesional de los farmac\u00e9uticos\u00a0\u2022 La formaci\u00f3n acad\u00e9mica debe adecuarse a los nuevos roles del farmac\u00e9uticoMadrid, 22 de marzo. La farmacia espa\u00f1ola tiene una ardua tarea por delante para mejorar su percepci\u00f3n entre otros profesionales sanitarios y el conjunto de la sociedad. As\u00ed se desprende de una mesa redonda celebrada ayer tarde en Infarma 2012, en la que se analiz\u00f3 c\u00f3mo se ve el servicio que presta la oficina de farmacia por parte de m\u00e9dicos, pacientes y medios de comunicaci\u00f3n.\u00a0Merc\u00e8 Barau, vocal del Colegio de Farmac\u00e9uticos de Barcelona, present\u00f3 los resultados de un estudio elaborado por el COFB que muestran que si bien m\u00e9dicos, pacientes y usuarios tienen en general una buena valoraci\u00f3n de la labor de la oficina de farmacia, tambi\u00e9n muestra desconocimiento e incluso despierta recelos en \u00e1reas como la atenci\u00f3n farmac\u00e9utica.\u00a0\u201cPara el colectivo m\u00e9dico, nuestra labor est\u00e1 focalizada en la dispensaci\u00f3n de medicamentos\u201d, afirm\u00f3 Barau. No obstante, seg\u00fan el estudio del COFB, los m\u00e9dicos est\u00e1n dispuestos a aceptar un papel m\u00e1s activo de la farmacia en \u00e1reas como el consejo sobre el medicamento, el seguimiento a pacientes cr\u00f3nicos y el cumplimiento terap\u00e9utico.\u00a0Tambi\u00e9n para el Foro de Pacientes, seg\u00fan el estudio, el cumplimiento terap\u00e9utico y la prevenci\u00f3n de la salud son campos en los que el farmac\u00e9utico puede ampliar su actividad profesional. No obstante, Barau alert\u00f3 de que tanto m\u00e9dicos como representantes de pacientes demandan protocolos de actuaci\u00f3n que permitan homogeneizar la atenci\u00f3n farmac\u00e9utica prestada en las diferentes farmacias.\u00a0Sin embargo, para Carlos Gonz\u00e1lez-Vilardell, presidente del Colegio Oficial de M\u00e9dicos de Sevilla, cada vez es m\u00e1s necesaria una colaboraci\u00f3n estrecha entre m\u00e9dicos y farmac\u00e9uticos en aras de una mejor atenci\u00f3n sanitaria a los pacientes. \u201cLos avances en la salud han hecho desaparecer el papel del m\u00e9dico como \u00fanico experto en salud\u201d, admiti\u00f3 Gonz\u00e1lez-Vilardell. \u201cEs esencial el trabajo en equipo con otros profesionales sanitarios, y entre ellos se encuentran los farmac\u00e9uticos, que son grandes aliados del m\u00e9dico en el mantenimiento de la salud\u201d, a\u00f1adi\u00f3 el presidente del Colegio de M\u00e9dicos de Sevilla.\u00a0Gonz\u00e1lez-Vilardell advirti\u00f3, adem\u00e1s, sobre el peligro que plantean los continuos recortes sobre el actual modelo de farmacia en Espa\u00f1a, que pueden acabar repercutiendo sobre el nivel de salud de los ciudadanos.\u00a0Sergi Blancafort, responsable de formaci\u00f3n de la Fundaci\u00f3n Josep Laporte, present\u00f3 los resultados de un informe de la Universidad de Pacientes que destaca el gran reconocimiento de que gozan los farmac\u00e9uticos entre los pacientes cr\u00f3nicos. No obstante, Blancafort asegur\u00f3 que muchos enfermos tienen dudas sobre cu\u00e1l es el papel real que corresponde a los farmac\u00e9uticos en el tratamiento y seguimiento de sus enfermedades.\u00a0En esta l\u00ednea, Blancafort apunt\u00f3 que la oficina de farmacia puede ser un gran aliado de los enfermos cr\u00f3nicos ayud\u00e1ndolos a priorizar sus objetivos de salud y a hacer seguimiento de su evoluci\u00f3n mediante visitas peri\u00f3dicas a las farmacias.\u00a0Sin embargo, Sergio Alonso, redactor jefe de Econom\u00eda y Sociedad del diario La Raz\u00f3n, afirm\u00f3 que la farmacia espa\u00f1ola, pese a gozar de un gran prestigio entre los ciudadanos, \u201cno ha sabido venderse en otros \u00e1mbitos\u201d. Para Alonso, la farmacia es el eslab\u00f3n m\u00e1s d\u00e9bil de la cadena del medicamento en Espa\u00f1a, por detr\u00e1s de m\u00e9dicos, administraci\u00f3n e industria farmac\u00e9utica. Asimismo, Alonso cree que la farmacia espa\u00f1ola no ha sabido trasladar el gran valor social de su labor al conjunto de la sociedad, \u201cy sigue sin saber hacerlo\u201d.\u00a0\u00a0\u00a0Seguridad del paciente\u00a0Una segunda mesa redonda de la tarde de ayer analiz\u00f3 los errores en la medicaci\u00f3n y las herramientas con que cuenta la oficina de farmacia para su resoluci\u00f3n. Francisca Gonz\u00e1lez, m\u00e9dico de atenci\u00f3n primaria y colaboradora del Centro de Farmacovigilancia de Arag\u00f3n, destac\u00f3 el papel del farmac\u00e9utico como \u201cel \u00faltimo escal\u00f3n para detectar el error de prescripci\u00f3n y los efectos secundarios en el paciente\u201d. En este sentido, ampli\u00f3 esta responsabilidad a todos los profesionales sanitarios, inst\u00e1ndoles a estar \u201cm\u00e1s atentos\u201d a los posibles s\u00edntomas del paciente que puedan evidenciar estos errores en la medicaci\u00f3n.\u00a0Por su parte, Alfonso Dom\u00ednguez, catedr\u00e1tico de Tecnolog\u00eda Farmac\u00e9utica de la Universidad de Salamanca, enumer\u00f3 algunos de los errores m\u00e1s habituales en la medicaci\u00f3n, tales como falta de seguimiento, dosis elevada en f\u00e1rmacos con margen terap\u00e9utico limitado, escaso nivel de informaci\u00f3n al paciente o automedicaci\u00f3n incorrecta.\u00a0Respecto a este \u00faltimo punto, Dom\u00ednguez subray\u00f3 la figura del farmac\u00e9utico como \u201cconsultor sanitario\u201d y la importancia de que la formaci\u00f3n para controlar el uso de los medicamentos publicitarios.\u00a0En cuanto a la atenci\u00f3n a las personas mayores polimedicadas, Encarnaci\u00f3n Cruz, subdirectora general de Compras de Farmacia y Productos Sanitarios de la Comunidad de Madrid, puso de relieve que la acumulaci\u00f3n de tratamientos en este tipo de pacientes \u201cprovoca la aparici\u00f3n de interacciones o reacciones adversas que disminuye su efectividad\u201d.\u00a0Para evitar que se produzcan errores, Cruz record\u00f3 la importancia de la revisi\u00f3n peri\u00f3dica de los tratamientos de este tipo de pacientes, la coordinaci\u00f3n entre sanitarios y farmac\u00e9uticos, la implantaci\u00f3n de sistemas de ayuda para la utilizaci\u00f3n de medicamentos y la educaci\u00f3n sanitaria en la poblaci\u00f3n mayor.\u00a0Por \u00faltimo, Ana Mar\u00eda Molinero, farmac\u00e9utica comunitaria y miembro de la Red de Farmacias Centinelas de la Comunidad de Madrid, explic\u00f3 que el 75% de los problemas relacionados con la medicaci\u00f3n son evitables con un adecuado seguimiento farmacoterap\u00e9utico. En este sentido, Molinero destac\u00f3 la gran labor de la Red de Farmacias Centinelas, que se encarga de detectar, prevenir y notificar los problemas de seguridad o errores en el uso de los medicamentos, para as\u00ed poder reducir riesgos.\u00a0\u00a0\u00a0\u00a0Legalidad de las pr\u00e1cticas de negocio en la farmacia\u00a0La tercera y \u00faltima mesa redonda de la tarde de ayer en Infarma 2012, se dedic\u00f3 a analizar la legalidad de las pr\u00e1cticas de negocio en la oficina de farmacia. En ella, Jos\u00e9 Ignacio Vega, abogado del despacho Ram\u00f3n y Cajal Abogados, asegur\u00f3 que la farmacia contin\u00faa con su funci\u00f3n tradicional de dispensaci\u00f3n de medicamentos, pero manifest\u00f3 la necesidad, a su vez, de encontrar nuevas v\u00edas de negocio, \u201cque deben estar siempre dentro del marco legal\u201d.\u00a0Se refiri\u00f3, asimismo, a la posibilidad de ofrecer servicios de valor a\u00f1adido dentro de la oficina de farmacia, \u201cque en su mayor\u00eda son de financiaci\u00f3n privada y en los que los colegios de farmac\u00e9uticos no tienen cabida en el establecimiento de precios\u201d. En este sentido, declar\u00f3 que no existe un obst\u00e1culo legal que impida que se desarrollen estos servicios, pero s\u00ed existen acuerdos entre colegios y profesionales que regulan la actividad del farmac\u00e9utico.\u00a0Rosa Ortega, catedr\u00e1tica de Nutrici\u00f3n de la Universidad Complutense de Madrid, destac\u00f3 que el papel de la farmacia en el consejo diet\u00e9tico exige una amplia formaci\u00f3n en alimentaci\u00f3n y nutrici\u00f3n. Cada vez hay m\u00e1s demanda por parte de la poblaci\u00f3n de profesionales con conocimientos diet\u00e9ticos. Ortega reiter\u00f3 que los farmac\u00e9uticos cada vez tienen mayor formaci\u00f3n en nutrici\u00f3n, lo que redunda en una mejora sanitaria para la poblaci\u00f3n.\u00a0No obstante, alert\u00f3 sobre informaciones falsas sobre nutrici\u00f3n presentes en anuncios publicitarios y determinadas dietas. \u201cCasi todas las personas creemos saber sobre nutrici\u00f3n y diet\u00e9tica, cuando lo cierto es que incurrimos en creencias err\u00f3neas\u201d, a\u00f1adi\u00f3 Ortega. Por ello, el profesional farmac\u00e9utico debe tener una mayor implicaci\u00f3n en el \u00e1rea nutricional y romper con esas falsas creencias, atendiendo a una labor social y de consejero del paciente.\u00a0Por su parte, Caitlin Sorrell, directora europea de Alphega Farmacia, alert\u00f3 sobre el riesgo de la proliferaci\u00f3n de farmacias online, que en muchas ocasiones ofrecen \u201cmedicamentos falsificados\u201d. Sorrell manifest\u00f3 que en toda Europa hay problemas con la sanidad como el envejecimiento de la poblaci\u00f3n o la mayor incidencia de enfermedades cr\u00f3nicas, lo que ha provocado un aumento de las prescripciones del 5 por ciento.\u00a0Sin embargo, la bajada generalizada de precios puede llevar a que muchos medicamentos salgan fuera de la oficina de farmacia y se ponga en peligro el papel asistencial del farmac\u00e9utico. Para Sorrell, la labor del farmac\u00e9utico tiene un alto valor a\u00f1adido y, adem\u00e1s, contribuye a disminuir la presi\u00f3n asistencial sobre los sistemas de sanidad.\u00a0\u00a0\u00a0\u00a0Infarma 2012\u00a0Durante tres d\u00edas el recinto ferial de Ifema acoger\u00e1 a m\u00e1s de 300 laboratorios y empresas del sector farmac\u00e9utico participan en un Sal\u00f3n y Congreso que abarcar\u00e1 un espacio de 9.000 metros cuadrados \u00fatiles. La superficie contratada de exposici\u00f3n comercial por los 180 expositores es de 6.500 metros cuadrados. La organizaci\u00f3n prev\u00e9 que m\u00e1s de 23.000 visitantes acudan a Ifema entre el 20 y 22 de marzo\u00a0\u00a0M\u00e1s informaci\u00f3n\u00a0Departamento de Comunicaci\u00f3n del COFM: 91 406 84 69\u00a0Sala de Prensa del COFM: 91 474 55 84 y 629 56 90 74\u00a0\u00a0COFB.ORG<\/p>\n","protected":false},"excerpt":{"rendered":"<p>\u00a0 \u00a0\u2022 El envejecimiento de la poblaci\u00f3n plantea retos y oportunidades para el desarrollo profesional de los farmac\u00e9uticos\u00a0 \u2022 La formaci\u00f3n acad\u00e9mica debe adecuarse a los nuevos roles del farmac\u00e9utico Madrid, 22 de marzo. La farmacia espa\u00f1ola tiene una ardua tarea por delante para mejorar su percepci\u00f3n entre otros profesionales [&hellip;]<\/p>\n","protected":false},"author":1,"featured_media":0,"comment_status":"","ping_status":"","sticky":false,"template":"","format":"standard","meta":{"_uag_custom_page_level_css":"","site-sidebar-layout":"default","site-content-layout":"","ast-site-content-layout":"default","site-content-style":"default","site-sidebar-style":"default","ast-global-header-display":"","ast-banner-title-visibility":"","ast-main-header-display":"","ast-hfb-above-header-display":"","ast-hfb-below-header-display":"","ast-hfb-mobile-header-display":"","site-post-title":"","ast-breadcrumbs-content":"","ast-featured-img":"disabled","footer-sml-layout":"","theme-transparent-header-meta":"","adv-header-id-meta":"","stick-header-meta":"","header-above-stick-meta":"","header-main-stick-meta":"","header-below-stick-meta":"","astra-migrate-meta-layouts":"default","ast-page-background-enabled":"default","ast-page-background-meta":{"desktop":{"background-color":"var(--ast-global-color-4)","background-image":"","background-repeat":"repeat","background-position":"center center","background-size":"auto","background-attachment":"scroll","background-type":"","background-media":"","overlay-type":"","overlay-color":"","overlay-opacity":"","overlay-gradient":""},"tablet":{"background-color":"","background-image":"","background-repeat":"repeat","background-position":"center center","background-size":"auto","background-attachment":"scroll","background-type":"","background-media":"","overlay-type":"","overlay-color":"","overlay-opacity":"","overlay-gradient":""},"mobile":{"background-color":"","background-image":"","background-repeat":"repeat","background-position":"center center","background-size":"auto","background-attachment":"scroll","background-type":"","background-media":"","overlay-type":"","overlay-color":"","overlay-opacity":"","overlay-gradient":""}},"ast-content-background-meta":{"desktop":{"background-color":"var(--ast-global-color-5)","background-image":"","background-repeat":"repeat","background-position":"center center","background-size":"auto","background-attachment":"scroll","background-type":"","background-media":"","overlay-type":"","overlay-color":"","overlay-opacity":"","overlay-gradient":""},"tablet":{"background-color":"var(--ast-global-color-5)","background-image":"","background-repeat":"repeat","background-position":"center center","background-size":"auto","background-attachment":"scroll","background-type":"","background-media":"","overlay-type":"","overlay-color":"","overlay-opacity":"","overlay-gradient":""},"mobile":{"background-color":"var(--ast-global-color-5)","background-image":"","background-repeat":"repeat","background-position":"center center","background-size":"auto","background-attachment":"scroll","background-type":"","background-media":"","overlay-type":"","overlay-color":"","overlay-opacity":"","overlay-gradient":""}},"footnotes":""},"categories":[1060,1066],"tags":[],"class_list":["post-77618","post","type-post","status-publish","format-standard","hentry","category-notes-premsa","category-sense-categoria-ca"],"yoast_head":"<!-- This site is optimized with the Yoast SEO plugin v22.4 - https:\/\/yoast.com\/wordpress\/plugins\/seo\/ -->\n<title>Infarma Madrid 2012. La farmacia espa\u00f1ola debe mejorar su percepci\u00f3n entre otros profesionales sanitarios y la sociedad - Col\u00b7legi de Farmac\u00e8utics de Barcelona<\/title>\n<meta name=\"robots\" content=\"index, follow, max-snippet:-1, max-image-preview:large, max-video-preview:-1\" \/>\n<link rel=\"canonical\" href=\"https:\/\/novaorg.cofb.net\/2012\/03\/22\/infarma-madrid-2012-la-farmacia-espanola-debe-mejorar-su-percepcion-entre-otros-profesionales-sanitarios-y-la-sociedad\/\" \/>\n<meta property=\"og:locale\" content=\"ca_ES\" \/>\n<meta property=\"og:type\" content=\"article\" \/>\n<meta property=\"og:title\" content=\"Infarma Madrid 2012. La farmacia espa\u00f1ola debe mejorar su percepci\u00f3n entre otros profesionales sanitarios y la sociedad - Col\u00b7legi de Farmac\u00e8utics de Barcelona\" \/>\n<meta property=\"og:description\" content=\"\u00a0 \u00a0\u2022 El envejecimiento de la poblaci\u00f3n plantea retos y oportunidades para el desarrollo profesional de los farmac\u00e9uticos\u00a0 \u2022 La formaci\u00f3n acad\u00e9mica debe adecuarse a los nuevos roles del farmac\u00e9utico Madrid, 22 de marzo. La farmacia espa\u00f1ola tiene una ardua tarea por delante para mejorar su percepci\u00f3n entre otros profesionales [&hellip;]\" \/>\n<meta property=\"og:url\" content=\"https:\/\/novaorg.cofb.net\/2012\/03\/22\/infarma-madrid-2012-la-farmacia-espanola-debe-mejorar-su-percepcion-entre-otros-profesionales-sanitarios-y-la-sociedad\/\" \/>\n<meta property=\"og:site_name\" content=\"Col\u00b7legi de Farmac\u00e8utics de Barcelona\" \/>\n<meta property=\"article:publisher\" content=\"https:\/\/www.facebook.com\/farmaceuticsbcn\/\" \/>\n<meta property=\"article:published_time\" content=\"2012-03-22T22:53:00+00:00\" \/>\n<meta name=\"author\" content=\"wpAdminCofbOrg\" \/>\n<meta name=\"twitter:card\" content=\"summary_large_image\" \/>\n<meta name=\"twitter:creator\" content=\"@farmaceuticsbcn\" \/>\n<meta name=\"twitter:site\" content=\"@farmaceuticsbcn\" \/>\n<meta name=\"twitter:label1\" content=\"Escrit per\" \/>\n\t<meta name=\"twitter:data1\" content=\"wpAdminCofbOrg\" \/>\n\t<meta name=\"twitter:label2\" content=\"Temps estimat de lectura\" \/>\n\t<meta name=\"twitter:data2\" content=\"16 minuts\" \/>\n<script type=\"application\/ld+json\" class=\"yoast-schema-graph\">{\"@context\":\"https:\/\/schema.org\",\"@graph\":[{\"@type\":\"Article\",\"@id\":\"https:\/\/novaorg.cofb.net\/2012\/03\/22\/infarma-madrid-2012-la-farmacia-espanola-debe-mejorar-su-percepcion-entre-otros-profesionales-sanitarios-y-la-sociedad\/#article\",\"isPartOf\":{\"@id\":\"https:\/\/novaorg.cofb.net\/2012\/03\/22\/infarma-madrid-2012-la-farmacia-espanola-debe-mejorar-su-percepcion-entre-otros-profesionales-sanitarios-y-la-sociedad\/\"},\"author\":{\"name\":\"wpAdminCofbOrg\",\"@id\":\"https:\/\/www.cofb.org\/#\/schema\/person\/22ed7eea88da74b0fa4d3154ad87ffcb\"},\"headline\":\"Infarma Madrid 2012. La farmacia espa\u00f1ola debe mejorar su percepci\u00f3n entre otros profesionales sanitarios y la sociedad\",\"datePublished\":\"2012-03-22T22:53:00+00:00\",\"dateModified\":\"2012-03-22T22:53:00+00:00\",\"mainEntityOfPage\":{\"@id\":\"https:\/\/novaorg.cofb.net\/2012\/03\/22\/infarma-madrid-2012-la-farmacia-espanola-debe-mejorar-su-percepcion-entre-otros-profesionales-sanitarios-y-la-sociedad\/\"},\"wordCount\":3137,\"publisher\":{\"@id\":\"https:\/\/www.cofb.org\/#organization\"},\"articleSection\":[\"Notes de premsa\"],\"inLanguage\":\"ca\"},{\"@type\":\"WebPage\",\"@id\":\"https:\/\/novaorg.cofb.net\/2012\/03\/22\/infarma-madrid-2012-la-farmacia-espanola-debe-mejorar-su-percepcion-entre-otros-profesionales-sanitarios-y-la-sociedad\/\",\"url\":\"https:\/\/novaorg.cofb.net\/2012\/03\/22\/infarma-madrid-2012-la-farmacia-espanola-debe-mejorar-su-percepcion-entre-otros-profesionales-sanitarios-y-la-sociedad\/\",\"name\":\"Infarma Madrid 2012. La farmacia espa\u00f1ola debe mejorar su percepci\u00f3n entre otros profesionales sanitarios y la sociedad - Col\u00b7legi de Farmac\u00e8utics de Barcelona\",\"isPartOf\":{\"@id\":\"https:\/\/www.cofb.org\/#website\"},\"datePublished\":\"2012-03-22T22:53:00+00:00\",\"dateModified\":\"2012-03-22T22:53:00+00:00\",\"breadcrumb\":{\"@id\":\"https:\/\/novaorg.cofb.net\/2012\/03\/22\/infarma-madrid-2012-la-farmacia-espanola-debe-mejorar-su-percepcion-entre-otros-profesionales-sanitarios-y-la-sociedad\/#breadcrumb\"},\"inLanguage\":\"ca\",\"potentialAction\":[{\"@type\":\"ReadAction\",\"target\":[\"https:\/\/novaorg.cofb.net\/2012\/03\/22\/infarma-madrid-2012-la-farmacia-espanola-debe-mejorar-su-percepcion-entre-otros-profesionales-sanitarios-y-la-sociedad\/\"]}]},{\"@type\":\"BreadcrumbList\",\"@id\":\"https:\/\/novaorg.cofb.net\/2012\/03\/22\/infarma-madrid-2012-la-farmacia-espanola-debe-mejorar-su-percepcion-entre-otros-profesionales-sanitarios-y-la-sociedad\/#breadcrumb\",\"itemListElement\":[{\"@type\":\"ListItem\",\"position\":1,\"name\":\"Inici\",\"item\":\"https:\/\/novaorg.cofb.net\/\"},{\"@type\":\"ListItem\",\"position\":2,\"name\":\"Infarma Madrid 2012. La farmacia espa\u00f1ola debe mejorar su percepci\u00f3n entre otros profesionales sanitarios y la sociedad\"}]},{\"@type\":\"WebSite\",\"@id\":\"https:\/\/www.cofb.org\/#website\",\"url\":\"https:\/\/www.cofb.org\/\",\"name\":\"Col\u00b7legi de Farmac\u00e8utics de Barcelona\",\"description\":\"\",\"publisher\":{\"@id\":\"https:\/\/www.cofb.org\/#organization\"},\"potentialAction\":[{\"@type\":\"SearchAction\",\"target\":{\"@type\":\"EntryPoint\",\"urlTemplate\":\"https:\/\/www.cofb.org\/?s={search_term_string}\"},\"query-input\":\"required name=search_term_string\"}],\"inLanguage\":\"ca\"},{\"@type\":\"Organization\",\"@id\":\"https:\/\/www.cofb.org\/#organization\",\"name\":\"Col\u00b7legi de Farmac\u00e8utics de Barcelona\",\"url\":\"https:\/\/www.cofb.org\/\",\"logo\":{\"@type\":\"ImageObject\",\"inLanguage\":\"ca\",\"@id\":\"https:\/\/www.cofb.org\/#\/schema\/logo\/image\/\",\"url\":\"https:\/\/www.cofb.org\/wp-content\/uploads\/2023\/11\/cropped-Logotip-COFB.png\",\"contentUrl\":\"https:\/\/www.cofb.org\/wp-content\/uploads\/2023\/11\/cropped-Logotip-COFB.png\",\"width\":500,\"height\":105,\"caption\":\"Col\u00b7legi de Farmac\u00e8utics de Barcelona\"},\"image\":{\"@id\":\"https:\/\/www.cofb.org\/#\/schema\/logo\/image\/\"},\"sameAs\":[\"https:\/\/www.facebook.com\/farmaceuticsbcn\/\",\"https:\/\/twitter.com\/farmaceuticsbcn\",\"https:\/\/www.instagram.com\/farmaceuticsbcn\/\",\"https:\/\/www.linkedin.com\/company\/farmaceuticsbcn\/\"]},{\"@type\":\"Person\",\"@id\":\"https:\/\/www.cofb.org\/#\/schema\/person\/22ed7eea88da74b0fa4d3154ad87ffcb\",\"name\":\"wpAdminCofbOrg\",\"image\":{\"@type\":\"ImageObject\",\"inLanguage\":\"ca\",\"@id\":\"https:\/\/www.cofb.org\/#\/schema\/person\/image\/\",\"url\":\"https:\/\/secure.gravatar.com\/avatar\/1721b20b3b8ca882c3b56ec6c978c594fff670e40c0718e9190eaeeb76aae7d8?s=96&d=mm&r=g\",\"contentUrl\":\"https:\/\/secure.gravatar.com\/avatar\/1721b20b3b8ca882c3b56ec6c978c594fff670e40c0718e9190eaeeb76aae7d8?s=96&d=mm&r=g\",\"caption\":\"wpAdminCofbOrg\"},\"sameAs\":[\"http:\/\/192.168.64.122\/wordpress\"],\"url\":\"https:\/\/www.cofb.org\/ca\/author\/wpadmincofborg\/\"}]}<\/script>\n<!-- \/ Yoast SEO plugin. -->","yoast_head_json":{"title":"Infarma Madrid 2012. La farmacia espa\u00f1ola debe mejorar su percepci\u00f3n entre otros profesionales sanitarios y la sociedad - Col\u00b7legi de Farmac\u00e8utics de Barcelona","robots":{"index":"index","follow":"follow","max-snippet":"max-snippet:-1","max-image-preview":"max-image-preview:large","max-video-preview":"max-video-preview:-1"},"canonical":"https:\/\/novaorg.cofb.net\/2012\/03\/22\/infarma-madrid-2012-la-farmacia-espanola-debe-mejorar-su-percepcion-entre-otros-profesionales-sanitarios-y-la-sociedad\/","og_locale":"ca_ES","og_type":"article","og_title":"Infarma Madrid 2012. La farmacia espa\u00f1ola debe mejorar su percepci\u00f3n entre otros profesionales sanitarios y la sociedad - Col\u00b7legi de Farmac\u00e8utics de Barcelona","og_description":"\u00a0 \u00a0\u2022 El envejecimiento de la poblaci\u00f3n plantea retos y oportunidades para el desarrollo profesional de los farmac\u00e9uticos\u00a0 \u2022 La formaci\u00f3n acad\u00e9mica debe adecuarse a los nuevos roles del farmac\u00e9utico Madrid, 22 de marzo. La farmacia espa\u00f1ola tiene una ardua tarea por delante para mejorar su percepci\u00f3n entre otros profesionales [&hellip;]","og_url":"https:\/\/novaorg.cofb.net\/2012\/03\/22\/infarma-madrid-2012-la-farmacia-espanola-debe-mejorar-su-percepcion-entre-otros-profesionales-sanitarios-y-la-sociedad\/","og_site_name":"Col\u00b7legi de Farmac\u00e8utics de Barcelona","article_publisher":"https:\/\/www.facebook.com\/farmaceuticsbcn\/","article_published_time":"2012-03-22T22:53:00+00:00","author":"wpAdminCofbOrg","twitter_card":"summary_large_image","twitter_creator":"@farmaceuticsbcn","twitter_site":"@farmaceuticsbcn","twitter_misc":{"Escrit per":"wpAdminCofbOrg","Temps estimat de lectura":"16 minuts"},"schema":{"@context":"https:\/\/schema.org","@graph":[{"@type":"Article","@id":"https:\/\/novaorg.cofb.net\/2012\/03\/22\/infarma-madrid-2012-la-farmacia-espanola-debe-mejorar-su-percepcion-entre-otros-profesionales-sanitarios-y-la-sociedad\/#article","isPartOf":{"@id":"https:\/\/novaorg.cofb.net\/2012\/03\/22\/infarma-madrid-2012-la-farmacia-espanola-debe-mejorar-su-percepcion-entre-otros-profesionales-sanitarios-y-la-sociedad\/"},"author":{"name":"wpAdminCofbOrg","@id":"https:\/\/www.cofb.org\/#\/schema\/person\/22ed7eea88da74b0fa4d3154ad87ffcb"},"headline":"Infarma Madrid 2012. La farmacia espa\u00f1ola debe mejorar su percepci\u00f3n entre otros profesionales sanitarios y la sociedad","datePublished":"2012-03-22T22:53:00+00:00","dateModified":"2012-03-22T22:53:00+00:00","mainEntityOfPage":{"@id":"https:\/\/novaorg.cofb.net\/2012\/03\/22\/infarma-madrid-2012-la-farmacia-espanola-debe-mejorar-su-percepcion-entre-otros-profesionales-sanitarios-y-la-sociedad\/"},"wordCount":3137,"publisher":{"@id":"https:\/\/www.cofb.org\/#organization"},"articleSection":["Notes de premsa"],"inLanguage":"ca"},{"@type":"WebPage","@id":"https:\/\/novaorg.cofb.net\/2012\/03\/22\/infarma-madrid-2012-la-farmacia-espanola-debe-mejorar-su-percepcion-entre-otros-profesionales-sanitarios-y-la-sociedad\/","url":"https:\/\/novaorg.cofb.net\/2012\/03\/22\/infarma-madrid-2012-la-farmacia-espanola-debe-mejorar-su-percepcion-entre-otros-profesionales-sanitarios-y-la-sociedad\/","name":"Infarma Madrid 2012. La farmacia espa\u00f1ola debe mejorar su percepci\u00f3n entre otros profesionales sanitarios y la sociedad - Col\u00b7legi de Farmac\u00e8utics de Barcelona","isPartOf":{"@id":"https:\/\/www.cofb.org\/#website"},"datePublished":"2012-03-22T22:53:00+00:00","dateModified":"2012-03-22T22:53:00+00:00","breadcrumb":{"@id":"https:\/\/novaorg.cofb.net\/2012\/03\/22\/infarma-madrid-2012-la-farmacia-espanola-debe-mejorar-su-percepcion-entre-otros-profesionales-sanitarios-y-la-sociedad\/#breadcrumb"},"inLanguage":"ca","potentialAction":[{"@type":"ReadAction","target":["https:\/\/novaorg.cofb.net\/2012\/03\/22\/infarma-madrid-2012-la-farmacia-espanola-debe-mejorar-su-percepcion-entre-otros-profesionales-sanitarios-y-la-sociedad\/"]}]},{"@type":"BreadcrumbList","@id":"https:\/\/novaorg.cofb.net\/2012\/03\/22\/infarma-madrid-2012-la-farmacia-espanola-debe-mejorar-su-percepcion-entre-otros-profesionales-sanitarios-y-la-sociedad\/#breadcrumb","itemListElement":[{"@type":"ListItem","position":1,"name":"Inici","item":"https:\/\/novaorg.cofb.net\/"},{"@type":"ListItem","position":2,"name":"Infarma Madrid 2012. La farmacia espa\u00f1ola debe mejorar su percepci\u00f3n entre otros profesionales sanitarios y la sociedad"}]},{"@type":"WebSite","@id":"https:\/\/www.cofb.org\/#website","url":"https:\/\/www.cofb.org\/","name":"Col\u00b7legi de Farmac\u00e8utics de Barcelona","description":"","publisher":{"@id":"https:\/\/www.cofb.org\/#organization"},"potentialAction":[{"@type":"SearchAction","target":{"@type":"EntryPoint","urlTemplate":"https:\/\/www.cofb.org\/?s={search_term_string}"},"query-input":"required name=search_term_string"}],"inLanguage":"ca"},{"@type":"Organization","@id":"https:\/\/www.cofb.org\/#organization","name":"Col\u00b7legi de Farmac\u00e8utics de Barcelona","url":"https:\/\/www.cofb.org\/","logo":{"@type":"ImageObject","inLanguage":"ca","@id":"https:\/\/www.cofb.org\/#\/schema\/logo\/image\/","url":"https:\/\/www.cofb.org\/wp-content\/uploads\/2023\/11\/cropped-Logotip-COFB.png","contentUrl":"https:\/\/www.cofb.org\/wp-content\/uploads\/2023\/11\/cropped-Logotip-COFB.png","width":500,"height":105,"caption":"Col\u00b7legi de Farmac\u00e8utics de Barcelona"},"image":{"@id":"https:\/\/www.cofb.org\/#\/schema\/logo\/image\/"},"sameAs":["https:\/\/www.facebook.com\/farmaceuticsbcn\/","https:\/\/twitter.com\/farmaceuticsbcn","https:\/\/www.instagram.com\/farmaceuticsbcn\/","https:\/\/www.linkedin.com\/company\/farmaceuticsbcn\/"]},{"@type":"Person","@id":"https:\/\/www.cofb.org\/#\/schema\/person\/22ed7eea88da74b0fa4d3154ad87ffcb","name":"wpAdminCofbOrg","image":{"@type":"ImageObject","inLanguage":"ca","@id":"https:\/\/www.cofb.org\/#\/schema\/person\/image\/","url":"https:\/\/secure.gravatar.com\/avatar\/1721b20b3b8ca882c3b56ec6c978c594fff670e40c0718e9190eaeeb76aae7d8?s=96&d=mm&r=g","contentUrl":"https:\/\/secure.gravatar.com\/avatar\/1721b20b3b8ca882c3b56ec6c978c594fff670e40c0718e9190eaeeb76aae7d8?s=96&d=mm&r=g","caption":"wpAdminCofbOrg"},"sameAs":["http:\/\/192.168.64.122\/wordpress"],"url":"https:\/\/www.cofb.org\/ca\/author\/wpadmincofborg\/"}]}},"uagb_featured_image_src":{"full":false,"thumbnail":false,"medium":false,"medium_large":false,"large":false,"1536x1536":false,"2048x2048":false,"trp-custom-language-flag":false},"uagb_author_info":{"display_name":"wpAdminCofbOrg","author_link":"https:\/\/www.cofb.org\/ca\/author\/wpadmincofborg\/"},"uagb_comment_info":0,"uagb_excerpt":"\u00a0 \u00a0\u2022 El envejecimiento de la poblaci\u00f3n plantea retos y oportunidades para el desarrollo profesional de los farmac\u00e9uticos\u00a0 \u2022 La formaci\u00f3n acad\u00e9mica debe adecuarse a los nuevos roles del farmac\u00e9utico Madrid, 22 de marzo. La farmacia espa\u00f1ola tiene una ardua tarea por delante para mejorar su percepci\u00f3n entre otros profesionales [&hellip;]","_links":{"self":[{"href":"https:\/\/www.cofb.org\/ca\/wp-json\/wp\/v2\/posts\/77618","targetHints":{"allow":["GET"]}}],"collection":[{"href":"https:\/\/www.cofb.org\/ca\/wp-json\/wp\/v2\/posts"}],"about":[{"href":"https:\/\/www.cofb.org\/ca\/wp-json\/wp\/v2\/types\/post"}],"author":[{"embeddable":true,"href":"https:\/\/www.cofb.org\/ca\/wp-json\/wp\/v2\/users\/1"}],"replies":[{"embeddable":true,"href":"https:\/\/www.cofb.org\/ca\/wp-json\/wp\/v2\/comments?post=77618"}],"version-history":[{"count":0,"href":"https:\/\/www.cofb.org\/ca\/wp-json\/wp\/v2\/posts\/77618\/revisions"}],"wp:attachment":[{"href":"https:\/\/www.cofb.org\/ca\/wp-json\/wp\/v2\/media?parent=77618"}],"wp:term":[{"taxonomy":"category","embeddable":true,"href":"https:\/\/www.cofb.org\/ca\/wp-json\/wp\/v2\/categories?post=77618"},{"taxonomy":"post_tag","embeddable":true,"href":"https:\/\/www.cofb.org\/ca\/wp-json\/wp\/v2\/tags?post=77618"}],"curies":[{"name":"wp","href":"https:\/\/api.w.org\/{rel}","templated":true}]}}